{"id":9583,"date":"2024-04-16T15:47:38","date_gmt":"2024-04-16T13:47:38","guid":{"rendered":"https:\/\/www.saint-paul-angouleme.fr\/application\/?p=9583"},"modified":"2024-04-16T15:47:43","modified_gmt":"2024-04-16T13:47:43","slug":"cinema-italien-deux-films-visionnes-au-megarama","status":"publish","type":"post","link":"https:\/\/www.saint-paul-angouleme.fr\/application\/cinema-italien-deux-films-visionnes-au-megarama\/","title":{"rendered":"Cin\u00e9ma Italien : retour sur les films visionn\u00e9s"},"content":{"rendered":"\n<figure class=\"wp-block-image size-large\"><img loading=\"lazy\" decoding=\"async\" width=\"1024\" height=\"372\" src=\"https:\/\/www.saint-paul-angouleme.fr\/application\/wp-content\/uploads\/2024\/04\/lenlevement-2-anna-camerlingo-2023-tous-droits-reserves-ibc-movie-kavac-film-ad-vitam-production-match-factory-productions-arte-france-cinema-scaled-e1698745010388-1024x372.jpg\" alt=\"Image cin\u00e9ma italien, film Rapito\" class=\"wp-image-9584\" srcset=\"https:\/\/www.saint-paul-angouleme.fr\/application\/wp-content\/uploads\/2024\/04\/lenlevement-2-anna-camerlingo-2023-tous-droits-reserves-ibc-movie-kavac-film-ad-vitam-production-match-factory-productions-arte-france-cinema-scaled-e1698745010388-1024x372.jpg 1024w, https:\/\/www.saint-paul-angouleme.fr\/application\/wp-content\/uploads\/2024\/04\/lenlevement-2-anna-camerlingo-2023-tous-droits-reserves-ibc-movie-kavac-film-ad-vitam-production-match-factory-productions-arte-france-cinema-scaled-e1698745010388-300x109.jpg 300w, https:\/\/www.saint-paul-angouleme.fr\/application\/wp-content\/uploads\/2024\/04\/lenlevement-2-anna-camerlingo-2023-tous-droits-reserves-ibc-movie-kavac-film-ad-vitam-production-match-factory-productions-arte-france-cinema-scaled-e1698745010388-768x279.jpg 768w, https:\/\/www.saint-paul-angouleme.fr\/application\/wp-content\/uploads\/2024\/04\/lenlevement-2-anna-camerlingo-2023-tous-droits-reserves-ibc-movie-kavac-film-ad-vitam-production-match-factory-productions-arte-france-cinema-scaled-e1698745010388-1536x558.jpg 1536w, https:\/\/www.saint-paul-angouleme.fr\/application\/wp-content\/uploads\/2024\/04\/lenlevement-2-anna-camerlingo-2023-tous-droits-reserves-ibc-movie-kavac-film-ad-vitam-production-match-factory-productions-arte-france-cinema-scaled-e1698745010388-2048x744.jpg 2048w\" sizes=\"(max-width: 1024px) 100vw, 1024px\" \/><figcaption><a href=\"https:\/\/www.cinemamed.be\/seance-speciale-rapito\/\" target=\"_blank\" rel=\"noreferrer noopener\">https:\/\/www.cinemamed.be\/seance-speciale-rapito\/<\/a><\/figcaption><\/figure>\n\n\n\n<p>Le vendredi 16 f\u00e9vrier 2024, nos \u00e9l\u00e8ves d&#8217;Italien LVB et LVC de premi\u00e8re et terminale sont au M\u00e9garama de Garat afin de regarder des films italiens (in italiano certo). Mme BOUTANTIN, leur professeur, les accompagne. C&#8217;est une journ\u00e9e &#8220;cin\u00e9ma italien&#8221; et deux films sont \u00e0 l&#8217;affiche : &#8220;Rapito&#8221; (&#8220;L&#8217;enl\u00e8vement&#8221;) de <a href=\"https:\/\/www.cinematheque.fr\/cycle\/marco-bellocchio-370.html\" target=\"_blank\" rel=\"noreferrer noopener\">Marco BELLOCHIO<\/a> et &#8220;L&#8217;ultima notte di amore&#8221; de <a href=\"https:\/\/www.premiere.fr\/Star\/Andrea-Di-Stefano\" target=\"_blank\" rel=\"noreferrer noopener\">Andrea di STEFANO<\/a>. Les \u00e9l\u00e8ves visionnent les films puis \u00e9crivent leurs impressions en quelques lignes, en fran\u00e7ais et en italien.<\/p>\n\n\n\n<h3 class=\"wp-block-heading\">Cin\u00e9ma italien : &#8220;RAPITO&#8221;, s\u00e9lection officielle de Cannes 2023<\/h3>\n\n\n\n<p>Voici tout d&#8217;abord le &#8220;pitch&#8221; du film : <\/p>\n\n\n\n<div class=\"wp-block-group\"><div class=\"wp-block-group__inner-container is-layout-flow wp-block-group-is-layout-flow\">\n<div class=\"wp-block-group\"><div class=\"wp-block-group__inner-container is-layout-flow wp-block-group-is-layout-flow\">\n<p>&#8220;<em>Rapito<\/em> nous emm\u00e8ne en 1858, dans le quartier juif de Bologne. La famille Mortara a de nombreux enfants, entour\u00e9s par leurs parents bienveillants et aimants. Ils m\u00e8nent une vie paisible et partagent les valeurs du juda\u00efsme. Chaque soir, ils r\u00e9citent la pri\u00e8re du &#8220;Shema Isra\u00ebl&#8221;. <\/p>\n\n\n\n<p>Nous sommes immerg\u00e9s dans le quotidien des communaut\u00e9s juives d\u2019Italie. Marco Bellocchio nous r\u00e9v\u00e8le un chapitre m\u00e9connu de la pers\u00e9cution des Juifs dans la p\u00e9ninsule.  Des soldats de l\u2019Inquisition font irruption chez la famille Mortara et font r\u00e9veiller les enfants qui dorment d\u00e9j\u00e0. Sur ordre du cardinal, ils prennent Edgardo, leur fils de six ans. L\u2019enfant aurait \u00e9t\u00e9 baptis\u00e9 en secret par sa nourrice \u00e9tant b\u00e9b\u00e9 et, en vertu de la loi papale en vigueur, une famille juive ne peut \u00e9lever un enfant catholique. Au titre de cette \u00ab conversion \u00bb, Edgardo doit donc \u00eatre plac\u00e9 dans un monast\u00e8re \u00e0 Rome pour y \u00eatre \u00e9duqu\u00e9.<\/p>\n\n\n\n<p>Les parents demandent des explications, des preuves mais l\u2019ordre papal est cat\u00e9gorique : le bapt\u00eame ne fait nul doute ! Les parents d\u2019Edgardo, boulevers\u00e9s, vont tout faire pour r\u00e9cup\u00e9rer leur fils. Soutenus par l\u2019opinion publique de l\u2019Italie lib\u00e9rale et par la communaut\u00e9 juive internationale, inform\u00e9e de l\u2019affaire Motara jusqu\u2019aux \u00c9tats-Unis, leur combat prend vite une dimension politique. Mais l\u2019\u00c9glise et le Pape Pie IX (Paolo Pierobon) refusent de rendre l\u2019enfant, pour asseoir un pouvoir de plus en plus vacillant. &#8221; (d&#8217;apr\u00e8s : <a href=\"https:\/\/j-mag.ch\/cannes-2023-le-film-rapito-lenlevement-realise-par-le-cineaste-italien-marco-bellocchio-et-presente-en-competition-relate-lenlevement-dun-enfant-dune-famille-juive-d\/\" target=\"_blank\" rel=\"noreferrer noopener\">https:\/\/j-mag.ch\/cannes-2023-le-film-rapito-lenlevement-realise-par-le-cineaste-italien-marco-bellocchio-et-presente-en-competition-relate-lenlevement-dun-enfant-dune-famille-juive-d\/<\/a>).<\/p>\n<\/div><\/div>\n<\/div><\/div>\n\n\n\n<p><\/p>\n\n\n\n<p><\/p>\n\n\n\n<figure class=\"wp-block-embed aligncenter is-type-video is-provider-youtube wp-block-embed-youtube\"><div style=\"display: contents;\" >\n<div class=\"arve\" data-mode=\"normal\" data-oembed=\"1\" data-provider=\"youtube\" id=\"arve-youtube-plbm-8m8ax8\">\n<div class=\"arve-inner\">\n<div class=\"arve-embed arve-embed--has-aspect-ratio\">\n<span class=\"arve-ar\" style=\"padding-top:56.250000%\"><\/span><iframe credentialless referrerpolicy=\"strict-origin-when-cross-origin\" allow=\"accelerometer &#039;none&#039;;ambient-light-sensor &#039;none&#039;;autoplay &#039;none&#039;;battery &#039;none&#039;;bluetooth &#039;none&#039;;browsing-topics &#039;none&#039;;camera &#039;none&#039;;ch-ua &#039;none&#039;;clipboard-read &#039;none&#039;;clipboard-write;display-capture &#039;none&#039;;document-domain &#039;none&#039;;domain-agent &#039;none&#039;;encrypted-media &#039;none&#039;;execution-while-not-rendered &#039;none&#039;;execution-while-out-of-viewport &#039;none&#039;;gamepad &#039;none&#039;;geolocation &#039;none&#039;;gyroscope &#039;none&#039;;hid &#039;none&#039;;identity-credentials-get &#039;none&#039;;idle-detection &#039;none&#039;;keyboard-map &#039;none&#039;;local-fonts &#039;none&#039;;magnetometer &#039;none&#039;;microphone &#039;none&#039;;midi &#039;none&#039;;navigation-override &#039;none&#039;;otp-credentials &#039;none&#039;;payment &#039;none&#039;;picture-in-picture;publickey-credentials-create &#039;none&#039;;publickey-credentials-get &#039;none&#039;;screen-wake-lock &#039;none&#039;;serial &#039;none&#039;;speaker-selection;sync-xhr &#039;none&#039;;usb &#039;none&#039;;web-share;window-management &#039;none&#039;;xr-spatial-tracking &#039;none&#039;;\" allowfullscreen class=\"arve-iframe fitvidsignore\" data-arve=\"arve-youtube-plbm-8m8ax8\" data-src-no-ap=\"https:\/\/www.youtube-nocookie.com\/embed\/plbm-8m8ax8?feature=oembed&amp;iv_load_policy=3&amp;modestbranding=1&amp;rel=0&amp;autohide=1&amp;playsinline=0&amp;autoplay=0\" frameborder=\"0\" height=\"0\" name sandbox=\"allow-scripts allow-same-origin allow-presentation allow-popups allow-popups-to-escape-sandbox\" scrolling=\"no\" src=\"https:\/\/www.youtube-nocookie.com\/embed\/plbm-8m8ax8?feature=oembed&#038;iv_load_policy=3&#038;modestbranding=1&#038;rel=0&#038;autohide=1&#038;playsinline=0&#038;autoplay=0\" width=\"0\" title loading=\"lazy\"><\/iframe>\n\n<\/div>\n\n<\/div>\n<script type=\"application\/ld+json\">{\"@context\":\"http:\\\/\\\/schema.org\\\/\",\"@id\":\"https:\\\/\\\/www.saint-paul-angouleme.fr\\\/application\\\/cinema-italien-deux-films-visionnes-au-megarama\\\/#arve-youtube-plbm-8m8ax8\",\"type\":\"VideoObject\",\"embedURL\":\"https:\\\/\\\/www.youtube-nocookie.com\\\/embed\\\/plbm-8m8ax8?feature=oembed&iv_load_policy=3&modestbranding=1&rel=0&autohide=1&playsinline=0&autoplay=0\"}<\/script>\n<\/div>\n\n<\/div><\/figure>\n\n\n\n<p><\/p>\n\n\n\n<p>Et voici les impressions de nos \u00e9l\u00e8ves :<\/p>\n\n\n<div class=\"wp-block-image\">\n<figure class=\"aligncenter size-large\"><img loading=\"lazy\" decoding=\"async\" width=\"724\" height=\"1024\" src=\"https:\/\/www.saint-paul-angouleme.fr\/application\/wp-content\/uploads\/2024\/04\/Impressions-des-eleves-Rapito-di-Marco-Bellocchio1-724x1024.jpg\" alt=\"\" class=\"wp-image-9587\" srcset=\"https:\/\/www.saint-paul-angouleme.fr\/application\/wp-content\/uploads\/2024\/04\/Impressions-des-eleves-Rapito-di-Marco-Bellocchio1-724x1024.jpg 724w, https:\/\/www.saint-paul-angouleme.fr\/application\/wp-content\/uploads\/2024\/04\/Impressions-des-eleves-Rapito-di-Marco-Bellocchio1-212x300.jpg 212w, https:\/\/www.saint-paul-angouleme.fr\/application\/wp-content\/uploads\/2024\/04\/Impressions-des-eleves-Rapito-di-Marco-Bellocchio1-768x1086.jpg 768w, https:\/\/www.saint-paul-angouleme.fr\/application\/wp-content\/uploads\/2024\/04\/Impressions-des-eleves-Rapito-di-Marco-Bellocchio1-1086x1536.jpg 1086w, https:\/\/www.saint-paul-angouleme.fr\/application\/wp-content\/uploads\/2024\/04\/Impressions-des-eleves-Rapito-di-Marco-Bellocchio1.jpg 1240w\" sizes=\"(max-width: 724px) 100vw, 724px\" \/><\/figure><\/div>\n\n<div class=\"wp-block-image\">\n<figure class=\"aligncenter size-large\"><img loading=\"lazy\" decoding=\"async\" width=\"724\" height=\"1024\" src=\"https:\/\/www.saint-paul-angouleme.fr\/application\/wp-content\/uploads\/2024\/04\/Impressions-des-eleves-Rapito-di-Marco-Bellocchio2-724x1024.jpg\" alt=\"\" class=\"wp-image-9588\" srcset=\"https:\/\/www.saint-paul-angouleme.fr\/application\/wp-content\/uploads\/2024\/04\/Impressions-des-eleves-Rapito-di-Marco-Bellocchio2-724x1024.jpg 724w, https:\/\/www.saint-paul-angouleme.fr\/application\/wp-content\/uploads\/2024\/04\/Impressions-des-eleves-Rapito-di-Marco-Bellocchio2-212x300.jpg 212w, https:\/\/www.saint-paul-angouleme.fr\/application\/wp-content\/uploads\/2024\/04\/Impressions-des-eleves-Rapito-di-Marco-Bellocchio2-768x1086.jpg 768w, https:\/\/www.saint-paul-angouleme.fr\/application\/wp-content\/uploads\/2024\/04\/Impressions-des-eleves-Rapito-di-Marco-Bellocchio2-1086x1536.jpg 1086w, https:\/\/www.saint-paul-angouleme.fr\/application\/wp-content\/uploads\/2024\/04\/Impressions-des-eleves-Rapito-di-Marco-Bellocchio2.jpg 1240w\" sizes=\"(max-width: 724px) 100vw, 724px\" \/><\/figure><\/div>\n\n<div class=\"wp-block-image\">\n<figure class=\"aligncenter size-large is-resized\"><img loading=\"lazy\" decoding=\"async\" src=\"https:\/\/www.saint-paul-angouleme.fr\/application\/wp-content\/uploads\/2024\/04\/Impressions-des-eleves-Rapito-di-Marco-Bellocchio3-2-1024x462.jpg\" alt=\"\" class=\"wp-image-9592\" width=\"730\" height=\"328\" srcset=\"https:\/\/www.saint-paul-angouleme.fr\/application\/wp-content\/uploads\/2024\/04\/Impressions-des-eleves-Rapito-di-Marco-Bellocchio3-2-1024x462.jpg 1024w, https:\/\/www.saint-paul-angouleme.fr\/application\/wp-content\/uploads\/2024\/04\/Impressions-des-eleves-Rapito-di-Marco-Bellocchio3-2-300x135.jpg 300w\" sizes=\"(max-width: 730px) 100vw, 730px\" \/><\/figure><\/div>\n\n\n<h3 class=\"wp-block-heading\">Second film : &#8220;L&#8217;ultima notte di amore&#8221;<\/h3>\n\n\n\n<p><\/p>\n\n\n\n<p>Nous sommes ici dans un univers de cin\u00e9ma italien compl\u00e8tement diff\u00e9rent. Voici le synopsis : Franco Amore porte bien son nom. Il dit de lui-m\u00eame que, durant toute sa vie, il a toujours essay\u00e9 d\u2019\u00eatre un honn\u00eate homme, un policier qui, en 35 ans d\u2019une honorable carri\u00e8re, n\u2019a jamais tir\u00e9 sur personne. Ce sont en effet les mots qu\u2019il \u00e9crit pour le discours qu\u2019il tiendra au lendemain de sa derni\u00e8re nuit de service. Mais cette derni\u00e8re nuit sera plus longue et plus \u00e9prouvante qu\u2019il ne l\u2019imagine et mettra en danger tout ce qui compte \u00e0 ses yeux : son travail au service de l\u2019Etat, son amour pour sa femme Viviana, son amiti\u00e9 avec son coll\u00e8gue Dino, jusqu\u2019\u00e0 sa propre vie. Et c\u2019est durant cette m\u00eame nuit, dans les rues d\u2019un Milan qui ne semble jamais voir le jour, que tout va s\u2019encha\u00eener \u00e0 un rythme effr\u00e9n\u00e9. <\/p>\n\n\n\n<p>(Source : <a href=\"https:\/\/www.allocine.fr\/film\/fichefilm_gen_cfilm=304908.html\" target=\"_blank\" rel=\"noreferrer noopener\">https:\/\/www.allocine.fr\/film\/fichefilm_gen_cfilm=304908.html<\/a>)<\/p>\n\n\n<div class=\"wp-block-image\">\n<figure class=\"aligncenter size-full\"><img loading=\"lazy\" decoding=\"async\" width=\"500\" height=\"714\" src=\"https:\/\/www.saint-paul-angouleme.fr\/application\/wp-content\/uploads\/2024\/04\/l-ultima-notte-di-amore-Locandina-Affiche.jpg\" alt=\"Affiche cin\u00e9ma italien : &quot;L'ultima notte di amore&quot;\" class=\"wp-image-9598\" srcset=\"https:\/\/www.saint-paul-angouleme.fr\/application\/wp-content\/uploads\/2024\/04\/l-ultima-notte-di-amore-Locandina-Affiche.jpg 500w, https:\/\/www.saint-paul-angouleme.fr\/application\/wp-content\/uploads\/2024\/04\/l-ultima-notte-di-amore-Locandina-Affiche-210x300.jpg 210w\" sizes=\"(max-width: 500px) 100vw, 500px\" \/><\/figure><\/div>\n\n\n<p><\/p>\n\n\n\n<figure class=\"wp-block-embed aligncenter is-type-video is-provider-youtube wp-block-embed-youtube\"><div style=\"display: contents;\" >\n<div class=\"arve\" data-mode=\"normal\" data-oembed=\"1\" data-provider=\"youtube\" id=\"arve-youtube-s4tyv2npd4i\">\n<div class=\"arve-inner\">\n<div class=\"arve-embed arve-embed--has-aspect-ratio\">\n<span class=\"arve-ar\" style=\"padding-top:56.250000%\"><\/span><iframe credentialless referrerpolicy=\"strict-origin-when-cross-origin\" allow=\"accelerometer &#039;none&#039;;ambient-light-sensor &#039;none&#039;;autoplay &#039;none&#039;;battery &#039;none&#039;;bluetooth &#039;none&#039;;browsing-topics &#039;none&#039;;camera &#039;none&#039;;ch-ua &#039;none&#039;;clipboard-read &#039;none&#039;;clipboard-write;display-capture &#039;none&#039;;document-domain &#039;none&#039;;domain-agent &#039;none&#039;;encrypted-media &#039;none&#039;;execution-while-not-rendered &#039;none&#039;;execution-while-out-of-viewport &#039;none&#039;;gamepad &#039;none&#039;;geolocation &#039;none&#039;;gyroscope &#039;none&#039;;hid &#039;none&#039;;identity-credentials-get &#039;none&#039;;idle-detection &#039;none&#039;;keyboard-map &#039;none&#039;;local-fonts &#039;none&#039;;magnetometer &#039;none&#039;;microphone &#039;none&#039;;midi &#039;none&#039;;navigation-override &#039;none&#039;;otp-credentials &#039;none&#039;;payment &#039;none&#039;;picture-in-picture;publickey-credentials-create &#039;none&#039;;publickey-credentials-get &#039;none&#039;;screen-wake-lock &#039;none&#039;;serial &#039;none&#039;;speaker-selection;sync-xhr &#039;none&#039;;usb &#039;none&#039;;web-share;window-management &#039;none&#039;;xr-spatial-tracking &#039;none&#039;;\" allowfullscreen class=\"arve-iframe fitvidsignore\" data-arve=\"arve-youtube-s4tyv2npd4i\" data-src-no-ap=\"https:\/\/www.youtube-nocookie.com\/embed\/S4tyV2NPD4I?feature=oembed&amp;iv_load_policy=3&amp;modestbranding=1&amp;rel=0&amp;autohide=1&amp;playsinline=0&amp;autoplay=0\" frameborder=\"0\" height=\"0\" name sandbox=\"allow-scripts allow-same-origin allow-presentation allow-popups allow-popups-to-escape-sandbox\" scrolling=\"no\" src=\"https:\/\/www.youtube-nocookie.com\/embed\/S4tyV2NPD4I?feature=oembed&#038;iv_load_policy=3&#038;modestbranding=1&#038;rel=0&#038;autohide=1&#038;playsinline=0&#038;autoplay=0\" width=\"0\" title loading=\"lazy\"><\/iframe>\n\n<\/div>\n\n<\/div>\n<script type=\"application\/ld+json\">{\"@context\":\"http:\\\/\\\/schema.org\\\/\",\"@id\":\"https:\\\/\\\/www.saint-paul-angouleme.fr\\\/application\\\/cinema-italien-deux-films-visionnes-au-megarama\\\/#arve-youtube-s4tyv2npd4i\",\"type\":\"VideoObject\",\"embedURL\":\"https:\\\/\\\/www.youtube-nocookie.com\\\/embed\\\/S4tyV2NPD4I?feature=oembed&iv_load_policy=3&modestbranding=1&rel=0&autohide=1&playsinline=0&autoplay=0\"}<\/script>\n<\/div>\n\n<\/div><\/figure>\n\n\n\n<p>Et voici les impressions de nos \u00e9l\u00e8ves :<\/p>\n\n\n\n<figure class=\"wp-block-image size-large\"><img loading=\"lazy\" decoding=\"async\" width=\"724\" height=\"1024\" src=\"https:\/\/www.saint-paul-angouleme.fr\/application\/wp-content\/uploads\/2024\/04\/Impressions-des-eleves-Ultima-notte-di-Amore1-724x1024.jpg\" alt=\"\" class=\"wp-image-9599\" srcset=\"https:\/\/www.saint-paul-angouleme.fr\/application\/wp-content\/uploads\/2024\/04\/Impressions-des-eleves-Ultima-notte-di-Amore1-724x1024.jpg 724w, https:\/\/www.saint-paul-angouleme.fr\/application\/wp-content\/uploads\/2024\/04\/Impressions-des-eleves-Ultima-notte-di-Amore1-212x300.jpg 212w, https:\/\/www.saint-paul-angouleme.fr\/application\/wp-content\/uploads\/2024\/04\/Impressions-des-eleves-Ultima-notte-di-Amore1-768x1086.jpg 768w, https:\/\/www.saint-paul-angouleme.fr\/application\/wp-content\/uploads\/2024\/04\/Impressions-des-eleves-Ultima-notte-di-Amore1-1086x1536.jpg 1086w, https:\/\/www.saint-paul-angouleme.fr\/application\/wp-content\/uploads\/2024\/04\/Impressions-des-eleves-Ultima-notte-di-Amore1.jpg 1240w\" sizes=\"(max-width: 724px) 100vw, 724px\" \/><\/figure>\n\n\n\n<p><\/p>\n\n\n\n<figure class=\"wp-block-image size-large\"><img loading=\"lazy\" decoding=\"async\" width=\"724\" height=\"1024\" src=\"https:\/\/www.saint-paul-angouleme.fr\/application\/wp-content\/uploads\/2024\/04\/Impressions-des-eleves-Ultima-notte-di-Amore2-724x1024.jpg\" alt=\"\" class=\"wp-image-9600\" srcset=\"https:\/\/www.saint-paul-angouleme.fr\/application\/wp-content\/uploads\/2024\/04\/Impressions-des-eleves-Ultima-notte-di-Amore2-724x1024.jpg 724w, https:\/\/www.saint-paul-angouleme.fr\/application\/wp-content\/uploads\/2024\/04\/Impressions-des-eleves-Ultima-notte-di-Amore2-212x300.jpg 212w, https:\/\/www.saint-paul-angouleme.fr\/application\/wp-content\/uploads\/2024\/04\/Impressions-des-eleves-Ultima-notte-di-Amore2-768x1086.jpg 768w, https:\/\/www.saint-paul-angouleme.fr\/application\/wp-content\/uploads\/2024\/04\/Impressions-des-eleves-Ultima-notte-di-Amore2-1086x1536.jpg 1086w, https:\/\/www.saint-paul-angouleme.fr\/application\/wp-content\/uploads\/2024\/04\/Impressions-des-eleves-Ultima-notte-di-Amore2.jpg 1240w\" sizes=\"(max-width: 724px) 100vw, 724px\" \/><\/figure>\n\n\n\n<p>Maintenant que vous savez tous, faites votre choix pour une soir\u00e9e cin\u00e9ma !<\/p>\n","protected":false},"excerpt":{"rendered":"<p>Le vendredi 16 f\u00e9vrier 2024, nos \u00e9l\u00e8ves d&#8217;Italien LVB et LVC de premi\u00e8re et terminale sont au M\u00e9garama de Garat afin de regarder des films italiens (in italiano certo). Mme BOUTANTIN, leur professeur, les accompagne. C&#8217;est une journ\u00e9e &#8220;cin\u00e9ma italien&#8221; et deux films sont \u00e0 l&#8217;affiche : &#8220;Rapito&#8221; (&#8220;L&#8217;enl\u00e8vement&#8221;) de Marco BELLOCHIO et &#8220;L&#8217;ultima notte &#8230; <a title=\"Cin\u00e9ma Italien : retour sur les films visionn\u00e9s\" class=\"read-more\" href=\"https:\/\/www.saint-paul-angouleme.fr\/application\/cinema-italien-deux-films-visionnes-au-megarama\/\" aria-label=\"Read more about Cin\u00e9ma Italien : retour sur les films visionn\u00e9s\">Lire la suite<\/a><\/p>\n","protected":false},"author":3,"featured_media":9585,"comment_status":"open","ping_status":"open","sticky":false,"template":"","format":"standard","meta":{"_exactmetrics_skip_tracking":false,"_exactmetrics_sitenote_active":false,"_exactmetrics_sitenote_note":"","_exactmetrics_sitenote_category":0,"footnotes":""},"categories":[13,523],"tags":[739,743,741],"class_list":["post-9583","post","type-post","status-publish","format-standard","has-post-thumbnail","hentry","category-pedagogie","category-regard-sur","tag-cinema-italien","tag-lultima-notte-di-amore","tag-rapito"],"yoast_head":"<!-- This site is optimized with the Yoast SEO plugin v23.3 - https:\/\/yoast.com\/wordpress\/plugins\/seo\/ -->\n<title>Cin\u00e9ma italien : deux films visionn\u00e9s au M\u00e9garama de Garat<\/title>\n<meta name=\"description\" content=\"Dans le cadre des projections pour &quot;La journ\u00e9e du cin\u00e9ma italien&quot;, nos \u00e9l\u00e8ves de 1\u00e8re et Terminale (LVB et LVC) ont visionn\u00e9 deux films.\" \/>\n<meta name=\"robots\" content=\"index, follow, max-snippet:-1, max-image-preview:large, max-video-preview:-1\" \/>\n<link rel=\"canonical\" href=\"https:\/\/www.saint-paul-angouleme.fr\/application\/cinema-italien-deux-films-visionnes-au-megarama\/\" \/>\n<meta property=\"og:locale\" content=\"fr_FR\" \/>\n<meta property=\"og:type\" content=\"article\" \/>\n<meta property=\"og:title\" content=\"Cin\u00e9ma italien : deux films visionn\u00e9s au M\u00e9garama de Garat\" \/>\n<meta property=\"og:description\" content=\"Dans le cadre des projections pour &quot;La journ\u00e9e du cin\u00e9ma italien&quot;, nos \u00e9l\u00e8ves de 1\u00e8re et Terminale (LVB et LVC) ont visionn\u00e9 deux films.\" \/>\n<meta property=\"og:url\" content=\"https:\/\/www.saint-paul-angouleme.fr\/application\/cinema-italien-deux-films-visionnes-au-megarama\/\" \/>\n<meta property=\"og:site_name\" content=\"Actualit\u00e9s\" \/>\n<meta property=\"article:publisher\" content=\"https:\/\/www.facebook.com\/SaintPaulAngouleme16\/\" \/>\n<meta property=\"article:published_time\" content=\"2024-04-16T13:47:38+00:00\" \/>\n<meta property=\"article:modified_time\" content=\"2024-04-16T13:47:43+00:00\" \/>\n<meta property=\"og:image\" content=\"https:\/\/www.saint-paul-angouleme.fr\/application\/wp-content\/uploads\/2024\/04\/Capture-decran-2023-07-27-a-12.09.49.png\" \/>\n\t<meta property=\"og:image:width\" content=\"542\" \/>\n\t<meta property=\"og:image:height\" content=\"375\" \/>\n\t<meta property=\"og:image:type\" content=\"image\/png\" \/>\n<meta name=\"author\" content=\"SAINT-PAUL\" \/>\n<meta name=\"twitter:card\" content=\"summary_large_image\" \/>\n<meta name=\"twitter:creator\" content=\"@StPaulAngoulem\" \/>\n<meta name=\"twitter:site\" content=\"@StPaulAngoulem\" \/>\n<meta name=\"twitter:label1\" content=\"\u00c9crit par\" \/>\n\t<meta name=\"twitter:data1\" content=\"SAINT-PAUL\" \/>\n\t<meta name=\"twitter:label2\" content=\"Dur\u00e9e de lecture estim\u00e9e\" \/>\n\t<meta name=\"twitter:data2\" content=\"4 minutes\" \/>\n<script type=\"application\/ld+json\" class=\"yoast-schema-graph\">{\"@context\":\"https:\/\/schema.org\",\"@graph\":[{\"@type\":\"Article\",\"@id\":\"https:\/\/www.saint-paul-angouleme.fr\/application\/cinema-italien-deux-films-visionnes-au-megarama\/#article\",\"isPartOf\":{\"@id\":\"https:\/\/www.saint-paul-angouleme.fr\/application\/cinema-italien-deux-films-visionnes-au-megarama\/\"},\"author\":{\"name\":\"SAINT-PAUL\",\"@id\":\"https:\/\/www.saint-paul-angouleme.fr\/application\/#\/schema\/person\/ea152930b1a3823659065827b1a5fb9b\"},\"headline\":\"Cin\u00e9ma Italien : retour sur les films visionn\u00e9s\",\"datePublished\":\"2024-04-16T13:47:38+00:00\",\"dateModified\":\"2024-04-16T13:47:43+00:00\",\"mainEntityOfPage\":{\"@id\":\"https:\/\/www.saint-paul-angouleme.fr\/application\/cinema-italien-deux-films-visionnes-au-megarama\/\"},\"wordCount\":621,\"commentCount\":0,\"publisher\":{\"@id\":\"https:\/\/www.saint-paul-angouleme.fr\/application\/#organization\"},\"image\":{\"@id\":\"https:\/\/www.saint-paul-angouleme.fr\/application\/cinema-italien-deux-films-visionnes-au-megarama\/#primaryimage\"},\"thumbnailUrl\":\"https:\/\/www.saint-paul-angouleme.fr\/application\/wp-content\/uploads\/2024\/04\/Capture-decran-2023-07-27-a-12.09.49.png\",\"keywords\":[\"cin\u00e9ma italien\",\"l&#039;ultima notte di amore\",\"Rapito\"],\"articleSection\":[\"P\u00e9dagogie\",\"Regard sur\"],\"inLanguage\":\"fr-FR\",\"potentialAction\":[{\"@type\":\"CommentAction\",\"name\":\"Comment\",\"target\":[\"https:\/\/www.saint-paul-angouleme.fr\/application\/cinema-italien-deux-films-visionnes-au-megarama\/#respond\"]}]},{\"@type\":\"WebPage\",\"@id\":\"https:\/\/www.saint-paul-angouleme.fr\/application\/cinema-italien-deux-films-visionnes-au-megarama\/\",\"url\":\"https:\/\/www.saint-paul-angouleme.fr\/application\/cinema-italien-deux-films-visionnes-au-megarama\/\",\"name\":\"Cin\u00e9ma italien : deux films visionn\u00e9s au M\u00e9garama de Garat\",\"isPartOf\":{\"@id\":\"https:\/\/www.saint-paul-angouleme.fr\/application\/#website\"},\"primaryImageOfPage\":{\"@id\":\"https:\/\/www.saint-paul-angouleme.fr\/application\/cinema-italien-deux-films-visionnes-au-megarama\/#primaryimage\"},\"image\":{\"@id\":\"https:\/\/www.saint-paul-angouleme.fr\/application\/cinema-italien-deux-films-visionnes-au-megarama\/#primaryimage\"},\"thumbnailUrl\":\"https:\/\/www.saint-paul-angouleme.fr\/application\/wp-content\/uploads\/2024\/04\/Capture-decran-2023-07-27-a-12.09.49.png\",\"datePublished\":\"2024-04-16T13:47:38+00:00\",\"dateModified\":\"2024-04-16T13:47:43+00:00\",\"description\":\"Dans le cadre des projections pour \\\"La journ\u00e9e du cin\u00e9ma italien\\\", nos \u00e9l\u00e8ves de 1\u00e8re et Terminale (LVB et LVC) ont visionn\u00e9 deux films.\",\"breadcrumb\":{\"@id\":\"https:\/\/www.saint-paul-angouleme.fr\/application\/cinema-italien-deux-films-visionnes-au-megarama\/#breadcrumb\"},\"inLanguage\":\"fr-FR\",\"potentialAction\":[{\"@type\":\"ReadAction\",\"target\":[\"https:\/\/www.saint-paul-angouleme.fr\/application\/cinema-italien-deux-films-visionnes-au-megarama\/\"]}]},{\"@type\":\"ImageObject\",\"inLanguage\":\"fr-FR\",\"@id\":\"https:\/\/www.saint-paul-angouleme.fr\/application\/cinema-italien-deux-films-visionnes-au-megarama\/#primaryimage\",\"url\":\"https:\/\/www.saint-paul-angouleme.fr\/application\/wp-content\/uploads\/2024\/04\/Capture-decran-2023-07-27-a-12.09.49.png\",\"contentUrl\":\"https:\/\/www.saint-paul-angouleme.fr\/application\/wp-content\/uploads\/2024\/04\/Capture-decran-2023-07-27-a-12.09.49.png\",\"width\":542,\"height\":375,\"caption\":\"Cin\u00e9ma italien : drapeau et bobine de film\"},{\"@type\":\"BreadcrumbList\",\"@id\":\"https:\/\/www.saint-paul-angouleme.fr\/application\/cinema-italien-deux-films-visionnes-au-megarama\/#breadcrumb\",\"itemListElement\":[{\"@type\":\"ListItem\",\"position\":1,\"name\":\"Accueil\",\"item\":\"http:\/\/www.saint-paul-angouleme.fr\/application\/\"},{\"@type\":\"ListItem\",\"position\":2,\"name\":\"Cin\u00e9ma Italien : retour sur les films visionn\u00e9s\"}]},{\"@type\":\"WebSite\",\"@id\":\"https:\/\/www.saint-paul-angouleme.fr\/application\/#website\",\"url\":\"https:\/\/www.saint-paul-angouleme.fr\/application\/\",\"name\":\"Actualit\u00e9s\",\"description\":\"Actualit\u00e9s Saint Paul\",\"publisher\":{\"@id\":\"https:\/\/www.saint-paul-angouleme.fr\/application\/#organization\"},\"potentialAction\":[{\"@type\":\"SearchAction\",\"target\":{\"@type\":\"EntryPoint\",\"urlTemplate\":\"https:\/\/www.saint-paul-angouleme.fr\/application\/?s={search_term_string}\"},\"query-input\":\"required name=search_term_string\"}],\"inLanguage\":\"fr-FR\"},{\"@type\":\"Organization\",\"@id\":\"https:\/\/www.saint-paul-angouleme.fr\/application\/#organization\",\"name\":\"Ensemble scolaire Saint-Paul\",\"url\":\"https:\/\/www.saint-paul-angouleme.fr\/application\/\",\"logo\":{\"@type\":\"ImageObject\",\"inLanguage\":\"fr-FR\",\"@id\":\"https:\/\/www.saint-paul-angouleme.fr\/application\/#\/schema\/logo\/image\/\",\"url\":\"https:\/\/www.saint-paul-angouleme.fr\/application\/wp-content\/uploads\/2018\/08\/logo-saint-paul-couleurs.jpg\",\"contentUrl\":\"https:\/\/www.saint-paul-angouleme.fr\/application\/wp-content\/uploads\/2018\/08\/logo-saint-paul-couleurs.jpg\",\"width\":1890,\"height\":709,\"caption\":\"Ensemble scolaire Saint-Paul\"},\"image\":{\"@id\":\"https:\/\/www.saint-paul-angouleme.fr\/application\/#\/schema\/logo\/image\/\"},\"sameAs\":[\"https:\/\/www.facebook.com\/SaintPaulAngouleme16\/\",\"https:\/\/x.com\/StPaulAngoulem\",\"https:\/\/www.youtube.com\/channel\/UCRLpz1CmPVqc0gn--YyXvjA?view_as=subscriber\"]},{\"@type\":\"Person\",\"@id\":\"https:\/\/www.saint-paul-angouleme.fr\/application\/#\/schema\/person\/ea152930b1a3823659065827b1a5fb9b\",\"name\":\"SAINT-PAUL\",\"image\":{\"@type\":\"ImageObject\",\"inLanguage\":\"fr-FR\",\"@id\":\"https:\/\/www.saint-paul-angouleme.fr\/application\/#\/schema\/person\/image\/\",\"url\":\"https:\/\/secure.gravatar.com\/avatar\/eadb0ffebc02683a61d69038eb2924f0?s=96&r=g\",\"contentUrl\":\"https:\/\/secure.gravatar.com\/avatar\/eadb0ffebc02683a61d69038eb2924f0?s=96&r=g\",\"caption\":\"SAINT-PAUL\"},\"url\":\"https:\/\/www.saint-paul-angouleme.fr\/application\/author\/myriam\/\"}]}<\/script>\n<!-- \/ Yoast SEO plugin. -->","yoast_head_json":{"title":"Cin\u00e9ma italien : deux films visionn\u00e9s au M\u00e9garama de Garat","description":"Dans le cadre des projections pour \"La journ\u00e9e du cin\u00e9ma italien\", nos \u00e9l\u00e8ves de 1\u00e8re et Terminale (LVB et LVC) ont visionn\u00e9 deux films.","robots":{"index":"index","follow":"follow","max-snippet":"max-snippet:-1","max-image-preview":"max-image-preview:large","max-video-preview":"max-video-preview:-1"},"canonical":"https:\/\/www.saint-paul-angouleme.fr\/application\/cinema-italien-deux-films-visionnes-au-megarama\/","og_locale":"fr_FR","og_type":"article","og_title":"Cin\u00e9ma italien : deux films visionn\u00e9s au M\u00e9garama de Garat","og_description":"Dans le cadre des projections pour \"La journ\u00e9e du cin\u00e9ma italien\", nos \u00e9l\u00e8ves de 1\u00e8re et Terminale (LVB et LVC) ont visionn\u00e9 deux films.","og_url":"https:\/\/www.saint-paul-angouleme.fr\/application\/cinema-italien-deux-films-visionnes-au-megarama\/","og_site_name":"Actualit\u00e9s","article_publisher":"https:\/\/www.facebook.com\/SaintPaulAngouleme16\/","article_published_time":"2024-04-16T13:47:38+00:00","article_modified_time":"2024-04-16T13:47:43+00:00","og_image":[{"width":542,"height":375,"url":"https:\/\/www.saint-paul-angouleme.fr\/application\/wp-content\/uploads\/2024\/04\/Capture-decran-2023-07-27-a-12.09.49.png","type":"image\/png"}],"author":"SAINT-PAUL","twitter_card":"summary_large_image","twitter_creator":"@StPaulAngoulem","twitter_site":"@StPaulAngoulem","twitter_misc":{"\u00c9crit par":"SAINT-PAUL","Dur\u00e9e de lecture estim\u00e9e":"4 minutes"},"schema":{"@context":"https:\/\/schema.org","@graph":[{"@type":"Article","@id":"https:\/\/www.saint-paul-angouleme.fr\/application\/cinema-italien-deux-films-visionnes-au-megarama\/#article","isPartOf":{"@id":"https:\/\/www.saint-paul-angouleme.fr\/application\/cinema-italien-deux-films-visionnes-au-megarama\/"},"author":{"name":"SAINT-PAUL","@id":"https:\/\/www.saint-paul-angouleme.fr\/application\/#\/schema\/person\/ea152930b1a3823659065827b1a5fb9b"},"headline":"Cin\u00e9ma Italien : retour sur les films visionn\u00e9s","datePublished":"2024-04-16T13:47:38+00:00","dateModified":"2024-04-16T13:47:43+00:00","mainEntityOfPage":{"@id":"https:\/\/www.saint-paul-angouleme.fr\/application\/cinema-italien-deux-films-visionnes-au-megarama\/"},"wordCount":621,"commentCount":0,"publisher":{"@id":"https:\/\/www.saint-paul-angouleme.fr\/application\/#organization"},"image":{"@id":"https:\/\/www.saint-paul-angouleme.fr\/application\/cinema-italien-deux-films-visionnes-au-megarama\/#primaryimage"},"thumbnailUrl":"https:\/\/www.saint-paul-angouleme.fr\/application\/wp-content\/uploads\/2024\/04\/Capture-decran-2023-07-27-a-12.09.49.png","keywords":["cin\u00e9ma italien","l&#039;ultima notte di amore","Rapito"],"articleSection":["P\u00e9dagogie","Regard sur"],"inLanguage":"fr-FR","potentialAction":[{"@type":"CommentAction","name":"Comment","target":["https:\/\/www.saint-paul-angouleme.fr\/application\/cinema-italien-deux-films-visionnes-au-megarama\/#respond"]}]},{"@type":"WebPage","@id":"https:\/\/www.saint-paul-angouleme.fr\/application\/cinema-italien-deux-films-visionnes-au-megarama\/","url":"https:\/\/www.saint-paul-angouleme.fr\/application\/cinema-italien-deux-films-visionnes-au-megarama\/","name":"Cin\u00e9ma italien : deux films visionn\u00e9s au M\u00e9garama de Garat","isPartOf":{"@id":"https:\/\/www.saint-paul-angouleme.fr\/application\/#website"},"primaryImageOfPage":{"@id":"https:\/\/www.saint-paul-angouleme.fr\/application\/cinema-italien-deux-films-visionnes-au-megarama\/#primaryimage"},"image":{"@id":"https:\/\/www.saint-paul-angouleme.fr\/application\/cinema-italien-deux-films-visionnes-au-megarama\/#primaryimage"},"thumbnailUrl":"https:\/\/www.saint-paul-angouleme.fr\/application\/wp-content\/uploads\/2024\/04\/Capture-decran-2023-07-27-a-12.09.49.png","datePublished":"2024-04-16T13:47:38+00:00","dateModified":"2024-04-16T13:47:43+00:00","description":"Dans le cadre des projections pour \"La journ\u00e9e du cin\u00e9ma italien\", nos \u00e9l\u00e8ves de 1\u00e8re et Terminale (LVB et LVC) ont visionn\u00e9 deux films.","breadcrumb":{"@id":"https:\/\/www.saint-paul-angouleme.fr\/application\/cinema-italien-deux-films-visionnes-au-megarama\/#breadcrumb"},"inLanguage":"fr-FR","potentialAction":[{"@type":"ReadAction","target":["https:\/\/www.saint-paul-angouleme.fr\/application\/cinema-italien-deux-films-visionnes-au-megarama\/"]}]},{"@type":"ImageObject","inLanguage":"fr-FR","@id":"https:\/\/www.saint-paul-angouleme.fr\/application\/cinema-italien-deux-films-visionnes-au-megarama\/#primaryimage","url":"https:\/\/www.saint-paul-angouleme.fr\/application\/wp-content\/uploads\/2024\/04\/Capture-decran-2023-07-27-a-12.09.49.png","contentUrl":"https:\/\/www.saint-paul-angouleme.fr\/application\/wp-content\/uploads\/2024\/04\/Capture-decran-2023-07-27-a-12.09.49.png","width":542,"height":375,"caption":"Cin\u00e9ma italien : drapeau et bobine de film"},{"@type":"BreadcrumbList","@id":"https:\/\/www.saint-paul-angouleme.fr\/application\/cinema-italien-deux-films-visionnes-au-megarama\/#breadcrumb","itemListElement":[{"@type":"ListItem","position":1,"name":"Accueil","item":"http:\/\/www.saint-paul-angouleme.fr\/application\/"},{"@type":"ListItem","position":2,"name":"Cin\u00e9ma Italien : retour sur les films visionn\u00e9s"}]},{"@type":"WebSite","@id":"https:\/\/www.saint-paul-angouleme.fr\/application\/#website","url":"https:\/\/www.saint-paul-angouleme.fr\/application\/","name":"Actualit\u00e9s","description":"Actualit\u00e9s Saint Paul","publisher":{"@id":"https:\/\/www.saint-paul-angouleme.fr\/application\/#organization"},"potentialAction":[{"@type":"SearchAction","target":{"@type":"EntryPoint","urlTemplate":"https:\/\/www.saint-paul-angouleme.fr\/application\/?s={search_term_string}"},"query-input":"required name=search_term_string"}],"inLanguage":"fr-FR"},{"@type":"Organization","@id":"https:\/\/www.saint-paul-angouleme.fr\/application\/#organization","name":"Ensemble scolaire Saint-Paul","url":"https:\/\/www.saint-paul-angouleme.fr\/application\/","logo":{"@type":"ImageObject","inLanguage":"fr-FR","@id":"https:\/\/www.saint-paul-angouleme.fr\/application\/#\/schema\/logo\/image\/","url":"https:\/\/www.saint-paul-angouleme.fr\/application\/wp-content\/uploads\/2018\/08\/logo-saint-paul-couleurs.jpg","contentUrl":"https:\/\/www.saint-paul-angouleme.fr\/application\/wp-content\/uploads\/2018\/08\/logo-saint-paul-couleurs.jpg","width":1890,"height":709,"caption":"Ensemble scolaire Saint-Paul"},"image":{"@id":"https:\/\/www.saint-paul-angouleme.fr\/application\/#\/schema\/logo\/image\/"},"sameAs":["https:\/\/www.facebook.com\/SaintPaulAngouleme16\/","https:\/\/x.com\/StPaulAngoulem","https:\/\/www.youtube.com\/channel\/UCRLpz1CmPVqc0gn--YyXvjA?view_as=subscriber"]},{"@type":"Person","@id":"https:\/\/www.saint-paul-angouleme.fr\/application\/#\/schema\/person\/ea152930b1a3823659065827b1a5fb9b","name":"SAINT-PAUL","image":{"@type":"ImageObject","inLanguage":"fr-FR","@id":"https:\/\/www.saint-paul-angouleme.fr\/application\/#\/schema\/person\/image\/","url":"https:\/\/secure.gravatar.com\/avatar\/eadb0ffebc02683a61d69038eb2924f0?s=96&r=g","contentUrl":"https:\/\/secure.gravatar.com\/avatar\/eadb0ffebc02683a61d69038eb2924f0?s=96&r=g","caption":"SAINT-PAUL"},"url":"https:\/\/www.saint-paul-angouleme.fr\/application\/author\/myriam\/"}]}},"_links":{"self":[{"href":"https:\/\/www.saint-paul-angouleme.fr\/application\/wp-json\/wp\/v2\/posts\/9583"}],"collection":[{"href":"https:\/\/www.saint-paul-angouleme.fr\/application\/wp-json\/wp\/v2\/posts"}],"about":[{"href":"https:\/\/www.saint-paul-angouleme.fr\/application\/wp-json\/wp\/v2\/types\/post"}],"author":[{"embeddable":true,"href":"https:\/\/www.saint-paul-angouleme.fr\/application\/wp-json\/wp\/v2\/users\/3"}],"replies":[{"embeddable":true,"href":"https:\/\/www.saint-paul-angouleme.fr\/application\/wp-json\/wp\/v2\/comments?post=9583"}],"version-history":[{"count":10,"href":"https:\/\/www.saint-paul-angouleme.fr\/application\/wp-json\/wp\/v2\/posts\/9583\/revisions"}],"predecessor-version":[{"id":9603,"href":"https:\/\/www.saint-paul-angouleme.fr\/application\/wp-json\/wp\/v2\/posts\/9583\/revisions\/9603"}],"wp:featuredmedia":[{"embeddable":true,"href":"https:\/\/www.saint-paul-angouleme.fr\/application\/wp-json\/wp\/v2\/media\/9585"}],"wp:attachment":[{"href":"https:\/\/www.saint-paul-angouleme.fr\/application\/wp-json\/wp\/v2\/media?parent=9583"}],"wp:term":[{"taxonomy":"category","embeddable":true,"href":"https:\/\/www.saint-paul-angouleme.fr\/application\/wp-json\/wp\/v2\/categories?post=9583"},{"taxonomy":"post_tag","embeddable":true,"href":"https:\/\/www.saint-paul-angouleme.fr\/application\/wp-json\/wp\/v2\/tags?post=9583"}],"curies":[{"name":"wp","href":"https:\/\/api.w.org\/{rel}","templated":true}]}}