{"id":9442,"date":"2024-04-04T11:49:14","date_gmt":"2024-04-04T09:49:14","guid":{"rendered":"https:\/\/www.saint-paul-angouleme.fr\/application\/?p=9442"},"modified":"2024-04-04T11:49:17","modified_gmt":"2024-04-04T09:49:17","slug":"cyberharcelement-sensibiliser-aux-bons-usages-dinternet","status":"publish","type":"post","link":"https:\/\/www.saint-paul-angouleme.fr\/application\/cyberharcelement-sensibiliser-aux-bons-usages-dinternet\/","title":{"rendered":"Sensibilisation au Cyberharc\u00e8lement : r\u00e9sultats du concours &#8220;Les bons usages d&#8217;Internet&#8221;"},"content":{"rendered":"\n<figure class=\"wp-block-image size-large\"><img loading=\"lazy\" decoding=\"async\" width=\"1024\" height=\"768\" src=\"https:\/\/www.saint-paul-angouleme.fr\/application\/wp-content\/uploads\/2024\/04\/IMG_20240326_123852-1024x768.jpg\" alt=\"\" class=\"wp-image-9443\" srcset=\"https:\/\/www.saint-paul-angouleme.fr\/application\/wp-content\/uploads\/2024\/04\/IMG_20240326_123852-1024x768.jpg 1024w, https:\/\/www.saint-paul-angouleme.fr\/application\/wp-content\/uploads\/2024\/04\/IMG_20240326_123852-300x225.jpg 300w, https:\/\/www.saint-paul-angouleme.fr\/application\/wp-content\/uploads\/2024\/04\/IMG_20240326_123852-768x576.jpg 768w, https:\/\/www.saint-paul-angouleme.fr\/application\/wp-content\/uploads\/2024\/04\/IMG_20240326_123852-1536x1152.jpg 1536w, https:\/\/www.saint-paul-angouleme.fr\/application\/wp-content\/uploads\/2024\/04\/IMG_20240326_123852.jpg 2000w\" sizes=\"(max-width: 1024px) 100vw, 1024px\" \/><\/figure>\n\n\n\n<p><\/p>\n\n\n\n<p>Dans le cadre de la sensibilisation pour lutter contre le harc\u00e8lement scolaire un concours d\u2019affiches est organis\u00e9 d\u00e9but f\u00e9vrier. Lors de la Journ\u00e9e Internationale de l\u2019Internet sans crainte, l&#8217;accent est mis particuli\u00e8rement \u00e0 la lutte contre le cyberharc\u00e8lement. Un atelier &#8220;lutte contre le harc\u00e8lement&#8221; voit le jour.<\/p>\n\n\n\n<p>Mardi 26 mars 2024, tous les participants au concours d\u2019affiches sur : <strong><em><u>Les bons usages d\u2019internet<\/u><\/em><\/strong> sont convi\u00e9s au CDI du lyc\u00e9e afin de conna\u00eetre les grands gagnants. Choisis par le jury constitu\u00e9 par tous les \u00e9l\u00e8ves de l\u2019atelier ils sont heureux de d\u00e9couvrir les gagnants.<\/p>\n\n\n\n<p>Dans la cat\u00e9gorie lyc\u00e9e, c\u2019est l\u2019affiche de la terminale\u00a0: <strong>Kim MCCLELLAND<\/strong> qui obtient le plus de voix. Pour la cat\u00e9gorie coll\u00e8ge, les laur\u00e9ates sont des 6<sup>\u00e8me\u00a0<\/sup>: <strong>BRIANT Mona-Lisa, GENTOU Enora et PANNAUD Az\u00e9line.<\/strong><\/p>\n\n\n\n<p>Tous les participants au concours ont re\u00e7u en prix, une clef USB. Les gagnantes dans les deux cat\u00e9gories re\u00e7oivent une BD ainsi qu\u2019un manga sur le th\u00e8me de la lutte contre le harc\u00e8lement.<\/p>\n\n\n\n<p><\/p>\n\n\n\n<figure class=\"wp-block-gallery has-nested-images columns-default is-cropped wp-block-gallery-1 is-layout-flex wp-block-gallery-is-layout-flex\">\n<figure class=\"wp-block-image size-large\"><img loading=\"lazy\" decoding=\"async\" width=\"724\" height=\"1024\" data-id=\"9447\" src=\"https:\/\/www.saint-paul-angouleme.fr\/application\/wp-content\/uploads\/2024\/04\/Affiche-1-de-la-laureate-categorie-lycee-2023-2024--724x1024.jpg\" alt=\"\" class=\"wp-image-9447\" srcset=\"https:\/\/www.saint-paul-angouleme.fr\/application\/wp-content\/uploads\/2024\/04\/Affiche-1-de-la-laureate-categorie-lycee-2023-2024--724x1024.jpg 724w, https:\/\/www.saint-paul-angouleme.fr\/application\/wp-content\/uploads\/2024\/04\/Affiche-1-de-la-laureate-categorie-lycee-2023-2024--212x300.jpg 212w, https:\/\/www.saint-paul-angouleme.fr\/application\/wp-content\/uploads\/2024\/04\/Affiche-1-de-la-laureate-categorie-lycee-2023-2024--768x1086.jpg 768w, https:\/\/www.saint-paul-angouleme.fr\/application\/wp-content\/uploads\/2024\/04\/Affiche-1-de-la-laureate-categorie-lycee-2023-2024--1087x1536.jpg 1087w, https:\/\/www.saint-paul-angouleme.fr\/application\/wp-content\/uploads\/2024\/04\/Affiche-1-de-la-laureate-categorie-lycee-2023-2024--1449x2048.jpg 1449w, https:\/\/www.saint-paul-angouleme.fr\/application\/wp-content\/uploads\/2024\/04\/Affiche-1-de-la-laureate-categorie-lycee-2023-2024--scaled.jpg 1811w\" sizes=\"(max-width: 724px) 100vw, 724px\" \/><\/figure>\n\n\n\n<figure class=\"wp-block-image size-large\"><img loading=\"lazy\" decoding=\"async\" width=\"896\" height=\"1024\" data-id=\"9446\" src=\"https:\/\/www.saint-paul-angouleme.fr\/application\/wp-content\/uploads\/2024\/04\/Affiche-2-laureates-categorie-college-2023-2024--896x1024.jpg\" alt=\"\" class=\"wp-image-9446\" srcset=\"https:\/\/www.saint-paul-angouleme.fr\/application\/wp-content\/uploads\/2024\/04\/Affiche-2-laureates-categorie-college-2023-2024--896x1024.jpg 896w, https:\/\/www.saint-paul-angouleme.fr\/application\/wp-content\/uploads\/2024\/04\/Affiche-2-laureates-categorie-college-2023-2024--263x300.jpg 263w, https:\/\/www.saint-paul-angouleme.fr\/application\/wp-content\/uploads\/2024\/04\/Affiche-2-laureates-categorie-college-2023-2024--768x878.jpg 768w, https:\/\/www.saint-paul-angouleme.fr\/application\/wp-content\/uploads\/2024\/04\/Affiche-2-laureates-categorie-college-2023-2024--1344x1536.jpg 1344w, https:\/\/www.saint-paul-angouleme.fr\/application\/wp-content\/uploads\/2024\/04\/Affiche-2-laureates-categorie-college-2023-2024-.jpg 1400w\" sizes=\"(max-width: 896px) 100vw, 896px\" \/><\/figure>\n\n\n\n<figure class=\"wp-block-image size-large\"><img loading=\"lazy\" decoding=\"async\" width=\"724\" height=\"1024\" data-id=\"9445\" src=\"https:\/\/www.saint-paul-angouleme.fr\/application\/wp-content\/uploads\/2024\/04\/Affiche-concours-lutter-contre-le-cyber-harcelement-724x1024.jpg\" alt=\"\" class=\"wp-image-9445\" srcset=\"https:\/\/www.saint-paul-angouleme.fr\/application\/wp-content\/uploads\/2024\/04\/Affiche-concours-lutter-contre-le-cyber-harcelement-724x1024.jpg 724w, https:\/\/www.saint-paul-angouleme.fr\/application\/wp-content\/uploads\/2024\/04\/Affiche-concours-lutter-contre-le-cyber-harcelement-212x300.jpg 212w, https:\/\/www.saint-paul-angouleme.fr\/application\/wp-content\/uploads\/2024\/04\/Affiche-concours-lutter-contre-le-cyber-harcelement-768x1086.jpg 768w, https:\/\/www.saint-paul-angouleme.fr\/application\/wp-content\/uploads\/2024\/04\/Affiche-concours-lutter-contre-le-cyber-harcelement-1087x1536.jpg 1087w, https:\/\/www.saint-paul-angouleme.fr\/application\/wp-content\/uploads\/2024\/04\/Affiche-concours-lutter-contre-le-cyber-harcelement-1449x2048.jpg 1449w, https:\/\/www.saint-paul-angouleme.fr\/application\/wp-content\/uploads\/2024\/04\/Affiche-concours-lutter-contre-le-cyber-harcelement-scaled.jpg 1811w\" sizes=\"(max-width: 724px) 100vw, 724px\" \/><\/figure>\n<\/figure>\n\n\n\n<p><\/p>\n\n\n\n<p>F\u00e9licitations \u00e0 tous ces \u00e9l\u00e8ves pour leur participation, leur investissement et pour les belles affiches qu\u2019ils ont r\u00e9alis\u00e9es ! Les membres de l\u2019atelier de sensibilisation pour lutter contre le harc\u00e8lement scolaire vous remercient pour votre implication<\/p>\n","protected":false},"excerpt":{"rendered":"<p>Dans le cadre de la sensibilisation pour lutter contre le harc\u00e8lement scolaire un concours d\u2019affiches est organis\u00e9 d\u00e9but f\u00e9vrier. Lors de la Journ\u00e9e Internationale de l\u2019Internet sans crainte, l&#8217;accent est mis particuli\u00e8rement \u00e0 la lutte contre le cyberharc\u00e8lement. Un atelier &#8220;lutte contre le harc\u00e8lement&#8221; voit le jour. Mardi 26 mars 2024, tous les participants au &#8230; <a title=\"Sensibilisation au Cyberharc\u00e8lement : r\u00e9sultats du concours &#8220;Les bons usages d&#8217;Internet&#8221;\" class=\"read-more\" href=\"https:\/\/www.saint-paul-angouleme.fr\/application\/cyberharcelement-sensibiliser-aux-bons-usages-dinternet\/\" aria-label=\"Read more about Sensibilisation au Cyberharc\u00e8lement : r\u00e9sultats du concours &#8220;Les bons usages d&#8217;Internet&#8221;\">Lire la suite<\/a><\/p>\n","protected":false},"author":3,"featured_media":9444,"comment_status":"open","ping_status":"open","sticky":false,"template":"","format":"standard","meta":{"_exactmetrics_skip_tracking":false,"_exactmetrics_sitenote_active":false,"_exactmetrics_sitenote_note":"","_exactmetrics_sitenote_category":0,"footnotes":""},"categories":[523],"tags":[721,723],"class_list":["post-9442","post","type-post","status-publish","format-standard","has-post-thumbnail","hentry","category-regard-sur","tag-cyberharcelement","tag-internet"],"yoast_head":"<!-- This site is optimized with the Yoast SEO plugin v23.3 - https:\/\/yoast.com\/wordpress\/plugins\/seo\/ -->\n<title>Cyberharc\u00e8lement : sensibiliser aux bons usages d&#039;Internet<\/title>\n<meta name=\"description\" content=\"Pour lutter contre le Cyberharc\u00e8lement un atelier est cr\u00e9\u00e9 pour sensibiliser aux bons usages d&#039;Internet. Suit un concours d&#039;affiches.\" \/>\n<meta name=\"robots\" content=\"index, follow, max-snippet:-1, max-image-preview:large, max-video-preview:-1\" \/>\n<link rel=\"canonical\" href=\"https:\/\/www.saint-paul-angouleme.fr\/application\/cyberharcelement-sensibiliser-aux-bons-usages-dinternet\/\" \/>\n<meta property=\"og:locale\" content=\"fr_FR\" \/>\n<meta property=\"og:type\" content=\"article\" \/>\n<meta property=\"og:title\" content=\"Cyberharc\u00e8lement : sensibiliser aux bons usages d&#039;Internet\" \/>\n<meta property=\"og:description\" content=\"Pour lutter contre le Cyberharc\u00e8lement un atelier est cr\u00e9\u00e9 pour sensibiliser aux bons usages d&#039;Internet. Suit un concours d&#039;affiches.\" \/>\n<meta property=\"og:url\" content=\"https:\/\/www.saint-paul-angouleme.fr\/application\/cyberharcelement-sensibiliser-aux-bons-usages-dinternet\/\" \/>\n<meta property=\"og:site_name\" content=\"Actualit\u00e9s\" \/>\n<meta property=\"article:publisher\" content=\"https:\/\/www.facebook.com\/SaintPaulAngouleme16\/\" \/>\n<meta property=\"article:published_time\" content=\"2024-04-04T09:49:14+00:00\" \/>\n<meta property=\"article:modified_time\" content=\"2024-04-04T09:49:17+00:00\" \/>\n<meta property=\"og:image\" content=\"https:\/\/www.saint-paul-angouleme.fr\/application\/wp-content\/uploads\/2024\/04\/IMG_20240326_124832.jpg\" \/>\n\t<meta property=\"og:image:width\" content=\"2000\" \/>\n\t<meta property=\"og:image:height\" content=\"1500\" \/>\n\t<meta property=\"og:image:type\" content=\"image\/jpeg\" \/>\n<meta name=\"author\" content=\"SAINT-PAUL\" \/>\n<meta name=\"twitter:card\" content=\"summary_large_image\" \/>\n<meta name=\"twitter:creator\" content=\"@StPaulAngoulem\" \/>\n<meta name=\"twitter:site\" content=\"@StPaulAngoulem\" \/>\n<meta name=\"twitter:label1\" content=\"\u00c9crit par\" \/>\n\t<meta name=\"twitter:data1\" content=\"SAINT-PAUL\" \/>\n\t<meta name=\"twitter:label2\" content=\"Dur\u00e9e de lecture estim\u00e9e\" \/>\n\t<meta name=\"twitter:data2\" content=\"2 minutes\" \/>\n<script type=\"application\/ld+json\" class=\"yoast-schema-graph\">{\"@context\":\"https:\/\/schema.org\",\"@graph\":[{\"@type\":\"Article\",\"@id\":\"https:\/\/www.saint-paul-angouleme.fr\/application\/cyberharcelement-sensibiliser-aux-bons-usages-dinternet\/#article\",\"isPartOf\":{\"@id\":\"https:\/\/www.saint-paul-angouleme.fr\/application\/cyberharcelement-sensibiliser-aux-bons-usages-dinternet\/\"},\"author\":{\"name\":\"SAINT-PAUL\",\"@id\":\"https:\/\/www.saint-paul-angouleme.fr\/application\/#\/schema\/person\/ea152930b1a3823659065827b1a5fb9b\"},\"headline\":\"Sensibilisation au Cyberharc\u00e8lement : r\u00e9sultats du concours &#8220;Les bons usages d&#8217;Internet&#8221;\",\"datePublished\":\"2024-04-04T09:49:14+00:00\",\"dateModified\":\"2024-04-04T09:49:17+00:00\",\"mainEntityOfPage\":{\"@id\":\"https:\/\/www.saint-paul-angouleme.fr\/application\/cyberharcelement-sensibiliser-aux-bons-usages-dinternet\/\"},\"wordCount\":241,\"commentCount\":0,\"publisher\":{\"@id\":\"https:\/\/www.saint-paul-angouleme.fr\/application\/#organization\"},\"image\":{\"@id\":\"https:\/\/www.saint-paul-angouleme.fr\/application\/cyberharcelement-sensibiliser-aux-bons-usages-dinternet\/#primaryimage\"},\"thumbnailUrl\":\"https:\/\/www.saint-paul-angouleme.fr\/application\/wp-content\/uploads\/2024\/04\/IMG_20240326_124832.jpg\",\"keywords\":[\"Cyberharc\u00e8lement\",\"Internet\"],\"articleSection\":[\"Regard sur\"],\"inLanguage\":\"fr-FR\",\"potentialAction\":[{\"@type\":\"CommentAction\",\"name\":\"Comment\",\"target\":[\"https:\/\/www.saint-paul-angouleme.fr\/application\/cyberharcelement-sensibiliser-aux-bons-usages-dinternet\/#respond\"]}]},{\"@type\":\"WebPage\",\"@id\":\"https:\/\/www.saint-paul-angouleme.fr\/application\/cyberharcelement-sensibiliser-aux-bons-usages-dinternet\/\",\"url\":\"https:\/\/www.saint-paul-angouleme.fr\/application\/cyberharcelement-sensibiliser-aux-bons-usages-dinternet\/\",\"name\":\"Cyberharc\u00e8lement : sensibiliser aux bons usages d'Internet\",\"isPartOf\":{\"@id\":\"https:\/\/www.saint-paul-angouleme.fr\/application\/#website\"},\"primaryImageOfPage\":{\"@id\":\"https:\/\/www.saint-paul-angouleme.fr\/application\/cyberharcelement-sensibiliser-aux-bons-usages-dinternet\/#primaryimage\"},\"image\":{\"@id\":\"https:\/\/www.saint-paul-angouleme.fr\/application\/cyberharcelement-sensibiliser-aux-bons-usages-dinternet\/#primaryimage\"},\"thumbnailUrl\":\"https:\/\/www.saint-paul-angouleme.fr\/application\/wp-content\/uploads\/2024\/04\/IMG_20240326_124832.jpg\",\"datePublished\":\"2024-04-04T09:49:14+00:00\",\"dateModified\":\"2024-04-04T09:49:17+00:00\",\"description\":\"Pour lutter contre le Cyberharc\u00e8lement un atelier est cr\u00e9\u00e9 pour sensibiliser aux bons usages d'Internet. Suit un concours d'affiches.\",\"breadcrumb\":{\"@id\":\"https:\/\/www.saint-paul-angouleme.fr\/application\/cyberharcelement-sensibiliser-aux-bons-usages-dinternet\/#breadcrumb\"},\"inLanguage\":\"fr-FR\",\"potentialAction\":[{\"@type\":\"ReadAction\",\"target\":[\"https:\/\/www.saint-paul-angouleme.fr\/application\/cyberharcelement-sensibiliser-aux-bons-usages-dinternet\/\"]}]},{\"@type\":\"ImageObject\",\"inLanguage\":\"fr-FR\",\"@id\":\"https:\/\/www.saint-paul-angouleme.fr\/application\/cyberharcelement-sensibiliser-aux-bons-usages-dinternet\/#primaryimage\",\"url\":\"https:\/\/www.saint-paul-angouleme.fr\/application\/wp-content\/uploads\/2024\/04\/IMG_20240326_124832.jpg\",\"contentUrl\":\"https:\/\/www.saint-paul-angouleme.fr\/application\/wp-content\/uploads\/2024\/04\/IMG_20240326_124832.jpg\",\"width\":2000,\"height\":1500},{\"@type\":\"BreadcrumbList\",\"@id\":\"https:\/\/www.saint-paul-angouleme.fr\/application\/cyberharcelement-sensibiliser-aux-bons-usages-dinternet\/#breadcrumb\",\"itemListElement\":[{\"@type\":\"ListItem\",\"position\":1,\"name\":\"Accueil\",\"item\":\"http:\/\/www.saint-paul-angouleme.fr\/application\/\"},{\"@type\":\"ListItem\",\"position\":2,\"name\":\"Sensibilisation au Cyberharc\u00e8lement : r\u00e9sultats du concours &#8220;Les bons usages d&#8217;Internet&#8221;\"}]},{\"@type\":\"WebSite\",\"@id\":\"https:\/\/www.saint-paul-angouleme.fr\/application\/#website\",\"url\":\"https:\/\/www.saint-paul-angouleme.fr\/application\/\",\"name\":\"Actualit\u00e9s\",\"description\":\"Actualit\u00e9s Saint Paul\",\"publisher\":{\"@id\":\"https:\/\/www.saint-paul-angouleme.fr\/application\/#organization\"},\"potentialAction\":[{\"@type\":\"SearchAction\",\"target\":{\"@type\":\"EntryPoint\",\"urlTemplate\":\"https:\/\/www.saint-paul-angouleme.fr\/application\/?s={search_term_string}\"},\"query-input\":\"required name=search_term_string\"}],\"inLanguage\":\"fr-FR\"},{\"@type\":\"Organization\",\"@id\":\"https:\/\/www.saint-paul-angouleme.fr\/application\/#organization\",\"name\":\"Ensemble scolaire Saint-Paul\",\"url\":\"https:\/\/www.saint-paul-angouleme.fr\/application\/\",\"logo\":{\"@type\":\"ImageObject\",\"inLanguage\":\"fr-FR\",\"@id\":\"https:\/\/www.saint-paul-angouleme.fr\/application\/#\/schema\/logo\/image\/\",\"url\":\"https:\/\/www.saint-paul-angouleme.fr\/application\/wp-content\/uploads\/2018\/08\/logo-saint-paul-couleurs.jpg\",\"contentUrl\":\"https:\/\/www.saint-paul-angouleme.fr\/application\/wp-content\/uploads\/2018\/08\/logo-saint-paul-couleurs.jpg\",\"width\":1890,\"height\":709,\"caption\":\"Ensemble scolaire Saint-Paul\"},\"image\":{\"@id\":\"https:\/\/www.saint-paul-angouleme.fr\/application\/#\/schema\/logo\/image\/\"},\"sameAs\":[\"https:\/\/www.facebook.com\/SaintPaulAngouleme16\/\",\"https:\/\/x.com\/StPaulAngoulem\",\"https:\/\/www.youtube.com\/channel\/UCRLpz1CmPVqc0gn--YyXvjA?view_as=subscriber\"]},{\"@type\":\"Person\",\"@id\":\"https:\/\/www.saint-paul-angouleme.fr\/application\/#\/schema\/person\/ea152930b1a3823659065827b1a5fb9b\",\"name\":\"SAINT-PAUL\",\"image\":{\"@type\":\"ImageObject\",\"inLanguage\":\"fr-FR\",\"@id\":\"https:\/\/www.saint-paul-angouleme.fr\/application\/#\/schema\/person\/image\/\",\"url\":\"https:\/\/secure.gravatar.com\/avatar\/eadb0ffebc02683a61d69038eb2924f0?s=96&r=g\",\"contentUrl\":\"https:\/\/secure.gravatar.com\/avatar\/eadb0ffebc02683a61d69038eb2924f0?s=96&r=g\",\"caption\":\"SAINT-PAUL\"},\"url\":\"https:\/\/www.saint-paul-angouleme.fr\/application\/author\/myriam\/\"}]}<\/script>\n<!-- \/ Yoast SEO plugin. -->","yoast_head_json":{"title":"Cyberharc\u00e8lement : sensibiliser aux bons usages d'Internet","description":"Pour lutter contre le Cyberharc\u00e8lement un atelier est cr\u00e9\u00e9 pour sensibiliser aux bons usages d'Internet. Suit un concours d'affiches.","robots":{"index":"index","follow":"follow","max-snippet":"max-snippet:-1","max-image-preview":"max-image-preview:large","max-video-preview":"max-video-preview:-1"},"canonical":"https:\/\/www.saint-paul-angouleme.fr\/application\/cyberharcelement-sensibiliser-aux-bons-usages-dinternet\/","og_locale":"fr_FR","og_type":"article","og_title":"Cyberharc\u00e8lement : sensibiliser aux bons usages d'Internet","og_description":"Pour lutter contre le Cyberharc\u00e8lement un atelier est cr\u00e9\u00e9 pour sensibiliser aux bons usages d'Internet. Suit un concours d'affiches.","og_url":"https:\/\/www.saint-paul-angouleme.fr\/application\/cyberharcelement-sensibiliser-aux-bons-usages-dinternet\/","og_site_name":"Actualit\u00e9s","article_publisher":"https:\/\/www.facebook.com\/SaintPaulAngouleme16\/","article_published_time":"2024-04-04T09:49:14+00:00","article_modified_time":"2024-04-04T09:49:17+00:00","og_image":[{"width":2000,"height":1500,"url":"https:\/\/www.saint-paul-angouleme.fr\/application\/wp-content\/uploads\/2024\/04\/IMG_20240326_124832.jpg","type":"image\/jpeg"}],"author":"SAINT-PAUL","twitter_card":"summary_large_image","twitter_creator":"@StPaulAngoulem","twitter_site":"@StPaulAngoulem","twitter_misc":{"\u00c9crit par":"SAINT-PAUL","Dur\u00e9e de lecture estim\u00e9e":"2 minutes"},"schema":{"@context":"https:\/\/schema.org","@graph":[{"@type":"Article","@id":"https:\/\/www.saint-paul-angouleme.fr\/application\/cyberharcelement-sensibiliser-aux-bons-usages-dinternet\/#article","isPartOf":{"@id":"https:\/\/www.saint-paul-angouleme.fr\/application\/cyberharcelement-sensibiliser-aux-bons-usages-dinternet\/"},"author":{"name":"SAINT-PAUL","@id":"https:\/\/www.saint-paul-angouleme.fr\/application\/#\/schema\/person\/ea152930b1a3823659065827b1a5fb9b"},"headline":"Sensibilisation au Cyberharc\u00e8lement : r\u00e9sultats du concours &#8220;Les bons usages d&#8217;Internet&#8221;","datePublished":"2024-04-04T09:49:14+00:00","dateModified":"2024-04-04T09:49:17+00:00","mainEntityOfPage":{"@id":"https:\/\/www.saint-paul-angouleme.fr\/application\/cyberharcelement-sensibiliser-aux-bons-usages-dinternet\/"},"wordCount":241,"commentCount":0,"publisher":{"@id":"https:\/\/www.saint-paul-angouleme.fr\/application\/#organization"},"image":{"@id":"https:\/\/www.saint-paul-angouleme.fr\/application\/cyberharcelement-sensibiliser-aux-bons-usages-dinternet\/#primaryimage"},"thumbnailUrl":"https:\/\/www.saint-paul-angouleme.fr\/application\/wp-content\/uploads\/2024\/04\/IMG_20240326_124832.jpg","keywords":["Cyberharc\u00e8lement","Internet"],"articleSection":["Regard sur"],"inLanguage":"fr-FR","potentialAction":[{"@type":"CommentAction","name":"Comment","target":["https:\/\/www.saint-paul-angouleme.fr\/application\/cyberharcelement-sensibiliser-aux-bons-usages-dinternet\/#respond"]}]},{"@type":"WebPage","@id":"https:\/\/www.saint-paul-angouleme.fr\/application\/cyberharcelement-sensibiliser-aux-bons-usages-dinternet\/","url":"https:\/\/www.saint-paul-angouleme.fr\/application\/cyberharcelement-sensibiliser-aux-bons-usages-dinternet\/","name":"Cyberharc\u00e8lement : sensibiliser aux bons usages d'Internet","isPartOf":{"@id":"https:\/\/www.saint-paul-angouleme.fr\/application\/#website"},"primaryImageOfPage":{"@id":"https:\/\/www.saint-paul-angouleme.fr\/application\/cyberharcelement-sensibiliser-aux-bons-usages-dinternet\/#primaryimage"},"image":{"@id":"https:\/\/www.saint-paul-angouleme.fr\/application\/cyberharcelement-sensibiliser-aux-bons-usages-dinternet\/#primaryimage"},"thumbnailUrl":"https:\/\/www.saint-paul-angouleme.fr\/application\/wp-content\/uploads\/2024\/04\/IMG_20240326_124832.jpg","datePublished":"2024-04-04T09:49:14+00:00","dateModified":"2024-04-04T09:49:17+00:00","description":"Pour lutter contre le Cyberharc\u00e8lement un atelier est cr\u00e9\u00e9 pour sensibiliser aux bons usages d'Internet. Suit un concours d'affiches.","breadcrumb":{"@id":"https:\/\/www.saint-paul-angouleme.fr\/application\/cyberharcelement-sensibiliser-aux-bons-usages-dinternet\/#breadcrumb"},"inLanguage":"fr-FR","potentialAction":[{"@type":"ReadAction","target":["https:\/\/www.saint-paul-angouleme.fr\/application\/cyberharcelement-sensibiliser-aux-bons-usages-dinternet\/"]}]},{"@type":"ImageObject","inLanguage":"fr-FR","@id":"https:\/\/www.saint-paul-angouleme.fr\/application\/cyberharcelement-sensibiliser-aux-bons-usages-dinternet\/#primaryimage","url":"https:\/\/www.saint-paul-angouleme.fr\/application\/wp-content\/uploads\/2024\/04\/IMG_20240326_124832.jpg","contentUrl":"https:\/\/www.saint-paul-angouleme.fr\/application\/wp-content\/uploads\/2024\/04\/IMG_20240326_124832.jpg","width":2000,"height":1500},{"@type":"BreadcrumbList","@id":"https:\/\/www.saint-paul-angouleme.fr\/application\/cyberharcelement-sensibiliser-aux-bons-usages-dinternet\/#breadcrumb","itemListElement":[{"@type":"ListItem","position":1,"name":"Accueil","item":"http:\/\/www.saint-paul-angouleme.fr\/application\/"},{"@type":"ListItem","position":2,"name":"Sensibilisation au Cyberharc\u00e8lement : r\u00e9sultats du concours &#8220;Les bons usages d&#8217;Internet&#8221;"}]},{"@type":"WebSite","@id":"https:\/\/www.saint-paul-angouleme.fr\/application\/#website","url":"https:\/\/www.saint-paul-angouleme.fr\/application\/","name":"Actualit\u00e9s","description":"Actualit\u00e9s Saint Paul","publisher":{"@id":"https:\/\/www.saint-paul-angouleme.fr\/application\/#organization"},"potentialAction":[{"@type":"SearchAction","target":{"@type":"EntryPoint","urlTemplate":"https:\/\/www.saint-paul-angouleme.fr\/application\/?s={search_term_string}"},"query-input":"required name=search_term_string"}],"inLanguage":"fr-FR"},{"@type":"Organization","@id":"https:\/\/www.saint-paul-angouleme.fr\/application\/#organization","name":"Ensemble scolaire Saint-Paul","url":"https:\/\/www.saint-paul-angouleme.fr\/application\/","logo":{"@type":"ImageObject","inLanguage":"fr-FR","@id":"https:\/\/www.saint-paul-angouleme.fr\/application\/#\/schema\/logo\/image\/","url":"https:\/\/www.saint-paul-angouleme.fr\/application\/wp-content\/uploads\/2018\/08\/logo-saint-paul-couleurs.jpg","contentUrl":"https:\/\/www.saint-paul-angouleme.fr\/application\/wp-content\/uploads\/2018\/08\/logo-saint-paul-couleurs.jpg","width":1890,"height":709,"caption":"Ensemble scolaire Saint-Paul"},"image":{"@id":"https:\/\/www.saint-paul-angouleme.fr\/application\/#\/schema\/logo\/image\/"},"sameAs":["https:\/\/www.facebook.com\/SaintPaulAngouleme16\/","https:\/\/x.com\/StPaulAngoulem","https:\/\/www.youtube.com\/channel\/UCRLpz1CmPVqc0gn--YyXvjA?view_as=subscriber"]},{"@type":"Person","@id":"https:\/\/www.saint-paul-angouleme.fr\/application\/#\/schema\/person\/ea152930b1a3823659065827b1a5fb9b","name":"SAINT-PAUL","image":{"@type":"ImageObject","inLanguage":"fr-FR","@id":"https:\/\/www.saint-paul-angouleme.fr\/application\/#\/schema\/person\/image\/","url":"https:\/\/secure.gravatar.com\/avatar\/eadb0ffebc02683a61d69038eb2924f0?s=96&r=g","contentUrl":"https:\/\/secure.gravatar.com\/avatar\/eadb0ffebc02683a61d69038eb2924f0?s=96&r=g","caption":"SAINT-PAUL"},"url":"https:\/\/www.saint-paul-angouleme.fr\/application\/author\/myriam\/"}]}},"_links":{"self":[{"href":"https:\/\/www.saint-paul-angouleme.fr\/application\/wp-json\/wp\/v2\/posts\/9442"}],"collection":[{"href":"https:\/\/www.saint-paul-angouleme.fr\/application\/wp-json\/wp\/v2\/posts"}],"about":[{"href":"https:\/\/www.saint-paul-angouleme.fr\/application\/wp-json\/wp\/v2\/types\/post"}],"author":[{"embeddable":true,"href":"https:\/\/www.saint-paul-angouleme.fr\/application\/wp-json\/wp\/v2\/users\/3"}],"replies":[{"embeddable":true,"href":"https:\/\/www.saint-paul-angouleme.fr\/application\/wp-json\/wp\/v2\/comments?post=9442"}],"version-history":[{"count":1,"href":"https:\/\/www.saint-paul-angouleme.fr\/application\/wp-json\/wp\/v2\/posts\/9442\/revisions"}],"predecessor-version":[{"id":9448,"href":"https:\/\/www.saint-paul-angouleme.fr\/application\/wp-json\/wp\/v2\/posts\/9442\/revisions\/9448"}],"wp:featuredmedia":[{"embeddable":true,"href":"https:\/\/www.saint-paul-angouleme.fr\/application\/wp-json\/wp\/v2\/media\/9444"}],"wp:attachment":[{"href":"https:\/\/www.saint-paul-angouleme.fr\/application\/wp-json\/wp\/v2\/media?parent=9442"}],"wp:term":[{"taxonomy":"category","embeddable":true,"href":"https:\/\/www.saint-paul-angouleme.fr\/application\/wp-json\/wp\/v2\/categories?post=9442"},{"taxonomy":"post_tag","embeddable":true,"href":"https:\/\/www.saint-paul-angouleme.fr\/application\/wp-json\/wp\/v2\/tags?post=9442"}],"curies":[{"name":"wp","href":"https:\/\/api.w.org\/{rel}","templated":true}]}}