{"id":9347,"date":"2024-03-27T17:03:49","date_gmt":"2024-03-27T16:03:49","guid":{"rendered":"https:\/\/www.saint-paul-angouleme.fr\/application\/?p=9347"},"modified":"2024-03-28T09:24:33","modified_gmt":"2024-03-28T08:24:33","slug":"sensibiliser-a-la-trisomie-21-avec-des-chaussettes-depareillees","status":"publish","type":"post","link":"https:\/\/www.saint-paul-angouleme.fr\/application\/sensibiliser-a-la-trisomie-21-avec-des-chaussettes-depareillees\/","title":{"rendered":"Des chaussettes d\u00e9pareill\u00e9es pour sensibiliser \u00e0 la Trisomie 21"},"content":{"rendered":"<div class=\"wp-block-image\">\n<figure class=\"aligncenter size-large\"><img loading=\"lazy\" decoding=\"async\" width=\"724\" height=\"1024\" src=\"https:\/\/www.saint-paul-angouleme.fr\/application\/wp-content\/uploads\/2024\/03\/433659121_1035166044916061_8767100844669282824_n-1-724x1024.jpg\" alt=\"Affiche journ\u00e9es chaussettes d\u00e9pareill\u00e9es\" class=\"wp-image-9348\" srcset=\"https:\/\/www.saint-paul-angouleme.fr\/application\/wp-content\/uploads\/2024\/03\/433659121_1035166044916061_8767100844669282824_n-1-724x1024.jpg 724w, https:\/\/www.saint-paul-angouleme.fr\/application\/wp-content\/uploads\/2024\/03\/433659121_1035166044916061_8767100844669282824_n-1-212x300.jpg 212w, https:\/\/www.saint-paul-angouleme.fr\/application\/wp-content\/uploads\/2024\/03\/433659121_1035166044916061_8767100844669282824_n-1-768x1086.jpg 768w, https:\/\/www.saint-paul-angouleme.fr\/application\/wp-content\/uploads\/2024\/03\/433659121_1035166044916061_8767100844669282824_n-1-1086x1536.jpg 1086w, https:\/\/www.saint-paul-angouleme.fr\/application\/wp-content\/uploads\/2024\/03\/433659121_1035166044916061_8767100844669282824_n-1.jpg 1240w\" sizes=\"(max-width: 724px) 100vw, 724px\" \/><figcaption>Chaussettes d\u00e9pareill\u00e9es pour la trisomie 21<\/figcaption><\/figure><\/div>\n\n\n<p><\/p>\n\n\n\n<p>Le jeudi 21 mars est la journ\u00e9e mondiale de la Trisomie 21, pour sensibiliser \u00e0 cette pathologie et surtout inviter \u00e0 porter un autre regard sur les personnes atteintes. Dans ce cadre, l&#8217;op\u00e9ration &#8220;Chaussettes d\u00e9pareill\u00e9es vient donc inviter \u00e0 accepter la diff\u00e9rence. Chacun, petit ou grand, est invit\u00e9 \u00e0 participer. Des \u00e9l\u00e8ves de maternelles, du primaire ou encore du coll\u00e8ge-lyc\u00e9e ont jou\u00e9 le jeu ainsi que des adultes. Bravo \u00e0 tous !<\/p>\n\n\n\n<figure class=\"wp-block-gallery has-nested-images columns-default is-cropped wp-block-gallery-1 is-layout-flex wp-block-gallery-is-layout-flex\">\n<figure class=\"wp-block-image size-large\"><img loading=\"lazy\" decoding=\"async\" width=\"1024\" height=\"768\" data-id=\"9351\" src=\"https:\/\/www.saint-paul-angouleme.fr\/application\/wp-content\/uploads\/2024\/03\/mater-1024x768.jpg\" alt=\"\" class=\"wp-image-9351\" srcset=\"https:\/\/www.saint-paul-angouleme.fr\/application\/wp-content\/uploads\/2024\/03\/mater-1024x768.jpg 1024w, https:\/\/www.saint-paul-angouleme.fr\/application\/wp-content\/uploads\/2024\/03\/mater-300x225.jpg 300w, https:\/\/www.saint-paul-angouleme.fr\/application\/wp-content\/uploads\/2024\/03\/mater-768x576.jpg 768w, https:\/\/www.saint-paul-angouleme.fr\/application\/wp-content\/uploads\/2024\/03\/mater-1536x1152.jpg 1536w, https:\/\/www.saint-paul-angouleme.fr\/application\/wp-content\/uploads\/2024\/03\/mater.jpg 1600w\" sizes=\"(max-width: 1024px) 100vw, 1024px\" \/><\/figure>\n\n\n\n<figure class=\"wp-block-image size-large\"><img loading=\"lazy\" decoding=\"async\" width=\"1024\" height=\"769\" data-id=\"9352\" src=\"https:\/\/www.saint-paul-angouleme.fr\/application\/wp-content\/uploads\/2024\/03\/Primaire-1024x769.jpg\" alt=\"\" class=\"wp-image-9352\" srcset=\"https:\/\/www.saint-paul-angouleme.fr\/application\/wp-content\/uploads\/2024\/03\/Primaire-1024x769.jpg 1024w, https:\/\/www.saint-paul-angouleme.fr\/application\/wp-content\/uploads\/2024\/03\/Primaire-300x225.jpg 300w, https:\/\/www.saint-paul-angouleme.fr\/application\/wp-content\/uploads\/2024\/03\/Primaire-768x576.jpg 768w, https:\/\/www.saint-paul-angouleme.fr\/application\/wp-content\/uploads\/2024\/03\/Primaire-1536x1153.jpg 1536w, https:\/\/www.saint-paul-angouleme.fr\/application\/wp-content\/uploads\/2024\/03\/Primaire.jpg 1600w\" sizes=\"(max-width: 1024px) 100vw, 1024px\" \/><\/figure>\n\n\n\n<figure class=\"wp-block-image size-large\"><img loading=\"lazy\" decoding=\"async\" width=\"1000\" height=\"625\" data-id=\"9350\" src=\"https:\/\/www.saint-paul-angouleme.fr\/application\/wp-content\/uploads\/2024\/03\/img-1315.jpg\" alt=\"\" class=\"wp-image-9350\" srcset=\"https:\/\/www.saint-paul-angouleme.fr\/application\/wp-content\/uploads\/2024\/03\/img-1315.jpg 1000w, https:\/\/www.saint-paul-angouleme.fr\/application\/wp-content\/uploads\/2024\/03\/img-1315-300x188.jpg 300w, https:\/\/www.saint-paul-angouleme.fr\/application\/wp-content\/uploads\/2024\/03\/img-1315-768x480.jpg 768w\" sizes=\"(max-width: 1000px) 100vw, 1000px\" \/><figcaption><a href=\"https:\/\/www.charentelibre.fr\/societe\/a-angouleme-pour-la-journee-mondiale-de-la-trisomie-21-saint-paul-vante-les-chaussettes-depareillees-19045892.php\" target=\"_blank\" rel=\"noreferrer noopener\">https:\/\/www.charentelibre.fr\/societe\/a-angouleme-pour-la-journee-mondiale-de-la-trisomie-21-saint-paul-vante-les-chaussettes-depareillees-19045892.php<\/a><\/figcaption><\/figure>\n<\/figure>\n\n\n\n<p><\/p>\n\n\n\n<figure class=\"wp-block-image size-large\"><img loading=\"lazy\" decoding=\"async\" width=\"1024\" height=\"212\" src=\"https:\/\/www.saint-paul-angouleme.fr\/application\/wp-content\/uploads\/2024\/03\/20240321_153009_001-1024x212.jpg\" alt=\"\" class=\"wp-image-9353\" srcset=\"https:\/\/www.saint-paul-angouleme.fr\/application\/wp-content\/uploads\/2024\/03\/20240321_153009_001-1024x212.jpg 1024w, https:\/\/www.saint-paul-angouleme.fr\/application\/wp-content\/uploads\/2024\/03\/20240321_153009_001-300x62.jpg 300w, https:\/\/www.saint-paul-angouleme.fr\/application\/wp-content\/uploads\/2024\/03\/20240321_153009_001-768x159.jpg 768w, https:\/\/www.saint-paul-angouleme.fr\/application\/wp-content\/uploads\/2024\/03\/20240321_153009_001-1536x318.jpg 1536w, https:\/\/www.saint-paul-angouleme.fr\/application\/wp-content\/uploads\/2024\/03\/20240321_153009_001-2048x424.jpg 2048w\" sizes=\"(max-width: 1024px) 100vw, 1024px\" \/><\/figure>\n\n\n\n<p><\/p>\n\n\n<div class=\"wp-block-image\">\n<figure class=\"aligncenter size-large\"><img loading=\"lazy\" decoding=\"async\" width=\"768\" height=\"1024\" src=\"https:\/\/www.saint-paul-angouleme.fr\/application\/wp-content\/uploads\/2024\/03\/a-1-768x1024.jpg\" alt=\"Les lyc\u00e9ens aussi portent des chaussettes d\u00e9pareill\u00e9es\" class=\"wp-image-9358\" srcset=\"https:\/\/www.saint-paul-angouleme.fr\/application\/wp-content\/uploads\/2024\/03\/a-1-768x1024.jpg 768w, https:\/\/www.saint-paul-angouleme.fr\/application\/wp-content\/uploads\/2024\/03\/a-1-225x300.jpg 225w, https:\/\/www.saint-paul-angouleme.fr\/application\/wp-content\/uploads\/2024\/03\/a-1-1152x1536.jpg 1152w, https:\/\/www.saint-paul-angouleme.fr\/application\/wp-content\/uploads\/2024\/03\/a-1-1536x2048.jpg 1536w, https:\/\/www.saint-paul-angouleme.fr\/application\/wp-content\/uploads\/2024\/03\/a-1-scaled.jpg 1920w\" sizes=\"(max-width: 768px) 100vw, 768px\" \/><\/figure><\/div>","protected":false},"excerpt":{"rendered":"<p>Le jeudi 21 mars est la journ\u00e9e mondiale de la Trisomie 21, pour sensibiliser \u00e0 cette pathologie et surtout inviter \u00e0 porter un autre regard sur les personnes atteintes. Dans ce cadre, l&#8217;op\u00e9ration &#8220;Chaussettes d\u00e9pareill\u00e9es vient donc inviter \u00e0 accepter la diff\u00e9rence. Chacun, petit ou grand, est invit\u00e9 \u00e0 participer. Des \u00e9l\u00e8ves de maternelles, du &#8230; <a title=\"Des chaussettes d\u00e9pareill\u00e9es pour sensibiliser \u00e0 la Trisomie 21\" class=\"read-more\" href=\"https:\/\/www.saint-paul-angouleme.fr\/application\/sensibiliser-a-la-trisomie-21-avec-des-chaussettes-depareillees\/\" aria-label=\"Read more about Des chaussettes d\u00e9pareill\u00e9es pour sensibiliser \u00e0 la Trisomie 21\">Lire la suite<\/a><\/p>\n","protected":false},"author":3,"featured_media":9349,"comment_status":"open","ping_status":"open","sticky":false,"template":"","format":"standard","meta":{"_exactmetrics_skip_tracking":false,"_exactmetrics_sitenote_active":false,"_exactmetrics_sitenote_note":"","_exactmetrics_sitenote_category":0,"footnotes":""},"categories":[11],"tags":[],"class_list":["post-9347","post","type-post","status-publish","format-standard","has-post-thumbnail","hentry","category-pour-aller-plus-loin"],"yoast_head":"<!-- This site is optimized with the Yoast SEO plugin v23.3 - https:\/\/yoast.com\/wordpress\/plugins\/seo\/ -->\n<title>Sensibiliser \u00e0 la trisomie 21 avec des chaussettes d\u00e9pareill\u00e9es<\/title>\n<meta name=\"description\" content=\"Pour sensibiliser \u00e0 la Trisomie 21, notamment au respect de la diff\u00e9rence, l&#039;ensemble Scolaire Saint-Paul a mis des chaussettes d\u00e9pareill\u00e9es.\" \/>\n<meta name=\"robots\" content=\"index, follow, max-snippet:-1, max-image-preview:large, max-video-preview:-1\" \/>\n<link rel=\"canonical\" href=\"https:\/\/www.saint-paul-angouleme.fr\/application\/sensibiliser-a-la-trisomie-21-avec-des-chaussettes-depareillees\/\" \/>\n<meta property=\"og:locale\" content=\"fr_FR\" \/>\n<meta property=\"og:type\" content=\"article\" \/>\n<meta property=\"og:title\" content=\"Sensibiliser \u00e0 la trisomie 21 avec des chaussettes d\u00e9pareill\u00e9es\" \/>\n<meta property=\"og:description\" content=\"Pour sensibiliser \u00e0 la Trisomie 21, notamment au respect de la diff\u00e9rence, l&#039;ensemble Scolaire Saint-Paul a mis des chaussettes d\u00e9pareill\u00e9es.\" \/>\n<meta property=\"og:url\" content=\"https:\/\/www.saint-paul-angouleme.fr\/application\/sensibiliser-a-la-trisomie-21-avec-des-chaussettes-depareillees\/\" \/>\n<meta property=\"og:site_name\" content=\"Actualit\u00e9s\" \/>\n<meta property=\"article:publisher\" content=\"https:\/\/www.facebook.com\/SaintPaulAngouleme16\/\" \/>\n<meta property=\"article:published_time\" content=\"2024-03-27T16:03:49+00:00\" \/>\n<meta property=\"article:modified_time\" content=\"2024-03-28T08:24:33+00:00\" \/>\n<meta property=\"og:image\" content=\"https:\/\/www.saint-paul-angouleme.fr\/application\/wp-content\/uploads\/2024\/03\/20240321_152752-scaled.jpg\" \/>\n\t<meta property=\"og:image:width\" content=\"1584\" \/>\n\t<meta property=\"og:image:height\" content=\"2560\" \/>\n\t<meta property=\"og:image:type\" content=\"image\/jpeg\" \/>\n<meta name=\"author\" content=\"SAINT-PAUL\" \/>\n<meta name=\"twitter:card\" content=\"summary_large_image\" \/>\n<meta name=\"twitter:creator\" content=\"@StPaulAngoulem\" \/>\n<meta name=\"twitter:site\" content=\"@StPaulAngoulem\" \/>\n<meta name=\"twitter:label1\" content=\"\u00c9crit par\" \/>\n\t<meta name=\"twitter:data1\" content=\"SAINT-PAUL\" \/>\n\t<meta name=\"twitter:label2\" content=\"Dur\u00e9e de lecture estim\u00e9e\" \/>\n\t<meta name=\"twitter:data2\" content=\"2 minutes\" \/>\n<script type=\"application\/ld+json\" class=\"yoast-schema-graph\">{\"@context\":\"https:\/\/schema.org\",\"@graph\":[{\"@type\":\"Article\",\"@id\":\"https:\/\/www.saint-paul-angouleme.fr\/application\/sensibiliser-a-la-trisomie-21-avec-des-chaussettes-depareillees\/#article\",\"isPartOf\":{\"@id\":\"https:\/\/www.saint-paul-angouleme.fr\/application\/sensibiliser-a-la-trisomie-21-avec-des-chaussettes-depareillees\/\"},\"author\":{\"name\":\"SAINT-PAUL\",\"@id\":\"https:\/\/www.saint-paul-angouleme.fr\/application\/#\/schema\/person\/ea152930b1a3823659065827b1a5fb9b\"},\"headline\":\"Des chaussettes d\u00e9pareill\u00e9es pour sensibiliser \u00e0 la Trisomie 21\",\"datePublished\":\"2024-03-27T16:03:49+00:00\",\"dateModified\":\"2024-03-28T08:24:33+00:00\",\"mainEntityOfPage\":{\"@id\":\"https:\/\/www.saint-paul-angouleme.fr\/application\/sensibiliser-a-la-trisomie-21-avec-des-chaussettes-depareillees\/\"},\"wordCount\":97,\"commentCount\":0,\"publisher\":{\"@id\":\"https:\/\/www.saint-paul-angouleme.fr\/application\/#organization\"},\"image\":{\"@id\":\"https:\/\/www.saint-paul-angouleme.fr\/application\/sensibiliser-a-la-trisomie-21-avec-des-chaussettes-depareillees\/#primaryimage\"},\"thumbnailUrl\":\"https:\/\/www.saint-paul-angouleme.fr\/application\/wp-content\/uploads\/2024\/03\/20240321_152752-scaled.jpg\",\"articleSection\":[\"Pour aller plus loin\"],\"inLanguage\":\"fr-FR\",\"potentialAction\":[{\"@type\":\"CommentAction\",\"name\":\"Comment\",\"target\":[\"https:\/\/www.saint-paul-angouleme.fr\/application\/sensibiliser-a-la-trisomie-21-avec-des-chaussettes-depareillees\/#respond\"]}]},{\"@type\":\"WebPage\",\"@id\":\"https:\/\/www.saint-paul-angouleme.fr\/application\/sensibiliser-a-la-trisomie-21-avec-des-chaussettes-depareillees\/\",\"url\":\"https:\/\/www.saint-paul-angouleme.fr\/application\/sensibiliser-a-la-trisomie-21-avec-des-chaussettes-depareillees\/\",\"name\":\"Sensibiliser \u00e0 la trisomie 21 avec des chaussettes d\u00e9pareill\u00e9es\",\"isPartOf\":{\"@id\":\"https:\/\/www.saint-paul-angouleme.fr\/application\/#website\"},\"primaryImageOfPage\":{\"@id\":\"https:\/\/www.saint-paul-angouleme.fr\/application\/sensibiliser-a-la-trisomie-21-avec-des-chaussettes-depareillees\/#primaryimage\"},\"image\":{\"@id\":\"https:\/\/www.saint-paul-angouleme.fr\/application\/sensibiliser-a-la-trisomie-21-avec-des-chaussettes-depareillees\/#primaryimage\"},\"thumbnailUrl\":\"https:\/\/www.saint-paul-angouleme.fr\/application\/wp-content\/uploads\/2024\/03\/20240321_152752-scaled.jpg\",\"datePublished\":\"2024-03-27T16:03:49+00:00\",\"dateModified\":\"2024-03-28T08:24:33+00:00\",\"description\":\"Pour sensibiliser \u00e0 la Trisomie 21, notamment au respect de la diff\u00e9rence, l'ensemble Scolaire Saint-Paul a mis des chaussettes d\u00e9pareill\u00e9es.\",\"breadcrumb\":{\"@id\":\"https:\/\/www.saint-paul-angouleme.fr\/application\/sensibiliser-a-la-trisomie-21-avec-des-chaussettes-depareillees\/#breadcrumb\"},\"inLanguage\":\"fr-FR\",\"potentialAction\":[{\"@type\":\"ReadAction\",\"target\":[\"https:\/\/www.saint-paul-angouleme.fr\/application\/sensibiliser-a-la-trisomie-21-avec-des-chaussettes-depareillees\/\"]}]},{\"@type\":\"ImageObject\",\"inLanguage\":\"fr-FR\",\"@id\":\"https:\/\/www.saint-paul-angouleme.fr\/application\/sensibiliser-a-la-trisomie-21-avec-des-chaussettes-depareillees\/#primaryimage\",\"url\":\"https:\/\/www.saint-paul-angouleme.fr\/application\/wp-content\/uploads\/2024\/03\/20240321_152752-scaled.jpg\",\"contentUrl\":\"https:\/\/www.saint-paul-angouleme.fr\/application\/wp-content\/uploads\/2024\/03\/20240321_152752-scaled.jpg\",\"width\":1584,\"height\":2560},{\"@type\":\"BreadcrumbList\",\"@id\":\"https:\/\/www.saint-paul-angouleme.fr\/application\/sensibiliser-a-la-trisomie-21-avec-des-chaussettes-depareillees\/#breadcrumb\",\"itemListElement\":[{\"@type\":\"ListItem\",\"position\":1,\"name\":\"Accueil\",\"item\":\"http:\/\/www.saint-paul-angouleme.fr\/application\/\"},{\"@type\":\"ListItem\",\"position\":2,\"name\":\"Des chaussettes d\u00e9pareill\u00e9es pour sensibiliser \u00e0 la Trisomie 21\"}]},{\"@type\":\"WebSite\",\"@id\":\"https:\/\/www.saint-paul-angouleme.fr\/application\/#website\",\"url\":\"https:\/\/www.saint-paul-angouleme.fr\/application\/\",\"name\":\"Actualit\u00e9s\",\"description\":\"Actualit\u00e9s Saint Paul\",\"publisher\":{\"@id\":\"https:\/\/www.saint-paul-angouleme.fr\/application\/#organization\"},\"potentialAction\":[{\"@type\":\"SearchAction\",\"target\":{\"@type\":\"EntryPoint\",\"urlTemplate\":\"https:\/\/www.saint-paul-angouleme.fr\/application\/?s={search_term_string}\"},\"query-input\":\"required name=search_term_string\"}],\"inLanguage\":\"fr-FR\"},{\"@type\":\"Organization\",\"@id\":\"https:\/\/www.saint-paul-angouleme.fr\/application\/#organization\",\"name\":\"Ensemble scolaire Saint-Paul\",\"url\":\"https:\/\/www.saint-paul-angouleme.fr\/application\/\",\"logo\":{\"@type\":\"ImageObject\",\"inLanguage\":\"fr-FR\",\"@id\":\"https:\/\/www.saint-paul-angouleme.fr\/application\/#\/schema\/logo\/image\/\",\"url\":\"https:\/\/www.saint-paul-angouleme.fr\/application\/wp-content\/uploads\/2018\/08\/logo-saint-paul-couleurs.jpg\",\"contentUrl\":\"https:\/\/www.saint-paul-angouleme.fr\/application\/wp-content\/uploads\/2018\/08\/logo-saint-paul-couleurs.jpg\",\"width\":1890,\"height\":709,\"caption\":\"Ensemble scolaire Saint-Paul\"},\"image\":{\"@id\":\"https:\/\/www.saint-paul-angouleme.fr\/application\/#\/schema\/logo\/image\/\"},\"sameAs\":[\"https:\/\/www.facebook.com\/SaintPaulAngouleme16\/\",\"https:\/\/x.com\/StPaulAngoulem\",\"https:\/\/www.youtube.com\/channel\/UCRLpz1CmPVqc0gn--YyXvjA?view_as=subscriber\"]},{\"@type\":\"Person\",\"@id\":\"https:\/\/www.saint-paul-angouleme.fr\/application\/#\/schema\/person\/ea152930b1a3823659065827b1a5fb9b\",\"name\":\"SAINT-PAUL\",\"image\":{\"@type\":\"ImageObject\",\"inLanguage\":\"fr-FR\",\"@id\":\"https:\/\/www.saint-paul-angouleme.fr\/application\/#\/schema\/person\/image\/\",\"url\":\"https:\/\/secure.gravatar.com\/avatar\/eadb0ffebc02683a61d69038eb2924f0?s=96&r=g\",\"contentUrl\":\"https:\/\/secure.gravatar.com\/avatar\/eadb0ffebc02683a61d69038eb2924f0?s=96&r=g\",\"caption\":\"SAINT-PAUL\"},\"url\":\"https:\/\/www.saint-paul-angouleme.fr\/application\/author\/myriam\/\"}]}<\/script>\n<!-- \/ Yoast SEO plugin. -->","yoast_head_json":{"title":"Sensibiliser \u00e0 la trisomie 21 avec des chaussettes d\u00e9pareill\u00e9es","description":"Pour sensibiliser \u00e0 la Trisomie 21, notamment au respect de la diff\u00e9rence, l'ensemble Scolaire Saint-Paul a mis des chaussettes d\u00e9pareill\u00e9es.","robots":{"index":"index","follow":"follow","max-snippet":"max-snippet:-1","max-image-preview":"max-image-preview:large","max-video-preview":"max-video-preview:-1"},"canonical":"https:\/\/www.saint-paul-angouleme.fr\/application\/sensibiliser-a-la-trisomie-21-avec-des-chaussettes-depareillees\/","og_locale":"fr_FR","og_type":"article","og_title":"Sensibiliser \u00e0 la trisomie 21 avec des chaussettes d\u00e9pareill\u00e9es","og_description":"Pour sensibiliser \u00e0 la Trisomie 21, notamment au respect de la diff\u00e9rence, l'ensemble Scolaire Saint-Paul a mis des chaussettes d\u00e9pareill\u00e9es.","og_url":"https:\/\/www.saint-paul-angouleme.fr\/application\/sensibiliser-a-la-trisomie-21-avec-des-chaussettes-depareillees\/","og_site_name":"Actualit\u00e9s","article_publisher":"https:\/\/www.facebook.com\/SaintPaulAngouleme16\/","article_published_time":"2024-03-27T16:03:49+00:00","article_modified_time":"2024-03-28T08:24:33+00:00","og_image":[{"width":1584,"height":2560,"url":"https:\/\/www.saint-paul-angouleme.fr\/application\/wp-content\/uploads\/2024\/03\/20240321_152752-scaled.jpg","type":"image\/jpeg"}],"author":"SAINT-PAUL","twitter_card":"summary_large_image","twitter_creator":"@StPaulAngoulem","twitter_site":"@StPaulAngoulem","twitter_misc":{"\u00c9crit par":"SAINT-PAUL","Dur\u00e9e de lecture estim\u00e9e":"2 minutes"},"schema":{"@context":"https:\/\/schema.org","@graph":[{"@type":"Article","@id":"https:\/\/www.saint-paul-angouleme.fr\/application\/sensibiliser-a-la-trisomie-21-avec-des-chaussettes-depareillees\/#article","isPartOf":{"@id":"https:\/\/www.saint-paul-angouleme.fr\/application\/sensibiliser-a-la-trisomie-21-avec-des-chaussettes-depareillees\/"},"author":{"name":"SAINT-PAUL","@id":"https:\/\/www.saint-paul-angouleme.fr\/application\/#\/schema\/person\/ea152930b1a3823659065827b1a5fb9b"},"headline":"Des chaussettes d\u00e9pareill\u00e9es pour sensibiliser \u00e0 la Trisomie 21","datePublished":"2024-03-27T16:03:49+00:00","dateModified":"2024-03-28T08:24:33+00:00","mainEntityOfPage":{"@id":"https:\/\/www.saint-paul-angouleme.fr\/application\/sensibiliser-a-la-trisomie-21-avec-des-chaussettes-depareillees\/"},"wordCount":97,"commentCount":0,"publisher":{"@id":"https:\/\/www.saint-paul-angouleme.fr\/application\/#organization"},"image":{"@id":"https:\/\/www.saint-paul-angouleme.fr\/application\/sensibiliser-a-la-trisomie-21-avec-des-chaussettes-depareillees\/#primaryimage"},"thumbnailUrl":"https:\/\/www.saint-paul-angouleme.fr\/application\/wp-content\/uploads\/2024\/03\/20240321_152752-scaled.jpg","articleSection":["Pour aller plus loin"],"inLanguage":"fr-FR","potentialAction":[{"@type":"CommentAction","name":"Comment","target":["https:\/\/www.saint-paul-angouleme.fr\/application\/sensibiliser-a-la-trisomie-21-avec-des-chaussettes-depareillees\/#respond"]}]},{"@type":"WebPage","@id":"https:\/\/www.saint-paul-angouleme.fr\/application\/sensibiliser-a-la-trisomie-21-avec-des-chaussettes-depareillees\/","url":"https:\/\/www.saint-paul-angouleme.fr\/application\/sensibiliser-a-la-trisomie-21-avec-des-chaussettes-depareillees\/","name":"Sensibiliser \u00e0 la trisomie 21 avec des chaussettes d\u00e9pareill\u00e9es","isPartOf":{"@id":"https:\/\/www.saint-paul-angouleme.fr\/application\/#website"},"primaryImageOfPage":{"@id":"https:\/\/www.saint-paul-angouleme.fr\/application\/sensibiliser-a-la-trisomie-21-avec-des-chaussettes-depareillees\/#primaryimage"},"image":{"@id":"https:\/\/www.saint-paul-angouleme.fr\/application\/sensibiliser-a-la-trisomie-21-avec-des-chaussettes-depareillees\/#primaryimage"},"thumbnailUrl":"https:\/\/www.saint-paul-angouleme.fr\/application\/wp-content\/uploads\/2024\/03\/20240321_152752-scaled.jpg","datePublished":"2024-03-27T16:03:49+00:00","dateModified":"2024-03-28T08:24:33+00:00","description":"Pour sensibiliser \u00e0 la Trisomie 21, notamment au respect de la diff\u00e9rence, l'ensemble Scolaire Saint-Paul a mis des chaussettes d\u00e9pareill\u00e9es.","breadcrumb":{"@id":"https:\/\/www.saint-paul-angouleme.fr\/application\/sensibiliser-a-la-trisomie-21-avec-des-chaussettes-depareillees\/#breadcrumb"},"inLanguage":"fr-FR","potentialAction":[{"@type":"ReadAction","target":["https:\/\/www.saint-paul-angouleme.fr\/application\/sensibiliser-a-la-trisomie-21-avec-des-chaussettes-depareillees\/"]}]},{"@type":"ImageObject","inLanguage":"fr-FR","@id":"https:\/\/www.saint-paul-angouleme.fr\/application\/sensibiliser-a-la-trisomie-21-avec-des-chaussettes-depareillees\/#primaryimage","url":"https:\/\/www.saint-paul-angouleme.fr\/application\/wp-content\/uploads\/2024\/03\/20240321_152752-scaled.jpg","contentUrl":"https:\/\/www.saint-paul-angouleme.fr\/application\/wp-content\/uploads\/2024\/03\/20240321_152752-scaled.jpg","width":1584,"height":2560},{"@type":"BreadcrumbList","@id":"https:\/\/www.saint-paul-angouleme.fr\/application\/sensibiliser-a-la-trisomie-21-avec-des-chaussettes-depareillees\/#breadcrumb","itemListElement":[{"@type":"ListItem","position":1,"name":"Accueil","item":"http:\/\/www.saint-paul-angouleme.fr\/application\/"},{"@type":"ListItem","position":2,"name":"Des chaussettes d\u00e9pareill\u00e9es pour sensibiliser \u00e0 la Trisomie 21"}]},{"@type":"WebSite","@id":"https:\/\/www.saint-paul-angouleme.fr\/application\/#website","url":"https:\/\/www.saint-paul-angouleme.fr\/application\/","name":"Actualit\u00e9s","description":"Actualit\u00e9s Saint Paul","publisher":{"@id":"https:\/\/www.saint-paul-angouleme.fr\/application\/#organization"},"potentialAction":[{"@type":"SearchAction","target":{"@type":"EntryPoint","urlTemplate":"https:\/\/www.saint-paul-angouleme.fr\/application\/?s={search_term_string}"},"query-input":"required name=search_term_string"}],"inLanguage":"fr-FR"},{"@type":"Organization","@id":"https:\/\/www.saint-paul-angouleme.fr\/application\/#organization","name":"Ensemble scolaire Saint-Paul","url":"https:\/\/www.saint-paul-angouleme.fr\/application\/","logo":{"@type":"ImageObject","inLanguage":"fr-FR","@id":"https:\/\/www.saint-paul-angouleme.fr\/application\/#\/schema\/logo\/image\/","url":"https:\/\/www.saint-paul-angouleme.fr\/application\/wp-content\/uploads\/2018\/08\/logo-saint-paul-couleurs.jpg","contentUrl":"https:\/\/www.saint-paul-angouleme.fr\/application\/wp-content\/uploads\/2018\/08\/logo-saint-paul-couleurs.jpg","width":1890,"height":709,"caption":"Ensemble scolaire Saint-Paul"},"image":{"@id":"https:\/\/www.saint-paul-angouleme.fr\/application\/#\/schema\/logo\/image\/"},"sameAs":["https:\/\/www.facebook.com\/SaintPaulAngouleme16\/","https:\/\/x.com\/StPaulAngoulem","https:\/\/www.youtube.com\/channel\/UCRLpz1CmPVqc0gn--YyXvjA?view_as=subscriber"]},{"@type":"Person","@id":"https:\/\/www.saint-paul-angouleme.fr\/application\/#\/schema\/person\/ea152930b1a3823659065827b1a5fb9b","name":"SAINT-PAUL","image":{"@type":"ImageObject","inLanguage":"fr-FR","@id":"https:\/\/www.saint-paul-angouleme.fr\/application\/#\/schema\/person\/image\/","url":"https:\/\/secure.gravatar.com\/avatar\/eadb0ffebc02683a61d69038eb2924f0?s=96&r=g","contentUrl":"https:\/\/secure.gravatar.com\/avatar\/eadb0ffebc02683a61d69038eb2924f0?s=96&r=g","caption":"SAINT-PAUL"},"url":"https:\/\/www.saint-paul-angouleme.fr\/application\/author\/myriam\/"}]}},"_links":{"self":[{"href":"https:\/\/www.saint-paul-angouleme.fr\/application\/wp-json\/wp\/v2\/posts\/9347"}],"collection":[{"href":"https:\/\/www.saint-paul-angouleme.fr\/application\/wp-json\/wp\/v2\/posts"}],"about":[{"href":"https:\/\/www.saint-paul-angouleme.fr\/application\/wp-json\/wp\/v2\/types\/post"}],"author":[{"embeddable":true,"href":"https:\/\/www.saint-paul-angouleme.fr\/application\/wp-json\/wp\/v2\/users\/3"}],"replies":[{"embeddable":true,"href":"https:\/\/www.saint-paul-angouleme.fr\/application\/wp-json\/wp\/v2\/comments?post=9347"}],"version-history":[{"count":3,"href":"https:\/\/www.saint-paul-angouleme.fr\/application\/wp-json\/wp\/v2\/posts\/9347\/revisions"}],"predecessor-version":[{"id":9361,"href":"https:\/\/www.saint-paul-angouleme.fr\/application\/wp-json\/wp\/v2\/posts\/9347\/revisions\/9361"}],"wp:featuredmedia":[{"embeddable":true,"href":"https:\/\/www.saint-paul-angouleme.fr\/application\/wp-json\/wp\/v2\/media\/9349"}],"wp:attachment":[{"href":"https:\/\/www.saint-paul-angouleme.fr\/application\/wp-json\/wp\/v2\/media?parent=9347"}],"wp:term":[{"taxonomy":"category","embeddable":true,"href":"https:\/\/www.saint-paul-angouleme.fr\/application\/wp-json\/wp\/v2\/categories?post=9347"},{"taxonomy":"post_tag","embeddable":true,"href":"https:\/\/www.saint-paul-angouleme.fr\/application\/wp-json\/wp\/v2\/tags?post=9347"}],"curies":[{"name":"wp","href":"https:\/\/api.w.org\/{rel}","templated":true}]}}