{"id":9159,"date":"2024-03-22T16:50:43","date_gmt":"2024-03-22T15:50:43","guid":{"rendered":"https:\/\/www.saint-paul-angouleme.fr\/application\/?p=9159"},"modified":"2024-03-22T17:08:42","modified_gmt":"2024-03-22T16:08:42","slug":"semaines-solidaires","status":"publish","type":"post","link":"https:\/\/www.saint-paul-angouleme.fr\/application\/semaines-solidaires\/","title":{"rendered":"Semaines Solidaires de l&#8217;Enseignement Catholique"},"content":{"rendered":"\n<figure class=\"wp-block-image size-large\"><img loading=\"lazy\" decoding=\"async\" width=\"1024\" height=\"404\" src=\"https:\/\/www.saint-paul-angouleme.fr\/application\/wp-content\/uploads\/2024\/03\/logo-ec-pc-1024x404.jpg\" alt=\"\" class=\"wp-image-9161\" srcset=\"https:\/\/www.saint-paul-angouleme.fr\/application\/wp-content\/uploads\/2024\/03\/logo-ec-pc-1024x404.jpg 1024w, https:\/\/www.saint-paul-angouleme.fr\/application\/wp-content\/uploads\/2024\/03\/logo-ec-pc-300x118.jpg 300w, https:\/\/www.saint-paul-angouleme.fr\/application\/wp-content\/uploads\/2024\/03\/logo-ec-pc-768x303.jpg 768w, https:\/\/www.saint-paul-angouleme.fr\/application\/wp-content\/uploads\/2024\/03\/logo-ec-pc.jpg 1101w\" sizes=\"(max-width: 1024px) 100vw, 1024px\" \/><\/figure>\n\n\n\n<p><\/p>\n\n\n\n<p>Les &#8220;Semaines Solidaires&#8221; c&#8217;est du 18 au 29 mars 2024 et donc, c&#8217;est maintenant ! Pendant ce temps du Car\u00eame et plus encore de la Semaine Sainte (\u00e0 partir de lundi 25 mars) les \u00e9tablissements catholiques d&#8217;enseignement mettent en \u0153uvre des projets de solidarit\u00e9  et les partagent.<\/p>\n\n\n\n<p><\/p>\n\n\n<div class=\"wp-block-image\">\n<figure class=\"aligncenter size-full\"><img loading=\"lazy\" decoding=\"async\" width=\"400\" height=\"800\" src=\"https:\/\/www.saint-paul-angouleme.fr\/application\/wp-content\/uploads\/2024\/03\/fbaab59f-4baf-4bcf-a673-65fc9fc590f5.jpg\" alt=\"Exemple de partage de projets solidaires sur Genially.\" class=\"wp-image-9162\" srcset=\"https:\/\/www.saint-paul-angouleme.fr\/application\/wp-content\/uploads\/2024\/03\/fbaab59f-4baf-4bcf-a673-65fc9fc590f5.jpg 400w, https:\/\/www.saint-paul-angouleme.fr\/application\/wp-content\/uploads\/2024\/03\/fbaab59f-4baf-4bcf-a673-65fc9fc590f5-150x300.jpg 150w\" sizes=\"(max-width: 400px) 100vw, 400px\" \/><\/figure><\/div>\n\n\n<p><\/p>\n\n\n\n<p>A Saint-Paul, depuis de nombreuses ann\u00e9es, cette pratique est r\u00e9currente. Ce petit clip vous r\u00e9capitule tout cela :<\/p>\n\n\n\n<figure class=\"wp-block-video aligncenter\"><video controls src=\"https:\/\/www.saint-paul-angouleme.fr\/application\/wp-content\/uploads\/2024\/03\/Semaines-Solidaires-2024.mp4\"><\/video><\/figure>\n","protected":false},"excerpt":{"rendered":"<p>Les &#8220;Semaines Solidaires&#8221; c&#8217;est du 18 au 29 mars 2024 et donc, c&#8217;est maintenant ! Pendant ce temps du Car\u00eame et plus encore de la Semaine Sainte (\u00e0 partir de lundi 25 mars) les \u00e9tablissements catholiques d&#8217;enseignement mettent en \u0153uvre des projets de solidarit\u00e9 et les partagent. A Saint-Paul, depuis de nombreuses ann\u00e9es, cette pratique &#8230; <a title=\"Semaines Solidaires de l&#8217;Enseignement Catholique\" class=\"read-more\" href=\"https:\/\/www.saint-paul-angouleme.fr\/application\/semaines-solidaires\/\" aria-label=\"Read more about Semaines Solidaires de l&#8217;Enseignement Catholique\">Lire la suite<\/a><\/p>\n","protected":false},"author":3,"featured_media":9165,"comment_status":"open","ping_status":"open","sticky":false,"template":"","format":"standard","meta":{"_exactmetrics_skip_tracking":false,"_exactmetrics_sitenote_active":false,"_exactmetrics_sitenote_note":"","_exactmetrics_sitenote_category":0,"footnotes":""},"categories":[11],"tags":[],"class_list":["post-9159","post","type-post","status-publish","format-standard","has-post-thumbnail","hentry","category-pour-aller-plus-loin"],"yoast_head":"<!-- This site is optimized with the Yoast SEO plugin v23.3 - https:\/\/yoast.com\/wordpress\/plugins\/seo\/ -->\n<title>Semaines Solidaires : Saint-Paul est partie prenante.<\/title>\n<meta name=\"description\" content=\"&quot;Semaines Solidaires&quot;, le temps du Car\u00eame est particuli\u00e8rement propice aux gestes de solidarit\u00e9. L&#039;Enseignement Catholique nous y invite.\" \/>\n<meta name=\"robots\" content=\"index, follow, max-snippet:-1, max-image-preview:large, max-video-preview:-1\" \/>\n<link rel=\"canonical\" href=\"https:\/\/www.saint-paul-angouleme.fr\/application\/semaines-solidaires\/\" \/>\n<meta property=\"og:locale\" content=\"fr_FR\" \/>\n<meta property=\"og:type\" content=\"article\" \/>\n<meta property=\"og:title\" content=\"Semaines Solidaires : Saint-Paul est partie prenante.\" \/>\n<meta property=\"og:description\" content=\"&quot;Semaines Solidaires&quot;, le temps du Car\u00eame est particuli\u00e8rement propice aux gestes de solidarit\u00e9. L&#039;Enseignement Catholique nous y invite.\" \/>\n<meta property=\"og:url\" content=\"https:\/\/www.saint-paul-angouleme.fr\/application\/semaines-solidaires\/\" \/>\n<meta property=\"og:site_name\" content=\"Actualit\u00e9s\" \/>\n<meta property=\"article:publisher\" content=\"https:\/\/www.facebook.com\/SaintPaulAngouleme16\/\" \/>\n<meta property=\"article:published_time\" content=\"2024-03-22T15:50:43+00:00\" \/>\n<meta property=\"article:modified_time\" content=\"2024-03-22T16:08:42+00:00\" \/>\n<meta property=\"og:image\" content=\"https:\/\/www.saint-paul-angouleme.fr\/application\/wp-content\/uploads\/2024\/03\/different-nationalities-2633028_1280.png\" \/>\n\t<meta property=\"og:image:width\" content=\"1280\" \/>\n\t<meta property=\"og:image:height\" content=\"947\" \/>\n\t<meta property=\"og:image:type\" content=\"image\/png\" \/>\n<meta name=\"author\" content=\"SAINT-PAUL\" \/>\n<meta name=\"twitter:card\" content=\"summary_large_image\" \/>\n<meta name=\"twitter:creator\" content=\"@StPaulAngoulem\" \/>\n<meta name=\"twitter:site\" content=\"@StPaulAngoulem\" \/>\n<meta name=\"twitter:label1\" content=\"\u00c9crit par\" \/>\n\t<meta name=\"twitter:data1\" content=\"SAINT-PAUL\" \/>\n\t<meta name=\"twitter:label2\" content=\"Dur\u00e9e de lecture estim\u00e9e\" \/>\n\t<meta name=\"twitter:data2\" content=\"1 minute\" \/>\n<script type=\"application\/ld+json\" class=\"yoast-schema-graph\">{\"@context\":\"https:\/\/schema.org\",\"@graph\":[{\"@type\":\"Article\",\"@id\":\"https:\/\/www.saint-paul-angouleme.fr\/application\/semaines-solidaires\/#article\",\"isPartOf\":{\"@id\":\"https:\/\/www.saint-paul-angouleme.fr\/application\/semaines-solidaires\/\"},\"author\":{\"name\":\"SAINT-PAUL\",\"@id\":\"https:\/\/www.saint-paul-angouleme.fr\/application\/#\/schema\/person\/ea152930b1a3823659065827b1a5fb9b\"},\"headline\":\"Semaines Solidaires de l&#8217;Enseignement Catholique\",\"datePublished\":\"2024-03-22T15:50:43+00:00\",\"dateModified\":\"2024-03-22T16:08:42+00:00\",\"mainEntityOfPage\":{\"@id\":\"https:\/\/www.saint-paul-angouleme.fr\/application\/semaines-solidaires\/\"},\"wordCount\":71,\"commentCount\":0,\"publisher\":{\"@id\":\"https:\/\/www.saint-paul-angouleme.fr\/application\/#organization\"},\"image\":{\"@id\":\"https:\/\/www.saint-paul-angouleme.fr\/application\/semaines-solidaires\/#primaryimage\"},\"thumbnailUrl\":\"https:\/\/www.saint-paul-angouleme.fr\/application\/wp-content\/uploads\/2024\/03\/different-nationalities-2633028_1280.png\",\"articleSection\":[\"Pour aller plus loin\"],\"inLanguage\":\"fr-FR\",\"potentialAction\":[{\"@type\":\"CommentAction\",\"name\":\"Comment\",\"target\":[\"https:\/\/www.saint-paul-angouleme.fr\/application\/semaines-solidaires\/#respond\"]}]},{\"@type\":\"WebPage\",\"@id\":\"https:\/\/www.saint-paul-angouleme.fr\/application\/semaines-solidaires\/\",\"url\":\"https:\/\/www.saint-paul-angouleme.fr\/application\/semaines-solidaires\/\",\"name\":\"Semaines Solidaires : Saint-Paul est partie prenante.\",\"isPartOf\":{\"@id\":\"https:\/\/www.saint-paul-angouleme.fr\/application\/#website\"},\"primaryImageOfPage\":{\"@id\":\"https:\/\/www.saint-paul-angouleme.fr\/application\/semaines-solidaires\/#primaryimage\"},\"image\":{\"@id\":\"https:\/\/www.saint-paul-angouleme.fr\/application\/semaines-solidaires\/#primaryimage\"},\"thumbnailUrl\":\"https:\/\/www.saint-paul-angouleme.fr\/application\/wp-content\/uploads\/2024\/03\/different-nationalities-2633028_1280.png\",\"datePublished\":\"2024-03-22T15:50:43+00:00\",\"dateModified\":\"2024-03-22T16:08:42+00:00\",\"description\":\"\\\"Semaines Solidaires\\\", le temps du Car\u00eame est particuli\u00e8rement propice aux gestes de solidarit\u00e9. L'Enseignement Catholique nous y invite.\",\"breadcrumb\":{\"@id\":\"https:\/\/www.saint-paul-angouleme.fr\/application\/semaines-solidaires\/#breadcrumb\"},\"inLanguage\":\"fr-FR\",\"potentialAction\":[{\"@type\":\"ReadAction\",\"target\":[\"https:\/\/www.saint-paul-angouleme.fr\/application\/semaines-solidaires\/\"]}]},{\"@type\":\"ImageObject\",\"inLanguage\":\"fr-FR\",\"@id\":\"https:\/\/www.saint-paul-angouleme.fr\/application\/semaines-solidaires\/#primaryimage\",\"url\":\"https:\/\/www.saint-paul-angouleme.fr\/application\/wp-content\/uploads\/2024\/03\/different-nationalities-2633028_1280.png\",\"contentUrl\":\"https:\/\/www.saint-paul-angouleme.fr\/application\/wp-content\/uploads\/2024\/03\/different-nationalities-2633028_1280.png\",\"width\":1280,\"height\":947},{\"@type\":\"BreadcrumbList\",\"@id\":\"https:\/\/www.saint-paul-angouleme.fr\/application\/semaines-solidaires\/#breadcrumb\",\"itemListElement\":[{\"@type\":\"ListItem\",\"position\":1,\"name\":\"Accueil\",\"item\":\"http:\/\/www.saint-paul-angouleme.fr\/application\/\"},{\"@type\":\"ListItem\",\"position\":2,\"name\":\"Semaines Solidaires de l&#8217;Enseignement Catholique\"}]},{\"@type\":\"WebSite\",\"@id\":\"https:\/\/www.saint-paul-angouleme.fr\/application\/#website\",\"url\":\"https:\/\/www.saint-paul-angouleme.fr\/application\/\",\"name\":\"Actualit\u00e9s\",\"description\":\"Actualit\u00e9s Saint Paul\",\"publisher\":{\"@id\":\"https:\/\/www.saint-paul-angouleme.fr\/application\/#organization\"},\"potentialAction\":[{\"@type\":\"SearchAction\",\"target\":{\"@type\":\"EntryPoint\",\"urlTemplate\":\"https:\/\/www.saint-paul-angouleme.fr\/application\/?s={search_term_string}\"},\"query-input\":\"required name=search_term_string\"}],\"inLanguage\":\"fr-FR\"},{\"@type\":\"Organization\",\"@id\":\"https:\/\/www.saint-paul-angouleme.fr\/application\/#organization\",\"name\":\"Ensemble scolaire Saint-Paul\",\"url\":\"https:\/\/www.saint-paul-angouleme.fr\/application\/\",\"logo\":{\"@type\":\"ImageObject\",\"inLanguage\":\"fr-FR\",\"@id\":\"https:\/\/www.saint-paul-angouleme.fr\/application\/#\/schema\/logo\/image\/\",\"url\":\"https:\/\/www.saint-paul-angouleme.fr\/application\/wp-content\/uploads\/2018\/08\/logo-saint-paul-couleurs.jpg\",\"contentUrl\":\"https:\/\/www.saint-paul-angouleme.fr\/application\/wp-content\/uploads\/2018\/08\/logo-saint-paul-couleurs.jpg\",\"width\":1890,\"height\":709,\"caption\":\"Ensemble scolaire Saint-Paul\"},\"image\":{\"@id\":\"https:\/\/www.saint-paul-angouleme.fr\/application\/#\/schema\/logo\/image\/\"},\"sameAs\":[\"https:\/\/www.facebook.com\/SaintPaulAngouleme16\/\",\"https:\/\/x.com\/StPaulAngoulem\",\"https:\/\/www.youtube.com\/channel\/UCRLpz1CmPVqc0gn--YyXvjA?view_as=subscriber\"]},{\"@type\":\"Person\",\"@id\":\"https:\/\/www.saint-paul-angouleme.fr\/application\/#\/schema\/person\/ea152930b1a3823659065827b1a5fb9b\",\"name\":\"SAINT-PAUL\",\"image\":{\"@type\":\"ImageObject\",\"inLanguage\":\"fr-FR\",\"@id\":\"https:\/\/www.saint-paul-angouleme.fr\/application\/#\/schema\/person\/image\/\",\"url\":\"https:\/\/secure.gravatar.com\/avatar\/eadb0ffebc02683a61d69038eb2924f0?s=96&r=g\",\"contentUrl\":\"https:\/\/secure.gravatar.com\/avatar\/eadb0ffebc02683a61d69038eb2924f0?s=96&r=g\",\"caption\":\"SAINT-PAUL\"},\"url\":\"https:\/\/www.saint-paul-angouleme.fr\/application\/author\/myriam\/\"}]}<\/script>\n<!-- \/ Yoast SEO plugin. -->","yoast_head_json":{"title":"Semaines Solidaires : Saint-Paul est partie prenante.","description":"\"Semaines Solidaires\", le temps du Car\u00eame est particuli\u00e8rement propice aux gestes de solidarit\u00e9. L'Enseignement Catholique nous y invite.","robots":{"index":"index","follow":"follow","max-snippet":"max-snippet:-1","max-image-preview":"max-image-preview:large","max-video-preview":"max-video-preview:-1"},"canonical":"https:\/\/www.saint-paul-angouleme.fr\/application\/semaines-solidaires\/","og_locale":"fr_FR","og_type":"article","og_title":"Semaines Solidaires : Saint-Paul est partie prenante.","og_description":"\"Semaines Solidaires\", le temps du Car\u00eame est particuli\u00e8rement propice aux gestes de solidarit\u00e9. L'Enseignement Catholique nous y invite.","og_url":"https:\/\/www.saint-paul-angouleme.fr\/application\/semaines-solidaires\/","og_site_name":"Actualit\u00e9s","article_publisher":"https:\/\/www.facebook.com\/SaintPaulAngouleme16\/","article_published_time":"2024-03-22T15:50:43+00:00","article_modified_time":"2024-03-22T16:08:42+00:00","og_image":[{"width":1280,"height":947,"url":"https:\/\/www.saint-paul-angouleme.fr\/application\/wp-content\/uploads\/2024\/03\/different-nationalities-2633028_1280.png","type":"image\/png"}],"author":"SAINT-PAUL","twitter_card":"summary_large_image","twitter_creator":"@StPaulAngoulem","twitter_site":"@StPaulAngoulem","twitter_misc":{"\u00c9crit par":"SAINT-PAUL","Dur\u00e9e de lecture estim\u00e9e":"1 minute"},"schema":{"@context":"https:\/\/schema.org","@graph":[{"@type":"Article","@id":"https:\/\/www.saint-paul-angouleme.fr\/application\/semaines-solidaires\/#article","isPartOf":{"@id":"https:\/\/www.saint-paul-angouleme.fr\/application\/semaines-solidaires\/"},"author":{"name":"SAINT-PAUL","@id":"https:\/\/www.saint-paul-angouleme.fr\/application\/#\/schema\/person\/ea152930b1a3823659065827b1a5fb9b"},"headline":"Semaines Solidaires de l&#8217;Enseignement Catholique","datePublished":"2024-03-22T15:50:43+00:00","dateModified":"2024-03-22T16:08:42+00:00","mainEntityOfPage":{"@id":"https:\/\/www.saint-paul-angouleme.fr\/application\/semaines-solidaires\/"},"wordCount":71,"commentCount":0,"publisher":{"@id":"https:\/\/www.saint-paul-angouleme.fr\/application\/#organization"},"image":{"@id":"https:\/\/www.saint-paul-angouleme.fr\/application\/semaines-solidaires\/#primaryimage"},"thumbnailUrl":"https:\/\/www.saint-paul-angouleme.fr\/application\/wp-content\/uploads\/2024\/03\/different-nationalities-2633028_1280.png","articleSection":["Pour aller plus loin"],"inLanguage":"fr-FR","potentialAction":[{"@type":"CommentAction","name":"Comment","target":["https:\/\/www.saint-paul-angouleme.fr\/application\/semaines-solidaires\/#respond"]}]},{"@type":"WebPage","@id":"https:\/\/www.saint-paul-angouleme.fr\/application\/semaines-solidaires\/","url":"https:\/\/www.saint-paul-angouleme.fr\/application\/semaines-solidaires\/","name":"Semaines Solidaires : Saint-Paul est partie prenante.","isPartOf":{"@id":"https:\/\/www.saint-paul-angouleme.fr\/application\/#website"},"primaryImageOfPage":{"@id":"https:\/\/www.saint-paul-angouleme.fr\/application\/semaines-solidaires\/#primaryimage"},"image":{"@id":"https:\/\/www.saint-paul-angouleme.fr\/application\/semaines-solidaires\/#primaryimage"},"thumbnailUrl":"https:\/\/www.saint-paul-angouleme.fr\/application\/wp-content\/uploads\/2024\/03\/different-nationalities-2633028_1280.png","datePublished":"2024-03-22T15:50:43+00:00","dateModified":"2024-03-22T16:08:42+00:00","description":"\"Semaines Solidaires\", le temps du Car\u00eame est particuli\u00e8rement propice aux gestes de solidarit\u00e9. L'Enseignement Catholique nous y invite.","breadcrumb":{"@id":"https:\/\/www.saint-paul-angouleme.fr\/application\/semaines-solidaires\/#breadcrumb"},"inLanguage":"fr-FR","potentialAction":[{"@type":"ReadAction","target":["https:\/\/www.saint-paul-angouleme.fr\/application\/semaines-solidaires\/"]}]},{"@type":"ImageObject","inLanguage":"fr-FR","@id":"https:\/\/www.saint-paul-angouleme.fr\/application\/semaines-solidaires\/#primaryimage","url":"https:\/\/www.saint-paul-angouleme.fr\/application\/wp-content\/uploads\/2024\/03\/different-nationalities-2633028_1280.png","contentUrl":"https:\/\/www.saint-paul-angouleme.fr\/application\/wp-content\/uploads\/2024\/03\/different-nationalities-2633028_1280.png","width":1280,"height":947},{"@type":"BreadcrumbList","@id":"https:\/\/www.saint-paul-angouleme.fr\/application\/semaines-solidaires\/#breadcrumb","itemListElement":[{"@type":"ListItem","position":1,"name":"Accueil","item":"http:\/\/www.saint-paul-angouleme.fr\/application\/"},{"@type":"ListItem","position":2,"name":"Semaines Solidaires de l&#8217;Enseignement Catholique"}]},{"@type":"WebSite","@id":"https:\/\/www.saint-paul-angouleme.fr\/application\/#website","url":"https:\/\/www.saint-paul-angouleme.fr\/application\/","name":"Actualit\u00e9s","description":"Actualit\u00e9s Saint Paul","publisher":{"@id":"https:\/\/www.saint-paul-angouleme.fr\/application\/#organization"},"potentialAction":[{"@type":"SearchAction","target":{"@type":"EntryPoint","urlTemplate":"https:\/\/www.saint-paul-angouleme.fr\/application\/?s={search_term_string}"},"query-input":"required name=search_term_string"}],"inLanguage":"fr-FR"},{"@type":"Organization","@id":"https:\/\/www.saint-paul-angouleme.fr\/application\/#organization","name":"Ensemble scolaire Saint-Paul","url":"https:\/\/www.saint-paul-angouleme.fr\/application\/","logo":{"@type":"ImageObject","inLanguage":"fr-FR","@id":"https:\/\/www.saint-paul-angouleme.fr\/application\/#\/schema\/logo\/image\/","url":"https:\/\/www.saint-paul-angouleme.fr\/application\/wp-content\/uploads\/2018\/08\/logo-saint-paul-couleurs.jpg","contentUrl":"https:\/\/www.saint-paul-angouleme.fr\/application\/wp-content\/uploads\/2018\/08\/logo-saint-paul-couleurs.jpg","width":1890,"height":709,"caption":"Ensemble scolaire Saint-Paul"},"image":{"@id":"https:\/\/www.saint-paul-angouleme.fr\/application\/#\/schema\/logo\/image\/"},"sameAs":["https:\/\/www.facebook.com\/SaintPaulAngouleme16\/","https:\/\/x.com\/StPaulAngoulem","https:\/\/www.youtube.com\/channel\/UCRLpz1CmPVqc0gn--YyXvjA?view_as=subscriber"]},{"@type":"Person","@id":"https:\/\/www.saint-paul-angouleme.fr\/application\/#\/schema\/person\/ea152930b1a3823659065827b1a5fb9b","name":"SAINT-PAUL","image":{"@type":"ImageObject","inLanguage":"fr-FR","@id":"https:\/\/www.saint-paul-angouleme.fr\/application\/#\/schema\/person\/image\/","url":"https:\/\/secure.gravatar.com\/avatar\/eadb0ffebc02683a61d69038eb2924f0?s=96&r=g","contentUrl":"https:\/\/secure.gravatar.com\/avatar\/eadb0ffebc02683a61d69038eb2924f0?s=96&r=g","caption":"SAINT-PAUL"},"url":"https:\/\/www.saint-paul-angouleme.fr\/application\/author\/myriam\/"}]}},"_links":{"self":[{"href":"https:\/\/www.saint-paul-angouleme.fr\/application\/wp-json\/wp\/v2\/posts\/9159"}],"collection":[{"href":"https:\/\/www.saint-paul-angouleme.fr\/application\/wp-json\/wp\/v2\/posts"}],"about":[{"href":"https:\/\/www.saint-paul-angouleme.fr\/application\/wp-json\/wp\/v2\/types\/post"}],"author":[{"embeddable":true,"href":"https:\/\/www.saint-paul-angouleme.fr\/application\/wp-json\/wp\/v2\/users\/3"}],"replies":[{"embeddable":true,"href":"https:\/\/www.saint-paul-angouleme.fr\/application\/wp-json\/wp\/v2\/comments?post=9159"}],"version-history":[{"count":1,"href":"https:\/\/www.saint-paul-angouleme.fr\/application\/wp-json\/wp\/v2\/posts\/9159\/revisions"}],"predecessor-version":[{"id":9164,"href":"https:\/\/www.saint-paul-angouleme.fr\/application\/wp-json\/wp\/v2\/posts\/9159\/revisions\/9164"}],"wp:featuredmedia":[{"embeddable":true,"href":"https:\/\/www.saint-paul-angouleme.fr\/application\/wp-json\/wp\/v2\/media\/9165"}],"wp:attachment":[{"href":"https:\/\/www.saint-paul-angouleme.fr\/application\/wp-json\/wp\/v2\/media?parent=9159"}],"wp:term":[{"taxonomy":"category","embeddable":true,"href":"https:\/\/www.saint-paul-angouleme.fr\/application\/wp-json\/wp\/v2\/categories?post=9159"},{"taxonomy":"post_tag","embeddable":true,"href":"https:\/\/www.saint-paul-angouleme.fr\/application\/wp-json\/wp\/v2\/tags?post=9159"}],"curies":[{"name":"wp","href":"https:\/\/api.w.org\/{rel}","templated":true}]}}