{"id":9144,"date":"2024-03-19T10:10:39","date_gmt":"2024-03-19T09:10:39","guid":{"rendered":"https:\/\/www.saint-paul-angouleme.fr\/application\/?p=9144"},"modified":"2024-03-19T10:15:54","modified_gmt":"2024-03-19T09:15:54","slug":"nos-eleves-de-5eme-participent-au-concours-rame-en-5eme","status":"publish","type":"post","link":"https:\/\/www.saint-paul-angouleme.fr\/application\/nos-eleves-de-5eme-participent-au-concours-rame-en-5eme\/","title":{"rendered":"Aviron : Concours &#8220;Rame en 5\u00e8me&#8221;"},"content":{"rendered":"\n<figure class=\"wp-block-image size-large\"><img loading=\"lazy\" decoding=\"async\" width=\"1024\" height=\"635\" src=\"https:\/\/www.saint-paul-angouleme.fr\/application\/wp-content\/uploads\/2024\/03\/20240305_081322-1024x635.jpg\" alt=\"Affiche concours &quot;Rame en 5\u00e8me&quot;\" class=\"wp-image-9147\" srcset=\"https:\/\/www.saint-paul-angouleme.fr\/application\/wp-content\/uploads\/2024\/03\/20240305_081322-1024x635.jpg 1024w, https:\/\/www.saint-paul-angouleme.fr\/application\/wp-content\/uploads\/2024\/03\/20240305_081322-300x186.jpg 300w, https:\/\/www.saint-paul-angouleme.fr\/application\/wp-content\/uploads\/2024\/03\/20240305_081322-768x476.jpg 768w, https:\/\/www.saint-paul-angouleme.fr\/application\/wp-content\/uploads\/2024\/03\/20240305_081322-1536x952.jpg 1536w, https:\/\/www.saint-paul-angouleme.fr\/application\/wp-content\/uploads\/2024\/03\/20240305_081322.jpg 1581w\" sizes=\"(max-width: 1024px) 100vw, 1024px\" \/><\/figure>\n\n\n\n<p>Ce mardi 05 mars, les \u00e9l\u00e8ves de 5\u00e8me participent au projet national &#8220;Rame en 5\u00e8me&#8221; avec le partenariat du <a href=\"https:\/\/www.facebook.com\/aviron.angouleme.5\" target=\"_blank\" rel=\"noreferrer noopener\">Club d&#8217;Aviron d&#8217;Angoul\u00eame<\/a>.<\/p>\n\n\n\n<p>Ils b\u00e9n\u00e9ficient ainsi d&#8217;une s\u00e9ance de &#8220;Rameur&#8221; (aviron indoor) \u00e0 travers un relais qui comptera dans un classement national.<\/p>\n\n\n\n<p>Enfin, ce programme pr\u00e9voit aussi d&#8217;\u00e9tudier l&#8217;importance de la nutrition et son lien avec l&#8217;activit\u00e9 physique. Important pour nos \u00e9l\u00e8ves qui appr\u00e9cient cette sortie \u00e0 l&#8217;unanimit\u00e9.<\/p>\n\n\n\n<figure class=\"wp-block-gallery has-nested-images columns-default is-cropped wp-block-gallery-1 is-layout-flex wp-block-gallery-is-layout-flex\">\n<figure class=\"wp-block-image size-large\"><img loading=\"lazy\" decoding=\"async\" width=\"1024\" height=\"482\" data-id=\"9149\" src=\"https:\/\/www.saint-paul-angouleme.fr\/application\/wp-content\/uploads\/2024\/03\/20240305_082913-1024x482.jpg\" alt=\"\" class=\"wp-image-9149\" srcset=\"https:\/\/www.saint-paul-angouleme.fr\/application\/wp-content\/uploads\/2024\/03\/20240305_082913-1024x482.jpg 1024w, https:\/\/www.saint-paul-angouleme.fr\/application\/wp-content\/uploads\/2024\/03\/20240305_082913-300x141.jpg 300w, https:\/\/www.saint-paul-angouleme.fr\/application\/wp-content\/uploads\/2024\/03\/20240305_082913-768x362.jpg 768w, https:\/\/www.saint-paul-angouleme.fr\/application\/wp-content\/uploads\/2024\/03\/20240305_082913-1536x724.jpg 1536w, https:\/\/www.saint-paul-angouleme.fr\/application\/wp-content\/uploads\/2024\/03\/20240305_082913.jpg 1798w\" sizes=\"(max-width: 1024px) 100vw, 1024px\" \/><\/figure>\n\n\n\n<figure class=\"wp-block-image size-large\"><img loading=\"lazy\" decoding=\"async\" width=\"1024\" height=\"529\" data-id=\"9150\" src=\"https:\/\/www.saint-paul-angouleme.fr\/application\/wp-content\/uploads\/2024\/03\/20240305_082918-1024x529.jpg\" alt=\"\" class=\"wp-image-9150\" srcset=\"https:\/\/www.saint-paul-angouleme.fr\/application\/wp-content\/uploads\/2024\/03\/20240305_082918-1024x529.jpg 1024w, https:\/\/www.saint-paul-angouleme.fr\/application\/wp-content\/uploads\/2024\/03\/20240305_082918-300x155.jpg 300w, https:\/\/www.saint-paul-angouleme.fr\/application\/wp-content\/uploads\/2024\/03\/20240305_082918-768x397.jpg 768w, https:\/\/www.saint-paul-angouleme.fr\/application\/wp-content\/uploads\/2024\/03\/20240305_082918-1536x794.jpg 1536w, https:\/\/www.saint-paul-angouleme.fr\/application\/wp-content\/uploads\/2024\/03\/20240305_082918.jpg 1888w\" sizes=\"(max-width: 1024px) 100vw, 1024px\" \/><\/figure>\n\n\n\n<figure class=\"wp-block-image size-large\"><img loading=\"lazy\" decoding=\"async\" width=\"1024\" height=\"768\" data-id=\"9152\" src=\"https:\/\/www.saint-paul-angouleme.fr\/application\/wp-content\/uploads\/2024\/03\/IMG-20240305-WA0004-1024x768.jpg\" alt=\"\" class=\"wp-image-9152\" srcset=\"https:\/\/www.saint-paul-angouleme.fr\/application\/wp-content\/uploads\/2024\/03\/IMG-20240305-WA0004-1024x768.jpg 1024w, https:\/\/www.saint-paul-angouleme.fr\/application\/wp-content\/uploads\/2024\/03\/IMG-20240305-WA0004-300x225.jpg 300w, https:\/\/www.saint-paul-angouleme.fr\/application\/wp-content\/uploads\/2024\/03\/IMG-20240305-WA0004-768x576.jpg 768w, https:\/\/www.saint-paul-angouleme.fr\/application\/wp-content\/uploads\/2024\/03\/IMG-20240305-WA0004-1536x1152.jpg 1536w, https:\/\/www.saint-paul-angouleme.fr\/application\/wp-content\/uploads\/2024\/03\/IMG-20240305-WA0004.jpg 2000w\" sizes=\"(max-width: 1024px) 100vw, 1024px\" \/><\/figure>\n\n\n\n<figure class=\"wp-block-image size-large\"><img loading=\"lazy\" decoding=\"async\" width=\"1024\" height=\"768\" data-id=\"9153\" src=\"https:\/\/www.saint-paul-angouleme.fr\/application\/wp-content\/uploads\/2024\/03\/IMG-20240305-WA0008-1024x768.jpg\" alt=\"\" class=\"wp-image-9153\" srcset=\"https:\/\/www.saint-paul-angouleme.fr\/application\/wp-content\/uploads\/2024\/03\/IMG-20240305-WA0008-1024x768.jpg 1024w, https:\/\/www.saint-paul-angouleme.fr\/application\/wp-content\/uploads\/2024\/03\/IMG-20240305-WA0008-300x225.jpg 300w, https:\/\/www.saint-paul-angouleme.fr\/application\/wp-content\/uploads\/2024\/03\/IMG-20240305-WA0008-768x576.jpg 768w, https:\/\/www.saint-paul-angouleme.fr\/application\/wp-content\/uploads\/2024\/03\/IMG-20240305-WA0008-1536x1152.jpg 1536w, https:\/\/www.saint-paul-angouleme.fr\/application\/wp-content\/uploads\/2024\/03\/IMG-20240305-WA0008.jpg 2000w\" sizes=\"(max-width: 1024px) 100vw, 1024px\" \/><\/figure>\n\n\n\n<figure class=\"wp-block-image size-large\"><img loading=\"lazy\" decoding=\"async\" width=\"768\" height=\"1024\" data-id=\"9154\" src=\"https:\/\/www.saint-paul-angouleme.fr\/application\/wp-content\/uploads\/2024\/03\/IMG-20240305-WA0009-768x1024.jpg\" alt=\"\" class=\"wp-image-9154\" srcset=\"https:\/\/www.saint-paul-angouleme.fr\/application\/wp-content\/uploads\/2024\/03\/IMG-20240305-WA0009-768x1024.jpg 768w, https:\/\/www.saint-paul-angouleme.fr\/application\/wp-content\/uploads\/2024\/03\/IMG-20240305-WA0009-225x300.jpg 225w, https:\/\/www.saint-paul-angouleme.fr\/application\/wp-content\/uploads\/2024\/03\/IMG-20240305-WA0009-1152x1536.jpg 1152w, https:\/\/www.saint-paul-angouleme.fr\/application\/wp-content\/uploads\/2024\/03\/IMG-20240305-WA0009.jpg 1500w\" sizes=\"(max-width: 768px) 100vw, 768px\" \/><\/figure>\n\n\n\n<figure class=\"wp-block-image size-large\"><img loading=\"lazy\" decoding=\"async\" width=\"1024\" height=\"562\" data-id=\"9151\" src=\"https:\/\/www.saint-paul-angouleme.fr\/application\/wp-content\/uploads\/2024\/03\/20240305_111704-1024x562.jpg\" alt=\"\" class=\"wp-image-9151\" srcset=\"https:\/\/www.saint-paul-angouleme.fr\/application\/wp-content\/uploads\/2024\/03\/20240305_111704-1024x562.jpg 1024w, https:\/\/www.saint-paul-angouleme.fr\/application\/wp-content\/uploads\/2024\/03\/20240305_111704-300x165.jpg 300w, https:\/\/www.saint-paul-angouleme.fr\/application\/wp-content\/uploads\/2024\/03\/20240305_111704-768x422.jpg 768w, https:\/\/www.saint-paul-angouleme.fr\/application\/wp-content\/uploads\/2024\/03\/20240305_111704-1536x843.jpg 1536w, https:\/\/www.saint-paul-angouleme.fr\/application\/wp-content\/uploads\/2024\/03\/20240305_111704.jpg 1608w\" sizes=\"(max-width: 1024px) 100vw, 1024px\" \/><\/figure>\n\n\n\n<figure class=\"wp-block-image size-large\"><img loading=\"lazy\" decoding=\"async\" width=\"1024\" height=\"498\" data-id=\"9148\" src=\"https:\/\/www.saint-paul-angouleme.fr\/application\/wp-content\/uploads\/2024\/03\/20240305_081307-1024x498.jpg\" alt=\"\" class=\"wp-image-9148\" srcset=\"https:\/\/www.saint-paul-angouleme.fr\/application\/wp-content\/uploads\/2024\/03\/20240305_081307-1024x498.jpg 1024w, https:\/\/www.saint-paul-angouleme.fr\/application\/wp-content\/uploads\/2024\/03\/20240305_081307-300x146.jpg 300w, https:\/\/www.saint-paul-angouleme.fr\/application\/wp-content\/uploads\/2024\/03\/20240305_081307-768x373.jpg 768w, https:\/\/www.saint-paul-angouleme.fr\/application\/wp-content\/uploads\/2024\/03\/20240305_081307-1536x747.jpg 1536w, https:\/\/www.saint-paul-angouleme.fr\/application\/wp-content\/uploads\/2024\/03\/20240305_081307.jpg 2016w\" sizes=\"(max-width: 1024px) 100vw, 1024px\" \/><\/figure>\n<\/figure>\n","protected":false},"excerpt":{"rendered":"<p>Ce mardi 05 mars, les \u00e9l\u00e8ves de 5\u00e8me participent au projet national &#8220;Rame en 5\u00e8me&#8221; avec le partenariat du Club d&#8217;Aviron d&#8217;Angoul\u00eame. Ils b\u00e9n\u00e9ficient ainsi d&#8217;une s\u00e9ance de &#8220;Rameur&#8221; (aviron indoor) \u00e0 travers un relais qui comptera dans un classement national. Enfin, ce programme pr\u00e9voit aussi d&#8217;\u00e9tudier l&#8217;importance de la nutrition et son lien avec &#8230; <a title=\"Aviron : Concours &#8220;Rame en 5\u00e8me&#8221;\" class=\"read-more\" href=\"https:\/\/www.saint-paul-angouleme.fr\/application\/nos-eleves-de-5eme-participent-au-concours-rame-en-5eme\/\" aria-label=\"Read more about Aviron : Concours &#8220;Rame en 5\u00e8me&#8221;\">Lire la suite<\/a><\/p>\n","protected":false},"author":3,"featured_media":9146,"comment_status":"open","ping_status":"open","sticky":false,"template":"","format":"standard","meta":{"_exactmetrics_skip_tracking":false,"_exactmetrics_sitenote_active":false,"_exactmetrics_sitenote_note":"","_exactmetrics_sitenote_category":0,"footnotes":""},"categories":[13,523],"tags":[705,707],"class_list":["post-9144","post","type-post","status-publish","format-standard","has-post-thumbnail","hentry","category-pedagogie","category-regard-sur","tag-aviron","tag-nutrition"],"yoast_head":"<!-- This site is optimized with the Yoast SEO plugin v23.3 - https:\/\/yoast.com\/wordpress\/plugins\/seo\/ -->\n<title>Nos \u00e9l\u00e8ves de 5\u00e8me participent au Concours &quot;Rame en 5\u00e8me&quot;<\/title>\n<meta name=\"description\" content=\"Le 5 mars nos classe de 5\u00e8me participent au Concours national : &quot;Rame en 5\u00e8me&quot;. Objectif : \u00eatre les meilleurs en rameur (aviron indoor).\" \/>\n<meta name=\"robots\" content=\"index, follow, max-snippet:-1, max-image-preview:large, max-video-preview:-1\" \/>\n<link rel=\"canonical\" href=\"https:\/\/www.saint-paul-angouleme.fr\/application\/nos-eleves-de-5eme-participent-au-concours-rame-en-5eme\/\" \/>\n<meta property=\"og:locale\" content=\"fr_FR\" \/>\n<meta property=\"og:type\" content=\"article\" \/>\n<meta property=\"og:title\" content=\"Nos \u00e9l\u00e8ves de 5\u00e8me participent au Concours &quot;Rame en 5\u00e8me&quot;\" \/>\n<meta property=\"og:description\" content=\"Le 5 mars nos classe de 5\u00e8me participent au Concours national : &quot;Rame en 5\u00e8me&quot;. Objectif : \u00eatre les meilleurs en rameur (aviron indoor).\" \/>\n<meta property=\"og:url\" content=\"https:\/\/www.saint-paul-angouleme.fr\/application\/nos-eleves-de-5eme-participent-au-concours-rame-en-5eme\/\" \/>\n<meta property=\"og:site_name\" content=\"Actualit\u00e9s\" \/>\n<meta property=\"article:publisher\" content=\"https:\/\/www.facebook.com\/SaintPaulAngouleme16\/\" \/>\n<meta property=\"article:published_time\" content=\"2024-03-19T09:10:39+00:00\" \/>\n<meta property=\"article:modified_time\" content=\"2024-03-19T09:15:54+00:00\" \/>\n<meta property=\"og:image\" content=\"https:\/\/www.saint-paul-angouleme.fr\/application\/wp-content\/uploads\/2024\/03\/20240305_081247.jpg\" \/>\n\t<meta property=\"og:image:width\" content=\"1857\" \/>\n\t<meta property=\"og:image:height\" content=\"947\" \/>\n\t<meta property=\"og:image:type\" content=\"image\/jpeg\" \/>\n<meta name=\"author\" content=\"SAINT-PAUL\" \/>\n<meta name=\"twitter:card\" content=\"summary_large_image\" \/>\n<meta name=\"twitter:creator\" content=\"@StPaulAngoulem\" \/>\n<meta name=\"twitter:site\" content=\"@StPaulAngoulem\" \/>\n<meta name=\"twitter:label1\" content=\"\u00c9crit par\" \/>\n\t<meta name=\"twitter:data1\" content=\"SAINT-PAUL\" \/>\n\t<meta name=\"twitter:label2\" content=\"Dur\u00e9e de lecture estim\u00e9e\" \/>\n\t<meta name=\"twitter:data2\" content=\"2 minutes\" \/>\n<script type=\"application\/ld+json\" class=\"yoast-schema-graph\">{\"@context\":\"https:\/\/schema.org\",\"@graph\":[{\"@type\":\"Article\",\"@id\":\"https:\/\/www.saint-paul-angouleme.fr\/application\/nos-eleves-de-5eme-participent-au-concours-rame-en-5eme\/#article\",\"isPartOf\":{\"@id\":\"https:\/\/www.saint-paul-angouleme.fr\/application\/nos-eleves-de-5eme-participent-au-concours-rame-en-5eme\/\"},\"author\":{\"name\":\"SAINT-PAUL\",\"@id\":\"https:\/\/www.saint-paul-angouleme.fr\/application\/#\/schema\/person\/ea152930b1a3823659065827b1a5fb9b\"},\"headline\":\"Aviron : Concours &#8220;Rame en 5\u00e8me&#8221;\",\"datePublished\":\"2024-03-19T09:10:39+00:00\",\"dateModified\":\"2024-03-19T09:15:54+00:00\",\"mainEntityOfPage\":{\"@id\":\"https:\/\/www.saint-paul-angouleme.fr\/application\/nos-eleves-de-5eme-participent-au-concours-rame-en-5eme\/\"},\"wordCount\":84,\"commentCount\":0,\"publisher\":{\"@id\":\"https:\/\/www.saint-paul-angouleme.fr\/application\/#organization\"},\"image\":{\"@id\":\"https:\/\/www.saint-paul-angouleme.fr\/application\/nos-eleves-de-5eme-participent-au-concours-rame-en-5eme\/#primaryimage\"},\"thumbnailUrl\":\"https:\/\/www.saint-paul-angouleme.fr\/application\/wp-content\/uploads\/2024\/03\/20240305_081247.jpg\",\"keywords\":[\"Aviron\",\"nutrition\"],\"articleSection\":[\"P\u00e9dagogie\",\"Regard sur\"],\"inLanguage\":\"fr-FR\",\"potentialAction\":[{\"@type\":\"CommentAction\",\"name\":\"Comment\",\"target\":[\"https:\/\/www.saint-paul-angouleme.fr\/application\/nos-eleves-de-5eme-participent-au-concours-rame-en-5eme\/#respond\"]}]},{\"@type\":\"WebPage\",\"@id\":\"https:\/\/www.saint-paul-angouleme.fr\/application\/nos-eleves-de-5eme-participent-au-concours-rame-en-5eme\/\",\"url\":\"https:\/\/www.saint-paul-angouleme.fr\/application\/nos-eleves-de-5eme-participent-au-concours-rame-en-5eme\/\",\"name\":\"Nos \u00e9l\u00e8ves de 5\u00e8me participent au Concours \\\"Rame en 5\u00e8me\\\"\",\"isPartOf\":{\"@id\":\"https:\/\/www.saint-paul-angouleme.fr\/application\/#website\"},\"primaryImageOfPage\":{\"@id\":\"https:\/\/www.saint-paul-angouleme.fr\/application\/nos-eleves-de-5eme-participent-au-concours-rame-en-5eme\/#primaryimage\"},\"image\":{\"@id\":\"https:\/\/www.saint-paul-angouleme.fr\/application\/nos-eleves-de-5eme-participent-au-concours-rame-en-5eme\/#primaryimage\"},\"thumbnailUrl\":\"https:\/\/www.saint-paul-angouleme.fr\/application\/wp-content\/uploads\/2024\/03\/20240305_081247.jpg\",\"datePublished\":\"2024-03-19T09:10:39+00:00\",\"dateModified\":\"2024-03-19T09:15:54+00:00\",\"description\":\"Le 5 mars nos classe de 5\u00e8me participent au Concours national : \\\"Rame en 5\u00e8me\\\". Objectif : \u00eatre les meilleurs en rameur (aviron indoor).\",\"breadcrumb\":{\"@id\":\"https:\/\/www.saint-paul-angouleme.fr\/application\/nos-eleves-de-5eme-participent-au-concours-rame-en-5eme\/#breadcrumb\"},\"inLanguage\":\"fr-FR\",\"potentialAction\":[{\"@type\":\"ReadAction\",\"target\":[\"https:\/\/www.saint-paul-angouleme.fr\/application\/nos-eleves-de-5eme-participent-au-concours-rame-en-5eme\/\"]}]},{\"@type\":\"ImageObject\",\"inLanguage\":\"fr-FR\",\"@id\":\"https:\/\/www.saint-paul-angouleme.fr\/application\/nos-eleves-de-5eme-participent-au-concours-rame-en-5eme\/#primaryimage\",\"url\":\"https:\/\/www.saint-paul-angouleme.fr\/application\/wp-content\/uploads\/2024\/03\/20240305_081247.jpg\",\"contentUrl\":\"https:\/\/www.saint-paul-angouleme.fr\/application\/wp-content\/uploads\/2024\/03\/20240305_081247.jpg\",\"width\":1857,\"height\":947,\"caption\":\"Aviron en sallepour nos 5\u00e8me\"},{\"@type\":\"BreadcrumbList\",\"@id\":\"https:\/\/www.saint-paul-angouleme.fr\/application\/nos-eleves-de-5eme-participent-au-concours-rame-en-5eme\/#breadcrumb\",\"itemListElement\":[{\"@type\":\"ListItem\",\"position\":1,\"name\":\"Accueil\",\"item\":\"http:\/\/www.saint-paul-angouleme.fr\/application\/\"},{\"@type\":\"ListItem\",\"position\":2,\"name\":\"Aviron : Concours &#8220;Rame en 5\u00e8me&#8221;\"}]},{\"@type\":\"WebSite\",\"@id\":\"https:\/\/www.saint-paul-angouleme.fr\/application\/#website\",\"url\":\"https:\/\/www.saint-paul-angouleme.fr\/application\/\",\"name\":\"Actualit\u00e9s\",\"description\":\"Actualit\u00e9s Saint Paul\",\"publisher\":{\"@id\":\"https:\/\/www.saint-paul-angouleme.fr\/application\/#organization\"},\"potentialAction\":[{\"@type\":\"SearchAction\",\"target\":{\"@type\":\"EntryPoint\",\"urlTemplate\":\"https:\/\/www.saint-paul-angouleme.fr\/application\/?s={search_term_string}\"},\"query-input\":\"required name=search_term_string\"}],\"inLanguage\":\"fr-FR\"},{\"@type\":\"Organization\",\"@id\":\"https:\/\/www.saint-paul-angouleme.fr\/application\/#organization\",\"name\":\"Ensemble scolaire Saint-Paul\",\"url\":\"https:\/\/www.saint-paul-angouleme.fr\/application\/\",\"logo\":{\"@type\":\"ImageObject\",\"inLanguage\":\"fr-FR\",\"@id\":\"https:\/\/www.saint-paul-angouleme.fr\/application\/#\/schema\/logo\/image\/\",\"url\":\"https:\/\/www.saint-paul-angouleme.fr\/application\/wp-content\/uploads\/2018\/08\/logo-saint-paul-couleurs.jpg\",\"contentUrl\":\"https:\/\/www.saint-paul-angouleme.fr\/application\/wp-content\/uploads\/2018\/08\/logo-saint-paul-couleurs.jpg\",\"width\":1890,\"height\":709,\"caption\":\"Ensemble scolaire Saint-Paul\"},\"image\":{\"@id\":\"https:\/\/www.saint-paul-angouleme.fr\/application\/#\/schema\/logo\/image\/\"},\"sameAs\":[\"https:\/\/www.facebook.com\/SaintPaulAngouleme16\/\",\"https:\/\/x.com\/StPaulAngoulem\",\"https:\/\/www.youtube.com\/channel\/UCRLpz1CmPVqc0gn--YyXvjA?view_as=subscriber\"]},{\"@type\":\"Person\",\"@id\":\"https:\/\/www.saint-paul-angouleme.fr\/application\/#\/schema\/person\/ea152930b1a3823659065827b1a5fb9b\",\"name\":\"SAINT-PAUL\",\"image\":{\"@type\":\"ImageObject\",\"inLanguage\":\"fr-FR\",\"@id\":\"https:\/\/www.saint-paul-angouleme.fr\/application\/#\/schema\/person\/image\/\",\"url\":\"https:\/\/secure.gravatar.com\/avatar\/eadb0ffebc02683a61d69038eb2924f0?s=96&r=g\",\"contentUrl\":\"https:\/\/secure.gravatar.com\/avatar\/eadb0ffebc02683a61d69038eb2924f0?s=96&r=g\",\"caption\":\"SAINT-PAUL\"},\"url\":\"https:\/\/www.saint-paul-angouleme.fr\/application\/author\/myriam\/\"}]}<\/script>\n<!-- \/ Yoast SEO plugin. -->","yoast_head_json":{"title":"Nos \u00e9l\u00e8ves de 5\u00e8me participent au Concours \"Rame en 5\u00e8me\"","description":"Le 5 mars nos classe de 5\u00e8me participent au Concours national : \"Rame en 5\u00e8me\". Objectif : \u00eatre les meilleurs en rameur (aviron indoor).","robots":{"index":"index","follow":"follow","max-snippet":"max-snippet:-1","max-image-preview":"max-image-preview:large","max-video-preview":"max-video-preview:-1"},"canonical":"https:\/\/www.saint-paul-angouleme.fr\/application\/nos-eleves-de-5eme-participent-au-concours-rame-en-5eme\/","og_locale":"fr_FR","og_type":"article","og_title":"Nos \u00e9l\u00e8ves de 5\u00e8me participent au Concours \"Rame en 5\u00e8me\"","og_description":"Le 5 mars nos classe de 5\u00e8me participent au Concours national : \"Rame en 5\u00e8me\". Objectif : \u00eatre les meilleurs en rameur (aviron indoor).","og_url":"https:\/\/www.saint-paul-angouleme.fr\/application\/nos-eleves-de-5eme-participent-au-concours-rame-en-5eme\/","og_site_name":"Actualit\u00e9s","article_publisher":"https:\/\/www.facebook.com\/SaintPaulAngouleme16\/","article_published_time":"2024-03-19T09:10:39+00:00","article_modified_time":"2024-03-19T09:15:54+00:00","og_image":[{"width":1857,"height":947,"url":"https:\/\/www.saint-paul-angouleme.fr\/application\/wp-content\/uploads\/2024\/03\/20240305_081247.jpg","type":"image\/jpeg"}],"author":"SAINT-PAUL","twitter_card":"summary_large_image","twitter_creator":"@StPaulAngoulem","twitter_site":"@StPaulAngoulem","twitter_misc":{"\u00c9crit par":"SAINT-PAUL","Dur\u00e9e de lecture estim\u00e9e":"2 minutes"},"schema":{"@context":"https:\/\/schema.org","@graph":[{"@type":"Article","@id":"https:\/\/www.saint-paul-angouleme.fr\/application\/nos-eleves-de-5eme-participent-au-concours-rame-en-5eme\/#article","isPartOf":{"@id":"https:\/\/www.saint-paul-angouleme.fr\/application\/nos-eleves-de-5eme-participent-au-concours-rame-en-5eme\/"},"author":{"name":"SAINT-PAUL","@id":"https:\/\/www.saint-paul-angouleme.fr\/application\/#\/schema\/person\/ea152930b1a3823659065827b1a5fb9b"},"headline":"Aviron : Concours &#8220;Rame en 5\u00e8me&#8221;","datePublished":"2024-03-19T09:10:39+00:00","dateModified":"2024-03-19T09:15:54+00:00","mainEntityOfPage":{"@id":"https:\/\/www.saint-paul-angouleme.fr\/application\/nos-eleves-de-5eme-participent-au-concours-rame-en-5eme\/"},"wordCount":84,"commentCount":0,"publisher":{"@id":"https:\/\/www.saint-paul-angouleme.fr\/application\/#organization"},"image":{"@id":"https:\/\/www.saint-paul-angouleme.fr\/application\/nos-eleves-de-5eme-participent-au-concours-rame-en-5eme\/#primaryimage"},"thumbnailUrl":"https:\/\/www.saint-paul-angouleme.fr\/application\/wp-content\/uploads\/2024\/03\/20240305_081247.jpg","keywords":["Aviron","nutrition"],"articleSection":["P\u00e9dagogie","Regard sur"],"inLanguage":"fr-FR","potentialAction":[{"@type":"CommentAction","name":"Comment","target":["https:\/\/www.saint-paul-angouleme.fr\/application\/nos-eleves-de-5eme-participent-au-concours-rame-en-5eme\/#respond"]}]},{"@type":"WebPage","@id":"https:\/\/www.saint-paul-angouleme.fr\/application\/nos-eleves-de-5eme-participent-au-concours-rame-en-5eme\/","url":"https:\/\/www.saint-paul-angouleme.fr\/application\/nos-eleves-de-5eme-participent-au-concours-rame-en-5eme\/","name":"Nos \u00e9l\u00e8ves de 5\u00e8me participent au Concours \"Rame en 5\u00e8me\"","isPartOf":{"@id":"https:\/\/www.saint-paul-angouleme.fr\/application\/#website"},"primaryImageOfPage":{"@id":"https:\/\/www.saint-paul-angouleme.fr\/application\/nos-eleves-de-5eme-participent-au-concours-rame-en-5eme\/#primaryimage"},"image":{"@id":"https:\/\/www.saint-paul-angouleme.fr\/application\/nos-eleves-de-5eme-participent-au-concours-rame-en-5eme\/#primaryimage"},"thumbnailUrl":"https:\/\/www.saint-paul-angouleme.fr\/application\/wp-content\/uploads\/2024\/03\/20240305_081247.jpg","datePublished":"2024-03-19T09:10:39+00:00","dateModified":"2024-03-19T09:15:54+00:00","description":"Le 5 mars nos classe de 5\u00e8me participent au Concours national : \"Rame en 5\u00e8me\". Objectif : \u00eatre les meilleurs en rameur (aviron indoor).","breadcrumb":{"@id":"https:\/\/www.saint-paul-angouleme.fr\/application\/nos-eleves-de-5eme-participent-au-concours-rame-en-5eme\/#breadcrumb"},"inLanguage":"fr-FR","potentialAction":[{"@type":"ReadAction","target":["https:\/\/www.saint-paul-angouleme.fr\/application\/nos-eleves-de-5eme-participent-au-concours-rame-en-5eme\/"]}]},{"@type":"ImageObject","inLanguage":"fr-FR","@id":"https:\/\/www.saint-paul-angouleme.fr\/application\/nos-eleves-de-5eme-participent-au-concours-rame-en-5eme\/#primaryimage","url":"https:\/\/www.saint-paul-angouleme.fr\/application\/wp-content\/uploads\/2024\/03\/20240305_081247.jpg","contentUrl":"https:\/\/www.saint-paul-angouleme.fr\/application\/wp-content\/uploads\/2024\/03\/20240305_081247.jpg","width":1857,"height":947,"caption":"Aviron en sallepour nos 5\u00e8me"},{"@type":"BreadcrumbList","@id":"https:\/\/www.saint-paul-angouleme.fr\/application\/nos-eleves-de-5eme-participent-au-concours-rame-en-5eme\/#breadcrumb","itemListElement":[{"@type":"ListItem","position":1,"name":"Accueil","item":"http:\/\/www.saint-paul-angouleme.fr\/application\/"},{"@type":"ListItem","position":2,"name":"Aviron : Concours &#8220;Rame en 5\u00e8me&#8221;"}]},{"@type":"WebSite","@id":"https:\/\/www.saint-paul-angouleme.fr\/application\/#website","url":"https:\/\/www.saint-paul-angouleme.fr\/application\/","name":"Actualit\u00e9s","description":"Actualit\u00e9s Saint Paul","publisher":{"@id":"https:\/\/www.saint-paul-angouleme.fr\/application\/#organization"},"potentialAction":[{"@type":"SearchAction","target":{"@type":"EntryPoint","urlTemplate":"https:\/\/www.saint-paul-angouleme.fr\/application\/?s={search_term_string}"},"query-input":"required name=search_term_string"}],"inLanguage":"fr-FR"},{"@type":"Organization","@id":"https:\/\/www.saint-paul-angouleme.fr\/application\/#organization","name":"Ensemble scolaire Saint-Paul","url":"https:\/\/www.saint-paul-angouleme.fr\/application\/","logo":{"@type":"ImageObject","inLanguage":"fr-FR","@id":"https:\/\/www.saint-paul-angouleme.fr\/application\/#\/schema\/logo\/image\/","url":"https:\/\/www.saint-paul-angouleme.fr\/application\/wp-content\/uploads\/2018\/08\/logo-saint-paul-couleurs.jpg","contentUrl":"https:\/\/www.saint-paul-angouleme.fr\/application\/wp-content\/uploads\/2018\/08\/logo-saint-paul-couleurs.jpg","width":1890,"height":709,"caption":"Ensemble scolaire Saint-Paul"},"image":{"@id":"https:\/\/www.saint-paul-angouleme.fr\/application\/#\/schema\/logo\/image\/"},"sameAs":["https:\/\/www.facebook.com\/SaintPaulAngouleme16\/","https:\/\/x.com\/StPaulAngoulem","https:\/\/www.youtube.com\/channel\/UCRLpz1CmPVqc0gn--YyXvjA?view_as=subscriber"]},{"@type":"Person","@id":"https:\/\/www.saint-paul-angouleme.fr\/application\/#\/schema\/person\/ea152930b1a3823659065827b1a5fb9b","name":"SAINT-PAUL","image":{"@type":"ImageObject","inLanguage":"fr-FR","@id":"https:\/\/www.saint-paul-angouleme.fr\/application\/#\/schema\/person\/image\/","url":"https:\/\/secure.gravatar.com\/avatar\/eadb0ffebc02683a61d69038eb2924f0?s=96&r=g","contentUrl":"https:\/\/secure.gravatar.com\/avatar\/eadb0ffebc02683a61d69038eb2924f0?s=96&r=g","caption":"SAINT-PAUL"},"url":"https:\/\/www.saint-paul-angouleme.fr\/application\/author\/myriam\/"}]}},"_links":{"self":[{"href":"https:\/\/www.saint-paul-angouleme.fr\/application\/wp-json\/wp\/v2\/posts\/9144"}],"collection":[{"href":"https:\/\/www.saint-paul-angouleme.fr\/application\/wp-json\/wp\/v2\/posts"}],"about":[{"href":"https:\/\/www.saint-paul-angouleme.fr\/application\/wp-json\/wp\/v2\/types\/post"}],"author":[{"embeddable":true,"href":"https:\/\/www.saint-paul-angouleme.fr\/application\/wp-json\/wp\/v2\/users\/3"}],"replies":[{"embeddable":true,"href":"https:\/\/www.saint-paul-angouleme.fr\/application\/wp-json\/wp\/v2\/comments?post=9144"}],"version-history":[{"count":3,"href":"https:\/\/www.saint-paul-angouleme.fr\/application\/wp-json\/wp\/v2\/posts\/9144\/revisions"}],"predecessor-version":[{"id":9158,"href":"https:\/\/www.saint-paul-angouleme.fr\/application\/wp-json\/wp\/v2\/posts\/9144\/revisions\/9158"}],"wp:featuredmedia":[{"embeddable":true,"href":"https:\/\/www.saint-paul-angouleme.fr\/application\/wp-json\/wp\/v2\/media\/9146"}],"wp:attachment":[{"href":"https:\/\/www.saint-paul-angouleme.fr\/application\/wp-json\/wp\/v2\/media?parent=9144"}],"wp:term":[{"taxonomy":"category","embeddable":true,"href":"https:\/\/www.saint-paul-angouleme.fr\/application\/wp-json\/wp\/v2\/categories?post=9144"},{"taxonomy":"post_tag","embeddable":true,"href":"https:\/\/www.saint-paul-angouleme.fr\/application\/wp-json\/wp\/v2\/tags?post=9144"}],"curies":[{"name":"wp","href":"https:\/\/api.w.org\/{rel}","templated":true}]}}