{"id":8882,"date":"2024-03-11T10:35:43","date_gmt":"2024-03-11T09:35:43","guid":{"rendered":"https:\/\/www.saint-paul-angouleme.fr\/application\/?p=8882"},"modified":"2024-03-11T10:35:46","modified_gmt":"2024-03-11T09:35:46","slug":"autisme-un-flashmob-pour-cette-2eme-journee-mondiale","status":"publish","type":"post","link":"https:\/\/www.saint-paul-angouleme.fr\/application\/autisme-un-flashmob-pour-cette-2eme-journee-mondiale\/","title":{"rendered":"Saint-Paul danse pour l&#8217;autisme le mardi 2 avril 2024"},"content":{"rendered":"<div class=\"wp-block-image\">\n<figure class=\"aligncenter size-full\"><img loading=\"lazy\" decoding=\"async\" width=\"624\" height=\"881\" src=\"https:\/\/www.saint-paul-angouleme.fr\/application\/wp-content\/uploads\/2024\/03\/Flash-Mob-autisme_2024.png\" alt=\"Affiche &quot;dansez pour l'autisme&quot; Charente\" class=\"wp-image-8884\" srcset=\"https:\/\/www.saint-paul-angouleme.fr\/application\/wp-content\/uploads\/2024\/03\/Flash-Mob-autisme_2024.png 624w, https:\/\/www.saint-paul-angouleme.fr\/application\/wp-content\/uploads\/2024\/03\/Flash-Mob-autisme_2024-212x300.png 212w\" sizes=\"(max-width: 624px) 100vw, 624px\" \/><\/figure><\/div>\n\n\n<p>Dans le cadre de la &#8220;<a href=\"https:\/\/www.mdph-16.fr\/evenement\/dansez-pour-lautisme\/\" target=\"_blank\" rel=\"noreferrer noopener\">Journ\u00e9e mondiale de sensibilisation \u00e0 l\u2019autisme<\/a>&#8220;, nous vous proposons de participer au Flashmob national.<\/p>\n\n\n\n<p><strong>Quand ?<\/strong> Le MARDI 02 AVRIL 2024 \u00e0 12h24 (sur la cour de basket).<\/p>\n\n\n\n<p><strong>R\u00e9p\u00e9tition :<\/strong> Jeudi de 12h15 \u00e0 13h00 + chez vous gr\u00e2ce au lien ci-dessous.<\/p>\n\n\n\n<p>Venez rejoindre nos deux classes de 6\u00e8me et entrez dans la danse !<\/p>\n\n\n\n<figure class=\"wp-block-embed is-type-video is-provider-youtube wp-block-embed-youtube\"><div style=\"display: contents;\" >\n<div class=\"arve\" data-mode=\"normal\" data-oembed=\"1\" data-provider=\"youtube\" id=\"arve-youtube-nxxqf9noql0\">\n<div class=\"arve-inner\">\n<div class=\"arve-embed arve-embed--has-aspect-ratio\">\n<span class=\"arve-ar\" style=\"padding-top:56.250000%\"><\/span><iframe credentialless referrerpolicy=\"strict-origin-when-cross-origin\" allow=\"accelerometer &#039;none&#039;;ambient-light-sensor &#039;none&#039;;autoplay &#039;none&#039;;battery &#039;none&#039;;bluetooth &#039;none&#039;;browsing-topics &#039;none&#039;;camera &#039;none&#039;;ch-ua &#039;none&#039;;clipboard-read &#039;none&#039;;clipboard-write;display-capture &#039;none&#039;;document-domain &#039;none&#039;;domain-agent &#039;none&#039;;encrypted-media &#039;none&#039;;execution-while-not-rendered &#039;none&#039;;execution-while-out-of-viewport &#039;none&#039;;gamepad &#039;none&#039;;geolocation &#039;none&#039;;gyroscope &#039;none&#039;;hid &#039;none&#039;;identity-credentials-get &#039;none&#039;;idle-detection &#039;none&#039;;keyboard-map &#039;none&#039;;local-fonts &#039;none&#039;;magnetometer &#039;none&#039;;microphone &#039;none&#039;;midi &#039;none&#039;;navigation-override &#039;none&#039;;otp-credentials &#039;none&#039;;payment &#039;none&#039;;picture-in-picture;publickey-credentials-create &#039;none&#039;;publickey-credentials-get &#039;none&#039;;screen-wake-lock &#039;none&#039;;serial &#039;none&#039;;speaker-selection;sync-xhr &#039;none&#039;;usb &#039;none&#039;;web-share;window-management &#039;none&#039;;xr-spatial-tracking &#039;none&#039;;\" allowfullscreen class=\"arve-iframe fitvidsignore\" data-arve=\"arve-youtube-nxxqf9noql0\" data-src-no-ap=\"https:\/\/www.youtube-nocookie.com\/embed\/nxXqf9NoqL0?feature=oembed&amp;iv_load_policy=3&amp;modestbranding=1&amp;rel=0&amp;autohide=1&amp;playsinline=0&amp;autoplay=0\" frameborder=\"0\" height=\"0\" name sandbox=\"allow-scripts allow-same-origin allow-presentation allow-popups allow-popups-to-escape-sandbox\" scrolling=\"no\" src=\"https:\/\/www.youtube-nocookie.com\/embed\/nxXqf9NoqL0?feature=oembed&#038;iv_load_policy=3&#038;modestbranding=1&#038;rel=0&#038;autohide=1&#038;playsinline=0&#038;autoplay=0\" width=\"0\" title loading=\"lazy\"><\/iframe>\n\n<\/div>\n\n<\/div>\n<script type=\"application\/ld+json\">{\"@context\":\"http:\\\/\\\/schema.org\\\/\",\"@id\":\"https:\\\/\\\/www.saint-paul-angouleme.fr\\\/application\\\/autisme-un-flashmob-pour-cette-2eme-journee-mondiale\\\/#arve-youtube-nxxqf9noql0\",\"type\":\"VideoObject\",\"embedURL\":\"https:\\\/\\\/www.youtube-nocookie.com\\\/embed\\\/nxXqf9NoqL0?feature=oembed&iv_load_policy=3&modestbranding=1&rel=0&autohide=1&playsinline=0&autoplay=0\"}<\/script>\n<\/div>\n\n<\/div><\/figure>\n","protected":false},"excerpt":{"rendered":"<p>Dans le cadre de la &#8220;Journ\u00e9e mondiale de sensibilisation \u00e0 l\u2019autisme&#8220;, nous vous proposons de participer au Flashmob national. Quand ? Le MARDI 02 AVRIL 2024 \u00e0 12h24 (sur la cour de basket). R\u00e9p\u00e9tition : Jeudi de 12h15 \u00e0 13h00 + chez vous gr\u00e2ce au lien ci-dessous. Venez rejoindre nos deux classes de 6\u00e8me et &#8230; <a title=\"Saint-Paul danse pour l&#8217;autisme le mardi 2 avril 2024\" class=\"read-more\" href=\"https:\/\/www.saint-paul-angouleme.fr\/application\/autisme-un-flashmob-pour-cette-2eme-journee-mondiale\/\" aria-label=\"Read more about Saint-Paul danse pour l&#8217;autisme le mardi 2 avril 2024\">Lire la suite<\/a><\/p>\n","protected":false},"author":3,"featured_media":8883,"comment_status":"open","ping_status":"open","sticky":false,"template":"","format":"standard","meta":{"_exactmetrics_skip_tracking":false,"_exactmetrics_sitenote_active":false,"_exactmetrics_sitenote_note":"","_exactmetrics_sitenote_category":0,"footnotes":""},"categories":[523],"tags":[],"class_list":["post-8882","post","type-post","status-publish","format-standard","has-post-thumbnail","hentry","category-regard-sur"],"yoast_head":"<!-- This site is optimized with the Yoast SEO plugin v23.3 - https:\/\/yoast.com\/wordpress\/plugins\/seo\/ -->\n<title>Autisme : Saint-Paul danse le 2 avril 2024 \u00e0 12h24<\/title>\n<meta name=\"description\" content=\"Pour la deuxi\u00e8me \u00e9dition de la &quot;Journ\u00e9e Mondiale de sensibilisation \u00e0 l&#039;autisme, &quot;Saint-Paul s&#039;associe au Flashmob du 2 avril 2024 \u00e0 12h24.\" \/>\n<meta name=\"robots\" content=\"index, follow, max-snippet:-1, max-image-preview:large, max-video-preview:-1\" \/>\n<link rel=\"canonical\" href=\"https:\/\/www.saint-paul-angouleme.fr\/application\/autisme-un-flashmob-pour-cette-2eme-journee-mondiale\/\" \/>\n<meta property=\"og:locale\" content=\"fr_FR\" \/>\n<meta property=\"og:type\" content=\"article\" \/>\n<meta property=\"og:title\" content=\"Autisme : Saint-Paul danse le 2 avril 2024 \u00e0 12h24\" \/>\n<meta property=\"og:description\" content=\"Pour la deuxi\u00e8me \u00e9dition de la &quot;Journ\u00e9e Mondiale de sensibilisation \u00e0 l&#039;autisme, &quot;Saint-Paul s&#039;associe au Flashmob du 2 avril 2024 \u00e0 12h24.\" \/>\n<meta property=\"og:url\" content=\"https:\/\/www.saint-paul-angouleme.fr\/application\/autisme-un-flashmob-pour-cette-2eme-journee-mondiale\/\" \/>\n<meta property=\"og:site_name\" content=\"Actualit\u00e9s\" \/>\n<meta property=\"article:publisher\" content=\"https:\/\/www.facebook.com\/SaintPaulAngouleme16\/\" \/>\n<meta property=\"article:published_time\" content=\"2024-03-11T09:35:43+00:00\" \/>\n<meta property=\"article:modified_time\" content=\"2024-03-11T09:35:46+00:00\" \/>\n<meta property=\"og:image\" content=\"https:\/\/www.saint-paul-angouleme.fr\/application\/wp-content\/uploads\/2024\/03\/Journee-sensibilisation-autisme-2024.png\" \/>\n\t<meta property=\"og:image:width\" content=\"620\" \/>\n\t<meta property=\"og:image:height\" content=\"879\" \/>\n\t<meta property=\"og:image:type\" content=\"image\/png\" \/>\n<meta name=\"author\" content=\"SAINT-PAUL\" \/>\n<meta name=\"twitter:card\" content=\"summary_large_image\" \/>\n<meta name=\"twitter:creator\" content=\"@StPaulAngoulem\" \/>\n<meta name=\"twitter:site\" content=\"@StPaulAngoulem\" \/>\n<meta name=\"twitter:label1\" content=\"\u00c9crit par\" \/>\n\t<meta name=\"twitter:data1\" content=\"SAINT-PAUL\" \/>\n\t<meta name=\"twitter:label2\" content=\"Dur\u00e9e de lecture estim\u00e9e\" \/>\n\t<meta name=\"twitter:data2\" content=\"1 minute\" \/>\n<script type=\"application\/ld+json\" class=\"yoast-schema-graph\">{\"@context\":\"https:\/\/schema.org\",\"@graph\":[{\"@type\":\"Article\",\"@id\":\"https:\/\/www.saint-paul-angouleme.fr\/application\/autisme-un-flashmob-pour-cette-2eme-journee-mondiale\/#article\",\"isPartOf\":{\"@id\":\"https:\/\/www.saint-paul-angouleme.fr\/application\/autisme-un-flashmob-pour-cette-2eme-journee-mondiale\/\"},\"author\":{\"name\":\"SAINT-PAUL\",\"@id\":\"https:\/\/www.saint-paul-angouleme.fr\/application\/#\/schema\/person\/ea152930b1a3823659065827b1a5fb9b\"},\"headline\":\"Saint-Paul danse pour l&#8217;autisme le mardi 2 avril 2024\",\"datePublished\":\"2024-03-11T09:35:43+00:00\",\"dateModified\":\"2024-03-11T09:35:46+00:00\",\"mainEntityOfPage\":{\"@id\":\"https:\/\/www.saint-paul-angouleme.fr\/application\/autisme-un-flashmob-pour-cette-2eme-journee-mondiale\/\"},\"wordCount\":71,\"commentCount\":0,\"publisher\":{\"@id\":\"https:\/\/www.saint-paul-angouleme.fr\/application\/#organization\"},\"image\":{\"@id\":\"https:\/\/www.saint-paul-angouleme.fr\/application\/autisme-un-flashmob-pour-cette-2eme-journee-mondiale\/#primaryimage\"},\"thumbnailUrl\":\"https:\/\/www.saint-paul-angouleme.fr\/application\/wp-content\/uploads\/2024\/03\/Journee-sensibilisation-autisme-2024.png\",\"articleSection\":[\"Regard sur\"],\"inLanguage\":\"fr-FR\",\"potentialAction\":[{\"@type\":\"CommentAction\",\"name\":\"Comment\",\"target\":[\"https:\/\/www.saint-paul-angouleme.fr\/application\/autisme-un-flashmob-pour-cette-2eme-journee-mondiale\/#respond\"]}]},{\"@type\":\"WebPage\",\"@id\":\"https:\/\/www.saint-paul-angouleme.fr\/application\/autisme-un-flashmob-pour-cette-2eme-journee-mondiale\/\",\"url\":\"https:\/\/www.saint-paul-angouleme.fr\/application\/autisme-un-flashmob-pour-cette-2eme-journee-mondiale\/\",\"name\":\"Autisme : Saint-Paul danse le 2 avril 2024 \u00e0 12h24\",\"isPartOf\":{\"@id\":\"https:\/\/www.saint-paul-angouleme.fr\/application\/#website\"},\"primaryImageOfPage\":{\"@id\":\"https:\/\/www.saint-paul-angouleme.fr\/application\/autisme-un-flashmob-pour-cette-2eme-journee-mondiale\/#primaryimage\"},\"image\":{\"@id\":\"https:\/\/www.saint-paul-angouleme.fr\/application\/autisme-un-flashmob-pour-cette-2eme-journee-mondiale\/#primaryimage\"},\"thumbnailUrl\":\"https:\/\/www.saint-paul-angouleme.fr\/application\/wp-content\/uploads\/2024\/03\/Journee-sensibilisation-autisme-2024.png\",\"datePublished\":\"2024-03-11T09:35:43+00:00\",\"dateModified\":\"2024-03-11T09:35:46+00:00\",\"description\":\"Pour la deuxi\u00e8me \u00e9dition de la \\\"Journ\u00e9e Mondiale de sensibilisation \u00e0 l'autisme, \\\"Saint-Paul s'associe au Flashmob du 2 avril 2024 \u00e0 12h24.\",\"breadcrumb\":{\"@id\":\"https:\/\/www.saint-paul-angouleme.fr\/application\/autisme-un-flashmob-pour-cette-2eme-journee-mondiale\/#breadcrumb\"},\"inLanguage\":\"fr-FR\",\"potentialAction\":[{\"@type\":\"ReadAction\",\"target\":[\"https:\/\/www.saint-paul-angouleme.fr\/application\/autisme-un-flashmob-pour-cette-2eme-journee-mondiale\/\"]}]},{\"@type\":\"ImageObject\",\"inLanguage\":\"fr-FR\",\"@id\":\"https:\/\/www.saint-paul-angouleme.fr\/application\/autisme-un-flashmob-pour-cette-2eme-journee-mondiale\/#primaryimage\",\"url\":\"https:\/\/www.saint-paul-angouleme.fr\/application\/wp-content\/uploads\/2024\/03\/Journee-sensibilisation-autisme-2024.png\",\"contentUrl\":\"https:\/\/www.saint-paul-angouleme.fr\/application\/wp-content\/uploads\/2024\/03\/Journee-sensibilisation-autisme-2024.png\",\"width\":620,\"height\":879,\"caption\":\"Autisme : affiche flashmob\"},{\"@type\":\"BreadcrumbList\",\"@id\":\"https:\/\/www.saint-paul-angouleme.fr\/application\/autisme-un-flashmob-pour-cette-2eme-journee-mondiale\/#breadcrumb\",\"itemListElement\":[{\"@type\":\"ListItem\",\"position\":1,\"name\":\"Accueil\",\"item\":\"http:\/\/www.saint-paul-angouleme.fr\/application\/\"},{\"@type\":\"ListItem\",\"position\":2,\"name\":\"Saint-Paul danse pour l&#8217;autisme le mardi 2 avril 2024\"}]},{\"@type\":\"WebSite\",\"@id\":\"https:\/\/www.saint-paul-angouleme.fr\/application\/#website\",\"url\":\"https:\/\/www.saint-paul-angouleme.fr\/application\/\",\"name\":\"Actualit\u00e9s\",\"description\":\"Actualit\u00e9s Saint Paul\",\"publisher\":{\"@id\":\"https:\/\/www.saint-paul-angouleme.fr\/application\/#organization\"},\"potentialAction\":[{\"@type\":\"SearchAction\",\"target\":{\"@type\":\"EntryPoint\",\"urlTemplate\":\"https:\/\/www.saint-paul-angouleme.fr\/application\/?s={search_term_string}\"},\"query-input\":\"required name=search_term_string\"}],\"inLanguage\":\"fr-FR\"},{\"@type\":\"Organization\",\"@id\":\"https:\/\/www.saint-paul-angouleme.fr\/application\/#organization\",\"name\":\"Ensemble scolaire Saint-Paul\",\"url\":\"https:\/\/www.saint-paul-angouleme.fr\/application\/\",\"logo\":{\"@type\":\"ImageObject\",\"inLanguage\":\"fr-FR\",\"@id\":\"https:\/\/www.saint-paul-angouleme.fr\/application\/#\/schema\/logo\/image\/\",\"url\":\"https:\/\/www.saint-paul-angouleme.fr\/application\/wp-content\/uploads\/2018\/08\/logo-saint-paul-couleurs.jpg\",\"contentUrl\":\"https:\/\/www.saint-paul-angouleme.fr\/application\/wp-content\/uploads\/2018\/08\/logo-saint-paul-couleurs.jpg\",\"width\":1890,\"height\":709,\"caption\":\"Ensemble scolaire Saint-Paul\"},\"image\":{\"@id\":\"https:\/\/www.saint-paul-angouleme.fr\/application\/#\/schema\/logo\/image\/\"},\"sameAs\":[\"https:\/\/www.facebook.com\/SaintPaulAngouleme16\/\",\"https:\/\/x.com\/StPaulAngoulem\",\"https:\/\/www.youtube.com\/channel\/UCRLpz1CmPVqc0gn--YyXvjA?view_as=subscriber\"]},{\"@type\":\"Person\",\"@id\":\"https:\/\/www.saint-paul-angouleme.fr\/application\/#\/schema\/person\/ea152930b1a3823659065827b1a5fb9b\",\"name\":\"SAINT-PAUL\",\"image\":{\"@type\":\"ImageObject\",\"inLanguage\":\"fr-FR\",\"@id\":\"https:\/\/www.saint-paul-angouleme.fr\/application\/#\/schema\/person\/image\/\",\"url\":\"https:\/\/secure.gravatar.com\/avatar\/eadb0ffebc02683a61d69038eb2924f0?s=96&r=g\",\"contentUrl\":\"https:\/\/secure.gravatar.com\/avatar\/eadb0ffebc02683a61d69038eb2924f0?s=96&r=g\",\"caption\":\"SAINT-PAUL\"},\"url\":\"https:\/\/www.saint-paul-angouleme.fr\/application\/author\/myriam\/\"}]}<\/script>\n<!-- \/ Yoast SEO plugin. -->","yoast_head_json":{"title":"Autisme : Saint-Paul danse le 2 avril 2024 \u00e0 12h24","description":"Pour la deuxi\u00e8me \u00e9dition de la \"Journ\u00e9e Mondiale de sensibilisation \u00e0 l'autisme, \"Saint-Paul s'associe au Flashmob du 2 avril 2024 \u00e0 12h24.","robots":{"index":"index","follow":"follow","max-snippet":"max-snippet:-1","max-image-preview":"max-image-preview:large","max-video-preview":"max-video-preview:-1"},"canonical":"https:\/\/www.saint-paul-angouleme.fr\/application\/autisme-un-flashmob-pour-cette-2eme-journee-mondiale\/","og_locale":"fr_FR","og_type":"article","og_title":"Autisme : Saint-Paul danse le 2 avril 2024 \u00e0 12h24","og_description":"Pour la deuxi\u00e8me \u00e9dition de la \"Journ\u00e9e Mondiale de sensibilisation \u00e0 l'autisme, \"Saint-Paul s'associe au Flashmob du 2 avril 2024 \u00e0 12h24.","og_url":"https:\/\/www.saint-paul-angouleme.fr\/application\/autisme-un-flashmob-pour-cette-2eme-journee-mondiale\/","og_site_name":"Actualit\u00e9s","article_publisher":"https:\/\/www.facebook.com\/SaintPaulAngouleme16\/","article_published_time":"2024-03-11T09:35:43+00:00","article_modified_time":"2024-03-11T09:35:46+00:00","og_image":[{"width":620,"height":879,"url":"https:\/\/www.saint-paul-angouleme.fr\/application\/wp-content\/uploads\/2024\/03\/Journee-sensibilisation-autisme-2024.png","type":"image\/png"}],"author":"SAINT-PAUL","twitter_card":"summary_large_image","twitter_creator":"@StPaulAngoulem","twitter_site":"@StPaulAngoulem","twitter_misc":{"\u00c9crit par":"SAINT-PAUL","Dur\u00e9e de lecture estim\u00e9e":"1 minute"},"schema":{"@context":"https:\/\/schema.org","@graph":[{"@type":"Article","@id":"https:\/\/www.saint-paul-angouleme.fr\/application\/autisme-un-flashmob-pour-cette-2eme-journee-mondiale\/#article","isPartOf":{"@id":"https:\/\/www.saint-paul-angouleme.fr\/application\/autisme-un-flashmob-pour-cette-2eme-journee-mondiale\/"},"author":{"name":"SAINT-PAUL","@id":"https:\/\/www.saint-paul-angouleme.fr\/application\/#\/schema\/person\/ea152930b1a3823659065827b1a5fb9b"},"headline":"Saint-Paul danse pour l&#8217;autisme le mardi 2 avril 2024","datePublished":"2024-03-11T09:35:43+00:00","dateModified":"2024-03-11T09:35:46+00:00","mainEntityOfPage":{"@id":"https:\/\/www.saint-paul-angouleme.fr\/application\/autisme-un-flashmob-pour-cette-2eme-journee-mondiale\/"},"wordCount":71,"commentCount":0,"publisher":{"@id":"https:\/\/www.saint-paul-angouleme.fr\/application\/#organization"},"image":{"@id":"https:\/\/www.saint-paul-angouleme.fr\/application\/autisme-un-flashmob-pour-cette-2eme-journee-mondiale\/#primaryimage"},"thumbnailUrl":"https:\/\/www.saint-paul-angouleme.fr\/application\/wp-content\/uploads\/2024\/03\/Journee-sensibilisation-autisme-2024.png","articleSection":["Regard sur"],"inLanguage":"fr-FR","potentialAction":[{"@type":"CommentAction","name":"Comment","target":["https:\/\/www.saint-paul-angouleme.fr\/application\/autisme-un-flashmob-pour-cette-2eme-journee-mondiale\/#respond"]}]},{"@type":"WebPage","@id":"https:\/\/www.saint-paul-angouleme.fr\/application\/autisme-un-flashmob-pour-cette-2eme-journee-mondiale\/","url":"https:\/\/www.saint-paul-angouleme.fr\/application\/autisme-un-flashmob-pour-cette-2eme-journee-mondiale\/","name":"Autisme : Saint-Paul danse le 2 avril 2024 \u00e0 12h24","isPartOf":{"@id":"https:\/\/www.saint-paul-angouleme.fr\/application\/#website"},"primaryImageOfPage":{"@id":"https:\/\/www.saint-paul-angouleme.fr\/application\/autisme-un-flashmob-pour-cette-2eme-journee-mondiale\/#primaryimage"},"image":{"@id":"https:\/\/www.saint-paul-angouleme.fr\/application\/autisme-un-flashmob-pour-cette-2eme-journee-mondiale\/#primaryimage"},"thumbnailUrl":"https:\/\/www.saint-paul-angouleme.fr\/application\/wp-content\/uploads\/2024\/03\/Journee-sensibilisation-autisme-2024.png","datePublished":"2024-03-11T09:35:43+00:00","dateModified":"2024-03-11T09:35:46+00:00","description":"Pour la deuxi\u00e8me \u00e9dition de la \"Journ\u00e9e Mondiale de sensibilisation \u00e0 l'autisme, \"Saint-Paul s'associe au Flashmob du 2 avril 2024 \u00e0 12h24.","breadcrumb":{"@id":"https:\/\/www.saint-paul-angouleme.fr\/application\/autisme-un-flashmob-pour-cette-2eme-journee-mondiale\/#breadcrumb"},"inLanguage":"fr-FR","potentialAction":[{"@type":"ReadAction","target":["https:\/\/www.saint-paul-angouleme.fr\/application\/autisme-un-flashmob-pour-cette-2eme-journee-mondiale\/"]}]},{"@type":"ImageObject","inLanguage":"fr-FR","@id":"https:\/\/www.saint-paul-angouleme.fr\/application\/autisme-un-flashmob-pour-cette-2eme-journee-mondiale\/#primaryimage","url":"https:\/\/www.saint-paul-angouleme.fr\/application\/wp-content\/uploads\/2024\/03\/Journee-sensibilisation-autisme-2024.png","contentUrl":"https:\/\/www.saint-paul-angouleme.fr\/application\/wp-content\/uploads\/2024\/03\/Journee-sensibilisation-autisme-2024.png","width":620,"height":879,"caption":"Autisme : affiche flashmob"},{"@type":"BreadcrumbList","@id":"https:\/\/www.saint-paul-angouleme.fr\/application\/autisme-un-flashmob-pour-cette-2eme-journee-mondiale\/#breadcrumb","itemListElement":[{"@type":"ListItem","position":1,"name":"Accueil","item":"http:\/\/www.saint-paul-angouleme.fr\/application\/"},{"@type":"ListItem","position":2,"name":"Saint-Paul danse pour l&#8217;autisme le mardi 2 avril 2024"}]},{"@type":"WebSite","@id":"https:\/\/www.saint-paul-angouleme.fr\/application\/#website","url":"https:\/\/www.saint-paul-angouleme.fr\/application\/","name":"Actualit\u00e9s","description":"Actualit\u00e9s Saint Paul","publisher":{"@id":"https:\/\/www.saint-paul-angouleme.fr\/application\/#organization"},"potentialAction":[{"@type":"SearchAction","target":{"@type":"EntryPoint","urlTemplate":"https:\/\/www.saint-paul-angouleme.fr\/application\/?s={search_term_string}"},"query-input":"required name=search_term_string"}],"inLanguage":"fr-FR"},{"@type":"Organization","@id":"https:\/\/www.saint-paul-angouleme.fr\/application\/#organization","name":"Ensemble scolaire Saint-Paul","url":"https:\/\/www.saint-paul-angouleme.fr\/application\/","logo":{"@type":"ImageObject","inLanguage":"fr-FR","@id":"https:\/\/www.saint-paul-angouleme.fr\/application\/#\/schema\/logo\/image\/","url":"https:\/\/www.saint-paul-angouleme.fr\/application\/wp-content\/uploads\/2018\/08\/logo-saint-paul-couleurs.jpg","contentUrl":"https:\/\/www.saint-paul-angouleme.fr\/application\/wp-content\/uploads\/2018\/08\/logo-saint-paul-couleurs.jpg","width":1890,"height":709,"caption":"Ensemble scolaire Saint-Paul"},"image":{"@id":"https:\/\/www.saint-paul-angouleme.fr\/application\/#\/schema\/logo\/image\/"},"sameAs":["https:\/\/www.facebook.com\/SaintPaulAngouleme16\/","https:\/\/x.com\/StPaulAngoulem","https:\/\/www.youtube.com\/channel\/UCRLpz1CmPVqc0gn--YyXvjA?view_as=subscriber"]},{"@type":"Person","@id":"https:\/\/www.saint-paul-angouleme.fr\/application\/#\/schema\/person\/ea152930b1a3823659065827b1a5fb9b","name":"SAINT-PAUL","image":{"@type":"ImageObject","inLanguage":"fr-FR","@id":"https:\/\/www.saint-paul-angouleme.fr\/application\/#\/schema\/person\/image\/","url":"https:\/\/secure.gravatar.com\/avatar\/eadb0ffebc02683a61d69038eb2924f0?s=96&r=g","contentUrl":"https:\/\/secure.gravatar.com\/avatar\/eadb0ffebc02683a61d69038eb2924f0?s=96&r=g","caption":"SAINT-PAUL"},"url":"https:\/\/www.saint-paul-angouleme.fr\/application\/author\/myriam\/"}]}},"_links":{"self":[{"href":"https:\/\/www.saint-paul-angouleme.fr\/application\/wp-json\/wp\/v2\/posts\/8882"}],"collection":[{"href":"https:\/\/www.saint-paul-angouleme.fr\/application\/wp-json\/wp\/v2\/posts"}],"about":[{"href":"https:\/\/www.saint-paul-angouleme.fr\/application\/wp-json\/wp\/v2\/types\/post"}],"author":[{"embeddable":true,"href":"https:\/\/www.saint-paul-angouleme.fr\/application\/wp-json\/wp\/v2\/users\/3"}],"replies":[{"embeddable":true,"href":"https:\/\/www.saint-paul-angouleme.fr\/application\/wp-json\/wp\/v2\/comments?post=8882"}],"version-history":[{"count":1,"href":"https:\/\/www.saint-paul-angouleme.fr\/application\/wp-json\/wp\/v2\/posts\/8882\/revisions"}],"predecessor-version":[{"id":8885,"href":"https:\/\/www.saint-paul-angouleme.fr\/application\/wp-json\/wp\/v2\/posts\/8882\/revisions\/8885"}],"wp:featuredmedia":[{"embeddable":true,"href":"https:\/\/www.saint-paul-angouleme.fr\/application\/wp-json\/wp\/v2\/media\/8883"}],"wp:attachment":[{"href":"https:\/\/www.saint-paul-angouleme.fr\/application\/wp-json\/wp\/v2\/media?parent=8882"}],"wp:term":[{"taxonomy":"category","embeddable":true,"href":"https:\/\/www.saint-paul-angouleme.fr\/application\/wp-json\/wp\/v2\/categories?post=8882"},{"taxonomy":"post_tag","embeddable":true,"href":"https:\/\/www.saint-paul-angouleme.fr\/application\/wp-json\/wp\/v2\/tags?post=8882"}],"curies":[{"name":"wp","href":"https:\/\/api.w.org\/{rel}","templated":true}]}}