{"id":8834,"date":"2024-01-29T09:23:00","date_gmt":"2024-01-29T08:23:00","guid":{"rendered":"https:\/\/www.saint-paul-angouleme.fr\/application\/?p=8834"},"modified":"2024-02-23T16:25:22","modified_gmt":"2024-02-23T15:25:22","slug":"nos-lyceens-en-arts-plastiques-au-festival-de-la-bd-dangouleme","status":"publish","type":"post","link":"https:\/\/www.saint-paul-angouleme.fr\/application\/nos-lyceens-en-arts-plastiques-au-festival-de-la-bd-dangouleme\/","title":{"rendered":"Option et Sp\u00e9 Arts Plastiques au Festival de la BD d&#8217;Angoul\u00eame"},"content":{"rendered":"<div class=\"wp-block-image\">\n<figure class=\"aligncenter size-large\"><img loading=\"lazy\" decoding=\"async\" width=\"719\" height=\"1024\" src=\"https:\/\/www.saint-paul-angouleme.fr\/application\/wp-content\/uploads\/2024\/02\/image-copie-719x1024.jpg\" alt=\"Peinture athl\u00e9tisme\" class=\"wp-image-8835\" srcset=\"https:\/\/www.saint-paul-angouleme.fr\/application\/wp-content\/uploads\/2024\/02\/image-copie-719x1024.jpg 719w, https:\/\/www.saint-paul-angouleme.fr\/application\/wp-content\/uploads\/2024\/02\/image-copie-211x300.jpg 211w, https:\/\/www.saint-paul-angouleme.fr\/application\/wp-content\/uploads\/2024\/02\/image-copie-768x1094.jpg 768w, https:\/\/www.saint-paul-angouleme.fr\/application\/wp-content\/uploads\/2024\/02\/image-copie-1078x1536.jpg 1078w, https:\/\/www.saint-paul-angouleme.fr\/application\/wp-content\/uploads\/2024\/02\/image-copie.jpg 1404w\" sizes=\"(max-width: 719px) 100vw, 719px\" \/><\/figure><\/div>\n\n\n<p><\/p>\n\n\n\n<p>Le vendredi 26 janvier 2024 nos Lyc\u00e9ens inscrits en options et sp\u00e9cialit\u00e9 &#8220;ARTS&#8221; b\u00e9n\u00e9ficient d&#8217;une visite au <a href=\"https:\/\/www.bdangouleme.com\/\" target=\"_blank\" rel=\"noreferrer noopener\">Festival de la BD d&#8217;Angoul\u00eame<\/a>. Une belle occasion de d\u00e9couvrir diff\u00e9rents genres de BD, des techniques vari\u00e9es et rencontrer auteurs, dessinateurs, coloristes&#8230; Un tr\u00e8s bon moment pass\u00e9 sur les stands et dans les expositions.<\/p>\n\n\n\n<p><\/p>\n\n\n\n<figure class=\"wp-block-gallery has-nested-images columns-default is-cropped wp-block-gallery-1 is-layout-flex wp-block-gallery-is-layout-flex\">\n<figure class=\"wp-block-image size-large\"><img loading=\"lazy\" decoding=\"async\" width=\"900\" height=\"507\" data-id=\"8837\" src=\"https:\/\/www.saint-paul-angouleme.fr\/application\/wp-content\/uploads\/2024\/02\/adef2abab3aba83b3c1530916cc4d192-xlcopie.jpg\" alt=\"\" class=\"wp-image-8837\" srcset=\"https:\/\/www.saint-paul-angouleme.fr\/application\/wp-content\/uploads\/2024\/02\/adef2abab3aba83b3c1530916cc4d192-xlcopie.jpg 900w, https:\/\/www.saint-paul-angouleme.fr\/application\/wp-content\/uploads\/2024\/02\/adef2abab3aba83b3c1530916cc4d192-xlcopie-300x169.jpg 300w, https:\/\/www.saint-paul-angouleme.fr\/application\/wp-content\/uploads\/2024\/02\/adef2abab3aba83b3c1530916cc4d192-xlcopie-768x433.jpg 768w\" sizes=\"(max-width: 900px) 100vw, 900px\" \/><\/figure>\n\n\n\n<figure class=\"wp-block-image size-large\"><img loading=\"lazy\" decoding=\"async\" width=\"590\" height=\"1024\" data-id=\"8838\" src=\"https:\/\/www.saint-paul-angouleme.fr\/application\/wp-content\/uploads\/2024\/02\/image-1copie-590x1024.jpg\" alt=\"\" class=\"wp-image-8838\" srcset=\"https:\/\/www.saint-paul-angouleme.fr\/application\/wp-content\/uploads\/2024\/02\/image-1copie-590x1024.jpg 590w, https:\/\/www.saint-paul-angouleme.fr\/application\/wp-content\/uploads\/2024\/02\/image-1copie-173x300.jpg 173w, https:\/\/www.saint-paul-angouleme.fr\/application\/wp-content\/uploads\/2024\/02\/image-1copie-768x1333.jpg 768w, https:\/\/www.saint-paul-angouleme.fr\/application\/wp-content\/uploads\/2024\/02\/image-1copie-885x1536.jpg 885w, https:\/\/www.saint-paul-angouleme.fr\/application\/wp-content\/uploads\/2024\/02\/image-1copie.jpg 1152w\" sizes=\"(max-width: 590px) 100vw, 590px\" \/><\/figure>\n\n\n\n<figure class=\"wp-block-image size-large\"><img loading=\"lazy\" decoding=\"async\" width=\"749\" height=\"1024\" data-id=\"8839\" src=\"https:\/\/www.saint-paul-angouleme.fr\/application\/wp-content\/uploads\/2024\/02\/image-2copie-749x1024.jpg\" alt=\"\" class=\"wp-image-8839\" srcset=\"https:\/\/www.saint-paul-angouleme.fr\/application\/wp-content\/uploads\/2024\/02\/image-2copie-749x1024.jpg 749w, https:\/\/www.saint-paul-angouleme.fr\/application\/wp-content\/uploads\/2024\/02\/image-2copie-220x300.jpg 220w, https:\/\/www.saint-paul-angouleme.fr\/application\/wp-content\/uploads\/2024\/02\/image-2copie-768x1049.jpg 768w, https:\/\/www.saint-paul-angouleme.fr\/application\/wp-content\/uploads\/2024\/02\/image-2copie-1124x1536.jpg 1124w, https:\/\/www.saint-paul-angouleme.fr\/application\/wp-content\/uploads\/2024\/02\/image-2copie.jpg 1127w\" sizes=\"(max-width: 749px) 100vw, 749px\" \/><\/figure>\n<\/figure>\n\n\n\n<figure class=\"wp-block-gallery has-nested-images columns-default is-cropped wp-block-gallery-2 is-layout-flex wp-block-gallery-is-layout-flex\">\n<figure class=\"wp-block-image size-large\"><img loading=\"lazy\" decoding=\"async\" width=\"768\" height=\"1024\" data-id=\"8840\" src=\"https:\/\/www.saint-paul-angouleme.fr\/application\/wp-content\/uploads\/2024\/02\/image-3-4-768x1024.jpg\" alt=\"\" class=\"wp-image-8840\" srcset=\"https:\/\/www.saint-paul-angouleme.fr\/application\/wp-content\/uploads\/2024\/02\/image-3-4-768x1024.jpg 768w, https:\/\/www.saint-paul-angouleme.fr\/application\/wp-content\/uploads\/2024\/02\/image-3-4-225x300.jpg 225w, https:\/\/www.saint-paul-angouleme.fr\/application\/wp-content\/uploads\/2024\/02\/image-3-4-1152x1536.jpg 1152w, https:\/\/www.saint-paul-angouleme.fr\/application\/wp-content\/uploads\/2024\/02\/image-3-4.jpg 1501w\" sizes=\"(max-width: 768px) 100vw, 768px\" \/><\/figure>\n\n\n\n<figure class=\"wp-block-image size-large\"><img loading=\"lazy\" decoding=\"async\" width=\"768\" height=\"1024\" data-id=\"8841\" src=\"https:\/\/www.saint-paul-angouleme.fr\/application\/wp-content\/uploads\/2024\/02\/image-4-4-768x1024.jpg\" alt=\"\" class=\"wp-image-8841\" srcset=\"https:\/\/www.saint-paul-angouleme.fr\/application\/wp-content\/uploads\/2024\/02\/image-4-4-768x1024.jpg 768w, https:\/\/www.saint-paul-angouleme.fr\/application\/wp-content\/uploads\/2024\/02\/image-4-4-225x300.jpg 225w, https:\/\/www.saint-paul-angouleme.fr\/application\/wp-content\/uploads\/2024\/02\/image-4-4-1152x1536.jpg 1152w, https:\/\/www.saint-paul-angouleme.fr\/application\/wp-content\/uploads\/2024\/02\/image-4-4.jpg 1501w\" sizes=\"(max-width: 768px) 100vw, 768px\" \/><\/figure>\n\n\n\n<figure class=\"wp-block-image size-large\"><img loading=\"lazy\" decoding=\"async\" width=\"768\" height=\"1024\" data-id=\"8842\" src=\"https:\/\/www.saint-paul-angouleme.fr\/application\/wp-content\/uploads\/2024\/02\/image-5-1-768x1024.jpg\" alt=\"\" class=\"wp-image-8842\" srcset=\"https:\/\/www.saint-paul-angouleme.fr\/application\/wp-content\/uploads\/2024\/02\/image-5-1-768x1024.jpg 768w, https:\/\/www.saint-paul-angouleme.fr\/application\/wp-content\/uploads\/2024\/02\/image-5-1-225x300.jpg 225w, https:\/\/www.saint-paul-angouleme.fr\/application\/wp-content\/uploads\/2024\/02\/image-5-1-1152x1536.jpg 1152w, https:\/\/www.saint-paul-angouleme.fr\/application\/wp-content\/uploads\/2024\/02\/image-5-1.jpg 1501w\" sizes=\"(max-width: 768px) 100vw, 768px\" \/><\/figure>\n<\/figure>\n\n\n\n<p><\/p>\n\n\n\n<p><\/p>\n","protected":false},"excerpt":{"rendered":"<p>Le vendredi 26 janvier 2024 nos Lyc\u00e9ens inscrits en options et sp\u00e9cialit\u00e9 &#8220;ARTS&#8221; b\u00e9n\u00e9ficient d&#8217;une visite au Festival de la BD d&#8217;Angoul\u00eame. Une belle occasion de d\u00e9couvrir diff\u00e9rents genres de BD, des techniques vari\u00e9es et rencontrer auteurs, dessinateurs, coloristes&#8230; Un tr\u00e8s bon moment pass\u00e9 sur les stands et dans les expositions.<\/p>\n","protected":false},"author":3,"featured_media":8836,"comment_status":"open","ping_status":"open","sticky":false,"template":"","format":"standard","meta":{"_exactmetrics_skip_tracking":false,"_exactmetrics_sitenote_active":false,"_exactmetrics_sitenote_note":"","_exactmetrics_sitenote_category":0,"footnotes":""},"categories":[13],"tags":[98],"class_list":["post-8834","post","type-post","status-publish","format-standard","has-post-thumbnail","hentry","category-pedagogie","tag-arts-plastiques"],"yoast_head":"<!-- This site is optimized with the Yoast SEO plugin v23.3 - https:\/\/yoast.com\/wordpress\/plugins\/seo\/ -->\n<title>Nos lyc\u00e9ens en Arts plastiques au Festival de la BD d&#039;Angoul\u00eame<\/title>\n<meta name=\"description\" content=\"Le 26 janvier les lyc\u00e9ens de l&#039;Option et de la Sp\u00e9cialit\u00e9 Arts plastiques sont en visite au festival de la Bande Dessin\u00e9e d&#039;Angoul\u00eame.\" \/>\n<meta name=\"robots\" content=\"index, follow, max-snippet:-1, max-image-preview:large, max-video-preview:-1\" \/>\n<link rel=\"canonical\" href=\"https:\/\/www.saint-paul-angouleme.fr\/application\/nos-lyceens-en-arts-plastiques-au-festival-de-la-bd-dangouleme\/\" \/>\n<meta property=\"og:locale\" content=\"fr_FR\" \/>\n<meta property=\"og:type\" content=\"article\" \/>\n<meta property=\"og:title\" content=\"Nos lyc\u00e9ens en Arts plastiques au Festival de la BD d&#039;Angoul\u00eame\" \/>\n<meta property=\"og:description\" content=\"Le 26 janvier les lyc\u00e9ens de l&#039;Option et de la Sp\u00e9cialit\u00e9 Arts plastiques sont en visite au festival de la Bande Dessin\u00e9e d&#039;Angoul\u00eame.\" \/>\n<meta property=\"og:url\" content=\"https:\/\/www.saint-paul-angouleme.fr\/application\/nos-lyceens-en-arts-plastiques-au-festival-de-la-bd-dangouleme\/\" \/>\n<meta property=\"og:site_name\" content=\"Actualit\u00e9s\" \/>\n<meta property=\"article:publisher\" content=\"https:\/\/www.facebook.com\/SaintPaulAngouleme16\/\" \/>\n<meta property=\"article:published_time\" content=\"2024-01-29T08:23:00+00:00\" \/>\n<meta property=\"article:modified_time\" content=\"2024-02-23T15:25:22+00:00\" \/>\n<meta property=\"og:image\" content=\"https:\/\/www.saint-paul-angouleme.fr\/application\/wp-content\/uploads\/2024\/02\/image-6-2.jpg\" \/>\n\t<meta property=\"og:image:width\" content=\"1501\" \/>\n\t<meta property=\"og:image:height\" content=\"2001\" \/>\n\t<meta property=\"og:image:type\" content=\"image\/jpeg\" \/>\n<meta name=\"author\" content=\"SAINT-PAUL\" \/>\n<meta name=\"twitter:card\" content=\"summary_large_image\" \/>\n<meta name=\"twitter:creator\" content=\"@StPaulAngoulem\" \/>\n<meta name=\"twitter:site\" content=\"@StPaulAngoulem\" \/>\n<meta name=\"twitter:label1\" content=\"\u00c9crit par\" \/>\n\t<meta name=\"twitter:data1\" content=\"SAINT-PAUL\" \/>\n\t<meta name=\"twitter:label2\" content=\"Dur\u00e9e de lecture estim\u00e9e\" \/>\n\t<meta name=\"twitter:data2\" content=\"2 minutes\" \/>\n<script type=\"application\/ld+json\" class=\"yoast-schema-graph\">{\"@context\":\"https:\/\/schema.org\",\"@graph\":[{\"@type\":\"Article\",\"@id\":\"https:\/\/www.saint-paul-angouleme.fr\/application\/nos-lyceens-en-arts-plastiques-au-festival-de-la-bd-dangouleme\/#article\",\"isPartOf\":{\"@id\":\"https:\/\/www.saint-paul-angouleme.fr\/application\/nos-lyceens-en-arts-plastiques-au-festival-de-la-bd-dangouleme\/\"},\"author\":{\"name\":\"SAINT-PAUL\",\"@id\":\"https:\/\/www.saint-paul-angouleme.fr\/application\/#\/schema\/person\/ea152930b1a3823659065827b1a5fb9b\"},\"headline\":\"Option et Sp\u00e9 Arts Plastiques au Festival de la BD d&#8217;Angoul\u00eame\",\"datePublished\":\"2024-01-29T08:23:00+00:00\",\"dateModified\":\"2024-02-23T15:25:22+00:00\",\"mainEntityOfPage\":{\"@id\":\"https:\/\/www.saint-paul-angouleme.fr\/application\/nos-lyceens-en-arts-plastiques-au-festival-de-la-bd-dangouleme\/\"},\"wordCount\":73,\"commentCount\":0,\"publisher\":{\"@id\":\"https:\/\/www.saint-paul-angouleme.fr\/application\/#organization\"},\"image\":{\"@id\":\"https:\/\/www.saint-paul-angouleme.fr\/application\/nos-lyceens-en-arts-plastiques-au-festival-de-la-bd-dangouleme\/#primaryimage\"},\"thumbnailUrl\":\"https:\/\/www.saint-paul-angouleme.fr\/application\/wp-content\/uploads\/2024\/02\/image-6-2.jpg\",\"keywords\":[\"arts plastiques\"],\"articleSection\":[\"P\u00e9dagogie\"],\"inLanguage\":\"fr-FR\",\"potentialAction\":[{\"@type\":\"CommentAction\",\"name\":\"Comment\",\"target\":[\"https:\/\/www.saint-paul-angouleme.fr\/application\/nos-lyceens-en-arts-plastiques-au-festival-de-la-bd-dangouleme\/#respond\"]}]},{\"@type\":\"WebPage\",\"@id\":\"https:\/\/www.saint-paul-angouleme.fr\/application\/nos-lyceens-en-arts-plastiques-au-festival-de-la-bd-dangouleme\/\",\"url\":\"https:\/\/www.saint-paul-angouleme.fr\/application\/nos-lyceens-en-arts-plastiques-au-festival-de-la-bd-dangouleme\/\",\"name\":\"Nos lyc\u00e9ens en Arts plastiques au Festival de la BD d'Angoul\u00eame\",\"isPartOf\":{\"@id\":\"https:\/\/www.saint-paul-angouleme.fr\/application\/#website\"},\"primaryImageOfPage\":{\"@id\":\"https:\/\/www.saint-paul-angouleme.fr\/application\/nos-lyceens-en-arts-plastiques-au-festival-de-la-bd-dangouleme\/#primaryimage\"},\"image\":{\"@id\":\"https:\/\/www.saint-paul-angouleme.fr\/application\/nos-lyceens-en-arts-plastiques-au-festival-de-la-bd-dangouleme\/#primaryimage\"},\"thumbnailUrl\":\"https:\/\/www.saint-paul-angouleme.fr\/application\/wp-content\/uploads\/2024\/02\/image-6-2.jpg\",\"datePublished\":\"2024-01-29T08:23:00+00:00\",\"dateModified\":\"2024-02-23T15:25:22+00:00\",\"description\":\"Le 26 janvier les lyc\u00e9ens de l'Option et de la Sp\u00e9cialit\u00e9 Arts plastiques sont en visite au festival de la Bande Dessin\u00e9e d'Angoul\u00eame.\",\"breadcrumb\":{\"@id\":\"https:\/\/www.saint-paul-angouleme.fr\/application\/nos-lyceens-en-arts-plastiques-au-festival-de-la-bd-dangouleme\/#breadcrumb\"},\"inLanguage\":\"fr-FR\",\"potentialAction\":[{\"@type\":\"ReadAction\",\"target\":[\"https:\/\/www.saint-paul-angouleme.fr\/application\/nos-lyceens-en-arts-plastiques-au-festival-de-la-bd-dangouleme\/\"]}]},{\"@type\":\"ImageObject\",\"inLanguage\":\"fr-FR\",\"@id\":\"https:\/\/www.saint-paul-angouleme.fr\/application\/nos-lyceens-en-arts-plastiques-au-festival-de-la-bd-dangouleme\/#primaryimage\",\"url\":\"https:\/\/www.saint-paul-angouleme.fr\/application\/wp-content\/uploads\/2024\/02\/image-6-2.jpg\",\"contentUrl\":\"https:\/\/www.saint-paul-angouleme.fr\/application\/wp-content\/uploads\/2024\/02\/image-6-2.jpg\",\"width\":1501,\"height\":2001},{\"@type\":\"BreadcrumbList\",\"@id\":\"https:\/\/www.saint-paul-angouleme.fr\/application\/nos-lyceens-en-arts-plastiques-au-festival-de-la-bd-dangouleme\/#breadcrumb\",\"itemListElement\":[{\"@type\":\"ListItem\",\"position\":1,\"name\":\"Accueil\",\"item\":\"http:\/\/www.saint-paul-angouleme.fr\/application\/\"},{\"@type\":\"ListItem\",\"position\":2,\"name\":\"Option et Sp\u00e9 Arts Plastiques au Festival de la BD d&#8217;Angoul\u00eame\"}]},{\"@type\":\"WebSite\",\"@id\":\"https:\/\/www.saint-paul-angouleme.fr\/application\/#website\",\"url\":\"https:\/\/www.saint-paul-angouleme.fr\/application\/\",\"name\":\"Actualit\u00e9s\",\"description\":\"Actualit\u00e9s Saint Paul\",\"publisher\":{\"@id\":\"https:\/\/www.saint-paul-angouleme.fr\/application\/#organization\"},\"potentialAction\":[{\"@type\":\"SearchAction\",\"target\":{\"@type\":\"EntryPoint\",\"urlTemplate\":\"https:\/\/www.saint-paul-angouleme.fr\/application\/?s={search_term_string}\"},\"query-input\":\"required name=search_term_string\"}],\"inLanguage\":\"fr-FR\"},{\"@type\":\"Organization\",\"@id\":\"https:\/\/www.saint-paul-angouleme.fr\/application\/#organization\",\"name\":\"Ensemble scolaire Saint-Paul\",\"url\":\"https:\/\/www.saint-paul-angouleme.fr\/application\/\",\"logo\":{\"@type\":\"ImageObject\",\"inLanguage\":\"fr-FR\",\"@id\":\"https:\/\/www.saint-paul-angouleme.fr\/application\/#\/schema\/logo\/image\/\",\"url\":\"https:\/\/www.saint-paul-angouleme.fr\/application\/wp-content\/uploads\/2018\/08\/logo-saint-paul-couleurs.jpg\",\"contentUrl\":\"https:\/\/www.saint-paul-angouleme.fr\/application\/wp-content\/uploads\/2018\/08\/logo-saint-paul-couleurs.jpg\",\"width\":1890,\"height\":709,\"caption\":\"Ensemble scolaire Saint-Paul\"},\"image\":{\"@id\":\"https:\/\/www.saint-paul-angouleme.fr\/application\/#\/schema\/logo\/image\/\"},\"sameAs\":[\"https:\/\/www.facebook.com\/SaintPaulAngouleme16\/\",\"https:\/\/x.com\/StPaulAngoulem\",\"https:\/\/www.youtube.com\/channel\/UCRLpz1CmPVqc0gn--YyXvjA?view_as=subscriber\"]},{\"@type\":\"Person\",\"@id\":\"https:\/\/www.saint-paul-angouleme.fr\/application\/#\/schema\/person\/ea152930b1a3823659065827b1a5fb9b\",\"name\":\"SAINT-PAUL\",\"image\":{\"@type\":\"ImageObject\",\"inLanguage\":\"fr-FR\",\"@id\":\"https:\/\/www.saint-paul-angouleme.fr\/application\/#\/schema\/person\/image\/\",\"url\":\"https:\/\/secure.gravatar.com\/avatar\/eadb0ffebc02683a61d69038eb2924f0?s=96&r=g\",\"contentUrl\":\"https:\/\/secure.gravatar.com\/avatar\/eadb0ffebc02683a61d69038eb2924f0?s=96&r=g\",\"caption\":\"SAINT-PAUL\"},\"url\":\"https:\/\/www.saint-paul-angouleme.fr\/application\/author\/myriam\/\"}]}<\/script>\n<!-- \/ Yoast SEO plugin. -->","yoast_head_json":{"title":"Nos lyc\u00e9ens en Arts plastiques au Festival de la BD d'Angoul\u00eame","description":"Le 26 janvier les lyc\u00e9ens de l'Option et de la Sp\u00e9cialit\u00e9 Arts plastiques sont en visite au festival de la Bande Dessin\u00e9e d'Angoul\u00eame.","robots":{"index":"index","follow":"follow","max-snippet":"max-snippet:-1","max-image-preview":"max-image-preview:large","max-video-preview":"max-video-preview:-1"},"canonical":"https:\/\/www.saint-paul-angouleme.fr\/application\/nos-lyceens-en-arts-plastiques-au-festival-de-la-bd-dangouleme\/","og_locale":"fr_FR","og_type":"article","og_title":"Nos lyc\u00e9ens en Arts plastiques au Festival de la BD d'Angoul\u00eame","og_description":"Le 26 janvier les lyc\u00e9ens de l'Option et de la Sp\u00e9cialit\u00e9 Arts plastiques sont en visite au festival de la Bande Dessin\u00e9e d'Angoul\u00eame.","og_url":"https:\/\/www.saint-paul-angouleme.fr\/application\/nos-lyceens-en-arts-plastiques-au-festival-de-la-bd-dangouleme\/","og_site_name":"Actualit\u00e9s","article_publisher":"https:\/\/www.facebook.com\/SaintPaulAngouleme16\/","article_published_time":"2024-01-29T08:23:00+00:00","article_modified_time":"2024-02-23T15:25:22+00:00","og_image":[{"width":1501,"height":2001,"url":"https:\/\/www.saint-paul-angouleme.fr\/application\/wp-content\/uploads\/2024\/02\/image-6-2.jpg","type":"image\/jpeg"}],"author":"SAINT-PAUL","twitter_card":"summary_large_image","twitter_creator":"@StPaulAngoulem","twitter_site":"@StPaulAngoulem","twitter_misc":{"\u00c9crit par":"SAINT-PAUL","Dur\u00e9e de lecture estim\u00e9e":"2 minutes"},"schema":{"@context":"https:\/\/schema.org","@graph":[{"@type":"Article","@id":"https:\/\/www.saint-paul-angouleme.fr\/application\/nos-lyceens-en-arts-plastiques-au-festival-de-la-bd-dangouleme\/#article","isPartOf":{"@id":"https:\/\/www.saint-paul-angouleme.fr\/application\/nos-lyceens-en-arts-plastiques-au-festival-de-la-bd-dangouleme\/"},"author":{"name":"SAINT-PAUL","@id":"https:\/\/www.saint-paul-angouleme.fr\/application\/#\/schema\/person\/ea152930b1a3823659065827b1a5fb9b"},"headline":"Option et Sp\u00e9 Arts Plastiques au Festival de la BD d&#8217;Angoul\u00eame","datePublished":"2024-01-29T08:23:00+00:00","dateModified":"2024-02-23T15:25:22+00:00","mainEntityOfPage":{"@id":"https:\/\/www.saint-paul-angouleme.fr\/application\/nos-lyceens-en-arts-plastiques-au-festival-de-la-bd-dangouleme\/"},"wordCount":73,"commentCount":0,"publisher":{"@id":"https:\/\/www.saint-paul-angouleme.fr\/application\/#organization"},"image":{"@id":"https:\/\/www.saint-paul-angouleme.fr\/application\/nos-lyceens-en-arts-plastiques-au-festival-de-la-bd-dangouleme\/#primaryimage"},"thumbnailUrl":"https:\/\/www.saint-paul-angouleme.fr\/application\/wp-content\/uploads\/2024\/02\/image-6-2.jpg","keywords":["arts plastiques"],"articleSection":["P\u00e9dagogie"],"inLanguage":"fr-FR","potentialAction":[{"@type":"CommentAction","name":"Comment","target":["https:\/\/www.saint-paul-angouleme.fr\/application\/nos-lyceens-en-arts-plastiques-au-festival-de-la-bd-dangouleme\/#respond"]}]},{"@type":"WebPage","@id":"https:\/\/www.saint-paul-angouleme.fr\/application\/nos-lyceens-en-arts-plastiques-au-festival-de-la-bd-dangouleme\/","url":"https:\/\/www.saint-paul-angouleme.fr\/application\/nos-lyceens-en-arts-plastiques-au-festival-de-la-bd-dangouleme\/","name":"Nos lyc\u00e9ens en Arts plastiques au Festival de la BD d'Angoul\u00eame","isPartOf":{"@id":"https:\/\/www.saint-paul-angouleme.fr\/application\/#website"},"primaryImageOfPage":{"@id":"https:\/\/www.saint-paul-angouleme.fr\/application\/nos-lyceens-en-arts-plastiques-au-festival-de-la-bd-dangouleme\/#primaryimage"},"image":{"@id":"https:\/\/www.saint-paul-angouleme.fr\/application\/nos-lyceens-en-arts-plastiques-au-festival-de-la-bd-dangouleme\/#primaryimage"},"thumbnailUrl":"https:\/\/www.saint-paul-angouleme.fr\/application\/wp-content\/uploads\/2024\/02\/image-6-2.jpg","datePublished":"2024-01-29T08:23:00+00:00","dateModified":"2024-02-23T15:25:22+00:00","description":"Le 26 janvier les lyc\u00e9ens de l'Option et de la Sp\u00e9cialit\u00e9 Arts plastiques sont en visite au festival de la Bande Dessin\u00e9e d'Angoul\u00eame.","breadcrumb":{"@id":"https:\/\/www.saint-paul-angouleme.fr\/application\/nos-lyceens-en-arts-plastiques-au-festival-de-la-bd-dangouleme\/#breadcrumb"},"inLanguage":"fr-FR","potentialAction":[{"@type":"ReadAction","target":["https:\/\/www.saint-paul-angouleme.fr\/application\/nos-lyceens-en-arts-plastiques-au-festival-de-la-bd-dangouleme\/"]}]},{"@type":"ImageObject","inLanguage":"fr-FR","@id":"https:\/\/www.saint-paul-angouleme.fr\/application\/nos-lyceens-en-arts-plastiques-au-festival-de-la-bd-dangouleme\/#primaryimage","url":"https:\/\/www.saint-paul-angouleme.fr\/application\/wp-content\/uploads\/2024\/02\/image-6-2.jpg","contentUrl":"https:\/\/www.saint-paul-angouleme.fr\/application\/wp-content\/uploads\/2024\/02\/image-6-2.jpg","width":1501,"height":2001},{"@type":"BreadcrumbList","@id":"https:\/\/www.saint-paul-angouleme.fr\/application\/nos-lyceens-en-arts-plastiques-au-festival-de-la-bd-dangouleme\/#breadcrumb","itemListElement":[{"@type":"ListItem","position":1,"name":"Accueil","item":"http:\/\/www.saint-paul-angouleme.fr\/application\/"},{"@type":"ListItem","position":2,"name":"Option et Sp\u00e9 Arts Plastiques au Festival de la BD d&#8217;Angoul\u00eame"}]},{"@type":"WebSite","@id":"https:\/\/www.saint-paul-angouleme.fr\/application\/#website","url":"https:\/\/www.saint-paul-angouleme.fr\/application\/","name":"Actualit\u00e9s","description":"Actualit\u00e9s Saint Paul","publisher":{"@id":"https:\/\/www.saint-paul-angouleme.fr\/application\/#organization"},"potentialAction":[{"@type":"SearchAction","target":{"@type":"EntryPoint","urlTemplate":"https:\/\/www.saint-paul-angouleme.fr\/application\/?s={search_term_string}"},"query-input":"required name=search_term_string"}],"inLanguage":"fr-FR"},{"@type":"Organization","@id":"https:\/\/www.saint-paul-angouleme.fr\/application\/#organization","name":"Ensemble scolaire Saint-Paul","url":"https:\/\/www.saint-paul-angouleme.fr\/application\/","logo":{"@type":"ImageObject","inLanguage":"fr-FR","@id":"https:\/\/www.saint-paul-angouleme.fr\/application\/#\/schema\/logo\/image\/","url":"https:\/\/www.saint-paul-angouleme.fr\/application\/wp-content\/uploads\/2018\/08\/logo-saint-paul-couleurs.jpg","contentUrl":"https:\/\/www.saint-paul-angouleme.fr\/application\/wp-content\/uploads\/2018\/08\/logo-saint-paul-couleurs.jpg","width":1890,"height":709,"caption":"Ensemble scolaire Saint-Paul"},"image":{"@id":"https:\/\/www.saint-paul-angouleme.fr\/application\/#\/schema\/logo\/image\/"},"sameAs":["https:\/\/www.facebook.com\/SaintPaulAngouleme16\/","https:\/\/x.com\/StPaulAngoulem","https:\/\/www.youtube.com\/channel\/UCRLpz1CmPVqc0gn--YyXvjA?view_as=subscriber"]},{"@type":"Person","@id":"https:\/\/www.saint-paul-angouleme.fr\/application\/#\/schema\/person\/ea152930b1a3823659065827b1a5fb9b","name":"SAINT-PAUL","image":{"@type":"ImageObject","inLanguage":"fr-FR","@id":"https:\/\/www.saint-paul-angouleme.fr\/application\/#\/schema\/person\/image\/","url":"https:\/\/secure.gravatar.com\/avatar\/eadb0ffebc02683a61d69038eb2924f0?s=96&r=g","contentUrl":"https:\/\/secure.gravatar.com\/avatar\/eadb0ffebc02683a61d69038eb2924f0?s=96&r=g","caption":"SAINT-PAUL"},"url":"https:\/\/www.saint-paul-angouleme.fr\/application\/author\/myriam\/"}]}},"_links":{"self":[{"href":"https:\/\/www.saint-paul-angouleme.fr\/application\/wp-json\/wp\/v2\/posts\/8834"}],"collection":[{"href":"https:\/\/www.saint-paul-angouleme.fr\/application\/wp-json\/wp\/v2\/posts"}],"about":[{"href":"https:\/\/www.saint-paul-angouleme.fr\/application\/wp-json\/wp\/v2\/types\/post"}],"author":[{"embeddable":true,"href":"https:\/\/www.saint-paul-angouleme.fr\/application\/wp-json\/wp\/v2\/users\/3"}],"replies":[{"embeddable":true,"href":"https:\/\/www.saint-paul-angouleme.fr\/application\/wp-json\/wp\/v2\/comments?post=8834"}],"version-history":[{"count":2,"href":"https:\/\/www.saint-paul-angouleme.fr\/application\/wp-json\/wp\/v2\/posts\/8834\/revisions"}],"predecessor-version":[{"id":8844,"href":"https:\/\/www.saint-paul-angouleme.fr\/application\/wp-json\/wp\/v2\/posts\/8834\/revisions\/8844"}],"wp:featuredmedia":[{"embeddable":true,"href":"https:\/\/www.saint-paul-angouleme.fr\/application\/wp-json\/wp\/v2\/media\/8836"}],"wp:attachment":[{"href":"https:\/\/www.saint-paul-angouleme.fr\/application\/wp-json\/wp\/v2\/media?parent=8834"}],"wp:term":[{"taxonomy":"category","embeddable":true,"href":"https:\/\/www.saint-paul-angouleme.fr\/application\/wp-json\/wp\/v2\/categories?post=8834"},{"taxonomy":"post_tag","embeddable":true,"href":"https:\/\/www.saint-paul-angouleme.fr\/application\/wp-json\/wp\/v2\/tags?post=8834"}],"curies":[{"name":"wp","href":"https:\/\/api.w.org\/{rel}","templated":true}]}}