{"id":860,"date":"2017-06-01T00:16:38","date_gmt":"2017-05-31T22:16:38","guid":{"rendered":"http:\/\/www.saint-paul-angouleme.fr\/application\/?p=860"},"modified":"2017-06-02T11:41:35","modified_gmt":"2017-06-02T09:41:35","slug":"theatre-solidaire-a-saint-paul-remise-des-cheques-aux-associations","status":"publish","type":"post","link":"https:\/\/www.saint-paul-angouleme.fr\/application\/theatre-solidaire-a-saint-paul-remise-des-cheques-aux-associations\/","title":{"rendered":"Th\u00e9\u00e2tre solidaire \u00e0 Saint-Paul : remise des ch\u00e8ques aux associations"},"content":{"rendered":"<p style=\"text-align: justify;\"><a href=\"http:\/\/www.saint-paul-angouleme.fr\/application\/wp-content\/uploads\/2017\/05\/DSC_0177-2.jpg\"><img loading=\"lazy\" decoding=\"async\" class=\"aligncenter size-large wp-image-862\" src=\"http:\/\/www.saint-paul-angouleme.fr\/application\/wp-content\/uploads\/2017\/05\/DSC_0177-2-1024x576.jpg\" alt=\"\" width=\"1024\" height=\"576\" data-id=\"862\" srcset=\"https:\/\/www.saint-paul-angouleme.fr\/application\/wp-content\/uploads\/2017\/05\/DSC_0177-2-1024x576.jpg 1024w, https:\/\/www.saint-paul-angouleme.fr\/application\/wp-content\/uploads\/2017\/05\/DSC_0177-2-300x169.jpg 300w, https:\/\/www.saint-paul-angouleme.fr\/application\/wp-content\/uploads\/2017\/05\/DSC_0177-2-768x432.jpg 768w, https:\/\/www.saint-paul-angouleme.fr\/application\/wp-content\/uploads\/2017\/05\/DSC_0177-2.jpg 1111w\" sizes=\"(max-width: 1024px) 100vw, 1024px\" \/><\/a><\/p>\n<p style=\"text-align: justify;\"><span style=\"color: #333333; font-family: tahoma,arial,helvetica,sans-serif; font-size: 20px;\">La pi\u00e8ce \u00ab\u00a0Monsieur MOREL sera vivant dimanche, titre provisoire\u00a0\u00bb qui avait \u00e9t\u00e9 jou\u00e9e le jeudi 13 avril par l\u2019atelier th\u00e9\u00e2tre du Coll\u00e8ge &amp; Lyc\u00e9e Saint-Paul (cf. article du 24 avril)\u00a0a permis de r\u00e9colter un peu plus de 500 \u20ac.<\/span><\/p>\n<p style=\"text-align: justify;\"><span style=\"color: #333333; font-family: tahoma,arial,helvetica,sans-serif; font-size: 20px;\">Vendredi 19 mai 2017, Mme V\u00e9ronique GABRIEL accompagn\u00e9e de M. David POUGNAUD (metteur en sc\u00e8ne) et des neuf acteurs a donc pu remettre les ch\u00e8ques \u00e0 l\u2019association ABA 16 (qui vient en aide aux enfants autistes) et \u00e0 l\u2019APPEL (qui soutien la scolarisation des enfants en Afrique).<\/span><\/p>\n<p style=\"text-align: justify;\"><span style=\"color: #333333; font-family: tahoma,arial,helvetica,sans-serif; font-size: 20px;\">A l\u2019issue de cette c\u00e9r\u00e9monie, chacun a pu \u00e9changer et\u00a0partager des souvenirs de la pi\u00e8ce et des r\u00e9p\u00e9titions autour d\u2019un verre de l\u2019amiti\u00e9.<\/span><\/p>\n<p><a href=\"http:\/\/www.saint-paul-angouleme.fr\/application\/wp-content\/uploads\/2017\/05\/DSC_0178-1.jpg\"><img loading=\"lazy\" decoding=\"async\" class=\"aligncenter size-large wp-image-863\" src=\"http:\/\/www.saint-paul-angouleme.fr\/application\/wp-content\/uploads\/2017\/05\/DSC_0178-1-1024x576.jpg\" alt=\"\" width=\"1024\" height=\"576\" data-id=\"863\" srcset=\"https:\/\/www.saint-paul-angouleme.fr\/application\/wp-content\/uploads\/2017\/05\/DSC_0178-1-1024x576.jpg 1024w, https:\/\/www.saint-paul-angouleme.fr\/application\/wp-content\/uploads\/2017\/05\/DSC_0178-1-300x169.jpg 300w, https:\/\/www.saint-paul-angouleme.fr\/application\/wp-content\/uploads\/2017\/05\/DSC_0178-1-768x432.jpg 768w, https:\/\/www.saint-paul-angouleme.fr\/application\/wp-content\/uploads\/2017\/05\/DSC_0178-1.jpg 1111w\" sizes=\"(max-width: 1024px) 100vw, 1024px\" \/><\/a><\/p>\n<p style=\"text-align: justify;\"><span style=\"color: #333333; font-family: tahoma,arial,helvetica,sans-serif; font-size: 20px;\"><strong>Des \u00e9l\u00e8ves de 4<sup>\u00e8me<\/sup> deviennent des journalistes en herbe.<\/strong><\/span><\/p>\n<p style=\"text-align: justify;\"><span style=\"color: #333333; font-family: tahoma,arial,helvetica,sans-serif; font-size: 20px;\">Mme KLINNIK a demand\u00e9 \u00e0 ses \u00e9l\u00e8ves de 4<sup>\u00e8me<\/sup> d\u2019\u00e9crire un article critique sur la pi\u00e8ce qu\u2019ils avaient vue.<\/span><\/p>\n<p style=\"text-align: justify;\"><span style=\"color: #333333; font-family: tahoma,arial,helvetica,sans-serif; font-size: 20px;\">Chacun s\u2019est essay\u00e9 \u00e0 retranscrire ce qu\u2019il avait pens\u00e9 et retenu de\u00a0<span style=\"font-family: Tahoma;\">\u00ab\u00a0Monsieur MOREL sera vivant dimanche, titre provisoire\u00a0\u00bb<\/span> ainsi que des \u00e9changes qui ont suivi la repr\u00e9sentation. En effet, acteurs et metteur en sc\u00e8ne leur ont accord\u00e9 un peu de temps pour accueillir les r\u00e9actions et r\u00e9pondre aux questions des jeunes reporters. Voici quelques articles :<\/span><\/p>\n<p style=\"text-align: justify;\"><iframe src=\"\/\/docs.google.com\/viewer?url=http%3A%2F%2Fwww.saint-paul-angouleme.fr%2Fapplication%2Fwp-content%2Fuploads%2F2017%2F05%2FArticles-th%C3%A9%C3%A2tre-classe-4%C3%A8me-Snejanna.pdf&hl=fr&embedded=true\" class=\"gde-frame\" style=\"width:100%; height:450px; border: none;\" scrolling=\"no\"><\/iframe>\n<p class=\"gde-text\"><a href=\"http:\/\/www.saint-paul-angouleme.fr\/application\/wp-content\/uploads\/2017\/05\/Articles-th\u00e9\u00e2tre-classe-4\u00e8me-Snejanna.pdf\" class=\"gde-link\">T\u00e9l\u00e9charger (PDF, 2MB)<\/a><\/p>\n","protected":false},"excerpt":{"rendered":"<p>La pi\u00e8ce \u00ab\u00a0Monsieur MOREL sera vivant dimanche, titre provisoire\u00a0\u00bb qui avait \u00e9t\u00e9 jou\u00e9e le jeudi 13 avril par l\u2019atelier th\u00e9\u00e2tre du Coll\u00e8ge &amp; Lyc\u00e9e Saint-Paul (cf. article du 24 avril)\u00a0a permis de r\u00e9colter un peu plus de 500 \u20ac. Vendredi 19 mai 2017, Mme V\u00e9ronique GABRIEL accompagn\u00e9e de M. David POUGNAUD (metteur en sc\u00e8ne) et &#8230; <a title=\"Th\u00e9\u00e2tre solidaire \u00e0 Saint-Paul : remise des ch\u00e8ques aux associations\" class=\"read-more\" href=\"https:\/\/www.saint-paul-angouleme.fr\/application\/theatre-solidaire-a-saint-paul-remise-des-cheques-aux-associations\/\" aria-label=\"Read more about Th\u00e9\u00e2tre solidaire \u00e0 Saint-Paul : remise des ch\u00e8ques aux associations\">Lire la suite<\/a><\/p>\n","protected":false},"author":3,"featured_media":0,"comment_status":"open","ping_status":"open","sticky":false,"template":"","format":"standard","meta":{"_exactmetrics_skip_tracking":false,"_exactmetrics_sitenote_active":false,"_exactmetrics_sitenote_note":"","_exactmetrics_sitenote_category":0,"footnotes":""},"categories":[2],"tags":[51,52,55,53,54],"class_list":["post-860","post","type-post","status-publish","format-standard","hentry","category-look-on","tag-abba16","tag-appel","tag-college-lycee-saint-paul-angouleme","tag-francois-morel","tag-theatre"],"yoast_head":"<!-- This site is optimized with the Yoast SEO plugin v23.3 - https:\/\/yoast.com\/wordpress\/plugins\/seo\/ -->\n<title>Th\u00e9\u00e2tre solidaire \u00e0 Saint-Paul : remise des ch\u00e8ques aux associations - Actualit\u00e9s<\/title>\n<meta name=\"robots\" content=\"index, follow, max-snippet:-1, max-image-preview:large, max-video-preview:-1\" \/>\n<link rel=\"canonical\" href=\"https:\/\/www.saint-paul-angouleme.fr\/application\/theatre-solidaire-a-saint-paul-remise-des-cheques-aux-associations\/\" \/>\n<meta property=\"og:locale\" content=\"fr_FR\" \/>\n<meta property=\"og:type\" content=\"article\" \/>\n<meta property=\"og:title\" content=\"Th\u00e9\u00e2tre solidaire \u00e0 Saint-Paul : remise des ch\u00e8ques aux associations - Actualit\u00e9s\" \/>\n<meta property=\"og:description\" content=\"La pi\u00e8ce \u00ab\u00a0Monsieur MOREL sera vivant dimanche, titre provisoire\u00a0\u00bb qui avait \u00e9t\u00e9 jou\u00e9e le jeudi 13 avril par l\u2019atelier th\u00e9\u00e2tre du Coll\u00e8ge &amp; Lyc\u00e9e Saint-Paul (cf. article du 24 avril)\u00a0a permis de r\u00e9colter un peu plus de 500 \u20ac. Vendredi 19 mai 2017, Mme V\u00e9ronique GABRIEL accompagn\u00e9e de M. David POUGNAUD (metteur en sc\u00e8ne) et ... Lire la suite\" \/>\n<meta property=\"og:url\" content=\"https:\/\/www.saint-paul-angouleme.fr\/application\/theatre-solidaire-a-saint-paul-remise-des-cheques-aux-associations\/\" \/>\n<meta property=\"og:site_name\" content=\"Actualit\u00e9s\" \/>\n<meta property=\"article:publisher\" content=\"https:\/\/www.facebook.com\/SaintPaulAngouleme16\/\" \/>\n<meta property=\"article:published_time\" content=\"2017-05-31T22:16:38+00:00\" \/>\n<meta property=\"article:modified_time\" content=\"2017-06-02T09:41:35+00:00\" \/>\n<meta property=\"og:image\" content=\"http:\/\/www.saint-paul-angouleme.fr\/application\/wp-content\/uploads\/2017\/05\/DSC_0177-2-1024x576.jpg\" \/>\n<meta name=\"author\" content=\"SAINT-PAUL\" \/>\n<meta name=\"twitter:card\" content=\"summary_large_image\" \/>\n<meta name=\"twitter:creator\" content=\"@StPaulAngoulem\" \/>\n<meta name=\"twitter:site\" content=\"@StPaulAngoulem\" \/>\n<meta name=\"twitter:label1\" content=\"\u00c9crit par\" \/>\n\t<meta name=\"twitter:data1\" content=\"SAINT-PAUL\" \/>\n\t<meta name=\"twitter:label2\" content=\"Dur\u00e9e de lecture estim\u00e9e\" \/>\n\t<meta name=\"twitter:data2\" content=\"1 minute\" \/>\n<script type=\"application\/ld+json\" class=\"yoast-schema-graph\">{\"@context\":\"https:\/\/schema.org\",\"@graph\":[{\"@type\":\"Article\",\"@id\":\"https:\/\/www.saint-paul-angouleme.fr\/application\/theatre-solidaire-a-saint-paul-remise-des-cheques-aux-associations\/#article\",\"isPartOf\":{\"@id\":\"https:\/\/www.saint-paul-angouleme.fr\/application\/theatre-solidaire-a-saint-paul-remise-des-cheques-aux-associations\/\"},\"author\":{\"name\":\"SAINT-PAUL\",\"@id\":\"https:\/\/www.saint-paul-angouleme.fr\/application\/#\/schema\/person\/ea152930b1a3823659065827b1a5fb9b\"},\"headline\":\"Th\u00e9\u00e2tre solidaire \u00e0 Saint-Paul : remise des ch\u00e8ques aux associations\",\"datePublished\":\"2017-05-31T22:16:38+00:00\",\"dateModified\":\"2017-06-02T09:41:35+00:00\",\"mainEntityOfPage\":{\"@id\":\"https:\/\/www.saint-paul-angouleme.fr\/application\/theatre-solidaire-a-saint-paul-remise-des-cheques-aux-associations\/\"},\"wordCount\":239,\"commentCount\":0,\"publisher\":{\"@id\":\"https:\/\/www.saint-paul-angouleme.fr\/application\/#organization\"},\"image\":{\"@id\":\"https:\/\/www.saint-paul-angouleme.fr\/application\/theatre-solidaire-a-saint-paul-remise-des-cheques-aux-associations\/#primaryimage\"},\"thumbnailUrl\":\"http:\/\/www.saint-paul-angouleme.fr\/application\/wp-content\/uploads\/2017\/05\/DSC_0177-2-1024x576.jpg\",\"keywords\":[\"ABBA16\",\"APPEL\",\"Coll\u00e8ge &amp; Lyc\u00e9e Saint-Paul Angoul\u00eame\",\"Fran\u00e7ois Morel\",\"Th\u00e9\u00e2tre\"],\"articleSection\":[\"Look on\"],\"inLanguage\":\"fr-FR\",\"potentialAction\":[{\"@type\":\"CommentAction\",\"name\":\"Comment\",\"target\":[\"https:\/\/www.saint-paul-angouleme.fr\/application\/theatre-solidaire-a-saint-paul-remise-des-cheques-aux-associations\/#respond\"]}]},{\"@type\":\"WebPage\",\"@id\":\"https:\/\/www.saint-paul-angouleme.fr\/application\/theatre-solidaire-a-saint-paul-remise-des-cheques-aux-associations\/\",\"url\":\"https:\/\/www.saint-paul-angouleme.fr\/application\/theatre-solidaire-a-saint-paul-remise-des-cheques-aux-associations\/\",\"name\":\"Th\u00e9\u00e2tre solidaire \u00e0 Saint-Paul : remise des ch\u00e8ques aux associations - Actualit\u00e9s\",\"isPartOf\":{\"@id\":\"https:\/\/www.saint-paul-angouleme.fr\/application\/#website\"},\"primaryImageOfPage\":{\"@id\":\"https:\/\/www.saint-paul-angouleme.fr\/application\/theatre-solidaire-a-saint-paul-remise-des-cheques-aux-associations\/#primaryimage\"},\"image\":{\"@id\":\"https:\/\/www.saint-paul-angouleme.fr\/application\/theatre-solidaire-a-saint-paul-remise-des-cheques-aux-associations\/#primaryimage\"},\"thumbnailUrl\":\"http:\/\/www.saint-paul-angouleme.fr\/application\/wp-content\/uploads\/2017\/05\/DSC_0177-2-1024x576.jpg\",\"datePublished\":\"2017-05-31T22:16:38+00:00\",\"dateModified\":\"2017-06-02T09:41:35+00:00\",\"breadcrumb\":{\"@id\":\"https:\/\/www.saint-paul-angouleme.fr\/application\/theatre-solidaire-a-saint-paul-remise-des-cheques-aux-associations\/#breadcrumb\"},\"inLanguage\":\"fr-FR\",\"potentialAction\":[{\"@type\":\"ReadAction\",\"target\":[\"https:\/\/www.saint-paul-angouleme.fr\/application\/theatre-solidaire-a-saint-paul-remise-des-cheques-aux-associations\/\"]}]},{\"@type\":\"ImageObject\",\"inLanguage\":\"fr-FR\",\"@id\":\"https:\/\/www.saint-paul-angouleme.fr\/application\/theatre-solidaire-a-saint-paul-remise-des-cheques-aux-associations\/#primaryimage\",\"url\":\"https:\/\/www.saint-paul-angouleme.fr\/application\/wp-content\/uploads\/2017\/05\/DSC_0177-2.jpg\",\"contentUrl\":\"https:\/\/www.saint-paul-angouleme.fr\/application\/wp-content\/uploads\/2017\/05\/DSC_0177-2.jpg\",\"width\":1111,\"height\":625},{\"@type\":\"BreadcrumbList\",\"@id\":\"https:\/\/www.saint-paul-angouleme.fr\/application\/theatre-solidaire-a-saint-paul-remise-des-cheques-aux-associations\/#breadcrumb\",\"itemListElement\":[{\"@type\":\"ListItem\",\"position\":1,\"name\":\"Accueil\",\"item\":\"http:\/\/www.saint-paul-angouleme.fr\/application\/\"},{\"@type\":\"ListItem\",\"position\":2,\"name\":\"Th\u00e9\u00e2tre solidaire \u00e0 Saint-Paul : remise des ch\u00e8ques aux associations\"}]},{\"@type\":\"WebSite\",\"@id\":\"https:\/\/www.saint-paul-angouleme.fr\/application\/#website\",\"url\":\"https:\/\/www.saint-paul-angouleme.fr\/application\/\",\"name\":\"Actualit\u00e9s\",\"description\":\"Actualit\u00e9s Saint Paul\",\"publisher\":{\"@id\":\"https:\/\/www.saint-paul-angouleme.fr\/application\/#organization\"},\"potentialAction\":[{\"@type\":\"SearchAction\",\"target\":{\"@type\":\"EntryPoint\",\"urlTemplate\":\"https:\/\/www.saint-paul-angouleme.fr\/application\/?s={search_term_string}\"},\"query-input\":\"required name=search_term_string\"}],\"inLanguage\":\"fr-FR\"},{\"@type\":\"Organization\",\"@id\":\"https:\/\/www.saint-paul-angouleme.fr\/application\/#organization\",\"name\":\"Ensemble scolaire Saint-Paul\",\"url\":\"https:\/\/www.saint-paul-angouleme.fr\/application\/\",\"logo\":{\"@type\":\"ImageObject\",\"inLanguage\":\"fr-FR\",\"@id\":\"https:\/\/www.saint-paul-angouleme.fr\/application\/#\/schema\/logo\/image\/\",\"url\":\"https:\/\/www.saint-paul-angouleme.fr\/application\/wp-content\/uploads\/2018\/08\/logo-saint-paul-couleurs.jpg\",\"contentUrl\":\"https:\/\/www.saint-paul-angouleme.fr\/application\/wp-content\/uploads\/2018\/08\/logo-saint-paul-couleurs.jpg\",\"width\":1890,\"height\":709,\"caption\":\"Ensemble scolaire Saint-Paul\"},\"image\":{\"@id\":\"https:\/\/www.saint-paul-angouleme.fr\/application\/#\/schema\/logo\/image\/\"},\"sameAs\":[\"https:\/\/www.facebook.com\/SaintPaulAngouleme16\/\",\"https:\/\/x.com\/StPaulAngoulem\",\"https:\/\/www.youtube.com\/channel\/UCRLpz1CmPVqc0gn--YyXvjA?view_as=subscriber\"]},{\"@type\":\"Person\",\"@id\":\"https:\/\/www.saint-paul-angouleme.fr\/application\/#\/schema\/person\/ea152930b1a3823659065827b1a5fb9b\",\"name\":\"SAINT-PAUL\",\"image\":{\"@type\":\"ImageObject\",\"inLanguage\":\"fr-FR\",\"@id\":\"https:\/\/www.saint-paul-angouleme.fr\/application\/#\/schema\/person\/image\/\",\"url\":\"https:\/\/secure.gravatar.com\/avatar\/eadb0ffebc02683a61d69038eb2924f0?s=96&r=g\",\"contentUrl\":\"https:\/\/secure.gravatar.com\/avatar\/eadb0ffebc02683a61d69038eb2924f0?s=96&r=g\",\"caption\":\"SAINT-PAUL\"},\"url\":\"https:\/\/www.saint-paul-angouleme.fr\/application\/author\/myriam\/\"}]}<\/script>\n<!-- \/ Yoast SEO plugin. -->","yoast_head_json":{"title":"Th\u00e9\u00e2tre solidaire \u00e0 Saint-Paul : remise des ch\u00e8ques aux associations - Actualit\u00e9s","robots":{"index":"index","follow":"follow","max-snippet":"max-snippet:-1","max-image-preview":"max-image-preview:large","max-video-preview":"max-video-preview:-1"},"canonical":"https:\/\/www.saint-paul-angouleme.fr\/application\/theatre-solidaire-a-saint-paul-remise-des-cheques-aux-associations\/","og_locale":"fr_FR","og_type":"article","og_title":"Th\u00e9\u00e2tre solidaire \u00e0 Saint-Paul : remise des ch\u00e8ques aux associations - Actualit\u00e9s","og_description":"La pi\u00e8ce \u00ab\u00a0Monsieur MOREL sera vivant dimanche, titre provisoire\u00a0\u00bb qui avait \u00e9t\u00e9 jou\u00e9e le jeudi 13 avril par l\u2019atelier th\u00e9\u00e2tre du Coll\u00e8ge &amp; Lyc\u00e9e Saint-Paul (cf. article du 24 avril)\u00a0a permis de r\u00e9colter un peu plus de 500 \u20ac. Vendredi 19 mai 2017, Mme V\u00e9ronique GABRIEL accompagn\u00e9e de M. David POUGNAUD (metteur en sc\u00e8ne) et ... Lire la suite","og_url":"https:\/\/www.saint-paul-angouleme.fr\/application\/theatre-solidaire-a-saint-paul-remise-des-cheques-aux-associations\/","og_site_name":"Actualit\u00e9s","article_publisher":"https:\/\/www.facebook.com\/SaintPaulAngouleme16\/","article_published_time":"2017-05-31T22:16:38+00:00","article_modified_time":"2017-06-02T09:41:35+00:00","og_image":[{"url":"http:\/\/www.saint-paul-angouleme.fr\/application\/wp-content\/uploads\/2017\/05\/DSC_0177-2-1024x576.jpg"}],"author":"SAINT-PAUL","twitter_card":"summary_large_image","twitter_creator":"@StPaulAngoulem","twitter_site":"@StPaulAngoulem","twitter_misc":{"\u00c9crit par":"SAINT-PAUL","Dur\u00e9e de lecture estim\u00e9e":"1 minute"},"schema":{"@context":"https:\/\/schema.org","@graph":[{"@type":"Article","@id":"https:\/\/www.saint-paul-angouleme.fr\/application\/theatre-solidaire-a-saint-paul-remise-des-cheques-aux-associations\/#article","isPartOf":{"@id":"https:\/\/www.saint-paul-angouleme.fr\/application\/theatre-solidaire-a-saint-paul-remise-des-cheques-aux-associations\/"},"author":{"name":"SAINT-PAUL","@id":"https:\/\/www.saint-paul-angouleme.fr\/application\/#\/schema\/person\/ea152930b1a3823659065827b1a5fb9b"},"headline":"Th\u00e9\u00e2tre solidaire \u00e0 Saint-Paul : remise des ch\u00e8ques aux associations","datePublished":"2017-05-31T22:16:38+00:00","dateModified":"2017-06-02T09:41:35+00:00","mainEntityOfPage":{"@id":"https:\/\/www.saint-paul-angouleme.fr\/application\/theatre-solidaire-a-saint-paul-remise-des-cheques-aux-associations\/"},"wordCount":239,"commentCount":0,"publisher":{"@id":"https:\/\/www.saint-paul-angouleme.fr\/application\/#organization"},"image":{"@id":"https:\/\/www.saint-paul-angouleme.fr\/application\/theatre-solidaire-a-saint-paul-remise-des-cheques-aux-associations\/#primaryimage"},"thumbnailUrl":"http:\/\/www.saint-paul-angouleme.fr\/application\/wp-content\/uploads\/2017\/05\/DSC_0177-2-1024x576.jpg","keywords":["ABBA16","APPEL","Coll\u00e8ge &amp; Lyc\u00e9e Saint-Paul Angoul\u00eame","Fran\u00e7ois Morel","Th\u00e9\u00e2tre"],"articleSection":["Look on"],"inLanguage":"fr-FR","potentialAction":[{"@type":"CommentAction","name":"Comment","target":["https:\/\/www.saint-paul-angouleme.fr\/application\/theatre-solidaire-a-saint-paul-remise-des-cheques-aux-associations\/#respond"]}]},{"@type":"WebPage","@id":"https:\/\/www.saint-paul-angouleme.fr\/application\/theatre-solidaire-a-saint-paul-remise-des-cheques-aux-associations\/","url":"https:\/\/www.saint-paul-angouleme.fr\/application\/theatre-solidaire-a-saint-paul-remise-des-cheques-aux-associations\/","name":"Th\u00e9\u00e2tre solidaire \u00e0 Saint-Paul : remise des ch\u00e8ques aux associations - Actualit\u00e9s","isPartOf":{"@id":"https:\/\/www.saint-paul-angouleme.fr\/application\/#website"},"primaryImageOfPage":{"@id":"https:\/\/www.saint-paul-angouleme.fr\/application\/theatre-solidaire-a-saint-paul-remise-des-cheques-aux-associations\/#primaryimage"},"image":{"@id":"https:\/\/www.saint-paul-angouleme.fr\/application\/theatre-solidaire-a-saint-paul-remise-des-cheques-aux-associations\/#primaryimage"},"thumbnailUrl":"http:\/\/www.saint-paul-angouleme.fr\/application\/wp-content\/uploads\/2017\/05\/DSC_0177-2-1024x576.jpg","datePublished":"2017-05-31T22:16:38+00:00","dateModified":"2017-06-02T09:41:35+00:00","breadcrumb":{"@id":"https:\/\/www.saint-paul-angouleme.fr\/application\/theatre-solidaire-a-saint-paul-remise-des-cheques-aux-associations\/#breadcrumb"},"inLanguage":"fr-FR","potentialAction":[{"@type":"ReadAction","target":["https:\/\/www.saint-paul-angouleme.fr\/application\/theatre-solidaire-a-saint-paul-remise-des-cheques-aux-associations\/"]}]},{"@type":"ImageObject","inLanguage":"fr-FR","@id":"https:\/\/www.saint-paul-angouleme.fr\/application\/theatre-solidaire-a-saint-paul-remise-des-cheques-aux-associations\/#primaryimage","url":"https:\/\/www.saint-paul-angouleme.fr\/application\/wp-content\/uploads\/2017\/05\/DSC_0177-2.jpg","contentUrl":"https:\/\/www.saint-paul-angouleme.fr\/application\/wp-content\/uploads\/2017\/05\/DSC_0177-2.jpg","width":1111,"height":625},{"@type":"BreadcrumbList","@id":"https:\/\/www.saint-paul-angouleme.fr\/application\/theatre-solidaire-a-saint-paul-remise-des-cheques-aux-associations\/#breadcrumb","itemListElement":[{"@type":"ListItem","position":1,"name":"Accueil","item":"http:\/\/www.saint-paul-angouleme.fr\/application\/"},{"@type":"ListItem","position":2,"name":"Th\u00e9\u00e2tre solidaire \u00e0 Saint-Paul : remise des ch\u00e8ques aux associations"}]},{"@type":"WebSite","@id":"https:\/\/www.saint-paul-angouleme.fr\/application\/#website","url":"https:\/\/www.saint-paul-angouleme.fr\/application\/","name":"Actualit\u00e9s","description":"Actualit\u00e9s Saint Paul","publisher":{"@id":"https:\/\/www.saint-paul-angouleme.fr\/application\/#organization"},"potentialAction":[{"@type":"SearchAction","target":{"@type":"EntryPoint","urlTemplate":"https:\/\/www.saint-paul-angouleme.fr\/application\/?s={search_term_string}"},"query-input":"required name=search_term_string"}],"inLanguage":"fr-FR"},{"@type":"Organization","@id":"https:\/\/www.saint-paul-angouleme.fr\/application\/#organization","name":"Ensemble scolaire Saint-Paul","url":"https:\/\/www.saint-paul-angouleme.fr\/application\/","logo":{"@type":"ImageObject","inLanguage":"fr-FR","@id":"https:\/\/www.saint-paul-angouleme.fr\/application\/#\/schema\/logo\/image\/","url":"https:\/\/www.saint-paul-angouleme.fr\/application\/wp-content\/uploads\/2018\/08\/logo-saint-paul-couleurs.jpg","contentUrl":"https:\/\/www.saint-paul-angouleme.fr\/application\/wp-content\/uploads\/2018\/08\/logo-saint-paul-couleurs.jpg","width":1890,"height":709,"caption":"Ensemble scolaire Saint-Paul"},"image":{"@id":"https:\/\/www.saint-paul-angouleme.fr\/application\/#\/schema\/logo\/image\/"},"sameAs":["https:\/\/www.facebook.com\/SaintPaulAngouleme16\/","https:\/\/x.com\/StPaulAngoulem","https:\/\/www.youtube.com\/channel\/UCRLpz1CmPVqc0gn--YyXvjA?view_as=subscriber"]},{"@type":"Person","@id":"https:\/\/www.saint-paul-angouleme.fr\/application\/#\/schema\/person\/ea152930b1a3823659065827b1a5fb9b","name":"SAINT-PAUL","image":{"@type":"ImageObject","inLanguage":"fr-FR","@id":"https:\/\/www.saint-paul-angouleme.fr\/application\/#\/schema\/person\/image\/","url":"https:\/\/secure.gravatar.com\/avatar\/eadb0ffebc02683a61d69038eb2924f0?s=96&r=g","contentUrl":"https:\/\/secure.gravatar.com\/avatar\/eadb0ffebc02683a61d69038eb2924f0?s=96&r=g","caption":"SAINT-PAUL"},"url":"https:\/\/www.saint-paul-angouleme.fr\/application\/author\/myriam\/"}]}},"_links":{"self":[{"href":"https:\/\/www.saint-paul-angouleme.fr\/application\/wp-json\/wp\/v2\/posts\/860"}],"collection":[{"href":"https:\/\/www.saint-paul-angouleme.fr\/application\/wp-json\/wp\/v2\/posts"}],"about":[{"href":"https:\/\/www.saint-paul-angouleme.fr\/application\/wp-json\/wp\/v2\/types\/post"}],"author":[{"embeddable":true,"href":"https:\/\/www.saint-paul-angouleme.fr\/application\/wp-json\/wp\/v2\/users\/3"}],"replies":[{"embeddable":true,"href":"https:\/\/www.saint-paul-angouleme.fr\/application\/wp-json\/wp\/v2\/comments?post=860"}],"version-history":[{"count":10,"href":"https:\/\/www.saint-paul-angouleme.fr\/application\/wp-json\/wp\/v2\/posts\/860\/revisions"}],"predecessor-version":[{"id":867,"href":"https:\/\/www.saint-paul-angouleme.fr\/application\/wp-json\/wp\/v2\/posts\/860\/revisions\/867"}],"wp:attachment":[{"href":"https:\/\/www.saint-paul-angouleme.fr\/application\/wp-json\/wp\/v2\/media?parent=860"}],"wp:term":[{"taxonomy":"category","embeddable":true,"href":"https:\/\/www.saint-paul-angouleme.fr\/application\/wp-json\/wp\/v2\/categories?post=860"},{"taxonomy":"post_tag","embeddable":true,"href":"https:\/\/www.saint-paul-angouleme.fr\/application\/wp-json\/wp\/v2\/tags?post=860"}],"curies":[{"name":"wp","href":"https:\/\/api.w.org\/{rel}","templated":true}]}}