{"id":845,"date":"2017-05-26T00:48:15","date_gmt":"2017-05-25T22:48:15","guid":{"rendered":"http:\/\/www.saint-paul-angouleme.fr\/application\/?p=845"},"modified":"2017-06-02T20:42:37","modified_gmt":"2017-06-02T18:42:37","slug":"deutsch-video-lallemand-se-raconte-en-video","status":"publish","type":"post","link":"https:\/\/www.saint-paul-angouleme.fr\/application\/deutsch-video-lallemand-se-raconte-en-video\/","title":{"rendered":"Deutsch Video :  l\u2019allemand se raconte en vid\u00e9o."},"content":{"rendered":"<p style=\"text-align: justify;\"><a href=\"http:\/\/www.saint-paul-angouleme.fr\/application\/wp-content\/uploads\/2017\/05\/maxresdefault.jpg\"><img loading=\"lazy\" decoding=\"async\" class=\"aligncenter size-large wp-image-847\" src=\"http:\/\/www.saint-paul-angouleme.fr\/application\/wp-content\/uploads\/2017\/05\/maxresdefault-1024x576.jpg\" alt=\"\" width=\"1024\" height=\"576\" data-id=\"847\" srcset=\"https:\/\/www.saint-paul-angouleme.fr\/application\/wp-content\/uploads\/2017\/05\/maxresdefault-1024x576.jpg 1024w, https:\/\/www.saint-paul-angouleme.fr\/application\/wp-content\/uploads\/2017\/05\/maxresdefault-300x169.jpg 300w, https:\/\/www.saint-paul-angouleme.fr\/application\/wp-content\/uploads\/2017\/05\/maxresdefault-768x432.jpg 768w, https:\/\/www.saint-paul-angouleme.fr\/application\/wp-content\/uploads\/2017\/05\/maxresdefault.jpg 1280w\" sizes=\"(max-width: 1024px) 100vw, 1024px\" \/><\/a><\/p>\n<p style=\"text-align: justify;\"><span style=\"color: #333333; font-family: tahoma,arial,helvetica,sans-serif; font-size: 20px;\">En classe de 4<sup>\u00e8me<\/sup> les \u00e9l\u00e8ves se mettent en sc\u00e8ne pour leurs expos\u00e9s d\u2019allemand.<\/span><\/p>\n<p style=\"text-align: justify;\"><span style=\"color: #333333; font-family: tahoma,arial,helvetica,sans-serif; font-size: 20px;\"><strong>\u00ab\u00a0Meine TRAUMHAUS\u00a0\u00bb par Diego C.\u00a0:<\/strong><\/span><\/p>\n<p style=\"text-align: justify;\"><span style=\"color: #333333; font-family: tahoma,arial,helvetica,sans-serif; font-size: 20px;\">La le\u00e7on porte sur la ville, la campagne, l\u2019\u00e9cologie et l\u2019habitat\u00a0; le sujet est\u00a0: \u00ab\u00a0pr\u00e9sentez la maison de vos r\u00eaves\u00a0\u00bb. Tout est autoris\u00e9\u00a0: r\u00e9cit, diaporama, vid\u00e9o\u2026 Diego choisi donc de se filmer, dessinant la maison de ses r\u00eaves. Le dessin se fait en acc\u00e9l\u00e9r\u00e9, description \u00e0 l\u2019appui. L\u2019exercice permet de r\u00e9utiliser le vocabulaire appris.<\/span><\/p>\n<p style=\"text-align: justify;\"><span style=\"color: #333333; font-family: tahoma,arial,helvetica,sans-serif; font-size: 20px;\">L\u2019on d\u00e9couvre alors un appartement dans une tour de Shanghai, \u00e0 300 m\u00e8tres de hauteur, au 101<sup>\u00e8me<\/sup> et 102<sup>\u00e8me<\/sup> \u00e9tage (Stock), en bordure du fleuve Yangts\u00e9 (Yangzi Jiang).<\/span><\/p>\n<p style=\"text-align: justify;\"><span style=\"color: #333333; font-family: tahoma,arial,helvetica,sans-serif; font-size: 20px;\">Le \u00ab\u00a0top-floor\u00a0\u00bb (dernier \u00e9tage) est un toit-terrasse d\u2019o\u00f9 l\u2019on peut admirer la baie et profiter du jardin. La d\u00e9coration est moderne et pratique, la cuisine (K\u00fcche) est fonctionnelle, la salle de s\u00e9jour (Wohnzimmer) poss\u00e8de une large fen\u00eatre donnant sur les tours de Shanghai&#8230;<\/span><\/p>\n<div class=\"arve\" data-mode=\"normal\" data-oembed=\"1\" data-provider=\"youtube\" id=\"arve-youtube-8d-brpd7zzo\">\n<div class=\"arve-inner\">\n<div class=\"arve-embed arve-embed--has-aspect-ratio\">\n<span class=\"arve-ar\" style=\"padding-top:56.250000%\"><\/span><iframe credentialless referrerpolicy=\"strict-origin-when-cross-origin\" allow=\"accelerometer &#039;none&#039;;ambient-light-sensor &#039;none&#039;;autoplay &#039;none&#039;;battery &#039;none&#039;;bluetooth &#039;none&#039;;browsing-topics &#039;none&#039;;camera &#039;none&#039;;ch-ua &#039;none&#039;;clipboard-read &#039;none&#039;;clipboard-write;display-capture &#039;none&#039;;document-domain &#039;none&#039;;domain-agent &#039;none&#039;;encrypted-media &#039;none&#039;;execution-while-not-rendered &#039;none&#039;;execution-while-out-of-viewport &#039;none&#039;;gamepad &#039;none&#039;;geolocation &#039;none&#039;;gyroscope &#039;none&#039;;hid &#039;none&#039;;identity-credentials-get &#039;none&#039;;idle-detection &#039;none&#039;;keyboard-map &#039;none&#039;;local-fonts &#039;none&#039;;magnetometer &#039;none&#039;;microphone &#039;none&#039;;midi &#039;none&#039;;navigation-override &#039;none&#039;;otp-credentials &#039;none&#039;;payment &#039;none&#039;;picture-in-picture;publickey-credentials-create &#039;none&#039;;publickey-credentials-get &#039;none&#039;;screen-wake-lock &#039;none&#039;;serial &#039;none&#039;;speaker-selection;sync-xhr &#039;none&#039;;usb &#039;none&#039;;web-share;window-management &#039;none&#039;;xr-spatial-tracking &#039;none&#039;;\" allowfullscreen class=\"arve-iframe fitvidsignore\" data-arve=\"arve-youtube-8d-brpd7zzo\" data-src-no-ap=\"https:\/\/www.youtube-nocookie.com\/embed\/8d-brPD7zZo?feature=oembed&amp;iv_load_policy=3&amp;modestbranding=1&amp;rel=0&amp;autohide=1&amp;playsinline=0&amp;autoplay=0\" frameborder=\"0\" height=\"0\" name sandbox=\"allow-scripts allow-same-origin allow-presentation allow-popups allow-popups-to-escape-sandbox\" scrolling=\"no\" src=\"https:\/\/www.youtube-nocookie.com\/embed\/8d-brPD7zZo?feature=oembed&#038;iv_load_policy=3&#038;modestbranding=1&#038;rel=0&#038;autohide=1&#038;playsinline=0&#038;autoplay=0\" width=\"0\" title loading=\"lazy\"><\/iframe><\/p>\n<\/div>\n<\/div>\n<p><script type=\"application\/ld+json\">{\"@context\":\"http:\\\/\\\/schema.org\\\/\",\"@id\":\"https:\\\/\\\/www.saint-paul-angouleme.fr\\\/application\\\/deutsch-video-lallemand-se-raconte-en-video\\\/#arve-youtube-8d-brpd7zzo\",\"type\":\"VideoObject\",\"embedURL\":\"https:\\\/\\\/www.youtube-nocookie.com\\\/embed\\\/8d-brPD7zZo?feature=oembed&iv_load_policy=3&modestbranding=1&rel=0&autohide=1&playsinline=0&autoplay=0\"}<\/script>\n<\/div>\n<p style=\"text-align: justify;\"><span style=\"color: #333333; font-family: tahoma,arial,helvetica,sans-serif; font-size: 20px;\"><strong>\u00ab\u00a0Der Vielfarbkugelschreiber\u00a0\u00bb par No\u00e9mie et Arnaud<\/strong><\/span><\/p>\n<p style=\"text-align: justify;\"><span style=\"color: #333333; font-family: tahoma,arial,helvetica,sans-serif; font-size: 20px;\">Dans cette vid\u00e9o il s\u2019agit de cr\u00e9er une publicit\u00e9 gr\u00e2ce au vocabulaire appris en classe\u00a0: trouver un slogan, vanter les m\u00e9rites du produit, le mettre en sc\u00e8ne et indiquer son prix.<\/span><\/p>\n<p style=\"text-align: justify;\"><span style=\"color: #333333; font-family: tahoma,arial,helvetica,sans-serif; font-size: 20px;\">Arnaud et No\u00e9mie se sont piqu\u00e9s au jeu. Ils ont invent\u00e9 le stylo-bille multi couleurs afin de r\u00e9pondre aux exigences de leurs professeurs\u00a0: \u00ab\u00a0\u00e9crire en bleu, souligner en vert, corriger en rouge, etc.\u00a0\u00bb<\/span><\/p>\n<div class=\"arve\" data-mode=\"normal\" data-oembed=\"1\" data-provider=\"youtube\" id=\"arve-youtube-f_t7evzwzue\">\n<div class=\"arve-inner\">\n<div class=\"arve-embed arve-embed--has-aspect-ratio\">\n<span class=\"arve-ar\" style=\"padding-top:56.250000%\"><\/span><iframe credentialless referrerpolicy=\"strict-origin-when-cross-origin\" allow=\"accelerometer &#039;none&#039;;ambient-light-sensor &#039;none&#039;;autoplay &#039;none&#039;;battery &#039;none&#039;;bluetooth &#039;none&#039;;browsing-topics &#039;none&#039;;camera &#039;none&#039;;ch-ua &#039;none&#039;;clipboard-read &#039;none&#039;;clipboard-write;display-capture &#039;none&#039;;document-domain &#039;none&#039;;domain-agent &#039;none&#039;;encrypted-media &#039;none&#039;;execution-while-not-rendered &#039;none&#039;;execution-while-out-of-viewport &#039;none&#039;;gamepad &#039;none&#039;;geolocation &#039;none&#039;;gyroscope &#039;none&#039;;hid &#039;none&#039;;identity-credentials-get &#039;none&#039;;idle-detection &#039;none&#039;;keyboard-map &#039;none&#039;;local-fonts &#039;none&#039;;magnetometer &#039;none&#039;;microphone &#039;none&#039;;midi &#039;none&#039;;navigation-override &#039;none&#039;;otp-credentials &#039;none&#039;;payment &#039;none&#039;;picture-in-picture;publickey-credentials-create &#039;none&#039;;publickey-credentials-get &#039;none&#039;;screen-wake-lock &#039;none&#039;;serial &#039;none&#039;;speaker-selection;sync-xhr &#039;none&#039;;usb &#039;none&#039;;web-share;window-management &#039;none&#039;;xr-spatial-tracking &#039;none&#039;;\" allowfullscreen class=\"arve-iframe fitvidsignore\" data-arve=\"arve-youtube-f_t7evzwzue\" data-src-no-ap=\"https:\/\/www.youtube-nocookie.com\/embed\/F_t7evzWzUE?feature=oembed&amp;iv_load_policy=3&amp;modestbranding=1&amp;rel=0&amp;autohide=1&amp;playsinline=0&amp;autoplay=0\" frameborder=\"0\" height=\"0\" name sandbox=\"allow-scripts allow-same-origin allow-presentation allow-popups allow-popups-to-escape-sandbox\" scrolling=\"no\" src=\"https:\/\/www.youtube-nocookie.com\/embed\/F_t7evzWzUE?feature=oembed&#038;iv_load_policy=3&#038;modestbranding=1&#038;rel=0&#038;autohide=1&#038;playsinline=0&#038;autoplay=0\" width=\"0\" title loading=\"lazy\"><\/iframe><\/p>\n<\/div>\n<\/div>\n<p><script type=\"application\/ld+json\">{\"@context\":\"http:\\\/\\\/schema.org\\\/\",\"@id\":\"https:\\\/\\\/www.saint-paul-angouleme.fr\\\/application\\\/deutsch-video-lallemand-se-raconte-en-video\\\/#arve-youtube-f_t7evzwzue\",\"type\":\"VideoObject\",\"embedURL\":\"https:\\\/\\\/www.youtube-nocookie.com\\\/embed\\\/F_t7evzWzUE?feature=oembed&iv_load_policy=3&modestbranding=1&rel=0&autohide=1&playsinline=0&autoplay=0\"}<\/script>\n<\/div>\n<p style=\"text-align: justify;\"><span style=\"color: #333333; font-family: tahoma,arial,helvetica,sans-serif; font-size: 20px;\">En quinze jours le pari est gagn\u00e9\u00a0: ils ont r\u00e9ussi \u00e0 faire d\u2019un objet banal quelque chose d\u2019original, et dans un allemand de qualit\u00e9\u00a0!<\/span><\/p>\n<p style=\"text-align: justify;\"><span style=\"color: #333333; font-family: arial,helvetica,sans-serif; font-size: 10px;\">NB\u00a0: suite \u00e0 la demande d&#8217;une personne cette vid\u00e9o a \u00e9t\u00e9 raccourcie en son d\u00e9but, d&#8217;o\u00f9 le bandeau publicitaire.<\/span><\/p>\n","protected":false},"excerpt":{"rendered":"<p>En classe de 4\u00e8me les \u00e9l\u00e8ves se mettent en sc\u00e8ne pour leurs expos\u00e9s d\u2019allemand. \u00ab\u00a0Meine TRAUMHAUS\u00a0\u00bb par Diego C.\u00a0: La le\u00e7on porte sur la ville, la campagne, l\u2019\u00e9cologie et l\u2019habitat\u00a0; le sujet est\u00a0: \u00ab\u00a0pr\u00e9sentez la maison de vos r\u00eaves\u00a0\u00bb. Tout est autoris\u00e9\u00a0: r\u00e9cit, diaporama, vid\u00e9o\u2026 Diego choisi donc de se filmer, dessinant la maison de &#8230; <a title=\"Deutsch Video :  l\u2019allemand se raconte en vid\u00e9o.\" class=\"read-more\" href=\"https:\/\/www.saint-paul-angouleme.fr\/application\/deutsch-video-lallemand-se-raconte-en-video\/\" aria-label=\"Read more about Deutsch Video :  l\u2019allemand se raconte en vid\u00e9o.\">Lire la suite<\/a><\/p>\n","protected":false},"author":3,"featured_media":0,"comment_status":"open","ping_status":"open","sticky":false,"template":"","format":"standard","meta":{"_exactmetrics_skip_tracking":false,"_exactmetrics_sitenote_active":false,"_exactmetrics_sitenote_note":"","_exactmetrics_sitenote_category":0,"footnotes":""},"categories":[13],"tags":[50,43,46,47,48,44,49,45],"class_list":["post-845","post","type-post","status-publish","format-standard","hentry","category-pedagogie","tag-der-kuli","tag-deutsch-video","tag-kuche","tag-stock","tag-top-floor","tag-traumhaus","tag-vielfarbkugelschreiber","tag-wohnzimmer"],"yoast_head":"<!-- This site is optimized with the Yoast SEO plugin v23.3 - https:\/\/yoast.com\/wordpress\/plugins\/seo\/ -->\n<title>Deutsch Video : l\u2019allemand se raconte en vid\u00e9o. - Actualit\u00e9s<\/title>\n<meta name=\"robots\" content=\"index, follow, max-snippet:-1, max-image-preview:large, max-video-preview:-1\" \/>\n<link rel=\"canonical\" href=\"https:\/\/www.saint-paul-angouleme.fr\/application\/deutsch-video-lallemand-se-raconte-en-video\/\" \/>\n<meta property=\"og:locale\" content=\"fr_FR\" \/>\n<meta property=\"og:type\" content=\"article\" \/>\n<meta property=\"og:title\" content=\"Deutsch Video : l\u2019allemand se raconte en vid\u00e9o. - Actualit\u00e9s\" \/>\n<meta property=\"og:description\" content=\"En classe de 4\u00e8me les \u00e9l\u00e8ves se mettent en sc\u00e8ne pour leurs expos\u00e9s d\u2019allemand. \u00ab\u00a0Meine TRAUMHAUS\u00a0\u00bb par Diego C.\u00a0: La le\u00e7on porte sur la ville, la campagne, l\u2019\u00e9cologie et l\u2019habitat\u00a0; le sujet est\u00a0: \u00ab\u00a0pr\u00e9sentez la maison de vos r\u00eaves\u00a0\u00bb. Tout est autoris\u00e9\u00a0: r\u00e9cit, diaporama, vid\u00e9o\u2026 Diego choisi donc de se filmer, dessinant la maison de ... Lire la suite\" \/>\n<meta property=\"og:url\" content=\"https:\/\/www.saint-paul-angouleme.fr\/application\/deutsch-video-lallemand-se-raconte-en-video\/\" \/>\n<meta property=\"og:site_name\" content=\"Actualit\u00e9s\" \/>\n<meta property=\"article:publisher\" content=\"https:\/\/www.facebook.com\/SaintPaulAngouleme16\/\" \/>\n<meta property=\"article:published_time\" content=\"2017-05-25T22:48:15+00:00\" \/>\n<meta property=\"article:modified_time\" content=\"2017-06-02T18:42:37+00:00\" \/>\n<meta property=\"og:image\" content=\"http:\/\/www.saint-paul-angouleme.fr\/application\/wp-content\/uploads\/2017\/05\/maxresdefault-1024x576.jpg\" \/>\n<meta name=\"author\" content=\"SAINT-PAUL\" \/>\n<meta name=\"twitter:card\" content=\"summary_large_image\" \/>\n<meta name=\"twitter:creator\" content=\"@StPaulAngoulem\" \/>\n<meta name=\"twitter:site\" content=\"@StPaulAngoulem\" \/>\n<meta name=\"twitter:label1\" content=\"\u00c9crit par\" \/>\n\t<meta name=\"twitter:data1\" content=\"SAINT-PAUL\" \/>\n\t<meta name=\"twitter:label2\" content=\"Dur\u00e9e de lecture estim\u00e9e\" \/>\n\t<meta name=\"twitter:data2\" content=\"2 minutes\" \/>\n<script type=\"application\/ld+json\" class=\"yoast-schema-graph\">{\"@context\":\"https:\/\/schema.org\",\"@graph\":[{\"@type\":\"Article\",\"@id\":\"https:\/\/www.saint-paul-angouleme.fr\/application\/deutsch-video-lallemand-se-raconte-en-video\/#article\",\"isPartOf\":{\"@id\":\"https:\/\/www.saint-paul-angouleme.fr\/application\/deutsch-video-lallemand-se-raconte-en-video\/\"},\"author\":{\"name\":\"SAINT-PAUL\",\"@id\":\"https:\/\/www.saint-paul-angouleme.fr\/application\/#\/schema\/person\/ea152930b1a3823659065827b1a5fb9b\"},\"headline\":\"Deutsch Video : l\u2019allemand se raconte en vid\u00e9o.\",\"datePublished\":\"2017-05-25T22:48:15+00:00\",\"dateModified\":\"2017-06-02T18:42:37+00:00\",\"mainEntityOfPage\":{\"@id\":\"https:\/\/www.saint-paul-angouleme.fr\/application\/deutsch-video-lallemand-se-raconte-en-video\/\"},\"wordCount\":320,\"commentCount\":0,\"publisher\":{\"@id\":\"https:\/\/www.saint-paul-angouleme.fr\/application\/#organization\"},\"image\":{\"@id\":\"https:\/\/www.saint-paul-angouleme.fr\/application\/deutsch-video-lallemand-se-raconte-en-video\/#primaryimage\"},\"thumbnailUrl\":\"http:\/\/www.saint-paul-angouleme.fr\/application\/wp-content\/uploads\/2017\/05\/maxresdefault-1024x576.jpg\",\"keywords\":[\"Der Kuli\",\"Deutsch Video\",\"K\u00fcche\",\"Stock\",\"top-floor\",\"TRAUMHAUS\",\"Vielfarbkugelschreiber\",\"Wohnzimmer\"],\"articleSection\":[\"P\u00e9dagogie\"],\"inLanguage\":\"fr-FR\",\"potentialAction\":[{\"@type\":\"CommentAction\",\"name\":\"Comment\",\"target\":[\"https:\/\/www.saint-paul-angouleme.fr\/application\/deutsch-video-lallemand-se-raconte-en-video\/#respond\"]}]},{\"@type\":\"WebPage\",\"@id\":\"https:\/\/www.saint-paul-angouleme.fr\/application\/deutsch-video-lallemand-se-raconte-en-video\/\",\"url\":\"https:\/\/www.saint-paul-angouleme.fr\/application\/deutsch-video-lallemand-se-raconte-en-video\/\",\"name\":\"Deutsch Video : l\u2019allemand se raconte en vid\u00e9o. - Actualit\u00e9s\",\"isPartOf\":{\"@id\":\"https:\/\/www.saint-paul-angouleme.fr\/application\/#website\"},\"primaryImageOfPage\":{\"@id\":\"https:\/\/www.saint-paul-angouleme.fr\/application\/deutsch-video-lallemand-se-raconte-en-video\/#primaryimage\"},\"image\":{\"@id\":\"https:\/\/www.saint-paul-angouleme.fr\/application\/deutsch-video-lallemand-se-raconte-en-video\/#primaryimage\"},\"thumbnailUrl\":\"http:\/\/www.saint-paul-angouleme.fr\/application\/wp-content\/uploads\/2017\/05\/maxresdefault-1024x576.jpg\",\"datePublished\":\"2017-05-25T22:48:15+00:00\",\"dateModified\":\"2017-06-02T18:42:37+00:00\",\"breadcrumb\":{\"@id\":\"https:\/\/www.saint-paul-angouleme.fr\/application\/deutsch-video-lallemand-se-raconte-en-video\/#breadcrumb\"},\"inLanguage\":\"fr-FR\",\"potentialAction\":[{\"@type\":\"ReadAction\",\"target\":[\"https:\/\/www.saint-paul-angouleme.fr\/application\/deutsch-video-lallemand-se-raconte-en-video\/\"]}]},{\"@type\":\"ImageObject\",\"inLanguage\":\"fr-FR\",\"@id\":\"https:\/\/www.saint-paul-angouleme.fr\/application\/deutsch-video-lallemand-se-raconte-en-video\/#primaryimage\",\"url\":\"https:\/\/www.saint-paul-angouleme.fr\/application\/wp-content\/uploads\/2017\/05\/maxresdefault.jpg\",\"contentUrl\":\"https:\/\/www.saint-paul-angouleme.fr\/application\/wp-content\/uploads\/2017\/05\/maxresdefault.jpg\",\"width\":1280,\"height\":720},{\"@type\":\"BreadcrumbList\",\"@id\":\"https:\/\/www.saint-paul-angouleme.fr\/application\/deutsch-video-lallemand-se-raconte-en-video\/#breadcrumb\",\"itemListElement\":[{\"@type\":\"ListItem\",\"position\":1,\"name\":\"Accueil\",\"item\":\"http:\/\/www.saint-paul-angouleme.fr\/application\/\"},{\"@type\":\"ListItem\",\"position\":2,\"name\":\"Deutsch Video : l\u2019allemand se raconte en vid\u00e9o.\"}]},{\"@type\":\"WebSite\",\"@id\":\"https:\/\/www.saint-paul-angouleme.fr\/application\/#website\",\"url\":\"https:\/\/www.saint-paul-angouleme.fr\/application\/\",\"name\":\"Actualit\u00e9s\",\"description\":\"Actualit\u00e9s Saint Paul\",\"publisher\":{\"@id\":\"https:\/\/www.saint-paul-angouleme.fr\/application\/#organization\"},\"potentialAction\":[{\"@type\":\"SearchAction\",\"target\":{\"@type\":\"EntryPoint\",\"urlTemplate\":\"https:\/\/www.saint-paul-angouleme.fr\/application\/?s={search_term_string}\"},\"query-input\":\"required name=search_term_string\"}],\"inLanguage\":\"fr-FR\"},{\"@type\":\"Organization\",\"@id\":\"https:\/\/www.saint-paul-angouleme.fr\/application\/#organization\",\"name\":\"Ensemble scolaire Saint-Paul\",\"url\":\"https:\/\/www.saint-paul-angouleme.fr\/application\/\",\"logo\":{\"@type\":\"ImageObject\",\"inLanguage\":\"fr-FR\",\"@id\":\"https:\/\/www.saint-paul-angouleme.fr\/application\/#\/schema\/logo\/image\/\",\"url\":\"https:\/\/www.saint-paul-angouleme.fr\/application\/wp-content\/uploads\/2018\/08\/logo-saint-paul-couleurs.jpg\",\"contentUrl\":\"https:\/\/www.saint-paul-angouleme.fr\/application\/wp-content\/uploads\/2018\/08\/logo-saint-paul-couleurs.jpg\",\"width\":1890,\"height\":709,\"caption\":\"Ensemble scolaire Saint-Paul\"},\"image\":{\"@id\":\"https:\/\/www.saint-paul-angouleme.fr\/application\/#\/schema\/logo\/image\/\"},\"sameAs\":[\"https:\/\/www.facebook.com\/SaintPaulAngouleme16\/\",\"https:\/\/x.com\/StPaulAngoulem\",\"https:\/\/www.youtube.com\/channel\/UCRLpz1CmPVqc0gn--YyXvjA?view_as=subscriber\"]},{\"@type\":\"Person\",\"@id\":\"https:\/\/www.saint-paul-angouleme.fr\/application\/#\/schema\/person\/ea152930b1a3823659065827b1a5fb9b\",\"name\":\"SAINT-PAUL\",\"image\":{\"@type\":\"ImageObject\",\"inLanguage\":\"fr-FR\",\"@id\":\"https:\/\/www.saint-paul-angouleme.fr\/application\/#\/schema\/person\/image\/\",\"url\":\"https:\/\/secure.gravatar.com\/avatar\/eadb0ffebc02683a61d69038eb2924f0?s=96&r=g\",\"contentUrl\":\"https:\/\/secure.gravatar.com\/avatar\/eadb0ffebc02683a61d69038eb2924f0?s=96&r=g\",\"caption\":\"SAINT-PAUL\"},\"url\":\"https:\/\/www.saint-paul-angouleme.fr\/application\/author\/myriam\/\"}]}<\/script>\n<!-- \/ Yoast SEO plugin. -->","yoast_head_json":{"title":"Deutsch Video : l\u2019allemand se raconte en vid\u00e9o. - Actualit\u00e9s","robots":{"index":"index","follow":"follow","max-snippet":"max-snippet:-1","max-image-preview":"max-image-preview:large","max-video-preview":"max-video-preview:-1"},"canonical":"https:\/\/www.saint-paul-angouleme.fr\/application\/deutsch-video-lallemand-se-raconte-en-video\/","og_locale":"fr_FR","og_type":"article","og_title":"Deutsch Video : l\u2019allemand se raconte en vid\u00e9o. - Actualit\u00e9s","og_description":"En classe de 4\u00e8me les \u00e9l\u00e8ves se mettent en sc\u00e8ne pour leurs expos\u00e9s d\u2019allemand. \u00ab\u00a0Meine TRAUMHAUS\u00a0\u00bb par Diego C.\u00a0: La le\u00e7on porte sur la ville, la campagne, l\u2019\u00e9cologie et l\u2019habitat\u00a0; le sujet est\u00a0: \u00ab\u00a0pr\u00e9sentez la maison de vos r\u00eaves\u00a0\u00bb. Tout est autoris\u00e9\u00a0: r\u00e9cit, diaporama, vid\u00e9o\u2026 Diego choisi donc de se filmer, dessinant la maison de ... Lire la suite","og_url":"https:\/\/www.saint-paul-angouleme.fr\/application\/deutsch-video-lallemand-se-raconte-en-video\/","og_site_name":"Actualit\u00e9s","article_publisher":"https:\/\/www.facebook.com\/SaintPaulAngouleme16\/","article_published_time":"2017-05-25T22:48:15+00:00","article_modified_time":"2017-06-02T18:42:37+00:00","og_image":[{"url":"http:\/\/www.saint-paul-angouleme.fr\/application\/wp-content\/uploads\/2017\/05\/maxresdefault-1024x576.jpg"}],"author":"SAINT-PAUL","twitter_card":"summary_large_image","twitter_creator":"@StPaulAngoulem","twitter_site":"@StPaulAngoulem","twitter_misc":{"\u00c9crit par":"SAINT-PAUL","Dur\u00e9e de lecture estim\u00e9e":"2 minutes"},"schema":{"@context":"https:\/\/schema.org","@graph":[{"@type":"Article","@id":"https:\/\/www.saint-paul-angouleme.fr\/application\/deutsch-video-lallemand-se-raconte-en-video\/#article","isPartOf":{"@id":"https:\/\/www.saint-paul-angouleme.fr\/application\/deutsch-video-lallemand-se-raconte-en-video\/"},"author":{"name":"SAINT-PAUL","@id":"https:\/\/www.saint-paul-angouleme.fr\/application\/#\/schema\/person\/ea152930b1a3823659065827b1a5fb9b"},"headline":"Deutsch Video : l\u2019allemand se raconte en vid\u00e9o.","datePublished":"2017-05-25T22:48:15+00:00","dateModified":"2017-06-02T18:42:37+00:00","mainEntityOfPage":{"@id":"https:\/\/www.saint-paul-angouleme.fr\/application\/deutsch-video-lallemand-se-raconte-en-video\/"},"wordCount":320,"commentCount":0,"publisher":{"@id":"https:\/\/www.saint-paul-angouleme.fr\/application\/#organization"},"image":{"@id":"https:\/\/www.saint-paul-angouleme.fr\/application\/deutsch-video-lallemand-se-raconte-en-video\/#primaryimage"},"thumbnailUrl":"http:\/\/www.saint-paul-angouleme.fr\/application\/wp-content\/uploads\/2017\/05\/maxresdefault-1024x576.jpg","keywords":["Der Kuli","Deutsch Video","K\u00fcche","Stock","top-floor","TRAUMHAUS","Vielfarbkugelschreiber","Wohnzimmer"],"articleSection":["P\u00e9dagogie"],"inLanguage":"fr-FR","potentialAction":[{"@type":"CommentAction","name":"Comment","target":["https:\/\/www.saint-paul-angouleme.fr\/application\/deutsch-video-lallemand-se-raconte-en-video\/#respond"]}]},{"@type":"WebPage","@id":"https:\/\/www.saint-paul-angouleme.fr\/application\/deutsch-video-lallemand-se-raconte-en-video\/","url":"https:\/\/www.saint-paul-angouleme.fr\/application\/deutsch-video-lallemand-se-raconte-en-video\/","name":"Deutsch Video : l\u2019allemand se raconte en vid\u00e9o. - Actualit\u00e9s","isPartOf":{"@id":"https:\/\/www.saint-paul-angouleme.fr\/application\/#website"},"primaryImageOfPage":{"@id":"https:\/\/www.saint-paul-angouleme.fr\/application\/deutsch-video-lallemand-se-raconte-en-video\/#primaryimage"},"image":{"@id":"https:\/\/www.saint-paul-angouleme.fr\/application\/deutsch-video-lallemand-se-raconte-en-video\/#primaryimage"},"thumbnailUrl":"http:\/\/www.saint-paul-angouleme.fr\/application\/wp-content\/uploads\/2017\/05\/maxresdefault-1024x576.jpg","datePublished":"2017-05-25T22:48:15+00:00","dateModified":"2017-06-02T18:42:37+00:00","breadcrumb":{"@id":"https:\/\/www.saint-paul-angouleme.fr\/application\/deutsch-video-lallemand-se-raconte-en-video\/#breadcrumb"},"inLanguage":"fr-FR","potentialAction":[{"@type":"ReadAction","target":["https:\/\/www.saint-paul-angouleme.fr\/application\/deutsch-video-lallemand-se-raconte-en-video\/"]}]},{"@type":"ImageObject","inLanguage":"fr-FR","@id":"https:\/\/www.saint-paul-angouleme.fr\/application\/deutsch-video-lallemand-se-raconte-en-video\/#primaryimage","url":"https:\/\/www.saint-paul-angouleme.fr\/application\/wp-content\/uploads\/2017\/05\/maxresdefault.jpg","contentUrl":"https:\/\/www.saint-paul-angouleme.fr\/application\/wp-content\/uploads\/2017\/05\/maxresdefault.jpg","width":1280,"height":720},{"@type":"BreadcrumbList","@id":"https:\/\/www.saint-paul-angouleme.fr\/application\/deutsch-video-lallemand-se-raconte-en-video\/#breadcrumb","itemListElement":[{"@type":"ListItem","position":1,"name":"Accueil","item":"http:\/\/www.saint-paul-angouleme.fr\/application\/"},{"@type":"ListItem","position":2,"name":"Deutsch Video : l\u2019allemand se raconte en vid\u00e9o."}]},{"@type":"WebSite","@id":"https:\/\/www.saint-paul-angouleme.fr\/application\/#website","url":"https:\/\/www.saint-paul-angouleme.fr\/application\/","name":"Actualit\u00e9s","description":"Actualit\u00e9s Saint Paul","publisher":{"@id":"https:\/\/www.saint-paul-angouleme.fr\/application\/#organization"},"potentialAction":[{"@type":"SearchAction","target":{"@type":"EntryPoint","urlTemplate":"https:\/\/www.saint-paul-angouleme.fr\/application\/?s={search_term_string}"},"query-input":"required name=search_term_string"}],"inLanguage":"fr-FR"},{"@type":"Organization","@id":"https:\/\/www.saint-paul-angouleme.fr\/application\/#organization","name":"Ensemble scolaire Saint-Paul","url":"https:\/\/www.saint-paul-angouleme.fr\/application\/","logo":{"@type":"ImageObject","inLanguage":"fr-FR","@id":"https:\/\/www.saint-paul-angouleme.fr\/application\/#\/schema\/logo\/image\/","url":"https:\/\/www.saint-paul-angouleme.fr\/application\/wp-content\/uploads\/2018\/08\/logo-saint-paul-couleurs.jpg","contentUrl":"https:\/\/www.saint-paul-angouleme.fr\/application\/wp-content\/uploads\/2018\/08\/logo-saint-paul-couleurs.jpg","width":1890,"height":709,"caption":"Ensemble scolaire Saint-Paul"},"image":{"@id":"https:\/\/www.saint-paul-angouleme.fr\/application\/#\/schema\/logo\/image\/"},"sameAs":["https:\/\/www.facebook.com\/SaintPaulAngouleme16\/","https:\/\/x.com\/StPaulAngoulem","https:\/\/www.youtube.com\/channel\/UCRLpz1CmPVqc0gn--YyXvjA?view_as=subscriber"]},{"@type":"Person","@id":"https:\/\/www.saint-paul-angouleme.fr\/application\/#\/schema\/person\/ea152930b1a3823659065827b1a5fb9b","name":"SAINT-PAUL","image":{"@type":"ImageObject","inLanguage":"fr-FR","@id":"https:\/\/www.saint-paul-angouleme.fr\/application\/#\/schema\/person\/image\/","url":"https:\/\/secure.gravatar.com\/avatar\/eadb0ffebc02683a61d69038eb2924f0?s=96&r=g","contentUrl":"https:\/\/secure.gravatar.com\/avatar\/eadb0ffebc02683a61d69038eb2924f0?s=96&r=g","caption":"SAINT-PAUL"},"url":"https:\/\/www.saint-paul-angouleme.fr\/application\/author\/myriam\/"}]}},"_links":{"self":[{"href":"https:\/\/www.saint-paul-angouleme.fr\/application\/wp-json\/wp\/v2\/posts\/845"}],"collection":[{"href":"https:\/\/www.saint-paul-angouleme.fr\/application\/wp-json\/wp\/v2\/posts"}],"about":[{"href":"https:\/\/www.saint-paul-angouleme.fr\/application\/wp-json\/wp\/v2\/types\/post"}],"author":[{"embeddable":true,"href":"https:\/\/www.saint-paul-angouleme.fr\/application\/wp-json\/wp\/v2\/users\/3"}],"replies":[{"embeddable":true,"href":"https:\/\/www.saint-paul-angouleme.fr\/application\/wp-json\/wp\/v2\/comments?post=845"}],"version-history":[{"count":12,"href":"https:\/\/www.saint-paul-angouleme.fr\/application\/wp-json\/wp\/v2\/posts\/845\/revisions"}],"predecessor-version":[{"id":896,"href":"https:\/\/www.saint-paul-angouleme.fr\/application\/wp-json\/wp\/v2\/posts\/845\/revisions\/896"}],"wp:attachment":[{"href":"https:\/\/www.saint-paul-angouleme.fr\/application\/wp-json\/wp\/v2\/media?parent=845"}],"wp:term":[{"taxonomy":"category","embeddable":true,"href":"https:\/\/www.saint-paul-angouleme.fr\/application\/wp-json\/wp\/v2\/categories?post=845"},{"taxonomy":"post_tag","embeddable":true,"href":"https:\/\/www.saint-paul-angouleme.fr\/application\/wp-json\/wp\/v2\/tags?post=845"}],"curies":[{"name":"wp","href":"https:\/\/api.w.org\/{rel}","templated":true}]}}