{"id":83,"date":"2017-02-13T14:09:05","date_gmt":"2017-02-13T13:09:05","guid":{"rendered":"http:\/\/www.saint-paul-angouleme.fr\/application\/?p=83"},"modified":"2017-02-14T16:00:19","modified_gmt":"2017-02-14T15:00:19","slug":"concours-de-calcul-mental-cest-fait-pour-les-5eme","status":"publish","type":"post","link":"https:\/\/www.saint-paul-angouleme.fr\/application\/concours-de-calcul-mental-cest-fait-pour-les-5eme\/","title":{"rendered":"&#8220;Concours de calcul mental&#8221; : des 5\u00e8me au top !"},"content":{"rendered":"<p style=\"text-align: center;\"><span style=\"color: #c45810; font-size: 20px;\"><strong><span style=\"line-height: 115%; font-family: arial,helvetica,sans-serif;\">Jeudi 8 f\u00e9vrier, 8 heures\u00a0: Top chrono\u00a0!<\/span><\/strong><\/span><\/p>\n<p style=\"text-align: justify;\"><span style=\"color: #333333; line-height: 115%; font-family: arial,helvetica,sans-serif; font-size: 16px;\"><img loading=\"lazy\" decoding=\"async\" class=\" wp-image-84 aligncenter\" src=\"http:\/\/www.saint-paul-angouleme.fr\/application\/wp-content\/uploads\/2017\/02\/P1070840-300x225.jpg\" alt=\"P1070840\" width=\"417\" height=\"313\" srcset=\"https:\/\/www.saint-paul-angouleme.fr\/application\/wp-content\/uploads\/2017\/02\/P1070840-300x225.jpg 300w, https:\/\/www.saint-paul-angouleme.fr\/application\/wp-content\/uploads\/2017\/02\/P1070840-768x576.jpg 768w, https:\/\/www.saint-paul-angouleme.fr\/application\/wp-content\/uploads\/2017\/02\/P1070840.jpg 1024w\" sizes=\"(max-width: 417px) 100vw, 417px\" \/><\/span><\/p>\n<p style=\"text-align: justify;\"><span style=\"color: #333333; line-height: 115%; font-family: arial,helvetica,sans-serif; font-size: 16px;\">11 \u00e9l\u00e8ves des classes de 502 et 504 s\u2019installent, chacun devant un ordinateur, pour passer l\u2019\u00e9preuve de concours de calcul mental. <\/span><span style=\"color: #333333; line-height: 115%; font-family: arial,helvetica,sans-serif; font-size: 16px;\">Ce concours est organis\u00e9 pour la quatri\u00e8me fois au niveau acad\u00e9mique et s\u2019inscrit dans le cadre de la &#8220;Semaine des Math\u00e9matique qui aura lieu du 13 au 17 mars 2017 (cf. <a href=\"http:\/\/www.education.gouv.fr\/cid59384\/la-semaine-des-mathematiques.html\">http:\/\/www.education.gouv.fr\/cid59384\/la-semaine-des-mathematiques.html<\/a>)<\/span><span style=\"color: #333333; line-height: 115%; font-family: arial,helvetica,sans-serif; font-size: 16px;\">.<\/span><\/p>\n<p style=\"text-align: justify;\"><span style=\"color: #333333; line-height: 115%; font-family: arial,helvetica,sans-serif; font-size: 16px;\">Ces \u00e9l\u00e8ves, inscrits en d\u00e9cembre 2016 pour y participer sur la base du volontariat, ont pu disposer de quelques s\u00e9ances d\u2019entra\u00eenement \u00e0 Saint-Paul avec leur professeur Madame BENAITEAU ou seuls \u00e0 la maison. <\/span><span style=\"color: #333333;\"><span style=\"line-height: 115%; font-family: arial,helvetica,sans-serif; font-size: 16px;\">Pour cette \u00e9preuve, ils disposent de 20 minutes pour r\u00e9pondre \u00e0 20 questions de difficult\u00e9 gradu\u00e9e sans utiliser ni calculatrice, ni papier, ni crayon. <\/span><span style=\"line-height: 115%; font-family: arial,helvetica,sans-serif; font-size: 16px;\">A la fin de l\u2019\u00e9preuve, chacun conna\u00eet son score.<\/span><\/span><\/p>\n<p style=\"text-align: justify;\"><span style=\"color: #333333; line-height: 115%; font-family: arial,helvetica,sans-serif; font-size: 16px;\">Nous attendons maintenant le classement au niveau de l\u2019acad\u00e9mie\u00a0: seront-ils s\u00e9lectionn\u00e9s pour se rendre Mercredi 15 mars \u00e0 Poitiers \u00e0 l\u2019Espace Mend\u00e8s-France pour recevoir leurs r\u00e9compenses\u00a0?<\/span><\/p>\n<p style=\"text-align: justify;\"><span style=\"color: #333333;\"><em><span style=\"font-family: arial,helvetica,sans-serif; font-size: 16px;\"><strong>MERCI<\/strong> <strong>\u00e0 Alexandre, Arthur, David, Emilie, Enzo, Julie, Kirill, Lola, Manal, Marc, Sanae pour leur participation !<\/strong><\/span><\/em><\/span><\/p>\n<p style=\"text-align: justify;\"><span style=\"color: #333333; font-family: arial,helvetica,sans-serif; font-size: 12px;\">AM.B<\/span><\/p>\n<p style=\"text-align: justify;\"><img loading=\"lazy\" decoding=\"async\" class=\"size-medium wp-image-92 aligncenter\" src=\"http:\/\/www.saint-paul-angouleme.fr\/application\/wp-content\/uploads\/2017\/02\/Semaine_des_mathematiques_1200x800_712737-300x200.png\" alt=\"Semaine_des_mathematiques_1200x800_712737\" width=\"300\" height=\"200\" srcset=\"https:\/\/www.saint-paul-angouleme.fr\/application\/wp-content\/uploads\/2017\/02\/Semaine_des_mathematiques_1200x800_712737-300x200.png 300w, https:\/\/www.saint-paul-angouleme.fr\/application\/wp-content\/uploads\/2017\/02\/Semaine_des_mathematiques_1200x800_712737-768x512.png 768w, https:\/\/www.saint-paul-angouleme.fr\/application\/wp-content\/uploads\/2017\/02\/Semaine_des_mathematiques_1200x800_712737-1024x683.png 1024w, https:\/\/www.saint-paul-angouleme.fr\/application\/wp-content\/uploads\/2017\/02\/Semaine_des_mathematiques_1200x800_712737.png 1200w\" sizes=\"(max-width: 300px) 100vw, 300px\" \/><\/p>\n<p><span style=\"line-height: 115%; font-family: 'Arial','sans-serif'; font-size: 12pt;\"><span style=\"color: #000000;\">\u00a0<\/span><\/span><\/p>\n<p>&nbsp;<\/p>\n","protected":false},"excerpt":{"rendered":"<p>Jeudi 8 f\u00e9vrier, 8 heures\u00a0: Top chrono\u00a0! 11 \u00e9l\u00e8ves des classes de 502 et 504 s\u2019installent, chacun devant un ordinateur, pour passer l\u2019\u00e9preuve de concours de calcul mental. Ce concours est organis\u00e9 pour la quatri\u00e8me fois au niveau acad\u00e9mique et s\u2019inscrit dans le cadre de la &#8220;Semaine des Math\u00e9matique qui aura lieu du 13 au &#8230; <a title=\"&#8220;Concours de calcul mental&#8221; : des 5\u00e8me au top !\" class=\"read-more\" href=\"https:\/\/www.saint-paul-angouleme.fr\/application\/concours-de-calcul-mental-cest-fait-pour-les-5eme\/\" aria-label=\"Read more about &#8220;Concours de calcul mental&#8221; : des 5\u00e8me au top !\">Lire la suite<\/a><\/p>\n","protected":false},"author":3,"featured_media":0,"comment_status":"open","ping_status":"open","sticky":false,"template":"","format":"standard","meta":{"_exactmetrics_skip_tracking":false,"_exactmetrics_sitenote_active":false,"_exactmetrics_sitenote_note":"","_exactmetrics_sitenote_category":0,"footnotes":""},"categories":[2],"tags":[],"class_list":["post-83","post","type-post","status-publish","format-standard","hentry","category-look-on"],"yoast_head":"<!-- This site is optimized with the Yoast SEO plugin v23.3 - https:\/\/yoast.com\/wordpress\/plugins\/seo\/ -->\n<title>&quot;Concours de calcul mental&quot; : des 5\u00e8me au top ! - Actualit\u00e9s<\/title>\n<meta name=\"robots\" content=\"index, follow, max-snippet:-1, max-image-preview:large, max-video-preview:-1\" \/>\n<link rel=\"canonical\" href=\"https:\/\/www.saint-paul-angouleme.fr\/application\/concours-de-calcul-mental-cest-fait-pour-les-5eme\/\" \/>\n<meta property=\"og:locale\" content=\"fr_FR\" \/>\n<meta property=\"og:type\" content=\"article\" \/>\n<meta property=\"og:title\" content=\"&quot;Concours de calcul mental&quot; : des 5\u00e8me au top ! - Actualit\u00e9s\" \/>\n<meta property=\"og:description\" content=\"Jeudi 8 f\u00e9vrier, 8 heures\u00a0: Top chrono\u00a0! 11 \u00e9l\u00e8ves des classes de 502 et 504 s\u2019installent, chacun devant un ordinateur, pour passer l\u2019\u00e9preuve de concours de calcul mental. Ce concours est organis\u00e9 pour la quatri\u00e8me fois au niveau acad\u00e9mique et s\u2019inscrit dans le cadre de la &#8220;Semaine des Math\u00e9matique qui aura lieu du 13 au ... Lire la suite\" \/>\n<meta property=\"og:url\" content=\"https:\/\/www.saint-paul-angouleme.fr\/application\/concours-de-calcul-mental-cest-fait-pour-les-5eme\/\" \/>\n<meta property=\"og:site_name\" content=\"Actualit\u00e9s\" \/>\n<meta property=\"article:publisher\" content=\"https:\/\/www.facebook.com\/SaintPaulAngouleme16\/\" \/>\n<meta property=\"article:published_time\" content=\"2017-02-13T13:09:05+00:00\" \/>\n<meta property=\"article:modified_time\" content=\"2017-02-14T15:00:19+00:00\" \/>\n<meta property=\"og:image\" content=\"http:\/\/www.saint-paul-angouleme.fr\/application\/wp-content\/uploads\/2017\/02\/P1070840-300x225.jpg\" \/>\n<meta name=\"author\" content=\"SAINT-PAUL\" \/>\n<meta name=\"twitter:card\" content=\"summary_large_image\" \/>\n<meta name=\"twitter:creator\" content=\"@StPaulAngoulem\" \/>\n<meta name=\"twitter:site\" content=\"@StPaulAngoulem\" \/>\n<meta name=\"twitter:label1\" content=\"\u00c9crit par\" \/>\n\t<meta name=\"twitter:data1\" content=\"SAINT-PAUL\" \/>\n\t<meta name=\"twitter:label2\" content=\"Dur\u00e9e de lecture estim\u00e9e\" \/>\n\t<meta name=\"twitter:data2\" content=\"1 minute\" \/>\n<script type=\"application\/ld+json\" class=\"yoast-schema-graph\">{\"@context\":\"https:\/\/schema.org\",\"@graph\":[{\"@type\":\"Article\",\"@id\":\"https:\/\/www.saint-paul-angouleme.fr\/application\/concours-de-calcul-mental-cest-fait-pour-les-5eme\/#article\",\"isPartOf\":{\"@id\":\"https:\/\/www.saint-paul-angouleme.fr\/application\/concours-de-calcul-mental-cest-fait-pour-les-5eme\/\"},\"author\":{\"name\":\"SAINT-PAUL\",\"@id\":\"https:\/\/www.saint-paul-angouleme.fr\/application\/#\/schema\/person\/ea152930b1a3823659065827b1a5fb9b\"},\"headline\":\"&#8220;Concours de calcul mental&#8221; : des 5\u00e8me au top !\",\"datePublished\":\"2017-02-13T13:09:05+00:00\",\"dateModified\":\"2017-02-14T15:00:19+00:00\",\"mainEntityOfPage\":{\"@id\":\"https:\/\/www.saint-paul-angouleme.fr\/application\/concours-de-calcul-mental-cest-fait-pour-les-5eme\/\"},\"wordCount\":192,\"commentCount\":0,\"publisher\":{\"@id\":\"https:\/\/www.saint-paul-angouleme.fr\/application\/#organization\"},\"image\":{\"@id\":\"https:\/\/www.saint-paul-angouleme.fr\/application\/concours-de-calcul-mental-cest-fait-pour-les-5eme\/#primaryimage\"},\"thumbnailUrl\":\"http:\/\/www.saint-paul-angouleme.fr\/application\/wp-content\/uploads\/2017\/02\/P1070840-300x225.jpg\",\"articleSection\":[\"Look on\"],\"inLanguage\":\"fr-FR\",\"potentialAction\":[{\"@type\":\"CommentAction\",\"name\":\"Comment\",\"target\":[\"https:\/\/www.saint-paul-angouleme.fr\/application\/concours-de-calcul-mental-cest-fait-pour-les-5eme\/#respond\"]}]},{\"@type\":\"WebPage\",\"@id\":\"https:\/\/www.saint-paul-angouleme.fr\/application\/concours-de-calcul-mental-cest-fait-pour-les-5eme\/\",\"url\":\"https:\/\/www.saint-paul-angouleme.fr\/application\/concours-de-calcul-mental-cest-fait-pour-les-5eme\/\",\"name\":\"\\\"Concours de calcul mental\\\" : des 5\u00e8me au top ! - Actualit\u00e9s\",\"isPartOf\":{\"@id\":\"https:\/\/www.saint-paul-angouleme.fr\/application\/#website\"},\"primaryImageOfPage\":{\"@id\":\"https:\/\/www.saint-paul-angouleme.fr\/application\/concours-de-calcul-mental-cest-fait-pour-les-5eme\/#primaryimage\"},\"image\":{\"@id\":\"https:\/\/www.saint-paul-angouleme.fr\/application\/concours-de-calcul-mental-cest-fait-pour-les-5eme\/#primaryimage\"},\"thumbnailUrl\":\"http:\/\/www.saint-paul-angouleme.fr\/application\/wp-content\/uploads\/2017\/02\/P1070840-300x225.jpg\",\"datePublished\":\"2017-02-13T13:09:05+00:00\",\"dateModified\":\"2017-02-14T15:00:19+00:00\",\"breadcrumb\":{\"@id\":\"https:\/\/www.saint-paul-angouleme.fr\/application\/concours-de-calcul-mental-cest-fait-pour-les-5eme\/#breadcrumb\"},\"inLanguage\":\"fr-FR\",\"potentialAction\":[{\"@type\":\"ReadAction\",\"target\":[\"https:\/\/www.saint-paul-angouleme.fr\/application\/concours-de-calcul-mental-cest-fait-pour-les-5eme\/\"]}]},{\"@type\":\"ImageObject\",\"inLanguage\":\"fr-FR\",\"@id\":\"https:\/\/www.saint-paul-angouleme.fr\/application\/concours-de-calcul-mental-cest-fait-pour-les-5eme\/#primaryimage\",\"url\":\"https:\/\/www.saint-paul-angouleme.fr\/application\/wp-content\/uploads\/2017\/02\/P1070840.jpg\",\"contentUrl\":\"https:\/\/www.saint-paul-angouleme.fr\/application\/wp-content\/uploads\/2017\/02\/P1070840.jpg\",\"width\":1024,\"height\":768},{\"@type\":\"BreadcrumbList\",\"@id\":\"https:\/\/www.saint-paul-angouleme.fr\/application\/concours-de-calcul-mental-cest-fait-pour-les-5eme\/#breadcrumb\",\"itemListElement\":[{\"@type\":\"ListItem\",\"position\":1,\"name\":\"Accueil\",\"item\":\"http:\/\/www.saint-paul-angouleme.fr\/application\/\"},{\"@type\":\"ListItem\",\"position\":2,\"name\":\"&#8220;Concours de calcul mental&#8221; : des 5\u00e8me au top !\"}]},{\"@type\":\"WebSite\",\"@id\":\"https:\/\/www.saint-paul-angouleme.fr\/application\/#website\",\"url\":\"https:\/\/www.saint-paul-angouleme.fr\/application\/\",\"name\":\"Actualit\u00e9s\",\"description\":\"Actualit\u00e9s Saint Paul\",\"publisher\":{\"@id\":\"https:\/\/www.saint-paul-angouleme.fr\/application\/#organization\"},\"potentialAction\":[{\"@type\":\"SearchAction\",\"target\":{\"@type\":\"EntryPoint\",\"urlTemplate\":\"https:\/\/www.saint-paul-angouleme.fr\/application\/?s={search_term_string}\"},\"query-input\":\"required name=search_term_string\"}],\"inLanguage\":\"fr-FR\"},{\"@type\":\"Organization\",\"@id\":\"https:\/\/www.saint-paul-angouleme.fr\/application\/#organization\",\"name\":\"Ensemble scolaire Saint-Paul\",\"url\":\"https:\/\/www.saint-paul-angouleme.fr\/application\/\",\"logo\":{\"@type\":\"ImageObject\",\"inLanguage\":\"fr-FR\",\"@id\":\"https:\/\/www.saint-paul-angouleme.fr\/application\/#\/schema\/logo\/image\/\",\"url\":\"https:\/\/www.saint-paul-angouleme.fr\/application\/wp-content\/uploads\/2018\/08\/logo-saint-paul-couleurs.jpg\",\"contentUrl\":\"https:\/\/www.saint-paul-angouleme.fr\/application\/wp-content\/uploads\/2018\/08\/logo-saint-paul-couleurs.jpg\",\"width\":1890,\"height\":709,\"caption\":\"Ensemble scolaire Saint-Paul\"},\"image\":{\"@id\":\"https:\/\/www.saint-paul-angouleme.fr\/application\/#\/schema\/logo\/image\/\"},\"sameAs\":[\"https:\/\/www.facebook.com\/SaintPaulAngouleme16\/\",\"https:\/\/x.com\/StPaulAngoulem\",\"https:\/\/www.youtube.com\/channel\/UCRLpz1CmPVqc0gn--YyXvjA?view_as=subscriber\"]},{\"@type\":\"Person\",\"@id\":\"https:\/\/www.saint-paul-angouleme.fr\/application\/#\/schema\/person\/ea152930b1a3823659065827b1a5fb9b\",\"name\":\"SAINT-PAUL\",\"image\":{\"@type\":\"ImageObject\",\"inLanguage\":\"fr-FR\",\"@id\":\"https:\/\/www.saint-paul-angouleme.fr\/application\/#\/schema\/person\/image\/\",\"url\":\"https:\/\/secure.gravatar.com\/avatar\/eadb0ffebc02683a61d69038eb2924f0?s=96&r=g\",\"contentUrl\":\"https:\/\/secure.gravatar.com\/avatar\/eadb0ffebc02683a61d69038eb2924f0?s=96&r=g\",\"caption\":\"SAINT-PAUL\"},\"url\":\"https:\/\/www.saint-paul-angouleme.fr\/application\/author\/myriam\/\"}]}<\/script>\n<!-- \/ Yoast SEO plugin. -->","yoast_head_json":{"title":"\"Concours de calcul mental\" : des 5\u00e8me au top ! - Actualit\u00e9s","robots":{"index":"index","follow":"follow","max-snippet":"max-snippet:-1","max-image-preview":"max-image-preview:large","max-video-preview":"max-video-preview:-1"},"canonical":"https:\/\/www.saint-paul-angouleme.fr\/application\/concours-de-calcul-mental-cest-fait-pour-les-5eme\/","og_locale":"fr_FR","og_type":"article","og_title":"\"Concours de calcul mental\" : des 5\u00e8me au top ! - Actualit\u00e9s","og_description":"Jeudi 8 f\u00e9vrier, 8 heures\u00a0: Top chrono\u00a0! 11 \u00e9l\u00e8ves des classes de 502 et 504 s\u2019installent, chacun devant un ordinateur, pour passer l\u2019\u00e9preuve de concours de calcul mental. Ce concours est organis\u00e9 pour la quatri\u00e8me fois au niveau acad\u00e9mique et s\u2019inscrit dans le cadre de la &#8220;Semaine des Math\u00e9matique qui aura lieu du 13 au ... Lire la suite","og_url":"https:\/\/www.saint-paul-angouleme.fr\/application\/concours-de-calcul-mental-cest-fait-pour-les-5eme\/","og_site_name":"Actualit\u00e9s","article_publisher":"https:\/\/www.facebook.com\/SaintPaulAngouleme16\/","article_published_time":"2017-02-13T13:09:05+00:00","article_modified_time":"2017-02-14T15:00:19+00:00","og_image":[{"url":"http:\/\/www.saint-paul-angouleme.fr\/application\/wp-content\/uploads\/2017\/02\/P1070840-300x225.jpg"}],"author":"SAINT-PAUL","twitter_card":"summary_large_image","twitter_creator":"@StPaulAngoulem","twitter_site":"@StPaulAngoulem","twitter_misc":{"\u00c9crit par":"SAINT-PAUL","Dur\u00e9e de lecture estim\u00e9e":"1 minute"},"schema":{"@context":"https:\/\/schema.org","@graph":[{"@type":"Article","@id":"https:\/\/www.saint-paul-angouleme.fr\/application\/concours-de-calcul-mental-cest-fait-pour-les-5eme\/#article","isPartOf":{"@id":"https:\/\/www.saint-paul-angouleme.fr\/application\/concours-de-calcul-mental-cest-fait-pour-les-5eme\/"},"author":{"name":"SAINT-PAUL","@id":"https:\/\/www.saint-paul-angouleme.fr\/application\/#\/schema\/person\/ea152930b1a3823659065827b1a5fb9b"},"headline":"&#8220;Concours de calcul mental&#8221; : des 5\u00e8me au top !","datePublished":"2017-02-13T13:09:05+00:00","dateModified":"2017-02-14T15:00:19+00:00","mainEntityOfPage":{"@id":"https:\/\/www.saint-paul-angouleme.fr\/application\/concours-de-calcul-mental-cest-fait-pour-les-5eme\/"},"wordCount":192,"commentCount":0,"publisher":{"@id":"https:\/\/www.saint-paul-angouleme.fr\/application\/#organization"},"image":{"@id":"https:\/\/www.saint-paul-angouleme.fr\/application\/concours-de-calcul-mental-cest-fait-pour-les-5eme\/#primaryimage"},"thumbnailUrl":"http:\/\/www.saint-paul-angouleme.fr\/application\/wp-content\/uploads\/2017\/02\/P1070840-300x225.jpg","articleSection":["Look on"],"inLanguage":"fr-FR","potentialAction":[{"@type":"CommentAction","name":"Comment","target":["https:\/\/www.saint-paul-angouleme.fr\/application\/concours-de-calcul-mental-cest-fait-pour-les-5eme\/#respond"]}]},{"@type":"WebPage","@id":"https:\/\/www.saint-paul-angouleme.fr\/application\/concours-de-calcul-mental-cest-fait-pour-les-5eme\/","url":"https:\/\/www.saint-paul-angouleme.fr\/application\/concours-de-calcul-mental-cest-fait-pour-les-5eme\/","name":"\"Concours de calcul mental\" : des 5\u00e8me au top ! - Actualit\u00e9s","isPartOf":{"@id":"https:\/\/www.saint-paul-angouleme.fr\/application\/#website"},"primaryImageOfPage":{"@id":"https:\/\/www.saint-paul-angouleme.fr\/application\/concours-de-calcul-mental-cest-fait-pour-les-5eme\/#primaryimage"},"image":{"@id":"https:\/\/www.saint-paul-angouleme.fr\/application\/concours-de-calcul-mental-cest-fait-pour-les-5eme\/#primaryimage"},"thumbnailUrl":"http:\/\/www.saint-paul-angouleme.fr\/application\/wp-content\/uploads\/2017\/02\/P1070840-300x225.jpg","datePublished":"2017-02-13T13:09:05+00:00","dateModified":"2017-02-14T15:00:19+00:00","breadcrumb":{"@id":"https:\/\/www.saint-paul-angouleme.fr\/application\/concours-de-calcul-mental-cest-fait-pour-les-5eme\/#breadcrumb"},"inLanguage":"fr-FR","potentialAction":[{"@type":"ReadAction","target":["https:\/\/www.saint-paul-angouleme.fr\/application\/concours-de-calcul-mental-cest-fait-pour-les-5eme\/"]}]},{"@type":"ImageObject","inLanguage":"fr-FR","@id":"https:\/\/www.saint-paul-angouleme.fr\/application\/concours-de-calcul-mental-cest-fait-pour-les-5eme\/#primaryimage","url":"https:\/\/www.saint-paul-angouleme.fr\/application\/wp-content\/uploads\/2017\/02\/P1070840.jpg","contentUrl":"https:\/\/www.saint-paul-angouleme.fr\/application\/wp-content\/uploads\/2017\/02\/P1070840.jpg","width":1024,"height":768},{"@type":"BreadcrumbList","@id":"https:\/\/www.saint-paul-angouleme.fr\/application\/concours-de-calcul-mental-cest-fait-pour-les-5eme\/#breadcrumb","itemListElement":[{"@type":"ListItem","position":1,"name":"Accueil","item":"http:\/\/www.saint-paul-angouleme.fr\/application\/"},{"@type":"ListItem","position":2,"name":"&#8220;Concours de calcul mental&#8221; : des 5\u00e8me au top !"}]},{"@type":"WebSite","@id":"https:\/\/www.saint-paul-angouleme.fr\/application\/#website","url":"https:\/\/www.saint-paul-angouleme.fr\/application\/","name":"Actualit\u00e9s","description":"Actualit\u00e9s Saint Paul","publisher":{"@id":"https:\/\/www.saint-paul-angouleme.fr\/application\/#organization"},"potentialAction":[{"@type":"SearchAction","target":{"@type":"EntryPoint","urlTemplate":"https:\/\/www.saint-paul-angouleme.fr\/application\/?s={search_term_string}"},"query-input":"required name=search_term_string"}],"inLanguage":"fr-FR"},{"@type":"Organization","@id":"https:\/\/www.saint-paul-angouleme.fr\/application\/#organization","name":"Ensemble scolaire Saint-Paul","url":"https:\/\/www.saint-paul-angouleme.fr\/application\/","logo":{"@type":"ImageObject","inLanguage":"fr-FR","@id":"https:\/\/www.saint-paul-angouleme.fr\/application\/#\/schema\/logo\/image\/","url":"https:\/\/www.saint-paul-angouleme.fr\/application\/wp-content\/uploads\/2018\/08\/logo-saint-paul-couleurs.jpg","contentUrl":"https:\/\/www.saint-paul-angouleme.fr\/application\/wp-content\/uploads\/2018\/08\/logo-saint-paul-couleurs.jpg","width":1890,"height":709,"caption":"Ensemble scolaire Saint-Paul"},"image":{"@id":"https:\/\/www.saint-paul-angouleme.fr\/application\/#\/schema\/logo\/image\/"},"sameAs":["https:\/\/www.facebook.com\/SaintPaulAngouleme16\/","https:\/\/x.com\/StPaulAngoulem","https:\/\/www.youtube.com\/channel\/UCRLpz1CmPVqc0gn--YyXvjA?view_as=subscriber"]},{"@type":"Person","@id":"https:\/\/www.saint-paul-angouleme.fr\/application\/#\/schema\/person\/ea152930b1a3823659065827b1a5fb9b","name":"SAINT-PAUL","image":{"@type":"ImageObject","inLanguage":"fr-FR","@id":"https:\/\/www.saint-paul-angouleme.fr\/application\/#\/schema\/person\/image\/","url":"https:\/\/secure.gravatar.com\/avatar\/eadb0ffebc02683a61d69038eb2924f0?s=96&r=g","contentUrl":"https:\/\/secure.gravatar.com\/avatar\/eadb0ffebc02683a61d69038eb2924f0?s=96&r=g","caption":"SAINT-PAUL"},"url":"https:\/\/www.saint-paul-angouleme.fr\/application\/author\/myriam\/"}]}},"_links":{"self":[{"href":"https:\/\/www.saint-paul-angouleme.fr\/application\/wp-json\/wp\/v2\/posts\/83"}],"collection":[{"href":"https:\/\/www.saint-paul-angouleme.fr\/application\/wp-json\/wp\/v2\/posts"}],"about":[{"href":"https:\/\/www.saint-paul-angouleme.fr\/application\/wp-json\/wp\/v2\/types\/post"}],"author":[{"embeddable":true,"href":"https:\/\/www.saint-paul-angouleme.fr\/application\/wp-json\/wp\/v2\/users\/3"}],"replies":[{"embeddable":true,"href":"https:\/\/www.saint-paul-angouleme.fr\/application\/wp-json\/wp\/v2\/comments?post=83"}],"version-history":[{"count":15,"href":"https:\/\/www.saint-paul-angouleme.fr\/application\/wp-json\/wp\/v2\/posts\/83\/revisions"}],"predecessor-version":[{"id":121,"href":"https:\/\/www.saint-paul-angouleme.fr\/application\/wp-json\/wp\/v2\/posts\/83\/revisions\/121"}],"wp:attachment":[{"href":"https:\/\/www.saint-paul-angouleme.fr\/application\/wp-json\/wp\/v2\/media?parent=83"}],"wp:term":[{"taxonomy":"category","embeddable":true,"href":"https:\/\/www.saint-paul-angouleme.fr\/application\/wp-json\/wp\/v2\/categories?post=83"},{"taxonomy":"post_tag","embeddable":true,"href":"https:\/\/www.saint-paul-angouleme.fr\/application\/wp-json\/wp\/v2\/tags?post=83"}],"curies":[{"name":"wp","href":"https:\/\/api.w.org\/{rel}","templated":true}]}}