{"id":8107,"date":"2023-12-11T16:22:20","date_gmt":"2023-12-11T15:22:20","guid":{"rendered":"https:\/\/www.saint-paul-angouleme.fr\/application\/?p=8107"},"modified":"2023-12-11T17:34:43","modified_gmt":"2023-12-11T16:34:43","slug":"droit-et-grands-enjeux-du-monde-contemporain-deux-intervenants-apportent-leur-eclairage","status":"publish","type":"post","link":"https:\/\/www.saint-paul-angouleme.fr\/application\/droit-et-grands-enjeux-du-monde-contemporain-deux-intervenants-apportent-leur-eclairage\/","title":{"rendered":"Droit et Grands Enjeux du Monde Contemporain : deux intervenants apportent leur \u00e9clairage"},"content":{"rendered":"\n<figure class=\"wp-block-image size-large\"><img loading=\"lazy\" decoding=\"async\" width=\"1024\" height=\"768\" src=\"https:\/\/www.saint-paul-angouleme.fr\/application\/wp-content\/uploads\/2023\/12\/20231207_132758-1024x768.jpg\" alt=\"\" class=\"wp-image-8110\" srcset=\"https:\/\/www.saint-paul-angouleme.fr\/application\/wp-content\/uploads\/2023\/12\/20231207_132758-1024x768.jpg 1024w, https:\/\/www.saint-paul-angouleme.fr\/application\/wp-content\/uploads\/2023\/12\/20231207_132758-300x225.jpg 300w, https:\/\/www.saint-paul-angouleme.fr\/application\/wp-content\/uploads\/2023\/12\/20231207_132758-768x576.jpg 768w, https:\/\/www.saint-paul-angouleme.fr\/application\/wp-content\/uploads\/2023\/12\/20231207_132758-1536x1152.jpg 1536w, https:\/\/www.saint-paul-angouleme.fr\/application\/wp-content\/uploads\/2023\/12\/20231207_132758-2048x1536.jpg 2048w\" sizes=\"(max-width: 1024px) 100vw, 1024px\" \/><\/figure>\n\n\n\n<h3 class=\"wp-block-heading\">D\u00e9couvrir le m\u00e9tier de &#8220;Mandataire Judiciaire&#8221;<\/h3>\n\n\n\n<p>Dans le cadre du cours de &#8220;Droit et Grands Enjeux du Monde Contemporain&#8221; de Madame Chantreau en Terminale, nous avons accueilli <a href=\"https:\/\/www.charentelibre.fr\/charente\/tutelles-une-affaire-de-pros-6452118.php\" target=\"_blank\" rel=\"noreferrer noopener\">Monsieur Fr\u00e9d\u00e9ric Maillard<\/a>, mandataire judicaire le mardi 14 novembre. Il a ainsi pu expliquer le quotidien de son m\u00e9tier et r\u00e9pondre aux questions.<\/p>\n\n\n\n<p>Ce fut un moment riche et int\u00e9ressant, permettant de d\u00e9couvrir la passion et les qualit\u00e9s humaines n\u00e9cessaires \u00e0 ce m\u00e9tier.<\/p>\n\n\n<div class=\"wp-block-image\">\n<figure class=\"aligncenter size-full\"><img loading=\"lazy\" decoding=\"async\" width=\"102\" height=\"55\" src=\"https:\/\/www.saint-paul-angouleme.fr\/application\/wp-content\/uploads\/2023\/12\/logoCDV.jpg\" alt=\"\" class=\"wp-image-8112\"\/><\/figure><\/div>\n\n\n<h3 class=\"wp-block-heading\">Le Campus des Valois et les \u00e9tudes de droit<\/h3>\n\n\n\n<p>Dans le cadre du cours de &#8220;Droit et Grands Enjeux du Monde Contemporain&#8221; de Madame Chantreau en Terminales, nous avons accueilli le mardi 5 d\u00e9cembre, Monsieur Patrick Kolb, professeur \u00e0 l&#8217;universit\u00e9 de droit d&#8217;Angoul\u00eame &#8220;<a href=\"https:\/\/www.campus-valois.fr\/\" target=\"_blank\" rel=\"noreferrer noopener\">Campus des Valois<\/a>&#8220;.<\/p>\n\n\n\n<p>Les \u00e9l\u00e8ves ont ainsi pu d\u00e9couvrir comment les \u00e9tudes sup\u00e9rieures peuvent se d\u00e9rouler ce qu&#8217;implique les \u00e9tudes de droit et avoir de riches \u00e9changes.<\/p>\n","protected":false},"excerpt":{"rendered":"<p>D\u00e9couvrir le m\u00e9tier de &#8220;Mandataire Judiciaire&#8221; Dans le cadre du cours de &#8220;Droit et Grands Enjeux du Monde Contemporain&#8221; de Madame Chantreau en Terminale, nous avons accueilli Monsieur Fr\u00e9d\u00e9ric Maillard, mandataire judicaire le mardi 14 novembre. Il a ainsi pu expliquer le quotidien de son m\u00e9tier et r\u00e9pondre aux questions. Ce fut un moment riche &#8230; <a title=\"Droit et Grands Enjeux du Monde Contemporain : deux intervenants apportent leur \u00e9clairage\" class=\"read-more\" href=\"https:\/\/www.saint-paul-angouleme.fr\/application\/droit-et-grands-enjeux-du-monde-contemporain-deux-intervenants-apportent-leur-eclairage\/\" aria-label=\"Read more about Droit et Grands Enjeux du Monde Contemporain : deux intervenants apportent leur \u00e9clairage\">Lire la suite<\/a><\/p>\n","protected":false},"author":3,"featured_media":8108,"comment_status":"open","ping_status":"open","sticky":false,"template":"","format":"standard","meta":{"_exactmetrics_skip_tracking":false,"_exactmetrics_sitenote_active":false,"_exactmetrics_sitenote_note":"","_exactmetrics_sitenote_category":0,"footnotes":""},"categories":[13],"tags":[],"class_list":["post-8107","post","type-post","status-publish","format-standard","has-post-thumbnail","hentry","category-pedagogie"],"yoast_head":"<!-- This site is optimized with the Yoast SEO plugin v23.3 - https:\/\/yoast.com\/wordpress\/plugins\/seo\/ -->\n<title>Droit et Grands Enjeux du Monde Contemporain<\/title>\n<meta name=\"description\" content=\"Dans le cadre du cours &quot;Droit et Grands Enjeux du Monde Contemporain&quot; deux professionnels sont intervenus aupr\u00e8s de nos \u00e9l\u00e8ves.\" \/>\n<meta name=\"robots\" content=\"index, follow, max-snippet:-1, max-image-preview:large, max-video-preview:-1\" \/>\n<link rel=\"canonical\" href=\"https:\/\/www.saint-paul-angouleme.fr\/application\/droit-et-grands-enjeux-du-monde-contemporain-deux-intervenants-apportent-leur-eclairage\/\" \/>\n<meta property=\"og:locale\" content=\"fr_FR\" \/>\n<meta property=\"og:type\" content=\"article\" \/>\n<meta property=\"og:title\" content=\"Droit et Grands Enjeux du Monde Contemporain\" \/>\n<meta property=\"og:description\" content=\"Dans le cadre du cours &quot;Droit et Grands Enjeux du Monde Contemporain&quot; deux professionnels sont intervenus aupr\u00e8s de nos \u00e9l\u00e8ves.\" \/>\n<meta property=\"og:url\" content=\"https:\/\/www.saint-paul-angouleme.fr\/application\/droit-et-grands-enjeux-du-monde-contemporain-deux-intervenants-apportent-leur-eclairage\/\" \/>\n<meta property=\"og:site_name\" content=\"Actualit\u00e9s\" \/>\n<meta property=\"article:publisher\" content=\"https:\/\/www.facebook.com\/SaintPaulAngouleme16\/\" \/>\n<meta property=\"article:published_time\" content=\"2023-12-11T15:22:20+00:00\" \/>\n<meta property=\"article:modified_time\" content=\"2023-12-11T16:34:43+00:00\" \/>\n<meta property=\"og:image\" content=\"https:\/\/www.saint-paul-angouleme.fr\/application\/wp-content\/uploads\/2023\/12\/lady-justice-2388500_1280.jpg\" \/>\n\t<meta property=\"og:image:width\" content=\"1280\" \/>\n\t<meta property=\"og:image:height\" content=\"960\" \/>\n\t<meta property=\"og:image:type\" content=\"image\/jpeg\" \/>\n<meta name=\"author\" content=\"SAINT-PAUL\" \/>\n<meta name=\"twitter:card\" content=\"summary_large_image\" \/>\n<meta name=\"twitter:creator\" content=\"@StPaulAngoulem\" \/>\n<meta name=\"twitter:site\" content=\"@StPaulAngoulem\" \/>\n<meta name=\"twitter:label1\" content=\"\u00c9crit par\" \/>\n\t<meta name=\"twitter:data1\" content=\"SAINT-PAUL\" \/>\n\t<meta name=\"twitter:label2\" content=\"Dur\u00e9e de lecture estim\u00e9e\" \/>\n\t<meta name=\"twitter:data2\" content=\"2 minutes\" \/>\n<script type=\"application\/ld+json\" class=\"yoast-schema-graph\">{\"@context\":\"https:\/\/schema.org\",\"@graph\":[{\"@type\":\"Article\",\"@id\":\"https:\/\/www.saint-paul-angouleme.fr\/application\/droit-et-grands-enjeux-du-monde-contemporain-deux-intervenants-apportent-leur-eclairage\/#article\",\"isPartOf\":{\"@id\":\"https:\/\/www.saint-paul-angouleme.fr\/application\/droit-et-grands-enjeux-du-monde-contemporain-deux-intervenants-apportent-leur-eclairage\/\"},\"author\":{\"name\":\"SAINT-PAUL\",\"@id\":\"https:\/\/www.saint-paul-angouleme.fr\/application\/#\/schema\/person\/ea152930b1a3823659065827b1a5fb9b\"},\"headline\":\"Droit et Grands Enjeux du Monde Contemporain : deux intervenants apportent leur \u00e9clairage\",\"datePublished\":\"2023-12-11T15:22:20+00:00\",\"dateModified\":\"2023-12-11T16:34:43+00:00\",\"mainEntityOfPage\":{\"@id\":\"https:\/\/www.saint-paul-angouleme.fr\/application\/droit-et-grands-enjeux-du-monde-contemporain-deux-intervenants-apportent-leur-eclairage\/\"},\"wordCount\":168,\"commentCount\":0,\"publisher\":{\"@id\":\"https:\/\/www.saint-paul-angouleme.fr\/application\/#organization\"},\"image\":{\"@id\":\"https:\/\/www.saint-paul-angouleme.fr\/application\/droit-et-grands-enjeux-du-monde-contemporain-deux-intervenants-apportent-leur-eclairage\/#primaryimage\"},\"thumbnailUrl\":\"https:\/\/www.saint-paul-angouleme.fr\/application\/wp-content\/uploads\/2023\/12\/lady-justice-2388500_1280.jpg\",\"articleSection\":[\"P\u00e9dagogie\"],\"inLanguage\":\"fr-FR\",\"potentialAction\":[{\"@type\":\"CommentAction\",\"name\":\"Comment\",\"target\":[\"https:\/\/www.saint-paul-angouleme.fr\/application\/droit-et-grands-enjeux-du-monde-contemporain-deux-intervenants-apportent-leur-eclairage\/#respond\"]}]},{\"@type\":\"WebPage\",\"@id\":\"https:\/\/www.saint-paul-angouleme.fr\/application\/droit-et-grands-enjeux-du-monde-contemporain-deux-intervenants-apportent-leur-eclairage\/\",\"url\":\"https:\/\/www.saint-paul-angouleme.fr\/application\/droit-et-grands-enjeux-du-monde-contemporain-deux-intervenants-apportent-leur-eclairage\/\",\"name\":\"Droit et Grands Enjeux du Monde Contemporain\",\"isPartOf\":{\"@id\":\"https:\/\/www.saint-paul-angouleme.fr\/application\/#website\"},\"primaryImageOfPage\":{\"@id\":\"https:\/\/www.saint-paul-angouleme.fr\/application\/droit-et-grands-enjeux-du-monde-contemporain-deux-intervenants-apportent-leur-eclairage\/#primaryimage\"},\"image\":{\"@id\":\"https:\/\/www.saint-paul-angouleme.fr\/application\/droit-et-grands-enjeux-du-monde-contemporain-deux-intervenants-apportent-leur-eclairage\/#primaryimage\"},\"thumbnailUrl\":\"https:\/\/www.saint-paul-angouleme.fr\/application\/wp-content\/uploads\/2023\/12\/lady-justice-2388500_1280.jpg\",\"datePublished\":\"2023-12-11T15:22:20+00:00\",\"dateModified\":\"2023-12-11T16:34:43+00:00\",\"description\":\"Dans le cadre du cours \\\"Droit et Grands Enjeux du Monde Contemporain\\\" deux professionnels sont intervenus aupr\u00e8s de nos \u00e9l\u00e8ves.\",\"breadcrumb\":{\"@id\":\"https:\/\/www.saint-paul-angouleme.fr\/application\/droit-et-grands-enjeux-du-monde-contemporain-deux-intervenants-apportent-leur-eclairage\/#breadcrumb\"},\"inLanguage\":\"fr-FR\",\"potentialAction\":[{\"@type\":\"ReadAction\",\"target\":[\"https:\/\/www.saint-paul-angouleme.fr\/application\/droit-et-grands-enjeux-du-monde-contemporain-deux-intervenants-apportent-leur-eclairage\/\"]}]},{\"@type\":\"ImageObject\",\"inLanguage\":\"fr-FR\",\"@id\":\"https:\/\/www.saint-paul-angouleme.fr\/application\/droit-et-grands-enjeux-du-monde-contemporain-deux-intervenants-apportent-leur-eclairage\/#primaryimage\",\"url\":\"https:\/\/www.saint-paul-angouleme.fr\/application\/wp-content\/uploads\/2023\/12\/lady-justice-2388500_1280.jpg\",\"contentUrl\":\"https:\/\/www.saint-paul-angouleme.fr\/application\/wp-content\/uploads\/2023\/12\/lady-justice-2388500_1280.jpg\",\"width\":1280,\"height\":960},{\"@type\":\"BreadcrumbList\",\"@id\":\"https:\/\/www.saint-paul-angouleme.fr\/application\/droit-et-grands-enjeux-du-monde-contemporain-deux-intervenants-apportent-leur-eclairage\/#breadcrumb\",\"itemListElement\":[{\"@type\":\"ListItem\",\"position\":1,\"name\":\"Accueil\",\"item\":\"http:\/\/www.saint-paul-angouleme.fr\/application\/\"},{\"@type\":\"ListItem\",\"position\":2,\"name\":\"Droit et Grands Enjeux du Monde Contemporain : deux intervenants apportent leur \u00e9clairage\"}]},{\"@type\":\"WebSite\",\"@id\":\"https:\/\/www.saint-paul-angouleme.fr\/application\/#website\",\"url\":\"https:\/\/www.saint-paul-angouleme.fr\/application\/\",\"name\":\"Actualit\u00e9s\",\"description\":\"Actualit\u00e9s Saint Paul\",\"publisher\":{\"@id\":\"https:\/\/www.saint-paul-angouleme.fr\/application\/#organization\"},\"potentialAction\":[{\"@type\":\"SearchAction\",\"target\":{\"@type\":\"EntryPoint\",\"urlTemplate\":\"https:\/\/www.saint-paul-angouleme.fr\/application\/?s={search_term_string}\"},\"query-input\":\"required name=search_term_string\"}],\"inLanguage\":\"fr-FR\"},{\"@type\":\"Organization\",\"@id\":\"https:\/\/www.saint-paul-angouleme.fr\/application\/#organization\",\"name\":\"Ensemble scolaire Saint-Paul\",\"url\":\"https:\/\/www.saint-paul-angouleme.fr\/application\/\",\"logo\":{\"@type\":\"ImageObject\",\"inLanguage\":\"fr-FR\",\"@id\":\"https:\/\/www.saint-paul-angouleme.fr\/application\/#\/schema\/logo\/image\/\",\"url\":\"https:\/\/www.saint-paul-angouleme.fr\/application\/wp-content\/uploads\/2018\/08\/logo-saint-paul-couleurs.jpg\",\"contentUrl\":\"https:\/\/www.saint-paul-angouleme.fr\/application\/wp-content\/uploads\/2018\/08\/logo-saint-paul-couleurs.jpg\",\"width\":1890,\"height\":709,\"caption\":\"Ensemble scolaire Saint-Paul\"},\"image\":{\"@id\":\"https:\/\/www.saint-paul-angouleme.fr\/application\/#\/schema\/logo\/image\/\"},\"sameAs\":[\"https:\/\/www.facebook.com\/SaintPaulAngouleme16\/\",\"https:\/\/x.com\/StPaulAngoulem\",\"https:\/\/www.youtube.com\/channel\/UCRLpz1CmPVqc0gn--YyXvjA?view_as=subscriber\"]},{\"@type\":\"Person\",\"@id\":\"https:\/\/www.saint-paul-angouleme.fr\/application\/#\/schema\/person\/ea152930b1a3823659065827b1a5fb9b\",\"name\":\"SAINT-PAUL\",\"image\":{\"@type\":\"ImageObject\",\"inLanguage\":\"fr-FR\",\"@id\":\"https:\/\/www.saint-paul-angouleme.fr\/application\/#\/schema\/person\/image\/\",\"url\":\"https:\/\/secure.gravatar.com\/avatar\/eadb0ffebc02683a61d69038eb2924f0?s=96&r=g\",\"contentUrl\":\"https:\/\/secure.gravatar.com\/avatar\/eadb0ffebc02683a61d69038eb2924f0?s=96&r=g\",\"caption\":\"SAINT-PAUL\"},\"url\":\"https:\/\/www.saint-paul-angouleme.fr\/application\/author\/myriam\/\"}]}<\/script>\n<!-- \/ Yoast SEO plugin. -->","yoast_head_json":{"title":"Droit et Grands Enjeux du Monde Contemporain","description":"Dans le cadre du cours \"Droit et Grands Enjeux du Monde Contemporain\" deux professionnels sont intervenus aupr\u00e8s de nos \u00e9l\u00e8ves.","robots":{"index":"index","follow":"follow","max-snippet":"max-snippet:-1","max-image-preview":"max-image-preview:large","max-video-preview":"max-video-preview:-1"},"canonical":"https:\/\/www.saint-paul-angouleme.fr\/application\/droit-et-grands-enjeux-du-monde-contemporain-deux-intervenants-apportent-leur-eclairage\/","og_locale":"fr_FR","og_type":"article","og_title":"Droit et Grands Enjeux du Monde Contemporain","og_description":"Dans le cadre du cours \"Droit et Grands Enjeux du Monde Contemporain\" deux professionnels sont intervenus aupr\u00e8s de nos \u00e9l\u00e8ves.","og_url":"https:\/\/www.saint-paul-angouleme.fr\/application\/droit-et-grands-enjeux-du-monde-contemporain-deux-intervenants-apportent-leur-eclairage\/","og_site_name":"Actualit\u00e9s","article_publisher":"https:\/\/www.facebook.com\/SaintPaulAngouleme16\/","article_published_time":"2023-12-11T15:22:20+00:00","article_modified_time":"2023-12-11T16:34:43+00:00","og_image":[{"width":1280,"height":960,"url":"https:\/\/www.saint-paul-angouleme.fr\/application\/wp-content\/uploads\/2023\/12\/lady-justice-2388500_1280.jpg","type":"image\/jpeg"}],"author":"SAINT-PAUL","twitter_card":"summary_large_image","twitter_creator":"@StPaulAngoulem","twitter_site":"@StPaulAngoulem","twitter_misc":{"\u00c9crit par":"SAINT-PAUL","Dur\u00e9e de lecture estim\u00e9e":"2 minutes"},"schema":{"@context":"https:\/\/schema.org","@graph":[{"@type":"Article","@id":"https:\/\/www.saint-paul-angouleme.fr\/application\/droit-et-grands-enjeux-du-monde-contemporain-deux-intervenants-apportent-leur-eclairage\/#article","isPartOf":{"@id":"https:\/\/www.saint-paul-angouleme.fr\/application\/droit-et-grands-enjeux-du-monde-contemporain-deux-intervenants-apportent-leur-eclairage\/"},"author":{"name":"SAINT-PAUL","@id":"https:\/\/www.saint-paul-angouleme.fr\/application\/#\/schema\/person\/ea152930b1a3823659065827b1a5fb9b"},"headline":"Droit et Grands Enjeux du Monde Contemporain : deux intervenants apportent leur \u00e9clairage","datePublished":"2023-12-11T15:22:20+00:00","dateModified":"2023-12-11T16:34:43+00:00","mainEntityOfPage":{"@id":"https:\/\/www.saint-paul-angouleme.fr\/application\/droit-et-grands-enjeux-du-monde-contemporain-deux-intervenants-apportent-leur-eclairage\/"},"wordCount":168,"commentCount":0,"publisher":{"@id":"https:\/\/www.saint-paul-angouleme.fr\/application\/#organization"},"image":{"@id":"https:\/\/www.saint-paul-angouleme.fr\/application\/droit-et-grands-enjeux-du-monde-contemporain-deux-intervenants-apportent-leur-eclairage\/#primaryimage"},"thumbnailUrl":"https:\/\/www.saint-paul-angouleme.fr\/application\/wp-content\/uploads\/2023\/12\/lady-justice-2388500_1280.jpg","articleSection":["P\u00e9dagogie"],"inLanguage":"fr-FR","potentialAction":[{"@type":"CommentAction","name":"Comment","target":["https:\/\/www.saint-paul-angouleme.fr\/application\/droit-et-grands-enjeux-du-monde-contemporain-deux-intervenants-apportent-leur-eclairage\/#respond"]}]},{"@type":"WebPage","@id":"https:\/\/www.saint-paul-angouleme.fr\/application\/droit-et-grands-enjeux-du-monde-contemporain-deux-intervenants-apportent-leur-eclairage\/","url":"https:\/\/www.saint-paul-angouleme.fr\/application\/droit-et-grands-enjeux-du-monde-contemporain-deux-intervenants-apportent-leur-eclairage\/","name":"Droit et Grands Enjeux du Monde Contemporain","isPartOf":{"@id":"https:\/\/www.saint-paul-angouleme.fr\/application\/#website"},"primaryImageOfPage":{"@id":"https:\/\/www.saint-paul-angouleme.fr\/application\/droit-et-grands-enjeux-du-monde-contemporain-deux-intervenants-apportent-leur-eclairage\/#primaryimage"},"image":{"@id":"https:\/\/www.saint-paul-angouleme.fr\/application\/droit-et-grands-enjeux-du-monde-contemporain-deux-intervenants-apportent-leur-eclairage\/#primaryimage"},"thumbnailUrl":"https:\/\/www.saint-paul-angouleme.fr\/application\/wp-content\/uploads\/2023\/12\/lady-justice-2388500_1280.jpg","datePublished":"2023-12-11T15:22:20+00:00","dateModified":"2023-12-11T16:34:43+00:00","description":"Dans le cadre du cours \"Droit et Grands Enjeux du Monde Contemporain\" deux professionnels sont intervenus aupr\u00e8s de nos \u00e9l\u00e8ves.","breadcrumb":{"@id":"https:\/\/www.saint-paul-angouleme.fr\/application\/droit-et-grands-enjeux-du-monde-contemporain-deux-intervenants-apportent-leur-eclairage\/#breadcrumb"},"inLanguage":"fr-FR","potentialAction":[{"@type":"ReadAction","target":["https:\/\/www.saint-paul-angouleme.fr\/application\/droit-et-grands-enjeux-du-monde-contemporain-deux-intervenants-apportent-leur-eclairage\/"]}]},{"@type":"ImageObject","inLanguage":"fr-FR","@id":"https:\/\/www.saint-paul-angouleme.fr\/application\/droit-et-grands-enjeux-du-monde-contemporain-deux-intervenants-apportent-leur-eclairage\/#primaryimage","url":"https:\/\/www.saint-paul-angouleme.fr\/application\/wp-content\/uploads\/2023\/12\/lady-justice-2388500_1280.jpg","contentUrl":"https:\/\/www.saint-paul-angouleme.fr\/application\/wp-content\/uploads\/2023\/12\/lady-justice-2388500_1280.jpg","width":1280,"height":960},{"@type":"BreadcrumbList","@id":"https:\/\/www.saint-paul-angouleme.fr\/application\/droit-et-grands-enjeux-du-monde-contemporain-deux-intervenants-apportent-leur-eclairage\/#breadcrumb","itemListElement":[{"@type":"ListItem","position":1,"name":"Accueil","item":"http:\/\/www.saint-paul-angouleme.fr\/application\/"},{"@type":"ListItem","position":2,"name":"Droit et Grands Enjeux du Monde Contemporain : deux intervenants apportent leur \u00e9clairage"}]},{"@type":"WebSite","@id":"https:\/\/www.saint-paul-angouleme.fr\/application\/#website","url":"https:\/\/www.saint-paul-angouleme.fr\/application\/","name":"Actualit\u00e9s","description":"Actualit\u00e9s Saint Paul","publisher":{"@id":"https:\/\/www.saint-paul-angouleme.fr\/application\/#organization"},"potentialAction":[{"@type":"SearchAction","target":{"@type":"EntryPoint","urlTemplate":"https:\/\/www.saint-paul-angouleme.fr\/application\/?s={search_term_string}"},"query-input":"required name=search_term_string"}],"inLanguage":"fr-FR"},{"@type":"Organization","@id":"https:\/\/www.saint-paul-angouleme.fr\/application\/#organization","name":"Ensemble scolaire Saint-Paul","url":"https:\/\/www.saint-paul-angouleme.fr\/application\/","logo":{"@type":"ImageObject","inLanguage":"fr-FR","@id":"https:\/\/www.saint-paul-angouleme.fr\/application\/#\/schema\/logo\/image\/","url":"https:\/\/www.saint-paul-angouleme.fr\/application\/wp-content\/uploads\/2018\/08\/logo-saint-paul-couleurs.jpg","contentUrl":"https:\/\/www.saint-paul-angouleme.fr\/application\/wp-content\/uploads\/2018\/08\/logo-saint-paul-couleurs.jpg","width":1890,"height":709,"caption":"Ensemble scolaire Saint-Paul"},"image":{"@id":"https:\/\/www.saint-paul-angouleme.fr\/application\/#\/schema\/logo\/image\/"},"sameAs":["https:\/\/www.facebook.com\/SaintPaulAngouleme16\/","https:\/\/x.com\/StPaulAngoulem","https:\/\/www.youtube.com\/channel\/UCRLpz1CmPVqc0gn--YyXvjA?view_as=subscriber"]},{"@type":"Person","@id":"https:\/\/www.saint-paul-angouleme.fr\/application\/#\/schema\/person\/ea152930b1a3823659065827b1a5fb9b","name":"SAINT-PAUL","image":{"@type":"ImageObject","inLanguage":"fr-FR","@id":"https:\/\/www.saint-paul-angouleme.fr\/application\/#\/schema\/person\/image\/","url":"https:\/\/secure.gravatar.com\/avatar\/eadb0ffebc02683a61d69038eb2924f0?s=96&r=g","contentUrl":"https:\/\/secure.gravatar.com\/avatar\/eadb0ffebc02683a61d69038eb2924f0?s=96&r=g","caption":"SAINT-PAUL"},"url":"https:\/\/www.saint-paul-angouleme.fr\/application\/author\/myriam\/"}]}},"_links":{"self":[{"href":"https:\/\/www.saint-paul-angouleme.fr\/application\/wp-json\/wp\/v2\/posts\/8107"}],"collection":[{"href":"https:\/\/www.saint-paul-angouleme.fr\/application\/wp-json\/wp\/v2\/posts"}],"about":[{"href":"https:\/\/www.saint-paul-angouleme.fr\/application\/wp-json\/wp\/v2\/types\/post"}],"author":[{"embeddable":true,"href":"https:\/\/www.saint-paul-angouleme.fr\/application\/wp-json\/wp\/v2\/users\/3"}],"replies":[{"embeddable":true,"href":"https:\/\/www.saint-paul-angouleme.fr\/application\/wp-json\/wp\/v2\/comments?post=8107"}],"version-history":[{"count":2,"href":"https:\/\/www.saint-paul-angouleme.fr\/application\/wp-json\/wp\/v2\/posts\/8107\/revisions"}],"predecessor-version":[{"id":8113,"href":"https:\/\/www.saint-paul-angouleme.fr\/application\/wp-json\/wp\/v2\/posts\/8107\/revisions\/8113"}],"wp:featuredmedia":[{"embeddable":true,"href":"https:\/\/www.saint-paul-angouleme.fr\/application\/wp-json\/wp\/v2\/media\/8108"}],"wp:attachment":[{"href":"https:\/\/www.saint-paul-angouleme.fr\/application\/wp-json\/wp\/v2\/media?parent=8107"}],"wp:term":[{"taxonomy":"category","embeddable":true,"href":"https:\/\/www.saint-paul-angouleme.fr\/application\/wp-json\/wp\/v2\/categories?post=8107"},{"taxonomy":"post_tag","embeddable":true,"href":"https:\/\/www.saint-paul-angouleme.fr\/application\/wp-json\/wp\/v2\/tags?post=8107"}],"curies":[{"name":"wp","href":"https:\/\/api.w.org\/{rel}","templated":true}]}}