{"id":8086,"date":"2023-12-11T15:22:06","date_gmt":"2023-12-11T14:22:06","guid":{"rendered":"https:\/\/www.saint-paul-angouleme.fr\/application\/?p=8086"},"modified":"2023-12-13T09:54:06","modified_gmt":"2023-12-13T08:54:06","slug":"telethon-2023","status":"publish","type":"post","link":"https:\/\/www.saint-paul-angouleme.fr\/application\/telethon-2023\/","title":{"rendered":"T\u00e9l\u00e9thon 2023 : les 1\u00e8res &#8220;sp\u00e9 SVT&#8221; en premi\u00e8re ligne"},"content":{"rendered":"\n<figure class=\"wp-block-image size-large\"><img loading=\"lazy\" decoding=\"async\" width=\"1024\" height=\"769\" src=\"https:\/\/www.saint-paul-angouleme.fr\/application\/wp-content\/uploads\/2023\/12\/IMG_20231208_100201-1024x769.jpg\" alt=\"Vente au profit du T\u00e9l\u00e9thon 2023\" class=\"wp-image-8087\" srcset=\"https:\/\/www.saint-paul-angouleme.fr\/application\/wp-content\/uploads\/2023\/12\/IMG_20231208_100201-1024x769.jpg 1024w, https:\/\/www.saint-paul-angouleme.fr\/application\/wp-content\/uploads\/2023\/12\/IMG_20231208_100201-300x225.jpg 300w, https:\/\/www.saint-paul-angouleme.fr\/application\/wp-content\/uploads\/2023\/12\/IMG_20231208_100201-768x577.jpg 768w, https:\/\/www.saint-paul-angouleme.fr\/application\/wp-content\/uploads\/2023\/12\/IMG_20231208_100201-1536x1153.jpg 1536w, https:\/\/www.saint-paul-angouleme.fr\/application\/wp-content\/uploads\/2023\/12\/IMG_20231208_100201-2048x1538.jpg 2048w\" sizes=\"(max-width: 1024px) 100vw, 1024px\" \/><\/figure>\n\n\n\n<p>Le vendredi 8 d\u00e9cembre 2023, les \u00e9l\u00e8ves de premi\u00e8res en <a href=\"https:\/\/www.saint-paul-angouleme.fr\/application\/telethon-2019-1000-chercheurs-dans-les-ecoles\/\" target=\"_blank\" rel=\"noreferrer noopener\">sp\u00e9cialit\u00e9 SVT<\/a> ont organis\u00e9 plusieurs animations pour r\u00e9colter de l\u2019argent au profit du <a href=\"https:\/\/www.afm-telethon.fr\/fr\" target=\"_blank\" rel=\"noreferrer noopener\">T\u00e9l\u00e9thon 2023<\/a> : vente de chocolat chaud et viennoiserie le matin, relais en \u00e9quipe de 3 \u00e0 6 \u00e9l\u00e8ves sur&nbsp; 20 minutes, des \u00e9l\u00e8ves de 6 -\u00e8me et 5 -\u00e8me ont&nbsp; r\u00e9ussi \u00e0 faire plus de 6 km autour du terrain de handball, encourag\u00e9s par de nombreux supporters. Et une vente de bonbons l\u2019apr\u00e8s midi.<\/p>\n\n\n\n<p>Nous avons r\u00e9colt\u00e9 569,75 Euros pour le TELETHON ! Un immense MERCI \u00e0 tous ceux qui ont contribu\u00e9 \u00e0 la r\u00e9ussite de cet \u00e9v\u00e9nement :<\/p>\n\n\n\n<ul class=\"wp-block-list\"><li>Scolarest qui a offert une partie des viennoiseries<\/li><li>Les Associations ESPACE (enseignants et communaut\u00e9 scolaire)<\/li><li>L&#8217;Association Sportive pour le relais de la pause m\u00e9ridienne<\/li><li>Les personnels de l&#8217;\u00e9tablissement, les parents et nos \u00e9l\u00e8ves qui ont jou\u00e9 le jeu<\/li><\/ul>\n\n\n\n<figure class=\"wp-block-gallery has-nested-images columns-default is-cropped wp-block-gallery-1 is-layout-flex wp-block-gallery-is-layout-flex\">\n<figure class=\"wp-block-image size-large\"><img loading=\"lazy\" decoding=\"async\" width=\"768\" height=\"1024\" data-id=\"8090\" src=\"https:\/\/www.saint-paul-angouleme.fr\/application\/wp-content\/uploads\/2023\/12\/2023-12-08-09-53-31.-768x1024.jpg\" alt=\"\" class=\"wp-image-8090\" srcset=\"https:\/\/www.saint-paul-angouleme.fr\/application\/wp-content\/uploads\/2023\/12\/2023-12-08-09-53-31.-768x1024.jpg 768w, https:\/\/www.saint-paul-angouleme.fr\/application\/wp-content\/uploads\/2023\/12\/2023-12-08-09-53-31.-225x300.jpg 225w, https:\/\/www.saint-paul-angouleme.fr\/application\/wp-content\/uploads\/2023\/12\/2023-12-08-09-53-31.-1152x1536.jpg 1152w, https:\/\/www.saint-paul-angouleme.fr\/application\/wp-content\/uploads\/2023\/12\/2023-12-08-09-53-31..jpg 1500w\" sizes=\"(max-width: 768px) 100vw, 768px\" \/><\/figure>\n\n\n\n<figure class=\"wp-block-image size-large\"><img loading=\"lazy\" decoding=\"async\" width=\"768\" height=\"1024\" data-id=\"8091\" src=\"https:\/\/www.saint-paul-angouleme.fr\/application\/wp-content\/uploads\/2023\/12\/2023-12-08-15-16-52.-768x1024.jpg\" alt=\"\" class=\"wp-image-8091\" srcset=\"https:\/\/www.saint-paul-angouleme.fr\/application\/wp-content\/uploads\/2023\/12\/2023-12-08-15-16-52.-768x1024.jpg 768w, https:\/\/www.saint-paul-angouleme.fr\/application\/wp-content\/uploads\/2023\/12\/2023-12-08-15-16-52.-225x300.jpg 225w, https:\/\/www.saint-paul-angouleme.fr\/application\/wp-content\/uploads\/2023\/12\/2023-12-08-15-16-52.-1152x1536.jpg 1152w, https:\/\/www.saint-paul-angouleme.fr\/application\/wp-content\/uploads\/2023\/12\/2023-12-08-15-16-52..jpg 1500w\" sizes=\"(max-width: 768px) 100vw, 768px\" \/><\/figure>\n\n\n\n<figure class=\"wp-block-image size-large\"><img loading=\"lazy\" decoding=\"async\" width=\"769\" height=\"1024\" data-id=\"8092\" src=\"https:\/\/www.saint-paul-angouleme.fr\/application\/wp-content\/uploads\/2023\/12\/1702031356885-769x1024.jpg\" alt=\"\" class=\"wp-image-8092\" srcset=\"https:\/\/www.saint-paul-angouleme.fr\/application\/wp-content\/uploads\/2023\/12\/1702031356885-769x1024.jpg 769w, https:\/\/www.saint-paul-angouleme.fr\/application\/wp-content\/uploads\/2023\/12\/1702031356885-225x300.jpg 225w, https:\/\/www.saint-paul-angouleme.fr\/application\/wp-content\/uploads\/2023\/12\/1702031356885-768x1023.jpg 768w, https:\/\/www.saint-paul-angouleme.fr\/application\/wp-content\/uploads\/2023\/12\/1702031356885-1153x1536.jpg 1153w, https:\/\/www.saint-paul-angouleme.fr\/application\/wp-content\/uploads\/2023\/12\/1702031356885-1538x2048.jpg 1538w, https:\/\/www.saint-paul-angouleme.fr\/application\/wp-content\/uploads\/2023\/12\/1702031356885-scaled.jpg 1922w\" sizes=\"(max-width: 769px) 100vw, 769px\" \/><\/figure>\n\n\n\n<figure class=\"wp-block-image size-large\"><img loading=\"lazy\" decoding=\"async\" width=\"769\" height=\"1024\" data-id=\"8093\" src=\"https:\/\/www.saint-paul-angouleme.fr\/application\/wp-content\/uploads\/2023\/12\/IMG_20231208_100213-769x1024.jpg\" alt=\"\" class=\"wp-image-8093\" srcset=\"https:\/\/www.saint-paul-angouleme.fr\/application\/wp-content\/uploads\/2023\/12\/IMG_20231208_100213-769x1024.jpg 769w, https:\/\/www.saint-paul-angouleme.fr\/application\/wp-content\/uploads\/2023\/12\/IMG_20231208_100213-225x300.jpg 225w, https:\/\/www.saint-paul-angouleme.fr\/application\/wp-content\/uploads\/2023\/12\/IMG_20231208_100213-768x1023.jpg 768w, https:\/\/www.saint-paul-angouleme.fr\/application\/wp-content\/uploads\/2023\/12\/IMG_20231208_100213-1153x1536.jpg 1153w, https:\/\/www.saint-paul-angouleme.fr\/application\/wp-content\/uploads\/2023\/12\/IMG_20231208_100213-1538x2048.jpg 1538w, https:\/\/www.saint-paul-angouleme.fr\/application\/wp-content\/uploads\/2023\/12\/IMG_20231208_100213-scaled.jpg 1922w\" sizes=\"(max-width: 769px) 100vw, 769px\" \/><\/figure>\n\n\n\n<figure class=\"wp-block-image size-large\"><img loading=\"lazy\" decoding=\"async\" width=\"724\" height=\"1024\" data-id=\"8089\" src=\"https:\/\/www.saint-paul-angouleme.fr\/application\/wp-content\/uploads\/2023\/12\/vente-confiserie-apres-midi-724x1024.png\" alt=\"\" class=\"wp-image-8089\" srcset=\"https:\/\/www.saint-paul-angouleme.fr\/application\/wp-content\/uploads\/2023\/12\/vente-confiserie-apres-midi-724x1024.png 724w, https:\/\/www.saint-paul-angouleme.fr\/application\/wp-content\/uploads\/2023\/12\/vente-confiserie-apres-midi-212x300.png 212w, https:\/\/www.saint-paul-angouleme.fr\/application\/wp-content\/uploads\/2023\/12\/vente-confiserie-apres-midi-768x1086.png 768w, https:\/\/www.saint-paul-angouleme.fr\/application\/wp-content\/uploads\/2023\/12\/vente-confiserie-apres-midi-1086x1536.png 1086w, https:\/\/www.saint-paul-angouleme.fr\/application\/wp-content\/uploads\/2023\/12\/vente-confiserie-apres-midi.png 1240w\" sizes=\"(max-width: 724px) 100vw, 724px\" \/><\/figure>\n<\/figure>\n\n\n\n<figure class=\"wp-block-video\"><video controls src=\"https:\/\/www.saint-paul-angouleme.fr\/application\/wp-content\/uploads\/2023\/12\/2023-12-08-12-19-10..mov\"><\/video><\/figure>\n\n\n\n<figure class=\"wp-block-video\"><video controls src=\"https:\/\/www.saint-paul-angouleme.fr\/application\/wp-content\/uploads\/2023\/12\/2023-12-08-12-19-56..mov\"><\/video><\/figure>\n\n\n\n<figure class=\"wp-block-gallery has-nested-images columns-default is-cropped wp-block-gallery-2 is-layout-flex wp-block-gallery-is-layout-flex\">\n<figure class=\"wp-block-image size-large\"><img loading=\"lazy\" decoding=\"async\" width=\"1024\" height=\"768\" data-id=\"8096\" src=\"https:\/\/www.saint-paul-angouleme.fr\/application\/wp-content\/uploads\/2023\/12\/2023-12-08-12-10-38.-1024x768.jpg\" alt=\"\" class=\"wp-image-8096\" srcset=\"https:\/\/www.saint-paul-angouleme.fr\/application\/wp-content\/uploads\/2023\/12\/2023-12-08-12-10-38.-1024x768.jpg 1024w, https:\/\/www.saint-paul-angouleme.fr\/application\/wp-content\/uploads\/2023\/12\/2023-12-08-12-10-38.-300x225.jpg 300w, https:\/\/www.saint-paul-angouleme.fr\/application\/wp-content\/uploads\/2023\/12\/2023-12-08-12-10-38.-768x576.jpg 768w, https:\/\/www.saint-paul-angouleme.fr\/application\/wp-content\/uploads\/2023\/12\/2023-12-08-12-10-38.-1536x1152.jpg 1536w, https:\/\/www.saint-paul-angouleme.fr\/application\/wp-content\/uploads\/2023\/12\/2023-12-08-12-10-38..jpg 2000w\" sizes=\"(max-width: 1024px) 100vw, 1024px\" \/><\/figure>\n\n\n\n<figure class=\"wp-block-image size-large\"><img loading=\"lazy\" decoding=\"async\" width=\"1024\" height=\"768\" data-id=\"8098\" src=\"https:\/\/www.saint-paul-angouleme.fr\/application\/wp-content\/uploads\/2023\/12\/2023-12-08-12-11-09.-1024x768.jpg\" alt=\"\" class=\"wp-image-8098\" srcset=\"https:\/\/www.saint-paul-angouleme.fr\/application\/wp-content\/uploads\/2023\/12\/2023-12-08-12-11-09.-1024x768.jpg 1024w, https:\/\/www.saint-paul-angouleme.fr\/application\/wp-content\/uploads\/2023\/12\/2023-12-08-12-11-09.-300x225.jpg 300w, https:\/\/www.saint-paul-angouleme.fr\/application\/wp-content\/uploads\/2023\/12\/2023-12-08-12-11-09.-768x576.jpg 768w, https:\/\/www.saint-paul-angouleme.fr\/application\/wp-content\/uploads\/2023\/12\/2023-12-08-12-11-09.-1536x1152.jpg 1536w, https:\/\/www.saint-paul-angouleme.fr\/application\/wp-content\/uploads\/2023\/12\/2023-12-08-12-11-09..jpg 2000w\" sizes=\"(max-width: 1024px) 100vw, 1024px\" \/><\/figure>\n\n\n\n<figure class=\"wp-block-image size-large\"><img loading=\"lazy\" decoding=\"async\" width=\"1024\" height=\"768\" data-id=\"8099\" src=\"https:\/\/www.saint-paul-angouleme.fr\/application\/wp-content\/uploads\/2023\/12\/2023-12-08-12-27-48.-1024x768.jpg\" alt=\"\" class=\"wp-image-8099\" srcset=\"https:\/\/www.saint-paul-angouleme.fr\/application\/wp-content\/uploads\/2023\/12\/2023-12-08-12-27-48.-1024x768.jpg 1024w, https:\/\/www.saint-paul-angouleme.fr\/application\/wp-content\/uploads\/2023\/12\/2023-12-08-12-27-48.-300x225.jpg 300w, https:\/\/www.saint-paul-angouleme.fr\/application\/wp-content\/uploads\/2023\/12\/2023-12-08-12-27-48.-768x576.jpg 768w, https:\/\/www.saint-paul-angouleme.fr\/application\/wp-content\/uploads\/2023\/12\/2023-12-08-12-27-48.-1536x1152.jpg 1536w, https:\/\/www.saint-paul-angouleme.fr\/application\/wp-content\/uploads\/2023\/12\/2023-12-08-12-27-48..jpg 2000w\" sizes=\"(max-width: 1024px) 100vw, 1024px\" \/><\/figure>\n\n\n\n<figure class=\"wp-block-image size-large\"><img loading=\"lazy\" decoding=\"async\" width=\"1024\" height=\"768\" data-id=\"8100\" src=\"https:\/\/www.saint-paul-angouleme.fr\/application\/wp-content\/uploads\/2023\/12\/2023-12-08-12-29-01.-1024x768.jpg\" alt=\"\" class=\"wp-image-8100\" srcset=\"https:\/\/www.saint-paul-angouleme.fr\/application\/wp-content\/uploads\/2023\/12\/2023-12-08-12-29-01.-1024x768.jpg 1024w, https:\/\/www.saint-paul-angouleme.fr\/application\/wp-content\/uploads\/2023\/12\/2023-12-08-12-29-01.-300x225.jpg 300w, https:\/\/www.saint-paul-angouleme.fr\/application\/wp-content\/uploads\/2023\/12\/2023-12-08-12-29-01.-768x576.jpg 768w, https:\/\/www.saint-paul-angouleme.fr\/application\/wp-content\/uploads\/2023\/12\/2023-12-08-12-29-01.-1536x1152.jpg 1536w, https:\/\/www.saint-paul-angouleme.fr\/application\/wp-content\/uploads\/2023\/12\/2023-12-08-12-29-01..jpg 2000w\" sizes=\"(max-width: 1024px) 100vw, 1024px\" \/><\/figure>\n\n\n\n<figure class=\"wp-block-image size-large\"><img loading=\"lazy\" decoding=\"async\" width=\"1024\" height=\"768\" data-id=\"8097\" src=\"https:\/\/www.saint-paul-angouleme.fr\/application\/wp-content\/uploads\/2023\/12\/2023-12-08-12-36-17.-1024x768.jpg\" alt=\"\" class=\"wp-image-8097\" srcset=\"https:\/\/www.saint-paul-angouleme.fr\/application\/wp-content\/uploads\/2023\/12\/2023-12-08-12-36-17.-1024x768.jpg 1024w, https:\/\/www.saint-paul-angouleme.fr\/application\/wp-content\/uploads\/2023\/12\/2023-12-08-12-36-17.-300x225.jpg 300w, https:\/\/www.saint-paul-angouleme.fr\/application\/wp-content\/uploads\/2023\/12\/2023-12-08-12-36-17.-768x576.jpg 768w, https:\/\/www.saint-paul-angouleme.fr\/application\/wp-content\/uploads\/2023\/12\/2023-12-08-12-36-17.-1536x1152.jpg 1536w, https:\/\/www.saint-paul-angouleme.fr\/application\/wp-content\/uploads\/2023\/12\/2023-12-08-12-36-17..jpg 2000w\" sizes=\"(max-width: 1024px) 100vw, 1024px\" \/><\/figure>\n\n\n\n<figure class=\"wp-block-image size-large\"><img loading=\"lazy\" decoding=\"async\" width=\"1024\" height=\"768\" data-id=\"8101\" src=\"https:\/\/www.saint-paul-angouleme.fr\/application\/wp-content\/uploads\/2023\/12\/2023-12-08-15-17-33.-1024x768.jpg\" alt=\"\" class=\"wp-image-8101\" srcset=\"https:\/\/www.saint-paul-angouleme.fr\/application\/wp-content\/uploads\/2023\/12\/2023-12-08-15-17-33.-1024x768.jpg 1024w, https:\/\/www.saint-paul-angouleme.fr\/application\/wp-content\/uploads\/2023\/12\/2023-12-08-15-17-33.-300x225.jpg 300w, https:\/\/www.saint-paul-angouleme.fr\/application\/wp-content\/uploads\/2023\/12\/2023-12-08-15-17-33.-768x576.jpg 768w, https:\/\/www.saint-paul-angouleme.fr\/application\/wp-content\/uploads\/2023\/12\/2023-12-08-15-17-33.-1536x1152.jpg 1536w, https:\/\/www.saint-paul-angouleme.fr\/application\/wp-content\/uploads\/2023\/12\/2023-12-08-15-17-33..jpg 2000w\" sizes=\"(max-width: 1024px) 100vw, 1024px\" \/><\/figure>\n\n\n\n<figure class=\"wp-block-image size-large\"><img loading=\"lazy\" decoding=\"async\" width=\"1024\" height=\"769\" data-id=\"8102\" src=\"https:\/\/www.saint-paul-angouleme.fr\/application\/wp-content\/uploads\/2023\/12\/1702031356874-1024x769.jpg\" alt=\"\" class=\"wp-image-8102\" srcset=\"https:\/\/www.saint-paul-angouleme.fr\/application\/wp-content\/uploads\/2023\/12\/1702031356874-1024x769.jpg 1024w, https:\/\/www.saint-paul-angouleme.fr\/application\/wp-content\/uploads\/2023\/12\/1702031356874-300x225.jpg 300w, https:\/\/www.saint-paul-angouleme.fr\/application\/wp-content\/uploads\/2023\/12\/1702031356874-768x577.jpg 768w, https:\/\/www.saint-paul-angouleme.fr\/application\/wp-content\/uploads\/2023\/12\/1702031356874-1536x1153.jpg 1536w, https:\/\/www.saint-paul-angouleme.fr\/application\/wp-content\/uploads\/2023\/12\/1702031356874-2048x1538.jpg 2048w\" sizes=\"(max-width: 1024px) 100vw, 1024px\" \/><\/figure>\n<\/figure>\n\n\n\n<p>Merci et f\u00e9licitations \u00e0 tous !<\/p>\n","protected":false},"excerpt":{"rendered":"<p>Le vendredi 8 d\u00e9cembre 2023, les \u00e9l\u00e8ves de premi\u00e8res en sp\u00e9cialit\u00e9 SVT ont organis\u00e9 plusieurs animations pour r\u00e9colter de l\u2019argent au profit du T\u00e9l\u00e9thon 2023 : vente de chocolat chaud et viennoiserie le matin, relais en \u00e9quipe de 3 \u00e0 6 \u00e9l\u00e8ves sur&nbsp; 20 minutes, des \u00e9l\u00e8ves de 6 -\u00e8me et 5 -\u00e8me ont&nbsp; r\u00e9ussi &#8230; <a title=\"T\u00e9l\u00e9thon 2023 : les 1\u00e8res &#8220;sp\u00e9 SVT&#8221; en premi\u00e8re ligne\" class=\"read-more\" href=\"https:\/\/www.saint-paul-angouleme.fr\/application\/telethon-2023\/\" aria-label=\"Read more about T\u00e9l\u00e9thon 2023 : les 1\u00e8res &#8220;sp\u00e9 SVT&#8221; en premi\u00e8re ligne\">Lire la suite<\/a><\/p>\n","protected":false},"author":3,"featured_media":8088,"comment_status":"open","ping_status":"open","sticky":false,"template":"","format":"standard","meta":{"_exactmetrics_skip_tracking":false,"_exactmetrics_sitenote_active":false,"_exactmetrics_sitenote_note":"","_exactmetrics_sitenote_category":0,"footnotes":""},"categories":[13],"tags":[],"class_list":["post-8086","post","type-post","status-publish","format-standard","has-post-thumbnail","hentry","category-pedagogie"],"yoast_head":"<!-- This site is optimized with the Yoast SEO plugin v23.3 - https:\/\/yoast.com\/wordpress\/plugins\/seo\/ -->\n<title>La &quot;Sp\u00e9 SVT&quot; s&#039;engage pour le T\u00e9l\u00e9thon 2023<\/title>\n<meta name=\"description\" content=\"Les \u00e9l\u00e8ves de &quot;Sp\u00e9 SVT&quot;, encourag\u00e9 par leur professeur Mme Aurelle BRAILLY, ont souhait\u00e9 s&#039;engager pour le t\u00e9l\u00e9thon 2023.\" \/>\n<meta name=\"robots\" content=\"index, follow, max-snippet:-1, max-image-preview:large, max-video-preview:-1\" \/>\n<link rel=\"canonical\" href=\"https:\/\/www.saint-paul-angouleme.fr\/application\/telethon-2023\/\" \/>\n<meta property=\"og:locale\" content=\"fr_FR\" \/>\n<meta property=\"og:type\" content=\"article\" \/>\n<meta property=\"og:title\" content=\"La &quot;Sp\u00e9 SVT&quot; s&#039;engage pour le T\u00e9l\u00e9thon 2023\" \/>\n<meta property=\"og:description\" content=\"Les \u00e9l\u00e8ves de &quot;Sp\u00e9 SVT&quot;, encourag\u00e9 par leur professeur Mme Aurelle BRAILLY, ont souhait\u00e9 s&#039;engager pour le t\u00e9l\u00e9thon 2023.\" \/>\n<meta property=\"og:url\" content=\"https:\/\/www.saint-paul-angouleme.fr\/application\/telethon-2023\/\" \/>\n<meta property=\"og:site_name\" content=\"Actualit\u00e9s\" \/>\n<meta property=\"article:publisher\" content=\"https:\/\/www.facebook.com\/SaintPaulAngouleme16\/\" \/>\n<meta property=\"article:published_time\" content=\"2023-12-11T14:22:06+00:00\" \/>\n<meta property=\"article:modified_time\" content=\"2023-12-13T08:54:06+00:00\" \/>\n<meta property=\"og:image\" content=\"https:\/\/www.saint-paul-angouleme.fr\/application\/wp-content\/uploads\/2023\/12\/2023-12-08-12-09-11..jpg\" \/>\n\t<meta property=\"og:image:width\" content=\"2000\" \/>\n\t<meta property=\"og:image:height\" content=\"1500\" \/>\n\t<meta property=\"og:image:type\" content=\"image\/jpeg\" \/>\n<meta name=\"author\" content=\"SAINT-PAUL\" \/>\n<meta name=\"twitter:card\" content=\"summary_large_image\" \/>\n<meta name=\"twitter:creator\" content=\"@StPaulAngoulem\" \/>\n<meta name=\"twitter:site\" content=\"@StPaulAngoulem\" \/>\n<meta name=\"twitter:label1\" content=\"\u00c9crit par\" \/>\n\t<meta name=\"twitter:data1\" content=\"SAINT-PAUL\" \/>\n\t<meta name=\"twitter:label2\" content=\"Dur\u00e9e de lecture estim\u00e9e\" \/>\n\t<meta name=\"twitter:data2\" content=\"4 minutes\" \/>\n<script type=\"application\/ld+json\" class=\"yoast-schema-graph\">{\"@context\":\"https:\/\/schema.org\",\"@graph\":[{\"@type\":\"Article\",\"@id\":\"https:\/\/www.saint-paul-angouleme.fr\/application\/telethon-2023\/#article\",\"isPartOf\":{\"@id\":\"https:\/\/www.saint-paul-angouleme.fr\/application\/telethon-2023\/\"},\"author\":{\"name\":\"SAINT-PAUL\",\"@id\":\"https:\/\/www.saint-paul-angouleme.fr\/application\/#\/schema\/person\/ea152930b1a3823659065827b1a5fb9b\"},\"headline\":\"T\u00e9l\u00e9thon 2023 : les 1\u00e8res &#8220;sp\u00e9 SVT&#8221; en premi\u00e8re ligne\",\"datePublished\":\"2023-12-11T14:22:06+00:00\",\"dateModified\":\"2023-12-13T08:54:06+00:00\",\"mainEntityOfPage\":{\"@id\":\"https:\/\/www.saint-paul-angouleme.fr\/application\/telethon-2023\/\"},\"wordCount\":165,\"commentCount\":0,\"publisher\":{\"@id\":\"https:\/\/www.saint-paul-angouleme.fr\/application\/#organization\"},\"image\":{\"@id\":\"https:\/\/www.saint-paul-angouleme.fr\/application\/telethon-2023\/#primaryimage\"},\"thumbnailUrl\":\"https:\/\/www.saint-paul-angouleme.fr\/application\/wp-content\/uploads\/2023\/12\/2023-12-08-12-09-11..jpg\",\"articleSection\":[\"P\u00e9dagogie\"],\"inLanguage\":\"fr-FR\",\"potentialAction\":[{\"@type\":\"CommentAction\",\"name\":\"Comment\",\"target\":[\"https:\/\/www.saint-paul-angouleme.fr\/application\/telethon-2023\/#respond\"]}]},{\"@type\":\"WebPage\",\"@id\":\"https:\/\/www.saint-paul-angouleme.fr\/application\/telethon-2023\/\",\"url\":\"https:\/\/www.saint-paul-angouleme.fr\/application\/telethon-2023\/\",\"name\":\"La \\\"Sp\u00e9 SVT\\\" s'engage pour le T\u00e9l\u00e9thon 2023\",\"isPartOf\":{\"@id\":\"https:\/\/www.saint-paul-angouleme.fr\/application\/#website\"},\"primaryImageOfPage\":{\"@id\":\"https:\/\/www.saint-paul-angouleme.fr\/application\/telethon-2023\/#primaryimage\"},\"image\":{\"@id\":\"https:\/\/www.saint-paul-angouleme.fr\/application\/telethon-2023\/#primaryimage\"},\"thumbnailUrl\":\"https:\/\/www.saint-paul-angouleme.fr\/application\/wp-content\/uploads\/2023\/12\/2023-12-08-12-09-11..jpg\",\"datePublished\":\"2023-12-11T14:22:06+00:00\",\"dateModified\":\"2023-12-13T08:54:06+00:00\",\"description\":\"Les \u00e9l\u00e8ves de \\\"Sp\u00e9 SVT\\\", encourag\u00e9 par leur professeur Mme Aurelle BRAILLY, ont souhait\u00e9 s'engager pour le t\u00e9l\u00e9thon 2023.\",\"breadcrumb\":{\"@id\":\"https:\/\/www.saint-paul-angouleme.fr\/application\/telethon-2023\/#breadcrumb\"},\"inLanguage\":\"fr-FR\",\"potentialAction\":[{\"@type\":\"ReadAction\",\"target\":[\"https:\/\/www.saint-paul-angouleme.fr\/application\/telethon-2023\/\"]}]},{\"@type\":\"ImageObject\",\"inLanguage\":\"fr-FR\",\"@id\":\"https:\/\/www.saint-paul-angouleme.fr\/application\/telethon-2023\/#primaryimage\",\"url\":\"https:\/\/www.saint-paul-angouleme.fr\/application\/wp-content\/uploads\/2023\/12\/2023-12-08-12-09-11..jpg\",\"contentUrl\":\"https:\/\/www.saint-paul-angouleme.fr\/application\/wp-content\/uploads\/2023\/12\/2023-12-08-12-09-11..jpg\",\"width\":2000,\"height\":1500,\"caption\":\"Les coll\u00e9giens ont couru pour le T\u00e9l\u00e9thon 2023\"},{\"@type\":\"BreadcrumbList\",\"@id\":\"https:\/\/www.saint-paul-angouleme.fr\/application\/telethon-2023\/#breadcrumb\",\"itemListElement\":[{\"@type\":\"ListItem\",\"position\":1,\"name\":\"Accueil\",\"item\":\"http:\/\/www.saint-paul-angouleme.fr\/application\/\"},{\"@type\":\"ListItem\",\"position\":2,\"name\":\"T\u00e9l\u00e9thon 2023 : les 1\u00e8res &#8220;sp\u00e9 SVT&#8221; en premi\u00e8re ligne\"}]},{\"@type\":\"WebSite\",\"@id\":\"https:\/\/www.saint-paul-angouleme.fr\/application\/#website\",\"url\":\"https:\/\/www.saint-paul-angouleme.fr\/application\/\",\"name\":\"Actualit\u00e9s\",\"description\":\"Actualit\u00e9s Saint Paul\",\"publisher\":{\"@id\":\"https:\/\/www.saint-paul-angouleme.fr\/application\/#organization\"},\"potentialAction\":[{\"@type\":\"SearchAction\",\"target\":{\"@type\":\"EntryPoint\",\"urlTemplate\":\"https:\/\/www.saint-paul-angouleme.fr\/application\/?s={search_term_string}\"},\"query-input\":\"required name=search_term_string\"}],\"inLanguage\":\"fr-FR\"},{\"@type\":\"Organization\",\"@id\":\"https:\/\/www.saint-paul-angouleme.fr\/application\/#organization\",\"name\":\"Ensemble scolaire Saint-Paul\",\"url\":\"https:\/\/www.saint-paul-angouleme.fr\/application\/\",\"logo\":{\"@type\":\"ImageObject\",\"inLanguage\":\"fr-FR\",\"@id\":\"https:\/\/www.saint-paul-angouleme.fr\/application\/#\/schema\/logo\/image\/\",\"url\":\"https:\/\/www.saint-paul-angouleme.fr\/application\/wp-content\/uploads\/2018\/08\/logo-saint-paul-couleurs.jpg\",\"contentUrl\":\"https:\/\/www.saint-paul-angouleme.fr\/application\/wp-content\/uploads\/2018\/08\/logo-saint-paul-couleurs.jpg\",\"width\":1890,\"height\":709,\"caption\":\"Ensemble scolaire Saint-Paul\"},\"image\":{\"@id\":\"https:\/\/www.saint-paul-angouleme.fr\/application\/#\/schema\/logo\/image\/\"},\"sameAs\":[\"https:\/\/www.facebook.com\/SaintPaulAngouleme16\/\",\"https:\/\/x.com\/StPaulAngoulem\",\"https:\/\/www.youtube.com\/channel\/UCRLpz1CmPVqc0gn--YyXvjA?view_as=subscriber\"]},{\"@type\":\"Person\",\"@id\":\"https:\/\/www.saint-paul-angouleme.fr\/application\/#\/schema\/person\/ea152930b1a3823659065827b1a5fb9b\",\"name\":\"SAINT-PAUL\",\"image\":{\"@type\":\"ImageObject\",\"inLanguage\":\"fr-FR\",\"@id\":\"https:\/\/www.saint-paul-angouleme.fr\/application\/#\/schema\/person\/image\/\",\"url\":\"https:\/\/secure.gravatar.com\/avatar\/eadb0ffebc02683a61d69038eb2924f0?s=96&r=g\",\"contentUrl\":\"https:\/\/secure.gravatar.com\/avatar\/eadb0ffebc02683a61d69038eb2924f0?s=96&r=g\",\"caption\":\"SAINT-PAUL\"},\"url\":\"https:\/\/www.saint-paul-angouleme.fr\/application\/author\/myriam\/\"}]}<\/script>\n<!-- \/ Yoast SEO plugin. -->","yoast_head_json":{"title":"La \"Sp\u00e9 SVT\" s'engage pour le T\u00e9l\u00e9thon 2023","description":"Les \u00e9l\u00e8ves de \"Sp\u00e9 SVT\", encourag\u00e9 par leur professeur Mme Aurelle BRAILLY, ont souhait\u00e9 s'engager pour le t\u00e9l\u00e9thon 2023.","robots":{"index":"index","follow":"follow","max-snippet":"max-snippet:-1","max-image-preview":"max-image-preview:large","max-video-preview":"max-video-preview:-1"},"canonical":"https:\/\/www.saint-paul-angouleme.fr\/application\/telethon-2023\/","og_locale":"fr_FR","og_type":"article","og_title":"La \"Sp\u00e9 SVT\" s'engage pour le T\u00e9l\u00e9thon 2023","og_description":"Les \u00e9l\u00e8ves de \"Sp\u00e9 SVT\", encourag\u00e9 par leur professeur Mme Aurelle BRAILLY, ont souhait\u00e9 s'engager pour le t\u00e9l\u00e9thon 2023.","og_url":"https:\/\/www.saint-paul-angouleme.fr\/application\/telethon-2023\/","og_site_name":"Actualit\u00e9s","article_publisher":"https:\/\/www.facebook.com\/SaintPaulAngouleme16\/","article_published_time":"2023-12-11T14:22:06+00:00","article_modified_time":"2023-12-13T08:54:06+00:00","og_image":[{"width":2000,"height":1500,"url":"https:\/\/www.saint-paul-angouleme.fr\/application\/wp-content\/uploads\/2023\/12\/2023-12-08-12-09-11..jpg","type":"image\/jpeg"}],"author":"SAINT-PAUL","twitter_card":"summary_large_image","twitter_creator":"@StPaulAngoulem","twitter_site":"@StPaulAngoulem","twitter_misc":{"\u00c9crit par":"SAINT-PAUL","Dur\u00e9e de lecture estim\u00e9e":"4 minutes"},"schema":{"@context":"https:\/\/schema.org","@graph":[{"@type":"Article","@id":"https:\/\/www.saint-paul-angouleme.fr\/application\/telethon-2023\/#article","isPartOf":{"@id":"https:\/\/www.saint-paul-angouleme.fr\/application\/telethon-2023\/"},"author":{"name":"SAINT-PAUL","@id":"https:\/\/www.saint-paul-angouleme.fr\/application\/#\/schema\/person\/ea152930b1a3823659065827b1a5fb9b"},"headline":"T\u00e9l\u00e9thon 2023 : les 1\u00e8res &#8220;sp\u00e9 SVT&#8221; en premi\u00e8re ligne","datePublished":"2023-12-11T14:22:06+00:00","dateModified":"2023-12-13T08:54:06+00:00","mainEntityOfPage":{"@id":"https:\/\/www.saint-paul-angouleme.fr\/application\/telethon-2023\/"},"wordCount":165,"commentCount":0,"publisher":{"@id":"https:\/\/www.saint-paul-angouleme.fr\/application\/#organization"},"image":{"@id":"https:\/\/www.saint-paul-angouleme.fr\/application\/telethon-2023\/#primaryimage"},"thumbnailUrl":"https:\/\/www.saint-paul-angouleme.fr\/application\/wp-content\/uploads\/2023\/12\/2023-12-08-12-09-11..jpg","articleSection":["P\u00e9dagogie"],"inLanguage":"fr-FR","potentialAction":[{"@type":"CommentAction","name":"Comment","target":["https:\/\/www.saint-paul-angouleme.fr\/application\/telethon-2023\/#respond"]}]},{"@type":"WebPage","@id":"https:\/\/www.saint-paul-angouleme.fr\/application\/telethon-2023\/","url":"https:\/\/www.saint-paul-angouleme.fr\/application\/telethon-2023\/","name":"La \"Sp\u00e9 SVT\" s'engage pour le T\u00e9l\u00e9thon 2023","isPartOf":{"@id":"https:\/\/www.saint-paul-angouleme.fr\/application\/#website"},"primaryImageOfPage":{"@id":"https:\/\/www.saint-paul-angouleme.fr\/application\/telethon-2023\/#primaryimage"},"image":{"@id":"https:\/\/www.saint-paul-angouleme.fr\/application\/telethon-2023\/#primaryimage"},"thumbnailUrl":"https:\/\/www.saint-paul-angouleme.fr\/application\/wp-content\/uploads\/2023\/12\/2023-12-08-12-09-11..jpg","datePublished":"2023-12-11T14:22:06+00:00","dateModified":"2023-12-13T08:54:06+00:00","description":"Les \u00e9l\u00e8ves de \"Sp\u00e9 SVT\", encourag\u00e9 par leur professeur Mme Aurelle BRAILLY, ont souhait\u00e9 s'engager pour le t\u00e9l\u00e9thon 2023.","breadcrumb":{"@id":"https:\/\/www.saint-paul-angouleme.fr\/application\/telethon-2023\/#breadcrumb"},"inLanguage":"fr-FR","potentialAction":[{"@type":"ReadAction","target":["https:\/\/www.saint-paul-angouleme.fr\/application\/telethon-2023\/"]}]},{"@type":"ImageObject","inLanguage":"fr-FR","@id":"https:\/\/www.saint-paul-angouleme.fr\/application\/telethon-2023\/#primaryimage","url":"https:\/\/www.saint-paul-angouleme.fr\/application\/wp-content\/uploads\/2023\/12\/2023-12-08-12-09-11..jpg","contentUrl":"https:\/\/www.saint-paul-angouleme.fr\/application\/wp-content\/uploads\/2023\/12\/2023-12-08-12-09-11..jpg","width":2000,"height":1500,"caption":"Les coll\u00e9giens ont couru pour le T\u00e9l\u00e9thon 2023"},{"@type":"BreadcrumbList","@id":"https:\/\/www.saint-paul-angouleme.fr\/application\/telethon-2023\/#breadcrumb","itemListElement":[{"@type":"ListItem","position":1,"name":"Accueil","item":"http:\/\/www.saint-paul-angouleme.fr\/application\/"},{"@type":"ListItem","position":2,"name":"T\u00e9l\u00e9thon 2023 : les 1\u00e8res &#8220;sp\u00e9 SVT&#8221; en premi\u00e8re ligne"}]},{"@type":"WebSite","@id":"https:\/\/www.saint-paul-angouleme.fr\/application\/#website","url":"https:\/\/www.saint-paul-angouleme.fr\/application\/","name":"Actualit\u00e9s","description":"Actualit\u00e9s Saint Paul","publisher":{"@id":"https:\/\/www.saint-paul-angouleme.fr\/application\/#organization"},"potentialAction":[{"@type":"SearchAction","target":{"@type":"EntryPoint","urlTemplate":"https:\/\/www.saint-paul-angouleme.fr\/application\/?s={search_term_string}"},"query-input":"required name=search_term_string"}],"inLanguage":"fr-FR"},{"@type":"Organization","@id":"https:\/\/www.saint-paul-angouleme.fr\/application\/#organization","name":"Ensemble scolaire Saint-Paul","url":"https:\/\/www.saint-paul-angouleme.fr\/application\/","logo":{"@type":"ImageObject","inLanguage":"fr-FR","@id":"https:\/\/www.saint-paul-angouleme.fr\/application\/#\/schema\/logo\/image\/","url":"https:\/\/www.saint-paul-angouleme.fr\/application\/wp-content\/uploads\/2018\/08\/logo-saint-paul-couleurs.jpg","contentUrl":"https:\/\/www.saint-paul-angouleme.fr\/application\/wp-content\/uploads\/2018\/08\/logo-saint-paul-couleurs.jpg","width":1890,"height":709,"caption":"Ensemble scolaire Saint-Paul"},"image":{"@id":"https:\/\/www.saint-paul-angouleme.fr\/application\/#\/schema\/logo\/image\/"},"sameAs":["https:\/\/www.facebook.com\/SaintPaulAngouleme16\/","https:\/\/x.com\/StPaulAngoulem","https:\/\/www.youtube.com\/channel\/UCRLpz1CmPVqc0gn--YyXvjA?view_as=subscriber"]},{"@type":"Person","@id":"https:\/\/www.saint-paul-angouleme.fr\/application\/#\/schema\/person\/ea152930b1a3823659065827b1a5fb9b","name":"SAINT-PAUL","image":{"@type":"ImageObject","inLanguage":"fr-FR","@id":"https:\/\/www.saint-paul-angouleme.fr\/application\/#\/schema\/person\/image\/","url":"https:\/\/secure.gravatar.com\/avatar\/eadb0ffebc02683a61d69038eb2924f0?s=96&r=g","contentUrl":"https:\/\/secure.gravatar.com\/avatar\/eadb0ffebc02683a61d69038eb2924f0?s=96&r=g","caption":"SAINT-PAUL"},"url":"https:\/\/www.saint-paul-angouleme.fr\/application\/author\/myriam\/"}]}},"_links":{"self":[{"href":"https:\/\/www.saint-paul-angouleme.fr\/application\/wp-json\/wp\/v2\/posts\/8086"}],"collection":[{"href":"https:\/\/www.saint-paul-angouleme.fr\/application\/wp-json\/wp\/v2\/posts"}],"about":[{"href":"https:\/\/www.saint-paul-angouleme.fr\/application\/wp-json\/wp\/v2\/types\/post"}],"author":[{"embeddable":true,"href":"https:\/\/www.saint-paul-angouleme.fr\/application\/wp-json\/wp\/v2\/users\/3"}],"replies":[{"embeddable":true,"href":"https:\/\/www.saint-paul-angouleme.fr\/application\/wp-json\/wp\/v2\/comments?post=8086"}],"version-history":[{"count":5,"href":"https:\/\/www.saint-paul-angouleme.fr\/application\/wp-json\/wp\/v2\/posts\/8086\/revisions"}],"predecessor-version":[{"id":8119,"href":"https:\/\/www.saint-paul-angouleme.fr\/application\/wp-json\/wp\/v2\/posts\/8086\/revisions\/8119"}],"wp:featuredmedia":[{"embeddable":true,"href":"https:\/\/www.saint-paul-angouleme.fr\/application\/wp-json\/wp\/v2\/media\/8088"}],"wp:attachment":[{"href":"https:\/\/www.saint-paul-angouleme.fr\/application\/wp-json\/wp\/v2\/media?parent=8086"}],"wp:term":[{"taxonomy":"category","embeddable":true,"href":"https:\/\/www.saint-paul-angouleme.fr\/application\/wp-json\/wp\/v2\/categories?post=8086"},{"taxonomy":"post_tag","embeddable":true,"href":"https:\/\/www.saint-paul-angouleme.fr\/application\/wp-json\/wp\/v2\/tags?post=8086"}],"curies":[{"name":"wp","href":"https:\/\/api.w.org\/{rel}","templated":true}]}}