{"id":808,"date":"2017-05-24T00:43:08","date_gmt":"2017-05-23T22:43:08","guid":{"rendered":"http:\/\/www.saint-paul-angouleme.fr\/application\/?p=808"},"modified":"2017-05-22T17:51:31","modified_gmt":"2017-05-22T15:51:31","slug":"les-ce2-cm1-a-lassaut-du-chateau-de-bourdeilles","status":"publish","type":"post","link":"https:\/\/www.saint-paul-angouleme.fr\/application\/les-ce2-cm1-a-lassaut-du-chateau-de-bourdeilles\/","title":{"rendered":"Les CE2 &#038; CM1 \u00e0 l&#8217;assaut du ch\u00e2teau de BOURDEILLES"},"content":{"rendered":"<p><a href=\"http:\/\/www.saint-paul-angouleme.fr\/application\/wp-content\/uploads\/2017\/05\/IMG_0902.jpg\"><img loading=\"lazy\" decoding=\"async\" class=\"aligncenter size-large wp-image-810\" src=\"http:\/\/www.saint-paul-angouleme.fr\/application\/wp-content\/uploads\/2017\/05\/IMG_0902-1024x768.jpg\" alt=\"\" width=\"1024\" height=\"768\" data-id=\"810\" srcset=\"https:\/\/www.saint-paul-angouleme.fr\/application\/wp-content\/uploads\/2017\/05\/IMG_0902-1024x768.jpg 1024w, https:\/\/www.saint-paul-angouleme.fr\/application\/wp-content\/uploads\/2017\/05\/IMG_0902-300x225.jpg 300w, https:\/\/www.saint-paul-angouleme.fr\/application\/wp-content\/uploads\/2017\/05\/IMG_0902-768x576.jpg 768w\" sizes=\"(max-width: 1024px) 100vw, 1024px\" \/><\/a><\/p>\n<p style=\"text-align: justify;\"><span style=\"color: #333333; font-family: 'Arial','sans-serif'; font-size: 20px;\">Les \u00e9l\u00e8ves de CE2\/CM1 et de CM1 ont voyag\u00e9 \u00e0 travers le temps du Moyen \u00e2ge et de la Renaissance en visitant le ch\u00e2teau de Bourdeilles situ\u00e9 en Dordogne. <\/span><\/p>\n<p style=\"text-align: justify;\"><span style=\"color: #333333; font-family: 'Arial','sans-serif'; font-size: 20px;\">Les \u00e9l\u00e8ves ont ainsi pu comparer les \u00e9l\u00e9ments architecturaux d\u2019une forteresse m\u00e9di\u00e9vale et d\u2019un ch\u00e2teau de la Renaissance. Cette visite leur a permis, \u00e0 la fois, de monter au sommet du donjon o\u00f9 ils ont d\u00e9couvert une magnifique vue et d\u2019acc\u00e9der aux salles du logis Renaissance (salle d\u2019armes, le salon dor\u00e9 et la chambre espagnole de Charles Quint).\u00a0 <\/span><\/p>\n<p style=\"text-align: justify;\"><a href=\"http:\/\/www.saint-paul-angouleme.fr\/application\/wp-content\/uploads\/2017\/05\/IMAG2057.jpg\"><img loading=\"lazy\" decoding=\"async\" class=\"aligncenter size-large wp-image-811\" src=\"http:\/\/www.saint-paul-angouleme.fr\/application\/wp-content\/uploads\/2017\/05\/IMAG2057-1024x760.jpg\" alt=\"\" width=\"1024\" height=\"760\" data-id=\"811\" srcset=\"https:\/\/www.saint-paul-angouleme.fr\/application\/wp-content\/uploads\/2017\/05\/IMAG2057-1024x760.jpg 1024w, https:\/\/www.saint-paul-angouleme.fr\/application\/wp-content\/uploads\/2017\/05\/IMAG2057-300x223.jpg 300w, https:\/\/www.saint-paul-angouleme.fr\/application\/wp-content\/uploads\/2017\/05\/IMAG2057-768x570.jpg 768w\" sizes=\"(max-width: 1024px) 100vw, 1024px\" \/><\/a><\/p>\n<p style=\"text-align: justify;\"><span style=\"color: #333333; font-family: 'Arial','sans-serif'; font-size: 20px;\">Ils ont poursuivi cette journ\u00e9e en revivant les pratiques des moines copistes \u00e0 travers un atelier calligraphie. Ainsi, les \u00e9l\u00e8ves ont red\u00e9couvert l\u2019origine et le d\u00e9veloppement de l\u2019\u00e9criture et ils ont d\u00e9couvert cet art en r\u00e9alisant des enluminures \u00e0 l\u2019aide d\u2019un calame.\u00a0 <\/span><\/p>\n<p style=\"text-align: justify;\"><span style=\"color: #333333; font-family: 'Arial','sans-serif'; font-size: 20px;\">Les enfants sont revenus avec des anecdotes m\u00eal\u00e9es d\u2019humour et de faits historiques. Cette journ\u00e9e fut v\u00e9cue comme une belle s\u00e9ance d\u2019histoire, vivante et enrichissante.\u00a0 <\/span><\/p>\n<p style=\"text-align: justify;\"><a href=\"http:\/\/www.saint-paul-angouleme.fr\/application\/wp-content\/uploads\/2017\/05\/IMG_0879-1.jpg\"><img loading=\"lazy\" decoding=\"async\" class=\"aligncenter size-large wp-image-825\" src=\"http:\/\/www.saint-paul-angouleme.fr\/application\/wp-content\/uploads\/2017\/05\/IMG_0879-1-1024x768.jpg\" alt=\"\" width=\"1024\" height=\"768\" data-id=\"825\" srcset=\"https:\/\/www.saint-paul-angouleme.fr\/application\/wp-content\/uploads\/2017\/05\/IMG_0879-1-1024x768.jpg 1024w, https:\/\/www.saint-paul-angouleme.fr\/application\/wp-content\/uploads\/2017\/05\/IMG_0879-1-300x225.jpg 300w, https:\/\/www.saint-paul-angouleme.fr\/application\/wp-content\/uploads\/2017\/05\/IMG_0879-1-768x576.jpg 768w\" sizes=\"(max-width: 1024px) 100vw, 1024px\" \/><\/a><\/p>\n<p>&nbsp;<\/p>\n<div tabindex=\"0\" class=\"cycloneslider cycloneslider-template-standard cycloneslider-width-responsive\" id=\"cycloneslider-ce2-et-cm1-au-chateau-de-bourdeilles-2017-1\" style=\"max-width:960px\" > <div class=\"cycloneslider-slides cycle-slideshow\" data-cycle-allow-wrap=\"true\" data-cycle-dynamic-height=\"off\" data-cycle-auto-height=\"960:600\" data-cycle-auto-height-easing=\"null\" data-cycle-auto-height-speed=\"250\" data-cycle-delay=\"0\" data-cycle-easing=\"\" data-cycle-fx=\"fade\" data-cycle-hide-non-active=\"true\" data-cycle-log=\"false\" data-cycle-next=\"#cycloneslider-ce2-et-cm1-au-chateau-de-bourdeilles-2017-1 .cycloneslider-next\" data-cycle-pager=\"#cycloneslider-ce2-et-cm1-au-chateau-de-bourdeilles-2017-1 .cycloneslider-pager\" data-cycle-pause-on-hover=\"true\" data-cycle-prev=\"#cycloneslider-ce2-et-cm1-au-chateau-de-bourdeilles-2017-1 .cycloneslider-prev\" data-cycle-slides=\"&gt; div\" data-cycle-speed=\"1000\" data-cycle-swipe=\"1\" data-cycle-tile-count=\"7\" data-cycle-tile-delay=\"100\" data-cycle-tile-vertical=\"true\" data-cycle-timeout=\"4000\" > <div class=\"cycloneslider-slide cycloneslider-slide-image\" > <img decoding=\"async\" src=\"https:\/\/www.saint-paul-angouleme.fr\/application\/wp-content\/uploads\/2017\/05\/IMAG2031-960x600.jpg\" alt=\"\" title=\"\" \/> <\/div> <div class=\"cycloneslider-slide cycloneslider-slide-image\" > <img decoding=\"async\" src=\"https:\/\/www.saint-paul-angouleme.fr\/application\/wp-content\/uploads\/2017\/05\/IMAG2045-960x600.jpg\" alt=\"\" title=\"\" \/> <\/div> <div class=\"cycloneslider-slide cycloneslider-slide-image\" > <img decoding=\"async\" src=\"https:\/\/www.saint-paul-angouleme.fr\/application\/wp-content\/uploads\/2017\/05\/IMAG2051-960x600.jpg\" alt=\"\" title=\"\" \/> <\/div> <div class=\"cycloneslider-slide cycloneslider-slide-image\" > <img decoding=\"async\" src=\"https:\/\/www.saint-paul-angouleme.fr\/application\/wp-content\/uploads\/2017\/05\/IMAG2052-960x600.jpg\" alt=\"\" title=\"\" \/> <\/div> <div class=\"cycloneslider-slide cycloneslider-slide-image\" > <img decoding=\"async\" src=\"https:\/\/www.saint-paul-angouleme.fr\/application\/wp-content\/uploads\/2017\/05\/IMAG2057-1-960x600.jpg\" alt=\"\" title=\"\" \/> <\/div> <div class=\"cycloneslider-slide cycloneslider-slide-image\" > <img decoding=\"async\" src=\"https:\/\/www.saint-paul-angouleme.fr\/application\/wp-content\/uploads\/2017\/05\/IMG_0870-960x600.jpg\" alt=\"\" title=\"\" \/> <\/div> <div class=\"cycloneslider-slide cycloneslider-slide-image\" > <img decoding=\"async\" src=\"https:\/\/www.saint-paul-angouleme.fr\/application\/wp-content\/uploads\/2017\/05\/IMG_0871-960x600.jpg\" alt=\"\" title=\"\" \/> <\/div> <div class=\"cycloneslider-slide cycloneslider-slide-image\" > <img decoding=\"async\" src=\"https:\/\/www.saint-paul-angouleme.fr\/application\/wp-content\/uploads\/2017\/05\/IMG_0874-960x600.jpg\" alt=\"\" title=\"\" \/> <\/div> <div class=\"cycloneslider-slide cycloneslider-slide-image\" > <img decoding=\"async\" src=\"https:\/\/www.saint-paul-angouleme.fr\/application\/wp-content\/uploads\/2017\/05\/IMG_0875-960x600.jpg\" alt=\"\" title=\"\" \/> <\/div> <div class=\"cycloneslider-slide cycloneslider-slide-image\" > <img decoding=\"async\" src=\"https:\/\/www.saint-paul-angouleme.fr\/application\/wp-content\/uploads\/2017\/05\/IMG_0876-960x600.jpg\" alt=\"\" title=\"\" \/> <\/div> <div class=\"cycloneslider-slide cycloneslider-slide-image\" > <img decoding=\"async\" src=\"https:\/\/www.saint-paul-angouleme.fr\/application\/wp-content\/uploads\/2017\/05\/IMG_0878-960x600.jpg\" alt=\"\" title=\"\" \/> <\/div> <div class=\"cycloneslider-slide cycloneslider-slide-image\" > <img decoding=\"async\" src=\"https:\/\/www.saint-paul-angouleme.fr\/application\/wp-content\/uploads\/2017\/05\/IMG_0879-1-960x600.jpg\" alt=\"\" title=\"\" \/> <\/div> <div class=\"cycloneslider-slide cycloneslider-slide-image\" > <img decoding=\"async\" src=\"https:\/\/www.saint-paul-angouleme.fr\/application\/wp-content\/uploads\/2017\/05\/IMG_0881-960x600.jpg\" alt=\"\" title=\"\" \/> <\/div> <div class=\"cycloneslider-slide cycloneslider-slide-image\" > <img decoding=\"async\" src=\"https:\/\/www.saint-paul-angouleme.fr\/application\/wp-content\/uploads\/2017\/05\/IMG_0884-960x600.jpg\" alt=\"\" title=\"\" \/> <\/div> <div class=\"cycloneslider-slide cycloneslider-slide-image\" > <img decoding=\"async\" src=\"https:\/\/www.saint-paul-angouleme.fr\/application\/wp-content\/uploads\/2017\/05\/IMG_0885-960x600.jpg\" alt=\"\" title=\"\" \/> <\/div> <div class=\"cycloneslider-slide cycloneslider-slide-image\" > <img decoding=\"async\" src=\"https:\/\/www.saint-paul-angouleme.fr\/application\/wp-content\/uploads\/2017\/05\/IMG_0887-960x600.jpg\" alt=\"\" title=\"\" \/> <\/div> <div class=\"cycloneslider-slide cycloneslider-slide-image\" > <img decoding=\"async\" src=\"https:\/\/www.saint-paul-angouleme.fr\/application\/wp-content\/uploads\/2017\/05\/IMG_0895-960x600.jpg\" alt=\"\" title=\"\" \/> <\/div> <div class=\"cycloneslider-slide cycloneslider-slide-image\" > <img decoding=\"async\" src=\"https:\/\/www.saint-paul-angouleme.fr\/application\/wp-content\/uploads\/2017\/05\/IMG_0896-960x600.jpg\" alt=\"\" title=\"\" \/> <\/div> <div class=\"cycloneslider-slide cycloneslider-slide-image\" > <img decoding=\"async\" src=\"https:\/\/www.saint-paul-angouleme.fr\/application\/wp-content\/uploads\/2017\/05\/IMG_0902-1-960x600.jpg\" alt=\"\" title=\"\" \/> <\/div> <div class=\"cycloneslider-slide cycloneslider-slide-image\" > <img decoding=\"async\" src=\"https:\/\/www.saint-paul-angouleme.fr\/application\/wp-content\/uploads\/2017\/05\/IMG_0904-960x600.jpg\" alt=\"\" title=\"\" \/> <\/div> <div class=\"cycloneslider-slide cycloneslider-slide-image\" > <img decoding=\"async\" src=\"https:\/\/www.saint-paul-angouleme.fr\/application\/wp-content\/uploads\/2017\/05\/IMG_0905-960x600.jpg\" alt=\"\" title=\"\" \/> <\/div> <\/div> <div class=\"cycloneslider-pager\"><\/div> <a href=\"#\" class=\"cycloneslider-prev\"> <span class=\"arrow\"><\/span> <\/a> <a href=\"#\" class=\"cycloneslider-next\"> <span class=\"arrow\"><\/span> <\/a> <\/div>\n","protected":false},"excerpt":{"rendered":"<p>Les \u00e9l\u00e8ves de CE2\/CM1 et de CM1 ont voyag\u00e9 \u00e0 travers le temps du Moyen \u00e2ge et de la Renaissance en visitant le ch\u00e2teau de Bourdeilles situ\u00e9 en Dordogne. Les \u00e9l\u00e8ves ont ainsi pu comparer les \u00e9l\u00e9ments architecturaux d\u2019une forteresse m\u00e9di\u00e9vale et d\u2019un ch\u00e2teau de la Renaissance. Cette visite leur a permis, \u00e0 la fois, &#8230; <a title=\"Les CE2 &#038; CM1 \u00e0 l&#8217;assaut du ch\u00e2teau de BOURDEILLES\" class=\"read-more\" href=\"https:\/\/www.saint-paul-angouleme.fr\/application\/les-ce2-cm1-a-lassaut-du-chateau-de-bourdeilles\/\" aria-label=\"Read more about Les CE2 &#038; CM1 \u00e0 l&#8217;assaut du ch\u00e2teau de BOURDEILLES\">Lire la suite<\/a><\/p>\n","protected":false},"author":3,"featured_media":0,"comment_status":"open","ping_status":"open","sticky":false,"template":"","format":"standard","meta":{"_exactmetrics_skip_tracking":false,"_exactmetrics_sitenote_active":false,"_exactmetrics_sitenote_note":"","_exactmetrics_sitenote_category":0,"footnotes":""},"categories":[5],"tags":[38,40,35,41,39,36,37],"class_list":["post-808","post","type-post","status-publish","format-standard","hentry","category-ecole","tag-calligraphie","tag-ce2","tag-chateau-de-bourdeilles","tag-cm1","tag-ecole-saint-paul","tag-moyen-age","tag-renaissance"],"yoast_head":"<!-- This site is optimized with the Yoast SEO plugin v23.3 - https:\/\/yoast.com\/wordpress\/plugins\/seo\/ -->\n<title>Les CE2 &amp; CM1 \u00e0 l&#039;assaut du ch\u00e2teau de BOURDEILLES - Actualit\u00e9s<\/title>\n<meta name=\"robots\" content=\"index, follow, max-snippet:-1, max-image-preview:large, max-video-preview:-1\" \/>\n<link rel=\"canonical\" href=\"https:\/\/www.saint-paul-angouleme.fr\/application\/les-ce2-cm1-a-lassaut-du-chateau-de-bourdeilles\/\" \/>\n<meta property=\"og:locale\" content=\"fr_FR\" \/>\n<meta property=\"og:type\" content=\"article\" \/>\n<meta property=\"og:title\" content=\"Les CE2 &amp; CM1 \u00e0 l&#039;assaut du ch\u00e2teau de BOURDEILLES - Actualit\u00e9s\" \/>\n<meta property=\"og:description\" content=\"Les \u00e9l\u00e8ves de CE2\/CM1 et de CM1 ont voyag\u00e9 \u00e0 travers le temps du Moyen \u00e2ge et de la Renaissance en visitant le ch\u00e2teau de Bourdeilles situ\u00e9 en Dordogne. Les \u00e9l\u00e8ves ont ainsi pu comparer les \u00e9l\u00e9ments architecturaux d\u2019une forteresse m\u00e9di\u00e9vale et d\u2019un ch\u00e2teau de la Renaissance. Cette visite leur a permis, \u00e0 la fois, ... Lire la suite\" \/>\n<meta property=\"og:url\" content=\"https:\/\/www.saint-paul-angouleme.fr\/application\/les-ce2-cm1-a-lassaut-du-chateau-de-bourdeilles\/\" \/>\n<meta property=\"og:site_name\" content=\"Actualit\u00e9s\" \/>\n<meta property=\"article:publisher\" content=\"https:\/\/www.facebook.com\/SaintPaulAngouleme16\/\" \/>\n<meta property=\"article:published_time\" content=\"2017-05-23T22:43:08+00:00\" \/>\n<meta property=\"article:modified_time\" content=\"2017-05-22T15:51:31+00:00\" \/>\n<meta property=\"og:image\" content=\"http:\/\/www.saint-paul-angouleme.fr\/application\/wp-content\/uploads\/2017\/05\/IMG_0902-1024x768.jpg\" \/>\n<meta name=\"author\" content=\"SAINT-PAUL\" \/>\n<meta name=\"twitter:card\" content=\"summary_large_image\" \/>\n<meta name=\"twitter:creator\" content=\"@StPaulAngoulem\" \/>\n<meta name=\"twitter:site\" content=\"@StPaulAngoulem\" \/>\n<meta name=\"twitter:label1\" content=\"\u00c9crit par\" \/>\n\t<meta name=\"twitter:data1\" content=\"SAINT-PAUL\" \/>\n\t<meta name=\"twitter:label2\" content=\"Dur\u00e9e de lecture estim\u00e9e\" \/>\n\t<meta name=\"twitter:data2\" content=\"1 minute\" \/>\n<script type=\"application\/ld+json\" class=\"yoast-schema-graph\">{\"@context\":\"https:\/\/schema.org\",\"@graph\":[{\"@type\":\"Article\",\"@id\":\"https:\/\/www.saint-paul-angouleme.fr\/application\/les-ce2-cm1-a-lassaut-du-chateau-de-bourdeilles\/#article\",\"isPartOf\":{\"@id\":\"https:\/\/www.saint-paul-angouleme.fr\/application\/les-ce2-cm1-a-lassaut-du-chateau-de-bourdeilles\/\"},\"author\":{\"name\":\"SAINT-PAUL\",\"@id\":\"https:\/\/www.saint-paul-angouleme.fr\/application\/#\/schema\/person\/ea152930b1a3823659065827b1a5fb9b\"},\"headline\":\"Les CE2 &#038; CM1 \u00e0 l&#8217;assaut du ch\u00e2teau de BOURDEILLES\",\"datePublished\":\"2017-05-23T22:43:08+00:00\",\"dateModified\":\"2017-05-22T15:51:31+00:00\",\"mainEntityOfPage\":{\"@id\":\"https:\/\/www.saint-paul-angouleme.fr\/application\/les-ce2-cm1-a-lassaut-du-chateau-de-bourdeilles\/\"},\"wordCount\":197,\"commentCount\":0,\"publisher\":{\"@id\":\"https:\/\/www.saint-paul-angouleme.fr\/application\/#organization\"},\"image\":{\"@id\":\"https:\/\/www.saint-paul-angouleme.fr\/application\/les-ce2-cm1-a-lassaut-du-chateau-de-bourdeilles\/#primaryimage\"},\"thumbnailUrl\":\"http:\/\/www.saint-paul-angouleme.fr\/application\/wp-content\/uploads\/2017\/05\/IMG_0902-1024x768.jpg\",\"keywords\":[\"Calligraphie\",\"CE2\",\"Chateau de Bourdeilles\",\"CM1\",\"Ecole Saint-Paul\",\"Moyen-Age\",\"Renaissance\"],\"articleSection\":[\"Ecole\"],\"inLanguage\":\"fr-FR\",\"potentialAction\":[{\"@type\":\"CommentAction\",\"name\":\"Comment\",\"target\":[\"https:\/\/www.saint-paul-angouleme.fr\/application\/les-ce2-cm1-a-lassaut-du-chateau-de-bourdeilles\/#respond\"]}]},{\"@type\":\"WebPage\",\"@id\":\"https:\/\/www.saint-paul-angouleme.fr\/application\/les-ce2-cm1-a-lassaut-du-chateau-de-bourdeilles\/\",\"url\":\"https:\/\/www.saint-paul-angouleme.fr\/application\/les-ce2-cm1-a-lassaut-du-chateau-de-bourdeilles\/\",\"name\":\"Les CE2 & CM1 \u00e0 l'assaut du ch\u00e2teau de BOURDEILLES - Actualit\u00e9s\",\"isPartOf\":{\"@id\":\"https:\/\/www.saint-paul-angouleme.fr\/application\/#website\"},\"primaryImageOfPage\":{\"@id\":\"https:\/\/www.saint-paul-angouleme.fr\/application\/les-ce2-cm1-a-lassaut-du-chateau-de-bourdeilles\/#primaryimage\"},\"image\":{\"@id\":\"https:\/\/www.saint-paul-angouleme.fr\/application\/les-ce2-cm1-a-lassaut-du-chateau-de-bourdeilles\/#primaryimage\"},\"thumbnailUrl\":\"http:\/\/www.saint-paul-angouleme.fr\/application\/wp-content\/uploads\/2017\/05\/IMG_0902-1024x768.jpg\",\"datePublished\":\"2017-05-23T22:43:08+00:00\",\"dateModified\":\"2017-05-22T15:51:31+00:00\",\"breadcrumb\":{\"@id\":\"https:\/\/www.saint-paul-angouleme.fr\/application\/les-ce2-cm1-a-lassaut-du-chateau-de-bourdeilles\/#breadcrumb\"},\"inLanguage\":\"fr-FR\",\"potentialAction\":[{\"@type\":\"ReadAction\",\"target\":[\"https:\/\/www.saint-paul-angouleme.fr\/application\/les-ce2-cm1-a-lassaut-du-chateau-de-bourdeilles\/\"]}]},{\"@type\":\"ImageObject\",\"inLanguage\":\"fr-FR\",\"@id\":\"https:\/\/www.saint-paul-angouleme.fr\/application\/les-ce2-cm1-a-lassaut-du-chateau-de-bourdeilles\/#primaryimage\",\"url\":\"https:\/\/www.saint-paul-angouleme.fr\/application\/wp-content\/uploads\/2017\/05\/IMG_0902.jpg\",\"contentUrl\":\"https:\/\/www.saint-paul-angouleme.fr\/application\/wp-content\/uploads\/2017\/05\/IMG_0902.jpg\",\"width\":3264,\"height\":2448},{\"@type\":\"BreadcrumbList\",\"@id\":\"https:\/\/www.saint-paul-angouleme.fr\/application\/les-ce2-cm1-a-lassaut-du-chateau-de-bourdeilles\/#breadcrumb\",\"itemListElement\":[{\"@type\":\"ListItem\",\"position\":1,\"name\":\"Accueil\",\"item\":\"http:\/\/www.saint-paul-angouleme.fr\/application\/\"},{\"@type\":\"ListItem\",\"position\":2,\"name\":\"Les CE2 &#038; CM1 \u00e0 l&#8217;assaut du ch\u00e2teau de BOURDEILLES\"}]},{\"@type\":\"WebSite\",\"@id\":\"https:\/\/www.saint-paul-angouleme.fr\/application\/#website\",\"url\":\"https:\/\/www.saint-paul-angouleme.fr\/application\/\",\"name\":\"Actualit\u00e9s\",\"description\":\"Actualit\u00e9s Saint Paul\",\"publisher\":{\"@id\":\"https:\/\/www.saint-paul-angouleme.fr\/application\/#organization\"},\"potentialAction\":[{\"@type\":\"SearchAction\",\"target\":{\"@type\":\"EntryPoint\",\"urlTemplate\":\"https:\/\/www.saint-paul-angouleme.fr\/application\/?s={search_term_string}\"},\"query-input\":\"required name=search_term_string\"}],\"inLanguage\":\"fr-FR\"},{\"@type\":\"Organization\",\"@id\":\"https:\/\/www.saint-paul-angouleme.fr\/application\/#organization\",\"name\":\"Ensemble scolaire Saint-Paul\",\"url\":\"https:\/\/www.saint-paul-angouleme.fr\/application\/\",\"logo\":{\"@type\":\"ImageObject\",\"inLanguage\":\"fr-FR\",\"@id\":\"https:\/\/www.saint-paul-angouleme.fr\/application\/#\/schema\/logo\/image\/\",\"url\":\"https:\/\/www.saint-paul-angouleme.fr\/application\/wp-content\/uploads\/2018\/08\/logo-saint-paul-couleurs.jpg\",\"contentUrl\":\"https:\/\/www.saint-paul-angouleme.fr\/application\/wp-content\/uploads\/2018\/08\/logo-saint-paul-couleurs.jpg\",\"width\":1890,\"height\":709,\"caption\":\"Ensemble scolaire Saint-Paul\"},\"image\":{\"@id\":\"https:\/\/www.saint-paul-angouleme.fr\/application\/#\/schema\/logo\/image\/\"},\"sameAs\":[\"https:\/\/www.facebook.com\/SaintPaulAngouleme16\/\",\"https:\/\/x.com\/StPaulAngoulem\",\"https:\/\/www.youtube.com\/channel\/UCRLpz1CmPVqc0gn--YyXvjA?view_as=subscriber\"]},{\"@type\":\"Person\",\"@id\":\"https:\/\/www.saint-paul-angouleme.fr\/application\/#\/schema\/person\/ea152930b1a3823659065827b1a5fb9b\",\"name\":\"SAINT-PAUL\",\"image\":{\"@type\":\"ImageObject\",\"inLanguage\":\"fr-FR\",\"@id\":\"https:\/\/www.saint-paul-angouleme.fr\/application\/#\/schema\/person\/image\/\",\"url\":\"https:\/\/secure.gravatar.com\/avatar\/eadb0ffebc02683a61d69038eb2924f0?s=96&r=g\",\"contentUrl\":\"https:\/\/secure.gravatar.com\/avatar\/eadb0ffebc02683a61d69038eb2924f0?s=96&r=g\",\"caption\":\"SAINT-PAUL\"},\"url\":\"https:\/\/www.saint-paul-angouleme.fr\/application\/author\/myriam\/\"}]}<\/script>\n<!-- \/ Yoast SEO plugin. -->","yoast_head_json":{"title":"Les CE2 & CM1 \u00e0 l'assaut du ch\u00e2teau de BOURDEILLES - Actualit\u00e9s","robots":{"index":"index","follow":"follow","max-snippet":"max-snippet:-1","max-image-preview":"max-image-preview:large","max-video-preview":"max-video-preview:-1"},"canonical":"https:\/\/www.saint-paul-angouleme.fr\/application\/les-ce2-cm1-a-lassaut-du-chateau-de-bourdeilles\/","og_locale":"fr_FR","og_type":"article","og_title":"Les CE2 & CM1 \u00e0 l'assaut du ch\u00e2teau de BOURDEILLES - Actualit\u00e9s","og_description":"Les \u00e9l\u00e8ves de CE2\/CM1 et de CM1 ont voyag\u00e9 \u00e0 travers le temps du Moyen \u00e2ge et de la Renaissance en visitant le ch\u00e2teau de Bourdeilles situ\u00e9 en Dordogne. Les \u00e9l\u00e8ves ont ainsi pu comparer les \u00e9l\u00e9ments architecturaux d\u2019une forteresse m\u00e9di\u00e9vale et d\u2019un ch\u00e2teau de la Renaissance. Cette visite leur a permis, \u00e0 la fois, ... Lire la suite","og_url":"https:\/\/www.saint-paul-angouleme.fr\/application\/les-ce2-cm1-a-lassaut-du-chateau-de-bourdeilles\/","og_site_name":"Actualit\u00e9s","article_publisher":"https:\/\/www.facebook.com\/SaintPaulAngouleme16\/","article_published_time":"2017-05-23T22:43:08+00:00","article_modified_time":"2017-05-22T15:51:31+00:00","og_image":[{"url":"http:\/\/www.saint-paul-angouleme.fr\/application\/wp-content\/uploads\/2017\/05\/IMG_0902-1024x768.jpg"}],"author":"SAINT-PAUL","twitter_card":"summary_large_image","twitter_creator":"@StPaulAngoulem","twitter_site":"@StPaulAngoulem","twitter_misc":{"\u00c9crit par":"SAINT-PAUL","Dur\u00e9e de lecture estim\u00e9e":"1 minute"},"schema":{"@context":"https:\/\/schema.org","@graph":[{"@type":"Article","@id":"https:\/\/www.saint-paul-angouleme.fr\/application\/les-ce2-cm1-a-lassaut-du-chateau-de-bourdeilles\/#article","isPartOf":{"@id":"https:\/\/www.saint-paul-angouleme.fr\/application\/les-ce2-cm1-a-lassaut-du-chateau-de-bourdeilles\/"},"author":{"name":"SAINT-PAUL","@id":"https:\/\/www.saint-paul-angouleme.fr\/application\/#\/schema\/person\/ea152930b1a3823659065827b1a5fb9b"},"headline":"Les CE2 &#038; CM1 \u00e0 l&#8217;assaut du ch\u00e2teau de BOURDEILLES","datePublished":"2017-05-23T22:43:08+00:00","dateModified":"2017-05-22T15:51:31+00:00","mainEntityOfPage":{"@id":"https:\/\/www.saint-paul-angouleme.fr\/application\/les-ce2-cm1-a-lassaut-du-chateau-de-bourdeilles\/"},"wordCount":197,"commentCount":0,"publisher":{"@id":"https:\/\/www.saint-paul-angouleme.fr\/application\/#organization"},"image":{"@id":"https:\/\/www.saint-paul-angouleme.fr\/application\/les-ce2-cm1-a-lassaut-du-chateau-de-bourdeilles\/#primaryimage"},"thumbnailUrl":"http:\/\/www.saint-paul-angouleme.fr\/application\/wp-content\/uploads\/2017\/05\/IMG_0902-1024x768.jpg","keywords":["Calligraphie","CE2","Chateau de Bourdeilles","CM1","Ecole Saint-Paul","Moyen-Age","Renaissance"],"articleSection":["Ecole"],"inLanguage":"fr-FR","potentialAction":[{"@type":"CommentAction","name":"Comment","target":["https:\/\/www.saint-paul-angouleme.fr\/application\/les-ce2-cm1-a-lassaut-du-chateau-de-bourdeilles\/#respond"]}]},{"@type":"WebPage","@id":"https:\/\/www.saint-paul-angouleme.fr\/application\/les-ce2-cm1-a-lassaut-du-chateau-de-bourdeilles\/","url":"https:\/\/www.saint-paul-angouleme.fr\/application\/les-ce2-cm1-a-lassaut-du-chateau-de-bourdeilles\/","name":"Les CE2 & CM1 \u00e0 l'assaut du ch\u00e2teau de BOURDEILLES - Actualit\u00e9s","isPartOf":{"@id":"https:\/\/www.saint-paul-angouleme.fr\/application\/#website"},"primaryImageOfPage":{"@id":"https:\/\/www.saint-paul-angouleme.fr\/application\/les-ce2-cm1-a-lassaut-du-chateau-de-bourdeilles\/#primaryimage"},"image":{"@id":"https:\/\/www.saint-paul-angouleme.fr\/application\/les-ce2-cm1-a-lassaut-du-chateau-de-bourdeilles\/#primaryimage"},"thumbnailUrl":"http:\/\/www.saint-paul-angouleme.fr\/application\/wp-content\/uploads\/2017\/05\/IMG_0902-1024x768.jpg","datePublished":"2017-05-23T22:43:08+00:00","dateModified":"2017-05-22T15:51:31+00:00","breadcrumb":{"@id":"https:\/\/www.saint-paul-angouleme.fr\/application\/les-ce2-cm1-a-lassaut-du-chateau-de-bourdeilles\/#breadcrumb"},"inLanguage":"fr-FR","potentialAction":[{"@type":"ReadAction","target":["https:\/\/www.saint-paul-angouleme.fr\/application\/les-ce2-cm1-a-lassaut-du-chateau-de-bourdeilles\/"]}]},{"@type":"ImageObject","inLanguage":"fr-FR","@id":"https:\/\/www.saint-paul-angouleme.fr\/application\/les-ce2-cm1-a-lassaut-du-chateau-de-bourdeilles\/#primaryimage","url":"https:\/\/www.saint-paul-angouleme.fr\/application\/wp-content\/uploads\/2017\/05\/IMG_0902.jpg","contentUrl":"https:\/\/www.saint-paul-angouleme.fr\/application\/wp-content\/uploads\/2017\/05\/IMG_0902.jpg","width":3264,"height":2448},{"@type":"BreadcrumbList","@id":"https:\/\/www.saint-paul-angouleme.fr\/application\/les-ce2-cm1-a-lassaut-du-chateau-de-bourdeilles\/#breadcrumb","itemListElement":[{"@type":"ListItem","position":1,"name":"Accueil","item":"http:\/\/www.saint-paul-angouleme.fr\/application\/"},{"@type":"ListItem","position":2,"name":"Les CE2 &#038; CM1 \u00e0 l&#8217;assaut du ch\u00e2teau de BOURDEILLES"}]},{"@type":"WebSite","@id":"https:\/\/www.saint-paul-angouleme.fr\/application\/#website","url":"https:\/\/www.saint-paul-angouleme.fr\/application\/","name":"Actualit\u00e9s","description":"Actualit\u00e9s Saint Paul","publisher":{"@id":"https:\/\/www.saint-paul-angouleme.fr\/application\/#organization"},"potentialAction":[{"@type":"SearchAction","target":{"@type":"EntryPoint","urlTemplate":"https:\/\/www.saint-paul-angouleme.fr\/application\/?s={search_term_string}"},"query-input":"required name=search_term_string"}],"inLanguage":"fr-FR"},{"@type":"Organization","@id":"https:\/\/www.saint-paul-angouleme.fr\/application\/#organization","name":"Ensemble scolaire Saint-Paul","url":"https:\/\/www.saint-paul-angouleme.fr\/application\/","logo":{"@type":"ImageObject","inLanguage":"fr-FR","@id":"https:\/\/www.saint-paul-angouleme.fr\/application\/#\/schema\/logo\/image\/","url":"https:\/\/www.saint-paul-angouleme.fr\/application\/wp-content\/uploads\/2018\/08\/logo-saint-paul-couleurs.jpg","contentUrl":"https:\/\/www.saint-paul-angouleme.fr\/application\/wp-content\/uploads\/2018\/08\/logo-saint-paul-couleurs.jpg","width":1890,"height":709,"caption":"Ensemble scolaire Saint-Paul"},"image":{"@id":"https:\/\/www.saint-paul-angouleme.fr\/application\/#\/schema\/logo\/image\/"},"sameAs":["https:\/\/www.facebook.com\/SaintPaulAngouleme16\/","https:\/\/x.com\/StPaulAngoulem","https:\/\/www.youtube.com\/channel\/UCRLpz1CmPVqc0gn--YyXvjA?view_as=subscriber"]},{"@type":"Person","@id":"https:\/\/www.saint-paul-angouleme.fr\/application\/#\/schema\/person\/ea152930b1a3823659065827b1a5fb9b","name":"SAINT-PAUL","image":{"@type":"ImageObject","inLanguage":"fr-FR","@id":"https:\/\/www.saint-paul-angouleme.fr\/application\/#\/schema\/person\/image\/","url":"https:\/\/secure.gravatar.com\/avatar\/eadb0ffebc02683a61d69038eb2924f0?s=96&r=g","contentUrl":"https:\/\/secure.gravatar.com\/avatar\/eadb0ffebc02683a61d69038eb2924f0?s=96&r=g","caption":"SAINT-PAUL"},"url":"https:\/\/www.saint-paul-angouleme.fr\/application\/author\/myriam\/"}]}},"_links":{"self":[{"href":"https:\/\/www.saint-paul-angouleme.fr\/application\/wp-json\/wp\/v2\/posts\/808"}],"collection":[{"href":"https:\/\/www.saint-paul-angouleme.fr\/application\/wp-json\/wp\/v2\/posts"}],"about":[{"href":"https:\/\/www.saint-paul-angouleme.fr\/application\/wp-json\/wp\/v2\/types\/post"}],"author":[{"embeddable":true,"href":"https:\/\/www.saint-paul-angouleme.fr\/application\/wp-json\/wp\/v2\/users\/3"}],"replies":[{"embeddable":true,"href":"https:\/\/www.saint-paul-angouleme.fr\/application\/wp-json\/wp\/v2\/comments?post=808"}],"version-history":[{"count":6,"href":"https:\/\/www.saint-paul-angouleme.fr\/application\/wp-json\/wp\/v2\/posts\/808\/revisions"}],"predecessor-version":[{"id":839,"href":"https:\/\/www.saint-paul-angouleme.fr\/application\/wp-json\/wp\/v2\/posts\/808\/revisions\/839"}],"wp:attachment":[{"href":"https:\/\/www.saint-paul-angouleme.fr\/application\/wp-json\/wp\/v2\/media?parent=808"}],"wp:term":[{"taxonomy":"category","embeddable":true,"href":"https:\/\/www.saint-paul-angouleme.fr\/application\/wp-json\/wp\/v2\/categories?post=808"},{"taxonomy":"post_tag","embeddable":true,"href":"https:\/\/www.saint-paul-angouleme.fr\/application\/wp-json\/wp\/v2\/tags?post=808"}],"curies":[{"name":"wp","href":"https:\/\/api.w.org\/{rel}","templated":true}]}}