{"id":8069,"date":"2023-11-16T16:23:00","date_gmt":"2023-11-16T15:23:00","guid":{"rendered":"https:\/\/www.saint-paul-angouleme.fr\/application\/?p=8069"},"modified":"2023-11-16T17:27:24","modified_gmt":"2023-11-16T16:27:24","slug":"une-journee-de-lutte-contre-le-harcelement-a-lecole","status":"publish","type":"post","link":"https:\/\/www.saint-paul-angouleme.fr\/application\/une-journee-de-lutte-contre-le-harcelement-a-lecole\/","title":{"rendered":"Une journ\u00e9e de lutte contre le harc\u00e8lement \u00e0 l&#8217;\u00e9cole"},"content":{"rendered":"<div class=\"wp-block-image\">\n<figure class=\"aligncenter size-full\"><img loading=\"lazy\" decoding=\"async\" width=\"593\" height=\"837\" src=\"https:\/\/www.saint-paul-angouleme.fr\/application\/wp-content\/uploads\/2023\/11\/398144098_297286796525512_3247790150968282128_n.jpg\" alt=\"Affiche lutte conf\u00e9rence &quot;lutte contre le harc\u00e8lement scolaire\" class=\"wp-image-8070\" srcset=\"https:\/\/www.saint-paul-angouleme.fr\/application\/wp-content\/uploads\/2023\/11\/398144098_297286796525512_3247790150968282128_n.jpg 593w, https:\/\/www.saint-paul-angouleme.fr\/application\/wp-content\/uploads\/2023\/11\/398144098_297286796525512_3247790150968282128_n-213x300.jpg 213w\" sizes=\"(max-width: 593px) 100vw, 593px\" \/><\/figure><\/div>\n\n\n<h3 class=\"wp-block-heading\">Harc\u00e8lement \u00e0 l&#8217;\u00e9cole : plusieurs proposition pour informer et sensibiliser<\/h3>\n\n\n\n<p>Le jeudi 9 novembre 2023 est la journ\u00e9e de lutte contre le harc\u00e8lement \u00e0 l&#8217;\u00e9cole. Pour lutter contre ce fl\u00e9au, parents et enseignants se mobilisent.<\/p>\n\n\n\n<h3 class=\"wp-block-heading\">Des vid\u00e9os pendant les r\u00e9cr\u00e9ations<\/h3>\n\n\n\n<p>Le matin et l&#8217;apr\u00e8s-midi, la salle St Paul est ouverte pendant la r\u00e9cr\u00e9ation. Des vid\u00e9os de sensibilisation sont projet\u00e9es afin de permettre aux \u00e9l\u00e8ves volontaires de s&#8217;informer. Un centaine d&#8217;\u00e9l\u00e8ves se mobilise pour comprendre ce qu&#8217;est le harc\u00e8lement scolaire et comment l&#8217;on peut agir face \u00e0 ces situations.<\/p>\n\n\n\n<figure class=\"wp-block-gallery has-nested-images columns-default is-cropped wp-block-gallery-1 is-layout-flex wp-block-gallery-is-layout-flex\">\n<figure class=\"wp-block-image size-large\"><img loading=\"lazy\" decoding=\"async\" width=\"1024\" height=\"768\" data-id=\"8073\" src=\"https:\/\/www.saint-paul-angouleme.fr\/application\/wp-content\/uploads\/2023\/11\/Action-au-CDR-college-pour-la-journee-nationale-de-lutte-contre-le-harcelement-2023-1024x768.jpg\" alt=\"\" class=\"wp-image-8073\" srcset=\"https:\/\/www.saint-paul-angouleme.fr\/application\/wp-content\/uploads\/2023\/11\/Action-au-CDR-college-pour-la-journee-nationale-de-lutte-contre-le-harcelement-2023-1024x768.jpg 1024w, https:\/\/www.saint-paul-angouleme.fr\/application\/wp-content\/uploads\/2023\/11\/Action-au-CDR-college-pour-la-journee-nationale-de-lutte-contre-le-harcelement-2023-300x225.jpg 300w, https:\/\/www.saint-paul-angouleme.fr\/application\/wp-content\/uploads\/2023\/11\/Action-au-CDR-college-pour-la-journee-nationale-de-lutte-contre-le-harcelement-2023-768x576.jpg 768w, https:\/\/www.saint-paul-angouleme.fr\/application\/wp-content\/uploads\/2023\/11\/Action-au-CDR-college-pour-la-journee-nationale-de-lutte-contre-le-harcelement-2023-1536x1152.jpg 1536w, https:\/\/www.saint-paul-angouleme.fr\/application\/wp-content\/uploads\/2023\/11\/Action-au-CDR-college-pour-la-journee-nationale-de-lutte-contre-le-harcelement-2023.jpg 2000w\" sizes=\"(max-width: 1024px) 100vw, 1024px\" \/><\/figure>\n\n\n\n<figure class=\"wp-block-image size-large\"><img loading=\"lazy\" decoding=\"async\" width=\"768\" height=\"1024\" data-id=\"8072\" src=\"https:\/\/www.saint-paul-angouleme.fr\/application\/wp-content\/uploads\/2023\/11\/Action-au-CDR-lycee-pour-la-journee-nationale-de-lutte-contre-le-harcelement-2023-768x1024.jpg\" alt=\"\" class=\"wp-image-8072\" srcset=\"https:\/\/www.saint-paul-angouleme.fr\/application\/wp-content\/uploads\/2023\/11\/Action-au-CDR-lycee-pour-la-journee-nationale-de-lutte-contre-le-harcelement-2023-768x1024.jpg 768w, https:\/\/www.saint-paul-angouleme.fr\/application\/wp-content\/uploads\/2023\/11\/Action-au-CDR-lycee-pour-la-journee-nationale-de-lutte-contre-le-harcelement-2023-225x300.jpg 225w, https:\/\/www.saint-paul-angouleme.fr\/application\/wp-content\/uploads\/2023\/11\/Action-au-CDR-lycee-pour-la-journee-nationale-de-lutte-contre-le-harcelement-2023.jpg 1080w\" sizes=\"(max-width: 768px) 100vw, 768px\" \/><\/figure>\n\n\n\n<figure class=\"wp-block-image size-large\"><img loading=\"lazy\" decoding=\"async\" width=\"1024\" height=\"768\" data-id=\"8076\" src=\"https:\/\/www.saint-paul-angouleme.fr\/application\/wp-content\/uploads\/2023\/11\/CDR-college-le-9-novembre-2023-1024x768.jpg\" alt=\"\" class=\"wp-image-8076\" srcset=\"https:\/\/www.saint-paul-angouleme.fr\/application\/wp-content\/uploads\/2023\/11\/CDR-college-le-9-novembre-2023-1024x768.jpg 1024w, https:\/\/www.saint-paul-angouleme.fr\/application\/wp-content\/uploads\/2023\/11\/CDR-college-le-9-novembre-2023-300x225.jpg 300w, https:\/\/www.saint-paul-angouleme.fr\/application\/wp-content\/uploads\/2023\/11\/CDR-college-le-9-novembre-2023-768x576.jpg 768w, https:\/\/www.saint-paul-angouleme.fr\/application\/wp-content\/uploads\/2023\/11\/CDR-college-le-9-novembre-2023-1536x1152.jpg 1536w, https:\/\/www.saint-paul-angouleme.fr\/application\/wp-content\/uploads\/2023\/11\/CDR-college-le-9-novembre-2023.jpg 2000w\" sizes=\"(max-width: 1024px) 100vw, 1024px\" \/><\/figure>\n\n\n\n<figure class=\"wp-block-image size-large\"><img loading=\"lazy\" decoding=\"async\" width=\"1024\" height=\"768\" data-id=\"8075\" src=\"https:\/\/www.saint-paul-angouleme.fr\/application\/wp-content\/uploads\/2023\/11\/Action-en-salle-Saint-Paul-le-09-novembre-2023-1024x768.jpg\" alt=\"\" class=\"wp-image-8075\" srcset=\"https:\/\/www.saint-paul-angouleme.fr\/application\/wp-content\/uploads\/2023\/11\/Action-en-salle-Saint-Paul-le-09-novembre-2023-1024x768.jpg 1024w, https:\/\/www.saint-paul-angouleme.fr\/application\/wp-content\/uploads\/2023\/11\/Action-en-salle-Saint-Paul-le-09-novembre-2023-300x225.jpg 300w, https:\/\/www.saint-paul-angouleme.fr\/application\/wp-content\/uploads\/2023\/11\/Action-en-salle-Saint-Paul-le-09-novembre-2023-768x576.jpg 768w, https:\/\/www.saint-paul-angouleme.fr\/application\/wp-content\/uploads\/2023\/11\/Action-en-salle-Saint-Paul-le-09-novembre-2023-1536x1152.jpg 1536w, https:\/\/www.saint-paul-angouleme.fr\/application\/wp-content\/uploads\/2023\/11\/Action-en-salle-Saint-Paul-le-09-novembre-2023.jpg 2000w\" sizes=\"(max-width: 1024px) 100vw, 1024px\" \/><\/figure>\n\n\n\n<figure class=\"wp-block-image size-large\"><img loading=\"lazy\" decoding=\"async\" width=\"1024\" height=\"768\" data-id=\"8074\" src=\"https:\/\/www.saint-paul-angouleme.fr\/application\/wp-content\/uploads\/2023\/11\/Action-en-salle-Saint-Paul-pour-la-journee-nationale-de-lutte-contre-le-harcelement-2023-1024x768.jpg\" alt=\"\" class=\"wp-image-8074\" srcset=\"https:\/\/www.saint-paul-angouleme.fr\/application\/wp-content\/uploads\/2023\/11\/Action-en-salle-Saint-Paul-pour-la-journee-nationale-de-lutte-contre-le-harcelement-2023-1024x768.jpg 1024w, https:\/\/www.saint-paul-angouleme.fr\/application\/wp-content\/uploads\/2023\/11\/Action-en-salle-Saint-Paul-pour-la-journee-nationale-de-lutte-contre-le-harcelement-2023-300x225.jpg 300w, https:\/\/www.saint-paul-angouleme.fr\/application\/wp-content\/uploads\/2023\/11\/Action-en-salle-Saint-Paul-pour-la-journee-nationale-de-lutte-contre-le-harcelement-2023-768x576.jpg 768w, https:\/\/www.saint-paul-angouleme.fr\/application\/wp-content\/uploads\/2023\/11\/Action-en-salle-Saint-Paul-pour-la-journee-nationale-de-lutte-contre-le-harcelement-2023-1536x1152.jpg 1536w, https:\/\/www.saint-paul-angouleme.fr\/application\/wp-content\/uploads\/2023\/11\/Action-en-salle-Saint-Paul-pour-la-journee-nationale-de-lutte-contre-le-harcelement-2023.jpg 2000w\" sizes=\"(max-width: 1024px) 100vw, 1024px\" \/><\/figure>\n<\/figure>\n\n\n\n<p><\/p>\n\n\n\n<h3 class=\"wp-block-heading\">Une conf\u00e9rence en soir\u00e9e avec Nadine ROUILLAUD<\/h3>\n\n\n\n<p><a href=\"https:\/\/www.maiia.com\/psychologue\/16300-barbezieux-saint-hilaire\/rouillaud-nadine\" target=\"_blank\" rel=\"noreferrer noopener\">Nadine ROUILLAUD<\/a> est psychologue et neuroth\u00e9rapeute, elle exerce en Charente. L&#8217;Association des parents d&#8217;\u00e9l\u00e8ves de notre Ensemble Scolaire l&#8217;invite \u00e0 rencontrer les parents et partager son exp\u00e9rience. Retour sur cette soir\u00e9e :<\/p>\n\n\n\n<p>&#8220;Nous sommes heureux de partager avec vous un r\u00e9capitulatif des initiatives r\u00e9centes de l&#8217;APEL de l&#8217;\u00e9cole maternelle et primaire Saint-Paul dans le cadre de la lutte contre le harc\u00e8lement scolaire.<\/p>\n\n\n<div class=\"wp-block-image\">\n<figure class=\"aligncenter size-large\"><img loading=\"lazy\" decoding=\"async\" width=\"768\" height=\"1024\" src=\"https:\/\/www.saint-paul-angouleme.fr\/application\/wp-content\/uploads\/2023\/11\/400352740_302222802698578_7778997544995589717_n-768x1024.jpg\" alt=\"\" class=\"wp-image-8078\" srcset=\"https:\/\/www.saint-paul-angouleme.fr\/application\/wp-content\/uploads\/2023\/11\/400352740_302222802698578_7778997544995589717_n-768x1024.jpg 768w, https:\/\/www.saint-paul-angouleme.fr\/application\/wp-content\/uploads\/2023\/11\/400352740_302222802698578_7778997544995589717_n-225x300.jpg 225w, https:\/\/www.saint-paul-angouleme.fr\/application\/wp-content\/uploads\/2023\/11\/400352740_302222802698578_7778997544995589717_n-1152x1536.jpg 1152w, https:\/\/www.saint-paul-angouleme.fr\/application\/wp-content\/uploads\/2023\/11\/400352740_302222802698578_7778997544995589717_n.jpg 1200w\" sizes=\"(max-width: 768px) 100vw, 768px\" \/><\/figure><\/div>\n\n\n<h4 class=\"wp-block-heading\"><strong>Intervention dans les classes : sensibilisation ludique et interactive<\/strong><\/h4>\n\n\n\n<p>La semaine du 26 au 28 septembre 2023, chaque classe de l&#8217;\u00e9cole primaire a b\u00e9n\u00e9fici\u00e9 de l&#8217;intervention de la psychologue Nadine Rouillaud, experte engag\u00e9e dans la pr\u00e9vention du harc\u00e8lement. Ces sessions, d&#8217;une dur\u00e9e maximale de 50 minutes par classe, ont \u00e9t\u00e9 con\u00e7ues pour sensibiliser les \u00e9l\u00e8ves \u00e0 des attitudes et comportements constructifs, favorisant un dialogue ouvert et positif.<\/p>\n\n\n\n<h4 class=\"wp-block-heading\"><strong>Conf\u00e9rence sur le Harc\u00e8lement : un retour sur un \u00e9v\u00e9nement crucial<\/strong><\/h4>\n\n\n\n<p>Nous tenons \u00e0 remercier chaleureusement tous les parents de l&#8217;\u00e9cole, du coll\u00e8ge et du lyc\u00e9e, ainsi qu&#8217;aux membres de la communaut\u00e9 \u00e9ducative et \u00e0 Mme Antoine qui ont particip\u00e9 \u00e0 la conf\u00e9rence sur le harc\u00e8lement qui s&#8217;est d\u00e9roul\u00e9e le 9 novembre 2023 dans la salle Saint-Paul du coll\u00e8ge. Anim\u00e9e par la psychologue Nadine Rouillaud, cette conf\u00e9rence s&#8217;est focalis\u00e9e sur plusieurs aspects du harc\u00e8lement scolaire, offrant des conseils pratiques pour soutenir nos enfants.<\/p>\n\n\n\n<h4 class=\"wp-block-heading\"><strong>R\u00e9capitulatif du contenu de la conf\u00e9rence<\/strong><\/h4>\n\n\n\n<p>La conf\u00e9rence a abord\u00e9 divers points, mettant en lumi\u00e8re les aspects suivants du harc\u00e8lement scolaire :<\/p>\n\n\n\n<ul class=\"wp-block-list\"><li>D\u00e9finition du harc\u00e8lement : insistant sur la r\u00e9p\u00e9tition, l&#8217;intention volontaire de nuire, et la dynamique de domination, la conf\u00e9rence a clarifi\u00e9 ce qu&#8217;est r\u00e9ellement le harc\u00e8lement scolaire.<\/li><li>Contexte et acteurs du harc\u00e8lement : en soulignant la p\u00e9riode d\u00e9licate de 8 \u00e0 16 ans, la conf\u00e9rence a mis en lumi\u00e8re les situations qui peuvent favoriser le harc\u00e8lement, telles que des traumatismes dans l&#8217;enfance ou des vuln\u00e9rabilit\u00e9s situationnelles.<\/li><li>Cons\u00e9quences \u00e0 moyen et long terme : la conf\u00e9rence a soulign\u00e9 les nombreuses cons\u00e9quences du harc\u00e8lement, allant de la baisse des r\u00e9sultats scolaires \u00e0 des probl\u00e8mes de sant\u00e9 mentale.<\/li><li>Moyens d&#8217;intervention et de pr\u00e9vention : diverses strat\u00e9gies ont \u00e9t\u00e9 discut\u00e9es, de la sensibilisation pr\u00e9coce \u00e0 la mobilisation de l&#8217;empathie, en passant par le soutien psychologique et l&#8217;importance du dialogue.<\/li><li>Et bien d\u2019autres.<\/li><\/ul>\n\n\n\n<figure class=\"wp-block-table\"><table><tbody><tr><td>Nadine Rouillaud est une psychologue reconnue pour son expertise dans le domaine du harc\u00e8lement scolaire. Ses travaux et interventions se distinguent par une approche pratique et concr\u00e8te visant \u00e0 comprendre, pr\u00e9venir et traiter le harc\u00e8lement en milieu \u00e9ducatif. \u00c0 travers des conf\u00e9rences telles que celle du 9 novembre 2023 dans la salle Saint-Paul du coll\u00e8ge, elle partage ses connaissances approfondies en mettant l&#8217;accent sur des conseils concrets pour soutenir les enfants.<\/td><\/tr><\/tbody><\/table><\/figure>\n\n\n\n<p>Vos engagements continuent de jouer un r\u00f4le essentiel dans la cr\u00e9ation d&#8217;un environnement scolaire s\u00fbr et bienveillant pour nos enfants.<\/p>\n\n\n\n<p>L\u2019APEL et l\u2019ensemble scolaire Saint-Paul sont \u00e0 votre disposition pour toutes questions ou pr\u00e9occupations. Ensemble, construisons un avenir o\u00f9 nos enfants \u00e9voluent librement et en toute s\u00e9curit\u00e9.&#8221;<\/p>\n\n\n\n<figure class=\"wp-block-image size-large\"><img loading=\"lazy\" decoding=\"async\" width=\"1024\" height=\"768\" src=\"https:\/\/www.saint-paul-angouleme.fr\/application\/wp-content\/uploads\/2023\/11\/400360942_302222789365246_428532958027813292_n-1024x768.jpg\" alt=\"\" class=\"wp-image-8077\" srcset=\"https:\/\/www.saint-paul-angouleme.fr\/application\/wp-content\/uploads\/2023\/11\/400360942_302222789365246_428532958027813292_n-1024x768.jpg 1024w, https:\/\/www.saint-paul-angouleme.fr\/application\/wp-content\/uploads\/2023\/11\/400360942_302222789365246_428532958027813292_n-300x225.jpg 300w, https:\/\/www.saint-paul-angouleme.fr\/application\/wp-content\/uploads\/2023\/11\/400360942_302222789365246_428532958027813292_n-768x576.jpg 768w, https:\/\/www.saint-paul-angouleme.fr\/application\/wp-content\/uploads\/2023\/11\/400360942_302222789365246_428532958027813292_n-1536x1152.jpg 1536w, https:\/\/www.saint-paul-angouleme.fr\/application\/wp-content\/uploads\/2023\/11\/400360942_302222789365246_428532958027813292_n.jpg 1600w\" sizes=\"(max-width: 1024px) 100vw, 1024px\" \/><\/figure>\n\n\n\n<p>Un grand merci \u00e0 eux pour cette initiative.<\/p>\n","protected":false},"excerpt":{"rendered":"<p>Harc\u00e8lement \u00e0 l&#8217;\u00e9cole : plusieurs proposition pour informer et sensibiliser Le jeudi 9 novembre 2023 est la journ\u00e9e de lutte contre le harc\u00e8lement \u00e0 l&#8217;\u00e9cole. Pour lutter contre ce fl\u00e9au, parents et enseignants se mobilisent. Des vid\u00e9os pendant les r\u00e9cr\u00e9ations Le matin et l&#8217;apr\u00e8s-midi, la salle St Paul est ouverte pendant la r\u00e9cr\u00e9ation. Des vid\u00e9os &#8230; <a title=\"Une journ\u00e9e de lutte contre le harc\u00e8lement \u00e0 l&#8217;\u00e9cole\" class=\"read-more\" href=\"https:\/\/www.saint-paul-angouleme.fr\/application\/une-journee-de-lutte-contre-le-harcelement-a-lecole\/\" aria-label=\"Read more about Une journ\u00e9e de lutte contre le harc\u00e8lement \u00e0 l&#8217;\u00e9cole\">Lire la suite<\/a><\/p>\n","protected":false},"author":3,"featured_media":8071,"comment_status":"open","ping_status":"open","sticky":false,"template":"","format":"standard","meta":{"_exactmetrics_skip_tracking":false,"_exactmetrics_sitenote_active":false,"_exactmetrics_sitenote_note":"","_exactmetrics_sitenote_category":0,"footnotes":""},"categories":[13,11],"tags":[],"class_list":["post-8069","post","type-post","status-publish","format-standard","has-post-thumbnail","hentry","category-pedagogie","category-pour-aller-plus-loin"],"yoast_head":"<!-- This site is optimized with the Yoast SEO plugin v23.3 - https:\/\/yoast.com\/wordpress\/plugins\/seo\/ -->\n<title>Une journ\u00e9e de lutte contre le harc\u00e8lement \u00e0 l&#039;\u00e9cole - Actualit\u00e9s<\/title>\n<meta name=\"robots\" content=\"index, follow, max-snippet:-1, max-image-preview:large, max-video-preview:-1\" \/>\n<link rel=\"canonical\" href=\"https:\/\/www.saint-paul-angouleme.fr\/application\/une-journee-de-lutte-contre-le-harcelement-a-lecole\/\" \/>\n<meta property=\"og:locale\" content=\"fr_FR\" \/>\n<meta property=\"og:type\" content=\"article\" \/>\n<meta property=\"og:title\" content=\"Une journ\u00e9e de lutte contre le harc\u00e8lement \u00e0 l&#039;\u00e9cole - Actualit\u00e9s\" \/>\n<meta property=\"og:description\" content=\"Harc\u00e8lement \u00e0 l&#8217;\u00e9cole : plusieurs proposition pour informer et sensibiliser Le jeudi 9 novembre 2023 est la journ\u00e9e de lutte contre le harc\u00e8lement \u00e0 l&#8217;\u00e9cole. Pour lutter contre ce fl\u00e9au, parents et enseignants se mobilisent. Des vid\u00e9os pendant les r\u00e9cr\u00e9ations Le matin et l&#8217;apr\u00e8s-midi, la salle St Paul est ouverte pendant la r\u00e9cr\u00e9ation. Des vid\u00e9os ... Lire la suite\" \/>\n<meta property=\"og:url\" content=\"https:\/\/www.saint-paul-angouleme.fr\/application\/une-journee-de-lutte-contre-le-harcelement-a-lecole\/\" \/>\n<meta property=\"og:site_name\" content=\"Actualit\u00e9s\" \/>\n<meta property=\"article:publisher\" content=\"https:\/\/www.facebook.com\/SaintPaulAngouleme16\/\" \/>\n<meta property=\"article:published_time\" content=\"2023-11-16T15:23:00+00:00\" \/>\n<meta property=\"article:modified_time\" content=\"2023-11-16T16:27:24+00:00\" \/>\n<meta property=\"og:image\" content=\"https:\/\/www.saint-paul-angouleme.fr\/application\/wp-content\/uploads\/2023\/11\/CDR-lycee-le-9-novembre-2023.jpg\" \/>\n\t<meta property=\"og:image:width\" content=\"2000\" \/>\n\t<meta property=\"og:image:height\" content=\"1500\" \/>\n\t<meta property=\"og:image:type\" content=\"image\/jpeg\" \/>\n<meta name=\"author\" content=\"SAINT-PAUL\" \/>\n<meta name=\"twitter:card\" content=\"summary_large_image\" \/>\n<meta name=\"twitter:creator\" content=\"@StPaulAngoulem\" \/>\n<meta name=\"twitter:site\" content=\"@StPaulAngoulem\" \/>\n<meta name=\"twitter:label1\" content=\"\u00c9crit par\" \/>\n\t<meta name=\"twitter:data1\" content=\"SAINT-PAUL\" \/>\n\t<meta name=\"twitter:label2\" content=\"Dur\u00e9e de lecture estim\u00e9e\" \/>\n\t<meta name=\"twitter:data2\" content=\"5 minutes\" \/>\n<script type=\"application\/ld+json\" class=\"yoast-schema-graph\">{\"@context\":\"https:\/\/schema.org\",\"@graph\":[{\"@type\":\"Article\",\"@id\":\"https:\/\/www.saint-paul-angouleme.fr\/application\/une-journee-de-lutte-contre-le-harcelement-a-lecole\/#article\",\"isPartOf\":{\"@id\":\"https:\/\/www.saint-paul-angouleme.fr\/application\/une-journee-de-lutte-contre-le-harcelement-a-lecole\/\"},\"author\":{\"name\":\"SAINT-PAUL\",\"@id\":\"https:\/\/www.saint-paul-angouleme.fr\/application\/#\/schema\/person\/ea152930b1a3823659065827b1a5fb9b\"},\"headline\":\"Une journ\u00e9e de lutte contre le harc\u00e8lement \u00e0 l&#8217;\u00e9cole\",\"datePublished\":\"2023-11-16T15:23:00+00:00\",\"dateModified\":\"2023-11-16T16:27:24+00:00\",\"mainEntityOfPage\":{\"@id\":\"https:\/\/www.saint-paul-angouleme.fr\/application\/une-journee-de-lutte-contre-le-harcelement-a-lecole\/\"},\"wordCount\":674,\"commentCount\":0,\"publisher\":{\"@id\":\"https:\/\/www.saint-paul-angouleme.fr\/application\/#organization\"},\"image\":{\"@id\":\"https:\/\/www.saint-paul-angouleme.fr\/application\/une-journee-de-lutte-contre-le-harcelement-a-lecole\/#primaryimage\"},\"thumbnailUrl\":\"https:\/\/www.saint-paul-angouleme.fr\/application\/wp-content\/uploads\/2023\/11\/CDR-lycee-le-9-novembre-2023.jpg\",\"articleSection\":[\"P\u00e9dagogie\",\"Pour aller plus loin\"],\"inLanguage\":\"fr-FR\",\"potentialAction\":[{\"@type\":\"CommentAction\",\"name\":\"Comment\",\"target\":[\"https:\/\/www.saint-paul-angouleme.fr\/application\/une-journee-de-lutte-contre-le-harcelement-a-lecole\/#respond\"]}]},{\"@type\":\"WebPage\",\"@id\":\"https:\/\/www.saint-paul-angouleme.fr\/application\/une-journee-de-lutte-contre-le-harcelement-a-lecole\/\",\"url\":\"https:\/\/www.saint-paul-angouleme.fr\/application\/une-journee-de-lutte-contre-le-harcelement-a-lecole\/\",\"name\":\"Une journ\u00e9e de lutte contre le harc\u00e8lement \u00e0 l'\u00e9cole - Actualit\u00e9s\",\"isPartOf\":{\"@id\":\"https:\/\/www.saint-paul-angouleme.fr\/application\/#website\"},\"primaryImageOfPage\":{\"@id\":\"https:\/\/www.saint-paul-angouleme.fr\/application\/une-journee-de-lutte-contre-le-harcelement-a-lecole\/#primaryimage\"},\"image\":{\"@id\":\"https:\/\/www.saint-paul-angouleme.fr\/application\/une-journee-de-lutte-contre-le-harcelement-a-lecole\/#primaryimage\"},\"thumbnailUrl\":\"https:\/\/www.saint-paul-angouleme.fr\/application\/wp-content\/uploads\/2023\/11\/CDR-lycee-le-9-novembre-2023.jpg\",\"datePublished\":\"2023-11-16T15:23:00+00:00\",\"dateModified\":\"2023-11-16T16:27:24+00:00\",\"breadcrumb\":{\"@id\":\"https:\/\/www.saint-paul-angouleme.fr\/application\/une-journee-de-lutte-contre-le-harcelement-a-lecole\/#breadcrumb\"},\"inLanguage\":\"fr-FR\",\"potentialAction\":[{\"@type\":\"ReadAction\",\"target\":[\"https:\/\/www.saint-paul-angouleme.fr\/application\/une-journee-de-lutte-contre-le-harcelement-a-lecole\/\"]}]},{\"@type\":\"ImageObject\",\"inLanguage\":\"fr-FR\",\"@id\":\"https:\/\/www.saint-paul-angouleme.fr\/application\/une-journee-de-lutte-contre-le-harcelement-a-lecole\/#primaryimage\",\"url\":\"https:\/\/www.saint-paul-angouleme.fr\/application\/wp-content\/uploads\/2023\/11\/CDR-lycee-le-9-novembre-2023.jpg\",\"contentUrl\":\"https:\/\/www.saint-paul-angouleme.fr\/application\/wp-content\/uploads\/2023\/11\/CDR-lycee-le-9-novembre-2023.jpg\",\"width\":2000,\"height\":1500,\"caption\":\"Proposition d'ouvrages aux CDR\"},{\"@type\":\"BreadcrumbList\",\"@id\":\"https:\/\/www.saint-paul-angouleme.fr\/application\/une-journee-de-lutte-contre-le-harcelement-a-lecole\/#breadcrumb\",\"itemListElement\":[{\"@type\":\"ListItem\",\"position\":1,\"name\":\"Accueil\",\"item\":\"http:\/\/www.saint-paul-angouleme.fr\/application\/\"},{\"@type\":\"ListItem\",\"position\":2,\"name\":\"Une journ\u00e9e de lutte contre le harc\u00e8lement \u00e0 l&#8217;\u00e9cole\"}]},{\"@type\":\"WebSite\",\"@id\":\"https:\/\/www.saint-paul-angouleme.fr\/application\/#website\",\"url\":\"https:\/\/www.saint-paul-angouleme.fr\/application\/\",\"name\":\"Actualit\u00e9s\",\"description\":\"Actualit\u00e9s Saint Paul\",\"publisher\":{\"@id\":\"https:\/\/www.saint-paul-angouleme.fr\/application\/#organization\"},\"potentialAction\":[{\"@type\":\"SearchAction\",\"target\":{\"@type\":\"EntryPoint\",\"urlTemplate\":\"https:\/\/www.saint-paul-angouleme.fr\/application\/?s={search_term_string}\"},\"query-input\":\"required name=search_term_string\"}],\"inLanguage\":\"fr-FR\"},{\"@type\":\"Organization\",\"@id\":\"https:\/\/www.saint-paul-angouleme.fr\/application\/#organization\",\"name\":\"Ensemble scolaire Saint-Paul\",\"url\":\"https:\/\/www.saint-paul-angouleme.fr\/application\/\",\"logo\":{\"@type\":\"ImageObject\",\"inLanguage\":\"fr-FR\",\"@id\":\"https:\/\/www.saint-paul-angouleme.fr\/application\/#\/schema\/logo\/image\/\",\"url\":\"https:\/\/www.saint-paul-angouleme.fr\/application\/wp-content\/uploads\/2018\/08\/logo-saint-paul-couleurs.jpg\",\"contentUrl\":\"https:\/\/www.saint-paul-angouleme.fr\/application\/wp-content\/uploads\/2018\/08\/logo-saint-paul-couleurs.jpg\",\"width\":1890,\"height\":709,\"caption\":\"Ensemble scolaire Saint-Paul\"},\"image\":{\"@id\":\"https:\/\/www.saint-paul-angouleme.fr\/application\/#\/schema\/logo\/image\/\"},\"sameAs\":[\"https:\/\/www.facebook.com\/SaintPaulAngouleme16\/\",\"https:\/\/x.com\/StPaulAngoulem\",\"https:\/\/www.youtube.com\/channel\/UCRLpz1CmPVqc0gn--YyXvjA?view_as=subscriber\"]},{\"@type\":\"Person\",\"@id\":\"https:\/\/www.saint-paul-angouleme.fr\/application\/#\/schema\/person\/ea152930b1a3823659065827b1a5fb9b\",\"name\":\"SAINT-PAUL\",\"image\":{\"@type\":\"ImageObject\",\"inLanguage\":\"fr-FR\",\"@id\":\"https:\/\/www.saint-paul-angouleme.fr\/application\/#\/schema\/person\/image\/\",\"url\":\"https:\/\/secure.gravatar.com\/avatar\/eadb0ffebc02683a61d69038eb2924f0?s=96&r=g\",\"contentUrl\":\"https:\/\/secure.gravatar.com\/avatar\/eadb0ffebc02683a61d69038eb2924f0?s=96&r=g\",\"caption\":\"SAINT-PAUL\"},\"url\":\"https:\/\/www.saint-paul-angouleme.fr\/application\/author\/myriam\/\"}]}<\/script>\n<!-- \/ Yoast SEO plugin. -->","yoast_head_json":{"title":"Une journ\u00e9e de lutte contre le harc\u00e8lement \u00e0 l'\u00e9cole - Actualit\u00e9s","robots":{"index":"index","follow":"follow","max-snippet":"max-snippet:-1","max-image-preview":"max-image-preview:large","max-video-preview":"max-video-preview:-1"},"canonical":"https:\/\/www.saint-paul-angouleme.fr\/application\/une-journee-de-lutte-contre-le-harcelement-a-lecole\/","og_locale":"fr_FR","og_type":"article","og_title":"Une journ\u00e9e de lutte contre le harc\u00e8lement \u00e0 l'\u00e9cole - Actualit\u00e9s","og_description":"Harc\u00e8lement \u00e0 l&#8217;\u00e9cole : plusieurs proposition pour informer et sensibiliser Le jeudi 9 novembre 2023 est la journ\u00e9e de lutte contre le harc\u00e8lement \u00e0 l&#8217;\u00e9cole. Pour lutter contre ce fl\u00e9au, parents et enseignants se mobilisent. Des vid\u00e9os pendant les r\u00e9cr\u00e9ations Le matin et l&#8217;apr\u00e8s-midi, la salle St Paul est ouverte pendant la r\u00e9cr\u00e9ation. Des vid\u00e9os ... Lire la suite","og_url":"https:\/\/www.saint-paul-angouleme.fr\/application\/une-journee-de-lutte-contre-le-harcelement-a-lecole\/","og_site_name":"Actualit\u00e9s","article_publisher":"https:\/\/www.facebook.com\/SaintPaulAngouleme16\/","article_published_time":"2023-11-16T15:23:00+00:00","article_modified_time":"2023-11-16T16:27:24+00:00","og_image":[{"width":2000,"height":1500,"url":"https:\/\/www.saint-paul-angouleme.fr\/application\/wp-content\/uploads\/2023\/11\/CDR-lycee-le-9-novembre-2023.jpg","type":"image\/jpeg"}],"author":"SAINT-PAUL","twitter_card":"summary_large_image","twitter_creator":"@StPaulAngoulem","twitter_site":"@StPaulAngoulem","twitter_misc":{"\u00c9crit par":"SAINT-PAUL","Dur\u00e9e de lecture estim\u00e9e":"5 minutes"},"schema":{"@context":"https:\/\/schema.org","@graph":[{"@type":"Article","@id":"https:\/\/www.saint-paul-angouleme.fr\/application\/une-journee-de-lutte-contre-le-harcelement-a-lecole\/#article","isPartOf":{"@id":"https:\/\/www.saint-paul-angouleme.fr\/application\/une-journee-de-lutte-contre-le-harcelement-a-lecole\/"},"author":{"name":"SAINT-PAUL","@id":"https:\/\/www.saint-paul-angouleme.fr\/application\/#\/schema\/person\/ea152930b1a3823659065827b1a5fb9b"},"headline":"Une journ\u00e9e de lutte contre le harc\u00e8lement \u00e0 l&#8217;\u00e9cole","datePublished":"2023-11-16T15:23:00+00:00","dateModified":"2023-11-16T16:27:24+00:00","mainEntityOfPage":{"@id":"https:\/\/www.saint-paul-angouleme.fr\/application\/une-journee-de-lutte-contre-le-harcelement-a-lecole\/"},"wordCount":674,"commentCount":0,"publisher":{"@id":"https:\/\/www.saint-paul-angouleme.fr\/application\/#organization"},"image":{"@id":"https:\/\/www.saint-paul-angouleme.fr\/application\/une-journee-de-lutte-contre-le-harcelement-a-lecole\/#primaryimage"},"thumbnailUrl":"https:\/\/www.saint-paul-angouleme.fr\/application\/wp-content\/uploads\/2023\/11\/CDR-lycee-le-9-novembre-2023.jpg","articleSection":["P\u00e9dagogie","Pour aller plus loin"],"inLanguage":"fr-FR","potentialAction":[{"@type":"CommentAction","name":"Comment","target":["https:\/\/www.saint-paul-angouleme.fr\/application\/une-journee-de-lutte-contre-le-harcelement-a-lecole\/#respond"]}]},{"@type":"WebPage","@id":"https:\/\/www.saint-paul-angouleme.fr\/application\/une-journee-de-lutte-contre-le-harcelement-a-lecole\/","url":"https:\/\/www.saint-paul-angouleme.fr\/application\/une-journee-de-lutte-contre-le-harcelement-a-lecole\/","name":"Une journ\u00e9e de lutte contre le harc\u00e8lement \u00e0 l'\u00e9cole - Actualit\u00e9s","isPartOf":{"@id":"https:\/\/www.saint-paul-angouleme.fr\/application\/#website"},"primaryImageOfPage":{"@id":"https:\/\/www.saint-paul-angouleme.fr\/application\/une-journee-de-lutte-contre-le-harcelement-a-lecole\/#primaryimage"},"image":{"@id":"https:\/\/www.saint-paul-angouleme.fr\/application\/une-journee-de-lutte-contre-le-harcelement-a-lecole\/#primaryimage"},"thumbnailUrl":"https:\/\/www.saint-paul-angouleme.fr\/application\/wp-content\/uploads\/2023\/11\/CDR-lycee-le-9-novembre-2023.jpg","datePublished":"2023-11-16T15:23:00+00:00","dateModified":"2023-11-16T16:27:24+00:00","breadcrumb":{"@id":"https:\/\/www.saint-paul-angouleme.fr\/application\/une-journee-de-lutte-contre-le-harcelement-a-lecole\/#breadcrumb"},"inLanguage":"fr-FR","potentialAction":[{"@type":"ReadAction","target":["https:\/\/www.saint-paul-angouleme.fr\/application\/une-journee-de-lutte-contre-le-harcelement-a-lecole\/"]}]},{"@type":"ImageObject","inLanguage":"fr-FR","@id":"https:\/\/www.saint-paul-angouleme.fr\/application\/une-journee-de-lutte-contre-le-harcelement-a-lecole\/#primaryimage","url":"https:\/\/www.saint-paul-angouleme.fr\/application\/wp-content\/uploads\/2023\/11\/CDR-lycee-le-9-novembre-2023.jpg","contentUrl":"https:\/\/www.saint-paul-angouleme.fr\/application\/wp-content\/uploads\/2023\/11\/CDR-lycee-le-9-novembre-2023.jpg","width":2000,"height":1500,"caption":"Proposition d'ouvrages aux CDR"},{"@type":"BreadcrumbList","@id":"https:\/\/www.saint-paul-angouleme.fr\/application\/une-journee-de-lutte-contre-le-harcelement-a-lecole\/#breadcrumb","itemListElement":[{"@type":"ListItem","position":1,"name":"Accueil","item":"http:\/\/www.saint-paul-angouleme.fr\/application\/"},{"@type":"ListItem","position":2,"name":"Une journ\u00e9e de lutte contre le harc\u00e8lement \u00e0 l&#8217;\u00e9cole"}]},{"@type":"WebSite","@id":"https:\/\/www.saint-paul-angouleme.fr\/application\/#website","url":"https:\/\/www.saint-paul-angouleme.fr\/application\/","name":"Actualit\u00e9s","description":"Actualit\u00e9s Saint Paul","publisher":{"@id":"https:\/\/www.saint-paul-angouleme.fr\/application\/#organization"},"potentialAction":[{"@type":"SearchAction","target":{"@type":"EntryPoint","urlTemplate":"https:\/\/www.saint-paul-angouleme.fr\/application\/?s={search_term_string}"},"query-input":"required name=search_term_string"}],"inLanguage":"fr-FR"},{"@type":"Organization","@id":"https:\/\/www.saint-paul-angouleme.fr\/application\/#organization","name":"Ensemble scolaire Saint-Paul","url":"https:\/\/www.saint-paul-angouleme.fr\/application\/","logo":{"@type":"ImageObject","inLanguage":"fr-FR","@id":"https:\/\/www.saint-paul-angouleme.fr\/application\/#\/schema\/logo\/image\/","url":"https:\/\/www.saint-paul-angouleme.fr\/application\/wp-content\/uploads\/2018\/08\/logo-saint-paul-couleurs.jpg","contentUrl":"https:\/\/www.saint-paul-angouleme.fr\/application\/wp-content\/uploads\/2018\/08\/logo-saint-paul-couleurs.jpg","width":1890,"height":709,"caption":"Ensemble scolaire Saint-Paul"},"image":{"@id":"https:\/\/www.saint-paul-angouleme.fr\/application\/#\/schema\/logo\/image\/"},"sameAs":["https:\/\/www.facebook.com\/SaintPaulAngouleme16\/","https:\/\/x.com\/StPaulAngoulem","https:\/\/www.youtube.com\/channel\/UCRLpz1CmPVqc0gn--YyXvjA?view_as=subscriber"]},{"@type":"Person","@id":"https:\/\/www.saint-paul-angouleme.fr\/application\/#\/schema\/person\/ea152930b1a3823659065827b1a5fb9b","name":"SAINT-PAUL","image":{"@type":"ImageObject","inLanguage":"fr-FR","@id":"https:\/\/www.saint-paul-angouleme.fr\/application\/#\/schema\/person\/image\/","url":"https:\/\/secure.gravatar.com\/avatar\/eadb0ffebc02683a61d69038eb2924f0?s=96&r=g","contentUrl":"https:\/\/secure.gravatar.com\/avatar\/eadb0ffebc02683a61d69038eb2924f0?s=96&r=g","caption":"SAINT-PAUL"},"url":"https:\/\/www.saint-paul-angouleme.fr\/application\/author\/myriam\/"}]}},"_links":{"self":[{"href":"https:\/\/www.saint-paul-angouleme.fr\/application\/wp-json\/wp\/v2\/posts\/8069"}],"collection":[{"href":"https:\/\/www.saint-paul-angouleme.fr\/application\/wp-json\/wp\/v2\/posts"}],"about":[{"href":"https:\/\/www.saint-paul-angouleme.fr\/application\/wp-json\/wp\/v2\/types\/post"}],"author":[{"embeddable":true,"href":"https:\/\/www.saint-paul-angouleme.fr\/application\/wp-json\/wp\/v2\/users\/3"}],"replies":[{"embeddable":true,"href":"https:\/\/www.saint-paul-angouleme.fr\/application\/wp-json\/wp\/v2\/comments?post=8069"}],"version-history":[{"count":3,"href":"https:\/\/www.saint-paul-angouleme.fr\/application\/wp-json\/wp\/v2\/posts\/8069\/revisions"}],"predecessor-version":[{"id":8081,"href":"https:\/\/www.saint-paul-angouleme.fr\/application\/wp-json\/wp\/v2\/posts\/8069\/revisions\/8081"}],"wp:featuredmedia":[{"embeddable":true,"href":"https:\/\/www.saint-paul-angouleme.fr\/application\/wp-json\/wp\/v2\/media\/8071"}],"wp:attachment":[{"href":"https:\/\/www.saint-paul-angouleme.fr\/application\/wp-json\/wp\/v2\/media?parent=8069"}],"wp:term":[{"taxonomy":"category","embeddable":true,"href":"https:\/\/www.saint-paul-angouleme.fr\/application\/wp-json\/wp\/v2\/categories?post=8069"},{"taxonomy":"post_tag","embeddable":true,"href":"https:\/\/www.saint-paul-angouleme.fr\/application\/wp-json\/wp\/v2\/tags?post=8069"}],"curies":[{"name":"wp","href":"https:\/\/api.w.org\/{rel}","templated":true}]}}