{"id":8037,"date":"2023-09-07T11:45:26","date_gmt":"2023-09-07T09:45:26","guid":{"rendered":"https:\/\/www.saint-paul-angouleme.fr\/application\/?p=8037"},"modified":"2023-09-07T11:45:29","modified_gmt":"2023-09-07T09:45:29","slug":"rentree-scolaire","status":"publish","type":"post","link":"https:\/\/www.saint-paul-angouleme.fr\/application\/rentree-scolaire\/","title":{"rendered":"Excellente rentr\u00e9e scolaire 2023-2024"},"content":{"rendered":"\n<figure class=\"wp-block-image size-large\"><img loading=\"lazy\" decoding=\"async\" width=\"1024\" height=\"732\" src=\"https:\/\/www.saint-paul-angouleme.fr\/application\/wp-content\/uploads\/2023\/09\/Rentree-6eme-23-24-4-1024x732.jpg\" alt=\"El\u00e8ves et parents attendent l'appel par classes\" class=\"wp-image-8038\" srcset=\"https:\/\/www.saint-paul-angouleme.fr\/application\/wp-content\/uploads\/2023\/09\/Rentree-6eme-23-24-4-1024x732.jpg 1024w, https:\/\/www.saint-paul-angouleme.fr\/application\/wp-content\/uploads\/2023\/09\/Rentree-6eme-23-24-4-300x214.jpg 300w, https:\/\/www.saint-paul-angouleme.fr\/application\/wp-content\/uploads\/2023\/09\/Rentree-6eme-23-24-4-768x549.jpg 768w, https:\/\/www.saint-paul-angouleme.fr\/application\/wp-content\/uploads\/2023\/09\/Rentree-6eme-23-24-4-1536x1098.jpg 1536w, https:\/\/www.saint-paul-angouleme.fr\/application\/wp-content\/uploads\/2023\/09\/Rentree-6eme-23-24-4-2048x1464.jpg 2048w\" sizes=\"(max-width: 1024px) 100vw, 1024px\" \/><\/figure>\n\n\n\n<p>C&#8217;est \u00e0 partir de 9h00 que \u00e9l\u00e8ves et parents franchissent l&#8217;entr\u00e9e du coll\u00e8ge pour la <a href=\"https:\/\/www.saint-paul-angouleme.fr\/application\/bienvenue-a-saint-paul-et-bonne-rentree\/\" target=\"_blank\" rel=\"noreferrer noopener\">rentr\u00e9e scolaire<\/a>. Petite halte au stand de l&#8217;<a href=\"https:\/\/www.apel.fr\/\" target=\"_blank\" rel=\"noreferrer noopener\">APEL<\/a> (Association des Parents d&#8217;El\u00e8ves de l&#8217;enseignement Libre) afin d&#8217;\u00e9changer quelques mots autour d&#8217;un caf\u00e9 ou autre boisson.<\/p>\n\n\n\n<h3 class=\"wp-block-heading\">Rentr\u00e9e scolaire sur mesure pour nos 6\u00e8me<\/h3>\n\n\n\n<p>En effet nos 127 \u00e9l\u00e8ves en classe de 6\u00e8me sont seuls pr\u00e9sents \u00e0 Saint-Paul ce lundi 4 septembre 2023. De fait, le passage de la petite \u00e9cole primaire au grand coll\u00e8ge peut parfois \u00eatre impressionnante. Tout au long de la journ\u00e9e ils d\u00e9couvrent les sp\u00e9cificit\u00e9s de cette nouvelle classe, les diff\u00e9rents lieux et quelques acteurs (enseignants, personnels de vie scolaire, animatrice en Pastorale Scolaire&#8230;).<\/p>\n\n\n\n<figure class=\"wp-block-image size-large\"><img loading=\"lazy\" decoding=\"async\" width=\"1024\" height=\"768\" src=\"https:\/\/www.saint-paul-angouleme.fr\/application\/wp-content\/uploads\/2023\/09\/Rentree-6eme-23-24-1024x768.jpg\" alt=\"Mme EPAUD, nouvelle cheffe d'\u00e9tablissement se pr\u00e9sente et fait l'appel\" class=\"wp-image-8040\" srcset=\"https:\/\/www.saint-paul-angouleme.fr\/application\/wp-content\/uploads\/2023\/09\/Rentree-6eme-23-24-1024x768.jpg 1024w, https:\/\/www.saint-paul-angouleme.fr\/application\/wp-content\/uploads\/2023\/09\/Rentree-6eme-23-24-300x225.jpg 300w, https:\/\/www.saint-paul-angouleme.fr\/application\/wp-content\/uploads\/2023\/09\/Rentree-6eme-23-24-768x576.jpg 768w, https:\/\/www.saint-paul-angouleme.fr\/application\/wp-content\/uploads\/2023\/09\/Rentree-6eme-23-24-1536x1152.jpg 1536w, https:\/\/www.saint-paul-angouleme.fr\/application\/wp-content\/uploads\/2023\/09\/Rentree-6eme-23-24-2048x1536.jpg 2048w\" sizes=\"(max-width: 1024px) 100vw, 1024px\" \/><\/figure>\n\n\n\n<p><\/p>\n\n\n\n<p>A 9h30, Mme Laurence EPAUD, nouvelle cheffe d&#8217;\u00e9tablissement, prend le micro pour se pr\u00e9senter et faire l&#8217;appel classe par classe. Les Professeurs Responsables de Classe (PRC) se rendent  sur la galerie pour accueillir leurs \u00e9l\u00e8ves au fur et \u00e0 mesure qu&#8217;ils se pr\u00e9sentent. Un petit salut de la main aux parents et, lorsque la classe est compl\u00e8te, une photo immortalise l&#8217;instant. Ensuite, chacun(e) rejoint sa salle de classe et son PRC car cette matin\u00e9e est consacr\u00e9e \u00e0 la distribution des documents administratifs, \u00e0 la lecture de la charte \u00e9ducative de confiance et du r\u00e8glement int\u00e9rieur, \u00e0 l&#8217;explication de l&#8217;emploi du temps. Le temps passe vite et la pause d\u00e9jeuner est d\u00e9j\u00e0 arriv\u00e9e. L&#8217;apr\u00e8s midi place aux activit\u00e9s ludiques permettant de se familiariser avec l&#8217;\u00e9tablissement. 16h30  marque la fin de cette premi\u00e8re journ\u00e9e et de la rentr\u00e9e scolaire des nouveaux coll\u00e9giens.<\/p>\n\n\n\n<p><\/p>\n\n\n\n<figure class=\"wp-block-gallery has-nested-images columns-default is-cropped wp-block-gallery-1 is-layout-flex wp-block-gallery-is-layout-flex\">\n<figure class=\"wp-block-image size-large\"><img loading=\"lazy\" decoding=\"async\" width=\"1024\" height=\"768\" data-id=\"8047\" src=\"https:\/\/www.saint-paul-angouleme.fr\/application\/wp-content\/uploads\/2023\/09\/Rentree-6eme-23-24-5-1024x768.jpg\" alt=\"\" class=\"wp-image-8047\" srcset=\"https:\/\/www.saint-paul-angouleme.fr\/application\/wp-content\/uploads\/2023\/09\/Rentree-6eme-23-24-5-1024x768.jpg 1024w, https:\/\/www.saint-paul-angouleme.fr\/application\/wp-content\/uploads\/2023\/09\/Rentree-6eme-23-24-5-300x225.jpg 300w, https:\/\/www.saint-paul-angouleme.fr\/application\/wp-content\/uploads\/2023\/09\/Rentree-6eme-23-24-5-768x576.jpg 768w, https:\/\/www.saint-paul-angouleme.fr\/application\/wp-content\/uploads\/2023\/09\/Rentree-6eme-23-24-5-1536x1152.jpg 1536w, https:\/\/www.saint-paul-angouleme.fr\/application\/wp-content\/uploads\/2023\/09\/Rentree-6eme-23-24-5-2048x1536.jpg 2048w\" sizes=\"(max-width: 1024px) 100vw, 1024px\" \/><\/figure>\n\n\n\n<figure class=\"wp-block-image size-large\"><img loading=\"lazy\" decoding=\"async\" width=\"1024\" height=\"756\" data-id=\"8045\" src=\"https:\/\/www.saint-paul-angouleme.fr\/application\/wp-content\/uploads\/2023\/09\/Rentree-6eme-23-24-6-1024x756.jpg\" alt=\"\" class=\"wp-image-8045\" srcset=\"https:\/\/www.saint-paul-angouleme.fr\/application\/wp-content\/uploads\/2023\/09\/Rentree-6eme-23-24-6-1024x756.jpg 1024w, https:\/\/www.saint-paul-angouleme.fr\/application\/wp-content\/uploads\/2023\/09\/Rentree-6eme-23-24-6-300x222.jpg 300w, https:\/\/www.saint-paul-angouleme.fr\/application\/wp-content\/uploads\/2023\/09\/Rentree-6eme-23-24-6-768x567.jpg 768w, https:\/\/www.saint-paul-angouleme.fr\/application\/wp-content\/uploads\/2023\/09\/Rentree-6eme-23-24-6-1536x1134.jpg 1536w, https:\/\/www.saint-paul-angouleme.fr\/application\/wp-content\/uploads\/2023\/09\/Rentree-6eme-23-24-6-2048x1513.jpg 2048w\" sizes=\"(max-width: 1024px) 100vw, 1024px\" \/><\/figure>\n\n\n\n<figure class=\"wp-block-image size-large\"><img loading=\"lazy\" decoding=\"async\" width=\"1024\" height=\"761\" data-id=\"8046\" src=\"https:\/\/www.saint-paul-angouleme.fr\/application\/wp-content\/uploads\/2023\/09\/Rentree-6eme-23-24-7-1024x761.jpg\" alt=\"\" class=\"wp-image-8046\" srcset=\"https:\/\/www.saint-paul-angouleme.fr\/application\/wp-content\/uploads\/2023\/09\/Rentree-6eme-23-24-7-1024x761.jpg 1024w, https:\/\/www.saint-paul-angouleme.fr\/application\/wp-content\/uploads\/2023\/09\/Rentree-6eme-23-24-7-300x223.jpg 300w, https:\/\/www.saint-paul-angouleme.fr\/application\/wp-content\/uploads\/2023\/09\/Rentree-6eme-23-24-7-768x571.jpg 768w, https:\/\/www.saint-paul-angouleme.fr\/application\/wp-content\/uploads\/2023\/09\/Rentree-6eme-23-24-7-1536x1142.jpg 1536w, https:\/\/www.saint-paul-angouleme.fr\/application\/wp-content\/uploads\/2023\/09\/Rentree-6eme-23-24-7-2048x1522.jpg 2048w\" sizes=\"(max-width: 1024px) 100vw, 1024px\" \/><\/figure>\n\n\n\n<figure class=\"wp-block-image size-large\"><img loading=\"lazy\" decoding=\"async\" width=\"1024\" height=\"768\" data-id=\"8048\" src=\"https:\/\/www.saint-paul-angouleme.fr\/application\/wp-content\/uploads\/2023\/09\/Rentree-6eme-23-24-8-1024x768.jpg\" alt=\"\" class=\"wp-image-8048\" srcset=\"https:\/\/www.saint-paul-angouleme.fr\/application\/wp-content\/uploads\/2023\/09\/Rentree-6eme-23-24-8-1024x768.jpg 1024w, https:\/\/www.saint-paul-angouleme.fr\/application\/wp-content\/uploads\/2023\/09\/Rentree-6eme-23-24-8-300x225.jpg 300w, https:\/\/www.saint-paul-angouleme.fr\/application\/wp-content\/uploads\/2023\/09\/Rentree-6eme-23-24-8-768x576.jpg 768w, https:\/\/www.saint-paul-angouleme.fr\/application\/wp-content\/uploads\/2023\/09\/Rentree-6eme-23-24-8-1536x1152.jpg 1536w, https:\/\/www.saint-paul-angouleme.fr\/application\/wp-content\/uploads\/2023\/09\/Rentree-6eme-23-24-8-2048x1536.jpg 2048w\" sizes=\"(max-width: 1024px) 100vw, 1024px\" \/><\/figure>\n\n\n\n<figure class=\"wp-block-image size-large\"><img loading=\"lazy\" decoding=\"async\" width=\"1024\" height=\"753\" data-id=\"8044\" src=\"https:\/\/www.saint-paul-angouleme.fr\/application\/wp-content\/uploads\/2023\/09\/Rentree-6eme-23-24-9-1024x753.jpg\" alt=\"\" class=\"wp-image-8044\" srcset=\"https:\/\/www.saint-paul-angouleme.fr\/application\/wp-content\/uploads\/2023\/09\/Rentree-6eme-23-24-9-1024x753.jpg 1024w, https:\/\/www.saint-paul-angouleme.fr\/application\/wp-content\/uploads\/2023\/09\/Rentree-6eme-23-24-9-300x221.jpg 300w, https:\/\/www.saint-paul-angouleme.fr\/application\/wp-content\/uploads\/2023\/09\/Rentree-6eme-23-24-9-768x565.jpg 768w, https:\/\/www.saint-paul-angouleme.fr\/application\/wp-content\/uploads\/2023\/09\/Rentree-6eme-23-24-9-1536x1129.jpg 1536w, https:\/\/www.saint-paul-angouleme.fr\/application\/wp-content\/uploads\/2023\/09\/Rentree-6eme-23-24-9-2048x1506.jpg 2048w\" sizes=\"(max-width: 1024px) 100vw, 1024px\" \/><\/figure>\n<figcaption class=\"blocks-gallery-caption\">Les classes sont form\u00e9es<\/figcaption><\/figure>\n\n\n\n<p><\/p>\n\n\n\n<figure class=\"wp-block-image size-large\"><img loading=\"lazy\" decoding=\"async\" width=\"1024\" height=\"768\" src=\"https:\/\/www.saint-paul-angouleme.fr\/application\/wp-content\/uploads\/2023\/09\/Rentree-2des-23-24-1024x768.jpg\" alt=\"Pr\u00e9sentation de la Vie Scolaire lyc\u00e9e et des PRC\" class=\"wp-image-8049\" srcset=\"https:\/\/www.saint-paul-angouleme.fr\/application\/wp-content\/uploads\/2023\/09\/Rentree-2des-23-24-1024x768.jpg 1024w, https:\/\/www.saint-paul-angouleme.fr\/application\/wp-content\/uploads\/2023\/09\/Rentree-2des-23-24-300x225.jpg 300w, https:\/\/www.saint-paul-angouleme.fr\/application\/wp-content\/uploads\/2023\/09\/Rentree-2des-23-24-768x576.jpg 768w, https:\/\/www.saint-paul-angouleme.fr\/application\/wp-content\/uploads\/2023\/09\/Rentree-2des-23-24-1536x1152.jpg 1536w, https:\/\/www.saint-paul-angouleme.fr\/application\/wp-content\/uploads\/2023\/09\/Rentree-2des-23-24-2048x1536.jpg 2048w\" sizes=\"(max-width: 1024px) 100vw, 1024px\" \/><\/figure>\n\n\n\n<h3 class=\"wp-block-heading\">Le mardi rentr\u00e9e pour les autres classes<\/h3>\n\n\n\n<p><\/p>\n\n\n\n<p>Mardi 5 septembre les autres classes font leur rentr\u00e9e scolaire. Celle-ci est \u00e9chelonn\u00e9e sur la matin\u00e9e en fonction des niveaux.  Les \u00e9l\u00e8ves de classe de seconde arrivent en d\u00e9but d&#8217;apr\u00e8s-midi. Les autres niveaux (1\u00e8re et terminale) sont accueillis plus tardivement. Monsieur FABRE, coordinateur \u00e9ducatif et p\u00e9dagogique fait l&#8217;appel. De la m\u00eame mani\u00e8re les PRC prennent en charge leurs \u00e9l\u00e8ves pour un accueil personnalis\u00e9. Les \u00e9l\u00e8ves d\u00e9j\u00e0 pr\u00e9sents \u00e0 Saint-Paul comme les nouveaux d\u00e9couvrent les sp\u00e9cificit\u00e9s du Lyc\u00e9e.<\/p>\n\n\n\n<p><\/p>\n\n\n\n<figure class=\"wp-block-gallery has-nested-images columns-default is-cropped wp-block-gallery-2 is-layout-flex wp-block-gallery-is-layout-flex\">\n<figure class=\"wp-block-image size-large\"><img loading=\"lazy\" decoding=\"async\" width=\"1024\" height=\"768\" data-id=\"8052\" src=\"https:\/\/www.saint-paul-angouleme.fr\/application\/wp-content\/uploads\/2023\/09\/Rentree-2des-23-24-3-1024x768.jpg\" alt=\"\" class=\"wp-image-8052\" srcset=\"https:\/\/www.saint-paul-angouleme.fr\/application\/wp-content\/uploads\/2023\/09\/Rentree-2des-23-24-3-1024x768.jpg 1024w, https:\/\/www.saint-paul-angouleme.fr\/application\/wp-content\/uploads\/2023\/09\/Rentree-2des-23-24-3-300x225.jpg 300w, https:\/\/www.saint-paul-angouleme.fr\/application\/wp-content\/uploads\/2023\/09\/Rentree-2des-23-24-3-768x576.jpg 768w, https:\/\/www.saint-paul-angouleme.fr\/application\/wp-content\/uploads\/2023\/09\/Rentree-2des-23-24-3-1536x1152.jpg 1536w, https:\/\/www.saint-paul-angouleme.fr\/application\/wp-content\/uploads\/2023\/09\/Rentree-2des-23-24-3-2048x1536.jpg 2048w\" sizes=\"(max-width: 1024px) 100vw, 1024px\" \/><\/figure>\n\n\n\n<figure class=\"wp-block-image size-large\"><img loading=\"lazy\" decoding=\"async\" width=\"1024\" height=\"768\" data-id=\"8051\" src=\"https:\/\/www.saint-paul-angouleme.fr\/application\/wp-content\/uploads\/2023\/09\/Rentree-2des-23-24-4-1024x768.jpg\" alt=\"\" class=\"wp-image-8051\" srcset=\"https:\/\/www.saint-paul-angouleme.fr\/application\/wp-content\/uploads\/2023\/09\/Rentree-2des-23-24-4-1024x768.jpg 1024w, https:\/\/www.saint-paul-angouleme.fr\/application\/wp-content\/uploads\/2023\/09\/Rentree-2des-23-24-4-300x225.jpg 300w, https:\/\/www.saint-paul-angouleme.fr\/application\/wp-content\/uploads\/2023\/09\/Rentree-2des-23-24-4-768x576.jpg 768w, https:\/\/www.saint-paul-angouleme.fr\/application\/wp-content\/uploads\/2023\/09\/Rentree-2des-23-24-4-1536x1152.jpg 1536w, https:\/\/www.saint-paul-angouleme.fr\/application\/wp-content\/uploads\/2023\/09\/Rentree-2des-23-24-4-2048x1536.jpg 2048w\" sizes=\"(max-width: 1024px) 100vw, 1024px\" \/><\/figure>\n\n\n\n<figure class=\"wp-block-image size-large\"><img loading=\"lazy\" decoding=\"async\" width=\"1024\" height=\"749\" data-id=\"8053\" src=\"https:\/\/www.saint-paul-angouleme.fr\/application\/wp-content\/uploads\/2023\/09\/Rentree-2des-23-24-5-1024x749.jpg\" alt=\"\" class=\"wp-image-8053\" srcset=\"https:\/\/www.saint-paul-angouleme.fr\/application\/wp-content\/uploads\/2023\/09\/Rentree-2des-23-24-5-1024x749.jpg 1024w, https:\/\/www.saint-paul-angouleme.fr\/application\/wp-content\/uploads\/2023\/09\/Rentree-2des-23-24-5-300x220.jpg 300w, https:\/\/www.saint-paul-angouleme.fr\/application\/wp-content\/uploads\/2023\/09\/Rentree-2des-23-24-5-768x562.jpg 768w, https:\/\/www.saint-paul-angouleme.fr\/application\/wp-content\/uploads\/2023\/09\/Rentree-2des-23-24-5-1536x1124.jpg 1536w, https:\/\/www.saint-paul-angouleme.fr\/application\/wp-content\/uploads\/2023\/09\/Rentree-2des-23-24-5-2048x1499.jpg 2048w\" sizes=\"(max-width: 1024px) 100vw, 1024px\" \/><\/figure>\n\n\n\n<figure class=\"wp-block-image size-large\"><img loading=\"lazy\" decoding=\"async\" width=\"1024\" height=\"753\" data-id=\"8055\" src=\"https:\/\/www.saint-paul-angouleme.fr\/application\/wp-content\/uploads\/2023\/09\/Rentree-2des-23-24-6-1024x753.jpg\" alt=\"\" class=\"wp-image-8055\" srcset=\"https:\/\/www.saint-paul-angouleme.fr\/application\/wp-content\/uploads\/2023\/09\/Rentree-2des-23-24-6-1024x753.jpg 1024w, https:\/\/www.saint-paul-angouleme.fr\/application\/wp-content\/uploads\/2023\/09\/Rentree-2des-23-24-6-300x221.jpg 300w, https:\/\/www.saint-paul-angouleme.fr\/application\/wp-content\/uploads\/2023\/09\/Rentree-2des-23-24-6-768x565.jpg 768w, https:\/\/www.saint-paul-angouleme.fr\/application\/wp-content\/uploads\/2023\/09\/Rentree-2des-23-24-6-1536x1130.jpg 1536w, https:\/\/www.saint-paul-angouleme.fr\/application\/wp-content\/uploads\/2023\/09\/Rentree-2des-23-24-6-2048x1506.jpg 2048w\" sizes=\"(max-width: 1024px) 100vw, 1024px\" \/><\/figure>\n\n\n\n<figure class=\"wp-block-image size-large\"><img loading=\"lazy\" decoding=\"async\" width=\"1024\" height=\"768\" data-id=\"8056\" src=\"https:\/\/www.saint-paul-angouleme.fr\/application\/wp-content\/uploads\/2023\/09\/Rentree-2des-23-24-7-1024x768.jpg\" alt=\"\" class=\"wp-image-8056\" srcset=\"https:\/\/www.saint-paul-angouleme.fr\/application\/wp-content\/uploads\/2023\/09\/Rentree-2des-23-24-7-1024x768.jpg 1024w, https:\/\/www.saint-paul-angouleme.fr\/application\/wp-content\/uploads\/2023\/09\/Rentree-2des-23-24-7-300x225.jpg 300w, https:\/\/www.saint-paul-angouleme.fr\/application\/wp-content\/uploads\/2023\/09\/Rentree-2des-23-24-7-768x576.jpg 768w, https:\/\/www.saint-paul-angouleme.fr\/application\/wp-content\/uploads\/2023\/09\/Rentree-2des-23-24-7-1536x1152.jpg 1536w, https:\/\/www.saint-paul-angouleme.fr\/application\/wp-content\/uploads\/2023\/09\/Rentree-2des-23-24-7-2048x1536.jpg 2048w\" sizes=\"(max-width: 1024px) 100vw, 1024px\" \/><\/figure>\n\n\n\n<figure class=\"wp-block-image size-large\"><img loading=\"lazy\" decoding=\"async\" width=\"1024\" height=\"755\" data-id=\"8054\" src=\"https:\/\/www.saint-paul-angouleme.fr\/application\/wp-content\/uploads\/2023\/09\/Rentree-2des-23-24-8-1024x755.jpg\" alt=\"\" class=\"wp-image-8054\" srcset=\"https:\/\/www.saint-paul-angouleme.fr\/application\/wp-content\/uploads\/2023\/09\/Rentree-2des-23-24-8-1024x755.jpg 1024w, https:\/\/www.saint-paul-angouleme.fr\/application\/wp-content\/uploads\/2023\/09\/Rentree-2des-23-24-8-300x221.jpg 300w, https:\/\/www.saint-paul-angouleme.fr\/application\/wp-content\/uploads\/2023\/09\/Rentree-2des-23-24-8-768x566.jpg 768w, https:\/\/www.saint-paul-angouleme.fr\/application\/wp-content\/uploads\/2023\/09\/Rentree-2des-23-24-8-1536x1132.jpg 1536w, https:\/\/www.saint-paul-angouleme.fr\/application\/wp-content\/uploads\/2023\/09\/Rentree-2des-23-24-8-2048x1510.jpg 2048w\" sizes=\"(max-width: 1024px) 100vw, 1024px\" \/><\/figure>\n<\/figure>\n\n\n\n<p><\/p>\n\n\n\n<p>Pour les lyc\u00e9ens comme pour les coll\u00e9giens cette journ\u00e9e est tr\u00e8s vite pass\u00e9e.<\/p>\n\n\n\n<p><\/p>\n","protected":false},"excerpt":{"rendered":"<p>C&#8217;est \u00e0 partir de 9h00 que \u00e9l\u00e8ves et parents franchissent l&#8217;entr\u00e9e du coll\u00e8ge pour la rentr\u00e9e scolaire. Petite halte au stand de l&#8217;APEL (Association des Parents d&#8217;El\u00e8ves de l&#8217;enseignement Libre) afin d&#8217;\u00e9changer quelques mots autour d&#8217;un caf\u00e9 ou autre boisson. Rentr\u00e9e scolaire sur mesure pour nos 6\u00e8me En effet nos 127 \u00e9l\u00e8ves en classe de &#8230; <a title=\"Excellente rentr\u00e9e scolaire 2023-2024\" class=\"read-more\" href=\"https:\/\/www.saint-paul-angouleme.fr\/application\/rentree-scolaire\/\" aria-label=\"Read more about Excellente rentr\u00e9e scolaire 2023-2024\">Lire la suite<\/a><\/p>\n","protected":false},"author":3,"featured_media":8039,"comment_status":"open","ping_status":"open","sticky":false,"template":"","format":"standard","meta":{"_exactmetrics_skip_tracking":false,"_exactmetrics_sitenote_active":false,"_exactmetrics_sitenote_note":"","_exactmetrics_sitenote_category":0,"footnotes":""},"categories":[13,12],"tags":[],"class_list":["post-8037","post","type-post","status-publish","format-standard","has-post-thumbnail","hentry","category-pedagogie","category-rendez-vous"],"yoast_head":"<!-- This site is optimized with the Yoast SEO plugin v23.3 - https:\/\/yoast.com\/wordpress\/plugins\/seo\/ -->\n<title>Une excellente rentr\u00e9e scolaire 2023 2024<\/title>\n<meta name=\"description\" content=\"La rentr\u00e9e scolaire 2023 2024 s&#039;est tr\u00e8s bien d\u00e9roul\u00e9e. Une rentr\u00e9e en deux temps afin de permettre aux sixi\u00e8mes de prendre leurs marques.\" \/>\n<meta name=\"robots\" content=\"index, follow, max-snippet:-1, max-image-preview:large, max-video-preview:-1\" \/>\n<link rel=\"canonical\" href=\"https:\/\/www.saint-paul-angouleme.fr\/application\/rentree-scolaire\/\" \/>\n<meta property=\"og:locale\" content=\"fr_FR\" \/>\n<meta property=\"og:type\" content=\"article\" \/>\n<meta property=\"og:title\" content=\"Une excellente rentr\u00e9e scolaire 2023 2024\" \/>\n<meta property=\"og:description\" content=\"La rentr\u00e9e scolaire 2023 2024 s&#039;est tr\u00e8s bien d\u00e9roul\u00e9e. Une rentr\u00e9e en deux temps afin de permettre aux sixi\u00e8mes de prendre leurs marques.\" \/>\n<meta property=\"og:url\" content=\"https:\/\/www.saint-paul-angouleme.fr\/application\/rentree-scolaire\/\" \/>\n<meta property=\"og:site_name\" content=\"Actualit\u00e9s\" \/>\n<meta property=\"article:publisher\" content=\"https:\/\/www.facebook.com\/SaintPaulAngouleme16\/\" \/>\n<meta property=\"article:published_time\" content=\"2023-09-07T09:45:26+00:00\" \/>\n<meta property=\"article:modified_time\" content=\"2023-09-07T09:45:29+00:00\" \/>\n<meta property=\"og:image\" content=\"https:\/\/www.saint-paul-angouleme.fr\/application\/wp-content\/uploads\/2023\/09\/Rentree-6eme-23-24-1-scaled.jpg\" \/>\n\t<meta property=\"og:image:width\" content=\"2560\" \/>\n\t<meta property=\"og:image:height\" content=\"1942\" \/>\n\t<meta property=\"og:image:type\" content=\"image\/jpeg\" \/>\n<meta name=\"author\" content=\"SAINT-PAUL\" \/>\n<meta name=\"twitter:card\" content=\"summary_large_image\" \/>\n<meta name=\"twitter:creator\" content=\"@StPaulAngoulem\" \/>\n<meta name=\"twitter:site\" content=\"@StPaulAngoulem\" \/>\n<meta name=\"twitter:label1\" content=\"\u00c9crit par\" \/>\n\t<meta name=\"twitter:data1\" content=\"SAINT-PAUL\" \/>\n\t<meta name=\"twitter:label2\" content=\"Dur\u00e9e de lecture estim\u00e9e\" \/>\n\t<meta name=\"twitter:data2\" content=\"5 minutes\" \/>\n<script type=\"application\/ld+json\" class=\"yoast-schema-graph\">{\"@context\":\"https:\/\/schema.org\",\"@graph\":[{\"@type\":\"Article\",\"@id\":\"https:\/\/www.saint-paul-angouleme.fr\/application\/rentree-scolaire\/#article\",\"isPartOf\":{\"@id\":\"https:\/\/www.saint-paul-angouleme.fr\/application\/rentree-scolaire\/\"},\"author\":{\"name\":\"SAINT-PAUL\",\"@id\":\"https:\/\/www.saint-paul-angouleme.fr\/application\/#\/schema\/person\/ea152930b1a3823659065827b1a5fb9b\"},\"headline\":\"Excellente rentr\u00e9e scolaire 2023-2024\",\"datePublished\":\"2023-09-07T09:45:26+00:00\",\"dateModified\":\"2023-09-07T09:45:29+00:00\",\"mainEntityOfPage\":{\"@id\":\"https:\/\/www.saint-paul-angouleme.fr\/application\/rentree-scolaire\/\"},\"wordCount\":419,\"commentCount\":0,\"publisher\":{\"@id\":\"https:\/\/www.saint-paul-angouleme.fr\/application\/#organization\"},\"image\":{\"@id\":\"https:\/\/www.saint-paul-angouleme.fr\/application\/rentree-scolaire\/#primaryimage\"},\"thumbnailUrl\":\"https:\/\/www.saint-paul-angouleme.fr\/application\/wp-content\/uploads\/2023\/09\/Rentree-6eme-23-24-1-scaled.jpg\",\"articleSection\":[\"P\u00e9dagogie\",\"Rendez-vous\"],\"inLanguage\":\"fr-FR\",\"potentialAction\":[{\"@type\":\"CommentAction\",\"name\":\"Comment\",\"target\":[\"https:\/\/www.saint-paul-angouleme.fr\/application\/rentree-scolaire\/#respond\"]}]},{\"@type\":\"WebPage\",\"@id\":\"https:\/\/www.saint-paul-angouleme.fr\/application\/rentree-scolaire\/\",\"url\":\"https:\/\/www.saint-paul-angouleme.fr\/application\/rentree-scolaire\/\",\"name\":\"Une excellente rentr\u00e9e scolaire 2023 2024\",\"isPartOf\":{\"@id\":\"https:\/\/www.saint-paul-angouleme.fr\/application\/#website\"},\"primaryImageOfPage\":{\"@id\":\"https:\/\/www.saint-paul-angouleme.fr\/application\/rentree-scolaire\/#primaryimage\"},\"image\":{\"@id\":\"https:\/\/www.saint-paul-angouleme.fr\/application\/rentree-scolaire\/#primaryimage\"},\"thumbnailUrl\":\"https:\/\/www.saint-paul-angouleme.fr\/application\/wp-content\/uploads\/2023\/09\/Rentree-6eme-23-24-1-scaled.jpg\",\"datePublished\":\"2023-09-07T09:45:26+00:00\",\"dateModified\":\"2023-09-07T09:45:29+00:00\",\"description\":\"La rentr\u00e9e scolaire 2023 2024 s'est tr\u00e8s bien d\u00e9roul\u00e9e. Une rentr\u00e9e en deux temps afin de permettre aux sixi\u00e8mes de prendre leurs marques.\",\"breadcrumb\":{\"@id\":\"https:\/\/www.saint-paul-angouleme.fr\/application\/rentree-scolaire\/#breadcrumb\"},\"inLanguage\":\"fr-FR\",\"potentialAction\":[{\"@type\":\"ReadAction\",\"target\":[\"https:\/\/www.saint-paul-angouleme.fr\/application\/rentree-scolaire\/\"]}]},{\"@type\":\"ImageObject\",\"inLanguage\":\"fr-FR\",\"@id\":\"https:\/\/www.saint-paul-angouleme.fr\/application\/rentree-scolaire\/#primaryimage\",\"url\":\"https:\/\/www.saint-paul-angouleme.fr\/application\/wp-content\/uploads\/2023\/09\/Rentree-6eme-23-24-1-scaled.jpg\",\"contentUrl\":\"https:\/\/www.saint-paul-angouleme.fr\/application\/wp-content\/uploads\/2023\/09\/Rentree-6eme-23-24-1-scaled.jpg\",\"width\":2560,\"height\":1942},{\"@type\":\"BreadcrumbList\",\"@id\":\"https:\/\/www.saint-paul-angouleme.fr\/application\/rentree-scolaire\/#breadcrumb\",\"itemListElement\":[{\"@type\":\"ListItem\",\"position\":1,\"name\":\"Accueil\",\"item\":\"http:\/\/www.saint-paul-angouleme.fr\/application\/\"},{\"@type\":\"ListItem\",\"position\":2,\"name\":\"Excellente rentr\u00e9e scolaire 2023-2024\"}]},{\"@type\":\"WebSite\",\"@id\":\"https:\/\/www.saint-paul-angouleme.fr\/application\/#website\",\"url\":\"https:\/\/www.saint-paul-angouleme.fr\/application\/\",\"name\":\"Actualit\u00e9s\",\"description\":\"Actualit\u00e9s Saint Paul\",\"publisher\":{\"@id\":\"https:\/\/www.saint-paul-angouleme.fr\/application\/#organization\"},\"potentialAction\":[{\"@type\":\"SearchAction\",\"target\":{\"@type\":\"EntryPoint\",\"urlTemplate\":\"https:\/\/www.saint-paul-angouleme.fr\/application\/?s={search_term_string}\"},\"query-input\":\"required name=search_term_string\"}],\"inLanguage\":\"fr-FR\"},{\"@type\":\"Organization\",\"@id\":\"https:\/\/www.saint-paul-angouleme.fr\/application\/#organization\",\"name\":\"Ensemble scolaire Saint-Paul\",\"url\":\"https:\/\/www.saint-paul-angouleme.fr\/application\/\",\"logo\":{\"@type\":\"ImageObject\",\"inLanguage\":\"fr-FR\",\"@id\":\"https:\/\/www.saint-paul-angouleme.fr\/application\/#\/schema\/logo\/image\/\",\"url\":\"https:\/\/www.saint-paul-angouleme.fr\/application\/wp-content\/uploads\/2018\/08\/logo-saint-paul-couleurs.jpg\",\"contentUrl\":\"https:\/\/www.saint-paul-angouleme.fr\/application\/wp-content\/uploads\/2018\/08\/logo-saint-paul-couleurs.jpg\",\"width\":1890,\"height\":709,\"caption\":\"Ensemble scolaire Saint-Paul\"},\"image\":{\"@id\":\"https:\/\/www.saint-paul-angouleme.fr\/application\/#\/schema\/logo\/image\/\"},\"sameAs\":[\"https:\/\/www.facebook.com\/SaintPaulAngouleme16\/\",\"https:\/\/x.com\/StPaulAngoulem\",\"https:\/\/www.youtube.com\/channel\/UCRLpz1CmPVqc0gn--YyXvjA?view_as=subscriber\"]},{\"@type\":\"Person\",\"@id\":\"https:\/\/www.saint-paul-angouleme.fr\/application\/#\/schema\/person\/ea152930b1a3823659065827b1a5fb9b\",\"name\":\"SAINT-PAUL\",\"image\":{\"@type\":\"ImageObject\",\"inLanguage\":\"fr-FR\",\"@id\":\"https:\/\/www.saint-paul-angouleme.fr\/application\/#\/schema\/person\/image\/\",\"url\":\"https:\/\/secure.gravatar.com\/avatar\/eadb0ffebc02683a61d69038eb2924f0?s=96&r=g\",\"contentUrl\":\"https:\/\/secure.gravatar.com\/avatar\/eadb0ffebc02683a61d69038eb2924f0?s=96&r=g\",\"caption\":\"SAINT-PAUL\"},\"url\":\"https:\/\/www.saint-paul-angouleme.fr\/application\/author\/myriam\/\"}]}<\/script>\n<!-- \/ Yoast SEO plugin. -->","yoast_head_json":{"title":"Une excellente rentr\u00e9e scolaire 2023 2024","description":"La rentr\u00e9e scolaire 2023 2024 s'est tr\u00e8s bien d\u00e9roul\u00e9e. Une rentr\u00e9e en deux temps afin de permettre aux sixi\u00e8mes de prendre leurs marques.","robots":{"index":"index","follow":"follow","max-snippet":"max-snippet:-1","max-image-preview":"max-image-preview:large","max-video-preview":"max-video-preview:-1"},"canonical":"https:\/\/www.saint-paul-angouleme.fr\/application\/rentree-scolaire\/","og_locale":"fr_FR","og_type":"article","og_title":"Une excellente rentr\u00e9e scolaire 2023 2024","og_description":"La rentr\u00e9e scolaire 2023 2024 s'est tr\u00e8s bien d\u00e9roul\u00e9e. Une rentr\u00e9e en deux temps afin de permettre aux sixi\u00e8mes de prendre leurs marques.","og_url":"https:\/\/www.saint-paul-angouleme.fr\/application\/rentree-scolaire\/","og_site_name":"Actualit\u00e9s","article_publisher":"https:\/\/www.facebook.com\/SaintPaulAngouleme16\/","article_published_time":"2023-09-07T09:45:26+00:00","article_modified_time":"2023-09-07T09:45:29+00:00","og_image":[{"width":2560,"height":1942,"url":"https:\/\/www.saint-paul-angouleme.fr\/application\/wp-content\/uploads\/2023\/09\/Rentree-6eme-23-24-1-scaled.jpg","type":"image\/jpeg"}],"author":"SAINT-PAUL","twitter_card":"summary_large_image","twitter_creator":"@StPaulAngoulem","twitter_site":"@StPaulAngoulem","twitter_misc":{"\u00c9crit par":"SAINT-PAUL","Dur\u00e9e de lecture estim\u00e9e":"5 minutes"},"schema":{"@context":"https:\/\/schema.org","@graph":[{"@type":"Article","@id":"https:\/\/www.saint-paul-angouleme.fr\/application\/rentree-scolaire\/#article","isPartOf":{"@id":"https:\/\/www.saint-paul-angouleme.fr\/application\/rentree-scolaire\/"},"author":{"name":"SAINT-PAUL","@id":"https:\/\/www.saint-paul-angouleme.fr\/application\/#\/schema\/person\/ea152930b1a3823659065827b1a5fb9b"},"headline":"Excellente rentr\u00e9e scolaire 2023-2024","datePublished":"2023-09-07T09:45:26+00:00","dateModified":"2023-09-07T09:45:29+00:00","mainEntityOfPage":{"@id":"https:\/\/www.saint-paul-angouleme.fr\/application\/rentree-scolaire\/"},"wordCount":419,"commentCount":0,"publisher":{"@id":"https:\/\/www.saint-paul-angouleme.fr\/application\/#organization"},"image":{"@id":"https:\/\/www.saint-paul-angouleme.fr\/application\/rentree-scolaire\/#primaryimage"},"thumbnailUrl":"https:\/\/www.saint-paul-angouleme.fr\/application\/wp-content\/uploads\/2023\/09\/Rentree-6eme-23-24-1-scaled.jpg","articleSection":["P\u00e9dagogie","Rendez-vous"],"inLanguage":"fr-FR","potentialAction":[{"@type":"CommentAction","name":"Comment","target":["https:\/\/www.saint-paul-angouleme.fr\/application\/rentree-scolaire\/#respond"]}]},{"@type":"WebPage","@id":"https:\/\/www.saint-paul-angouleme.fr\/application\/rentree-scolaire\/","url":"https:\/\/www.saint-paul-angouleme.fr\/application\/rentree-scolaire\/","name":"Une excellente rentr\u00e9e scolaire 2023 2024","isPartOf":{"@id":"https:\/\/www.saint-paul-angouleme.fr\/application\/#website"},"primaryImageOfPage":{"@id":"https:\/\/www.saint-paul-angouleme.fr\/application\/rentree-scolaire\/#primaryimage"},"image":{"@id":"https:\/\/www.saint-paul-angouleme.fr\/application\/rentree-scolaire\/#primaryimage"},"thumbnailUrl":"https:\/\/www.saint-paul-angouleme.fr\/application\/wp-content\/uploads\/2023\/09\/Rentree-6eme-23-24-1-scaled.jpg","datePublished":"2023-09-07T09:45:26+00:00","dateModified":"2023-09-07T09:45:29+00:00","description":"La rentr\u00e9e scolaire 2023 2024 s'est tr\u00e8s bien d\u00e9roul\u00e9e. Une rentr\u00e9e en deux temps afin de permettre aux sixi\u00e8mes de prendre leurs marques.","breadcrumb":{"@id":"https:\/\/www.saint-paul-angouleme.fr\/application\/rentree-scolaire\/#breadcrumb"},"inLanguage":"fr-FR","potentialAction":[{"@type":"ReadAction","target":["https:\/\/www.saint-paul-angouleme.fr\/application\/rentree-scolaire\/"]}]},{"@type":"ImageObject","inLanguage":"fr-FR","@id":"https:\/\/www.saint-paul-angouleme.fr\/application\/rentree-scolaire\/#primaryimage","url":"https:\/\/www.saint-paul-angouleme.fr\/application\/wp-content\/uploads\/2023\/09\/Rentree-6eme-23-24-1-scaled.jpg","contentUrl":"https:\/\/www.saint-paul-angouleme.fr\/application\/wp-content\/uploads\/2023\/09\/Rentree-6eme-23-24-1-scaled.jpg","width":2560,"height":1942},{"@type":"BreadcrumbList","@id":"https:\/\/www.saint-paul-angouleme.fr\/application\/rentree-scolaire\/#breadcrumb","itemListElement":[{"@type":"ListItem","position":1,"name":"Accueil","item":"http:\/\/www.saint-paul-angouleme.fr\/application\/"},{"@type":"ListItem","position":2,"name":"Excellente rentr\u00e9e scolaire 2023-2024"}]},{"@type":"WebSite","@id":"https:\/\/www.saint-paul-angouleme.fr\/application\/#website","url":"https:\/\/www.saint-paul-angouleme.fr\/application\/","name":"Actualit\u00e9s","description":"Actualit\u00e9s Saint Paul","publisher":{"@id":"https:\/\/www.saint-paul-angouleme.fr\/application\/#organization"},"potentialAction":[{"@type":"SearchAction","target":{"@type":"EntryPoint","urlTemplate":"https:\/\/www.saint-paul-angouleme.fr\/application\/?s={search_term_string}"},"query-input":"required name=search_term_string"}],"inLanguage":"fr-FR"},{"@type":"Organization","@id":"https:\/\/www.saint-paul-angouleme.fr\/application\/#organization","name":"Ensemble scolaire Saint-Paul","url":"https:\/\/www.saint-paul-angouleme.fr\/application\/","logo":{"@type":"ImageObject","inLanguage":"fr-FR","@id":"https:\/\/www.saint-paul-angouleme.fr\/application\/#\/schema\/logo\/image\/","url":"https:\/\/www.saint-paul-angouleme.fr\/application\/wp-content\/uploads\/2018\/08\/logo-saint-paul-couleurs.jpg","contentUrl":"https:\/\/www.saint-paul-angouleme.fr\/application\/wp-content\/uploads\/2018\/08\/logo-saint-paul-couleurs.jpg","width":1890,"height":709,"caption":"Ensemble scolaire Saint-Paul"},"image":{"@id":"https:\/\/www.saint-paul-angouleme.fr\/application\/#\/schema\/logo\/image\/"},"sameAs":["https:\/\/www.facebook.com\/SaintPaulAngouleme16\/","https:\/\/x.com\/StPaulAngoulem","https:\/\/www.youtube.com\/channel\/UCRLpz1CmPVqc0gn--YyXvjA?view_as=subscriber"]},{"@type":"Person","@id":"https:\/\/www.saint-paul-angouleme.fr\/application\/#\/schema\/person\/ea152930b1a3823659065827b1a5fb9b","name":"SAINT-PAUL","image":{"@type":"ImageObject","inLanguage":"fr-FR","@id":"https:\/\/www.saint-paul-angouleme.fr\/application\/#\/schema\/person\/image\/","url":"https:\/\/secure.gravatar.com\/avatar\/eadb0ffebc02683a61d69038eb2924f0?s=96&r=g","contentUrl":"https:\/\/secure.gravatar.com\/avatar\/eadb0ffebc02683a61d69038eb2924f0?s=96&r=g","caption":"SAINT-PAUL"},"url":"https:\/\/www.saint-paul-angouleme.fr\/application\/author\/myriam\/"}]}},"_links":{"self":[{"href":"https:\/\/www.saint-paul-angouleme.fr\/application\/wp-json\/wp\/v2\/posts\/8037"}],"collection":[{"href":"https:\/\/www.saint-paul-angouleme.fr\/application\/wp-json\/wp\/v2\/posts"}],"about":[{"href":"https:\/\/www.saint-paul-angouleme.fr\/application\/wp-json\/wp\/v2\/types\/post"}],"author":[{"embeddable":true,"href":"https:\/\/www.saint-paul-angouleme.fr\/application\/wp-json\/wp\/v2\/users\/3"}],"replies":[{"embeddable":true,"href":"https:\/\/www.saint-paul-angouleme.fr\/application\/wp-json\/wp\/v2\/comments?post=8037"}],"version-history":[{"count":10,"href":"https:\/\/www.saint-paul-angouleme.fr\/application\/wp-json\/wp\/v2\/posts\/8037\/revisions"}],"predecessor-version":[{"id":8062,"href":"https:\/\/www.saint-paul-angouleme.fr\/application\/wp-json\/wp\/v2\/posts\/8037\/revisions\/8062"}],"wp:featuredmedia":[{"embeddable":true,"href":"https:\/\/www.saint-paul-angouleme.fr\/application\/wp-json\/wp\/v2\/media\/8039"}],"wp:attachment":[{"href":"https:\/\/www.saint-paul-angouleme.fr\/application\/wp-json\/wp\/v2\/media?parent=8037"}],"wp:term":[{"taxonomy":"category","embeddable":true,"href":"https:\/\/www.saint-paul-angouleme.fr\/application\/wp-json\/wp\/v2\/categories?post=8037"},{"taxonomy":"post_tag","embeddable":true,"href":"https:\/\/www.saint-paul-angouleme.fr\/application\/wp-json\/wp\/v2\/tags?post=8037"}],"curies":[{"name":"wp","href":"https:\/\/api.w.org\/{rel}","templated":true}]}}