{"id":7453,"date":"2023-05-23T17:07:37","date_gmt":"2023-05-23T15:07:37","guid":{"rendered":"https:\/\/www.saint-paul-angouleme.fr\/application\/?p=7453"},"modified":"2023-05-23T17:07:42","modified_gmt":"2023-05-23T15:07:42","slug":"deux-prix-au-concours-planche-de-sciences","status":"publish","type":"post","link":"https:\/\/www.saint-paul-angouleme.fr\/application\/deux-prix-au-concours-planche-de-sciences\/","title":{"rendered":"Deux prix au concours &#8220;Planche de sciences&#8221;"},"content":{"rendered":"\n<figure class=\"wp-block-image size-large\"><img loading=\"lazy\" decoding=\"async\" width=\"1024\" height=\"724\" src=\"https:\/\/www.saint-paul-angouleme.fr\/application\/wp-content\/uploads\/2023\/05\/Banquet-de-Dinos-Amandine-Olivie-Chloe-Faye-1024x724.jpg\" alt=\"\" class=\"wp-image-7460\" srcset=\"https:\/\/www.saint-paul-angouleme.fr\/application\/wp-content\/uploads\/2023\/05\/Banquet-de-Dinos-Amandine-Olivie-Chloe-Faye-1024x724.jpg 1024w, https:\/\/www.saint-paul-angouleme.fr\/application\/wp-content\/uploads\/2023\/05\/Banquet-de-Dinos-Amandine-Olivie-Chloe-Faye-300x212.jpg 300w, https:\/\/www.saint-paul-angouleme.fr\/application\/wp-content\/uploads\/2023\/05\/Banquet-de-Dinos-Amandine-Olivie-Chloe-Faye-768x543.jpg 768w, https:\/\/www.saint-paul-angouleme.fr\/application\/wp-content\/uploads\/2023\/05\/Banquet-de-Dinos-Amandine-Olivie-Chloe-Faye-1536x1086.jpg 1536w, https:\/\/www.saint-paul-angouleme.fr\/application\/wp-content\/uploads\/2023\/05\/Banquet-de-Dinos-Amandine-Olivie-Chloe-Faye.jpg 1754w\" sizes=\"(max-width: 1024px) 100vw, 1024px\" \/><\/figure>\n\n\n\n<p>Depuis le mois de novembre, nos \u00e9l\u00e8ves de premi\u00e8re en sp\u00e9cialit\u00e9 SVT se pr\u00e9parent pour le concours &#8220;Planche de Sciences&#8221;. Celui-ci se d\u00e9roule en plusieurs \u00e9tapes au fil des mois. L&#8217;objectif est de r\u00e9aliser une planche de BD avec l&#8217;aide d&#8217;une illustratrice.<\/p>\n\n\n\n<figure class=\"wp-block-image size-large\"><img loading=\"lazy\" decoding=\"async\" width=\"1024\" height=\"724\" src=\"https:\/\/www.saint-paul-angouleme.fr\/application\/wp-content\/uploads\/2023\/05\/Planches-de-sciences-1024x724.jpg\" alt=\"\" class=\"wp-image-7455\" srcset=\"https:\/\/www.saint-paul-angouleme.fr\/application\/wp-content\/uploads\/2023\/05\/Planches-de-sciences-1024x724.jpg 1024w, https:\/\/www.saint-paul-angouleme.fr\/application\/wp-content\/uploads\/2023\/05\/Planches-de-sciences-300x212.jpg 300w, https:\/\/www.saint-paul-angouleme.fr\/application\/wp-content\/uploads\/2023\/05\/Planches-de-sciences-768x543.jpg 768w, https:\/\/www.saint-paul-angouleme.fr\/application\/wp-content\/uploads\/2023\/05\/Planches-de-sciences-1536x1086.jpg 1536w, https:\/\/www.saint-paul-angouleme.fr\/application\/wp-content\/uploads\/2023\/05\/Planches-de-sciences-rotated.jpg 1754w\" sizes=\"(max-width: 1024px) 100vw, 1024px\" \/><\/figure>\n\n\n\n<h3 class=\"wp-block-heading\">Conf\u00e9rence de Monsieur Abderrazzak EL ALBANI<\/h3>\n\n\n\n<p>Le 25 novembre 2022 les \u00e9l\u00e8ves ont la chance de suivre sur le terrain <a href=\"https:\/\/blogs.univ-poitiers.fr\/abderrazzak-el-albani\/\" target=\"_blank\" rel=\"noreferrer noopener\">Monsieur EL ALBANI<\/a> qui est un chercheur passionn\u00e9 et passionnant. G\u00e9ologue \u00e0 l&#8217;Universit\u00e9 de Poitiers. En visioconf\u00e9rence depuis une plage d&#8217;Agadir (Maroc), il observe et commente des empreintes de pattes de dinosaures. C&#8217;est aussi une conf\u00e9rence sur les origines de la vie multicellulaire, fruit d&#8217;\u00e9tudes r\u00e9centes.<\/p>\n\n\n\n<p><\/p>\n\n\n\n<figure class=\"wp-block-gallery has-nested-images columns-default is-cropped wp-block-gallery-1 is-layout-flex wp-block-gallery-is-layout-flex\">\n<figure class=\"wp-block-image size-large\"><img loading=\"lazy\" decoding=\"async\" width=\"1024\" height=\"768\" data-id=\"7463\" src=\"https:\/\/www.saint-paul-angouleme.fr\/application\/wp-content\/uploads\/2023\/05\/P1044037-1024x768.jpg\" alt=\"\" class=\"wp-image-7463\" srcset=\"https:\/\/www.saint-paul-angouleme.fr\/application\/wp-content\/uploads\/2023\/05\/P1044037-1024x768.jpg 1024w, https:\/\/www.saint-paul-angouleme.fr\/application\/wp-content\/uploads\/2023\/05\/P1044037-300x225.jpg 300w, https:\/\/www.saint-paul-angouleme.fr\/application\/wp-content\/uploads\/2023\/05\/P1044037-768x576.jpg 768w, https:\/\/www.saint-paul-angouleme.fr\/application\/wp-content\/uploads\/2023\/05\/P1044037-1536x1152.jpg 1536w, https:\/\/www.saint-paul-angouleme.fr\/application\/wp-content\/uploads\/2023\/05\/P1044037-2048x1536.jpg 2048w\" sizes=\"(max-width: 1024px) 100vw, 1024px\" \/><\/figure>\n\n\n\n<figure class=\"wp-block-image size-large\"><img loading=\"lazy\" decoding=\"async\" width=\"1024\" height=\"768\" data-id=\"7462\" src=\"https:\/\/www.saint-paul-angouleme.fr\/application\/wp-content\/uploads\/2023\/05\/P1044038-1024x768.jpg\" alt=\"\" class=\"wp-image-7462\" srcset=\"https:\/\/www.saint-paul-angouleme.fr\/application\/wp-content\/uploads\/2023\/05\/P1044038-1024x768.jpg 1024w, https:\/\/www.saint-paul-angouleme.fr\/application\/wp-content\/uploads\/2023\/05\/P1044038-300x225.jpg 300w, https:\/\/www.saint-paul-angouleme.fr\/application\/wp-content\/uploads\/2023\/05\/P1044038-768x576.jpg 768w, https:\/\/www.saint-paul-angouleme.fr\/application\/wp-content\/uploads\/2023\/05\/P1044038-1536x1152.jpg 1536w, https:\/\/www.saint-paul-angouleme.fr\/application\/wp-content\/uploads\/2023\/05\/P1044038-2048x1536.jpg 2048w\" sizes=\"(max-width: 1024px) 100vw, 1024px\" \/><\/figure>\n<\/figure>\n\n\n\n<figure class=\"wp-block-embed is-type-video is-provider-youtube wp-block-embed-youtube\"><div style=\"display: contents;\" >\n<div class=\"arve\" data-mode=\"normal\" data-oembed=\"1\" data-provider=\"youtube\" id=\"arve-youtube-qj3rgr18oac\">\n<div class=\"arve-inner\">\n<div class=\"arve-embed arve-embed--has-aspect-ratio\">\n<span class=\"arve-ar\" style=\"padding-top:56.250000%\"><\/span><iframe credentialless referrerpolicy=\"strict-origin-when-cross-origin\" allow=\"accelerometer &#039;none&#039;;ambient-light-sensor &#039;none&#039;;autoplay &#039;none&#039;;battery &#039;none&#039;;bluetooth &#039;none&#039;;browsing-topics &#039;none&#039;;camera &#039;none&#039;;ch-ua &#039;none&#039;;clipboard-read &#039;none&#039;;clipboard-write;display-capture &#039;none&#039;;document-domain &#039;none&#039;;domain-agent &#039;none&#039;;encrypted-media &#039;none&#039;;execution-while-not-rendered &#039;none&#039;;execution-while-out-of-viewport &#039;none&#039;;gamepad &#039;none&#039;;geolocation &#039;none&#039;;gyroscope &#039;none&#039;;hid &#039;none&#039;;identity-credentials-get &#039;none&#039;;idle-detection &#039;none&#039;;keyboard-map &#039;none&#039;;local-fonts &#039;none&#039;;magnetometer &#039;none&#039;;microphone &#039;none&#039;;midi &#039;none&#039;;navigation-override &#039;none&#039;;otp-credentials &#039;none&#039;;payment &#039;none&#039;;picture-in-picture;publickey-credentials-create &#039;none&#039;;publickey-credentials-get &#039;none&#039;;screen-wake-lock &#039;none&#039;;serial &#039;none&#039;;speaker-selection;sync-xhr &#039;none&#039;;usb &#039;none&#039;;web-share;window-management &#039;none&#039;;xr-spatial-tracking &#039;none&#039;;\" allowfullscreen class=\"arve-iframe fitvidsignore\" data-arve=\"arve-youtube-qj3rgr18oac\" data-src-no-ap=\"https:\/\/www.youtube-nocookie.com\/embed\/QJ3rGr18OAc?feature=oembed&amp;iv_load_policy=3&amp;modestbranding=1&amp;rel=0&amp;autohide=1&amp;playsinline=0&amp;autoplay=0\" frameborder=\"0\" height=\"0\" name sandbox=\"allow-scripts allow-same-origin allow-presentation allow-popups allow-popups-to-escape-sandbox\" scrolling=\"no\" src=\"https:\/\/www.youtube-nocookie.com\/embed\/QJ3rGr18OAc?feature=oembed&#038;iv_load_policy=3&#038;modestbranding=1&#038;rel=0&#038;autohide=1&#038;playsinline=0&#038;autoplay=0\" width=\"0\" title loading=\"lazy\"><\/iframe>\n\n<\/div>\n\n<\/div>\n<script type=\"application\/ld+json\">{\"@context\":\"http:\\\/\\\/schema.org\\\/\",\"@id\":\"https:\\\/\\\/www.saint-paul-angouleme.fr\\\/application\\\/deux-prix-au-concours-planche-de-sciences\\\/#arve-youtube-qj3rgr18oac\",\"type\":\"VideoObject\",\"embedURL\":\"https:\\\/\\\/www.youtube-nocookie.com\\\/embed\\\/QJ3rGr18OAc?feature=oembed&iv_load_policy=3&modestbranding=1&rel=0&autohide=1&playsinline=0&autoplay=0\"}<\/script>\n<\/div>\n\n<\/div><\/figure>\n\n\n\n<h3 class=\"wp-block-heading\">Apr\u00e8s l&#8217;acquisition des connaissances place au dessin<\/h3>\n\n\n\n<p>Les \u00e9l\u00e8ves travaillent ensuite en groupes sur plusieurs s\u00e9ances. Il s&#8217;agit d&#8217;imaginer un sc\u00e9nario pour ensuite dessiner et mettre en \u0153uvre leurs id\u00e9es. Pas si facile qu&#8217;il n&#8217;y para\u00eet ! Mme <a href=\"https:\/\/studiobrou.com\/\" target=\"_blank\" rel=\"noreferrer noopener\">Morgane PARISI<\/a>, illustratrice, les encadre sur deux sessions afin de les aider du point de vue artistique. Les id\u00e9es fusent mais il faut les canaliser et apprendre \u00e0 les synth\u00e9tiser sur une planche BD&#8230; Passionnant et des talents se r\u00e9v\u00e8lent. Les planches sont ensuite expos\u00e9es dans le couloir de SVT afin que chacun(e) puisse les admirer.<\/p>\n\n\n\n<p><\/p>\n\n\n\n<figure class=\"wp-block-gallery has-nested-images columns-default is-cropped wp-block-gallery-2 is-layout-flex wp-block-gallery-is-layout-flex\">\n<figure class=\"wp-block-image size-large\"><img loading=\"lazy\" decoding=\"async\" width=\"724\" height=\"1024\" data-id=\"7466\" src=\"https:\/\/www.saint-paul-angouleme.fr\/application\/wp-content\/uploads\/2023\/05\/Retour-aux-sources-Manon-Dejin-Louise-Youna-Alexis-Amelie-724x1024.jpg\" alt=\"\" class=\"wp-image-7466\" srcset=\"https:\/\/www.saint-paul-angouleme.fr\/application\/wp-content\/uploads\/2023\/05\/Retour-aux-sources-Manon-Dejin-Louise-Youna-Alexis-Amelie-724x1024.jpg 724w, https:\/\/www.saint-paul-angouleme.fr\/application\/wp-content\/uploads\/2023\/05\/Retour-aux-sources-Manon-Dejin-Louise-Youna-Alexis-Amelie-212x300.jpg 212w, https:\/\/www.saint-paul-angouleme.fr\/application\/wp-content\/uploads\/2023\/05\/Retour-aux-sources-Manon-Dejin-Louise-Youna-Alexis-Amelie-768x1086.jpg 768w, https:\/\/www.saint-paul-angouleme.fr\/application\/wp-content\/uploads\/2023\/05\/Retour-aux-sources-Manon-Dejin-Louise-Youna-Alexis-Amelie-1086x1536.jpg 1086w, https:\/\/www.saint-paul-angouleme.fr\/application\/wp-content\/uploads\/2023\/05\/Retour-aux-sources-Manon-Dejin-Louise-Youna-Alexis-Amelie.jpg 1240w\" sizes=\"(max-width: 724px) 100vw, 724px\" \/><\/figure>\n\n\n\n<figure class=\"wp-block-image size-large\"><img loading=\"lazy\" decoding=\"async\" width=\"724\" height=\"1024\" data-id=\"7465\" src=\"https:\/\/www.saint-paul-angouleme.fr\/application\/wp-content\/uploads\/2023\/05\/Formation-fossiles-Raphael-Regina-Plinio-Kevin-Solange-724x1024.jpg\" alt=\"\" class=\"wp-image-7465\" srcset=\"https:\/\/www.saint-paul-angouleme.fr\/application\/wp-content\/uploads\/2023\/05\/Formation-fossiles-Raphael-Regina-Plinio-Kevin-Solange-724x1024.jpg 724w, https:\/\/www.saint-paul-angouleme.fr\/application\/wp-content\/uploads\/2023\/05\/Formation-fossiles-Raphael-Regina-Plinio-Kevin-Solange-212x300.jpg 212w, https:\/\/www.saint-paul-angouleme.fr\/application\/wp-content\/uploads\/2023\/05\/Formation-fossiles-Raphael-Regina-Plinio-Kevin-Solange-768x1086.jpg 768w, https:\/\/www.saint-paul-angouleme.fr\/application\/wp-content\/uploads\/2023\/05\/Formation-fossiles-Raphael-Regina-Plinio-Kevin-Solange-1086x1536.jpg 1086w, https:\/\/www.saint-paul-angouleme.fr\/application\/wp-content\/uploads\/2023\/05\/Formation-fossiles-Raphael-Regina-Plinio-Kevin-Solange.jpg 1240w\" sizes=\"(max-width: 724px) 100vw, 724px\" \/><\/figure>\n<\/figure>\n\n\n\n<figure class=\"wp-block-gallery has-nested-images columns-default is-cropped wp-block-gallery-3 is-layout-flex wp-block-gallery-is-layout-flex\">\n<figure class=\"wp-block-image size-large\"><img loading=\"lazy\" decoding=\"async\" width=\"724\" height=\"1024\" data-id=\"7467\" src=\"https:\/\/www.saint-paul-angouleme.fr\/application\/wp-content\/uploads\/2023\/05\/organisme-multicellulaire-Anis-Elyes-724x1024.jpg\" alt=\"\" class=\"wp-image-7467\" srcset=\"https:\/\/www.saint-paul-angouleme.fr\/application\/wp-content\/uploads\/2023\/05\/organisme-multicellulaire-Anis-Elyes-724x1024.jpg 724w, https:\/\/www.saint-paul-angouleme.fr\/application\/wp-content\/uploads\/2023\/05\/organisme-multicellulaire-Anis-Elyes-212x300.jpg 212w, https:\/\/www.saint-paul-angouleme.fr\/application\/wp-content\/uploads\/2023\/05\/organisme-multicellulaire-Anis-Elyes-768x1086.jpg 768w, https:\/\/www.saint-paul-angouleme.fr\/application\/wp-content\/uploads\/2023\/05\/organisme-multicellulaire-Anis-Elyes-1086x1536.jpg 1086w, https:\/\/www.saint-paul-angouleme.fr\/application\/wp-content\/uploads\/2023\/05\/organisme-multicellulaire-Anis-Elyes.jpg 1240w\" sizes=\"(max-width: 724px) 100vw, 724px\" \/><\/figure>\n\n\n\n<figure class=\"wp-block-image size-large\"><img loading=\"lazy\" decoding=\"async\" width=\"1024\" height=\"724\" data-id=\"7468\" src=\"https:\/\/www.saint-paul-angouleme.fr\/application\/wp-content\/uploads\/2023\/05\/Banquet-de-Dinos-Amandine-Olivie-Chloe-Faye-1-1024x724.jpg\" alt=\"\" class=\"wp-image-7468\" srcset=\"https:\/\/www.saint-paul-angouleme.fr\/application\/wp-content\/uploads\/2023\/05\/Banquet-de-Dinos-Amandine-Olivie-Chloe-Faye-1-1024x724.jpg 1024w, https:\/\/www.saint-paul-angouleme.fr\/application\/wp-content\/uploads\/2023\/05\/Banquet-de-Dinos-Amandine-Olivie-Chloe-Faye-1-300x212.jpg 300w, https:\/\/www.saint-paul-angouleme.fr\/application\/wp-content\/uploads\/2023\/05\/Banquet-de-Dinos-Amandine-Olivie-Chloe-Faye-1-768x543.jpg 768w, https:\/\/www.saint-paul-angouleme.fr\/application\/wp-content\/uploads\/2023\/05\/Banquet-de-Dinos-Amandine-Olivie-Chloe-Faye-1-1536x1086.jpg 1536w, https:\/\/www.saint-paul-angouleme.fr\/application\/wp-content\/uploads\/2023\/05\/Banquet-de-Dinos-Amandine-Olivie-Chloe-Faye-1.jpg 1754w\" sizes=\"(max-width: 1024px) 100vw, 1024px\" \/><\/figure>\n<\/figure>\n\n\n\n<figure class=\"wp-block-gallery has-nested-images columns-3 is-cropped wp-block-gallery-4 is-layout-flex wp-block-gallery-is-layout-flex\">\n<figure class=\"wp-block-image size-large\"><img loading=\"lazy\" decoding=\"async\" width=\"724\" height=\"1024\" data-id=\"7469\" src=\"https:\/\/www.saint-paul-angouleme.fr\/application\/wp-content\/uploads\/2023\/05\/DINO-TRACE-de-Salome-Victoria-Clemence-724x1024.jpg\" alt=\"\" class=\"wp-image-7469\" srcset=\"https:\/\/www.saint-paul-angouleme.fr\/application\/wp-content\/uploads\/2023\/05\/DINO-TRACE-de-Salome-Victoria-Clemence-724x1024.jpg 724w, https:\/\/www.saint-paul-angouleme.fr\/application\/wp-content\/uploads\/2023\/05\/DINO-TRACE-de-Salome-Victoria-Clemence-212x300.jpg 212w, https:\/\/www.saint-paul-angouleme.fr\/application\/wp-content\/uploads\/2023\/05\/DINO-TRACE-de-Salome-Victoria-Clemence-768x1086.jpg 768w, https:\/\/www.saint-paul-angouleme.fr\/application\/wp-content\/uploads\/2023\/05\/DINO-TRACE-de-Salome-Victoria-Clemence-1086x1536.jpg 1086w, https:\/\/www.saint-paul-angouleme.fr\/application\/wp-content\/uploads\/2023\/05\/DINO-TRACE-de-Salome-Victoria-Clemence.jpg 1240w\" sizes=\"(max-width: 724px) 100vw, 724px\" \/><\/figure>\n\n\n\n<figure class=\"wp-block-image size-large\"><img loading=\"lazy\" decoding=\"async\" width=\"724\" height=\"1024\" data-id=\"7470\" src=\"https:\/\/www.saint-paul-angouleme.fr\/application\/wp-content\/uploads\/2023\/05\/DINO-TRAIN-de-Perrine-Lise-Yanis-Raphael-Alexandre-724x1024.jpg\" alt=\"\" class=\"wp-image-7470\" srcset=\"https:\/\/www.saint-paul-angouleme.fr\/application\/wp-content\/uploads\/2023\/05\/DINO-TRAIN-de-Perrine-Lise-Yanis-Raphael-Alexandre-724x1024.jpg 724w, https:\/\/www.saint-paul-angouleme.fr\/application\/wp-content\/uploads\/2023\/05\/DINO-TRAIN-de-Perrine-Lise-Yanis-Raphael-Alexandre-212x300.jpg 212w, https:\/\/www.saint-paul-angouleme.fr\/application\/wp-content\/uploads\/2023\/05\/DINO-TRAIN-de-Perrine-Lise-Yanis-Raphael-Alexandre-768x1086.jpg 768w, https:\/\/www.saint-paul-angouleme.fr\/application\/wp-content\/uploads\/2023\/05\/DINO-TRAIN-de-Perrine-Lise-Yanis-Raphael-Alexandre-1086x1536.jpg 1086w, https:\/\/www.saint-paul-angouleme.fr\/application\/wp-content\/uploads\/2023\/05\/DINO-TRAIN-de-Perrine-Lise-Yanis-Raphael-Alexandre.jpg 1240w\" sizes=\"(max-width: 724px) 100vw, 724px\" \/><\/figure>\n\n\n\n<figure class=\"wp-block-image size-large\"><img loading=\"lazy\" decoding=\"async\" width=\"724\" height=\"1024\" data-id=\"7471\" src=\"https:\/\/www.saint-paul-angouleme.fr\/application\/wp-content\/uploads\/2023\/05\/ETERNELS-de-Louis-Erwan-Gabriel-724x1024.jpg\" alt=\"\" class=\"wp-image-7471\" srcset=\"https:\/\/www.saint-paul-angouleme.fr\/application\/wp-content\/uploads\/2023\/05\/ETERNELS-de-Louis-Erwan-Gabriel-724x1024.jpg 724w, https:\/\/www.saint-paul-angouleme.fr\/application\/wp-content\/uploads\/2023\/05\/ETERNELS-de-Louis-Erwan-Gabriel-212x300.jpg 212w, https:\/\/www.saint-paul-angouleme.fr\/application\/wp-content\/uploads\/2023\/05\/ETERNELS-de-Louis-Erwan-Gabriel-768x1086.jpg 768w, https:\/\/www.saint-paul-angouleme.fr\/application\/wp-content\/uploads\/2023\/05\/ETERNELS-de-Louis-Erwan-Gabriel-1086x1536.jpg 1086w, https:\/\/www.saint-paul-angouleme.fr\/application\/wp-content\/uploads\/2023\/05\/ETERNELS-de-Louis-Erwan-Gabriel.jpg 1240w\" sizes=\"(max-width: 724px) 100vw, 724px\" \/><\/figure>\n<\/figure>\n\n\n\n<figure class=\"wp-block-gallery has-nested-images columns-default is-cropped wp-block-gallery-5 is-layout-flex wp-block-gallery-is-layout-flex\">\n<figure class=\"wp-block-image size-large\"><img loading=\"lazy\" decoding=\"async\" width=\"724\" height=\"1024\" data-id=\"7472\" src=\"https:\/\/www.saint-paul-angouleme.fr\/application\/wp-content\/uploads\/2023\/05\/LA-VIE-PLURICELLULAIRE-Niels-Gabin-Saif-Amayas-Rafael-724x1024.jpg\" alt=\"\" class=\"wp-image-7472\" srcset=\"https:\/\/www.saint-paul-angouleme.fr\/application\/wp-content\/uploads\/2023\/05\/LA-VIE-PLURICELLULAIRE-Niels-Gabin-Saif-Amayas-Rafael-724x1024.jpg 724w, https:\/\/www.saint-paul-angouleme.fr\/application\/wp-content\/uploads\/2023\/05\/LA-VIE-PLURICELLULAIRE-Niels-Gabin-Saif-Amayas-Rafael-212x300.jpg 212w, https:\/\/www.saint-paul-angouleme.fr\/application\/wp-content\/uploads\/2023\/05\/LA-VIE-PLURICELLULAIRE-Niels-Gabin-Saif-Amayas-Rafael-768x1086.jpg 768w, https:\/\/www.saint-paul-angouleme.fr\/application\/wp-content\/uploads\/2023\/05\/LA-VIE-PLURICELLULAIRE-Niels-Gabin-Saif-Amayas-Rafael-1086x1536.jpg 1086w, https:\/\/www.saint-paul-angouleme.fr\/application\/wp-content\/uploads\/2023\/05\/LA-VIE-PLURICELLULAIRE-Niels-Gabin-Saif-Amayas-Rafael.jpg 1240w\" sizes=\"(max-width: 724px) 100vw, 724px\" \/><\/figure>\n\n\n\n<figure class=\"wp-block-image size-large\"><img loading=\"lazy\" decoding=\"async\" width=\"724\" height=\"1024\" data-id=\"7474\" src=\"https:\/\/www.saint-paul-angouleme.fr\/application\/wp-content\/uploads\/2023\/05\/Lhistoire-des-dinosaures-Lison-Baptiste-Alexis-724x1024.jpg\" alt=\"\" class=\"wp-image-7474\" srcset=\"https:\/\/www.saint-paul-angouleme.fr\/application\/wp-content\/uploads\/2023\/05\/Lhistoire-des-dinosaures-Lison-Baptiste-Alexis-724x1024.jpg 724w, https:\/\/www.saint-paul-angouleme.fr\/application\/wp-content\/uploads\/2023\/05\/Lhistoire-des-dinosaures-Lison-Baptiste-Alexis-212x300.jpg 212w, https:\/\/www.saint-paul-angouleme.fr\/application\/wp-content\/uploads\/2023\/05\/Lhistoire-des-dinosaures-Lison-Baptiste-Alexis-768x1086.jpg 768w, https:\/\/www.saint-paul-angouleme.fr\/application\/wp-content\/uploads\/2023\/05\/Lhistoire-des-dinosaures-Lison-Baptiste-Alexis-1086x1536.jpg 1086w, https:\/\/www.saint-paul-angouleme.fr\/application\/wp-content\/uploads\/2023\/05\/Lhistoire-des-dinosaures-Lison-Baptiste-Alexis.jpg 1240w\" sizes=\"(max-width: 724px) 100vw, 724px\" \/><\/figure>\n\n\n\n<figure class=\"wp-block-image size-large\"><img loading=\"lazy\" decoding=\"async\" width=\"724\" height=\"1024\" data-id=\"7477\" src=\"https:\/\/www.saint-paul-angouleme.fr\/application\/wp-content\/uploads\/2023\/05\/Les-dinosaures-ont-ils-existes-Max-et-Valentin-1-724x1024.jpg\" alt=\"\" class=\"wp-image-7477\" srcset=\"https:\/\/www.saint-paul-angouleme.fr\/application\/wp-content\/uploads\/2023\/05\/Les-dinosaures-ont-ils-existes-Max-et-Valentin-1-724x1024.jpg 724w, https:\/\/www.saint-paul-angouleme.fr\/application\/wp-content\/uploads\/2023\/05\/Les-dinosaures-ont-ils-existes-Max-et-Valentin-1-212x300.jpg 212w, https:\/\/www.saint-paul-angouleme.fr\/application\/wp-content\/uploads\/2023\/05\/Les-dinosaures-ont-ils-existes-Max-et-Valentin-1-768x1086.jpg 768w, https:\/\/www.saint-paul-angouleme.fr\/application\/wp-content\/uploads\/2023\/05\/Les-dinosaures-ont-ils-existes-Max-et-Valentin-1-1086x1536.jpg 1086w, https:\/\/www.saint-paul-angouleme.fr\/application\/wp-content\/uploads\/2023\/05\/Les-dinosaures-ont-ils-existes-Max-et-Valentin-1.jpg 1240w\" sizes=\"(max-width: 724px) 100vw, 724px\" \/><\/figure>\n<\/figure>\n\n\n\n<figure class=\"wp-block-image size-large\"><img loading=\"lazy\" decoding=\"async\" width=\"724\" height=\"1024\" src=\"https:\/\/www.saint-paul-angouleme.fr\/application\/wp-content\/uploads\/2023\/05\/OXYGENE-Axel-et-Thomas-2-724x1024.jpg\" alt=\"\" class=\"wp-image-7478\" srcset=\"https:\/\/www.saint-paul-angouleme.fr\/application\/wp-content\/uploads\/2023\/05\/OXYGENE-Axel-et-Thomas-2-724x1024.jpg 724w, https:\/\/www.saint-paul-angouleme.fr\/application\/wp-content\/uploads\/2023\/05\/OXYGENE-Axel-et-Thomas-2-212x300.jpg 212w, https:\/\/www.saint-paul-angouleme.fr\/application\/wp-content\/uploads\/2023\/05\/OXYGENE-Axel-et-Thomas-2-768x1086.jpg 768w, https:\/\/www.saint-paul-angouleme.fr\/application\/wp-content\/uploads\/2023\/05\/OXYGENE-Axel-et-Thomas-2-1086x1536.jpg 1086w, https:\/\/www.saint-paul-angouleme.fr\/application\/wp-content\/uploads\/2023\/05\/OXYGENE-Axel-et-Thomas-2.jpg 1240w\" sizes=\"(max-width: 724px) 100vw, 724px\" \/><\/figure>\n\n\n\n<figure class=\"wp-block-gallery has-nested-images columns-default is-cropped wp-block-gallery-6 is-layout-flex wp-block-gallery-is-layout-flex\">\n<figure class=\"wp-block-image size-large\"><img loading=\"lazy\" decoding=\"async\" width=\"724\" height=\"1024\" data-id=\"7479\" src=\"https:\/\/www.saint-paul-angouleme.fr\/application\/wp-content\/uploads\/2023\/05\/291717530-724x1024.jpeg\" alt=\"\" class=\"wp-image-7479\" srcset=\"https:\/\/www.saint-paul-angouleme.fr\/application\/wp-content\/uploads\/2023\/05\/291717530-724x1024.jpeg 724w, https:\/\/www.saint-paul-angouleme.fr\/application\/wp-content\/uploads\/2023\/05\/291717530-212x300.jpeg 212w, https:\/\/www.saint-paul-angouleme.fr\/application\/wp-content\/uploads\/2023\/05\/291717530-768x1086.jpeg 768w, https:\/\/www.saint-paul-angouleme.fr\/application\/wp-content\/uploads\/2023\/05\/291717530-1086x1536.jpeg 1086w, https:\/\/www.saint-paul-angouleme.fr\/application\/wp-content\/uploads\/2023\/05\/291717530-1448x2048.jpeg 1448w, https:\/\/www.saint-paul-angouleme.fr\/application\/wp-content\/uploads\/2023\/05\/291717530-scaled.jpeg 1810w\" sizes=\"(max-width: 724px) 100vw, 724px\" \/><\/figure>\n\n\n\n<figure class=\"wp-block-image size-large\"><img loading=\"lazy\" decoding=\"async\" width=\"724\" height=\"1024\" data-id=\"7480\" src=\"https:\/\/www.saint-paul-angouleme.fr\/application\/wp-content\/uploads\/2023\/05\/El-Albunny-a-la-plage-Clara-Lucas-Valentine-Amhed-724x1024.jpg\" alt=\"\" class=\"wp-image-7480\" srcset=\"https:\/\/www.saint-paul-angouleme.fr\/application\/wp-content\/uploads\/2023\/05\/El-Albunny-a-la-plage-Clara-Lucas-Valentine-Amhed-724x1024.jpg 724w, https:\/\/www.saint-paul-angouleme.fr\/application\/wp-content\/uploads\/2023\/05\/El-Albunny-a-la-plage-Clara-Lucas-Valentine-Amhed-212x300.jpg 212w, https:\/\/www.saint-paul-angouleme.fr\/application\/wp-content\/uploads\/2023\/05\/El-Albunny-a-la-plage-Clara-Lucas-Valentine-Amhed-768x1086.jpg 768w, https:\/\/www.saint-paul-angouleme.fr\/application\/wp-content\/uploads\/2023\/05\/El-Albunny-a-la-plage-Clara-Lucas-Valentine-Amhed-1086x1536.jpg 1086w, https:\/\/www.saint-paul-angouleme.fr\/application\/wp-content\/uploads\/2023\/05\/El-Albunny-a-la-plage-Clara-Lucas-Valentine-Amhed.jpg 1240w\" sizes=\"(max-width: 724px) 100vw, 724px\" \/><\/figure>\n<\/figure>\n\n\n\n<figure class=\"wp-block-gallery has-nested-images columns-default is-cropped wp-block-gallery-7 is-layout-flex wp-block-gallery-is-layout-flex\">\n<figure class=\"wp-block-image size-large\"><img loading=\"lazy\" decoding=\"async\" width=\"724\" height=\"1024\" data-id=\"7481\" src=\"https:\/\/www.saint-paul-angouleme.fr\/application\/wp-content\/uploads\/2023\/05\/Letang-au-cours-du-temps-Jules-Baptiste-Axel-et-Marius-724x1024.jpg\" alt=\"\" class=\"wp-image-7481\" srcset=\"https:\/\/www.saint-paul-angouleme.fr\/application\/wp-content\/uploads\/2023\/05\/Letang-au-cours-du-temps-Jules-Baptiste-Axel-et-Marius-724x1024.jpg 724w, https:\/\/www.saint-paul-angouleme.fr\/application\/wp-content\/uploads\/2023\/05\/Letang-au-cours-du-temps-Jules-Baptiste-Axel-et-Marius-212x300.jpg 212w, https:\/\/www.saint-paul-angouleme.fr\/application\/wp-content\/uploads\/2023\/05\/Letang-au-cours-du-temps-Jules-Baptiste-Axel-et-Marius-768x1086.jpg 768w, https:\/\/www.saint-paul-angouleme.fr\/application\/wp-content\/uploads\/2023\/05\/Letang-au-cours-du-temps-Jules-Baptiste-Axel-et-Marius-1086x1536.jpg 1086w, https:\/\/www.saint-paul-angouleme.fr\/application\/wp-content\/uploads\/2023\/05\/Letang-au-cours-du-temps-Jules-Baptiste-Axel-et-Marius.jpg 1240w\" sizes=\"(max-width: 724px) 100vw, 724px\" \/><\/figure>\n\n\n\n<figure class=\"wp-block-image size-large\"><img loading=\"lazy\" decoding=\"async\" width=\"724\" height=\"1024\" data-id=\"7482\" src=\"https:\/\/www.saint-paul-angouleme.fr\/application\/wp-content\/uploads\/2023\/05\/Life-Quest-Theo-Arthur-Louis-Gabriel-724x1024.jpg\" alt=\"\" class=\"wp-image-7482\" srcset=\"https:\/\/www.saint-paul-angouleme.fr\/application\/wp-content\/uploads\/2023\/05\/Life-Quest-Theo-Arthur-Louis-Gabriel-724x1024.jpg 724w, https:\/\/www.saint-paul-angouleme.fr\/application\/wp-content\/uploads\/2023\/05\/Life-Quest-Theo-Arthur-Louis-Gabriel-212x300.jpg 212w, https:\/\/www.saint-paul-angouleme.fr\/application\/wp-content\/uploads\/2023\/05\/Life-Quest-Theo-Arthur-Louis-Gabriel-768x1086.jpg 768w, https:\/\/www.saint-paul-angouleme.fr\/application\/wp-content\/uploads\/2023\/05\/Life-Quest-Theo-Arthur-Louis-Gabriel-1086x1536.jpg 1086w, https:\/\/www.saint-paul-angouleme.fr\/application\/wp-content\/uploads\/2023\/05\/Life-Quest-Theo-Arthur-Louis-Gabriel.jpg 1240w\" sizes=\"(max-width: 724px) 100vw, 724px\" \/><\/figure>\n<\/figure>\n\n\n\n<figure class=\"wp-block-image size-large\"><img loading=\"lazy\" decoding=\"async\" width=\"724\" height=\"1024\" src=\"https:\/\/www.saint-paul-angouleme.fr\/application\/wp-content\/uploads\/2023\/05\/291717554-1-724x1024.jpeg\" alt=\"\" class=\"wp-image-7483\" srcset=\"https:\/\/www.saint-paul-angouleme.fr\/application\/wp-content\/uploads\/2023\/05\/291717554-1-724x1024.jpeg 724w, https:\/\/www.saint-paul-angouleme.fr\/application\/wp-content\/uploads\/2023\/05\/291717554-1-212x300.jpeg 212w, https:\/\/www.saint-paul-angouleme.fr\/application\/wp-content\/uploads\/2023\/05\/291717554-1-768x1086.jpeg 768w, https:\/\/www.saint-paul-angouleme.fr\/application\/wp-content\/uploads\/2023\/05\/291717554-1-1086x1536.jpeg 1086w, https:\/\/www.saint-paul-angouleme.fr\/application\/wp-content\/uploads\/2023\/05\/291717554-1-1448x2048.jpeg 1448w, https:\/\/www.saint-paul-angouleme.fr\/application\/wp-content\/uploads\/2023\/05\/291717554-1-scaled.jpeg 1810w\" sizes=\"(max-width: 724px) 100vw, 724px\" \/><\/figure>\n\n\n\n<h3 class=\"wp-block-heading\">Enfin les r\u00e9sultats de &#8220;Planche de sciences&#8221; : 2 \u00e9quipes de laur\u00e9ats de Saint-Paul !<\/h3>\n\n\n\n<p>Mi-mai les <a href=\"https:\/\/ww2.ac-poitiers.fr\/daac\/spip.php?article2092\" target=\"_blank\" rel=\"noreferrer noopener\">r\u00e9sultats<\/a> sont enfin connus et nous sommes fiers que deux \u00e9quipes de Saint-Paul soient r\u00e9compens\u00e9es : dans la cat\u00e9gorie &#8220;<strong>Ma conf&#8217;en BD&#8221;<\/strong>, Kevin, Plinio, Rapha\u00ebl, R\u00e9gina et Solange ont remport\u00e9 le 2\u00e8me prix avec &#8220;La formation des fossiles&#8221; (Cf. ci-dessus). Dans la cat\u00e9gorie <strong>&#8220;Les sciences s&#8217;inventent&#8221;<\/strong>, Arthur, Fran\u00e7ois et Sacha ont aussi remport\u00e9 le 2\u00e8me prix. F\u00e9licitations \u00e0 nos gagnants et bravo \u00e0 tous ceux qui ont particip\u00e9 !<\/p>\n","protected":false},"excerpt":{"rendered":"<p>Depuis le mois de novembre, nos \u00e9l\u00e8ves de premi\u00e8re en sp\u00e9cialit\u00e9 SVT se pr\u00e9parent pour le concours &#8220;Planche de Sciences&#8221;. Celui-ci se d\u00e9roule en plusieurs \u00e9tapes au fil des mois. L&#8217;objectif est de r\u00e9aliser une planche de BD avec l&#8217;aide d&#8217;une illustratrice. Conf\u00e9rence de Monsieur Abderrazzak EL ALBANI Le 25 novembre 2022 les \u00e9l\u00e8ves ont &#8230; <a title=\"Deux prix au concours &#8220;Planche de sciences&#8221;\" class=\"read-more\" href=\"https:\/\/www.saint-paul-angouleme.fr\/application\/deux-prix-au-concours-planche-de-sciences\/\" aria-label=\"Read more about Deux prix au concours &#8220;Planche de sciences&#8221;\">Lire la suite<\/a><\/p>\n","protected":false},"author":3,"featured_media":7489,"comment_status":"open","ping_status":"open","sticky":false,"template":"","format":"standard","meta":{"_exactmetrics_skip_tracking":false,"_exactmetrics_sitenote_active":false,"_exactmetrics_sitenote_note":"","_exactmetrics_sitenote_category":0,"footnotes":""},"categories":[13],"tags":[],"class_list":["post-7453","post","type-post","status-publish","format-standard","has-post-thumbnail","hentry","category-pedagogie"],"yoast_head":"<!-- This site is optimized with the Yoast SEO plugin v23.3 - https:\/\/yoast.com\/wordpress\/plugins\/seo\/ -->\n<title>Deux laur\u00e9ats de Saint-Paul au Concours &quot;Planche de sciences&quot;<\/title>\n<meta name=\"description\" content=\"Cette ann\u00e9es les professeurs de SVT ont inscrits leurs \u00e9l\u00e8ves de Premi\u00e8re, sp\u00e9cialit\u00e9 SVT au Concours &quot;Planche de Sciences&quot;...\" \/>\n<meta name=\"robots\" content=\"index, follow, max-snippet:-1, max-image-preview:large, max-video-preview:-1\" \/>\n<link rel=\"canonical\" href=\"https:\/\/www.saint-paul-angouleme.fr\/application\/deux-prix-au-concours-planche-de-sciences\/\" \/>\n<meta property=\"og:locale\" content=\"fr_FR\" \/>\n<meta property=\"og:type\" content=\"article\" \/>\n<meta property=\"og:title\" content=\"Deux laur\u00e9ats de Saint-Paul au Concours &quot;Planche de sciences&quot;\" \/>\n<meta property=\"og:description\" content=\"Cette ann\u00e9es les professeurs de SVT ont inscrits leurs \u00e9l\u00e8ves de Premi\u00e8re, sp\u00e9cialit\u00e9 SVT au Concours &quot;Planche de Sciences&quot;...\" \/>\n<meta property=\"og:url\" content=\"https:\/\/www.saint-paul-angouleme.fr\/application\/deux-prix-au-concours-planche-de-sciences\/\" \/>\n<meta property=\"og:site_name\" content=\"Actualit\u00e9s\" \/>\n<meta property=\"article:publisher\" content=\"https:\/\/www.facebook.com\/SaintPaulAngouleme16\/\" \/>\n<meta property=\"article:published_time\" content=\"2023-05-23T15:07:37+00:00\" \/>\n<meta property=\"article:modified_time\" content=\"2023-05-23T15:07:42+00:00\" \/>\n<meta property=\"og:image\" content=\"https:\/\/www.saint-paul-angouleme.fr\/application\/wp-content\/uploads\/2023\/05\/deux-prix-au-concours-planche-de.jpg\" \/>\n\t<meta property=\"og:image:width\" content=\"480\" \/>\n\t<meta property=\"og:image:height\" content=\"360\" \/>\n\t<meta property=\"og:image:type\" content=\"image\/jpeg\" \/>\n<meta name=\"author\" content=\"SAINT-PAUL\" \/>\n<meta name=\"twitter:card\" content=\"summary_large_image\" \/>\n<meta name=\"twitter:creator\" content=\"@StPaulAngoulem\" \/>\n<meta name=\"twitter:site\" content=\"@StPaulAngoulem\" \/>\n<meta name=\"twitter:label1\" content=\"\u00c9crit par\" \/>\n\t<meta name=\"twitter:data1\" content=\"SAINT-PAUL\" \/>\n\t<meta name=\"twitter:label2\" content=\"Dur\u00e9e de lecture estim\u00e9e\" \/>\n\t<meta name=\"twitter:data2\" content=\"6 minutes\" \/>\n<script type=\"application\/ld+json\" class=\"yoast-schema-graph\">{\"@context\":\"https:\/\/schema.org\",\"@graph\":[{\"@type\":\"Article\",\"@id\":\"https:\/\/www.saint-paul-angouleme.fr\/application\/deux-prix-au-concours-planche-de-sciences\/#article\",\"isPartOf\":{\"@id\":\"https:\/\/www.saint-paul-angouleme.fr\/application\/deux-prix-au-concours-planche-de-sciences\/\"},\"author\":{\"name\":\"SAINT-PAUL\",\"@id\":\"https:\/\/www.saint-paul-angouleme.fr\/application\/#\/schema\/person\/ea152930b1a3823659065827b1a5fb9b\"},\"headline\":\"Deux prix au concours &#8220;Planche de sciences&#8221;\",\"datePublished\":\"2023-05-23T15:07:37+00:00\",\"dateModified\":\"2023-05-23T15:07:42+00:00\",\"mainEntityOfPage\":{\"@id\":\"https:\/\/www.saint-paul-angouleme.fr\/application\/deux-prix-au-concours-planche-de-sciences\/\"},\"wordCount\":338,\"commentCount\":0,\"publisher\":{\"@id\":\"https:\/\/www.saint-paul-angouleme.fr\/application\/#organization\"},\"image\":{\"@id\":\"https:\/\/www.saint-paul-angouleme.fr\/application\/deux-prix-au-concours-planche-de-sciences\/#primaryimage\"},\"thumbnailUrl\":\"https:\/\/www.saint-paul-angouleme.fr\/application\/wp-content\/uploads\/2023\/05\/deux-prix-au-concours-planche-de.jpg\",\"articleSection\":[\"P\u00e9dagogie\"],\"inLanguage\":\"fr-FR\",\"potentialAction\":[{\"@type\":\"CommentAction\",\"name\":\"Comment\",\"target\":[\"https:\/\/www.saint-paul-angouleme.fr\/application\/deux-prix-au-concours-planche-de-sciences\/#respond\"]}]},{\"@type\":\"WebPage\",\"@id\":\"https:\/\/www.saint-paul-angouleme.fr\/application\/deux-prix-au-concours-planche-de-sciences\/\",\"url\":\"https:\/\/www.saint-paul-angouleme.fr\/application\/deux-prix-au-concours-planche-de-sciences\/\",\"name\":\"Deux laur\u00e9ats de Saint-Paul au Concours \\\"Planche de sciences\\\"\",\"isPartOf\":{\"@id\":\"https:\/\/www.saint-paul-angouleme.fr\/application\/#website\"},\"primaryImageOfPage\":{\"@id\":\"https:\/\/www.saint-paul-angouleme.fr\/application\/deux-prix-au-concours-planche-de-sciences\/#primaryimage\"},\"image\":{\"@id\":\"https:\/\/www.saint-paul-angouleme.fr\/application\/deux-prix-au-concours-planche-de-sciences\/#primaryimage\"},\"thumbnailUrl\":\"https:\/\/www.saint-paul-angouleme.fr\/application\/wp-content\/uploads\/2023\/05\/deux-prix-au-concours-planche-de.jpg\",\"datePublished\":\"2023-05-23T15:07:37+00:00\",\"dateModified\":\"2023-05-23T15:07:42+00:00\",\"description\":\"Cette ann\u00e9es les professeurs de SVT ont inscrits leurs \u00e9l\u00e8ves de Premi\u00e8re, sp\u00e9cialit\u00e9 SVT au Concours \\\"Planche de Sciences\\\"...\",\"breadcrumb\":{\"@id\":\"https:\/\/www.saint-paul-angouleme.fr\/application\/deux-prix-au-concours-planche-de-sciences\/#breadcrumb\"},\"inLanguage\":\"fr-FR\",\"potentialAction\":[{\"@type\":\"ReadAction\",\"target\":[\"https:\/\/www.saint-paul-angouleme.fr\/application\/deux-prix-au-concours-planche-de-sciences\/\"]}]},{\"@type\":\"ImageObject\",\"inLanguage\":\"fr-FR\",\"@id\":\"https:\/\/www.saint-paul-angouleme.fr\/application\/deux-prix-au-concours-planche-de-sciences\/#primaryimage\",\"url\":\"https:\/\/www.saint-paul-angouleme.fr\/application\/wp-content\/uploads\/2023\/05\/deux-prix-au-concours-planche-de.jpg\",\"contentUrl\":\"https:\/\/www.saint-paul-angouleme.fr\/application\/wp-content\/uploads\/2023\/05\/deux-prix-au-concours-planche-de.jpg\",\"width\":480,\"height\":360},{\"@type\":\"BreadcrumbList\",\"@id\":\"https:\/\/www.saint-paul-angouleme.fr\/application\/deux-prix-au-concours-planche-de-sciences\/#breadcrumb\",\"itemListElement\":[{\"@type\":\"ListItem\",\"position\":1,\"name\":\"Accueil\",\"item\":\"http:\/\/www.saint-paul-angouleme.fr\/application\/\"},{\"@type\":\"ListItem\",\"position\":2,\"name\":\"Deux prix au concours &#8220;Planche de sciences&#8221;\"}]},{\"@type\":\"WebSite\",\"@id\":\"https:\/\/www.saint-paul-angouleme.fr\/application\/#website\",\"url\":\"https:\/\/www.saint-paul-angouleme.fr\/application\/\",\"name\":\"Actualit\u00e9s\",\"description\":\"Actualit\u00e9s Saint Paul\",\"publisher\":{\"@id\":\"https:\/\/www.saint-paul-angouleme.fr\/application\/#organization\"},\"potentialAction\":[{\"@type\":\"SearchAction\",\"target\":{\"@type\":\"EntryPoint\",\"urlTemplate\":\"https:\/\/www.saint-paul-angouleme.fr\/application\/?s={search_term_string}\"},\"query-input\":\"required name=search_term_string\"}],\"inLanguage\":\"fr-FR\"},{\"@type\":\"Organization\",\"@id\":\"https:\/\/www.saint-paul-angouleme.fr\/application\/#organization\",\"name\":\"Ensemble scolaire Saint-Paul\",\"url\":\"https:\/\/www.saint-paul-angouleme.fr\/application\/\",\"logo\":{\"@type\":\"ImageObject\",\"inLanguage\":\"fr-FR\",\"@id\":\"https:\/\/www.saint-paul-angouleme.fr\/application\/#\/schema\/logo\/image\/\",\"url\":\"https:\/\/www.saint-paul-angouleme.fr\/application\/wp-content\/uploads\/2018\/08\/logo-saint-paul-couleurs.jpg\",\"contentUrl\":\"https:\/\/www.saint-paul-angouleme.fr\/application\/wp-content\/uploads\/2018\/08\/logo-saint-paul-couleurs.jpg\",\"width\":1890,\"height\":709,\"caption\":\"Ensemble scolaire Saint-Paul\"},\"image\":{\"@id\":\"https:\/\/www.saint-paul-angouleme.fr\/application\/#\/schema\/logo\/image\/\"},\"sameAs\":[\"https:\/\/www.facebook.com\/SaintPaulAngouleme16\/\",\"https:\/\/x.com\/StPaulAngoulem\",\"https:\/\/www.youtube.com\/channel\/UCRLpz1CmPVqc0gn--YyXvjA?view_as=subscriber\"]},{\"@type\":\"Person\",\"@id\":\"https:\/\/www.saint-paul-angouleme.fr\/application\/#\/schema\/person\/ea152930b1a3823659065827b1a5fb9b\",\"name\":\"SAINT-PAUL\",\"image\":{\"@type\":\"ImageObject\",\"inLanguage\":\"fr-FR\",\"@id\":\"https:\/\/www.saint-paul-angouleme.fr\/application\/#\/schema\/person\/image\/\",\"url\":\"https:\/\/secure.gravatar.com\/avatar\/eadb0ffebc02683a61d69038eb2924f0?s=96&r=g\",\"contentUrl\":\"https:\/\/secure.gravatar.com\/avatar\/eadb0ffebc02683a61d69038eb2924f0?s=96&r=g\",\"caption\":\"SAINT-PAUL\"},\"url\":\"https:\/\/www.saint-paul-angouleme.fr\/application\/author\/myriam\/\"}]}<\/script>\n<!-- \/ Yoast SEO plugin. -->","yoast_head_json":{"title":"Deux laur\u00e9ats de Saint-Paul au Concours \"Planche de sciences\"","description":"Cette ann\u00e9es les professeurs de SVT ont inscrits leurs \u00e9l\u00e8ves de Premi\u00e8re, sp\u00e9cialit\u00e9 SVT au Concours \"Planche de Sciences\"...","robots":{"index":"index","follow":"follow","max-snippet":"max-snippet:-1","max-image-preview":"max-image-preview:large","max-video-preview":"max-video-preview:-1"},"canonical":"https:\/\/www.saint-paul-angouleme.fr\/application\/deux-prix-au-concours-planche-de-sciences\/","og_locale":"fr_FR","og_type":"article","og_title":"Deux laur\u00e9ats de Saint-Paul au Concours \"Planche de sciences\"","og_description":"Cette ann\u00e9es les professeurs de SVT ont inscrits leurs \u00e9l\u00e8ves de Premi\u00e8re, sp\u00e9cialit\u00e9 SVT au Concours \"Planche de Sciences\"...","og_url":"https:\/\/www.saint-paul-angouleme.fr\/application\/deux-prix-au-concours-planche-de-sciences\/","og_site_name":"Actualit\u00e9s","article_publisher":"https:\/\/www.facebook.com\/SaintPaulAngouleme16\/","article_published_time":"2023-05-23T15:07:37+00:00","article_modified_time":"2023-05-23T15:07:42+00:00","og_image":[{"width":480,"height":360,"url":"https:\/\/www.saint-paul-angouleme.fr\/application\/wp-content\/uploads\/2023\/05\/deux-prix-au-concours-planche-de.jpg","type":"image\/jpeg"}],"author":"SAINT-PAUL","twitter_card":"summary_large_image","twitter_creator":"@StPaulAngoulem","twitter_site":"@StPaulAngoulem","twitter_misc":{"\u00c9crit par":"SAINT-PAUL","Dur\u00e9e de lecture estim\u00e9e":"6 minutes"},"schema":{"@context":"https:\/\/schema.org","@graph":[{"@type":"Article","@id":"https:\/\/www.saint-paul-angouleme.fr\/application\/deux-prix-au-concours-planche-de-sciences\/#article","isPartOf":{"@id":"https:\/\/www.saint-paul-angouleme.fr\/application\/deux-prix-au-concours-planche-de-sciences\/"},"author":{"name":"SAINT-PAUL","@id":"https:\/\/www.saint-paul-angouleme.fr\/application\/#\/schema\/person\/ea152930b1a3823659065827b1a5fb9b"},"headline":"Deux prix au concours &#8220;Planche de sciences&#8221;","datePublished":"2023-05-23T15:07:37+00:00","dateModified":"2023-05-23T15:07:42+00:00","mainEntityOfPage":{"@id":"https:\/\/www.saint-paul-angouleme.fr\/application\/deux-prix-au-concours-planche-de-sciences\/"},"wordCount":338,"commentCount":0,"publisher":{"@id":"https:\/\/www.saint-paul-angouleme.fr\/application\/#organization"},"image":{"@id":"https:\/\/www.saint-paul-angouleme.fr\/application\/deux-prix-au-concours-planche-de-sciences\/#primaryimage"},"thumbnailUrl":"https:\/\/www.saint-paul-angouleme.fr\/application\/wp-content\/uploads\/2023\/05\/deux-prix-au-concours-planche-de.jpg","articleSection":["P\u00e9dagogie"],"inLanguage":"fr-FR","potentialAction":[{"@type":"CommentAction","name":"Comment","target":["https:\/\/www.saint-paul-angouleme.fr\/application\/deux-prix-au-concours-planche-de-sciences\/#respond"]}]},{"@type":"WebPage","@id":"https:\/\/www.saint-paul-angouleme.fr\/application\/deux-prix-au-concours-planche-de-sciences\/","url":"https:\/\/www.saint-paul-angouleme.fr\/application\/deux-prix-au-concours-planche-de-sciences\/","name":"Deux laur\u00e9ats de Saint-Paul au Concours \"Planche de sciences\"","isPartOf":{"@id":"https:\/\/www.saint-paul-angouleme.fr\/application\/#website"},"primaryImageOfPage":{"@id":"https:\/\/www.saint-paul-angouleme.fr\/application\/deux-prix-au-concours-planche-de-sciences\/#primaryimage"},"image":{"@id":"https:\/\/www.saint-paul-angouleme.fr\/application\/deux-prix-au-concours-planche-de-sciences\/#primaryimage"},"thumbnailUrl":"https:\/\/www.saint-paul-angouleme.fr\/application\/wp-content\/uploads\/2023\/05\/deux-prix-au-concours-planche-de.jpg","datePublished":"2023-05-23T15:07:37+00:00","dateModified":"2023-05-23T15:07:42+00:00","description":"Cette ann\u00e9es les professeurs de SVT ont inscrits leurs \u00e9l\u00e8ves de Premi\u00e8re, sp\u00e9cialit\u00e9 SVT au Concours \"Planche de Sciences\"...","breadcrumb":{"@id":"https:\/\/www.saint-paul-angouleme.fr\/application\/deux-prix-au-concours-planche-de-sciences\/#breadcrumb"},"inLanguage":"fr-FR","potentialAction":[{"@type":"ReadAction","target":["https:\/\/www.saint-paul-angouleme.fr\/application\/deux-prix-au-concours-planche-de-sciences\/"]}]},{"@type":"ImageObject","inLanguage":"fr-FR","@id":"https:\/\/www.saint-paul-angouleme.fr\/application\/deux-prix-au-concours-planche-de-sciences\/#primaryimage","url":"https:\/\/www.saint-paul-angouleme.fr\/application\/wp-content\/uploads\/2023\/05\/deux-prix-au-concours-planche-de.jpg","contentUrl":"https:\/\/www.saint-paul-angouleme.fr\/application\/wp-content\/uploads\/2023\/05\/deux-prix-au-concours-planche-de.jpg","width":480,"height":360},{"@type":"BreadcrumbList","@id":"https:\/\/www.saint-paul-angouleme.fr\/application\/deux-prix-au-concours-planche-de-sciences\/#breadcrumb","itemListElement":[{"@type":"ListItem","position":1,"name":"Accueil","item":"http:\/\/www.saint-paul-angouleme.fr\/application\/"},{"@type":"ListItem","position":2,"name":"Deux prix au concours &#8220;Planche de sciences&#8221;"}]},{"@type":"WebSite","@id":"https:\/\/www.saint-paul-angouleme.fr\/application\/#website","url":"https:\/\/www.saint-paul-angouleme.fr\/application\/","name":"Actualit\u00e9s","description":"Actualit\u00e9s Saint Paul","publisher":{"@id":"https:\/\/www.saint-paul-angouleme.fr\/application\/#organization"},"potentialAction":[{"@type":"SearchAction","target":{"@type":"EntryPoint","urlTemplate":"https:\/\/www.saint-paul-angouleme.fr\/application\/?s={search_term_string}"},"query-input":"required name=search_term_string"}],"inLanguage":"fr-FR"},{"@type":"Organization","@id":"https:\/\/www.saint-paul-angouleme.fr\/application\/#organization","name":"Ensemble scolaire Saint-Paul","url":"https:\/\/www.saint-paul-angouleme.fr\/application\/","logo":{"@type":"ImageObject","inLanguage":"fr-FR","@id":"https:\/\/www.saint-paul-angouleme.fr\/application\/#\/schema\/logo\/image\/","url":"https:\/\/www.saint-paul-angouleme.fr\/application\/wp-content\/uploads\/2018\/08\/logo-saint-paul-couleurs.jpg","contentUrl":"https:\/\/www.saint-paul-angouleme.fr\/application\/wp-content\/uploads\/2018\/08\/logo-saint-paul-couleurs.jpg","width":1890,"height":709,"caption":"Ensemble scolaire Saint-Paul"},"image":{"@id":"https:\/\/www.saint-paul-angouleme.fr\/application\/#\/schema\/logo\/image\/"},"sameAs":["https:\/\/www.facebook.com\/SaintPaulAngouleme16\/","https:\/\/x.com\/StPaulAngoulem","https:\/\/www.youtube.com\/channel\/UCRLpz1CmPVqc0gn--YyXvjA?view_as=subscriber"]},{"@type":"Person","@id":"https:\/\/www.saint-paul-angouleme.fr\/application\/#\/schema\/person\/ea152930b1a3823659065827b1a5fb9b","name":"SAINT-PAUL","image":{"@type":"ImageObject","inLanguage":"fr-FR","@id":"https:\/\/www.saint-paul-angouleme.fr\/application\/#\/schema\/person\/image\/","url":"https:\/\/secure.gravatar.com\/avatar\/eadb0ffebc02683a61d69038eb2924f0?s=96&r=g","contentUrl":"https:\/\/secure.gravatar.com\/avatar\/eadb0ffebc02683a61d69038eb2924f0?s=96&r=g","caption":"SAINT-PAUL"},"url":"https:\/\/www.saint-paul-angouleme.fr\/application\/author\/myriam\/"}]}},"_links":{"self":[{"href":"https:\/\/www.saint-paul-angouleme.fr\/application\/wp-json\/wp\/v2\/posts\/7453"}],"collection":[{"href":"https:\/\/www.saint-paul-angouleme.fr\/application\/wp-json\/wp\/v2\/posts"}],"about":[{"href":"https:\/\/www.saint-paul-angouleme.fr\/application\/wp-json\/wp\/v2\/types\/post"}],"author":[{"embeddable":true,"href":"https:\/\/www.saint-paul-angouleme.fr\/application\/wp-json\/wp\/v2\/users\/3"}],"replies":[{"embeddable":true,"href":"https:\/\/www.saint-paul-angouleme.fr\/application\/wp-json\/wp\/v2\/comments?post=7453"}],"version-history":[{"count":11,"href":"https:\/\/www.saint-paul-angouleme.fr\/application\/wp-json\/wp\/v2\/posts\/7453\/revisions"}],"predecessor-version":[{"id":7488,"href":"https:\/\/www.saint-paul-angouleme.fr\/application\/wp-json\/wp\/v2\/posts\/7453\/revisions\/7488"}],"wp:featuredmedia":[{"embeddable":true,"href":"https:\/\/www.saint-paul-angouleme.fr\/application\/wp-json\/wp\/v2\/media\/7489"}],"wp:attachment":[{"href":"https:\/\/www.saint-paul-angouleme.fr\/application\/wp-json\/wp\/v2\/media?parent=7453"}],"wp:term":[{"taxonomy":"category","embeddable":true,"href":"https:\/\/www.saint-paul-angouleme.fr\/application\/wp-json\/wp\/v2\/categories?post=7453"},{"taxonomy":"post_tag","embeddable":true,"href":"https:\/\/www.saint-paul-angouleme.fr\/application\/wp-json\/wp\/v2\/tags?post=7453"}],"curies":[{"name":"wp","href":"https:\/\/api.w.org\/{rel}","templated":true}]}}