{"id":6609,"date":"2023-02-08T16:12:43","date_gmt":"2023-02-08T15:12:43","guid":{"rendered":"https:\/\/www.saint-paul-angouleme.fr\/application\/?p=6609"},"modified":"2023-04-13T10:53:46","modified_gmt":"2023-04-13T08:53:46","slug":"amandine-tout-pour-laviron","status":"publish","type":"post","link":"https:\/\/www.saint-paul-angouleme.fr\/application\/amandine-tout-pour-laviron\/","title":{"rendered":"Amandine : tout pour l&#8217;aviron !"},"content":{"rendered":"\n<figure class=\"wp-block-image size-large\"><img loading=\"lazy\" decoding=\"async\" width=\"1024\" height=\"682\" src=\"https:\/\/www.saint-paul-angouleme.fr\/application\/wp-content\/uploads\/2023\/02\/IMG-20220612-WA0008-1024x682.jpg\" alt=\"Aviron au fil de l'eau\" class=\"wp-image-6610\" srcset=\"https:\/\/www.saint-paul-angouleme.fr\/application\/wp-content\/uploads\/2023\/02\/IMG-20220612-WA0008-1024x682.jpg 1024w, https:\/\/www.saint-paul-angouleme.fr\/application\/wp-content\/uploads\/2023\/02\/IMG-20220612-WA0008-300x200.jpg 300w, https:\/\/www.saint-paul-angouleme.fr\/application\/wp-content\/uploads\/2023\/02\/IMG-20220612-WA0008-768x512.jpg 768w, https:\/\/www.saint-paul-angouleme.fr\/application\/wp-content\/uploads\/2023\/02\/IMG-20220612-WA0008-1536x1023.jpg 1536w, https:\/\/www.saint-paul-angouleme.fr\/application\/wp-content\/uploads\/2023\/02\/IMG-20220612-WA0008.jpg 1600w\" sizes=\"(max-width: 1024px) 100vw, 1024px\" \/><\/figure>\n\n\n\n<p class=\"justification_texte { text-align: justify;}\">L&#8217;aviron c&#8217;est le sport passion d&#8217;Amandine R, \u00e9l\u00e8ve de 1\u00e8re \u00e0 Saint-Paul. A la suite d&#8217;autres portraits de sportifs parmi nos lyc\u00e9ens, voici celui d&#8217;Amandine qui est une vraie championne. <\/p>\n\n\n\n<h3 class=\"wp-block-heading\">L&#8217;aviron, une pratique r\u00e9cente mais intense<\/h3>\n\n\n\n<p class=\"justification_texte { text-align: justify;}\">Amandine pratique l&#8217;aviron depuis trois ans seulement et c&#8217;est d\u00e9j\u00e0 pour elle une passion. Elle se donne \u00e0 fond pour ce sport. Tout commence avec le kayak. Son grand fr\u00e8re, lui, fait de l&#8217;aviron. Amandine essaye, Le coach la remarque et c&#8217;est le d\u00e9but d&#8217;une belle aventure. C&#8217;est au <a href=\"http:\/\/aviron-angouleme.fr\/blog\/\" target=\"_blank\" rel=\"noreferrer noopener\">Club d&#8217;Aviron d&#8217;Angoul\u00eame<\/a> qu&#8217;elle pratique, tout comme <a href=\"https:\/\/www.saint-paul-angouleme.fr\/application\/lyceen-et-sportif-le-choix-de-laviron-pour-eliot\/\" target=\"_blank\" rel=\"noreferrer noopener\">Eliot<\/a> dont nous avons d\u00e9j\u00e0 parl\u00e9.<\/p>\n\n\n\n<p class=\"justification_texte { text-align: justify;}\">Elle a une \u00e9norme pr\u00e9f\u00e9rence pour ce sport. Ce qu&#8217;elle aime ? La vitesse et cette sensation de libert\u00e9 quand on est sur l&#8217;eau ; mais aussi : l&#8217;esprit familial, l&#8217;esprit d&#8217;\u00e9quipe. C&#8217;est un sport tr\u00e8s physique et c&#8217;est pour cela que, comme les autres rameurs, elle aime cette pratique. Seule sur le bateau c&#8217;est \u00eatre confront\u00e9e \u00e0 soi-m\u00eame : il faut se d\u00e9passer. Bien s\u00fbr une importante pr\u00e9paration s&#8217;av\u00e8re n\u00e9cessaire : musculation, course \u00e0 pied, ergom\u00e8tre, pratique sur l&#8217;eau&#8230; Une grande vari\u00e9t\u00e9 d&#8217;exercice est indispensable pour avoir le potentiel.<\/p>\n\n\n\n<figure class=\"wp-block-image size-large\"><img loading=\"lazy\" decoding=\"async\" width=\"1024\" height=\"683\" src=\"https:\/\/www.saint-paul-angouleme.fr\/application\/wp-content\/uploads\/2023\/02\/315629118_698980034961363_3846357345416249571_n-1024x683.jpg\" alt=\"En pleine effort \u00e0 la rame\" class=\"wp-image-6615\" srcset=\"https:\/\/www.saint-paul-angouleme.fr\/application\/wp-content\/uploads\/2023\/02\/315629118_698980034961363_3846357345416249571_n-1024x683.jpg 1024w, https:\/\/www.saint-paul-angouleme.fr\/application\/wp-content\/uploads\/2023\/02\/315629118_698980034961363_3846357345416249571_n-300x200.jpg 300w, https:\/\/www.saint-paul-angouleme.fr\/application\/wp-content\/uploads\/2023\/02\/315629118_698980034961363_3846357345416249571_n-768x512.jpg 768w, https:\/\/www.saint-paul-angouleme.fr\/application\/wp-content\/uploads\/2023\/02\/315629118_698980034961363_3846357345416249571_n.jpg 1080w\" sizes=\"(max-width: 1024px) 100vw, 1024px\" \/><\/figure>\n\n\n\n<h3 class=\"wp-block-heading\">Du club d&#8217;aviron \u00e0 la comp\u00e9tition<\/h3>\n\n\n\n<p class=\"justification_texte { text-align: justify;}\">Fin janvier marque le temps du &#8220;Championnat de France&#8221; du &#8220;Championnat d&#8217;Europe&#8221; Indoor. trois \u00e9tapes permettent un classement : 500 m\u00e8tres, 2 000 m\u00e8tres et 2 x 150 m\u00e8tres en relais. Amandine est championne de France et championne d&#8217;Europe du 500 m\u00e8tres (la candidate ukrainienne finit 2\u00e8me). Sur le 2 000 m\u00e8tres elle est &#8220;vice-championne&#8221; de France et 3\u00e8me d&#8217;Europe. L&#8217;\u00e9quipe du relais est troisi\u00e8me de France : il y a de quoi \u00eatre fiers.<\/p>\n\n\n\n<p class=\"justification_texte { text-align: justify;}\">Il est surprenant de voir qu&#8217;un sport &#8220;nautique&#8221; se pratique aussi en salle (&#8220;indoor&#8221;). Amandine aime malgr\u00e9 tout cette pratique. De fait, cela est tr\u00e8s diff\u00e9rent mais facilite la puissance et n\u00e9cessite un &#8220;gros mental&#8221;. Son objectif : continuer et passer en \u00e9quipe &#8220;B&#8221;, c&#8217;est \u00e0 dire &#8220;Europe&#8221;. Amandine est jeune en effet et l&#8217;\u00e9quipe &#8220;A&#8221; (les &#8220;mondiaux&#8221;) peut attendre un peu. Qui sait ? Pourquoi ne pas la retrouver aux JO de 2028 ?<\/p>\n\n\n\n<figure class=\"wp-block-image size-large\"><img loading=\"lazy\" decoding=\"async\" width=\"768\" height=\"1024\" src=\"https:\/\/www.saint-paul-angouleme.fr\/application\/wp-content\/uploads\/2023\/02\/IMG-20230127-WA0004-768x1024.jpg\" alt=\"Championne d'Europe : le podium\" class=\"wp-image-6622\" srcset=\"https:\/\/www.saint-paul-angouleme.fr\/application\/wp-content\/uploads\/2023\/02\/IMG-20230127-WA0004-768x1024.jpg 768w, https:\/\/www.saint-paul-angouleme.fr\/application\/wp-content\/uploads\/2023\/02\/IMG-20230127-WA0004-225x300.jpg 225w, https:\/\/www.saint-paul-angouleme.fr\/application\/wp-content\/uploads\/2023\/02\/IMG-20230127-WA0004-1152x1536.jpg 1152w, https:\/\/www.saint-paul-angouleme.fr\/application\/wp-content\/uploads\/2023\/02\/IMG-20230127-WA0004.jpg 1200w\" sizes=\"(max-width: 768px) 100vw, 768px\" \/><\/figure>\n\n\n\n<h3 class=\"wp-block-heading\">Conjuguer \u00e9tudes et entra\u00eenement<\/h3>\n\n\n\n<p class=\"justification_texte { text-align: justify;}\">Chacun le sait : l&#8217;ann\u00e9e de Premi\u00e8re est aussi celle du Bac (une partie du moins). Il est donc important d&#8217;avoir un programme d&#8217;entra\u00eenement adapt\u00e9 aux heures de cours. Sa coach pr\u00e9pare donc un grand programme pour la comp\u00e9tition et d\u00e8s qu&#8217;il y a un peu de temps libre, place aux devoirs. Elle fait donc des fiches de r\u00e9vision et, sur le trajet, avant les comp\u00e9titions, place au programme du lyc\u00e9e.<\/p>\n\n\n\n<p class=\"justification_texte { text-align: justify;}\">Objectif de l&#8217;ann\u00e9e prochaine : int\u00e9grer le &#8220;P\u00f4le espoir&#8221; \u00e0 Bordeaux (\u00e9quivalent du &#8220;sport \u00e9tudes&#8221; et donc en internat). Il faut pour cela monter un dossier et attendre la s\u00e9lection par le jury. Ensuite, en juin, c&#8217;est l&#8217;accord d\u00e9finitif. Normalement ce cursus est de deux ans ; Amandine n&#8217;a plus qu&#8217;un an \u00e0 effectuer puisqu&#8217;elle est en 1\u00e8re cette ann\u00e9e. Une exception reste possible puisqu&#8217;elle est d\u00e9j\u00e0 int\u00e9gr\u00e9e aux week-end et stages de p\u00f4le. Sa coach est partie sur Paris (elle entra\u00eene \u00e0 Boulogne) mais continue de la suivre \u00e0 distance ; elle revient m\u00eame de temps en temps sur Angoul\u00eame. Elle accompagne m\u00eame 4 jeunes rameurs (2 filles et 2 gar\u00e7ons).<\/p>\n\n\n\n<figure class=\"wp-block-image size-large\"><img loading=\"lazy\" decoding=\"async\" width=\"768\" height=\"1024\" src=\"https:\/\/www.saint-paul-angouleme.fr\/application\/wp-content\/uploads\/2023\/02\/IMG-20230127-WA0007-1-768x1024.jpg\" alt=\"Championne de France : le podium\" class=\"wp-image-6628\" srcset=\"https:\/\/www.saint-paul-angouleme.fr\/application\/wp-content\/uploads\/2023\/02\/IMG-20230127-WA0007-1-768x1024.jpg 768w, https:\/\/www.saint-paul-angouleme.fr\/application\/wp-content\/uploads\/2023\/02\/IMG-20230127-WA0007-1-225x300.jpg 225w, https:\/\/www.saint-paul-angouleme.fr\/application\/wp-content\/uploads\/2023\/02\/IMG-20230127-WA0007-1-1152x1536.jpg 1152w, https:\/\/www.saint-paul-angouleme.fr\/application\/wp-content\/uploads\/2023\/02\/IMG-20230127-WA0007-1.jpg 1200w\" sizes=\"(max-width: 768px) 100vw, 768px\" \/><\/figure>\n\n\n\n<p class=\"justification_texte { text-align: justify;}\">Prochain rendez-vous en mars avec les comp\u00e9titions de zone en vue de la prochaine qualification au Championnat de France. Nouveau Challenge : essai d&#8217;un bateau o\u00f9 elle sera apair\u00e9e avec une fille de Boulogne. Bonne chance \u00e0 toi Amandine !<\/p>\n","protected":false},"excerpt":{"rendered":"<p>L&#8217;aviron c&#8217;est le sport passion d&#8217;Amandine R, \u00e9l\u00e8ve de 1\u00e8re \u00e0 Saint-Paul. A la suite d&#8217;autres portraits de sportifs parmi nos lyc\u00e9ens, voici celui d&#8217;Amandine qui est une vraie championne. L&#8217;aviron, une pratique r\u00e9cente mais intense Amandine pratique l&#8217;aviron depuis trois ans seulement et c&#8217;est d\u00e9j\u00e0 pour elle une passion. Elle se donne \u00e0 fond &#8230; <a title=\"Amandine : tout pour l&#8217;aviron !\" class=\"read-more\" href=\"https:\/\/www.saint-paul-angouleme.fr\/application\/amandine-tout-pour-laviron\/\" aria-label=\"Read more about Amandine : tout pour l&#8217;aviron !\">Lire la suite<\/a><\/p>\n","protected":false},"author":3,"featured_media":6631,"comment_status":"open","ping_status":"open","sticky":false,"template":"","format":"standard","meta":{"_exactmetrics_skip_tracking":false,"_exactmetrics_sitenote_active":false,"_exactmetrics_sitenote_note":"","_exactmetrics_sitenote_category":0,"footnotes":""},"categories":[523],"tags":[],"class_list":["post-6609","post","type-post","status-publish","format-standard","has-post-thumbnail","hentry","category-regard-sur"],"yoast_head":"<!-- This site is optimized with the Yoast SEO plugin v23.3 - https:\/\/yoast.com\/wordpress\/plugins\/seo\/ -->\n<title>Amandine : tout pour l&#039;aviron<\/title>\n<meta name=\"description\" content=\"Suite de notre s\u00e9rie de portraits de nos \u00e9l\u00e8ves passionn\u00e9s de sport. Rencontre avec Amandine R. passionn\u00e9e d&#039;aviron et double championne.\" \/>\n<meta name=\"robots\" content=\"index, follow, max-snippet:-1, max-image-preview:large, max-video-preview:-1\" \/>\n<link rel=\"canonical\" href=\"https:\/\/www.saint-paul-angouleme.fr\/application\/amandine-tout-pour-laviron\/\" \/>\n<meta property=\"og:locale\" content=\"fr_FR\" \/>\n<meta property=\"og:type\" content=\"article\" \/>\n<meta property=\"og:title\" content=\"Amandine : tout pour l&#039;aviron\" \/>\n<meta property=\"og:description\" content=\"Suite de notre s\u00e9rie de portraits de nos \u00e9l\u00e8ves passionn\u00e9s de sport. Rencontre avec Amandine R. passionn\u00e9e d&#039;aviron et double championne.\" \/>\n<meta property=\"og:url\" content=\"https:\/\/www.saint-paul-angouleme.fr\/application\/amandine-tout-pour-laviron\/\" \/>\n<meta property=\"og:site_name\" content=\"Actualit\u00e9s\" \/>\n<meta property=\"article:publisher\" content=\"https:\/\/www.facebook.com\/SaintPaulAngouleme16\/\" \/>\n<meta property=\"article:published_time\" content=\"2023-02-08T15:12:43+00:00\" \/>\n<meta property=\"article:modified_time\" content=\"2023-04-13T08:53:46+00:00\" \/>\n<meta property=\"og:image\" content=\"https:\/\/www.saint-paul-angouleme.fr\/application\/wp-content\/uploads\/2023\/02\/rowing-898008_1920.jpg\" \/>\n\t<meta property=\"og:image:width\" content=\"1920\" \/>\n\t<meta property=\"og:image:height\" content=\"1280\" \/>\n\t<meta property=\"og:image:type\" content=\"image\/jpeg\" \/>\n<meta name=\"author\" content=\"SAINT-PAUL\" \/>\n<meta name=\"twitter:card\" content=\"summary_large_image\" \/>\n<meta name=\"twitter:creator\" content=\"@StPaulAngoulem\" \/>\n<meta name=\"twitter:site\" content=\"@StPaulAngoulem\" \/>\n<meta name=\"twitter:label1\" content=\"\u00c9crit par\" \/>\n\t<meta name=\"twitter:data1\" content=\"SAINT-PAUL\" \/>\n\t<meta name=\"twitter:label2\" content=\"Dur\u00e9e de lecture estim\u00e9e\" \/>\n\t<meta name=\"twitter:data2\" content=\"4 minutes\" \/>\n<script type=\"application\/ld+json\" class=\"yoast-schema-graph\">{\"@context\":\"https:\/\/schema.org\",\"@graph\":[{\"@type\":\"Article\",\"@id\":\"https:\/\/www.saint-paul-angouleme.fr\/application\/amandine-tout-pour-laviron\/#article\",\"isPartOf\":{\"@id\":\"https:\/\/www.saint-paul-angouleme.fr\/application\/amandine-tout-pour-laviron\/\"},\"author\":{\"name\":\"SAINT-PAUL\",\"@id\":\"https:\/\/www.saint-paul-angouleme.fr\/application\/#\/schema\/person\/ea152930b1a3823659065827b1a5fb9b\"},\"headline\":\"Amandine : tout pour l&#8217;aviron !\",\"datePublished\":\"2023-02-08T15:12:43+00:00\",\"dateModified\":\"2023-04-13T08:53:46+00:00\",\"mainEntityOfPage\":{\"@id\":\"https:\/\/www.saint-paul-angouleme.fr\/application\/amandine-tout-pour-laviron\/\"},\"wordCount\":640,\"commentCount\":0,\"publisher\":{\"@id\":\"https:\/\/www.saint-paul-angouleme.fr\/application\/#organization\"},\"image\":{\"@id\":\"https:\/\/www.saint-paul-angouleme.fr\/application\/amandine-tout-pour-laviron\/#primaryimage\"},\"thumbnailUrl\":\"https:\/\/www.saint-paul-angouleme.fr\/application\/wp-content\/uploads\/2023\/02\/rowing-898008_1920.jpg\",\"articleSection\":[\"Regard sur\"],\"inLanguage\":\"fr-FR\",\"potentialAction\":[{\"@type\":\"CommentAction\",\"name\":\"Comment\",\"target\":[\"https:\/\/www.saint-paul-angouleme.fr\/application\/amandine-tout-pour-laviron\/#respond\"]}]},{\"@type\":\"WebPage\",\"@id\":\"https:\/\/www.saint-paul-angouleme.fr\/application\/amandine-tout-pour-laviron\/\",\"url\":\"https:\/\/www.saint-paul-angouleme.fr\/application\/amandine-tout-pour-laviron\/\",\"name\":\"Amandine : tout pour l'aviron\",\"isPartOf\":{\"@id\":\"https:\/\/www.saint-paul-angouleme.fr\/application\/#website\"},\"primaryImageOfPage\":{\"@id\":\"https:\/\/www.saint-paul-angouleme.fr\/application\/amandine-tout-pour-laviron\/#primaryimage\"},\"image\":{\"@id\":\"https:\/\/www.saint-paul-angouleme.fr\/application\/amandine-tout-pour-laviron\/#primaryimage\"},\"thumbnailUrl\":\"https:\/\/www.saint-paul-angouleme.fr\/application\/wp-content\/uploads\/2023\/02\/rowing-898008_1920.jpg\",\"datePublished\":\"2023-02-08T15:12:43+00:00\",\"dateModified\":\"2023-04-13T08:53:46+00:00\",\"description\":\"Suite de notre s\u00e9rie de portraits de nos \u00e9l\u00e8ves passionn\u00e9s de sport. Rencontre avec Amandine R. passionn\u00e9e d'aviron et double championne.\",\"breadcrumb\":{\"@id\":\"https:\/\/www.saint-paul-angouleme.fr\/application\/amandine-tout-pour-laviron\/#breadcrumb\"},\"inLanguage\":\"fr-FR\",\"potentialAction\":[{\"@type\":\"ReadAction\",\"target\":[\"https:\/\/www.saint-paul-angouleme.fr\/application\/amandine-tout-pour-laviron\/\"]}]},{\"@type\":\"ImageObject\",\"inLanguage\":\"fr-FR\",\"@id\":\"https:\/\/www.saint-paul-angouleme.fr\/application\/amandine-tout-pour-laviron\/#primaryimage\",\"url\":\"https:\/\/www.saint-paul-angouleme.fr\/application\/wp-content\/uploads\/2023\/02\/rowing-898008_1920.jpg\",\"contentUrl\":\"https:\/\/www.saint-paul-angouleme.fr\/application\/wp-content\/uploads\/2023\/02\/rowing-898008_1920.jpg\",\"width\":1920,\"height\":1280},{\"@type\":\"BreadcrumbList\",\"@id\":\"https:\/\/www.saint-paul-angouleme.fr\/application\/amandine-tout-pour-laviron\/#breadcrumb\",\"itemListElement\":[{\"@type\":\"ListItem\",\"position\":1,\"name\":\"Accueil\",\"item\":\"http:\/\/www.saint-paul-angouleme.fr\/application\/\"},{\"@type\":\"ListItem\",\"position\":2,\"name\":\"Amandine : tout pour l&#8217;aviron !\"}]},{\"@type\":\"WebSite\",\"@id\":\"https:\/\/www.saint-paul-angouleme.fr\/application\/#website\",\"url\":\"https:\/\/www.saint-paul-angouleme.fr\/application\/\",\"name\":\"Actualit\u00e9s\",\"description\":\"Actualit\u00e9s Saint Paul\",\"publisher\":{\"@id\":\"https:\/\/www.saint-paul-angouleme.fr\/application\/#organization\"},\"potentialAction\":[{\"@type\":\"SearchAction\",\"target\":{\"@type\":\"EntryPoint\",\"urlTemplate\":\"https:\/\/www.saint-paul-angouleme.fr\/application\/?s={search_term_string}\"},\"query-input\":\"required name=search_term_string\"}],\"inLanguage\":\"fr-FR\"},{\"@type\":\"Organization\",\"@id\":\"https:\/\/www.saint-paul-angouleme.fr\/application\/#organization\",\"name\":\"Ensemble scolaire Saint-Paul\",\"url\":\"https:\/\/www.saint-paul-angouleme.fr\/application\/\",\"logo\":{\"@type\":\"ImageObject\",\"inLanguage\":\"fr-FR\",\"@id\":\"https:\/\/www.saint-paul-angouleme.fr\/application\/#\/schema\/logo\/image\/\",\"url\":\"https:\/\/www.saint-paul-angouleme.fr\/application\/wp-content\/uploads\/2018\/08\/logo-saint-paul-couleurs.jpg\",\"contentUrl\":\"https:\/\/www.saint-paul-angouleme.fr\/application\/wp-content\/uploads\/2018\/08\/logo-saint-paul-couleurs.jpg\",\"width\":1890,\"height\":709,\"caption\":\"Ensemble scolaire Saint-Paul\"},\"image\":{\"@id\":\"https:\/\/www.saint-paul-angouleme.fr\/application\/#\/schema\/logo\/image\/\"},\"sameAs\":[\"https:\/\/www.facebook.com\/SaintPaulAngouleme16\/\",\"https:\/\/x.com\/StPaulAngoulem\",\"https:\/\/www.youtube.com\/channel\/UCRLpz1CmPVqc0gn--YyXvjA?view_as=subscriber\"]},{\"@type\":\"Person\",\"@id\":\"https:\/\/www.saint-paul-angouleme.fr\/application\/#\/schema\/person\/ea152930b1a3823659065827b1a5fb9b\",\"name\":\"SAINT-PAUL\",\"image\":{\"@type\":\"ImageObject\",\"inLanguage\":\"fr-FR\",\"@id\":\"https:\/\/www.saint-paul-angouleme.fr\/application\/#\/schema\/person\/image\/\",\"url\":\"https:\/\/secure.gravatar.com\/avatar\/eadb0ffebc02683a61d69038eb2924f0?s=96&r=g\",\"contentUrl\":\"https:\/\/secure.gravatar.com\/avatar\/eadb0ffebc02683a61d69038eb2924f0?s=96&r=g\",\"caption\":\"SAINT-PAUL\"},\"url\":\"https:\/\/www.saint-paul-angouleme.fr\/application\/author\/myriam\/\"}]}<\/script>\n<!-- \/ Yoast SEO plugin. -->","yoast_head_json":{"title":"Amandine : tout pour l'aviron","description":"Suite de notre s\u00e9rie de portraits de nos \u00e9l\u00e8ves passionn\u00e9s de sport. Rencontre avec Amandine R. passionn\u00e9e d'aviron et double championne.","robots":{"index":"index","follow":"follow","max-snippet":"max-snippet:-1","max-image-preview":"max-image-preview:large","max-video-preview":"max-video-preview:-1"},"canonical":"https:\/\/www.saint-paul-angouleme.fr\/application\/amandine-tout-pour-laviron\/","og_locale":"fr_FR","og_type":"article","og_title":"Amandine : tout pour l'aviron","og_description":"Suite de notre s\u00e9rie de portraits de nos \u00e9l\u00e8ves passionn\u00e9s de sport. Rencontre avec Amandine R. passionn\u00e9e d'aviron et double championne.","og_url":"https:\/\/www.saint-paul-angouleme.fr\/application\/amandine-tout-pour-laviron\/","og_site_name":"Actualit\u00e9s","article_publisher":"https:\/\/www.facebook.com\/SaintPaulAngouleme16\/","article_published_time":"2023-02-08T15:12:43+00:00","article_modified_time":"2023-04-13T08:53:46+00:00","og_image":[{"width":1920,"height":1280,"url":"https:\/\/www.saint-paul-angouleme.fr\/application\/wp-content\/uploads\/2023\/02\/rowing-898008_1920.jpg","type":"image\/jpeg"}],"author":"SAINT-PAUL","twitter_card":"summary_large_image","twitter_creator":"@StPaulAngoulem","twitter_site":"@StPaulAngoulem","twitter_misc":{"\u00c9crit par":"SAINT-PAUL","Dur\u00e9e de lecture estim\u00e9e":"4 minutes"},"schema":{"@context":"https:\/\/schema.org","@graph":[{"@type":"Article","@id":"https:\/\/www.saint-paul-angouleme.fr\/application\/amandine-tout-pour-laviron\/#article","isPartOf":{"@id":"https:\/\/www.saint-paul-angouleme.fr\/application\/amandine-tout-pour-laviron\/"},"author":{"name":"SAINT-PAUL","@id":"https:\/\/www.saint-paul-angouleme.fr\/application\/#\/schema\/person\/ea152930b1a3823659065827b1a5fb9b"},"headline":"Amandine : tout pour l&#8217;aviron !","datePublished":"2023-02-08T15:12:43+00:00","dateModified":"2023-04-13T08:53:46+00:00","mainEntityOfPage":{"@id":"https:\/\/www.saint-paul-angouleme.fr\/application\/amandine-tout-pour-laviron\/"},"wordCount":640,"commentCount":0,"publisher":{"@id":"https:\/\/www.saint-paul-angouleme.fr\/application\/#organization"},"image":{"@id":"https:\/\/www.saint-paul-angouleme.fr\/application\/amandine-tout-pour-laviron\/#primaryimage"},"thumbnailUrl":"https:\/\/www.saint-paul-angouleme.fr\/application\/wp-content\/uploads\/2023\/02\/rowing-898008_1920.jpg","articleSection":["Regard sur"],"inLanguage":"fr-FR","potentialAction":[{"@type":"CommentAction","name":"Comment","target":["https:\/\/www.saint-paul-angouleme.fr\/application\/amandine-tout-pour-laviron\/#respond"]}]},{"@type":"WebPage","@id":"https:\/\/www.saint-paul-angouleme.fr\/application\/amandine-tout-pour-laviron\/","url":"https:\/\/www.saint-paul-angouleme.fr\/application\/amandine-tout-pour-laviron\/","name":"Amandine : tout pour l'aviron","isPartOf":{"@id":"https:\/\/www.saint-paul-angouleme.fr\/application\/#website"},"primaryImageOfPage":{"@id":"https:\/\/www.saint-paul-angouleme.fr\/application\/amandine-tout-pour-laviron\/#primaryimage"},"image":{"@id":"https:\/\/www.saint-paul-angouleme.fr\/application\/amandine-tout-pour-laviron\/#primaryimage"},"thumbnailUrl":"https:\/\/www.saint-paul-angouleme.fr\/application\/wp-content\/uploads\/2023\/02\/rowing-898008_1920.jpg","datePublished":"2023-02-08T15:12:43+00:00","dateModified":"2023-04-13T08:53:46+00:00","description":"Suite de notre s\u00e9rie de portraits de nos \u00e9l\u00e8ves passionn\u00e9s de sport. Rencontre avec Amandine R. passionn\u00e9e d'aviron et double championne.","breadcrumb":{"@id":"https:\/\/www.saint-paul-angouleme.fr\/application\/amandine-tout-pour-laviron\/#breadcrumb"},"inLanguage":"fr-FR","potentialAction":[{"@type":"ReadAction","target":["https:\/\/www.saint-paul-angouleme.fr\/application\/amandine-tout-pour-laviron\/"]}]},{"@type":"ImageObject","inLanguage":"fr-FR","@id":"https:\/\/www.saint-paul-angouleme.fr\/application\/amandine-tout-pour-laviron\/#primaryimage","url":"https:\/\/www.saint-paul-angouleme.fr\/application\/wp-content\/uploads\/2023\/02\/rowing-898008_1920.jpg","contentUrl":"https:\/\/www.saint-paul-angouleme.fr\/application\/wp-content\/uploads\/2023\/02\/rowing-898008_1920.jpg","width":1920,"height":1280},{"@type":"BreadcrumbList","@id":"https:\/\/www.saint-paul-angouleme.fr\/application\/amandine-tout-pour-laviron\/#breadcrumb","itemListElement":[{"@type":"ListItem","position":1,"name":"Accueil","item":"http:\/\/www.saint-paul-angouleme.fr\/application\/"},{"@type":"ListItem","position":2,"name":"Amandine : tout pour l&#8217;aviron !"}]},{"@type":"WebSite","@id":"https:\/\/www.saint-paul-angouleme.fr\/application\/#website","url":"https:\/\/www.saint-paul-angouleme.fr\/application\/","name":"Actualit\u00e9s","description":"Actualit\u00e9s Saint Paul","publisher":{"@id":"https:\/\/www.saint-paul-angouleme.fr\/application\/#organization"},"potentialAction":[{"@type":"SearchAction","target":{"@type":"EntryPoint","urlTemplate":"https:\/\/www.saint-paul-angouleme.fr\/application\/?s={search_term_string}"},"query-input":"required name=search_term_string"}],"inLanguage":"fr-FR"},{"@type":"Organization","@id":"https:\/\/www.saint-paul-angouleme.fr\/application\/#organization","name":"Ensemble scolaire Saint-Paul","url":"https:\/\/www.saint-paul-angouleme.fr\/application\/","logo":{"@type":"ImageObject","inLanguage":"fr-FR","@id":"https:\/\/www.saint-paul-angouleme.fr\/application\/#\/schema\/logo\/image\/","url":"https:\/\/www.saint-paul-angouleme.fr\/application\/wp-content\/uploads\/2018\/08\/logo-saint-paul-couleurs.jpg","contentUrl":"https:\/\/www.saint-paul-angouleme.fr\/application\/wp-content\/uploads\/2018\/08\/logo-saint-paul-couleurs.jpg","width":1890,"height":709,"caption":"Ensemble scolaire Saint-Paul"},"image":{"@id":"https:\/\/www.saint-paul-angouleme.fr\/application\/#\/schema\/logo\/image\/"},"sameAs":["https:\/\/www.facebook.com\/SaintPaulAngouleme16\/","https:\/\/x.com\/StPaulAngoulem","https:\/\/www.youtube.com\/channel\/UCRLpz1CmPVqc0gn--YyXvjA?view_as=subscriber"]},{"@type":"Person","@id":"https:\/\/www.saint-paul-angouleme.fr\/application\/#\/schema\/person\/ea152930b1a3823659065827b1a5fb9b","name":"SAINT-PAUL","image":{"@type":"ImageObject","inLanguage":"fr-FR","@id":"https:\/\/www.saint-paul-angouleme.fr\/application\/#\/schema\/person\/image\/","url":"https:\/\/secure.gravatar.com\/avatar\/eadb0ffebc02683a61d69038eb2924f0?s=96&r=g","contentUrl":"https:\/\/secure.gravatar.com\/avatar\/eadb0ffebc02683a61d69038eb2924f0?s=96&r=g","caption":"SAINT-PAUL"},"url":"https:\/\/www.saint-paul-angouleme.fr\/application\/author\/myriam\/"}]}},"_links":{"self":[{"href":"https:\/\/www.saint-paul-angouleme.fr\/application\/wp-json\/wp\/v2\/posts\/6609"}],"collection":[{"href":"https:\/\/www.saint-paul-angouleme.fr\/application\/wp-json\/wp\/v2\/posts"}],"about":[{"href":"https:\/\/www.saint-paul-angouleme.fr\/application\/wp-json\/wp\/v2\/types\/post"}],"author":[{"embeddable":true,"href":"https:\/\/www.saint-paul-angouleme.fr\/application\/wp-json\/wp\/v2\/users\/3"}],"replies":[{"embeddable":true,"href":"https:\/\/www.saint-paul-angouleme.fr\/application\/wp-json\/wp\/v2\/comments?post=6609"}],"version-history":[{"count":16,"href":"https:\/\/www.saint-paul-angouleme.fr\/application\/wp-json\/wp\/v2\/posts\/6609\/revisions"}],"predecessor-version":[{"id":6630,"href":"https:\/\/www.saint-paul-angouleme.fr\/application\/wp-json\/wp\/v2\/posts\/6609\/revisions\/6630"}],"wp:featuredmedia":[{"embeddable":true,"href":"https:\/\/www.saint-paul-angouleme.fr\/application\/wp-json\/wp\/v2\/media\/6631"}],"wp:attachment":[{"href":"https:\/\/www.saint-paul-angouleme.fr\/application\/wp-json\/wp\/v2\/media?parent=6609"}],"wp:term":[{"taxonomy":"category","embeddable":true,"href":"https:\/\/www.saint-paul-angouleme.fr\/application\/wp-json\/wp\/v2\/categories?post=6609"},{"taxonomy":"post_tag","embeddable":true,"href":"https:\/\/www.saint-paul-angouleme.fr\/application\/wp-json\/wp\/v2\/tags?post=6609"}],"curies":[{"name":"wp","href":"https:\/\/api.w.org\/{rel}","templated":true}]}}