{"id":6423,"date":"2022-09-05T09:29:44","date_gmt":"2022-09-05T07:29:44","guid":{"rendered":"https:\/\/www.saint-paul-angouleme.fr\/application\/?p=6398"},"modified":"2022-09-05T09:29:44","modified_gmt":"2022-09-05T07:29:44","slug":"des-rentrees-sur-mesure-pour-un-demarrage-tout-en-douceur-2","status":"publish","type":"post","link":"https:\/\/www.saint-paul-angouleme.fr\/application\/en\/des-rentrees-sur-mesure-pour-un-demarrage-tout-en-douceur-2\/","title":{"rendered":"Tailor-made returns for a smooth start"},"content":{"rendered":"\n<figure class=\"wp-block-image\"><img loading=\"lazy\" decoding=\"async\" width=\"1024\" height=\"858\" src=\"https:\/\/www.saint-paul-angouleme.fr\/application\/wp-content\/uploads\/2022\/09\/Rose-et-Cr\u00e8me-Dessin\u00e9-\u00e0-la-main-Rentr\u00e9e-des-classes-Salle-de-classe-Porte-Affiche-Publication-Instagram-carr\u00e9e-1024x858.png\" alt=\"Welcome to the 6th grade\" class=\"wp-image-6399\" srcset=\"https:\/\/www.saint-paul-angouleme.fr\/application\/wp-content\/uploads\/2022\/09\/Rose-et-Cr\u00e8me-Dessin\u00e9-\u00e0-la-main-Rentr\u00e9e-des-classes-Salle-de-classe-Porte-Affiche-Publication-Instagram-carr\u00e9e-1024x858.png 1024w, https:\/\/www.saint-paul-angouleme.fr\/application\/wp-content\/uploads\/2022\/09\/Rose-et-Cr\u00e8me-Dessin\u00e9-\u00e0-la-main-Rentr\u00e9e-des-classes-Salle-de-classe-Porte-Affiche-Publication-Instagram-carr\u00e9e-300x251.png 300w, https:\/\/www.saint-paul-angouleme.fr\/application\/wp-content\/uploads\/2022\/09\/Rose-et-Cr\u00e8me-Dessin\u00e9-\u00e0-la-main-Rentr\u00e9e-des-classes-Salle-de-classe-Porte-Affiche-Publication-Instagram-carr\u00e9e-768x644.png 768w\" sizes=\"(max-width: 1024px) 100vw, 1024px\" \/><\/figure>\n\n\n\n<h3 class=\"wp-block-heading\">Special day for the 6th<\/h3>\n\n\n\n<p class=\"justification_texte { text-align: justify;}\">Thursday, September 1st is a special day. It is <a href=\"https:\/\/www.saint-paul-angouleme.fr\/application\/une-rentree-a-trois-temps\/\" target=\"_blank\" rel=\"noreferrer noopener\" aria-label=\"une RENTREE rien que pour nos \u00e9l\u00e8ves de 6\u00e8me (s\u2019ouvre dans un nouvel onglet)\">a RENTREE just for our 6th grade students<\/a>. They are welcomed alone in Saint-Paul. <\/p>\n\n\n\n<p class=\"justification_texte { text-align: justify;}\">The morning takes place with the Teacher in Charge of Class. It is a question of taking time to explain the functioning of the college, understand the schedule, fill in documents &#8230; <\/p>\n\n\n\n<ul class=\"wp-block-gallery columns-2 is-cropped wp-block-gallery-1 is-layout-flex wp-block-gallery-is-layout-flex\"><li class=\"blocks-gallery-item\"><figure><img loading=\"lazy\" decoding=\"async\" width=\"1024\" height=\"683\" src=\"https:\/\/www.saint-paul-angouleme.fr\/application\/wp-content\/uploads\/2022\/09\/Rentr\u00e9e-6\u00e8me-2022-2023-2-1024x683.jpg\" alt=\"\" data-id=\"6403\" data-link=\"https:\/\/www.saint-paul-angouleme.fr\/application\/?attachment_id=6403#main\" class=\"wp-image-6403\" srcset=\"https:\/\/www.saint-paul-angouleme.fr\/application\/wp-content\/uploads\/2022\/09\/Rentr\u00e9e-6\u00e8me-2022-2023-2-1024x683.jpg 1024w, https:\/\/www.saint-paul-angouleme.fr\/application\/wp-content\/uploads\/2022\/09\/Rentr\u00e9e-6\u00e8me-2022-2023-2-300x200.jpg 300w, https:\/\/www.saint-paul-angouleme.fr\/application\/wp-content\/uploads\/2022\/09\/Rentr\u00e9e-6\u00e8me-2022-2023-2-768x512.jpg 768w\" sizes=\"(max-width: 1024px) 100vw, 1024px\" \/><\/figure><\/li><li class=\"blocks-gallery-item\"><figure><img loading=\"lazy\" decoding=\"async\" width=\"1024\" height=\"683\" src=\"https:\/\/www.saint-paul-angouleme.fr\/application\/wp-content\/uploads\/2022\/09\/Rentr\u00e9e-6\u00e8me-2022-2023-6-1024x683.jpg\" alt=\"\" data-id=\"6404\" data-link=\"https:\/\/www.saint-paul-angouleme.fr\/application\/?attachment_id=6404#main\" class=\"wp-image-6404\" srcset=\"https:\/\/www.saint-paul-angouleme.fr\/application\/wp-content\/uploads\/2022\/09\/Rentr\u00e9e-6\u00e8me-2022-2023-6-1024x683.jpg 1024w, https:\/\/www.saint-paul-angouleme.fr\/application\/wp-content\/uploads\/2022\/09\/Rentr\u00e9e-6\u00e8me-2022-2023-6-300x200.jpg 300w, https:\/\/www.saint-paul-angouleme.fr\/application\/wp-content\/uploads\/2022\/09\/Rentr\u00e9e-6\u00e8me-2022-2023-6-768x512.jpg 768w\" sizes=\"(max-width: 1024px) 100vw, 1024px\" \/><\/figure><\/li><\/ul>\n\n\n\n<p class=\"justification_texte { text-align: justify;}\">In the afternoon an orientation game allows you to discover the school and the main teachers of your class. A room to find, an answer to give and go back to the next room. A snack closes this first day rich in beautiful discoveries.<\/p>\n\n\n\n<p class=\"justification_texte { text-align: justify;}\">A great experience to get your bearings before the arrival of other middle school students (Friday morning) and high school students (Friday afternoon).  <\/p>\n\n\n\n<ul class=\"wp-block-gallery columns-2 is-cropped wp-block-gallery-2 is-layout-flex wp-block-gallery-is-layout-flex\"><li class=\"blocks-gallery-item\"><figure><img loading=\"lazy\" decoding=\"async\" width=\"1024\" height=\"683\" src=\"https:\/\/www.saint-paul-angouleme.fr\/application\/wp-content\/uploads\/2022\/09\/Rentr\u00e9e-6\u00e8me-2022-2023-14-1024x683.jpg\" alt=\"\" data-id=\"6405\" data-link=\"https:\/\/www.saint-paul-angouleme.fr\/application\/?attachment_id=6405#main\" class=\"wp-image-6405\" srcset=\"https:\/\/www.saint-paul-angouleme.fr\/application\/wp-content\/uploads\/2022\/09\/Rentr\u00e9e-6\u00e8me-2022-2023-14-1024x683.jpg 1024w, https:\/\/www.saint-paul-angouleme.fr\/application\/wp-content\/uploads\/2022\/09\/Rentr\u00e9e-6\u00e8me-2022-2023-14-300x200.jpg 300w, https:\/\/www.saint-paul-angouleme.fr\/application\/wp-content\/uploads\/2022\/09\/Rentr\u00e9e-6\u00e8me-2022-2023-14-768x512.jpg 768w\" sizes=\"(max-width: 1024px) 100vw, 1024px\" \/><\/figure><\/li><li class=\"blocks-gallery-item\"><figure><img loading=\"lazy\" decoding=\"async\" width=\"1024\" height=\"696\" src=\"https:\/\/www.saint-paul-angouleme.fr\/application\/wp-content\/uploads\/2022\/09\/Rentr\u00e9e-6\u00e8me-2022-2023-21-1024x696.jpg\" alt=\"\" data-id=\"6406\" data-link=\"https:\/\/www.saint-paul-angouleme.fr\/application\/?attachment_id=6406#main\" class=\"wp-image-6406\" srcset=\"https:\/\/www.saint-paul-angouleme.fr\/application\/wp-content\/uploads\/2022\/09\/Rentr\u00e9e-6\u00e8me-2022-2023-21-1024x696.jpg 1024w, https:\/\/www.saint-paul-angouleme.fr\/application\/wp-content\/uploads\/2022\/09\/Rentr\u00e9e-6\u00e8me-2022-2023-21-300x204.jpg 300w, https:\/\/www.saint-paul-angouleme.fr\/application\/wp-content\/uploads\/2022\/09\/Rentr\u00e9e-6\u00e8me-2022-2023-21-768x522.jpg 768w\" sizes=\"(max-width: 1024px) 100vw, 1024px\" \/><\/figure><\/li><li class=\"blocks-gallery-item\"><figure><img loading=\"lazy\" decoding=\"async\" width=\"1024\" height=\"683\" src=\"https:\/\/www.saint-paul-angouleme.fr\/application\/wp-content\/uploads\/2022\/09\/Rentr\u00e9e-6\u00e8me-2022-2023-25-1024x683.jpg\" alt=\"\" data-id=\"6407\" data-link=\"https:\/\/www.saint-paul-angouleme.fr\/application\/?attachment_id=6407#main\" class=\"wp-image-6407\" srcset=\"https:\/\/www.saint-paul-angouleme.fr\/application\/wp-content\/uploads\/2022\/09\/Rentr\u00e9e-6\u00e8me-2022-2023-25-1024x683.jpg 1024w, https:\/\/www.saint-paul-angouleme.fr\/application\/wp-content\/uploads\/2022\/09\/Rentr\u00e9e-6\u00e8me-2022-2023-25-300x200.jpg 300w, https:\/\/www.saint-paul-angouleme.fr\/application\/wp-content\/uploads\/2022\/09\/Rentr\u00e9e-6\u00e8me-2022-2023-25-768x512.jpg 768w\" sizes=\"(max-width: 1024px) 100vw, 1024px\" \/><\/figure><\/li><li class=\"blocks-gallery-item\"><figure><img loading=\"lazy\" decoding=\"async\" width=\"1024\" height=\"683\" src=\"https:\/\/www.saint-paul-angouleme.fr\/application\/wp-content\/uploads\/2022\/09\/Rentr\u00e9e-6\u00e8me-2022-2023-27-1024x683.jpg\" alt=\"\" data-id=\"6408\" data-link=\"https:\/\/www.saint-paul-angouleme.fr\/application\/?attachment_id=6408#main\" class=\"wp-image-6408\" srcset=\"https:\/\/www.saint-paul-angouleme.fr\/application\/wp-content\/uploads\/2022\/09\/Rentr\u00e9e-6\u00e8me-2022-2023-27-1024x683.jpg 1024w, https:\/\/www.saint-paul-angouleme.fr\/application\/wp-content\/uploads\/2022\/09\/Rentr\u00e9e-6\u00e8me-2022-2023-27-300x200.jpg 300w, https:\/\/www.saint-paul-angouleme.fr\/application\/wp-content\/uploads\/2022\/09\/Rentr\u00e9e-6\u00e8me-2022-2023-27-768x512.jpg 768w\" sizes=\"(max-width: 1024px) 100vw, 1024px\" \/><\/figure><\/li><li class=\"blocks-gallery-item\"><figure><img loading=\"lazy\" decoding=\"async\" width=\"1024\" height=\"683\" src=\"https:\/\/www.saint-paul-angouleme.fr\/application\/wp-content\/uploads\/2022\/09\/Rentr\u00e9e-6\u00e8me-2022-2023-31-1024x683.jpg\" alt=\"\" data-id=\"6409\" data-link=\"https:\/\/www.saint-paul-angouleme.fr\/application\/?attachment_id=6409#main\" class=\"wp-image-6409\" srcset=\"https:\/\/www.saint-paul-angouleme.fr\/application\/wp-content\/uploads\/2022\/09\/Rentr\u00e9e-6\u00e8me-2022-2023-31-1024x683.jpg 1024w, https:\/\/www.saint-paul-angouleme.fr\/application\/wp-content\/uploads\/2022\/09\/Rentr\u00e9e-6\u00e8me-2022-2023-31-300x200.jpg 300w, https:\/\/www.saint-paul-angouleme.fr\/application\/wp-content\/uploads\/2022\/09\/Rentr\u00e9e-6\u00e8me-2022-2023-31-768x512.jpg 768w\" sizes=\"(max-width: 1024px) 100vw, 1024px\" \/><\/figure><\/li><li class=\"blocks-gallery-item\"><figure><img loading=\"lazy\" decoding=\"async\" width=\"1024\" height=\"702\" src=\"https:\/\/www.saint-paul-angouleme.fr\/application\/wp-content\/uploads\/2022\/09\/Rentr\u00e9e-6\u00e8me-2022-2023-34-1024x702.jpg\" alt=\"\" data-id=\"6410\" data-link=\"https:\/\/www.saint-paul-angouleme.fr\/application\/?attachment_id=6410#main\" class=\"wp-image-6410\" srcset=\"https:\/\/www.saint-paul-angouleme.fr\/application\/wp-content\/uploads\/2022\/09\/Rentr\u00e9e-6\u00e8me-2022-2023-34-1024x702.jpg 1024w, https:\/\/www.saint-paul-angouleme.fr\/application\/wp-content\/uploads\/2022\/09\/Rentr\u00e9e-6\u00e8me-2022-2023-34-300x206.jpg 300w, https:\/\/www.saint-paul-angouleme.fr\/application\/wp-content\/uploads\/2022\/09\/Rentr\u00e9e-6\u00e8me-2022-2023-34-768x526.jpg 768w\" sizes=\"(max-width: 1024px) 100vw, 1024px\" \/><\/figure><\/li><\/ul>\n\n\n\n<h3 class=\"wp-block-heading\">Back to school and individualized reception for the seconds<\/h3>\n\n\n\n<figure class=\"wp-block-image\"><img loading=\"lazy\" decoding=\"async\" width=\"1024\" height=\"681\" src=\"https:\/\/www.saint-paul-angouleme.fr\/application\/wp-content\/uploads\/2022\/09\/Rentr\u00e9e-2des-2022-2023-2-1024x681.jpg\" alt=\"Everyone is waiting to know their class\" class=\"wp-image-6411\" srcset=\"https:\/\/www.saint-paul-angouleme.fr\/application\/wp-content\/uploads\/2022\/09\/Rentr\u00e9e-2des-2022-2023-2-1024x681.jpg 1024w, https:\/\/www.saint-paul-angouleme.fr\/application\/wp-content\/uploads\/2022\/09\/Rentr\u00e9e-2des-2022-2023-2-300x199.jpg 300w, https:\/\/www.saint-paul-angouleme.fr\/application\/wp-content\/uploads\/2022\/09\/Rentr\u00e9e-2des-2022-2023-2-768x511.jpg 768w\" sizes=\"(max-width: 1024px) 100vw, 1024px\" \/><\/figure>\n\n\n\n<p class=\"justification_texte { text-align: justify;}\">The next day, Friday, September 2, 2022 in the early afternoon, the students of Seconde also benefited from a &quot;tailor-made&quot; welcome for their entry to the Lyc\u00e9e. Welcomed before the students of Premi\u00e8re and Terminale, they discover their Teacher In Charge of Class and who are the comrades with whom they will spend this school year. The emotion is palpable, each hoping to be with at least one or two &quot;buddies&quot;.<\/p>\n\n\n\n<p class=\"justification_texte { text-align: justify;}\">Each class goes to collect its books and, like the sixths, discover its schedule and teachers. Under a beautiful sun and gently the new year looks good.  <\/p>\n\n\n\n<ul class=\"wp-block-gallery columns-2 is-cropped wp-block-gallery-3 is-layout-flex wp-block-gallery-is-layout-flex\"><li class=\"blocks-gallery-item\"><figure><img loading=\"lazy\" decoding=\"async\" width=\"764\" height=\"1024\" src=\"https:\/\/www.saint-paul-angouleme.fr\/application\/wp-content\/uploads\/2022\/09\/Rentr\u00e9e-2des-2022-2023-1-764x1024.jpg\" alt=\"\" data-id=\"6413\" data-link=\"https:\/\/www.saint-paul-angouleme.fr\/application\/?attachment_id=6413#main\" class=\"wp-image-6413\" srcset=\"https:\/\/www.saint-paul-angouleme.fr\/application\/wp-content\/uploads\/2022\/09\/Rentr\u00e9e-2des-2022-2023-1-764x1024.jpg 764w, https:\/\/www.saint-paul-angouleme.fr\/application\/wp-content\/uploads\/2022\/09\/Rentr\u00e9e-2des-2022-2023-1-224x300.jpg 224w, https:\/\/www.saint-paul-angouleme.fr\/application\/wp-content\/uploads\/2022\/09\/Rentr\u00e9e-2des-2022-2023-1-768x1029.jpg 768w\" sizes=\"(max-width: 764px) 100vw, 764px\" \/><\/figure><\/li><li class=\"blocks-gallery-item\"><figure><img loading=\"lazy\" decoding=\"async\" width=\"683\" height=\"1024\" src=\"https:\/\/www.saint-paul-angouleme.fr\/application\/wp-content\/uploads\/2022\/09\/Rentr\u00e9e-2des-2022-2023-7-683x1024.jpg\" alt=\"\" data-id=\"6414\" data-link=\"https:\/\/www.saint-paul-angouleme.fr\/application\/?attachment_id=6414#main\" class=\"wp-image-6414\" srcset=\"https:\/\/www.saint-paul-angouleme.fr\/application\/wp-content\/uploads\/2022\/09\/Rentr\u00e9e-2des-2022-2023-7-683x1024.jpg 683w, https:\/\/www.saint-paul-angouleme.fr\/application\/wp-content\/uploads\/2022\/09\/Rentr\u00e9e-2des-2022-2023-7-200x300.jpg 200w, https:\/\/www.saint-paul-angouleme.fr\/application\/wp-content\/uploads\/2022\/09\/Rentr\u00e9e-2des-2022-2023-7-768x1152.jpg 768w\" sizes=\"(max-width: 683px) 100vw, 683px\" \/><\/figure><\/li><li class=\"blocks-gallery-item\"><figure><img loading=\"lazy\" decoding=\"async\" width=\"1024\" height=\"683\" src=\"https:\/\/www.saint-paul-angouleme.fr\/application\/wp-content\/uploads\/2022\/09\/Rentr\u00e9e-2des-2022-2023-8-1024x683.jpg\" alt=\"\" data-id=\"6415\" data-link=\"https:\/\/www.saint-paul-angouleme.fr\/application\/?attachment_id=6415#main\" class=\"wp-image-6415\" srcset=\"https:\/\/www.saint-paul-angouleme.fr\/application\/wp-content\/uploads\/2022\/09\/Rentr\u00e9e-2des-2022-2023-8-1024x683.jpg 1024w, https:\/\/www.saint-paul-angouleme.fr\/application\/wp-content\/uploads\/2022\/09\/Rentr\u00e9e-2des-2022-2023-8-300x200.jpg 300w, https:\/\/www.saint-paul-angouleme.fr\/application\/wp-content\/uploads\/2022\/09\/Rentr\u00e9e-2des-2022-2023-8-768x512.jpg 768w\" sizes=\"(max-width: 1024px) 100vw, 1024px\" \/><\/figure><\/li><li class=\"blocks-gallery-item\"><figure><img loading=\"lazy\" decoding=\"async\" width=\"1024\" height=\"710\" src=\"https:\/\/www.saint-paul-angouleme.fr\/application\/wp-content\/uploads\/2022\/09\/Rentr\u00e9e-2des-2022-2023-10-1024x710.jpg\" alt=\"\" data-id=\"6416\" data-link=\"https:\/\/www.saint-paul-angouleme.fr\/application\/?attachment_id=6416#main\" class=\"wp-image-6416\" srcset=\"https:\/\/www.saint-paul-angouleme.fr\/application\/wp-content\/uploads\/2022\/09\/Rentr\u00e9e-2des-2022-2023-10-1024x710.jpg 1024w, https:\/\/www.saint-paul-angouleme.fr\/application\/wp-content\/uploads\/2022\/09\/Rentr\u00e9e-2des-2022-2023-10-300x208.jpg 300w, https:\/\/www.saint-paul-angouleme.fr\/application\/wp-content\/uploads\/2022\/09\/Rentr\u00e9e-2des-2022-2023-10-768x532.jpg 768w\" sizes=\"(max-width: 1024px) 100vw, 1024px\" \/><\/figure><\/li><li class=\"blocks-gallery-item\"><figure><img loading=\"lazy\" decoding=\"async\" width=\"1024\" height=\"676\" src=\"https:\/\/www.saint-paul-angouleme.fr\/application\/wp-content\/uploads\/2022\/09\/Rentr\u00e9e-2des-2022-2023-11-1024x676.jpg\" alt=\"\" data-id=\"6417\" data-link=\"https:\/\/www.saint-paul-angouleme.fr\/application\/?attachment_id=6417#main\" class=\"wp-image-6417\" srcset=\"https:\/\/www.saint-paul-angouleme.fr\/application\/wp-content\/uploads\/2022\/09\/Rentr\u00e9e-2des-2022-2023-11-1024x676.jpg 1024w, https:\/\/www.saint-paul-angouleme.fr\/application\/wp-content\/uploads\/2022\/09\/Rentr\u00e9e-2des-2022-2023-11-300x198.jpg 300w, https:\/\/www.saint-paul-angouleme.fr\/application\/wp-content\/uploads\/2022\/09\/Rentr\u00e9e-2des-2022-2023-11-768x507.jpg 768w\" sizes=\"(max-width: 1024px) 100vw, 1024px\" \/><\/figure><\/li><li class=\"blocks-gallery-item\"><figure><img loading=\"lazy\" decoding=\"async\" width=\"1024\" height=\"664\" src=\"https:\/\/www.saint-paul-angouleme.fr\/application\/wp-content\/uploads\/2022\/09\/Rentr\u00e9e-2des-2022-2023-13-1024x664.jpg\" alt=\"\" data-id=\"6418\" data-link=\"https:\/\/www.saint-paul-angouleme.fr\/application\/?attachment_id=6418#main\" class=\"wp-image-6418\" srcset=\"https:\/\/www.saint-paul-angouleme.fr\/application\/wp-content\/uploads\/2022\/09\/Rentr\u00e9e-2des-2022-2023-13-1024x664.jpg 1024w, https:\/\/www.saint-paul-angouleme.fr\/application\/wp-content\/uploads\/2022\/09\/Rentr\u00e9e-2des-2022-2023-13-300x195.jpg 300w, https:\/\/www.saint-paul-angouleme.fr\/application\/wp-content\/uploads\/2022\/09\/Rentr\u00e9e-2des-2022-2023-13-768x498.jpg 768w\" sizes=\"(max-width: 1024px) 100vw, 1024px\" \/><\/figure><\/li><\/ul>\n","protected":false},"excerpt":{"rendered":"<p>Special day for the 6th Thursday, September 1st is a special day. It is a RENTREE just for our 6th grade students. They are welcomed alone in Saint-Paul. The morning takes place with the Teacher in Charge of Class. It is a question of taking time to explain the functioning of the college, understand the &#8230; <a title=\"Tailor-made returns for a smooth start\" class=\"read-more\" href=\"https:\/\/www.saint-paul-angouleme.fr\/application\/en\/des-rentrees-sur-mesure-pour-un-demarrage-tout-en-douceur-2\/\" aria-label=\"Read more about Tailor-made returns for a smooth start\">Lire la suite<\/a><\/p>\n","protected":false},"author":3,"featured_media":0,"comment_status":"open","ping_status":"open","sticky":false,"template":"","format":"standard","meta":{"_exactmetrics_skip_tracking":false,"_exactmetrics_sitenote_active":false,"_exactmetrics_sitenote_note":"","_exactmetrics_sitenote_category":0,"footnotes":""},"categories":[507],"tags":[],"class_list":["post-6423","post","type-post","status-publish","format-standard","hentry","category-pedagogy"],"yoast_head":"<!-- This site is optimized with the Yoast SEO plugin v23.3 - https:\/\/yoast.com\/wordpress\/plugins\/seo\/ -->\n<title>Tailor-made returns for a smooth start - Actualit\u00e9s<\/title>\n<meta name=\"robots\" content=\"index, follow, max-snippet:-1, max-image-preview:large, max-video-preview:-1\" \/>\n<link rel=\"canonical\" href=\"https:\/\/www.saint-paul-angouleme.fr\/application\/en\/des-rentrees-sur-mesure-pour-un-demarrage-tout-en-douceur-2\/\" \/>\n<meta property=\"og:locale\" content=\"fr_FR\" \/>\n<meta property=\"og:type\" content=\"article\" \/>\n<meta property=\"og:title\" content=\"Tailor-made returns for a smooth start - Actualit\u00e9s\" \/>\n<meta property=\"og:description\" content=\"Special day for the 6th Thursday, September 1st is a special day. It is a RENTREE just for our 6th grade students. They are welcomed alone in Saint-Paul. The morning takes place with the Teacher in Charge of Class. It is a question of taking time to explain the functioning of the college, understand the ... Lire la suite\" \/>\n<meta property=\"og:url\" content=\"https:\/\/www.saint-paul-angouleme.fr\/application\/en\/des-rentrees-sur-mesure-pour-un-demarrage-tout-en-douceur-2\/\" \/>\n<meta property=\"og:site_name\" content=\"Actualit\u00e9s\" \/>\n<meta property=\"article:publisher\" content=\"https:\/\/www.facebook.com\/SaintPaulAngouleme16\/\" \/>\n<meta property=\"article:published_time\" content=\"2022-09-05T07:29:44+00:00\" \/>\n<meta name=\"author\" content=\"SAINT-PAUL\" \/>\n<meta name=\"twitter:card\" content=\"summary_large_image\" \/>\n<meta name=\"twitter:creator\" content=\"@StPaulAngoulem\" \/>\n<meta name=\"twitter:site\" content=\"@StPaulAngoulem\" \/>\n<meta name=\"twitter:label1\" content=\"\u00c9crit par\" \/>\n\t<meta name=\"twitter:data1\" content=\"SAINT-PAUL\" \/>\n\t<meta name=\"twitter:label2\" content=\"Dur\u00e9e de lecture estim\u00e9e\" \/>\n\t<meta name=\"twitter:data2\" content=\"1 minute\" \/>\n<script type=\"application\/ld+json\" class=\"yoast-schema-graph\">{\"@context\":\"https:\/\/schema.org\",\"@graph\":[{\"@type\":\"Article\",\"@id\":\"https:\/\/www.saint-paul-angouleme.fr\/application\/en\/des-rentrees-sur-mesure-pour-un-demarrage-tout-en-douceur-2\/#article\",\"isPartOf\":{\"@id\":\"https:\/\/www.saint-paul-angouleme.fr\/application\/en\/des-rentrees-sur-mesure-pour-un-demarrage-tout-en-douceur-2\/\"},\"author\":{\"name\":\"SAINT-PAUL\",\"@id\":\"https:\/\/www.saint-paul-angouleme.fr\/application\/#\/schema\/person\/ea152930b1a3823659065827b1a5fb9b\"},\"headline\":\"Tailor-made returns for a smooth start\",\"datePublished\":\"2022-09-05T07:29:44+00:00\",\"dateModified\":\"2022-09-05T07:29:44+00:00\",\"mainEntityOfPage\":{\"@id\":\"https:\/\/www.saint-paul-angouleme.fr\/application\/en\/des-rentrees-sur-mesure-pour-un-demarrage-tout-en-douceur-2\/\"},\"wordCount\":243,\"commentCount\":0,\"publisher\":{\"@id\":\"https:\/\/www.saint-paul-angouleme.fr\/application\/#organization\"},\"articleSection\":[\"Pedagogy\"],\"inLanguage\":\"fr-FR\",\"potentialAction\":[{\"@type\":\"CommentAction\",\"name\":\"Comment\",\"target\":[\"https:\/\/www.saint-paul-angouleme.fr\/application\/en\/des-rentrees-sur-mesure-pour-un-demarrage-tout-en-douceur-2\/#respond\"]}]},{\"@type\":\"WebPage\",\"@id\":\"https:\/\/www.saint-paul-angouleme.fr\/application\/en\/des-rentrees-sur-mesure-pour-un-demarrage-tout-en-douceur-2\/\",\"url\":\"https:\/\/www.saint-paul-angouleme.fr\/application\/en\/des-rentrees-sur-mesure-pour-un-demarrage-tout-en-douceur-2\/\",\"name\":\"Tailor-made returns for a smooth start - Actualit\u00e9s\",\"isPartOf\":{\"@id\":\"https:\/\/www.saint-paul-angouleme.fr\/application\/#website\"},\"datePublished\":\"2022-09-05T07:29:44+00:00\",\"dateModified\":\"2022-09-05T07:29:44+00:00\",\"breadcrumb\":{\"@id\":\"https:\/\/www.saint-paul-angouleme.fr\/application\/en\/des-rentrees-sur-mesure-pour-un-demarrage-tout-en-douceur-2\/#breadcrumb\"},\"inLanguage\":\"fr-FR\",\"potentialAction\":[{\"@type\":\"ReadAction\",\"target\":[\"https:\/\/www.saint-paul-angouleme.fr\/application\/en\/des-rentrees-sur-mesure-pour-un-demarrage-tout-en-douceur-2\/\"]}]},{\"@type\":\"BreadcrumbList\",\"@id\":\"https:\/\/www.saint-paul-angouleme.fr\/application\/en\/des-rentrees-sur-mesure-pour-un-demarrage-tout-en-douceur-2\/#breadcrumb\",\"itemListElement\":[{\"@type\":\"ListItem\",\"position\":1,\"name\":\"Accueil\",\"item\":\"http:\/\/www.saint-paul-angouleme.fr\/application\/\"},{\"@type\":\"ListItem\",\"position\":2,\"name\":\"Tailor-made returns for a smooth start\"}]},{\"@type\":\"WebSite\",\"@id\":\"https:\/\/www.saint-paul-angouleme.fr\/application\/#website\",\"url\":\"https:\/\/www.saint-paul-angouleme.fr\/application\/\",\"name\":\"Actualit\u00e9s\",\"description\":\"Actualit\u00e9s Saint Paul\",\"publisher\":{\"@id\":\"https:\/\/www.saint-paul-angouleme.fr\/application\/#organization\"},\"potentialAction\":[{\"@type\":\"SearchAction\",\"target\":{\"@type\":\"EntryPoint\",\"urlTemplate\":\"https:\/\/www.saint-paul-angouleme.fr\/application\/?s={search_term_string}\"},\"query-input\":\"required name=search_term_string\"}],\"inLanguage\":\"fr-FR\"},{\"@type\":\"Organization\",\"@id\":\"https:\/\/www.saint-paul-angouleme.fr\/application\/#organization\",\"name\":\"Ensemble scolaire Saint-Paul\",\"url\":\"https:\/\/www.saint-paul-angouleme.fr\/application\/\",\"logo\":{\"@type\":\"ImageObject\",\"inLanguage\":\"fr-FR\",\"@id\":\"https:\/\/www.saint-paul-angouleme.fr\/application\/#\/schema\/logo\/image\/\",\"url\":\"https:\/\/www.saint-paul-angouleme.fr\/application\/wp-content\/uploads\/2018\/08\/logo-saint-paul-couleurs.jpg\",\"contentUrl\":\"https:\/\/www.saint-paul-angouleme.fr\/application\/wp-content\/uploads\/2018\/08\/logo-saint-paul-couleurs.jpg\",\"width\":1890,\"height\":709,\"caption\":\"Ensemble scolaire Saint-Paul\"},\"image\":{\"@id\":\"https:\/\/www.saint-paul-angouleme.fr\/application\/#\/schema\/logo\/image\/\"},\"sameAs\":[\"https:\/\/www.facebook.com\/SaintPaulAngouleme16\/\",\"https:\/\/x.com\/StPaulAngoulem\",\"https:\/\/www.youtube.com\/channel\/UCRLpz1CmPVqc0gn--YyXvjA?view_as=subscriber\"]},{\"@type\":\"Person\",\"@id\":\"https:\/\/www.saint-paul-angouleme.fr\/application\/#\/schema\/person\/ea152930b1a3823659065827b1a5fb9b\",\"name\":\"SAINT-PAUL\",\"image\":{\"@type\":\"ImageObject\",\"inLanguage\":\"fr-FR\",\"@id\":\"https:\/\/www.saint-paul-angouleme.fr\/application\/#\/schema\/person\/image\/\",\"url\":\"https:\/\/secure.gravatar.com\/avatar\/eadb0ffebc02683a61d69038eb2924f0?s=96&r=g\",\"contentUrl\":\"https:\/\/secure.gravatar.com\/avatar\/eadb0ffebc02683a61d69038eb2924f0?s=96&r=g\",\"caption\":\"SAINT-PAUL\"},\"url\":\"https:\/\/www.saint-paul-angouleme.fr\/application\/author\/myriam\/\"}]}<\/script>\n<!-- \/ Yoast SEO plugin. -->","yoast_head_json":{"title":"Tailor-made returns for a smooth start - Actualit\u00e9s","robots":{"index":"index","follow":"follow","max-snippet":"max-snippet:-1","max-image-preview":"max-image-preview:large","max-video-preview":"max-video-preview:-1"},"canonical":"https:\/\/www.saint-paul-angouleme.fr\/application\/en\/des-rentrees-sur-mesure-pour-un-demarrage-tout-en-douceur-2\/","og_locale":"fr_FR","og_type":"article","og_title":"Tailor-made returns for a smooth start - Actualit\u00e9s","og_description":"Special day for the 6th Thursday, September 1st is a special day. It is a RENTREE just for our 6th grade students. They are welcomed alone in Saint-Paul. The morning takes place with the Teacher in Charge of Class. It is a question of taking time to explain the functioning of the college, understand the ... Lire la suite","og_url":"https:\/\/www.saint-paul-angouleme.fr\/application\/en\/des-rentrees-sur-mesure-pour-un-demarrage-tout-en-douceur-2\/","og_site_name":"Actualit\u00e9s","article_publisher":"https:\/\/www.facebook.com\/SaintPaulAngouleme16\/","article_published_time":"2022-09-05T07:29:44+00:00","author":"SAINT-PAUL","twitter_card":"summary_large_image","twitter_creator":"@StPaulAngoulem","twitter_site":"@StPaulAngoulem","twitter_misc":{"\u00c9crit par":"SAINT-PAUL","Dur\u00e9e de lecture estim\u00e9e":"1 minute"},"schema":{"@context":"https:\/\/schema.org","@graph":[{"@type":"Article","@id":"https:\/\/www.saint-paul-angouleme.fr\/application\/en\/des-rentrees-sur-mesure-pour-un-demarrage-tout-en-douceur-2\/#article","isPartOf":{"@id":"https:\/\/www.saint-paul-angouleme.fr\/application\/en\/des-rentrees-sur-mesure-pour-un-demarrage-tout-en-douceur-2\/"},"author":{"name":"SAINT-PAUL","@id":"https:\/\/www.saint-paul-angouleme.fr\/application\/#\/schema\/person\/ea152930b1a3823659065827b1a5fb9b"},"headline":"Tailor-made returns for a smooth start","datePublished":"2022-09-05T07:29:44+00:00","dateModified":"2022-09-05T07:29:44+00:00","mainEntityOfPage":{"@id":"https:\/\/www.saint-paul-angouleme.fr\/application\/en\/des-rentrees-sur-mesure-pour-un-demarrage-tout-en-douceur-2\/"},"wordCount":243,"commentCount":0,"publisher":{"@id":"https:\/\/www.saint-paul-angouleme.fr\/application\/#organization"},"articleSection":["Pedagogy"],"inLanguage":"fr-FR","potentialAction":[{"@type":"CommentAction","name":"Comment","target":["https:\/\/www.saint-paul-angouleme.fr\/application\/en\/des-rentrees-sur-mesure-pour-un-demarrage-tout-en-douceur-2\/#respond"]}]},{"@type":"WebPage","@id":"https:\/\/www.saint-paul-angouleme.fr\/application\/en\/des-rentrees-sur-mesure-pour-un-demarrage-tout-en-douceur-2\/","url":"https:\/\/www.saint-paul-angouleme.fr\/application\/en\/des-rentrees-sur-mesure-pour-un-demarrage-tout-en-douceur-2\/","name":"Tailor-made returns for a smooth start - Actualit\u00e9s","isPartOf":{"@id":"https:\/\/www.saint-paul-angouleme.fr\/application\/#website"},"datePublished":"2022-09-05T07:29:44+00:00","dateModified":"2022-09-05T07:29:44+00:00","breadcrumb":{"@id":"https:\/\/www.saint-paul-angouleme.fr\/application\/en\/des-rentrees-sur-mesure-pour-un-demarrage-tout-en-douceur-2\/#breadcrumb"},"inLanguage":"fr-FR","potentialAction":[{"@type":"ReadAction","target":["https:\/\/www.saint-paul-angouleme.fr\/application\/en\/des-rentrees-sur-mesure-pour-un-demarrage-tout-en-douceur-2\/"]}]},{"@type":"BreadcrumbList","@id":"https:\/\/www.saint-paul-angouleme.fr\/application\/en\/des-rentrees-sur-mesure-pour-un-demarrage-tout-en-douceur-2\/#breadcrumb","itemListElement":[{"@type":"ListItem","position":1,"name":"Accueil","item":"http:\/\/www.saint-paul-angouleme.fr\/application\/"},{"@type":"ListItem","position":2,"name":"Tailor-made returns for a smooth start"}]},{"@type":"WebSite","@id":"https:\/\/www.saint-paul-angouleme.fr\/application\/#website","url":"https:\/\/www.saint-paul-angouleme.fr\/application\/","name":"Actualit\u00e9s","description":"Actualit\u00e9s Saint Paul","publisher":{"@id":"https:\/\/www.saint-paul-angouleme.fr\/application\/#organization"},"potentialAction":[{"@type":"SearchAction","target":{"@type":"EntryPoint","urlTemplate":"https:\/\/www.saint-paul-angouleme.fr\/application\/?s={search_term_string}"},"query-input":"required name=search_term_string"}],"inLanguage":"fr-FR"},{"@type":"Organization","@id":"https:\/\/www.saint-paul-angouleme.fr\/application\/#organization","name":"Ensemble scolaire Saint-Paul","url":"https:\/\/www.saint-paul-angouleme.fr\/application\/","logo":{"@type":"ImageObject","inLanguage":"fr-FR","@id":"https:\/\/www.saint-paul-angouleme.fr\/application\/#\/schema\/logo\/image\/","url":"https:\/\/www.saint-paul-angouleme.fr\/application\/wp-content\/uploads\/2018\/08\/logo-saint-paul-couleurs.jpg","contentUrl":"https:\/\/www.saint-paul-angouleme.fr\/application\/wp-content\/uploads\/2018\/08\/logo-saint-paul-couleurs.jpg","width":1890,"height":709,"caption":"Ensemble scolaire Saint-Paul"},"image":{"@id":"https:\/\/www.saint-paul-angouleme.fr\/application\/#\/schema\/logo\/image\/"},"sameAs":["https:\/\/www.facebook.com\/SaintPaulAngouleme16\/","https:\/\/x.com\/StPaulAngoulem","https:\/\/www.youtube.com\/channel\/UCRLpz1CmPVqc0gn--YyXvjA?view_as=subscriber"]},{"@type":"Person","@id":"https:\/\/www.saint-paul-angouleme.fr\/application\/#\/schema\/person\/ea152930b1a3823659065827b1a5fb9b","name":"SAINT-PAUL","image":{"@type":"ImageObject","inLanguage":"fr-FR","@id":"https:\/\/www.saint-paul-angouleme.fr\/application\/#\/schema\/person\/image\/","url":"https:\/\/secure.gravatar.com\/avatar\/eadb0ffebc02683a61d69038eb2924f0?s=96&r=g","contentUrl":"https:\/\/secure.gravatar.com\/avatar\/eadb0ffebc02683a61d69038eb2924f0?s=96&r=g","caption":"SAINT-PAUL"},"url":"https:\/\/www.saint-paul-angouleme.fr\/application\/author\/myriam\/"}]}},"_links":{"self":[{"href":"https:\/\/www.saint-paul-angouleme.fr\/application\/wp-json\/wp\/v2\/posts\/6423"}],"collection":[{"href":"https:\/\/www.saint-paul-angouleme.fr\/application\/wp-json\/wp\/v2\/posts"}],"about":[{"href":"https:\/\/www.saint-paul-angouleme.fr\/application\/wp-json\/wp\/v2\/types\/post"}],"author":[{"embeddable":true,"href":"https:\/\/www.saint-paul-angouleme.fr\/application\/wp-json\/wp\/v2\/users\/3"}],"replies":[{"embeddable":true,"href":"https:\/\/www.saint-paul-angouleme.fr\/application\/wp-json\/wp\/v2\/comments?post=6423"}],"version-history":[{"count":0,"href":"https:\/\/www.saint-paul-angouleme.fr\/application\/wp-json\/wp\/v2\/posts\/6423\/revisions"}],"wp:attachment":[{"href":"https:\/\/www.saint-paul-angouleme.fr\/application\/wp-json\/wp\/v2\/media?parent=6423"}],"wp:term":[{"taxonomy":"category","embeddable":true,"href":"https:\/\/www.saint-paul-angouleme.fr\/application\/wp-json\/wp\/v2\/categories?post=6423"},{"taxonomy":"post_tag","embeddable":true,"href":"https:\/\/www.saint-paul-angouleme.fr\/application\/wp-json\/wp\/v2\/tags?post=6423"}],"curies":[{"name":"wp","href":"https:\/\/api.w.org\/{rel}","templated":true}]}}