{"id":6385,"date":"2022-07-07T11:51:23","date_gmt":"2022-07-07T09:51:23","guid":{"rendered":"https:\/\/www.saint-paul-angouleme.fr\/application\/?p=6385"},"modified":"2022-07-07T11:52:27","modified_gmt":"2022-07-07T09:52:27","slug":"songe-dune-nuit-dete-creation-artistique-a-saint-paul","status":"publish","type":"post","link":"https:\/\/www.saint-paul-angouleme.fr\/application\/songe-dune-nuit-dete-creation-artistique-a-saint-paul\/","title":{"rendered":"&#8220;Songe d&#8217;une nuit d&#8217;\u00e9t\u00e9&#8221; : cr\u00e9ation artistique \u00e0 Saint-Paul"},"content":{"rendered":"\n<figure class=\"wp-block-image\"><img loading=\"lazy\" decoding=\"async\" width=\"937\" height=\"670\" src=\"https:\/\/www.saint-paul-angouleme.fr\/application\/wp-content\/uploads\/2022\/07\/Capture.png\" alt=\"Un d\u00e9cor de la pi\u00e8ce\" class=\"wp-image-6386\" srcset=\"https:\/\/www.saint-paul-angouleme.fr\/application\/wp-content\/uploads\/2022\/07\/Capture.png 937w, https:\/\/www.saint-paul-angouleme.fr\/application\/wp-content\/uploads\/2022\/07\/Capture-300x215.png 300w, https:\/\/www.saint-paul-angouleme.fr\/application\/wp-content\/uploads\/2022\/07\/Capture-768x549.png 768w\" sizes=\"(max-width: 937px) 100vw, 937px\" \/><\/figure>\n\n\n\n<p class=\"justification_texte { text-align: justify;}\">Le samedi 21 et le dimanche 22 mai 2022 deux repr\u00e9sentations sont donn\u00e9es au th\u00e9\u00e2tre de La Couronne. Il s&#8217;agit d&#8217;une cr\u00e9ation originale : &#8220;Songe d&#8217;une nuit d&#8217;\u00e9t\u00e9&#8221; d&#8217;apr\u00e8s William Shakespeare. L&#8217;<a rel=\"noreferrer noopener\" aria-label=\"atelier th\u00e9\u00e2tre (s\u2019ouvre dans un nouvel onglet)\" href=\"https:\/\/www.saint-paul-angouleme.fr\/application\/latelier-theatre-accueille-francois-morel\/\" target=\"_blank\">atelier th\u00e9\u00e2tre<\/a> et la chorale de Saint-Paul ont travaill\u00e9 de concert tout au long de l&#8217;ann\u00e9e pour monter cette &#8220;cr\u00e9ation artistique&#8221;.<\/p>\n\n\n\n<p class=\"justification_texte { text-align: justify;}\">18 acteurs et 34 choristes sont donc mont\u00e9s sur sc\u00e8ne devant un public venu en nombre et attentif. Aux manettes : M. David POUGNAUD, acteur professionnel et metteur en sc\u00e8ne, Mme V\u00e9ronique GABRIEL son assistante, enseignante de Fran\u00e7ais et M. CLEYRAT, professeur de musique et chef de ch\u0153ur. Deux anciens \u00e9l\u00e8ves sont les cr\u00e9ateurs du d\u00e9cor : Dragan ZIELINSKI et Me\u00ef CHAMPE\u00cf. La musique est celle de Jason LYTLE via son groupe de rock &#8220;GRANDADDY&#8221; et de <a href=\"https:\/\/youtu.be\/d1PG80qp9Jw\" target=\"_blank\" rel=\"noreferrer noopener\" aria-label=\"CASCADEUR (s\u2019ouvre dans un nouvel onglet)\">CASCADEUR<\/a> (Alexandre LONGO, artiste fran\u00e7ais).<\/p>\n\n\n\n<p class=\"justification_texte { text-align: justify;}\">&#8220;Le songe d&#8217;une nuit d&#8217;\u00e9t\u00e9&#8221; est une com\u00e9die fantastique qui se d\u00e9roule \u00e0 quatre jours du solstice d&#8217;\u00e9t\u00e9. On y retrouve notamment : deux jeunes aristocrates amoureux : Lysandre et Hermia, Ob\u00e9ron et Titania, roi et reine des f\u00e9es, d&#8217;autres amoureux, des f\u00e9es et des acteurs amateurs qui choisissent ce m\u00eame bois pour r\u00e9p\u00e9ter leur pi\u00e8ce. Autant dire que toutes les interactions entre les personnages vont cr\u00e9er de belles confusions.<\/p>\n\n\n\n<p class=\"justification_texte { text-align: justify;}\">Parmi les th\u00e8mes de cette pi\u00e8ce : l&#8217;amour et les folies qu&#8217;il peut engendrer, la nature, le temps, le r\u00eave, entre-autres. A la fin de la pi\u00e8ce, les spectateurs sont ravis :  <em>&#8220;Super spectacle !! Bravo \u00e0 V\u00e9ronique Gabriel et David Pougnaud, Patrice Cleyrat et bien s\u00fbr les \u00e9l\u00e8ves !!&#8221;<\/em>. Pari r\u00e9ussit donc. A l&#8217;ann\u00e9e prochaine !<\/p>\n\n\n\n<p>Et pour ceux qui auraient rat\u00e9 cela, s\u00e9ance de rattrapage gr\u00e2ce et au fils de David et \u00e0 You tube :<\/p>\n\n\n\n<figure class=\"wp-block-embed-youtube wp-block-embed is-type-video is-provider-youtube wp-embed-aspect-16-9 wp-has-aspect-ratio\"><div class=\"wp-block-embed__wrapper\">\n<div class=\"arve\" data-mode=\"normal\" data-oembed=\"1\" data-provider=\"youtube\" id=\"arve-youtube-0wj7ea1sbpu\">\n<div class=\"arve-inner\">\n<div class=\"arve-embed arve-embed--has-aspect-ratio\">\n<span class=\"arve-ar\" style=\"padding-top:56.250000%\"><\/span><iframe credentialless referrerpolicy=\"strict-origin-when-cross-origin\" allow=\"accelerometer &#039;none&#039;;ambient-light-sensor &#039;none&#039;;autoplay &#039;none&#039;;battery &#039;none&#039;;bluetooth &#039;none&#039;;browsing-topics &#039;none&#039;;camera &#039;none&#039;;ch-ua &#039;none&#039;;clipboard-read &#039;none&#039;;clipboard-write;display-capture &#039;none&#039;;document-domain &#039;none&#039;;domain-agent &#039;none&#039;;encrypted-media &#039;none&#039;;execution-while-not-rendered &#039;none&#039;;execution-while-out-of-viewport &#039;none&#039;;gamepad &#039;none&#039;;geolocation &#039;none&#039;;gyroscope &#039;none&#039;;hid &#039;none&#039;;identity-credentials-get &#039;none&#039;;idle-detection &#039;none&#039;;keyboard-map &#039;none&#039;;local-fonts &#039;none&#039;;magnetometer &#039;none&#039;;microphone &#039;none&#039;;midi &#039;none&#039;;navigation-override &#039;none&#039;;otp-credentials &#039;none&#039;;payment &#039;none&#039;;picture-in-picture;publickey-credentials-create &#039;none&#039;;publickey-credentials-get &#039;none&#039;;screen-wake-lock &#039;none&#039;;serial &#039;none&#039;;speaker-selection;sync-xhr &#039;none&#039;;usb &#039;none&#039;;web-share;window-management &#039;none&#039;;xr-spatial-tracking &#039;none&#039;;\" allowfullscreen class=\"arve-iframe fitvidsignore\" data-arve=\"arve-youtube-0wj7ea1sbpu\" data-src-no-ap=\"https:\/\/www.youtube-nocookie.com\/embed\/0WJ7eA1SbpU?feature=oembed&amp;iv_load_policy=3&amp;modestbranding=1&amp;rel=0&amp;autohide=1&amp;playsinline=0&amp;autoplay=0\" frameborder=\"0\" height=\"0\" name sandbox=\"allow-scripts allow-same-origin allow-presentation allow-popups allow-popups-to-escape-sandbox\" scrolling=\"no\" src=\"https:\/\/www.youtube-nocookie.com\/embed\/0WJ7eA1SbpU?feature=oembed&#038;iv_load_policy=3&#038;modestbranding=1&#038;rel=0&#038;autohide=1&#038;playsinline=0&#038;autoplay=0\" width=\"0\" title loading=\"lazy\"><\/iframe>\n\n<\/div>\n\n<\/div>\n<script type=\"application\/ld+json\">{\"@context\":\"http:\\\/\\\/schema.org\\\/\",\"@id\":\"https:\\\/\\\/www.saint-paul-angouleme.fr\\\/application\\\/songe-dune-nuit-dete-creation-artistique-a-saint-paul\\\/#arve-youtube-0wj7ea1sbpu\",\"type\":\"VideoObject\",\"embedURL\":\"https:\\\/\\\/www.youtube-nocookie.com\\\/embed\\\/0WJ7eA1SbpU?feature=oembed&iv_load_policy=3&modestbranding=1&rel=0&autohide=1&playsinline=0&autoplay=0\"}<\/script>\n<\/div>\n\n<\/div><\/figure>\n","protected":false},"excerpt":{"rendered":"<p>Le samedi 21 et le dimanche 22 mai 2022 deux repr\u00e9sentations sont donn\u00e9es au th\u00e9\u00e2tre de La Couronne. Il s&#8217;agit d&#8217;une cr\u00e9ation originale : &#8220;Songe d&#8217;une nuit d&#8217;\u00e9t\u00e9&#8221; d&#8217;apr\u00e8s William Shakespeare. L&#8217;atelier th\u00e9\u00e2tre et la chorale de Saint-Paul ont travaill\u00e9 de concert tout au long de l&#8217;ann\u00e9e pour monter cette &#8220;cr\u00e9ation artistique&#8221;. 18 acteurs et &#8230; <a title=\"&#8220;Songe d&#8217;une nuit d&#8217;\u00e9t\u00e9&#8221; : cr\u00e9ation artistique \u00e0 Saint-Paul\" class=\"read-more\" href=\"https:\/\/www.saint-paul-angouleme.fr\/application\/songe-dune-nuit-dete-creation-artistique-a-saint-paul\/\" aria-label=\"Read more about &#8220;Songe d&#8217;une nuit d&#8217;\u00e9t\u00e9&#8221; : cr\u00e9ation artistique \u00e0 Saint-Paul\">Lire la suite<\/a><\/p>\n","protected":false},"author":3,"featured_media":6386,"comment_status":"open","ping_status":"open","sticky":false,"template":"","format":"standard","meta":{"_exactmetrics_skip_tracking":false,"_exactmetrics_sitenote_active":false,"_exactmetrics_sitenote_note":"","_exactmetrics_sitenote_category":0,"footnotes":""},"categories":[4,523,12],"tags":[],"class_list":["post-6385","post","type-post","status-publish","format-standard","has-post-thumbnail","hentry","category-agenda","category-regard-sur","category-rendez-vous"],"yoast_head":"<!-- This site is optimized with the Yoast SEO plugin v23.3 - https:\/\/yoast.com\/wordpress\/plugins\/seo\/ -->\n<title>&quot;Songe d&#039;une nuit d&#039;\u00e9t\u00e9&quot; : cr\u00e9ation artistique \u00e0 Saint-Paul - Actualit\u00e9s<\/title>\n<meta name=\"description\" content=\"L&#039; Atelier th\u00e9\u00e2tre et la Chorale de Saint-Paul s&#039;associent pour une cr\u00e9ation artistique unique : &quot;Le songe d&#039;une nuit d&#039;\u00e9t\u00e9&quot;.\" \/>\n<meta name=\"robots\" content=\"index, follow, max-snippet:-1, max-image-preview:large, max-video-preview:-1\" \/>\n<link rel=\"canonical\" href=\"https:\/\/www.saint-paul-angouleme.fr\/application\/songe-dune-nuit-dete-creation-artistique-a-saint-paul\/\" \/>\n<meta property=\"og:locale\" content=\"fr_FR\" \/>\n<meta property=\"og:type\" content=\"article\" \/>\n<meta property=\"og:title\" content=\"&quot;Songe d&#039;une nuit d&#039;\u00e9t\u00e9&quot; : cr\u00e9ation artistique \u00e0 Saint-Paul - Actualit\u00e9s\" \/>\n<meta property=\"og:description\" content=\"L&#039; Atelier th\u00e9\u00e2tre et la Chorale de Saint-Paul s&#039;associent pour une cr\u00e9ation artistique unique : &quot;Le songe d&#039;une nuit d&#039;\u00e9t\u00e9&quot;.\" \/>\n<meta property=\"og:url\" content=\"https:\/\/www.saint-paul-angouleme.fr\/application\/songe-dune-nuit-dete-creation-artistique-a-saint-paul\/\" \/>\n<meta property=\"og:site_name\" content=\"Actualit\u00e9s\" \/>\n<meta property=\"article:publisher\" content=\"https:\/\/www.facebook.com\/SaintPaulAngouleme16\/\" \/>\n<meta property=\"article:published_time\" content=\"2022-07-07T09:51:23+00:00\" \/>\n<meta property=\"article:modified_time\" content=\"2022-07-07T09:52:27+00:00\" \/>\n<meta property=\"og:image\" content=\"https:\/\/www.saint-paul-angouleme.fr\/application\/wp-content\/uploads\/2022\/07\/Capture.png\" \/>\n\t<meta property=\"og:image:width\" content=\"937\" \/>\n\t<meta property=\"og:image:height\" content=\"670\" \/>\n\t<meta property=\"og:image:type\" content=\"image\/png\" \/>\n<meta name=\"author\" content=\"SAINT-PAUL\" \/>\n<meta name=\"twitter:card\" content=\"summary_large_image\" \/>\n<meta name=\"twitter:creator\" content=\"@StPaulAngoulem\" \/>\n<meta name=\"twitter:site\" content=\"@StPaulAngoulem\" \/>\n<meta name=\"twitter:label1\" content=\"\u00c9crit par\" \/>\n\t<meta name=\"twitter:data1\" content=\"SAINT-PAUL\" \/>\n\t<meta name=\"twitter:label2\" content=\"Dur\u00e9e de lecture estim\u00e9e\" \/>\n\t<meta name=\"twitter:data2\" content=\"2 minutes\" \/>\n<script type=\"application\/ld+json\" class=\"yoast-schema-graph\">{\"@context\":\"https:\/\/schema.org\",\"@graph\":[{\"@type\":\"Article\",\"@id\":\"https:\/\/www.saint-paul-angouleme.fr\/application\/songe-dune-nuit-dete-creation-artistique-a-saint-paul\/#article\",\"isPartOf\":{\"@id\":\"https:\/\/www.saint-paul-angouleme.fr\/application\/songe-dune-nuit-dete-creation-artistique-a-saint-paul\/\"},\"author\":{\"name\":\"SAINT-PAUL\",\"@id\":\"https:\/\/www.saint-paul-angouleme.fr\/application\/#\/schema\/person\/ea152930b1a3823659065827b1a5fb9b\"},\"headline\":\"&#8220;Songe d&#8217;une nuit d&#8217;\u00e9t\u00e9&#8221; : cr\u00e9ation artistique \u00e0 Saint-Paul\",\"datePublished\":\"2022-07-07T09:51:23+00:00\",\"dateModified\":\"2022-07-07T09:52:27+00:00\",\"mainEntityOfPage\":{\"@id\":\"https:\/\/www.saint-paul-angouleme.fr\/application\/songe-dune-nuit-dete-creation-artistique-a-saint-paul\/\"},\"wordCount\":332,\"commentCount\":0,\"publisher\":{\"@id\":\"https:\/\/www.saint-paul-angouleme.fr\/application\/#organization\"},\"image\":{\"@id\":\"https:\/\/www.saint-paul-angouleme.fr\/application\/songe-dune-nuit-dete-creation-artistique-a-saint-paul\/#primaryimage\"},\"thumbnailUrl\":\"https:\/\/www.saint-paul-angouleme.fr\/application\/wp-content\/uploads\/2022\/07\/Capture.png\",\"articleSection\":[\"Agenda\",\"Regard sur\",\"Rendez-vous\"],\"inLanguage\":\"fr-FR\",\"potentialAction\":[{\"@type\":\"CommentAction\",\"name\":\"Comment\",\"target\":[\"https:\/\/www.saint-paul-angouleme.fr\/application\/songe-dune-nuit-dete-creation-artistique-a-saint-paul\/#respond\"]}]},{\"@type\":\"WebPage\",\"@id\":\"https:\/\/www.saint-paul-angouleme.fr\/application\/songe-dune-nuit-dete-creation-artistique-a-saint-paul\/\",\"url\":\"https:\/\/www.saint-paul-angouleme.fr\/application\/songe-dune-nuit-dete-creation-artistique-a-saint-paul\/\",\"name\":\"\\\"Songe d'une nuit d'\u00e9t\u00e9\\\" : cr\u00e9ation artistique \u00e0 Saint-Paul - Actualit\u00e9s\",\"isPartOf\":{\"@id\":\"https:\/\/www.saint-paul-angouleme.fr\/application\/#website\"},\"primaryImageOfPage\":{\"@id\":\"https:\/\/www.saint-paul-angouleme.fr\/application\/songe-dune-nuit-dete-creation-artistique-a-saint-paul\/#primaryimage\"},\"image\":{\"@id\":\"https:\/\/www.saint-paul-angouleme.fr\/application\/songe-dune-nuit-dete-creation-artistique-a-saint-paul\/#primaryimage\"},\"thumbnailUrl\":\"https:\/\/www.saint-paul-angouleme.fr\/application\/wp-content\/uploads\/2022\/07\/Capture.png\",\"datePublished\":\"2022-07-07T09:51:23+00:00\",\"dateModified\":\"2022-07-07T09:52:27+00:00\",\"description\":\"L' Atelier th\u00e9\u00e2tre et la Chorale de Saint-Paul s'associent pour une cr\u00e9ation artistique unique : \\\"Le songe d'une nuit d'\u00e9t\u00e9\\\".\",\"breadcrumb\":{\"@id\":\"https:\/\/www.saint-paul-angouleme.fr\/application\/songe-dune-nuit-dete-creation-artistique-a-saint-paul\/#breadcrumb\"},\"inLanguage\":\"fr-FR\",\"potentialAction\":[{\"@type\":\"ReadAction\",\"target\":[\"https:\/\/www.saint-paul-angouleme.fr\/application\/songe-dune-nuit-dete-creation-artistique-a-saint-paul\/\"]}]},{\"@type\":\"ImageObject\",\"inLanguage\":\"fr-FR\",\"@id\":\"https:\/\/www.saint-paul-angouleme.fr\/application\/songe-dune-nuit-dete-creation-artistique-a-saint-paul\/#primaryimage\",\"url\":\"https:\/\/www.saint-paul-angouleme.fr\/application\/wp-content\/uploads\/2022\/07\/Capture.png\",\"contentUrl\":\"https:\/\/www.saint-paul-angouleme.fr\/application\/wp-content\/uploads\/2022\/07\/Capture.png\",\"width\":937,\"height\":670},{\"@type\":\"BreadcrumbList\",\"@id\":\"https:\/\/www.saint-paul-angouleme.fr\/application\/songe-dune-nuit-dete-creation-artistique-a-saint-paul\/#breadcrumb\",\"itemListElement\":[{\"@type\":\"ListItem\",\"position\":1,\"name\":\"Accueil\",\"item\":\"http:\/\/www.saint-paul-angouleme.fr\/application\/\"},{\"@type\":\"ListItem\",\"position\":2,\"name\":\"&#8220;Songe d&#8217;une nuit d&#8217;\u00e9t\u00e9&#8221; : cr\u00e9ation artistique \u00e0 Saint-Paul\"}]},{\"@type\":\"WebSite\",\"@id\":\"https:\/\/www.saint-paul-angouleme.fr\/application\/#website\",\"url\":\"https:\/\/www.saint-paul-angouleme.fr\/application\/\",\"name\":\"Actualit\u00e9s\",\"description\":\"Actualit\u00e9s Saint Paul\",\"publisher\":{\"@id\":\"https:\/\/www.saint-paul-angouleme.fr\/application\/#organization\"},\"potentialAction\":[{\"@type\":\"SearchAction\",\"target\":{\"@type\":\"EntryPoint\",\"urlTemplate\":\"https:\/\/www.saint-paul-angouleme.fr\/application\/?s={search_term_string}\"},\"query-input\":\"required name=search_term_string\"}],\"inLanguage\":\"fr-FR\"},{\"@type\":\"Organization\",\"@id\":\"https:\/\/www.saint-paul-angouleme.fr\/application\/#organization\",\"name\":\"Ensemble scolaire Saint-Paul\",\"url\":\"https:\/\/www.saint-paul-angouleme.fr\/application\/\",\"logo\":{\"@type\":\"ImageObject\",\"inLanguage\":\"fr-FR\",\"@id\":\"https:\/\/www.saint-paul-angouleme.fr\/application\/#\/schema\/logo\/image\/\",\"url\":\"https:\/\/www.saint-paul-angouleme.fr\/application\/wp-content\/uploads\/2018\/08\/logo-saint-paul-couleurs.jpg\",\"contentUrl\":\"https:\/\/www.saint-paul-angouleme.fr\/application\/wp-content\/uploads\/2018\/08\/logo-saint-paul-couleurs.jpg\",\"width\":1890,\"height\":709,\"caption\":\"Ensemble scolaire Saint-Paul\"},\"image\":{\"@id\":\"https:\/\/www.saint-paul-angouleme.fr\/application\/#\/schema\/logo\/image\/\"},\"sameAs\":[\"https:\/\/www.facebook.com\/SaintPaulAngouleme16\/\",\"https:\/\/x.com\/StPaulAngoulem\",\"https:\/\/www.youtube.com\/channel\/UCRLpz1CmPVqc0gn--YyXvjA?view_as=subscriber\"]},{\"@type\":\"Person\",\"@id\":\"https:\/\/www.saint-paul-angouleme.fr\/application\/#\/schema\/person\/ea152930b1a3823659065827b1a5fb9b\",\"name\":\"SAINT-PAUL\",\"image\":{\"@type\":\"ImageObject\",\"inLanguage\":\"fr-FR\",\"@id\":\"https:\/\/www.saint-paul-angouleme.fr\/application\/#\/schema\/person\/image\/\",\"url\":\"https:\/\/secure.gravatar.com\/avatar\/eadb0ffebc02683a61d69038eb2924f0?s=96&r=g\",\"contentUrl\":\"https:\/\/secure.gravatar.com\/avatar\/eadb0ffebc02683a61d69038eb2924f0?s=96&r=g\",\"caption\":\"SAINT-PAUL\"},\"url\":\"https:\/\/www.saint-paul-angouleme.fr\/application\/author\/myriam\/\"}]}<\/script>\n<!-- \/ Yoast SEO plugin. -->","yoast_head_json":{"title":"\"Songe d'une nuit d'\u00e9t\u00e9\" : cr\u00e9ation artistique \u00e0 Saint-Paul - Actualit\u00e9s","description":"L' Atelier th\u00e9\u00e2tre et la Chorale de Saint-Paul s'associent pour une cr\u00e9ation artistique unique : \"Le songe d'une nuit d'\u00e9t\u00e9\".","robots":{"index":"index","follow":"follow","max-snippet":"max-snippet:-1","max-image-preview":"max-image-preview:large","max-video-preview":"max-video-preview:-1"},"canonical":"https:\/\/www.saint-paul-angouleme.fr\/application\/songe-dune-nuit-dete-creation-artistique-a-saint-paul\/","og_locale":"fr_FR","og_type":"article","og_title":"\"Songe d'une nuit d'\u00e9t\u00e9\" : cr\u00e9ation artistique \u00e0 Saint-Paul - Actualit\u00e9s","og_description":"L' Atelier th\u00e9\u00e2tre et la Chorale de Saint-Paul s'associent pour une cr\u00e9ation artistique unique : \"Le songe d'une nuit d'\u00e9t\u00e9\".","og_url":"https:\/\/www.saint-paul-angouleme.fr\/application\/songe-dune-nuit-dete-creation-artistique-a-saint-paul\/","og_site_name":"Actualit\u00e9s","article_publisher":"https:\/\/www.facebook.com\/SaintPaulAngouleme16\/","article_published_time":"2022-07-07T09:51:23+00:00","article_modified_time":"2022-07-07T09:52:27+00:00","og_image":[{"width":937,"height":670,"url":"https:\/\/www.saint-paul-angouleme.fr\/application\/wp-content\/uploads\/2022\/07\/Capture.png","type":"image\/png"}],"author":"SAINT-PAUL","twitter_card":"summary_large_image","twitter_creator":"@StPaulAngoulem","twitter_site":"@StPaulAngoulem","twitter_misc":{"\u00c9crit par":"SAINT-PAUL","Dur\u00e9e de lecture estim\u00e9e":"2 minutes"},"schema":{"@context":"https:\/\/schema.org","@graph":[{"@type":"Article","@id":"https:\/\/www.saint-paul-angouleme.fr\/application\/songe-dune-nuit-dete-creation-artistique-a-saint-paul\/#article","isPartOf":{"@id":"https:\/\/www.saint-paul-angouleme.fr\/application\/songe-dune-nuit-dete-creation-artistique-a-saint-paul\/"},"author":{"name":"SAINT-PAUL","@id":"https:\/\/www.saint-paul-angouleme.fr\/application\/#\/schema\/person\/ea152930b1a3823659065827b1a5fb9b"},"headline":"&#8220;Songe d&#8217;une nuit d&#8217;\u00e9t\u00e9&#8221; : cr\u00e9ation artistique \u00e0 Saint-Paul","datePublished":"2022-07-07T09:51:23+00:00","dateModified":"2022-07-07T09:52:27+00:00","mainEntityOfPage":{"@id":"https:\/\/www.saint-paul-angouleme.fr\/application\/songe-dune-nuit-dete-creation-artistique-a-saint-paul\/"},"wordCount":332,"commentCount":0,"publisher":{"@id":"https:\/\/www.saint-paul-angouleme.fr\/application\/#organization"},"image":{"@id":"https:\/\/www.saint-paul-angouleme.fr\/application\/songe-dune-nuit-dete-creation-artistique-a-saint-paul\/#primaryimage"},"thumbnailUrl":"https:\/\/www.saint-paul-angouleme.fr\/application\/wp-content\/uploads\/2022\/07\/Capture.png","articleSection":["Agenda","Regard sur","Rendez-vous"],"inLanguage":"fr-FR","potentialAction":[{"@type":"CommentAction","name":"Comment","target":["https:\/\/www.saint-paul-angouleme.fr\/application\/songe-dune-nuit-dete-creation-artistique-a-saint-paul\/#respond"]}]},{"@type":"WebPage","@id":"https:\/\/www.saint-paul-angouleme.fr\/application\/songe-dune-nuit-dete-creation-artistique-a-saint-paul\/","url":"https:\/\/www.saint-paul-angouleme.fr\/application\/songe-dune-nuit-dete-creation-artistique-a-saint-paul\/","name":"\"Songe d'une nuit d'\u00e9t\u00e9\" : cr\u00e9ation artistique \u00e0 Saint-Paul - Actualit\u00e9s","isPartOf":{"@id":"https:\/\/www.saint-paul-angouleme.fr\/application\/#website"},"primaryImageOfPage":{"@id":"https:\/\/www.saint-paul-angouleme.fr\/application\/songe-dune-nuit-dete-creation-artistique-a-saint-paul\/#primaryimage"},"image":{"@id":"https:\/\/www.saint-paul-angouleme.fr\/application\/songe-dune-nuit-dete-creation-artistique-a-saint-paul\/#primaryimage"},"thumbnailUrl":"https:\/\/www.saint-paul-angouleme.fr\/application\/wp-content\/uploads\/2022\/07\/Capture.png","datePublished":"2022-07-07T09:51:23+00:00","dateModified":"2022-07-07T09:52:27+00:00","description":"L' Atelier th\u00e9\u00e2tre et la Chorale de Saint-Paul s'associent pour une cr\u00e9ation artistique unique : \"Le songe d'une nuit d'\u00e9t\u00e9\".","breadcrumb":{"@id":"https:\/\/www.saint-paul-angouleme.fr\/application\/songe-dune-nuit-dete-creation-artistique-a-saint-paul\/#breadcrumb"},"inLanguage":"fr-FR","potentialAction":[{"@type":"ReadAction","target":["https:\/\/www.saint-paul-angouleme.fr\/application\/songe-dune-nuit-dete-creation-artistique-a-saint-paul\/"]}]},{"@type":"ImageObject","inLanguage":"fr-FR","@id":"https:\/\/www.saint-paul-angouleme.fr\/application\/songe-dune-nuit-dete-creation-artistique-a-saint-paul\/#primaryimage","url":"https:\/\/www.saint-paul-angouleme.fr\/application\/wp-content\/uploads\/2022\/07\/Capture.png","contentUrl":"https:\/\/www.saint-paul-angouleme.fr\/application\/wp-content\/uploads\/2022\/07\/Capture.png","width":937,"height":670},{"@type":"BreadcrumbList","@id":"https:\/\/www.saint-paul-angouleme.fr\/application\/songe-dune-nuit-dete-creation-artistique-a-saint-paul\/#breadcrumb","itemListElement":[{"@type":"ListItem","position":1,"name":"Accueil","item":"http:\/\/www.saint-paul-angouleme.fr\/application\/"},{"@type":"ListItem","position":2,"name":"&#8220;Songe d&#8217;une nuit d&#8217;\u00e9t\u00e9&#8221; : cr\u00e9ation artistique \u00e0 Saint-Paul"}]},{"@type":"WebSite","@id":"https:\/\/www.saint-paul-angouleme.fr\/application\/#website","url":"https:\/\/www.saint-paul-angouleme.fr\/application\/","name":"Actualit\u00e9s","description":"Actualit\u00e9s Saint Paul","publisher":{"@id":"https:\/\/www.saint-paul-angouleme.fr\/application\/#organization"},"potentialAction":[{"@type":"SearchAction","target":{"@type":"EntryPoint","urlTemplate":"https:\/\/www.saint-paul-angouleme.fr\/application\/?s={search_term_string}"},"query-input":"required name=search_term_string"}],"inLanguage":"fr-FR"},{"@type":"Organization","@id":"https:\/\/www.saint-paul-angouleme.fr\/application\/#organization","name":"Ensemble scolaire Saint-Paul","url":"https:\/\/www.saint-paul-angouleme.fr\/application\/","logo":{"@type":"ImageObject","inLanguage":"fr-FR","@id":"https:\/\/www.saint-paul-angouleme.fr\/application\/#\/schema\/logo\/image\/","url":"https:\/\/www.saint-paul-angouleme.fr\/application\/wp-content\/uploads\/2018\/08\/logo-saint-paul-couleurs.jpg","contentUrl":"https:\/\/www.saint-paul-angouleme.fr\/application\/wp-content\/uploads\/2018\/08\/logo-saint-paul-couleurs.jpg","width":1890,"height":709,"caption":"Ensemble scolaire Saint-Paul"},"image":{"@id":"https:\/\/www.saint-paul-angouleme.fr\/application\/#\/schema\/logo\/image\/"},"sameAs":["https:\/\/www.facebook.com\/SaintPaulAngouleme16\/","https:\/\/x.com\/StPaulAngoulem","https:\/\/www.youtube.com\/channel\/UCRLpz1CmPVqc0gn--YyXvjA?view_as=subscriber"]},{"@type":"Person","@id":"https:\/\/www.saint-paul-angouleme.fr\/application\/#\/schema\/person\/ea152930b1a3823659065827b1a5fb9b","name":"SAINT-PAUL","image":{"@type":"ImageObject","inLanguage":"fr-FR","@id":"https:\/\/www.saint-paul-angouleme.fr\/application\/#\/schema\/person\/image\/","url":"https:\/\/secure.gravatar.com\/avatar\/eadb0ffebc02683a61d69038eb2924f0?s=96&r=g","contentUrl":"https:\/\/secure.gravatar.com\/avatar\/eadb0ffebc02683a61d69038eb2924f0?s=96&r=g","caption":"SAINT-PAUL"},"url":"https:\/\/www.saint-paul-angouleme.fr\/application\/author\/myriam\/"}]}},"_links":{"self":[{"href":"https:\/\/www.saint-paul-angouleme.fr\/application\/wp-json\/wp\/v2\/posts\/6385"}],"collection":[{"href":"https:\/\/www.saint-paul-angouleme.fr\/application\/wp-json\/wp\/v2\/posts"}],"about":[{"href":"https:\/\/www.saint-paul-angouleme.fr\/application\/wp-json\/wp\/v2\/types\/post"}],"author":[{"embeddable":true,"href":"https:\/\/www.saint-paul-angouleme.fr\/application\/wp-json\/wp\/v2\/users\/3"}],"replies":[{"embeddable":true,"href":"https:\/\/www.saint-paul-angouleme.fr\/application\/wp-json\/wp\/v2\/comments?post=6385"}],"version-history":[{"count":6,"href":"https:\/\/www.saint-paul-angouleme.fr\/application\/wp-json\/wp\/v2\/posts\/6385\/revisions"}],"predecessor-version":[{"id":6393,"href":"https:\/\/www.saint-paul-angouleme.fr\/application\/wp-json\/wp\/v2\/posts\/6385\/revisions\/6393"}],"wp:featuredmedia":[{"embeddable":true,"href":"https:\/\/www.saint-paul-angouleme.fr\/application\/wp-json\/wp\/v2\/media\/6386"}],"wp:attachment":[{"href":"https:\/\/www.saint-paul-angouleme.fr\/application\/wp-json\/wp\/v2\/media?parent=6385"}],"wp:term":[{"taxonomy":"category","embeddable":true,"href":"https:\/\/www.saint-paul-angouleme.fr\/application\/wp-json\/wp\/v2\/categories?post=6385"},{"taxonomy":"post_tag","embeddable":true,"href":"https:\/\/www.saint-paul-angouleme.fr\/application\/wp-json\/wp\/v2\/tags?post=6385"}],"curies":[{"name":"wp","href":"https:\/\/api.w.org\/{rel}","templated":true}]}}