{"id":633,"date":"2017-04-21T00:38:14","date_gmt":"2017-04-20T22:38:14","guid":{"rendered":"http:\/\/www.saint-paul-angouleme.fr\/application\/?p=633"},"modified":"2017-06-08T13:36:32","modified_gmt":"2017-06-08T11:36:32","slug":"palmares-des-colleges-la-palme-au-prive-article-cl-du-20042017","status":"publish","type":"post","link":"https:\/\/www.saint-paul-angouleme.fr\/application\/palmares-des-colleges-la-palme-au-prive-article-cl-du-20042017\/","title":{"rendered":"&#8220;Palmar\u00e8s des coll\u00e8ges : la palme au priv\u00e9&#8221; (article CL du 20\/04\/2017)"},"content":{"rendered":"<p style=\"text-align: justify;\"><a href=\"http:\/\/www.saint-paul-angouleme.fr\/application\/wp-content\/uploads\/2017\/04\/IMGP7497.jpg\"><img loading=\"lazy\" decoding=\"async\" class=\"aligncenter size-large wp-image-654\" src=\"http:\/\/www.saint-paul-angouleme.fr\/application\/wp-content\/uploads\/2017\/04\/IMGP7497-1024x678.jpg\" alt=\"\" width=\"1024\" height=\"678\" srcset=\"https:\/\/www.saint-paul-angouleme.fr\/application\/wp-content\/uploads\/2017\/04\/IMGP7497-1024x678.jpg 1024w, https:\/\/www.saint-paul-angouleme.fr\/application\/wp-content\/uploads\/2017\/04\/IMGP7497-300x199.jpg 300w, https:\/\/www.saint-paul-angouleme.fr\/application\/wp-content\/uploads\/2017\/04\/IMGP7497-768x509.jpg 768w\" sizes=\"(max-width: 1024px) 100vw, 1024px\" \/><\/a><\/p>\n<p style=\"text-align: justify;\"><span style=\"color: #333333; font-family: arial,helvetica,sans-serif; font-size: 20px;\">Dans son \u00e9dition d&#8217;hier, Charente Libre publie le classement de &#8220;L&#8217;Etudiant&#8221; pour les coll\u00e8ges de Charente. Celui-ci est \u00e9tabli en fonction du taux de r\u00e9ussite au Dipl\u00f4me National du Brevet et du taux de mentions. <\/span><\/p>\n<p style=\"text-align: justify;\"><span style=\"color: #333333; font-family: arial,helvetica,sans-serif; font-size: 20px;\">Saint-Paul y figure en bonne place : 3\u00e8me pour la Charente, public et priv\u00e9 confondus.<\/span><\/p>\n<p style=\"text-align: justify;\"><iframe src=\"\/\/docs.google.com\/viewer?url=http%3A%2F%2Fwww.saint-paul-angouleme.fr%2Fapplication%2Fwp-content%2Fuploads%2F2017%2F04%2FPalmar%C3%A8s-coll%C3%A8ges-CL-20-avril-2017-paysage.pdf&hl=fr&embedded=true\" class=\"gde-frame\" style=\"width:100%; height:600px; border: none;\" scrolling=\"no\"><\/iframe>\n<p class=\"gde-text\"><a href=\"http:\/\/www.saint-paul-angouleme.fr\/application\/wp-content\/uploads\/2017\/04\/Palmar\u00e8s-coll\u00e8ges-CL-20-avril-2017-paysage.pdf\" class=\"gde-link\">T\u00e9l\u00e9charger (PDF, 2.1MB)<\/a><\/p>\n","protected":false},"excerpt":{"rendered":"<p>Dans son \u00e9dition d&#8217;hier, Charente Libre publie le classement de &#8220;L&#8217;Etudiant&#8221; pour les coll\u00e8ges de Charente. Celui-ci est \u00e9tabli en fonction du taux de r\u00e9ussite au Dipl\u00f4me National du Brevet et du taux de mentions. Saint-Paul y figure en bonne place : 3\u00e8me pour la Charente, public et priv\u00e9 confondus.<\/p>\n","protected":false},"author":3,"featured_media":0,"comment_status":"open","ping_status":"open","sticky":false,"template":"","format":"standard","meta":{"_exactmetrics_skip_tracking":false,"_exactmetrics_sitenote_active":false,"_exactmetrics_sitenote_note":"","_exactmetrics_sitenote_category":0,"footnotes":""},"categories":[3],"tags":[],"class_list":["post-633","post","type-post","status-publish","format-standard","hentry","category-revue-de-presse"],"yoast_head":"<!-- This site is optimized with the Yoast SEO plugin v23.3 - https:\/\/yoast.com\/wordpress\/plugins\/seo\/ -->\n<title>&quot;Palmar\u00e8s des coll\u00e8ges : la palme au priv\u00e9&quot; (article CL du 20\/04\/2017) - Actualit\u00e9s<\/title>\n<meta name=\"robots\" content=\"index, follow, max-snippet:-1, max-image-preview:large, max-video-preview:-1\" \/>\n<link rel=\"canonical\" href=\"https:\/\/www.saint-paul-angouleme.fr\/application\/palmares-des-colleges-la-palme-au-prive-article-cl-du-20042017\/\" \/>\n<meta property=\"og:locale\" content=\"fr_FR\" \/>\n<meta property=\"og:type\" content=\"article\" \/>\n<meta property=\"og:title\" content=\"&quot;Palmar\u00e8s des coll\u00e8ges : la palme au priv\u00e9&quot; (article CL du 20\/04\/2017) - Actualit\u00e9s\" \/>\n<meta property=\"og:description\" content=\"Dans son \u00e9dition d&#8217;hier, Charente Libre publie le classement de &#8220;L&#8217;Etudiant&#8221; pour les coll\u00e8ges de Charente. Celui-ci est \u00e9tabli en fonction du taux de r\u00e9ussite au Dipl\u00f4me National du Brevet et du taux de mentions. Saint-Paul y figure en bonne place : 3\u00e8me pour la Charente, public et priv\u00e9 confondus.\" \/>\n<meta property=\"og:url\" content=\"https:\/\/www.saint-paul-angouleme.fr\/application\/palmares-des-colleges-la-palme-au-prive-article-cl-du-20042017\/\" \/>\n<meta property=\"og:site_name\" content=\"Actualit\u00e9s\" \/>\n<meta property=\"article:publisher\" content=\"https:\/\/www.facebook.com\/SaintPaulAngouleme16\/\" \/>\n<meta property=\"article:published_time\" content=\"2017-04-20T22:38:14+00:00\" \/>\n<meta property=\"article:modified_time\" content=\"2017-06-08T11:36:32+00:00\" \/>\n<meta property=\"og:image\" content=\"http:\/\/www.saint-paul-angouleme.fr\/application\/wp-content\/uploads\/2017\/04\/IMGP7497-1024x678.jpg\" \/>\n<meta name=\"author\" content=\"SAINT-PAUL\" \/>\n<meta name=\"twitter:card\" content=\"summary_large_image\" \/>\n<meta name=\"twitter:creator\" content=\"@StPaulAngoulem\" \/>\n<meta name=\"twitter:site\" content=\"@StPaulAngoulem\" \/>\n<meta name=\"twitter:label1\" content=\"\u00c9crit par\" \/>\n\t<meta name=\"twitter:data1\" content=\"SAINT-PAUL\" \/>\n<script type=\"application\/ld+json\" class=\"yoast-schema-graph\">{\"@context\":\"https:\/\/schema.org\",\"@graph\":[{\"@type\":\"Article\",\"@id\":\"https:\/\/www.saint-paul-angouleme.fr\/application\/palmares-des-colleges-la-palme-au-prive-article-cl-du-20042017\/#article\",\"isPartOf\":{\"@id\":\"https:\/\/www.saint-paul-angouleme.fr\/application\/palmares-des-colleges-la-palme-au-prive-article-cl-du-20042017\/\"},\"author\":{\"name\":\"SAINT-PAUL\",\"@id\":\"https:\/\/www.saint-paul-angouleme.fr\/application\/#\/schema\/person\/ea152930b1a3823659065827b1a5fb9b\"},\"headline\":\"&#8220;Palmar\u00e8s des coll\u00e8ges : la palme au priv\u00e9&#8221; (article CL du 20\/04\/2017)\",\"datePublished\":\"2017-04-20T22:38:14+00:00\",\"dateModified\":\"2017-06-08T11:36:32+00:00\",\"mainEntityOfPage\":{\"@id\":\"https:\/\/www.saint-paul-angouleme.fr\/application\/palmares-des-colleges-la-palme-au-prive-article-cl-du-20042017\/\"},\"wordCount\":84,\"commentCount\":0,\"publisher\":{\"@id\":\"https:\/\/www.saint-paul-angouleme.fr\/application\/#organization\"},\"image\":{\"@id\":\"https:\/\/www.saint-paul-angouleme.fr\/application\/palmares-des-colleges-la-palme-au-prive-article-cl-du-20042017\/#primaryimage\"},\"thumbnailUrl\":\"http:\/\/www.saint-paul-angouleme.fr\/application\/wp-content\/uploads\/2017\/04\/IMGP7497-1024x678.jpg\",\"articleSection\":[\"Revue de presse\"],\"inLanguage\":\"fr-FR\",\"potentialAction\":[{\"@type\":\"CommentAction\",\"name\":\"Comment\",\"target\":[\"https:\/\/www.saint-paul-angouleme.fr\/application\/palmares-des-colleges-la-palme-au-prive-article-cl-du-20042017\/#respond\"]}]},{\"@type\":\"WebPage\",\"@id\":\"https:\/\/www.saint-paul-angouleme.fr\/application\/palmares-des-colleges-la-palme-au-prive-article-cl-du-20042017\/\",\"url\":\"https:\/\/www.saint-paul-angouleme.fr\/application\/palmares-des-colleges-la-palme-au-prive-article-cl-du-20042017\/\",\"name\":\"\\\"Palmar\u00e8s des coll\u00e8ges : la palme au priv\u00e9\\\" (article CL du 20\/04\/2017) - Actualit\u00e9s\",\"isPartOf\":{\"@id\":\"https:\/\/www.saint-paul-angouleme.fr\/application\/#website\"},\"primaryImageOfPage\":{\"@id\":\"https:\/\/www.saint-paul-angouleme.fr\/application\/palmares-des-colleges-la-palme-au-prive-article-cl-du-20042017\/#primaryimage\"},\"image\":{\"@id\":\"https:\/\/www.saint-paul-angouleme.fr\/application\/palmares-des-colleges-la-palme-au-prive-article-cl-du-20042017\/#primaryimage\"},\"thumbnailUrl\":\"http:\/\/www.saint-paul-angouleme.fr\/application\/wp-content\/uploads\/2017\/04\/IMGP7497-1024x678.jpg\",\"datePublished\":\"2017-04-20T22:38:14+00:00\",\"dateModified\":\"2017-06-08T11:36:32+00:00\",\"breadcrumb\":{\"@id\":\"https:\/\/www.saint-paul-angouleme.fr\/application\/palmares-des-colleges-la-palme-au-prive-article-cl-du-20042017\/#breadcrumb\"},\"inLanguage\":\"fr-FR\",\"potentialAction\":[{\"@type\":\"ReadAction\",\"target\":[\"https:\/\/www.saint-paul-angouleme.fr\/application\/palmares-des-colleges-la-palme-au-prive-article-cl-du-20042017\/\"]}]},{\"@type\":\"ImageObject\",\"inLanguage\":\"fr-FR\",\"@id\":\"https:\/\/www.saint-paul-angouleme.fr\/application\/palmares-des-colleges-la-palme-au-prive-article-cl-du-20042017\/#primaryimage\",\"url\":\"https:\/\/www.saint-paul-angouleme.fr\/application\/wp-content\/uploads\/2017\/04\/IMGP7497.jpg\",\"contentUrl\":\"https:\/\/www.saint-paul-angouleme.fr\/application\/wp-content\/uploads\/2017\/04\/IMGP7497.jpg\",\"width\":4928,\"height\":3264},{\"@type\":\"BreadcrumbList\",\"@id\":\"https:\/\/www.saint-paul-angouleme.fr\/application\/palmares-des-colleges-la-palme-au-prive-article-cl-du-20042017\/#breadcrumb\",\"itemListElement\":[{\"@type\":\"ListItem\",\"position\":1,\"name\":\"Accueil\",\"item\":\"http:\/\/www.saint-paul-angouleme.fr\/application\/\"},{\"@type\":\"ListItem\",\"position\":2,\"name\":\"&#8220;Palmar\u00e8s des coll\u00e8ges : la palme au priv\u00e9&#8221; (article CL du 20\/04\/2017)\"}]},{\"@type\":\"WebSite\",\"@id\":\"https:\/\/www.saint-paul-angouleme.fr\/application\/#website\",\"url\":\"https:\/\/www.saint-paul-angouleme.fr\/application\/\",\"name\":\"Actualit\u00e9s\",\"description\":\"Actualit\u00e9s Saint Paul\",\"publisher\":{\"@id\":\"https:\/\/www.saint-paul-angouleme.fr\/application\/#organization\"},\"potentialAction\":[{\"@type\":\"SearchAction\",\"target\":{\"@type\":\"EntryPoint\",\"urlTemplate\":\"https:\/\/www.saint-paul-angouleme.fr\/application\/?s={search_term_string}\"},\"query-input\":\"required name=search_term_string\"}],\"inLanguage\":\"fr-FR\"},{\"@type\":\"Organization\",\"@id\":\"https:\/\/www.saint-paul-angouleme.fr\/application\/#organization\",\"name\":\"Ensemble scolaire Saint-Paul\",\"url\":\"https:\/\/www.saint-paul-angouleme.fr\/application\/\",\"logo\":{\"@type\":\"ImageObject\",\"inLanguage\":\"fr-FR\",\"@id\":\"https:\/\/www.saint-paul-angouleme.fr\/application\/#\/schema\/logo\/image\/\",\"url\":\"https:\/\/www.saint-paul-angouleme.fr\/application\/wp-content\/uploads\/2018\/08\/logo-saint-paul-couleurs.jpg\",\"contentUrl\":\"https:\/\/www.saint-paul-angouleme.fr\/application\/wp-content\/uploads\/2018\/08\/logo-saint-paul-couleurs.jpg\",\"width\":1890,\"height\":709,\"caption\":\"Ensemble scolaire Saint-Paul\"},\"image\":{\"@id\":\"https:\/\/www.saint-paul-angouleme.fr\/application\/#\/schema\/logo\/image\/\"},\"sameAs\":[\"https:\/\/www.facebook.com\/SaintPaulAngouleme16\/\",\"https:\/\/x.com\/StPaulAngoulem\",\"https:\/\/www.youtube.com\/channel\/UCRLpz1CmPVqc0gn--YyXvjA?view_as=subscriber\"]},{\"@type\":\"Person\",\"@id\":\"https:\/\/www.saint-paul-angouleme.fr\/application\/#\/schema\/person\/ea152930b1a3823659065827b1a5fb9b\",\"name\":\"SAINT-PAUL\",\"image\":{\"@type\":\"ImageObject\",\"inLanguage\":\"fr-FR\",\"@id\":\"https:\/\/www.saint-paul-angouleme.fr\/application\/#\/schema\/person\/image\/\",\"url\":\"https:\/\/secure.gravatar.com\/avatar\/eadb0ffebc02683a61d69038eb2924f0?s=96&r=g\",\"contentUrl\":\"https:\/\/secure.gravatar.com\/avatar\/eadb0ffebc02683a61d69038eb2924f0?s=96&r=g\",\"caption\":\"SAINT-PAUL\"},\"url\":\"https:\/\/www.saint-paul-angouleme.fr\/application\/author\/myriam\/\"}]}<\/script>\n<!-- \/ Yoast SEO plugin. -->","yoast_head_json":{"title":"\"Palmar\u00e8s des coll\u00e8ges : la palme au priv\u00e9\" (article CL du 20\/04\/2017) - Actualit\u00e9s","robots":{"index":"index","follow":"follow","max-snippet":"max-snippet:-1","max-image-preview":"max-image-preview:large","max-video-preview":"max-video-preview:-1"},"canonical":"https:\/\/www.saint-paul-angouleme.fr\/application\/palmares-des-colleges-la-palme-au-prive-article-cl-du-20042017\/","og_locale":"fr_FR","og_type":"article","og_title":"\"Palmar\u00e8s des coll\u00e8ges : la palme au priv\u00e9\" (article CL du 20\/04\/2017) - Actualit\u00e9s","og_description":"Dans son \u00e9dition d&#8217;hier, Charente Libre publie le classement de &#8220;L&#8217;Etudiant&#8221; pour les coll\u00e8ges de Charente. Celui-ci est \u00e9tabli en fonction du taux de r\u00e9ussite au Dipl\u00f4me National du Brevet et du taux de mentions. Saint-Paul y figure en bonne place : 3\u00e8me pour la Charente, public et priv\u00e9 confondus.","og_url":"https:\/\/www.saint-paul-angouleme.fr\/application\/palmares-des-colleges-la-palme-au-prive-article-cl-du-20042017\/","og_site_name":"Actualit\u00e9s","article_publisher":"https:\/\/www.facebook.com\/SaintPaulAngouleme16\/","article_published_time":"2017-04-20T22:38:14+00:00","article_modified_time":"2017-06-08T11:36:32+00:00","og_image":[{"url":"http:\/\/www.saint-paul-angouleme.fr\/application\/wp-content\/uploads\/2017\/04\/IMGP7497-1024x678.jpg"}],"author":"SAINT-PAUL","twitter_card":"summary_large_image","twitter_creator":"@StPaulAngoulem","twitter_site":"@StPaulAngoulem","twitter_misc":{"\u00c9crit par":"SAINT-PAUL"},"schema":{"@context":"https:\/\/schema.org","@graph":[{"@type":"Article","@id":"https:\/\/www.saint-paul-angouleme.fr\/application\/palmares-des-colleges-la-palme-au-prive-article-cl-du-20042017\/#article","isPartOf":{"@id":"https:\/\/www.saint-paul-angouleme.fr\/application\/palmares-des-colleges-la-palme-au-prive-article-cl-du-20042017\/"},"author":{"name":"SAINT-PAUL","@id":"https:\/\/www.saint-paul-angouleme.fr\/application\/#\/schema\/person\/ea152930b1a3823659065827b1a5fb9b"},"headline":"&#8220;Palmar\u00e8s des coll\u00e8ges : la palme au priv\u00e9&#8221; (article CL du 20\/04\/2017)","datePublished":"2017-04-20T22:38:14+00:00","dateModified":"2017-06-08T11:36:32+00:00","mainEntityOfPage":{"@id":"https:\/\/www.saint-paul-angouleme.fr\/application\/palmares-des-colleges-la-palme-au-prive-article-cl-du-20042017\/"},"wordCount":84,"commentCount":0,"publisher":{"@id":"https:\/\/www.saint-paul-angouleme.fr\/application\/#organization"},"image":{"@id":"https:\/\/www.saint-paul-angouleme.fr\/application\/palmares-des-colleges-la-palme-au-prive-article-cl-du-20042017\/#primaryimage"},"thumbnailUrl":"http:\/\/www.saint-paul-angouleme.fr\/application\/wp-content\/uploads\/2017\/04\/IMGP7497-1024x678.jpg","articleSection":["Revue de presse"],"inLanguage":"fr-FR","potentialAction":[{"@type":"CommentAction","name":"Comment","target":["https:\/\/www.saint-paul-angouleme.fr\/application\/palmares-des-colleges-la-palme-au-prive-article-cl-du-20042017\/#respond"]}]},{"@type":"WebPage","@id":"https:\/\/www.saint-paul-angouleme.fr\/application\/palmares-des-colleges-la-palme-au-prive-article-cl-du-20042017\/","url":"https:\/\/www.saint-paul-angouleme.fr\/application\/palmares-des-colleges-la-palme-au-prive-article-cl-du-20042017\/","name":"\"Palmar\u00e8s des coll\u00e8ges : la palme au priv\u00e9\" (article CL du 20\/04\/2017) - Actualit\u00e9s","isPartOf":{"@id":"https:\/\/www.saint-paul-angouleme.fr\/application\/#website"},"primaryImageOfPage":{"@id":"https:\/\/www.saint-paul-angouleme.fr\/application\/palmares-des-colleges-la-palme-au-prive-article-cl-du-20042017\/#primaryimage"},"image":{"@id":"https:\/\/www.saint-paul-angouleme.fr\/application\/palmares-des-colleges-la-palme-au-prive-article-cl-du-20042017\/#primaryimage"},"thumbnailUrl":"http:\/\/www.saint-paul-angouleme.fr\/application\/wp-content\/uploads\/2017\/04\/IMGP7497-1024x678.jpg","datePublished":"2017-04-20T22:38:14+00:00","dateModified":"2017-06-08T11:36:32+00:00","breadcrumb":{"@id":"https:\/\/www.saint-paul-angouleme.fr\/application\/palmares-des-colleges-la-palme-au-prive-article-cl-du-20042017\/#breadcrumb"},"inLanguage":"fr-FR","potentialAction":[{"@type":"ReadAction","target":["https:\/\/www.saint-paul-angouleme.fr\/application\/palmares-des-colleges-la-palme-au-prive-article-cl-du-20042017\/"]}]},{"@type":"ImageObject","inLanguage":"fr-FR","@id":"https:\/\/www.saint-paul-angouleme.fr\/application\/palmares-des-colleges-la-palme-au-prive-article-cl-du-20042017\/#primaryimage","url":"https:\/\/www.saint-paul-angouleme.fr\/application\/wp-content\/uploads\/2017\/04\/IMGP7497.jpg","contentUrl":"https:\/\/www.saint-paul-angouleme.fr\/application\/wp-content\/uploads\/2017\/04\/IMGP7497.jpg","width":4928,"height":3264},{"@type":"BreadcrumbList","@id":"https:\/\/www.saint-paul-angouleme.fr\/application\/palmares-des-colleges-la-palme-au-prive-article-cl-du-20042017\/#breadcrumb","itemListElement":[{"@type":"ListItem","position":1,"name":"Accueil","item":"http:\/\/www.saint-paul-angouleme.fr\/application\/"},{"@type":"ListItem","position":2,"name":"&#8220;Palmar\u00e8s des coll\u00e8ges : la palme au priv\u00e9&#8221; (article CL du 20\/04\/2017)"}]},{"@type":"WebSite","@id":"https:\/\/www.saint-paul-angouleme.fr\/application\/#website","url":"https:\/\/www.saint-paul-angouleme.fr\/application\/","name":"Actualit\u00e9s","description":"Actualit\u00e9s Saint Paul","publisher":{"@id":"https:\/\/www.saint-paul-angouleme.fr\/application\/#organization"},"potentialAction":[{"@type":"SearchAction","target":{"@type":"EntryPoint","urlTemplate":"https:\/\/www.saint-paul-angouleme.fr\/application\/?s={search_term_string}"},"query-input":"required name=search_term_string"}],"inLanguage":"fr-FR"},{"@type":"Organization","@id":"https:\/\/www.saint-paul-angouleme.fr\/application\/#organization","name":"Ensemble scolaire Saint-Paul","url":"https:\/\/www.saint-paul-angouleme.fr\/application\/","logo":{"@type":"ImageObject","inLanguage":"fr-FR","@id":"https:\/\/www.saint-paul-angouleme.fr\/application\/#\/schema\/logo\/image\/","url":"https:\/\/www.saint-paul-angouleme.fr\/application\/wp-content\/uploads\/2018\/08\/logo-saint-paul-couleurs.jpg","contentUrl":"https:\/\/www.saint-paul-angouleme.fr\/application\/wp-content\/uploads\/2018\/08\/logo-saint-paul-couleurs.jpg","width":1890,"height":709,"caption":"Ensemble scolaire Saint-Paul"},"image":{"@id":"https:\/\/www.saint-paul-angouleme.fr\/application\/#\/schema\/logo\/image\/"},"sameAs":["https:\/\/www.facebook.com\/SaintPaulAngouleme16\/","https:\/\/x.com\/StPaulAngoulem","https:\/\/www.youtube.com\/channel\/UCRLpz1CmPVqc0gn--YyXvjA?view_as=subscriber"]},{"@type":"Person","@id":"https:\/\/www.saint-paul-angouleme.fr\/application\/#\/schema\/person\/ea152930b1a3823659065827b1a5fb9b","name":"SAINT-PAUL","image":{"@type":"ImageObject","inLanguage":"fr-FR","@id":"https:\/\/www.saint-paul-angouleme.fr\/application\/#\/schema\/person\/image\/","url":"https:\/\/secure.gravatar.com\/avatar\/eadb0ffebc02683a61d69038eb2924f0?s=96&r=g","contentUrl":"https:\/\/secure.gravatar.com\/avatar\/eadb0ffebc02683a61d69038eb2924f0?s=96&r=g","caption":"SAINT-PAUL"},"url":"https:\/\/www.saint-paul-angouleme.fr\/application\/author\/myriam\/"}]}},"_links":{"self":[{"href":"https:\/\/www.saint-paul-angouleme.fr\/application\/wp-json\/wp\/v2\/posts\/633"}],"collection":[{"href":"https:\/\/www.saint-paul-angouleme.fr\/application\/wp-json\/wp\/v2\/posts"}],"about":[{"href":"https:\/\/www.saint-paul-angouleme.fr\/application\/wp-json\/wp\/v2\/types\/post"}],"author":[{"embeddable":true,"href":"https:\/\/www.saint-paul-angouleme.fr\/application\/wp-json\/wp\/v2\/users\/3"}],"replies":[{"embeddable":true,"href":"https:\/\/www.saint-paul-angouleme.fr\/application\/wp-json\/wp\/v2\/comments?post=633"}],"version-history":[{"count":17,"href":"https:\/\/www.saint-paul-angouleme.fr\/application\/wp-json\/wp\/v2\/posts\/633\/revisions"}],"predecessor-version":[{"id":951,"href":"https:\/\/www.saint-paul-angouleme.fr\/application\/wp-json\/wp\/v2\/posts\/633\/revisions\/951"}],"wp:attachment":[{"href":"https:\/\/www.saint-paul-angouleme.fr\/application\/wp-json\/wp\/v2\/media?parent=633"}],"wp:term":[{"taxonomy":"category","embeddable":true,"href":"https:\/\/www.saint-paul-angouleme.fr\/application\/wp-json\/wp\/v2\/categories?post=633"},{"taxonomy":"post_tag","embeddable":true,"href":"https:\/\/www.saint-paul-angouleme.fr\/application\/wp-json\/wp\/v2\/tags?post=633"}],"curies":[{"name":"wp","href":"https:\/\/api.w.org\/{rel}","templated":true}]}}