{"id":617,"date":"2017-04-20T11:59:21","date_gmt":"2017-04-20T09:59:21","guid":{"rendered":"http:\/\/www.saint-paul-angouleme.fr\/application\/?p=617"},"modified":"2022-12-16T09:25:35","modified_gmt":"2022-12-16T08:25:35","slug":"entree-en-sixieme-un-accueil-sur-mesure","status":"publish","type":"post","link":"https:\/\/www.saint-paul-angouleme.fr\/application\/entree-en-sixieme-un-accueil-sur-mesure\/","title":{"rendered":"Entr\u00e9e en sixi\u00e8me : un accueil sur mesure"},"content":{"rendered":"<p style=\"text-align: justify;\"><a href=\"http:\/\/www.saint-paul-angouleme.fr\/application\/wp-content\/uploads\/2017\/04\/DSC_0024.jpg\"><img loading=\"lazy\" decoding=\"async\" class=\"aligncenter size-large wp-image-620\" src=\"http:\/\/www.saint-paul-angouleme.fr\/application\/wp-content\/uploads\/2017\/04\/DSC_0024-1024x685.jpg\" alt=\"\" width=\"1024\" height=\"685\" srcset=\"https:\/\/www.saint-paul-angouleme.fr\/application\/wp-content\/uploads\/2017\/04\/DSC_0024-1024x685.jpg 1024w, https:\/\/www.saint-paul-angouleme.fr\/application\/wp-content\/uploads\/2017\/04\/DSC_0024-300x201.jpg 300w, https:\/\/www.saint-paul-angouleme.fr\/application\/wp-content\/uploads\/2017\/04\/DSC_0024-768x514.jpg 768w\" sizes=\"(max-width: 1024px) 100vw, 1024px\" \/><\/a><\/p>\n<p style=\"text-align: justify;\"><span style=\"color: #333333; font-family: verdana,geneva,sans-serif; font-size: 20px;\">Le 1<sup>er<\/sup> septembre 2016 l\u2019\u00e9quipe p\u00e9dagogique et \u00e9ducative du Coll\u00e8ge Saint-Paul \u00e0 Angoul\u00eame a souhait\u00e9 innover. D\u00e9sormais les \u00e9l\u00e8ves de sixi\u00e8me seront accueillis seuls au premier jour de la rentr\u00e9e. Une journ\u00e9e pour se familiariser avec leur nouvel environnement, les locaux et les personnes\u00a0: tout un monde \u00e0 d\u00e9couvrir lorsque l\u2019on vient de quitter l&#8217;\u00e9cole primaire\u2026<\/span><\/p>\n<p style=\"text-align: justify;\"><span style=\"color: #333333; font-family: verdana,geneva,sans-serif; font-size: 20px;\">Cette premi\u00e8re matin\u00e9e d\u00e9bute donc par un accueil privil\u00e9gi\u00e9 des \u00e9l\u00e8ves de et leurs familles.<\/span><\/p>\n<p style=\"text-align: justify;\"><span style=\"color: #333333; font-family: verdana,geneva,sans-serif; font-size: 20px;\">Ces derniers sont pris en charge par leur <strong><u>P<\/u><\/strong>rofesseur <strong><u>R<\/u><\/strong>esponsable de <strong><u>C<\/u><\/strong>lasse, un enseignant de l&#8217;\u00e9quipe p\u00e9dagogique, qui les accompagnera et les suivra particuli\u00e8rement tout au long de cette ann\u00e9e scolaire charni\u00e8re.<\/span><\/p>\n<p style=\"text-align: justify;\"><span style=\"color: #333333; font-family: verdana,geneva,sans-serif; font-size: 20px;\">Cette matin\u00e9e sera donc consacr\u00e9e au fonctionnement de l\u2019\u00e9tablissement, \u00e0 la lecture et explication du r\u00e8glement int\u00e9rieur, \u00e0 la d\u00e9couverte de l\u2019emploi du temps et surtout\u00a0aura comme objectif majeur de rassurer les \u00e9l\u00e8ves et de r\u00e9pondre \u00e0 leurs questions, souvent nombreuses.<\/span><\/p>\n<p style=\"text-align: justify;\"><a href=\"http:\/\/www.saint-paul-angouleme.fr\/application\/wp-content\/uploads\/2017\/04\/DSC_0057.jpg\"><img loading=\"lazy\" decoding=\"async\" class=\"alignright size-medium wp-image-621\" src=\"http:\/\/www.saint-paul-angouleme.fr\/application\/wp-content\/uploads\/2017\/04\/DSC_0057-300x201.jpg\" alt=\"\" width=\"300\" height=\"201\" srcset=\"https:\/\/www.saint-paul-angouleme.fr\/application\/wp-content\/uploads\/2017\/04\/DSC_0057-300x201.jpg 300w, https:\/\/www.saint-paul-angouleme.fr\/application\/wp-content\/uploads\/2017\/04\/DSC_0057-768x514.jpg 768w, https:\/\/www.saint-paul-angouleme.fr\/application\/wp-content\/uploads\/2017\/04\/DSC_0057-1024x685.jpg 1024w\" sizes=\"(max-width: 300px) 100vw, 300px\" \/><\/a><\/p>\n<p style=\"text-align: justify;\"><span style=\"color: #333333; font-family: verdana,geneva,sans-serif; font-size: 20px;\">Apr\u00e8s une matin\u00e9e bien remplie, la pause m\u00e9ridienne et le d\u00e9jeuner s&#8217;imposent, un temps n\u00e9cessaire pour mieux poursuivre la journ\u00e9e.<\/span><\/p>\n<p style=\"text-align: justify;\"><span style=\"color: #333333; font-family: verdana,geneva,sans-serif; font-size: 20px;\">En effet, une apr\u00e8s-midi dynamique attend alors nos jeunes \u00e9l\u00e8ves avec une \u00ab\u00a0Course d\u2019Orientation\u00a0\u00bb au sein de l\u2019\u00e9tablissement. Chaque classe est ainsi r\u00e9partie en \u00e9quipes de 7 \u00e0 8 \u00e9l\u00e8ves avec pour chacune sa feuille de route.<\/span><\/p>\n<p style=\"text-align: justify;\"><span style=\"color: #333333; font-family: verdana,geneva,sans-serif; font-size: 20px;\">Cette d\u00e9marche rev\u00eat un double int\u00e9r\u00eat\u00a0: faire connaissance les lieux tout en rencontrant, dans un cadre ludique, les adultes qui les accompagneront tout au long de l\u2019ann\u00e9e et initier une coh\u00e9sion de groupe.<\/span><\/p>\n<p style=\"text-align: justify;\"><span style=\"color: #333333; font-family: verdana,geneva,sans-serif; font-size: 20px;\">Bonne humeur et sourires garantis pour cette rentr\u00e9e diff\u00e9rente des autres.<\/span><\/p>\n<p style=\"text-align: justify;\"><a href=\"http:\/\/www.saint-paul-angouleme.fr\/application\/wp-content\/uploads\/2017\/04\/DSC_0077.jpg\"><img loading=\"lazy\" decoding=\"async\" class=\"aligncenter size-large wp-image-623\" src=\"http:\/\/www.saint-paul-angouleme.fr\/application\/wp-content\/uploads\/2017\/04\/DSC_0077-1024x685.jpg\" alt=\"\" width=\"1024\" height=\"685\" srcset=\"https:\/\/www.saint-paul-angouleme.fr\/application\/wp-content\/uploads\/2017\/04\/DSC_0077-1024x685.jpg 1024w, https:\/\/www.saint-paul-angouleme.fr\/application\/wp-content\/uploads\/2017\/04\/DSC_0077-300x201.jpg 300w, https:\/\/www.saint-paul-angouleme.fr\/application\/wp-content\/uploads\/2017\/04\/DSC_0077-768x514.jpg 768w\" sizes=\"(max-width: 1024px) 100vw, 1024px\" \/><\/a><\/p>\n<p style=\"text-align: justify;\"><span style=\"color: #333333; font-family: verdana,geneva,sans-serif; font-size: 20px;\">L\u2019\u00e9quipe p\u00e9dagogique est donc pr\u00eate \u00e0 recommencer pour 2017\/2018. Le rendez-vous est pris, nous vous attendons !<\/span><\/p>\n<p style=\"text-align: center;\"><span style=\"color: #333333; font-family: verdana,geneva,sans-serif; font-size: 20px;\">\u00a0<\/span><\/p>\n","protected":false},"excerpt":{"rendered":"<p>Le 1er septembre 2016 l\u2019\u00e9quipe p\u00e9dagogique et \u00e9ducative du Coll\u00e8ge Saint-Paul \u00e0 Angoul\u00eame a souhait\u00e9 innover. D\u00e9sormais les \u00e9l\u00e8ves de sixi\u00e8me seront accueillis seuls au premier jour de la rentr\u00e9e. Une journ\u00e9e pour se familiariser avec leur nouvel environnement, les locaux et les personnes\u00a0: tout un monde \u00e0 d\u00e9couvrir lorsque l\u2019on vient de quitter l&#8217;\u00e9cole &#8230; <a title=\"Entr\u00e9e en sixi\u00e8me : un accueil sur mesure\" class=\"read-more\" href=\"https:\/\/www.saint-paul-angouleme.fr\/application\/entree-en-sixieme-un-accueil-sur-mesure\/\" aria-label=\"Read more about Entr\u00e9e en sixi\u00e8me : un accueil sur mesure\">Lire la suite<\/a><\/p>\n","protected":false},"author":3,"featured_media":0,"comment_status":"open","ping_status":"open","sticky":false,"template":"","format":"standard","meta":{"_exactmetrics_skip_tracking":false,"_exactmetrics_sitenote_active":false,"_exactmetrics_sitenote_note":"","_exactmetrics_sitenote_category":0,"footnotes":""},"categories":[13,11],"tags":[],"class_list":["post-617","post","type-post","status-publish","format-standard","hentry","category-pedagogie","category-pour-aller-plus-loin"],"yoast_head":"<!-- This site is optimized with the Yoast SEO plugin v23.3 - https:\/\/yoast.com\/wordpress\/plugins\/seo\/ -->\n<title>Entr\u00e9e en sixi\u00e8me : un accueil sur mesure - Actualit\u00e9s<\/title>\n<meta name=\"robots\" content=\"index, follow, max-snippet:-1, max-image-preview:large, max-video-preview:-1\" \/>\n<link rel=\"canonical\" href=\"https:\/\/www.saint-paul-angouleme.fr\/application\/entree-en-sixieme-un-accueil-sur-mesure\/\" \/>\n<meta property=\"og:locale\" content=\"fr_FR\" \/>\n<meta property=\"og:type\" content=\"article\" \/>\n<meta property=\"og:title\" content=\"Entr\u00e9e en sixi\u00e8me : un accueil sur mesure - Actualit\u00e9s\" \/>\n<meta property=\"og:description\" content=\"Le 1er septembre 2016 l\u2019\u00e9quipe p\u00e9dagogique et \u00e9ducative du Coll\u00e8ge Saint-Paul \u00e0 Angoul\u00eame a souhait\u00e9 innover. D\u00e9sormais les \u00e9l\u00e8ves de sixi\u00e8me seront accueillis seuls au premier jour de la rentr\u00e9e. Une journ\u00e9e pour se familiariser avec leur nouvel environnement, les locaux et les personnes\u00a0: tout un monde \u00e0 d\u00e9couvrir lorsque l\u2019on vient de quitter l&#8217;\u00e9cole ... Lire la suite\" \/>\n<meta property=\"og:url\" content=\"https:\/\/www.saint-paul-angouleme.fr\/application\/entree-en-sixieme-un-accueil-sur-mesure\/\" \/>\n<meta property=\"og:site_name\" content=\"Actualit\u00e9s\" \/>\n<meta property=\"article:publisher\" content=\"https:\/\/www.facebook.com\/SaintPaulAngouleme16\/\" \/>\n<meta property=\"article:published_time\" content=\"2017-04-20T09:59:21+00:00\" \/>\n<meta property=\"article:modified_time\" content=\"2022-12-16T08:25:35+00:00\" \/>\n<meta property=\"og:image\" content=\"http:\/\/www.saint-paul-angouleme.fr\/application\/wp-content\/uploads\/2017\/04\/DSC_0024-1024x685.jpg\" \/>\n<meta name=\"author\" content=\"SAINT-PAUL\" \/>\n<meta name=\"twitter:card\" content=\"summary_large_image\" \/>\n<meta name=\"twitter:creator\" content=\"@StPaulAngoulem\" \/>\n<meta name=\"twitter:site\" content=\"@StPaulAngoulem\" \/>\n<meta name=\"twitter:label1\" content=\"\u00c9crit par\" \/>\n\t<meta name=\"twitter:data1\" content=\"SAINT-PAUL\" \/>\n\t<meta name=\"twitter:label2\" content=\"Dur\u00e9e de lecture estim\u00e9e\" \/>\n\t<meta name=\"twitter:data2\" content=\"2 minutes\" \/>\n<script type=\"application\/ld+json\" class=\"yoast-schema-graph\">{\"@context\":\"https:\/\/schema.org\",\"@graph\":[{\"@type\":\"Article\",\"@id\":\"https:\/\/www.saint-paul-angouleme.fr\/application\/entree-en-sixieme-un-accueil-sur-mesure\/#article\",\"isPartOf\":{\"@id\":\"https:\/\/www.saint-paul-angouleme.fr\/application\/entree-en-sixieme-un-accueil-sur-mesure\/\"},\"author\":{\"name\":\"SAINT-PAUL\",\"@id\":\"https:\/\/www.saint-paul-angouleme.fr\/application\/#\/schema\/person\/ea152930b1a3823659065827b1a5fb9b\"},\"headline\":\"Entr\u00e9e en sixi\u00e8me : un accueil sur mesure\",\"datePublished\":\"2017-04-20T09:59:21+00:00\",\"dateModified\":\"2022-12-16T08:25:35+00:00\",\"mainEntityOfPage\":{\"@id\":\"https:\/\/www.saint-paul-angouleme.fr\/application\/entree-en-sixieme-un-accueil-sur-mesure\/\"},\"wordCount\":319,\"commentCount\":0,\"publisher\":{\"@id\":\"https:\/\/www.saint-paul-angouleme.fr\/application\/#organization\"},\"image\":{\"@id\":\"https:\/\/www.saint-paul-angouleme.fr\/application\/entree-en-sixieme-un-accueil-sur-mesure\/#primaryimage\"},\"thumbnailUrl\":\"http:\/\/www.saint-paul-angouleme.fr\/application\/wp-content\/uploads\/2017\/04\/DSC_0024-1024x685.jpg\",\"articleSection\":[\"P\u00e9dagogie\",\"Pour aller plus loin\"],\"inLanguage\":\"fr-FR\",\"potentialAction\":[{\"@type\":\"CommentAction\",\"name\":\"Comment\",\"target\":[\"https:\/\/www.saint-paul-angouleme.fr\/application\/entree-en-sixieme-un-accueil-sur-mesure\/#respond\"]}]},{\"@type\":\"WebPage\",\"@id\":\"https:\/\/www.saint-paul-angouleme.fr\/application\/entree-en-sixieme-un-accueil-sur-mesure\/\",\"url\":\"https:\/\/www.saint-paul-angouleme.fr\/application\/entree-en-sixieme-un-accueil-sur-mesure\/\",\"name\":\"Entr\u00e9e en sixi\u00e8me : un accueil sur mesure - Actualit\u00e9s\",\"isPartOf\":{\"@id\":\"https:\/\/www.saint-paul-angouleme.fr\/application\/#website\"},\"primaryImageOfPage\":{\"@id\":\"https:\/\/www.saint-paul-angouleme.fr\/application\/entree-en-sixieme-un-accueil-sur-mesure\/#primaryimage\"},\"image\":{\"@id\":\"https:\/\/www.saint-paul-angouleme.fr\/application\/entree-en-sixieme-un-accueil-sur-mesure\/#primaryimage\"},\"thumbnailUrl\":\"http:\/\/www.saint-paul-angouleme.fr\/application\/wp-content\/uploads\/2017\/04\/DSC_0024-1024x685.jpg\",\"datePublished\":\"2017-04-20T09:59:21+00:00\",\"dateModified\":\"2022-12-16T08:25:35+00:00\",\"breadcrumb\":{\"@id\":\"https:\/\/www.saint-paul-angouleme.fr\/application\/entree-en-sixieme-un-accueil-sur-mesure\/#breadcrumb\"},\"inLanguage\":\"fr-FR\",\"potentialAction\":[{\"@type\":\"ReadAction\",\"target\":[\"https:\/\/www.saint-paul-angouleme.fr\/application\/entree-en-sixieme-un-accueil-sur-mesure\/\"]}]},{\"@type\":\"ImageObject\",\"inLanguage\":\"fr-FR\",\"@id\":\"https:\/\/www.saint-paul-angouleme.fr\/application\/entree-en-sixieme-un-accueil-sur-mesure\/#primaryimage\",\"url\":\"https:\/\/www.saint-paul-angouleme.fr\/application\/wp-content\/uploads\/2017\/04\/DSC_0024.jpg\",\"contentUrl\":\"https:\/\/www.saint-paul-angouleme.fr\/application\/wp-content\/uploads\/2017\/04\/DSC_0024.jpg\",\"width\":3872,\"height\":2592},{\"@type\":\"BreadcrumbList\",\"@id\":\"https:\/\/www.saint-paul-angouleme.fr\/application\/entree-en-sixieme-un-accueil-sur-mesure\/#breadcrumb\",\"itemListElement\":[{\"@type\":\"ListItem\",\"position\":1,\"name\":\"Accueil\",\"item\":\"http:\/\/www.saint-paul-angouleme.fr\/application\/\"},{\"@type\":\"ListItem\",\"position\":2,\"name\":\"Entr\u00e9e en sixi\u00e8me : un accueil sur mesure\"}]},{\"@type\":\"WebSite\",\"@id\":\"https:\/\/www.saint-paul-angouleme.fr\/application\/#website\",\"url\":\"https:\/\/www.saint-paul-angouleme.fr\/application\/\",\"name\":\"Actualit\u00e9s\",\"description\":\"Actualit\u00e9s Saint Paul\",\"publisher\":{\"@id\":\"https:\/\/www.saint-paul-angouleme.fr\/application\/#organization\"},\"potentialAction\":[{\"@type\":\"SearchAction\",\"target\":{\"@type\":\"EntryPoint\",\"urlTemplate\":\"https:\/\/www.saint-paul-angouleme.fr\/application\/?s={search_term_string}\"},\"query-input\":\"required name=search_term_string\"}],\"inLanguage\":\"fr-FR\"},{\"@type\":\"Organization\",\"@id\":\"https:\/\/www.saint-paul-angouleme.fr\/application\/#organization\",\"name\":\"Ensemble scolaire Saint-Paul\",\"url\":\"https:\/\/www.saint-paul-angouleme.fr\/application\/\",\"logo\":{\"@type\":\"ImageObject\",\"inLanguage\":\"fr-FR\",\"@id\":\"https:\/\/www.saint-paul-angouleme.fr\/application\/#\/schema\/logo\/image\/\",\"url\":\"https:\/\/www.saint-paul-angouleme.fr\/application\/wp-content\/uploads\/2018\/08\/logo-saint-paul-couleurs.jpg\",\"contentUrl\":\"https:\/\/www.saint-paul-angouleme.fr\/application\/wp-content\/uploads\/2018\/08\/logo-saint-paul-couleurs.jpg\",\"width\":1890,\"height\":709,\"caption\":\"Ensemble scolaire Saint-Paul\"},\"image\":{\"@id\":\"https:\/\/www.saint-paul-angouleme.fr\/application\/#\/schema\/logo\/image\/\"},\"sameAs\":[\"https:\/\/www.facebook.com\/SaintPaulAngouleme16\/\",\"https:\/\/x.com\/StPaulAngoulem\",\"https:\/\/www.youtube.com\/channel\/UCRLpz1CmPVqc0gn--YyXvjA?view_as=subscriber\"]},{\"@type\":\"Person\",\"@id\":\"https:\/\/www.saint-paul-angouleme.fr\/application\/#\/schema\/person\/ea152930b1a3823659065827b1a5fb9b\",\"name\":\"SAINT-PAUL\",\"image\":{\"@type\":\"ImageObject\",\"inLanguage\":\"fr-FR\",\"@id\":\"https:\/\/www.saint-paul-angouleme.fr\/application\/#\/schema\/person\/image\/\",\"url\":\"https:\/\/secure.gravatar.com\/avatar\/eadb0ffebc02683a61d69038eb2924f0?s=96&r=g\",\"contentUrl\":\"https:\/\/secure.gravatar.com\/avatar\/eadb0ffebc02683a61d69038eb2924f0?s=96&r=g\",\"caption\":\"SAINT-PAUL\"},\"url\":\"https:\/\/www.saint-paul-angouleme.fr\/application\/author\/myriam\/\"}]}<\/script>\n<!-- \/ Yoast SEO plugin. -->","yoast_head_json":{"title":"Entr\u00e9e en sixi\u00e8me : un accueil sur mesure - Actualit\u00e9s","robots":{"index":"index","follow":"follow","max-snippet":"max-snippet:-1","max-image-preview":"max-image-preview:large","max-video-preview":"max-video-preview:-1"},"canonical":"https:\/\/www.saint-paul-angouleme.fr\/application\/entree-en-sixieme-un-accueil-sur-mesure\/","og_locale":"fr_FR","og_type":"article","og_title":"Entr\u00e9e en sixi\u00e8me : un accueil sur mesure - Actualit\u00e9s","og_description":"Le 1er septembre 2016 l\u2019\u00e9quipe p\u00e9dagogique et \u00e9ducative du Coll\u00e8ge Saint-Paul \u00e0 Angoul\u00eame a souhait\u00e9 innover. D\u00e9sormais les \u00e9l\u00e8ves de sixi\u00e8me seront accueillis seuls au premier jour de la rentr\u00e9e. Une journ\u00e9e pour se familiariser avec leur nouvel environnement, les locaux et les personnes\u00a0: tout un monde \u00e0 d\u00e9couvrir lorsque l\u2019on vient de quitter l&#8217;\u00e9cole ... Lire la suite","og_url":"https:\/\/www.saint-paul-angouleme.fr\/application\/entree-en-sixieme-un-accueil-sur-mesure\/","og_site_name":"Actualit\u00e9s","article_publisher":"https:\/\/www.facebook.com\/SaintPaulAngouleme16\/","article_published_time":"2017-04-20T09:59:21+00:00","article_modified_time":"2022-12-16T08:25:35+00:00","og_image":[{"url":"http:\/\/www.saint-paul-angouleme.fr\/application\/wp-content\/uploads\/2017\/04\/DSC_0024-1024x685.jpg"}],"author":"SAINT-PAUL","twitter_card":"summary_large_image","twitter_creator":"@StPaulAngoulem","twitter_site":"@StPaulAngoulem","twitter_misc":{"\u00c9crit par":"SAINT-PAUL","Dur\u00e9e de lecture estim\u00e9e":"2 minutes"},"schema":{"@context":"https:\/\/schema.org","@graph":[{"@type":"Article","@id":"https:\/\/www.saint-paul-angouleme.fr\/application\/entree-en-sixieme-un-accueil-sur-mesure\/#article","isPartOf":{"@id":"https:\/\/www.saint-paul-angouleme.fr\/application\/entree-en-sixieme-un-accueil-sur-mesure\/"},"author":{"name":"SAINT-PAUL","@id":"https:\/\/www.saint-paul-angouleme.fr\/application\/#\/schema\/person\/ea152930b1a3823659065827b1a5fb9b"},"headline":"Entr\u00e9e en sixi\u00e8me : un accueil sur mesure","datePublished":"2017-04-20T09:59:21+00:00","dateModified":"2022-12-16T08:25:35+00:00","mainEntityOfPage":{"@id":"https:\/\/www.saint-paul-angouleme.fr\/application\/entree-en-sixieme-un-accueil-sur-mesure\/"},"wordCount":319,"commentCount":0,"publisher":{"@id":"https:\/\/www.saint-paul-angouleme.fr\/application\/#organization"},"image":{"@id":"https:\/\/www.saint-paul-angouleme.fr\/application\/entree-en-sixieme-un-accueil-sur-mesure\/#primaryimage"},"thumbnailUrl":"http:\/\/www.saint-paul-angouleme.fr\/application\/wp-content\/uploads\/2017\/04\/DSC_0024-1024x685.jpg","articleSection":["P\u00e9dagogie","Pour aller plus loin"],"inLanguage":"fr-FR","potentialAction":[{"@type":"CommentAction","name":"Comment","target":["https:\/\/www.saint-paul-angouleme.fr\/application\/entree-en-sixieme-un-accueil-sur-mesure\/#respond"]}]},{"@type":"WebPage","@id":"https:\/\/www.saint-paul-angouleme.fr\/application\/entree-en-sixieme-un-accueil-sur-mesure\/","url":"https:\/\/www.saint-paul-angouleme.fr\/application\/entree-en-sixieme-un-accueil-sur-mesure\/","name":"Entr\u00e9e en sixi\u00e8me : un accueil sur mesure - Actualit\u00e9s","isPartOf":{"@id":"https:\/\/www.saint-paul-angouleme.fr\/application\/#website"},"primaryImageOfPage":{"@id":"https:\/\/www.saint-paul-angouleme.fr\/application\/entree-en-sixieme-un-accueil-sur-mesure\/#primaryimage"},"image":{"@id":"https:\/\/www.saint-paul-angouleme.fr\/application\/entree-en-sixieme-un-accueil-sur-mesure\/#primaryimage"},"thumbnailUrl":"http:\/\/www.saint-paul-angouleme.fr\/application\/wp-content\/uploads\/2017\/04\/DSC_0024-1024x685.jpg","datePublished":"2017-04-20T09:59:21+00:00","dateModified":"2022-12-16T08:25:35+00:00","breadcrumb":{"@id":"https:\/\/www.saint-paul-angouleme.fr\/application\/entree-en-sixieme-un-accueil-sur-mesure\/#breadcrumb"},"inLanguage":"fr-FR","potentialAction":[{"@type":"ReadAction","target":["https:\/\/www.saint-paul-angouleme.fr\/application\/entree-en-sixieme-un-accueil-sur-mesure\/"]}]},{"@type":"ImageObject","inLanguage":"fr-FR","@id":"https:\/\/www.saint-paul-angouleme.fr\/application\/entree-en-sixieme-un-accueil-sur-mesure\/#primaryimage","url":"https:\/\/www.saint-paul-angouleme.fr\/application\/wp-content\/uploads\/2017\/04\/DSC_0024.jpg","contentUrl":"https:\/\/www.saint-paul-angouleme.fr\/application\/wp-content\/uploads\/2017\/04\/DSC_0024.jpg","width":3872,"height":2592},{"@type":"BreadcrumbList","@id":"https:\/\/www.saint-paul-angouleme.fr\/application\/entree-en-sixieme-un-accueil-sur-mesure\/#breadcrumb","itemListElement":[{"@type":"ListItem","position":1,"name":"Accueil","item":"http:\/\/www.saint-paul-angouleme.fr\/application\/"},{"@type":"ListItem","position":2,"name":"Entr\u00e9e en sixi\u00e8me : un accueil sur mesure"}]},{"@type":"WebSite","@id":"https:\/\/www.saint-paul-angouleme.fr\/application\/#website","url":"https:\/\/www.saint-paul-angouleme.fr\/application\/","name":"Actualit\u00e9s","description":"Actualit\u00e9s Saint Paul","publisher":{"@id":"https:\/\/www.saint-paul-angouleme.fr\/application\/#organization"},"potentialAction":[{"@type":"SearchAction","target":{"@type":"EntryPoint","urlTemplate":"https:\/\/www.saint-paul-angouleme.fr\/application\/?s={search_term_string}"},"query-input":"required name=search_term_string"}],"inLanguage":"fr-FR"},{"@type":"Organization","@id":"https:\/\/www.saint-paul-angouleme.fr\/application\/#organization","name":"Ensemble scolaire Saint-Paul","url":"https:\/\/www.saint-paul-angouleme.fr\/application\/","logo":{"@type":"ImageObject","inLanguage":"fr-FR","@id":"https:\/\/www.saint-paul-angouleme.fr\/application\/#\/schema\/logo\/image\/","url":"https:\/\/www.saint-paul-angouleme.fr\/application\/wp-content\/uploads\/2018\/08\/logo-saint-paul-couleurs.jpg","contentUrl":"https:\/\/www.saint-paul-angouleme.fr\/application\/wp-content\/uploads\/2018\/08\/logo-saint-paul-couleurs.jpg","width":1890,"height":709,"caption":"Ensemble scolaire Saint-Paul"},"image":{"@id":"https:\/\/www.saint-paul-angouleme.fr\/application\/#\/schema\/logo\/image\/"},"sameAs":["https:\/\/www.facebook.com\/SaintPaulAngouleme16\/","https:\/\/x.com\/StPaulAngoulem","https:\/\/www.youtube.com\/channel\/UCRLpz1CmPVqc0gn--YyXvjA?view_as=subscriber"]},{"@type":"Person","@id":"https:\/\/www.saint-paul-angouleme.fr\/application\/#\/schema\/person\/ea152930b1a3823659065827b1a5fb9b","name":"SAINT-PAUL","image":{"@type":"ImageObject","inLanguage":"fr-FR","@id":"https:\/\/www.saint-paul-angouleme.fr\/application\/#\/schema\/person\/image\/","url":"https:\/\/secure.gravatar.com\/avatar\/eadb0ffebc02683a61d69038eb2924f0?s=96&r=g","contentUrl":"https:\/\/secure.gravatar.com\/avatar\/eadb0ffebc02683a61d69038eb2924f0?s=96&r=g","caption":"SAINT-PAUL"},"url":"https:\/\/www.saint-paul-angouleme.fr\/application\/author\/myriam\/"}]}},"_links":{"self":[{"href":"https:\/\/www.saint-paul-angouleme.fr\/application\/wp-json\/wp\/v2\/posts\/617"}],"collection":[{"href":"https:\/\/www.saint-paul-angouleme.fr\/application\/wp-json\/wp\/v2\/posts"}],"about":[{"href":"https:\/\/www.saint-paul-angouleme.fr\/application\/wp-json\/wp\/v2\/types\/post"}],"author":[{"embeddable":true,"href":"https:\/\/www.saint-paul-angouleme.fr\/application\/wp-json\/wp\/v2\/users\/3"}],"replies":[{"embeddable":true,"href":"https:\/\/www.saint-paul-angouleme.fr\/application\/wp-json\/wp\/v2\/comments?post=617"}],"version-history":[{"count":10,"href":"https:\/\/www.saint-paul-angouleme.fr\/application\/wp-json\/wp\/v2\/posts\/617\/revisions"}],"predecessor-version":[{"id":6547,"href":"https:\/\/www.saint-paul-angouleme.fr\/application\/wp-json\/wp\/v2\/posts\/617\/revisions\/6547"}],"wp:attachment":[{"href":"https:\/\/www.saint-paul-angouleme.fr\/application\/wp-json\/wp\/v2\/media?parent=617"}],"wp:term":[{"taxonomy":"category","embeddable":true,"href":"https:\/\/www.saint-paul-angouleme.fr\/application\/wp-json\/wp\/v2\/categories?post=617"},{"taxonomy":"post_tag","embeddable":true,"href":"https:\/\/www.saint-paul-angouleme.fr\/application\/wp-json\/wp\/v2\/tags?post=617"}],"curies":[{"name":"wp","href":"https:\/\/api.w.org\/{rel}","templated":true}]}}