{"id":6162,"date":"2022-06-08T16:43:24","date_gmt":"2022-06-08T14:43:24","guid":{"rendered":"https:\/\/www.saint-paul-angouleme.fr\/application\/?p=6162"},"modified":"2022-06-14T11:54:08","modified_gmt":"2022-06-14T09:54:08","slug":"olympiades-de-mathematiques-nos-eleves-en-bonne-place","status":"publish","type":"post","link":"https:\/\/www.saint-paul-angouleme.fr\/application\/olympiades-de-mathematiques-nos-eleves-en-bonne-place\/","title":{"rendered":"Nos \u00e9l\u00e8ves prim\u00e9s aux Olympiades de Math\u00e9matiques"},"content":{"rendered":"\n<figure class=\"wp-block-image\"><img loading=\"lazy\" decoding=\"async\" width=\"1024\" height=\"768\" src=\"https:\/\/www.saint-paul-angouleme.fr\/application\/wp-content\/uploads\/2022\/06\/4-1024x768.jpg\" alt=\"Remise des prix \u00e0 l'ENSMA\" class=\"wp-image-6163\" srcset=\"https:\/\/www.saint-paul-angouleme.fr\/application\/wp-content\/uploads\/2022\/06\/4-1024x768.jpg 1024w, https:\/\/www.saint-paul-angouleme.fr\/application\/wp-content\/uploads\/2022\/06\/4-300x225.jpg 300w, https:\/\/www.saint-paul-angouleme.fr\/application\/wp-content\/uploads\/2022\/06\/4-768x576.jpg 768w, https:\/\/www.saint-paul-angouleme.fr\/application\/wp-content\/uploads\/2022\/06\/4.jpg 1365w\" sizes=\"(max-width: 1024px) 100vw, 1024px\" \/><\/figure>\n\n\n\n<p class=\"justification_texte { text-align: justify;}\">A Saint-Paul, nos \u00e9l\u00e8ves ont l&#8217;habitude de participer \u00e0 de nombreux concours ou prix. <a href=\"https:\/\/www.saint-paul-angouleme.fr\/application\/deux-beaux-champions-aux-olympiades-de-chimie\/\" target=\"_blank\" rel=\"noreferrer noopener\" aria-label=\"Olympiades de Chimie (s\u2019ouvre dans un nouvel onglet)\">Olympiades de Chimie<\/a>, de math\u00e9matiques, Concours d&#8217;\u00e9loquence&#8230; Au fil de l&#8217;ann\u00e9e les rendez-vous sont nombreux.<\/p>\n\n\n\n<figure class=\"wp-block-image\"><img loading=\"lazy\" decoding=\"async\" width=\"724\" height=\"1024\" src=\"https:\/\/www.saint-paul-angouleme.fr\/application\/wp-content\/uploads\/2022\/06\/2022_Affiche_Olympiades_Maths-724x1024.jpg\" alt=\"Olympiades de Math\u00e9matiques\" class=\"wp-image-6164\" srcset=\"https:\/\/www.saint-paul-angouleme.fr\/application\/wp-content\/uploads\/2022\/06\/2022_Affiche_Olympiades_Maths-724x1024.jpg 724w, https:\/\/www.saint-paul-angouleme.fr\/application\/wp-content\/uploads\/2022\/06\/2022_Affiche_Olympiades_Maths-212x300.jpg 212w, https:\/\/www.saint-paul-angouleme.fr\/application\/wp-content\/uploads\/2022\/06\/2022_Affiche_Olympiades_Maths-768x1086.jpg 768w\" sizes=\"(max-width: 724px) 100vw, 724px\" \/><\/figure>\n\n\n\n<h3 class=\"wp-block-heading\">Un Concours de math\u00e9matiques en plusieurs parties<\/h3>\n\n\n\n<p class=\"justification_texte { text-align: justify;}\">Les <a rel=\"noreferrer noopener\" aria-label=\"Olympiades Nationales de Math\u00e9matiques (s\u2019ouvre dans un nouvel onglet)\" href=\"https:\/\/www.education.gouv.fr\/les-olympiades-nationales-de-mathematiques-5732\" target=\"_blank\">Olympiades Nationales de Math\u00e9matiques<\/a> visent \u00e0 &#8220;aborder autrement des probl\u00e8mes math\u00e9matiques&#8221; et \u00e0 &#8220;souligner le lien entre les math\u00e9matiques et les autres sciences&#8221;. Ce concours, destin\u00e9 aux \u00e9l\u00e8ves en classe de Premi\u00e8re, se d\u00e9roule d&#8217;abord au niveau acad\u00e9mique puis au niveau national.<\/p>\n\n\n\n<p class=\"justification_texte { text-align: justify;}\">Il se d\u00e9roule en deux parties : deux exercices communs \u00e0 toutes les acad\u00e9mies, deux exercices propres \u00e0 l&#8217;Acad\u00e9mie. Les candidats ont 4h00 pour accomplir cette \u00e9preuve : 2h00 en individuel et 2h00 en \u00e9quipe.<\/p>\n\n\n\n<figure class=\"wp-block-image\"><img loading=\"lazy\" decoding=\"async\" width=\"1024\" height=\"768\" src=\"https:\/\/www.saint-paul-angouleme.fr\/application\/wp-content\/uploads\/2022\/06\/image-3-1024x768.jpg\" alt=\"\" class=\"wp-image-6170\" srcset=\"https:\/\/www.saint-paul-angouleme.fr\/application\/wp-content\/uploads\/2022\/06\/image-3-1024x768.jpg 1024w, https:\/\/www.saint-paul-angouleme.fr\/application\/wp-content\/uploads\/2022\/06\/image-3-300x225.jpg 300w, https:\/\/www.saint-paul-angouleme.fr\/application\/wp-content\/uploads\/2022\/06\/image-3-768x576.jpg 768w, https:\/\/www.saint-paul-angouleme.fr\/application\/wp-content\/uploads\/2022\/06\/image-3.jpg 1365w\" sizes=\"(max-width: 1024px) 100vw, 1024px\" \/><\/figure>\n\n\n\n<h3 class=\"wp-block-heading\">Plusieurs \u00e9l\u00e8ves prim\u00e9s<\/h3>\n\n\n\n<p class=\"justification_texte { text-align: justify;}\">Pour la partie individuelle, trois de nos \u00e9l\u00e8ves ont \u00e9t\u00e9 class\u00e9s : Mathis C. (3\u00e8me place) avec la mention &#8220;Tr\u00e8s honorable&#8221; puis Natacha F. (4\u00e8me place) mention &#8220;honorable, suivie de Antoine M. (5\u00e8me place) mention &#8220;honorable&#8221; \u00e9galement.<\/p>\n\n\n\n<p class=\"justification_texte { text-align: justify;}\">Notre \u00e9quipe Saint-Paulienne a fini \u00e0 la premi\u00e8re place : 1\u00e8re \u00e9quipe mention &#8220;Honorable&#8221;. La remise des prix a eu lieu \u00e0 l&#8217;<a rel=\"noreferrer noopener\" aria-label=\"ENSMA (s\u2019ouvre dans un nouvel onglet)\" href=\"https:\/\/www.ensma.fr\/\" target=\"_blank\">ENSMA<\/a>. Ils ont gagn\u00e9 des calculatrice et une entr\u00e9e au Futuroscope. Bravo \u00e0 eux !<\/p>\n\n\n\n<figure class=\"wp-block-image\"><img loading=\"lazy\" decoding=\"async\" width=\"1024\" height=\"768\" src=\"https:\/\/www.saint-paul-angouleme.fr\/application\/wp-content\/uploads\/2022\/06\/image-2-1-1024x768.jpg\" alt=\"\" class=\"wp-image-6172\" srcset=\"https:\/\/www.saint-paul-angouleme.fr\/application\/wp-content\/uploads\/2022\/06\/image-2-1-1024x768.jpg 1024w, https:\/\/www.saint-paul-angouleme.fr\/application\/wp-content\/uploads\/2022\/06\/image-2-1-300x225.jpg 300w, https:\/\/www.saint-paul-angouleme.fr\/application\/wp-content\/uploads\/2022\/06\/image-2-1-768x576.jpg 768w, https:\/\/www.saint-paul-angouleme.fr\/application\/wp-content\/uploads\/2022\/06\/image-2-1.jpg 1365w\" sizes=\"(max-width: 1024px) 100vw, 1024px\" \/><\/figure>\n\n\n\n<figure class=\"wp-block-image\"><img loading=\"lazy\" decoding=\"async\" width=\"1024\" height=\"768\" src=\"https:\/\/www.saint-paul-angouleme.fr\/application\/wp-content\/uploads\/2022\/06\/image-5-1024x768.jpg\" alt=\"\" class=\"wp-image-6173\" srcset=\"https:\/\/www.saint-paul-angouleme.fr\/application\/wp-content\/uploads\/2022\/06\/image-5-1024x768.jpg 1024w, https:\/\/www.saint-paul-angouleme.fr\/application\/wp-content\/uploads\/2022\/06\/image-5-300x225.jpg 300w, https:\/\/www.saint-paul-angouleme.fr\/application\/wp-content\/uploads\/2022\/06\/image-5-768x576.jpg 768w, https:\/\/www.saint-paul-angouleme.fr\/application\/wp-content\/uploads\/2022\/06\/image-5.jpg 1365w\" sizes=\"(max-width: 1024px) 100vw, 1024px\" \/><\/figure>\n","protected":false},"excerpt":{"rendered":"<p>A Saint-Paul, nos \u00e9l\u00e8ves ont l&#8217;habitude de participer \u00e0 de nombreux concours ou prix. Olympiades de Chimie, de math\u00e9matiques, Concours d&#8217;\u00e9loquence&#8230; Au fil de l&#8217;ann\u00e9e les rendez-vous sont nombreux. Un Concours de math\u00e9matiques en plusieurs parties Les Olympiades Nationales de Math\u00e9matiques visent \u00e0 &#8220;aborder autrement des probl\u00e8mes math\u00e9matiques&#8221; et \u00e0 &#8220;souligner le lien entre les &#8230; <a title=\"Nos \u00e9l\u00e8ves prim\u00e9s aux Olympiades de Math\u00e9matiques\" class=\"read-more\" href=\"https:\/\/www.saint-paul-angouleme.fr\/application\/olympiades-de-mathematiques-nos-eleves-en-bonne-place\/\" aria-label=\"Read more about Nos \u00e9l\u00e8ves prim\u00e9s aux Olympiades de Math\u00e9matiques\">Lire la suite<\/a><\/p>\n","protected":false},"author":3,"featured_media":6174,"comment_status":"open","ping_status":"open","sticky":false,"template":"","format":"standard","meta":{"_exactmetrics_skip_tracking":false,"_exactmetrics_sitenote_active":false,"_exactmetrics_sitenote_note":"","_exactmetrics_sitenote_category":0,"footnotes":""},"categories":[13],"tags":[],"class_list":["post-6162","post","type-post","status-publish","format-standard","has-post-thumbnail","hentry","category-pedagogie"],"yoast_head":"<!-- This site is optimized with the Yoast SEO plugin v23.3 - https:\/\/yoast.com\/wordpress\/plugins\/seo\/ -->\n<title>Nos \u00e9l\u00e8ves prim\u00e9s aux Olympiades de Math\u00e9matiques - Actualit\u00e9s<\/title>\n<meta name=\"description\" content=\"Des \u00e9l\u00e8ves de Premi\u00e8re ont particip\u00e9 aux &quot;Olympiades Nationales de Math\u00e9matiques&quot;. Ils ont r\u00e9ussit \u00e0 obtenir des belles places et mentions.\" \/>\n<meta name=\"robots\" content=\"index, follow, max-snippet:-1, max-image-preview:large, max-video-preview:-1\" \/>\n<link rel=\"canonical\" href=\"https:\/\/www.saint-paul-angouleme.fr\/application\/olympiades-de-mathematiques-nos-eleves-en-bonne-place\/\" \/>\n<meta property=\"og:locale\" content=\"fr_FR\" \/>\n<meta property=\"og:type\" content=\"article\" \/>\n<meta property=\"og:title\" content=\"Nos \u00e9l\u00e8ves prim\u00e9s aux Olympiades de Math\u00e9matiques - Actualit\u00e9s\" \/>\n<meta property=\"og:description\" content=\"Des \u00e9l\u00e8ves de Premi\u00e8re ont particip\u00e9 aux &quot;Olympiades Nationales de Math\u00e9matiques&quot;. Ils ont r\u00e9ussit \u00e0 obtenir des belles places et mentions.\" \/>\n<meta property=\"og:url\" content=\"https:\/\/www.saint-paul-angouleme.fr\/application\/olympiades-de-mathematiques-nos-eleves-en-bonne-place\/\" \/>\n<meta property=\"og:site_name\" content=\"Actualit\u00e9s\" \/>\n<meta property=\"article:publisher\" content=\"https:\/\/www.facebook.com\/SaintPaulAngouleme16\/\" \/>\n<meta property=\"article:published_time\" content=\"2022-06-08T14:43:24+00:00\" \/>\n<meta property=\"article:modified_time\" content=\"2022-06-14T09:54:08+00:00\" \/>\n<meta property=\"og:image\" content=\"https:\/\/www.saint-paul-angouleme.fr\/application\/wp-content\/uploads\/2022\/06\/image-8.jpg\" \/>\n\t<meta property=\"og:image:width\" content=\"1365\" \/>\n\t<meta property=\"og:image:height\" content=\"1024\" \/>\n\t<meta property=\"og:image:type\" content=\"image\/jpeg\" \/>\n<meta name=\"author\" content=\"SAINT-PAUL\" \/>\n<meta name=\"twitter:card\" content=\"summary_large_image\" \/>\n<meta name=\"twitter:creator\" content=\"@StPaulAngoulem\" \/>\n<meta name=\"twitter:site\" content=\"@StPaulAngoulem\" \/>\n<meta name=\"twitter:label1\" content=\"\u00c9crit par\" \/>\n\t<meta name=\"twitter:data1\" content=\"SAINT-PAUL\" \/>\n\t<meta name=\"twitter:label2\" content=\"Dur\u00e9e de lecture estim\u00e9e\" \/>\n\t<meta name=\"twitter:data2\" content=\"1 minute\" \/>\n<script type=\"application\/ld+json\" class=\"yoast-schema-graph\">{\"@context\":\"https:\/\/schema.org\",\"@graph\":[{\"@type\":\"Article\",\"@id\":\"https:\/\/www.saint-paul-angouleme.fr\/application\/olympiades-de-mathematiques-nos-eleves-en-bonne-place\/#article\",\"isPartOf\":{\"@id\":\"https:\/\/www.saint-paul-angouleme.fr\/application\/olympiades-de-mathematiques-nos-eleves-en-bonne-place\/\"},\"author\":{\"name\":\"SAINT-PAUL\",\"@id\":\"https:\/\/www.saint-paul-angouleme.fr\/application\/#\/schema\/person\/ea152930b1a3823659065827b1a5fb9b\"},\"headline\":\"Nos \u00e9l\u00e8ves prim\u00e9s aux Olympiades de Math\u00e9matiques\",\"datePublished\":\"2022-06-08T14:43:24+00:00\",\"dateModified\":\"2022-06-14T09:54:08+00:00\",\"mainEntityOfPage\":{\"@id\":\"https:\/\/www.saint-paul-angouleme.fr\/application\/olympiades-de-mathematiques-nos-eleves-en-bonne-place\/\"},\"wordCount\":216,\"commentCount\":0,\"publisher\":{\"@id\":\"https:\/\/www.saint-paul-angouleme.fr\/application\/#organization\"},\"image\":{\"@id\":\"https:\/\/www.saint-paul-angouleme.fr\/application\/olympiades-de-mathematiques-nos-eleves-en-bonne-place\/#primaryimage\"},\"thumbnailUrl\":\"https:\/\/www.saint-paul-angouleme.fr\/application\/wp-content\/uploads\/2022\/06\/image-8.jpg\",\"articleSection\":[\"P\u00e9dagogie\"],\"inLanguage\":\"fr-FR\",\"potentialAction\":[{\"@type\":\"CommentAction\",\"name\":\"Comment\",\"target\":[\"https:\/\/www.saint-paul-angouleme.fr\/application\/olympiades-de-mathematiques-nos-eleves-en-bonne-place\/#respond\"]}]},{\"@type\":\"WebPage\",\"@id\":\"https:\/\/www.saint-paul-angouleme.fr\/application\/olympiades-de-mathematiques-nos-eleves-en-bonne-place\/\",\"url\":\"https:\/\/www.saint-paul-angouleme.fr\/application\/olympiades-de-mathematiques-nos-eleves-en-bonne-place\/\",\"name\":\"Nos \u00e9l\u00e8ves prim\u00e9s aux Olympiades de Math\u00e9matiques - Actualit\u00e9s\",\"isPartOf\":{\"@id\":\"https:\/\/www.saint-paul-angouleme.fr\/application\/#website\"},\"primaryImageOfPage\":{\"@id\":\"https:\/\/www.saint-paul-angouleme.fr\/application\/olympiades-de-mathematiques-nos-eleves-en-bonne-place\/#primaryimage\"},\"image\":{\"@id\":\"https:\/\/www.saint-paul-angouleme.fr\/application\/olympiades-de-mathematiques-nos-eleves-en-bonne-place\/#primaryimage\"},\"thumbnailUrl\":\"https:\/\/www.saint-paul-angouleme.fr\/application\/wp-content\/uploads\/2022\/06\/image-8.jpg\",\"datePublished\":\"2022-06-08T14:43:24+00:00\",\"dateModified\":\"2022-06-14T09:54:08+00:00\",\"description\":\"Des \u00e9l\u00e8ves de Premi\u00e8re ont particip\u00e9 aux \\\"Olympiades Nationales de Math\u00e9matiques\\\". Ils ont r\u00e9ussit \u00e0 obtenir des belles places et mentions.\",\"breadcrumb\":{\"@id\":\"https:\/\/www.saint-paul-angouleme.fr\/application\/olympiades-de-mathematiques-nos-eleves-en-bonne-place\/#breadcrumb\"},\"inLanguage\":\"fr-FR\",\"potentialAction\":[{\"@type\":\"ReadAction\",\"target\":[\"https:\/\/www.saint-paul-angouleme.fr\/application\/olympiades-de-mathematiques-nos-eleves-en-bonne-place\/\"]}]},{\"@type\":\"ImageObject\",\"inLanguage\":\"fr-FR\",\"@id\":\"https:\/\/www.saint-paul-angouleme.fr\/application\/olympiades-de-mathematiques-nos-eleves-en-bonne-place\/#primaryimage\",\"url\":\"https:\/\/www.saint-paul-angouleme.fr\/application\/wp-content\/uploads\/2022\/06\/image-8.jpg\",\"contentUrl\":\"https:\/\/www.saint-paul-angouleme.fr\/application\/wp-content\/uploads\/2022\/06\/image-8.jpg\",\"width\":1365,\"height\":1024},{\"@type\":\"BreadcrumbList\",\"@id\":\"https:\/\/www.saint-paul-angouleme.fr\/application\/olympiades-de-mathematiques-nos-eleves-en-bonne-place\/#breadcrumb\",\"itemListElement\":[{\"@type\":\"ListItem\",\"position\":1,\"name\":\"Accueil\",\"item\":\"http:\/\/www.saint-paul-angouleme.fr\/application\/\"},{\"@type\":\"ListItem\",\"position\":2,\"name\":\"Nos \u00e9l\u00e8ves prim\u00e9s aux Olympiades de Math\u00e9matiques\"}]},{\"@type\":\"WebSite\",\"@id\":\"https:\/\/www.saint-paul-angouleme.fr\/application\/#website\",\"url\":\"https:\/\/www.saint-paul-angouleme.fr\/application\/\",\"name\":\"Actualit\u00e9s\",\"description\":\"Actualit\u00e9s Saint Paul\",\"publisher\":{\"@id\":\"https:\/\/www.saint-paul-angouleme.fr\/application\/#organization\"},\"potentialAction\":[{\"@type\":\"SearchAction\",\"target\":{\"@type\":\"EntryPoint\",\"urlTemplate\":\"https:\/\/www.saint-paul-angouleme.fr\/application\/?s={search_term_string}\"},\"query-input\":\"required name=search_term_string\"}],\"inLanguage\":\"fr-FR\"},{\"@type\":\"Organization\",\"@id\":\"https:\/\/www.saint-paul-angouleme.fr\/application\/#organization\",\"name\":\"Ensemble scolaire Saint-Paul\",\"url\":\"https:\/\/www.saint-paul-angouleme.fr\/application\/\",\"logo\":{\"@type\":\"ImageObject\",\"inLanguage\":\"fr-FR\",\"@id\":\"https:\/\/www.saint-paul-angouleme.fr\/application\/#\/schema\/logo\/image\/\",\"url\":\"https:\/\/www.saint-paul-angouleme.fr\/application\/wp-content\/uploads\/2018\/08\/logo-saint-paul-couleurs.jpg\",\"contentUrl\":\"https:\/\/www.saint-paul-angouleme.fr\/application\/wp-content\/uploads\/2018\/08\/logo-saint-paul-couleurs.jpg\",\"width\":1890,\"height\":709,\"caption\":\"Ensemble scolaire Saint-Paul\"},\"image\":{\"@id\":\"https:\/\/www.saint-paul-angouleme.fr\/application\/#\/schema\/logo\/image\/\"},\"sameAs\":[\"https:\/\/www.facebook.com\/SaintPaulAngouleme16\/\",\"https:\/\/x.com\/StPaulAngoulem\",\"https:\/\/www.youtube.com\/channel\/UCRLpz1CmPVqc0gn--YyXvjA?view_as=subscriber\"]},{\"@type\":\"Person\",\"@id\":\"https:\/\/www.saint-paul-angouleme.fr\/application\/#\/schema\/person\/ea152930b1a3823659065827b1a5fb9b\",\"name\":\"SAINT-PAUL\",\"image\":{\"@type\":\"ImageObject\",\"inLanguage\":\"fr-FR\",\"@id\":\"https:\/\/www.saint-paul-angouleme.fr\/application\/#\/schema\/person\/image\/\",\"url\":\"https:\/\/secure.gravatar.com\/avatar\/eadb0ffebc02683a61d69038eb2924f0?s=96&r=g\",\"contentUrl\":\"https:\/\/secure.gravatar.com\/avatar\/eadb0ffebc02683a61d69038eb2924f0?s=96&r=g\",\"caption\":\"SAINT-PAUL\"},\"url\":\"https:\/\/www.saint-paul-angouleme.fr\/application\/author\/myriam\/\"}]}<\/script>\n<!-- \/ Yoast SEO plugin. -->","yoast_head_json":{"title":"Nos \u00e9l\u00e8ves prim\u00e9s aux Olympiades de Math\u00e9matiques - Actualit\u00e9s","description":"Des \u00e9l\u00e8ves de Premi\u00e8re ont particip\u00e9 aux \"Olympiades Nationales de Math\u00e9matiques\". Ils ont r\u00e9ussit \u00e0 obtenir des belles places et mentions.","robots":{"index":"index","follow":"follow","max-snippet":"max-snippet:-1","max-image-preview":"max-image-preview:large","max-video-preview":"max-video-preview:-1"},"canonical":"https:\/\/www.saint-paul-angouleme.fr\/application\/olympiades-de-mathematiques-nos-eleves-en-bonne-place\/","og_locale":"fr_FR","og_type":"article","og_title":"Nos \u00e9l\u00e8ves prim\u00e9s aux Olympiades de Math\u00e9matiques - Actualit\u00e9s","og_description":"Des \u00e9l\u00e8ves de Premi\u00e8re ont particip\u00e9 aux \"Olympiades Nationales de Math\u00e9matiques\". Ils ont r\u00e9ussit \u00e0 obtenir des belles places et mentions.","og_url":"https:\/\/www.saint-paul-angouleme.fr\/application\/olympiades-de-mathematiques-nos-eleves-en-bonne-place\/","og_site_name":"Actualit\u00e9s","article_publisher":"https:\/\/www.facebook.com\/SaintPaulAngouleme16\/","article_published_time":"2022-06-08T14:43:24+00:00","article_modified_time":"2022-06-14T09:54:08+00:00","og_image":[{"width":1365,"height":1024,"url":"https:\/\/www.saint-paul-angouleme.fr\/application\/wp-content\/uploads\/2022\/06\/image-8.jpg","type":"image\/jpeg"}],"author":"SAINT-PAUL","twitter_card":"summary_large_image","twitter_creator":"@StPaulAngoulem","twitter_site":"@StPaulAngoulem","twitter_misc":{"\u00c9crit par":"SAINT-PAUL","Dur\u00e9e de lecture estim\u00e9e":"1 minute"},"schema":{"@context":"https:\/\/schema.org","@graph":[{"@type":"Article","@id":"https:\/\/www.saint-paul-angouleme.fr\/application\/olympiades-de-mathematiques-nos-eleves-en-bonne-place\/#article","isPartOf":{"@id":"https:\/\/www.saint-paul-angouleme.fr\/application\/olympiades-de-mathematiques-nos-eleves-en-bonne-place\/"},"author":{"name":"SAINT-PAUL","@id":"https:\/\/www.saint-paul-angouleme.fr\/application\/#\/schema\/person\/ea152930b1a3823659065827b1a5fb9b"},"headline":"Nos \u00e9l\u00e8ves prim\u00e9s aux Olympiades de Math\u00e9matiques","datePublished":"2022-06-08T14:43:24+00:00","dateModified":"2022-06-14T09:54:08+00:00","mainEntityOfPage":{"@id":"https:\/\/www.saint-paul-angouleme.fr\/application\/olympiades-de-mathematiques-nos-eleves-en-bonne-place\/"},"wordCount":216,"commentCount":0,"publisher":{"@id":"https:\/\/www.saint-paul-angouleme.fr\/application\/#organization"},"image":{"@id":"https:\/\/www.saint-paul-angouleme.fr\/application\/olympiades-de-mathematiques-nos-eleves-en-bonne-place\/#primaryimage"},"thumbnailUrl":"https:\/\/www.saint-paul-angouleme.fr\/application\/wp-content\/uploads\/2022\/06\/image-8.jpg","articleSection":["P\u00e9dagogie"],"inLanguage":"fr-FR","potentialAction":[{"@type":"CommentAction","name":"Comment","target":["https:\/\/www.saint-paul-angouleme.fr\/application\/olympiades-de-mathematiques-nos-eleves-en-bonne-place\/#respond"]}]},{"@type":"WebPage","@id":"https:\/\/www.saint-paul-angouleme.fr\/application\/olympiades-de-mathematiques-nos-eleves-en-bonne-place\/","url":"https:\/\/www.saint-paul-angouleme.fr\/application\/olympiades-de-mathematiques-nos-eleves-en-bonne-place\/","name":"Nos \u00e9l\u00e8ves prim\u00e9s aux Olympiades de Math\u00e9matiques - Actualit\u00e9s","isPartOf":{"@id":"https:\/\/www.saint-paul-angouleme.fr\/application\/#website"},"primaryImageOfPage":{"@id":"https:\/\/www.saint-paul-angouleme.fr\/application\/olympiades-de-mathematiques-nos-eleves-en-bonne-place\/#primaryimage"},"image":{"@id":"https:\/\/www.saint-paul-angouleme.fr\/application\/olympiades-de-mathematiques-nos-eleves-en-bonne-place\/#primaryimage"},"thumbnailUrl":"https:\/\/www.saint-paul-angouleme.fr\/application\/wp-content\/uploads\/2022\/06\/image-8.jpg","datePublished":"2022-06-08T14:43:24+00:00","dateModified":"2022-06-14T09:54:08+00:00","description":"Des \u00e9l\u00e8ves de Premi\u00e8re ont particip\u00e9 aux \"Olympiades Nationales de Math\u00e9matiques\". Ils ont r\u00e9ussit \u00e0 obtenir des belles places et mentions.","breadcrumb":{"@id":"https:\/\/www.saint-paul-angouleme.fr\/application\/olympiades-de-mathematiques-nos-eleves-en-bonne-place\/#breadcrumb"},"inLanguage":"fr-FR","potentialAction":[{"@type":"ReadAction","target":["https:\/\/www.saint-paul-angouleme.fr\/application\/olympiades-de-mathematiques-nos-eleves-en-bonne-place\/"]}]},{"@type":"ImageObject","inLanguage":"fr-FR","@id":"https:\/\/www.saint-paul-angouleme.fr\/application\/olympiades-de-mathematiques-nos-eleves-en-bonne-place\/#primaryimage","url":"https:\/\/www.saint-paul-angouleme.fr\/application\/wp-content\/uploads\/2022\/06\/image-8.jpg","contentUrl":"https:\/\/www.saint-paul-angouleme.fr\/application\/wp-content\/uploads\/2022\/06\/image-8.jpg","width":1365,"height":1024},{"@type":"BreadcrumbList","@id":"https:\/\/www.saint-paul-angouleme.fr\/application\/olympiades-de-mathematiques-nos-eleves-en-bonne-place\/#breadcrumb","itemListElement":[{"@type":"ListItem","position":1,"name":"Accueil","item":"http:\/\/www.saint-paul-angouleme.fr\/application\/"},{"@type":"ListItem","position":2,"name":"Nos \u00e9l\u00e8ves prim\u00e9s aux Olympiades de Math\u00e9matiques"}]},{"@type":"WebSite","@id":"https:\/\/www.saint-paul-angouleme.fr\/application\/#website","url":"https:\/\/www.saint-paul-angouleme.fr\/application\/","name":"Actualit\u00e9s","description":"Actualit\u00e9s Saint Paul","publisher":{"@id":"https:\/\/www.saint-paul-angouleme.fr\/application\/#organization"},"potentialAction":[{"@type":"SearchAction","target":{"@type":"EntryPoint","urlTemplate":"https:\/\/www.saint-paul-angouleme.fr\/application\/?s={search_term_string}"},"query-input":"required name=search_term_string"}],"inLanguage":"fr-FR"},{"@type":"Organization","@id":"https:\/\/www.saint-paul-angouleme.fr\/application\/#organization","name":"Ensemble scolaire Saint-Paul","url":"https:\/\/www.saint-paul-angouleme.fr\/application\/","logo":{"@type":"ImageObject","inLanguage":"fr-FR","@id":"https:\/\/www.saint-paul-angouleme.fr\/application\/#\/schema\/logo\/image\/","url":"https:\/\/www.saint-paul-angouleme.fr\/application\/wp-content\/uploads\/2018\/08\/logo-saint-paul-couleurs.jpg","contentUrl":"https:\/\/www.saint-paul-angouleme.fr\/application\/wp-content\/uploads\/2018\/08\/logo-saint-paul-couleurs.jpg","width":1890,"height":709,"caption":"Ensemble scolaire Saint-Paul"},"image":{"@id":"https:\/\/www.saint-paul-angouleme.fr\/application\/#\/schema\/logo\/image\/"},"sameAs":["https:\/\/www.facebook.com\/SaintPaulAngouleme16\/","https:\/\/x.com\/StPaulAngoulem","https:\/\/www.youtube.com\/channel\/UCRLpz1CmPVqc0gn--YyXvjA?view_as=subscriber"]},{"@type":"Person","@id":"https:\/\/www.saint-paul-angouleme.fr\/application\/#\/schema\/person\/ea152930b1a3823659065827b1a5fb9b","name":"SAINT-PAUL","image":{"@type":"ImageObject","inLanguage":"fr-FR","@id":"https:\/\/www.saint-paul-angouleme.fr\/application\/#\/schema\/person\/image\/","url":"https:\/\/secure.gravatar.com\/avatar\/eadb0ffebc02683a61d69038eb2924f0?s=96&r=g","contentUrl":"https:\/\/secure.gravatar.com\/avatar\/eadb0ffebc02683a61d69038eb2924f0?s=96&r=g","caption":"SAINT-PAUL"},"url":"https:\/\/www.saint-paul-angouleme.fr\/application\/author\/myriam\/"}]}},"_links":{"self":[{"href":"https:\/\/www.saint-paul-angouleme.fr\/application\/wp-json\/wp\/v2\/posts\/6162"}],"collection":[{"href":"https:\/\/www.saint-paul-angouleme.fr\/application\/wp-json\/wp\/v2\/posts"}],"about":[{"href":"https:\/\/www.saint-paul-angouleme.fr\/application\/wp-json\/wp\/v2\/types\/post"}],"author":[{"embeddable":true,"href":"https:\/\/www.saint-paul-angouleme.fr\/application\/wp-json\/wp\/v2\/users\/3"}],"replies":[{"embeddable":true,"href":"https:\/\/www.saint-paul-angouleme.fr\/application\/wp-json\/wp\/v2\/comments?post=6162"}],"version-history":[{"count":6,"href":"https:\/\/www.saint-paul-angouleme.fr\/application\/wp-json\/wp\/v2\/posts\/6162\/revisions"}],"predecessor-version":[{"id":6185,"href":"https:\/\/www.saint-paul-angouleme.fr\/application\/wp-json\/wp\/v2\/posts\/6162\/revisions\/6185"}],"wp:featuredmedia":[{"embeddable":true,"href":"https:\/\/www.saint-paul-angouleme.fr\/application\/wp-json\/wp\/v2\/media\/6174"}],"wp:attachment":[{"href":"https:\/\/www.saint-paul-angouleme.fr\/application\/wp-json\/wp\/v2\/media?parent=6162"}],"wp:term":[{"taxonomy":"category","embeddable":true,"href":"https:\/\/www.saint-paul-angouleme.fr\/application\/wp-json\/wp\/v2\/categories?post=6162"},{"taxonomy":"post_tag","embeddable":true,"href":"https:\/\/www.saint-paul-angouleme.fr\/application\/wp-json\/wp\/v2\/tags?post=6162"}],"curies":[{"name":"wp","href":"https:\/\/api.w.org\/{rel}","templated":true}]}}