{"id":6159,"date":"2022-06-02T10:45:38","date_gmt":"2022-06-02T08:45:38","guid":{"rendered":"https:\/\/www.saint-paul-angouleme.fr\/application\/?p=6148"},"modified":"2022-06-02T10:57:56","modified_gmt":"2022-06-02T08:57:56","slug":"journee-a-paris-pour-la-remise-du-prix-folio-2","status":"publish","type":"post","link":"https:\/\/www.saint-paul-angouleme.fr\/application\/en\/journee-a-paris-pour-la-remise-du-prix-folio-2\/","title":{"rendered":"Day in Paris for the presentation of the Folio Prize"},"content":{"rendered":"\n<figure class=\"wp-block-image\"><img loading=\"lazy\" decoding=\"async\" width=\"1024\" height=\"768\" src=\"https:\/\/www.saint-paul-angouleme.fr\/application\/wp-content\/uploads\/2022\/06\/image-2-1024x768.jpg\" alt=\"Folio Prize: our students in Paris\" class=\"wp-image-6149\" srcset=\"https:\/\/www.saint-paul-angouleme.fr\/application\/wp-content\/uploads\/2022\/06\/image-2-1024x768.jpg 1024w, https:\/\/www.saint-paul-angouleme.fr\/application\/wp-content\/uploads\/2022\/06\/image-2-300x225.jpg 300w, https:\/\/www.saint-paul-angouleme.fr\/application\/wp-content\/uploads\/2022\/06\/image-2-768x576.jpg 768w, https:\/\/www.saint-paul-angouleme.fr\/application\/wp-content\/uploads\/2022\/06\/image-2.jpg 1365w\" sizes=\"(max-width: 1024px) 100vw, 1024px\" \/><\/figure>\n\n\n\n<h3 class=\"wp-block-heading\">Meetings throughout the year<\/h3>\n\n\n\n<p class=\"justification_texte { text-align: justify;}\">Throughout this school year, we participated in the <a href=\"https:\/\/www.prixdeslyceensfolio.fr\/\" target=\"_blank\" rel=\"noreferrer noopener\" aria-label=\"prix Folio des Lyc\u00e9ens (s\u2019ouvre dans un nouvel onglet)\">Folio des Lyc\u00e9ens prize<\/a>, a reading activity led by Mrs. KLINNIK, Mr. DELAVAUD and Mrs. KRYNICKI. This activity allowed us to discover six literary works around which we regularly gathered to present, exchange and share our impressions.<\/p>\n\n\n\n<p class=\"justification_texte { text-align: justify;}\">On April 23 we learned that\nwe were selected by random draw among 600 students from France for\nparticipate in the presentation of the Folio Prize in the prestigious Maison Gallimard\nlocated in the<sup>7th<\/sup> arrondissement of Paris.<\/p>\n\n\n\n<figure class=\"wp-block-image\"><img loading=\"lazy\" decoding=\"async\" width=\"768\" height=\"1024\" src=\"https:\/\/www.saint-paul-angouleme.fr\/application\/wp-content\/uploads\/2022\/06\/Le-jardin-des-editions-Gallimard-768x1024.jpg\" alt=\"din of Gallimard editions\" class=\"wp-image-6150\" srcset=\"https:\/\/www.saint-paul-angouleme.fr\/application\/wp-content\/uploads\/2022\/06\/Le-jardin-des-editions-Gallimard-768x1024.jpg 768w, https:\/\/www.saint-paul-angouleme.fr\/application\/wp-content\/uploads\/2022\/06\/Le-jardin-des-editions-Gallimard-225x300.jpg 225w, https:\/\/www.saint-paul-angouleme.fr\/application\/wp-content\/uploads\/2022\/06\/Le-jardin-des-editions-Gallimard.jpg 1024w\" sizes=\"(max-width: 768px) 100vw, 768px\" \/><\/figure>\n\n\n\n<h3 class=\"wp-block-heading\">Finally in Paris&#8230;<\/h3>\n\n\n\n<p class=\"justification_texte { text-align: justify;}\">So we found each other\nThursday, May 19 at angoul\u00eame station towards Paris which was waiting for us with open arms under a sun\nbright! <\/p>\n\n\n\n<p class=\"justification_texte { text-align: justify;}\">So you don&#39;t miss any sound\neffervescence it is on foot that we\nare at the Mus\u00e9e d&#39;Orsay where we\nwe discovered Gaudi, Spanish architect and main representative of the\nCatalan modernism during a temporal exhibition as well as many\nImpressionist painters such as C\u00e9zanne, Monet and Renoir.<\/p>\n\n\n\n<p class=\"justification_texte { text-align: justify;}\">After a traditional picnic in the Tuileries Garden, we headed to the <a rel=\"noreferrer noopener\" aria-label=\"Maison d\u2019Edition Gallimard (s\u2019ouvre dans un nouvel onglet)\" href=\"https:\/\/www.gallimard.fr\/#\" target=\"_blank\">Maison d&#39;Edition Gallimard<\/a> in which we were welcomed with 150 other high school students to discover the novel winner of this Folio 2021-2022 prize: <em>The<\/em> <em>last<\/em> <em>time<\/em> <em><\/em> <em>I<\/em> <em>saw<\/em> <em>Ad\u00e8le<\/em> by <a href=\"https:\/\/www.babelio.com\/auteur\/Astrid-Eliard\/92408\" target=\"_blank\" rel=\"noreferrer noopener\" aria-label=\"Astrid \u00c9LIARD (s\u2019ouvre dans un nouvel onglet)\">Astrid \u00c9LIARD<\/a>. This topical novel describes a mother&#39;s quest to find her sixteen-year-old daughter who has become a jihadist and her incomprehension in the face of this radicalization. After attending the award ceremony, we had the chance to exchange with the author around a refreshing buffet. <\/p>\n\n\n\n<figure class=\"wp-block-image\"><img loading=\"lazy\" decoding=\"async\" width=\"768\" height=\"1024\" src=\"https:\/\/www.saint-paul-angouleme.fr\/application\/wp-content\/uploads\/2022\/06\/La-laureate-Astrid-Eliard-pour-La-derniere-fois-que-jai-vu-Adele-768x1024.jpg\" alt=\"The winner: Astrid ELIARD\" class=\"wp-image-6151\" srcset=\"https:\/\/www.saint-paul-angouleme.fr\/application\/wp-content\/uploads\/2022\/06\/La-laureate-Astrid-Eliard-pour-La-derniere-fois-que-jai-vu-Adele-768x1024.jpg 768w, https:\/\/www.saint-paul-angouleme.fr\/application\/wp-content\/uploads\/2022\/06\/La-laureate-Astrid-Eliard-pour-La-derniere-fois-que-jai-vu-Adele-225x300.jpg 225w, https:\/\/www.saint-paul-angouleme.fr\/application\/wp-content\/uploads\/2022\/06\/La-laureate-Astrid-Eliard-pour-La-derniere-fois-que-jai-vu-Adele.jpg 1024w\" sizes=\"(max-width: 768px) 100vw, 768px\" \/><\/figure>\n\n\n\n<figure class=\"wp-block-image\"><img loading=\"lazy\" decoding=\"async\" width=\"1024\" height=\"768\" src=\"https:\/\/www.saint-paul-angouleme.fr\/application\/wp-content\/uploads\/2022\/06\/La-remise-du-Prix-Folio-1024x768.jpg\" alt=\"Presentation of the Folio Prize\" class=\"wp-image-6152\" srcset=\"https:\/\/www.saint-paul-angouleme.fr\/application\/wp-content\/uploads\/2022\/06\/La-remise-du-Prix-Folio.jpg 1024w, https:\/\/www.saint-paul-angouleme.fr\/application\/wp-content\/uploads\/2022\/06\/La-remise-du-Prix-Folio-300x225.jpg 300w, https:\/\/www.saint-paul-angouleme.fr\/application\/wp-content\/uploads\/2022\/06\/La-remise-du-Prix-Folio-768x576.jpg 768w\" sizes=\"(max-width: 1024px) 100vw, 1024px\" \/><\/figure>\n\n\n\n<h3 class=\"wp-block-heading\">Visit of the Gallimard gallery<\/h3>\n\n\n\n<p class=\"justification_texte { text-align: justify;}\">Finally, we went to\nthe Gallimard gallery to see a beautiful exhibition dedicated to &quot;manuscripts&quot;\nfound&quot; by Louis-Ferdinand C\u00e9line on the occasion of the publication of <em>Guerre.<\/em><\/p>\n\n\n\n<p class=\"justification_texte { text-align: justify;}\">Not to omit anything, let&#39;s add the short visit to the Iron Lady, the Shepherdess\nof the herd of bridges that bleated at the end of that afternoon. <\/p>\n\n\n\n<figure class=\"wp-block-image\"><img loading=\"lazy\" decoding=\"async\" width=\"768\" height=\"1024\" src=\"https:\/\/www.saint-paul-angouleme.fr\/application\/wp-content\/uploads\/2022\/06\/image-768x1024.jpg\" alt=\"Eiffel Tower\" class=\"wp-image-6153\" srcset=\"https:\/\/www.saint-paul-angouleme.fr\/application\/wp-content\/uploads\/2022\/06\/image-768x1024.jpg 768w, https:\/\/www.saint-paul-angouleme.fr\/application\/wp-content\/uploads\/2022\/06\/image-225x300.jpg 225w, https:\/\/www.saint-paul-angouleme.fr\/application\/wp-content\/uploads\/2022\/06\/image.jpg 1024w\" sizes=\"(max-width: 768px) 100vw, 768px\" \/><\/figure>\n\n\n\n<h3 class=\"wp-block-heading\">The end of the journey<\/h3>\n\n\n\n<p class=\"justification_texte { text-align: justify;}\">It was a wonderful day full of discoveries and encounters that we had the chance to share with our Folio Prize group, surrounded by our teachers who accompanied us in this activity throughout this year. <\/p>\n\n\n\n<p>Louise BERTOUX <\/p>\n\n\n\n<figure class=\"wp-block-image\"><img loading=\"lazy\" decoding=\"async\" width=\"768\" height=\"1024\" src=\"https:\/\/www.saint-paul-angouleme.fr\/application\/wp-content\/uploads\/2022\/06\/Les-manuscrits-de-Celine-Guerre-a-la-Galerie-Gallimard-768x1024.jpg\" alt=\"Manuscripts of C\u00e9line, Gallimard Gallery\" class=\"wp-image-6156\" srcset=\"https:\/\/www.saint-paul-angouleme.fr\/application\/wp-content\/uploads\/2022\/06\/Les-manuscrits-de-Celine-Guerre-a-la-Galerie-Gallimard-768x1024.jpg 768w, https:\/\/www.saint-paul-angouleme.fr\/application\/wp-content\/uploads\/2022\/06\/Les-manuscrits-de-Celine-Guerre-a-la-Galerie-Gallimard-225x300.jpg 225w, https:\/\/www.saint-paul-angouleme.fr\/application\/wp-content\/uploads\/2022\/06\/Les-manuscrits-de-Celine-Guerre-a-la-Galerie-Gallimard.jpg 1024w\" sizes=\"(max-width: 768px) 100vw, 768px\" \/><\/figure>\n\n\n\n<p><\/p>\n","protected":false},"excerpt":{"rendered":"<p>Meetings throughout the year Throughout this school year, we participated in the Folio des Lyc\u00e9ens prize, a reading activity led by Mrs. KLINNIK, Mr. DELAVAUD and Mrs. KRYNICKI. This activity allowed us to discover six literary works around which we regularly gathered to present, exchange and share our impressions. On April 23 we learned that &#8230; <a title=\"Day in Paris for the presentation of the Folio Prize\" class=\"read-more\" href=\"https:\/\/www.saint-paul-angouleme.fr\/application\/en\/journee-a-paris-pour-la-remise-du-prix-folio-2\/\" aria-label=\"Read more about Day in Paris for the presentation of the Folio Prize\">Lire la suite<\/a><\/p>\n","protected":false},"author":3,"featured_media":0,"comment_status":"open","ping_status":"open","sticky":false,"template":"","format":"standard","meta":{"_exactmetrics_skip_tracking":false,"_exactmetrics_sitenote_active":false,"_exactmetrics_sitenote_note":"","_exactmetrics_sitenote_category":0,"footnotes":""},"categories":[507],"tags":[],"class_list":["post-6159","post","type-post","status-publish","format-standard","hentry","category-pedagogy"],"yoast_head":"<!-- This site is optimized with the Yoast SEO plugin v23.3 - https:\/\/yoast.com\/wordpress\/plugins\/seo\/ -->\n<title>Day in Paris for the presentation of the Folio Prize - Actualit\u00e9s<\/title>\n<meta name=\"robots\" content=\"index, follow, max-snippet:-1, max-image-preview:large, max-video-preview:-1\" \/>\n<link rel=\"canonical\" href=\"https:\/\/www.saint-paul-angouleme.fr\/application\/en\/journee-a-paris-pour-la-remise-du-prix-folio-2\/\" \/>\n<meta property=\"og:locale\" content=\"fr_FR\" \/>\n<meta property=\"og:type\" content=\"article\" \/>\n<meta property=\"og:title\" content=\"Day in Paris for the presentation of the Folio Prize - Actualit\u00e9s\" \/>\n<meta property=\"og:description\" content=\"Meetings throughout the year Throughout this school year, we participated in the Folio des Lyc\u00e9ens prize, a reading activity led by Mrs. KLINNIK, Mr. DELAVAUD and Mrs. KRYNICKI. This activity allowed us to discover six literary works around which we regularly gathered to present, exchange and share our impressions. On April 23 we learned that ... Lire la suite\" \/>\n<meta property=\"og:url\" content=\"https:\/\/www.saint-paul-angouleme.fr\/application\/en\/journee-a-paris-pour-la-remise-du-prix-folio-2\/\" \/>\n<meta property=\"og:site_name\" content=\"Actualit\u00e9s\" \/>\n<meta property=\"article:publisher\" content=\"https:\/\/www.facebook.com\/SaintPaulAngouleme16\/\" \/>\n<meta property=\"article:published_time\" content=\"2022-06-02T08:45:38+00:00\" \/>\n<meta property=\"article:modified_time\" content=\"2022-06-02T08:57:56+00:00\" \/>\n<meta property=\"og:image\" content=\"https:\/\/www.saint-paul-angouleme.fr\/application\/wp-content\/uploads\/2022\/06\/image-2-1024x768.jpg\" \/>\n<meta name=\"author\" content=\"SAINT-PAUL\" \/>\n<meta name=\"twitter:card\" content=\"summary_large_image\" \/>\n<meta name=\"twitter:creator\" content=\"@StPaulAngoulem\" \/>\n<meta name=\"twitter:site\" content=\"@StPaulAngoulem\" \/>\n<meta name=\"twitter:label1\" content=\"\u00c9crit par\" \/>\n\t<meta name=\"twitter:data1\" content=\"SAINT-PAUL\" \/>\n\t<meta name=\"twitter:label2\" content=\"Dur\u00e9e de lecture estim\u00e9e\" \/>\n\t<meta name=\"twitter:data2\" content=\"2 minutes\" \/>\n<script type=\"application\/ld+json\" class=\"yoast-schema-graph\">{\"@context\":\"https:\/\/schema.org\",\"@graph\":[{\"@type\":\"Article\",\"@id\":\"https:\/\/www.saint-paul-angouleme.fr\/application\/en\/journee-a-paris-pour-la-remise-du-prix-folio-2\/#article\",\"isPartOf\":{\"@id\":\"https:\/\/www.saint-paul-angouleme.fr\/application\/en\/journee-a-paris-pour-la-remise-du-prix-folio-2\/\"},\"author\":{\"name\":\"SAINT-PAUL\",\"@id\":\"https:\/\/www.saint-paul-angouleme.fr\/application\/#\/schema\/person\/ea152930b1a3823659065827b1a5fb9b\"},\"headline\":\"Day in Paris for the presentation of the Folio Prize\",\"datePublished\":\"2022-06-02T08:45:38+00:00\",\"dateModified\":\"2022-06-02T08:57:56+00:00\",\"mainEntityOfPage\":{\"@id\":\"https:\/\/www.saint-paul-angouleme.fr\/application\/en\/journee-a-paris-pour-la-remise-du-prix-folio-2\/\"},\"wordCount\":374,\"commentCount\":0,\"publisher\":{\"@id\":\"https:\/\/www.saint-paul-angouleme.fr\/application\/#organization\"},\"image\":{\"@id\":\"https:\/\/www.saint-paul-angouleme.fr\/application\/en\/journee-a-paris-pour-la-remise-du-prix-folio-2\/#primaryimage\"},\"thumbnailUrl\":\"https:\/\/www.saint-paul-angouleme.fr\/application\/wp-content\/uploads\/2022\/06\/image-2-1024x768.jpg\",\"articleSection\":[\"Pedagogy\"],\"inLanguage\":\"fr-FR\",\"potentialAction\":[{\"@type\":\"CommentAction\",\"name\":\"Comment\",\"target\":[\"https:\/\/www.saint-paul-angouleme.fr\/application\/en\/journee-a-paris-pour-la-remise-du-prix-folio-2\/#respond\"]}]},{\"@type\":\"WebPage\",\"@id\":\"https:\/\/www.saint-paul-angouleme.fr\/application\/en\/journee-a-paris-pour-la-remise-du-prix-folio-2\/\",\"url\":\"https:\/\/www.saint-paul-angouleme.fr\/application\/en\/journee-a-paris-pour-la-remise-du-prix-folio-2\/\",\"name\":\"Day in Paris for the presentation of the Folio Prize - Actualit\u00e9s\",\"isPartOf\":{\"@id\":\"https:\/\/www.saint-paul-angouleme.fr\/application\/#website\"},\"primaryImageOfPage\":{\"@id\":\"https:\/\/www.saint-paul-angouleme.fr\/application\/en\/journee-a-paris-pour-la-remise-du-prix-folio-2\/#primaryimage\"},\"image\":{\"@id\":\"https:\/\/www.saint-paul-angouleme.fr\/application\/en\/journee-a-paris-pour-la-remise-du-prix-folio-2\/#primaryimage\"},\"thumbnailUrl\":\"https:\/\/www.saint-paul-angouleme.fr\/application\/wp-content\/uploads\/2022\/06\/image-2-1024x768.jpg\",\"datePublished\":\"2022-06-02T08:45:38+00:00\",\"dateModified\":\"2022-06-02T08:57:56+00:00\",\"breadcrumb\":{\"@id\":\"https:\/\/www.saint-paul-angouleme.fr\/application\/en\/journee-a-paris-pour-la-remise-du-prix-folio-2\/#breadcrumb\"},\"inLanguage\":\"fr-FR\",\"potentialAction\":[{\"@type\":\"ReadAction\",\"target\":[\"https:\/\/www.saint-paul-angouleme.fr\/application\/en\/journee-a-paris-pour-la-remise-du-prix-folio-2\/\"]}]},{\"@type\":\"ImageObject\",\"inLanguage\":\"fr-FR\",\"@id\":\"https:\/\/www.saint-paul-angouleme.fr\/application\/en\/journee-a-paris-pour-la-remise-du-prix-folio-2\/#primaryimage\",\"url\":\"https:\/\/www.saint-paul-angouleme.fr\/application\/wp-content\/uploads\/2022\/06\/image-2.jpg\",\"contentUrl\":\"https:\/\/www.saint-paul-angouleme.fr\/application\/wp-content\/uploads\/2022\/06\/image-2.jpg\",\"width\":1365,\"height\":1024},{\"@type\":\"BreadcrumbList\",\"@id\":\"https:\/\/www.saint-paul-angouleme.fr\/application\/en\/journee-a-paris-pour-la-remise-du-prix-folio-2\/#breadcrumb\",\"itemListElement\":[{\"@type\":\"ListItem\",\"position\":1,\"name\":\"Accueil\",\"item\":\"http:\/\/www.saint-paul-angouleme.fr\/application\/\"},{\"@type\":\"ListItem\",\"position\":2,\"name\":\"Day in Paris for the presentation of the Folio Prize\"}]},{\"@type\":\"WebSite\",\"@id\":\"https:\/\/www.saint-paul-angouleme.fr\/application\/#website\",\"url\":\"https:\/\/www.saint-paul-angouleme.fr\/application\/\",\"name\":\"Actualit\u00e9s\",\"description\":\"Actualit\u00e9s Saint Paul\",\"publisher\":{\"@id\":\"https:\/\/www.saint-paul-angouleme.fr\/application\/#organization\"},\"potentialAction\":[{\"@type\":\"SearchAction\",\"target\":{\"@type\":\"EntryPoint\",\"urlTemplate\":\"https:\/\/www.saint-paul-angouleme.fr\/application\/?s={search_term_string}\"},\"query-input\":\"required name=search_term_string\"}],\"inLanguage\":\"fr-FR\"},{\"@type\":\"Organization\",\"@id\":\"https:\/\/www.saint-paul-angouleme.fr\/application\/#organization\",\"name\":\"Ensemble scolaire Saint-Paul\",\"url\":\"https:\/\/www.saint-paul-angouleme.fr\/application\/\",\"logo\":{\"@type\":\"ImageObject\",\"inLanguage\":\"fr-FR\",\"@id\":\"https:\/\/www.saint-paul-angouleme.fr\/application\/#\/schema\/logo\/image\/\",\"url\":\"https:\/\/www.saint-paul-angouleme.fr\/application\/wp-content\/uploads\/2018\/08\/logo-saint-paul-couleurs.jpg\",\"contentUrl\":\"https:\/\/www.saint-paul-angouleme.fr\/application\/wp-content\/uploads\/2018\/08\/logo-saint-paul-couleurs.jpg\",\"width\":1890,\"height\":709,\"caption\":\"Ensemble scolaire Saint-Paul\"},\"image\":{\"@id\":\"https:\/\/www.saint-paul-angouleme.fr\/application\/#\/schema\/logo\/image\/\"},\"sameAs\":[\"https:\/\/www.facebook.com\/SaintPaulAngouleme16\/\",\"https:\/\/x.com\/StPaulAngoulem\",\"https:\/\/www.youtube.com\/channel\/UCRLpz1CmPVqc0gn--YyXvjA?view_as=subscriber\"]},{\"@type\":\"Person\",\"@id\":\"https:\/\/www.saint-paul-angouleme.fr\/application\/#\/schema\/person\/ea152930b1a3823659065827b1a5fb9b\",\"name\":\"SAINT-PAUL\",\"image\":{\"@type\":\"ImageObject\",\"inLanguage\":\"fr-FR\",\"@id\":\"https:\/\/www.saint-paul-angouleme.fr\/application\/#\/schema\/person\/image\/\",\"url\":\"https:\/\/secure.gravatar.com\/avatar\/eadb0ffebc02683a61d69038eb2924f0?s=96&r=g\",\"contentUrl\":\"https:\/\/secure.gravatar.com\/avatar\/eadb0ffebc02683a61d69038eb2924f0?s=96&r=g\",\"caption\":\"SAINT-PAUL\"},\"url\":\"https:\/\/www.saint-paul-angouleme.fr\/application\/author\/myriam\/\"}]}<\/script>\n<!-- \/ Yoast SEO plugin. -->","yoast_head_json":{"title":"Day in Paris for the presentation of the Folio Prize - Actualit\u00e9s","robots":{"index":"index","follow":"follow","max-snippet":"max-snippet:-1","max-image-preview":"max-image-preview:large","max-video-preview":"max-video-preview:-1"},"canonical":"https:\/\/www.saint-paul-angouleme.fr\/application\/en\/journee-a-paris-pour-la-remise-du-prix-folio-2\/","og_locale":"fr_FR","og_type":"article","og_title":"Day in Paris for the presentation of the Folio Prize - Actualit\u00e9s","og_description":"Meetings throughout the year Throughout this school year, we participated in the Folio des Lyc\u00e9ens prize, a reading activity led by Mrs. KLINNIK, Mr. DELAVAUD and Mrs. KRYNICKI. This activity allowed us to discover six literary works around which we regularly gathered to present, exchange and share our impressions. On April 23 we learned that ... Lire la suite","og_url":"https:\/\/www.saint-paul-angouleme.fr\/application\/en\/journee-a-paris-pour-la-remise-du-prix-folio-2\/","og_site_name":"Actualit\u00e9s","article_publisher":"https:\/\/www.facebook.com\/SaintPaulAngouleme16\/","article_published_time":"2022-06-02T08:45:38+00:00","article_modified_time":"2022-06-02T08:57:56+00:00","og_image":[{"url":"https:\/\/www.saint-paul-angouleme.fr\/application\/wp-content\/uploads\/2022\/06\/image-2-1024x768.jpg"}],"author":"SAINT-PAUL","twitter_card":"summary_large_image","twitter_creator":"@StPaulAngoulem","twitter_site":"@StPaulAngoulem","twitter_misc":{"\u00c9crit par":"SAINT-PAUL","Dur\u00e9e de lecture estim\u00e9e":"2 minutes"},"schema":{"@context":"https:\/\/schema.org","@graph":[{"@type":"Article","@id":"https:\/\/www.saint-paul-angouleme.fr\/application\/en\/journee-a-paris-pour-la-remise-du-prix-folio-2\/#article","isPartOf":{"@id":"https:\/\/www.saint-paul-angouleme.fr\/application\/en\/journee-a-paris-pour-la-remise-du-prix-folio-2\/"},"author":{"name":"SAINT-PAUL","@id":"https:\/\/www.saint-paul-angouleme.fr\/application\/#\/schema\/person\/ea152930b1a3823659065827b1a5fb9b"},"headline":"Day in Paris for the presentation of the Folio Prize","datePublished":"2022-06-02T08:45:38+00:00","dateModified":"2022-06-02T08:57:56+00:00","mainEntityOfPage":{"@id":"https:\/\/www.saint-paul-angouleme.fr\/application\/en\/journee-a-paris-pour-la-remise-du-prix-folio-2\/"},"wordCount":374,"commentCount":0,"publisher":{"@id":"https:\/\/www.saint-paul-angouleme.fr\/application\/#organization"},"image":{"@id":"https:\/\/www.saint-paul-angouleme.fr\/application\/en\/journee-a-paris-pour-la-remise-du-prix-folio-2\/#primaryimage"},"thumbnailUrl":"https:\/\/www.saint-paul-angouleme.fr\/application\/wp-content\/uploads\/2022\/06\/image-2-1024x768.jpg","articleSection":["Pedagogy"],"inLanguage":"fr-FR","potentialAction":[{"@type":"CommentAction","name":"Comment","target":["https:\/\/www.saint-paul-angouleme.fr\/application\/en\/journee-a-paris-pour-la-remise-du-prix-folio-2\/#respond"]}]},{"@type":"WebPage","@id":"https:\/\/www.saint-paul-angouleme.fr\/application\/en\/journee-a-paris-pour-la-remise-du-prix-folio-2\/","url":"https:\/\/www.saint-paul-angouleme.fr\/application\/en\/journee-a-paris-pour-la-remise-du-prix-folio-2\/","name":"Day in Paris for the presentation of the Folio Prize - Actualit\u00e9s","isPartOf":{"@id":"https:\/\/www.saint-paul-angouleme.fr\/application\/#website"},"primaryImageOfPage":{"@id":"https:\/\/www.saint-paul-angouleme.fr\/application\/en\/journee-a-paris-pour-la-remise-du-prix-folio-2\/#primaryimage"},"image":{"@id":"https:\/\/www.saint-paul-angouleme.fr\/application\/en\/journee-a-paris-pour-la-remise-du-prix-folio-2\/#primaryimage"},"thumbnailUrl":"https:\/\/www.saint-paul-angouleme.fr\/application\/wp-content\/uploads\/2022\/06\/image-2-1024x768.jpg","datePublished":"2022-06-02T08:45:38+00:00","dateModified":"2022-06-02T08:57:56+00:00","breadcrumb":{"@id":"https:\/\/www.saint-paul-angouleme.fr\/application\/en\/journee-a-paris-pour-la-remise-du-prix-folio-2\/#breadcrumb"},"inLanguage":"fr-FR","potentialAction":[{"@type":"ReadAction","target":["https:\/\/www.saint-paul-angouleme.fr\/application\/en\/journee-a-paris-pour-la-remise-du-prix-folio-2\/"]}]},{"@type":"ImageObject","inLanguage":"fr-FR","@id":"https:\/\/www.saint-paul-angouleme.fr\/application\/en\/journee-a-paris-pour-la-remise-du-prix-folio-2\/#primaryimage","url":"https:\/\/www.saint-paul-angouleme.fr\/application\/wp-content\/uploads\/2022\/06\/image-2.jpg","contentUrl":"https:\/\/www.saint-paul-angouleme.fr\/application\/wp-content\/uploads\/2022\/06\/image-2.jpg","width":1365,"height":1024},{"@type":"BreadcrumbList","@id":"https:\/\/www.saint-paul-angouleme.fr\/application\/en\/journee-a-paris-pour-la-remise-du-prix-folio-2\/#breadcrumb","itemListElement":[{"@type":"ListItem","position":1,"name":"Accueil","item":"http:\/\/www.saint-paul-angouleme.fr\/application\/"},{"@type":"ListItem","position":2,"name":"Day in Paris for the presentation of the Folio Prize"}]},{"@type":"WebSite","@id":"https:\/\/www.saint-paul-angouleme.fr\/application\/#website","url":"https:\/\/www.saint-paul-angouleme.fr\/application\/","name":"Actualit\u00e9s","description":"Actualit\u00e9s Saint Paul","publisher":{"@id":"https:\/\/www.saint-paul-angouleme.fr\/application\/#organization"},"potentialAction":[{"@type":"SearchAction","target":{"@type":"EntryPoint","urlTemplate":"https:\/\/www.saint-paul-angouleme.fr\/application\/?s={search_term_string}"},"query-input":"required name=search_term_string"}],"inLanguage":"fr-FR"},{"@type":"Organization","@id":"https:\/\/www.saint-paul-angouleme.fr\/application\/#organization","name":"Ensemble scolaire Saint-Paul","url":"https:\/\/www.saint-paul-angouleme.fr\/application\/","logo":{"@type":"ImageObject","inLanguage":"fr-FR","@id":"https:\/\/www.saint-paul-angouleme.fr\/application\/#\/schema\/logo\/image\/","url":"https:\/\/www.saint-paul-angouleme.fr\/application\/wp-content\/uploads\/2018\/08\/logo-saint-paul-couleurs.jpg","contentUrl":"https:\/\/www.saint-paul-angouleme.fr\/application\/wp-content\/uploads\/2018\/08\/logo-saint-paul-couleurs.jpg","width":1890,"height":709,"caption":"Ensemble scolaire Saint-Paul"},"image":{"@id":"https:\/\/www.saint-paul-angouleme.fr\/application\/#\/schema\/logo\/image\/"},"sameAs":["https:\/\/www.facebook.com\/SaintPaulAngouleme16\/","https:\/\/x.com\/StPaulAngoulem","https:\/\/www.youtube.com\/channel\/UCRLpz1CmPVqc0gn--YyXvjA?view_as=subscriber"]},{"@type":"Person","@id":"https:\/\/www.saint-paul-angouleme.fr\/application\/#\/schema\/person\/ea152930b1a3823659065827b1a5fb9b","name":"SAINT-PAUL","image":{"@type":"ImageObject","inLanguage":"fr-FR","@id":"https:\/\/www.saint-paul-angouleme.fr\/application\/#\/schema\/person\/image\/","url":"https:\/\/secure.gravatar.com\/avatar\/eadb0ffebc02683a61d69038eb2924f0?s=96&r=g","contentUrl":"https:\/\/secure.gravatar.com\/avatar\/eadb0ffebc02683a61d69038eb2924f0?s=96&r=g","caption":"SAINT-PAUL"},"url":"https:\/\/www.saint-paul-angouleme.fr\/application\/author\/myriam\/"}]}},"_links":{"self":[{"href":"https:\/\/www.saint-paul-angouleme.fr\/application\/wp-json\/wp\/v2\/posts\/6159"}],"collection":[{"href":"https:\/\/www.saint-paul-angouleme.fr\/application\/wp-json\/wp\/v2\/posts"}],"about":[{"href":"https:\/\/www.saint-paul-angouleme.fr\/application\/wp-json\/wp\/v2\/types\/post"}],"author":[{"embeddable":true,"href":"https:\/\/www.saint-paul-angouleme.fr\/application\/wp-json\/wp\/v2\/users\/3"}],"replies":[{"embeddable":true,"href":"https:\/\/www.saint-paul-angouleme.fr\/application\/wp-json\/wp\/v2\/comments?post=6159"}],"version-history":[{"count":1,"href":"https:\/\/www.saint-paul-angouleme.fr\/application\/wp-json\/wp\/v2\/posts\/6159\/revisions"}],"predecessor-version":[{"id":6161,"href":"https:\/\/www.saint-paul-angouleme.fr\/application\/wp-json\/wp\/v2\/posts\/6159\/revisions\/6161"}],"wp:attachment":[{"href":"https:\/\/www.saint-paul-angouleme.fr\/application\/wp-json\/wp\/v2\/media?parent=6159"}],"wp:term":[{"taxonomy":"category","embeddable":true,"href":"https:\/\/www.saint-paul-angouleme.fr\/application\/wp-json\/wp\/v2\/categories?post=6159"},{"taxonomy":"post_tag","embeddable":true,"href":"https:\/\/www.saint-paul-angouleme.fr\/application\/wp-json\/wp\/v2\/tags?post=6159"}],"curies":[{"name":"wp","href":"https:\/\/api.w.org\/{rel}","templated":true}]}}