{"id":6148,"date":"2022-06-02T10:45:38","date_gmt":"2022-06-02T08:45:38","guid":{"rendered":"https:\/\/www.saint-paul-angouleme.fr\/application\/?p=6148"},"modified":"2022-06-02T10:57:48","modified_gmt":"2022-06-02T08:57:48","slug":"journee-a-paris-pour-la-remise-du-prix-folio","status":"publish","type":"post","link":"https:\/\/www.saint-paul-angouleme.fr\/application\/journee-a-paris-pour-la-remise-du-prix-folio\/","title":{"rendered":"Journ\u00e9e \u00e0 Paris pour la remise du Prix Folio"},"content":{"rendered":"\n<figure class=\"wp-block-image\"><img loading=\"lazy\" decoding=\"async\" width=\"1024\" height=\"768\" src=\"https:\/\/www.saint-paul-angouleme.fr\/application\/wp-content\/uploads\/2022\/06\/image-2-1024x768.jpg\" alt=\"Prix Folio : nos \u00e9l\u00e8ves \u00e0 Paris\" class=\"wp-image-6149\" srcset=\"https:\/\/www.saint-paul-angouleme.fr\/application\/wp-content\/uploads\/2022\/06\/image-2-1024x768.jpg 1024w, https:\/\/www.saint-paul-angouleme.fr\/application\/wp-content\/uploads\/2022\/06\/image-2-300x225.jpg 300w, https:\/\/www.saint-paul-angouleme.fr\/application\/wp-content\/uploads\/2022\/06\/image-2-768x576.jpg 768w, https:\/\/www.saint-paul-angouleme.fr\/application\/wp-content\/uploads\/2022\/06\/image-2.jpg 1365w\" sizes=\"(max-width: 1024px) 100vw, 1024px\" \/><\/figure>\n\n\n\n<h3 class=\"wp-block-heading\">Des rencontres tout au long de l&#8217;ann\u00e9e<\/h3>\n\n\n\n<p class=\"justification_texte { text-align: justify;}\">Tout au long de cette ann\u00e9e scolaire, nous avons particip\u00e9 au <a href=\"https:\/\/www.prixdeslyceensfolio.fr\/\" target=\"_blank\" rel=\"noreferrer noopener\" aria-label=\"prix Folio des Lyc\u00e9ens (s\u2019ouvre dans un nouvel onglet)\">prix Folio des Lyc\u00e9ens<\/a>, une activit\u00e9 de lecture anim\u00e9e par Mme KLINNIK, M DELAVAUD et Mme KRYNICKI. Cette activit\u00e9 nous a permis de d\u00e9couvrir six \u0153uvres litt\u00e9raires autour desquelles nous nous sommes r\u00e9guli\u00e8rement r\u00e9unis pour les pr\u00e9senter, \u00e9changer et partager nos impressions.<\/p>\n\n\n\n<p class=\"justification_texte { text-align: justify;}\">Le 23 avril nous avons appris que\nnous \u00e9tions s\u00e9lectionn\u00e9s par tirage au sort parmi 600 \u00e9l\u00e8ves de France pour\nparticiper \u00e0 la remise du prix Folio dans la prestigieuse Maison Gallimard\nsitu\u00e9e dans le 7<sup>e<\/sup> arrondissement de Paris.<\/p>\n\n\n\n<figure class=\"wp-block-image\"><img loading=\"lazy\" decoding=\"async\" width=\"768\" height=\"1024\" src=\"https:\/\/www.saint-paul-angouleme.fr\/application\/wp-content\/uploads\/2022\/06\/Le-jardin-des-editions-Gallimard-768x1024.jpg\" alt=\"din des \u00e9ditions Gallimard\" class=\"wp-image-6150\" srcset=\"https:\/\/www.saint-paul-angouleme.fr\/application\/wp-content\/uploads\/2022\/06\/Le-jardin-des-editions-Gallimard-768x1024.jpg 768w, https:\/\/www.saint-paul-angouleme.fr\/application\/wp-content\/uploads\/2022\/06\/Le-jardin-des-editions-Gallimard-225x300.jpg 225w, https:\/\/www.saint-paul-angouleme.fr\/application\/wp-content\/uploads\/2022\/06\/Le-jardin-des-editions-Gallimard.jpg 1024w\" sizes=\"(max-width: 768px) 100vw, 768px\" \/><\/figure>\n\n\n\n<h3 class=\"wp-block-heading\">Enfin \u00e0 Paris&#8230;<\/h3>\n\n\n\n<p class=\"justification_texte { text-align: justify;}\">Nous nous sommes donc retrouv\u00e9s\njeudi 19 mai \u00e0 la gare d\u2019Angoul\u00eame direction Paris&nbsp;qui nous attendait les bras ouverts sous un soleil\n\u00e9clatant&nbsp;! <\/p>\n\n\n\n<p class=\"justification_texte { text-align: justify;}\">Pour ne rien rater de son\neffervescence&nbsp; c\u2019est \u00e0 pied que nous nous\nsommes rendus au mus\u00e9e &nbsp;d\u2019Orsay o\u00f9 nous\navons d\u00e9couvert Gaudi, architecte espagnol et principal repr\u00e9sentant du\nmodernisme catalan lors d\u2019une exposition temporelle ainsi que de tr\u00e8s nombreux\npeintres impressionnistes tels que C\u00e9zanne, Monet et Renoir.<\/p>\n\n\n\n<p class=\"justification_texte { text-align: justify;}\">Apr\u00e8s un traditionnel pique-nique &nbsp;dans le jardin des Tuileries, nous nous sommes dirig\u00e9s vers la <a rel=\"noreferrer noopener\" aria-label=\"Maison d\u2019Edition Gallimard (s\u2019ouvre dans un nouvel onglet)\" href=\"https:\/\/www.gallimard.fr\/#\" target=\"_blank\">Maison d\u2019Edition Gallimard<\/a> dans laquelle nous avons \u00e9t\u00e9 accueillis avec 150 autres lyc\u00e9ens pour d\u00e9couvrir le roman laur\u00e9at de ce prix Folio 2021-2022&nbsp;: <em>La<\/em> <em>derni\u00e8re<\/em> <em>fois<\/em> <em>que<\/em> <em>j\u2019ai<\/em> <em>vu<\/em> <em>Ad\u00e8le<\/em> d\u2019<a href=\"https:\/\/www.babelio.com\/auteur\/Astrid-Eliard\/92408\" target=\"_blank\" rel=\"noreferrer noopener\" aria-label=\"Astrid \u00c9LIARD (s\u2019ouvre dans un nouvel onglet)\">Astrid \u00c9LIARD<\/a>. Ce roman d\u2019actualit\u00e9 d\u00e9crit la qu\u00eate d\u2019une m\u00e8re pour retrouver sa fille de seize ans devenue djihadiste et de son incompr\u00e9hension face \u00e0 cette radicalisation. Apr\u00e8s avoir assist\u00e9 \u00e0 la remise du prix, nous avons eu la chance de pouvoir \u00e9changer avec l\u2019auteure autour d\u2019un buffet rafraichissant. <\/p>\n\n\n\n<figure class=\"wp-block-image\"><img loading=\"lazy\" decoding=\"async\" width=\"768\" height=\"1024\" src=\"https:\/\/www.saint-paul-angouleme.fr\/application\/wp-content\/uploads\/2022\/06\/La-laureate-Astrid-Eliard-pour-La-derniere-fois-que-jai-vu-Adele-768x1024.jpg\" alt=\"La laur\u00e9ate : Astrid ELIARD\" class=\"wp-image-6151\" srcset=\"https:\/\/www.saint-paul-angouleme.fr\/application\/wp-content\/uploads\/2022\/06\/La-laureate-Astrid-Eliard-pour-La-derniere-fois-que-jai-vu-Adele-768x1024.jpg 768w, https:\/\/www.saint-paul-angouleme.fr\/application\/wp-content\/uploads\/2022\/06\/La-laureate-Astrid-Eliard-pour-La-derniere-fois-que-jai-vu-Adele-225x300.jpg 225w, https:\/\/www.saint-paul-angouleme.fr\/application\/wp-content\/uploads\/2022\/06\/La-laureate-Astrid-Eliard-pour-La-derniere-fois-que-jai-vu-Adele.jpg 1024w\" sizes=\"(max-width: 768px) 100vw, 768px\" \/><\/figure>\n\n\n\n<figure class=\"wp-block-image\"><img loading=\"lazy\" decoding=\"async\" width=\"1024\" height=\"768\" src=\"https:\/\/www.saint-paul-angouleme.fr\/application\/wp-content\/uploads\/2022\/06\/La-remise-du-Prix-Folio-1024x768.jpg\" alt=\"Remise du Prix Folio\" class=\"wp-image-6152\" srcset=\"https:\/\/www.saint-paul-angouleme.fr\/application\/wp-content\/uploads\/2022\/06\/La-remise-du-Prix-Folio.jpg 1024w, https:\/\/www.saint-paul-angouleme.fr\/application\/wp-content\/uploads\/2022\/06\/La-remise-du-Prix-Folio-300x225.jpg 300w, https:\/\/www.saint-paul-angouleme.fr\/application\/wp-content\/uploads\/2022\/06\/La-remise-du-Prix-Folio-768x576.jpg 768w\" sizes=\"(max-width: 1024px) 100vw, 1024px\" \/><\/figure>\n\n\n\n<h3 class=\"wp-block-heading\">Visite de la galerie Gallimard<\/h3>\n\n\n\n<p class=\"justification_texte { text-align: justify;}\">Enfin, nous nous sommes rendus \u00e0\nla galerie Gallimard pour voir une belle exposition consacr\u00e9e aux \u00ab&nbsp;manuscrits\nretrouv\u00e9s&nbsp;\u00bb de Louis-Ferdinand C\u00e9line \u00e0 l\u2019occasion de la parution de <em>Guerre.<\/em><\/p>\n\n\n\n<p class=\"justification_texte { text-align: justify;}\">Pour ne rien omettre ajoutons la courte visite \u00e0 la Dame de fer, la Berg\u00e8re\ndu troupeau des ponts qui b\u00ealaient en fin de cet apr\u00e8s-midi \u2013l\u00e0. <\/p>\n\n\n\n<figure class=\"wp-block-image\"><img loading=\"lazy\" decoding=\"async\" width=\"768\" height=\"1024\" src=\"https:\/\/www.saint-paul-angouleme.fr\/application\/wp-content\/uploads\/2022\/06\/image-768x1024.jpg\" alt=\"Tour Eiffel\" class=\"wp-image-6153\" srcset=\"https:\/\/www.saint-paul-angouleme.fr\/application\/wp-content\/uploads\/2022\/06\/image-768x1024.jpg 768w, https:\/\/www.saint-paul-angouleme.fr\/application\/wp-content\/uploads\/2022\/06\/image-225x300.jpg 225w, https:\/\/www.saint-paul-angouleme.fr\/application\/wp-content\/uploads\/2022\/06\/image.jpg 1024w\" sizes=\"(max-width: 768px) 100vw, 768px\" \/><\/figure>\n\n\n\n<h3 class=\"wp-block-heading\">La fin du voyage<\/h3>\n\n\n\n<p class=\"justification_texte { text-align: justify;}\">Ce fut une magnifique journ\u00e9e riche en d\u00e9couvertes et en rencontres que nous avons eu la chance de partager avec notre groupe du prix Folio, entour\u00e9s de nos professeurs qui nous ont accompagn\u00e9s dans cette activit\u00e9 tout au long de cette ann\u00e9e. <\/p>\n\n\n\n<p>Louise BERTOUX <\/p>\n\n\n\n<figure class=\"wp-block-image\"><img loading=\"lazy\" decoding=\"async\" width=\"768\" height=\"1024\" src=\"https:\/\/www.saint-paul-angouleme.fr\/application\/wp-content\/uploads\/2022\/06\/Les-manuscrits-de-Celine-Guerre-a-la-Galerie-Gallimard-768x1024.jpg\" alt=\"Manuscrits de C\u00e9line, Galerie Gallimard\" class=\"wp-image-6156\" srcset=\"https:\/\/www.saint-paul-angouleme.fr\/application\/wp-content\/uploads\/2022\/06\/Les-manuscrits-de-Celine-Guerre-a-la-Galerie-Gallimard-768x1024.jpg 768w, https:\/\/www.saint-paul-angouleme.fr\/application\/wp-content\/uploads\/2022\/06\/Les-manuscrits-de-Celine-Guerre-a-la-Galerie-Gallimard-225x300.jpg 225w, https:\/\/www.saint-paul-angouleme.fr\/application\/wp-content\/uploads\/2022\/06\/Les-manuscrits-de-Celine-Guerre-a-la-Galerie-Gallimard.jpg 1024w\" sizes=\"(max-width: 768px) 100vw, 768px\" \/><\/figure>\n\n\n\n<p><\/p>\n","protected":false},"excerpt":{"rendered":"<p>Des rencontres tout au long de l&#8217;ann\u00e9e Tout au long de cette ann\u00e9e scolaire, nous avons particip\u00e9 au prix Folio des Lyc\u00e9ens, une activit\u00e9 de lecture anim\u00e9e par Mme KLINNIK, M DELAVAUD et Mme KRYNICKI. Cette activit\u00e9 nous a permis de d\u00e9couvrir six \u0153uvres litt\u00e9raires autour desquelles nous nous sommes r\u00e9guli\u00e8rement r\u00e9unis pour les pr\u00e9senter, &#8230; <a title=\"Journ\u00e9e \u00e0 Paris pour la remise du Prix Folio\" class=\"read-more\" href=\"https:\/\/www.saint-paul-angouleme.fr\/application\/journee-a-paris-pour-la-remise-du-prix-folio\/\" aria-label=\"Read more about Journ\u00e9e \u00e0 Paris pour la remise du Prix Folio\">Lire la suite<\/a><\/p>\n","protected":false},"author":3,"featured_media":6152,"comment_status":"open","ping_status":"open","sticky":false,"template":"","format":"standard","meta":{"_exactmetrics_skip_tracking":false,"_exactmetrics_sitenote_active":false,"_exactmetrics_sitenote_note":"","_exactmetrics_sitenote_category":0,"footnotes":""},"categories":[13],"tags":[],"class_list":["post-6148","post","type-post","status-publish","format-standard","has-post-thumbnail","hentry","category-pedagogie"],"yoast_head":"<!-- This site is optimized with the Yoast SEO plugin v23.3 - https:\/\/yoast.com\/wordpress\/plugins\/seo\/ -->\n<title>Journ\u00e9e \u00e0 Paris pour la remise du Prix Folio - Actualit\u00e9s<\/title>\n<meta name=\"description\" content=\"Depuis plusieurs ann\u00e9es Saint-Paul participe au &quot;Prix Folio des Lyc\u00e9ens&quot;. Cette ann\u00e9es, nous sommes invit\u00e9s \u00e0 Paris aux \u00e9ditions Gallimard.\" \/>\n<meta name=\"robots\" content=\"index, follow, max-snippet:-1, max-image-preview:large, max-video-preview:-1\" \/>\n<link rel=\"canonical\" href=\"https:\/\/www.saint-paul-angouleme.fr\/application\/journee-a-paris-pour-la-remise-du-prix-folio\/\" \/>\n<meta property=\"og:locale\" content=\"fr_FR\" \/>\n<meta property=\"og:type\" content=\"article\" \/>\n<meta property=\"og:title\" content=\"Journ\u00e9e \u00e0 Paris pour la remise du Prix Folio - Actualit\u00e9s\" \/>\n<meta property=\"og:description\" content=\"Depuis plusieurs ann\u00e9es Saint-Paul participe au &quot;Prix Folio des Lyc\u00e9ens&quot;. Cette ann\u00e9es, nous sommes invit\u00e9s \u00e0 Paris aux \u00e9ditions Gallimard.\" \/>\n<meta property=\"og:url\" content=\"https:\/\/www.saint-paul-angouleme.fr\/application\/journee-a-paris-pour-la-remise-du-prix-folio\/\" \/>\n<meta property=\"og:site_name\" content=\"Actualit\u00e9s\" \/>\n<meta property=\"article:publisher\" content=\"https:\/\/www.facebook.com\/SaintPaulAngouleme16\/\" \/>\n<meta property=\"article:published_time\" content=\"2022-06-02T08:45:38+00:00\" \/>\n<meta property=\"article:modified_time\" content=\"2022-06-02T08:57:48+00:00\" \/>\n<meta property=\"og:image\" content=\"https:\/\/www.saint-paul-angouleme.fr\/application\/wp-content\/uploads\/2022\/06\/La-remise-du-Prix-Folio.jpg\" \/>\n\t<meta property=\"og:image:width\" content=\"1024\" \/>\n\t<meta property=\"og:image:height\" content=\"768\" \/>\n\t<meta property=\"og:image:type\" content=\"image\/jpeg\" \/>\n<meta name=\"author\" content=\"SAINT-PAUL\" \/>\n<meta name=\"twitter:card\" content=\"summary_large_image\" \/>\n<meta name=\"twitter:creator\" content=\"@StPaulAngoulem\" \/>\n<meta name=\"twitter:site\" content=\"@StPaulAngoulem\" \/>\n<meta name=\"twitter:label1\" content=\"\u00c9crit par\" \/>\n\t<meta name=\"twitter:data1\" content=\"SAINT-PAUL\" \/>\n\t<meta name=\"twitter:label2\" content=\"Dur\u00e9e de lecture estim\u00e9e\" \/>\n\t<meta name=\"twitter:data2\" content=\"2 minutes\" \/>\n<script type=\"application\/ld+json\" class=\"yoast-schema-graph\">{\"@context\":\"https:\/\/schema.org\",\"@graph\":[{\"@type\":\"Article\",\"@id\":\"https:\/\/www.saint-paul-angouleme.fr\/application\/journee-a-paris-pour-la-remise-du-prix-folio\/#article\",\"isPartOf\":{\"@id\":\"https:\/\/www.saint-paul-angouleme.fr\/application\/journee-a-paris-pour-la-remise-du-prix-folio\/\"},\"author\":{\"name\":\"SAINT-PAUL\",\"@id\":\"https:\/\/www.saint-paul-angouleme.fr\/application\/#\/schema\/person\/ea152930b1a3823659065827b1a5fb9b\"},\"headline\":\"Journ\u00e9e \u00e0 Paris pour la remise du Prix Folio\",\"datePublished\":\"2022-06-02T08:45:38+00:00\",\"dateModified\":\"2022-06-02T08:57:48+00:00\",\"mainEntityOfPage\":{\"@id\":\"https:\/\/www.saint-paul-angouleme.fr\/application\/journee-a-paris-pour-la-remise-du-prix-folio\/\"},\"wordCount\":437,\"commentCount\":0,\"publisher\":{\"@id\":\"https:\/\/www.saint-paul-angouleme.fr\/application\/#organization\"},\"image\":{\"@id\":\"https:\/\/www.saint-paul-angouleme.fr\/application\/journee-a-paris-pour-la-remise-du-prix-folio\/#primaryimage\"},\"thumbnailUrl\":\"https:\/\/www.saint-paul-angouleme.fr\/application\/wp-content\/uploads\/2022\/06\/La-remise-du-Prix-Folio.jpg\",\"articleSection\":[\"P\u00e9dagogie\"],\"inLanguage\":\"fr-FR\",\"potentialAction\":[{\"@type\":\"CommentAction\",\"name\":\"Comment\",\"target\":[\"https:\/\/www.saint-paul-angouleme.fr\/application\/journee-a-paris-pour-la-remise-du-prix-folio\/#respond\"]}]},{\"@type\":\"WebPage\",\"@id\":\"https:\/\/www.saint-paul-angouleme.fr\/application\/journee-a-paris-pour-la-remise-du-prix-folio\/\",\"url\":\"https:\/\/www.saint-paul-angouleme.fr\/application\/journee-a-paris-pour-la-remise-du-prix-folio\/\",\"name\":\"Journ\u00e9e \u00e0 Paris pour la remise du Prix Folio - Actualit\u00e9s\",\"isPartOf\":{\"@id\":\"https:\/\/www.saint-paul-angouleme.fr\/application\/#website\"},\"primaryImageOfPage\":{\"@id\":\"https:\/\/www.saint-paul-angouleme.fr\/application\/journee-a-paris-pour-la-remise-du-prix-folio\/#primaryimage\"},\"image\":{\"@id\":\"https:\/\/www.saint-paul-angouleme.fr\/application\/journee-a-paris-pour-la-remise-du-prix-folio\/#primaryimage\"},\"thumbnailUrl\":\"https:\/\/www.saint-paul-angouleme.fr\/application\/wp-content\/uploads\/2022\/06\/La-remise-du-Prix-Folio.jpg\",\"datePublished\":\"2022-06-02T08:45:38+00:00\",\"dateModified\":\"2022-06-02T08:57:48+00:00\",\"description\":\"Depuis plusieurs ann\u00e9es Saint-Paul participe au \\\"Prix Folio des Lyc\u00e9ens\\\". Cette ann\u00e9es, nous sommes invit\u00e9s \u00e0 Paris aux \u00e9ditions Gallimard.\",\"breadcrumb\":{\"@id\":\"https:\/\/www.saint-paul-angouleme.fr\/application\/journee-a-paris-pour-la-remise-du-prix-folio\/#breadcrumb\"},\"inLanguage\":\"fr-FR\",\"potentialAction\":[{\"@type\":\"ReadAction\",\"target\":[\"https:\/\/www.saint-paul-angouleme.fr\/application\/journee-a-paris-pour-la-remise-du-prix-folio\/\"]}]},{\"@type\":\"ImageObject\",\"inLanguage\":\"fr-FR\",\"@id\":\"https:\/\/www.saint-paul-angouleme.fr\/application\/journee-a-paris-pour-la-remise-du-prix-folio\/#primaryimage\",\"url\":\"https:\/\/www.saint-paul-angouleme.fr\/application\/wp-content\/uploads\/2022\/06\/La-remise-du-Prix-Folio.jpg\",\"contentUrl\":\"https:\/\/www.saint-paul-angouleme.fr\/application\/wp-content\/uploads\/2022\/06\/La-remise-du-Prix-Folio.jpg\",\"width\":1024,\"height\":768},{\"@type\":\"BreadcrumbList\",\"@id\":\"https:\/\/www.saint-paul-angouleme.fr\/application\/journee-a-paris-pour-la-remise-du-prix-folio\/#breadcrumb\",\"itemListElement\":[{\"@type\":\"ListItem\",\"position\":1,\"name\":\"Accueil\",\"item\":\"http:\/\/www.saint-paul-angouleme.fr\/application\/\"},{\"@type\":\"ListItem\",\"position\":2,\"name\":\"Journ\u00e9e \u00e0 Paris pour la remise du Prix Folio\"}]},{\"@type\":\"WebSite\",\"@id\":\"https:\/\/www.saint-paul-angouleme.fr\/application\/#website\",\"url\":\"https:\/\/www.saint-paul-angouleme.fr\/application\/\",\"name\":\"Actualit\u00e9s\",\"description\":\"Actualit\u00e9s Saint Paul\",\"publisher\":{\"@id\":\"https:\/\/www.saint-paul-angouleme.fr\/application\/#organization\"},\"potentialAction\":[{\"@type\":\"SearchAction\",\"target\":{\"@type\":\"EntryPoint\",\"urlTemplate\":\"https:\/\/www.saint-paul-angouleme.fr\/application\/?s={search_term_string}\"},\"query-input\":\"required name=search_term_string\"}],\"inLanguage\":\"fr-FR\"},{\"@type\":\"Organization\",\"@id\":\"https:\/\/www.saint-paul-angouleme.fr\/application\/#organization\",\"name\":\"Ensemble scolaire Saint-Paul\",\"url\":\"https:\/\/www.saint-paul-angouleme.fr\/application\/\",\"logo\":{\"@type\":\"ImageObject\",\"inLanguage\":\"fr-FR\",\"@id\":\"https:\/\/www.saint-paul-angouleme.fr\/application\/#\/schema\/logo\/image\/\",\"url\":\"https:\/\/www.saint-paul-angouleme.fr\/application\/wp-content\/uploads\/2018\/08\/logo-saint-paul-couleurs.jpg\",\"contentUrl\":\"https:\/\/www.saint-paul-angouleme.fr\/application\/wp-content\/uploads\/2018\/08\/logo-saint-paul-couleurs.jpg\",\"width\":1890,\"height\":709,\"caption\":\"Ensemble scolaire Saint-Paul\"},\"image\":{\"@id\":\"https:\/\/www.saint-paul-angouleme.fr\/application\/#\/schema\/logo\/image\/\"},\"sameAs\":[\"https:\/\/www.facebook.com\/SaintPaulAngouleme16\/\",\"https:\/\/x.com\/StPaulAngoulem\",\"https:\/\/www.youtube.com\/channel\/UCRLpz1CmPVqc0gn--YyXvjA?view_as=subscriber\"]},{\"@type\":\"Person\",\"@id\":\"https:\/\/www.saint-paul-angouleme.fr\/application\/#\/schema\/person\/ea152930b1a3823659065827b1a5fb9b\",\"name\":\"SAINT-PAUL\",\"image\":{\"@type\":\"ImageObject\",\"inLanguage\":\"fr-FR\",\"@id\":\"https:\/\/www.saint-paul-angouleme.fr\/application\/#\/schema\/person\/image\/\",\"url\":\"https:\/\/secure.gravatar.com\/avatar\/eadb0ffebc02683a61d69038eb2924f0?s=96&r=g\",\"contentUrl\":\"https:\/\/secure.gravatar.com\/avatar\/eadb0ffebc02683a61d69038eb2924f0?s=96&r=g\",\"caption\":\"SAINT-PAUL\"},\"url\":\"https:\/\/www.saint-paul-angouleme.fr\/application\/author\/myriam\/\"}]}<\/script>\n<!-- \/ Yoast SEO plugin. -->","yoast_head_json":{"title":"Journ\u00e9e \u00e0 Paris pour la remise du Prix Folio - Actualit\u00e9s","description":"Depuis plusieurs ann\u00e9es Saint-Paul participe au \"Prix Folio des Lyc\u00e9ens\". Cette ann\u00e9es, nous sommes invit\u00e9s \u00e0 Paris aux \u00e9ditions Gallimard.","robots":{"index":"index","follow":"follow","max-snippet":"max-snippet:-1","max-image-preview":"max-image-preview:large","max-video-preview":"max-video-preview:-1"},"canonical":"https:\/\/www.saint-paul-angouleme.fr\/application\/journee-a-paris-pour-la-remise-du-prix-folio\/","og_locale":"fr_FR","og_type":"article","og_title":"Journ\u00e9e \u00e0 Paris pour la remise du Prix Folio - Actualit\u00e9s","og_description":"Depuis plusieurs ann\u00e9es Saint-Paul participe au \"Prix Folio des Lyc\u00e9ens\". Cette ann\u00e9es, nous sommes invit\u00e9s \u00e0 Paris aux \u00e9ditions Gallimard.","og_url":"https:\/\/www.saint-paul-angouleme.fr\/application\/journee-a-paris-pour-la-remise-du-prix-folio\/","og_site_name":"Actualit\u00e9s","article_publisher":"https:\/\/www.facebook.com\/SaintPaulAngouleme16\/","article_published_time":"2022-06-02T08:45:38+00:00","article_modified_time":"2022-06-02T08:57:48+00:00","og_image":[{"width":1024,"height":768,"url":"https:\/\/www.saint-paul-angouleme.fr\/application\/wp-content\/uploads\/2022\/06\/La-remise-du-Prix-Folio.jpg","type":"image\/jpeg"}],"author":"SAINT-PAUL","twitter_card":"summary_large_image","twitter_creator":"@StPaulAngoulem","twitter_site":"@StPaulAngoulem","twitter_misc":{"\u00c9crit par":"SAINT-PAUL","Dur\u00e9e de lecture estim\u00e9e":"2 minutes"},"schema":{"@context":"https:\/\/schema.org","@graph":[{"@type":"Article","@id":"https:\/\/www.saint-paul-angouleme.fr\/application\/journee-a-paris-pour-la-remise-du-prix-folio\/#article","isPartOf":{"@id":"https:\/\/www.saint-paul-angouleme.fr\/application\/journee-a-paris-pour-la-remise-du-prix-folio\/"},"author":{"name":"SAINT-PAUL","@id":"https:\/\/www.saint-paul-angouleme.fr\/application\/#\/schema\/person\/ea152930b1a3823659065827b1a5fb9b"},"headline":"Journ\u00e9e \u00e0 Paris pour la remise du Prix Folio","datePublished":"2022-06-02T08:45:38+00:00","dateModified":"2022-06-02T08:57:48+00:00","mainEntityOfPage":{"@id":"https:\/\/www.saint-paul-angouleme.fr\/application\/journee-a-paris-pour-la-remise-du-prix-folio\/"},"wordCount":437,"commentCount":0,"publisher":{"@id":"https:\/\/www.saint-paul-angouleme.fr\/application\/#organization"},"image":{"@id":"https:\/\/www.saint-paul-angouleme.fr\/application\/journee-a-paris-pour-la-remise-du-prix-folio\/#primaryimage"},"thumbnailUrl":"https:\/\/www.saint-paul-angouleme.fr\/application\/wp-content\/uploads\/2022\/06\/La-remise-du-Prix-Folio.jpg","articleSection":["P\u00e9dagogie"],"inLanguage":"fr-FR","potentialAction":[{"@type":"CommentAction","name":"Comment","target":["https:\/\/www.saint-paul-angouleme.fr\/application\/journee-a-paris-pour-la-remise-du-prix-folio\/#respond"]}]},{"@type":"WebPage","@id":"https:\/\/www.saint-paul-angouleme.fr\/application\/journee-a-paris-pour-la-remise-du-prix-folio\/","url":"https:\/\/www.saint-paul-angouleme.fr\/application\/journee-a-paris-pour-la-remise-du-prix-folio\/","name":"Journ\u00e9e \u00e0 Paris pour la remise du Prix Folio - Actualit\u00e9s","isPartOf":{"@id":"https:\/\/www.saint-paul-angouleme.fr\/application\/#website"},"primaryImageOfPage":{"@id":"https:\/\/www.saint-paul-angouleme.fr\/application\/journee-a-paris-pour-la-remise-du-prix-folio\/#primaryimage"},"image":{"@id":"https:\/\/www.saint-paul-angouleme.fr\/application\/journee-a-paris-pour-la-remise-du-prix-folio\/#primaryimage"},"thumbnailUrl":"https:\/\/www.saint-paul-angouleme.fr\/application\/wp-content\/uploads\/2022\/06\/La-remise-du-Prix-Folio.jpg","datePublished":"2022-06-02T08:45:38+00:00","dateModified":"2022-06-02T08:57:48+00:00","description":"Depuis plusieurs ann\u00e9es Saint-Paul participe au \"Prix Folio des Lyc\u00e9ens\". Cette ann\u00e9es, nous sommes invit\u00e9s \u00e0 Paris aux \u00e9ditions Gallimard.","breadcrumb":{"@id":"https:\/\/www.saint-paul-angouleme.fr\/application\/journee-a-paris-pour-la-remise-du-prix-folio\/#breadcrumb"},"inLanguage":"fr-FR","potentialAction":[{"@type":"ReadAction","target":["https:\/\/www.saint-paul-angouleme.fr\/application\/journee-a-paris-pour-la-remise-du-prix-folio\/"]}]},{"@type":"ImageObject","inLanguage":"fr-FR","@id":"https:\/\/www.saint-paul-angouleme.fr\/application\/journee-a-paris-pour-la-remise-du-prix-folio\/#primaryimage","url":"https:\/\/www.saint-paul-angouleme.fr\/application\/wp-content\/uploads\/2022\/06\/La-remise-du-Prix-Folio.jpg","contentUrl":"https:\/\/www.saint-paul-angouleme.fr\/application\/wp-content\/uploads\/2022\/06\/La-remise-du-Prix-Folio.jpg","width":1024,"height":768},{"@type":"BreadcrumbList","@id":"https:\/\/www.saint-paul-angouleme.fr\/application\/journee-a-paris-pour-la-remise-du-prix-folio\/#breadcrumb","itemListElement":[{"@type":"ListItem","position":1,"name":"Accueil","item":"http:\/\/www.saint-paul-angouleme.fr\/application\/"},{"@type":"ListItem","position":2,"name":"Journ\u00e9e \u00e0 Paris pour la remise du Prix Folio"}]},{"@type":"WebSite","@id":"https:\/\/www.saint-paul-angouleme.fr\/application\/#website","url":"https:\/\/www.saint-paul-angouleme.fr\/application\/","name":"Actualit\u00e9s","description":"Actualit\u00e9s Saint Paul","publisher":{"@id":"https:\/\/www.saint-paul-angouleme.fr\/application\/#organization"},"potentialAction":[{"@type":"SearchAction","target":{"@type":"EntryPoint","urlTemplate":"https:\/\/www.saint-paul-angouleme.fr\/application\/?s={search_term_string}"},"query-input":"required name=search_term_string"}],"inLanguage":"fr-FR"},{"@type":"Organization","@id":"https:\/\/www.saint-paul-angouleme.fr\/application\/#organization","name":"Ensemble scolaire Saint-Paul","url":"https:\/\/www.saint-paul-angouleme.fr\/application\/","logo":{"@type":"ImageObject","inLanguage":"fr-FR","@id":"https:\/\/www.saint-paul-angouleme.fr\/application\/#\/schema\/logo\/image\/","url":"https:\/\/www.saint-paul-angouleme.fr\/application\/wp-content\/uploads\/2018\/08\/logo-saint-paul-couleurs.jpg","contentUrl":"https:\/\/www.saint-paul-angouleme.fr\/application\/wp-content\/uploads\/2018\/08\/logo-saint-paul-couleurs.jpg","width":1890,"height":709,"caption":"Ensemble scolaire Saint-Paul"},"image":{"@id":"https:\/\/www.saint-paul-angouleme.fr\/application\/#\/schema\/logo\/image\/"},"sameAs":["https:\/\/www.facebook.com\/SaintPaulAngouleme16\/","https:\/\/x.com\/StPaulAngoulem","https:\/\/www.youtube.com\/channel\/UCRLpz1CmPVqc0gn--YyXvjA?view_as=subscriber"]},{"@type":"Person","@id":"https:\/\/www.saint-paul-angouleme.fr\/application\/#\/schema\/person\/ea152930b1a3823659065827b1a5fb9b","name":"SAINT-PAUL","image":{"@type":"ImageObject","inLanguage":"fr-FR","@id":"https:\/\/www.saint-paul-angouleme.fr\/application\/#\/schema\/person\/image\/","url":"https:\/\/secure.gravatar.com\/avatar\/eadb0ffebc02683a61d69038eb2924f0?s=96&r=g","contentUrl":"https:\/\/secure.gravatar.com\/avatar\/eadb0ffebc02683a61d69038eb2924f0?s=96&r=g","caption":"SAINT-PAUL"},"url":"https:\/\/www.saint-paul-angouleme.fr\/application\/author\/myriam\/"}]}},"_links":{"self":[{"href":"https:\/\/www.saint-paul-angouleme.fr\/application\/wp-json\/wp\/v2\/posts\/6148"}],"collection":[{"href":"https:\/\/www.saint-paul-angouleme.fr\/application\/wp-json\/wp\/v2\/posts"}],"about":[{"href":"https:\/\/www.saint-paul-angouleme.fr\/application\/wp-json\/wp\/v2\/types\/post"}],"author":[{"embeddable":true,"href":"https:\/\/www.saint-paul-angouleme.fr\/application\/wp-json\/wp\/v2\/users\/3"}],"replies":[{"embeddable":true,"href":"https:\/\/www.saint-paul-angouleme.fr\/application\/wp-json\/wp\/v2\/comments?post=6148"}],"version-history":[{"count":5,"href":"https:\/\/www.saint-paul-angouleme.fr\/application\/wp-json\/wp\/v2\/posts\/6148\/revisions"}],"predecessor-version":[{"id":6160,"href":"https:\/\/www.saint-paul-angouleme.fr\/application\/wp-json\/wp\/v2\/posts\/6148\/revisions\/6160"}],"wp:featuredmedia":[{"embeddable":true,"href":"https:\/\/www.saint-paul-angouleme.fr\/application\/wp-json\/wp\/v2\/media\/6152"}],"wp:attachment":[{"href":"https:\/\/www.saint-paul-angouleme.fr\/application\/wp-json\/wp\/v2\/media?parent=6148"}],"wp:term":[{"taxonomy":"category","embeddable":true,"href":"https:\/\/www.saint-paul-angouleme.fr\/application\/wp-json\/wp\/v2\/categories?post=6148"},{"taxonomy":"post_tag","embeddable":true,"href":"https:\/\/www.saint-paul-angouleme.fr\/application\/wp-json\/wp\/v2\/tags?post=6148"}],"curies":[{"name":"wp","href":"https:\/\/api.w.org\/{rel}","templated":true}]}}