{"id":6135,"date":"2022-05-25T15:57:46","date_gmt":"2022-05-25T13:57:46","guid":{"rendered":"https:\/\/www.saint-paul-angouleme.fr\/application\/?p=6135"},"modified":"2022-05-25T15:59:53","modified_gmt":"2022-05-25T13:59:53","slug":"revivez-le-carnaval-des-terminales-2022","status":"publish","type":"post","link":"https:\/\/www.saint-paul-angouleme.fr\/application\/revivez-le-carnaval-des-terminales-2022\/","title":{"rendered":"(Re)vivez le Carnaval des Terminales 2022"},"content":{"rendered":"\n<figure class=\"wp-block-image\"><img loading=\"lazy\" decoding=\"async\" width=\"1024\" height=\"768\" src=\"https:\/\/www.saint-paul-angouleme.fr\/application\/wp-content\/uploads\/2022\/05\/Carnaval-des-Terminales-2022-28-1024x768.jpg\" alt=\"Les ann\u00e9es 1970's, ann\u00e9es disco.\" class=\"wp-image-6136\" srcset=\"https:\/\/www.saint-paul-angouleme.fr\/application\/wp-content\/uploads\/2022\/05\/Carnaval-des-Terminales-2022-28-1024x768.jpg 1024w, https:\/\/www.saint-paul-angouleme.fr\/application\/wp-content\/uploads\/2022\/05\/Carnaval-des-Terminales-2022-28-300x225.jpg 300w, https:\/\/www.saint-paul-angouleme.fr\/application\/wp-content\/uploads\/2022\/05\/Carnaval-des-Terminales-2022-28-768x576.jpg 768w\" sizes=\"(max-width: 1024px) 100vw, 1024px\" \/><\/figure>\n\n\n\n<p class=\"justification_texte { text-align: justify;}\">Vendredi 20 mai 2022, les Terminales renouent avec le traditionnel &#8220;Carnaval&#8221; apr\u00e8s deux ann\u00e9es de pause. De fait, c&#8217;est une journ\u00e9e festive que chacun appr\u00e9cie. Vente de boissons et g\u00e2teaux, d\u00e9fil\u00e9 en costumes : un tr\u00e8s bon moment partag\u00e9. Originalit\u00e9 et cr\u00e9ativit\u00e9 sont  bien s\u00fbr au rendez-vous.<\/p>\n\n\n\n<figure class=\"wp-block-image\"><img loading=\"lazy\" decoding=\"async\" width=\"1024\" height=\"754\" src=\"https:\/\/www.saint-paul-angouleme.fr\/application\/wp-content\/uploads\/2022\/05\/Carnaval-des-Terminales-2022-47-1024x754.jpg\" alt=\"\" class=\"wp-image-6137\" srcset=\"https:\/\/www.saint-paul-angouleme.fr\/application\/wp-content\/uploads\/2022\/05\/Carnaval-des-Terminales-2022-47-1024x754.jpg 1024w, https:\/\/www.saint-paul-angouleme.fr\/application\/wp-content\/uploads\/2022\/05\/Carnaval-des-Terminales-2022-47-300x221.jpg 300w, https:\/\/www.saint-paul-angouleme.fr\/application\/wp-content\/uploads\/2022\/05\/Carnaval-des-Terminales-2022-47-768x565.jpg 768w\" sizes=\"(max-width: 1024px) 100vw, 1024px\" \/><\/figure>\n\n\n\n<p>Retrouvez ici le lien vers l&#8217;un des albums photos : <a href=\"https:\/\/photos.app.goo.gl\/8r2xRoBK7vCrJZFk8\">https:\/\/photos.app.goo.gl\/8r2xRoBK7vCrJZFk8<\/a><\/p>\n\n\n\n<p>Et ici un montage vid\u00e9o avec les photos prises par M. F. RIOLON, professeur au Lyc\u00e9e : <a href=\"https:\/\/youtu.be\/BdN4UuRKKUc\">https:\/\/youtu.be\/BdN4UuRKKUc<\/a><\/p>\n\n\n\n<figure class=\"wp-block-image\"><img loading=\"lazy\" decoding=\"async\" width=\"768\" height=\"1024\" src=\"https:\/\/www.saint-paul-angouleme.fr\/application\/wp-content\/uploads\/2022\/05\/Carnaval-des-Terminales-2022-2-2-768x1024.jpg\" alt=\"\" class=\"wp-image-6139\" srcset=\"https:\/\/www.saint-paul-angouleme.fr\/application\/wp-content\/uploads\/2022\/05\/Carnaval-des-Terminales-2022-2-2-768x1024.jpg 768w, https:\/\/www.saint-paul-angouleme.fr\/application\/wp-content\/uploads\/2022\/05\/Carnaval-des-Terminales-2022-2-2-225x300.jpg 225w\" sizes=\"(max-width: 768px) 100vw, 768px\" \/><\/figure>\n","protected":false},"excerpt":{"rendered":"<p>Vendredi 20 mai 2022, les Terminales renouent avec le traditionnel &#8220;Carnaval&#8221; apr\u00e8s deux ann\u00e9es de pause. De fait, c&#8217;est une journ\u00e9e festive que chacun appr\u00e9cie. Vente de boissons et g\u00e2teaux, d\u00e9fil\u00e9 en costumes : un tr\u00e8s bon moment partag\u00e9. Originalit\u00e9 et cr\u00e9ativit\u00e9 sont bien s\u00fbr au rendez-vous. Retrouvez ici le lien vers l&#8217;un des albums &#8230; <a title=\"(Re)vivez le Carnaval des Terminales 2022\" class=\"read-more\" href=\"https:\/\/www.saint-paul-angouleme.fr\/application\/revivez-le-carnaval-des-terminales-2022\/\" aria-label=\"Read more about (Re)vivez le Carnaval des Terminales 2022\">Lire la suite<\/a><\/p>\n","protected":false},"author":3,"featured_media":6146,"comment_status":"open","ping_status":"open","sticky":false,"template":"","format":"standard","meta":{"_exactmetrics_skip_tracking":false,"_exactmetrics_sitenote_active":false,"_exactmetrics_sitenote_note":"","_exactmetrics_sitenote_category":0,"footnotes":""},"categories":[4,523],"tags":[],"class_list":["post-6135","post","type-post","status-publish","format-standard","has-post-thumbnail","hentry","category-agenda","category-regard-sur"],"yoast_head":"<!-- This site is optimized with the Yoast SEO plugin v23.3 - https:\/\/yoast.com\/wordpress\/plugins\/seo\/ -->\n<title>(Re)vivez le Carnaval des Terminales 2022 - Actualit\u00e9s<\/title>\n<meta name=\"robots\" content=\"index, follow, max-snippet:-1, max-image-preview:large, max-video-preview:-1\" \/>\n<link rel=\"canonical\" href=\"https:\/\/www.saint-paul-angouleme.fr\/application\/revivez-le-carnaval-des-terminales-2022\/\" \/>\n<meta property=\"og:locale\" content=\"fr_FR\" \/>\n<meta property=\"og:type\" content=\"article\" \/>\n<meta property=\"og:title\" content=\"(Re)vivez le Carnaval des Terminales 2022 - Actualit\u00e9s\" \/>\n<meta property=\"og:description\" content=\"Vendredi 20 mai 2022, les Terminales renouent avec le traditionnel &#8220;Carnaval&#8221; apr\u00e8s deux ann\u00e9es de pause. De fait, c&#8217;est une journ\u00e9e festive que chacun appr\u00e9cie. Vente de boissons et g\u00e2teaux, d\u00e9fil\u00e9 en costumes : un tr\u00e8s bon moment partag\u00e9. Originalit\u00e9 et cr\u00e9ativit\u00e9 sont bien s\u00fbr au rendez-vous. Retrouvez ici le lien vers l&#8217;un des albums ... Lire la suite\" \/>\n<meta property=\"og:url\" content=\"https:\/\/www.saint-paul-angouleme.fr\/application\/revivez-le-carnaval-des-terminales-2022\/\" \/>\n<meta property=\"og:site_name\" content=\"Actualit\u00e9s\" \/>\n<meta property=\"article:publisher\" content=\"https:\/\/www.facebook.com\/SaintPaulAngouleme16\/\" \/>\n<meta property=\"article:published_time\" content=\"2022-05-25T13:57:46+00:00\" \/>\n<meta property=\"article:modified_time\" content=\"2022-05-25T13:59:53+00:00\" \/>\n<meta property=\"og:image\" content=\"https:\/\/www.saint-paul-angouleme.fr\/application\/wp-content\/uploads\/2022\/05\/Carnaval-des-Terminales-2022-33-1024x768.jpg\" \/>\n\t<meta property=\"og:image:width\" content=\"1024\" \/>\n\t<meta property=\"og:image:height\" content=\"768\" \/>\n\t<meta property=\"og:image:type\" content=\"image\/jpeg\" \/>\n<meta name=\"author\" content=\"SAINT-PAUL\" \/>\n<meta name=\"twitter:card\" content=\"summary_large_image\" \/>\n<meta name=\"twitter:creator\" content=\"@StPaulAngoulem\" \/>\n<meta name=\"twitter:site\" content=\"@StPaulAngoulem\" \/>\n<meta name=\"twitter:label1\" content=\"\u00c9crit par\" \/>\n\t<meta name=\"twitter:data1\" content=\"SAINT-PAUL\" \/>\n<script type=\"application\/ld+json\" class=\"yoast-schema-graph\">{\"@context\":\"https:\/\/schema.org\",\"@graph\":[{\"@type\":\"Article\",\"@id\":\"https:\/\/www.saint-paul-angouleme.fr\/application\/revivez-le-carnaval-des-terminales-2022\/#article\",\"isPartOf\":{\"@id\":\"https:\/\/www.saint-paul-angouleme.fr\/application\/revivez-le-carnaval-des-terminales-2022\/\"},\"author\":{\"name\":\"SAINT-PAUL\",\"@id\":\"https:\/\/www.saint-paul-angouleme.fr\/application\/#\/schema\/person\/ea152930b1a3823659065827b1a5fb9b\"},\"headline\":\"(Re)vivez le Carnaval des Terminales 2022\",\"datePublished\":\"2022-05-25T13:57:46+00:00\",\"dateModified\":\"2022-05-25T13:59:53+00:00\",\"mainEntityOfPage\":{\"@id\":\"https:\/\/www.saint-paul-angouleme.fr\/application\/revivez-le-carnaval-des-terminales-2022\/\"},\"wordCount\":101,\"commentCount\":0,\"publisher\":{\"@id\":\"https:\/\/www.saint-paul-angouleme.fr\/application\/#organization\"},\"image\":{\"@id\":\"https:\/\/www.saint-paul-angouleme.fr\/application\/revivez-le-carnaval-des-terminales-2022\/#primaryimage\"},\"thumbnailUrl\":\"https:\/\/www.saint-paul-angouleme.fr\/application\/wp-content\/uploads\/2022\/05\/Carnaval-des-Terminales-2022-33.jpg\",\"articleSection\":[\"Agenda\",\"Regard sur\"],\"inLanguage\":\"fr-FR\",\"potentialAction\":[{\"@type\":\"CommentAction\",\"name\":\"Comment\",\"target\":[\"https:\/\/www.saint-paul-angouleme.fr\/application\/revivez-le-carnaval-des-terminales-2022\/#respond\"]}]},{\"@type\":\"WebPage\",\"@id\":\"https:\/\/www.saint-paul-angouleme.fr\/application\/revivez-le-carnaval-des-terminales-2022\/\",\"url\":\"https:\/\/www.saint-paul-angouleme.fr\/application\/revivez-le-carnaval-des-terminales-2022\/\",\"name\":\"(Re)vivez le Carnaval des Terminales 2022 - Actualit\u00e9s\",\"isPartOf\":{\"@id\":\"https:\/\/www.saint-paul-angouleme.fr\/application\/#website\"},\"primaryImageOfPage\":{\"@id\":\"https:\/\/www.saint-paul-angouleme.fr\/application\/revivez-le-carnaval-des-terminales-2022\/#primaryimage\"},\"image\":{\"@id\":\"https:\/\/www.saint-paul-angouleme.fr\/application\/revivez-le-carnaval-des-terminales-2022\/#primaryimage\"},\"thumbnailUrl\":\"https:\/\/www.saint-paul-angouleme.fr\/application\/wp-content\/uploads\/2022\/05\/Carnaval-des-Terminales-2022-33.jpg\",\"datePublished\":\"2022-05-25T13:57:46+00:00\",\"dateModified\":\"2022-05-25T13:59:53+00:00\",\"breadcrumb\":{\"@id\":\"https:\/\/www.saint-paul-angouleme.fr\/application\/revivez-le-carnaval-des-terminales-2022\/#breadcrumb\"},\"inLanguage\":\"fr-FR\",\"potentialAction\":[{\"@type\":\"ReadAction\",\"target\":[\"https:\/\/www.saint-paul-angouleme.fr\/application\/revivez-le-carnaval-des-terminales-2022\/\"]}]},{\"@type\":\"ImageObject\",\"inLanguage\":\"fr-FR\",\"@id\":\"https:\/\/www.saint-paul-angouleme.fr\/application\/revivez-le-carnaval-des-terminales-2022\/#primaryimage\",\"url\":\"https:\/\/www.saint-paul-angouleme.fr\/application\/wp-content\/uploads\/2022\/05\/Carnaval-des-Terminales-2022-33.jpg\",\"contentUrl\":\"https:\/\/www.saint-paul-angouleme.fr\/application\/wp-content\/uploads\/2022\/05\/Carnaval-des-Terminales-2022-33.jpg\",\"width\":4999,\"height\":3749},{\"@type\":\"BreadcrumbList\",\"@id\":\"https:\/\/www.saint-paul-angouleme.fr\/application\/revivez-le-carnaval-des-terminales-2022\/#breadcrumb\",\"itemListElement\":[{\"@type\":\"ListItem\",\"position\":1,\"name\":\"Accueil\",\"item\":\"http:\/\/www.saint-paul-angouleme.fr\/application\/\"},{\"@type\":\"ListItem\",\"position\":2,\"name\":\"(Re)vivez le Carnaval des Terminales 2022\"}]},{\"@type\":\"WebSite\",\"@id\":\"https:\/\/www.saint-paul-angouleme.fr\/application\/#website\",\"url\":\"https:\/\/www.saint-paul-angouleme.fr\/application\/\",\"name\":\"Actualit\u00e9s\",\"description\":\"Actualit\u00e9s Saint Paul\",\"publisher\":{\"@id\":\"https:\/\/www.saint-paul-angouleme.fr\/application\/#organization\"},\"potentialAction\":[{\"@type\":\"SearchAction\",\"target\":{\"@type\":\"EntryPoint\",\"urlTemplate\":\"https:\/\/www.saint-paul-angouleme.fr\/application\/?s={search_term_string}\"},\"query-input\":\"required name=search_term_string\"}],\"inLanguage\":\"fr-FR\"},{\"@type\":\"Organization\",\"@id\":\"https:\/\/www.saint-paul-angouleme.fr\/application\/#organization\",\"name\":\"Ensemble scolaire Saint-Paul\",\"url\":\"https:\/\/www.saint-paul-angouleme.fr\/application\/\",\"logo\":{\"@type\":\"ImageObject\",\"inLanguage\":\"fr-FR\",\"@id\":\"https:\/\/www.saint-paul-angouleme.fr\/application\/#\/schema\/logo\/image\/\",\"url\":\"https:\/\/www.saint-paul-angouleme.fr\/application\/wp-content\/uploads\/2018\/08\/logo-saint-paul-couleurs.jpg\",\"contentUrl\":\"https:\/\/www.saint-paul-angouleme.fr\/application\/wp-content\/uploads\/2018\/08\/logo-saint-paul-couleurs.jpg\",\"width\":1890,\"height\":709,\"caption\":\"Ensemble scolaire Saint-Paul\"},\"image\":{\"@id\":\"https:\/\/www.saint-paul-angouleme.fr\/application\/#\/schema\/logo\/image\/\"},\"sameAs\":[\"https:\/\/www.facebook.com\/SaintPaulAngouleme16\/\",\"https:\/\/x.com\/StPaulAngoulem\",\"https:\/\/www.youtube.com\/channel\/UCRLpz1CmPVqc0gn--YyXvjA?view_as=subscriber\"]},{\"@type\":\"Person\",\"@id\":\"https:\/\/www.saint-paul-angouleme.fr\/application\/#\/schema\/person\/ea152930b1a3823659065827b1a5fb9b\",\"name\":\"SAINT-PAUL\",\"image\":{\"@type\":\"ImageObject\",\"inLanguage\":\"fr-FR\",\"@id\":\"https:\/\/www.saint-paul-angouleme.fr\/application\/#\/schema\/person\/image\/\",\"url\":\"https:\/\/secure.gravatar.com\/avatar\/eadb0ffebc02683a61d69038eb2924f0?s=96&r=g\",\"contentUrl\":\"https:\/\/secure.gravatar.com\/avatar\/eadb0ffebc02683a61d69038eb2924f0?s=96&r=g\",\"caption\":\"SAINT-PAUL\"},\"url\":\"https:\/\/www.saint-paul-angouleme.fr\/application\/author\/myriam\/\"}]}<\/script>\n<!-- \/ Yoast SEO plugin. -->","yoast_head_json":{"title":"(Re)vivez le Carnaval des Terminales 2022 - Actualit\u00e9s","robots":{"index":"index","follow":"follow","max-snippet":"max-snippet:-1","max-image-preview":"max-image-preview:large","max-video-preview":"max-video-preview:-1"},"canonical":"https:\/\/www.saint-paul-angouleme.fr\/application\/revivez-le-carnaval-des-terminales-2022\/","og_locale":"fr_FR","og_type":"article","og_title":"(Re)vivez le Carnaval des Terminales 2022 - Actualit\u00e9s","og_description":"Vendredi 20 mai 2022, les Terminales renouent avec le traditionnel &#8220;Carnaval&#8221; apr\u00e8s deux ann\u00e9es de pause. De fait, c&#8217;est une journ\u00e9e festive que chacun appr\u00e9cie. Vente de boissons et g\u00e2teaux, d\u00e9fil\u00e9 en costumes : un tr\u00e8s bon moment partag\u00e9. Originalit\u00e9 et cr\u00e9ativit\u00e9 sont bien s\u00fbr au rendez-vous. Retrouvez ici le lien vers l&#8217;un des albums ... Lire la suite","og_url":"https:\/\/www.saint-paul-angouleme.fr\/application\/revivez-le-carnaval-des-terminales-2022\/","og_site_name":"Actualit\u00e9s","article_publisher":"https:\/\/www.facebook.com\/SaintPaulAngouleme16\/","article_published_time":"2022-05-25T13:57:46+00:00","article_modified_time":"2022-05-25T13:59:53+00:00","og_image":[{"width":1024,"height":768,"url":"https:\/\/www.saint-paul-angouleme.fr\/application\/wp-content\/uploads\/2022\/05\/Carnaval-des-Terminales-2022-33-1024x768.jpg","type":"image\/jpeg"}],"author":"SAINT-PAUL","twitter_card":"summary_large_image","twitter_creator":"@StPaulAngoulem","twitter_site":"@StPaulAngoulem","twitter_misc":{"\u00c9crit par":"SAINT-PAUL"},"schema":{"@context":"https:\/\/schema.org","@graph":[{"@type":"Article","@id":"https:\/\/www.saint-paul-angouleme.fr\/application\/revivez-le-carnaval-des-terminales-2022\/#article","isPartOf":{"@id":"https:\/\/www.saint-paul-angouleme.fr\/application\/revivez-le-carnaval-des-terminales-2022\/"},"author":{"name":"SAINT-PAUL","@id":"https:\/\/www.saint-paul-angouleme.fr\/application\/#\/schema\/person\/ea152930b1a3823659065827b1a5fb9b"},"headline":"(Re)vivez le Carnaval des Terminales 2022","datePublished":"2022-05-25T13:57:46+00:00","dateModified":"2022-05-25T13:59:53+00:00","mainEntityOfPage":{"@id":"https:\/\/www.saint-paul-angouleme.fr\/application\/revivez-le-carnaval-des-terminales-2022\/"},"wordCount":101,"commentCount":0,"publisher":{"@id":"https:\/\/www.saint-paul-angouleme.fr\/application\/#organization"},"image":{"@id":"https:\/\/www.saint-paul-angouleme.fr\/application\/revivez-le-carnaval-des-terminales-2022\/#primaryimage"},"thumbnailUrl":"https:\/\/www.saint-paul-angouleme.fr\/application\/wp-content\/uploads\/2022\/05\/Carnaval-des-Terminales-2022-33.jpg","articleSection":["Agenda","Regard sur"],"inLanguage":"fr-FR","potentialAction":[{"@type":"CommentAction","name":"Comment","target":["https:\/\/www.saint-paul-angouleme.fr\/application\/revivez-le-carnaval-des-terminales-2022\/#respond"]}]},{"@type":"WebPage","@id":"https:\/\/www.saint-paul-angouleme.fr\/application\/revivez-le-carnaval-des-terminales-2022\/","url":"https:\/\/www.saint-paul-angouleme.fr\/application\/revivez-le-carnaval-des-terminales-2022\/","name":"(Re)vivez le Carnaval des Terminales 2022 - Actualit\u00e9s","isPartOf":{"@id":"https:\/\/www.saint-paul-angouleme.fr\/application\/#website"},"primaryImageOfPage":{"@id":"https:\/\/www.saint-paul-angouleme.fr\/application\/revivez-le-carnaval-des-terminales-2022\/#primaryimage"},"image":{"@id":"https:\/\/www.saint-paul-angouleme.fr\/application\/revivez-le-carnaval-des-terminales-2022\/#primaryimage"},"thumbnailUrl":"https:\/\/www.saint-paul-angouleme.fr\/application\/wp-content\/uploads\/2022\/05\/Carnaval-des-Terminales-2022-33.jpg","datePublished":"2022-05-25T13:57:46+00:00","dateModified":"2022-05-25T13:59:53+00:00","breadcrumb":{"@id":"https:\/\/www.saint-paul-angouleme.fr\/application\/revivez-le-carnaval-des-terminales-2022\/#breadcrumb"},"inLanguage":"fr-FR","potentialAction":[{"@type":"ReadAction","target":["https:\/\/www.saint-paul-angouleme.fr\/application\/revivez-le-carnaval-des-terminales-2022\/"]}]},{"@type":"ImageObject","inLanguage":"fr-FR","@id":"https:\/\/www.saint-paul-angouleme.fr\/application\/revivez-le-carnaval-des-terminales-2022\/#primaryimage","url":"https:\/\/www.saint-paul-angouleme.fr\/application\/wp-content\/uploads\/2022\/05\/Carnaval-des-Terminales-2022-33.jpg","contentUrl":"https:\/\/www.saint-paul-angouleme.fr\/application\/wp-content\/uploads\/2022\/05\/Carnaval-des-Terminales-2022-33.jpg","width":4999,"height":3749},{"@type":"BreadcrumbList","@id":"https:\/\/www.saint-paul-angouleme.fr\/application\/revivez-le-carnaval-des-terminales-2022\/#breadcrumb","itemListElement":[{"@type":"ListItem","position":1,"name":"Accueil","item":"http:\/\/www.saint-paul-angouleme.fr\/application\/"},{"@type":"ListItem","position":2,"name":"(Re)vivez le Carnaval des Terminales 2022"}]},{"@type":"WebSite","@id":"https:\/\/www.saint-paul-angouleme.fr\/application\/#website","url":"https:\/\/www.saint-paul-angouleme.fr\/application\/","name":"Actualit\u00e9s","description":"Actualit\u00e9s Saint Paul","publisher":{"@id":"https:\/\/www.saint-paul-angouleme.fr\/application\/#organization"},"potentialAction":[{"@type":"SearchAction","target":{"@type":"EntryPoint","urlTemplate":"https:\/\/www.saint-paul-angouleme.fr\/application\/?s={search_term_string}"},"query-input":"required name=search_term_string"}],"inLanguage":"fr-FR"},{"@type":"Organization","@id":"https:\/\/www.saint-paul-angouleme.fr\/application\/#organization","name":"Ensemble scolaire Saint-Paul","url":"https:\/\/www.saint-paul-angouleme.fr\/application\/","logo":{"@type":"ImageObject","inLanguage":"fr-FR","@id":"https:\/\/www.saint-paul-angouleme.fr\/application\/#\/schema\/logo\/image\/","url":"https:\/\/www.saint-paul-angouleme.fr\/application\/wp-content\/uploads\/2018\/08\/logo-saint-paul-couleurs.jpg","contentUrl":"https:\/\/www.saint-paul-angouleme.fr\/application\/wp-content\/uploads\/2018\/08\/logo-saint-paul-couleurs.jpg","width":1890,"height":709,"caption":"Ensemble scolaire Saint-Paul"},"image":{"@id":"https:\/\/www.saint-paul-angouleme.fr\/application\/#\/schema\/logo\/image\/"},"sameAs":["https:\/\/www.facebook.com\/SaintPaulAngouleme16\/","https:\/\/x.com\/StPaulAngoulem","https:\/\/www.youtube.com\/channel\/UCRLpz1CmPVqc0gn--YyXvjA?view_as=subscriber"]},{"@type":"Person","@id":"https:\/\/www.saint-paul-angouleme.fr\/application\/#\/schema\/person\/ea152930b1a3823659065827b1a5fb9b","name":"SAINT-PAUL","image":{"@type":"ImageObject","inLanguage":"fr-FR","@id":"https:\/\/www.saint-paul-angouleme.fr\/application\/#\/schema\/person\/image\/","url":"https:\/\/secure.gravatar.com\/avatar\/eadb0ffebc02683a61d69038eb2924f0?s=96&r=g","contentUrl":"https:\/\/secure.gravatar.com\/avatar\/eadb0ffebc02683a61d69038eb2924f0?s=96&r=g","caption":"SAINT-PAUL"},"url":"https:\/\/www.saint-paul-angouleme.fr\/application\/author\/myriam\/"}]}},"_links":{"self":[{"href":"https:\/\/www.saint-paul-angouleme.fr\/application\/wp-json\/wp\/v2\/posts\/6135"}],"collection":[{"href":"https:\/\/www.saint-paul-angouleme.fr\/application\/wp-json\/wp\/v2\/posts"}],"about":[{"href":"https:\/\/www.saint-paul-angouleme.fr\/application\/wp-json\/wp\/v2\/types\/post"}],"author":[{"embeddable":true,"href":"https:\/\/www.saint-paul-angouleme.fr\/application\/wp-json\/wp\/v2\/users\/3"}],"replies":[{"embeddable":true,"href":"https:\/\/www.saint-paul-angouleme.fr\/application\/wp-json\/wp\/v2\/comments?post=6135"}],"version-history":[{"count":3,"href":"https:\/\/www.saint-paul-angouleme.fr\/application\/wp-json\/wp\/v2\/posts\/6135\/revisions"}],"predecessor-version":[{"id":6142,"href":"https:\/\/www.saint-paul-angouleme.fr\/application\/wp-json\/wp\/v2\/posts\/6135\/revisions\/6142"}],"wp:featuredmedia":[{"embeddable":true,"href":"https:\/\/www.saint-paul-angouleme.fr\/application\/wp-json\/wp\/v2\/media\/6146"}],"wp:attachment":[{"href":"https:\/\/www.saint-paul-angouleme.fr\/application\/wp-json\/wp\/v2\/media?parent=6135"}],"wp:term":[{"taxonomy":"category","embeddable":true,"href":"https:\/\/www.saint-paul-angouleme.fr\/application\/wp-json\/wp\/v2\/categories?post=6135"},{"taxonomy":"post_tag","embeddable":true,"href":"https:\/\/www.saint-paul-angouleme.fr\/application\/wp-json\/wp\/v2\/tags?post=6135"}],"curies":[{"name":"wp","href":"https:\/\/api.w.org\/{rel}","templated":true}]}}