{"id":6112,"date":"2022-05-13T15:42:53","date_gmt":"2022-05-13T13:42:53","guid":{"rendered":"https:\/\/www.saint-paul-angouleme.fr\/application\/?p=6112"},"modified":"2022-05-13T15:42:55","modified_gmt":"2022-05-13T13:42:55","slug":"theatre-baroque-a-connezac-24","status":"publish","type":"post","link":"https:\/\/www.saint-paul-angouleme.fr\/application\/theatre-baroque-a-connezac-24\/","title":{"rendered":"Th\u00e9\u00e2tre baroque \u00e0 Connezac (24)"},"content":{"rendered":"\n<figure class=\"wp-block-image\"><img loading=\"lazy\" decoding=\"async\" width=\"720\" height=\"720\" src=\"https:\/\/www.saint-paul-angouleme.fr\/application\/wp-content\/uploads\/2022\/05\/image0000001.jpg\" alt=\"Ch\u00e2teau de Connezac en Dordogne\" class=\"wp-image-6113\" srcset=\"https:\/\/www.saint-paul-angouleme.fr\/application\/wp-content\/uploads\/2022\/05\/image0000001.jpg 720w, https:\/\/www.saint-paul-angouleme.fr\/application\/wp-content\/uploads\/2022\/05\/image0000001-150x150.jpg 150w, https:\/\/www.saint-paul-angouleme.fr\/application\/wp-content\/uploads\/2022\/05\/image0000001-300x300.jpg 300w, https:\/\/www.saint-paul-angouleme.fr\/application\/wp-content\/uploads\/2022\/05\/image0000001-144x144.jpg 144w\" sizes=\"(max-width: 720px) 100vw, 720px\" \/><\/figure>\n\n\n\n<p class=\"justification_texte { text-align: justify;}\">Lundi 2 mai, l\u2019ensemble du niveau 6\u00e8 du coll\u00e8ge s\u2019est rendu\nen autocar au ch\u00e2teau de Connezac en Dordogne. Cet \u00e9difice, inscrit aux\nMonuments Historiques, est rest\u00e9 dans la m\u00eame famille depuis son origine, ce\nsont d\u2019ailleurs les propri\u00e9taires qui ont accueilli les \u00e9l\u00e8ves et leur ont\npr\u00e9sent\u00e9 le b\u00e2timent. Pendant que deux des com\u00e9diens se pr\u00e9paraient pour leur\nintervention du matin, un 3\u00e8 a expliqu\u00e9 aux \u00e9l\u00e8ves les enjeux du th\u00e9\u00e2tre\nbaroque&nbsp;: l\u2019accent si particulier, le maquillage tr\u00e8s appuy\u00e9, la\ngestuelle, l\u2019adresse frontale au public\u2026 <\/p>\n\n\n\n<figure class=\"wp-block-image\"><img loading=\"lazy\" decoding=\"async\" width=\"719\" height=\"719\" src=\"https:\/\/www.saint-paul-angouleme.fr\/application\/wp-content\/uploads\/2022\/05\/image000000111.jpg\" alt=\"\" class=\"wp-image-6114\" srcset=\"https:\/\/www.saint-paul-angouleme.fr\/application\/wp-content\/uploads\/2022\/05\/image000000111.jpg 719w, https:\/\/www.saint-paul-angouleme.fr\/application\/wp-content\/uploads\/2022\/05\/image000000111-150x150.jpg 150w, https:\/\/www.saint-paul-angouleme.fr\/application\/wp-content\/uploads\/2022\/05\/image000000111-300x300.jpg 300w, https:\/\/www.saint-paul-angouleme.fr\/application\/wp-content\/uploads\/2022\/05\/image000000111-144x144.jpg 144w\" sizes=\"(max-width: 719px) 100vw, 719px\" \/><\/figure>\n\n\n\n<p class=\"justification_texte { text-align: justify;}\">A 11h et sous un soleil que l\u2019on n\u2019attendait pas si\nrayonnant, la repr\u00e9sentation des Fables de La Fontaine a eu lieu. Difficile\nparfois de comprendre le contenu de certaines fables, tant la langue du XVII\u00e8\ns\u2019est \u00e9loign\u00e9e de celle que nous pratiquons aujourd\u2019hui. Apr\u00e8s un d\u00e9jeuner \u00e0\nl\u2019ombre des tilleuls, les professeurs d\u2019EPS, nombreux \u00e0 accompagner le groupe,\nont propos\u00e9 un jeu de ballon qui a remport\u00e9 un grand succ\u00e8s et permis aux\n\u00e9nergies de s\u2019\u00e9vacuer de la mani\u00e8re la plus saine qui soit. <\/p>\n\n\n\n<figure class=\"wp-block-image\"><img loading=\"lazy\" decoding=\"async\" width=\"720\" height=\"720\" src=\"https:\/\/www.saint-paul-angouleme.fr\/application\/wp-content\/uploads\/2022\/05\/image0000031.jpg\" alt=\"\" class=\"wp-image-6115\" srcset=\"https:\/\/www.saint-paul-angouleme.fr\/application\/wp-content\/uploads\/2022\/05\/image0000031.jpg 720w, https:\/\/www.saint-paul-angouleme.fr\/application\/wp-content\/uploads\/2022\/05\/image0000031-150x150.jpg 150w, https:\/\/www.saint-paul-angouleme.fr\/application\/wp-content\/uploads\/2022\/05\/image0000031-300x300.jpg 300w, https:\/\/www.saint-paul-angouleme.fr\/application\/wp-content\/uploads\/2022\/05\/image0000031-144x144.jpg 144w\" sizes=\"(max-width: 720px) 100vw, 720px\" \/><\/figure>\n\n\n\n<p class=\"justification_texte { text-align: justify;}\">Autour de 13h30 le second volet du th\u00e9\u00e2tre a pu se\nd\u00e9ployer&nbsp;: cette fois, ce sont 4 contes de Perrault qui ont \u00e9t\u00e9\ninterpr\u00e9t\u00e9s par la compagnie Oghma. Le r\u00e9pertoire \u00e9tant connu de tous, l\u2019\u00e9coute\nen fut plus ais\u00e9e&nbsp;: Cendrillon, Le petit Chaperon rouge, Barbe-Bleue, les\nsouhaits ridicules. <\/p>\n\n\n\n<figure class=\"wp-block-image\"><img loading=\"lazy\" decoding=\"async\" width=\"719\" height=\"719\" src=\"https:\/\/www.saint-paul-angouleme.fr\/application\/wp-content\/uploads\/2022\/05\/image000002111.jpg\" alt=\"\" class=\"wp-image-6116\" srcset=\"https:\/\/www.saint-paul-angouleme.fr\/application\/wp-content\/uploads\/2022\/05\/image000002111.jpg 719w, https:\/\/www.saint-paul-angouleme.fr\/application\/wp-content\/uploads\/2022\/05\/image000002111-150x150.jpg 150w, https:\/\/www.saint-paul-angouleme.fr\/application\/wp-content\/uploads\/2022\/05\/image000002111-300x300.jpg 300w, https:\/\/www.saint-paul-angouleme.fr\/application\/wp-content\/uploads\/2022\/05\/image000002111-144x144.jpg 144w\" sizes=\"(max-width: 719px) 100vw, 719px\" \/><\/figure>\n\n\n\n<p class=\"justification_texte { text-align: justify;}\">Au cours de cette sortie qui a b\u00e9n\u00e9fici\u00e9 d\u2019une m\u00e9t\u00e9o plus que\nfavorable, les enfants ont d\u00e9couvert le th\u00e9\u00e2tre baroque et ses sp\u00e9cificit\u00e9s\ndans un cadre enchanteur et m\u00e9connu. Saluons le talent de la Compagnie Oghma \u00e0\ntravers son directeur Charles Di Meglio, la g\u00e9n\u00e9rosit\u00e9 des propri\u00e9taires, M et\nMme de Lamberterie et l\u2019initiative de Mme Dupont, professeure de fran\u00e7ais. <\/p>\n\n\n\n<ul class=\"wp-block-gallery columns-3 is-cropped wp-block-gallery-1 is-layout-flex wp-block-gallery-is-layout-flex\"><li class=\"blocks-gallery-item\"><figure><img loading=\"lazy\" decoding=\"async\" width=\"719\" height=\"719\" src=\"https:\/\/www.saint-paul-angouleme.fr\/application\/wp-content\/uploads\/2022\/05\/image00000011.jpg\" alt=\"\" data-id=\"6117\" data-link=\"https:\/\/www.saint-paul-angouleme.fr\/application\/?attachment_id=6117#main\" class=\"wp-image-6117\" srcset=\"https:\/\/www.saint-paul-angouleme.fr\/application\/wp-content\/uploads\/2022\/05\/image00000011.jpg 719w, https:\/\/www.saint-paul-angouleme.fr\/application\/wp-content\/uploads\/2022\/05\/image00000011-150x150.jpg 150w, https:\/\/www.saint-paul-angouleme.fr\/application\/wp-content\/uploads\/2022\/05\/image00000011-300x300.jpg 300w, https:\/\/www.saint-paul-angouleme.fr\/application\/wp-content\/uploads\/2022\/05\/image00000011-144x144.jpg 144w\" sizes=\"(max-width: 719px) 100vw, 719px\" \/><\/figure><\/li><li class=\"blocks-gallery-item\"><figure><img loading=\"lazy\" decoding=\"async\" width=\"720\" height=\"720\" src=\"https:\/\/www.saint-paul-angouleme.fr\/application\/wp-content\/uploads\/2022\/05\/image0000011.jpg\" alt=\"\" data-id=\"6118\" data-link=\"https:\/\/www.saint-paul-angouleme.fr\/application\/?attachment_id=6118#main\" class=\"wp-image-6118\" srcset=\"https:\/\/www.saint-paul-angouleme.fr\/application\/wp-content\/uploads\/2022\/05\/image0000011.jpg 720w, https:\/\/www.saint-paul-angouleme.fr\/application\/wp-content\/uploads\/2022\/05\/image0000011-150x150.jpg 150w, https:\/\/www.saint-paul-angouleme.fr\/application\/wp-content\/uploads\/2022\/05\/image0000011-300x300.jpg 300w, https:\/\/www.saint-paul-angouleme.fr\/application\/wp-content\/uploads\/2022\/05\/image0000011-144x144.jpg 144w\" sizes=\"(max-width: 720px) 100vw, 720px\" \/><\/figure><\/li><li class=\"blocks-gallery-item\"><figure><img loading=\"lazy\" decoding=\"async\" width=\"719\" height=\"719\" src=\"https:\/\/www.saint-paul-angouleme.fr\/application\/wp-content\/uploads\/2022\/05\/image000001111.jpg\" alt=\"\" data-id=\"6119\" data-link=\"https:\/\/www.saint-paul-angouleme.fr\/application\/?attachment_id=6119#main\" class=\"wp-image-6119\" srcset=\"https:\/\/www.saint-paul-angouleme.fr\/application\/wp-content\/uploads\/2022\/05\/image000001111.jpg 719w, https:\/\/www.saint-paul-angouleme.fr\/application\/wp-content\/uploads\/2022\/05\/image000001111-150x150.jpg 150w, https:\/\/www.saint-paul-angouleme.fr\/application\/wp-content\/uploads\/2022\/05\/image000001111-300x300.jpg 300w, https:\/\/www.saint-paul-angouleme.fr\/application\/wp-content\/uploads\/2022\/05\/image000001111-144x144.jpg 144w\" sizes=\"(max-width: 719px) 100vw, 719px\" \/><\/figure><\/li><li class=\"blocks-gallery-item\"><figure><img loading=\"lazy\" decoding=\"async\" width=\"719\" height=\"719\" src=\"https:\/\/www.saint-paul-angouleme.fr\/application\/wp-content\/uploads\/2022\/05\/image000001112.jpg\" alt=\"\" data-id=\"6120\" data-link=\"https:\/\/www.saint-paul-angouleme.fr\/application\/?attachment_id=6120#main\" class=\"wp-image-6120\" srcset=\"https:\/\/www.saint-paul-angouleme.fr\/application\/wp-content\/uploads\/2022\/05\/image000001112.jpg 719w, https:\/\/www.saint-paul-angouleme.fr\/application\/wp-content\/uploads\/2022\/05\/image000001112-150x150.jpg 150w, https:\/\/www.saint-paul-angouleme.fr\/application\/wp-content\/uploads\/2022\/05\/image000001112-300x300.jpg 300w, https:\/\/www.saint-paul-angouleme.fr\/application\/wp-content\/uploads\/2022\/05\/image000001112-144x144.jpg 144w\" sizes=\"(max-width: 719px) 100vw, 719px\" \/><\/figure><\/li><li class=\"blocks-gallery-item\"><figure><img loading=\"lazy\" decoding=\"async\" width=\"719\" height=\"719\" src=\"https:\/\/www.saint-paul-angouleme.fr\/application\/wp-content\/uploads\/2022\/05\/image000002112.jpg\" alt=\"\" data-id=\"6121\" data-link=\"https:\/\/www.saint-paul-angouleme.fr\/application\/?attachment_id=6121#main\" class=\"wp-image-6121\" srcset=\"https:\/\/www.saint-paul-angouleme.fr\/application\/wp-content\/uploads\/2022\/05\/image000002112.jpg 719w, https:\/\/www.saint-paul-angouleme.fr\/application\/wp-content\/uploads\/2022\/05\/image000002112-150x150.jpg 150w, https:\/\/www.saint-paul-angouleme.fr\/application\/wp-content\/uploads\/2022\/05\/image000002112-300x300.jpg 300w, https:\/\/www.saint-paul-angouleme.fr\/application\/wp-content\/uploads\/2022\/05\/image000002112-144x144.jpg 144w\" sizes=\"(max-width: 719px) 100vw, 719px\" \/><\/figure><\/li><li class=\"blocks-gallery-item\"><figure><img loading=\"lazy\" decoding=\"async\" width=\"719\" height=\"719\" src=\"https:\/\/www.saint-paul-angouleme.fr\/application\/wp-content\/uploads\/2022\/05\/image00000211.jpg\" alt=\"\" data-id=\"6122\" data-link=\"https:\/\/www.saint-paul-angouleme.fr\/application\/?attachment_id=6122#main\" class=\"wp-image-6122\" srcset=\"https:\/\/www.saint-paul-angouleme.fr\/application\/wp-content\/uploads\/2022\/05\/image00000211.jpg 719w, https:\/\/www.saint-paul-angouleme.fr\/application\/wp-content\/uploads\/2022\/05\/image00000211-150x150.jpg 150w, https:\/\/www.saint-paul-angouleme.fr\/application\/wp-content\/uploads\/2022\/05\/image00000211-300x300.jpg 300w, https:\/\/www.saint-paul-angouleme.fr\/application\/wp-content\/uploads\/2022\/05\/image00000211-144x144.jpg 144w\" sizes=\"(max-width: 719px) 100vw, 719px\" \/><\/figure><\/li><li class=\"blocks-gallery-item\"><figure><img loading=\"lazy\" decoding=\"async\" width=\"719\" height=\"719\" src=\"https:\/\/www.saint-paul-angouleme.fr\/application\/wp-content\/uploads\/2022\/05\/image000004111.jpg\" alt=\"\" data-id=\"6123\" data-link=\"https:\/\/www.saint-paul-angouleme.fr\/application\/?attachment_id=6123#main\" class=\"wp-image-6123\" srcset=\"https:\/\/www.saint-paul-angouleme.fr\/application\/wp-content\/uploads\/2022\/05\/image000004111.jpg 719w, https:\/\/www.saint-paul-angouleme.fr\/application\/wp-content\/uploads\/2022\/05\/image000004111-150x150.jpg 150w, https:\/\/www.saint-paul-angouleme.fr\/application\/wp-content\/uploads\/2022\/05\/image000004111-300x300.jpg 300w, https:\/\/www.saint-paul-angouleme.fr\/application\/wp-content\/uploads\/2022\/05\/image000004111-144x144.jpg 144w\" sizes=\"(max-width: 719px) 100vw, 719px\" \/><\/figure><\/li><\/ul>\n","protected":false},"excerpt":{"rendered":"<p>Lundi 2 mai, l\u2019ensemble du niveau 6\u00e8 du coll\u00e8ge s\u2019est rendu en autocar au ch\u00e2teau de Connezac en Dordogne. Cet \u00e9difice, inscrit aux Monuments Historiques, est rest\u00e9 dans la m\u00eame famille depuis son origine, ce sont d\u2019ailleurs les propri\u00e9taires qui ont accueilli les \u00e9l\u00e8ves et leur ont pr\u00e9sent\u00e9 le b\u00e2timent. Pendant que deux des com\u00e9diens &#8230; <a title=\"Th\u00e9\u00e2tre baroque \u00e0 Connezac (24)\" class=\"read-more\" href=\"https:\/\/www.saint-paul-angouleme.fr\/application\/theatre-baroque-a-connezac-24\/\" aria-label=\"Read more about Th\u00e9\u00e2tre baroque \u00e0 Connezac (24)\">Lire la suite<\/a><\/p>\n","protected":false},"author":3,"featured_media":6129,"comment_status":"open","ping_status":"open","sticky":false,"template":"","format":"standard","meta":{"_exactmetrics_skip_tracking":false,"_exactmetrics_sitenote_active":false,"_exactmetrics_sitenote_note":"","_exactmetrics_sitenote_category":0,"footnotes":""},"categories":[13],"tags":[],"class_list":["post-6112","post","type-post","status-publish","format-standard","has-post-thumbnail","hentry","category-pedagogie"],"yoast_head":"<!-- This site is optimized with the Yoast SEO plugin v23.3 - https:\/\/yoast.com\/wordpress\/plugins\/seo\/ -->\n<title>Th\u00e9\u00e2tre baroque \u00e0 Connezac (24) - Actualit\u00e9s<\/title>\n<meta name=\"robots\" content=\"index, follow, max-snippet:-1, max-image-preview:large, max-video-preview:-1\" \/>\n<link rel=\"canonical\" href=\"https:\/\/www.saint-paul-angouleme.fr\/application\/theatre-baroque-a-connezac-24\/\" \/>\n<meta property=\"og:locale\" content=\"fr_FR\" \/>\n<meta property=\"og:type\" content=\"article\" \/>\n<meta property=\"og:title\" content=\"Th\u00e9\u00e2tre baroque \u00e0 Connezac (24) - Actualit\u00e9s\" \/>\n<meta property=\"og:description\" content=\"Lundi 2 mai, l\u2019ensemble du niveau 6\u00e8 du coll\u00e8ge s\u2019est rendu en autocar au ch\u00e2teau de Connezac en Dordogne. Cet \u00e9difice, inscrit aux Monuments Historiques, est rest\u00e9 dans la m\u00eame famille depuis son origine, ce sont d\u2019ailleurs les propri\u00e9taires qui ont accueilli les \u00e9l\u00e8ves et leur ont pr\u00e9sent\u00e9 le b\u00e2timent. Pendant que deux des com\u00e9diens ... Lire la suite\" \/>\n<meta property=\"og:url\" content=\"https:\/\/www.saint-paul-angouleme.fr\/application\/theatre-baroque-a-connezac-24\/\" \/>\n<meta property=\"og:site_name\" content=\"Actualit\u00e9s\" \/>\n<meta property=\"article:publisher\" content=\"https:\/\/www.facebook.com\/SaintPaulAngouleme16\/\" \/>\n<meta property=\"article:published_time\" content=\"2022-05-13T13:42:53+00:00\" \/>\n<meta property=\"article:modified_time\" content=\"2022-05-13T13:42:55+00:00\" \/>\n<meta property=\"og:image\" content=\"https:\/\/www.saint-paul-angouleme.fr\/application\/wp-content\/uploads\/2022\/05\/image000003111.jpg\" \/>\n\t<meta property=\"og:image:width\" content=\"719\" \/>\n\t<meta property=\"og:image:height\" content=\"719\" \/>\n\t<meta property=\"og:image:type\" content=\"image\/jpeg\" \/>\n<meta name=\"author\" content=\"SAINT-PAUL\" \/>\n<meta name=\"twitter:card\" content=\"summary_large_image\" \/>\n<meta name=\"twitter:creator\" content=\"@StPaulAngoulem\" \/>\n<meta name=\"twitter:site\" content=\"@StPaulAngoulem\" \/>\n<meta name=\"twitter:label1\" content=\"\u00c9crit par\" \/>\n\t<meta name=\"twitter:data1\" content=\"SAINT-PAUL\" \/>\n\t<meta name=\"twitter:label2\" content=\"Dur\u00e9e de lecture estim\u00e9e\" \/>\n\t<meta name=\"twitter:data2\" content=\"2 minutes\" \/>\n<script type=\"application\/ld+json\" class=\"yoast-schema-graph\">{\"@context\":\"https:\/\/schema.org\",\"@graph\":[{\"@type\":\"Article\",\"@id\":\"https:\/\/www.saint-paul-angouleme.fr\/application\/theatre-baroque-a-connezac-24\/#article\",\"isPartOf\":{\"@id\":\"https:\/\/www.saint-paul-angouleme.fr\/application\/theatre-baroque-a-connezac-24\/\"},\"author\":{\"name\":\"SAINT-PAUL\",\"@id\":\"https:\/\/www.saint-paul-angouleme.fr\/application\/#\/schema\/person\/ea152930b1a3823659065827b1a5fb9b\"},\"headline\":\"Th\u00e9\u00e2tre baroque \u00e0 Connezac (24)\",\"datePublished\":\"2022-05-13T13:42:53+00:00\",\"dateModified\":\"2022-05-13T13:42:55+00:00\",\"mainEntityOfPage\":{\"@id\":\"https:\/\/www.saint-paul-angouleme.fr\/application\/theatre-baroque-a-connezac-24\/\"},\"wordCount\":331,\"commentCount\":0,\"publisher\":{\"@id\":\"https:\/\/www.saint-paul-angouleme.fr\/application\/#organization\"},\"image\":{\"@id\":\"https:\/\/www.saint-paul-angouleme.fr\/application\/theatre-baroque-a-connezac-24\/#primaryimage\"},\"thumbnailUrl\":\"https:\/\/www.saint-paul-angouleme.fr\/application\/wp-content\/uploads\/2022\/05\/image000003111.jpg\",\"articleSection\":[\"P\u00e9dagogie\"],\"inLanguage\":\"fr-FR\",\"potentialAction\":[{\"@type\":\"CommentAction\",\"name\":\"Comment\",\"target\":[\"https:\/\/www.saint-paul-angouleme.fr\/application\/theatre-baroque-a-connezac-24\/#respond\"]}]},{\"@type\":\"WebPage\",\"@id\":\"https:\/\/www.saint-paul-angouleme.fr\/application\/theatre-baroque-a-connezac-24\/\",\"url\":\"https:\/\/www.saint-paul-angouleme.fr\/application\/theatre-baroque-a-connezac-24\/\",\"name\":\"Th\u00e9\u00e2tre baroque \u00e0 Connezac (24) - Actualit\u00e9s\",\"isPartOf\":{\"@id\":\"https:\/\/www.saint-paul-angouleme.fr\/application\/#website\"},\"primaryImageOfPage\":{\"@id\":\"https:\/\/www.saint-paul-angouleme.fr\/application\/theatre-baroque-a-connezac-24\/#primaryimage\"},\"image\":{\"@id\":\"https:\/\/www.saint-paul-angouleme.fr\/application\/theatre-baroque-a-connezac-24\/#primaryimage\"},\"thumbnailUrl\":\"https:\/\/www.saint-paul-angouleme.fr\/application\/wp-content\/uploads\/2022\/05\/image000003111.jpg\",\"datePublished\":\"2022-05-13T13:42:53+00:00\",\"dateModified\":\"2022-05-13T13:42:55+00:00\",\"breadcrumb\":{\"@id\":\"https:\/\/www.saint-paul-angouleme.fr\/application\/theatre-baroque-a-connezac-24\/#breadcrumb\"},\"inLanguage\":\"fr-FR\",\"potentialAction\":[{\"@type\":\"ReadAction\",\"target\":[\"https:\/\/www.saint-paul-angouleme.fr\/application\/theatre-baroque-a-connezac-24\/\"]}]},{\"@type\":\"ImageObject\",\"inLanguage\":\"fr-FR\",\"@id\":\"https:\/\/www.saint-paul-angouleme.fr\/application\/theatre-baroque-a-connezac-24\/#primaryimage\",\"url\":\"https:\/\/www.saint-paul-angouleme.fr\/application\/wp-content\/uploads\/2022\/05\/image000003111.jpg\",\"contentUrl\":\"https:\/\/www.saint-paul-angouleme.fr\/application\/wp-content\/uploads\/2022\/05\/image000003111.jpg\",\"width\":719,\"height\":719},{\"@type\":\"BreadcrumbList\",\"@id\":\"https:\/\/www.saint-paul-angouleme.fr\/application\/theatre-baroque-a-connezac-24\/#breadcrumb\",\"itemListElement\":[{\"@type\":\"ListItem\",\"position\":1,\"name\":\"Accueil\",\"item\":\"http:\/\/www.saint-paul-angouleme.fr\/application\/\"},{\"@type\":\"ListItem\",\"position\":2,\"name\":\"Th\u00e9\u00e2tre baroque \u00e0 Connezac (24)\"}]},{\"@type\":\"WebSite\",\"@id\":\"https:\/\/www.saint-paul-angouleme.fr\/application\/#website\",\"url\":\"https:\/\/www.saint-paul-angouleme.fr\/application\/\",\"name\":\"Actualit\u00e9s\",\"description\":\"Actualit\u00e9s Saint Paul\",\"publisher\":{\"@id\":\"https:\/\/www.saint-paul-angouleme.fr\/application\/#organization\"},\"potentialAction\":[{\"@type\":\"SearchAction\",\"target\":{\"@type\":\"EntryPoint\",\"urlTemplate\":\"https:\/\/www.saint-paul-angouleme.fr\/application\/?s={search_term_string}\"},\"query-input\":\"required name=search_term_string\"}],\"inLanguage\":\"fr-FR\"},{\"@type\":\"Organization\",\"@id\":\"https:\/\/www.saint-paul-angouleme.fr\/application\/#organization\",\"name\":\"Ensemble scolaire Saint-Paul\",\"url\":\"https:\/\/www.saint-paul-angouleme.fr\/application\/\",\"logo\":{\"@type\":\"ImageObject\",\"inLanguage\":\"fr-FR\",\"@id\":\"https:\/\/www.saint-paul-angouleme.fr\/application\/#\/schema\/logo\/image\/\",\"url\":\"https:\/\/www.saint-paul-angouleme.fr\/application\/wp-content\/uploads\/2018\/08\/logo-saint-paul-couleurs.jpg\",\"contentUrl\":\"https:\/\/www.saint-paul-angouleme.fr\/application\/wp-content\/uploads\/2018\/08\/logo-saint-paul-couleurs.jpg\",\"width\":1890,\"height\":709,\"caption\":\"Ensemble scolaire Saint-Paul\"},\"image\":{\"@id\":\"https:\/\/www.saint-paul-angouleme.fr\/application\/#\/schema\/logo\/image\/\"},\"sameAs\":[\"https:\/\/www.facebook.com\/SaintPaulAngouleme16\/\",\"https:\/\/x.com\/StPaulAngoulem\",\"https:\/\/www.youtube.com\/channel\/UCRLpz1CmPVqc0gn--YyXvjA?view_as=subscriber\"]},{\"@type\":\"Person\",\"@id\":\"https:\/\/www.saint-paul-angouleme.fr\/application\/#\/schema\/person\/ea152930b1a3823659065827b1a5fb9b\",\"name\":\"SAINT-PAUL\",\"image\":{\"@type\":\"ImageObject\",\"inLanguage\":\"fr-FR\",\"@id\":\"https:\/\/www.saint-paul-angouleme.fr\/application\/#\/schema\/person\/image\/\",\"url\":\"https:\/\/secure.gravatar.com\/avatar\/eadb0ffebc02683a61d69038eb2924f0?s=96&r=g\",\"contentUrl\":\"https:\/\/secure.gravatar.com\/avatar\/eadb0ffebc02683a61d69038eb2924f0?s=96&r=g\",\"caption\":\"SAINT-PAUL\"},\"url\":\"https:\/\/www.saint-paul-angouleme.fr\/application\/author\/myriam\/\"}]}<\/script>\n<!-- \/ Yoast SEO plugin. -->","yoast_head_json":{"title":"Th\u00e9\u00e2tre baroque \u00e0 Connezac (24) - Actualit\u00e9s","robots":{"index":"index","follow":"follow","max-snippet":"max-snippet:-1","max-image-preview":"max-image-preview:large","max-video-preview":"max-video-preview:-1"},"canonical":"https:\/\/www.saint-paul-angouleme.fr\/application\/theatre-baroque-a-connezac-24\/","og_locale":"fr_FR","og_type":"article","og_title":"Th\u00e9\u00e2tre baroque \u00e0 Connezac (24) - Actualit\u00e9s","og_description":"Lundi 2 mai, l\u2019ensemble du niveau 6\u00e8 du coll\u00e8ge s\u2019est rendu en autocar au ch\u00e2teau de Connezac en Dordogne. Cet \u00e9difice, inscrit aux Monuments Historiques, est rest\u00e9 dans la m\u00eame famille depuis son origine, ce sont d\u2019ailleurs les propri\u00e9taires qui ont accueilli les \u00e9l\u00e8ves et leur ont pr\u00e9sent\u00e9 le b\u00e2timent. Pendant que deux des com\u00e9diens ... Lire la suite","og_url":"https:\/\/www.saint-paul-angouleme.fr\/application\/theatre-baroque-a-connezac-24\/","og_site_name":"Actualit\u00e9s","article_publisher":"https:\/\/www.facebook.com\/SaintPaulAngouleme16\/","article_published_time":"2022-05-13T13:42:53+00:00","article_modified_time":"2022-05-13T13:42:55+00:00","og_image":[{"width":719,"height":719,"url":"https:\/\/www.saint-paul-angouleme.fr\/application\/wp-content\/uploads\/2022\/05\/image000003111.jpg","type":"image\/jpeg"}],"author":"SAINT-PAUL","twitter_card":"summary_large_image","twitter_creator":"@StPaulAngoulem","twitter_site":"@StPaulAngoulem","twitter_misc":{"\u00c9crit par":"SAINT-PAUL","Dur\u00e9e de lecture estim\u00e9e":"2 minutes"},"schema":{"@context":"https:\/\/schema.org","@graph":[{"@type":"Article","@id":"https:\/\/www.saint-paul-angouleme.fr\/application\/theatre-baroque-a-connezac-24\/#article","isPartOf":{"@id":"https:\/\/www.saint-paul-angouleme.fr\/application\/theatre-baroque-a-connezac-24\/"},"author":{"name":"SAINT-PAUL","@id":"https:\/\/www.saint-paul-angouleme.fr\/application\/#\/schema\/person\/ea152930b1a3823659065827b1a5fb9b"},"headline":"Th\u00e9\u00e2tre baroque \u00e0 Connezac (24)","datePublished":"2022-05-13T13:42:53+00:00","dateModified":"2022-05-13T13:42:55+00:00","mainEntityOfPage":{"@id":"https:\/\/www.saint-paul-angouleme.fr\/application\/theatre-baroque-a-connezac-24\/"},"wordCount":331,"commentCount":0,"publisher":{"@id":"https:\/\/www.saint-paul-angouleme.fr\/application\/#organization"},"image":{"@id":"https:\/\/www.saint-paul-angouleme.fr\/application\/theatre-baroque-a-connezac-24\/#primaryimage"},"thumbnailUrl":"https:\/\/www.saint-paul-angouleme.fr\/application\/wp-content\/uploads\/2022\/05\/image000003111.jpg","articleSection":["P\u00e9dagogie"],"inLanguage":"fr-FR","potentialAction":[{"@type":"CommentAction","name":"Comment","target":["https:\/\/www.saint-paul-angouleme.fr\/application\/theatre-baroque-a-connezac-24\/#respond"]}]},{"@type":"WebPage","@id":"https:\/\/www.saint-paul-angouleme.fr\/application\/theatre-baroque-a-connezac-24\/","url":"https:\/\/www.saint-paul-angouleme.fr\/application\/theatre-baroque-a-connezac-24\/","name":"Th\u00e9\u00e2tre baroque \u00e0 Connezac (24) - Actualit\u00e9s","isPartOf":{"@id":"https:\/\/www.saint-paul-angouleme.fr\/application\/#website"},"primaryImageOfPage":{"@id":"https:\/\/www.saint-paul-angouleme.fr\/application\/theatre-baroque-a-connezac-24\/#primaryimage"},"image":{"@id":"https:\/\/www.saint-paul-angouleme.fr\/application\/theatre-baroque-a-connezac-24\/#primaryimage"},"thumbnailUrl":"https:\/\/www.saint-paul-angouleme.fr\/application\/wp-content\/uploads\/2022\/05\/image000003111.jpg","datePublished":"2022-05-13T13:42:53+00:00","dateModified":"2022-05-13T13:42:55+00:00","breadcrumb":{"@id":"https:\/\/www.saint-paul-angouleme.fr\/application\/theatre-baroque-a-connezac-24\/#breadcrumb"},"inLanguage":"fr-FR","potentialAction":[{"@type":"ReadAction","target":["https:\/\/www.saint-paul-angouleme.fr\/application\/theatre-baroque-a-connezac-24\/"]}]},{"@type":"ImageObject","inLanguage":"fr-FR","@id":"https:\/\/www.saint-paul-angouleme.fr\/application\/theatre-baroque-a-connezac-24\/#primaryimage","url":"https:\/\/www.saint-paul-angouleme.fr\/application\/wp-content\/uploads\/2022\/05\/image000003111.jpg","contentUrl":"https:\/\/www.saint-paul-angouleme.fr\/application\/wp-content\/uploads\/2022\/05\/image000003111.jpg","width":719,"height":719},{"@type":"BreadcrumbList","@id":"https:\/\/www.saint-paul-angouleme.fr\/application\/theatre-baroque-a-connezac-24\/#breadcrumb","itemListElement":[{"@type":"ListItem","position":1,"name":"Accueil","item":"http:\/\/www.saint-paul-angouleme.fr\/application\/"},{"@type":"ListItem","position":2,"name":"Th\u00e9\u00e2tre baroque \u00e0 Connezac (24)"}]},{"@type":"WebSite","@id":"https:\/\/www.saint-paul-angouleme.fr\/application\/#website","url":"https:\/\/www.saint-paul-angouleme.fr\/application\/","name":"Actualit\u00e9s","description":"Actualit\u00e9s Saint Paul","publisher":{"@id":"https:\/\/www.saint-paul-angouleme.fr\/application\/#organization"},"potentialAction":[{"@type":"SearchAction","target":{"@type":"EntryPoint","urlTemplate":"https:\/\/www.saint-paul-angouleme.fr\/application\/?s={search_term_string}"},"query-input":"required name=search_term_string"}],"inLanguage":"fr-FR"},{"@type":"Organization","@id":"https:\/\/www.saint-paul-angouleme.fr\/application\/#organization","name":"Ensemble scolaire Saint-Paul","url":"https:\/\/www.saint-paul-angouleme.fr\/application\/","logo":{"@type":"ImageObject","inLanguage":"fr-FR","@id":"https:\/\/www.saint-paul-angouleme.fr\/application\/#\/schema\/logo\/image\/","url":"https:\/\/www.saint-paul-angouleme.fr\/application\/wp-content\/uploads\/2018\/08\/logo-saint-paul-couleurs.jpg","contentUrl":"https:\/\/www.saint-paul-angouleme.fr\/application\/wp-content\/uploads\/2018\/08\/logo-saint-paul-couleurs.jpg","width":1890,"height":709,"caption":"Ensemble scolaire Saint-Paul"},"image":{"@id":"https:\/\/www.saint-paul-angouleme.fr\/application\/#\/schema\/logo\/image\/"},"sameAs":["https:\/\/www.facebook.com\/SaintPaulAngouleme16\/","https:\/\/x.com\/StPaulAngoulem","https:\/\/www.youtube.com\/channel\/UCRLpz1CmPVqc0gn--YyXvjA?view_as=subscriber"]},{"@type":"Person","@id":"https:\/\/www.saint-paul-angouleme.fr\/application\/#\/schema\/person\/ea152930b1a3823659065827b1a5fb9b","name":"SAINT-PAUL","image":{"@type":"ImageObject","inLanguage":"fr-FR","@id":"https:\/\/www.saint-paul-angouleme.fr\/application\/#\/schema\/person\/image\/","url":"https:\/\/secure.gravatar.com\/avatar\/eadb0ffebc02683a61d69038eb2924f0?s=96&r=g","contentUrl":"https:\/\/secure.gravatar.com\/avatar\/eadb0ffebc02683a61d69038eb2924f0?s=96&r=g","caption":"SAINT-PAUL"},"url":"https:\/\/www.saint-paul-angouleme.fr\/application\/author\/myriam\/"}]}},"_links":{"self":[{"href":"https:\/\/www.saint-paul-angouleme.fr\/application\/wp-json\/wp\/v2\/posts\/6112"}],"collection":[{"href":"https:\/\/www.saint-paul-angouleme.fr\/application\/wp-json\/wp\/v2\/posts"}],"about":[{"href":"https:\/\/www.saint-paul-angouleme.fr\/application\/wp-json\/wp\/v2\/types\/post"}],"author":[{"embeddable":true,"href":"https:\/\/www.saint-paul-angouleme.fr\/application\/wp-json\/wp\/v2\/users\/3"}],"replies":[{"embeddable":true,"href":"https:\/\/www.saint-paul-angouleme.fr\/application\/wp-json\/wp\/v2\/comments?post=6112"}],"version-history":[{"count":2,"href":"https:\/\/www.saint-paul-angouleme.fr\/application\/wp-json\/wp\/v2\/posts\/6112\/revisions"}],"predecessor-version":[{"id":6128,"href":"https:\/\/www.saint-paul-angouleme.fr\/application\/wp-json\/wp\/v2\/posts\/6112\/revisions\/6128"}],"wp:featuredmedia":[{"embeddable":true,"href":"https:\/\/www.saint-paul-angouleme.fr\/application\/wp-json\/wp\/v2\/media\/6129"}],"wp:attachment":[{"href":"https:\/\/www.saint-paul-angouleme.fr\/application\/wp-json\/wp\/v2\/media?parent=6112"}],"wp:term":[{"taxonomy":"category","embeddable":true,"href":"https:\/\/www.saint-paul-angouleme.fr\/application\/wp-json\/wp\/v2\/categories?post=6112"},{"taxonomy":"post_tag","embeddable":true,"href":"https:\/\/www.saint-paul-angouleme.fr\/application\/wp-json\/wp\/v2\/tags?post=6112"}],"curies":[{"name":"wp","href":"https:\/\/api.w.org\/{rel}","templated":true}]}}