{"id":6065,"date":"2022-05-10T18:18:01","date_gmt":"2022-05-10T16:18:01","guid":{"rendered":"https:\/\/www.saint-paul-angouleme.fr\/application\/?p=6065"},"modified":"2022-05-12T09:42:41","modified_gmt":"2022-05-12T07:42:41","slug":"lyceen-et-sportif-le-choix-de-laviron-pour-eliot","status":"publish","type":"post","link":"https:\/\/www.saint-paul-angouleme.fr\/application\/lyceen-et-sportif-le-choix-de-laviron-pour-eliot\/","title":{"rendered":"Lyc\u00e9en et sportif : le choix de l\u2019aviron pour Eliot"},"content":{"rendered":"\n<figure class=\"wp-block-image\"><img loading=\"lazy\" decoding=\"async\" width=\"1024\" height=\"678\" src=\"https:\/\/www.saint-paul-angouleme.fr\/application\/wp-content\/uploads\/2022\/05\/DSC_0466-1024x678.jpg\" alt=\"\" class=\"wp-image-6067\" srcset=\"https:\/\/www.saint-paul-angouleme.fr\/application\/wp-content\/uploads\/2022\/05\/DSC_0466-1024x678.jpg 1024w, https:\/\/www.saint-paul-angouleme.fr\/application\/wp-content\/uploads\/2022\/05\/DSC_0466-300x199.jpg 300w, https:\/\/www.saint-paul-angouleme.fr\/application\/wp-content\/uploads\/2022\/05\/DSC_0466-768x509.jpg 768w\" sizes=\"(max-width: 1024px) 100vw, 1024px\" \/><\/figure>\n\n\n\n<p class=\"justification_texte { text-align: justify;}\">Apr\u00e8s <a href=\"https:\/\/www.saint-paul-angouleme.fr\/application\/lyceen-et-fleurettiste-talentueux-arthur-une-graine-de-champion\/\" target=\"_blank\" rel=\"noreferrer noopener\" aria-label=\"Arthur CAILLOUX-OTT (s\u2019ouvre dans un nouvel onglet)\">Arthur CAILLOUX-OTT<\/a>, nous vous pr\u00e9sentons un autre \u00e9l\u00e8ve passionn\u00e9 par son sport&nbsp;: Eliot SADY LEWDEN. Eliot, \u00e9l\u00e8ve de premi\u00e8re au Lyc\u00e9e Saint-Paul, pratique l\u2019aviron. L\u2019occasion de d\u00e9couvrir cette sp\u00e9cialit\u00e9 sportive \u00e0 travers son interview.<\/p>\n\n\n\n<figure class=\"wp-block-image\"><img loading=\"lazy\" decoding=\"async\" width=\"1024\" height=\"768\" src=\"https:\/\/www.saint-paul-angouleme.fr\/application\/wp-content\/uploads\/2022\/05\/image00001-1024x768.jpeg\" alt=\"\" class=\"wp-image-6068\" srcset=\"https:\/\/www.saint-paul-angouleme.fr\/application\/wp-content\/uploads\/2022\/05\/image00001-1024x768.jpeg 1024w, https:\/\/www.saint-paul-angouleme.fr\/application\/wp-content\/uploads\/2022\/05\/image00001-300x225.jpeg 300w, https:\/\/www.saint-paul-angouleme.fr\/application\/wp-content\/uploads\/2022\/05\/image00001-768x576.jpeg 768w, https:\/\/www.saint-paul-angouleme.fr\/application\/wp-content\/uploads\/2022\/05\/image00001.jpeg 2048w\" sizes=\"(max-width: 1024px) 100vw, 1024px\" \/><\/figure>\n\n\n\n<h3 class=\"wp-block-heading\"><strong>SP&nbsp;: Depuis combien de temps pratiques-tu l\u2019aviron&nbsp;? Quel est ton parcours&nbsp;?<\/strong><\/h3>\n\n\n\n<p class=\"justification_texte { text-align: justify;}\">E. SL&nbsp;: C\u2019est ma troisi\u00e8me ann\u00e9e. Avant, je faisais du basket mais j\u2019ai d\u00fb arr\u00eater. J\u2019ai donc d\u00e9but\u00e9 l\u2019aviron avec un ami et maman. La premi\u00e8re ann\u00e9e je faisais de l\u2019aviron et du hand mais j\u2019ai d\u00fb stopper le hand pour me consacrer enti\u00e8rement \u00e0 l\u2019aviron et mes \u00e9tudes.<\/p>\n\n\n\n<h3 class=\"wp-block-heading\"><strong>SP&nbsp;: Dans quel club pratiques-tu ce sport&nbsp;?<\/strong><\/h3>\n\n\n\n<p class=\"justification_texte { text-align: justify;}\">E. SL&nbsp;: Je suis \u00e0 l\u2019<a href=\"http:\/\/aviron-angouleme.fr\/blog\/\" target=\"_blank\" rel=\"noreferrer noopener\" aria-label=\"Aviron Club d\u2019Angoul\u00eame (s\u2019ouvre dans un nouvel onglet)\">Aviron Club d\u2019Angoul\u00eame<\/a> bas\u00e9 \u00e0 l\u2019Houmeau. J\u2019aime bien ce club o\u00f9 je pratique une partie pour la comp\u00e9tition, une autre partie pour les loisirs. Il y a environ 200 inscrits mais nous ne sommes pas tous ensemble \u00e0 l\u2019entra\u00eenement.<\/p>\n\n\n\n<figure class=\"wp-block-image\"><img loading=\"lazy\" decoding=\"async\" width=\"1024\" height=\"678\" src=\"https:\/\/www.saint-paul-angouleme.fr\/application\/wp-content\/uploads\/2022\/05\/DSC_0399-1-1024x678.jpg\" alt=\"\" class=\"wp-image-6069\" srcset=\"https:\/\/www.saint-paul-angouleme.fr\/application\/wp-content\/uploads\/2022\/05\/DSC_0399-1-1024x678.jpg 1024w, https:\/\/www.saint-paul-angouleme.fr\/application\/wp-content\/uploads\/2022\/05\/DSC_0399-1-300x199.jpg 300w, https:\/\/www.saint-paul-angouleme.fr\/application\/wp-content\/uploads\/2022\/05\/DSC_0399-1-768x509.jpg 768w\" sizes=\"(max-width: 1024px) 100vw, 1024px\" \/><\/figure>\n\n\n\n<h3 class=\"wp-block-heading\"><strong>SP&nbsp;: Peux-tu parler un peu de ton sport&nbsp;? Comment le pratiques-tu&nbsp;?<\/strong><\/h3>\n\n\n\n<p class=\"justification_texte { text-align: justify;}\">E. SL&nbsp;: Je suis class\u00e9 dans la cat\u00e9gorie \u00ab&nbsp;Juniors\n1 gar\u00e7ons&nbsp;\u00bb, mix\u00e9 avec les \u00ab&nbsp;Juniors 2&nbsp;\u00bb. Il y a plusieurs types\nde bateaux&nbsp;: les bateaux \u00ab&nbsp;de couple&nbsp;\u00bb et les bateaux \u00ab&nbsp;de\npointe&nbsp;\u00bb. <\/p>\n\n\n\n<p class=\"justification_texte { text-align: justify;}\">J\u2019aime bien pratiquer le \u00ab&nbsp;SKIFF&nbsp;\u00bb&nbsp;: je suis seul dans le bateau (bateau court) avec deux rames. Dans les bateaux \u00ab&nbsp;de pointe&nbsp;\u00bb, on peut \u00eatre deux, quatre ou huit (avec ou sans barreur), chacun a une rame (ou \u00ab&nbsp;pelle&nbsp;\u00bb).<\/p>\n\n\n\n<h3 class=\"wp-block-heading\"><strong>SP&nbsp;: Qu\u2019est-ce qui te plait le plus dans cette pratique&nbsp;?<\/strong><\/h3>\n\n\n\n<p class=\"justification_texte { text-align: justify;}\">E. SL&nbsp;: J\u2019aime beaucoup le c\u00f4t\u00e9 \u00ab&nbsp;sport&nbsp;\u00bb\net \u00e9quipe. On doit penser \u00e0 soi (\u00eatre dans sa forme optimale) pour fonctionner\nensemble. J\u2019appr\u00e9cie aussi le d\u00e9passement de soi (une course dure 20 \u00e0 26\nminutes) car, m\u00eame quand on a plus de force, on continue \u00e0 se battre pour aller\njusqu\u2019au bout&nbsp;: \u00ab&nbsp;on d\u00e9pose le cerveau&nbsp;\u00bb (NDLR&nbsp;: pour\noublier la douleur) et on avance.<\/p>\n\n\n\n<p class=\"justification_texte { text-align: justify;}\">Ce qui est bien \u00e9galement c\u2019est que nous sommes\nun petit club. On se connait tous tr\u00e8s bien, il y a donc une \u00e9mulation entre\nnous qui est importante pour progresser.<\/p>\n\n\n\n<figure class=\"wp-block-image\"><img loading=\"lazy\" decoding=\"async\" width=\"1024\" height=\"683\" src=\"https:\/\/www.saint-paul-angouleme.fr\/application\/wp-content\/uploads\/2022\/05\/FB_IMG_1647211407276-1024x683.jpg\" alt=\"\" class=\"wp-image-6071\" srcset=\"https:\/\/www.saint-paul-angouleme.fr\/application\/wp-content\/uploads\/2022\/05\/FB_IMG_1647211407276-1024x683.jpg 1024w, https:\/\/www.saint-paul-angouleme.fr\/application\/wp-content\/uploads\/2022\/05\/FB_IMG_1647211407276-300x200.jpg 300w, https:\/\/www.saint-paul-angouleme.fr\/application\/wp-content\/uploads\/2022\/05\/FB_IMG_1647211407276-768x512.jpg 768w, https:\/\/www.saint-paul-angouleme.fr\/application\/wp-content\/uploads\/2022\/05\/FB_IMG_1647211407276.jpg 1080w\" sizes=\"(max-width: 1024px) 100vw, 1024px\" \/><\/figure>\n\n\n\n<h3 class=\"wp-block-heading\"><strong>SP&nbsp;: Combien de fois t\u2019entra\u00eenes-tu par semaine&nbsp;? Combien d\u2019heures&nbsp;?<\/strong><\/h3>\n\n\n\n<p class=\"justification_texte { text-align: justify;}\">E. SL&nbsp;: L\u2019entra\u00eenement d\u00e9pend des\ncomp\u00e9titions. On peut avoir jusqu\u2019\u00e0 sept sorties (avec 1 jour de pause),\nnormalement il y en a six. Il y a deux types d\u2019entra\u00eenements&nbsp;: <\/p>\n\n\n\n<p>&#8211; rameur en salle (de 40 minutes \u00e0 une heure)<\/p>\n\n\n\n<p>&#8211; entra\u00eenement sur l\u2019eau (environ 1h30 avec\npause).<\/p>\n\n\n\n<p>Pendant les confinements j\u2019ai fait du CrossFit et du rameur.<\/p>\n\n\n\n<h3 class=\"wp-block-heading\"><strong>SP&nbsp;: Comment s\u2019organisent les comp\u00e9titions&nbsp;?<\/strong><\/h3>\n\n\n\n<p class=\"justification_texte { text-align: justify;}\">E. SL&nbsp;: il y en a de plusieurs types&nbsp;: sprints, basics, t\u00eates de rivi\u00e8res. Chaque ann\u00e9e il y a une comp\u00e9tition de rivi\u00e8re. On peut faire 15 \u00e0 16 kilom\u00e8tres (parfois plus de 20 en course).<\/p>\n\n\n\n<p class=\"justification_texte { text-align: justify;}\">Nous avons des championnats de zone pour bateaux courts et d\u2019autres pour bateaux longs. Il faut \u00eatre qualifi\u00e9 pour acc\u00e9der au \u00ab&nbsp;Championnat de France&nbsp;\u00bb. De m\u00eame, il faut beaucoup de journ\u00e9es de comp\u00e9tition pour entrer en ligue.<\/p>\n\n\n\n<h3 class=\"wp-block-heading\"><strong>SP&nbsp;:<\/strong> <strong>Comment t\u2019organises-tu lorsque tu pars en comp\u00e9tition en France ou \u00e0 l\u2019\u00e9tranger&nbsp;?<\/strong><\/h3>\n\n\n\n<p class=\"justification_texte { text-align: justify;}\">E. SL&nbsp;: Je travaille au maximum mes cours avant de partir pour me concentrer exclusivement sur mes comp\u00e9titions. D\u2019ailleurs, trois heures avant je suis centr\u00e9 uniquement sur ma course, je ne mange ni ne bois rien, je ne suis que sur ma pr\u00e9paration mentale et physique.<\/p>\n\n\n\n<h4 class=\"wp-block-heading\">Une tr\u00e8s courte vid\u00e9o :<\/h4>\n\n\n\n<p><a href=\"https:\/\/youtube.com\/shorts\/cqR2Co3Y4hE?feature=share\">https:\/\/youtube.com\/shorts\/cqR2Co3Y4hE?feature=share<\/a><\/p>\n","protected":false},"excerpt":{"rendered":"<p>Apr\u00e8s Arthur CAILLOUX-OTT, nous vous pr\u00e9sentons un autre \u00e9l\u00e8ve passionn\u00e9 par son sport&nbsp;: Eliot SADY LEWDEN. Eliot, \u00e9l\u00e8ve de premi\u00e8re au Lyc\u00e9e Saint-Paul, pratique l\u2019aviron. L\u2019occasion de d\u00e9couvrir cette sp\u00e9cialit\u00e9 sportive \u00e0 travers son interview. SP&nbsp;: Depuis combien de temps pratiques-tu l\u2019aviron&nbsp;? Quel est ton parcours&nbsp;? E. SL&nbsp;: C\u2019est ma troisi\u00e8me ann\u00e9e. Avant, je faisais &#8230; <a title=\"Lyc\u00e9en et sportif : le choix de l\u2019aviron pour Eliot\" class=\"read-more\" href=\"https:\/\/www.saint-paul-angouleme.fr\/application\/lyceen-et-sportif-le-choix-de-laviron-pour-eliot\/\" aria-label=\"Read more about Lyc\u00e9en et sportif : le choix de l\u2019aviron pour Eliot\">Lire la suite<\/a><\/p>\n","protected":false},"author":3,"featured_media":6068,"comment_status":"open","ping_status":"open","sticky":false,"template":"","format":"standard","meta":{"_exactmetrics_skip_tracking":false,"_exactmetrics_sitenote_active":false,"_exactmetrics_sitenote_note":"","_exactmetrics_sitenote_category":0,"footnotes":""},"categories":[523],"tags":[],"class_list":["post-6065","post","type-post","status-publish","format-standard","has-post-thumbnail","hentry","category-regard-sur"],"yoast_head":"<!-- This site is optimized with the Yoast SEO plugin v23.3 - https:\/\/yoast.com\/wordpress\/plugins\/seo\/ -->\n<title>Eliot : lyc\u00e9en en classe de premi\u00e8re et passionn\u00e9 d&#039;aviron.<\/title>\n<meta name=\"description\" content=\"On peut \u00eatre un bon \u00e9l\u00e8ve et pratiquer son sport favori y compris en comp\u00e9tition. Eliot nous parle de sa passion pour l&#039;aviron.\" \/>\n<meta name=\"robots\" content=\"index, follow, max-snippet:-1, max-image-preview:large, max-video-preview:-1\" \/>\n<link rel=\"canonical\" href=\"https:\/\/www.saint-paul-angouleme.fr\/application\/lyceen-et-sportif-le-choix-de-laviron-pour-eliot\/\" \/>\n<meta property=\"og:locale\" content=\"fr_FR\" \/>\n<meta property=\"og:type\" content=\"article\" \/>\n<meta property=\"og:title\" content=\"Eliot : lyc\u00e9en en classe de premi\u00e8re et passionn\u00e9 d&#039;aviron.\" \/>\n<meta property=\"og:description\" content=\"On peut \u00eatre un bon \u00e9l\u00e8ve et pratiquer son sport favori y compris en comp\u00e9tition. Eliot nous parle de sa passion pour l&#039;aviron.\" \/>\n<meta property=\"og:url\" content=\"https:\/\/www.saint-paul-angouleme.fr\/application\/lyceen-et-sportif-le-choix-de-laviron-pour-eliot\/\" \/>\n<meta property=\"og:site_name\" content=\"Actualit\u00e9s\" \/>\n<meta property=\"article:publisher\" content=\"https:\/\/www.facebook.com\/SaintPaulAngouleme16\/\" \/>\n<meta property=\"article:published_time\" content=\"2022-05-10T16:18:01+00:00\" \/>\n<meta property=\"article:modified_time\" content=\"2022-05-12T07:42:41+00:00\" \/>\n<meta property=\"og:image\" content=\"https:\/\/www.saint-paul-angouleme.fr\/application\/wp-content\/uploads\/2022\/05\/image00001.jpeg\" \/>\n\t<meta property=\"og:image:width\" content=\"2048\" \/>\n\t<meta property=\"og:image:height\" content=\"1536\" \/>\n\t<meta property=\"og:image:type\" content=\"image\/jpeg\" \/>\n<meta name=\"author\" content=\"SAINT-PAUL\" \/>\n<meta name=\"twitter:card\" content=\"summary_large_image\" \/>\n<meta name=\"twitter:creator\" content=\"@StPaulAngoulem\" \/>\n<meta name=\"twitter:site\" content=\"@StPaulAngoulem\" \/>\n<meta name=\"twitter:label1\" content=\"\u00c9crit par\" \/>\n\t<meta name=\"twitter:data1\" content=\"SAINT-PAUL\" \/>\n\t<meta name=\"twitter:label2\" content=\"Dur\u00e9e de lecture estim\u00e9e\" \/>\n\t<meta name=\"twitter:data2\" content=\"3 minutes\" \/>\n<script type=\"application\/ld+json\" class=\"yoast-schema-graph\">{\"@context\":\"https:\/\/schema.org\",\"@graph\":[{\"@type\":\"Article\",\"@id\":\"https:\/\/www.saint-paul-angouleme.fr\/application\/lyceen-et-sportif-le-choix-de-laviron-pour-eliot\/#article\",\"isPartOf\":{\"@id\":\"https:\/\/www.saint-paul-angouleme.fr\/application\/lyceen-et-sportif-le-choix-de-laviron-pour-eliot\/\"},\"author\":{\"name\":\"SAINT-PAUL\",\"@id\":\"https:\/\/www.saint-paul-angouleme.fr\/application\/#\/schema\/person\/ea152930b1a3823659065827b1a5fb9b\"},\"headline\":\"Lyc\u00e9en et sportif : le choix de l\u2019aviron pour Eliot\",\"datePublished\":\"2022-05-10T16:18:01+00:00\",\"dateModified\":\"2022-05-12T07:42:41+00:00\",\"mainEntityOfPage\":{\"@id\":\"https:\/\/www.saint-paul-angouleme.fr\/application\/lyceen-et-sportif-le-choix-de-laviron-pour-eliot\/\"},\"wordCount\":670,\"commentCount\":0,\"publisher\":{\"@id\":\"https:\/\/www.saint-paul-angouleme.fr\/application\/#organization\"},\"image\":{\"@id\":\"https:\/\/www.saint-paul-angouleme.fr\/application\/lyceen-et-sportif-le-choix-de-laviron-pour-eliot\/#primaryimage\"},\"thumbnailUrl\":\"https:\/\/www.saint-paul-angouleme.fr\/application\/wp-content\/uploads\/2022\/05\/image00001.jpeg\",\"articleSection\":[\"Regard sur\"],\"inLanguage\":\"fr-FR\",\"potentialAction\":[{\"@type\":\"CommentAction\",\"name\":\"Comment\",\"target\":[\"https:\/\/www.saint-paul-angouleme.fr\/application\/lyceen-et-sportif-le-choix-de-laviron-pour-eliot\/#respond\"]}]},{\"@type\":\"WebPage\",\"@id\":\"https:\/\/www.saint-paul-angouleme.fr\/application\/lyceen-et-sportif-le-choix-de-laviron-pour-eliot\/\",\"url\":\"https:\/\/www.saint-paul-angouleme.fr\/application\/lyceen-et-sportif-le-choix-de-laviron-pour-eliot\/\",\"name\":\"Eliot : lyc\u00e9en en classe de premi\u00e8re et passionn\u00e9 d'aviron.\",\"isPartOf\":{\"@id\":\"https:\/\/www.saint-paul-angouleme.fr\/application\/#website\"},\"primaryImageOfPage\":{\"@id\":\"https:\/\/www.saint-paul-angouleme.fr\/application\/lyceen-et-sportif-le-choix-de-laviron-pour-eliot\/#primaryimage\"},\"image\":{\"@id\":\"https:\/\/www.saint-paul-angouleme.fr\/application\/lyceen-et-sportif-le-choix-de-laviron-pour-eliot\/#primaryimage\"},\"thumbnailUrl\":\"https:\/\/www.saint-paul-angouleme.fr\/application\/wp-content\/uploads\/2022\/05\/image00001.jpeg\",\"datePublished\":\"2022-05-10T16:18:01+00:00\",\"dateModified\":\"2022-05-12T07:42:41+00:00\",\"description\":\"On peut \u00eatre un bon \u00e9l\u00e8ve et pratiquer son sport favori y compris en comp\u00e9tition. Eliot nous parle de sa passion pour l'aviron.\",\"breadcrumb\":{\"@id\":\"https:\/\/www.saint-paul-angouleme.fr\/application\/lyceen-et-sportif-le-choix-de-laviron-pour-eliot\/#breadcrumb\"},\"inLanguage\":\"fr-FR\",\"potentialAction\":[{\"@type\":\"ReadAction\",\"target\":[\"https:\/\/www.saint-paul-angouleme.fr\/application\/lyceen-et-sportif-le-choix-de-laviron-pour-eliot\/\"]}]},{\"@type\":\"ImageObject\",\"inLanguage\":\"fr-FR\",\"@id\":\"https:\/\/www.saint-paul-angouleme.fr\/application\/lyceen-et-sportif-le-choix-de-laviron-pour-eliot\/#primaryimage\",\"url\":\"https:\/\/www.saint-paul-angouleme.fr\/application\/wp-content\/uploads\/2022\/05\/image00001.jpeg\",\"contentUrl\":\"https:\/\/www.saint-paul-angouleme.fr\/application\/wp-content\/uploads\/2022\/05\/image00001.jpeg\",\"width\":2048,\"height\":1536,\"caption\":\"Sur la Charente en aviron\"},{\"@type\":\"BreadcrumbList\",\"@id\":\"https:\/\/www.saint-paul-angouleme.fr\/application\/lyceen-et-sportif-le-choix-de-laviron-pour-eliot\/#breadcrumb\",\"itemListElement\":[{\"@type\":\"ListItem\",\"position\":1,\"name\":\"Accueil\",\"item\":\"http:\/\/www.saint-paul-angouleme.fr\/application\/\"},{\"@type\":\"ListItem\",\"position\":2,\"name\":\"Lyc\u00e9en et sportif : le choix de l\u2019aviron pour Eliot\"}]},{\"@type\":\"WebSite\",\"@id\":\"https:\/\/www.saint-paul-angouleme.fr\/application\/#website\",\"url\":\"https:\/\/www.saint-paul-angouleme.fr\/application\/\",\"name\":\"Actualit\u00e9s\",\"description\":\"Actualit\u00e9s Saint Paul\",\"publisher\":{\"@id\":\"https:\/\/www.saint-paul-angouleme.fr\/application\/#organization\"},\"potentialAction\":[{\"@type\":\"SearchAction\",\"target\":{\"@type\":\"EntryPoint\",\"urlTemplate\":\"https:\/\/www.saint-paul-angouleme.fr\/application\/?s={search_term_string}\"},\"query-input\":\"required name=search_term_string\"}],\"inLanguage\":\"fr-FR\"},{\"@type\":\"Organization\",\"@id\":\"https:\/\/www.saint-paul-angouleme.fr\/application\/#organization\",\"name\":\"Ensemble scolaire Saint-Paul\",\"url\":\"https:\/\/www.saint-paul-angouleme.fr\/application\/\",\"logo\":{\"@type\":\"ImageObject\",\"inLanguage\":\"fr-FR\",\"@id\":\"https:\/\/www.saint-paul-angouleme.fr\/application\/#\/schema\/logo\/image\/\",\"url\":\"https:\/\/www.saint-paul-angouleme.fr\/application\/wp-content\/uploads\/2018\/08\/logo-saint-paul-couleurs.jpg\",\"contentUrl\":\"https:\/\/www.saint-paul-angouleme.fr\/application\/wp-content\/uploads\/2018\/08\/logo-saint-paul-couleurs.jpg\",\"width\":1890,\"height\":709,\"caption\":\"Ensemble scolaire Saint-Paul\"},\"image\":{\"@id\":\"https:\/\/www.saint-paul-angouleme.fr\/application\/#\/schema\/logo\/image\/\"},\"sameAs\":[\"https:\/\/www.facebook.com\/SaintPaulAngouleme16\/\",\"https:\/\/x.com\/StPaulAngoulem\",\"https:\/\/www.youtube.com\/channel\/UCRLpz1CmPVqc0gn--YyXvjA?view_as=subscriber\"]},{\"@type\":\"Person\",\"@id\":\"https:\/\/www.saint-paul-angouleme.fr\/application\/#\/schema\/person\/ea152930b1a3823659065827b1a5fb9b\",\"name\":\"SAINT-PAUL\",\"image\":{\"@type\":\"ImageObject\",\"inLanguage\":\"fr-FR\",\"@id\":\"https:\/\/www.saint-paul-angouleme.fr\/application\/#\/schema\/person\/image\/\",\"url\":\"https:\/\/secure.gravatar.com\/avatar\/eadb0ffebc02683a61d69038eb2924f0?s=96&r=g\",\"contentUrl\":\"https:\/\/secure.gravatar.com\/avatar\/eadb0ffebc02683a61d69038eb2924f0?s=96&r=g\",\"caption\":\"SAINT-PAUL\"},\"url\":\"https:\/\/www.saint-paul-angouleme.fr\/application\/author\/myriam\/\"}]}<\/script>\n<!-- \/ Yoast SEO plugin. -->","yoast_head_json":{"title":"Eliot : lyc\u00e9en en classe de premi\u00e8re et passionn\u00e9 d'aviron.","description":"On peut \u00eatre un bon \u00e9l\u00e8ve et pratiquer son sport favori y compris en comp\u00e9tition. Eliot nous parle de sa passion pour l'aviron.","robots":{"index":"index","follow":"follow","max-snippet":"max-snippet:-1","max-image-preview":"max-image-preview:large","max-video-preview":"max-video-preview:-1"},"canonical":"https:\/\/www.saint-paul-angouleme.fr\/application\/lyceen-et-sportif-le-choix-de-laviron-pour-eliot\/","og_locale":"fr_FR","og_type":"article","og_title":"Eliot : lyc\u00e9en en classe de premi\u00e8re et passionn\u00e9 d'aviron.","og_description":"On peut \u00eatre un bon \u00e9l\u00e8ve et pratiquer son sport favori y compris en comp\u00e9tition. Eliot nous parle de sa passion pour l'aviron.","og_url":"https:\/\/www.saint-paul-angouleme.fr\/application\/lyceen-et-sportif-le-choix-de-laviron-pour-eliot\/","og_site_name":"Actualit\u00e9s","article_publisher":"https:\/\/www.facebook.com\/SaintPaulAngouleme16\/","article_published_time":"2022-05-10T16:18:01+00:00","article_modified_time":"2022-05-12T07:42:41+00:00","og_image":[{"width":2048,"height":1536,"url":"https:\/\/www.saint-paul-angouleme.fr\/application\/wp-content\/uploads\/2022\/05\/image00001.jpeg","type":"image\/jpeg"}],"author":"SAINT-PAUL","twitter_card":"summary_large_image","twitter_creator":"@StPaulAngoulem","twitter_site":"@StPaulAngoulem","twitter_misc":{"\u00c9crit par":"SAINT-PAUL","Dur\u00e9e de lecture estim\u00e9e":"3 minutes"},"schema":{"@context":"https:\/\/schema.org","@graph":[{"@type":"Article","@id":"https:\/\/www.saint-paul-angouleme.fr\/application\/lyceen-et-sportif-le-choix-de-laviron-pour-eliot\/#article","isPartOf":{"@id":"https:\/\/www.saint-paul-angouleme.fr\/application\/lyceen-et-sportif-le-choix-de-laviron-pour-eliot\/"},"author":{"name":"SAINT-PAUL","@id":"https:\/\/www.saint-paul-angouleme.fr\/application\/#\/schema\/person\/ea152930b1a3823659065827b1a5fb9b"},"headline":"Lyc\u00e9en et sportif : le choix de l\u2019aviron pour Eliot","datePublished":"2022-05-10T16:18:01+00:00","dateModified":"2022-05-12T07:42:41+00:00","mainEntityOfPage":{"@id":"https:\/\/www.saint-paul-angouleme.fr\/application\/lyceen-et-sportif-le-choix-de-laviron-pour-eliot\/"},"wordCount":670,"commentCount":0,"publisher":{"@id":"https:\/\/www.saint-paul-angouleme.fr\/application\/#organization"},"image":{"@id":"https:\/\/www.saint-paul-angouleme.fr\/application\/lyceen-et-sportif-le-choix-de-laviron-pour-eliot\/#primaryimage"},"thumbnailUrl":"https:\/\/www.saint-paul-angouleme.fr\/application\/wp-content\/uploads\/2022\/05\/image00001.jpeg","articleSection":["Regard sur"],"inLanguage":"fr-FR","potentialAction":[{"@type":"CommentAction","name":"Comment","target":["https:\/\/www.saint-paul-angouleme.fr\/application\/lyceen-et-sportif-le-choix-de-laviron-pour-eliot\/#respond"]}]},{"@type":"WebPage","@id":"https:\/\/www.saint-paul-angouleme.fr\/application\/lyceen-et-sportif-le-choix-de-laviron-pour-eliot\/","url":"https:\/\/www.saint-paul-angouleme.fr\/application\/lyceen-et-sportif-le-choix-de-laviron-pour-eliot\/","name":"Eliot : lyc\u00e9en en classe de premi\u00e8re et passionn\u00e9 d'aviron.","isPartOf":{"@id":"https:\/\/www.saint-paul-angouleme.fr\/application\/#website"},"primaryImageOfPage":{"@id":"https:\/\/www.saint-paul-angouleme.fr\/application\/lyceen-et-sportif-le-choix-de-laviron-pour-eliot\/#primaryimage"},"image":{"@id":"https:\/\/www.saint-paul-angouleme.fr\/application\/lyceen-et-sportif-le-choix-de-laviron-pour-eliot\/#primaryimage"},"thumbnailUrl":"https:\/\/www.saint-paul-angouleme.fr\/application\/wp-content\/uploads\/2022\/05\/image00001.jpeg","datePublished":"2022-05-10T16:18:01+00:00","dateModified":"2022-05-12T07:42:41+00:00","description":"On peut \u00eatre un bon \u00e9l\u00e8ve et pratiquer son sport favori y compris en comp\u00e9tition. Eliot nous parle de sa passion pour l'aviron.","breadcrumb":{"@id":"https:\/\/www.saint-paul-angouleme.fr\/application\/lyceen-et-sportif-le-choix-de-laviron-pour-eliot\/#breadcrumb"},"inLanguage":"fr-FR","potentialAction":[{"@type":"ReadAction","target":["https:\/\/www.saint-paul-angouleme.fr\/application\/lyceen-et-sportif-le-choix-de-laviron-pour-eliot\/"]}]},{"@type":"ImageObject","inLanguage":"fr-FR","@id":"https:\/\/www.saint-paul-angouleme.fr\/application\/lyceen-et-sportif-le-choix-de-laviron-pour-eliot\/#primaryimage","url":"https:\/\/www.saint-paul-angouleme.fr\/application\/wp-content\/uploads\/2022\/05\/image00001.jpeg","contentUrl":"https:\/\/www.saint-paul-angouleme.fr\/application\/wp-content\/uploads\/2022\/05\/image00001.jpeg","width":2048,"height":1536,"caption":"Sur la Charente en aviron"},{"@type":"BreadcrumbList","@id":"https:\/\/www.saint-paul-angouleme.fr\/application\/lyceen-et-sportif-le-choix-de-laviron-pour-eliot\/#breadcrumb","itemListElement":[{"@type":"ListItem","position":1,"name":"Accueil","item":"http:\/\/www.saint-paul-angouleme.fr\/application\/"},{"@type":"ListItem","position":2,"name":"Lyc\u00e9en et sportif : le choix de l\u2019aviron pour Eliot"}]},{"@type":"WebSite","@id":"https:\/\/www.saint-paul-angouleme.fr\/application\/#website","url":"https:\/\/www.saint-paul-angouleme.fr\/application\/","name":"Actualit\u00e9s","description":"Actualit\u00e9s Saint Paul","publisher":{"@id":"https:\/\/www.saint-paul-angouleme.fr\/application\/#organization"},"potentialAction":[{"@type":"SearchAction","target":{"@type":"EntryPoint","urlTemplate":"https:\/\/www.saint-paul-angouleme.fr\/application\/?s={search_term_string}"},"query-input":"required name=search_term_string"}],"inLanguage":"fr-FR"},{"@type":"Organization","@id":"https:\/\/www.saint-paul-angouleme.fr\/application\/#organization","name":"Ensemble scolaire Saint-Paul","url":"https:\/\/www.saint-paul-angouleme.fr\/application\/","logo":{"@type":"ImageObject","inLanguage":"fr-FR","@id":"https:\/\/www.saint-paul-angouleme.fr\/application\/#\/schema\/logo\/image\/","url":"https:\/\/www.saint-paul-angouleme.fr\/application\/wp-content\/uploads\/2018\/08\/logo-saint-paul-couleurs.jpg","contentUrl":"https:\/\/www.saint-paul-angouleme.fr\/application\/wp-content\/uploads\/2018\/08\/logo-saint-paul-couleurs.jpg","width":1890,"height":709,"caption":"Ensemble scolaire Saint-Paul"},"image":{"@id":"https:\/\/www.saint-paul-angouleme.fr\/application\/#\/schema\/logo\/image\/"},"sameAs":["https:\/\/www.facebook.com\/SaintPaulAngouleme16\/","https:\/\/x.com\/StPaulAngoulem","https:\/\/www.youtube.com\/channel\/UCRLpz1CmPVqc0gn--YyXvjA?view_as=subscriber"]},{"@type":"Person","@id":"https:\/\/www.saint-paul-angouleme.fr\/application\/#\/schema\/person\/ea152930b1a3823659065827b1a5fb9b","name":"SAINT-PAUL","image":{"@type":"ImageObject","inLanguage":"fr-FR","@id":"https:\/\/www.saint-paul-angouleme.fr\/application\/#\/schema\/person\/image\/","url":"https:\/\/secure.gravatar.com\/avatar\/eadb0ffebc02683a61d69038eb2924f0?s=96&r=g","contentUrl":"https:\/\/secure.gravatar.com\/avatar\/eadb0ffebc02683a61d69038eb2924f0?s=96&r=g","caption":"SAINT-PAUL"},"url":"https:\/\/www.saint-paul-angouleme.fr\/application\/author\/myriam\/"}]}},"_links":{"self":[{"href":"https:\/\/www.saint-paul-angouleme.fr\/application\/wp-json\/wp\/v2\/posts\/6065"}],"collection":[{"href":"https:\/\/www.saint-paul-angouleme.fr\/application\/wp-json\/wp\/v2\/posts"}],"about":[{"href":"https:\/\/www.saint-paul-angouleme.fr\/application\/wp-json\/wp\/v2\/types\/post"}],"author":[{"embeddable":true,"href":"https:\/\/www.saint-paul-angouleme.fr\/application\/wp-json\/wp\/v2\/users\/3"}],"replies":[{"embeddable":true,"href":"https:\/\/www.saint-paul-angouleme.fr\/application\/wp-json\/wp\/v2\/comments?post=6065"}],"version-history":[{"count":14,"href":"https:\/\/www.saint-paul-angouleme.fr\/application\/wp-json\/wp\/v2\/posts\/6065\/revisions"}],"predecessor-version":[{"id":6087,"href":"https:\/\/www.saint-paul-angouleme.fr\/application\/wp-json\/wp\/v2\/posts\/6065\/revisions\/6087"}],"wp:featuredmedia":[{"embeddable":true,"href":"https:\/\/www.saint-paul-angouleme.fr\/application\/wp-json\/wp\/v2\/media\/6068"}],"wp:attachment":[{"href":"https:\/\/www.saint-paul-angouleme.fr\/application\/wp-json\/wp\/v2\/media?parent=6065"}],"wp:term":[{"taxonomy":"category","embeddable":true,"href":"https:\/\/www.saint-paul-angouleme.fr\/application\/wp-json\/wp\/v2\/categories?post=6065"},{"taxonomy":"post_tag","embeddable":true,"href":"https:\/\/www.saint-paul-angouleme.fr\/application\/wp-json\/wp\/v2\/tags?post=6065"}],"curies":[{"name":"wp","href":"https:\/\/api.w.org\/{rel}","templated":true}]}}