{"id":6049,"date":"2022-05-05T17:15:48","date_gmt":"2022-05-05T15:15:48","guid":{"rendered":"https:\/\/www.saint-paul-angouleme.fr\/application\/?p=6049"},"modified":"2022-05-05T17:15:51","modified_gmt":"2022-05-05T15:15:51","slug":"lecture-theatralisee-la-chute-de-la-maison-usher","status":"publish","type":"post","link":"https:\/\/www.saint-paul-angouleme.fr\/application\/lecture-theatralisee-la-chute-de-la-maison-usher\/","title":{"rendered":"Lecture th\u00e9\u00e2tralis\u00e9e : &#8220;La chute de la maison Usher&#8221;"},"content":{"rendered":"\n<figure class=\"wp-block-image\"><img loading=\"lazy\" decoding=\"async\" width=\"1024\" height=\"576\" src=\"https:\/\/www.saint-paul-angouleme.fr\/application\/wp-content\/uploads\/2022\/05\/20220207_143500-1024x576.jpg\" alt=\"\" class=\"wp-image-6056\" srcset=\"https:\/\/www.saint-paul-angouleme.fr\/application\/wp-content\/uploads\/2022\/05\/20220207_143500-1024x576.jpg 1024w, https:\/\/www.saint-paul-angouleme.fr\/application\/wp-content\/uploads\/2022\/05\/20220207_143500-300x169.jpg 300w, https:\/\/www.saint-paul-angouleme.fr\/application\/wp-content\/uploads\/2022\/05\/20220207_143500-768x432.jpg 768w\" sizes=\"(max-width: 1024px) 100vw, 1024px\" \/><\/figure>\n\n\n\n<p class=\"justification_texte { text-align: justify;}\">Dans le cadre\ndu \u00ab&nbsp;Parcours d\u2019\u00e9ducation artistique et culturel de l\u2019\u00e9l\u00e8ve&nbsp;\u00bb une\ns\u00e9ance autour des \u00ab&nbsp;langages artistiques&nbsp;\u00bb pour les classes de 4<sup>\u00e8me<\/sup>\net \u00ab&nbsp;de la cr\u00e9ation et du rapport aux arts&nbsp;\u00bb pour les secondes est\npropos\u00e9e le 7 f\u00e9vrier 2022. Ces classes peuvent ainsi assister \u00e0 la lecture\nth\u00e9\u00e2tralis\u00e9e d\u2019une nouvelle fantastique d\u2019Allan Edgar Poe&nbsp;: \u00ab&nbsp;La\nchute de la maison Usher&nbsp;\u00bb. Avant l\u2019intervention de l\u2019artiste un travail\nsur l\u2019\u0153uvre est fait en cours.<\/p>\n\n\n\n<figure class=\"wp-block-image\"><img loading=\"lazy\" decoding=\"async\" width=\"1024\" height=\"768\" src=\"https:\/\/www.saint-paul-angouleme.fr\/application\/wp-content\/uploads\/2022\/05\/01-1024x768.jpeg\" alt=\"\" class=\"wp-image-6052\" srcset=\"https:\/\/www.saint-paul-angouleme.fr\/application\/wp-content\/uploads\/2022\/05\/01-1024x768.jpeg 1024w, https:\/\/www.saint-paul-angouleme.fr\/application\/wp-content\/uploads\/2022\/05\/01-300x225.jpeg 300w, https:\/\/www.saint-paul-angouleme.fr\/application\/wp-content\/uploads\/2022\/05\/01-768x576.jpeg 768w\" sizes=\"(max-width: 1024px) 100vw, 1024px\" \/><\/figure>\n\n\n\n<h3 class=\"wp-block-heading\">Lecture th\u00e9\u00e2tralis\u00e9e : une approche ludique de l&#8217;anglais<\/h3>\n\n\n\n<p class=\"justification_texte { text-align: justify;}\">Salle Saint-Paul, plusieurs s\u00e9ances sont propos\u00e9es pour ces niveaux. D\u00e9cor sobre et bande son accompagnent la lecture faite par le com\u00e9dien Lucas Tsolakian (\u00ab\u00a0<a href=\"https:\/\/theperformersinc.com\/storytelling_thefallofthehouseofusher.php\" target=\"_blank\" rel=\"noreferrer noopener\" aria-label=\"The Performers Inc. (s\u2019ouvre dans un nouvel onglet)\">The Performers Inc.<\/a>\u00a0\u00bb). La lecture se fait en anglais, l\u2019auditoire est attentif.<\/p>\n\n\n\n<p class=\"justification_texte { text-align: justify;}\">La narration\ncommence. L\u2019artiste se fait \u00e0 la fois r\u00e9citant et personnage(s). On est pris\npar l\u2019intrigue du fait du jeu d\u2019acteur. L\u2019anglais est parfait et les\nintonations nous plongent litt\u00e9ralement au c\u0153ur de la maison. Certains passages\nsont chant\u00e9s, ajoutant une couleur \u00ab&nbsp;com\u00e9die musicale&nbsp;\u00bb. C\u2019est donc\nun moment captivant et ludique que nos \u00e9l\u00e8ves vivent. On entre alors facilement\ndans &nbsp;l\u2019histoire et l\u2019on en saisit le\nsens.<\/p>\n\n\n\n<figure class=\"wp-block-image\"><img loading=\"lazy\" decoding=\"async\" width=\"1024\" height=\"576\" src=\"https:\/\/www.saint-paul-angouleme.fr\/application\/wp-content\/uploads\/2022\/05\/20220207_144009-1024x576.jpg\" alt=\"\" class=\"wp-image-6050\" srcset=\"https:\/\/www.saint-paul-angouleme.fr\/application\/wp-content\/uploads\/2022\/05\/20220207_144009-1024x576.jpg 1024w, https:\/\/www.saint-paul-angouleme.fr\/application\/wp-content\/uploads\/2022\/05\/20220207_144009-300x169.jpg 300w, https:\/\/www.saint-paul-angouleme.fr\/application\/wp-content\/uploads\/2022\/05\/20220207_144009-768x432.jpg 768w\" sizes=\"(max-width: 1024px) 100vw, 1024px\" \/><\/figure>\n\n\n\n<h3 class=\"wp-block-heading\">Des objectifs largement atteints<\/h3>\n\n\n\n<p class=\"justification_texte { text-align: justify;}\">Les objectifs\nsont atteints&nbsp;: compr\u00e9hension de messages oraux et documents sonores,\nfamiliarisation avec la langue, entra\u00eenement \u00e0 la m\u00e9morisation. Pour les \u00e9l\u00e8ves\nde seconde \u00e9galement qui, \u00e0 travers l\u2019art du th\u00e9\u00e2tre, ont acc\u00e8s \u00e0 une\nproduction artistique qui fait sens et peuvent reconna\u00eetre, ressentir des\n\u00e9motions \u00e0 travers des mots exprim\u00e9s dans une autre langue.<\/p>\n\n\n\n<figure class=\"wp-block-image\"><img loading=\"lazy\" decoding=\"async\" width=\"1024\" height=\"576\" src=\"https:\/\/www.saint-paul-angouleme.fr\/application\/wp-content\/uploads\/2022\/05\/20220207_144436-1024x576.jpg\" alt=\"\" class=\"wp-image-6054\" srcset=\"https:\/\/www.saint-paul-angouleme.fr\/application\/wp-content\/uploads\/2022\/05\/20220207_144436-1024x576.jpg 1024w, https:\/\/www.saint-paul-angouleme.fr\/application\/wp-content\/uploads\/2022\/05\/20220207_144436-300x169.jpg 300w, https:\/\/www.saint-paul-angouleme.fr\/application\/wp-content\/uploads\/2022\/05\/20220207_144436-768x432.jpg 768w\" sizes=\"(max-width: 1024px) 100vw, 1024px\" \/><\/figure>\n\n\n\n<p class=\"justification_texte { text-align: justify;}\">A la fin de la repr\u00e9sentation l\u2019acteur prend le temps d\u2019un \u00e9change avec les spectateurs. Ensuite, le \u00ab\u00a0feedback\u00a0\u00bb sur la pi\u00e8ce a \u00e9t\u00e9 repris en classe avec un travail plus approfondi sur l\u2019\u0153uvre. Pour beaucoup cette &#8220;Lecture th\u00e9\u00e2tralis\u00e9e&#8221; \u00e9tait une premi\u00e8re exp\u00e9rience.<\/p>\n\n\n\n<blockquote class=\"wp-block-quote is-layout-flow wp-block-quote-is-layout-flow\"><p>The story was very interesting, the actir was captivating and he was telling the story very well.It&#8217;s good that Saint-Paul organises events like this.<\/p><cite><em>Fran\u00e7ois, 201<\/em><\/cite><\/blockquote>\n\n\n\n<figure class=\"wp-block-embed-youtube wp-block-embed is-type-video is-provider-youtube wp-embed-aspect-16-9 wp-has-aspect-ratio\"><div class=\"wp-block-embed__wrapper\">\n<div class=\"arve\" data-mode=\"normal\" data-oembed=\"1\" data-provider=\"youtube\" id=\"arve-youtube-vq4ohoqju5u\">\n<div class=\"arve-inner\">\n<div class=\"arve-embed arve-embed--has-aspect-ratio\">\n<span class=\"arve-ar\" style=\"padding-top:56.250000%\"><\/span><iframe credentialless referrerpolicy=\"strict-origin-when-cross-origin\" allow=\"accelerometer &#039;none&#039;;ambient-light-sensor &#039;none&#039;;autoplay &#039;none&#039;;battery &#039;none&#039;;bluetooth &#039;none&#039;;browsing-topics &#039;none&#039;;camera &#039;none&#039;;ch-ua &#039;none&#039;;clipboard-read &#039;none&#039;;clipboard-write;display-capture &#039;none&#039;;document-domain &#039;none&#039;;domain-agent &#039;none&#039;;encrypted-media &#039;none&#039;;execution-while-not-rendered &#039;none&#039;;execution-while-out-of-viewport &#039;none&#039;;gamepad &#039;none&#039;;geolocation &#039;none&#039;;gyroscope &#039;none&#039;;hid &#039;none&#039;;identity-credentials-get &#039;none&#039;;idle-detection &#039;none&#039;;keyboard-map &#039;none&#039;;local-fonts &#039;none&#039;;magnetometer &#039;none&#039;;microphone &#039;none&#039;;midi &#039;none&#039;;navigation-override &#039;none&#039;;otp-credentials &#039;none&#039;;payment &#039;none&#039;;picture-in-picture;publickey-credentials-create &#039;none&#039;;publickey-credentials-get &#039;none&#039;;screen-wake-lock &#039;none&#039;;serial &#039;none&#039;;speaker-selection;sync-xhr &#039;none&#039;;usb &#039;none&#039;;web-share;window-management &#039;none&#039;;xr-spatial-tracking &#039;none&#039;;\" allowfullscreen class=\"arve-iframe fitvidsignore\" data-arve=\"arve-youtube-vq4ohoqju5u\" data-src-no-ap=\"https:\/\/www.youtube-nocookie.com\/embed\/vq4OhoqJu5U?feature=oembed&amp;iv_load_policy=3&amp;modestbranding=1&amp;rel=0&amp;autohide=1&amp;playsinline=0&amp;autoplay=0\" frameborder=\"0\" height=\"0\" name sandbox=\"allow-scripts allow-same-origin allow-presentation allow-popups allow-popups-to-escape-sandbox\" scrolling=\"no\" src=\"https:\/\/www.youtube-nocookie.com\/embed\/vq4OhoqJu5U?feature=oembed&#038;iv_load_policy=3&#038;modestbranding=1&#038;rel=0&#038;autohide=1&#038;playsinline=0&#038;autoplay=0\" width=\"0\" title loading=\"lazy\"><\/iframe>\n\n<\/div>\n\n<\/div>\n<script type=\"application\/ld+json\">{\"@context\":\"http:\\\/\\\/schema.org\\\/\",\"@id\":\"https:\\\/\\\/www.saint-paul-angouleme.fr\\\/application\\\/lecture-theatralisee-la-chute-de-la-maison-usher\\\/#arve-youtube-vq4ohoqju5u\",\"type\":\"VideoObject\",\"embedURL\":\"https:\\\/\\\/www.youtube-nocookie.com\\\/embed\\\/vq4OhoqJu5U?feature=oembed&iv_load_policy=3&modestbranding=1&rel=0&autohide=1&playsinline=0&autoplay=0\"}<\/script>\n<\/div>\n\n<\/div><\/figure>\n","protected":false},"excerpt":{"rendered":"<p>Dans le cadre du \u00ab&nbsp;Parcours d\u2019\u00e9ducation artistique et culturel de l\u2019\u00e9l\u00e8ve&nbsp;\u00bb une s\u00e9ance autour des \u00ab&nbsp;langages artistiques&nbsp;\u00bb pour les classes de 4\u00e8me et \u00ab&nbsp;de la cr\u00e9ation et du rapport aux arts&nbsp;\u00bb pour les secondes est propos\u00e9e le 7 f\u00e9vrier 2022. Ces classes peuvent ainsi assister \u00e0 la lecture th\u00e9\u00e2tralis\u00e9e d\u2019une nouvelle fantastique d\u2019Allan Edgar Poe&nbsp;: &#8230; <a title=\"Lecture th\u00e9\u00e2tralis\u00e9e : &#8220;La chute de la maison Usher&#8221;\" class=\"read-more\" href=\"https:\/\/www.saint-paul-angouleme.fr\/application\/lecture-theatralisee-la-chute-de-la-maison-usher\/\" aria-label=\"Read more about Lecture th\u00e9\u00e2tralis\u00e9e : &#8220;La chute de la maison Usher&#8221;\">Lire la suite<\/a><\/p>\n","protected":false},"author":3,"featured_media":6061,"comment_status":"open","ping_status":"open","sticky":false,"template":"","format":"standard","meta":{"_exactmetrics_skip_tracking":false,"_exactmetrics_sitenote_active":false,"_exactmetrics_sitenote_note":"","_exactmetrics_sitenote_category":0,"footnotes":""},"categories":[13],"tags":[],"class_list":["post-6049","post","type-post","status-publish","format-standard","has-post-thumbnail","hentry","category-pedagogie"],"yoast_head":"<!-- This site is optimized with the Yoast SEO plugin v23.3 - https:\/\/yoast.com\/wordpress\/plugins\/seo\/ -->\n<title>Lecture th\u00e9\u00e2tralis\u00e9e : &quot;La chute de la maison Usher&quot; - Actualit\u00e9s<\/title>\n<meta name=\"description\" content=\"Les classes de 4\u00e8me et de seconde ont assist\u00e9 \u00e0 une &quot;Lecture th\u00e9\u00e2tralis\u00e9e&quot; de la nouvelle &quot;La chute de la maison Usher d&#039;Allan Edgar POE.\" \/>\n<meta name=\"robots\" content=\"index, follow, max-snippet:-1, max-image-preview:large, max-video-preview:-1\" \/>\n<link rel=\"canonical\" href=\"https:\/\/www.saint-paul-angouleme.fr\/application\/lecture-theatralisee-la-chute-de-la-maison-usher\/\" \/>\n<meta property=\"og:locale\" content=\"fr_FR\" \/>\n<meta property=\"og:type\" content=\"article\" \/>\n<meta property=\"og:title\" content=\"Lecture th\u00e9\u00e2tralis\u00e9e : &quot;La chute de la maison Usher&quot; - Actualit\u00e9s\" \/>\n<meta property=\"og:description\" content=\"Les classes de 4\u00e8me et de seconde ont assist\u00e9 \u00e0 une &quot;Lecture th\u00e9\u00e2tralis\u00e9e&quot; de la nouvelle &quot;La chute de la maison Usher d&#039;Allan Edgar POE.\" \/>\n<meta property=\"og:url\" content=\"https:\/\/www.saint-paul-angouleme.fr\/application\/lecture-theatralisee-la-chute-de-la-maison-usher\/\" \/>\n<meta property=\"og:site_name\" content=\"Actualit\u00e9s\" \/>\n<meta property=\"article:publisher\" content=\"https:\/\/www.facebook.com\/SaintPaulAngouleme16\/\" \/>\n<meta property=\"article:published_time\" content=\"2022-05-05T15:15:48+00:00\" \/>\n<meta property=\"article:modified_time\" content=\"2022-05-05T15:15:51+00:00\" \/>\n<meta property=\"og:image\" content=\"https:\/\/www.saint-paul-angouleme.fr\/application\/wp-content\/uploads\/2022\/05\/lecture-theatralisee-la-chute-de.jpg\" \/>\n\t<meta property=\"og:image:width\" content=\"1280\" \/>\n\t<meta property=\"og:image:height\" content=\"720\" \/>\n\t<meta property=\"og:image:type\" content=\"image\/jpeg\" \/>\n<meta name=\"author\" content=\"SAINT-PAUL\" \/>\n<meta name=\"twitter:card\" content=\"summary_large_image\" \/>\n<meta name=\"twitter:creator\" content=\"@StPaulAngoulem\" \/>\n<meta name=\"twitter:site\" content=\"@StPaulAngoulem\" \/>\n<meta name=\"twitter:label1\" content=\"\u00c9crit par\" \/>\n\t<meta name=\"twitter:data1\" content=\"SAINT-PAUL\" \/>\n\t<meta name=\"twitter:label2\" content=\"Dur\u00e9e de lecture estim\u00e9e\" \/>\n\t<meta name=\"twitter:data2\" content=\"2 minutes\" \/>\n<script type=\"application\/ld+json\" class=\"yoast-schema-graph\">{\"@context\":\"https:\/\/schema.org\",\"@graph\":[{\"@type\":\"Article\",\"@id\":\"https:\/\/www.saint-paul-angouleme.fr\/application\/lecture-theatralisee-la-chute-de-la-maison-usher\/#article\",\"isPartOf\":{\"@id\":\"https:\/\/www.saint-paul-angouleme.fr\/application\/lecture-theatralisee-la-chute-de-la-maison-usher\/\"},\"author\":{\"name\":\"SAINT-PAUL\",\"@id\":\"https:\/\/www.saint-paul-angouleme.fr\/application\/#\/schema\/person\/ea152930b1a3823659065827b1a5fb9b\"},\"headline\":\"Lecture th\u00e9\u00e2tralis\u00e9e : &#8220;La chute de la maison Usher&#8221;\",\"datePublished\":\"2022-05-05T15:15:48+00:00\",\"dateModified\":\"2022-05-05T15:15:51+00:00\",\"mainEntityOfPage\":{\"@id\":\"https:\/\/www.saint-paul-angouleme.fr\/application\/lecture-theatralisee-la-chute-de-la-maison-usher\/\"},\"wordCount\":387,\"commentCount\":0,\"publisher\":{\"@id\":\"https:\/\/www.saint-paul-angouleme.fr\/application\/#organization\"},\"image\":{\"@id\":\"https:\/\/www.saint-paul-angouleme.fr\/application\/lecture-theatralisee-la-chute-de-la-maison-usher\/#primaryimage\"},\"thumbnailUrl\":\"https:\/\/www.saint-paul-angouleme.fr\/application\/wp-content\/uploads\/2022\/05\/lecture-theatralisee-la-chute-de.jpg\",\"articleSection\":[\"P\u00e9dagogie\"],\"inLanguage\":\"fr-FR\",\"potentialAction\":[{\"@type\":\"CommentAction\",\"name\":\"Comment\",\"target\":[\"https:\/\/www.saint-paul-angouleme.fr\/application\/lecture-theatralisee-la-chute-de-la-maison-usher\/#respond\"]}]},{\"@type\":\"WebPage\",\"@id\":\"https:\/\/www.saint-paul-angouleme.fr\/application\/lecture-theatralisee-la-chute-de-la-maison-usher\/\",\"url\":\"https:\/\/www.saint-paul-angouleme.fr\/application\/lecture-theatralisee-la-chute-de-la-maison-usher\/\",\"name\":\"Lecture th\u00e9\u00e2tralis\u00e9e : \\\"La chute de la maison Usher\\\" - Actualit\u00e9s\",\"isPartOf\":{\"@id\":\"https:\/\/www.saint-paul-angouleme.fr\/application\/#website\"},\"primaryImageOfPage\":{\"@id\":\"https:\/\/www.saint-paul-angouleme.fr\/application\/lecture-theatralisee-la-chute-de-la-maison-usher\/#primaryimage\"},\"image\":{\"@id\":\"https:\/\/www.saint-paul-angouleme.fr\/application\/lecture-theatralisee-la-chute-de-la-maison-usher\/#primaryimage\"},\"thumbnailUrl\":\"https:\/\/www.saint-paul-angouleme.fr\/application\/wp-content\/uploads\/2022\/05\/lecture-theatralisee-la-chute-de.jpg\",\"datePublished\":\"2022-05-05T15:15:48+00:00\",\"dateModified\":\"2022-05-05T15:15:51+00:00\",\"description\":\"Les classes de 4\u00e8me et de seconde ont assist\u00e9 \u00e0 une \\\"Lecture th\u00e9\u00e2tralis\u00e9e\\\" de la nouvelle \\\"La chute de la maison Usher d'Allan Edgar POE.\",\"breadcrumb\":{\"@id\":\"https:\/\/www.saint-paul-angouleme.fr\/application\/lecture-theatralisee-la-chute-de-la-maison-usher\/#breadcrumb\"},\"inLanguage\":\"fr-FR\",\"potentialAction\":[{\"@type\":\"ReadAction\",\"target\":[\"https:\/\/www.saint-paul-angouleme.fr\/application\/lecture-theatralisee-la-chute-de-la-maison-usher\/\"]}]},{\"@type\":\"ImageObject\",\"inLanguage\":\"fr-FR\",\"@id\":\"https:\/\/www.saint-paul-angouleme.fr\/application\/lecture-theatralisee-la-chute-de-la-maison-usher\/#primaryimage\",\"url\":\"https:\/\/www.saint-paul-angouleme.fr\/application\/wp-content\/uploads\/2022\/05\/lecture-theatralisee-la-chute-de.jpg\",\"contentUrl\":\"https:\/\/www.saint-paul-angouleme.fr\/application\/wp-content\/uploads\/2022\/05\/lecture-theatralisee-la-chute-de.jpg\",\"width\":1280,\"height\":720},{\"@type\":\"BreadcrumbList\",\"@id\":\"https:\/\/www.saint-paul-angouleme.fr\/application\/lecture-theatralisee-la-chute-de-la-maison-usher\/#breadcrumb\",\"itemListElement\":[{\"@type\":\"ListItem\",\"position\":1,\"name\":\"Accueil\",\"item\":\"http:\/\/www.saint-paul-angouleme.fr\/application\/\"},{\"@type\":\"ListItem\",\"position\":2,\"name\":\"Lecture th\u00e9\u00e2tralis\u00e9e : &#8220;La chute de la maison Usher&#8221;\"}]},{\"@type\":\"WebSite\",\"@id\":\"https:\/\/www.saint-paul-angouleme.fr\/application\/#website\",\"url\":\"https:\/\/www.saint-paul-angouleme.fr\/application\/\",\"name\":\"Actualit\u00e9s\",\"description\":\"Actualit\u00e9s Saint Paul\",\"publisher\":{\"@id\":\"https:\/\/www.saint-paul-angouleme.fr\/application\/#organization\"},\"potentialAction\":[{\"@type\":\"SearchAction\",\"target\":{\"@type\":\"EntryPoint\",\"urlTemplate\":\"https:\/\/www.saint-paul-angouleme.fr\/application\/?s={search_term_string}\"},\"query-input\":\"required name=search_term_string\"}],\"inLanguage\":\"fr-FR\"},{\"@type\":\"Organization\",\"@id\":\"https:\/\/www.saint-paul-angouleme.fr\/application\/#organization\",\"name\":\"Ensemble scolaire Saint-Paul\",\"url\":\"https:\/\/www.saint-paul-angouleme.fr\/application\/\",\"logo\":{\"@type\":\"ImageObject\",\"inLanguage\":\"fr-FR\",\"@id\":\"https:\/\/www.saint-paul-angouleme.fr\/application\/#\/schema\/logo\/image\/\",\"url\":\"https:\/\/www.saint-paul-angouleme.fr\/application\/wp-content\/uploads\/2018\/08\/logo-saint-paul-couleurs.jpg\",\"contentUrl\":\"https:\/\/www.saint-paul-angouleme.fr\/application\/wp-content\/uploads\/2018\/08\/logo-saint-paul-couleurs.jpg\",\"width\":1890,\"height\":709,\"caption\":\"Ensemble scolaire Saint-Paul\"},\"image\":{\"@id\":\"https:\/\/www.saint-paul-angouleme.fr\/application\/#\/schema\/logo\/image\/\"},\"sameAs\":[\"https:\/\/www.facebook.com\/SaintPaulAngouleme16\/\",\"https:\/\/x.com\/StPaulAngoulem\",\"https:\/\/www.youtube.com\/channel\/UCRLpz1CmPVqc0gn--YyXvjA?view_as=subscriber\"]},{\"@type\":\"Person\",\"@id\":\"https:\/\/www.saint-paul-angouleme.fr\/application\/#\/schema\/person\/ea152930b1a3823659065827b1a5fb9b\",\"name\":\"SAINT-PAUL\",\"image\":{\"@type\":\"ImageObject\",\"inLanguage\":\"fr-FR\",\"@id\":\"https:\/\/www.saint-paul-angouleme.fr\/application\/#\/schema\/person\/image\/\",\"url\":\"https:\/\/secure.gravatar.com\/avatar\/eadb0ffebc02683a61d69038eb2924f0?s=96&r=g\",\"contentUrl\":\"https:\/\/secure.gravatar.com\/avatar\/eadb0ffebc02683a61d69038eb2924f0?s=96&r=g\",\"caption\":\"SAINT-PAUL\"},\"url\":\"https:\/\/www.saint-paul-angouleme.fr\/application\/author\/myriam\/\"}]}<\/script>\n<!-- \/ Yoast SEO plugin. -->","yoast_head_json":{"title":"Lecture th\u00e9\u00e2tralis\u00e9e : \"La chute de la maison Usher\" - Actualit\u00e9s","description":"Les classes de 4\u00e8me et de seconde ont assist\u00e9 \u00e0 une \"Lecture th\u00e9\u00e2tralis\u00e9e\" de la nouvelle \"La chute de la maison Usher d'Allan Edgar POE.","robots":{"index":"index","follow":"follow","max-snippet":"max-snippet:-1","max-image-preview":"max-image-preview:large","max-video-preview":"max-video-preview:-1"},"canonical":"https:\/\/www.saint-paul-angouleme.fr\/application\/lecture-theatralisee-la-chute-de-la-maison-usher\/","og_locale":"fr_FR","og_type":"article","og_title":"Lecture th\u00e9\u00e2tralis\u00e9e : \"La chute de la maison Usher\" - Actualit\u00e9s","og_description":"Les classes de 4\u00e8me et de seconde ont assist\u00e9 \u00e0 une \"Lecture th\u00e9\u00e2tralis\u00e9e\" de la nouvelle \"La chute de la maison Usher d'Allan Edgar POE.","og_url":"https:\/\/www.saint-paul-angouleme.fr\/application\/lecture-theatralisee-la-chute-de-la-maison-usher\/","og_site_name":"Actualit\u00e9s","article_publisher":"https:\/\/www.facebook.com\/SaintPaulAngouleme16\/","article_published_time":"2022-05-05T15:15:48+00:00","article_modified_time":"2022-05-05T15:15:51+00:00","og_image":[{"width":1280,"height":720,"url":"https:\/\/www.saint-paul-angouleme.fr\/application\/wp-content\/uploads\/2022\/05\/lecture-theatralisee-la-chute-de.jpg","type":"image\/jpeg"}],"author":"SAINT-PAUL","twitter_card":"summary_large_image","twitter_creator":"@StPaulAngoulem","twitter_site":"@StPaulAngoulem","twitter_misc":{"\u00c9crit par":"SAINT-PAUL","Dur\u00e9e de lecture estim\u00e9e":"2 minutes"},"schema":{"@context":"https:\/\/schema.org","@graph":[{"@type":"Article","@id":"https:\/\/www.saint-paul-angouleme.fr\/application\/lecture-theatralisee-la-chute-de-la-maison-usher\/#article","isPartOf":{"@id":"https:\/\/www.saint-paul-angouleme.fr\/application\/lecture-theatralisee-la-chute-de-la-maison-usher\/"},"author":{"name":"SAINT-PAUL","@id":"https:\/\/www.saint-paul-angouleme.fr\/application\/#\/schema\/person\/ea152930b1a3823659065827b1a5fb9b"},"headline":"Lecture th\u00e9\u00e2tralis\u00e9e : &#8220;La chute de la maison Usher&#8221;","datePublished":"2022-05-05T15:15:48+00:00","dateModified":"2022-05-05T15:15:51+00:00","mainEntityOfPage":{"@id":"https:\/\/www.saint-paul-angouleme.fr\/application\/lecture-theatralisee-la-chute-de-la-maison-usher\/"},"wordCount":387,"commentCount":0,"publisher":{"@id":"https:\/\/www.saint-paul-angouleme.fr\/application\/#organization"},"image":{"@id":"https:\/\/www.saint-paul-angouleme.fr\/application\/lecture-theatralisee-la-chute-de-la-maison-usher\/#primaryimage"},"thumbnailUrl":"https:\/\/www.saint-paul-angouleme.fr\/application\/wp-content\/uploads\/2022\/05\/lecture-theatralisee-la-chute-de.jpg","articleSection":["P\u00e9dagogie"],"inLanguage":"fr-FR","potentialAction":[{"@type":"CommentAction","name":"Comment","target":["https:\/\/www.saint-paul-angouleme.fr\/application\/lecture-theatralisee-la-chute-de-la-maison-usher\/#respond"]}]},{"@type":"WebPage","@id":"https:\/\/www.saint-paul-angouleme.fr\/application\/lecture-theatralisee-la-chute-de-la-maison-usher\/","url":"https:\/\/www.saint-paul-angouleme.fr\/application\/lecture-theatralisee-la-chute-de-la-maison-usher\/","name":"Lecture th\u00e9\u00e2tralis\u00e9e : \"La chute de la maison Usher\" - Actualit\u00e9s","isPartOf":{"@id":"https:\/\/www.saint-paul-angouleme.fr\/application\/#website"},"primaryImageOfPage":{"@id":"https:\/\/www.saint-paul-angouleme.fr\/application\/lecture-theatralisee-la-chute-de-la-maison-usher\/#primaryimage"},"image":{"@id":"https:\/\/www.saint-paul-angouleme.fr\/application\/lecture-theatralisee-la-chute-de-la-maison-usher\/#primaryimage"},"thumbnailUrl":"https:\/\/www.saint-paul-angouleme.fr\/application\/wp-content\/uploads\/2022\/05\/lecture-theatralisee-la-chute-de.jpg","datePublished":"2022-05-05T15:15:48+00:00","dateModified":"2022-05-05T15:15:51+00:00","description":"Les classes de 4\u00e8me et de seconde ont assist\u00e9 \u00e0 une \"Lecture th\u00e9\u00e2tralis\u00e9e\" de la nouvelle \"La chute de la maison Usher d'Allan Edgar POE.","breadcrumb":{"@id":"https:\/\/www.saint-paul-angouleme.fr\/application\/lecture-theatralisee-la-chute-de-la-maison-usher\/#breadcrumb"},"inLanguage":"fr-FR","potentialAction":[{"@type":"ReadAction","target":["https:\/\/www.saint-paul-angouleme.fr\/application\/lecture-theatralisee-la-chute-de-la-maison-usher\/"]}]},{"@type":"ImageObject","inLanguage":"fr-FR","@id":"https:\/\/www.saint-paul-angouleme.fr\/application\/lecture-theatralisee-la-chute-de-la-maison-usher\/#primaryimage","url":"https:\/\/www.saint-paul-angouleme.fr\/application\/wp-content\/uploads\/2022\/05\/lecture-theatralisee-la-chute-de.jpg","contentUrl":"https:\/\/www.saint-paul-angouleme.fr\/application\/wp-content\/uploads\/2022\/05\/lecture-theatralisee-la-chute-de.jpg","width":1280,"height":720},{"@type":"BreadcrumbList","@id":"https:\/\/www.saint-paul-angouleme.fr\/application\/lecture-theatralisee-la-chute-de-la-maison-usher\/#breadcrumb","itemListElement":[{"@type":"ListItem","position":1,"name":"Accueil","item":"http:\/\/www.saint-paul-angouleme.fr\/application\/"},{"@type":"ListItem","position":2,"name":"Lecture th\u00e9\u00e2tralis\u00e9e : &#8220;La chute de la maison Usher&#8221;"}]},{"@type":"WebSite","@id":"https:\/\/www.saint-paul-angouleme.fr\/application\/#website","url":"https:\/\/www.saint-paul-angouleme.fr\/application\/","name":"Actualit\u00e9s","description":"Actualit\u00e9s Saint Paul","publisher":{"@id":"https:\/\/www.saint-paul-angouleme.fr\/application\/#organization"},"potentialAction":[{"@type":"SearchAction","target":{"@type":"EntryPoint","urlTemplate":"https:\/\/www.saint-paul-angouleme.fr\/application\/?s={search_term_string}"},"query-input":"required name=search_term_string"}],"inLanguage":"fr-FR"},{"@type":"Organization","@id":"https:\/\/www.saint-paul-angouleme.fr\/application\/#organization","name":"Ensemble scolaire Saint-Paul","url":"https:\/\/www.saint-paul-angouleme.fr\/application\/","logo":{"@type":"ImageObject","inLanguage":"fr-FR","@id":"https:\/\/www.saint-paul-angouleme.fr\/application\/#\/schema\/logo\/image\/","url":"https:\/\/www.saint-paul-angouleme.fr\/application\/wp-content\/uploads\/2018\/08\/logo-saint-paul-couleurs.jpg","contentUrl":"https:\/\/www.saint-paul-angouleme.fr\/application\/wp-content\/uploads\/2018\/08\/logo-saint-paul-couleurs.jpg","width":1890,"height":709,"caption":"Ensemble scolaire Saint-Paul"},"image":{"@id":"https:\/\/www.saint-paul-angouleme.fr\/application\/#\/schema\/logo\/image\/"},"sameAs":["https:\/\/www.facebook.com\/SaintPaulAngouleme16\/","https:\/\/x.com\/StPaulAngoulem","https:\/\/www.youtube.com\/channel\/UCRLpz1CmPVqc0gn--YyXvjA?view_as=subscriber"]},{"@type":"Person","@id":"https:\/\/www.saint-paul-angouleme.fr\/application\/#\/schema\/person\/ea152930b1a3823659065827b1a5fb9b","name":"SAINT-PAUL","image":{"@type":"ImageObject","inLanguage":"fr-FR","@id":"https:\/\/www.saint-paul-angouleme.fr\/application\/#\/schema\/person\/image\/","url":"https:\/\/secure.gravatar.com\/avatar\/eadb0ffebc02683a61d69038eb2924f0?s=96&r=g","contentUrl":"https:\/\/secure.gravatar.com\/avatar\/eadb0ffebc02683a61d69038eb2924f0?s=96&r=g","caption":"SAINT-PAUL"},"url":"https:\/\/www.saint-paul-angouleme.fr\/application\/author\/myriam\/"}]}},"_links":{"self":[{"href":"https:\/\/www.saint-paul-angouleme.fr\/application\/wp-json\/wp\/v2\/posts\/6049"}],"collection":[{"href":"https:\/\/www.saint-paul-angouleme.fr\/application\/wp-json\/wp\/v2\/posts"}],"about":[{"href":"https:\/\/www.saint-paul-angouleme.fr\/application\/wp-json\/wp\/v2\/types\/post"}],"author":[{"embeddable":true,"href":"https:\/\/www.saint-paul-angouleme.fr\/application\/wp-json\/wp\/v2\/users\/3"}],"replies":[{"embeddable":true,"href":"https:\/\/www.saint-paul-angouleme.fr\/application\/wp-json\/wp\/v2\/comments?post=6049"}],"version-history":[{"count":5,"href":"https:\/\/www.saint-paul-angouleme.fr\/application\/wp-json\/wp\/v2\/posts\/6049\/revisions"}],"predecessor-version":[{"id":6060,"href":"https:\/\/www.saint-paul-angouleme.fr\/application\/wp-json\/wp\/v2\/posts\/6049\/revisions\/6060"}],"wp:featuredmedia":[{"embeddable":true,"href":"https:\/\/www.saint-paul-angouleme.fr\/application\/wp-json\/wp\/v2\/media\/6061"}],"wp:attachment":[{"href":"https:\/\/www.saint-paul-angouleme.fr\/application\/wp-json\/wp\/v2\/media?parent=6049"}],"wp:term":[{"taxonomy":"category","embeddable":true,"href":"https:\/\/www.saint-paul-angouleme.fr\/application\/wp-json\/wp\/v2\/categories?post=6049"},{"taxonomy":"post_tag","embeddable":true,"href":"https:\/\/www.saint-paul-angouleme.fr\/application\/wp-json\/wp\/v2\/tags?post=6049"}],"curies":[{"name":"wp","href":"https:\/\/api.w.org\/{rel}","templated":true}]}}