{"id":6008,"date":"2022-04-12T17:13:39","date_gmt":"2022-04-12T15:13:39","guid":{"rendered":"https:\/\/www.saint-paul-angouleme.fr\/application\/?p=6008"},"modified":"2022-04-13T17:02:37","modified_gmt":"2022-04-13T15:02:37","slug":"solidarite-ukraine-retour-sur-lexpedition-doudous-bonbons","status":"publish","type":"post","link":"https:\/\/www.saint-paul-angouleme.fr\/application\/solidarite-ukraine-retour-sur-lexpedition-doudous-bonbons\/","title":{"rendered":"Solidarit\u00e9 Ukraine : retour sur l&#8217;exp\u00e9dition &#8220;Doudous &#038; Bonbons&#8221;"},"content":{"rendered":"\n<figure class=\"wp-block-image\"><img loading=\"lazy\" decoding=\"async\" width=\"819\" height=\"1024\" src=\"https:\/\/www.saint-paul-angouleme.fr\/application\/wp-content\/uploads\/2022\/04\/09.-819x1024.jpg\" alt=\"Camp de R\u00e9fugi\u00e9 de Medyka en pologne\" class=\"wp-image-6010\" srcset=\"https:\/\/www.saint-paul-angouleme.fr\/application\/wp-content\/uploads\/2022\/04\/09.-819x1024.jpg 819w, https:\/\/www.saint-paul-angouleme.fr\/application\/wp-content\/uploads\/2022\/04\/09.-240x300.jpg 240w, https:\/\/www.saint-paul-angouleme.fr\/application\/wp-content\/uploads\/2022\/04\/09.-768x960.jpg 768w, https:\/\/www.saint-paul-angouleme.fr\/application\/wp-content\/uploads\/2022\/04\/09..jpg 1512w\" sizes=\"(max-width: 819px) 100vw, 819px\" \/><figcaption>Camp de r\u00e9fugi\u00e9s de Medyka<\/figcaption><\/figure>\n\n\n\n<p class=\"justification_texte { text-align: justify;}\">Le dimanche 20 mars 2022, un parent d\u2019\u00e9l\u00e8ve nous adresse un mail. Il nous propose une collecte en faveur des enfants ukrainiens r\u00e9fugi\u00e9s en Pologne. L\u2019id\u00e9e&nbsp;: \u00ab&nbsp;<a href=\"https:\/\/www.facebook.com\/SaintPaulAngouleme16\" target=\"_blank\" rel=\"noreferrer noopener\" aria-label=\"1 Doudou, 1 poche de bonbons (s\u2019ouvre dans un nouvel onglet)\">1 Doudou, 1 poche de bonbons<\/a>&nbsp;\u00bb afin de leur apporter un peu de douceur et de chaleur humaine dans cette \u00e9preuve.<\/p>\n\n\n\n<p class=\"justification_texte { text-align: justify;}\">Le d\u00e9part est pr\u00e9vu le samedi 26 mars&nbsp;: nous n\u2019avons que 5 jours pour mobiliser nos \u00e9l\u00e8ves, leurs familles et l\u2019ensemble des personnels de Saint-Paul. L\u2019ampleur de la mobilisation d\u00e9passe nos attentes, un vrai \u00e9lan de solidarit\u00e9 a permis de r\u00e9colter plusieurs centaines de lots. <\/p>\n\n\n\n<p class=\"justification_texte { text-align: justify;}\">Retour sur cette op\u00e9ration et interview de M. SYO\u00cbN pour en conna\u00eetre davantage sur ses motivations et sur cette exp\u00e9dition. <\/p>\n\n\n\n<h3 class=\"wp-block-heading\"> <strong>Une collecte in\u00e9dite r\u00e9alis\u00e9e en un temps record<\/strong> <\/h3>\n\n\n\n<p class=\"justification_texte { text-align: justify;}\">Le lundi 21 mars un courrier est donc envoy\u00e9 \u00e0 toutes les familles et, au sein de l\u2019\u00e9tablissement, le \u00ab&nbsp;Groupe Solidarit\u00e9&nbsp;\u00bb m\u00e8ne une campagne d\u2019affichage. De m\u00eame, la communication se fait sur nos r\u00e9seaux sociaux. R\u00e9sultat&nbsp;: d\u00e8s le mardi doudous, peluches et bonbons arrivent au Bureau de la Pastorale. <\/p>\n\n\n\n<p class=\"justification_texte { text-align: justify;}\">Les dons augmentent jour apr\u00e8s jour de fa\u00e7on exponentielle. Il faut se mettre \u00e0 plusieurs pour les trier, confectionner des lots \u00ab&nbsp;Doudou + Bonbons&nbsp;\u00bb correspondant aux diff\u00e9rents \u00e2ges des enfants. Ensuite, le tout est rang\u00e9 dans des cartons afin de faciliter le transport et la distribution. Il est important de souligner que tout le monde a jou\u00e9 le jeu&nbsp;: les doudous sont magnifiques (beaucoup sont neufs) et les bonbons ont l\u2019air tr\u00e8s bons. Le vendredi 25 mars, gr\u00e2ce \u00e0 la g\u00e9n\u00e9rosit\u00e9 de chacun, le camion est charg\u00e9&nbsp;: mission accomplie&nbsp;!<\/p>\n\n\n\n<ul class=\"wp-block-gallery aligncenter columns-2 is-cropped wp-block-gallery-1 is-layout-flex wp-block-gallery-is-layout-flex\"><li class=\"blocks-gallery-item\"><figure><img loading=\"lazy\" decoding=\"async\" width=\"1024\" height=\"576\" src=\"https:\/\/www.saint-paul-angouleme.fr\/application\/wp-content\/uploads\/2022\/04\/20220323_155424-1024x576.jpg\" alt=\"\" data-id=\"6017\" data-link=\"https:\/\/www.saint-paul-angouleme.fr\/application\/?attachment_id=6017#main\" class=\"wp-image-6017\" srcset=\"https:\/\/www.saint-paul-angouleme.fr\/application\/wp-content\/uploads\/2022\/04\/20220323_155424-1024x576.jpg 1024w, https:\/\/www.saint-paul-angouleme.fr\/application\/wp-content\/uploads\/2022\/04\/20220323_155424-300x169.jpg 300w, https:\/\/www.saint-paul-angouleme.fr\/application\/wp-content\/uploads\/2022\/04\/20220323_155424-768x432.jpg 768w\" sizes=\"(max-width: 1024px) 100vw, 1024px\" \/><\/figure><\/li><li class=\"blocks-gallery-item\"><figure><img loading=\"lazy\" decoding=\"async\" width=\"576\" height=\"1024\" src=\"https:\/\/www.saint-paul-angouleme.fr\/application\/wp-content\/uploads\/2022\/04\/20220325_093443-1-e1649774830724-576x1024.jpg\" alt=\"\" data-id=\"6019\" data-link=\"https:\/\/www.saint-paul-angouleme.fr\/application\/?attachment_id=6019#main\" class=\"wp-image-6019\" srcset=\"https:\/\/www.saint-paul-angouleme.fr\/application\/wp-content\/uploads\/2022\/04\/20220325_093443-1-e1649774830724-576x1024.jpg 576w, https:\/\/www.saint-paul-angouleme.fr\/application\/wp-content\/uploads\/2022\/04\/20220325_093443-1-e1649774830724-169x300.jpg 169w, https:\/\/www.saint-paul-angouleme.fr\/application\/wp-content\/uploads\/2022\/04\/20220325_093443-1-e1649774830724-768x1365.jpg 768w\" sizes=\"(max-width: 576px) 100vw, 576px\" \/><\/figure><\/li><li class=\"blocks-gallery-item\"><figure><img loading=\"lazy\" decoding=\"async\" width=\"576\" height=\"1024\" src=\"https:\/\/www.saint-paul-angouleme.fr\/application\/wp-content\/uploads\/2022\/04\/20220325_093300-1-e1649774898846-576x1024.jpg\" alt=\"\" data-id=\"6020\" data-link=\"https:\/\/www.saint-paul-angouleme.fr\/application\/?attachment_id=6020#main\" class=\"wp-image-6020\" srcset=\"https:\/\/www.saint-paul-angouleme.fr\/application\/wp-content\/uploads\/2022\/04\/20220325_093300-1-e1649774898846-576x1024.jpg 576w, https:\/\/www.saint-paul-angouleme.fr\/application\/wp-content\/uploads\/2022\/04\/20220325_093300-1-e1649774898846-169x300.jpg 169w, https:\/\/www.saint-paul-angouleme.fr\/application\/wp-content\/uploads\/2022\/04\/20220325_093300-1-e1649774898846-768x1365.jpg 768w\" sizes=\"(max-width: 576px) 100vw, 576px\" \/><\/figure><\/li><li class=\"blocks-gallery-item\"><figure><img loading=\"lazy\" decoding=\"async\" width=\"726\" height=\"1024\" src=\"https:\/\/www.saint-paul-angouleme.fr\/application\/wp-content\/uploads\/2022\/04\/20220325_123850-1-726x1024.jpg\" alt=\"\" data-id=\"6018\" data-link=\"https:\/\/www.saint-paul-angouleme.fr\/application\/?attachment_id=6018#main\" class=\"wp-image-6018\" srcset=\"https:\/\/www.saint-paul-angouleme.fr\/application\/wp-content\/uploads\/2022\/04\/20220325_123850-1-726x1024.jpg 726w, https:\/\/www.saint-paul-angouleme.fr\/application\/wp-content\/uploads\/2022\/04\/20220325_123850-1-213x300.jpg 213w, https:\/\/www.saint-paul-angouleme.fr\/application\/wp-content\/uploads\/2022\/04\/20220325_123850-1-768x1084.jpg 768w\" sizes=\"(max-width: 726px) 100vw, 726px\" \/><\/figure><\/li><li class=\"blocks-gallery-item\"><figure><img loading=\"lazy\" decoding=\"async\" width=\"1024\" height=\"768\" src=\"https:\/\/www.saint-paul-angouleme.fr\/application\/wp-content\/uploads\/2022\/04\/20220325_141754-1024x768.jpg\" alt=\"\" data-id=\"6014\" data-link=\"https:\/\/www.saint-paul-angouleme.fr\/application\/?attachment_id=6014#main\" class=\"wp-image-6014\" srcset=\"https:\/\/www.saint-paul-angouleme.fr\/application\/wp-content\/uploads\/2022\/04\/20220325_141754-1024x768.jpg 1024w, https:\/\/www.saint-paul-angouleme.fr\/application\/wp-content\/uploads\/2022\/04\/20220325_141754-300x225.jpg 300w, https:\/\/www.saint-paul-angouleme.fr\/application\/wp-content\/uploads\/2022\/04\/20220325_141754-768x576.jpg 768w\" sizes=\"(max-width: 1024px) 100vw, 1024px\" \/><\/figure><\/li><\/ul>\n\n\n\n<h3 class=\"wp-block-heading\"> <strong>Un long p\u00e9riple vers l\u2019Europe de l\u2019Est<\/strong> <\/h3>\n\n\n\n<p class=\"justification_texte { text-align: justify;}\">Le samedi 26 mars M. SYO\u00cbN prend la route au volant d\u2019un 14m<sup>3<\/sup> accompagn\u00e9 d\u2019un autre chauffeur. Ils partent distribuer, dans diff\u00e9rents lieux, du mat\u00e9riel m\u00e9dical civil et militaire, des denr\u00e9es alimentaires et produits pour b\u00e9b\u00e9s, sans oublier nos doudous et bonbons. Retour sur cette exp\u00e9dition hors du commun.<\/p>\n\n\n\n<h3 class=\"wp-block-heading\"> <strong>Interview de M. SYO\u00cbN<\/strong> <\/h3>\n\n\n\n<p><strong><em>SP&nbsp;: Qu\u2019est-ce qui a d\u00e9clench\u00e9 votre projet de prendre\nla route pour rejoindre la fronti\u00e8re ukrainienne&nbsp;?<\/em><\/strong><\/p>\n\n\n\n<p class=\"justification_texte { text-align: justify;}\">AS&nbsp;: L\u2019invasion de l\u2019Ukraine par la\nRussie, les images des femmes et des enfants plong\u00e9s dans cette guerre. Face \u00e0\nces images de presse j\u2019ai ressenti une volont\u00e9 d\u2019action. Ayant moi-m\u00eame des\nenfants, je ne pouvais pas ne pas agir. Ceci d\u2019autant plus qu\u2019il me semblait que\ncertaines organisations tardaient \u00e0 op\u00e9rer.<\/p>\n\n\n\n<p><strong><em>SP&nbsp;: Comment avez-vous pu nouer des contacts pour\nrecenser les besoins et apporter les dons&nbsp;?<\/em><\/strong><\/p>\n\n\n\n<p class=\"justification_texte { text-align: justify;}\">AS&nbsp;: Tout s\u2019est fait par des relations de personne \u00e0 personne et le r\u00e9seau associatif. L\u2019Association \u00ab&nbsp;France-Ukraine&nbsp;\u00bb pour le mat\u00e9riel m\u00e9dical mais aussi le lien avec un m\u00e9decin, puis un orphelinat. Gr\u00e2ce \u00e0 de nombreuses rencontres, de fil en aiguille, le projet a pris forme.<\/p>\n\n\n\n<p><strong><em>SP&nbsp;: Qu\u2019avez-vous pu r\u00e9colter finalement&nbsp;? O\u00f9\navez-vous pu d\u00e9poser ces dons&nbsp;?<\/em><\/strong><\/p>\n\n\n\n<p class=\"justification_texte { text-align: justify;}\">AS&nbsp;: Trois palettes d\u2019\u00e9quipement m\u00e9dical, notamment pour soigner les blessures inflig\u00e9es par les bombardements. Tout cela a \u00e9t\u00e9 livr\u00e9 \u00e0 la base <a href=\"https:\/\/www.francetvinfo.fr\/replay-radio\/le-monde-est-a-nous\/guerre-en-ukraine-la-pologne-veritable-base-arriere-de-la-resistance-a-l-agression-russe_4964841.html\" target=\"_blank\" rel=\"noreferrer noopener\" aria-label=\"logistique de Przemysl (s\u2019ouvre dans un nouvel onglet)\">logistique de Przemysl<\/a>. Nous avons d\u2019ailleurs d\u00fb faire face \u00e0 un al\u00e9a&nbsp;: pour entrer en zone neutre, il fallait la carte grise d\u2019origine. Le camion \u00e9tant en location, nous n\u2019avions qu\u2019une photocopie\u2026 Nous avons r\u00e9ussi \u00e0 trouver un camion vide en Pologne et ainsi d\u00e9poser notre chargement.<\/p>\n\n\n\n<p class=\"justification_texte { text-align: justify;}\">Gr\u00e2ce \u00e0 l\u2019association \u00ab&nbsp;<a href=\"https:\/\/www.facebook.com\/lespetitspasdelo\" target=\"_blank\" rel=\"noreferrer noopener\" aria-label=\"Petits Pas DELO (s\u2019ouvre dans un nouvel onglet)\">Petits Pas DELO<\/a>&nbsp;\u00bb (bas\u00e9e \u00e0 Mussidan en Gironde) nous avons pu apporter dans un orphelinat des denr\u00e9es alimentaires pour b\u00e9b\u00e9s, du lait, des couches\u2026 <\/p>\n\n\n\n<ul class=\"wp-block-gallery columns-2 is-cropped wp-block-gallery-2 is-layout-flex wp-block-gallery-is-layout-flex\"><li class=\"blocks-gallery-item\"><figure><img loading=\"lazy\" decoding=\"async\" width=\"853\" height=\"640\" src=\"https:\/\/www.saint-paul-angouleme.fr\/application\/wp-content\/uploads\/2022\/04\/01..jpg\" alt=\"\" data-id=\"6021\" data-link=\"https:\/\/www.saint-paul-angouleme.fr\/application\/?attachment_id=6021#main\" class=\"wp-image-6021\" srcset=\"https:\/\/www.saint-paul-angouleme.fr\/application\/wp-content\/uploads\/2022\/04\/01..jpg 853w, https:\/\/www.saint-paul-angouleme.fr\/application\/wp-content\/uploads\/2022\/04\/01.-300x225.jpg 300w, https:\/\/www.saint-paul-angouleme.fr\/application\/wp-content\/uploads\/2022\/04\/01.-768x576.jpg 768w\" sizes=\"(max-width: 853px) 100vw, 853px\" \/><figcaption>L&#8217;orphelinat<\/figcaption><\/figure><\/li><li class=\"blocks-gallery-item\"><figure><img loading=\"lazy\" decoding=\"async\" width=\"480\" height=\"640\" src=\"https:\/\/www.saint-paul-angouleme.fr\/application\/wp-content\/uploads\/2022\/04\/04..jpg\" alt=\"\" data-id=\"6022\" data-link=\"https:\/\/www.saint-paul-angouleme.fr\/application\/?attachment_id=6022#main\" class=\"wp-image-6022\" srcset=\"https:\/\/www.saint-paul-angouleme.fr\/application\/wp-content\/uploads\/2022\/04\/04..jpg 480w, https:\/\/www.saint-paul-angouleme.fr\/application\/wp-content\/uploads\/2022\/04\/04.-225x300.jpg 225w\" sizes=\"(max-width: 480px) 100vw, 480px\" \/><\/figure><\/li><\/ul>\n\n\n\n<p>Les \u00ab&nbsp;Doudous &amp; Bonbons&nbsp;\u00bb ont \u00e9t\u00e9\ndistribu\u00e9s \u00e0 diff\u00e9rentes structures&nbsp;:<\/p>\n\n\n\n<p class=\"justification_texte { text-align: justify;}\">&#8211; Une partie a \u00e9t\u00e9 donn\u00e9e \u00e0 l\u2019\u00e9cole 95 de Cracovie et au centre de transit M\u00e9dyka. N\u2019ayant pas d\u2019accr\u00e9ditation, c\u2019est l\u2019adjoint au maire qui a assur\u00e9 cette livraison.<\/p>\n\n\n\n<figure class=\"wp-block-image\"><img loading=\"lazy\" decoding=\"async\" width=\"1024\" height=\"497\" src=\"https:\/\/www.saint-paul-angouleme.fr\/application\/wp-content\/uploads\/2022\/04\/12.-1024x497.jpg\" alt=\"\" class=\"wp-image-6024\" srcset=\"https:\/\/www.saint-paul-angouleme.fr\/application\/wp-content\/uploads\/2022\/04\/12.-1024x497.jpg 1024w, https:\/\/www.saint-paul-angouleme.fr\/application\/wp-content\/uploads\/2022\/04\/12.-300x146.jpg 300w, https:\/\/www.saint-paul-angouleme.fr\/application\/wp-content\/uploads\/2022\/04\/12.-768x373.jpg 768w, https:\/\/www.saint-paul-angouleme.fr\/application\/wp-content\/uploads\/2022\/04\/12..jpg 1600w\" sizes=\"(max-width: 1024px) 100vw, 1024px\" \/><figcaption>Distribution de doudous \u00e0 l&#8217;\u00e9cole<\/figcaption><\/figure>\n\n\n\n<p class=\"justification_texte { text-align: justify;}\">&#8211; D\u2019autres \u00ab&nbsp;Doudous &amp; Bonbons&nbsp;\u00bb (une petite partie) est partie pour un orphelinat de <a href=\"https:\/\/fr.wikipedia.org\/wiki\/Ivano-Frankivsk\" target=\"_blank\" rel=\"noreferrer noopener\" aria-label=\"Ivano-Frankivsk (s\u2019ouvre dans un nouvel onglet)\">Ivano-Frankivsk<\/a> en Ukraine. C\u2019est le directeur de l\u2019orphelinat qui est venu les chercher en zone neutre.<\/p>\n\n\n\n<p class=\"justification_texte { text-align: justify;}\">&#8211; Le reste, soit les 2\/3 des \u00ab&nbsp;Doudous &amp; Bonbons&nbsp;\u00bb sont partis pour <a href=\"https:\/\/fr.wikipedia.org\/wiki\/Lviv\" target=\"_blank\" rel=\"noreferrer noopener\" aria-label=\"Lviv (s\u2019ouvre dans un nouvel onglet)\">Lviv<\/a> gr\u00e2ce au maire.<\/p>\n\n\n\n<p class=\"justification_texte { text-align: justify;}\">C\u2019\u00e9tait important et beau de voir les enfants\nsourire et adh\u00e9rer \u00e0 ce cadeau. Apporter un peu de douceur et de tendresse au\nmilieu du tumulte de la guerre est essentiel.<\/p>\n\n\n\n<figure class=\"wp-block-image\"><img loading=\"lazy\" decoding=\"async\" width=\"768\" height=\"1024\" src=\"https:\/\/www.saint-paul-angouleme.fr\/application\/wp-content\/uploads\/2022\/04\/05.-e1649773470412-768x1024.jpg\" alt=\"\" class=\"wp-image-6023\" srcset=\"https:\/\/www.saint-paul-angouleme.fr\/application\/wp-content\/uploads\/2022\/04\/05.-e1649773470412-768x1024.jpg 768w, https:\/\/www.saint-paul-angouleme.fr\/application\/wp-content\/uploads\/2022\/04\/05.-e1649773470412-225x300.jpg 225w, https:\/\/www.saint-paul-angouleme.fr\/application\/wp-content\/uploads\/2022\/04\/05.-e1649773470412.jpg 1512w\" sizes=\"(max-width: 768px) 100vw, 768px\" \/><figcaption>Une petite Ukrainienne vient de recevoir son Doudou<\/figcaption><\/figure>\n\n\n\n<p><strong><em>SP&nbsp;: Combien de chauffeur ont fait la route&nbsp;?\nCombien de kilom\u00e8tres et combien de temps de trajet&nbsp;?<\/em><\/strong><\/p>\n\n\n\n<p class=\"justification_texte { text-align: justify;}\">AS&nbsp;: Nous sommes partis \u00e0 deux chauffeurs.\nNous avons fait 4&nbsp;888 kilom\u00e8tres en deux jours et demi. Nous comptions\ndormir dans notre camion la nuit du lundi au mardi mais cela n\u2019a pas \u00e9t\u00e9\npossible donc nous avons r\u00e9serv\u00e9 une chambre d\u2019h\u00f4tel.<\/p>\n\n\n\n<p><strong><em>SP&nbsp;: Pouvez-vous nous parler de l\u2019accueil que vous\navez re\u00e7u&nbsp;? Quelles ont \u00e9t\u00e9 les r\u00e9actions&nbsp;?<\/em><\/strong><\/p>\n\n\n\n<p class=\"justification_texte { text-align: justify;}\">AS&nbsp;: A la base logistique nous avons re\u00e7u un tr\u00e8s bon accueil. Certes, ce que nous avons fait est une goutte d\u2019eau mais les b\u00e9n\u00e9voles nous ont dit&nbsp;: \u00ab&nbsp;Heureusement que vous \u00eates venus&nbsp;\u00bb. En fait, chaque action r\u00e9pond \u00e0 un besoin. Avec le \u00ab&nbsp;<a href=\"https:\/\/france3-regions.francetvinfo.fr\/provence-alpes-cote-d-azur\/bouches-du-rhone\/allauch\/guerre-en-ukraine-le-convoi-de-l-espoir-en-pologne-pour-recuperer-des-refugies-2493089.html\" target=\"_blank\" rel=\"noreferrer noopener\" aria-label=\"Convoi de l\u2019Espoir (s\u2019ouvre dans un nouvel onglet)\">Convoi de l\u2019Espoir<\/a>&nbsp;\u00bb (- initiative fran\u00e7aise \u2013 convoi parti vers la ville de Medyka en Pologne), les b\u00e9n\u00e9voles nous ont aussi tr\u00e8s bien accueillis.<\/p>\n\n\n\n<figure class=\"wp-block-image\"><img loading=\"lazy\" decoding=\"async\" width=\"819\" height=\"1024\" src=\"https:\/\/www.saint-paul-angouleme.fr\/application\/wp-content\/uploads\/2022\/04\/08.-819x1024.jpg\" alt=\"\" class=\"wp-image-6030\" srcset=\"https:\/\/www.saint-paul-angouleme.fr\/application\/wp-content\/uploads\/2022\/04\/08.-819x1024.jpg 819w, https:\/\/www.saint-paul-angouleme.fr\/application\/wp-content\/uploads\/2022\/04\/08.-240x300.jpg 240w, https:\/\/www.saint-paul-angouleme.fr\/application\/wp-content\/uploads\/2022\/04\/08.-768x960.jpg 768w, https:\/\/www.saint-paul-angouleme.fr\/application\/wp-content\/uploads\/2022\/04\/08..jpg 1512w\" sizes=\"(max-width: 819px) 100vw, 819px\" \/><figcaption>Camp de transit de Medyka<\/figcaption><\/figure>\n\n\n\n<p><strong><em>SP&nbsp;: Que retirez-vous de cette exp\u00e9rience humaine&nbsp;?\nEtait-ce la premi\u00e8re fois que vous vous engagiez ainsi&nbsp;?<\/em><\/strong><\/p>\n\n\n\n<p class=\"justification_texte { text-align: justify;}\">AS&nbsp;: Oui c\u2019\u00e9tait la premi\u00e8re fois. C\u2019est\nune force qui m\u2019a pouss\u00e9 \u00e0 le faire.<\/p>\n\n\n\n<p class=\"justification_texte { text-align: justify;}\">Ce que je retiens&nbsp;:<\/p>\n\n\n\n<p class=\"justification_texte { text-align: justify;}\">&#8211; Une profonde d\u00e9tresse des r\u00e9fugi\u00e9s que j\u2019ai\ncrois\u00e9s mais aussi leur dignit\u00e9 et le profond respect des consignes qui leur\n\u00e9taient donn\u00e9es.<\/p>\n\n\n\n<p class=\"justification_texte { text-align: justify;}\">&#8211; Une tr\u00e8s grande solidarit\u00e9 qui se met en\nmarche \u00ab&nbsp;\u00e0 vitesse grand V&nbsp;\u00bb \u00e0 tous les niveaux.<\/p>\n\n\n\n<p class=\"justification_texte { text-align: justify;}\">Si l\u2019on prend par exemple le camp de r\u00e9fugi\u00e9s de Cracovie, en partant de rien tout a \u00e9t\u00e9 mont\u00e9 en quelques jours. Tous ont une r\u00e9elle volont\u00e9 d\u2019aider les Ukrainiens.<\/p>\n\n\n\n<ul class=\"wp-block-gallery columns-2 is-cropped wp-block-gallery-3 is-layout-flex wp-block-gallery-is-layout-flex\"><li class=\"blocks-gallery-item\"><figure><img loading=\"lazy\" decoding=\"async\" width=\"1024\" height=\"768\" src=\"https:\/\/www.saint-paul-angouleme.fr\/application\/wp-content\/uploads\/2022\/04\/06.-1-1024x768.jpg\" alt=\"\" data-id=\"6028\" data-link=\"https:\/\/www.saint-paul-angouleme.fr\/application\/?attachment_id=6028#main\" class=\"wp-image-6028\" srcset=\"https:\/\/www.saint-paul-angouleme.fr\/application\/wp-content\/uploads\/2022\/04\/06.-1-1024x768.jpg 1024w, https:\/\/www.saint-paul-angouleme.fr\/application\/wp-content\/uploads\/2022\/04\/06.-1-300x225.jpg 300w, https:\/\/www.saint-paul-angouleme.fr\/application\/wp-content\/uploads\/2022\/04\/06.-1-768x576.jpg 768w, https:\/\/www.saint-paul-angouleme.fr\/application\/wp-content\/uploads\/2022\/04\/06.-1.jpg 2016w\" sizes=\"(max-width: 1024px) 100vw, 1024px\" \/><figcaption>Camp de r\u00e9fugi\u00e9 \u00e0 Cracovie<\/figcaption><\/figure><\/li><li class=\"blocks-gallery-item\"><figure><img loading=\"lazy\" decoding=\"async\" width=\"1024\" height=\"768\" src=\"https:\/\/www.saint-paul-angouleme.fr\/application\/wp-content\/uploads\/2022\/04\/07.-1-1024x768.jpg\" alt=\"\" data-id=\"6027\" data-link=\"https:\/\/www.saint-paul-angouleme.fr\/application\/?attachment_id=6027#main\" class=\"wp-image-6027\" srcset=\"https:\/\/www.saint-paul-angouleme.fr\/application\/wp-content\/uploads\/2022\/04\/07.-1-1024x768.jpg 1024w, https:\/\/www.saint-paul-angouleme.fr\/application\/wp-content\/uploads\/2022\/04\/07.-1-300x225.jpg 300w, https:\/\/www.saint-paul-angouleme.fr\/application\/wp-content\/uploads\/2022\/04\/07.-1-768x576.jpg 768w, https:\/\/www.saint-paul-angouleme.fr\/application\/wp-content\/uploads\/2022\/04\/07.-1.jpg 2016w\" sizes=\"(max-width: 1024px) 100vw, 1024px\" \/><\/figure><\/li><\/ul>\n\n\n\n<p class=\"justification_texte { text-align: justify;}\">&#8211; Ce n\u2019est pas facile de voir la d\u00e9tresse de\nces personnes qui font face \u00e0 la guerre, d\u2019\u00eatre confront\u00e9 \u00e0 leurs souffrances\nmalgr\u00e9 la dignit\u00e9 dont ils font preuve.<\/p>\n\n\n\n<p class=\"justification_texte { text-align: justify;}\">&#8211; Je retiens aussi le silence du camp de <a href=\"https:\/\/www.unhcr.org\/fr\/news\/stories\/2022\/3\/62345396a\/ville-frontaliere-polonaise-accueille-refugies-dukraine-aura-elle-meme.html\" target=\"_blank\" rel=\"noreferrer noopener\" aria-label=\"Medyka (s\u2019ouvre dans un nouvel onglet)\">Medyka<\/a> &#8220;\u00e9gay\u00e9&#8221; parfois par quelques notes de piano&nbsp;; mais surtout l\u2019organisation et le respect des r\u00e8gles malgr\u00e9 l\u2019attente qui parfois peut \u00eatre longue (plusieurs heures).<\/p>\n\n\n\n<figure class=\"wp-block-image\"><img loading=\"lazy\" decoding=\"async\" width=\"1024\" height=\"768\" src=\"https:\/\/www.saint-paul-angouleme.fr\/application\/wp-content\/uploads\/2022\/04\/11.-1024x768.jpg\" alt=\"\" class=\"wp-image-6032\" srcset=\"https:\/\/www.saint-paul-angouleme.fr\/application\/wp-content\/uploads\/2022\/04\/11.-1024x768.jpg 1024w, https:\/\/www.saint-paul-angouleme.fr\/application\/wp-content\/uploads\/2022\/04\/11.-300x225.jpg 300w, https:\/\/www.saint-paul-angouleme.fr\/application\/wp-content\/uploads\/2022\/04\/11.-768x576.jpg 768w, https:\/\/www.saint-paul-angouleme.fr\/application\/wp-content\/uploads\/2022\/04\/11..jpg 2016w\" sizes=\"(max-width: 1024px) 100vw, 1024px\" \/><figcaption>Camp de Medyka<\/figcaption><\/figure>\n\n\n\n<figure class=\"wp-block-image\"><img loading=\"lazy\" decoding=\"async\" width=\"1024\" height=\"768\" src=\"https:\/\/www.saint-paul-angouleme.fr\/application\/wp-content\/uploads\/2022\/04\/10.-1-1024x768.jpg\" alt=\"\" class=\"wp-image-6033\" srcset=\"https:\/\/www.saint-paul-angouleme.fr\/application\/wp-content\/uploads\/2022\/04\/10.-1-1024x768.jpg 1024w, https:\/\/www.saint-paul-angouleme.fr\/application\/wp-content\/uploads\/2022\/04\/10.-1-300x225.jpg 300w, https:\/\/www.saint-paul-angouleme.fr\/application\/wp-content\/uploads\/2022\/04\/10.-1-768x576.jpg 768w, https:\/\/www.saint-paul-angouleme.fr\/application\/wp-content\/uploads\/2022\/04\/10.-1.jpg 2016w\" sizes=\"(max-width: 1024px) 100vw, 1024px\" \/><\/figure>\n\n\n\n<p>Cr\u00e9dits photos : M. A SYO\u00cbN (Pologne) \/ ME &amp; OF (Saaint-Paul)<\/p>\n","protected":false},"excerpt":{"rendered":"<p>Le dimanche 20 mars 2022, un parent d\u2019\u00e9l\u00e8ve nous adresse un mail. Il nous propose une collecte en faveur des enfants ukrainiens r\u00e9fugi\u00e9s en Pologne. L\u2019id\u00e9e&nbsp;: \u00ab&nbsp;1 Doudou, 1 poche de bonbons&nbsp;\u00bb afin de leur apporter un peu de douceur et de chaleur humaine dans cette \u00e9preuve. Le d\u00e9part est pr\u00e9vu le samedi 26 mars&nbsp;: &#8230; <a title=\"Solidarit\u00e9 Ukraine : retour sur l&#8217;exp\u00e9dition &#8220;Doudous &#038; Bonbons&#8221;\" class=\"read-more\" href=\"https:\/\/www.saint-paul-angouleme.fr\/application\/solidarite-ukraine-retour-sur-lexpedition-doudous-bonbons\/\" aria-label=\"Read more about Solidarit\u00e9 Ukraine : retour sur l&#8217;exp\u00e9dition &#8220;Doudous &#038; Bonbons&#8221;\">Lire la suite<\/a><\/p>\n","protected":false},"author":3,"featured_media":6032,"comment_status":"open","ping_status":"open","sticky":false,"template":"","format":"standard","meta":{"_exactmetrics_skip_tracking":false,"_exactmetrics_sitenote_active":false,"_exactmetrics_sitenote_note":"","_exactmetrics_sitenote_category":0,"footnotes":""},"categories":[11,523],"tags":[],"class_list":["post-6008","post","type-post","status-publish","format-standard","has-post-thumbnail","hentry","category-pour-aller-plus-loin","category-regard-sur"],"yoast_head":"<!-- This site is optimized with the Yoast SEO plugin v23.3 - https:\/\/yoast.com\/wordpress\/plugins\/seo\/ -->\n<title>Solidarit\u00e9 Ukraine : L&#039;op\u00e9ration Doudous et l&#039;exp\u00e9dition en Pologne<\/title>\n<meta name=\"description\" content=\"Apr\u00e8s la collecte &quot;Doudou &amp; Bonbons&quot; visant \u00e0 apporter un peu de r\u00e9confort aux enfants ukrainiens : retour sur cette op\u00e9ration et interview.\" \/>\n<meta name=\"robots\" content=\"index, follow, max-snippet:-1, max-image-preview:large, max-video-preview:-1\" \/>\n<link rel=\"canonical\" href=\"https:\/\/www.saint-paul-angouleme.fr\/application\/solidarite-ukraine-retour-sur-lexpedition-doudous-bonbons\/\" \/>\n<meta property=\"og:locale\" content=\"fr_FR\" \/>\n<meta property=\"og:type\" content=\"article\" \/>\n<meta property=\"og:title\" content=\"Solidarit\u00e9 Ukraine : L&#039;op\u00e9ration Doudous et l&#039;exp\u00e9dition en Pologne\" \/>\n<meta property=\"og:description\" content=\"Apr\u00e8s la collecte &quot;Doudou &amp; Bonbons&quot; visant \u00e0 apporter un peu de r\u00e9confort aux enfants ukrainiens : retour sur cette op\u00e9ration et interview.\" \/>\n<meta property=\"og:url\" content=\"https:\/\/www.saint-paul-angouleme.fr\/application\/solidarite-ukraine-retour-sur-lexpedition-doudous-bonbons\/\" \/>\n<meta property=\"og:site_name\" content=\"Actualit\u00e9s\" \/>\n<meta property=\"article:publisher\" content=\"https:\/\/www.facebook.com\/SaintPaulAngouleme16\/\" \/>\n<meta property=\"article:published_time\" content=\"2022-04-12T15:13:39+00:00\" \/>\n<meta property=\"article:modified_time\" content=\"2022-04-13T15:02:37+00:00\" \/>\n<meta property=\"og:image\" content=\"https:\/\/www.saint-paul-angouleme.fr\/application\/wp-content\/uploads\/2022\/04\/11..jpg\" \/>\n\t<meta property=\"og:image:width\" content=\"2016\" \/>\n\t<meta property=\"og:image:height\" content=\"1512\" \/>\n\t<meta property=\"og:image:type\" content=\"image\/jpeg\" \/>\n<meta name=\"author\" content=\"SAINT-PAUL\" \/>\n<meta name=\"twitter:card\" content=\"summary_large_image\" \/>\n<meta name=\"twitter:creator\" content=\"@StPaulAngoulem\" \/>\n<meta name=\"twitter:site\" content=\"@StPaulAngoulem\" \/>\n<meta name=\"twitter:label1\" content=\"\u00c9crit par\" \/>\n\t<meta name=\"twitter:data1\" content=\"SAINT-PAUL\" \/>\n\t<meta name=\"twitter:label2\" content=\"Dur\u00e9e de lecture estim\u00e9e\" \/>\n\t<meta name=\"twitter:data2\" content=\"6 minutes\" \/>\n<script type=\"application\/ld+json\" class=\"yoast-schema-graph\">{\"@context\":\"https:\/\/schema.org\",\"@graph\":[{\"@type\":\"Article\",\"@id\":\"https:\/\/www.saint-paul-angouleme.fr\/application\/solidarite-ukraine-retour-sur-lexpedition-doudous-bonbons\/#article\",\"isPartOf\":{\"@id\":\"https:\/\/www.saint-paul-angouleme.fr\/application\/solidarite-ukraine-retour-sur-lexpedition-doudous-bonbons\/\"},\"author\":{\"name\":\"SAINT-PAUL\",\"@id\":\"https:\/\/www.saint-paul-angouleme.fr\/application\/#\/schema\/person\/ea152930b1a3823659065827b1a5fb9b\"},\"headline\":\"Solidarit\u00e9 Ukraine : retour sur l&#8217;exp\u00e9dition &#8220;Doudous &#038; Bonbons&#8221;\",\"datePublished\":\"2022-04-12T15:13:39+00:00\",\"dateModified\":\"2022-04-13T15:02:37+00:00\",\"mainEntityOfPage\":{\"@id\":\"https:\/\/www.saint-paul-angouleme.fr\/application\/solidarite-ukraine-retour-sur-lexpedition-doudous-bonbons\/\"},\"wordCount\":1205,\"commentCount\":1,\"publisher\":{\"@id\":\"https:\/\/www.saint-paul-angouleme.fr\/application\/#organization\"},\"image\":{\"@id\":\"https:\/\/www.saint-paul-angouleme.fr\/application\/solidarite-ukraine-retour-sur-lexpedition-doudous-bonbons\/#primaryimage\"},\"thumbnailUrl\":\"https:\/\/www.saint-paul-angouleme.fr\/application\/wp-content\/uploads\/2022\/04\/11..jpg\",\"articleSection\":[\"Pour aller plus loin\",\"Regard sur\"],\"inLanguage\":\"fr-FR\",\"potentialAction\":[{\"@type\":\"CommentAction\",\"name\":\"Comment\",\"target\":[\"https:\/\/www.saint-paul-angouleme.fr\/application\/solidarite-ukraine-retour-sur-lexpedition-doudous-bonbons\/#respond\"]}]},{\"@type\":\"WebPage\",\"@id\":\"https:\/\/www.saint-paul-angouleme.fr\/application\/solidarite-ukraine-retour-sur-lexpedition-doudous-bonbons\/\",\"url\":\"https:\/\/www.saint-paul-angouleme.fr\/application\/solidarite-ukraine-retour-sur-lexpedition-doudous-bonbons\/\",\"name\":\"Solidarit\u00e9 Ukraine : L'op\u00e9ration Doudous et l'exp\u00e9dition en Pologne\",\"isPartOf\":{\"@id\":\"https:\/\/www.saint-paul-angouleme.fr\/application\/#website\"},\"primaryImageOfPage\":{\"@id\":\"https:\/\/www.saint-paul-angouleme.fr\/application\/solidarite-ukraine-retour-sur-lexpedition-doudous-bonbons\/#primaryimage\"},\"image\":{\"@id\":\"https:\/\/www.saint-paul-angouleme.fr\/application\/solidarite-ukraine-retour-sur-lexpedition-doudous-bonbons\/#primaryimage\"},\"thumbnailUrl\":\"https:\/\/www.saint-paul-angouleme.fr\/application\/wp-content\/uploads\/2022\/04\/11..jpg\",\"datePublished\":\"2022-04-12T15:13:39+00:00\",\"dateModified\":\"2022-04-13T15:02:37+00:00\",\"description\":\"Apr\u00e8s la collecte \\\"Doudou & Bonbons\\\" visant \u00e0 apporter un peu de r\u00e9confort aux enfants ukrainiens : retour sur cette op\u00e9ration et interview.\",\"breadcrumb\":{\"@id\":\"https:\/\/www.saint-paul-angouleme.fr\/application\/solidarite-ukraine-retour-sur-lexpedition-doudous-bonbons\/#breadcrumb\"},\"inLanguage\":\"fr-FR\",\"potentialAction\":[{\"@type\":\"ReadAction\",\"target\":[\"https:\/\/www.saint-paul-angouleme.fr\/application\/solidarite-ukraine-retour-sur-lexpedition-doudous-bonbons\/\"]}]},{\"@type\":\"ImageObject\",\"inLanguage\":\"fr-FR\",\"@id\":\"https:\/\/www.saint-paul-angouleme.fr\/application\/solidarite-ukraine-retour-sur-lexpedition-doudous-bonbons\/#primaryimage\",\"url\":\"https:\/\/www.saint-paul-angouleme.fr\/application\/wp-content\/uploads\/2022\/04\/11..jpg\",\"contentUrl\":\"https:\/\/www.saint-paul-angouleme.fr\/application\/wp-content\/uploads\/2022\/04\/11..jpg\",\"width\":2016,\"height\":1512,\"caption\":\"Un piano au milieu du camp\"},{\"@type\":\"BreadcrumbList\",\"@id\":\"https:\/\/www.saint-paul-angouleme.fr\/application\/solidarite-ukraine-retour-sur-lexpedition-doudous-bonbons\/#breadcrumb\",\"itemListElement\":[{\"@type\":\"ListItem\",\"position\":1,\"name\":\"Accueil\",\"item\":\"http:\/\/www.saint-paul-angouleme.fr\/application\/\"},{\"@type\":\"ListItem\",\"position\":2,\"name\":\"Solidarit\u00e9 Ukraine : retour sur l&#8217;exp\u00e9dition &#8220;Doudous &#038; Bonbons&#8221;\"}]},{\"@type\":\"WebSite\",\"@id\":\"https:\/\/www.saint-paul-angouleme.fr\/application\/#website\",\"url\":\"https:\/\/www.saint-paul-angouleme.fr\/application\/\",\"name\":\"Actualit\u00e9s\",\"description\":\"Actualit\u00e9s Saint Paul\",\"publisher\":{\"@id\":\"https:\/\/www.saint-paul-angouleme.fr\/application\/#organization\"},\"potentialAction\":[{\"@type\":\"SearchAction\",\"target\":{\"@type\":\"EntryPoint\",\"urlTemplate\":\"https:\/\/www.saint-paul-angouleme.fr\/application\/?s={search_term_string}\"},\"query-input\":\"required name=search_term_string\"}],\"inLanguage\":\"fr-FR\"},{\"@type\":\"Organization\",\"@id\":\"https:\/\/www.saint-paul-angouleme.fr\/application\/#organization\",\"name\":\"Ensemble scolaire Saint-Paul\",\"url\":\"https:\/\/www.saint-paul-angouleme.fr\/application\/\",\"logo\":{\"@type\":\"ImageObject\",\"inLanguage\":\"fr-FR\",\"@id\":\"https:\/\/www.saint-paul-angouleme.fr\/application\/#\/schema\/logo\/image\/\",\"url\":\"https:\/\/www.saint-paul-angouleme.fr\/application\/wp-content\/uploads\/2018\/08\/logo-saint-paul-couleurs.jpg\",\"contentUrl\":\"https:\/\/www.saint-paul-angouleme.fr\/application\/wp-content\/uploads\/2018\/08\/logo-saint-paul-couleurs.jpg\",\"width\":1890,\"height\":709,\"caption\":\"Ensemble scolaire Saint-Paul\"},\"image\":{\"@id\":\"https:\/\/www.saint-paul-angouleme.fr\/application\/#\/schema\/logo\/image\/\"},\"sameAs\":[\"https:\/\/www.facebook.com\/SaintPaulAngouleme16\/\",\"https:\/\/x.com\/StPaulAngoulem\",\"https:\/\/www.youtube.com\/channel\/UCRLpz1CmPVqc0gn--YyXvjA?view_as=subscriber\"]},{\"@type\":\"Person\",\"@id\":\"https:\/\/www.saint-paul-angouleme.fr\/application\/#\/schema\/person\/ea152930b1a3823659065827b1a5fb9b\",\"name\":\"SAINT-PAUL\",\"image\":{\"@type\":\"ImageObject\",\"inLanguage\":\"fr-FR\",\"@id\":\"https:\/\/www.saint-paul-angouleme.fr\/application\/#\/schema\/person\/image\/\",\"url\":\"https:\/\/secure.gravatar.com\/avatar\/eadb0ffebc02683a61d69038eb2924f0?s=96&r=g\",\"contentUrl\":\"https:\/\/secure.gravatar.com\/avatar\/eadb0ffebc02683a61d69038eb2924f0?s=96&r=g\",\"caption\":\"SAINT-PAUL\"},\"url\":\"https:\/\/www.saint-paul-angouleme.fr\/application\/author\/myriam\/\"}]}<\/script>\n<!-- \/ Yoast SEO plugin. -->","yoast_head_json":{"title":"Solidarit\u00e9 Ukraine : L'op\u00e9ration Doudous et l'exp\u00e9dition en Pologne","description":"Apr\u00e8s la collecte \"Doudou & Bonbons\" visant \u00e0 apporter un peu de r\u00e9confort aux enfants ukrainiens : retour sur cette op\u00e9ration et interview.","robots":{"index":"index","follow":"follow","max-snippet":"max-snippet:-1","max-image-preview":"max-image-preview:large","max-video-preview":"max-video-preview:-1"},"canonical":"https:\/\/www.saint-paul-angouleme.fr\/application\/solidarite-ukraine-retour-sur-lexpedition-doudous-bonbons\/","og_locale":"fr_FR","og_type":"article","og_title":"Solidarit\u00e9 Ukraine : L'op\u00e9ration Doudous et l'exp\u00e9dition en Pologne","og_description":"Apr\u00e8s la collecte \"Doudou & Bonbons\" visant \u00e0 apporter un peu de r\u00e9confort aux enfants ukrainiens : retour sur cette op\u00e9ration et interview.","og_url":"https:\/\/www.saint-paul-angouleme.fr\/application\/solidarite-ukraine-retour-sur-lexpedition-doudous-bonbons\/","og_site_name":"Actualit\u00e9s","article_publisher":"https:\/\/www.facebook.com\/SaintPaulAngouleme16\/","article_published_time":"2022-04-12T15:13:39+00:00","article_modified_time":"2022-04-13T15:02:37+00:00","og_image":[{"width":2016,"height":1512,"url":"https:\/\/www.saint-paul-angouleme.fr\/application\/wp-content\/uploads\/2022\/04\/11..jpg","type":"image\/jpeg"}],"author":"SAINT-PAUL","twitter_card":"summary_large_image","twitter_creator":"@StPaulAngoulem","twitter_site":"@StPaulAngoulem","twitter_misc":{"\u00c9crit par":"SAINT-PAUL","Dur\u00e9e de lecture estim\u00e9e":"6 minutes"},"schema":{"@context":"https:\/\/schema.org","@graph":[{"@type":"Article","@id":"https:\/\/www.saint-paul-angouleme.fr\/application\/solidarite-ukraine-retour-sur-lexpedition-doudous-bonbons\/#article","isPartOf":{"@id":"https:\/\/www.saint-paul-angouleme.fr\/application\/solidarite-ukraine-retour-sur-lexpedition-doudous-bonbons\/"},"author":{"name":"SAINT-PAUL","@id":"https:\/\/www.saint-paul-angouleme.fr\/application\/#\/schema\/person\/ea152930b1a3823659065827b1a5fb9b"},"headline":"Solidarit\u00e9 Ukraine : retour sur l&#8217;exp\u00e9dition &#8220;Doudous &#038; Bonbons&#8221;","datePublished":"2022-04-12T15:13:39+00:00","dateModified":"2022-04-13T15:02:37+00:00","mainEntityOfPage":{"@id":"https:\/\/www.saint-paul-angouleme.fr\/application\/solidarite-ukraine-retour-sur-lexpedition-doudous-bonbons\/"},"wordCount":1205,"commentCount":1,"publisher":{"@id":"https:\/\/www.saint-paul-angouleme.fr\/application\/#organization"},"image":{"@id":"https:\/\/www.saint-paul-angouleme.fr\/application\/solidarite-ukraine-retour-sur-lexpedition-doudous-bonbons\/#primaryimage"},"thumbnailUrl":"https:\/\/www.saint-paul-angouleme.fr\/application\/wp-content\/uploads\/2022\/04\/11..jpg","articleSection":["Pour aller plus loin","Regard sur"],"inLanguage":"fr-FR","potentialAction":[{"@type":"CommentAction","name":"Comment","target":["https:\/\/www.saint-paul-angouleme.fr\/application\/solidarite-ukraine-retour-sur-lexpedition-doudous-bonbons\/#respond"]}]},{"@type":"WebPage","@id":"https:\/\/www.saint-paul-angouleme.fr\/application\/solidarite-ukraine-retour-sur-lexpedition-doudous-bonbons\/","url":"https:\/\/www.saint-paul-angouleme.fr\/application\/solidarite-ukraine-retour-sur-lexpedition-doudous-bonbons\/","name":"Solidarit\u00e9 Ukraine : L'op\u00e9ration Doudous et l'exp\u00e9dition en Pologne","isPartOf":{"@id":"https:\/\/www.saint-paul-angouleme.fr\/application\/#website"},"primaryImageOfPage":{"@id":"https:\/\/www.saint-paul-angouleme.fr\/application\/solidarite-ukraine-retour-sur-lexpedition-doudous-bonbons\/#primaryimage"},"image":{"@id":"https:\/\/www.saint-paul-angouleme.fr\/application\/solidarite-ukraine-retour-sur-lexpedition-doudous-bonbons\/#primaryimage"},"thumbnailUrl":"https:\/\/www.saint-paul-angouleme.fr\/application\/wp-content\/uploads\/2022\/04\/11..jpg","datePublished":"2022-04-12T15:13:39+00:00","dateModified":"2022-04-13T15:02:37+00:00","description":"Apr\u00e8s la collecte \"Doudou & Bonbons\" visant \u00e0 apporter un peu de r\u00e9confort aux enfants ukrainiens : retour sur cette op\u00e9ration et interview.","breadcrumb":{"@id":"https:\/\/www.saint-paul-angouleme.fr\/application\/solidarite-ukraine-retour-sur-lexpedition-doudous-bonbons\/#breadcrumb"},"inLanguage":"fr-FR","potentialAction":[{"@type":"ReadAction","target":["https:\/\/www.saint-paul-angouleme.fr\/application\/solidarite-ukraine-retour-sur-lexpedition-doudous-bonbons\/"]}]},{"@type":"ImageObject","inLanguage":"fr-FR","@id":"https:\/\/www.saint-paul-angouleme.fr\/application\/solidarite-ukraine-retour-sur-lexpedition-doudous-bonbons\/#primaryimage","url":"https:\/\/www.saint-paul-angouleme.fr\/application\/wp-content\/uploads\/2022\/04\/11..jpg","contentUrl":"https:\/\/www.saint-paul-angouleme.fr\/application\/wp-content\/uploads\/2022\/04\/11..jpg","width":2016,"height":1512,"caption":"Un piano au milieu du camp"},{"@type":"BreadcrumbList","@id":"https:\/\/www.saint-paul-angouleme.fr\/application\/solidarite-ukraine-retour-sur-lexpedition-doudous-bonbons\/#breadcrumb","itemListElement":[{"@type":"ListItem","position":1,"name":"Accueil","item":"http:\/\/www.saint-paul-angouleme.fr\/application\/"},{"@type":"ListItem","position":2,"name":"Solidarit\u00e9 Ukraine : retour sur l&#8217;exp\u00e9dition &#8220;Doudous &#038; Bonbons&#8221;"}]},{"@type":"WebSite","@id":"https:\/\/www.saint-paul-angouleme.fr\/application\/#website","url":"https:\/\/www.saint-paul-angouleme.fr\/application\/","name":"Actualit\u00e9s","description":"Actualit\u00e9s Saint Paul","publisher":{"@id":"https:\/\/www.saint-paul-angouleme.fr\/application\/#organization"},"potentialAction":[{"@type":"SearchAction","target":{"@type":"EntryPoint","urlTemplate":"https:\/\/www.saint-paul-angouleme.fr\/application\/?s={search_term_string}"},"query-input":"required name=search_term_string"}],"inLanguage":"fr-FR"},{"@type":"Organization","@id":"https:\/\/www.saint-paul-angouleme.fr\/application\/#organization","name":"Ensemble scolaire Saint-Paul","url":"https:\/\/www.saint-paul-angouleme.fr\/application\/","logo":{"@type":"ImageObject","inLanguage":"fr-FR","@id":"https:\/\/www.saint-paul-angouleme.fr\/application\/#\/schema\/logo\/image\/","url":"https:\/\/www.saint-paul-angouleme.fr\/application\/wp-content\/uploads\/2018\/08\/logo-saint-paul-couleurs.jpg","contentUrl":"https:\/\/www.saint-paul-angouleme.fr\/application\/wp-content\/uploads\/2018\/08\/logo-saint-paul-couleurs.jpg","width":1890,"height":709,"caption":"Ensemble scolaire Saint-Paul"},"image":{"@id":"https:\/\/www.saint-paul-angouleme.fr\/application\/#\/schema\/logo\/image\/"},"sameAs":["https:\/\/www.facebook.com\/SaintPaulAngouleme16\/","https:\/\/x.com\/StPaulAngoulem","https:\/\/www.youtube.com\/channel\/UCRLpz1CmPVqc0gn--YyXvjA?view_as=subscriber"]},{"@type":"Person","@id":"https:\/\/www.saint-paul-angouleme.fr\/application\/#\/schema\/person\/ea152930b1a3823659065827b1a5fb9b","name":"SAINT-PAUL","image":{"@type":"ImageObject","inLanguage":"fr-FR","@id":"https:\/\/www.saint-paul-angouleme.fr\/application\/#\/schema\/person\/image\/","url":"https:\/\/secure.gravatar.com\/avatar\/eadb0ffebc02683a61d69038eb2924f0?s=96&r=g","contentUrl":"https:\/\/secure.gravatar.com\/avatar\/eadb0ffebc02683a61d69038eb2924f0?s=96&r=g","caption":"SAINT-PAUL"},"url":"https:\/\/www.saint-paul-angouleme.fr\/application\/author\/myriam\/"}]}},"_links":{"self":[{"href":"https:\/\/www.saint-paul-angouleme.fr\/application\/wp-json\/wp\/v2\/posts\/6008"}],"collection":[{"href":"https:\/\/www.saint-paul-angouleme.fr\/application\/wp-json\/wp\/v2\/posts"}],"about":[{"href":"https:\/\/www.saint-paul-angouleme.fr\/application\/wp-json\/wp\/v2\/types\/post"}],"author":[{"embeddable":true,"href":"https:\/\/www.saint-paul-angouleme.fr\/application\/wp-json\/wp\/v2\/users\/3"}],"replies":[{"embeddable":true,"href":"https:\/\/www.saint-paul-angouleme.fr\/application\/wp-json\/wp\/v2\/comments?post=6008"}],"version-history":[{"count":13,"href":"https:\/\/www.saint-paul-angouleme.fr\/application\/wp-json\/wp\/v2\/posts\/6008\/revisions"}],"predecessor-version":[{"id":6046,"href":"https:\/\/www.saint-paul-angouleme.fr\/application\/wp-json\/wp\/v2\/posts\/6008\/revisions\/6046"}],"wp:featuredmedia":[{"embeddable":true,"href":"https:\/\/www.saint-paul-angouleme.fr\/application\/wp-json\/wp\/v2\/media\/6032"}],"wp:attachment":[{"href":"https:\/\/www.saint-paul-angouleme.fr\/application\/wp-json\/wp\/v2\/media?parent=6008"}],"wp:term":[{"taxonomy":"category","embeddable":true,"href":"https:\/\/www.saint-paul-angouleme.fr\/application\/wp-json\/wp\/v2\/categories?post=6008"},{"taxonomy":"post_tag","embeddable":true,"href":"https:\/\/www.saint-paul-angouleme.fr\/application\/wp-json\/wp\/v2\/tags?post=6008"}],"curies":[{"name":"wp","href":"https:\/\/api.w.org\/{rel}","templated":true}]}}