{"id":5978,"date":"2022-02-14T12:16:20","date_gmt":"2022-02-14T11:16:20","guid":{"rendered":"https:\/\/www.saint-paul-angouleme.fr\/application\/?p=5954"},"modified":"2022-02-14T12:16:20","modified_gmt":"2022-02-14T11:16:20","slug":"lyceen-and-talented-foil-artist-arthur-a-champion-seed","status":"publish","type":"post","link":"https:\/\/www.saint-paul-angouleme.fr\/application\/en\/lyceen-and-talented-foil-artist-arthur-a-champion-seed\/","title":{"rendered":"Talented high school student and foil fencer: Arthur, a champion seed"},"content":{"rendered":"\n<figure class=\"wp-block-image\"><img loading=\"lazy\" decoding=\"async\" width=\"683\" height=\"1024\" src=\"https:\/\/www.saint-paul-angouleme.fr\/application\/wp-content\/uploads\/2022\/02\/SalleTaillefer-photo-005-683x1024-683x1024.jpg\" alt=\"Fencing: face to face\" class=\"wp-image-5963\" srcset=\"https:\/\/www.saint-paul-angouleme.fr\/application\/wp-content\/uploads\/2022\/02\/SalleTaillefer-photo-005-683x1024.jpg 683w, https:\/\/www.saint-paul-angouleme.fr\/application\/wp-content\/uploads\/2022\/02\/SalleTaillefer-photo-005-683x1024-200x300.jpg 200w\" sizes=\"(max-width: 683px) 100vw, 683px\" \/><figcaption>Photo Room Taillefer<\/figcaption><\/figure>\n\n\n\n<p class=\"justification_texte { text-align: justify;}\">Arthur CAILLOUX-OTT is a student in class <sup>1st<\/sup>\nat the Lyc\u00e9e Saint-Paul. Since the age of 5 he has been fencing and he loves it.\nAnd it is indeed better to be passionate when you have to combine studies\nand sport. It is, in fact, 6h00 of training per week and\nweekend competitions that must be added to about 37h00 of classes and to the\nhomework.<\/p>\n\n\n\n<figure class=\"wp-block-image\"><img loading=\"lazy\" decoding=\"async\" width=\"1024\" height=\"768\" src=\"https:\/\/www.saint-paul-angouleme.fr\/application\/wp-content\/uploads\/2022\/02\/IMG_1731-1024x768.jpg\" alt=\"Fencing in Bourg la Reine\" class=\"wp-image-5962\" srcset=\"https:\/\/www.saint-paul-angouleme.fr\/application\/wp-content\/uploads\/2022\/02\/IMG_1731-1024x768.jpg 1024w, https:\/\/www.saint-paul-angouleme.fr\/application\/wp-content\/uploads\/2022\/02\/IMG_1731-300x225.jpg 300w, https:\/\/www.saint-paul-angouleme.fr\/application\/wp-content\/uploads\/2022\/02\/IMG_1731-768x576.jpg 768w, https:\/\/www.saint-paul-angouleme.fr\/application\/wp-content\/uploads\/2022\/02\/IMG_1731.jpg 1920w\" sizes=\"(max-width: 1024px) 100vw, 1024px\" \/><figcaption>Photo Room Taillefer<\/figcaption><\/figure>\n\n\n\n<h3 class=\"wp-block-heading\">The choice of fencing<\/h3>\n\n\n\n<p class=\"justification_texte { text-align: justify;}\">It is because his father is a weapon master that he started this sport rather than another. Validated test. The club of the taillefer room is small (it has 120 licensees) and the people are &quot;nice&quot;. What Arthur likes are the values conveyed by fencing, including respect for the opponent and that of the referee. This sport &quot;<a href=\"https:\/\/www.escrimeangouleme.fr\/\" target=\"_blank\" rel=\"noreferrer noopener\" aria-label=\"requiert sens tactique, puissance physique et rapidit\u00e9, r\u00e9flexes et capacit\u00e9 de d\u00e9cision, sens de l\u2019\u00e9quilibre et du tempo, fair-play, volont\u00e9 de vaincre et acceptation de la d\u00e9faite (s\u2019ouvre dans un nouvel onglet)\">requires tactical sense, physical power and speed, reflexes and decision-making ability, sense of balance and tempo, fair play, will to win and acceptance of defeat<\/a>&quot;.<\/p>\n\n\n\n<figure class=\"wp-block-image\"><img loading=\"lazy\" decoding=\"async\" width=\"1024\" height=\"768\" src=\"https:\/\/www.saint-paul-angouleme.fr\/application\/wp-content\/uploads\/2022\/02\/IMG_1664-1-1024x768.jpg\" alt=\"Fencing: forward fencing attack\" class=\"wp-image-5964\" srcset=\"https:\/\/www.saint-paul-angouleme.fr\/application\/wp-content\/uploads\/2022\/02\/IMG_1664-1-1024x768.jpg 1024w, https:\/\/www.saint-paul-angouleme.fr\/application\/wp-content\/uploads\/2022\/02\/IMG_1664-1-300x225.jpg 300w, https:\/\/www.saint-paul-angouleme.fr\/application\/wp-content\/uploads\/2022\/02\/IMG_1664-1-768x576.jpg 768w, https:\/\/www.saint-paul-angouleme.fr\/application\/wp-content\/uploads\/2022\/02\/IMG_1664-1.jpg 1920w\" sizes=\"(max-width: 1024px) 100vw, 1024px\" \/><figcaption> Photo Room Taillefer <\/figcaption><\/figure>\n\n\n\n<h3 class=\"wp-block-heading\">Passion for competitions<\/h3>\n\n\n\n<p class=\"justification_texte { text-align: justify;}\">To succeed in holding everything, it is necessary to be\nwell organized: homework done before training, revisions during\nTravel. When competitions require an absence, comrades\nphotograph classrooms and digital tools (Pronote,\nPearltrees) allow you to follow the content of sessions.<\/p>\n\n\n\n<p class=\"justification_texte { text-align: justify;}\">In November and December there is a competition every weekend; same thing at the beginning of January. Thus, on January 29, 2022, Arthur participates in the &quot;Challenge International Fleuret Homme Senior&quot; in Bourg la Reine. It is a difficult and selective competition in view of the world championships. There are many participants and even a large delegation of Americans. In the French team, the reigning champion will be present. The level is high: to be qualified you must be medalist or be ranked in the top eight. Arthur tries the double over-ranking in order to be able to shoot with the Senior because he wants to try to make up for his pre-Covid injury. These competitions allow you to &quot;rub shoulders&quot; with the best athletes and thus gain experience.<\/p>\n\n\n\n<figure class=\"wp-block-image\"><img loading=\"lazy\" decoding=\"async\" width=\"528\" height=\"960\" src=\"https:\/\/www.saint-paul-angouleme.fr\/application\/wp-content\/uploads\/2022\/02\/received_980325012889306.jpeg\" alt=\"Arthur Cailloux-Ott\" class=\"wp-image-5966\" srcset=\"https:\/\/www.saint-paul-angouleme.fr\/application\/wp-content\/uploads\/2022\/02\/received_980325012889306.jpeg 528w, https:\/\/www.saint-paul-angouleme.fr\/application\/wp-content\/uploads\/2022\/02\/received_980325012889306-165x300.jpeg 165w\" sizes=\"(max-width: 528px) 100vw, 528px\" \/><figcaption>Family photo Cailloux-Ott<\/figcaption><\/figure>\n\n\n\n<h3 class=\"wp-block-heading\">Go as far as possible<\/h3>\n\n\n\n<p class=\"justification_texte { text-align: justify;}\">Ranked <sup>18th<\/sup> in France (in its\ncategory) and <sup>3rd<\/sup> regional, Arthur wants to go the furthest\npossible. 2021\/2022 marks its first year on the international circuit with\nincluding his qualification for the European Cup in Bratislava. This one has been\nplayed with a touch confided Arthur during a competition in Cabri\u00e8s (Bouches du\nRhone).<\/p>\n\n\n\n<p class=\"justification_texte { text-align: justify;}\">Before the start of each match, Arthur likes\nexchange with friends to evacuate stress. Then he withdrew from the\ngroup in order to be alone 10 to 15 minutes to concentrate, &quot;take the\ncompetition mentality.&quot; Sometimes he also listens to music.<\/p>\n\n\n\n<figure class=\"wp-block-image\"><img loading=\"lazy\" decoding=\"async\" width=\"1024\" height=\"768\" src=\"https:\/\/www.saint-paul-angouleme.fr\/application\/wp-content\/uploads\/2022\/02\/IMG_1708-1024x768.jpg\" alt=\"Fencing: the Americans in Bourg la Reine\" class=\"wp-image-5969\" srcset=\"https:\/\/www.saint-paul-angouleme.fr\/application\/wp-content\/uploads\/2022\/02\/IMG_1708-1024x768.jpg 1024w, https:\/\/www.saint-paul-angouleme.fr\/application\/wp-content\/uploads\/2022\/02\/IMG_1708-300x225.jpg 300w, https:\/\/www.saint-paul-angouleme.fr\/application\/wp-content\/uploads\/2022\/02\/IMG_1708-768x576.jpg 768w, https:\/\/www.saint-paul-angouleme.fr\/application\/wp-content\/uploads\/2022\/02\/IMG_1708.jpg 1920w\" sizes=\"(max-width: 1024px) 100vw, 1024px\" \/><figcaption> Photo Room Taillefer  <\/figcaption><\/figure>\n\n\n\n<h3 class=\"wp-block-heading\">Having fun first and foremost<\/h3>\n\n\n\n<p class=\"justification_texte { text-align: justify;}\">His tactic: start with what he likes\ndo well in order to feel comfortable. Then, of course, you have to adapt everything\nthroughout the match depending on the opponent. For this he knows that he can\nrely on the advice and help of the coach; he has an outside look\nabout what&#39;s going on.<\/p>\n\n\n\n<p class=\"justification_texte { text-align: justify;}\">For Arthur the European cups are very good experiences because they allow you to learn a lot. The main thing for him is to &quot;have fun first and foremost&quot;. So let&#39;s wish him a lot more competitions and great victories.<\/p>\n\n\n\n<figure class=\"wp-block-image\"><img loading=\"lazy\" decoding=\"async\" width=\"1024\" height=\"687\" src=\"https:\/\/www.saint-paul-angouleme.fr\/application\/wp-content\/uploads\/2022\/02\/fencing-g6e28fb308_1920-1-1024x687.jpg\" alt=\"Fencing: attack position\" class=\"wp-image-5970\" srcset=\"https:\/\/www.saint-paul-angouleme.fr\/application\/wp-content\/uploads\/2022\/02\/fencing-g6e28fb308_1920-1-1024x687.jpg 1024w, https:\/\/www.saint-paul-angouleme.fr\/application\/wp-content\/uploads\/2022\/02\/fencing-g6e28fb308_1920-1-300x201.jpg 300w, https:\/\/www.saint-paul-angouleme.fr\/application\/wp-content\/uploads\/2022\/02\/fencing-g6e28fb308_1920-1-768x515.jpg 768w, https:\/\/www.saint-paul-angouleme.fr\/application\/wp-content\/uploads\/2022\/02\/fencing-g6e28fb308_1920-1.jpg 1920w\" sizes=\"(max-width: 1024px) 100vw, 1024px\" \/><figcaption>  Photo Room Taillefer   <\/figcaption><\/figure>\n\n\n\n<ul class=\"wp-block-gallery aligncenter columns-3 is-cropped wp-block-gallery-1 is-layout-flex wp-block-gallery-is-layout-flex\"><li class=\"blocks-gallery-item\"><figure><img loading=\"lazy\" decoding=\"async\" width=\"1024\" height=\"683\" src=\"https:\/\/www.saint-paul-angouleme.fr\/application\/wp-content\/uploads\/2022\/02\/SalleTaillefer-photo-001-scaled-1-1024x683.jpg\" alt=\"\" data-id=\"5973\" data-link=\"https:\/\/www.saint-paul-angouleme.fr\/application\/?attachment_id=5973#main\" class=\"wp-image-5973\" srcset=\"https:\/\/www.saint-paul-angouleme.fr\/application\/wp-content\/uploads\/2022\/02\/SalleTaillefer-photo-001-scaled-1-1024x683.jpg 1024w, https:\/\/www.saint-paul-angouleme.fr\/application\/wp-content\/uploads\/2022\/02\/SalleTaillefer-photo-001-scaled-1-300x200.jpg 300w, https:\/\/www.saint-paul-angouleme.fr\/application\/wp-content\/uploads\/2022\/02\/SalleTaillefer-photo-001-scaled-1-768x512.jpg 768w\" sizes=\"(max-width: 1024px) 100vw, 1024px\" \/><\/figure><\/li><li class=\"blocks-gallery-item\"><figure><img loading=\"lazy\" decoding=\"async\" width=\"1000\" height=\"1000\" src=\"https:\/\/www.saint-paul-angouleme.fr\/application\/wp-content\/uploads\/2022\/02\/eg7dt-autocollant_cercle_salle_taillefer_1_2.jpg\" alt=\"\" data-id=\"5971\" data-link=\"https:\/\/www.saint-paul-angouleme.fr\/application\/?attachment_id=5971#main\" class=\"wp-image-5971\" srcset=\"https:\/\/www.saint-paul-angouleme.fr\/application\/wp-content\/uploads\/2022\/02\/eg7dt-autocollant_cercle_salle_taillefer_1_2.jpg 1000w, https:\/\/www.saint-paul-angouleme.fr\/application\/wp-content\/uploads\/2022\/02\/eg7dt-autocollant_cercle_salle_taillefer_1_2-150x150.jpg 150w, https:\/\/www.saint-paul-angouleme.fr\/application\/wp-content\/uploads\/2022\/02\/eg7dt-autocollant_cercle_salle_taillefer_1_2-300x300.jpg 300w, https:\/\/www.saint-paul-angouleme.fr\/application\/wp-content\/uploads\/2022\/02\/eg7dt-autocollant_cercle_salle_taillefer_1_2-768x768.jpg 768w, https:\/\/www.saint-paul-angouleme.fr\/application\/wp-content\/uploads\/2022\/02\/eg7dt-autocollant_cercle_salle_taillefer_1_2-144x144.jpg 144w\" sizes=\"(max-width: 1000px) 100vw, 1000px\" \/><\/figure><\/li><li class=\"blocks-gallery-item\"><figure><img loading=\"lazy\" decoding=\"async\" width=\"1000\" height=\"750\" src=\"https:\/\/www.saint-paul-angouleme.fr\/application\/wp-content\/uploads\/2022\/02\/f1v8l-1A07B3EA-11B7-4347-ABDD-A32C0CC6DDDE_1_105_c.jpeg\" alt=\"\" data-id=\"5975\" data-link=\"https:\/\/www.saint-paul-angouleme.fr\/application\/?attachment_id=5975#main\" class=\"wp-image-5975\" srcset=\"https:\/\/www.saint-paul-angouleme.fr\/application\/wp-content\/uploads\/2022\/02\/f1v8l-1A07B3EA-11B7-4347-ABDD-A32C0CC6DDDE_1_105_c.jpeg 1000w, https:\/\/www.saint-paul-angouleme.fr\/application\/wp-content\/uploads\/2022\/02\/f1v8l-1A07B3EA-11B7-4347-ABDD-A32C0CC6DDDE_1_105_c-300x225.jpeg 300w, https:\/\/www.saint-paul-angouleme.fr\/application\/wp-content\/uploads\/2022\/02\/f1v8l-1A07B3EA-11B7-4347-ABDD-A32C0CC6DDDE_1_105_c-768x576.jpeg 768w\" sizes=\"(max-width: 1000px) 100vw, 1000px\" \/><\/figure><\/li><li class=\"blocks-gallery-item\"><figure><img loading=\"lazy\" decoding=\"async\" width=\"1024\" height=\"543\" src=\"https:\/\/www.saint-paul-angouleme.fr\/application\/wp-content\/uploads\/2022\/02\/sport-de-combat-photo-002-1210x642-2-1024x543.jpeg\" alt=\"\" data-id=\"5976\" data-link=\"https:\/\/www.saint-paul-angouleme.fr\/application\/?attachment_id=5976#main\" class=\"wp-image-5976\" srcset=\"https:\/\/www.saint-paul-angouleme.fr\/application\/wp-content\/uploads\/2022\/02\/sport-de-combat-photo-002-1210x642-2-1024x543.jpeg 1024w, https:\/\/www.saint-paul-angouleme.fr\/application\/wp-content\/uploads\/2022\/02\/sport-de-combat-photo-002-1210x642-2-300x159.jpeg 300w, https:\/\/www.saint-paul-angouleme.fr\/application\/wp-content\/uploads\/2022\/02\/sport-de-combat-photo-002-1210x642-2-768x407.jpeg 768w, https:\/\/www.saint-paul-angouleme.fr\/application\/wp-content\/uploads\/2022\/02\/sport-de-combat-photo-002-1210x642-2.jpeg 1210w\" sizes=\"(max-width: 1024px) 100vw, 1024px\" \/><\/figure><\/li><\/ul>\n","protected":false},"excerpt":{"rendered":"<p>Arthur CAILLOUX-OTT is a student in class 1st at the Lyc\u00e9e Saint-Paul. Since the age of 5 he has been fencing and he loves it. And it is indeed better to be passionate when you have to combine studies and sport. It is, in fact, 6h00 of training per week and weekend competitions that must &#8230; <a title=\"Talented high school student and foil fencer: Arthur, a champion seed\" class=\"read-more\" href=\"https:\/\/www.saint-paul-angouleme.fr\/application\/en\/lyceen-and-talented-foil-artist-arthur-a-champion-seed\/\" aria-label=\"Read more about Talented high school student and foil fencer: Arthur, a champion seed\">Lire la suite<\/a><\/p>\n","protected":false},"author":3,"featured_media":0,"comment_status":"open","ping_status":"open","sticky":false,"template":"","format":"standard","meta":{"_exactmetrics_skip_tracking":false,"_exactmetrics_sitenote_active":false,"_exactmetrics_sitenote_note":"","_exactmetrics_sitenote_category":0,"footnotes":""},"categories":[2],"tags":[],"class_list":["post-5978","post","type-post","status-publish","format-standard","hentry","category-look-on"],"yoast_head":"<!-- This site is optimized with the Yoast SEO plugin v23.3 - https:\/\/yoast.com\/wordpress\/plugins\/seo\/ -->\n<title>Talented high school student and foil fencer: Arthur, a champion seed - Actualit\u00e9s<\/title>\n<meta name=\"robots\" content=\"index, follow, max-snippet:-1, max-image-preview:large, max-video-preview:-1\" \/>\n<link rel=\"canonical\" href=\"https:\/\/www.saint-paul-angouleme.fr\/application\/en\/lyceen-and-talented-foil-artist-arthur-a-champion-seed\/\" \/>\n<meta property=\"og:locale\" content=\"fr_FR\" \/>\n<meta property=\"og:type\" content=\"article\" \/>\n<meta property=\"og:title\" content=\"Talented high school student and foil fencer: Arthur, a champion seed - Actualit\u00e9s\" \/>\n<meta property=\"og:description\" content=\"Arthur CAILLOUX-OTT is a student in class 1st at the Lyc\u00e9e Saint-Paul. Since the age of 5 he has been fencing and he loves it. And it is indeed better to be passionate when you have to combine studies and sport. It is, in fact, 6h00 of training per week and weekend competitions that must ... Lire la suite\" \/>\n<meta property=\"og:url\" content=\"https:\/\/www.saint-paul-angouleme.fr\/application\/en\/lyceen-and-talented-foil-artist-arthur-a-champion-seed\/\" \/>\n<meta property=\"og:site_name\" content=\"Actualit\u00e9s\" \/>\n<meta property=\"article:publisher\" content=\"https:\/\/www.facebook.com\/SaintPaulAngouleme16\/\" \/>\n<meta property=\"article:published_time\" content=\"2022-02-14T11:16:20+00:00\" \/>\n<meta property=\"og:image\" content=\"https:\/\/www.saint-paul-angouleme.fr\/application\/wp-content\/uploads\/2022\/02\/SalleTaillefer-photo-005-683x1024-683x1024.jpg\" \/>\n<meta name=\"author\" content=\"SAINT-PAUL\" \/>\n<meta name=\"twitter:card\" content=\"summary_large_image\" \/>\n<meta name=\"twitter:creator\" content=\"@StPaulAngoulem\" \/>\n<meta name=\"twitter:site\" content=\"@StPaulAngoulem\" \/>\n<meta name=\"twitter:label1\" content=\"\u00c9crit par\" \/>\n\t<meta name=\"twitter:data1\" content=\"SAINT-PAUL\" \/>\n\t<meta name=\"twitter:label2\" content=\"Dur\u00e9e de lecture estim\u00e9e\" \/>\n\t<meta name=\"twitter:data2\" content=\"3 minutes\" \/>\n<script type=\"application\/ld+json\" class=\"yoast-schema-graph\">{\"@context\":\"https:\/\/schema.org\",\"@graph\":[{\"@type\":\"Article\",\"@id\":\"https:\/\/www.saint-paul-angouleme.fr\/application\/en\/lyceen-and-talented-foil-artist-arthur-a-champion-seed\/#article\",\"isPartOf\":{\"@id\":\"https:\/\/www.saint-paul-angouleme.fr\/application\/en\/lyceen-and-talented-foil-artist-arthur-a-champion-seed\/\"},\"author\":{\"name\":\"SAINT-PAUL\",\"@id\":\"https:\/\/www.saint-paul-angouleme.fr\/application\/#\/schema\/person\/ea152930b1a3823659065827b1a5fb9b\"},\"headline\":\"Talented high school student and foil fencer: Arthur, a champion seed\",\"datePublished\":\"2022-02-14T11:16:20+00:00\",\"dateModified\":\"2022-02-14T11:16:20+00:00\",\"mainEntityOfPage\":{\"@id\":\"https:\/\/www.saint-paul-angouleme.fr\/application\/en\/lyceen-and-talented-foil-artist-arthur-a-champion-seed\/\"},\"wordCount\":561,\"commentCount\":0,\"publisher\":{\"@id\":\"https:\/\/www.saint-paul-angouleme.fr\/application\/#organization\"},\"image\":{\"@id\":\"https:\/\/www.saint-paul-angouleme.fr\/application\/en\/lyceen-and-talented-foil-artist-arthur-a-champion-seed\/#primaryimage\"},\"thumbnailUrl\":\"https:\/\/www.saint-paul-angouleme.fr\/application\/wp-content\/uploads\/2022\/02\/SalleTaillefer-photo-005-683x1024-683x1024.jpg\",\"articleSection\":[\"Look on\"],\"inLanguage\":\"fr-FR\",\"potentialAction\":[{\"@type\":\"CommentAction\",\"name\":\"Comment\",\"target\":[\"https:\/\/www.saint-paul-angouleme.fr\/application\/en\/lyceen-and-talented-foil-artist-arthur-a-champion-seed\/#respond\"]}]},{\"@type\":\"WebPage\",\"@id\":\"https:\/\/www.saint-paul-angouleme.fr\/application\/en\/lyceen-and-talented-foil-artist-arthur-a-champion-seed\/\",\"url\":\"https:\/\/www.saint-paul-angouleme.fr\/application\/en\/lyceen-and-talented-foil-artist-arthur-a-champion-seed\/\",\"name\":\"Talented high school student and foil fencer: Arthur, a champion seed - Actualit\u00e9s\",\"isPartOf\":{\"@id\":\"https:\/\/www.saint-paul-angouleme.fr\/application\/#website\"},\"primaryImageOfPage\":{\"@id\":\"https:\/\/www.saint-paul-angouleme.fr\/application\/en\/lyceen-and-talented-foil-artist-arthur-a-champion-seed\/#primaryimage\"},\"image\":{\"@id\":\"https:\/\/www.saint-paul-angouleme.fr\/application\/en\/lyceen-and-talented-foil-artist-arthur-a-champion-seed\/#primaryimage\"},\"thumbnailUrl\":\"https:\/\/www.saint-paul-angouleme.fr\/application\/wp-content\/uploads\/2022\/02\/SalleTaillefer-photo-005-683x1024-683x1024.jpg\",\"datePublished\":\"2022-02-14T11:16:20+00:00\",\"dateModified\":\"2022-02-14T11:16:20+00:00\",\"breadcrumb\":{\"@id\":\"https:\/\/www.saint-paul-angouleme.fr\/application\/en\/lyceen-and-talented-foil-artist-arthur-a-champion-seed\/#breadcrumb\"},\"inLanguage\":\"fr-FR\",\"potentialAction\":[{\"@type\":\"ReadAction\",\"target\":[\"https:\/\/www.saint-paul-angouleme.fr\/application\/en\/lyceen-and-talented-foil-artist-arthur-a-champion-seed\/\"]}]},{\"@type\":\"ImageObject\",\"inLanguage\":\"fr-FR\",\"@id\":\"https:\/\/www.saint-paul-angouleme.fr\/application\/en\/lyceen-and-talented-foil-artist-arthur-a-champion-seed\/#primaryimage\",\"url\":\"https:\/\/www.saint-paul-angouleme.fr\/application\/wp-content\/uploads\/2022\/02\/SalleTaillefer-photo-005-683x1024.jpg\",\"contentUrl\":\"https:\/\/www.saint-paul-angouleme.fr\/application\/wp-content\/uploads\/2022\/02\/SalleTaillefer-photo-005-683x1024.jpg\",\"width\":683,\"height\":1024},{\"@type\":\"BreadcrumbList\",\"@id\":\"https:\/\/www.saint-paul-angouleme.fr\/application\/en\/lyceen-and-talented-foil-artist-arthur-a-champion-seed\/#breadcrumb\",\"itemListElement\":[{\"@type\":\"ListItem\",\"position\":1,\"name\":\"Accueil\",\"item\":\"http:\/\/www.saint-paul-angouleme.fr\/application\/\"},{\"@type\":\"ListItem\",\"position\":2,\"name\":\"Talented high school student and foil fencer: Arthur, a champion seed\"}]},{\"@type\":\"WebSite\",\"@id\":\"https:\/\/www.saint-paul-angouleme.fr\/application\/#website\",\"url\":\"https:\/\/www.saint-paul-angouleme.fr\/application\/\",\"name\":\"Actualit\u00e9s\",\"description\":\"Actualit\u00e9s Saint Paul\",\"publisher\":{\"@id\":\"https:\/\/www.saint-paul-angouleme.fr\/application\/#organization\"},\"potentialAction\":[{\"@type\":\"SearchAction\",\"target\":{\"@type\":\"EntryPoint\",\"urlTemplate\":\"https:\/\/www.saint-paul-angouleme.fr\/application\/?s={search_term_string}\"},\"query-input\":\"required name=search_term_string\"}],\"inLanguage\":\"fr-FR\"},{\"@type\":\"Organization\",\"@id\":\"https:\/\/www.saint-paul-angouleme.fr\/application\/#organization\",\"name\":\"Ensemble scolaire Saint-Paul\",\"url\":\"https:\/\/www.saint-paul-angouleme.fr\/application\/\",\"logo\":{\"@type\":\"ImageObject\",\"inLanguage\":\"fr-FR\",\"@id\":\"https:\/\/www.saint-paul-angouleme.fr\/application\/#\/schema\/logo\/image\/\",\"url\":\"https:\/\/www.saint-paul-angouleme.fr\/application\/wp-content\/uploads\/2018\/08\/logo-saint-paul-couleurs.jpg\",\"contentUrl\":\"https:\/\/www.saint-paul-angouleme.fr\/application\/wp-content\/uploads\/2018\/08\/logo-saint-paul-couleurs.jpg\",\"width\":1890,\"height\":709,\"caption\":\"Ensemble scolaire Saint-Paul\"},\"image\":{\"@id\":\"https:\/\/www.saint-paul-angouleme.fr\/application\/#\/schema\/logo\/image\/\"},\"sameAs\":[\"https:\/\/www.facebook.com\/SaintPaulAngouleme16\/\",\"https:\/\/x.com\/StPaulAngoulem\",\"https:\/\/www.youtube.com\/channel\/UCRLpz1CmPVqc0gn--YyXvjA?view_as=subscriber\"]},{\"@type\":\"Person\",\"@id\":\"https:\/\/www.saint-paul-angouleme.fr\/application\/#\/schema\/person\/ea152930b1a3823659065827b1a5fb9b\",\"name\":\"SAINT-PAUL\",\"image\":{\"@type\":\"ImageObject\",\"inLanguage\":\"fr-FR\",\"@id\":\"https:\/\/www.saint-paul-angouleme.fr\/application\/#\/schema\/person\/image\/\",\"url\":\"https:\/\/secure.gravatar.com\/avatar\/eadb0ffebc02683a61d69038eb2924f0?s=96&r=g\",\"contentUrl\":\"https:\/\/secure.gravatar.com\/avatar\/eadb0ffebc02683a61d69038eb2924f0?s=96&r=g\",\"caption\":\"SAINT-PAUL\"},\"url\":\"https:\/\/www.saint-paul-angouleme.fr\/application\/author\/myriam\/\"}]}<\/script>\n<!-- \/ Yoast SEO plugin. -->","yoast_head_json":{"title":"Talented high school student and foil fencer: Arthur, a champion seed - Actualit\u00e9s","robots":{"index":"index","follow":"follow","max-snippet":"max-snippet:-1","max-image-preview":"max-image-preview:large","max-video-preview":"max-video-preview:-1"},"canonical":"https:\/\/www.saint-paul-angouleme.fr\/application\/en\/lyceen-and-talented-foil-artist-arthur-a-champion-seed\/","og_locale":"fr_FR","og_type":"article","og_title":"Talented high school student and foil fencer: Arthur, a champion seed - Actualit\u00e9s","og_description":"Arthur CAILLOUX-OTT is a student in class 1st at the Lyc\u00e9e Saint-Paul. Since the age of 5 he has been fencing and he loves it. And it is indeed better to be passionate when you have to combine studies and sport. It is, in fact, 6h00 of training per week and weekend competitions that must ... Lire la suite","og_url":"https:\/\/www.saint-paul-angouleme.fr\/application\/en\/lyceen-and-talented-foil-artist-arthur-a-champion-seed\/","og_site_name":"Actualit\u00e9s","article_publisher":"https:\/\/www.facebook.com\/SaintPaulAngouleme16\/","article_published_time":"2022-02-14T11:16:20+00:00","og_image":[{"url":"https:\/\/www.saint-paul-angouleme.fr\/application\/wp-content\/uploads\/2022\/02\/SalleTaillefer-photo-005-683x1024-683x1024.jpg"}],"author":"SAINT-PAUL","twitter_card":"summary_large_image","twitter_creator":"@StPaulAngoulem","twitter_site":"@StPaulAngoulem","twitter_misc":{"\u00c9crit par":"SAINT-PAUL","Dur\u00e9e de lecture estim\u00e9e":"3 minutes"},"schema":{"@context":"https:\/\/schema.org","@graph":[{"@type":"Article","@id":"https:\/\/www.saint-paul-angouleme.fr\/application\/en\/lyceen-and-talented-foil-artist-arthur-a-champion-seed\/#article","isPartOf":{"@id":"https:\/\/www.saint-paul-angouleme.fr\/application\/en\/lyceen-and-talented-foil-artist-arthur-a-champion-seed\/"},"author":{"name":"SAINT-PAUL","@id":"https:\/\/www.saint-paul-angouleme.fr\/application\/#\/schema\/person\/ea152930b1a3823659065827b1a5fb9b"},"headline":"Talented high school student and foil fencer: Arthur, a champion seed","datePublished":"2022-02-14T11:16:20+00:00","dateModified":"2022-02-14T11:16:20+00:00","mainEntityOfPage":{"@id":"https:\/\/www.saint-paul-angouleme.fr\/application\/en\/lyceen-and-talented-foil-artist-arthur-a-champion-seed\/"},"wordCount":561,"commentCount":0,"publisher":{"@id":"https:\/\/www.saint-paul-angouleme.fr\/application\/#organization"},"image":{"@id":"https:\/\/www.saint-paul-angouleme.fr\/application\/en\/lyceen-and-talented-foil-artist-arthur-a-champion-seed\/#primaryimage"},"thumbnailUrl":"https:\/\/www.saint-paul-angouleme.fr\/application\/wp-content\/uploads\/2022\/02\/SalleTaillefer-photo-005-683x1024-683x1024.jpg","articleSection":["Look on"],"inLanguage":"fr-FR","potentialAction":[{"@type":"CommentAction","name":"Comment","target":["https:\/\/www.saint-paul-angouleme.fr\/application\/en\/lyceen-and-talented-foil-artist-arthur-a-champion-seed\/#respond"]}]},{"@type":"WebPage","@id":"https:\/\/www.saint-paul-angouleme.fr\/application\/en\/lyceen-and-talented-foil-artist-arthur-a-champion-seed\/","url":"https:\/\/www.saint-paul-angouleme.fr\/application\/en\/lyceen-and-talented-foil-artist-arthur-a-champion-seed\/","name":"Talented high school student and foil fencer: Arthur, a champion seed - Actualit\u00e9s","isPartOf":{"@id":"https:\/\/www.saint-paul-angouleme.fr\/application\/#website"},"primaryImageOfPage":{"@id":"https:\/\/www.saint-paul-angouleme.fr\/application\/en\/lyceen-and-talented-foil-artist-arthur-a-champion-seed\/#primaryimage"},"image":{"@id":"https:\/\/www.saint-paul-angouleme.fr\/application\/en\/lyceen-and-talented-foil-artist-arthur-a-champion-seed\/#primaryimage"},"thumbnailUrl":"https:\/\/www.saint-paul-angouleme.fr\/application\/wp-content\/uploads\/2022\/02\/SalleTaillefer-photo-005-683x1024-683x1024.jpg","datePublished":"2022-02-14T11:16:20+00:00","dateModified":"2022-02-14T11:16:20+00:00","breadcrumb":{"@id":"https:\/\/www.saint-paul-angouleme.fr\/application\/en\/lyceen-and-talented-foil-artist-arthur-a-champion-seed\/#breadcrumb"},"inLanguage":"fr-FR","potentialAction":[{"@type":"ReadAction","target":["https:\/\/www.saint-paul-angouleme.fr\/application\/en\/lyceen-and-talented-foil-artist-arthur-a-champion-seed\/"]}]},{"@type":"ImageObject","inLanguage":"fr-FR","@id":"https:\/\/www.saint-paul-angouleme.fr\/application\/en\/lyceen-and-talented-foil-artist-arthur-a-champion-seed\/#primaryimage","url":"https:\/\/www.saint-paul-angouleme.fr\/application\/wp-content\/uploads\/2022\/02\/SalleTaillefer-photo-005-683x1024.jpg","contentUrl":"https:\/\/www.saint-paul-angouleme.fr\/application\/wp-content\/uploads\/2022\/02\/SalleTaillefer-photo-005-683x1024.jpg","width":683,"height":1024},{"@type":"BreadcrumbList","@id":"https:\/\/www.saint-paul-angouleme.fr\/application\/en\/lyceen-and-talented-foil-artist-arthur-a-champion-seed\/#breadcrumb","itemListElement":[{"@type":"ListItem","position":1,"name":"Accueil","item":"http:\/\/www.saint-paul-angouleme.fr\/application\/"},{"@type":"ListItem","position":2,"name":"Talented high school student and foil fencer: Arthur, a champion seed"}]},{"@type":"WebSite","@id":"https:\/\/www.saint-paul-angouleme.fr\/application\/#website","url":"https:\/\/www.saint-paul-angouleme.fr\/application\/","name":"Actualit\u00e9s","description":"Actualit\u00e9s Saint Paul","publisher":{"@id":"https:\/\/www.saint-paul-angouleme.fr\/application\/#organization"},"potentialAction":[{"@type":"SearchAction","target":{"@type":"EntryPoint","urlTemplate":"https:\/\/www.saint-paul-angouleme.fr\/application\/?s={search_term_string}"},"query-input":"required name=search_term_string"}],"inLanguage":"fr-FR"},{"@type":"Organization","@id":"https:\/\/www.saint-paul-angouleme.fr\/application\/#organization","name":"Ensemble scolaire Saint-Paul","url":"https:\/\/www.saint-paul-angouleme.fr\/application\/","logo":{"@type":"ImageObject","inLanguage":"fr-FR","@id":"https:\/\/www.saint-paul-angouleme.fr\/application\/#\/schema\/logo\/image\/","url":"https:\/\/www.saint-paul-angouleme.fr\/application\/wp-content\/uploads\/2018\/08\/logo-saint-paul-couleurs.jpg","contentUrl":"https:\/\/www.saint-paul-angouleme.fr\/application\/wp-content\/uploads\/2018\/08\/logo-saint-paul-couleurs.jpg","width":1890,"height":709,"caption":"Ensemble scolaire Saint-Paul"},"image":{"@id":"https:\/\/www.saint-paul-angouleme.fr\/application\/#\/schema\/logo\/image\/"},"sameAs":["https:\/\/www.facebook.com\/SaintPaulAngouleme16\/","https:\/\/x.com\/StPaulAngoulem","https:\/\/www.youtube.com\/channel\/UCRLpz1CmPVqc0gn--YyXvjA?view_as=subscriber"]},{"@type":"Person","@id":"https:\/\/www.saint-paul-angouleme.fr\/application\/#\/schema\/person\/ea152930b1a3823659065827b1a5fb9b","name":"SAINT-PAUL","image":{"@type":"ImageObject","inLanguage":"fr-FR","@id":"https:\/\/www.saint-paul-angouleme.fr\/application\/#\/schema\/person\/image\/","url":"https:\/\/secure.gravatar.com\/avatar\/eadb0ffebc02683a61d69038eb2924f0?s=96&r=g","contentUrl":"https:\/\/secure.gravatar.com\/avatar\/eadb0ffebc02683a61d69038eb2924f0?s=96&r=g","caption":"SAINT-PAUL"},"url":"https:\/\/www.saint-paul-angouleme.fr\/application\/author\/myriam\/"}]}},"_links":{"self":[{"href":"https:\/\/www.saint-paul-angouleme.fr\/application\/wp-json\/wp\/v2\/posts\/5978"}],"collection":[{"href":"https:\/\/www.saint-paul-angouleme.fr\/application\/wp-json\/wp\/v2\/posts"}],"about":[{"href":"https:\/\/www.saint-paul-angouleme.fr\/application\/wp-json\/wp\/v2\/types\/post"}],"author":[{"embeddable":true,"href":"https:\/\/www.saint-paul-angouleme.fr\/application\/wp-json\/wp\/v2\/users\/3"}],"replies":[{"embeddable":true,"href":"https:\/\/www.saint-paul-angouleme.fr\/application\/wp-json\/wp\/v2\/comments?post=5978"}],"version-history":[{"count":0,"href":"https:\/\/www.saint-paul-angouleme.fr\/application\/wp-json\/wp\/v2\/posts\/5978\/revisions"}],"wp:attachment":[{"href":"https:\/\/www.saint-paul-angouleme.fr\/application\/wp-json\/wp\/v2\/media?parent=5978"}],"wp:term":[{"taxonomy":"category","embeddable":true,"href":"https:\/\/www.saint-paul-angouleme.fr\/application\/wp-json\/wp\/v2\/categories?post=5978"},{"taxonomy":"post_tag","embeddable":true,"href":"https:\/\/www.saint-paul-angouleme.fr\/application\/wp-json\/wp\/v2\/tags?post=5978"}],"curies":[{"name":"wp","href":"https:\/\/api.w.org\/{rel}","templated":true}]}}