{"id":5954,"date":"2022-02-14T12:16:20","date_gmt":"2022-02-14T11:16:20","guid":{"rendered":"https:\/\/www.saint-paul-angouleme.fr\/application\/?p=5954"},"modified":"2022-02-14T15:44:25","modified_gmt":"2022-02-14T14:44:25","slug":"lyceen-et-fleurettiste-talentueux-arthur-une-graine-de-champion","status":"publish","type":"post","link":"https:\/\/www.saint-paul-angouleme.fr\/application\/lyceen-et-fleurettiste-talentueux-arthur-une-graine-de-champion\/","title":{"rendered":"Lyc\u00e9en et fleurettiste talentueux : Arthur, une graine de champion"},"content":{"rendered":"\n<figure class=\"wp-block-image\"><img loading=\"lazy\" decoding=\"async\" width=\"1024\" height=\"768\" src=\"https:\/\/www.saint-paul-angouleme.fr\/application\/wp-content\/uploads\/2022\/02\/IMG_1664-1-1024x768.jpg\" alt=\"Escrime : attaque en fente avant\" class=\"wp-image-5964\" srcset=\"https:\/\/www.saint-paul-angouleme.fr\/application\/wp-content\/uploads\/2022\/02\/IMG_1664-1-1024x768.jpg 1024w, https:\/\/www.saint-paul-angouleme.fr\/application\/wp-content\/uploads\/2022\/02\/IMG_1664-1-300x225.jpg 300w, https:\/\/www.saint-paul-angouleme.fr\/application\/wp-content\/uploads\/2022\/02\/IMG_1664-1-768x576.jpg 768w, https:\/\/www.saint-paul-angouleme.fr\/application\/wp-content\/uploads\/2022\/02\/IMG_1664-1.jpg 1920w\" sizes=\"(max-width: 1024px) 100vw, 1024px\" \/><figcaption> Photo Salle Taillefer <\/figcaption><\/figure>\n\n\n\n<p class=\"justification_texte { text-align: justify;}\">Arthur CAILLOUX-OTT est \u00e9l\u00e8ve en classe de 1<sup>\u00e8re<\/sup>\nau Lyc\u00e9e Saint-Paul. Depuis l\u2019\u00e2ge de 5 ans il fait de l\u2019escrime et il aime \u00e7a.\nEt il vaut mieux en effet \u00eatre passionn\u00e9 lorsque l\u2019on doit associer les \u00e9tudes\net le sport. C\u2019est, de fait, 6h00 d\u2019entra\u00eenement par semaine et des\ncomp\u00e9titions le week-end qu\u2019il faut ajouter \u00e0 environ 37h00 de cours et aux\ndevoirs.<\/p>\n\n\n\n<figure class=\"wp-block-image\"><img loading=\"lazy\" decoding=\"async\" width=\"683\" height=\"1024\" src=\"https:\/\/www.saint-paul-angouleme.fr\/application\/wp-content\/uploads\/2022\/02\/SalleTaillefer-photo-005-683x1024-683x1024.jpg\" alt=\"Escrime : le face \u00e0 face\" class=\"wp-image-5963\" srcset=\"https:\/\/www.saint-paul-angouleme.fr\/application\/wp-content\/uploads\/2022\/02\/SalleTaillefer-photo-005-683x1024.jpg 683w, https:\/\/www.saint-paul-angouleme.fr\/application\/wp-content\/uploads\/2022\/02\/SalleTaillefer-photo-005-683x1024-200x300.jpg 200w\" sizes=\"(max-width: 683px) 100vw, 683px\" \/><figcaption>Photo Salle Taillefer<\/figcaption><\/figure>\n\n\n\n<figure class=\"wp-block-image\"><img loading=\"lazy\" decoding=\"async\" width=\"1024\" height=\"768\" src=\"https:\/\/www.saint-paul-angouleme.fr\/application\/wp-content\/uploads\/2022\/02\/IMG_1731-1024x768.jpg\" alt=\"Escrime \u00e0 Bourg la Reine\" class=\"wp-image-5962\" srcset=\"https:\/\/www.saint-paul-angouleme.fr\/application\/wp-content\/uploads\/2022\/02\/IMG_1731-1024x768.jpg 1024w, https:\/\/www.saint-paul-angouleme.fr\/application\/wp-content\/uploads\/2022\/02\/IMG_1731-300x225.jpg 300w, https:\/\/www.saint-paul-angouleme.fr\/application\/wp-content\/uploads\/2022\/02\/IMG_1731-768x576.jpg 768w, https:\/\/www.saint-paul-angouleme.fr\/application\/wp-content\/uploads\/2022\/02\/IMG_1731.jpg 1920w\" sizes=\"(max-width: 1024px) 100vw, 1024px\" \/><figcaption>Photo Salle Taillefer<\/figcaption><\/figure>\n\n\n\n<h3 class=\"wp-block-heading\">Le choix de l&#8217;escrime<\/h3>\n\n\n\n<p class=\"justification_texte { text-align: justify;}\">C\u2019est parce que son p\u00e8re est ma\u00eetre d\u2019arme qu\u2019il d\u00e9but\u00e9 ce sport plut\u00f4t qu\u2019un autre. Essai valid\u00e9. Le club de la salle Taillefer est de petite taille (il compte 120 licenci\u00e9s) et les gens y sont \u00ab&nbsp;sympas&nbsp;\u00bb. Ce qu\u2019aime Arthur ce sont les valeurs v\u00e9hicul\u00e9es par l\u2019escrime, notamment le respect de l\u2019adversaire et celui de l\u2019arbitre. Ce sport \u00ab&nbsp;<a href=\"https:\/\/www.escrimeangouleme.fr\/\" target=\"_blank\" rel=\"noreferrer noopener\" aria-label=\"requiert sens tactique, puissance physique et rapidit\u00e9, r\u00e9flexes et capacit\u00e9 de d\u00e9cision, sens de l\u2019\u00e9quilibre et du tempo, fair-play, volont\u00e9 de vaincre et acceptation de la d\u00e9faite (s\u2019ouvre dans un nouvel onglet)\">requiert sens tactique, puissance physique et rapidit\u00e9, r\u00e9flexes et capacit\u00e9 de d\u00e9cision, sens de l\u2019\u00e9quilibre et du tempo, fair-play, volont\u00e9 de vaincre et acceptation de la d\u00e9faite<\/a>&nbsp;\u00bb.<\/p>\n\n\n\n<h3 class=\"wp-block-heading\">La passion des comp\u00e9titions<\/h3>\n\n\n\n<p class=\"justification_texte { text-align: justify;}\">Pour r\u00e9ussir \u00e0 tout tenir, il convient d\u2019\u00eatre\nbien organis\u00e9&nbsp;: devoirs faits avant les entrainements, r\u00e9visions lors des\nd\u00e9placements. Lorsque les comp\u00e9titions n\u00e9cessitent une absence, les camarades\nde classe photographient les cours et les outils num\u00e9riques (Pronote,\nPearltrees) permettent de suivre les contenus de s\u00e9ances.<\/p>\n\n\n\n<p class=\"justification_texte { text-align: justify;}\">En novembre et d\u00e9cembre il y a une comp\u00e9tition chaque fin de semaine&nbsp;; m\u00eame chose d\u00e9but janvier. Ainsi, le 29 janvier 2022, Arthur participe au \u00ab&nbsp;Challenge International Fleuret Homme Senior&nbsp;\u00bb \u00e0 Bourg la Reine. C\u2019est une comp\u00e9tition difficile et s\u00e9lective en vue des championnats du monde. Il y a de nombreux participants et m\u00eame une importante d\u00e9l\u00e9gation d\u2019Am\u00e9ricains. En \u00e9quipe de France, la championne en titre sera pr\u00e9sente. Le niveau est \u00e9lev\u00e9&nbsp;: pour \u00eatre qualifi\u00e9 il faut \u00eatre m\u00e9daill\u00e9 ou \u00eatre class\u00e9 dans les huit premiers. Arthur tente le double sur-classement afin de pouvoir tirer avec les Senior car il souhaite essayer de rattraper sa blessure d\u2019avant le Covid. Ces comp\u00e9titions permettent de se \u00ab&nbsp;frotter&nbsp;\u00bb aux meilleurs athl\u00e8tes et ainsi gagner en exp\u00e9rience.<\/p>\n\n\n\n<figure class=\"wp-block-image\"><img loading=\"lazy\" decoding=\"async\" width=\"528\" height=\"960\" src=\"https:\/\/www.saint-paul-angouleme.fr\/application\/wp-content\/uploads\/2022\/02\/received_980325012889306.jpeg\" alt=\"Arthur Cailloux-Ott\" class=\"wp-image-5966\" srcset=\"https:\/\/www.saint-paul-angouleme.fr\/application\/wp-content\/uploads\/2022\/02\/received_980325012889306.jpeg 528w, https:\/\/www.saint-paul-angouleme.fr\/application\/wp-content\/uploads\/2022\/02\/received_980325012889306-165x300.jpeg 165w\" sizes=\"(max-width: 528px) 100vw, 528px\" \/><figcaption>Photo famille Cailloux-Ott<\/figcaption><\/figure>\n\n\n\n<h3 class=\"wp-block-heading\">Aller le plus loin possible<\/h3>\n\n\n\n<p class=\"justification_texte { text-align: justify;}\">Class\u00e9 18<sup>\u00e8me<\/sup> fran\u00e7ais (dans sa\ncat\u00e9gorie) et 3<sup>\u00e8me<\/sup> r\u00e9gional, Arthur veut aller le plus loin\npossible. 2021\/2022 marque sa premi\u00e8re ann\u00e9e en circuit international avec\nnotamment sa qualification pour la coupe europ\u00e9enne \u00e0 Bratislava. Celle-ci s\u2019est\njou\u00e9e \u00e0 une touche a confi\u00e9 Arthur lors d\u2019une comp\u00e9tition \u00e0 Cabri\u00e8s (Bouches du\nRh\u00f4ne).<\/p>\n\n\n\n<p class=\"justification_texte { text-align: justify;}\">Avant le d\u00e9but de chaque match, Arthur aime\n\u00e9changer avec les copains pour \u00e9vacuer le stress. Ensuite, il se retire du\ngroupe afin d\u2019\u00eatre seul 10 \u00e0 15 minutes pour se concentrer, \u00ab&nbsp;prendre la\nmentalit\u00e9 comp\u00e9tition&nbsp;\u00bb. Parfois il \u00e9coute aussi de la musique.<\/p>\n\n\n\n<figure class=\"wp-block-image\"><img loading=\"lazy\" decoding=\"async\" width=\"1024\" height=\"768\" src=\"https:\/\/www.saint-paul-angouleme.fr\/application\/wp-content\/uploads\/2022\/02\/IMG_1708-1024x768.jpg\" alt=\"Escrime : les Am\u00e9ricains \u00e0 Bourg la Reine\" class=\"wp-image-5969\" srcset=\"https:\/\/www.saint-paul-angouleme.fr\/application\/wp-content\/uploads\/2022\/02\/IMG_1708-1024x768.jpg 1024w, https:\/\/www.saint-paul-angouleme.fr\/application\/wp-content\/uploads\/2022\/02\/IMG_1708-300x225.jpg 300w, https:\/\/www.saint-paul-angouleme.fr\/application\/wp-content\/uploads\/2022\/02\/IMG_1708-768x576.jpg 768w, https:\/\/www.saint-paul-angouleme.fr\/application\/wp-content\/uploads\/2022\/02\/IMG_1708.jpg 1920w\" sizes=\"(max-width: 1024px) 100vw, 1024px\" \/><figcaption> Photo Salle Taillefer  <\/figcaption><\/figure>\n\n\n\n<h3 class=\"wp-block-heading\">Prendre du plaisir avant tout<\/h3>\n\n\n\n<p class=\"justification_texte { text-align: justify;}\">Sa tactique&nbsp;: commencer par ce qu\u2019il aime\nbien faire afin de se sentir \u00e0 l\u2019aise. Ensuite, il faut bien s\u00fbr s\u2019adapter tout\nau long du match en fonction de l\u2019adversaire. Pour cela il sait qu\u2019il peut\ncompter sur les conseils et l\u2019aide du coach&nbsp;; lui a un regard ext\u00e9rieur\nsur ce qui se passe.<\/p>\n\n\n\n<p class=\"justification_texte { text-align: justify;}\">Pour Arthur les coupes europ\u00e9ennes sont de tr\u00e8s bonnes exp\u00e9riences car elles permettent d\u2019apprendre beaucoup. L\u2019essentiel pour lui est de \u00ab&nbsp;prendre du plaisir avant tout&nbsp;\u00bb. Souhaitons lui donc encore beaucoup de comp\u00e9titions et de belles victoires.<\/p>\n\n\n\n<figure class=\"wp-block-image\"><img loading=\"lazy\" decoding=\"async\" width=\"1024\" height=\"687\" src=\"https:\/\/www.saint-paul-angouleme.fr\/application\/wp-content\/uploads\/2022\/02\/fencing-g6e28fb308_1920-1-1024x687.jpg\" alt=\"Escrime : position d'attaque\" class=\"wp-image-5970\" srcset=\"https:\/\/www.saint-paul-angouleme.fr\/application\/wp-content\/uploads\/2022\/02\/fencing-g6e28fb308_1920-1-1024x687.jpg 1024w, https:\/\/www.saint-paul-angouleme.fr\/application\/wp-content\/uploads\/2022\/02\/fencing-g6e28fb308_1920-1-300x201.jpg 300w, https:\/\/www.saint-paul-angouleme.fr\/application\/wp-content\/uploads\/2022\/02\/fencing-g6e28fb308_1920-1-768x515.jpg 768w, https:\/\/www.saint-paul-angouleme.fr\/application\/wp-content\/uploads\/2022\/02\/fencing-g6e28fb308_1920-1.jpg 1920w\" sizes=\"(max-width: 1024px) 100vw, 1024px\" \/><figcaption>  Photo Salle Taillefer   <\/figcaption><\/figure>\n\n\n\n<ul class=\"wp-block-gallery aligncenter columns-3 is-cropped wp-block-gallery-1 is-layout-flex wp-block-gallery-is-layout-flex\"><li class=\"blocks-gallery-item\"><figure><img loading=\"lazy\" decoding=\"async\" width=\"1024\" height=\"683\" src=\"https:\/\/www.saint-paul-angouleme.fr\/application\/wp-content\/uploads\/2022\/02\/SalleTaillefer-photo-001-scaled-1-1024x683.jpg\" alt=\"\" data-id=\"5973\" data-link=\"https:\/\/www.saint-paul-angouleme.fr\/application\/?attachment_id=5973#main\" class=\"wp-image-5973\" srcset=\"https:\/\/www.saint-paul-angouleme.fr\/application\/wp-content\/uploads\/2022\/02\/SalleTaillefer-photo-001-scaled-1-1024x683.jpg 1024w, https:\/\/www.saint-paul-angouleme.fr\/application\/wp-content\/uploads\/2022\/02\/SalleTaillefer-photo-001-scaled-1-300x200.jpg 300w, https:\/\/www.saint-paul-angouleme.fr\/application\/wp-content\/uploads\/2022\/02\/SalleTaillefer-photo-001-scaled-1-768x512.jpg 768w\" sizes=\"(max-width: 1024px) 100vw, 1024px\" \/><\/figure><\/li><li class=\"blocks-gallery-item\"><figure><img loading=\"lazy\" decoding=\"async\" width=\"1000\" height=\"1000\" src=\"https:\/\/www.saint-paul-angouleme.fr\/application\/wp-content\/uploads\/2022\/02\/eg7dt-autocollant_cercle_salle_taillefer_1_2.jpg\" alt=\"\" data-id=\"5971\" data-link=\"https:\/\/www.saint-paul-angouleme.fr\/application\/?attachment_id=5971#main\" class=\"wp-image-5971\" srcset=\"https:\/\/www.saint-paul-angouleme.fr\/application\/wp-content\/uploads\/2022\/02\/eg7dt-autocollant_cercle_salle_taillefer_1_2.jpg 1000w, https:\/\/www.saint-paul-angouleme.fr\/application\/wp-content\/uploads\/2022\/02\/eg7dt-autocollant_cercle_salle_taillefer_1_2-150x150.jpg 150w, https:\/\/www.saint-paul-angouleme.fr\/application\/wp-content\/uploads\/2022\/02\/eg7dt-autocollant_cercle_salle_taillefer_1_2-300x300.jpg 300w, https:\/\/www.saint-paul-angouleme.fr\/application\/wp-content\/uploads\/2022\/02\/eg7dt-autocollant_cercle_salle_taillefer_1_2-768x768.jpg 768w, https:\/\/www.saint-paul-angouleme.fr\/application\/wp-content\/uploads\/2022\/02\/eg7dt-autocollant_cercle_salle_taillefer_1_2-144x144.jpg 144w\" sizes=\"(max-width: 1000px) 100vw, 1000px\" \/><\/figure><\/li><li class=\"blocks-gallery-item\"><figure><img loading=\"lazy\" decoding=\"async\" width=\"1000\" height=\"750\" src=\"https:\/\/www.saint-paul-angouleme.fr\/application\/wp-content\/uploads\/2022\/02\/f1v8l-1A07B3EA-11B7-4347-ABDD-A32C0CC6DDDE_1_105_c.jpeg\" alt=\"\" data-id=\"5975\" data-link=\"https:\/\/www.saint-paul-angouleme.fr\/application\/?attachment_id=5975#main\" class=\"wp-image-5975\" srcset=\"https:\/\/www.saint-paul-angouleme.fr\/application\/wp-content\/uploads\/2022\/02\/f1v8l-1A07B3EA-11B7-4347-ABDD-A32C0CC6DDDE_1_105_c.jpeg 1000w, https:\/\/www.saint-paul-angouleme.fr\/application\/wp-content\/uploads\/2022\/02\/f1v8l-1A07B3EA-11B7-4347-ABDD-A32C0CC6DDDE_1_105_c-300x225.jpeg 300w, https:\/\/www.saint-paul-angouleme.fr\/application\/wp-content\/uploads\/2022\/02\/f1v8l-1A07B3EA-11B7-4347-ABDD-A32C0CC6DDDE_1_105_c-768x576.jpeg 768w\" sizes=\"(max-width: 1000px) 100vw, 1000px\" \/><\/figure><\/li><li class=\"blocks-gallery-item\"><figure><img loading=\"lazy\" decoding=\"async\" width=\"1024\" height=\"543\" src=\"https:\/\/www.saint-paul-angouleme.fr\/application\/wp-content\/uploads\/2022\/02\/sport-de-combat-photo-002-1210x642-2-1024x543.jpeg\" alt=\"\" data-id=\"5976\" data-link=\"https:\/\/www.saint-paul-angouleme.fr\/application\/?attachment_id=5976#main\" class=\"wp-image-5976\" srcset=\"https:\/\/www.saint-paul-angouleme.fr\/application\/wp-content\/uploads\/2022\/02\/sport-de-combat-photo-002-1210x642-2-1024x543.jpeg 1024w, https:\/\/www.saint-paul-angouleme.fr\/application\/wp-content\/uploads\/2022\/02\/sport-de-combat-photo-002-1210x642-2-300x159.jpeg 300w, https:\/\/www.saint-paul-angouleme.fr\/application\/wp-content\/uploads\/2022\/02\/sport-de-combat-photo-002-1210x642-2-768x407.jpeg 768w, https:\/\/www.saint-paul-angouleme.fr\/application\/wp-content\/uploads\/2022\/02\/sport-de-combat-photo-002-1210x642-2.jpeg 1210w\" sizes=\"(max-width: 1024px) 100vw, 1024px\" \/><\/figure><\/li><\/ul>\n","protected":false},"excerpt":{"rendered":"<p>Arthur CAILLOUX-OTT est \u00e9l\u00e8ve en classe de 1\u00e8re au Lyc\u00e9e Saint-Paul. Depuis l\u2019\u00e2ge de 5 ans il fait de l\u2019escrime et il aime \u00e7a. Et il vaut mieux en effet \u00eatre passionn\u00e9 lorsque l\u2019on doit associer les \u00e9tudes et le sport. C\u2019est, de fait, 6h00 d\u2019entra\u00eenement par semaine et des comp\u00e9titions le week-end qu\u2019il faut &#8230; <a title=\"Lyc\u00e9en et fleurettiste talentueux : Arthur, une graine de champion\" class=\"read-more\" href=\"https:\/\/www.saint-paul-angouleme.fr\/application\/lyceen-et-fleurettiste-talentueux-arthur-une-graine-de-champion\/\" aria-label=\"Read more about Lyc\u00e9en et fleurettiste talentueux : Arthur, une graine de champion\">Lire la suite<\/a><\/p>\n","protected":false},"author":3,"featured_media":0,"comment_status":"open","ping_status":"open","sticky":false,"template":"","format":"standard","meta":{"_exactmetrics_skip_tracking":false,"_exactmetrics_sitenote_active":false,"_exactmetrics_sitenote_note":"","_exactmetrics_sitenote_category":0,"footnotes":""},"categories":[523],"tags":[],"class_list":["post-5954","post","type-post","status-publish","format-standard","hentry","category-regard-sur"],"yoast_head":"<!-- This site is optimized with the Yoast SEO plugin v23.3 - https:\/\/yoast.com\/wordpress\/plugins\/seo\/ -->\n<title>Lyc\u00e9en et fleuretiste talentueux : Arthur, une graine de champion<\/title>\n<meta name=\"description\" content=\"Arthur Cailloux-Ott est \u00e9l\u00e8ve au Lyc\u00e9e Saint-Paul d&#039;Angoul\u00eame. Il est passionn\u00e9 par l&#039;escrime et fait de nombreuses comp\u00e9titions avec talent.\" \/>\n<meta name=\"robots\" content=\"index, follow, max-snippet:-1, max-image-preview:large, max-video-preview:-1\" \/>\n<link rel=\"canonical\" href=\"https:\/\/www.saint-paul-angouleme.fr\/application\/lyceen-et-fleurettiste-talentueux-arthur-une-graine-de-champion\/\" \/>\n<meta property=\"og:locale\" content=\"fr_FR\" \/>\n<meta property=\"og:type\" content=\"article\" \/>\n<meta property=\"og:title\" content=\"Lyc\u00e9en et fleuretiste talentueux : Arthur, une graine de champion\" \/>\n<meta property=\"og:description\" content=\"Arthur Cailloux-Ott est \u00e9l\u00e8ve au Lyc\u00e9e Saint-Paul d&#039;Angoul\u00eame. Il est passionn\u00e9 par l&#039;escrime et fait de nombreuses comp\u00e9titions avec talent.\" \/>\n<meta property=\"og:url\" content=\"https:\/\/www.saint-paul-angouleme.fr\/application\/lyceen-et-fleurettiste-talentueux-arthur-une-graine-de-champion\/\" \/>\n<meta property=\"og:site_name\" content=\"Actualit\u00e9s\" \/>\n<meta property=\"article:publisher\" content=\"https:\/\/www.facebook.com\/SaintPaulAngouleme16\/\" \/>\n<meta property=\"article:published_time\" content=\"2022-02-14T11:16:20+00:00\" \/>\n<meta property=\"article:modified_time\" content=\"2022-02-14T14:44:25+00:00\" \/>\n<meta property=\"og:image\" content=\"https:\/\/www.saint-paul-angouleme.fr\/application\/wp-content\/uploads\/2022\/02\/IMG_1664-1-1024x768.jpg\" \/>\n<meta name=\"author\" content=\"SAINT-PAUL\" \/>\n<meta name=\"twitter:card\" content=\"summary_large_image\" \/>\n<meta name=\"twitter:creator\" content=\"@StPaulAngoulem\" \/>\n<meta name=\"twitter:site\" content=\"@StPaulAngoulem\" \/>\n<meta name=\"twitter:label1\" content=\"\u00c9crit par\" \/>\n\t<meta name=\"twitter:data1\" content=\"SAINT-PAUL\" \/>\n\t<meta name=\"twitter:label2\" content=\"Dur\u00e9e de lecture estim\u00e9e\" \/>\n\t<meta name=\"twitter:data2\" content=\"3 minutes\" \/>\n<script type=\"application\/ld+json\" class=\"yoast-schema-graph\">{\"@context\":\"https:\/\/schema.org\",\"@graph\":[{\"@type\":\"Article\",\"@id\":\"https:\/\/www.saint-paul-angouleme.fr\/application\/lyceen-et-fleurettiste-talentueux-arthur-une-graine-de-champion\/#article\",\"isPartOf\":{\"@id\":\"https:\/\/www.saint-paul-angouleme.fr\/application\/lyceen-et-fleurettiste-talentueux-arthur-une-graine-de-champion\/\"},\"author\":{\"name\":\"SAINT-PAUL\",\"@id\":\"https:\/\/www.saint-paul-angouleme.fr\/application\/#\/schema\/person\/ea152930b1a3823659065827b1a5fb9b\"},\"headline\":\"Lyc\u00e9en et fleurettiste talentueux : Arthur, une graine de champion\",\"datePublished\":\"2022-02-14T11:16:20+00:00\",\"dateModified\":\"2022-02-14T14:44:25+00:00\",\"mainEntityOfPage\":{\"@id\":\"https:\/\/www.saint-paul-angouleme.fr\/application\/lyceen-et-fleurettiste-talentueux-arthur-une-graine-de-champion\/\"},\"wordCount\":635,\"commentCount\":1,\"publisher\":{\"@id\":\"https:\/\/www.saint-paul-angouleme.fr\/application\/#organization\"},\"image\":{\"@id\":\"https:\/\/www.saint-paul-angouleme.fr\/application\/lyceen-et-fleurettiste-talentueux-arthur-une-graine-de-champion\/#primaryimage\"},\"thumbnailUrl\":\"https:\/\/www.saint-paul-angouleme.fr\/application\/wp-content\/uploads\/2022\/02\/IMG_1664-1-1024x768.jpg\",\"articleSection\":[\"Regard sur\"],\"inLanguage\":\"fr-FR\",\"potentialAction\":[{\"@type\":\"CommentAction\",\"name\":\"Comment\",\"target\":[\"https:\/\/www.saint-paul-angouleme.fr\/application\/lyceen-et-fleurettiste-talentueux-arthur-une-graine-de-champion\/#respond\"]}]},{\"@type\":\"WebPage\",\"@id\":\"https:\/\/www.saint-paul-angouleme.fr\/application\/lyceen-et-fleurettiste-talentueux-arthur-une-graine-de-champion\/\",\"url\":\"https:\/\/www.saint-paul-angouleme.fr\/application\/lyceen-et-fleurettiste-talentueux-arthur-une-graine-de-champion\/\",\"name\":\"Lyc\u00e9en et fleuretiste talentueux : Arthur, une graine de champion\",\"isPartOf\":{\"@id\":\"https:\/\/www.saint-paul-angouleme.fr\/application\/#website\"},\"primaryImageOfPage\":{\"@id\":\"https:\/\/www.saint-paul-angouleme.fr\/application\/lyceen-et-fleurettiste-talentueux-arthur-une-graine-de-champion\/#primaryimage\"},\"image\":{\"@id\":\"https:\/\/www.saint-paul-angouleme.fr\/application\/lyceen-et-fleurettiste-talentueux-arthur-une-graine-de-champion\/#primaryimage\"},\"thumbnailUrl\":\"https:\/\/www.saint-paul-angouleme.fr\/application\/wp-content\/uploads\/2022\/02\/IMG_1664-1-1024x768.jpg\",\"datePublished\":\"2022-02-14T11:16:20+00:00\",\"dateModified\":\"2022-02-14T14:44:25+00:00\",\"description\":\"Arthur Cailloux-Ott est \u00e9l\u00e8ve au Lyc\u00e9e Saint-Paul d'Angoul\u00eame. Il est passionn\u00e9 par l'escrime et fait de nombreuses comp\u00e9titions avec talent.\",\"breadcrumb\":{\"@id\":\"https:\/\/www.saint-paul-angouleme.fr\/application\/lyceen-et-fleurettiste-talentueux-arthur-une-graine-de-champion\/#breadcrumb\"},\"inLanguage\":\"fr-FR\",\"potentialAction\":[{\"@type\":\"ReadAction\",\"target\":[\"https:\/\/www.saint-paul-angouleme.fr\/application\/lyceen-et-fleurettiste-talentueux-arthur-une-graine-de-champion\/\"]}]},{\"@type\":\"ImageObject\",\"inLanguage\":\"fr-FR\",\"@id\":\"https:\/\/www.saint-paul-angouleme.fr\/application\/lyceen-et-fleurettiste-talentueux-arthur-une-graine-de-champion\/#primaryimage\",\"url\":\"https:\/\/www.saint-paul-angouleme.fr\/application\/wp-content\/uploads\/2022\/02\/IMG_1664-1.jpg\",\"contentUrl\":\"https:\/\/www.saint-paul-angouleme.fr\/application\/wp-content\/uploads\/2022\/02\/IMG_1664-1.jpg\",\"width\":1920,\"height\":1440},{\"@type\":\"BreadcrumbList\",\"@id\":\"https:\/\/www.saint-paul-angouleme.fr\/application\/lyceen-et-fleurettiste-talentueux-arthur-une-graine-de-champion\/#breadcrumb\",\"itemListElement\":[{\"@type\":\"ListItem\",\"position\":1,\"name\":\"Accueil\",\"item\":\"http:\/\/www.saint-paul-angouleme.fr\/application\/\"},{\"@type\":\"ListItem\",\"position\":2,\"name\":\"Lyc\u00e9en et fleurettiste talentueux : Arthur, une graine de champion\"}]},{\"@type\":\"WebSite\",\"@id\":\"https:\/\/www.saint-paul-angouleme.fr\/application\/#website\",\"url\":\"https:\/\/www.saint-paul-angouleme.fr\/application\/\",\"name\":\"Actualit\u00e9s\",\"description\":\"Actualit\u00e9s Saint Paul\",\"publisher\":{\"@id\":\"https:\/\/www.saint-paul-angouleme.fr\/application\/#organization\"},\"potentialAction\":[{\"@type\":\"SearchAction\",\"target\":{\"@type\":\"EntryPoint\",\"urlTemplate\":\"https:\/\/www.saint-paul-angouleme.fr\/application\/?s={search_term_string}\"},\"query-input\":\"required name=search_term_string\"}],\"inLanguage\":\"fr-FR\"},{\"@type\":\"Organization\",\"@id\":\"https:\/\/www.saint-paul-angouleme.fr\/application\/#organization\",\"name\":\"Ensemble scolaire Saint-Paul\",\"url\":\"https:\/\/www.saint-paul-angouleme.fr\/application\/\",\"logo\":{\"@type\":\"ImageObject\",\"inLanguage\":\"fr-FR\",\"@id\":\"https:\/\/www.saint-paul-angouleme.fr\/application\/#\/schema\/logo\/image\/\",\"url\":\"https:\/\/www.saint-paul-angouleme.fr\/application\/wp-content\/uploads\/2018\/08\/logo-saint-paul-couleurs.jpg\",\"contentUrl\":\"https:\/\/www.saint-paul-angouleme.fr\/application\/wp-content\/uploads\/2018\/08\/logo-saint-paul-couleurs.jpg\",\"width\":1890,\"height\":709,\"caption\":\"Ensemble scolaire Saint-Paul\"},\"image\":{\"@id\":\"https:\/\/www.saint-paul-angouleme.fr\/application\/#\/schema\/logo\/image\/\"},\"sameAs\":[\"https:\/\/www.facebook.com\/SaintPaulAngouleme16\/\",\"https:\/\/x.com\/StPaulAngoulem\",\"https:\/\/www.youtube.com\/channel\/UCRLpz1CmPVqc0gn--YyXvjA?view_as=subscriber\"]},{\"@type\":\"Person\",\"@id\":\"https:\/\/www.saint-paul-angouleme.fr\/application\/#\/schema\/person\/ea152930b1a3823659065827b1a5fb9b\",\"name\":\"SAINT-PAUL\",\"image\":{\"@type\":\"ImageObject\",\"inLanguage\":\"fr-FR\",\"@id\":\"https:\/\/www.saint-paul-angouleme.fr\/application\/#\/schema\/person\/image\/\",\"url\":\"https:\/\/secure.gravatar.com\/avatar\/eadb0ffebc02683a61d69038eb2924f0?s=96&r=g\",\"contentUrl\":\"https:\/\/secure.gravatar.com\/avatar\/eadb0ffebc02683a61d69038eb2924f0?s=96&r=g\",\"caption\":\"SAINT-PAUL\"},\"url\":\"https:\/\/www.saint-paul-angouleme.fr\/application\/author\/myriam\/\"}]}<\/script>\n<!-- \/ Yoast SEO plugin. -->","yoast_head_json":{"title":"Lyc\u00e9en et fleuretiste talentueux : Arthur, une graine de champion","description":"Arthur Cailloux-Ott est \u00e9l\u00e8ve au Lyc\u00e9e Saint-Paul d'Angoul\u00eame. Il est passionn\u00e9 par l'escrime et fait de nombreuses comp\u00e9titions avec talent.","robots":{"index":"index","follow":"follow","max-snippet":"max-snippet:-1","max-image-preview":"max-image-preview:large","max-video-preview":"max-video-preview:-1"},"canonical":"https:\/\/www.saint-paul-angouleme.fr\/application\/lyceen-et-fleurettiste-talentueux-arthur-une-graine-de-champion\/","og_locale":"fr_FR","og_type":"article","og_title":"Lyc\u00e9en et fleuretiste talentueux : Arthur, une graine de champion","og_description":"Arthur Cailloux-Ott est \u00e9l\u00e8ve au Lyc\u00e9e Saint-Paul d'Angoul\u00eame. Il est passionn\u00e9 par l'escrime et fait de nombreuses comp\u00e9titions avec talent.","og_url":"https:\/\/www.saint-paul-angouleme.fr\/application\/lyceen-et-fleurettiste-talentueux-arthur-une-graine-de-champion\/","og_site_name":"Actualit\u00e9s","article_publisher":"https:\/\/www.facebook.com\/SaintPaulAngouleme16\/","article_published_time":"2022-02-14T11:16:20+00:00","article_modified_time":"2022-02-14T14:44:25+00:00","og_image":[{"url":"https:\/\/www.saint-paul-angouleme.fr\/application\/wp-content\/uploads\/2022\/02\/IMG_1664-1-1024x768.jpg"}],"author":"SAINT-PAUL","twitter_card":"summary_large_image","twitter_creator":"@StPaulAngoulem","twitter_site":"@StPaulAngoulem","twitter_misc":{"\u00c9crit par":"SAINT-PAUL","Dur\u00e9e de lecture estim\u00e9e":"3 minutes"},"schema":{"@context":"https:\/\/schema.org","@graph":[{"@type":"Article","@id":"https:\/\/www.saint-paul-angouleme.fr\/application\/lyceen-et-fleurettiste-talentueux-arthur-une-graine-de-champion\/#article","isPartOf":{"@id":"https:\/\/www.saint-paul-angouleme.fr\/application\/lyceen-et-fleurettiste-talentueux-arthur-une-graine-de-champion\/"},"author":{"name":"SAINT-PAUL","@id":"https:\/\/www.saint-paul-angouleme.fr\/application\/#\/schema\/person\/ea152930b1a3823659065827b1a5fb9b"},"headline":"Lyc\u00e9en et fleurettiste talentueux : Arthur, une graine de champion","datePublished":"2022-02-14T11:16:20+00:00","dateModified":"2022-02-14T14:44:25+00:00","mainEntityOfPage":{"@id":"https:\/\/www.saint-paul-angouleme.fr\/application\/lyceen-et-fleurettiste-talentueux-arthur-une-graine-de-champion\/"},"wordCount":635,"commentCount":1,"publisher":{"@id":"https:\/\/www.saint-paul-angouleme.fr\/application\/#organization"},"image":{"@id":"https:\/\/www.saint-paul-angouleme.fr\/application\/lyceen-et-fleurettiste-talentueux-arthur-une-graine-de-champion\/#primaryimage"},"thumbnailUrl":"https:\/\/www.saint-paul-angouleme.fr\/application\/wp-content\/uploads\/2022\/02\/IMG_1664-1-1024x768.jpg","articleSection":["Regard sur"],"inLanguage":"fr-FR","potentialAction":[{"@type":"CommentAction","name":"Comment","target":["https:\/\/www.saint-paul-angouleme.fr\/application\/lyceen-et-fleurettiste-talentueux-arthur-une-graine-de-champion\/#respond"]}]},{"@type":"WebPage","@id":"https:\/\/www.saint-paul-angouleme.fr\/application\/lyceen-et-fleurettiste-talentueux-arthur-une-graine-de-champion\/","url":"https:\/\/www.saint-paul-angouleme.fr\/application\/lyceen-et-fleurettiste-talentueux-arthur-une-graine-de-champion\/","name":"Lyc\u00e9en et fleuretiste talentueux : Arthur, une graine de champion","isPartOf":{"@id":"https:\/\/www.saint-paul-angouleme.fr\/application\/#website"},"primaryImageOfPage":{"@id":"https:\/\/www.saint-paul-angouleme.fr\/application\/lyceen-et-fleurettiste-talentueux-arthur-une-graine-de-champion\/#primaryimage"},"image":{"@id":"https:\/\/www.saint-paul-angouleme.fr\/application\/lyceen-et-fleurettiste-talentueux-arthur-une-graine-de-champion\/#primaryimage"},"thumbnailUrl":"https:\/\/www.saint-paul-angouleme.fr\/application\/wp-content\/uploads\/2022\/02\/IMG_1664-1-1024x768.jpg","datePublished":"2022-02-14T11:16:20+00:00","dateModified":"2022-02-14T14:44:25+00:00","description":"Arthur Cailloux-Ott est \u00e9l\u00e8ve au Lyc\u00e9e Saint-Paul d'Angoul\u00eame. Il est passionn\u00e9 par l'escrime et fait de nombreuses comp\u00e9titions avec talent.","breadcrumb":{"@id":"https:\/\/www.saint-paul-angouleme.fr\/application\/lyceen-et-fleurettiste-talentueux-arthur-une-graine-de-champion\/#breadcrumb"},"inLanguage":"fr-FR","potentialAction":[{"@type":"ReadAction","target":["https:\/\/www.saint-paul-angouleme.fr\/application\/lyceen-et-fleurettiste-talentueux-arthur-une-graine-de-champion\/"]}]},{"@type":"ImageObject","inLanguage":"fr-FR","@id":"https:\/\/www.saint-paul-angouleme.fr\/application\/lyceen-et-fleurettiste-talentueux-arthur-une-graine-de-champion\/#primaryimage","url":"https:\/\/www.saint-paul-angouleme.fr\/application\/wp-content\/uploads\/2022\/02\/IMG_1664-1.jpg","contentUrl":"https:\/\/www.saint-paul-angouleme.fr\/application\/wp-content\/uploads\/2022\/02\/IMG_1664-1.jpg","width":1920,"height":1440},{"@type":"BreadcrumbList","@id":"https:\/\/www.saint-paul-angouleme.fr\/application\/lyceen-et-fleurettiste-talentueux-arthur-une-graine-de-champion\/#breadcrumb","itemListElement":[{"@type":"ListItem","position":1,"name":"Accueil","item":"http:\/\/www.saint-paul-angouleme.fr\/application\/"},{"@type":"ListItem","position":2,"name":"Lyc\u00e9en et fleurettiste talentueux : Arthur, une graine de champion"}]},{"@type":"WebSite","@id":"https:\/\/www.saint-paul-angouleme.fr\/application\/#website","url":"https:\/\/www.saint-paul-angouleme.fr\/application\/","name":"Actualit\u00e9s","description":"Actualit\u00e9s Saint Paul","publisher":{"@id":"https:\/\/www.saint-paul-angouleme.fr\/application\/#organization"},"potentialAction":[{"@type":"SearchAction","target":{"@type":"EntryPoint","urlTemplate":"https:\/\/www.saint-paul-angouleme.fr\/application\/?s={search_term_string}"},"query-input":"required name=search_term_string"}],"inLanguage":"fr-FR"},{"@type":"Organization","@id":"https:\/\/www.saint-paul-angouleme.fr\/application\/#organization","name":"Ensemble scolaire Saint-Paul","url":"https:\/\/www.saint-paul-angouleme.fr\/application\/","logo":{"@type":"ImageObject","inLanguage":"fr-FR","@id":"https:\/\/www.saint-paul-angouleme.fr\/application\/#\/schema\/logo\/image\/","url":"https:\/\/www.saint-paul-angouleme.fr\/application\/wp-content\/uploads\/2018\/08\/logo-saint-paul-couleurs.jpg","contentUrl":"https:\/\/www.saint-paul-angouleme.fr\/application\/wp-content\/uploads\/2018\/08\/logo-saint-paul-couleurs.jpg","width":1890,"height":709,"caption":"Ensemble scolaire Saint-Paul"},"image":{"@id":"https:\/\/www.saint-paul-angouleme.fr\/application\/#\/schema\/logo\/image\/"},"sameAs":["https:\/\/www.facebook.com\/SaintPaulAngouleme16\/","https:\/\/x.com\/StPaulAngoulem","https:\/\/www.youtube.com\/channel\/UCRLpz1CmPVqc0gn--YyXvjA?view_as=subscriber"]},{"@type":"Person","@id":"https:\/\/www.saint-paul-angouleme.fr\/application\/#\/schema\/person\/ea152930b1a3823659065827b1a5fb9b","name":"SAINT-PAUL","image":{"@type":"ImageObject","inLanguage":"fr-FR","@id":"https:\/\/www.saint-paul-angouleme.fr\/application\/#\/schema\/person\/image\/","url":"https:\/\/secure.gravatar.com\/avatar\/eadb0ffebc02683a61d69038eb2924f0?s=96&r=g","contentUrl":"https:\/\/secure.gravatar.com\/avatar\/eadb0ffebc02683a61d69038eb2924f0?s=96&r=g","caption":"SAINT-PAUL"},"url":"https:\/\/www.saint-paul-angouleme.fr\/application\/author\/myriam\/"}]}},"_links":{"self":[{"href":"https:\/\/www.saint-paul-angouleme.fr\/application\/wp-json\/wp\/v2\/posts\/5954"}],"collection":[{"href":"https:\/\/www.saint-paul-angouleme.fr\/application\/wp-json\/wp\/v2\/posts"}],"about":[{"href":"https:\/\/www.saint-paul-angouleme.fr\/application\/wp-json\/wp\/v2\/types\/post"}],"author":[{"embeddable":true,"href":"https:\/\/www.saint-paul-angouleme.fr\/application\/wp-json\/wp\/v2\/users\/3"}],"replies":[{"embeddable":true,"href":"https:\/\/www.saint-paul-angouleme.fr\/application\/wp-json\/wp\/v2\/comments?post=5954"}],"version-history":[{"count":5,"href":"https:\/\/www.saint-paul-angouleme.fr\/application\/wp-json\/wp\/v2\/posts\/5954\/revisions"}],"predecessor-version":[{"id":5984,"href":"https:\/\/www.saint-paul-angouleme.fr\/application\/wp-json\/wp\/v2\/posts\/5954\/revisions\/5984"}],"wp:attachment":[{"href":"https:\/\/www.saint-paul-angouleme.fr\/application\/wp-json\/wp\/v2\/media?parent=5954"}],"wp:term":[{"taxonomy":"category","embeddable":true,"href":"https:\/\/www.saint-paul-angouleme.fr\/application\/wp-json\/wp\/v2\/categories?post=5954"},{"taxonomy":"post_tag","embeddable":true,"href":"https:\/\/www.saint-paul-angouleme.fr\/application\/wp-json\/wp\/v2\/tags?post=5954"}],"curies":[{"name":"wp","href":"https:\/\/api.w.org\/{rel}","templated":true}]}}