{"id":5882,"date":"2022-01-19T16:23:29","date_gmt":"2022-01-19T15:23:29","guid":{"rendered":"https:\/\/www.saint-paul-angouleme.fr\/application\/?p=5882"},"modified":"2022-01-20T17:11:39","modified_gmt":"2022-01-20T16:11:39","slug":"concours-deloquence-3-de-nos-lyceens-a-bordeaux-en-finale","status":"publish","type":"post","link":"https:\/\/www.saint-paul-angouleme.fr\/application\/concours-deloquence-3-de-nos-lyceens-a-bordeaux-en-finale\/","title":{"rendered":"Concours d&#8217;\u00e9loquence : 3 de nos lyc\u00e9ens \u00e0 Bordeaux en finale."},"content":{"rendered":"\n<figure class=\"wp-block-image\"><img loading=\"lazy\" decoding=\"async\" width=\"1024\" height=\"679\" src=\"https:\/\/www.saint-paul-angouleme.fr\/application\/wp-content\/uploads\/2022\/01\/260734400-1024x679.jpg\" alt=\"Photo de groupe, salon de l'H\u00f4tel de Ville\" class=\"wp-image-5902\" srcset=\"https:\/\/www.saint-paul-angouleme.fr\/application\/wp-content\/uploads\/2022\/01\/260734400-1024x679.jpg 1024w, https:\/\/www.saint-paul-angouleme.fr\/application\/wp-content\/uploads\/2022\/01\/260734400-300x199.jpg 300w, https:\/\/www.saint-paul-angouleme.fr\/application\/wp-content\/uploads\/2022\/01\/260734400-768x509.jpg 768w, https:\/\/www.saint-paul-angouleme.fr\/application\/wp-content\/uploads\/2022\/01\/260734400.jpg 1080w\" sizes=\"(max-width: 1024px) 100vw, 1024px\" \/><\/figure>\n\n\n\n<h3 class=\"wp-block-heading\">Retour apr\u00e8s une courte pause<\/h3>\n\n\n\n<p class=\"justification_texte { text-align: justify;}\">Le Lyc\u00e9e Saint-Paul participe depuis de nombreuses ann\u00e9es au &#8220;concours d&#8217;\u00e9loquence&#8221; organis\u00e9 par le Rotary. L&#8217;an dernier la situation sanitaire n&#8217;a pas permis \u00e0 nos \u00e9l\u00e8ves d&#8217;\u00eatre pr\u00e9sents. Cette ann\u00e9e en revanche, 13 jeunes de la seconde \u00e0 la terminale se sont inscrits. Chaque jeudi depuis le mois de septembre ils se pr\u00e9parent avec M. DELAVAUD et Mme KRYNICKI.<\/p>\n\n\n\n<div class=\"wp-block-image\"><figure class=\"aligncenter\"><img loading=\"lazy\" decoding=\"async\" width=\"768\" height=\"1024\" src=\"https:\/\/www.saint-paul-angouleme.fr\/application\/wp-content\/uploads\/2022\/01\/260406458-768x1024.jpg\" alt=\"Am\u00e9lie MESNIER laur\u00e9ate du concours d'\u00e9loquence 2022.\" class=\"wp-image-5887\" srcset=\"https:\/\/www.saint-paul-angouleme.fr\/application\/wp-content\/uploads\/2022\/01\/260406458-768x1024.jpg 768w, https:\/\/www.saint-paul-angouleme.fr\/application\/wp-content\/uploads\/2022\/01\/260406458-225x300.jpg 225w, https:\/\/www.saint-paul-angouleme.fr\/application\/wp-content\/uploads\/2022\/01\/260406458.jpg 1024w\" sizes=\"(max-width: 768px) 100vw, 768px\" \/><\/figure><\/div>\n\n\n\n<h3 class=\"wp-block-heading\">Un art oratoire qui se travaille<\/h3>\n\n\n\n<p><strong>&#8220;La reconnaissance sert-elle l&#8217;ego?&#8221;<\/strong><\/p>\n\n\n\n<p class=\"justification_texte { text-align: justify;}\">C&#8217;est sur ce th\u00e8me que tous ont r\u00e9fl\u00e9chi pendant plusieurs mois afin d&#8217;\u00eatre pr\u00eats le jour &#8220;J&#8221;. <\/p>\n\n\n\n<p class=\"justification_texte { text-align: justify;}\">Mais se pr\u00e9senter au concours d&#8217;\u00e9loquence suppose de respecter une certaine m\u00e9thodologie : regarder le sujet et le comprendre de mani\u00e8re personnelle, trouver id\u00e9es et arguments, r\u00e9fl\u00e9chir \u00e0 l&#8217;ordre pour les enchainer&#8230; Ensuite, il faut r\u00e9diger son texte en int\u00e9grant des effets de style. Enfin, derni\u00e8re \u00e9tape -et non des moindres- incarner son discours (posture, gestes, respiration&#8230;). Beaucoup de travail donc avant de passer devant les jurys.<\/p>\n\n\n\n<figure class=\"wp-block-image\"><img loading=\"lazy\" decoding=\"async\" width=\"768\" height=\"1024\" src=\"https:\/\/www.saint-paul-angouleme.fr\/application\/wp-content\/uploads\/2022\/01\/260406459-768x1024.jpg\" alt=\"Natacha Francisco\" class=\"wp-image-5888\" srcset=\"https:\/\/www.saint-paul-angouleme.fr\/application\/wp-content\/uploads\/2022\/01\/260406459-768x1024.jpg 768w, https:\/\/www.saint-paul-angouleme.fr\/application\/wp-content\/uploads\/2022\/01\/260406459-225x300.jpg 225w, https:\/\/www.saint-paul-angouleme.fr\/application\/wp-content\/uploads\/2022\/01\/260406459.jpg 1024w\" sizes=\"(max-width: 768px) 100vw, 768px\" \/><\/figure>\n\n\n\n<h3 class=\"wp-block-heading\">Derni\u00e8re ligne droite<\/h3>\n\n\n\n<p class=\"justification_texte { text-align: justify;}\">C&#8217;est donc le samedi 15 janvier que nos jeunes lyc\u00e9ens se retrouvent \u00e0 la Mairie d&#8217;Angoul\u00eame. Le Rotary organise trois jury et un tirage au sort r\u00e9parti les concurrents dans chacun de ceux-ci. <\/p>\n\n\n\n<p class=\"justification_texte { text-align: justify;}\">Il s&#8217;agit de faire un expos\u00e9 de 7 minutes en r\u00e9utilisant les techniques acquises lors des temps de pr\u00e9paration. Ensuite le Jury s&#8217;entretien avec chaque candidat pendant une dizaine de minutes.<\/p>\n\n\n\n<p class=\"justification_texte { text-align: justify;}\">Lorsque tous sont pass\u00e9s, les jurys d\u00e9lib\u00e8rent et, en fin de matin\u00e9e, les r\u00e9sultats sont proclam\u00e9s. Avec, pour cette ann\u00e9e le classement suivant :<\/p>\n\n\n\n<p class=\"justification_texte { text-align: justify;}\"><strong>En premi\u00e8re place<\/strong> : Am\u00e9lie MESNIER 205,&nbsp; Natacha FRANCISCO 102, Pierre-louis HITIER 102.<\/p>\n\n\n\n<p class=\"justification_texte { text-align: justify;}\"><strong>En deuxi\u00e8me position<\/strong> : Kim MCCLELLAND 205, Iban DALGALARRONDO T4 et Victoria DARTHENAY 204. <\/p>\n\n\n\n<p class=\"justification_texte { text-align: justify;}\"><strong>En troisi\u00e8me position :<\/strong> Justine NAULET-RAUCA T4, Ana\u00efs HEUBERGER T4 (en visio), &nbsp;Alexandre GARRIDO T4.&nbsp;<\/p>\n\n\n\n<p class=\"justification_texte { text-align: justify;}\">Les 3 gagnants iront \u00e0 la grande finale r\u00e9gionale \u00e0 Bordeaux la 26 mars.<\/p>\n\n\n\n<figure class=\"wp-block-image\"><img loading=\"lazy\" decoding=\"async\" width=\"768\" height=\"1024\" src=\"https:\/\/www.saint-paul-angouleme.fr\/application\/wp-content\/uploads\/2022\/01\/260411198-768x1024.jpg\" alt=\"Pierre-Louis\" class=\"wp-image-5891\" srcset=\"https:\/\/www.saint-paul-angouleme.fr\/application\/wp-content\/uploads\/2022\/01\/260411198-768x1024.jpg 768w, https:\/\/www.saint-paul-angouleme.fr\/application\/wp-content\/uploads\/2022\/01\/260411198-225x300.jpg 225w, https:\/\/www.saint-paul-angouleme.fr\/application\/wp-content\/uploads\/2022\/01\/260411198.jpg 1024w\" sizes=\"(max-width: 768px) 100vw, 768px\" \/><\/figure>\n\n\n\n<figure class=\"wp-block-image\"><img decoding=\"async\" src=\"blob:https:\/\/www.saint-paul-angouleme.fr\/b66cd566-bc72-481c-9698-3e358e2cc52b\" alt=\"\"\/><\/figure>\n","protected":false},"excerpt":{"rendered":"<p>Retour apr\u00e8s une courte pause Le Lyc\u00e9e Saint-Paul participe depuis de nombreuses ann\u00e9es au &#8220;concours d&#8217;\u00e9loquence&#8221; organis\u00e9 par le Rotary. L&#8217;an dernier la situation sanitaire n&#8217;a pas permis \u00e0 nos \u00e9l\u00e8ves d&#8217;\u00eatre pr\u00e9sents. Cette ann\u00e9e en revanche, 13 jeunes de la seconde \u00e0 la terminale se sont inscrits. Chaque jeudi depuis le mois de septembre &#8230; <a title=\"Concours d&#8217;\u00e9loquence : 3 de nos lyc\u00e9ens \u00e0 Bordeaux en finale.\" class=\"read-more\" href=\"https:\/\/www.saint-paul-angouleme.fr\/application\/concours-deloquence-3-de-nos-lyceens-a-bordeaux-en-finale\/\" aria-label=\"Read more about Concours d&#8217;\u00e9loquence : 3 de nos lyc\u00e9ens \u00e0 Bordeaux en finale.\">Lire la suite<\/a><\/p>\n","protected":false},"author":3,"featured_media":0,"comment_status":"open","ping_status":"open","sticky":false,"template":"","format":"standard","meta":{"_exactmetrics_skip_tracking":false,"_exactmetrics_sitenote_active":false,"_exactmetrics_sitenote_note":"","_exactmetrics_sitenote_category":0,"footnotes":""},"categories":[13],"tags":[],"class_list":["post-5882","post","type-post","status-publish","format-standard","hentry","category-pedagogie"],"yoast_head":"<!-- This site is optimized with the Yoast SEO plugin v23.3 - https:\/\/yoast.com\/wordpress\/plugins\/seo\/ -->\n<title>Concours d&#039;\u00e9loquence : 3 de nos lyc\u00e9ens \u00e0 Bordeaux en finale. - Actualit\u00e9s<\/title>\n<meta name=\"robots\" content=\"index, follow, max-snippet:-1, max-image-preview:large, max-video-preview:-1\" \/>\n<link rel=\"canonical\" href=\"https:\/\/www.saint-paul-angouleme.fr\/application\/concours-deloquence-3-de-nos-lyceens-a-bordeaux-en-finale\/\" \/>\n<meta property=\"og:locale\" content=\"fr_FR\" \/>\n<meta property=\"og:type\" content=\"article\" \/>\n<meta property=\"og:title\" content=\"Concours d&#039;\u00e9loquence : 3 de nos lyc\u00e9ens \u00e0 Bordeaux en finale. - Actualit\u00e9s\" \/>\n<meta property=\"og:description\" content=\"Retour apr\u00e8s une courte pause Le Lyc\u00e9e Saint-Paul participe depuis de nombreuses ann\u00e9es au &#8220;concours d&#8217;\u00e9loquence&#8221; organis\u00e9 par le Rotary. L&#8217;an dernier la situation sanitaire n&#8217;a pas permis \u00e0 nos \u00e9l\u00e8ves d&#8217;\u00eatre pr\u00e9sents. Cette ann\u00e9e en revanche, 13 jeunes de la seconde \u00e0 la terminale se sont inscrits. Chaque jeudi depuis le mois de septembre ... Lire la suite\" \/>\n<meta property=\"og:url\" content=\"https:\/\/www.saint-paul-angouleme.fr\/application\/concours-deloquence-3-de-nos-lyceens-a-bordeaux-en-finale\/\" \/>\n<meta property=\"og:site_name\" content=\"Actualit\u00e9s\" \/>\n<meta property=\"article:publisher\" content=\"https:\/\/www.facebook.com\/SaintPaulAngouleme16\/\" \/>\n<meta property=\"article:published_time\" content=\"2022-01-19T15:23:29+00:00\" \/>\n<meta property=\"article:modified_time\" content=\"2022-01-20T16:11:39+00:00\" \/>\n<meta property=\"og:image\" content=\"https:\/\/www.saint-paul-angouleme.fr\/application\/wp-content\/uploads\/2022\/01\/260734400-1024x679.jpg\" \/>\n<meta name=\"author\" content=\"SAINT-PAUL\" \/>\n<meta name=\"twitter:card\" content=\"summary_large_image\" \/>\n<meta name=\"twitter:creator\" content=\"@StPaulAngoulem\" \/>\n<meta name=\"twitter:site\" content=\"@StPaulAngoulem\" \/>\n<meta name=\"twitter:label1\" content=\"\u00c9crit par\" \/>\n\t<meta name=\"twitter:data1\" content=\"SAINT-PAUL\" \/>\n\t<meta name=\"twitter:label2\" content=\"Dur\u00e9e de lecture estim\u00e9e\" \/>\n\t<meta name=\"twitter:data2\" content=\"2 minutes\" \/>\n<script type=\"application\/ld+json\" class=\"yoast-schema-graph\">{\"@context\":\"https:\/\/schema.org\",\"@graph\":[{\"@type\":\"Article\",\"@id\":\"https:\/\/www.saint-paul-angouleme.fr\/application\/concours-deloquence-3-de-nos-lyceens-a-bordeaux-en-finale\/#article\",\"isPartOf\":{\"@id\":\"https:\/\/www.saint-paul-angouleme.fr\/application\/concours-deloquence-3-de-nos-lyceens-a-bordeaux-en-finale\/\"},\"author\":{\"name\":\"SAINT-PAUL\",\"@id\":\"https:\/\/www.saint-paul-angouleme.fr\/application\/#\/schema\/person\/ea152930b1a3823659065827b1a5fb9b\"},\"headline\":\"Concours d&#8217;\u00e9loquence : 3 de nos lyc\u00e9ens \u00e0 Bordeaux en finale.\",\"datePublished\":\"2022-01-19T15:23:29+00:00\",\"dateModified\":\"2022-01-20T16:11:39+00:00\",\"mainEntityOfPage\":{\"@id\":\"https:\/\/www.saint-paul-angouleme.fr\/application\/concours-deloquence-3-de-nos-lyceens-a-bordeaux-en-finale\/\"},\"wordCount\":349,\"commentCount\":0,\"publisher\":{\"@id\":\"https:\/\/www.saint-paul-angouleme.fr\/application\/#organization\"},\"image\":{\"@id\":\"https:\/\/www.saint-paul-angouleme.fr\/application\/concours-deloquence-3-de-nos-lyceens-a-bordeaux-en-finale\/#primaryimage\"},\"thumbnailUrl\":\"https:\/\/www.saint-paul-angouleme.fr\/application\/wp-content\/uploads\/2022\/01\/260734400-1024x679.jpg\",\"articleSection\":[\"P\u00e9dagogie\"],\"inLanguage\":\"fr-FR\",\"potentialAction\":[{\"@type\":\"CommentAction\",\"name\":\"Comment\",\"target\":[\"https:\/\/www.saint-paul-angouleme.fr\/application\/concours-deloquence-3-de-nos-lyceens-a-bordeaux-en-finale\/#respond\"]}]},{\"@type\":\"WebPage\",\"@id\":\"https:\/\/www.saint-paul-angouleme.fr\/application\/concours-deloquence-3-de-nos-lyceens-a-bordeaux-en-finale\/\",\"url\":\"https:\/\/www.saint-paul-angouleme.fr\/application\/concours-deloquence-3-de-nos-lyceens-a-bordeaux-en-finale\/\",\"name\":\"Concours d'\u00e9loquence : 3 de nos lyc\u00e9ens \u00e0 Bordeaux en finale. - Actualit\u00e9s\",\"isPartOf\":{\"@id\":\"https:\/\/www.saint-paul-angouleme.fr\/application\/#website\"},\"primaryImageOfPage\":{\"@id\":\"https:\/\/www.saint-paul-angouleme.fr\/application\/concours-deloquence-3-de-nos-lyceens-a-bordeaux-en-finale\/#primaryimage\"},\"image\":{\"@id\":\"https:\/\/www.saint-paul-angouleme.fr\/application\/concours-deloquence-3-de-nos-lyceens-a-bordeaux-en-finale\/#primaryimage\"},\"thumbnailUrl\":\"https:\/\/www.saint-paul-angouleme.fr\/application\/wp-content\/uploads\/2022\/01\/260734400-1024x679.jpg\",\"datePublished\":\"2022-01-19T15:23:29+00:00\",\"dateModified\":\"2022-01-20T16:11:39+00:00\",\"breadcrumb\":{\"@id\":\"https:\/\/www.saint-paul-angouleme.fr\/application\/concours-deloquence-3-de-nos-lyceens-a-bordeaux-en-finale\/#breadcrumb\"},\"inLanguage\":\"fr-FR\",\"potentialAction\":[{\"@type\":\"ReadAction\",\"target\":[\"https:\/\/www.saint-paul-angouleme.fr\/application\/concours-deloquence-3-de-nos-lyceens-a-bordeaux-en-finale\/\"]}]},{\"@type\":\"ImageObject\",\"inLanguage\":\"fr-FR\",\"@id\":\"https:\/\/www.saint-paul-angouleme.fr\/application\/concours-deloquence-3-de-nos-lyceens-a-bordeaux-en-finale\/#primaryimage\",\"url\":\"https:\/\/www.saint-paul-angouleme.fr\/application\/wp-content\/uploads\/2022\/01\/260734400.jpg\",\"contentUrl\":\"https:\/\/www.saint-paul-angouleme.fr\/application\/wp-content\/uploads\/2022\/01\/260734400.jpg\",\"width\":1080,\"height\":716},{\"@type\":\"BreadcrumbList\",\"@id\":\"https:\/\/www.saint-paul-angouleme.fr\/application\/concours-deloquence-3-de-nos-lyceens-a-bordeaux-en-finale\/#breadcrumb\",\"itemListElement\":[{\"@type\":\"ListItem\",\"position\":1,\"name\":\"Accueil\",\"item\":\"http:\/\/www.saint-paul-angouleme.fr\/application\/\"},{\"@type\":\"ListItem\",\"position\":2,\"name\":\"Concours d&#8217;\u00e9loquence : 3 de nos lyc\u00e9ens \u00e0 Bordeaux en finale.\"}]},{\"@type\":\"WebSite\",\"@id\":\"https:\/\/www.saint-paul-angouleme.fr\/application\/#website\",\"url\":\"https:\/\/www.saint-paul-angouleme.fr\/application\/\",\"name\":\"Actualit\u00e9s\",\"description\":\"Actualit\u00e9s Saint Paul\",\"publisher\":{\"@id\":\"https:\/\/www.saint-paul-angouleme.fr\/application\/#organization\"},\"potentialAction\":[{\"@type\":\"SearchAction\",\"target\":{\"@type\":\"EntryPoint\",\"urlTemplate\":\"https:\/\/www.saint-paul-angouleme.fr\/application\/?s={search_term_string}\"},\"query-input\":\"required name=search_term_string\"}],\"inLanguage\":\"fr-FR\"},{\"@type\":\"Organization\",\"@id\":\"https:\/\/www.saint-paul-angouleme.fr\/application\/#organization\",\"name\":\"Ensemble scolaire Saint-Paul\",\"url\":\"https:\/\/www.saint-paul-angouleme.fr\/application\/\",\"logo\":{\"@type\":\"ImageObject\",\"inLanguage\":\"fr-FR\",\"@id\":\"https:\/\/www.saint-paul-angouleme.fr\/application\/#\/schema\/logo\/image\/\",\"url\":\"https:\/\/www.saint-paul-angouleme.fr\/application\/wp-content\/uploads\/2018\/08\/logo-saint-paul-couleurs.jpg\",\"contentUrl\":\"https:\/\/www.saint-paul-angouleme.fr\/application\/wp-content\/uploads\/2018\/08\/logo-saint-paul-couleurs.jpg\",\"width\":1890,\"height\":709,\"caption\":\"Ensemble scolaire Saint-Paul\"},\"image\":{\"@id\":\"https:\/\/www.saint-paul-angouleme.fr\/application\/#\/schema\/logo\/image\/\"},\"sameAs\":[\"https:\/\/www.facebook.com\/SaintPaulAngouleme16\/\",\"https:\/\/x.com\/StPaulAngoulem\",\"https:\/\/www.youtube.com\/channel\/UCRLpz1CmPVqc0gn--YyXvjA?view_as=subscriber\"]},{\"@type\":\"Person\",\"@id\":\"https:\/\/www.saint-paul-angouleme.fr\/application\/#\/schema\/person\/ea152930b1a3823659065827b1a5fb9b\",\"name\":\"SAINT-PAUL\",\"image\":{\"@type\":\"ImageObject\",\"inLanguage\":\"fr-FR\",\"@id\":\"https:\/\/www.saint-paul-angouleme.fr\/application\/#\/schema\/person\/image\/\",\"url\":\"https:\/\/secure.gravatar.com\/avatar\/eadb0ffebc02683a61d69038eb2924f0?s=96&r=g\",\"contentUrl\":\"https:\/\/secure.gravatar.com\/avatar\/eadb0ffebc02683a61d69038eb2924f0?s=96&r=g\",\"caption\":\"SAINT-PAUL\"},\"url\":\"https:\/\/www.saint-paul-angouleme.fr\/application\/author\/myriam\/\"}]}<\/script>\n<!-- \/ Yoast SEO plugin. -->","yoast_head_json":{"title":"Concours d'\u00e9loquence : 3 de nos lyc\u00e9ens \u00e0 Bordeaux en finale. - Actualit\u00e9s","robots":{"index":"index","follow":"follow","max-snippet":"max-snippet:-1","max-image-preview":"max-image-preview:large","max-video-preview":"max-video-preview:-1"},"canonical":"https:\/\/www.saint-paul-angouleme.fr\/application\/concours-deloquence-3-de-nos-lyceens-a-bordeaux-en-finale\/","og_locale":"fr_FR","og_type":"article","og_title":"Concours d'\u00e9loquence : 3 de nos lyc\u00e9ens \u00e0 Bordeaux en finale. - Actualit\u00e9s","og_description":"Retour apr\u00e8s une courte pause Le Lyc\u00e9e Saint-Paul participe depuis de nombreuses ann\u00e9es au &#8220;concours d&#8217;\u00e9loquence&#8221; organis\u00e9 par le Rotary. L&#8217;an dernier la situation sanitaire n&#8217;a pas permis \u00e0 nos \u00e9l\u00e8ves d&#8217;\u00eatre pr\u00e9sents. Cette ann\u00e9e en revanche, 13 jeunes de la seconde \u00e0 la terminale se sont inscrits. Chaque jeudi depuis le mois de septembre ... Lire la suite","og_url":"https:\/\/www.saint-paul-angouleme.fr\/application\/concours-deloquence-3-de-nos-lyceens-a-bordeaux-en-finale\/","og_site_name":"Actualit\u00e9s","article_publisher":"https:\/\/www.facebook.com\/SaintPaulAngouleme16\/","article_published_time":"2022-01-19T15:23:29+00:00","article_modified_time":"2022-01-20T16:11:39+00:00","og_image":[{"url":"https:\/\/www.saint-paul-angouleme.fr\/application\/wp-content\/uploads\/2022\/01\/260734400-1024x679.jpg"}],"author":"SAINT-PAUL","twitter_card":"summary_large_image","twitter_creator":"@StPaulAngoulem","twitter_site":"@StPaulAngoulem","twitter_misc":{"\u00c9crit par":"SAINT-PAUL","Dur\u00e9e de lecture estim\u00e9e":"2 minutes"},"schema":{"@context":"https:\/\/schema.org","@graph":[{"@type":"Article","@id":"https:\/\/www.saint-paul-angouleme.fr\/application\/concours-deloquence-3-de-nos-lyceens-a-bordeaux-en-finale\/#article","isPartOf":{"@id":"https:\/\/www.saint-paul-angouleme.fr\/application\/concours-deloquence-3-de-nos-lyceens-a-bordeaux-en-finale\/"},"author":{"name":"SAINT-PAUL","@id":"https:\/\/www.saint-paul-angouleme.fr\/application\/#\/schema\/person\/ea152930b1a3823659065827b1a5fb9b"},"headline":"Concours d&#8217;\u00e9loquence : 3 de nos lyc\u00e9ens \u00e0 Bordeaux en finale.","datePublished":"2022-01-19T15:23:29+00:00","dateModified":"2022-01-20T16:11:39+00:00","mainEntityOfPage":{"@id":"https:\/\/www.saint-paul-angouleme.fr\/application\/concours-deloquence-3-de-nos-lyceens-a-bordeaux-en-finale\/"},"wordCount":349,"commentCount":0,"publisher":{"@id":"https:\/\/www.saint-paul-angouleme.fr\/application\/#organization"},"image":{"@id":"https:\/\/www.saint-paul-angouleme.fr\/application\/concours-deloquence-3-de-nos-lyceens-a-bordeaux-en-finale\/#primaryimage"},"thumbnailUrl":"https:\/\/www.saint-paul-angouleme.fr\/application\/wp-content\/uploads\/2022\/01\/260734400-1024x679.jpg","articleSection":["P\u00e9dagogie"],"inLanguage":"fr-FR","potentialAction":[{"@type":"CommentAction","name":"Comment","target":["https:\/\/www.saint-paul-angouleme.fr\/application\/concours-deloquence-3-de-nos-lyceens-a-bordeaux-en-finale\/#respond"]}]},{"@type":"WebPage","@id":"https:\/\/www.saint-paul-angouleme.fr\/application\/concours-deloquence-3-de-nos-lyceens-a-bordeaux-en-finale\/","url":"https:\/\/www.saint-paul-angouleme.fr\/application\/concours-deloquence-3-de-nos-lyceens-a-bordeaux-en-finale\/","name":"Concours d'\u00e9loquence : 3 de nos lyc\u00e9ens \u00e0 Bordeaux en finale. - Actualit\u00e9s","isPartOf":{"@id":"https:\/\/www.saint-paul-angouleme.fr\/application\/#website"},"primaryImageOfPage":{"@id":"https:\/\/www.saint-paul-angouleme.fr\/application\/concours-deloquence-3-de-nos-lyceens-a-bordeaux-en-finale\/#primaryimage"},"image":{"@id":"https:\/\/www.saint-paul-angouleme.fr\/application\/concours-deloquence-3-de-nos-lyceens-a-bordeaux-en-finale\/#primaryimage"},"thumbnailUrl":"https:\/\/www.saint-paul-angouleme.fr\/application\/wp-content\/uploads\/2022\/01\/260734400-1024x679.jpg","datePublished":"2022-01-19T15:23:29+00:00","dateModified":"2022-01-20T16:11:39+00:00","breadcrumb":{"@id":"https:\/\/www.saint-paul-angouleme.fr\/application\/concours-deloquence-3-de-nos-lyceens-a-bordeaux-en-finale\/#breadcrumb"},"inLanguage":"fr-FR","potentialAction":[{"@type":"ReadAction","target":["https:\/\/www.saint-paul-angouleme.fr\/application\/concours-deloquence-3-de-nos-lyceens-a-bordeaux-en-finale\/"]}]},{"@type":"ImageObject","inLanguage":"fr-FR","@id":"https:\/\/www.saint-paul-angouleme.fr\/application\/concours-deloquence-3-de-nos-lyceens-a-bordeaux-en-finale\/#primaryimage","url":"https:\/\/www.saint-paul-angouleme.fr\/application\/wp-content\/uploads\/2022\/01\/260734400.jpg","contentUrl":"https:\/\/www.saint-paul-angouleme.fr\/application\/wp-content\/uploads\/2022\/01\/260734400.jpg","width":1080,"height":716},{"@type":"BreadcrumbList","@id":"https:\/\/www.saint-paul-angouleme.fr\/application\/concours-deloquence-3-de-nos-lyceens-a-bordeaux-en-finale\/#breadcrumb","itemListElement":[{"@type":"ListItem","position":1,"name":"Accueil","item":"http:\/\/www.saint-paul-angouleme.fr\/application\/"},{"@type":"ListItem","position":2,"name":"Concours d&#8217;\u00e9loquence : 3 de nos lyc\u00e9ens \u00e0 Bordeaux en finale."}]},{"@type":"WebSite","@id":"https:\/\/www.saint-paul-angouleme.fr\/application\/#website","url":"https:\/\/www.saint-paul-angouleme.fr\/application\/","name":"Actualit\u00e9s","description":"Actualit\u00e9s Saint Paul","publisher":{"@id":"https:\/\/www.saint-paul-angouleme.fr\/application\/#organization"},"potentialAction":[{"@type":"SearchAction","target":{"@type":"EntryPoint","urlTemplate":"https:\/\/www.saint-paul-angouleme.fr\/application\/?s={search_term_string}"},"query-input":"required name=search_term_string"}],"inLanguage":"fr-FR"},{"@type":"Organization","@id":"https:\/\/www.saint-paul-angouleme.fr\/application\/#organization","name":"Ensemble scolaire Saint-Paul","url":"https:\/\/www.saint-paul-angouleme.fr\/application\/","logo":{"@type":"ImageObject","inLanguage":"fr-FR","@id":"https:\/\/www.saint-paul-angouleme.fr\/application\/#\/schema\/logo\/image\/","url":"https:\/\/www.saint-paul-angouleme.fr\/application\/wp-content\/uploads\/2018\/08\/logo-saint-paul-couleurs.jpg","contentUrl":"https:\/\/www.saint-paul-angouleme.fr\/application\/wp-content\/uploads\/2018\/08\/logo-saint-paul-couleurs.jpg","width":1890,"height":709,"caption":"Ensemble scolaire Saint-Paul"},"image":{"@id":"https:\/\/www.saint-paul-angouleme.fr\/application\/#\/schema\/logo\/image\/"},"sameAs":["https:\/\/www.facebook.com\/SaintPaulAngouleme16\/","https:\/\/x.com\/StPaulAngoulem","https:\/\/www.youtube.com\/channel\/UCRLpz1CmPVqc0gn--YyXvjA?view_as=subscriber"]},{"@type":"Person","@id":"https:\/\/www.saint-paul-angouleme.fr\/application\/#\/schema\/person\/ea152930b1a3823659065827b1a5fb9b","name":"SAINT-PAUL","image":{"@type":"ImageObject","inLanguage":"fr-FR","@id":"https:\/\/www.saint-paul-angouleme.fr\/application\/#\/schema\/person\/image\/","url":"https:\/\/secure.gravatar.com\/avatar\/eadb0ffebc02683a61d69038eb2924f0?s=96&r=g","contentUrl":"https:\/\/secure.gravatar.com\/avatar\/eadb0ffebc02683a61d69038eb2924f0?s=96&r=g","caption":"SAINT-PAUL"},"url":"https:\/\/www.saint-paul-angouleme.fr\/application\/author\/myriam\/"}]}},"_links":{"self":[{"href":"https:\/\/www.saint-paul-angouleme.fr\/application\/wp-json\/wp\/v2\/posts\/5882"}],"collection":[{"href":"https:\/\/www.saint-paul-angouleme.fr\/application\/wp-json\/wp\/v2\/posts"}],"about":[{"href":"https:\/\/www.saint-paul-angouleme.fr\/application\/wp-json\/wp\/v2\/types\/post"}],"author":[{"embeddable":true,"href":"https:\/\/www.saint-paul-angouleme.fr\/application\/wp-json\/wp\/v2\/users\/3"}],"replies":[{"embeddable":true,"href":"https:\/\/www.saint-paul-angouleme.fr\/application\/wp-json\/wp\/v2\/comments?post=5882"}],"version-history":[{"count":10,"href":"https:\/\/www.saint-paul-angouleme.fr\/application\/wp-json\/wp\/v2\/posts\/5882\/revisions"}],"predecessor-version":[{"id":5904,"href":"https:\/\/www.saint-paul-angouleme.fr\/application\/wp-json\/wp\/v2\/posts\/5882\/revisions\/5904"}],"wp:attachment":[{"href":"https:\/\/www.saint-paul-angouleme.fr\/application\/wp-json\/wp\/v2\/media?parent=5882"}],"wp:term":[{"taxonomy":"category","embeddable":true,"href":"https:\/\/www.saint-paul-angouleme.fr\/application\/wp-json\/wp\/v2\/categories?post=5882"},{"taxonomy":"post_tag","embeddable":true,"href":"https:\/\/www.saint-paul-angouleme.fr\/application\/wp-json\/wp\/v2\/tags?post=5882"}],"curies":[{"name":"wp","href":"https:\/\/api.w.org\/{rel}","templated":true}]}}