{"id":5820,"date":"2021-10-21T17:56:38","date_gmt":"2021-10-21T15:56:38","guid":{"rendered":"https:\/\/www.saint-paul-angouleme.fr\/application\/?p=5820"},"modified":"2021-10-22T10:08:19","modified_gmt":"2021-10-22T08:08:19","slug":"conferences-de-mme-ginette-kolinka","status":"publish","type":"post","link":"https:\/\/www.saint-paul-angouleme.fr\/application\/conferences-de-mme-ginette-kolinka\/","title":{"rendered":"Conf\u00e9rences de Mme Ginette KOLINKA"},"content":{"rendered":"\n<figure class=\"wp-block-image\"><img loading=\"lazy\" decoding=\"async\" width=\"1024\" height=\"576\" src=\"https:\/\/www.saint-paul-angouleme.fr\/application\/wp-content\/uploads\/2021\/10\/20211019_150700-1024x576.jpg\" alt=\"\" class=\"wp-image-5821\" srcset=\"https:\/\/www.saint-paul-angouleme.fr\/application\/wp-content\/uploads\/2021\/10\/20211019_150700-1024x576.jpg 1024w, https:\/\/www.saint-paul-angouleme.fr\/application\/wp-content\/uploads\/2021\/10\/20211019_150700-300x169.jpg 300w, https:\/\/www.saint-paul-angouleme.fr\/application\/wp-content\/uploads\/2021\/10\/20211019_150700-768x432.jpg 768w\" sizes=\"(max-width: 1024px) 100vw, 1024px\" \/><\/figure>\n\n\n\n<p class=\"justification_texte { text-align: justify;}\">A l&#8217;initiative d&#8217;Emma DUPAS, \u00e9l\u00e8ve de Terminale \u00e0 Saint-Paul et de deux enseignants ( Mme Vergne et M. Silva Alves ), Mme Ginette Kolinka, ressortissante des camps de concentration, vient \u00e0 la rencontre des \u00e9l\u00e8ves de Terminale.<\/p>\n\n\n\n<figure class=\"wp-block-image\"><img loading=\"lazy\" decoding=\"async\" width=\"1024\" height=\"683\" src=\"https:\/\/www.saint-paul-angouleme.fr\/application\/wp-content\/uploads\/2021\/10\/DSC01226-1024x683.jpg\" alt=\"\" class=\"wp-image-5823\" srcset=\"https:\/\/www.saint-paul-angouleme.fr\/application\/wp-content\/uploads\/2021\/10\/DSC01226-1024x683.jpg 1024w, https:\/\/www.saint-paul-angouleme.fr\/application\/wp-content\/uploads\/2021\/10\/DSC01226-300x200.jpg 300w, https:\/\/www.saint-paul-angouleme.fr\/application\/wp-content\/uploads\/2021\/10\/DSC01226-768x512.jpg 768w\" sizes=\"(max-width: 1024px) 100vw, 1024px\" \/><\/figure>\n\n\n\n<h3 class=\"wp-block-heading\">Pr\u00e9sentation de Mme KOLINKA<\/h3>\n\n\n\n<p class=\"justification_texte { text-align: justify;}\">Madame KOLINKA est issue d&#8217;un famille juive non pratiquante. Son grand-p\u00e8re paternel est russe mais va rejoindre la France.  De son nom de jeune fille Ginette CHERKASKY, elle na\u00eet en 1925 et grandit \u00e0 Paris. Une tentative pour passer en zone libre se solde par une arrestation et un s\u00e9jour en prison \u00e0 Angoul\u00eame. En 1942, la famille s&#8217;installe \u00e0 Avignon. D\u00e9nonc\u00e9e, Ginette est arr\u00eat\u00e9e avec son p\u00e8re, son fr\u00e8re Gilbert et son neveu Georges.<\/p>\n\n\n\n<figure class=\"wp-block-image\"><img loading=\"lazy\" decoding=\"async\" width=\"1024\" height=\"520\" src=\"https:\/\/www.saint-paul-angouleme.fr\/application\/wp-content\/uploads\/2021\/10\/20211019_150709_resized-1024x520.jpg\" alt=\"Le fr\u00e8re et le neveu de Ginette KOLINKA\" class=\"wp-image-5825\" srcset=\"https:\/\/www.saint-paul-angouleme.fr\/application\/wp-content\/uploads\/2021\/10\/20211019_150709_resized-1024x520.jpg 1024w, https:\/\/www.saint-paul-angouleme.fr\/application\/wp-content\/uploads\/2021\/10\/20211019_150709_resized-300x152.jpg 300w, https:\/\/www.saint-paul-angouleme.fr\/application\/wp-content\/uploads\/2021\/10\/20211019_150709_resized-768x390.jpg 768w\" sizes=\"(max-width: 1024px) 100vw, 1024px\" \/><figcaption> Gilbert Cherkasky et Georges Marcou<\/figcaption><\/figure>\n\n\n\n<p class=\"justification_texte { text-align: justify;}\">Ils sont alors emprisonn\u00e9s \u00e0 Marseille puis dans le camps de Drancy. Le 13 avril 1944 ils montent dans le train qui les conduit \u00e0 Birkenau (convoi n\u00b071). A peine arriv\u00e9s, Ginette raconte que les Nazis commencent par trier les prisonniers : les enfants en-dessous de 15 ans et les personnes malades ou trop \u00e2g\u00e9es sont directement extermin\u00e9es. Ginette pense que pour son fr\u00e8re et son p\u00e8re ce sera mieux d&#8217;attendre la navette promise par les nazis plut\u00f4t que de marcher, mais celle-ci les conduira \u00e0 la mort. Aujourd&#8217;hui encore Mme KOLINKA regrette de leur avoir conseill\u00e9 de la prendre. Et cependant elle dit : &#8220;c&#8217;est moi qui ai envoy\u00e9 papa et Gilbert \u00e0 la mort&#8221;.  Elle ne pouvait pas savoir\u2026  <\/p>\n\n\n\n<div class=\"wp-block-image\"><figure class=\"aligncenter\"><img loading=\"lazy\" decoding=\"async\" width=\"1024\" height=\"755\" src=\"https:\/\/www.saint-paul-angouleme.fr\/application\/wp-content\/uploads\/2021\/10\/3_71-1024x755.jpg\" alt=\"https:\/\/www.yadvashem.org\/fr\/shoah\/a-propos\/solution-finale\/camp-dextermination-dauschwitz-birkenau.html\" class=\"wp-image-5827\" srcset=\"https:\/\/www.saint-paul-angouleme.fr\/application\/wp-content\/uploads\/2021\/10\/3_71-1024x755.jpg 1024w, https:\/\/www.saint-paul-angouleme.fr\/application\/wp-content\/uploads\/2021\/10\/3_71-300x221.jpg 300w, https:\/\/www.saint-paul-angouleme.fr\/application\/wp-content\/uploads\/2021\/10\/3_71-768x566.jpg 768w, https:\/\/www.saint-paul-angouleme.fr\/application\/wp-content\/uploads\/2021\/10\/3_71.jpg 1200w\" sizes=\"(max-width: 1024px) 100vw, 1024px\" \/><\/figure><\/div>\n\n\n\n<h3 class=\"wp-block-heading\">Humiliation et travail<\/h3>\n\n\n\n<p class=\"justification_texte { text-align: justify;}\">Ginette raconte l&#8217;arriv\u00e9e au camp et les humiliations subies par les femmes d\u00e9port\u00e9es avec elle. Le groupe est contraint de se d\u00e9shabiller enti\u00e8rement : <\/p>\n\n\n\n<blockquote class=\"wp-block-quote justification_texte { text-align: justify;} is-layout-flow wp-block-quote-is-layout-flow\"><p>Nous ne nous connaissions pas. C&#8217;est tr\u00e8s difficile de se retrouver nue ainsi, j&#8217;essayais avec une main de cacher mes seins, avec l&#8217;autre de cacher mon sexe.<\/p><\/blockquote>\n\n\n\n<p class=\"justification_texte { text-align: justify;}\">Une femme, une &#8220;Kappo&#8221; se saisit de son bras et y tatoue son matricule : 78599 ainsi qu&#8217;un triangle. Ginette signera chacune de ses d\u00e9dicaces de ce m\u00eame matricule qu&#8217;elle ne fera jamais effacer. On les conduit \u00e0 la douche o\u00f9 elles sont toutes sous un pommeau d&#8217;o\u00f9 coule une eau d&#8217;abord br\u00fblante puis glac\u00e9e. Pas question de savon ni de serviette pour s&#8217;essuyer. Les habits sont r\u00e9cup\u00e9r\u00e9s au hasard dans des valises :<\/p>\n\n\n\n<blockquote class=\"wp-block-quote justification_texte { text-align: justify;} is-layout-flow wp-block-quote-is-layout-flow\"><p>Ce ne sont pas les plus beaux bien s\u00fbr et ils ne sont pas \u00e0 notre taille. Pour les chaussures c&#8217;est pareil, une jeune fille qui devait chausser du 34 se retrouve avec du 38.<\/p><\/blockquote>\n\n\n\n<p class=\"justification_texte { text-align: justify;}\">Elle raconte aussi les conditions d&#8217;h\u00e9bergement, la boue, la nourriture : &#8220;un morceau de pain noir avec un peu de margarine pour la journ\u00e9e&#8221;. C\u00f4t\u00e9 travail, Ginette doit casser puis transporter des cailloux. Elle rencontre Simone VEIL qui lui offre une robe. Une amiti\u00e9 na\u00eet entre les deux femmes. En novembre 1944 c&#8217;est \u00e0 Bergen-Belsen qu&#8217;elle est transf\u00e9r\u00e9e puis, en 1945, vers le camp de <a rel=\"noreferrer noopener\" aria-label=\"Theresienstadt (s\u2019ouvre dans un nouvel onglet)\" href=\"https:\/\/aboutholocaust.org\/fr\/facts\/qu-etait-theresienstadt-et-pourquoi-est-il-parfois-nomme-terezin\" target=\"_blank\">Theresienstadt<\/a>. En mai 1945 l&#8217;Europe nazie s&#8217;effondre et les d\u00e9port\u00e9s sont lib\u00e9r\u00e9s.<\/p>\n\n\n\n<figure class=\"wp-block-image\"><img loading=\"lazy\" decoding=\"async\" width=\"719\" height=\"478\" src=\"https:\/\/www.saint-paul-angouleme.fr\/application\/wp-content\/uploads\/2021\/10\/holocaust_600x400.jpg\" alt=\"https:\/\/www.un.org\/fr\/conferences\" class=\"wp-image-5830\" srcset=\"https:\/\/www.saint-paul-angouleme.fr\/application\/wp-content\/uploads\/2021\/10\/holocaust_600x400.jpg 719w, https:\/\/www.saint-paul-angouleme.fr\/application\/wp-content\/uploads\/2021\/10\/holocaust_600x400-300x199.jpg 300w\" sizes=\"(max-width: 719px) 100vw, 719px\" \/><\/figure>\n\n\n\n<h3 class=\"wp-block-heading\">Devoir de m\u00e9moire<\/h3>\n\n\n\n<p class=\"justification_texte { text-align: justify;}\">Ginette rentre chez elle seule et \u00e0 bout de force. Sa m\u00e8re et ses s\u0153urs l&#8217;accueillent :<\/p>\n\n\n\n<blockquote class=\"wp-block-quote justification_texte { text-align: justify;} is-layout-flow wp-block-quote-is-layout-flow\"><p>Je suis tomb\u00e9e dans les bras de ma m\u00e8re. Je ne crois pas que j&#8217;ai pleur\u00e9 ; je ne savais plus pleurer.<\/p><\/blockquote>\n\n\n\n<p class=\"justification_texte { text-align: justify;}\">Sa m\u00e8re raconte que quelqu&#8217;un lui a dit que son mari et son fils allaient rentrer. Ginette ne peut faire autrement que d&#8217;annoncer &#8220;froidement&#8221; qu&#8217;ils ne reviendront pas car ils sont morts. C&#8217;est \u00e0 sa famille que Ginette doit d&#8217;avoir tenu le coup apr\u00e8s l&#8217;horreur des camps et la barbarie nazie.<\/p>\n\n\n\n<ul class=\"wp-block-gallery columns-3 is-cropped wp-block-gallery-1 is-layout-flex wp-block-gallery-is-layout-flex\"><li class=\"blocks-gallery-item\"><figure><img loading=\"lazy\" decoding=\"async\" width=\"1024\" height=\"683\" src=\"https:\/\/www.saint-paul-angouleme.fr\/application\/wp-content\/uploads\/2021\/10\/DSC01208-1024x683.jpg\" alt=\"Les \u00e9l\u00e8ves saluent Mme KOLINKA\" data-id=\"5831\" class=\"wp-image-5831\" srcset=\"https:\/\/www.saint-paul-angouleme.fr\/application\/wp-content\/uploads\/2021\/10\/DSC01208-1024x683.jpg 1024w, https:\/\/www.saint-paul-angouleme.fr\/application\/wp-content\/uploads\/2021\/10\/DSC01208-300x200.jpg 300w, https:\/\/www.saint-paul-angouleme.fr\/application\/wp-content\/uploads\/2021\/10\/DSC01208-768x512.jpg 768w\" sizes=\"(max-width: 1024px) 100vw, 1024px\" \/><\/figure><\/li><li class=\"blocks-gallery-item\"><figure><img loading=\"lazy\" decoding=\"async\" width=\"1024\" height=\"683\" src=\"https:\/\/www.saint-paul-angouleme.fr\/application\/wp-content\/uploads\/2021\/10\/DSC01221-1024x683.jpg\" alt=\"\" data-id=\"5832\" data-link=\"https:\/\/www.saint-paul-angouleme.fr\/application\/?attachment_id=5832#main\" class=\"wp-image-5832\" srcset=\"https:\/\/www.saint-paul-angouleme.fr\/application\/wp-content\/uploads\/2021\/10\/DSC01221-1024x683.jpg 1024w, https:\/\/www.saint-paul-angouleme.fr\/application\/wp-content\/uploads\/2021\/10\/DSC01221-300x200.jpg 300w, https:\/\/www.saint-paul-angouleme.fr\/application\/wp-content\/uploads\/2021\/10\/DSC01221-768x512.jpg 768w\" sizes=\"(max-width: 1024px) 100vw, 1024px\" \/><\/figure><\/li><li class=\"blocks-gallery-item\"><figure><img loading=\"lazy\" decoding=\"async\" width=\"1024\" height=\"683\" src=\"https:\/\/www.saint-paul-angouleme.fr\/application\/wp-content\/uploads\/2021\/10\/DSC01236-1024x683.jpg\" alt=\"\" data-id=\"5833\" data-link=\"https:\/\/www.saint-paul-angouleme.fr\/application\/?attachment_id=5833#main\" class=\"wp-image-5833\" srcset=\"https:\/\/www.saint-paul-angouleme.fr\/application\/wp-content\/uploads\/2021\/10\/DSC01236-1024x683.jpg 1024w, https:\/\/www.saint-paul-angouleme.fr\/application\/wp-content\/uploads\/2021\/10\/DSC01236-300x200.jpg 300w, https:\/\/www.saint-paul-angouleme.fr\/application\/wp-content\/uploads\/2021\/10\/DSC01236-768x512.jpg 768w\" sizes=\"(max-width: 1024px) 100vw, 1024px\" \/><\/figure><\/li><\/ul>\n\n\n\n<p class=\"justification_texte { text-align: justify;}\">Pendant plus de 50 ans Ginette ne veut pas raconter son histoire ; elle craint &#8220;d&#8217;emb\u00eater les gens&#8221;. Un jour de mars 1994 sort le film &#8220;<a rel=\"noreferrer noopener\" aria-label=\"La liste de Schindler (s\u2019ouvre dans un nouvel onglet)\" href=\"https:\/\/www.youtube.com\/watch?v=XIXfYHwA-BI\" target=\"_blank\">La liste de Schindler<\/a>&#8221; et elle est contact\u00e9e par l&#8217;\u00e9quipe du film pour t\u00e9moigner. Elle refuse \u00e0 plusieurs reprises mais l&#8217;insistance de son interlocuteur la fait c\u00e9der. Elle raconte:<\/p>\n\n\n\n<blockquote class=\"wp-block-quote justification_texte { text-align: justify;} is-layout-flow wp-block-quote-is-layout-flow\"><p>Je ne savais pas que j&#8217;avais tout cela dans ma t\u00eate, je ne pensais pas que ma m\u00e9moire reviendrait. Je ne sais pas comment il a fait mais, petit \u00e0 petit, tout est remont\u00e9.<\/p><\/blockquote>\n\n\n\n<p class=\"justification_texte { text-align: justify;}\">Depuis, elle n&#8217;arr\u00eate pas de rencontrer des \u00e9l\u00e8ves, des adultes, et de raconter tout ce qu&#8217;elle a v\u00e9cu. Son t\u00e9moignage touche nos \u00e9l\u00e8ves qui, \u00e0 la fin de son intervention lui posent des questions. Ginette les f\u00e9licite et, patiemment, r\u00e9pond \u00e0 chacun. A plusieurs reprises elle leur dit :<\/p>\n\n\n\n<blockquote class=\"wp-block-quote justification_texte { text-align: justify;} is-layout-flow wp-block-quote-is-layout-flow\"><p>Maintenant, c&#8217;est \u00e0 vous d&#8217;en parler. Racontez \u00e0 vos parents, \u00e0 votre famille, \u00e0 vos amis ce que vous avez entendu. Il ne faut pas que cela recommence, vous \u00eates des passeurs de m\u00e9moire. C&#8217;est la haine qui est \u00e0 l&#8217;origine de cette horreur, ne l&#8217;oubliez jamais. Nous sommes tous des \u00eatres humains, nous sommes tous \u00e9gaux.<\/p><\/blockquote>\n\n\n\n<figure class=\"wp-block-image\"><img loading=\"lazy\" decoding=\"async\" width=\"1024\" height=\"576\" src=\"https:\/\/www.saint-paul-angouleme.fr\/application\/wp-content\/uploads\/2021\/10\/20211020_122617-1024x576.jpg\" alt=\"D\u00e9dicace de Ginette \u00e0 l'un de nos \u00e9l\u00e8ves.\" class=\"wp-image-5834\" srcset=\"https:\/\/www.saint-paul-angouleme.fr\/application\/wp-content\/uploads\/2021\/10\/20211020_122617-1024x576.jpg 1024w, https:\/\/www.saint-paul-angouleme.fr\/application\/wp-content\/uploads\/2021\/10\/20211020_122617-300x169.jpg 300w, https:\/\/www.saint-paul-angouleme.fr\/application\/wp-content\/uploads\/2021\/10\/20211020_122617-768x432.jpg 768w\" sizes=\"(max-width: 1024px) 100vw, 1024px\" \/><\/figure>\n\n\n\n<p class=\"justification_texte { text-align: justify;}\">Nos \u00e9l\u00e8ves ont du mal \u00e0 quitter Ginette et beaucoup sont venus avec un de ses livres qu&#8217;ils lui demandent de d\u00e9dicacer. D&#8217;autres ont une simple feuille. Avec beaucoup de gentillesse elle s&#8217;ex\u00e9cute donnant parfois m\u00eame une confiserie. Quelques-uns enfin demandent \u00e0 prendre une photo avec elle ou \u00e9changer encore quelques mots, elle accepte. Pour tout cela : MERCI Mme KOLINKA.<\/p>\n\n\n\n<p>Retrouvez ici l&#8217;int\u00e9gralit\u00e9 de la conf\u00e9rence de Mme KOLINKA : <\/p>\n\n\n\n<figure class=\"wp-block-embed-youtube wp-block-embed is-type-video is-provider-youtube wp-embed-aspect-16-9 wp-has-aspect-ratio\"><div class=\"wp-block-embed__wrapper\">\n<div class=\"arve\" data-mode=\"normal\" data-oembed=\"1\" data-provider=\"youtube\" id=\"arve-youtube-jow3zbev67w\">\n<div class=\"arve-inner\">\n<div class=\"arve-embed arve-embed--has-aspect-ratio\">\n<span class=\"arve-ar\" style=\"padding-top:56.250000%\"><\/span><iframe credentialless referrerpolicy=\"strict-origin-when-cross-origin\" allow=\"accelerometer &#039;none&#039;;ambient-light-sensor &#039;none&#039;;autoplay &#039;none&#039;;battery &#039;none&#039;;bluetooth &#039;none&#039;;browsing-topics &#039;none&#039;;camera &#039;none&#039;;ch-ua &#039;none&#039;;clipboard-read &#039;none&#039;;clipboard-write;display-capture &#039;none&#039;;document-domain &#039;none&#039;;domain-agent &#039;none&#039;;encrypted-media &#039;none&#039;;execution-while-not-rendered &#039;none&#039;;execution-while-out-of-viewport &#039;none&#039;;gamepad &#039;none&#039;;geolocation &#039;none&#039;;gyroscope &#039;none&#039;;hid &#039;none&#039;;identity-credentials-get &#039;none&#039;;idle-detection &#039;none&#039;;keyboard-map &#039;none&#039;;local-fonts &#039;none&#039;;magnetometer &#039;none&#039;;microphone &#039;none&#039;;midi &#039;none&#039;;navigation-override &#039;none&#039;;otp-credentials &#039;none&#039;;payment &#039;none&#039;;picture-in-picture;publickey-credentials-create &#039;none&#039;;publickey-credentials-get &#039;none&#039;;screen-wake-lock &#039;none&#039;;serial &#039;none&#039;;speaker-selection;sync-xhr &#039;none&#039;;usb &#039;none&#039;;web-share;window-management &#039;none&#039;;xr-spatial-tracking &#039;none&#039;;\" allowfullscreen class=\"arve-iframe fitvidsignore\" data-arve=\"arve-youtube-jow3zbev67w\" data-src-no-ap=\"https:\/\/www.youtube-nocookie.com\/embed\/jOw3zBeV67w?feature=oembed&amp;iv_load_policy=3&amp;modestbranding=1&amp;rel=0&amp;autohide=1&amp;playsinline=0&amp;autoplay=0\" frameborder=\"0\" height=\"0\" name sandbox=\"allow-scripts allow-same-origin allow-presentation allow-popups allow-popups-to-escape-sandbox\" scrolling=\"no\" src=\"https:\/\/www.youtube-nocookie.com\/embed\/jOw3zBeV67w?feature=oembed&#038;iv_load_policy=3&#038;modestbranding=1&#038;rel=0&#038;autohide=1&#038;playsinline=0&#038;autoplay=0\" width=\"0\" title loading=\"lazy\"><\/iframe>\n\n<\/div>\n\n<\/div>\n<script type=\"application\/ld+json\">{\"@context\":\"http:\\\/\\\/schema.org\\\/\",\"@id\":\"https:\\\/\\\/www.saint-paul-angouleme.fr\\\/application\\\/conferences-de-mme-ginette-kolinka\\\/#arve-youtube-jow3zbev67w\",\"type\":\"VideoObject\",\"embedURL\":\"https:\\\/\\\/www.youtube-nocookie.com\\\/embed\\\/jOw3zBeV67w?feature=oembed&iv_load_policy=3&modestbranding=1&rel=0&autohide=1&playsinline=0&autoplay=0\"}<\/script>\n<\/div>\n\n<\/div><\/figure>\n\n\n\n<figure class=\"wp-block-image\"><img loading=\"lazy\" decoding=\"async\" width=\"1024\" height=\"576\" src=\"https:\/\/www.saint-paul-angouleme.fr\/application\/wp-content\/uploads\/2021\/10\/20211019_144553-1-1024x576.jpg\" alt=\"\" class=\"wp-image-5843\" srcset=\"https:\/\/www.saint-paul-angouleme.fr\/application\/wp-content\/uploads\/2021\/10\/20211019_144553-1-1024x576.jpg 1024w, https:\/\/www.saint-paul-angouleme.fr\/application\/wp-content\/uploads\/2021\/10\/20211019_144553-1-300x169.jpg 300w, https:\/\/www.saint-paul-angouleme.fr\/application\/wp-content\/uploads\/2021\/10\/20211019_144553-1-768x432.jpg 768w\" sizes=\"(max-width: 1024px) 100vw, 1024px\" \/><\/figure>\n\n\n\n<figure class=\"wp-block-image\"><img loading=\"lazy\" decoding=\"async\" width=\"1024\" height=\"1024\" src=\"https:\/\/www.saint-paul-angouleme.fr\/application\/wp-content\/uploads\/2021\/10\/20211020_122042_04-1-1024x1024.jpg\" alt=\"\" class=\"wp-image-5844\" srcset=\"https:\/\/www.saint-paul-angouleme.fr\/application\/wp-content\/uploads\/2021\/10\/20211020_122042_04-1-1024x1024.jpg 1024w, https:\/\/www.saint-paul-angouleme.fr\/application\/wp-content\/uploads\/2021\/10\/20211020_122042_04-1-150x150.jpg 150w, https:\/\/www.saint-paul-angouleme.fr\/application\/wp-content\/uploads\/2021\/10\/20211020_122042_04-1-300x300.jpg 300w, https:\/\/www.saint-paul-angouleme.fr\/application\/wp-content\/uploads\/2021\/10\/20211020_122042_04-1-768x768.jpg 768w, https:\/\/www.saint-paul-angouleme.fr\/application\/wp-content\/uploads\/2021\/10\/20211020_122042_04-1-144x144.jpg 144w\" sizes=\"(max-width: 1024px) 100vw, 1024px\" \/><\/figure>\n\n\n\n<figure class=\"wp-block-image\"><img loading=\"lazy\" decoding=\"async\" width=\"1024\" height=\"576\" src=\"https:\/\/www.saint-paul-angouleme.fr\/application\/wp-content\/uploads\/2021\/10\/20211020_122914-1-1024x576.jpg\" alt=\"\" class=\"wp-image-5849\" srcset=\"https:\/\/www.saint-paul-angouleme.fr\/application\/wp-content\/uploads\/2021\/10\/20211020_122914-1-1024x576.jpg 1024w, https:\/\/www.saint-paul-angouleme.fr\/application\/wp-content\/uploads\/2021\/10\/20211020_122914-1-300x169.jpg 300w, https:\/\/www.saint-paul-angouleme.fr\/application\/wp-content\/uploads\/2021\/10\/20211020_122914-1-768x432.jpg 768w\" sizes=\"(max-width: 1024px) 100vw, 1024px\" \/><\/figure>\n\n\n\n<figure class=\"wp-block-image\"><img loading=\"lazy\" decoding=\"async\" width=\"1024\" height=\"683\" src=\"https:\/\/www.saint-paul-angouleme.fr\/application\/wp-content\/uploads\/2021\/10\/DSC01231-1024x683.jpg\" alt=\"\" class=\"wp-image-5850\" srcset=\"https:\/\/www.saint-paul-angouleme.fr\/application\/wp-content\/uploads\/2021\/10\/DSC01231-1024x683.jpg 1024w, https:\/\/www.saint-paul-angouleme.fr\/application\/wp-content\/uploads\/2021\/10\/DSC01231-300x200.jpg 300w, https:\/\/www.saint-paul-angouleme.fr\/application\/wp-content\/uploads\/2021\/10\/DSC01231-768x512.jpg 768w\" sizes=\"(max-width: 1024px) 100vw, 1024px\" \/><\/figure>\n\n\n\n<figure class=\"wp-block-image\"><img loading=\"lazy\" decoding=\"async\" width=\"1024\" height=\"683\" src=\"https:\/\/www.saint-paul-angouleme.fr\/application\/wp-content\/uploads\/2021\/10\/DSC01232-1-1024x683.jpg\" alt=\"\" class=\"wp-image-5851\" srcset=\"https:\/\/www.saint-paul-angouleme.fr\/application\/wp-content\/uploads\/2021\/10\/DSC01232-1-1024x683.jpg 1024w, https:\/\/www.saint-paul-angouleme.fr\/application\/wp-content\/uploads\/2021\/10\/DSC01232-1-300x200.jpg 300w, https:\/\/www.saint-paul-angouleme.fr\/application\/wp-content\/uploads\/2021\/10\/DSC01232-1-768x512.jpg 768w\" sizes=\"(max-width: 1024px) 100vw, 1024px\" \/><\/figure>\n","protected":false},"excerpt":{"rendered":"<p>A l&#8217;initiative d&#8217;Emma DUPAS, \u00e9l\u00e8ve de Terminale \u00e0 Saint-Paul et de deux enseignants ( Mme Vergne et M. Silva Alves ), Mme Ginette Kolinka, ressortissante des camps de concentration, vient \u00e0 la rencontre des \u00e9l\u00e8ves de Terminale. Pr\u00e9sentation de Mme KOLINKA Madame KOLINKA est issue d&#8217;un famille juive non pratiquante. Son grand-p\u00e8re paternel est russe &#8230; <a title=\"Conf\u00e9rences de Mme Ginette KOLINKA\" class=\"read-more\" href=\"https:\/\/www.saint-paul-angouleme.fr\/application\/conferences-de-mme-ginette-kolinka\/\" aria-label=\"Read more about Conf\u00e9rences de Mme Ginette KOLINKA\">Lire la suite<\/a><\/p>\n","protected":false},"author":3,"featured_media":0,"comment_status":"open","ping_status":"open","sticky":false,"template":"","format":"standard","meta":{"_exactmetrics_skip_tracking":false,"_exactmetrics_sitenote_active":false,"_exactmetrics_sitenote_note":"","_exactmetrics_sitenote_category":0,"footnotes":""},"categories":[13],"tags":[],"class_list":["post-5820","post","type-post","status-publish","format-standard","hentry","category-pedagogie"],"yoast_head":"<!-- This site is optimized with the Yoast SEO plugin v23.3 - https:\/\/yoast.com\/wordpress\/plugins\/seo\/ -->\n<title>Conf\u00e9rences de Mme Ginette KOLINKA - Actualit\u00e9s<\/title>\n<meta name=\"description\" content=\"Mme Ginette KOLINKA, rescap\u00e9e de la d\u00e9portation, est venue t\u00e9moigner de l&#039;horreur nazie et demander aux lyc\u00e9ens d&#039;\u00eatre des passeurs de m\u00e9moire.\" \/>\n<meta name=\"robots\" content=\"index, follow, max-snippet:-1, max-image-preview:large, max-video-preview:-1\" \/>\n<link rel=\"canonical\" href=\"https:\/\/www.saint-paul-angouleme.fr\/application\/conferences-de-mme-ginette-kolinka\/\" \/>\n<meta property=\"og:locale\" content=\"fr_FR\" \/>\n<meta property=\"og:type\" content=\"article\" \/>\n<meta property=\"og:title\" content=\"Conf\u00e9rences de Mme Ginette KOLINKA - Actualit\u00e9s\" \/>\n<meta property=\"og:description\" content=\"Mme Ginette KOLINKA, rescap\u00e9e de la d\u00e9portation, est venue t\u00e9moigner de l&#039;horreur nazie et demander aux lyc\u00e9ens d&#039;\u00eatre des passeurs de m\u00e9moire.\" \/>\n<meta property=\"og:url\" content=\"https:\/\/www.saint-paul-angouleme.fr\/application\/conferences-de-mme-ginette-kolinka\/\" \/>\n<meta property=\"og:site_name\" content=\"Actualit\u00e9s\" \/>\n<meta property=\"article:publisher\" content=\"https:\/\/www.facebook.com\/SaintPaulAngouleme16\/\" \/>\n<meta property=\"article:published_time\" content=\"2021-10-21T15:56:38+00:00\" \/>\n<meta property=\"article:modified_time\" content=\"2021-10-22T08:08:19+00:00\" \/>\n<meta property=\"og:image\" content=\"https:\/\/www.saint-paul-angouleme.fr\/application\/wp-content\/uploads\/2021\/10\/20211019_150700-1024x576.jpg\" \/>\n<meta name=\"author\" content=\"SAINT-PAUL\" \/>\n<meta name=\"twitter:card\" content=\"summary_large_image\" \/>\n<meta name=\"twitter:creator\" content=\"@StPaulAngoulem\" \/>\n<meta name=\"twitter:site\" content=\"@StPaulAngoulem\" \/>\n<meta name=\"twitter:label1\" content=\"\u00c9crit par\" \/>\n\t<meta name=\"twitter:data1\" content=\"SAINT-PAUL\" \/>\n\t<meta name=\"twitter:label2\" content=\"Dur\u00e9e de lecture estim\u00e9e\" \/>\n\t<meta name=\"twitter:data2\" content=\"4 minutes\" \/>\n<script type=\"application\/ld+json\" class=\"yoast-schema-graph\">{\"@context\":\"https:\/\/schema.org\",\"@graph\":[{\"@type\":\"Article\",\"@id\":\"https:\/\/www.saint-paul-angouleme.fr\/application\/conferences-de-mme-ginette-kolinka\/#article\",\"isPartOf\":{\"@id\":\"https:\/\/www.saint-paul-angouleme.fr\/application\/conferences-de-mme-ginette-kolinka\/\"},\"author\":{\"name\":\"SAINT-PAUL\",\"@id\":\"https:\/\/www.saint-paul-angouleme.fr\/application\/#\/schema\/person\/ea152930b1a3823659065827b1a5fb9b\"},\"headline\":\"Conf\u00e9rences de Mme Ginette KOLINKA\",\"datePublished\":\"2021-10-21T15:56:38+00:00\",\"dateModified\":\"2021-10-22T08:08:19+00:00\",\"mainEntityOfPage\":{\"@id\":\"https:\/\/www.saint-paul-angouleme.fr\/application\/conferences-de-mme-ginette-kolinka\/\"},\"wordCount\":917,\"commentCount\":0,\"publisher\":{\"@id\":\"https:\/\/www.saint-paul-angouleme.fr\/application\/#organization\"},\"image\":{\"@id\":\"https:\/\/www.saint-paul-angouleme.fr\/application\/conferences-de-mme-ginette-kolinka\/#primaryimage\"},\"thumbnailUrl\":\"https:\/\/www.saint-paul-angouleme.fr\/application\/wp-content\/uploads\/2021\/10\/20211019_150700-1024x576.jpg\",\"articleSection\":[\"P\u00e9dagogie\"],\"inLanguage\":\"fr-FR\",\"potentialAction\":[{\"@type\":\"CommentAction\",\"name\":\"Comment\",\"target\":[\"https:\/\/www.saint-paul-angouleme.fr\/application\/conferences-de-mme-ginette-kolinka\/#respond\"]}]},{\"@type\":\"WebPage\",\"@id\":\"https:\/\/www.saint-paul-angouleme.fr\/application\/conferences-de-mme-ginette-kolinka\/\",\"url\":\"https:\/\/www.saint-paul-angouleme.fr\/application\/conferences-de-mme-ginette-kolinka\/\",\"name\":\"Conf\u00e9rences de Mme Ginette KOLINKA - Actualit\u00e9s\",\"isPartOf\":{\"@id\":\"https:\/\/www.saint-paul-angouleme.fr\/application\/#website\"},\"primaryImageOfPage\":{\"@id\":\"https:\/\/www.saint-paul-angouleme.fr\/application\/conferences-de-mme-ginette-kolinka\/#primaryimage\"},\"image\":{\"@id\":\"https:\/\/www.saint-paul-angouleme.fr\/application\/conferences-de-mme-ginette-kolinka\/#primaryimage\"},\"thumbnailUrl\":\"https:\/\/www.saint-paul-angouleme.fr\/application\/wp-content\/uploads\/2021\/10\/20211019_150700-1024x576.jpg\",\"datePublished\":\"2021-10-21T15:56:38+00:00\",\"dateModified\":\"2021-10-22T08:08:19+00:00\",\"description\":\"Mme Ginette KOLINKA, rescap\u00e9e de la d\u00e9portation, est venue t\u00e9moigner de l'horreur nazie et demander aux lyc\u00e9ens d'\u00eatre des passeurs de m\u00e9moire.\",\"breadcrumb\":{\"@id\":\"https:\/\/www.saint-paul-angouleme.fr\/application\/conferences-de-mme-ginette-kolinka\/#breadcrumb\"},\"inLanguage\":\"fr-FR\",\"potentialAction\":[{\"@type\":\"ReadAction\",\"target\":[\"https:\/\/www.saint-paul-angouleme.fr\/application\/conferences-de-mme-ginette-kolinka\/\"]}]},{\"@type\":\"ImageObject\",\"inLanguage\":\"fr-FR\",\"@id\":\"https:\/\/www.saint-paul-angouleme.fr\/application\/conferences-de-mme-ginette-kolinka\/#primaryimage\",\"url\":\"https:\/\/www.saint-paul-angouleme.fr\/application\/wp-content\/uploads\/2021\/10\/20211019_150700.jpg\",\"contentUrl\":\"https:\/\/www.saint-paul-angouleme.fr\/application\/wp-content\/uploads\/2021\/10\/20211019_150700.jpg\",\"width\":4032,\"height\":2268},{\"@type\":\"BreadcrumbList\",\"@id\":\"https:\/\/www.saint-paul-angouleme.fr\/application\/conferences-de-mme-ginette-kolinka\/#breadcrumb\",\"itemListElement\":[{\"@type\":\"ListItem\",\"position\":1,\"name\":\"Accueil\",\"item\":\"http:\/\/www.saint-paul-angouleme.fr\/application\/\"},{\"@type\":\"ListItem\",\"position\":2,\"name\":\"Conf\u00e9rences de Mme Ginette KOLINKA\"}]},{\"@type\":\"WebSite\",\"@id\":\"https:\/\/www.saint-paul-angouleme.fr\/application\/#website\",\"url\":\"https:\/\/www.saint-paul-angouleme.fr\/application\/\",\"name\":\"Actualit\u00e9s\",\"description\":\"Actualit\u00e9s Saint Paul\",\"publisher\":{\"@id\":\"https:\/\/www.saint-paul-angouleme.fr\/application\/#organization\"},\"potentialAction\":[{\"@type\":\"SearchAction\",\"target\":{\"@type\":\"EntryPoint\",\"urlTemplate\":\"https:\/\/www.saint-paul-angouleme.fr\/application\/?s={search_term_string}\"},\"query-input\":\"required name=search_term_string\"}],\"inLanguage\":\"fr-FR\"},{\"@type\":\"Organization\",\"@id\":\"https:\/\/www.saint-paul-angouleme.fr\/application\/#organization\",\"name\":\"Ensemble scolaire Saint-Paul\",\"url\":\"https:\/\/www.saint-paul-angouleme.fr\/application\/\",\"logo\":{\"@type\":\"ImageObject\",\"inLanguage\":\"fr-FR\",\"@id\":\"https:\/\/www.saint-paul-angouleme.fr\/application\/#\/schema\/logo\/image\/\",\"url\":\"https:\/\/www.saint-paul-angouleme.fr\/application\/wp-content\/uploads\/2018\/08\/logo-saint-paul-couleurs.jpg\",\"contentUrl\":\"https:\/\/www.saint-paul-angouleme.fr\/application\/wp-content\/uploads\/2018\/08\/logo-saint-paul-couleurs.jpg\",\"width\":1890,\"height\":709,\"caption\":\"Ensemble scolaire Saint-Paul\"},\"image\":{\"@id\":\"https:\/\/www.saint-paul-angouleme.fr\/application\/#\/schema\/logo\/image\/\"},\"sameAs\":[\"https:\/\/www.facebook.com\/SaintPaulAngouleme16\/\",\"https:\/\/x.com\/StPaulAngoulem\",\"https:\/\/www.youtube.com\/channel\/UCRLpz1CmPVqc0gn--YyXvjA?view_as=subscriber\"]},{\"@type\":\"Person\",\"@id\":\"https:\/\/www.saint-paul-angouleme.fr\/application\/#\/schema\/person\/ea152930b1a3823659065827b1a5fb9b\",\"name\":\"SAINT-PAUL\",\"image\":{\"@type\":\"ImageObject\",\"inLanguage\":\"fr-FR\",\"@id\":\"https:\/\/www.saint-paul-angouleme.fr\/application\/#\/schema\/person\/image\/\",\"url\":\"https:\/\/secure.gravatar.com\/avatar\/eadb0ffebc02683a61d69038eb2924f0?s=96&r=g\",\"contentUrl\":\"https:\/\/secure.gravatar.com\/avatar\/eadb0ffebc02683a61d69038eb2924f0?s=96&r=g\",\"caption\":\"SAINT-PAUL\"},\"url\":\"https:\/\/www.saint-paul-angouleme.fr\/application\/author\/myriam\/\"}]}<\/script>\n<!-- \/ Yoast SEO plugin. -->","yoast_head_json":{"title":"Conf\u00e9rences de Mme Ginette KOLINKA - Actualit\u00e9s","description":"Mme Ginette KOLINKA, rescap\u00e9e de la d\u00e9portation, est venue t\u00e9moigner de l'horreur nazie et demander aux lyc\u00e9ens d'\u00eatre des passeurs de m\u00e9moire.","robots":{"index":"index","follow":"follow","max-snippet":"max-snippet:-1","max-image-preview":"max-image-preview:large","max-video-preview":"max-video-preview:-1"},"canonical":"https:\/\/www.saint-paul-angouleme.fr\/application\/conferences-de-mme-ginette-kolinka\/","og_locale":"fr_FR","og_type":"article","og_title":"Conf\u00e9rences de Mme Ginette KOLINKA - Actualit\u00e9s","og_description":"Mme Ginette KOLINKA, rescap\u00e9e de la d\u00e9portation, est venue t\u00e9moigner de l'horreur nazie et demander aux lyc\u00e9ens d'\u00eatre des passeurs de m\u00e9moire.","og_url":"https:\/\/www.saint-paul-angouleme.fr\/application\/conferences-de-mme-ginette-kolinka\/","og_site_name":"Actualit\u00e9s","article_publisher":"https:\/\/www.facebook.com\/SaintPaulAngouleme16\/","article_published_time":"2021-10-21T15:56:38+00:00","article_modified_time":"2021-10-22T08:08:19+00:00","og_image":[{"url":"https:\/\/www.saint-paul-angouleme.fr\/application\/wp-content\/uploads\/2021\/10\/20211019_150700-1024x576.jpg"}],"author":"SAINT-PAUL","twitter_card":"summary_large_image","twitter_creator":"@StPaulAngoulem","twitter_site":"@StPaulAngoulem","twitter_misc":{"\u00c9crit par":"SAINT-PAUL","Dur\u00e9e de lecture estim\u00e9e":"4 minutes"},"schema":{"@context":"https:\/\/schema.org","@graph":[{"@type":"Article","@id":"https:\/\/www.saint-paul-angouleme.fr\/application\/conferences-de-mme-ginette-kolinka\/#article","isPartOf":{"@id":"https:\/\/www.saint-paul-angouleme.fr\/application\/conferences-de-mme-ginette-kolinka\/"},"author":{"name":"SAINT-PAUL","@id":"https:\/\/www.saint-paul-angouleme.fr\/application\/#\/schema\/person\/ea152930b1a3823659065827b1a5fb9b"},"headline":"Conf\u00e9rences de Mme Ginette KOLINKA","datePublished":"2021-10-21T15:56:38+00:00","dateModified":"2021-10-22T08:08:19+00:00","mainEntityOfPage":{"@id":"https:\/\/www.saint-paul-angouleme.fr\/application\/conferences-de-mme-ginette-kolinka\/"},"wordCount":917,"commentCount":0,"publisher":{"@id":"https:\/\/www.saint-paul-angouleme.fr\/application\/#organization"},"image":{"@id":"https:\/\/www.saint-paul-angouleme.fr\/application\/conferences-de-mme-ginette-kolinka\/#primaryimage"},"thumbnailUrl":"https:\/\/www.saint-paul-angouleme.fr\/application\/wp-content\/uploads\/2021\/10\/20211019_150700-1024x576.jpg","articleSection":["P\u00e9dagogie"],"inLanguage":"fr-FR","potentialAction":[{"@type":"CommentAction","name":"Comment","target":["https:\/\/www.saint-paul-angouleme.fr\/application\/conferences-de-mme-ginette-kolinka\/#respond"]}]},{"@type":"WebPage","@id":"https:\/\/www.saint-paul-angouleme.fr\/application\/conferences-de-mme-ginette-kolinka\/","url":"https:\/\/www.saint-paul-angouleme.fr\/application\/conferences-de-mme-ginette-kolinka\/","name":"Conf\u00e9rences de Mme Ginette KOLINKA - Actualit\u00e9s","isPartOf":{"@id":"https:\/\/www.saint-paul-angouleme.fr\/application\/#website"},"primaryImageOfPage":{"@id":"https:\/\/www.saint-paul-angouleme.fr\/application\/conferences-de-mme-ginette-kolinka\/#primaryimage"},"image":{"@id":"https:\/\/www.saint-paul-angouleme.fr\/application\/conferences-de-mme-ginette-kolinka\/#primaryimage"},"thumbnailUrl":"https:\/\/www.saint-paul-angouleme.fr\/application\/wp-content\/uploads\/2021\/10\/20211019_150700-1024x576.jpg","datePublished":"2021-10-21T15:56:38+00:00","dateModified":"2021-10-22T08:08:19+00:00","description":"Mme Ginette KOLINKA, rescap\u00e9e de la d\u00e9portation, est venue t\u00e9moigner de l'horreur nazie et demander aux lyc\u00e9ens d'\u00eatre des passeurs de m\u00e9moire.","breadcrumb":{"@id":"https:\/\/www.saint-paul-angouleme.fr\/application\/conferences-de-mme-ginette-kolinka\/#breadcrumb"},"inLanguage":"fr-FR","potentialAction":[{"@type":"ReadAction","target":["https:\/\/www.saint-paul-angouleme.fr\/application\/conferences-de-mme-ginette-kolinka\/"]}]},{"@type":"ImageObject","inLanguage":"fr-FR","@id":"https:\/\/www.saint-paul-angouleme.fr\/application\/conferences-de-mme-ginette-kolinka\/#primaryimage","url":"https:\/\/www.saint-paul-angouleme.fr\/application\/wp-content\/uploads\/2021\/10\/20211019_150700.jpg","contentUrl":"https:\/\/www.saint-paul-angouleme.fr\/application\/wp-content\/uploads\/2021\/10\/20211019_150700.jpg","width":4032,"height":2268},{"@type":"BreadcrumbList","@id":"https:\/\/www.saint-paul-angouleme.fr\/application\/conferences-de-mme-ginette-kolinka\/#breadcrumb","itemListElement":[{"@type":"ListItem","position":1,"name":"Accueil","item":"http:\/\/www.saint-paul-angouleme.fr\/application\/"},{"@type":"ListItem","position":2,"name":"Conf\u00e9rences de Mme Ginette KOLINKA"}]},{"@type":"WebSite","@id":"https:\/\/www.saint-paul-angouleme.fr\/application\/#website","url":"https:\/\/www.saint-paul-angouleme.fr\/application\/","name":"Actualit\u00e9s","description":"Actualit\u00e9s Saint Paul","publisher":{"@id":"https:\/\/www.saint-paul-angouleme.fr\/application\/#organization"},"potentialAction":[{"@type":"SearchAction","target":{"@type":"EntryPoint","urlTemplate":"https:\/\/www.saint-paul-angouleme.fr\/application\/?s={search_term_string}"},"query-input":"required name=search_term_string"}],"inLanguage":"fr-FR"},{"@type":"Organization","@id":"https:\/\/www.saint-paul-angouleme.fr\/application\/#organization","name":"Ensemble scolaire Saint-Paul","url":"https:\/\/www.saint-paul-angouleme.fr\/application\/","logo":{"@type":"ImageObject","inLanguage":"fr-FR","@id":"https:\/\/www.saint-paul-angouleme.fr\/application\/#\/schema\/logo\/image\/","url":"https:\/\/www.saint-paul-angouleme.fr\/application\/wp-content\/uploads\/2018\/08\/logo-saint-paul-couleurs.jpg","contentUrl":"https:\/\/www.saint-paul-angouleme.fr\/application\/wp-content\/uploads\/2018\/08\/logo-saint-paul-couleurs.jpg","width":1890,"height":709,"caption":"Ensemble scolaire Saint-Paul"},"image":{"@id":"https:\/\/www.saint-paul-angouleme.fr\/application\/#\/schema\/logo\/image\/"},"sameAs":["https:\/\/www.facebook.com\/SaintPaulAngouleme16\/","https:\/\/x.com\/StPaulAngoulem","https:\/\/www.youtube.com\/channel\/UCRLpz1CmPVqc0gn--YyXvjA?view_as=subscriber"]},{"@type":"Person","@id":"https:\/\/www.saint-paul-angouleme.fr\/application\/#\/schema\/person\/ea152930b1a3823659065827b1a5fb9b","name":"SAINT-PAUL","image":{"@type":"ImageObject","inLanguage":"fr-FR","@id":"https:\/\/www.saint-paul-angouleme.fr\/application\/#\/schema\/person\/image\/","url":"https:\/\/secure.gravatar.com\/avatar\/eadb0ffebc02683a61d69038eb2924f0?s=96&r=g","contentUrl":"https:\/\/secure.gravatar.com\/avatar\/eadb0ffebc02683a61d69038eb2924f0?s=96&r=g","caption":"SAINT-PAUL"},"url":"https:\/\/www.saint-paul-angouleme.fr\/application\/author\/myriam\/"}]}},"_links":{"self":[{"href":"https:\/\/www.saint-paul-angouleme.fr\/application\/wp-json\/wp\/v2\/posts\/5820"}],"collection":[{"href":"https:\/\/www.saint-paul-angouleme.fr\/application\/wp-json\/wp\/v2\/posts"}],"about":[{"href":"https:\/\/www.saint-paul-angouleme.fr\/application\/wp-json\/wp\/v2\/types\/post"}],"author":[{"embeddable":true,"href":"https:\/\/www.saint-paul-angouleme.fr\/application\/wp-json\/wp\/v2\/users\/3"}],"replies":[{"embeddable":true,"href":"https:\/\/www.saint-paul-angouleme.fr\/application\/wp-json\/wp\/v2\/comments?post=5820"}],"version-history":[{"count":16,"href":"https:\/\/www.saint-paul-angouleme.fr\/application\/wp-json\/wp\/v2\/posts\/5820\/revisions"}],"predecessor-version":[{"id":5873,"href":"https:\/\/www.saint-paul-angouleme.fr\/application\/wp-json\/wp\/v2\/posts\/5820\/revisions\/5873"}],"wp:attachment":[{"href":"https:\/\/www.saint-paul-angouleme.fr\/application\/wp-json\/wp\/v2\/media?parent=5820"}],"wp:term":[{"taxonomy":"category","embeddable":true,"href":"https:\/\/www.saint-paul-angouleme.fr\/application\/wp-json\/wp\/v2\/categories?post=5820"},{"taxonomy":"post_tag","embeddable":true,"href":"https:\/\/www.saint-paul-angouleme.fr\/application\/wp-json\/wp\/v2\/tags?post=5820"}],"curies":[{"name":"wp","href":"https:\/\/api.w.org\/{rel}","templated":true}]}}