{"id":5819,"date":"2021-10-21T11:37:02","date_gmt":"2021-10-21T09:37:02","guid":{"rendered":"https:\/\/www.saint-paul-angouleme.fr\/application\/?p=5798"},"modified":"2021-10-21T11:37:02","modified_gmt":"2021-10-21T09:37:02","slug":"back-on-days-dintegration-of-seconds","status":"publish","type":"post","link":"https:\/\/www.saint-paul-angouleme.fr\/application\/en\/back-on-days-dintegration-of-seconds\/","title":{"rendered":"A look back at the integration days of the &quot;Seconds&quot;"},"content":{"rendered":"\n<figure class=\"wp-block-image\"><img loading=\"lazy\" decoding=\"async\" width=\"1024\" height=\"683\" src=\"https:\/\/www.saint-paul-angouleme.fr\/application\/wp-content\/uploads\/2021\/10\/IMG-3507-1024x683.jpg\" alt=\"Javelin\" class=\"wp-image-5799\" srcset=\"https:\/\/www.saint-paul-angouleme.fr\/application\/wp-content\/uploads\/2021\/10\/IMG-3507-1024x683.jpg 1024w, https:\/\/www.saint-paul-angouleme.fr\/application\/wp-content\/uploads\/2021\/10\/IMG-3507-300x200.jpg 300w, https:\/\/www.saint-paul-angouleme.fr\/application\/wp-content\/uploads\/2021\/10\/IMG-3507-768x512.jpg 768w\" sizes=\"(max-width: 1024px) 100vw, 1024px\" \/><\/figure>\n\n\n\n<p class=\"justification_texte { text-align: justify;}\">At the end of September and beginning of October 2021, our students in the second grade, like <a href=\"https:\/\/www.saint-paul-angouleme.fr\/application\/integration-6eme-2021-sous-le-soleil-de-charente\/\" target=\"_blank\" rel=\"noreferrer noopener\" aria-label=\"nos sixi\u00e8mes (s\u2019ouvre dans un nouvel onglet)\">our sixth grades,<\/a>were able to live, this year, a time of integration. Covid obliges, this was not possible last year; this year it will be a single day, in Charente. It is therefore in La Couronne that this happens, on the site of the Moulin de l&#39;Abbaye with the<a rel=\"noreferrer noopener\" aria-label=\"Team Spirit Academy (s\u2019ouvre dans un nouvel onglet)\" href=\"https:\/\/www.teamspiritacademy.fr\/\" target=\"_blank\">&quot;Team Spirit Academy&quot;.<\/a><\/p>\n\n\n\n<figure class=\"wp-block-image\"><img loading=\"lazy\" decoding=\"async\" width=\"1024\" height=\"683\" src=\"https:\/\/www.saint-paul-angouleme.fr\/application\/wp-content\/uploads\/2021\/10\/IMG-3479-1024x683.jpg\" alt=\"Ball Throwing\" class=\"wp-image-5802\" srcset=\"https:\/\/www.saint-paul-angouleme.fr\/application\/wp-content\/uploads\/2021\/10\/IMG-3479-1024x683.jpg 1024w, https:\/\/www.saint-paul-angouleme.fr\/application\/wp-content\/uploads\/2021\/10\/IMG-3479-300x200.jpg 300w, https:\/\/www.saint-paul-angouleme.fr\/application\/wp-content\/uploads\/2021\/10\/IMG-3479-768x512.jpg 768w\" sizes=\"(max-width: 1024px) 100vw, 1024px\" \/><\/figure>\n\n\n\n<p class=\"justification_texte { text-align: justify;}\">On September 28 and 30, 2021 and October 1, six classes of Second participated in these days (2 classes per day). On the program: throwing balls and javelins, relay tires and buckets of water, target shooting, orientation, catching studs with blackout glasses&#8230; So many activities that aim to promote team cohesion. But let&#39;s give the floor to a few students:<\/p>\n\n\n\n<h4 class=\"wp-block-heading\">A few words from the 205&#8230;<\/h4>\n\n\n\n<blockquote style=\"text-align:left\" class=\"wp-block-quote justification_texte { text-align: justify;} is-layout-flow wp-block-quote-is-layout-flow\"><p>We thank the mill of the abbey for their welcome during our day of integration as high school students. Due to the coronavirus pandemic, integration trips were cancelled. The mill of the abbey has therefore warmly opened its doors to us so that we can maintain a school trip. <br> This day was fun with all kinds of games more or less complicated but which required above all a certain teamwork. It is these games that will have made it possible to create links. <\/p><p><br> In the morning there was an orienteering race on the program that was done in teams of five. The goal was to get his team to earn the most points to win the games. The games were played by class, one class faced another. <br> In the afternoon, it was necessary to combine strength, agility and teamwork. There were several events such as a relay race with different levels of difficulty, ball throwing games, javelin games, water games with the relay with buckets of water and the relay with a tube that had to be filled with water. <\/p><p><br> The day ended with a precision game with target shooting. <br> This day was a lot of fun but above all it allowed us to create links between classmates. We thank them for their welcome and we hope that the joy was shared within the whole team that received us. <\/p><cite>Class of 205<\/cite><\/blockquote>\n\n\n\n<figure class=\"wp-block-image\"><img loading=\"lazy\" decoding=\"async\" width=\"1024\" height=\"768\" src=\"https:\/\/www.saint-paul-angouleme.fr\/application\/wp-content\/uploads\/2021\/10\/2021-10-01-11-56-21.-1024x768.jpg\" alt=\"Artistic lightness\" class=\"wp-image-5808\" srcset=\"https:\/\/www.saint-paul-angouleme.fr\/application\/wp-content\/uploads\/2021\/10\/2021-10-01-11-56-21.-1024x768.jpg 1024w, https:\/\/www.saint-paul-angouleme.fr\/application\/wp-content\/uploads\/2021\/10\/2021-10-01-11-56-21.-300x225.jpg 300w, https:\/\/www.saint-paul-angouleme.fr\/application\/wp-content\/uploads\/2021\/10\/2021-10-01-11-56-21.-768x576.jpg 768w, https:\/\/www.saint-paul-angouleme.fr\/application\/wp-content\/uploads\/2021\/10\/2021-10-01-11-56-21..jpg 2000w\" sizes=\"(max-width: 1024px) 100vw, 1024px\" \/><\/figure>\n\n\n\n<p class=\"justification_texte { text-align: justify;}\">Here is\nin a cloud of words made by the students of 206 to define in one word their\nintegration day of October 1st at the Moulin de l&#39;Abbaye in La\nCrown:<\/p>\n\n\n\n<figure class=\"wp-block-image\"><img loading=\"lazy\" decoding=\"async\" width=\"1024\" height=\"195\" src=\"https:\/\/www.saint-paul-angouleme.fr\/application\/wp-content\/uploads\/2021\/10\/1-1024x195.png\" alt=\"\" class=\"wp-image-5806\" srcset=\"https:\/\/www.saint-paul-angouleme.fr\/application\/wp-content\/uploads\/2021\/10\/1-1024x195.png 1024w, https:\/\/www.saint-paul-angouleme.fr\/application\/wp-content\/uploads\/2021\/10\/1-300x57.png 300w, https:\/\/www.saint-paul-angouleme.fr\/application\/wp-content\/uploads\/2021\/10\/1-768x146.png 768w, https:\/\/www.saint-paul-angouleme.fr\/application\/wp-content\/uploads\/2021\/10\/1.png 1347w\" sizes=\"(max-width: 1024px) 100vw, 1024px\" \/><\/figure>\n\n\n\n<h4 class=\"wp-block-heading\">\u2026 And of the 206:<\/h4>\n\n\n\n<blockquote class=\"wp-block-quote justification_texte { text-align: justify;} is-layout-flow wp-block-quote-is-layout-flow\"><p>A pleasant day where several talents revealed themselves, slightly pushed into their entrenchment at the beginning of the orienteering race, they knew how to bond and gain confidence little by little to be able to exchange and build all together the answers to the game! <br>The afternoon was punctuated by bursts of laughter on all the more or less sporting and strategic events.<br>Funny moments to keep in mind!<\/p><cite>Class of 206<\/cite><\/blockquote>\n\n\n\n<iframe loading=\"lazy\" src=\"https:\/\/spark.adobe.com\/video\/vVU0LrPxZeVf7\/embed\" width=\"960\" height=\"540\" frameborder=\"0\" allowfullscreen><\/iframe>\n","protected":false},"excerpt":{"rendered":"<p>At the end of September and beginning of October 2021, our students in the second grade, like our sixth grades,were able to live, this year, a time of integration. Covid obliges, this was not possible last year; this year it will be a single day, in Charente. It is therefore in La Couronne that this &#8230; <a title=\"A look back at the integration days of the &quot;Seconds&quot;\" class=\"read-more\" href=\"https:\/\/www.saint-paul-angouleme.fr\/application\/en\/back-on-days-dintegration-of-seconds\/\" aria-label=\"Read more about A look back at the integration days of the &quot;Seconds&quot;\">Lire la suite<\/a><\/p>\n","protected":false},"author":3,"featured_media":0,"comment_status":"open","ping_status":"open","sticky":false,"template":"","format":"standard","meta":{"_exactmetrics_skip_tracking":false,"_exactmetrics_sitenote_active":false,"_exactmetrics_sitenote_note":"","_exactmetrics_sitenote_category":0,"footnotes":""},"categories":[507],"tags":[],"class_list":["post-5819","post","type-post","status-publish","format-standard","hentry","category-pedagogy"],"yoast_head":"<!-- This site is optimized with the Yoast SEO plugin v23.3 - https:\/\/yoast.com\/wordpress\/plugins\/seo\/ -->\n<title>A look back at the integration days of the &quot;Seconds&quot; - Actualit\u00e9s<\/title>\n<meta name=\"robots\" content=\"index, follow, max-snippet:-1, max-image-preview:large, max-video-preview:-1\" \/>\n<link rel=\"canonical\" href=\"https:\/\/www.saint-paul-angouleme.fr\/application\/en\/back-on-days-dintegration-of-seconds\/\" \/>\n<meta property=\"og:locale\" content=\"fr_FR\" \/>\n<meta property=\"og:type\" content=\"article\" \/>\n<meta property=\"og:title\" content=\"A look back at the integration days of the &quot;Seconds&quot; - Actualit\u00e9s\" \/>\n<meta property=\"og:description\" content=\"At the end of September and beginning of October 2021, our students in the second grade, like our sixth grades,were able to live, this year, a time of integration. Covid obliges, this was not possible last year; this year it will be a single day, in Charente. It is therefore in La Couronne that this ... Lire la suite\" \/>\n<meta property=\"og:url\" content=\"https:\/\/www.saint-paul-angouleme.fr\/application\/en\/back-on-days-dintegration-of-seconds\/\" \/>\n<meta property=\"og:site_name\" content=\"Actualit\u00e9s\" \/>\n<meta property=\"article:publisher\" content=\"https:\/\/www.facebook.com\/SaintPaulAngouleme16\/\" \/>\n<meta property=\"article:published_time\" content=\"2021-10-21T09:37:02+00:00\" \/>\n<meta property=\"og:image\" content=\"https:\/\/www.saint-paul-angouleme.fr\/application\/wp-content\/uploads\/2021\/10\/IMG-3507-1024x683.jpg\" \/>\n<meta name=\"author\" content=\"SAINT-PAUL\" \/>\n<meta name=\"twitter:card\" content=\"summary_large_image\" \/>\n<meta name=\"twitter:creator\" content=\"@StPaulAngoulem\" \/>\n<meta name=\"twitter:site\" content=\"@StPaulAngoulem\" \/>\n<meta name=\"twitter:label1\" content=\"\u00c9crit par\" \/>\n\t<meta name=\"twitter:data1\" content=\"SAINT-PAUL\" \/>\n\t<meta name=\"twitter:label2\" content=\"Dur\u00e9e de lecture estim\u00e9e\" \/>\n\t<meta name=\"twitter:data2\" content=\"2 minutes\" \/>\n<script type=\"application\/ld+json\" class=\"yoast-schema-graph\">{\"@context\":\"https:\/\/schema.org\",\"@graph\":[{\"@type\":\"Article\",\"@id\":\"https:\/\/www.saint-paul-angouleme.fr\/application\/en\/back-on-days-dintegration-of-seconds\/#article\",\"isPartOf\":{\"@id\":\"https:\/\/www.saint-paul-angouleme.fr\/application\/en\/back-on-days-dintegration-of-seconds\/\"},\"author\":{\"name\":\"SAINT-PAUL\",\"@id\":\"https:\/\/www.saint-paul-angouleme.fr\/application\/#\/schema\/person\/ea152930b1a3823659065827b1a5fb9b\"},\"headline\":\"A look back at the integration days of the &quot;Seconds&quot;\",\"datePublished\":\"2021-10-21T09:37:02+00:00\",\"dateModified\":\"2021-10-21T09:37:02+00:00\",\"mainEntityOfPage\":{\"@id\":\"https:\/\/www.saint-paul-angouleme.fr\/application\/en\/back-on-days-dintegration-of-seconds\/\"},\"wordCount\":482,\"commentCount\":0,\"publisher\":{\"@id\":\"https:\/\/www.saint-paul-angouleme.fr\/application\/#organization\"},\"image\":{\"@id\":\"https:\/\/www.saint-paul-angouleme.fr\/application\/en\/back-on-days-dintegration-of-seconds\/#primaryimage\"},\"thumbnailUrl\":\"https:\/\/www.saint-paul-angouleme.fr\/application\/wp-content\/uploads\/2021\/10\/IMG-3507-1024x683.jpg\",\"articleSection\":[\"Pedagogy\"],\"inLanguage\":\"fr-FR\",\"potentialAction\":[{\"@type\":\"CommentAction\",\"name\":\"Comment\",\"target\":[\"https:\/\/www.saint-paul-angouleme.fr\/application\/en\/back-on-days-dintegration-of-seconds\/#respond\"]}]},{\"@type\":\"WebPage\",\"@id\":\"https:\/\/www.saint-paul-angouleme.fr\/application\/en\/back-on-days-dintegration-of-seconds\/\",\"url\":\"https:\/\/www.saint-paul-angouleme.fr\/application\/en\/back-on-days-dintegration-of-seconds\/\",\"name\":\"A look back at the integration days of the &quot;Seconds&quot; - Actualit\u00e9s\",\"isPartOf\":{\"@id\":\"https:\/\/www.saint-paul-angouleme.fr\/application\/#website\"},\"primaryImageOfPage\":{\"@id\":\"https:\/\/www.saint-paul-angouleme.fr\/application\/en\/back-on-days-dintegration-of-seconds\/#primaryimage\"},\"image\":{\"@id\":\"https:\/\/www.saint-paul-angouleme.fr\/application\/en\/back-on-days-dintegration-of-seconds\/#primaryimage\"},\"thumbnailUrl\":\"https:\/\/www.saint-paul-angouleme.fr\/application\/wp-content\/uploads\/2021\/10\/IMG-3507-1024x683.jpg\",\"datePublished\":\"2021-10-21T09:37:02+00:00\",\"dateModified\":\"2021-10-21T09:37:02+00:00\",\"breadcrumb\":{\"@id\":\"https:\/\/www.saint-paul-angouleme.fr\/application\/en\/back-on-days-dintegration-of-seconds\/#breadcrumb\"},\"inLanguage\":\"fr-FR\",\"potentialAction\":[{\"@type\":\"ReadAction\",\"target\":[\"https:\/\/www.saint-paul-angouleme.fr\/application\/en\/back-on-days-dintegration-of-seconds\/\"]}]},{\"@type\":\"ImageObject\",\"inLanguage\":\"fr-FR\",\"@id\":\"https:\/\/www.saint-paul-angouleme.fr\/application\/en\/back-on-days-dintegration-of-seconds\/#primaryimage\",\"url\":\"https:\/\/www.saint-paul-angouleme.fr\/application\/wp-content\/uploads\/2021\/10\/IMG-3507.jpg\",\"contentUrl\":\"https:\/\/www.saint-paul-angouleme.fr\/application\/wp-content\/uploads\/2021\/10\/IMG-3507.jpg\",\"width\":4272,\"height\":2848},{\"@type\":\"BreadcrumbList\",\"@id\":\"https:\/\/www.saint-paul-angouleme.fr\/application\/en\/back-on-days-dintegration-of-seconds\/#breadcrumb\",\"itemListElement\":[{\"@type\":\"ListItem\",\"position\":1,\"name\":\"Accueil\",\"item\":\"http:\/\/www.saint-paul-angouleme.fr\/application\/\"},{\"@type\":\"ListItem\",\"position\":2,\"name\":\"A look back at the integration days of the &quot;Seconds&quot;\"}]},{\"@type\":\"WebSite\",\"@id\":\"https:\/\/www.saint-paul-angouleme.fr\/application\/#website\",\"url\":\"https:\/\/www.saint-paul-angouleme.fr\/application\/\",\"name\":\"Actualit\u00e9s\",\"description\":\"Actualit\u00e9s Saint Paul\",\"publisher\":{\"@id\":\"https:\/\/www.saint-paul-angouleme.fr\/application\/#organization\"},\"potentialAction\":[{\"@type\":\"SearchAction\",\"target\":{\"@type\":\"EntryPoint\",\"urlTemplate\":\"https:\/\/www.saint-paul-angouleme.fr\/application\/?s={search_term_string}\"},\"query-input\":\"required name=search_term_string\"}],\"inLanguage\":\"fr-FR\"},{\"@type\":\"Organization\",\"@id\":\"https:\/\/www.saint-paul-angouleme.fr\/application\/#organization\",\"name\":\"Ensemble scolaire Saint-Paul\",\"url\":\"https:\/\/www.saint-paul-angouleme.fr\/application\/\",\"logo\":{\"@type\":\"ImageObject\",\"inLanguage\":\"fr-FR\",\"@id\":\"https:\/\/www.saint-paul-angouleme.fr\/application\/#\/schema\/logo\/image\/\",\"url\":\"https:\/\/www.saint-paul-angouleme.fr\/application\/wp-content\/uploads\/2018\/08\/logo-saint-paul-couleurs.jpg\",\"contentUrl\":\"https:\/\/www.saint-paul-angouleme.fr\/application\/wp-content\/uploads\/2018\/08\/logo-saint-paul-couleurs.jpg\",\"width\":1890,\"height\":709,\"caption\":\"Ensemble scolaire Saint-Paul\"},\"image\":{\"@id\":\"https:\/\/www.saint-paul-angouleme.fr\/application\/#\/schema\/logo\/image\/\"},\"sameAs\":[\"https:\/\/www.facebook.com\/SaintPaulAngouleme16\/\",\"https:\/\/x.com\/StPaulAngoulem\",\"https:\/\/www.youtube.com\/channel\/UCRLpz1CmPVqc0gn--YyXvjA?view_as=subscriber\"]},{\"@type\":\"Person\",\"@id\":\"https:\/\/www.saint-paul-angouleme.fr\/application\/#\/schema\/person\/ea152930b1a3823659065827b1a5fb9b\",\"name\":\"SAINT-PAUL\",\"image\":{\"@type\":\"ImageObject\",\"inLanguage\":\"fr-FR\",\"@id\":\"https:\/\/www.saint-paul-angouleme.fr\/application\/#\/schema\/person\/image\/\",\"url\":\"https:\/\/secure.gravatar.com\/avatar\/eadb0ffebc02683a61d69038eb2924f0?s=96&r=g\",\"contentUrl\":\"https:\/\/secure.gravatar.com\/avatar\/eadb0ffebc02683a61d69038eb2924f0?s=96&r=g\",\"caption\":\"SAINT-PAUL\"},\"url\":\"https:\/\/www.saint-paul-angouleme.fr\/application\/author\/myriam\/\"}]}<\/script>\n<!-- \/ Yoast SEO plugin. -->","yoast_head_json":{"title":"A look back at the integration days of the &quot;Seconds&quot; - Actualit\u00e9s","robots":{"index":"index","follow":"follow","max-snippet":"max-snippet:-1","max-image-preview":"max-image-preview:large","max-video-preview":"max-video-preview:-1"},"canonical":"https:\/\/www.saint-paul-angouleme.fr\/application\/en\/back-on-days-dintegration-of-seconds\/","og_locale":"fr_FR","og_type":"article","og_title":"A look back at the integration days of the &quot;Seconds&quot; - Actualit\u00e9s","og_description":"At the end of September and beginning of October 2021, our students in the second grade, like our sixth grades,were able to live, this year, a time of integration. Covid obliges, this was not possible last year; this year it will be a single day, in Charente. It is therefore in La Couronne that this ... Lire la suite","og_url":"https:\/\/www.saint-paul-angouleme.fr\/application\/en\/back-on-days-dintegration-of-seconds\/","og_site_name":"Actualit\u00e9s","article_publisher":"https:\/\/www.facebook.com\/SaintPaulAngouleme16\/","article_published_time":"2021-10-21T09:37:02+00:00","og_image":[{"url":"https:\/\/www.saint-paul-angouleme.fr\/application\/wp-content\/uploads\/2021\/10\/IMG-3507-1024x683.jpg"}],"author":"SAINT-PAUL","twitter_card":"summary_large_image","twitter_creator":"@StPaulAngoulem","twitter_site":"@StPaulAngoulem","twitter_misc":{"\u00c9crit par":"SAINT-PAUL","Dur\u00e9e de lecture estim\u00e9e":"2 minutes"},"schema":{"@context":"https:\/\/schema.org","@graph":[{"@type":"Article","@id":"https:\/\/www.saint-paul-angouleme.fr\/application\/en\/back-on-days-dintegration-of-seconds\/#article","isPartOf":{"@id":"https:\/\/www.saint-paul-angouleme.fr\/application\/en\/back-on-days-dintegration-of-seconds\/"},"author":{"name":"SAINT-PAUL","@id":"https:\/\/www.saint-paul-angouleme.fr\/application\/#\/schema\/person\/ea152930b1a3823659065827b1a5fb9b"},"headline":"A look back at the integration days of the &quot;Seconds&quot;","datePublished":"2021-10-21T09:37:02+00:00","dateModified":"2021-10-21T09:37:02+00:00","mainEntityOfPage":{"@id":"https:\/\/www.saint-paul-angouleme.fr\/application\/en\/back-on-days-dintegration-of-seconds\/"},"wordCount":482,"commentCount":0,"publisher":{"@id":"https:\/\/www.saint-paul-angouleme.fr\/application\/#organization"},"image":{"@id":"https:\/\/www.saint-paul-angouleme.fr\/application\/en\/back-on-days-dintegration-of-seconds\/#primaryimage"},"thumbnailUrl":"https:\/\/www.saint-paul-angouleme.fr\/application\/wp-content\/uploads\/2021\/10\/IMG-3507-1024x683.jpg","articleSection":["Pedagogy"],"inLanguage":"fr-FR","potentialAction":[{"@type":"CommentAction","name":"Comment","target":["https:\/\/www.saint-paul-angouleme.fr\/application\/en\/back-on-days-dintegration-of-seconds\/#respond"]}]},{"@type":"WebPage","@id":"https:\/\/www.saint-paul-angouleme.fr\/application\/en\/back-on-days-dintegration-of-seconds\/","url":"https:\/\/www.saint-paul-angouleme.fr\/application\/en\/back-on-days-dintegration-of-seconds\/","name":"A look back at the integration days of the &quot;Seconds&quot; - Actualit\u00e9s","isPartOf":{"@id":"https:\/\/www.saint-paul-angouleme.fr\/application\/#website"},"primaryImageOfPage":{"@id":"https:\/\/www.saint-paul-angouleme.fr\/application\/en\/back-on-days-dintegration-of-seconds\/#primaryimage"},"image":{"@id":"https:\/\/www.saint-paul-angouleme.fr\/application\/en\/back-on-days-dintegration-of-seconds\/#primaryimage"},"thumbnailUrl":"https:\/\/www.saint-paul-angouleme.fr\/application\/wp-content\/uploads\/2021\/10\/IMG-3507-1024x683.jpg","datePublished":"2021-10-21T09:37:02+00:00","dateModified":"2021-10-21T09:37:02+00:00","breadcrumb":{"@id":"https:\/\/www.saint-paul-angouleme.fr\/application\/en\/back-on-days-dintegration-of-seconds\/#breadcrumb"},"inLanguage":"fr-FR","potentialAction":[{"@type":"ReadAction","target":["https:\/\/www.saint-paul-angouleme.fr\/application\/en\/back-on-days-dintegration-of-seconds\/"]}]},{"@type":"ImageObject","inLanguage":"fr-FR","@id":"https:\/\/www.saint-paul-angouleme.fr\/application\/en\/back-on-days-dintegration-of-seconds\/#primaryimage","url":"https:\/\/www.saint-paul-angouleme.fr\/application\/wp-content\/uploads\/2021\/10\/IMG-3507.jpg","contentUrl":"https:\/\/www.saint-paul-angouleme.fr\/application\/wp-content\/uploads\/2021\/10\/IMG-3507.jpg","width":4272,"height":2848},{"@type":"BreadcrumbList","@id":"https:\/\/www.saint-paul-angouleme.fr\/application\/en\/back-on-days-dintegration-of-seconds\/#breadcrumb","itemListElement":[{"@type":"ListItem","position":1,"name":"Accueil","item":"http:\/\/www.saint-paul-angouleme.fr\/application\/"},{"@type":"ListItem","position":2,"name":"A look back at the integration days of the &quot;Seconds&quot;"}]},{"@type":"WebSite","@id":"https:\/\/www.saint-paul-angouleme.fr\/application\/#website","url":"https:\/\/www.saint-paul-angouleme.fr\/application\/","name":"Actualit\u00e9s","description":"Actualit\u00e9s Saint Paul","publisher":{"@id":"https:\/\/www.saint-paul-angouleme.fr\/application\/#organization"},"potentialAction":[{"@type":"SearchAction","target":{"@type":"EntryPoint","urlTemplate":"https:\/\/www.saint-paul-angouleme.fr\/application\/?s={search_term_string}"},"query-input":"required name=search_term_string"}],"inLanguage":"fr-FR"},{"@type":"Organization","@id":"https:\/\/www.saint-paul-angouleme.fr\/application\/#organization","name":"Ensemble scolaire Saint-Paul","url":"https:\/\/www.saint-paul-angouleme.fr\/application\/","logo":{"@type":"ImageObject","inLanguage":"fr-FR","@id":"https:\/\/www.saint-paul-angouleme.fr\/application\/#\/schema\/logo\/image\/","url":"https:\/\/www.saint-paul-angouleme.fr\/application\/wp-content\/uploads\/2018\/08\/logo-saint-paul-couleurs.jpg","contentUrl":"https:\/\/www.saint-paul-angouleme.fr\/application\/wp-content\/uploads\/2018\/08\/logo-saint-paul-couleurs.jpg","width":1890,"height":709,"caption":"Ensemble scolaire Saint-Paul"},"image":{"@id":"https:\/\/www.saint-paul-angouleme.fr\/application\/#\/schema\/logo\/image\/"},"sameAs":["https:\/\/www.facebook.com\/SaintPaulAngouleme16\/","https:\/\/x.com\/StPaulAngoulem","https:\/\/www.youtube.com\/channel\/UCRLpz1CmPVqc0gn--YyXvjA?view_as=subscriber"]},{"@type":"Person","@id":"https:\/\/www.saint-paul-angouleme.fr\/application\/#\/schema\/person\/ea152930b1a3823659065827b1a5fb9b","name":"SAINT-PAUL","image":{"@type":"ImageObject","inLanguage":"fr-FR","@id":"https:\/\/www.saint-paul-angouleme.fr\/application\/#\/schema\/person\/image\/","url":"https:\/\/secure.gravatar.com\/avatar\/eadb0ffebc02683a61d69038eb2924f0?s=96&r=g","contentUrl":"https:\/\/secure.gravatar.com\/avatar\/eadb0ffebc02683a61d69038eb2924f0?s=96&r=g","caption":"SAINT-PAUL"},"url":"https:\/\/www.saint-paul-angouleme.fr\/application\/author\/myriam\/"}]}},"_links":{"self":[{"href":"https:\/\/www.saint-paul-angouleme.fr\/application\/wp-json\/wp\/v2\/posts\/5819"}],"collection":[{"href":"https:\/\/www.saint-paul-angouleme.fr\/application\/wp-json\/wp\/v2\/posts"}],"about":[{"href":"https:\/\/www.saint-paul-angouleme.fr\/application\/wp-json\/wp\/v2\/types\/post"}],"author":[{"embeddable":true,"href":"https:\/\/www.saint-paul-angouleme.fr\/application\/wp-json\/wp\/v2\/users\/3"}],"replies":[{"embeddable":true,"href":"https:\/\/www.saint-paul-angouleme.fr\/application\/wp-json\/wp\/v2\/comments?post=5819"}],"version-history":[{"count":0,"href":"https:\/\/www.saint-paul-angouleme.fr\/application\/wp-json\/wp\/v2\/posts\/5819\/revisions"}],"wp:attachment":[{"href":"https:\/\/www.saint-paul-angouleme.fr\/application\/wp-json\/wp\/v2\/media?parent=5819"}],"wp:term":[{"taxonomy":"category","embeddable":true,"href":"https:\/\/www.saint-paul-angouleme.fr\/application\/wp-json\/wp\/v2\/categories?post=5819"},{"taxonomy":"post_tag","embeddable":true,"href":"https:\/\/www.saint-paul-angouleme.fr\/application\/wp-json\/wp\/v2\/tags?post=5819"}],"curies":[{"name":"wp","href":"https:\/\/api.w.org\/{rel}","templated":true}]}}