{"id":5798,"date":"2021-10-21T11:37:02","date_gmt":"2021-10-21T09:37:02","guid":{"rendered":"https:\/\/www.saint-paul-angouleme.fr\/application\/?p=5798"},"modified":"2021-10-21T11:37:04","modified_gmt":"2021-10-21T09:37:04","slug":"retour-sur-les-journees-dintegration-des-secondes","status":"publish","type":"post","link":"https:\/\/www.saint-paul-angouleme.fr\/application\/retour-sur-les-journees-dintegration-des-secondes\/","title":{"rendered":"Retour sur les journ\u00e9es d&#8217;int\u00e9gration des &#8220;Secondes&#8221;"},"content":{"rendered":"\n<figure class=\"wp-block-image\"><img loading=\"lazy\" decoding=\"async\" width=\"1024\" height=\"683\" src=\"https:\/\/www.saint-paul-angouleme.fr\/application\/wp-content\/uploads\/2021\/10\/IMG-3507-1024x683.jpg\" alt=\"Javelot\" class=\"wp-image-5799\" srcset=\"https:\/\/www.saint-paul-angouleme.fr\/application\/wp-content\/uploads\/2021\/10\/IMG-3507-1024x683.jpg 1024w, https:\/\/www.saint-paul-angouleme.fr\/application\/wp-content\/uploads\/2021\/10\/IMG-3507-300x200.jpg 300w, https:\/\/www.saint-paul-angouleme.fr\/application\/wp-content\/uploads\/2021\/10\/IMG-3507-768x512.jpg 768w\" sizes=\"(max-width: 1024px) 100vw, 1024px\" \/><\/figure>\n\n\n\n<p class=\"justification_texte { text-align: justify;}\">Fin septembre et d\u00e9but octobre 2021 nos \u00e9l\u00e8ves en classe de seconde, comme <a href=\"https:\/\/www.saint-paul-angouleme.fr\/application\/integration-6eme-2021-sous-le-soleil-de-charente\/\" target=\"_blank\" rel=\"noreferrer noopener\" aria-label=\"nos sixi\u00e8mes (s\u2019ouvre dans un nouvel onglet)\">nos sixi\u00e8mes<\/a>, ont pu vivre, cette ann\u00e9e, un temps d&#8217;int\u00e9gration. Covid oblige, cela n&#8217;a pas \u00e9t\u00e9 possible l&#8217;an dernier ; cette ann\u00e9e ce sera une seule journ\u00e9e, en Charente. C&#8217;est donc \u00e0 La Couronne que cela se passe, sur le site du Moulin de l&#8217;Abbaye avec la &#8220;<a rel=\"noreferrer noopener\" aria-label=\"Team Spirit Academy (s\u2019ouvre dans un nouvel onglet)\" href=\"https:\/\/www.teamspiritacademy.fr\/\" target=\"_blank\">Team Spirit Academy<\/a>&#8220;.<\/p>\n\n\n\n<figure class=\"wp-block-image\"><img loading=\"lazy\" decoding=\"async\" width=\"1024\" height=\"683\" src=\"https:\/\/www.saint-paul-angouleme.fr\/application\/wp-content\/uploads\/2021\/10\/IMG-3479-1024x683.jpg\" alt=\"Lancer de Balle\" class=\"wp-image-5802\" srcset=\"https:\/\/www.saint-paul-angouleme.fr\/application\/wp-content\/uploads\/2021\/10\/IMG-3479-1024x683.jpg 1024w, https:\/\/www.saint-paul-angouleme.fr\/application\/wp-content\/uploads\/2021\/10\/IMG-3479-300x200.jpg 300w, https:\/\/www.saint-paul-angouleme.fr\/application\/wp-content\/uploads\/2021\/10\/IMG-3479-768x512.jpg 768w\" sizes=\"(max-width: 1024px) 100vw, 1024px\" \/><\/figure>\n\n\n\n<p class=\"justification_texte { text-align: justify;}\">Les 28 et 30 septembre 2021 ainsi que le 1er octobre, six classes de Seconde ont donc particip\u00e9 \u00e0 ces journ\u00e9es (2 classes par jour). Au programme : lancer de balles et de javelots, relais pneus et seaux d&#8217;eau, tir sur cible, orientation, attraper des plots avec des lunettes occultantes\u2026 Autant d&#8217;activit\u00e9s qui visent \u00e0 favoriser la coh\u00e9sion d&#8217;\u00e9quipe. Mais laissons la parole \u00e0 quelques \u00e9l\u00e8ves :<\/p>\n\n\n\n<h4 class=\"wp-block-heading\">Quelques mots des 205&#8230;<\/h4>\n\n\n\n<blockquote style=\"text-align:left\" class=\"wp-block-quote justification_texte { text-align: justify;} is-layout-flow wp-block-quote-is-layout-flow\"><p>Nous remercions le moulin de l\u2019abbaye pour leur accueil lors de notre journ\u00e9e d\u2019int\u00e9gration en tant que lyc\u00e9ens. A cause de la pand\u00e9mie du coronavirus les voyages d\u2019int\u00e9gration \u00e9taient annul\u00e9s. Le moulin de l\u2019abbaye nous a donc chaleureusement ouvert ses portes afin que nous puissions maintenir une sortie scolaire. <br> Cette journ\u00e9e aura \u00e9t\u00e9 ludique avec toutes sortes de jeux plus ou moins compliqu\u00e9s mais qui demandaient surtout un certain travail d\u2019\u00e9quipe. Ce sont ces jeux qui auront permis de cr\u00e9er des liens. <\/p><p><br> Le matin il y avait au programme une course d\u2019orientation qui se faisait par \u00e9quipe de cinq. Le but \u00e9tait de faire remporter le plus de points \u00e0 son \u00e9quipe pour gagner les jeux. Les jeux se jouaient par classe, une classe en affrontait une autre. <br> L\u2019apr\u00e8s-midi, il fallait allier force, agilit\u00e9 et travail d\u2019\u00e9quipe. Il y avait plusieurs \u00e9preuves comme une course de relais avec des niveaux de difficult\u00e9s diff\u00e9rents, des jeux de lancer de balles, de javelots, des jeux d\u2019eau avec le relais avec des seaux d\u2019eau et le relais avec un tube qu\u2019on devait remplir d\u2019eau. <\/p><p><br> La journ\u00e9e s\u2019est termin\u00e9e sur un jeu de pr\u00e9cisions avec du tir \u00e0 la cible. <br> Cette journ\u00e9e aura \u00e9t\u00e9 tr\u00e8s amusante mais surtout elle nous a permis de cr\u00e9er des liens entre camarades de classe. Nous les remercions pour leur accueil et nous esp\u00e9rons que la joie a \u00e9t\u00e9 partag\u00e9e au sein de toute l\u2019\u00e9quipe qui nous a re\u00e7us. <\/p><cite>Classe de 205<\/cite><\/blockquote>\n\n\n\n<figure class=\"wp-block-image\"><img loading=\"lazy\" decoding=\"async\" width=\"1024\" height=\"768\" src=\"https:\/\/www.saint-paul-angouleme.fr\/application\/wp-content\/uploads\/2021\/10\/2021-10-01-11-56-21.-1024x768.jpg\" alt=\"L\u00e9g\u00e8ret\u00e9 artistique\" class=\"wp-image-5808\" srcset=\"https:\/\/www.saint-paul-angouleme.fr\/application\/wp-content\/uploads\/2021\/10\/2021-10-01-11-56-21.-1024x768.jpg 1024w, https:\/\/www.saint-paul-angouleme.fr\/application\/wp-content\/uploads\/2021\/10\/2021-10-01-11-56-21.-300x225.jpg 300w, https:\/\/www.saint-paul-angouleme.fr\/application\/wp-content\/uploads\/2021\/10\/2021-10-01-11-56-21.-768x576.jpg 768w, https:\/\/www.saint-paul-angouleme.fr\/application\/wp-content\/uploads\/2021\/10\/2021-10-01-11-56-21..jpg 2000w\" sizes=\"(max-width: 1024px) 100vw, 1024px\" \/><\/figure>\n\n\n\n<p class=\"justification_texte { text-align: justify;}\">Voici\nen un nuage de mots r\u00e9alis\u00e9s par les \u00e9l\u00e8ves de 206 pour d\u00e9finir en un mot leur\njourn\u00e9e d&#8217;int\u00e9gration du 1 er octobre dernier au Moulin de l&#8217;Abbaye \u00e0 La\nCouronne :<\/p>\n\n\n\n<figure class=\"wp-block-image\"><img loading=\"lazy\" decoding=\"async\" width=\"1024\" height=\"195\" src=\"https:\/\/www.saint-paul-angouleme.fr\/application\/wp-content\/uploads\/2021\/10\/1-1024x195.png\" alt=\"\" class=\"wp-image-5806\" srcset=\"https:\/\/www.saint-paul-angouleme.fr\/application\/wp-content\/uploads\/2021\/10\/1-1024x195.png 1024w, https:\/\/www.saint-paul-angouleme.fr\/application\/wp-content\/uploads\/2021\/10\/1-300x57.png 300w, https:\/\/www.saint-paul-angouleme.fr\/application\/wp-content\/uploads\/2021\/10\/1-768x146.png 768w, https:\/\/www.saint-paul-angouleme.fr\/application\/wp-content\/uploads\/2021\/10\/1.png 1347w\" sizes=\"(max-width: 1024px) 100vw, 1024px\" \/><\/figure>\n\n\n\n<h4 class=\"wp-block-heading\">\u2026 Et des 206 :<\/h4>\n\n\n\n<blockquote class=\"wp-block-quote justification_texte { text-align: justify;} is-layout-flow wp-block-quote-is-layout-flow\"><p>Une journ\u00e9e agr\u00e9able o\u00f9 plusieurs talents se sont r\u00e9v\u00e9l\u00e9s, l\u00e9g\u00e8rement pouss\u00e9 dans leur retranchement au d\u00e9but de la course d&#8217;orientation, ils ont su se lier et gagner en confiance petit \u00e0 petit pour arriver \u00e0 \u00e9changer et construire tous ensemble les r\u00e9ponses au jeu ! <br>L&#8217;apr\u00e8s midi a \u00e9t\u00e9 rythm\u00e9e par des \u00e9clats de rire sur toutes les \u00e9preuves plus ou moins sportives et strat\u00e9giques.<br>Des moments dr\u00f4les \u00e0 garder en m\u00e9moire !<\/p><cite>Classe de 206<\/cite><\/blockquote>\n\n\n\n<iframe loading=\"lazy\" src=\"https:\/\/spark.adobe.com\/video\/vVU0LrPxZeVf7\/embed\"  width=\"960\" height=\"540\" frameborder=\"0\" allowfullscreen><\/iframe>\n","protected":false},"excerpt":{"rendered":"<p>Fin septembre et d\u00e9but octobre 2021 nos \u00e9l\u00e8ves en classe de seconde, comme nos sixi\u00e8mes, ont pu vivre, cette ann\u00e9e, un temps d&#8217;int\u00e9gration. Covid oblige, cela n&#8217;a pas \u00e9t\u00e9 possible l&#8217;an dernier ; cette ann\u00e9e ce sera une seule journ\u00e9e, en Charente. C&#8217;est donc \u00e0 La Couronne que cela se passe, sur le site du &#8230; <a title=\"Retour sur les journ\u00e9es d&#8217;int\u00e9gration des &#8220;Secondes&#8221;\" class=\"read-more\" href=\"https:\/\/www.saint-paul-angouleme.fr\/application\/retour-sur-les-journees-dintegration-des-secondes\/\" aria-label=\"Read more about Retour sur les journ\u00e9es d&#8217;int\u00e9gration des &#8220;Secondes&#8221;\">Lire la suite<\/a><\/p>\n","protected":false},"author":3,"featured_media":0,"comment_status":"open","ping_status":"open","sticky":false,"template":"","format":"standard","meta":{"_exactmetrics_skip_tracking":false,"_exactmetrics_sitenote_active":false,"_exactmetrics_sitenote_note":"","_exactmetrics_sitenote_category":0,"footnotes":""},"categories":[13],"tags":[],"class_list":["post-5798","post","type-post","status-publish","format-standard","hentry","category-pedagogie"],"yoast_head":"<!-- This site is optimized with the Yoast SEO plugin v23.3 - https:\/\/yoast.com\/wordpress\/plugins\/seo\/ -->\n<title>Retour sur les journ\u00e9es d&#039;int\u00e9gration des &quot;Secondes&quot; - Actualit\u00e9s<\/title>\n<meta name=\"description\" content=\"Apr\u00e8s les \u00e9l\u00e8ves de sixi\u00e8mes nos Secondes ont v\u00e9cu leurs journ\u00e9es d&#039;int\u00e9gration fin septembre &amp; d\u00e9but octobre 2021. Retour d&#039;exp\u00e9rience.\" \/>\n<meta name=\"robots\" content=\"index, follow, max-snippet:-1, max-image-preview:large, max-video-preview:-1\" \/>\n<link rel=\"canonical\" href=\"https:\/\/www.saint-paul-angouleme.fr\/application\/retour-sur-les-journees-dintegration-des-secondes\/\" \/>\n<meta property=\"og:locale\" content=\"fr_FR\" \/>\n<meta property=\"og:type\" content=\"article\" \/>\n<meta property=\"og:title\" content=\"Retour sur les journ\u00e9es d&#039;int\u00e9gration des &quot;Secondes&quot; - Actualit\u00e9s\" \/>\n<meta property=\"og:description\" content=\"Apr\u00e8s les \u00e9l\u00e8ves de sixi\u00e8mes nos Secondes ont v\u00e9cu leurs journ\u00e9es d&#039;int\u00e9gration fin septembre &amp; d\u00e9but octobre 2021. Retour d&#039;exp\u00e9rience.\" \/>\n<meta property=\"og:url\" content=\"https:\/\/www.saint-paul-angouleme.fr\/application\/retour-sur-les-journees-dintegration-des-secondes\/\" \/>\n<meta property=\"og:site_name\" content=\"Actualit\u00e9s\" \/>\n<meta property=\"article:publisher\" content=\"https:\/\/www.facebook.com\/SaintPaulAngouleme16\/\" \/>\n<meta property=\"article:published_time\" content=\"2021-10-21T09:37:02+00:00\" \/>\n<meta property=\"article:modified_time\" content=\"2021-10-21T09:37:04+00:00\" \/>\n<meta property=\"og:image\" content=\"https:\/\/www.saint-paul-angouleme.fr\/application\/wp-content\/uploads\/2021\/10\/IMG-3507-1024x683.jpg\" \/>\n<meta name=\"author\" content=\"SAINT-PAUL\" \/>\n<meta name=\"twitter:card\" content=\"summary_large_image\" \/>\n<meta name=\"twitter:creator\" content=\"@StPaulAngoulem\" \/>\n<meta name=\"twitter:site\" content=\"@StPaulAngoulem\" \/>\n<meta name=\"twitter:label1\" content=\"\u00c9crit par\" \/>\n\t<meta name=\"twitter:data1\" content=\"SAINT-PAUL\" \/>\n\t<meta name=\"twitter:label2\" content=\"Dur\u00e9e de lecture estim\u00e9e\" \/>\n\t<meta name=\"twitter:data2\" content=\"3 minutes\" \/>\n<script type=\"application\/ld+json\" class=\"yoast-schema-graph\">{\"@context\":\"https:\/\/schema.org\",\"@graph\":[{\"@type\":\"Article\",\"@id\":\"https:\/\/www.saint-paul-angouleme.fr\/application\/retour-sur-les-journees-dintegration-des-secondes\/#article\",\"isPartOf\":{\"@id\":\"https:\/\/www.saint-paul-angouleme.fr\/application\/retour-sur-les-journees-dintegration-des-secondes\/\"},\"author\":{\"name\":\"SAINT-PAUL\",\"@id\":\"https:\/\/www.saint-paul-angouleme.fr\/application\/#\/schema\/person\/ea152930b1a3823659065827b1a5fb9b\"},\"headline\":\"Retour sur les journ\u00e9es d&#8217;int\u00e9gration des &#8220;Secondes&#8221;\",\"datePublished\":\"2021-10-21T09:37:02+00:00\",\"dateModified\":\"2021-10-21T09:37:04+00:00\",\"mainEntityOfPage\":{\"@id\":\"https:\/\/www.saint-paul-angouleme.fr\/application\/retour-sur-les-journees-dintegration-des-secondes\/\"},\"wordCount\":550,\"commentCount\":0,\"publisher\":{\"@id\":\"https:\/\/www.saint-paul-angouleme.fr\/application\/#organization\"},\"image\":{\"@id\":\"https:\/\/www.saint-paul-angouleme.fr\/application\/retour-sur-les-journees-dintegration-des-secondes\/#primaryimage\"},\"thumbnailUrl\":\"https:\/\/www.saint-paul-angouleme.fr\/application\/wp-content\/uploads\/2021\/10\/IMG-3507-1024x683.jpg\",\"articleSection\":[\"P\u00e9dagogie\"],\"inLanguage\":\"fr-FR\",\"potentialAction\":[{\"@type\":\"CommentAction\",\"name\":\"Comment\",\"target\":[\"https:\/\/www.saint-paul-angouleme.fr\/application\/retour-sur-les-journees-dintegration-des-secondes\/#respond\"]}]},{\"@type\":\"WebPage\",\"@id\":\"https:\/\/www.saint-paul-angouleme.fr\/application\/retour-sur-les-journees-dintegration-des-secondes\/\",\"url\":\"https:\/\/www.saint-paul-angouleme.fr\/application\/retour-sur-les-journees-dintegration-des-secondes\/\",\"name\":\"Retour sur les journ\u00e9es d'int\u00e9gration des \\\"Secondes\\\" - Actualit\u00e9s\",\"isPartOf\":{\"@id\":\"https:\/\/www.saint-paul-angouleme.fr\/application\/#website\"},\"primaryImageOfPage\":{\"@id\":\"https:\/\/www.saint-paul-angouleme.fr\/application\/retour-sur-les-journees-dintegration-des-secondes\/#primaryimage\"},\"image\":{\"@id\":\"https:\/\/www.saint-paul-angouleme.fr\/application\/retour-sur-les-journees-dintegration-des-secondes\/#primaryimage\"},\"thumbnailUrl\":\"https:\/\/www.saint-paul-angouleme.fr\/application\/wp-content\/uploads\/2021\/10\/IMG-3507-1024x683.jpg\",\"datePublished\":\"2021-10-21T09:37:02+00:00\",\"dateModified\":\"2021-10-21T09:37:04+00:00\",\"description\":\"Apr\u00e8s les \u00e9l\u00e8ves de sixi\u00e8mes nos Secondes ont v\u00e9cu leurs journ\u00e9es d'int\u00e9gration fin septembre & d\u00e9but octobre 2021. Retour d'exp\u00e9rience.\",\"breadcrumb\":{\"@id\":\"https:\/\/www.saint-paul-angouleme.fr\/application\/retour-sur-les-journees-dintegration-des-secondes\/#breadcrumb\"},\"inLanguage\":\"fr-FR\",\"potentialAction\":[{\"@type\":\"ReadAction\",\"target\":[\"https:\/\/www.saint-paul-angouleme.fr\/application\/retour-sur-les-journees-dintegration-des-secondes\/\"]}]},{\"@type\":\"ImageObject\",\"inLanguage\":\"fr-FR\",\"@id\":\"https:\/\/www.saint-paul-angouleme.fr\/application\/retour-sur-les-journees-dintegration-des-secondes\/#primaryimage\",\"url\":\"https:\/\/www.saint-paul-angouleme.fr\/application\/wp-content\/uploads\/2021\/10\/IMG-3507.jpg\",\"contentUrl\":\"https:\/\/www.saint-paul-angouleme.fr\/application\/wp-content\/uploads\/2021\/10\/IMG-3507.jpg\",\"width\":4272,\"height\":2848},{\"@type\":\"BreadcrumbList\",\"@id\":\"https:\/\/www.saint-paul-angouleme.fr\/application\/retour-sur-les-journees-dintegration-des-secondes\/#breadcrumb\",\"itemListElement\":[{\"@type\":\"ListItem\",\"position\":1,\"name\":\"Accueil\",\"item\":\"http:\/\/www.saint-paul-angouleme.fr\/application\/\"},{\"@type\":\"ListItem\",\"position\":2,\"name\":\"Retour sur les journ\u00e9es d&#8217;int\u00e9gration des &#8220;Secondes&#8221;\"}]},{\"@type\":\"WebSite\",\"@id\":\"https:\/\/www.saint-paul-angouleme.fr\/application\/#website\",\"url\":\"https:\/\/www.saint-paul-angouleme.fr\/application\/\",\"name\":\"Actualit\u00e9s\",\"description\":\"Actualit\u00e9s Saint Paul\",\"publisher\":{\"@id\":\"https:\/\/www.saint-paul-angouleme.fr\/application\/#organization\"},\"potentialAction\":[{\"@type\":\"SearchAction\",\"target\":{\"@type\":\"EntryPoint\",\"urlTemplate\":\"https:\/\/www.saint-paul-angouleme.fr\/application\/?s={search_term_string}\"},\"query-input\":\"required name=search_term_string\"}],\"inLanguage\":\"fr-FR\"},{\"@type\":\"Organization\",\"@id\":\"https:\/\/www.saint-paul-angouleme.fr\/application\/#organization\",\"name\":\"Ensemble scolaire Saint-Paul\",\"url\":\"https:\/\/www.saint-paul-angouleme.fr\/application\/\",\"logo\":{\"@type\":\"ImageObject\",\"inLanguage\":\"fr-FR\",\"@id\":\"https:\/\/www.saint-paul-angouleme.fr\/application\/#\/schema\/logo\/image\/\",\"url\":\"https:\/\/www.saint-paul-angouleme.fr\/application\/wp-content\/uploads\/2018\/08\/logo-saint-paul-couleurs.jpg\",\"contentUrl\":\"https:\/\/www.saint-paul-angouleme.fr\/application\/wp-content\/uploads\/2018\/08\/logo-saint-paul-couleurs.jpg\",\"width\":1890,\"height\":709,\"caption\":\"Ensemble scolaire Saint-Paul\"},\"image\":{\"@id\":\"https:\/\/www.saint-paul-angouleme.fr\/application\/#\/schema\/logo\/image\/\"},\"sameAs\":[\"https:\/\/www.facebook.com\/SaintPaulAngouleme16\/\",\"https:\/\/x.com\/StPaulAngoulem\",\"https:\/\/www.youtube.com\/channel\/UCRLpz1CmPVqc0gn--YyXvjA?view_as=subscriber\"]},{\"@type\":\"Person\",\"@id\":\"https:\/\/www.saint-paul-angouleme.fr\/application\/#\/schema\/person\/ea152930b1a3823659065827b1a5fb9b\",\"name\":\"SAINT-PAUL\",\"image\":{\"@type\":\"ImageObject\",\"inLanguage\":\"fr-FR\",\"@id\":\"https:\/\/www.saint-paul-angouleme.fr\/application\/#\/schema\/person\/image\/\",\"url\":\"https:\/\/secure.gravatar.com\/avatar\/eadb0ffebc02683a61d69038eb2924f0?s=96&r=g\",\"contentUrl\":\"https:\/\/secure.gravatar.com\/avatar\/eadb0ffebc02683a61d69038eb2924f0?s=96&r=g\",\"caption\":\"SAINT-PAUL\"},\"url\":\"https:\/\/www.saint-paul-angouleme.fr\/application\/author\/myriam\/\"}]}<\/script>\n<!-- \/ Yoast SEO plugin. -->","yoast_head_json":{"title":"Retour sur les journ\u00e9es d'int\u00e9gration des \"Secondes\" - Actualit\u00e9s","description":"Apr\u00e8s les \u00e9l\u00e8ves de sixi\u00e8mes nos Secondes ont v\u00e9cu leurs journ\u00e9es d'int\u00e9gration fin septembre & d\u00e9but octobre 2021. Retour d'exp\u00e9rience.","robots":{"index":"index","follow":"follow","max-snippet":"max-snippet:-1","max-image-preview":"max-image-preview:large","max-video-preview":"max-video-preview:-1"},"canonical":"https:\/\/www.saint-paul-angouleme.fr\/application\/retour-sur-les-journees-dintegration-des-secondes\/","og_locale":"fr_FR","og_type":"article","og_title":"Retour sur les journ\u00e9es d'int\u00e9gration des \"Secondes\" - Actualit\u00e9s","og_description":"Apr\u00e8s les \u00e9l\u00e8ves de sixi\u00e8mes nos Secondes ont v\u00e9cu leurs journ\u00e9es d'int\u00e9gration fin septembre & d\u00e9but octobre 2021. Retour d'exp\u00e9rience.","og_url":"https:\/\/www.saint-paul-angouleme.fr\/application\/retour-sur-les-journees-dintegration-des-secondes\/","og_site_name":"Actualit\u00e9s","article_publisher":"https:\/\/www.facebook.com\/SaintPaulAngouleme16\/","article_published_time":"2021-10-21T09:37:02+00:00","article_modified_time":"2021-10-21T09:37:04+00:00","og_image":[{"url":"https:\/\/www.saint-paul-angouleme.fr\/application\/wp-content\/uploads\/2021\/10\/IMG-3507-1024x683.jpg"}],"author":"SAINT-PAUL","twitter_card":"summary_large_image","twitter_creator":"@StPaulAngoulem","twitter_site":"@StPaulAngoulem","twitter_misc":{"\u00c9crit par":"SAINT-PAUL","Dur\u00e9e de lecture estim\u00e9e":"3 minutes"},"schema":{"@context":"https:\/\/schema.org","@graph":[{"@type":"Article","@id":"https:\/\/www.saint-paul-angouleme.fr\/application\/retour-sur-les-journees-dintegration-des-secondes\/#article","isPartOf":{"@id":"https:\/\/www.saint-paul-angouleme.fr\/application\/retour-sur-les-journees-dintegration-des-secondes\/"},"author":{"name":"SAINT-PAUL","@id":"https:\/\/www.saint-paul-angouleme.fr\/application\/#\/schema\/person\/ea152930b1a3823659065827b1a5fb9b"},"headline":"Retour sur les journ\u00e9es d&#8217;int\u00e9gration des &#8220;Secondes&#8221;","datePublished":"2021-10-21T09:37:02+00:00","dateModified":"2021-10-21T09:37:04+00:00","mainEntityOfPage":{"@id":"https:\/\/www.saint-paul-angouleme.fr\/application\/retour-sur-les-journees-dintegration-des-secondes\/"},"wordCount":550,"commentCount":0,"publisher":{"@id":"https:\/\/www.saint-paul-angouleme.fr\/application\/#organization"},"image":{"@id":"https:\/\/www.saint-paul-angouleme.fr\/application\/retour-sur-les-journees-dintegration-des-secondes\/#primaryimage"},"thumbnailUrl":"https:\/\/www.saint-paul-angouleme.fr\/application\/wp-content\/uploads\/2021\/10\/IMG-3507-1024x683.jpg","articleSection":["P\u00e9dagogie"],"inLanguage":"fr-FR","potentialAction":[{"@type":"CommentAction","name":"Comment","target":["https:\/\/www.saint-paul-angouleme.fr\/application\/retour-sur-les-journees-dintegration-des-secondes\/#respond"]}]},{"@type":"WebPage","@id":"https:\/\/www.saint-paul-angouleme.fr\/application\/retour-sur-les-journees-dintegration-des-secondes\/","url":"https:\/\/www.saint-paul-angouleme.fr\/application\/retour-sur-les-journees-dintegration-des-secondes\/","name":"Retour sur les journ\u00e9es d'int\u00e9gration des \"Secondes\" - Actualit\u00e9s","isPartOf":{"@id":"https:\/\/www.saint-paul-angouleme.fr\/application\/#website"},"primaryImageOfPage":{"@id":"https:\/\/www.saint-paul-angouleme.fr\/application\/retour-sur-les-journees-dintegration-des-secondes\/#primaryimage"},"image":{"@id":"https:\/\/www.saint-paul-angouleme.fr\/application\/retour-sur-les-journees-dintegration-des-secondes\/#primaryimage"},"thumbnailUrl":"https:\/\/www.saint-paul-angouleme.fr\/application\/wp-content\/uploads\/2021\/10\/IMG-3507-1024x683.jpg","datePublished":"2021-10-21T09:37:02+00:00","dateModified":"2021-10-21T09:37:04+00:00","description":"Apr\u00e8s les \u00e9l\u00e8ves de sixi\u00e8mes nos Secondes ont v\u00e9cu leurs journ\u00e9es d'int\u00e9gration fin septembre & d\u00e9but octobre 2021. Retour d'exp\u00e9rience.","breadcrumb":{"@id":"https:\/\/www.saint-paul-angouleme.fr\/application\/retour-sur-les-journees-dintegration-des-secondes\/#breadcrumb"},"inLanguage":"fr-FR","potentialAction":[{"@type":"ReadAction","target":["https:\/\/www.saint-paul-angouleme.fr\/application\/retour-sur-les-journees-dintegration-des-secondes\/"]}]},{"@type":"ImageObject","inLanguage":"fr-FR","@id":"https:\/\/www.saint-paul-angouleme.fr\/application\/retour-sur-les-journees-dintegration-des-secondes\/#primaryimage","url":"https:\/\/www.saint-paul-angouleme.fr\/application\/wp-content\/uploads\/2021\/10\/IMG-3507.jpg","contentUrl":"https:\/\/www.saint-paul-angouleme.fr\/application\/wp-content\/uploads\/2021\/10\/IMG-3507.jpg","width":4272,"height":2848},{"@type":"BreadcrumbList","@id":"https:\/\/www.saint-paul-angouleme.fr\/application\/retour-sur-les-journees-dintegration-des-secondes\/#breadcrumb","itemListElement":[{"@type":"ListItem","position":1,"name":"Accueil","item":"http:\/\/www.saint-paul-angouleme.fr\/application\/"},{"@type":"ListItem","position":2,"name":"Retour sur les journ\u00e9es d&#8217;int\u00e9gration des &#8220;Secondes&#8221;"}]},{"@type":"WebSite","@id":"https:\/\/www.saint-paul-angouleme.fr\/application\/#website","url":"https:\/\/www.saint-paul-angouleme.fr\/application\/","name":"Actualit\u00e9s","description":"Actualit\u00e9s Saint Paul","publisher":{"@id":"https:\/\/www.saint-paul-angouleme.fr\/application\/#organization"},"potentialAction":[{"@type":"SearchAction","target":{"@type":"EntryPoint","urlTemplate":"https:\/\/www.saint-paul-angouleme.fr\/application\/?s={search_term_string}"},"query-input":"required name=search_term_string"}],"inLanguage":"fr-FR"},{"@type":"Organization","@id":"https:\/\/www.saint-paul-angouleme.fr\/application\/#organization","name":"Ensemble scolaire Saint-Paul","url":"https:\/\/www.saint-paul-angouleme.fr\/application\/","logo":{"@type":"ImageObject","inLanguage":"fr-FR","@id":"https:\/\/www.saint-paul-angouleme.fr\/application\/#\/schema\/logo\/image\/","url":"https:\/\/www.saint-paul-angouleme.fr\/application\/wp-content\/uploads\/2018\/08\/logo-saint-paul-couleurs.jpg","contentUrl":"https:\/\/www.saint-paul-angouleme.fr\/application\/wp-content\/uploads\/2018\/08\/logo-saint-paul-couleurs.jpg","width":1890,"height":709,"caption":"Ensemble scolaire Saint-Paul"},"image":{"@id":"https:\/\/www.saint-paul-angouleme.fr\/application\/#\/schema\/logo\/image\/"},"sameAs":["https:\/\/www.facebook.com\/SaintPaulAngouleme16\/","https:\/\/x.com\/StPaulAngoulem","https:\/\/www.youtube.com\/channel\/UCRLpz1CmPVqc0gn--YyXvjA?view_as=subscriber"]},{"@type":"Person","@id":"https:\/\/www.saint-paul-angouleme.fr\/application\/#\/schema\/person\/ea152930b1a3823659065827b1a5fb9b","name":"SAINT-PAUL","image":{"@type":"ImageObject","inLanguage":"fr-FR","@id":"https:\/\/www.saint-paul-angouleme.fr\/application\/#\/schema\/person\/image\/","url":"https:\/\/secure.gravatar.com\/avatar\/eadb0ffebc02683a61d69038eb2924f0?s=96&r=g","contentUrl":"https:\/\/secure.gravatar.com\/avatar\/eadb0ffebc02683a61d69038eb2924f0?s=96&r=g","caption":"SAINT-PAUL"},"url":"https:\/\/www.saint-paul-angouleme.fr\/application\/author\/myriam\/"}]}},"_links":{"self":[{"href":"https:\/\/www.saint-paul-angouleme.fr\/application\/wp-json\/wp\/v2\/posts\/5798"}],"collection":[{"href":"https:\/\/www.saint-paul-angouleme.fr\/application\/wp-json\/wp\/v2\/posts"}],"about":[{"href":"https:\/\/www.saint-paul-angouleme.fr\/application\/wp-json\/wp\/v2\/types\/post"}],"author":[{"embeddable":true,"href":"https:\/\/www.saint-paul-angouleme.fr\/application\/wp-json\/wp\/v2\/users\/3"}],"replies":[{"embeddable":true,"href":"https:\/\/www.saint-paul-angouleme.fr\/application\/wp-json\/wp\/v2\/comments?post=5798"}],"version-history":[{"count":13,"href":"https:\/\/www.saint-paul-angouleme.fr\/application\/wp-json\/wp\/v2\/posts\/5798\/revisions"}],"predecessor-version":[{"id":5818,"href":"https:\/\/www.saint-paul-angouleme.fr\/application\/wp-json\/wp\/v2\/posts\/5798\/revisions\/5818"}],"wp:attachment":[{"href":"https:\/\/www.saint-paul-angouleme.fr\/application\/wp-json\/wp\/v2\/media?parent=5798"}],"wp:term":[{"taxonomy":"category","embeddable":true,"href":"https:\/\/www.saint-paul-angouleme.fr\/application\/wp-json\/wp\/v2\/categories?post=5798"},{"taxonomy":"post_tag","embeddable":true,"href":"https:\/\/www.saint-paul-angouleme.fr\/application\/wp-json\/wp\/v2\/tags?post=5798"}],"curies":[{"name":"wp","href":"https:\/\/api.w.org\/{rel}","templated":true}]}}