{"id":5781,"date":"2021-09-30T12:07:52","date_gmt":"2021-09-30T10:07:52","guid":{"rendered":"https:\/\/www.saint-paul-angouleme.fr\/application\/?p=5781"},"modified":"2021-09-30T18:13:45","modified_gmt":"2021-09-30T16:13:45","slug":"integration-6eme-2021-sous-le-soleil-de-charente","status":"publish","type":"post","link":"https:\/\/www.saint-paul-angouleme.fr\/application\/integration-6eme-2021-sous-le-soleil-de-charente\/","title":{"rendered":"Int\u00e9gration 6\u00e8me 2021 sous le soleil de Charente"},"content":{"rendered":"\n<figure class=\"wp-block-image\"><img loading=\"lazy\" decoding=\"async\" width=\"1024\" height=\"768\" src=\"https:\/\/www.saint-paul-angouleme.fr\/application\/wp-content\/uploads\/2021\/09\/WhatsApp-Image-2021-09-23-at-15.10.52-2-1024x768.jpeg\" alt=\"Devant l'\u00e9glise de La Couronne\" class=\"wp-image-5782\" srcset=\"https:\/\/www.saint-paul-angouleme.fr\/application\/wp-content\/uploads\/2021\/09\/WhatsApp-Image-2021-09-23-at-15.10.52-2-1024x768.jpeg 1024w, https:\/\/www.saint-paul-angouleme.fr\/application\/wp-content\/uploads\/2021\/09\/WhatsApp-Image-2021-09-23-at-15.10.52-2-300x225.jpeg 300w, https:\/\/www.saint-paul-angouleme.fr\/application\/wp-content\/uploads\/2021\/09\/WhatsApp-Image-2021-09-23-at-15.10.52-2-768x576.jpeg 768w, https:\/\/www.saint-paul-angouleme.fr\/application\/wp-content\/uploads\/2021\/09\/WhatsApp-Image-2021-09-23-at-15.10.52-2.jpeg 1600w\" sizes=\"(max-width: 1024px) 100vw, 1024px\" \/><\/figure>\n\n\n\n<p class=\"justification_texte { text-align: justify;}\">Premi\u00e8re \u00e9tape : prendre ses marques dans l&#8217;\u00e9tablissement. Ceci \u00e9tant fait, seconde temps : faciliter la coh\u00e9sion au sein de la classe. C&#8217;est le but des<a rel=\"noreferrer noopener\" aria-label=\"journ\u00e9es d'int\u00e9grations (s\u2019ouvre dans un nouvel onglet)\" href=\"https:\/\/www.saint-paul-angouleme.fr\/application\/integration-6eme-une-belle-premiere-journee\/\" target=\"_blank\"> Journ\u00e9es d&#8217;Int\u00e9gration<\/a> 6\u00e8me (trois classes par journ\u00e9e) v\u00e9cues la semaine derni\u00e8re par nos \u00e9l\u00e8ves de sixi\u00e8me.<\/p>\n\n\n\n<figure class=\"wp-block-image\"><img loading=\"lazy\" decoding=\"async\" width=\"1024\" height=\"768\" src=\"https:\/\/www.saint-paul-angouleme.fr\/application\/wp-content\/uploads\/2021\/09\/WhatsApp-Image-2021-09-24-at-14.47.22-1024x768.jpeg\" alt=\"Sky line entre les arbres\" class=\"wp-image-5784\" srcset=\"https:\/\/www.saint-paul-angouleme.fr\/application\/wp-content\/uploads\/2021\/09\/WhatsApp-Image-2021-09-24-at-14.47.22.jpeg 1024w, https:\/\/www.saint-paul-angouleme.fr\/application\/wp-content\/uploads\/2021\/09\/WhatsApp-Image-2021-09-24-at-14.47.22-300x225.jpeg 300w, https:\/\/www.saint-paul-angouleme.fr\/application\/wp-content\/uploads\/2021\/09\/WhatsApp-Image-2021-09-24-at-14.47.22-768x576.jpeg 768w\" sizes=\"(max-width: 1024px) 100vw, 1024px\" \/><\/figure>\n\n\n\n<h3 class=\"wp-block-heading\">Course d&#8217;orientation le matin<\/h3>\n\n\n\n<p class=\"justification_texte { text-align: justify;}\">A notre arriv\u00e9e au  Moulin de l&#8217;Abbaye, nous avons coup\u00e9 les classes en deux groupes. L&#8217;objectif : r\u00e9aliser un petit jeu pour faire connaissance au sein de chaque \u00e9quipe. Les \u00e9l\u00e8ves sont alors partis en course d&#8217;orientation dans&nbsp;la ville de La Couronne afin de trouver des balises. Sur celles-ci de petits d\u00e9fis les attendaient : charade, r\u00e9solution d&#8217;\u00e9nigme, figures ou po\u00e8mes \u00e0 retenir\u2026&nbsp;En milieu du parcours , ils ont visit\u00e9&nbsp;l&#8217;abbaye du XII\u00e8me  si\u00e8cle dans laquelle ils ont du retrouver des lettres permettant de former un mot myst\u00e8re.<br>C&#8217;est alors le temps du Pique-Nique.<\/p>\n\n\n\n<figure class=\"wp-block-image\"><img loading=\"lazy\" decoding=\"async\" width=\"1024\" height=\"768\" src=\"https:\/\/www.saint-paul-angouleme.fr\/application\/wp-content\/uploads\/2021\/09\/WhatsApp-Image-2021-09-24-at-12.28.14-1024x768.jpeg\" alt=\"\" class=\"wp-image-5786\" srcset=\"https:\/\/www.saint-paul-angouleme.fr\/application\/wp-content\/uploads\/2021\/09\/WhatsApp-Image-2021-09-24-at-12.28.14-1024x768.jpeg 1024w, https:\/\/www.saint-paul-angouleme.fr\/application\/wp-content\/uploads\/2021\/09\/WhatsApp-Image-2021-09-24-at-12.28.14-300x225.jpeg 300w, https:\/\/www.saint-paul-angouleme.fr\/application\/wp-content\/uploads\/2021\/09\/WhatsApp-Image-2021-09-24-at-12.28.14-768x576.jpeg 768w, https:\/\/www.saint-paul-angouleme.fr\/application\/wp-content\/uploads\/2021\/09\/WhatsApp-Image-2021-09-24-at-12.28.14.jpeg 2048w\" sizes=\"(max-width: 1024px) 100vw, 1024px\" \/><\/figure>\n\n\n\n<h3 class=\"wp-block-heading\">Une apr\u00e8s-midi sportive<\/h3>\n\n\n\n<p class=\"justification_texte { text-align: justify;}\">Apr\u00e8s la pause d\u00e9jeuner d&#8217;autres activit\u00e9s attendent nos sixi\u00e8mes. Au programme : LaserGame en ext\u00e9rieur, parcours d&#8217;obstacle et Skyline. Ainsi, \u00e0 tour de r\u00f4le, les \u00e9quipes passent par les trois ateliers encadr\u00e9s par la &#8220;<a href=\"https:\/\/www.teamspiritacademy.fr\/\" target=\"_blank\" rel=\"noreferrer noopener\" aria-label=\"Team Spirit Academy (s\u2019ouvre dans un nouvel onglet)\">Team Spirit Academy<\/a>&#8220;.<\/p>\n\n\n\n<figure class=\"wp-block-image\"><img loading=\"lazy\" decoding=\"async\" width=\"1024\" height=\"768\" src=\"https:\/\/www.saint-paul-angouleme.fr\/application\/wp-content\/uploads\/2021\/09\/WhatsApp-Image-2021-09-24-at-15.00.58-1024x768.jpeg\" alt=\"LaserGame en ext\u00e9rieur\" class=\"wp-image-5787\" srcset=\"https:\/\/www.saint-paul-angouleme.fr\/application\/wp-content\/uploads\/2021\/09\/WhatsApp-Image-2021-09-24-at-15.00.58.jpeg 1024w, https:\/\/www.saint-paul-angouleme.fr\/application\/wp-content\/uploads\/2021\/09\/WhatsApp-Image-2021-09-24-at-15.00.58-300x225.jpeg 300w, https:\/\/www.saint-paul-angouleme.fr\/application\/wp-content\/uploads\/2021\/09\/WhatsApp-Image-2021-09-24-at-15.00.58-768x576.jpeg 768w\" sizes=\"(max-width: 1024px) 100vw, 1024px\" \/><\/figure>\n\n\n\n<p>L&#8217;int\u00e9r\u00eat de ces trois propositions est de d\u00e9velopper les liens entre les participants. Le LaserGame offre aussi l&#8217;avantage de ne pas tirer de projectiles. C&#8217;est un faisceau lumineux avec sons et vibrations qui permet de viser et toucher son &#8220;adversaire&#8221;. De belles journ\u00e9es qui ouvrent une ann\u00e9e scolaire remplie de nouvelles aventures avec un petit plus : se souvenir que l&#8217;entraide est fondamentale au sein de la classe.<\/p>\n\n\n\n<figure><iframe loading=\"lazy\" src=\"https:\/\/spark.adobe.com\/video\/ry9T3kr92MCRJ\/embed\" width=\"960\" height=\"540\" allowfullscreen=\"\"><\/iframe><\/figure>\n","protected":false},"excerpt":{"rendered":"<p>Premi\u00e8re \u00e9tape : prendre ses marques dans l&#8217;\u00e9tablissement. Ceci \u00e9tant fait, seconde temps : faciliter la coh\u00e9sion au sein de la classe. C&#8217;est le but des Journ\u00e9es d&#8217;Int\u00e9gration 6\u00e8me (trois classes par journ\u00e9e) v\u00e9cues la semaine derni\u00e8re par nos \u00e9l\u00e8ves de sixi\u00e8me. Course d&#8217;orientation le matin A notre arriv\u00e9e au Moulin de l&#8217;Abbaye, nous avons &#8230; <a title=\"Int\u00e9gration 6\u00e8me 2021 sous le soleil de Charente\" class=\"read-more\" href=\"https:\/\/www.saint-paul-angouleme.fr\/application\/integration-6eme-2021-sous-le-soleil-de-charente\/\" aria-label=\"Read more about Int\u00e9gration 6\u00e8me 2021 sous le soleil de Charente\">Lire la suite<\/a><\/p>\n","protected":false},"author":3,"featured_media":0,"comment_status":"open","ping_status":"open","sticky":false,"template":"","format":"standard","meta":{"_exactmetrics_skip_tracking":false,"_exactmetrics_sitenote_active":false,"_exactmetrics_sitenote_note":"","_exactmetrics_sitenote_category":0,"footnotes":""},"categories":[13],"tags":[],"class_list":["post-5781","post","type-post","status-publish","format-standard","hentry","category-pedagogie"],"yoast_head":"<!-- This site is optimized with the Yoast SEO plugin v23.3 - https:\/\/yoast.com\/wordpress\/plugins\/seo\/ -->\n<title>Int\u00e9gration 6\u00e8me 2021 sous le soleil de Charente - Actualit\u00e9s<\/title>\n<meta name=\"description\" content=\"L&#039;ann\u00e9e derni\u00e8re nous n&#039;avons pas pu organiser ces journ\u00e9es d&#039;int\u00e9gration pour nos \u00e9l\u00e8ves de 6\u00e8me. En 2021 elles ont bien lieu, sous le soleil de Charente.\" \/>\n<meta name=\"robots\" content=\"index, follow, max-snippet:-1, max-image-preview:large, max-video-preview:-1\" \/>\n<link rel=\"canonical\" href=\"https:\/\/www.saint-paul-angouleme.fr\/application\/integration-6eme-2021-sous-le-soleil-de-charente\/\" \/>\n<meta property=\"og:locale\" content=\"fr_FR\" \/>\n<meta property=\"og:type\" content=\"article\" \/>\n<meta property=\"og:title\" content=\"Int\u00e9gration 6\u00e8me 2021 sous le soleil de Charente - Actualit\u00e9s\" \/>\n<meta property=\"og:description\" content=\"L&#039;ann\u00e9e derni\u00e8re nous n&#039;avons pas pu organiser ces journ\u00e9es d&#039;int\u00e9gration pour nos \u00e9l\u00e8ves de 6\u00e8me. En 2021 elles ont bien lieu, sous le soleil de Charente.\" \/>\n<meta property=\"og:url\" content=\"https:\/\/www.saint-paul-angouleme.fr\/application\/integration-6eme-2021-sous-le-soleil-de-charente\/\" \/>\n<meta property=\"og:site_name\" content=\"Actualit\u00e9s\" \/>\n<meta property=\"article:publisher\" content=\"https:\/\/www.facebook.com\/SaintPaulAngouleme16\/\" \/>\n<meta property=\"article:published_time\" content=\"2021-09-30T10:07:52+00:00\" \/>\n<meta property=\"article:modified_time\" content=\"2021-09-30T16:13:45+00:00\" \/>\n<meta property=\"og:image\" content=\"https:\/\/www.saint-paul-angouleme.fr\/application\/wp-content\/uploads\/2021\/09\/WhatsApp-Image-2021-09-23-at-15.10.52-2-1024x768.jpeg\" \/>\n<meta name=\"author\" content=\"SAINT-PAUL\" \/>\n<meta name=\"twitter:card\" content=\"summary_large_image\" \/>\n<meta name=\"twitter:creator\" content=\"@StPaulAngoulem\" \/>\n<meta name=\"twitter:site\" content=\"@StPaulAngoulem\" \/>\n<meta name=\"twitter:label1\" content=\"\u00c9crit par\" \/>\n\t<meta name=\"twitter:data1\" content=\"SAINT-PAUL\" \/>\n\t<meta name=\"twitter:label2\" content=\"Dur\u00e9e de lecture estim\u00e9e\" \/>\n\t<meta name=\"twitter:data2\" content=\"1 minute\" \/>\n<script type=\"application\/ld+json\" class=\"yoast-schema-graph\">{\"@context\":\"https:\/\/schema.org\",\"@graph\":[{\"@type\":\"Article\",\"@id\":\"https:\/\/www.saint-paul-angouleme.fr\/application\/integration-6eme-2021-sous-le-soleil-de-charente\/#article\",\"isPartOf\":{\"@id\":\"https:\/\/www.saint-paul-angouleme.fr\/application\/integration-6eme-2021-sous-le-soleil-de-charente\/\"},\"author\":{\"name\":\"SAINT-PAUL\",\"@id\":\"https:\/\/www.saint-paul-angouleme.fr\/application\/#\/schema\/person\/ea152930b1a3823659065827b1a5fb9b\"},\"headline\":\"Int\u00e9gration 6\u00e8me 2021 sous le soleil de Charente\",\"datePublished\":\"2021-09-30T10:07:52+00:00\",\"dateModified\":\"2021-09-30T16:13:45+00:00\",\"mainEntityOfPage\":{\"@id\":\"https:\/\/www.saint-paul-angouleme.fr\/application\/integration-6eme-2021-sous-le-soleil-de-charente\/\"},\"wordCount\":299,\"commentCount\":0,\"publisher\":{\"@id\":\"https:\/\/www.saint-paul-angouleme.fr\/application\/#organization\"},\"image\":{\"@id\":\"https:\/\/www.saint-paul-angouleme.fr\/application\/integration-6eme-2021-sous-le-soleil-de-charente\/#primaryimage\"},\"thumbnailUrl\":\"https:\/\/www.saint-paul-angouleme.fr\/application\/wp-content\/uploads\/2021\/09\/WhatsApp-Image-2021-09-23-at-15.10.52-2-1024x768.jpeg\",\"articleSection\":[\"P\u00e9dagogie\"],\"inLanguage\":\"fr-FR\",\"potentialAction\":[{\"@type\":\"CommentAction\",\"name\":\"Comment\",\"target\":[\"https:\/\/www.saint-paul-angouleme.fr\/application\/integration-6eme-2021-sous-le-soleil-de-charente\/#respond\"]}]},{\"@type\":\"WebPage\",\"@id\":\"https:\/\/www.saint-paul-angouleme.fr\/application\/integration-6eme-2021-sous-le-soleil-de-charente\/\",\"url\":\"https:\/\/www.saint-paul-angouleme.fr\/application\/integration-6eme-2021-sous-le-soleil-de-charente\/\",\"name\":\"Int\u00e9gration 6\u00e8me 2021 sous le soleil de Charente - Actualit\u00e9s\",\"isPartOf\":{\"@id\":\"https:\/\/www.saint-paul-angouleme.fr\/application\/#website\"},\"primaryImageOfPage\":{\"@id\":\"https:\/\/www.saint-paul-angouleme.fr\/application\/integration-6eme-2021-sous-le-soleil-de-charente\/#primaryimage\"},\"image\":{\"@id\":\"https:\/\/www.saint-paul-angouleme.fr\/application\/integration-6eme-2021-sous-le-soleil-de-charente\/#primaryimage\"},\"thumbnailUrl\":\"https:\/\/www.saint-paul-angouleme.fr\/application\/wp-content\/uploads\/2021\/09\/WhatsApp-Image-2021-09-23-at-15.10.52-2-1024x768.jpeg\",\"datePublished\":\"2021-09-30T10:07:52+00:00\",\"dateModified\":\"2021-09-30T16:13:45+00:00\",\"description\":\"L'ann\u00e9e derni\u00e8re nous n'avons pas pu organiser ces journ\u00e9es d'int\u00e9gration pour nos \u00e9l\u00e8ves de 6\u00e8me. En 2021 elles ont bien lieu, sous le soleil de Charente.\",\"breadcrumb\":{\"@id\":\"https:\/\/www.saint-paul-angouleme.fr\/application\/integration-6eme-2021-sous-le-soleil-de-charente\/#breadcrumb\"},\"inLanguage\":\"fr-FR\",\"potentialAction\":[{\"@type\":\"ReadAction\",\"target\":[\"https:\/\/www.saint-paul-angouleme.fr\/application\/integration-6eme-2021-sous-le-soleil-de-charente\/\"]}]},{\"@type\":\"ImageObject\",\"inLanguage\":\"fr-FR\",\"@id\":\"https:\/\/www.saint-paul-angouleme.fr\/application\/integration-6eme-2021-sous-le-soleil-de-charente\/#primaryimage\",\"url\":\"https:\/\/www.saint-paul-angouleme.fr\/application\/wp-content\/uploads\/2021\/09\/WhatsApp-Image-2021-09-23-at-15.10.52-2-1024x768.jpeg\",\"contentUrl\":\"https:\/\/www.saint-paul-angouleme.fr\/application\/wp-content\/uploads\/2021\/09\/WhatsApp-Image-2021-09-23-at-15.10.52-2-1024x768.jpeg\"},{\"@type\":\"BreadcrumbList\",\"@id\":\"https:\/\/www.saint-paul-angouleme.fr\/application\/integration-6eme-2021-sous-le-soleil-de-charente\/#breadcrumb\",\"itemListElement\":[{\"@type\":\"ListItem\",\"position\":1,\"name\":\"Accueil\",\"item\":\"http:\/\/www.saint-paul-angouleme.fr\/application\/\"},{\"@type\":\"ListItem\",\"position\":2,\"name\":\"Int\u00e9gration 6\u00e8me 2021 sous le soleil de Charente\"}]},{\"@type\":\"WebSite\",\"@id\":\"https:\/\/www.saint-paul-angouleme.fr\/application\/#website\",\"url\":\"https:\/\/www.saint-paul-angouleme.fr\/application\/\",\"name\":\"Actualit\u00e9s\",\"description\":\"Actualit\u00e9s Saint Paul\",\"publisher\":{\"@id\":\"https:\/\/www.saint-paul-angouleme.fr\/application\/#organization\"},\"potentialAction\":[{\"@type\":\"SearchAction\",\"target\":{\"@type\":\"EntryPoint\",\"urlTemplate\":\"https:\/\/www.saint-paul-angouleme.fr\/application\/?s={search_term_string}\"},\"query-input\":\"required name=search_term_string\"}],\"inLanguage\":\"fr-FR\"},{\"@type\":\"Organization\",\"@id\":\"https:\/\/www.saint-paul-angouleme.fr\/application\/#organization\",\"name\":\"Ensemble scolaire Saint-Paul\",\"url\":\"https:\/\/www.saint-paul-angouleme.fr\/application\/\",\"logo\":{\"@type\":\"ImageObject\",\"inLanguage\":\"fr-FR\",\"@id\":\"https:\/\/www.saint-paul-angouleme.fr\/application\/#\/schema\/logo\/image\/\",\"url\":\"https:\/\/www.saint-paul-angouleme.fr\/application\/wp-content\/uploads\/2018\/08\/logo-saint-paul-couleurs.jpg\",\"contentUrl\":\"https:\/\/www.saint-paul-angouleme.fr\/application\/wp-content\/uploads\/2018\/08\/logo-saint-paul-couleurs.jpg\",\"width\":1890,\"height\":709,\"caption\":\"Ensemble scolaire Saint-Paul\"},\"image\":{\"@id\":\"https:\/\/www.saint-paul-angouleme.fr\/application\/#\/schema\/logo\/image\/\"},\"sameAs\":[\"https:\/\/www.facebook.com\/SaintPaulAngouleme16\/\",\"https:\/\/x.com\/StPaulAngoulem\",\"https:\/\/www.youtube.com\/channel\/UCRLpz1CmPVqc0gn--YyXvjA?view_as=subscriber\"]},{\"@type\":\"Person\",\"@id\":\"https:\/\/www.saint-paul-angouleme.fr\/application\/#\/schema\/person\/ea152930b1a3823659065827b1a5fb9b\",\"name\":\"SAINT-PAUL\",\"image\":{\"@type\":\"ImageObject\",\"inLanguage\":\"fr-FR\",\"@id\":\"https:\/\/www.saint-paul-angouleme.fr\/application\/#\/schema\/person\/image\/\",\"url\":\"https:\/\/secure.gravatar.com\/avatar\/eadb0ffebc02683a61d69038eb2924f0?s=96&r=g\",\"contentUrl\":\"https:\/\/secure.gravatar.com\/avatar\/eadb0ffebc02683a61d69038eb2924f0?s=96&r=g\",\"caption\":\"SAINT-PAUL\"},\"url\":\"https:\/\/www.saint-paul-angouleme.fr\/application\/author\/myriam\/\"}]}<\/script>\n<!-- \/ Yoast SEO plugin. -->","yoast_head_json":{"title":"Int\u00e9gration 6\u00e8me 2021 sous le soleil de Charente - Actualit\u00e9s","description":"L'ann\u00e9e derni\u00e8re nous n'avons pas pu organiser ces journ\u00e9es d'int\u00e9gration pour nos \u00e9l\u00e8ves de 6\u00e8me. En 2021 elles ont bien lieu, sous le soleil de Charente.","robots":{"index":"index","follow":"follow","max-snippet":"max-snippet:-1","max-image-preview":"max-image-preview:large","max-video-preview":"max-video-preview:-1"},"canonical":"https:\/\/www.saint-paul-angouleme.fr\/application\/integration-6eme-2021-sous-le-soleil-de-charente\/","og_locale":"fr_FR","og_type":"article","og_title":"Int\u00e9gration 6\u00e8me 2021 sous le soleil de Charente - Actualit\u00e9s","og_description":"L'ann\u00e9e derni\u00e8re nous n'avons pas pu organiser ces journ\u00e9es d'int\u00e9gration pour nos \u00e9l\u00e8ves de 6\u00e8me. En 2021 elles ont bien lieu, sous le soleil de Charente.","og_url":"https:\/\/www.saint-paul-angouleme.fr\/application\/integration-6eme-2021-sous-le-soleil-de-charente\/","og_site_name":"Actualit\u00e9s","article_publisher":"https:\/\/www.facebook.com\/SaintPaulAngouleme16\/","article_published_time":"2021-09-30T10:07:52+00:00","article_modified_time":"2021-09-30T16:13:45+00:00","og_image":[{"url":"https:\/\/www.saint-paul-angouleme.fr\/application\/wp-content\/uploads\/2021\/09\/WhatsApp-Image-2021-09-23-at-15.10.52-2-1024x768.jpeg"}],"author":"SAINT-PAUL","twitter_card":"summary_large_image","twitter_creator":"@StPaulAngoulem","twitter_site":"@StPaulAngoulem","twitter_misc":{"\u00c9crit par":"SAINT-PAUL","Dur\u00e9e de lecture estim\u00e9e":"1 minute"},"schema":{"@context":"https:\/\/schema.org","@graph":[{"@type":"Article","@id":"https:\/\/www.saint-paul-angouleme.fr\/application\/integration-6eme-2021-sous-le-soleil-de-charente\/#article","isPartOf":{"@id":"https:\/\/www.saint-paul-angouleme.fr\/application\/integration-6eme-2021-sous-le-soleil-de-charente\/"},"author":{"name":"SAINT-PAUL","@id":"https:\/\/www.saint-paul-angouleme.fr\/application\/#\/schema\/person\/ea152930b1a3823659065827b1a5fb9b"},"headline":"Int\u00e9gration 6\u00e8me 2021 sous le soleil de Charente","datePublished":"2021-09-30T10:07:52+00:00","dateModified":"2021-09-30T16:13:45+00:00","mainEntityOfPage":{"@id":"https:\/\/www.saint-paul-angouleme.fr\/application\/integration-6eme-2021-sous-le-soleil-de-charente\/"},"wordCount":299,"commentCount":0,"publisher":{"@id":"https:\/\/www.saint-paul-angouleme.fr\/application\/#organization"},"image":{"@id":"https:\/\/www.saint-paul-angouleme.fr\/application\/integration-6eme-2021-sous-le-soleil-de-charente\/#primaryimage"},"thumbnailUrl":"https:\/\/www.saint-paul-angouleme.fr\/application\/wp-content\/uploads\/2021\/09\/WhatsApp-Image-2021-09-23-at-15.10.52-2-1024x768.jpeg","articleSection":["P\u00e9dagogie"],"inLanguage":"fr-FR","potentialAction":[{"@type":"CommentAction","name":"Comment","target":["https:\/\/www.saint-paul-angouleme.fr\/application\/integration-6eme-2021-sous-le-soleil-de-charente\/#respond"]}]},{"@type":"WebPage","@id":"https:\/\/www.saint-paul-angouleme.fr\/application\/integration-6eme-2021-sous-le-soleil-de-charente\/","url":"https:\/\/www.saint-paul-angouleme.fr\/application\/integration-6eme-2021-sous-le-soleil-de-charente\/","name":"Int\u00e9gration 6\u00e8me 2021 sous le soleil de Charente - Actualit\u00e9s","isPartOf":{"@id":"https:\/\/www.saint-paul-angouleme.fr\/application\/#website"},"primaryImageOfPage":{"@id":"https:\/\/www.saint-paul-angouleme.fr\/application\/integration-6eme-2021-sous-le-soleil-de-charente\/#primaryimage"},"image":{"@id":"https:\/\/www.saint-paul-angouleme.fr\/application\/integration-6eme-2021-sous-le-soleil-de-charente\/#primaryimage"},"thumbnailUrl":"https:\/\/www.saint-paul-angouleme.fr\/application\/wp-content\/uploads\/2021\/09\/WhatsApp-Image-2021-09-23-at-15.10.52-2-1024x768.jpeg","datePublished":"2021-09-30T10:07:52+00:00","dateModified":"2021-09-30T16:13:45+00:00","description":"L'ann\u00e9e derni\u00e8re nous n'avons pas pu organiser ces journ\u00e9es d'int\u00e9gration pour nos \u00e9l\u00e8ves de 6\u00e8me. En 2021 elles ont bien lieu, sous le soleil de Charente.","breadcrumb":{"@id":"https:\/\/www.saint-paul-angouleme.fr\/application\/integration-6eme-2021-sous-le-soleil-de-charente\/#breadcrumb"},"inLanguage":"fr-FR","potentialAction":[{"@type":"ReadAction","target":["https:\/\/www.saint-paul-angouleme.fr\/application\/integration-6eme-2021-sous-le-soleil-de-charente\/"]}]},{"@type":"ImageObject","inLanguage":"fr-FR","@id":"https:\/\/www.saint-paul-angouleme.fr\/application\/integration-6eme-2021-sous-le-soleil-de-charente\/#primaryimage","url":"https:\/\/www.saint-paul-angouleme.fr\/application\/wp-content\/uploads\/2021\/09\/WhatsApp-Image-2021-09-23-at-15.10.52-2-1024x768.jpeg","contentUrl":"https:\/\/www.saint-paul-angouleme.fr\/application\/wp-content\/uploads\/2021\/09\/WhatsApp-Image-2021-09-23-at-15.10.52-2-1024x768.jpeg"},{"@type":"BreadcrumbList","@id":"https:\/\/www.saint-paul-angouleme.fr\/application\/integration-6eme-2021-sous-le-soleil-de-charente\/#breadcrumb","itemListElement":[{"@type":"ListItem","position":1,"name":"Accueil","item":"http:\/\/www.saint-paul-angouleme.fr\/application\/"},{"@type":"ListItem","position":2,"name":"Int\u00e9gration 6\u00e8me 2021 sous le soleil de Charente"}]},{"@type":"WebSite","@id":"https:\/\/www.saint-paul-angouleme.fr\/application\/#website","url":"https:\/\/www.saint-paul-angouleme.fr\/application\/","name":"Actualit\u00e9s","description":"Actualit\u00e9s Saint Paul","publisher":{"@id":"https:\/\/www.saint-paul-angouleme.fr\/application\/#organization"},"potentialAction":[{"@type":"SearchAction","target":{"@type":"EntryPoint","urlTemplate":"https:\/\/www.saint-paul-angouleme.fr\/application\/?s={search_term_string}"},"query-input":"required name=search_term_string"}],"inLanguage":"fr-FR"},{"@type":"Organization","@id":"https:\/\/www.saint-paul-angouleme.fr\/application\/#organization","name":"Ensemble scolaire Saint-Paul","url":"https:\/\/www.saint-paul-angouleme.fr\/application\/","logo":{"@type":"ImageObject","inLanguage":"fr-FR","@id":"https:\/\/www.saint-paul-angouleme.fr\/application\/#\/schema\/logo\/image\/","url":"https:\/\/www.saint-paul-angouleme.fr\/application\/wp-content\/uploads\/2018\/08\/logo-saint-paul-couleurs.jpg","contentUrl":"https:\/\/www.saint-paul-angouleme.fr\/application\/wp-content\/uploads\/2018\/08\/logo-saint-paul-couleurs.jpg","width":1890,"height":709,"caption":"Ensemble scolaire Saint-Paul"},"image":{"@id":"https:\/\/www.saint-paul-angouleme.fr\/application\/#\/schema\/logo\/image\/"},"sameAs":["https:\/\/www.facebook.com\/SaintPaulAngouleme16\/","https:\/\/x.com\/StPaulAngoulem","https:\/\/www.youtube.com\/channel\/UCRLpz1CmPVqc0gn--YyXvjA?view_as=subscriber"]},{"@type":"Person","@id":"https:\/\/www.saint-paul-angouleme.fr\/application\/#\/schema\/person\/ea152930b1a3823659065827b1a5fb9b","name":"SAINT-PAUL","image":{"@type":"ImageObject","inLanguage":"fr-FR","@id":"https:\/\/www.saint-paul-angouleme.fr\/application\/#\/schema\/person\/image\/","url":"https:\/\/secure.gravatar.com\/avatar\/eadb0ffebc02683a61d69038eb2924f0?s=96&r=g","contentUrl":"https:\/\/secure.gravatar.com\/avatar\/eadb0ffebc02683a61d69038eb2924f0?s=96&r=g","caption":"SAINT-PAUL"},"url":"https:\/\/www.saint-paul-angouleme.fr\/application\/author\/myriam\/"}]}},"_links":{"self":[{"href":"https:\/\/www.saint-paul-angouleme.fr\/application\/wp-json\/wp\/v2\/posts\/5781"}],"collection":[{"href":"https:\/\/www.saint-paul-angouleme.fr\/application\/wp-json\/wp\/v2\/posts"}],"about":[{"href":"https:\/\/www.saint-paul-angouleme.fr\/application\/wp-json\/wp\/v2\/types\/post"}],"author":[{"embeddable":true,"href":"https:\/\/www.saint-paul-angouleme.fr\/application\/wp-json\/wp\/v2\/users\/3"}],"replies":[{"embeddable":true,"href":"https:\/\/www.saint-paul-angouleme.fr\/application\/wp-json\/wp\/v2\/comments?post=5781"}],"version-history":[{"count":6,"href":"https:\/\/www.saint-paul-angouleme.fr\/application\/wp-json\/wp\/v2\/posts\/5781\/revisions"}],"predecessor-version":[{"id":5804,"href":"https:\/\/www.saint-paul-angouleme.fr\/application\/wp-json\/wp\/v2\/posts\/5781\/revisions\/5804"}],"wp:attachment":[{"href":"https:\/\/www.saint-paul-angouleme.fr\/application\/wp-json\/wp\/v2\/media?parent=5781"}],"wp:term":[{"taxonomy":"category","embeddable":true,"href":"https:\/\/www.saint-paul-angouleme.fr\/application\/wp-json\/wp\/v2\/categories?post=5781"},{"taxonomy":"post_tag","embeddable":true,"href":"https:\/\/www.saint-paul-angouleme.fr\/application\/wp-json\/wp\/v2\/tags?post=5781"}],"curies":[{"name":"wp","href":"https:\/\/api.w.org\/{rel}","templated":true}]}}