{"id":5759,"date":"2021-09-14T11:05:40","date_gmt":"2021-09-14T09:05:40","guid":{"rendered":"https:\/\/www.saint-paul-angouleme.fr\/application\/?p=5759"},"modified":"2021-09-14T11:05:42","modified_gmt":"2021-09-14T09:05:42","slug":"une-rentree-a-trois-temps","status":"publish","type":"post","link":"https:\/\/www.saint-paul-angouleme.fr\/application\/une-rentree-a-trois-temps\/","title":{"rendered":"Une rentr\u00e9e \u00e0 trois temps"},"content":{"rendered":"\n<figure class=\"wp-block-image\"><img loading=\"lazy\" decoding=\"async\" width=\"1024\" height=\"762\" src=\"https:\/\/www.saint-paul-angouleme.fr\/application\/wp-content\/uploads\/2021\/09\/Rentr\u00e9e-2des-2021-3-1024x762.jpg\" alt=\"Rentr\u00e9e secondes\" class=\"wp-image-5760\" srcset=\"https:\/\/www.saint-paul-angouleme.fr\/application\/wp-content\/uploads\/2021\/09\/Rentr\u00e9e-2des-2021-3-1024x762.jpg 1024w, https:\/\/www.saint-paul-angouleme.fr\/application\/wp-content\/uploads\/2021\/09\/Rentr\u00e9e-2des-2021-3-300x223.jpg 300w, https:\/\/www.saint-paul-angouleme.fr\/application\/wp-content\/uploads\/2021\/09\/Rentr\u00e9e-2des-2021-3-768x571.jpg 768w\" sizes=\"(max-width: 1024px) 100vw, 1024px\" \/><\/figure>\n\n\n\n<p class=\"justification_texte { text-align: justify;}\">Deux semaines d\u00e9j\u00e0 que les cours ont repris. Retour sur sur cette rentr\u00e9e \u00e0 trois temps 2021-2022.<\/p>\n\n\n\n<h3 class=\"wp-block-heading\">Deux journ\u00e9es de pr\u00e9-rentr\u00e9e<\/h3>\n\n\n\n<p class=\"justification_texte { text-align: justify;}\">Le mardi 31 ao\u00fbt et le mercredi 1er septembre les enseignants se retrouvent \u00e0 Saint-Paul pour deux journ\u00e9es de Pr\u00e9-Rentr\u00e9e. <\/p>\n\n\n\n<p class=\"justification_texte { text-align: justify;}\">Actualit\u00e9s de rentr\u00e9e et perspectives, calendrier, \u00e9volution des \u00e9quipements et des espaces\u2026 De nombreux points sont abord\u00e9s afin que tout soit optimum le jour &#8220;J&#8221;. C&#8217;est aussi l&#8217;occasion d&#8217;accueillir les nouveaux professeur(e)s, de travailler en \u00e9quipe disciplinaire et se former ou se perfectionner aux outils de <a href=\"https:\/\/www.facebook.com\/hashtag\/continuite%CC%81pe%CC%81dagogique?__eep__=6&amp;__cft__[0]=AZWPPZyrFKBm6zFW6QWXoTNK4dpo6wKqQaucRGWYYJlViEI46RWLA543uG5aZCT8VqYpjlLOY7mBokjFQpUgUSdtxTw17YiTX6S1wDi4VjLymOxL1XUW8MD5czD9MRsloYpItYLq87hGQh_NIZTMQpebqJRu7nD8QmNDaFiJwnKzL0uE-hDL1IjO5Q2WpOLVQx8&amp;__tn__=*NK-R\">#continuit\u00e9p\u00e9dagogique<\/a> . Des journ\u00e9es agr\u00e9ables et bien remplies dans l&#8217;attente d&#8217;accueillir nos \u00e9l\u00e8ves jeudi et vendredi  <\/p>\n\n\n\n<ul class=\"wp-block-gallery aligncenter columns-3 is-cropped wp-block-gallery-1 is-layout-flex wp-block-gallery-is-layout-flex\"><li class=\"blocks-gallery-item\"><figure><img loading=\"lazy\" decoding=\"async\" width=\"1024\" height=\"576\" src=\"https:\/\/www.saint-paul-angouleme.fr\/application\/wp-content\/uploads\/2021\/09\/20210831_095253-1024x576.jpg\" alt=\"\" data-id=\"5764\" data-link=\"https:\/\/www.saint-paul-angouleme.fr\/application\/?attachment_id=5764#main\" class=\"wp-image-5764\" srcset=\"https:\/\/www.saint-paul-angouleme.fr\/application\/wp-content\/uploads\/2021\/09\/20210831_095253-1024x576.jpg 1024w, https:\/\/www.saint-paul-angouleme.fr\/application\/wp-content\/uploads\/2021\/09\/20210831_095253-300x169.jpg 300w, https:\/\/www.saint-paul-angouleme.fr\/application\/wp-content\/uploads\/2021\/09\/20210831_095253-768x432.jpg 768w\" sizes=\"(max-width: 1024px) 100vw, 1024px\" \/><\/figure><\/li><li class=\"blocks-gallery-item\"><figure><img loading=\"lazy\" decoding=\"async\" width=\"1024\" height=\"576\" src=\"https:\/\/www.saint-paul-angouleme.fr\/application\/wp-content\/uploads\/2021\/09\/20210831_095200-1024x576.jpg\" alt=\"\" data-id=\"5761\" data-link=\"https:\/\/www.saint-paul-angouleme.fr\/application\/?attachment_id=5761#main\" class=\"wp-image-5761\" srcset=\"https:\/\/www.saint-paul-angouleme.fr\/application\/wp-content\/uploads\/2021\/09\/20210831_095200-1024x576.jpg 1024w, https:\/\/www.saint-paul-angouleme.fr\/application\/wp-content\/uploads\/2021\/09\/20210831_095200-300x169.jpg 300w, https:\/\/www.saint-paul-angouleme.fr\/application\/wp-content\/uploads\/2021\/09\/20210831_095200-768x432.jpg 768w\" sizes=\"(max-width: 1024px) 100vw, 1024px\" \/><\/figure><\/li><li class=\"blocks-gallery-item\"><figure><img loading=\"lazy\" decoding=\"async\" width=\"1024\" height=\"576\" src=\"https:\/\/www.saint-paul-angouleme.fr\/application\/wp-content\/uploads\/2021\/09\/20210831_095222-1024x576.jpg\" alt=\"\" data-id=\"5762\" data-link=\"https:\/\/www.saint-paul-angouleme.fr\/application\/?attachment_id=5762#main\" class=\"wp-image-5762\" srcset=\"https:\/\/www.saint-paul-angouleme.fr\/application\/wp-content\/uploads\/2021\/09\/20210831_095222-1024x576.jpg 1024w, https:\/\/www.saint-paul-angouleme.fr\/application\/wp-content\/uploads\/2021\/09\/20210831_095222-300x169.jpg 300w, https:\/\/www.saint-paul-angouleme.fr\/application\/wp-content\/uploads\/2021\/09\/20210831_095222-768x432.jpg 768w\" sizes=\"(max-width: 1024px) 100vw, 1024px\" \/><\/figure><\/li><\/ul>\n\n\n\n<h3 class=\"wp-block-heading\">Un accueil sur mesure pour les \u00e9l\u00e8ves de 6\u00e8me<\/h3>\n\n\n\n<p class=\"justification_texte { text-align: justify;}\">L&#8217;entr\u00e9e en sixi\u00e8me est un \u00e9v\u00e9nement pour un \u00e9l\u00e8ve qui quitte le CM2. Ces jeunes \u00e9l\u00e8ves se retrouvent dans un \u00e9tablissement beaucoup plus grand que l&#8217;ancienne \u00e9cole. De plus, l&#8217;organisation de la journ\u00e9e est radicalement diff\u00e9rente. Ainsi,  la premi\u00e8re journ\u00e9e de rentr\u00e9e leur est sp\u00e9cialement d\u00e9di\u00e9e. Premi\u00e8rement, la matin\u00e9e est r\u00e9serv\u00e9e \u00e0 l&#8217;explication de l&#8217;emploi du temps et du fonctionnement du Coll\u00e8ge. Deuxi\u00e8mement, l&#8217;apr\u00e8s-midi permet de d\u00e9couvrir l&#8217;ensemble du coll\u00e8ge et les enseignants grace \u00e0 une course d&#8217;orientation. Une belle journ\u00e9e qui ravit nos jeunes coll\u00e9giens.<\/p>\n\n\n\n<ul class=\"wp-block-gallery columns-3 is-cropped wp-block-gallery-2 is-layout-flex wp-block-gallery-is-layout-flex\"><li class=\"blocks-gallery-item\"><figure><img loading=\"lazy\" decoding=\"async\" width=\"1024\" height=\"768\" src=\"https:\/\/www.saint-paul-angouleme.fr\/application\/wp-content\/uploads\/2021\/09\/Rentr\u00e9e-2021-3-1024x768.jpg\" alt=\"\" data-id=\"5766\" data-link=\"https:\/\/www.saint-paul-angouleme.fr\/application\/?attachment_id=5766#main\" class=\"wp-image-5766\" srcset=\"https:\/\/www.saint-paul-angouleme.fr\/application\/wp-content\/uploads\/2021\/09\/Rentr\u00e9e-2021-3-1024x768.jpg 1024w, https:\/\/www.saint-paul-angouleme.fr\/application\/wp-content\/uploads\/2021\/09\/Rentr\u00e9e-2021-3-300x225.jpg 300w, https:\/\/www.saint-paul-angouleme.fr\/application\/wp-content\/uploads\/2021\/09\/Rentr\u00e9e-2021-3-768x576.jpg 768w\" sizes=\"(max-width: 1024px) 100vw, 1024px\" \/><\/figure><\/li><li class=\"blocks-gallery-item\"><figure><img loading=\"lazy\" decoding=\"async\" width=\"1024\" height=\"768\" src=\"https:\/\/www.saint-paul-angouleme.fr\/application\/wp-content\/uploads\/2021\/09\/Rentr\u00e9e-2021-9-1024x768.jpg\" alt=\"\" data-id=\"5767\" data-link=\"https:\/\/www.saint-paul-angouleme.fr\/application\/?attachment_id=5767#main\" class=\"wp-image-5767\" srcset=\"https:\/\/www.saint-paul-angouleme.fr\/application\/wp-content\/uploads\/2021\/09\/Rentr\u00e9e-2021-9-1024x768.jpg 1024w, https:\/\/www.saint-paul-angouleme.fr\/application\/wp-content\/uploads\/2021\/09\/Rentr\u00e9e-2021-9-300x225.jpg 300w, https:\/\/www.saint-paul-angouleme.fr\/application\/wp-content\/uploads\/2021\/09\/Rentr\u00e9e-2021-9-768x576.jpg 768w\" sizes=\"(max-width: 1024px) 100vw, 1024px\" \/><\/figure><\/li><li class=\"blocks-gallery-item\"><figure><img loading=\"lazy\" decoding=\"async\" width=\"1024\" height=\"768\" src=\"https:\/\/www.saint-paul-angouleme.fr\/application\/wp-content\/uploads\/2021\/09\/Rentr\u00e9e-2021-10-1024x768.jpg\" alt=\"\" data-id=\"5768\" data-link=\"https:\/\/www.saint-paul-angouleme.fr\/application\/?attachment_id=5768#main\" class=\"wp-image-5768\" srcset=\"https:\/\/www.saint-paul-angouleme.fr\/application\/wp-content\/uploads\/2021\/09\/Rentr\u00e9e-2021-10-1024x768.jpg 1024w, https:\/\/www.saint-paul-angouleme.fr\/application\/wp-content\/uploads\/2021\/09\/Rentr\u00e9e-2021-10-300x225.jpg 300w, https:\/\/www.saint-paul-angouleme.fr\/application\/wp-content\/uploads\/2021\/09\/Rentr\u00e9e-2021-10-768x576.jpg 768w\" sizes=\"(max-width: 1024px) 100vw, 1024px\" \/><\/figure><\/li><li class=\"blocks-gallery-item\"><figure><img loading=\"lazy\" decoding=\"async\" width=\"1024\" height=\"773\" src=\"https:\/\/www.saint-paul-angouleme.fr\/application\/wp-content\/uploads\/2021\/09\/Rentr\u00e9e-2021-13-1024x773.jpg\" alt=\"\" data-id=\"5769\" data-link=\"https:\/\/www.saint-paul-angouleme.fr\/application\/?attachment_id=5769#main\" class=\"wp-image-5769\" srcset=\"https:\/\/www.saint-paul-angouleme.fr\/application\/wp-content\/uploads\/2021\/09\/Rentr\u00e9e-2021-13-1024x773.jpg 1024w, https:\/\/www.saint-paul-angouleme.fr\/application\/wp-content\/uploads\/2021\/09\/Rentr\u00e9e-2021-13-300x226.jpg 300w, https:\/\/www.saint-paul-angouleme.fr\/application\/wp-content\/uploads\/2021\/09\/Rentr\u00e9e-2021-13-768x579.jpg 768w\" sizes=\"(max-width: 1024px) 100vw, 1024px\" \/><\/figure><\/li><li class=\"blocks-gallery-item\"><figure><img loading=\"lazy\" decoding=\"async\" width=\"1024\" height=\"768\" src=\"https:\/\/www.saint-paul-angouleme.fr\/application\/wp-content\/uploads\/2021\/09\/Rentr\u00e9e-2021-15-1024x768.jpg\" alt=\"\" data-id=\"5770\" data-link=\"https:\/\/www.saint-paul-angouleme.fr\/application\/?attachment_id=5770#main\" class=\"wp-image-5770\" srcset=\"https:\/\/www.saint-paul-angouleme.fr\/application\/wp-content\/uploads\/2021\/09\/Rentr\u00e9e-2021-15-1024x768.jpg 1024w, https:\/\/www.saint-paul-angouleme.fr\/application\/wp-content\/uploads\/2021\/09\/Rentr\u00e9e-2021-15-300x225.jpg 300w, https:\/\/www.saint-paul-angouleme.fr\/application\/wp-content\/uploads\/2021\/09\/Rentr\u00e9e-2021-15-768x576.jpg 768w\" sizes=\"(max-width: 1024px) 100vw, 1024px\" \/><\/figure><\/li><li class=\"blocks-gallery-item\"><figure><img loading=\"lazy\" decoding=\"async\" width=\"1024\" height=\"768\" src=\"https:\/\/www.saint-paul-angouleme.fr\/application\/wp-content\/uploads\/2021\/09\/Rentr\u00e9e-2021-16-1024x768.jpg\" alt=\"\" data-id=\"5771\" data-link=\"https:\/\/www.saint-paul-angouleme.fr\/application\/?attachment_id=5771#main\" class=\"wp-image-5771\" srcset=\"https:\/\/www.saint-paul-angouleme.fr\/application\/wp-content\/uploads\/2021\/09\/Rentr\u00e9e-2021-16-1024x768.jpg 1024w, https:\/\/www.saint-paul-angouleme.fr\/application\/wp-content\/uploads\/2021\/09\/Rentr\u00e9e-2021-16-300x225.jpg 300w, https:\/\/www.saint-paul-angouleme.fr\/application\/wp-content\/uploads\/2021\/09\/Rentr\u00e9e-2021-16-768x576.jpg 768w\" sizes=\"(max-width: 1024px) 100vw, 1024px\" \/><\/figure><\/li><\/ul>\n\n\n\n<h3 class=\"wp-block-heading\">Une rentr\u00e9e sp\u00e9ciale &#8220;Secondes&#8221;<\/h3>\n\n\n\n<p class=\"justification_texte { text-align: justify;}\">Le passage au lyc\u00e9e est aussi une \u00e9tape importante. C&#8217;est ainsi que les \u00e9l\u00e8ves de Seconde sont accueillis en d\u00e9but d&#8217;apr\u00e8s-midi, avant l&#8217;arriv\u00e9e des autres lyc\u00e9ens. L\u00e0 encore les Professeurs Responsables de Classe prennent le temps d&#8217;expliquer le fonctionnement du Lyc\u00e9e ainsi que l&#8217;emploi du temps et autres questions annexes. Alors qu&#8217;ils sont en classe, les autres lyc\u00e9ens int\u00e8grent leur classe. C&#8217;est une rentr\u00e9e bien d\u00e9marr\u00e9e.<\/p>\n\n\n\n<ul class=\"wp-block-gallery columns-3 is-cropped wp-block-gallery-3 is-layout-flex wp-block-gallery-is-layout-flex\"><li class=\"blocks-gallery-item\"><figure><img loading=\"lazy\" decoding=\"async\" width=\"1024\" height=\"748\" src=\"https:\/\/www.saint-paul-angouleme.fr\/application\/wp-content\/uploads\/2021\/09\/Rentr\u00e9e-2des-2021_censored-1024x748.jpg\" alt=\"\" data-id=\"5772\" data-link=\"https:\/\/www.saint-paul-angouleme.fr\/application\/?attachment_id=5772#main\" class=\"wp-image-5772\" srcset=\"https:\/\/www.saint-paul-angouleme.fr\/application\/wp-content\/uploads\/2021\/09\/Rentr\u00e9e-2des-2021_censored-1024x748.jpg 1024w, https:\/\/www.saint-paul-angouleme.fr\/application\/wp-content\/uploads\/2021\/09\/Rentr\u00e9e-2des-2021_censored-300x219.jpg 300w, https:\/\/www.saint-paul-angouleme.fr\/application\/wp-content\/uploads\/2021\/09\/Rentr\u00e9e-2des-2021_censored-768x561.jpg 768w, https:\/\/www.saint-paul-angouleme.fr\/application\/wp-content\/uploads\/2021\/09\/Rentr\u00e9e-2des-2021_censored.jpg 2048w\" sizes=\"(max-width: 1024px) 100vw, 1024px\" \/><\/figure><\/li><li class=\"blocks-gallery-item\"><figure><img loading=\"lazy\" decoding=\"async\" width=\"1024\" height=\"768\" src=\"https:\/\/www.saint-paul-angouleme.fr\/application\/wp-content\/uploads\/2021\/09\/Rentr\u00e9e-2des-2021-2-1024x768.jpg\" alt=\"\" data-id=\"5773\" data-link=\"https:\/\/www.saint-paul-angouleme.fr\/application\/?attachment_id=5773#main\" class=\"wp-image-5773\" srcset=\"https:\/\/www.saint-paul-angouleme.fr\/application\/wp-content\/uploads\/2021\/09\/Rentr\u00e9e-2des-2021-2-1024x768.jpg 1024w, https:\/\/www.saint-paul-angouleme.fr\/application\/wp-content\/uploads\/2021\/09\/Rentr\u00e9e-2des-2021-2-300x225.jpg 300w, https:\/\/www.saint-paul-angouleme.fr\/application\/wp-content\/uploads\/2021\/09\/Rentr\u00e9e-2des-2021-2-768x576.jpg 768w\" sizes=\"(max-width: 1024px) 100vw, 1024px\" \/><\/figure><\/li><li class=\"blocks-gallery-item\"><figure><img loading=\"lazy\" decoding=\"async\" width=\"1024\" height=\"762\" src=\"https:\/\/www.saint-paul-angouleme.fr\/application\/wp-content\/uploads\/2021\/09\/Rentr\u00e9e-2des-2021-3-1-1024x762.jpg\" alt=\"\" data-id=\"5774\" data-link=\"https:\/\/www.saint-paul-angouleme.fr\/application\/?attachment_id=5774#main\" class=\"wp-image-5774\" srcset=\"https:\/\/www.saint-paul-angouleme.fr\/application\/wp-content\/uploads\/2021\/09\/Rentr\u00e9e-2des-2021-3-1-1024x762.jpg 1024w, https:\/\/www.saint-paul-angouleme.fr\/application\/wp-content\/uploads\/2021\/09\/Rentr\u00e9e-2des-2021-3-1-300x223.jpg 300w, https:\/\/www.saint-paul-angouleme.fr\/application\/wp-content\/uploads\/2021\/09\/Rentr\u00e9e-2des-2021-3-1-768x571.jpg 768w\" sizes=\"(max-width: 1024px) 100vw, 1024px\" \/><\/figure><\/li><li class=\"blocks-gallery-item\"><figure><img loading=\"lazy\" decoding=\"async\" width=\"1024\" height=\"756\" src=\"https:\/\/www.saint-paul-angouleme.fr\/application\/wp-content\/uploads\/2021\/09\/Rentr\u00e9e-2des-2021-4-1024x756.jpg\" alt=\"\" data-id=\"5775\" data-link=\"https:\/\/www.saint-paul-angouleme.fr\/application\/?attachment_id=5775#main\" class=\"wp-image-5775\" srcset=\"https:\/\/www.saint-paul-angouleme.fr\/application\/wp-content\/uploads\/2021\/09\/Rentr\u00e9e-2des-2021-4-1024x756.jpg 1024w, https:\/\/www.saint-paul-angouleme.fr\/application\/wp-content\/uploads\/2021\/09\/Rentr\u00e9e-2des-2021-4-300x221.jpg 300w, https:\/\/www.saint-paul-angouleme.fr\/application\/wp-content\/uploads\/2021\/09\/Rentr\u00e9e-2des-2021-4-768x567.jpg 768w\" sizes=\"(max-width: 1024px) 100vw, 1024px\" \/><\/figure><\/li><li class=\"blocks-gallery-item\"><figure><img loading=\"lazy\" decoding=\"async\" width=\"1024\" height=\"768\" src=\"https:\/\/www.saint-paul-angouleme.fr\/application\/wp-content\/uploads\/2021\/09\/Rentr\u00e9e-2des-2021-7_censored-1024x768.jpg\" alt=\"\" data-id=\"5776\" data-link=\"https:\/\/www.saint-paul-angouleme.fr\/application\/?attachment_id=5776#main\" class=\"wp-image-5776\" srcset=\"https:\/\/www.saint-paul-angouleme.fr\/application\/wp-content\/uploads\/2021\/09\/Rentr\u00e9e-2des-2021-7_censored-1024x768.jpg 1024w, https:\/\/www.saint-paul-angouleme.fr\/application\/wp-content\/uploads\/2021\/09\/Rentr\u00e9e-2des-2021-7_censored-300x225.jpg 300w, https:\/\/www.saint-paul-angouleme.fr\/application\/wp-content\/uploads\/2021\/09\/Rentr\u00e9e-2des-2021-7_censored-768x576.jpg 768w, https:\/\/www.saint-paul-angouleme.fr\/application\/wp-content\/uploads\/2021\/09\/Rentr\u00e9e-2des-2021-7_censored.jpg 2048w\" sizes=\"(max-width: 1024px) 100vw, 1024px\" \/><\/figure><\/li><li class=\"blocks-gallery-item\"><figure><img loading=\"lazy\" decoding=\"async\" width=\"1024\" height=\"743\" src=\"https:\/\/www.saint-paul-angouleme.fr\/application\/wp-content\/uploads\/2021\/09\/Rentr\u00e9e-2des-2021-8-1024x743.jpg\" alt=\"\" data-id=\"5777\" data-link=\"https:\/\/www.saint-paul-angouleme.fr\/application\/?attachment_id=5777#main\" class=\"wp-image-5777\" srcset=\"https:\/\/www.saint-paul-angouleme.fr\/application\/wp-content\/uploads\/2021\/09\/Rentr\u00e9e-2des-2021-8-1024x743.jpg 1024w, https:\/\/www.saint-paul-angouleme.fr\/application\/wp-content\/uploads\/2021\/09\/Rentr\u00e9e-2des-2021-8-300x218.jpg 300w, https:\/\/www.saint-paul-angouleme.fr\/application\/wp-content\/uploads\/2021\/09\/Rentr\u00e9e-2des-2021-8-768x557.jpg 768w\" sizes=\"(max-width: 1024px) 100vw, 1024px\" \/><\/figure><\/li><\/ul>\n","protected":false},"excerpt":{"rendered":"<p>Deux semaines d\u00e9j\u00e0 que les cours ont repris. Retour sur sur cette rentr\u00e9e \u00e0 trois temps 2021-2022. Deux journ\u00e9es de pr\u00e9-rentr\u00e9e Le mardi 31 ao\u00fbt et le mercredi 1er septembre les enseignants se retrouvent \u00e0 Saint-Paul pour deux journ\u00e9es de Pr\u00e9-Rentr\u00e9e. Actualit\u00e9s de rentr\u00e9e et perspectives, calendrier, \u00e9volution des \u00e9quipements et des espaces\u2026 De nombreux &#8230; <a title=\"Une rentr\u00e9e \u00e0 trois temps\" class=\"read-more\" href=\"https:\/\/www.saint-paul-angouleme.fr\/application\/une-rentree-a-trois-temps\/\" aria-label=\"Read more about Une rentr\u00e9e \u00e0 trois temps\">Lire la suite<\/a><\/p>\n","protected":false},"author":3,"featured_media":0,"comment_status":"open","ping_status":"open","sticky":false,"template":"","format":"standard","meta":{"_exactmetrics_skip_tracking":false,"_exactmetrics_sitenote_active":false,"_exactmetrics_sitenote_note":"","_exactmetrics_sitenote_category":0,"footnotes":""},"categories":[13],"tags":[],"class_list":["post-5759","post","type-post","status-publish","format-standard","hentry","category-pedagogie"],"yoast_head":"<!-- This site is optimized with the Yoast SEO plugin v23.3 - https:\/\/yoast.com\/wordpress\/plugins\/seo\/ -->\n<title>Une rentr\u00e9e \u00e0 trois temps - Actualit\u00e9s<\/title>\n<meta name=\"robots\" content=\"index, follow, max-snippet:-1, max-image-preview:large, max-video-preview:-1\" \/>\n<link rel=\"canonical\" href=\"https:\/\/www.saint-paul-angouleme.fr\/application\/une-rentree-a-trois-temps\/\" \/>\n<meta property=\"og:locale\" content=\"fr_FR\" \/>\n<meta property=\"og:type\" content=\"article\" \/>\n<meta property=\"og:title\" content=\"Une rentr\u00e9e \u00e0 trois temps - Actualit\u00e9s\" \/>\n<meta property=\"og:description\" content=\"Deux semaines d\u00e9j\u00e0 que les cours ont repris. Retour sur sur cette rentr\u00e9e \u00e0 trois temps 2021-2022. Deux journ\u00e9es de pr\u00e9-rentr\u00e9e Le mardi 31 ao\u00fbt et le mercredi 1er septembre les enseignants se retrouvent \u00e0 Saint-Paul pour deux journ\u00e9es de Pr\u00e9-Rentr\u00e9e. Actualit\u00e9s de rentr\u00e9e et perspectives, calendrier, \u00e9volution des \u00e9quipements et des espaces\u2026 De nombreux ... Lire la suite\" \/>\n<meta property=\"og:url\" content=\"https:\/\/www.saint-paul-angouleme.fr\/application\/une-rentree-a-trois-temps\/\" \/>\n<meta property=\"og:site_name\" content=\"Actualit\u00e9s\" \/>\n<meta property=\"article:publisher\" content=\"https:\/\/www.facebook.com\/SaintPaulAngouleme16\/\" \/>\n<meta property=\"article:published_time\" content=\"2021-09-14T09:05:40+00:00\" \/>\n<meta property=\"article:modified_time\" content=\"2021-09-14T09:05:42+00:00\" \/>\n<meta property=\"og:image\" content=\"https:\/\/www.saint-paul-angouleme.fr\/application\/wp-content\/uploads\/2021\/09\/20210831_095253-1024x576.jpg\" \/>\n<meta name=\"author\" content=\"SAINT-PAUL\" \/>\n<meta name=\"twitter:card\" content=\"summary_large_image\" \/>\n<meta name=\"twitter:creator\" content=\"@StPaulAngoulem\" \/>\n<meta name=\"twitter:site\" content=\"@StPaulAngoulem\" \/>\n<meta name=\"twitter:label1\" content=\"\u00c9crit par\" \/>\n\t<meta name=\"twitter:data1\" content=\"SAINT-PAUL\" \/>\n\t<meta name=\"twitter:label2\" content=\"Dur\u00e9e de lecture estim\u00e9e\" \/>\n\t<meta name=\"twitter:data2\" content=\"2 minutes\" \/>\n<script type=\"application\/ld+json\" class=\"yoast-schema-graph\">{\"@context\":\"https:\/\/schema.org\",\"@graph\":[{\"@type\":\"Article\",\"@id\":\"https:\/\/www.saint-paul-angouleme.fr\/application\/une-rentree-a-trois-temps\/#article\",\"isPartOf\":{\"@id\":\"https:\/\/www.saint-paul-angouleme.fr\/application\/une-rentree-a-trois-temps\/\"},\"author\":{\"name\":\"SAINT-PAUL\",\"@id\":\"https:\/\/www.saint-paul-angouleme.fr\/application\/#\/schema\/person\/ea152930b1a3823659065827b1a5fb9b\"},\"headline\":\"Une rentr\u00e9e \u00e0 trois temps\",\"datePublished\":\"2021-09-14T09:05:40+00:00\",\"dateModified\":\"2021-09-14T09:05:42+00:00\",\"mainEntityOfPage\":{\"@id\":\"https:\/\/www.saint-paul-angouleme.fr\/application\/une-rentree-a-trois-temps\/\"},\"wordCount\":345,\"commentCount\":0,\"publisher\":{\"@id\":\"https:\/\/www.saint-paul-angouleme.fr\/application\/#organization\"},\"image\":{\"@id\":\"https:\/\/www.saint-paul-angouleme.fr\/application\/une-rentree-a-trois-temps\/#primaryimage\"},\"thumbnailUrl\":\"https:\/\/www.saint-paul-angouleme.fr\/application\/wp-content\/uploads\/2021\/09\/20210831_095253-1024x576.jpg\",\"articleSection\":[\"P\u00e9dagogie\"],\"inLanguage\":\"fr-FR\",\"potentialAction\":[{\"@type\":\"CommentAction\",\"name\":\"Comment\",\"target\":[\"https:\/\/www.saint-paul-angouleme.fr\/application\/une-rentree-a-trois-temps\/#respond\"]}]},{\"@type\":\"WebPage\",\"@id\":\"https:\/\/www.saint-paul-angouleme.fr\/application\/une-rentree-a-trois-temps\/\",\"url\":\"https:\/\/www.saint-paul-angouleme.fr\/application\/une-rentree-a-trois-temps\/\",\"name\":\"Une rentr\u00e9e \u00e0 trois temps - Actualit\u00e9s\",\"isPartOf\":{\"@id\":\"https:\/\/www.saint-paul-angouleme.fr\/application\/#website\"},\"primaryImageOfPage\":{\"@id\":\"https:\/\/www.saint-paul-angouleme.fr\/application\/une-rentree-a-trois-temps\/#primaryimage\"},\"image\":{\"@id\":\"https:\/\/www.saint-paul-angouleme.fr\/application\/une-rentree-a-trois-temps\/#primaryimage\"},\"thumbnailUrl\":\"https:\/\/www.saint-paul-angouleme.fr\/application\/wp-content\/uploads\/2021\/09\/20210831_095253-1024x576.jpg\",\"datePublished\":\"2021-09-14T09:05:40+00:00\",\"dateModified\":\"2021-09-14T09:05:42+00:00\",\"breadcrumb\":{\"@id\":\"https:\/\/www.saint-paul-angouleme.fr\/application\/une-rentree-a-trois-temps\/#breadcrumb\"},\"inLanguage\":\"fr-FR\",\"potentialAction\":[{\"@type\":\"ReadAction\",\"target\":[\"https:\/\/www.saint-paul-angouleme.fr\/application\/une-rentree-a-trois-temps\/\"]}]},{\"@type\":\"ImageObject\",\"inLanguage\":\"fr-FR\",\"@id\":\"https:\/\/www.saint-paul-angouleme.fr\/application\/une-rentree-a-trois-temps\/#primaryimage\",\"url\":\"https:\/\/www.saint-paul-angouleme.fr\/application\/wp-content\/uploads\/2021\/09\/20210831_095253.jpg\",\"contentUrl\":\"https:\/\/www.saint-paul-angouleme.fr\/application\/wp-content\/uploads\/2021\/09\/20210831_095253.jpg\",\"width\":4032,\"height\":2268},{\"@type\":\"BreadcrumbList\",\"@id\":\"https:\/\/www.saint-paul-angouleme.fr\/application\/une-rentree-a-trois-temps\/#breadcrumb\",\"itemListElement\":[{\"@type\":\"ListItem\",\"position\":1,\"name\":\"Accueil\",\"item\":\"http:\/\/www.saint-paul-angouleme.fr\/application\/\"},{\"@type\":\"ListItem\",\"position\":2,\"name\":\"Une rentr\u00e9e \u00e0 trois temps\"}]},{\"@type\":\"WebSite\",\"@id\":\"https:\/\/www.saint-paul-angouleme.fr\/application\/#website\",\"url\":\"https:\/\/www.saint-paul-angouleme.fr\/application\/\",\"name\":\"Actualit\u00e9s\",\"description\":\"Actualit\u00e9s Saint Paul\",\"publisher\":{\"@id\":\"https:\/\/www.saint-paul-angouleme.fr\/application\/#organization\"},\"potentialAction\":[{\"@type\":\"SearchAction\",\"target\":{\"@type\":\"EntryPoint\",\"urlTemplate\":\"https:\/\/www.saint-paul-angouleme.fr\/application\/?s={search_term_string}\"},\"query-input\":\"required name=search_term_string\"}],\"inLanguage\":\"fr-FR\"},{\"@type\":\"Organization\",\"@id\":\"https:\/\/www.saint-paul-angouleme.fr\/application\/#organization\",\"name\":\"Ensemble scolaire Saint-Paul\",\"url\":\"https:\/\/www.saint-paul-angouleme.fr\/application\/\",\"logo\":{\"@type\":\"ImageObject\",\"inLanguage\":\"fr-FR\",\"@id\":\"https:\/\/www.saint-paul-angouleme.fr\/application\/#\/schema\/logo\/image\/\",\"url\":\"https:\/\/www.saint-paul-angouleme.fr\/application\/wp-content\/uploads\/2018\/08\/logo-saint-paul-couleurs.jpg\",\"contentUrl\":\"https:\/\/www.saint-paul-angouleme.fr\/application\/wp-content\/uploads\/2018\/08\/logo-saint-paul-couleurs.jpg\",\"width\":1890,\"height\":709,\"caption\":\"Ensemble scolaire Saint-Paul\"},\"image\":{\"@id\":\"https:\/\/www.saint-paul-angouleme.fr\/application\/#\/schema\/logo\/image\/\"},\"sameAs\":[\"https:\/\/www.facebook.com\/SaintPaulAngouleme16\/\",\"https:\/\/x.com\/StPaulAngoulem\",\"https:\/\/www.youtube.com\/channel\/UCRLpz1CmPVqc0gn--YyXvjA?view_as=subscriber\"]},{\"@type\":\"Person\",\"@id\":\"https:\/\/www.saint-paul-angouleme.fr\/application\/#\/schema\/person\/ea152930b1a3823659065827b1a5fb9b\",\"name\":\"SAINT-PAUL\",\"image\":{\"@type\":\"ImageObject\",\"inLanguage\":\"fr-FR\",\"@id\":\"https:\/\/www.saint-paul-angouleme.fr\/application\/#\/schema\/person\/image\/\",\"url\":\"https:\/\/secure.gravatar.com\/avatar\/eadb0ffebc02683a61d69038eb2924f0?s=96&r=g\",\"contentUrl\":\"https:\/\/secure.gravatar.com\/avatar\/eadb0ffebc02683a61d69038eb2924f0?s=96&r=g\",\"caption\":\"SAINT-PAUL\"},\"url\":\"https:\/\/www.saint-paul-angouleme.fr\/application\/author\/myriam\/\"}]}<\/script>\n<!-- \/ Yoast SEO plugin. -->","yoast_head_json":{"title":"Une rentr\u00e9e \u00e0 trois temps - Actualit\u00e9s","robots":{"index":"index","follow":"follow","max-snippet":"max-snippet:-1","max-image-preview":"max-image-preview:large","max-video-preview":"max-video-preview:-1"},"canonical":"https:\/\/www.saint-paul-angouleme.fr\/application\/une-rentree-a-trois-temps\/","og_locale":"fr_FR","og_type":"article","og_title":"Une rentr\u00e9e \u00e0 trois temps - Actualit\u00e9s","og_description":"Deux semaines d\u00e9j\u00e0 que les cours ont repris. Retour sur sur cette rentr\u00e9e \u00e0 trois temps 2021-2022. Deux journ\u00e9es de pr\u00e9-rentr\u00e9e Le mardi 31 ao\u00fbt et le mercredi 1er septembre les enseignants se retrouvent \u00e0 Saint-Paul pour deux journ\u00e9es de Pr\u00e9-Rentr\u00e9e. Actualit\u00e9s de rentr\u00e9e et perspectives, calendrier, \u00e9volution des \u00e9quipements et des espaces\u2026 De nombreux ... Lire la suite","og_url":"https:\/\/www.saint-paul-angouleme.fr\/application\/une-rentree-a-trois-temps\/","og_site_name":"Actualit\u00e9s","article_publisher":"https:\/\/www.facebook.com\/SaintPaulAngouleme16\/","article_published_time":"2021-09-14T09:05:40+00:00","article_modified_time":"2021-09-14T09:05:42+00:00","og_image":[{"url":"https:\/\/www.saint-paul-angouleme.fr\/application\/wp-content\/uploads\/2021\/09\/20210831_095253-1024x576.jpg"}],"author":"SAINT-PAUL","twitter_card":"summary_large_image","twitter_creator":"@StPaulAngoulem","twitter_site":"@StPaulAngoulem","twitter_misc":{"\u00c9crit par":"SAINT-PAUL","Dur\u00e9e de lecture estim\u00e9e":"2 minutes"},"schema":{"@context":"https:\/\/schema.org","@graph":[{"@type":"Article","@id":"https:\/\/www.saint-paul-angouleme.fr\/application\/une-rentree-a-trois-temps\/#article","isPartOf":{"@id":"https:\/\/www.saint-paul-angouleme.fr\/application\/une-rentree-a-trois-temps\/"},"author":{"name":"SAINT-PAUL","@id":"https:\/\/www.saint-paul-angouleme.fr\/application\/#\/schema\/person\/ea152930b1a3823659065827b1a5fb9b"},"headline":"Une rentr\u00e9e \u00e0 trois temps","datePublished":"2021-09-14T09:05:40+00:00","dateModified":"2021-09-14T09:05:42+00:00","mainEntityOfPage":{"@id":"https:\/\/www.saint-paul-angouleme.fr\/application\/une-rentree-a-trois-temps\/"},"wordCount":345,"commentCount":0,"publisher":{"@id":"https:\/\/www.saint-paul-angouleme.fr\/application\/#organization"},"image":{"@id":"https:\/\/www.saint-paul-angouleme.fr\/application\/une-rentree-a-trois-temps\/#primaryimage"},"thumbnailUrl":"https:\/\/www.saint-paul-angouleme.fr\/application\/wp-content\/uploads\/2021\/09\/20210831_095253-1024x576.jpg","articleSection":["P\u00e9dagogie"],"inLanguage":"fr-FR","potentialAction":[{"@type":"CommentAction","name":"Comment","target":["https:\/\/www.saint-paul-angouleme.fr\/application\/une-rentree-a-trois-temps\/#respond"]}]},{"@type":"WebPage","@id":"https:\/\/www.saint-paul-angouleme.fr\/application\/une-rentree-a-trois-temps\/","url":"https:\/\/www.saint-paul-angouleme.fr\/application\/une-rentree-a-trois-temps\/","name":"Une rentr\u00e9e \u00e0 trois temps - Actualit\u00e9s","isPartOf":{"@id":"https:\/\/www.saint-paul-angouleme.fr\/application\/#website"},"primaryImageOfPage":{"@id":"https:\/\/www.saint-paul-angouleme.fr\/application\/une-rentree-a-trois-temps\/#primaryimage"},"image":{"@id":"https:\/\/www.saint-paul-angouleme.fr\/application\/une-rentree-a-trois-temps\/#primaryimage"},"thumbnailUrl":"https:\/\/www.saint-paul-angouleme.fr\/application\/wp-content\/uploads\/2021\/09\/20210831_095253-1024x576.jpg","datePublished":"2021-09-14T09:05:40+00:00","dateModified":"2021-09-14T09:05:42+00:00","breadcrumb":{"@id":"https:\/\/www.saint-paul-angouleme.fr\/application\/une-rentree-a-trois-temps\/#breadcrumb"},"inLanguage":"fr-FR","potentialAction":[{"@type":"ReadAction","target":["https:\/\/www.saint-paul-angouleme.fr\/application\/une-rentree-a-trois-temps\/"]}]},{"@type":"ImageObject","inLanguage":"fr-FR","@id":"https:\/\/www.saint-paul-angouleme.fr\/application\/une-rentree-a-trois-temps\/#primaryimage","url":"https:\/\/www.saint-paul-angouleme.fr\/application\/wp-content\/uploads\/2021\/09\/20210831_095253.jpg","contentUrl":"https:\/\/www.saint-paul-angouleme.fr\/application\/wp-content\/uploads\/2021\/09\/20210831_095253.jpg","width":4032,"height":2268},{"@type":"BreadcrumbList","@id":"https:\/\/www.saint-paul-angouleme.fr\/application\/une-rentree-a-trois-temps\/#breadcrumb","itemListElement":[{"@type":"ListItem","position":1,"name":"Accueil","item":"http:\/\/www.saint-paul-angouleme.fr\/application\/"},{"@type":"ListItem","position":2,"name":"Une rentr\u00e9e \u00e0 trois temps"}]},{"@type":"WebSite","@id":"https:\/\/www.saint-paul-angouleme.fr\/application\/#website","url":"https:\/\/www.saint-paul-angouleme.fr\/application\/","name":"Actualit\u00e9s","description":"Actualit\u00e9s Saint Paul","publisher":{"@id":"https:\/\/www.saint-paul-angouleme.fr\/application\/#organization"},"potentialAction":[{"@type":"SearchAction","target":{"@type":"EntryPoint","urlTemplate":"https:\/\/www.saint-paul-angouleme.fr\/application\/?s={search_term_string}"},"query-input":"required name=search_term_string"}],"inLanguage":"fr-FR"},{"@type":"Organization","@id":"https:\/\/www.saint-paul-angouleme.fr\/application\/#organization","name":"Ensemble scolaire Saint-Paul","url":"https:\/\/www.saint-paul-angouleme.fr\/application\/","logo":{"@type":"ImageObject","inLanguage":"fr-FR","@id":"https:\/\/www.saint-paul-angouleme.fr\/application\/#\/schema\/logo\/image\/","url":"https:\/\/www.saint-paul-angouleme.fr\/application\/wp-content\/uploads\/2018\/08\/logo-saint-paul-couleurs.jpg","contentUrl":"https:\/\/www.saint-paul-angouleme.fr\/application\/wp-content\/uploads\/2018\/08\/logo-saint-paul-couleurs.jpg","width":1890,"height":709,"caption":"Ensemble scolaire Saint-Paul"},"image":{"@id":"https:\/\/www.saint-paul-angouleme.fr\/application\/#\/schema\/logo\/image\/"},"sameAs":["https:\/\/www.facebook.com\/SaintPaulAngouleme16\/","https:\/\/x.com\/StPaulAngoulem","https:\/\/www.youtube.com\/channel\/UCRLpz1CmPVqc0gn--YyXvjA?view_as=subscriber"]},{"@type":"Person","@id":"https:\/\/www.saint-paul-angouleme.fr\/application\/#\/schema\/person\/ea152930b1a3823659065827b1a5fb9b","name":"SAINT-PAUL","image":{"@type":"ImageObject","inLanguage":"fr-FR","@id":"https:\/\/www.saint-paul-angouleme.fr\/application\/#\/schema\/person\/image\/","url":"https:\/\/secure.gravatar.com\/avatar\/eadb0ffebc02683a61d69038eb2924f0?s=96&r=g","contentUrl":"https:\/\/secure.gravatar.com\/avatar\/eadb0ffebc02683a61d69038eb2924f0?s=96&r=g","caption":"SAINT-PAUL"},"url":"https:\/\/www.saint-paul-angouleme.fr\/application\/author\/myriam\/"}]}},"_links":{"self":[{"href":"https:\/\/www.saint-paul-angouleme.fr\/application\/wp-json\/wp\/v2\/posts\/5759"}],"collection":[{"href":"https:\/\/www.saint-paul-angouleme.fr\/application\/wp-json\/wp\/v2\/posts"}],"about":[{"href":"https:\/\/www.saint-paul-angouleme.fr\/application\/wp-json\/wp\/v2\/types\/post"}],"author":[{"embeddable":true,"href":"https:\/\/www.saint-paul-angouleme.fr\/application\/wp-json\/wp\/v2\/users\/3"}],"replies":[{"embeddable":true,"href":"https:\/\/www.saint-paul-angouleme.fr\/application\/wp-json\/wp\/v2\/comments?post=5759"}],"version-history":[{"count":2,"href":"https:\/\/www.saint-paul-angouleme.fr\/application\/wp-json\/wp\/v2\/posts\/5759\/revisions"}],"predecessor-version":[{"id":5778,"href":"https:\/\/www.saint-paul-angouleme.fr\/application\/wp-json\/wp\/v2\/posts\/5759\/revisions\/5778"}],"wp:attachment":[{"href":"https:\/\/www.saint-paul-angouleme.fr\/application\/wp-json\/wp\/v2\/media?parent=5759"}],"wp:term":[{"taxonomy":"category","embeddable":true,"href":"https:\/\/www.saint-paul-angouleme.fr\/application\/wp-json\/wp\/v2\/categories?post=5759"},{"taxonomy":"post_tag","embeddable":true,"href":"https:\/\/www.saint-paul-angouleme.fr\/application\/wp-json\/wp\/v2\/tags?post=5759"}],"curies":[{"name":"wp","href":"https:\/\/api.w.org\/{rel}","templated":true}]}}