{"id":5693,"date":"2021-06-09T11:54:44","date_gmt":"2021-06-09T09:54:44","guid":{"rendered":"https:\/\/www.saint-paul-angouleme.fr\/application\/?p=5693"},"modified":"2021-06-09T11:54:46","modified_gmt":"2021-06-09T09:54:46","slug":"decouverte-du-theatre-baroque-au-college-saint-paul","status":"publish","type":"post","link":"https:\/\/www.saint-paul-angouleme.fr\/application\/decouverte-du-theatre-baroque-au-college-saint-paul\/","title":{"rendered":"Th\u00e9\u00e2tre baroque au coll\u00e8ge"},"content":{"rendered":"\n<figure class=\"wp-block-image\"><img loading=\"lazy\" decoding=\"async\" width=\"1024\" height=\"761\" src=\"https:\/\/www.saint-paul-angouleme.fr\/application\/wp-content\/uploads\/2021\/06\/P1000447-1024x761.jpg\" alt=\"Th\u00e9\u00e2tre baroque\" class=\"wp-image-5694\" srcset=\"https:\/\/www.saint-paul-angouleme.fr\/application\/wp-content\/uploads\/2021\/06\/P1000447-1024x761.jpg 1024w, https:\/\/www.saint-paul-angouleme.fr\/application\/wp-content\/uploads\/2021\/06\/P1000447-300x223.jpg 300w, https:\/\/www.saint-paul-angouleme.fr\/application\/wp-content\/uploads\/2021\/06\/P1000447-768x571.jpg 768w\" sizes=\"(max-width: 1024px) 100vw, 1024px\" \/><\/figure>\n\n\n\n<p>La compagnie <strong><a href=\"https:\/\/www.compagnieoghma.com\/baroque\" target=\"_blank\" rel=\"noreferrer noopener\" aria-label=\" (s\u2019ouvre dans un nouvel onglet)\">Oghma<\/a><\/strong>, constitu\u00e9e de com\u00e9diens professionnels venus de Paris et sp\u00e9cialis\u00e9e dans le th\u00e9\u00e2tre baroque, est venue interpr\u00e9ter La Farce de Ma\u00eetre Pathelin, d&#8217;un auteur anonyme du XV\u00e8 si\u00e8cle ainsi que quatre Contes de Perrault. Les deux spectacles se sont tenus face \u00e0 l&#8217;ensemble des \u00e9l\u00e8ves de 6\u00e8 les lundi 17 et mardi 18 mai.\u00a0<\/p>\n\n\n\n<p>Le th\u00e9\u00e2tre baroque pr\u00e9sente une diction particuli\u00e8re puisque les mots sont accentu\u00e9s, les consonnes finales rendues sonores, cela r\u00e9pond \u00e0 la rh\u00e9torique alors en cours \u00e0 l&#8217;\u00e9poque, elle a pour but de renforcer le sens du discours et elle s&#8217;accompagne d&#8217;une gestuelle qui, elle aussi, en accentue la valeur. Les com\u00e9diens ont brav\u00e9 les \u00e9l\u00e9ments puisqu&#8217;ils ont jou\u00e9 en plein air, et, en raison de la pluie, sous le pr\u00e9au balay\u00e9 par le vent. Des conditions ingrates parfois puisqu&#8217;elles ne facilitaient pas l&#8217;acoustique. N\u00e9anmoins, ces artistes, aguerris aux conditions de jeu rudimentaires, (en effet, ils jouent par principe sans sonorisation et sans \u00e9clairage) ont fait d\u00e9couvrir \u00e0 ce jeune public, surpris mais conquis, une forme de th\u00e9\u00e2tre ignor\u00e9e : celle de la frontalit\u00e9 directe, du verbe qui manifeste sa puissance par lui-m\u00eame, sans jamais chercher \u00e0 entrer dans la psychologie ch\u00e8re \u00e0 la dramaturgie moderne.\u00a0<\/p>\n\n\n\n<figure class=\"wp-block-image\"><img loading=\"lazy\" decoding=\"async\" width=\"1024\" height=\"701\" src=\"https:\/\/www.saint-paul-angouleme.fr\/application\/wp-content\/uploads\/2021\/06\/P1000460-1024x701.jpg\" alt=\"\" class=\"wp-image-5695\" srcset=\"https:\/\/www.saint-paul-angouleme.fr\/application\/wp-content\/uploads\/2021\/06\/P1000460-1024x701.jpg 1024w, https:\/\/www.saint-paul-angouleme.fr\/application\/wp-content\/uploads\/2021\/06\/P1000460-300x205.jpg 300w, https:\/\/www.saint-paul-angouleme.fr\/application\/wp-content\/uploads\/2021\/06\/P1000460-768x526.jpg 768w\" sizes=\"(max-width: 1024px) 100vw, 1024px\" \/><\/figure>\n\n\n\n<p>Charles Di Meglio, directeur de la compagnie et\nsp\u00e9cialiste du 17\u00e8 dans ses diff\u00e9rents courants artistiques, intervient\n\u00e9galement aupr\u00e8s des terminales de Saint-Paul de mani\u00e8re \u00e0 les pr\u00e9parer au\nGrand Oral en leur faisant profiter des m\u00e9rites oratoires de cette fameuse\nrh\u00e9torique baroque.&nbsp;<\/p>\n\n\n\n<p>Sophie Dupont<\/p>\n\n\n\n<figure class=\"wp-block-embed-youtube wp-block-embed is-type-video is-provider-youtube wp-embed-aspect-16-9 wp-has-aspect-ratio\"><div class=\"wp-block-embed__wrapper\">\nhttps:\/\/youtu.be\/zur6rKPib1Y\n<\/div><\/figure>\n\n\n\n<figure class=\"wp-block-embed-youtube wp-block-embed is-type-video is-provider-youtube wp-embed-aspect-16-9 wp-has-aspect-ratio\"><div class=\"wp-block-embed__wrapper\">\nhttps:\/\/youtu.be\/MFU87azuq94\n<\/div><\/figure>\n\n\n\n<ul class=\"wp-block-gallery columns-3 is-cropped wp-block-gallery-1 is-layout-flex wp-block-gallery-is-layout-flex\"><li class=\"blocks-gallery-item\"><figure><img loading=\"lazy\" decoding=\"async\" width=\"1024\" height=\"707\" src=\"https:\/\/www.saint-paul-angouleme.fr\/application\/wp-content\/uploads\/2021\/06\/P1000436-1024x707.jpg\" alt=\"\" data-id=\"5698\" data-link=\"https:\/\/www.saint-paul-angouleme.fr\/application\/?attachment_id=5698#main\" class=\"wp-image-5698\" srcset=\"https:\/\/www.saint-paul-angouleme.fr\/application\/wp-content\/uploads\/2021\/06\/P1000436-1024x707.jpg 1024w, https:\/\/www.saint-paul-angouleme.fr\/application\/wp-content\/uploads\/2021\/06\/P1000436-300x207.jpg 300w, https:\/\/www.saint-paul-angouleme.fr\/application\/wp-content\/uploads\/2021\/06\/P1000436-768x530.jpg 768w\" sizes=\"(max-width: 1024px) 100vw, 1024px\" \/><\/figure><\/li><li class=\"blocks-gallery-item\"><figure><img loading=\"lazy\" decoding=\"async\" width=\"1024\" height=\"768\" src=\"https:\/\/www.saint-paul-angouleme.fr\/application\/wp-content\/uploads\/2021\/06\/P1000437-1024x768.jpg\" alt=\"\" data-id=\"5699\" data-link=\"https:\/\/www.saint-paul-angouleme.fr\/application\/?attachment_id=5699#main\" class=\"wp-image-5699\" srcset=\"https:\/\/www.saint-paul-angouleme.fr\/application\/wp-content\/uploads\/2021\/06\/P1000437-1024x768.jpg 1024w, https:\/\/www.saint-paul-angouleme.fr\/application\/wp-content\/uploads\/2021\/06\/P1000437-300x225.jpg 300w, https:\/\/www.saint-paul-angouleme.fr\/application\/wp-content\/uploads\/2021\/06\/P1000437-768x576.jpg 768w\" sizes=\"(max-width: 1024px) 100vw, 1024px\" \/><\/figure><\/li><li class=\"blocks-gallery-item\"><figure><img loading=\"lazy\" decoding=\"async\" width=\"1024\" height=\"768\" src=\"https:\/\/www.saint-paul-angouleme.fr\/application\/wp-content\/uploads\/2021\/06\/P1000438-1024x768.jpg\" alt=\"\" data-id=\"5700\" data-link=\"https:\/\/www.saint-paul-angouleme.fr\/application\/?attachment_id=5700#main\" class=\"wp-image-5700\" srcset=\"https:\/\/www.saint-paul-angouleme.fr\/application\/wp-content\/uploads\/2021\/06\/P1000438-1024x768.jpg 1024w, https:\/\/www.saint-paul-angouleme.fr\/application\/wp-content\/uploads\/2021\/06\/P1000438-300x225.jpg 300w, https:\/\/www.saint-paul-angouleme.fr\/application\/wp-content\/uploads\/2021\/06\/P1000438-768x576.jpg 768w\" sizes=\"(max-width: 1024px) 100vw, 1024px\" \/><\/figure><\/li><li class=\"blocks-gallery-item\"><figure><img loading=\"lazy\" decoding=\"async\" width=\"1024\" height=\"696\" src=\"https:\/\/www.saint-paul-angouleme.fr\/application\/wp-content\/uploads\/2021\/06\/P1000440-1024x696.jpg\" alt=\"\" data-id=\"5701\" data-link=\"https:\/\/www.saint-paul-angouleme.fr\/application\/?attachment_id=5701#main\" class=\"wp-image-5701\" srcset=\"https:\/\/www.saint-paul-angouleme.fr\/application\/wp-content\/uploads\/2021\/06\/P1000440-1024x696.jpg 1024w, https:\/\/www.saint-paul-angouleme.fr\/application\/wp-content\/uploads\/2021\/06\/P1000440-300x204.jpg 300w, https:\/\/www.saint-paul-angouleme.fr\/application\/wp-content\/uploads\/2021\/06\/P1000440-768x522.jpg 768w\" sizes=\"(max-width: 1024px) 100vw, 1024px\" \/><\/figure><\/li><li class=\"blocks-gallery-item\"><figure><img loading=\"lazy\" decoding=\"async\" width=\"1024\" height=\"758\" src=\"https:\/\/www.saint-paul-angouleme.fr\/application\/wp-content\/uploads\/2021\/06\/P1000441-1024x758.jpg\" alt=\"\" data-id=\"5702\" data-link=\"https:\/\/www.saint-paul-angouleme.fr\/application\/?attachment_id=5702#main\" class=\"wp-image-5702\" srcset=\"https:\/\/www.saint-paul-angouleme.fr\/application\/wp-content\/uploads\/2021\/06\/P1000441-1024x758.jpg 1024w, https:\/\/www.saint-paul-angouleme.fr\/application\/wp-content\/uploads\/2021\/06\/P1000441-300x222.jpg 300w, https:\/\/www.saint-paul-angouleme.fr\/application\/wp-content\/uploads\/2021\/06\/P1000441-768x569.jpg 768w\" sizes=\"(max-width: 1024px) 100vw, 1024px\" \/><\/figure><\/li><li class=\"blocks-gallery-item\"><figure><img loading=\"lazy\" decoding=\"async\" width=\"1024\" height=\"853\" src=\"https:\/\/www.saint-paul-angouleme.fr\/application\/wp-content\/uploads\/2021\/06\/P1000442-1024x853.jpg\" alt=\"\" data-id=\"5703\" data-link=\"https:\/\/www.saint-paul-angouleme.fr\/application\/?attachment_id=5703#main\" class=\"wp-image-5703\" srcset=\"https:\/\/www.saint-paul-angouleme.fr\/application\/wp-content\/uploads\/2021\/06\/P1000442-1024x853.jpg 1024w, https:\/\/www.saint-paul-angouleme.fr\/application\/wp-content\/uploads\/2021\/06\/P1000442-300x250.jpg 300w, https:\/\/www.saint-paul-angouleme.fr\/application\/wp-content\/uploads\/2021\/06\/P1000442-768x640.jpg 768w\" sizes=\"(max-width: 1024px) 100vw, 1024px\" \/><\/figure><\/li><li class=\"blocks-gallery-item\"><figure><img loading=\"lazy\" decoding=\"async\" width=\"1024\" height=\"828\" src=\"https:\/\/www.saint-paul-angouleme.fr\/application\/wp-content\/uploads\/2021\/06\/P1000445-1024x828.jpg\" alt=\"\" data-id=\"5704\" data-link=\"https:\/\/www.saint-paul-angouleme.fr\/application\/?attachment_id=5704#main\" class=\"wp-image-5704\" srcset=\"https:\/\/www.saint-paul-angouleme.fr\/application\/wp-content\/uploads\/2021\/06\/P1000445-1024x828.jpg 1024w, https:\/\/www.saint-paul-angouleme.fr\/application\/wp-content\/uploads\/2021\/06\/P1000445-300x243.jpg 300w, https:\/\/www.saint-paul-angouleme.fr\/application\/wp-content\/uploads\/2021\/06\/P1000445-768x621.jpg 768w\" sizes=\"(max-width: 1024px) 100vw, 1024px\" \/><\/figure><\/li><li class=\"blocks-gallery-item\"><figure><img loading=\"lazy\" decoding=\"async\" width=\"1024\" height=\"761\" src=\"https:\/\/www.saint-paul-angouleme.fr\/application\/wp-content\/uploads\/2021\/06\/P1000447-1-1024x761.jpg\" alt=\"\" data-id=\"5705\" data-link=\"https:\/\/www.saint-paul-angouleme.fr\/application\/?attachment_id=5705#main\" class=\"wp-image-5705\" srcset=\"https:\/\/www.saint-paul-angouleme.fr\/application\/wp-content\/uploads\/2021\/06\/P1000447-1-1024x761.jpg 1024w, https:\/\/www.saint-paul-angouleme.fr\/application\/wp-content\/uploads\/2021\/06\/P1000447-1-300x223.jpg 300w, https:\/\/www.saint-paul-angouleme.fr\/application\/wp-content\/uploads\/2021\/06\/P1000447-1-768x571.jpg 768w\" sizes=\"(max-width: 1024px) 100vw, 1024px\" \/><\/figure><\/li><li class=\"blocks-gallery-item\"><figure><img loading=\"lazy\" decoding=\"async\" width=\"1024\" height=\"768\" src=\"https:\/\/www.saint-paul-angouleme.fr\/application\/wp-content\/uploads\/2021\/06\/P1000452-1024x768.jpg\" alt=\"\" data-id=\"5706\" data-link=\"https:\/\/www.saint-paul-angouleme.fr\/application\/?attachment_id=5706#main\" class=\"wp-image-5706\" srcset=\"https:\/\/www.saint-paul-angouleme.fr\/application\/wp-content\/uploads\/2021\/06\/P1000452-1024x768.jpg 1024w, https:\/\/www.saint-paul-angouleme.fr\/application\/wp-content\/uploads\/2021\/06\/P1000452-300x225.jpg 300w, https:\/\/www.saint-paul-angouleme.fr\/application\/wp-content\/uploads\/2021\/06\/P1000452-768x576.jpg 768w\" sizes=\"(max-width: 1024px) 100vw, 1024px\" \/><\/figure><\/li><li class=\"blocks-gallery-item\"><figure><img loading=\"lazy\" decoding=\"async\" width=\"1024\" height=\"695\" src=\"https:\/\/www.saint-paul-angouleme.fr\/application\/wp-content\/uploads\/2021\/06\/P1000455-1024x695.jpg\" alt=\"\" data-id=\"5707\" data-link=\"https:\/\/www.saint-paul-angouleme.fr\/application\/?attachment_id=5707#main\" class=\"wp-image-5707\" srcset=\"https:\/\/www.saint-paul-angouleme.fr\/application\/wp-content\/uploads\/2021\/06\/P1000455-1024x695.jpg 1024w, https:\/\/www.saint-paul-angouleme.fr\/application\/wp-content\/uploads\/2021\/06\/P1000455-300x204.jpg 300w, https:\/\/www.saint-paul-angouleme.fr\/application\/wp-content\/uploads\/2021\/06\/P1000455-768x521.jpg 768w\" sizes=\"(max-width: 1024px) 100vw, 1024px\" \/><\/figure><\/li><li class=\"blocks-gallery-item\"><figure><img loading=\"lazy\" decoding=\"async\" width=\"1024\" height=\"754\" src=\"https:\/\/www.saint-paul-angouleme.fr\/application\/wp-content\/uploads\/2021\/06\/P1000457-1024x754.jpg\" alt=\"\" data-id=\"5708\" data-link=\"https:\/\/www.saint-paul-angouleme.fr\/application\/?attachment_id=5708#main\" class=\"wp-image-5708\" srcset=\"https:\/\/www.saint-paul-angouleme.fr\/application\/wp-content\/uploads\/2021\/06\/P1000457-1024x754.jpg 1024w, https:\/\/www.saint-paul-angouleme.fr\/application\/wp-content\/uploads\/2021\/06\/P1000457-300x221.jpg 300w, https:\/\/www.saint-paul-angouleme.fr\/application\/wp-content\/uploads\/2021\/06\/P1000457-768x566.jpg 768w\" sizes=\"(max-width: 1024px) 100vw, 1024px\" \/><\/figure><\/li><li class=\"blocks-gallery-item\"><figure><img loading=\"lazy\" decoding=\"async\" width=\"1024\" height=\"701\" src=\"https:\/\/www.saint-paul-angouleme.fr\/application\/wp-content\/uploads\/2021\/06\/P1000460-1-1024x701.jpg\" alt=\"\" data-id=\"5709\" data-link=\"https:\/\/www.saint-paul-angouleme.fr\/application\/?attachment_id=5709#main\" class=\"wp-image-5709\" srcset=\"https:\/\/www.saint-paul-angouleme.fr\/application\/wp-content\/uploads\/2021\/06\/P1000460-1-1024x701.jpg 1024w, https:\/\/www.saint-paul-angouleme.fr\/application\/wp-content\/uploads\/2021\/06\/P1000460-1-300x205.jpg 300w, https:\/\/www.saint-paul-angouleme.fr\/application\/wp-content\/uploads\/2021\/06\/P1000460-1-768x526.jpg 768w\" sizes=\"(max-width: 1024px) 100vw, 1024px\" \/><\/figure><\/li><\/ul>\n","protected":false},"excerpt":{"rendered":"<p>La compagnie Oghma, constitu\u00e9e de com\u00e9diens professionnels venus de Paris et sp\u00e9cialis\u00e9e dans le th\u00e9\u00e2tre baroque, est venue interpr\u00e9ter La Farce de Ma\u00eetre Pathelin, d&#8217;un auteur anonyme du XV\u00e8 si\u00e8cle ainsi que quatre Contes de Perrault. Les deux spectacles se sont tenus face \u00e0 l&#8217;ensemble des \u00e9l\u00e8ves de 6\u00e8 les lundi 17 et mardi 18 &#8230; <a title=\"Th\u00e9\u00e2tre baroque au coll\u00e8ge\" class=\"read-more\" href=\"https:\/\/www.saint-paul-angouleme.fr\/application\/decouverte-du-theatre-baroque-au-college-saint-paul\/\" aria-label=\"Read more about Th\u00e9\u00e2tre baroque au coll\u00e8ge\">Lire la suite<\/a><\/p>\n","protected":false},"author":3,"featured_media":5711,"comment_status":"open","ping_status":"open","sticky":false,"template":"","format":"standard","meta":{"_exactmetrics_skip_tracking":false,"_exactmetrics_sitenote_active":false,"_exactmetrics_sitenote_note":"","_exactmetrics_sitenote_category":0,"footnotes":""},"categories":[13],"tags":[],"class_list":["post-5693","post","type-post","status-publish","format-standard","has-post-thumbnail","hentry","category-pedagogie"],"yoast_head":"<!-- This site is optimized with the Yoast SEO plugin v23.3 - https:\/\/yoast.com\/wordpress\/plugins\/seo\/ -->\n<title>D\u00e9couverte du Th\u00e9\u00e2tre Baroque au Coll\u00e8ge Saint-Paul<\/title>\n<meta name=\"description\" content=\"D\u00e9couverte du th\u00e9\u00e4tre Baroque au Coll\u00e8ge Saint-Paul pour nos \u00e9l\u00e8ves de 6\u00e8me gr\u00e2ce \u00e0 la Compagnie OGHMA . Plusieurs oeuvres ont ainsi \u00e9t\u00e9 interpr\u00e9t\u00e9s.\" \/>\n<meta name=\"robots\" content=\"index, follow, max-snippet:-1, max-image-preview:large, max-video-preview:-1\" \/>\n<link rel=\"canonical\" href=\"https:\/\/www.saint-paul-angouleme.fr\/application\/decouverte-du-theatre-baroque-au-college-saint-paul\/\" \/>\n<meta property=\"og:locale\" content=\"fr_FR\" \/>\n<meta property=\"og:type\" content=\"article\" \/>\n<meta property=\"og:title\" content=\"D\u00e9couverte du Th\u00e9\u00e2tre Baroque au Coll\u00e8ge Saint-Paul\" \/>\n<meta property=\"og:description\" content=\"D\u00e9couverte du th\u00e9\u00e4tre Baroque au Coll\u00e8ge Saint-Paul pour nos \u00e9l\u00e8ves de 6\u00e8me gr\u00e2ce \u00e0 la Compagnie OGHMA . Plusieurs oeuvres ont ainsi \u00e9t\u00e9 interpr\u00e9t\u00e9s.\" \/>\n<meta property=\"og:url\" content=\"https:\/\/www.saint-paul-angouleme.fr\/application\/decouverte-du-theatre-baroque-au-college-saint-paul\/\" \/>\n<meta property=\"og:site_name\" content=\"Actualit\u00e9s\" \/>\n<meta property=\"article:publisher\" content=\"https:\/\/www.facebook.com\/SaintPaulAngouleme16\/\" \/>\n<meta property=\"article:published_time\" content=\"2021-06-09T09:54:44+00:00\" \/>\n<meta property=\"article:modified_time\" content=\"2021-06-09T09:54:46+00:00\" \/>\n<meta property=\"og:image\" content=\"https:\/\/www.saint-paul-angouleme.fr\/application\/wp-content\/uploads\/2021\/06\/theatre-baroque-au-college.jpg\" \/>\n\t<meta property=\"og:image:width\" content=\"1280\" \/>\n\t<meta property=\"og:image:height\" content=\"720\" \/>\n\t<meta property=\"og:image:type\" content=\"image\/jpeg\" \/>\n<meta name=\"author\" content=\"SAINT-PAUL\" \/>\n<meta name=\"twitter:card\" content=\"summary_large_image\" \/>\n<meta name=\"twitter:creator\" content=\"@StPaulAngoulem\" \/>\n<meta name=\"twitter:site\" content=\"@StPaulAngoulem\" \/>\n<meta name=\"twitter:label1\" content=\"\u00c9crit par\" \/>\n\t<meta name=\"twitter:data1\" content=\"SAINT-PAUL\" \/>\n\t<meta name=\"twitter:label2\" content=\"Dur\u00e9e de lecture estim\u00e9e\" \/>\n\t<meta name=\"twitter:data2\" content=\"1 minute\" \/>\n<script type=\"application\/ld+json\" class=\"yoast-schema-graph\">{\"@context\":\"https:\/\/schema.org\",\"@graph\":[{\"@type\":\"Article\",\"@id\":\"https:\/\/www.saint-paul-angouleme.fr\/application\/decouverte-du-theatre-baroque-au-college-saint-paul\/#article\",\"isPartOf\":{\"@id\":\"https:\/\/www.saint-paul-angouleme.fr\/application\/decouverte-du-theatre-baroque-au-college-saint-paul\/\"},\"author\":{\"name\":\"SAINT-PAUL\",\"@id\":\"https:\/\/www.saint-paul-angouleme.fr\/application\/#\/schema\/person\/ea152930b1a3823659065827b1a5fb9b\"},\"headline\":\"Th\u00e9\u00e2tre baroque au coll\u00e8ge\",\"datePublished\":\"2021-06-09T09:54:44+00:00\",\"dateModified\":\"2021-06-09T09:54:46+00:00\",\"mainEntityOfPage\":{\"@id\":\"https:\/\/www.saint-paul-angouleme.fr\/application\/decouverte-du-theatre-baroque-au-college-saint-paul\/\"},\"wordCount\":291,\"commentCount\":0,\"publisher\":{\"@id\":\"https:\/\/www.saint-paul-angouleme.fr\/application\/#organization\"},\"image\":{\"@id\":\"https:\/\/www.saint-paul-angouleme.fr\/application\/decouverte-du-theatre-baroque-au-college-saint-paul\/#primaryimage\"},\"thumbnailUrl\":\"https:\/\/www.saint-paul-angouleme.fr\/application\/wp-content\/uploads\/2021\/06\/theatre-baroque-au-college.jpg\",\"articleSection\":[\"P\u00e9dagogie\"],\"inLanguage\":\"fr-FR\",\"potentialAction\":[{\"@type\":\"CommentAction\",\"name\":\"Comment\",\"target\":[\"https:\/\/www.saint-paul-angouleme.fr\/application\/decouverte-du-theatre-baroque-au-college-saint-paul\/#respond\"]}]},{\"@type\":\"WebPage\",\"@id\":\"https:\/\/www.saint-paul-angouleme.fr\/application\/decouverte-du-theatre-baroque-au-college-saint-paul\/\",\"url\":\"https:\/\/www.saint-paul-angouleme.fr\/application\/decouverte-du-theatre-baroque-au-college-saint-paul\/\",\"name\":\"D\u00e9couverte du Th\u00e9\u00e2tre Baroque au Coll\u00e8ge Saint-Paul\",\"isPartOf\":{\"@id\":\"https:\/\/www.saint-paul-angouleme.fr\/application\/#website\"},\"primaryImageOfPage\":{\"@id\":\"https:\/\/www.saint-paul-angouleme.fr\/application\/decouverte-du-theatre-baroque-au-college-saint-paul\/#primaryimage\"},\"image\":{\"@id\":\"https:\/\/www.saint-paul-angouleme.fr\/application\/decouverte-du-theatre-baroque-au-college-saint-paul\/#primaryimage\"},\"thumbnailUrl\":\"https:\/\/www.saint-paul-angouleme.fr\/application\/wp-content\/uploads\/2021\/06\/theatre-baroque-au-college.jpg\",\"datePublished\":\"2021-06-09T09:54:44+00:00\",\"dateModified\":\"2021-06-09T09:54:46+00:00\",\"description\":\"D\u00e9couverte du th\u00e9\u00e4tre Baroque au Coll\u00e8ge Saint-Paul pour nos \u00e9l\u00e8ves de 6\u00e8me gr\u00e2ce \u00e0 la Compagnie OGHMA . Plusieurs oeuvres ont ainsi \u00e9t\u00e9 interpr\u00e9t\u00e9s.\",\"breadcrumb\":{\"@id\":\"https:\/\/www.saint-paul-angouleme.fr\/application\/decouverte-du-theatre-baroque-au-college-saint-paul\/#breadcrumb\"},\"inLanguage\":\"fr-FR\",\"potentialAction\":[{\"@type\":\"ReadAction\",\"target\":[\"https:\/\/www.saint-paul-angouleme.fr\/application\/decouverte-du-theatre-baroque-au-college-saint-paul\/\"]}]},{\"@type\":\"ImageObject\",\"inLanguage\":\"fr-FR\",\"@id\":\"https:\/\/www.saint-paul-angouleme.fr\/application\/decouverte-du-theatre-baroque-au-college-saint-paul\/#primaryimage\",\"url\":\"https:\/\/www.saint-paul-angouleme.fr\/application\/wp-content\/uploads\/2021\/06\/theatre-baroque-au-college.jpg\",\"contentUrl\":\"https:\/\/www.saint-paul-angouleme.fr\/application\/wp-content\/uploads\/2021\/06\/theatre-baroque-au-college.jpg\",\"width\":1280,\"height\":720},{\"@type\":\"BreadcrumbList\",\"@id\":\"https:\/\/www.saint-paul-angouleme.fr\/application\/decouverte-du-theatre-baroque-au-college-saint-paul\/#breadcrumb\",\"itemListElement\":[{\"@type\":\"ListItem\",\"position\":1,\"name\":\"Accueil\",\"item\":\"http:\/\/www.saint-paul-angouleme.fr\/application\/\"},{\"@type\":\"ListItem\",\"position\":2,\"name\":\"Th\u00e9\u00e2tre baroque au coll\u00e8ge\"}]},{\"@type\":\"WebSite\",\"@id\":\"https:\/\/www.saint-paul-angouleme.fr\/application\/#website\",\"url\":\"https:\/\/www.saint-paul-angouleme.fr\/application\/\",\"name\":\"Actualit\u00e9s\",\"description\":\"Actualit\u00e9s Saint Paul\",\"publisher\":{\"@id\":\"https:\/\/www.saint-paul-angouleme.fr\/application\/#organization\"},\"potentialAction\":[{\"@type\":\"SearchAction\",\"target\":{\"@type\":\"EntryPoint\",\"urlTemplate\":\"https:\/\/www.saint-paul-angouleme.fr\/application\/?s={search_term_string}\"},\"query-input\":\"required name=search_term_string\"}],\"inLanguage\":\"fr-FR\"},{\"@type\":\"Organization\",\"@id\":\"https:\/\/www.saint-paul-angouleme.fr\/application\/#organization\",\"name\":\"Ensemble scolaire Saint-Paul\",\"url\":\"https:\/\/www.saint-paul-angouleme.fr\/application\/\",\"logo\":{\"@type\":\"ImageObject\",\"inLanguage\":\"fr-FR\",\"@id\":\"https:\/\/www.saint-paul-angouleme.fr\/application\/#\/schema\/logo\/image\/\",\"url\":\"https:\/\/www.saint-paul-angouleme.fr\/application\/wp-content\/uploads\/2018\/08\/logo-saint-paul-couleurs.jpg\",\"contentUrl\":\"https:\/\/www.saint-paul-angouleme.fr\/application\/wp-content\/uploads\/2018\/08\/logo-saint-paul-couleurs.jpg\",\"width\":1890,\"height\":709,\"caption\":\"Ensemble scolaire Saint-Paul\"},\"image\":{\"@id\":\"https:\/\/www.saint-paul-angouleme.fr\/application\/#\/schema\/logo\/image\/\"},\"sameAs\":[\"https:\/\/www.facebook.com\/SaintPaulAngouleme16\/\",\"https:\/\/x.com\/StPaulAngoulem\",\"https:\/\/www.youtube.com\/channel\/UCRLpz1CmPVqc0gn--YyXvjA?view_as=subscriber\"]},{\"@type\":\"Person\",\"@id\":\"https:\/\/www.saint-paul-angouleme.fr\/application\/#\/schema\/person\/ea152930b1a3823659065827b1a5fb9b\",\"name\":\"SAINT-PAUL\",\"image\":{\"@type\":\"ImageObject\",\"inLanguage\":\"fr-FR\",\"@id\":\"https:\/\/www.saint-paul-angouleme.fr\/application\/#\/schema\/person\/image\/\",\"url\":\"https:\/\/secure.gravatar.com\/avatar\/eadb0ffebc02683a61d69038eb2924f0?s=96&r=g\",\"contentUrl\":\"https:\/\/secure.gravatar.com\/avatar\/eadb0ffebc02683a61d69038eb2924f0?s=96&r=g\",\"caption\":\"SAINT-PAUL\"},\"url\":\"https:\/\/www.saint-paul-angouleme.fr\/application\/author\/myriam\/\"}]}<\/script>\n<!-- \/ Yoast SEO plugin. -->","yoast_head_json":{"title":"D\u00e9couverte du Th\u00e9\u00e2tre Baroque au Coll\u00e8ge Saint-Paul","description":"D\u00e9couverte du th\u00e9\u00e4tre Baroque au Coll\u00e8ge Saint-Paul pour nos \u00e9l\u00e8ves de 6\u00e8me gr\u00e2ce \u00e0 la Compagnie OGHMA . Plusieurs oeuvres ont ainsi \u00e9t\u00e9 interpr\u00e9t\u00e9s.","robots":{"index":"index","follow":"follow","max-snippet":"max-snippet:-1","max-image-preview":"max-image-preview:large","max-video-preview":"max-video-preview:-1"},"canonical":"https:\/\/www.saint-paul-angouleme.fr\/application\/decouverte-du-theatre-baroque-au-college-saint-paul\/","og_locale":"fr_FR","og_type":"article","og_title":"D\u00e9couverte du Th\u00e9\u00e2tre Baroque au Coll\u00e8ge Saint-Paul","og_description":"D\u00e9couverte du th\u00e9\u00e4tre Baroque au Coll\u00e8ge Saint-Paul pour nos \u00e9l\u00e8ves de 6\u00e8me gr\u00e2ce \u00e0 la Compagnie OGHMA . Plusieurs oeuvres ont ainsi \u00e9t\u00e9 interpr\u00e9t\u00e9s.","og_url":"https:\/\/www.saint-paul-angouleme.fr\/application\/decouverte-du-theatre-baroque-au-college-saint-paul\/","og_site_name":"Actualit\u00e9s","article_publisher":"https:\/\/www.facebook.com\/SaintPaulAngouleme16\/","article_published_time":"2021-06-09T09:54:44+00:00","article_modified_time":"2021-06-09T09:54:46+00:00","og_image":[{"width":1280,"height":720,"url":"https:\/\/www.saint-paul-angouleme.fr\/application\/wp-content\/uploads\/2021\/06\/theatre-baroque-au-college.jpg","type":"image\/jpeg"}],"author":"SAINT-PAUL","twitter_card":"summary_large_image","twitter_creator":"@StPaulAngoulem","twitter_site":"@StPaulAngoulem","twitter_misc":{"\u00c9crit par":"SAINT-PAUL","Dur\u00e9e de lecture estim\u00e9e":"1 minute"},"schema":{"@context":"https:\/\/schema.org","@graph":[{"@type":"Article","@id":"https:\/\/www.saint-paul-angouleme.fr\/application\/decouverte-du-theatre-baroque-au-college-saint-paul\/#article","isPartOf":{"@id":"https:\/\/www.saint-paul-angouleme.fr\/application\/decouverte-du-theatre-baroque-au-college-saint-paul\/"},"author":{"name":"SAINT-PAUL","@id":"https:\/\/www.saint-paul-angouleme.fr\/application\/#\/schema\/person\/ea152930b1a3823659065827b1a5fb9b"},"headline":"Th\u00e9\u00e2tre baroque au coll\u00e8ge","datePublished":"2021-06-09T09:54:44+00:00","dateModified":"2021-06-09T09:54:46+00:00","mainEntityOfPage":{"@id":"https:\/\/www.saint-paul-angouleme.fr\/application\/decouverte-du-theatre-baroque-au-college-saint-paul\/"},"wordCount":291,"commentCount":0,"publisher":{"@id":"https:\/\/www.saint-paul-angouleme.fr\/application\/#organization"},"image":{"@id":"https:\/\/www.saint-paul-angouleme.fr\/application\/decouverte-du-theatre-baroque-au-college-saint-paul\/#primaryimage"},"thumbnailUrl":"https:\/\/www.saint-paul-angouleme.fr\/application\/wp-content\/uploads\/2021\/06\/theatre-baroque-au-college.jpg","articleSection":["P\u00e9dagogie"],"inLanguage":"fr-FR","potentialAction":[{"@type":"CommentAction","name":"Comment","target":["https:\/\/www.saint-paul-angouleme.fr\/application\/decouverte-du-theatre-baroque-au-college-saint-paul\/#respond"]}]},{"@type":"WebPage","@id":"https:\/\/www.saint-paul-angouleme.fr\/application\/decouverte-du-theatre-baroque-au-college-saint-paul\/","url":"https:\/\/www.saint-paul-angouleme.fr\/application\/decouverte-du-theatre-baroque-au-college-saint-paul\/","name":"D\u00e9couverte du Th\u00e9\u00e2tre Baroque au Coll\u00e8ge Saint-Paul","isPartOf":{"@id":"https:\/\/www.saint-paul-angouleme.fr\/application\/#website"},"primaryImageOfPage":{"@id":"https:\/\/www.saint-paul-angouleme.fr\/application\/decouverte-du-theatre-baroque-au-college-saint-paul\/#primaryimage"},"image":{"@id":"https:\/\/www.saint-paul-angouleme.fr\/application\/decouverte-du-theatre-baroque-au-college-saint-paul\/#primaryimage"},"thumbnailUrl":"https:\/\/www.saint-paul-angouleme.fr\/application\/wp-content\/uploads\/2021\/06\/theatre-baroque-au-college.jpg","datePublished":"2021-06-09T09:54:44+00:00","dateModified":"2021-06-09T09:54:46+00:00","description":"D\u00e9couverte du th\u00e9\u00e4tre Baroque au Coll\u00e8ge Saint-Paul pour nos \u00e9l\u00e8ves de 6\u00e8me gr\u00e2ce \u00e0 la Compagnie OGHMA . Plusieurs oeuvres ont ainsi \u00e9t\u00e9 interpr\u00e9t\u00e9s.","breadcrumb":{"@id":"https:\/\/www.saint-paul-angouleme.fr\/application\/decouverte-du-theatre-baroque-au-college-saint-paul\/#breadcrumb"},"inLanguage":"fr-FR","potentialAction":[{"@type":"ReadAction","target":["https:\/\/www.saint-paul-angouleme.fr\/application\/decouverte-du-theatre-baroque-au-college-saint-paul\/"]}]},{"@type":"ImageObject","inLanguage":"fr-FR","@id":"https:\/\/www.saint-paul-angouleme.fr\/application\/decouverte-du-theatre-baroque-au-college-saint-paul\/#primaryimage","url":"https:\/\/www.saint-paul-angouleme.fr\/application\/wp-content\/uploads\/2021\/06\/theatre-baroque-au-college.jpg","contentUrl":"https:\/\/www.saint-paul-angouleme.fr\/application\/wp-content\/uploads\/2021\/06\/theatre-baroque-au-college.jpg","width":1280,"height":720},{"@type":"BreadcrumbList","@id":"https:\/\/www.saint-paul-angouleme.fr\/application\/decouverte-du-theatre-baroque-au-college-saint-paul\/#breadcrumb","itemListElement":[{"@type":"ListItem","position":1,"name":"Accueil","item":"http:\/\/www.saint-paul-angouleme.fr\/application\/"},{"@type":"ListItem","position":2,"name":"Th\u00e9\u00e2tre baroque au coll\u00e8ge"}]},{"@type":"WebSite","@id":"https:\/\/www.saint-paul-angouleme.fr\/application\/#website","url":"https:\/\/www.saint-paul-angouleme.fr\/application\/","name":"Actualit\u00e9s","description":"Actualit\u00e9s Saint Paul","publisher":{"@id":"https:\/\/www.saint-paul-angouleme.fr\/application\/#organization"},"potentialAction":[{"@type":"SearchAction","target":{"@type":"EntryPoint","urlTemplate":"https:\/\/www.saint-paul-angouleme.fr\/application\/?s={search_term_string}"},"query-input":"required name=search_term_string"}],"inLanguage":"fr-FR"},{"@type":"Organization","@id":"https:\/\/www.saint-paul-angouleme.fr\/application\/#organization","name":"Ensemble scolaire Saint-Paul","url":"https:\/\/www.saint-paul-angouleme.fr\/application\/","logo":{"@type":"ImageObject","inLanguage":"fr-FR","@id":"https:\/\/www.saint-paul-angouleme.fr\/application\/#\/schema\/logo\/image\/","url":"https:\/\/www.saint-paul-angouleme.fr\/application\/wp-content\/uploads\/2018\/08\/logo-saint-paul-couleurs.jpg","contentUrl":"https:\/\/www.saint-paul-angouleme.fr\/application\/wp-content\/uploads\/2018\/08\/logo-saint-paul-couleurs.jpg","width":1890,"height":709,"caption":"Ensemble scolaire Saint-Paul"},"image":{"@id":"https:\/\/www.saint-paul-angouleme.fr\/application\/#\/schema\/logo\/image\/"},"sameAs":["https:\/\/www.facebook.com\/SaintPaulAngouleme16\/","https:\/\/x.com\/StPaulAngoulem","https:\/\/www.youtube.com\/channel\/UCRLpz1CmPVqc0gn--YyXvjA?view_as=subscriber"]},{"@type":"Person","@id":"https:\/\/www.saint-paul-angouleme.fr\/application\/#\/schema\/person\/ea152930b1a3823659065827b1a5fb9b","name":"SAINT-PAUL","image":{"@type":"ImageObject","inLanguage":"fr-FR","@id":"https:\/\/www.saint-paul-angouleme.fr\/application\/#\/schema\/person\/image\/","url":"https:\/\/secure.gravatar.com\/avatar\/eadb0ffebc02683a61d69038eb2924f0?s=96&r=g","contentUrl":"https:\/\/secure.gravatar.com\/avatar\/eadb0ffebc02683a61d69038eb2924f0?s=96&r=g","caption":"SAINT-PAUL"},"url":"https:\/\/www.saint-paul-angouleme.fr\/application\/author\/myriam\/"}]}},"_links":{"self":[{"href":"https:\/\/www.saint-paul-angouleme.fr\/application\/wp-json\/wp\/v2\/posts\/5693"}],"collection":[{"href":"https:\/\/www.saint-paul-angouleme.fr\/application\/wp-json\/wp\/v2\/posts"}],"about":[{"href":"https:\/\/www.saint-paul-angouleme.fr\/application\/wp-json\/wp\/v2\/types\/post"}],"author":[{"embeddable":true,"href":"https:\/\/www.saint-paul-angouleme.fr\/application\/wp-json\/wp\/v2\/users\/3"}],"replies":[{"embeddable":true,"href":"https:\/\/www.saint-paul-angouleme.fr\/application\/wp-json\/wp\/v2\/comments?post=5693"}],"version-history":[{"count":1,"href":"https:\/\/www.saint-paul-angouleme.fr\/application\/wp-json\/wp\/v2\/posts\/5693\/revisions"}],"predecessor-version":[{"id":5710,"href":"https:\/\/www.saint-paul-angouleme.fr\/application\/wp-json\/wp\/v2\/posts\/5693\/revisions\/5710"}],"wp:featuredmedia":[{"embeddable":true,"href":"https:\/\/www.saint-paul-angouleme.fr\/application\/wp-json\/wp\/v2\/media\/5711"}],"wp:attachment":[{"href":"https:\/\/www.saint-paul-angouleme.fr\/application\/wp-json\/wp\/v2\/media?parent=5693"}],"wp:term":[{"taxonomy":"category","embeddable":true,"href":"https:\/\/www.saint-paul-angouleme.fr\/application\/wp-json\/wp\/v2\/categories?post=5693"},{"taxonomy":"post_tag","embeddable":true,"href":"https:\/\/www.saint-paul-angouleme.fr\/application\/wp-json\/wp\/v2\/tags?post=5693"}],"curies":[{"name":"wp","href":"https:\/\/api.w.org\/{rel}","templated":true}]}}