{"id":5690,"date":"2021-05-31T18:14:34","date_gmt":"2021-05-31T16:14:34","guid":{"rendered":"https:\/\/www.saint-paul-angouleme.fr\/application\/?p=5683"},"modified":"2021-05-31T18:14:34","modified_gmt":"2021-05-31T16:14:34","slug":"competition-deloquence-2021-two-first-places-for-saint-paul","status":"publish","type":"post","link":"https:\/\/www.saint-paul-angouleme.fr\/application\/en\/competition-deloquence-2021-two-first-places-for-saint-paul\/","title":{"rendered":"Eloquence 2021: two first places for Saint-Paul"},"content":{"rendered":"\n<figure class=\"wp-block-image\"><img loading=\"lazy\" decoding=\"async\" width=\"1024\" height=\"768\" src=\"https:\/\/www.saint-paul-angouleme.fr\/application\/wp-content\/uploads\/2021\/05\/groupe-1024x768.jpg\" alt=\"Eloquence Competition Group 2021\" class=\"wp-image-5684\" srcset=\"https:\/\/www.saint-paul-angouleme.fr\/application\/wp-content\/uploads\/2021\/05\/groupe-1024x768.jpg 1024w, https:\/\/www.saint-paul-angouleme.fr\/application\/wp-content\/uploads\/2021\/05\/groupe-300x225.jpg 300w, https:\/\/www.saint-paul-angouleme.fr\/application\/wp-content\/uploads\/2021\/05\/groupe-768x576.jpg 768w\" sizes=\"(max-width: 1024px) 100vw, 1024px\" \/><\/figure>\n\n\n\n<p>Since the beginning of the school year, students registered for the Eloquence Competition 2021 have been reflecting on a topic: <strong> &quot;Culture, vector of peace?&quot; <\/strong> , proposed by Rotary. <\/p>\n\n\n\n<p>It is for them to convince, in 7 minutes, a jury by arguing, in a personal way, on the given theme. <\/p>\n\n\n\n<figure class=\"wp-block-image\"><img loading=\"lazy\" decoding=\"async\" width=\"1024\" height=\"768\" src=\"https:\/\/www.saint-paul-angouleme.fr\/application\/wp-content\/uploads\/2021\/05\/photo-2-1024x768.jpg\" alt=\"\" class=\"wp-image-5685\" srcset=\"https:\/\/www.saint-paul-angouleme.fr\/application\/wp-content\/uploads\/2021\/05\/photo-2-1024x768.jpg 1024w, https:\/\/www.saint-paul-angouleme.fr\/application\/wp-content\/uploads\/2021\/05\/photo-2-300x225.jpg 300w, https:\/\/www.saint-paul-angouleme.fr\/application\/wp-content\/uploads\/2021\/05\/photo-2-768x576.jpg 768w\" sizes=\"(max-width: 1024px) 100vw, 1024px\" \/><\/figure>\n\n\n\n<p>On Saturday, May 29, in the premises of the town hall of Angoul\u00eame, the young people delivered their speech with courage and determination. <\/p>\n\n\n\n<p>This year <a rel=\"noreferrer noopener\" aria-label=\"encore (s\u2019ouvre dans un nouvel onglet)\" href=\"https:\/\/www.saint-paul-angouleme.fr\/application\/de-beaux-plaidoyers-au-concours-deloquence-2019\/\" target=\"_blank\">again,<\/a>we have seen some great performances. Above all, these are two beautiful victories of our students Manon Darthenay (1st place \u2013 Rotary les Eaux Claires), Alexandre Jay-Tripelon (1st place \u2013 <a href=\"https:\/\/fr-fr.facebook.com\/rotaryvaldecharente\/\" target=\"_blank\" rel=\"noreferrer noopener\" aria-label=\"Rotary Val de Charente (s\u2019ouvre dans un nouvel onglet)\">Rotary Val de Charente)<\/a>and Albane You (3rd place).<\/p>\n\n\n\n<p>Congratulations to everyone for this beautiful Eloquence 2021 contest!<\/p>\n","protected":false},"excerpt":{"rendered":"<p>Since the beginning of the school year, students registered for the Eloquence Competition 2021 have been reflecting on a topic: &quot;Culture, vector of peace?&quot; , proposed by Rotary. It is for them to convince, in 7 minutes, a jury by arguing, in a personal way, on the given theme. On Saturday, May 29, in the &#8230; <a title=\"Eloquence 2021: two first places for Saint-Paul\" class=\"read-more\" href=\"https:\/\/www.saint-paul-angouleme.fr\/application\/en\/competition-deloquence-2021-two-first-places-for-saint-paul\/\" aria-label=\"Read more about Eloquence 2021: two first places for Saint-Paul\">Lire la suite<\/a><\/p>\n","protected":false},"author":3,"featured_media":0,"comment_status":"open","ping_status":"open","sticky":false,"template":"","format":"standard","meta":{"_exactmetrics_skip_tracking":false,"_exactmetrics_sitenote_active":false,"_exactmetrics_sitenote_note":"","_exactmetrics_sitenote_category":0,"footnotes":""},"categories":[507],"tags":[],"class_list":["post-5690","post","type-post","status-publish","format-standard","hentry","category-pedagogy"],"yoast_head":"<!-- This site is optimized with the Yoast SEO plugin v23.3 - https:\/\/yoast.com\/wordpress\/plugins\/seo\/ -->\n<title>Eloquence 2021: two first places for Saint-Paul - Actualit\u00e9s<\/title>\n<meta name=\"robots\" content=\"index, follow, max-snippet:-1, max-image-preview:large, max-video-preview:-1\" \/>\n<link rel=\"canonical\" href=\"https:\/\/www.saint-paul-angouleme.fr\/application\/en\/competition-deloquence-2021-two-first-places-for-saint-paul\/\" \/>\n<meta property=\"og:locale\" content=\"fr_FR\" \/>\n<meta property=\"og:type\" content=\"article\" \/>\n<meta property=\"og:title\" content=\"Eloquence 2021: two first places for Saint-Paul - Actualit\u00e9s\" \/>\n<meta property=\"og:description\" content=\"Since the beginning of the school year, students registered for the Eloquence Competition 2021 have been reflecting on a topic: &quot;Culture, vector of peace?&quot; , proposed by Rotary. It is for them to convince, in 7 minutes, a jury by arguing, in a personal way, on the given theme. On Saturday, May 29, in the ... Lire la suite\" \/>\n<meta property=\"og:url\" content=\"https:\/\/www.saint-paul-angouleme.fr\/application\/en\/competition-deloquence-2021-two-first-places-for-saint-paul\/\" \/>\n<meta property=\"og:site_name\" content=\"Actualit\u00e9s\" \/>\n<meta property=\"article:publisher\" content=\"https:\/\/www.facebook.com\/SaintPaulAngouleme16\/\" \/>\n<meta property=\"article:published_time\" content=\"2021-05-31T16:14:34+00:00\" \/>\n<meta property=\"og:image\" content=\"https:\/\/www.saint-paul-angouleme.fr\/application\/wp-content\/uploads\/2021\/05\/groupe-1024x768.jpg\" \/>\n<meta name=\"author\" content=\"SAINT-PAUL\" \/>\n<meta name=\"twitter:card\" content=\"summary_large_image\" \/>\n<meta name=\"twitter:creator\" content=\"@StPaulAngoulem\" \/>\n<meta name=\"twitter:site\" content=\"@StPaulAngoulem\" \/>\n<meta name=\"twitter:label1\" content=\"\u00c9crit par\" \/>\n\t<meta name=\"twitter:data1\" content=\"SAINT-PAUL\" \/>\n\t<meta name=\"twitter:label2\" content=\"Dur\u00e9e de lecture estim\u00e9e\" \/>\n\t<meta name=\"twitter:data2\" content=\"1 minute\" \/>\n<script type=\"application\/ld+json\" class=\"yoast-schema-graph\">{\"@context\":\"https:\/\/schema.org\",\"@graph\":[{\"@type\":\"Article\",\"@id\":\"https:\/\/www.saint-paul-angouleme.fr\/application\/en\/competition-deloquence-2021-two-first-places-for-saint-paul\/#article\",\"isPartOf\":{\"@id\":\"https:\/\/www.saint-paul-angouleme.fr\/application\/en\/competition-deloquence-2021-two-first-places-for-saint-paul\/\"},\"author\":{\"name\":\"SAINT-PAUL\",\"@id\":\"https:\/\/www.saint-paul-angouleme.fr\/application\/#\/schema\/person\/ea152930b1a3823659065827b1a5fb9b\"},\"headline\":\"Eloquence 2021: two first places for Saint-Paul\",\"datePublished\":\"2021-05-31T16:14:34+00:00\",\"dateModified\":\"2021-05-31T16:14:34+00:00\",\"mainEntityOfPage\":{\"@id\":\"https:\/\/www.saint-paul-angouleme.fr\/application\/en\/competition-deloquence-2021-two-first-places-for-saint-paul\/\"},\"wordCount\":125,\"commentCount\":0,\"publisher\":{\"@id\":\"https:\/\/www.saint-paul-angouleme.fr\/application\/#organization\"},\"image\":{\"@id\":\"https:\/\/www.saint-paul-angouleme.fr\/application\/en\/competition-deloquence-2021-two-first-places-for-saint-paul\/#primaryimage\"},\"thumbnailUrl\":\"https:\/\/www.saint-paul-angouleme.fr\/application\/wp-content\/uploads\/2021\/05\/groupe-1024x768.jpg\",\"articleSection\":[\"Pedagogy\"],\"inLanguage\":\"fr-FR\",\"potentialAction\":[{\"@type\":\"CommentAction\",\"name\":\"Comment\",\"target\":[\"https:\/\/www.saint-paul-angouleme.fr\/application\/en\/competition-deloquence-2021-two-first-places-for-saint-paul\/#respond\"]}]},{\"@type\":\"WebPage\",\"@id\":\"https:\/\/www.saint-paul-angouleme.fr\/application\/en\/competition-deloquence-2021-two-first-places-for-saint-paul\/\",\"url\":\"https:\/\/www.saint-paul-angouleme.fr\/application\/en\/competition-deloquence-2021-two-first-places-for-saint-paul\/\",\"name\":\"Eloquence 2021: two first places for Saint-Paul - Actualit\u00e9s\",\"isPartOf\":{\"@id\":\"https:\/\/www.saint-paul-angouleme.fr\/application\/#website\"},\"primaryImageOfPage\":{\"@id\":\"https:\/\/www.saint-paul-angouleme.fr\/application\/en\/competition-deloquence-2021-two-first-places-for-saint-paul\/#primaryimage\"},\"image\":{\"@id\":\"https:\/\/www.saint-paul-angouleme.fr\/application\/en\/competition-deloquence-2021-two-first-places-for-saint-paul\/#primaryimage\"},\"thumbnailUrl\":\"https:\/\/www.saint-paul-angouleme.fr\/application\/wp-content\/uploads\/2021\/05\/groupe-1024x768.jpg\",\"datePublished\":\"2021-05-31T16:14:34+00:00\",\"dateModified\":\"2021-05-31T16:14:34+00:00\",\"breadcrumb\":{\"@id\":\"https:\/\/www.saint-paul-angouleme.fr\/application\/en\/competition-deloquence-2021-two-first-places-for-saint-paul\/#breadcrumb\"},\"inLanguage\":\"fr-FR\",\"potentialAction\":[{\"@type\":\"ReadAction\",\"target\":[\"https:\/\/www.saint-paul-angouleme.fr\/application\/en\/competition-deloquence-2021-two-first-places-for-saint-paul\/\"]}]},{\"@type\":\"ImageObject\",\"inLanguage\":\"fr-FR\",\"@id\":\"https:\/\/www.saint-paul-angouleme.fr\/application\/en\/competition-deloquence-2021-two-first-places-for-saint-paul\/#primaryimage\",\"url\":\"https:\/\/www.saint-paul-angouleme.fr\/application\/wp-content\/uploads\/2021\/05\/groupe.jpg\",\"contentUrl\":\"https:\/\/www.saint-paul-angouleme.fr\/application\/wp-content\/uploads\/2021\/05\/groupe.jpg\",\"width\":2304,\"height\":1728},{\"@type\":\"BreadcrumbList\",\"@id\":\"https:\/\/www.saint-paul-angouleme.fr\/application\/en\/competition-deloquence-2021-two-first-places-for-saint-paul\/#breadcrumb\",\"itemListElement\":[{\"@type\":\"ListItem\",\"position\":1,\"name\":\"Accueil\",\"item\":\"http:\/\/www.saint-paul-angouleme.fr\/application\/\"},{\"@type\":\"ListItem\",\"position\":2,\"name\":\"Eloquence 2021: two first places for Saint-Paul\"}]},{\"@type\":\"WebSite\",\"@id\":\"https:\/\/www.saint-paul-angouleme.fr\/application\/#website\",\"url\":\"https:\/\/www.saint-paul-angouleme.fr\/application\/\",\"name\":\"Actualit\u00e9s\",\"description\":\"Actualit\u00e9s Saint Paul\",\"publisher\":{\"@id\":\"https:\/\/www.saint-paul-angouleme.fr\/application\/#organization\"},\"potentialAction\":[{\"@type\":\"SearchAction\",\"target\":{\"@type\":\"EntryPoint\",\"urlTemplate\":\"https:\/\/www.saint-paul-angouleme.fr\/application\/?s={search_term_string}\"},\"query-input\":\"required name=search_term_string\"}],\"inLanguage\":\"fr-FR\"},{\"@type\":\"Organization\",\"@id\":\"https:\/\/www.saint-paul-angouleme.fr\/application\/#organization\",\"name\":\"Ensemble scolaire Saint-Paul\",\"url\":\"https:\/\/www.saint-paul-angouleme.fr\/application\/\",\"logo\":{\"@type\":\"ImageObject\",\"inLanguage\":\"fr-FR\",\"@id\":\"https:\/\/www.saint-paul-angouleme.fr\/application\/#\/schema\/logo\/image\/\",\"url\":\"https:\/\/www.saint-paul-angouleme.fr\/application\/wp-content\/uploads\/2018\/08\/logo-saint-paul-couleurs.jpg\",\"contentUrl\":\"https:\/\/www.saint-paul-angouleme.fr\/application\/wp-content\/uploads\/2018\/08\/logo-saint-paul-couleurs.jpg\",\"width\":1890,\"height\":709,\"caption\":\"Ensemble scolaire Saint-Paul\"},\"image\":{\"@id\":\"https:\/\/www.saint-paul-angouleme.fr\/application\/#\/schema\/logo\/image\/\"},\"sameAs\":[\"https:\/\/www.facebook.com\/SaintPaulAngouleme16\/\",\"https:\/\/x.com\/StPaulAngoulem\",\"https:\/\/www.youtube.com\/channel\/UCRLpz1CmPVqc0gn--YyXvjA?view_as=subscriber\"]},{\"@type\":\"Person\",\"@id\":\"https:\/\/www.saint-paul-angouleme.fr\/application\/#\/schema\/person\/ea152930b1a3823659065827b1a5fb9b\",\"name\":\"SAINT-PAUL\",\"image\":{\"@type\":\"ImageObject\",\"inLanguage\":\"fr-FR\",\"@id\":\"https:\/\/www.saint-paul-angouleme.fr\/application\/#\/schema\/person\/image\/\",\"url\":\"https:\/\/secure.gravatar.com\/avatar\/eadb0ffebc02683a61d69038eb2924f0?s=96&r=g\",\"contentUrl\":\"https:\/\/secure.gravatar.com\/avatar\/eadb0ffebc02683a61d69038eb2924f0?s=96&r=g\",\"caption\":\"SAINT-PAUL\"},\"url\":\"https:\/\/www.saint-paul-angouleme.fr\/application\/author\/myriam\/\"}]}<\/script>\n<!-- \/ Yoast SEO plugin. -->","yoast_head_json":{"title":"Eloquence 2021: two first places for Saint-Paul - Actualit\u00e9s","robots":{"index":"index","follow":"follow","max-snippet":"max-snippet:-1","max-image-preview":"max-image-preview:large","max-video-preview":"max-video-preview:-1"},"canonical":"https:\/\/www.saint-paul-angouleme.fr\/application\/en\/competition-deloquence-2021-two-first-places-for-saint-paul\/","og_locale":"fr_FR","og_type":"article","og_title":"Eloquence 2021: two first places for Saint-Paul - Actualit\u00e9s","og_description":"Since the beginning of the school year, students registered for the Eloquence Competition 2021 have been reflecting on a topic: &quot;Culture, vector of peace?&quot; , proposed by Rotary. It is for them to convince, in 7 minutes, a jury by arguing, in a personal way, on the given theme. On Saturday, May 29, in the ... Lire la suite","og_url":"https:\/\/www.saint-paul-angouleme.fr\/application\/en\/competition-deloquence-2021-two-first-places-for-saint-paul\/","og_site_name":"Actualit\u00e9s","article_publisher":"https:\/\/www.facebook.com\/SaintPaulAngouleme16\/","article_published_time":"2021-05-31T16:14:34+00:00","og_image":[{"url":"https:\/\/www.saint-paul-angouleme.fr\/application\/wp-content\/uploads\/2021\/05\/groupe-1024x768.jpg"}],"author":"SAINT-PAUL","twitter_card":"summary_large_image","twitter_creator":"@StPaulAngoulem","twitter_site":"@StPaulAngoulem","twitter_misc":{"\u00c9crit par":"SAINT-PAUL","Dur\u00e9e de lecture estim\u00e9e":"1 minute"},"schema":{"@context":"https:\/\/schema.org","@graph":[{"@type":"Article","@id":"https:\/\/www.saint-paul-angouleme.fr\/application\/en\/competition-deloquence-2021-two-first-places-for-saint-paul\/#article","isPartOf":{"@id":"https:\/\/www.saint-paul-angouleme.fr\/application\/en\/competition-deloquence-2021-two-first-places-for-saint-paul\/"},"author":{"name":"SAINT-PAUL","@id":"https:\/\/www.saint-paul-angouleme.fr\/application\/#\/schema\/person\/ea152930b1a3823659065827b1a5fb9b"},"headline":"Eloquence 2021: two first places for Saint-Paul","datePublished":"2021-05-31T16:14:34+00:00","dateModified":"2021-05-31T16:14:34+00:00","mainEntityOfPage":{"@id":"https:\/\/www.saint-paul-angouleme.fr\/application\/en\/competition-deloquence-2021-two-first-places-for-saint-paul\/"},"wordCount":125,"commentCount":0,"publisher":{"@id":"https:\/\/www.saint-paul-angouleme.fr\/application\/#organization"},"image":{"@id":"https:\/\/www.saint-paul-angouleme.fr\/application\/en\/competition-deloquence-2021-two-first-places-for-saint-paul\/#primaryimage"},"thumbnailUrl":"https:\/\/www.saint-paul-angouleme.fr\/application\/wp-content\/uploads\/2021\/05\/groupe-1024x768.jpg","articleSection":["Pedagogy"],"inLanguage":"fr-FR","potentialAction":[{"@type":"CommentAction","name":"Comment","target":["https:\/\/www.saint-paul-angouleme.fr\/application\/en\/competition-deloquence-2021-two-first-places-for-saint-paul\/#respond"]}]},{"@type":"WebPage","@id":"https:\/\/www.saint-paul-angouleme.fr\/application\/en\/competition-deloquence-2021-two-first-places-for-saint-paul\/","url":"https:\/\/www.saint-paul-angouleme.fr\/application\/en\/competition-deloquence-2021-two-first-places-for-saint-paul\/","name":"Eloquence 2021: two first places for Saint-Paul - Actualit\u00e9s","isPartOf":{"@id":"https:\/\/www.saint-paul-angouleme.fr\/application\/#website"},"primaryImageOfPage":{"@id":"https:\/\/www.saint-paul-angouleme.fr\/application\/en\/competition-deloquence-2021-two-first-places-for-saint-paul\/#primaryimage"},"image":{"@id":"https:\/\/www.saint-paul-angouleme.fr\/application\/en\/competition-deloquence-2021-two-first-places-for-saint-paul\/#primaryimage"},"thumbnailUrl":"https:\/\/www.saint-paul-angouleme.fr\/application\/wp-content\/uploads\/2021\/05\/groupe-1024x768.jpg","datePublished":"2021-05-31T16:14:34+00:00","dateModified":"2021-05-31T16:14:34+00:00","breadcrumb":{"@id":"https:\/\/www.saint-paul-angouleme.fr\/application\/en\/competition-deloquence-2021-two-first-places-for-saint-paul\/#breadcrumb"},"inLanguage":"fr-FR","potentialAction":[{"@type":"ReadAction","target":["https:\/\/www.saint-paul-angouleme.fr\/application\/en\/competition-deloquence-2021-two-first-places-for-saint-paul\/"]}]},{"@type":"ImageObject","inLanguage":"fr-FR","@id":"https:\/\/www.saint-paul-angouleme.fr\/application\/en\/competition-deloquence-2021-two-first-places-for-saint-paul\/#primaryimage","url":"https:\/\/www.saint-paul-angouleme.fr\/application\/wp-content\/uploads\/2021\/05\/groupe.jpg","contentUrl":"https:\/\/www.saint-paul-angouleme.fr\/application\/wp-content\/uploads\/2021\/05\/groupe.jpg","width":2304,"height":1728},{"@type":"BreadcrumbList","@id":"https:\/\/www.saint-paul-angouleme.fr\/application\/en\/competition-deloquence-2021-two-first-places-for-saint-paul\/#breadcrumb","itemListElement":[{"@type":"ListItem","position":1,"name":"Accueil","item":"http:\/\/www.saint-paul-angouleme.fr\/application\/"},{"@type":"ListItem","position":2,"name":"Eloquence 2021: two first places for Saint-Paul"}]},{"@type":"WebSite","@id":"https:\/\/www.saint-paul-angouleme.fr\/application\/#website","url":"https:\/\/www.saint-paul-angouleme.fr\/application\/","name":"Actualit\u00e9s","description":"Actualit\u00e9s Saint Paul","publisher":{"@id":"https:\/\/www.saint-paul-angouleme.fr\/application\/#organization"},"potentialAction":[{"@type":"SearchAction","target":{"@type":"EntryPoint","urlTemplate":"https:\/\/www.saint-paul-angouleme.fr\/application\/?s={search_term_string}"},"query-input":"required name=search_term_string"}],"inLanguage":"fr-FR"},{"@type":"Organization","@id":"https:\/\/www.saint-paul-angouleme.fr\/application\/#organization","name":"Ensemble scolaire Saint-Paul","url":"https:\/\/www.saint-paul-angouleme.fr\/application\/","logo":{"@type":"ImageObject","inLanguage":"fr-FR","@id":"https:\/\/www.saint-paul-angouleme.fr\/application\/#\/schema\/logo\/image\/","url":"https:\/\/www.saint-paul-angouleme.fr\/application\/wp-content\/uploads\/2018\/08\/logo-saint-paul-couleurs.jpg","contentUrl":"https:\/\/www.saint-paul-angouleme.fr\/application\/wp-content\/uploads\/2018\/08\/logo-saint-paul-couleurs.jpg","width":1890,"height":709,"caption":"Ensemble scolaire Saint-Paul"},"image":{"@id":"https:\/\/www.saint-paul-angouleme.fr\/application\/#\/schema\/logo\/image\/"},"sameAs":["https:\/\/www.facebook.com\/SaintPaulAngouleme16\/","https:\/\/x.com\/StPaulAngoulem","https:\/\/www.youtube.com\/channel\/UCRLpz1CmPVqc0gn--YyXvjA?view_as=subscriber"]},{"@type":"Person","@id":"https:\/\/www.saint-paul-angouleme.fr\/application\/#\/schema\/person\/ea152930b1a3823659065827b1a5fb9b","name":"SAINT-PAUL","image":{"@type":"ImageObject","inLanguage":"fr-FR","@id":"https:\/\/www.saint-paul-angouleme.fr\/application\/#\/schema\/person\/image\/","url":"https:\/\/secure.gravatar.com\/avatar\/eadb0ffebc02683a61d69038eb2924f0?s=96&r=g","contentUrl":"https:\/\/secure.gravatar.com\/avatar\/eadb0ffebc02683a61d69038eb2924f0?s=96&r=g","caption":"SAINT-PAUL"},"url":"https:\/\/www.saint-paul-angouleme.fr\/application\/author\/myriam\/"}]}},"_links":{"self":[{"href":"https:\/\/www.saint-paul-angouleme.fr\/application\/wp-json\/wp\/v2\/posts\/5690"}],"collection":[{"href":"https:\/\/www.saint-paul-angouleme.fr\/application\/wp-json\/wp\/v2\/posts"}],"about":[{"href":"https:\/\/www.saint-paul-angouleme.fr\/application\/wp-json\/wp\/v2\/types\/post"}],"author":[{"embeddable":true,"href":"https:\/\/www.saint-paul-angouleme.fr\/application\/wp-json\/wp\/v2\/users\/3"}],"replies":[{"embeddable":true,"href":"https:\/\/www.saint-paul-angouleme.fr\/application\/wp-json\/wp\/v2\/comments?post=5690"}],"version-history":[{"count":0,"href":"https:\/\/www.saint-paul-angouleme.fr\/application\/wp-json\/wp\/v2\/posts\/5690\/revisions"}],"wp:attachment":[{"href":"https:\/\/www.saint-paul-angouleme.fr\/application\/wp-json\/wp\/v2\/media?parent=5690"}],"wp:term":[{"taxonomy":"category","embeddable":true,"href":"https:\/\/www.saint-paul-angouleme.fr\/application\/wp-json\/wp\/v2\/categories?post=5690"},{"taxonomy":"post_tag","embeddable":true,"href":"https:\/\/www.saint-paul-angouleme.fr\/application\/wp-json\/wp\/v2\/tags?post=5690"}],"curies":[{"name":"wp","href":"https:\/\/api.w.org\/{rel}","templated":true}]}}