{"id":5589,"date":"2021-01-12T11:30:03","date_gmt":"2021-01-12T10:30:03","guid":{"rendered":"https:\/\/www.saint-paul-angouleme.fr\/application\/?p=5589"},"modified":"2021-01-12T11:30:05","modified_gmt":"2021-01-12T10:30:05","slug":"semaine-du-cinema-allemand-daujourdhui","status":"publish","type":"post","link":"https:\/\/www.saint-paul-angouleme.fr\/application\/semaine-du-cinema-allemand-daujourdhui\/","title":{"rendered":"&#8220;Semaine du cin\u00e9ma allemand d&#8217;aujourd&#8217;hui&#8221;"},"content":{"rendered":"\n<figure class=\"wp-block-image\"><img loading=\"lazy\" decoding=\"async\" width=\"724\" height=\"1024\" src=\"https:\/\/www.saint-paul-angouleme.fr\/application\/wp-content\/uploads\/2021\/01\/image-724x1024.jpg\" alt=\"affiche semaine cin\u00e9ma allemand\" class=\"wp-image-5590\" srcset=\"https:\/\/www.saint-paul-angouleme.fr\/application\/wp-content\/uploads\/2021\/01\/image-724x1024.jpg 724w, https:\/\/www.saint-paul-angouleme.fr\/application\/wp-content\/uploads\/2021\/01\/image-212x300.jpg 212w, https:\/\/www.saint-paul-angouleme.fr\/application\/wp-content\/uploads\/2021\/01\/image-768x1086.jpg 768w, https:\/\/www.saint-paul-angouleme.fr\/application\/wp-content\/uploads\/2021\/01\/image.jpg 1024w\" sizes=\"(max-width: 724px) 100vw, 724px\" \/><\/figure>\n\n\n\n<p class=\"justification_texte { text-align: justify;}\">Madame PEROL et Mme BOUDRINGHIN proposent cette ann\u00e9e \u00e0 leurs \u00e9l\u00e8ves une &#8220;Semaine du cin\u00e9ma allemand&#8221;. Du fait de la situation sanitaire il n&#8217;y a pas de d\u00e9placement au P\u00f4le Image mais des s\u00e9ances &#8220;\u00e0 domicile&#8221;. C&#8217;est le Goethe Institut qui est \u00e0 l&#8217;origine de cette initiative.<\/p>\n\n\n\n<blockquote class=\"wp-block-quote justification_texte { text-align: justify;} is-layout-flow wp-block-quote-is-layout-flow\"><p><em> La s\u00e9lection des films a \u00e9t\u00e9 r\u00e9alis\u00e9e par un jury franco-allemand en fonction des sujets trait\u00e9s et de la grande qualit\u00e9 cin\u00e9matographique des productions. Nous souhaitons permettre aux enseignants de lancer des pistes de r\u00e9flexions et de discussions par le biais de th\u00e9matiques sur des valeurs fondamentales comme\u00a0<\/em><strong><em>l\u2019acceptation de l\u2019alt\u00e9rit\u00e9, la solidarit\u00e9, le rapport \u00e0 l\u2019autre et \u00e0 la soci\u00e9t\u00e9 ou encore l\u2019engagement individuel et collectif<\/em><\/strong><em>. <\/em><\/p><cite><a rel=\"noreferrer noopener\" aria-label=\" (s\u2019ouvre dans un nouvel onglet)\" href=\"https:\/\/www.goethe.de\/ins\/fr\/fr\/spr\/unt\/ver\/kan\/cin\/ueb.html\" target=\"_blank\">https:\/\/www.goethe.de\/ins\/fr\/fr\/spr\/unt\/ver\/kan\/cin\/ueb.html<\/a><\/cite><\/blockquote>\n\n\n\n<p>Le Goethe Institut fournit aux enseignants des dossiers p\u00e9dagogiques pour traiter de diff\u00e9rents th\u00e8mes. Ils permettent aussi de faire d\u00e9couvrir aux \u00e9l\u00e8ves le contexte ou encore les champs lexicaux\u2026 Cette Semaine du Cin\u00e9ma allemand s&#8217;inscrit dans l&#8217;emploi du temps habituel.<\/p>\n","protected":false},"excerpt":{"rendered":"<p>Madame PEROL et Mme BOUDRINGHIN proposent cette ann\u00e9e \u00e0 leurs \u00e9l\u00e8ves une &#8220;Semaine du cin\u00e9ma allemand&#8221;. Du fait de la situation sanitaire il n&#8217;y a pas de d\u00e9placement au P\u00f4le Image mais des s\u00e9ances &#8220;\u00e0 domicile&#8221;. C&#8217;est le Goethe Institut qui est \u00e0 l&#8217;origine de cette initiative. La s\u00e9lection des films a \u00e9t\u00e9 r\u00e9alis\u00e9e par &#8230; <a title=\"&#8220;Semaine du cin\u00e9ma allemand d&#8217;aujourd&#8217;hui&#8221;\" class=\"read-more\" href=\"https:\/\/www.saint-paul-angouleme.fr\/application\/semaine-du-cinema-allemand-daujourdhui\/\" aria-label=\"Read more about &#8220;Semaine du cin\u00e9ma allemand d&#8217;aujourd&#8217;hui&#8221;\">Lire la suite<\/a><\/p>\n","protected":false},"author":3,"featured_media":0,"comment_status":"open","ping_status":"open","sticky":false,"template":"","format":"standard","meta":{"_exactmetrics_skip_tracking":false,"_exactmetrics_sitenote_active":false,"_exactmetrics_sitenote_note":"","_exactmetrics_sitenote_category":0,"footnotes":""},"categories":[13],"tags":[],"class_list":["post-5589","post","type-post","status-publish","format-standard","hentry","category-pedagogie"],"yoast_head":"<!-- This site is optimized with the Yoast SEO plugin v23.3 - https:\/\/yoast.com\/wordpress\/plugins\/seo\/ -->\n<title>&quot;Semaine du cin\u00e9ma allemand d&#039;aujourd&#039;hui&quot; - Actualit\u00e9s<\/title>\n<meta name=\"description\" content=\"Du 18 au 22 janvier les professeures d&#039;Allemand proposent \u00e0 leurs \u00e9l\u00e8ves une &quot;Semaine du Cin\u00e9ma allemand&quot;. Une occasion bien agr\u00e9able de se perfectionner.\" \/>\n<meta name=\"robots\" content=\"index, follow, max-snippet:-1, max-image-preview:large, max-video-preview:-1\" \/>\n<link rel=\"canonical\" href=\"https:\/\/www.saint-paul-angouleme.fr\/application\/semaine-du-cinema-allemand-daujourdhui\/\" \/>\n<meta property=\"og:locale\" content=\"fr_FR\" \/>\n<meta property=\"og:type\" content=\"article\" \/>\n<meta property=\"og:title\" content=\"&quot;Semaine du cin\u00e9ma allemand d&#039;aujourd&#039;hui&quot; - Actualit\u00e9s\" \/>\n<meta property=\"og:description\" content=\"Du 18 au 22 janvier les professeures d&#039;Allemand proposent \u00e0 leurs \u00e9l\u00e8ves une &quot;Semaine du Cin\u00e9ma allemand&quot;. Une occasion bien agr\u00e9able de se perfectionner.\" \/>\n<meta property=\"og:url\" content=\"https:\/\/www.saint-paul-angouleme.fr\/application\/semaine-du-cinema-allemand-daujourdhui\/\" \/>\n<meta property=\"og:site_name\" content=\"Actualit\u00e9s\" \/>\n<meta property=\"article:publisher\" content=\"https:\/\/www.facebook.com\/SaintPaulAngouleme16\/\" \/>\n<meta property=\"article:published_time\" content=\"2021-01-12T10:30:03+00:00\" \/>\n<meta property=\"article:modified_time\" content=\"2021-01-12T10:30:05+00:00\" \/>\n<meta property=\"og:image\" content=\"https:\/\/www.saint-paul-angouleme.fr\/application\/wp-content\/uploads\/2021\/01\/image-724x1024.jpg\" \/>\n<meta name=\"author\" content=\"SAINT-PAUL\" \/>\n<meta name=\"twitter:card\" content=\"summary_large_image\" \/>\n<meta name=\"twitter:creator\" content=\"@StPaulAngoulem\" \/>\n<meta name=\"twitter:site\" content=\"@StPaulAngoulem\" \/>\n<meta name=\"twitter:label1\" content=\"\u00c9crit par\" \/>\n\t<meta name=\"twitter:data1\" content=\"SAINT-PAUL\" \/>\n\t<meta name=\"twitter:label2\" content=\"Dur\u00e9e de lecture estim\u00e9e\" \/>\n\t<meta name=\"twitter:data2\" content=\"1 minute\" \/>\n<script type=\"application\/ld+json\" class=\"yoast-schema-graph\">{\"@context\":\"https:\/\/schema.org\",\"@graph\":[{\"@type\":\"Article\",\"@id\":\"https:\/\/www.saint-paul-angouleme.fr\/application\/semaine-du-cinema-allemand-daujourdhui\/#article\",\"isPartOf\":{\"@id\":\"https:\/\/www.saint-paul-angouleme.fr\/application\/semaine-du-cinema-allemand-daujourdhui\/\"},\"author\":{\"name\":\"SAINT-PAUL\",\"@id\":\"https:\/\/www.saint-paul-angouleme.fr\/application\/#\/schema\/person\/ea152930b1a3823659065827b1a5fb9b\"},\"headline\":\"&#8220;Semaine du cin\u00e9ma allemand d&#8217;aujourd&#8217;hui&#8221;\",\"datePublished\":\"2021-01-12T10:30:03+00:00\",\"dateModified\":\"2021-01-12T10:30:05+00:00\",\"mainEntityOfPage\":{\"@id\":\"https:\/\/www.saint-paul-angouleme.fr\/application\/semaine-du-cinema-allemand-daujourdhui\/\"},\"wordCount\":201,\"commentCount\":0,\"publisher\":{\"@id\":\"https:\/\/www.saint-paul-angouleme.fr\/application\/#organization\"},\"image\":{\"@id\":\"https:\/\/www.saint-paul-angouleme.fr\/application\/semaine-du-cinema-allemand-daujourdhui\/#primaryimage\"},\"thumbnailUrl\":\"https:\/\/www.saint-paul-angouleme.fr\/application\/wp-content\/uploads\/2021\/01\/image-724x1024.jpg\",\"articleSection\":[\"P\u00e9dagogie\"],\"inLanguage\":\"fr-FR\",\"potentialAction\":[{\"@type\":\"CommentAction\",\"name\":\"Comment\",\"target\":[\"https:\/\/www.saint-paul-angouleme.fr\/application\/semaine-du-cinema-allemand-daujourdhui\/#respond\"]}]},{\"@type\":\"WebPage\",\"@id\":\"https:\/\/www.saint-paul-angouleme.fr\/application\/semaine-du-cinema-allemand-daujourdhui\/\",\"url\":\"https:\/\/www.saint-paul-angouleme.fr\/application\/semaine-du-cinema-allemand-daujourdhui\/\",\"name\":\"\\\"Semaine du cin\u00e9ma allemand d'aujourd'hui\\\" - Actualit\u00e9s\",\"isPartOf\":{\"@id\":\"https:\/\/www.saint-paul-angouleme.fr\/application\/#website\"},\"primaryImageOfPage\":{\"@id\":\"https:\/\/www.saint-paul-angouleme.fr\/application\/semaine-du-cinema-allemand-daujourdhui\/#primaryimage\"},\"image\":{\"@id\":\"https:\/\/www.saint-paul-angouleme.fr\/application\/semaine-du-cinema-allemand-daujourdhui\/#primaryimage\"},\"thumbnailUrl\":\"https:\/\/www.saint-paul-angouleme.fr\/application\/wp-content\/uploads\/2021\/01\/image-724x1024.jpg\",\"datePublished\":\"2021-01-12T10:30:03+00:00\",\"dateModified\":\"2021-01-12T10:30:05+00:00\",\"description\":\"Du 18 au 22 janvier les professeures d'Allemand proposent \u00e0 leurs \u00e9l\u00e8ves une \\\"Semaine du Cin\u00e9ma allemand\\\". Une occasion bien agr\u00e9able de se perfectionner.\",\"breadcrumb\":{\"@id\":\"https:\/\/www.saint-paul-angouleme.fr\/application\/semaine-du-cinema-allemand-daujourdhui\/#breadcrumb\"},\"inLanguage\":\"fr-FR\",\"potentialAction\":[{\"@type\":\"ReadAction\",\"target\":[\"https:\/\/www.saint-paul-angouleme.fr\/application\/semaine-du-cinema-allemand-daujourdhui\/\"]}]},{\"@type\":\"ImageObject\",\"inLanguage\":\"fr-FR\",\"@id\":\"https:\/\/www.saint-paul-angouleme.fr\/application\/semaine-du-cinema-allemand-daujourdhui\/#primaryimage\",\"url\":\"https:\/\/www.saint-paul-angouleme.fr\/application\/wp-content\/uploads\/2021\/01\/image.jpg\",\"contentUrl\":\"https:\/\/www.saint-paul-angouleme.fr\/application\/wp-content\/uploads\/2021\/01\/image.jpg\",\"width\":1024,\"height\":1448},{\"@type\":\"BreadcrumbList\",\"@id\":\"https:\/\/www.saint-paul-angouleme.fr\/application\/semaine-du-cinema-allemand-daujourdhui\/#breadcrumb\",\"itemListElement\":[{\"@type\":\"ListItem\",\"position\":1,\"name\":\"Accueil\",\"item\":\"http:\/\/www.saint-paul-angouleme.fr\/application\/\"},{\"@type\":\"ListItem\",\"position\":2,\"name\":\"&#8220;Semaine du cin\u00e9ma allemand d&#8217;aujourd&#8217;hui&#8221;\"}]},{\"@type\":\"WebSite\",\"@id\":\"https:\/\/www.saint-paul-angouleme.fr\/application\/#website\",\"url\":\"https:\/\/www.saint-paul-angouleme.fr\/application\/\",\"name\":\"Actualit\u00e9s\",\"description\":\"Actualit\u00e9s Saint Paul\",\"publisher\":{\"@id\":\"https:\/\/www.saint-paul-angouleme.fr\/application\/#organization\"},\"potentialAction\":[{\"@type\":\"SearchAction\",\"target\":{\"@type\":\"EntryPoint\",\"urlTemplate\":\"https:\/\/www.saint-paul-angouleme.fr\/application\/?s={search_term_string}\"},\"query-input\":\"required name=search_term_string\"}],\"inLanguage\":\"fr-FR\"},{\"@type\":\"Organization\",\"@id\":\"https:\/\/www.saint-paul-angouleme.fr\/application\/#organization\",\"name\":\"Ensemble scolaire Saint-Paul\",\"url\":\"https:\/\/www.saint-paul-angouleme.fr\/application\/\",\"logo\":{\"@type\":\"ImageObject\",\"inLanguage\":\"fr-FR\",\"@id\":\"https:\/\/www.saint-paul-angouleme.fr\/application\/#\/schema\/logo\/image\/\",\"url\":\"https:\/\/www.saint-paul-angouleme.fr\/application\/wp-content\/uploads\/2018\/08\/logo-saint-paul-couleurs.jpg\",\"contentUrl\":\"https:\/\/www.saint-paul-angouleme.fr\/application\/wp-content\/uploads\/2018\/08\/logo-saint-paul-couleurs.jpg\",\"width\":1890,\"height\":709,\"caption\":\"Ensemble scolaire Saint-Paul\"},\"image\":{\"@id\":\"https:\/\/www.saint-paul-angouleme.fr\/application\/#\/schema\/logo\/image\/\"},\"sameAs\":[\"https:\/\/www.facebook.com\/SaintPaulAngouleme16\/\",\"https:\/\/x.com\/StPaulAngoulem\",\"https:\/\/www.youtube.com\/channel\/UCRLpz1CmPVqc0gn--YyXvjA?view_as=subscriber\"]},{\"@type\":\"Person\",\"@id\":\"https:\/\/www.saint-paul-angouleme.fr\/application\/#\/schema\/person\/ea152930b1a3823659065827b1a5fb9b\",\"name\":\"SAINT-PAUL\",\"image\":{\"@type\":\"ImageObject\",\"inLanguage\":\"fr-FR\",\"@id\":\"https:\/\/www.saint-paul-angouleme.fr\/application\/#\/schema\/person\/image\/\",\"url\":\"https:\/\/secure.gravatar.com\/avatar\/eadb0ffebc02683a61d69038eb2924f0?s=96&r=g\",\"contentUrl\":\"https:\/\/secure.gravatar.com\/avatar\/eadb0ffebc02683a61d69038eb2924f0?s=96&r=g\",\"caption\":\"SAINT-PAUL\"},\"url\":\"https:\/\/www.saint-paul-angouleme.fr\/application\/author\/myriam\/\"}]}<\/script>\n<!-- \/ Yoast SEO plugin. -->","yoast_head_json":{"title":"\"Semaine du cin\u00e9ma allemand d'aujourd'hui\" - Actualit\u00e9s","description":"Du 18 au 22 janvier les professeures d'Allemand proposent \u00e0 leurs \u00e9l\u00e8ves une \"Semaine du Cin\u00e9ma allemand\". Une occasion bien agr\u00e9able de se perfectionner.","robots":{"index":"index","follow":"follow","max-snippet":"max-snippet:-1","max-image-preview":"max-image-preview:large","max-video-preview":"max-video-preview:-1"},"canonical":"https:\/\/www.saint-paul-angouleme.fr\/application\/semaine-du-cinema-allemand-daujourdhui\/","og_locale":"fr_FR","og_type":"article","og_title":"\"Semaine du cin\u00e9ma allemand d'aujourd'hui\" - Actualit\u00e9s","og_description":"Du 18 au 22 janvier les professeures d'Allemand proposent \u00e0 leurs \u00e9l\u00e8ves une \"Semaine du Cin\u00e9ma allemand\". Une occasion bien agr\u00e9able de se perfectionner.","og_url":"https:\/\/www.saint-paul-angouleme.fr\/application\/semaine-du-cinema-allemand-daujourdhui\/","og_site_name":"Actualit\u00e9s","article_publisher":"https:\/\/www.facebook.com\/SaintPaulAngouleme16\/","article_published_time":"2021-01-12T10:30:03+00:00","article_modified_time":"2021-01-12T10:30:05+00:00","og_image":[{"url":"https:\/\/www.saint-paul-angouleme.fr\/application\/wp-content\/uploads\/2021\/01\/image-724x1024.jpg"}],"author":"SAINT-PAUL","twitter_card":"summary_large_image","twitter_creator":"@StPaulAngoulem","twitter_site":"@StPaulAngoulem","twitter_misc":{"\u00c9crit par":"SAINT-PAUL","Dur\u00e9e de lecture estim\u00e9e":"1 minute"},"schema":{"@context":"https:\/\/schema.org","@graph":[{"@type":"Article","@id":"https:\/\/www.saint-paul-angouleme.fr\/application\/semaine-du-cinema-allemand-daujourdhui\/#article","isPartOf":{"@id":"https:\/\/www.saint-paul-angouleme.fr\/application\/semaine-du-cinema-allemand-daujourdhui\/"},"author":{"name":"SAINT-PAUL","@id":"https:\/\/www.saint-paul-angouleme.fr\/application\/#\/schema\/person\/ea152930b1a3823659065827b1a5fb9b"},"headline":"&#8220;Semaine du cin\u00e9ma allemand d&#8217;aujourd&#8217;hui&#8221;","datePublished":"2021-01-12T10:30:03+00:00","dateModified":"2021-01-12T10:30:05+00:00","mainEntityOfPage":{"@id":"https:\/\/www.saint-paul-angouleme.fr\/application\/semaine-du-cinema-allemand-daujourdhui\/"},"wordCount":201,"commentCount":0,"publisher":{"@id":"https:\/\/www.saint-paul-angouleme.fr\/application\/#organization"},"image":{"@id":"https:\/\/www.saint-paul-angouleme.fr\/application\/semaine-du-cinema-allemand-daujourdhui\/#primaryimage"},"thumbnailUrl":"https:\/\/www.saint-paul-angouleme.fr\/application\/wp-content\/uploads\/2021\/01\/image-724x1024.jpg","articleSection":["P\u00e9dagogie"],"inLanguage":"fr-FR","potentialAction":[{"@type":"CommentAction","name":"Comment","target":["https:\/\/www.saint-paul-angouleme.fr\/application\/semaine-du-cinema-allemand-daujourdhui\/#respond"]}]},{"@type":"WebPage","@id":"https:\/\/www.saint-paul-angouleme.fr\/application\/semaine-du-cinema-allemand-daujourdhui\/","url":"https:\/\/www.saint-paul-angouleme.fr\/application\/semaine-du-cinema-allemand-daujourdhui\/","name":"\"Semaine du cin\u00e9ma allemand d'aujourd'hui\" - Actualit\u00e9s","isPartOf":{"@id":"https:\/\/www.saint-paul-angouleme.fr\/application\/#website"},"primaryImageOfPage":{"@id":"https:\/\/www.saint-paul-angouleme.fr\/application\/semaine-du-cinema-allemand-daujourdhui\/#primaryimage"},"image":{"@id":"https:\/\/www.saint-paul-angouleme.fr\/application\/semaine-du-cinema-allemand-daujourdhui\/#primaryimage"},"thumbnailUrl":"https:\/\/www.saint-paul-angouleme.fr\/application\/wp-content\/uploads\/2021\/01\/image-724x1024.jpg","datePublished":"2021-01-12T10:30:03+00:00","dateModified":"2021-01-12T10:30:05+00:00","description":"Du 18 au 22 janvier les professeures d'Allemand proposent \u00e0 leurs \u00e9l\u00e8ves une \"Semaine du Cin\u00e9ma allemand\". Une occasion bien agr\u00e9able de se perfectionner.","breadcrumb":{"@id":"https:\/\/www.saint-paul-angouleme.fr\/application\/semaine-du-cinema-allemand-daujourdhui\/#breadcrumb"},"inLanguage":"fr-FR","potentialAction":[{"@type":"ReadAction","target":["https:\/\/www.saint-paul-angouleme.fr\/application\/semaine-du-cinema-allemand-daujourdhui\/"]}]},{"@type":"ImageObject","inLanguage":"fr-FR","@id":"https:\/\/www.saint-paul-angouleme.fr\/application\/semaine-du-cinema-allemand-daujourdhui\/#primaryimage","url":"https:\/\/www.saint-paul-angouleme.fr\/application\/wp-content\/uploads\/2021\/01\/image.jpg","contentUrl":"https:\/\/www.saint-paul-angouleme.fr\/application\/wp-content\/uploads\/2021\/01\/image.jpg","width":1024,"height":1448},{"@type":"BreadcrumbList","@id":"https:\/\/www.saint-paul-angouleme.fr\/application\/semaine-du-cinema-allemand-daujourdhui\/#breadcrumb","itemListElement":[{"@type":"ListItem","position":1,"name":"Accueil","item":"http:\/\/www.saint-paul-angouleme.fr\/application\/"},{"@type":"ListItem","position":2,"name":"&#8220;Semaine du cin\u00e9ma allemand d&#8217;aujourd&#8217;hui&#8221;"}]},{"@type":"WebSite","@id":"https:\/\/www.saint-paul-angouleme.fr\/application\/#website","url":"https:\/\/www.saint-paul-angouleme.fr\/application\/","name":"Actualit\u00e9s","description":"Actualit\u00e9s Saint Paul","publisher":{"@id":"https:\/\/www.saint-paul-angouleme.fr\/application\/#organization"},"potentialAction":[{"@type":"SearchAction","target":{"@type":"EntryPoint","urlTemplate":"https:\/\/www.saint-paul-angouleme.fr\/application\/?s={search_term_string}"},"query-input":"required name=search_term_string"}],"inLanguage":"fr-FR"},{"@type":"Organization","@id":"https:\/\/www.saint-paul-angouleme.fr\/application\/#organization","name":"Ensemble scolaire Saint-Paul","url":"https:\/\/www.saint-paul-angouleme.fr\/application\/","logo":{"@type":"ImageObject","inLanguage":"fr-FR","@id":"https:\/\/www.saint-paul-angouleme.fr\/application\/#\/schema\/logo\/image\/","url":"https:\/\/www.saint-paul-angouleme.fr\/application\/wp-content\/uploads\/2018\/08\/logo-saint-paul-couleurs.jpg","contentUrl":"https:\/\/www.saint-paul-angouleme.fr\/application\/wp-content\/uploads\/2018\/08\/logo-saint-paul-couleurs.jpg","width":1890,"height":709,"caption":"Ensemble scolaire Saint-Paul"},"image":{"@id":"https:\/\/www.saint-paul-angouleme.fr\/application\/#\/schema\/logo\/image\/"},"sameAs":["https:\/\/www.facebook.com\/SaintPaulAngouleme16\/","https:\/\/x.com\/StPaulAngoulem","https:\/\/www.youtube.com\/channel\/UCRLpz1CmPVqc0gn--YyXvjA?view_as=subscriber"]},{"@type":"Person","@id":"https:\/\/www.saint-paul-angouleme.fr\/application\/#\/schema\/person\/ea152930b1a3823659065827b1a5fb9b","name":"SAINT-PAUL","image":{"@type":"ImageObject","inLanguage":"fr-FR","@id":"https:\/\/www.saint-paul-angouleme.fr\/application\/#\/schema\/person\/image\/","url":"https:\/\/secure.gravatar.com\/avatar\/eadb0ffebc02683a61d69038eb2924f0?s=96&r=g","contentUrl":"https:\/\/secure.gravatar.com\/avatar\/eadb0ffebc02683a61d69038eb2924f0?s=96&r=g","caption":"SAINT-PAUL"},"url":"https:\/\/www.saint-paul-angouleme.fr\/application\/author\/myriam\/"}]}},"_links":{"self":[{"href":"https:\/\/www.saint-paul-angouleme.fr\/application\/wp-json\/wp\/v2\/posts\/5589"}],"collection":[{"href":"https:\/\/www.saint-paul-angouleme.fr\/application\/wp-json\/wp\/v2\/posts"}],"about":[{"href":"https:\/\/www.saint-paul-angouleme.fr\/application\/wp-json\/wp\/v2\/types\/post"}],"author":[{"embeddable":true,"href":"https:\/\/www.saint-paul-angouleme.fr\/application\/wp-json\/wp\/v2\/users\/3"}],"replies":[{"embeddable":true,"href":"https:\/\/www.saint-paul-angouleme.fr\/application\/wp-json\/wp\/v2\/comments?post=5589"}],"version-history":[{"count":9,"href":"https:\/\/www.saint-paul-angouleme.fr\/application\/wp-json\/wp\/v2\/posts\/5589\/revisions"}],"predecessor-version":[{"id":5599,"href":"https:\/\/www.saint-paul-angouleme.fr\/application\/wp-json\/wp\/v2\/posts\/5589\/revisions\/5599"}],"wp:attachment":[{"href":"https:\/\/www.saint-paul-angouleme.fr\/application\/wp-json\/wp\/v2\/media?parent=5589"}],"wp:term":[{"taxonomy":"category","embeddable":true,"href":"https:\/\/www.saint-paul-angouleme.fr\/application\/wp-json\/wp\/v2\/categories?post=5589"},{"taxonomy":"post_tag","embeddable":true,"href":"https:\/\/www.saint-paul-angouleme.fr\/application\/wp-json\/wp\/v2\/tags?post=5589"}],"curies":[{"name":"wp","href":"https:\/\/api.w.org\/{rel}","templated":true}]}}