{"id":5551,"date":"2020-11-26T16:43:06","date_gmt":"2020-11-26T15:43:06","guid":{"rendered":"https:\/\/www.saint-paul-angouleme.fr\/application\/?p=5551"},"modified":"2021-03-18T15:48:44","modified_gmt":"2021-03-18T14:48:44","slug":"1000-chercheurs-a-lecole-rencontre-avec-mme-dragin-chercheure","status":"publish","type":"post","link":"https:\/\/www.saint-paul-angouleme.fr\/application\/1000-chercheurs-a-lecole-rencontre-avec-mme-dragin-chercheure\/","title":{"rendered":"1000 chercheurs dans les \u00e9coles : accueil de Mme DRAGIN \u00e0 Saint-Paul"},"content":{"rendered":"\n<p class=\"justification_texte { text-align: justify;}\">A quelques jours du T\u00e9l\u00e9thon, Mme Nadine DRAGIN, chercheure au <a rel=\"noreferrer noopener\" aria-label=\" (s\u2019ouvre dans un nouvel onglet)\" href=\"https:\/\/www.institut-myologie.org\/qui-sommes-nous\/\" target=\"_blank\">Centre de Recherche en Myologie<\/a>, rencontre en visioconf\u00e9rence nos \u00e9l\u00e8ves. Les \u00e9l\u00e8ves en &#8220;Sp\u00e9 SVT&#8221; et STL Biotech participent \u00e0 la conf\u00e9rence et posent leurs questions. En 2019 c&#8217;est <a rel=\"noreferrer noopener\" aria-label=\"M. Xavier NISSAN  (s\u2019ouvre dans un nouvel onglet)\" href=\"https:\/\/www.saint-paul-angouleme.fr\/application\/telethon-2019-1000-chercheurs-dans-les-ecoles\/\" target=\"_blank\">M. Xavier NISSAN <\/a>qui \u00e9tait venu parler de son m\u00e9tier et de ses recherches.<\/p>\n\n\n\n<h4 class=\"wp-block-heading\">Pr\u00e9sentation de son travail<\/h4>\n\n\n\n<p class=\"justification_texte { text-align: justify;}\">Dans un premier temps, Mme DRAGIN se pr\u00e9sente et parle de son travail. L&#8217;objet de son travail de recherche est la <a rel=\"noreferrer noopener\" aria-label=\"Myasth\u00e9nie (s\u2019ouvre dans un nouvel onglet)\" href=\"https:\/\/www.myasthenie.fr\/maladie\/quest-ce-que-la-myasthenie\/\" target=\"_blank\">Myasth\u00e9nie<\/a>. Il s&#8217;agit d&#8217;une maladie auto-immune neuromusculaire. En d&#8217;autres termes, cette maladie chronique est li\u00e9e \u00e0 un d\u00e9faut de transmission entre le nerf et le muscle. Par cons\u00e9quent la chercheure doit identifier des cibles th\u00e9rapeutiques. C&#8217;est ce qu&#8217;elle explique dans sa pr\u00e9sentation.<\/p>\n\n\n\n<figure class=\"wp-block-audio\"><audio controls src=\"https:\/\/www.saint-paul-angouleme.fr\/application\/wp-content\/uploads\/2020\/11\/Track122.mp3\"><\/audio><\/figure>\n\n\n\n<p class=\"justification_texte { text-align: justify;}\">De m\u00eame, elle insiste sur l&#8217;avantage de sa profession : la libert\u00e9 intellectuelle. Par cons\u00e9quent, &#8220;personne ne peut r\u00e9pondre \u00e0 [ses] questions. Elle doit \u00eatre cr\u00e9ative et imaginative&#8221;.<\/p>\n\n\n\n<div class=\"wp-block-image\"><figure class=\"aligncenter\"><img loading=\"lazy\" decoding=\"async\" width=\"1024\" height=\"768\" src=\"https:\/\/www.saint-paul-angouleme.fr\/application\/wp-content\/uploads\/2020\/11\/20201110_101756-1024x768.jpg\" alt=\"En attendant la connexion...\" class=\"wp-image-5560\" srcset=\"https:\/\/www.saint-paul-angouleme.fr\/application\/wp-content\/uploads\/2020\/11\/20201110_101756-1024x768.jpg 1024w, https:\/\/www.saint-paul-angouleme.fr\/application\/wp-content\/uploads\/2020\/11\/20201110_101756-300x225.jpg 300w, https:\/\/www.saint-paul-angouleme.fr\/application\/wp-content\/uploads\/2020\/11\/20201110_101756-768x576.jpg 768w, https:\/\/www.saint-paul-angouleme.fr\/application\/wp-content\/uploads\/2020\/11\/20201110_101756.jpg 1249w\" sizes=\"(max-width: 1024px) 100vw, 1024px\" \/><\/figure><\/div>\n\n\n\n<h4 class=\"wp-block-heading\">Chercheur : un travail d&#8217;\u00e9quipe<\/h4>\n\n\n\n<p class=\"justification_texte { text-align: justify;}\">Chercheur(e) n&#8217;est pas un m\u00e9tier solitaire. Par cons\u00e9quent, il (elle) est amen\u00e9(e) \u00e0 travailler au sein d&#8217;une large \u00e9quipe. Premi\u00e8rement les patients, les parents des patients(le T\u00e9l\u00e9thon est une association de parents) mais aussi bien s\u00fbr des m\u00e9decins, des techniciens, des juristes (en fonction des pays la loi n&#8217;est pas la m\u00eame et cela peut avoir des incidences sur la recherche). De m\u00eame, il faut des personnes qui savent g\u00e9rer les budgets (&#8220;la recherche \u00e7a co\u00fbte cher&#8221;), des informaticiens (pour d\u00e9velopper des outils pour, par exemple, lire les structures ADN rapidement), des commerciaux et des communicants pour faire fructifier le travail r\u00e9alis\u00e9, expliquer et rendre simple les travaux r\u00e9alis\u00e9s, etc. Ainsi, au sein d&#8217;une \u00e9quipe, il y a de la place pour tout le monde depuis le Bac jusqu&#8217;\u00e0 Bac+18. <\/p>\n\n\n\n<p class=\"justification_texte { text-align: justify;}\">Elle ajoute : &#8220;celui qui a le meilleur salaire n&#8217;est pas forc\u00e9ment celui qui est le plus dipl\u00f4m\u00e9, c&#8217;est celui qui a une expertise rare&#8221; ; celui-l\u00e0, &#8220;personne ne veut le perdre&#8221;.<\/p>\n\n\n\n<figure class=\"wp-block-embed-youtube wp-block-embed is-type-video is-provider-youtube wp-embed-aspect-4-3 wp-has-aspect-ratio\"><div class=\"wp-block-embed__wrapper\">\n<div class=\"arve\" data-mode=\"normal\" data-oembed=\"1\" data-provider=\"youtube\" id=\"arve-youtube-2ze4d1l3dpk\">\n<div class=\"arve-inner\">\n<div class=\"arve-embed arve-embed--has-aspect-ratio\" style=\"aspect-ratio: 4 \/ 3\">\n<span class=\"arve-ar\" style=\"padding-top:75.000000%\"><\/span><iframe credentialless referrerpolicy=\"strict-origin-when-cross-origin\" allow=\"accelerometer &#039;none&#039;;ambient-light-sensor &#039;none&#039;;autoplay &#039;none&#039;;battery &#039;none&#039;;bluetooth &#039;none&#039;;browsing-topics &#039;none&#039;;camera &#039;none&#039;;ch-ua &#039;none&#039;;clipboard-read &#039;none&#039;;clipboard-write;display-capture &#039;none&#039;;document-domain &#039;none&#039;;domain-agent &#039;none&#039;;encrypted-media &#039;none&#039;;execution-while-not-rendered &#039;none&#039;;execution-while-out-of-viewport &#039;none&#039;;gamepad &#039;none&#039;;geolocation &#039;none&#039;;gyroscope &#039;none&#039;;hid &#039;none&#039;;identity-credentials-get &#039;none&#039;;idle-detection &#039;none&#039;;keyboard-map &#039;none&#039;;local-fonts &#039;none&#039;;magnetometer &#039;none&#039;;microphone &#039;none&#039;;midi &#039;none&#039;;navigation-override &#039;none&#039;;otp-credentials &#039;none&#039;;payment &#039;none&#039;;picture-in-picture;publickey-credentials-create &#039;none&#039;;publickey-credentials-get &#039;none&#039;;screen-wake-lock &#039;none&#039;;serial &#039;none&#039;;speaker-selection;sync-xhr &#039;none&#039;;usb &#039;none&#039;;web-share;window-management &#039;none&#039;;xr-spatial-tracking &#039;none&#039;;\" allowfullscreen class=\"arve-iframe fitvidsignore\" data-arve=\"arve-youtube-2ze4d1l3dpk\" data-src-no-ap=\"https:\/\/www.youtube-nocookie.com\/embed\/2ZE4d1L3Dpk?feature=oembed&amp;iv_load_policy=3&amp;modestbranding=1&amp;rel=0&amp;autohide=1&amp;playsinline=0&amp;autoplay=0\" frameborder=\"0\" height=\"0\" name sandbox=\"allow-scripts allow-same-origin allow-presentation allow-popups allow-popups-to-escape-sandbox\" scrolling=\"no\" src=\"https:\/\/www.youtube-nocookie.com\/embed\/2ZE4d1L3Dpk?feature=oembed&#038;iv_load_policy=3&#038;modestbranding=1&#038;rel=0&#038;autohide=1&#038;playsinline=0&#038;autoplay=0\" width=\"0\" title loading=\"lazy\"><\/iframe>\n\n<\/div>\n\n<\/div>\n<script type=\"application\/ld+json\">{\"@context\":\"http:\\\/\\\/schema.org\\\/\",\"@id\":\"https:\\\/\\\/www.saint-paul-angouleme.fr\\\/application\\\/1000-chercheurs-a-lecole-rencontre-avec-mme-dragin-chercheure\\\/#arve-youtube-2ze4d1l3dpk\",\"type\":\"VideoObject\",\"embedURL\":\"https:\\\/\\\/www.youtube-nocookie.com\\\/embed\\\/2ZE4d1L3Dpk?feature=oembed&iv_load_policy=3&modestbranding=1&rel=0&autohide=1&playsinline=0&autoplay=0\"}<\/script>\n<\/div>\n\n<\/div><\/figure>\n\n\n\n<h4 class=\"wp-block-heading\">Prix Nobel de Chimie 2020 : une grande premi\u00e8re<\/h4>\n\n\n\n<p class=\"justification_texte { text-align: justify;}\">Au cours de sa conf\u00e9rence, Mme DRAGIN \u00e9voque le travail des deux chercheuses qui ont obtenu le Prix Nobel de chimie cette ann\u00e9e. Ce <a rel=\"noreferrer noopener\" aria-label=\"duo enti\u00e8rement f\u00e9minin (s\u2019ouvre dans un nouvel onglet)\" href=\"https:\/\/www.elle.fr\/Societe\/News\/Prix-Nobel-de-chimie-qui-sont-Emmanuelle-Charpentier-et-Jennifer-A-Doudna-les-laureates-2020-3887334#:~:text=La%20saison%202020%20des%20Nobel,Doudna.\" target=\"_blank\">duo enti\u00e8rement f\u00e9minin<\/a> ( Emmanuelle Charpentier et Jennifer A. Doudna) a r\u00e9ussi mettre au point des ciseaux chimiques &#8220;qui vont permettre de r\u00e9parer que l&#8217;erreur du g\u00e8ne&#8221;. Ainsi cela permet de r\u00e9parer, d\u00e8s la naissance une erreur sp\u00e9cifique. Le tout en observant les bact\u00e9ries et micro-organismes qui scannent en permanence leur ADN. Elle insiste aussi sur l&#8217;importance de l&#8217;aval des comit\u00e9s d&#8217;\u00e9thique pour avancer ce travail chez les humains.<\/p>\n\n\n\n<figure class=\"wp-block-audio\"><audio controls src=\"https:\/\/www.saint-paul-angouleme.fr\/application\/wp-content\/uploads\/2020\/11\/Track121.mp3\"><\/audio><\/figure>\n\n\n\n<p class=\"justification_texte { text-align: justify;}\">Nos \u00e9l\u00e8ves ont \u00e9t\u00e9 particuli\u00e8rement attentifs et int\u00e9ress\u00e9s. merci Mme DRAGIN.<\/p>\n","protected":false},"excerpt":{"rendered":"<p>A quelques jours du T\u00e9l\u00e9thon, Mme Nadine DRAGIN, chercheure au Centre de Recherche en Myologie, rencontre en visioconf\u00e9rence nos \u00e9l\u00e8ves. Les \u00e9l\u00e8ves en &#8220;Sp\u00e9 SVT&#8221; et STL Biotech participent \u00e0 la conf\u00e9rence et posent leurs questions. En 2019 c&#8217;est M. Xavier NISSAN qui \u00e9tait venu parler de son m\u00e9tier et de ses recherches. Pr\u00e9sentation de &#8230; <a title=\"1000 chercheurs dans les \u00e9coles : accueil de Mme DRAGIN \u00e0 Saint-Paul\" class=\"read-more\" href=\"https:\/\/www.saint-paul-angouleme.fr\/application\/1000-chercheurs-a-lecole-rencontre-avec-mme-dragin-chercheure\/\" aria-label=\"Read more about 1000 chercheurs dans les \u00e9coles : accueil de Mme DRAGIN \u00e0 Saint-Paul\">Lire la suite<\/a><\/p>\n","protected":false},"author":3,"featured_media":5569,"comment_status":"open","ping_status":"open","sticky":false,"template":"","format":"standard","meta":{"_exactmetrics_skip_tracking":false,"_exactmetrics_sitenote_active":false,"_exactmetrics_sitenote_note":"","_exactmetrics_sitenote_category":0,"footnotes":""},"categories":[13],"tags":[],"class_list":["post-5551","post","type-post","status-publish","format-standard","has-post-thumbnail","hentry","category-pedagogie"],"yoast_head":"<!-- This site is optimized with the Yoast SEO plugin v23.3 - https:\/\/yoast.com\/wordpress\/plugins\/seo\/ -->\n<title>Chercheure, Mme DRAGIN rencontre des lyc\u00e9ens de Saint-Paul<\/title>\n<meta name=\"description\" content=\"Madame Nadine DRAGIN, chercheure \u00e0 l&#039;H\u00f4pital de la Piti\u00e9-Salp\u00e9tri\u00e8re, vient \u00e0 la rencontre de nos lyc\u00e9ens. Elle parle de son travail.\" \/>\n<meta name=\"robots\" content=\"index, follow, max-snippet:-1, max-image-preview:large, max-video-preview:-1\" \/>\n<link rel=\"canonical\" href=\"https:\/\/www.saint-paul-angouleme.fr\/application\/1000-chercheurs-a-lecole-rencontre-avec-mme-dragin-chercheure\/\" \/>\n<meta property=\"og:locale\" content=\"fr_FR\" \/>\n<meta property=\"og:type\" content=\"article\" \/>\n<meta property=\"og:title\" content=\"Chercheure, Mme DRAGIN rencontre des lyc\u00e9ens de Saint-Paul\" \/>\n<meta property=\"og:description\" content=\"Madame Nadine DRAGIN, chercheure \u00e0 l&#039;H\u00f4pital de la Piti\u00e9-Salp\u00e9tri\u00e8re, vient \u00e0 la rencontre de nos lyc\u00e9ens. Elle parle de son travail.\" \/>\n<meta property=\"og:url\" content=\"https:\/\/www.saint-paul-angouleme.fr\/application\/1000-chercheurs-a-lecole-rencontre-avec-mme-dragin-chercheure\/\" \/>\n<meta property=\"og:site_name\" content=\"Actualit\u00e9s\" \/>\n<meta property=\"article:publisher\" content=\"https:\/\/www.facebook.com\/SaintPaulAngouleme16\/\" \/>\n<meta property=\"article:published_time\" content=\"2020-11-26T15:43:06+00:00\" \/>\n<meta property=\"article:modified_time\" content=\"2021-03-18T14:48:44+00:00\" \/>\n<meta property=\"og:image\" content=\"https:\/\/www.saint-paul-angouleme.fr\/application\/wp-content\/uploads\/2020\/11\/1000-chercheurs-dans-les-ecoles.jpg\" \/>\n\t<meta property=\"og:image:width\" content=\"1280\" \/>\n\t<meta property=\"og:image:height\" content=\"720\" \/>\n\t<meta property=\"og:image:type\" content=\"image\/jpeg\" \/>\n<meta name=\"author\" content=\"SAINT-PAUL\" \/>\n<meta name=\"twitter:card\" content=\"summary_large_image\" \/>\n<meta name=\"twitter:creator\" content=\"@StPaulAngoulem\" \/>\n<meta name=\"twitter:site\" content=\"@StPaulAngoulem\" \/>\n<meta name=\"twitter:label1\" content=\"\u00c9crit par\" \/>\n\t<meta name=\"twitter:data1\" content=\"SAINT-PAUL\" \/>\n\t<meta name=\"twitter:label2\" content=\"Dur\u00e9e de lecture estim\u00e9e\" \/>\n\t<meta name=\"twitter:data2\" content=\"2 minutes\" \/>\n<script type=\"application\/ld+json\" class=\"yoast-schema-graph\">{\"@context\":\"https:\/\/schema.org\",\"@graph\":[{\"@type\":\"Article\",\"@id\":\"https:\/\/www.saint-paul-angouleme.fr\/application\/1000-chercheurs-a-lecole-rencontre-avec-mme-dragin-chercheure\/#article\",\"isPartOf\":{\"@id\":\"https:\/\/www.saint-paul-angouleme.fr\/application\/1000-chercheurs-a-lecole-rencontre-avec-mme-dragin-chercheure\/\"},\"author\":{\"name\":\"SAINT-PAUL\",\"@id\":\"https:\/\/www.saint-paul-angouleme.fr\/application\/#\/schema\/person\/ea152930b1a3823659065827b1a5fb9b\"},\"headline\":\"1000 chercheurs dans les \u00e9coles : accueil de Mme DRAGIN \u00e0 Saint-Paul\",\"datePublished\":\"2020-11-26T15:43:06+00:00\",\"dateModified\":\"2021-03-18T14:48:44+00:00\",\"mainEntityOfPage\":{\"@id\":\"https:\/\/www.saint-paul-angouleme.fr\/application\/1000-chercheurs-a-lecole-rencontre-avec-mme-dragin-chercheure\/\"},\"wordCount\":507,\"commentCount\":0,\"publisher\":{\"@id\":\"https:\/\/www.saint-paul-angouleme.fr\/application\/#organization\"},\"image\":{\"@id\":\"https:\/\/www.saint-paul-angouleme.fr\/application\/1000-chercheurs-a-lecole-rencontre-avec-mme-dragin-chercheure\/#primaryimage\"},\"thumbnailUrl\":\"https:\/\/www.saint-paul-angouleme.fr\/application\/wp-content\/uploads\/2020\/11\/1000-chercheurs-dans-les-ecoles.jpg\",\"articleSection\":[\"P\u00e9dagogie\"],\"inLanguage\":\"fr-FR\",\"potentialAction\":[{\"@type\":\"CommentAction\",\"name\":\"Comment\",\"target\":[\"https:\/\/www.saint-paul-angouleme.fr\/application\/1000-chercheurs-a-lecole-rencontre-avec-mme-dragin-chercheure\/#respond\"]}]},{\"@type\":\"WebPage\",\"@id\":\"https:\/\/www.saint-paul-angouleme.fr\/application\/1000-chercheurs-a-lecole-rencontre-avec-mme-dragin-chercheure\/\",\"url\":\"https:\/\/www.saint-paul-angouleme.fr\/application\/1000-chercheurs-a-lecole-rencontre-avec-mme-dragin-chercheure\/\",\"name\":\"Chercheure, Mme DRAGIN rencontre des lyc\u00e9ens de Saint-Paul\",\"isPartOf\":{\"@id\":\"https:\/\/www.saint-paul-angouleme.fr\/application\/#website\"},\"primaryImageOfPage\":{\"@id\":\"https:\/\/www.saint-paul-angouleme.fr\/application\/1000-chercheurs-a-lecole-rencontre-avec-mme-dragin-chercheure\/#primaryimage\"},\"image\":{\"@id\":\"https:\/\/www.saint-paul-angouleme.fr\/application\/1000-chercheurs-a-lecole-rencontre-avec-mme-dragin-chercheure\/#primaryimage\"},\"thumbnailUrl\":\"https:\/\/www.saint-paul-angouleme.fr\/application\/wp-content\/uploads\/2020\/11\/1000-chercheurs-dans-les-ecoles.jpg\",\"datePublished\":\"2020-11-26T15:43:06+00:00\",\"dateModified\":\"2021-03-18T14:48:44+00:00\",\"description\":\"Madame Nadine DRAGIN, chercheure \u00e0 l'H\u00f4pital de la Piti\u00e9-Salp\u00e9tri\u00e8re, vient \u00e0 la rencontre de nos lyc\u00e9ens. Elle parle de son travail.\",\"breadcrumb\":{\"@id\":\"https:\/\/www.saint-paul-angouleme.fr\/application\/1000-chercheurs-a-lecole-rencontre-avec-mme-dragin-chercheure\/#breadcrumb\"},\"inLanguage\":\"fr-FR\",\"potentialAction\":[{\"@type\":\"ReadAction\",\"target\":[\"https:\/\/www.saint-paul-angouleme.fr\/application\/1000-chercheurs-a-lecole-rencontre-avec-mme-dragin-chercheure\/\"]}]},{\"@type\":\"ImageObject\",\"inLanguage\":\"fr-FR\",\"@id\":\"https:\/\/www.saint-paul-angouleme.fr\/application\/1000-chercheurs-a-lecole-rencontre-avec-mme-dragin-chercheure\/#primaryimage\",\"url\":\"https:\/\/www.saint-paul-angouleme.fr\/application\/wp-content\/uploads\/2020\/11\/1000-chercheurs-dans-les-ecoles.jpg\",\"contentUrl\":\"https:\/\/www.saint-paul-angouleme.fr\/application\/wp-content\/uploads\/2020\/11\/1000-chercheurs-dans-les-ecoles.jpg\",\"width\":1280,\"height\":720},{\"@type\":\"BreadcrumbList\",\"@id\":\"https:\/\/www.saint-paul-angouleme.fr\/application\/1000-chercheurs-a-lecole-rencontre-avec-mme-dragin-chercheure\/#breadcrumb\",\"itemListElement\":[{\"@type\":\"ListItem\",\"position\":1,\"name\":\"Accueil\",\"item\":\"http:\/\/www.saint-paul-angouleme.fr\/application\/\"},{\"@type\":\"ListItem\",\"position\":2,\"name\":\"1000 chercheurs dans les \u00e9coles : accueil de Mme DRAGIN \u00e0 Saint-Paul\"}]},{\"@type\":\"WebSite\",\"@id\":\"https:\/\/www.saint-paul-angouleme.fr\/application\/#website\",\"url\":\"https:\/\/www.saint-paul-angouleme.fr\/application\/\",\"name\":\"Actualit\u00e9s\",\"description\":\"Actualit\u00e9s Saint Paul\",\"publisher\":{\"@id\":\"https:\/\/www.saint-paul-angouleme.fr\/application\/#organization\"},\"potentialAction\":[{\"@type\":\"SearchAction\",\"target\":{\"@type\":\"EntryPoint\",\"urlTemplate\":\"https:\/\/www.saint-paul-angouleme.fr\/application\/?s={search_term_string}\"},\"query-input\":\"required name=search_term_string\"}],\"inLanguage\":\"fr-FR\"},{\"@type\":\"Organization\",\"@id\":\"https:\/\/www.saint-paul-angouleme.fr\/application\/#organization\",\"name\":\"Ensemble scolaire Saint-Paul\",\"url\":\"https:\/\/www.saint-paul-angouleme.fr\/application\/\",\"logo\":{\"@type\":\"ImageObject\",\"inLanguage\":\"fr-FR\",\"@id\":\"https:\/\/www.saint-paul-angouleme.fr\/application\/#\/schema\/logo\/image\/\",\"url\":\"https:\/\/www.saint-paul-angouleme.fr\/application\/wp-content\/uploads\/2018\/08\/logo-saint-paul-couleurs.jpg\",\"contentUrl\":\"https:\/\/www.saint-paul-angouleme.fr\/application\/wp-content\/uploads\/2018\/08\/logo-saint-paul-couleurs.jpg\",\"width\":1890,\"height\":709,\"caption\":\"Ensemble scolaire Saint-Paul\"},\"image\":{\"@id\":\"https:\/\/www.saint-paul-angouleme.fr\/application\/#\/schema\/logo\/image\/\"},\"sameAs\":[\"https:\/\/www.facebook.com\/SaintPaulAngouleme16\/\",\"https:\/\/x.com\/StPaulAngoulem\",\"https:\/\/www.youtube.com\/channel\/UCRLpz1CmPVqc0gn--YyXvjA?view_as=subscriber\"]},{\"@type\":\"Person\",\"@id\":\"https:\/\/www.saint-paul-angouleme.fr\/application\/#\/schema\/person\/ea152930b1a3823659065827b1a5fb9b\",\"name\":\"SAINT-PAUL\",\"image\":{\"@type\":\"ImageObject\",\"inLanguage\":\"fr-FR\",\"@id\":\"https:\/\/www.saint-paul-angouleme.fr\/application\/#\/schema\/person\/image\/\",\"url\":\"https:\/\/secure.gravatar.com\/avatar\/eadb0ffebc02683a61d69038eb2924f0?s=96&r=g\",\"contentUrl\":\"https:\/\/secure.gravatar.com\/avatar\/eadb0ffebc02683a61d69038eb2924f0?s=96&r=g\",\"caption\":\"SAINT-PAUL\"},\"url\":\"https:\/\/www.saint-paul-angouleme.fr\/application\/author\/myriam\/\"}]}<\/script>\n<!-- \/ Yoast SEO plugin. -->","yoast_head_json":{"title":"Chercheure, Mme DRAGIN rencontre des lyc\u00e9ens de Saint-Paul","description":"Madame Nadine DRAGIN, chercheure \u00e0 l'H\u00f4pital de la Piti\u00e9-Salp\u00e9tri\u00e8re, vient \u00e0 la rencontre de nos lyc\u00e9ens. Elle parle de son travail.","robots":{"index":"index","follow":"follow","max-snippet":"max-snippet:-1","max-image-preview":"max-image-preview:large","max-video-preview":"max-video-preview:-1"},"canonical":"https:\/\/www.saint-paul-angouleme.fr\/application\/1000-chercheurs-a-lecole-rencontre-avec-mme-dragin-chercheure\/","og_locale":"fr_FR","og_type":"article","og_title":"Chercheure, Mme DRAGIN rencontre des lyc\u00e9ens de Saint-Paul","og_description":"Madame Nadine DRAGIN, chercheure \u00e0 l'H\u00f4pital de la Piti\u00e9-Salp\u00e9tri\u00e8re, vient \u00e0 la rencontre de nos lyc\u00e9ens. Elle parle de son travail.","og_url":"https:\/\/www.saint-paul-angouleme.fr\/application\/1000-chercheurs-a-lecole-rencontre-avec-mme-dragin-chercheure\/","og_site_name":"Actualit\u00e9s","article_publisher":"https:\/\/www.facebook.com\/SaintPaulAngouleme16\/","article_published_time":"2020-11-26T15:43:06+00:00","article_modified_time":"2021-03-18T14:48:44+00:00","og_image":[{"width":1280,"height":720,"url":"https:\/\/www.saint-paul-angouleme.fr\/application\/wp-content\/uploads\/2020\/11\/1000-chercheurs-dans-les-ecoles.jpg","type":"image\/jpeg"}],"author":"SAINT-PAUL","twitter_card":"summary_large_image","twitter_creator":"@StPaulAngoulem","twitter_site":"@StPaulAngoulem","twitter_misc":{"\u00c9crit par":"SAINT-PAUL","Dur\u00e9e de lecture estim\u00e9e":"2 minutes"},"schema":{"@context":"https:\/\/schema.org","@graph":[{"@type":"Article","@id":"https:\/\/www.saint-paul-angouleme.fr\/application\/1000-chercheurs-a-lecole-rencontre-avec-mme-dragin-chercheure\/#article","isPartOf":{"@id":"https:\/\/www.saint-paul-angouleme.fr\/application\/1000-chercheurs-a-lecole-rencontre-avec-mme-dragin-chercheure\/"},"author":{"name":"SAINT-PAUL","@id":"https:\/\/www.saint-paul-angouleme.fr\/application\/#\/schema\/person\/ea152930b1a3823659065827b1a5fb9b"},"headline":"1000 chercheurs dans les \u00e9coles : accueil de Mme DRAGIN \u00e0 Saint-Paul","datePublished":"2020-11-26T15:43:06+00:00","dateModified":"2021-03-18T14:48:44+00:00","mainEntityOfPage":{"@id":"https:\/\/www.saint-paul-angouleme.fr\/application\/1000-chercheurs-a-lecole-rencontre-avec-mme-dragin-chercheure\/"},"wordCount":507,"commentCount":0,"publisher":{"@id":"https:\/\/www.saint-paul-angouleme.fr\/application\/#organization"},"image":{"@id":"https:\/\/www.saint-paul-angouleme.fr\/application\/1000-chercheurs-a-lecole-rencontre-avec-mme-dragin-chercheure\/#primaryimage"},"thumbnailUrl":"https:\/\/www.saint-paul-angouleme.fr\/application\/wp-content\/uploads\/2020\/11\/1000-chercheurs-dans-les-ecoles.jpg","articleSection":["P\u00e9dagogie"],"inLanguage":"fr-FR","potentialAction":[{"@type":"CommentAction","name":"Comment","target":["https:\/\/www.saint-paul-angouleme.fr\/application\/1000-chercheurs-a-lecole-rencontre-avec-mme-dragin-chercheure\/#respond"]}]},{"@type":"WebPage","@id":"https:\/\/www.saint-paul-angouleme.fr\/application\/1000-chercheurs-a-lecole-rencontre-avec-mme-dragin-chercheure\/","url":"https:\/\/www.saint-paul-angouleme.fr\/application\/1000-chercheurs-a-lecole-rencontre-avec-mme-dragin-chercheure\/","name":"Chercheure, Mme DRAGIN rencontre des lyc\u00e9ens de Saint-Paul","isPartOf":{"@id":"https:\/\/www.saint-paul-angouleme.fr\/application\/#website"},"primaryImageOfPage":{"@id":"https:\/\/www.saint-paul-angouleme.fr\/application\/1000-chercheurs-a-lecole-rencontre-avec-mme-dragin-chercheure\/#primaryimage"},"image":{"@id":"https:\/\/www.saint-paul-angouleme.fr\/application\/1000-chercheurs-a-lecole-rencontre-avec-mme-dragin-chercheure\/#primaryimage"},"thumbnailUrl":"https:\/\/www.saint-paul-angouleme.fr\/application\/wp-content\/uploads\/2020\/11\/1000-chercheurs-dans-les-ecoles.jpg","datePublished":"2020-11-26T15:43:06+00:00","dateModified":"2021-03-18T14:48:44+00:00","description":"Madame Nadine DRAGIN, chercheure \u00e0 l'H\u00f4pital de la Piti\u00e9-Salp\u00e9tri\u00e8re, vient \u00e0 la rencontre de nos lyc\u00e9ens. Elle parle de son travail.","breadcrumb":{"@id":"https:\/\/www.saint-paul-angouleme.fr\/application\/1000-chercheurs-a-lecole-rencontre-avec-mme-dragin-chercheure\/#breadcrumb"},"inLanguage":"fr-FR","potentialAction":[{"@type":"ReadAction","target":["https:\/\/www.saint-paul-angouleme.fr\/application\/1000-chercheurs-a-lecole-rencontre-avec-mme-dragin-chercheure\/"]}]},{"@type":"ImageObject","inLanguage":"fr-FR","@id":"https:\/\/www.saint-paul-angouleme.fr\/application\/1000-chercheurs-a-lecole-rencontre-avec-mme-dragin-chercheure\/#primaryimage","url":"https:\/\/www.saint-paul-angouleme.fr\/application\/wp-content\/uploads\/2020\/11\/1000-chercheurs-dans-les-ecoles.jpg","contentUrl":"https:\/\/www.saint-paul-angouleme.fr\/application\/wp-content\/uploads\/2020\/11\/1000-chercheurs-dans-les-ecoles.jpg","width":1280,"height":720},{"@type":"BreadcrumbList","@id":"https:\/\/www.saint-paul-angouleme.fr\/application\/1000-chercheurs-a-lecole-rencontre-avec-mme-dragin-chercheure\/#breadcrumb","itemListElement":[{"@type":"ListItem","position":1,"name":"Accueil","item":"http:\/\/www.saint-paul-angouleme.fr\/application\/"},{"@type":"ListItem","position":2,"name":"1000 chercheurs dans les \u00e9coles : accueil de Mme DRAGIN \u00e0 Saint-Paul"}]},{"@type":"WebSite","@id":"https:\/\/www.saint-paul-angouleme.fr\/application\/#website","url":"https:\/\/www.saint-paul-angouleme.fr\/application\/","name":"Actualit\u00e9s","description":"Actualit\u00e9s Saint Paul","publisher":{"@id":"https:\/\/www.saint-paul-angouleme.fr\/application\/#organization"},"potentialAction":[{"@type":"SearchAction","target":{"@type":"EntryPoint","urlTemplate":"https:\/\/www.saint-paul-angouleme.fr\/application\/?s={search_term_string}"},"query-input":"required name=search_term_string"}],"inLanguage":"fr-FR"},{"@type":"Organization","@id":"https:\/\/www.saint-paul-angouleme.fr\/application\/#organization","name":"Ensemble scolaire Saint-Paul","url":"https:\/\/www.saint-paul-angouleme.fr\/application\/","logo":{"@type":"ImageObject","inLanguage":"fr-FR","@id":"https:\/\/www.saint-paul-angouleme.fr\/application\/#\/schema\/logo\/image\/","url":"https:\/\/www.saint-paul-angouleme.fr\/application\/wp-content\/uploads\/2018\/08\/logo-saint-paul-couleurs.jpg","contentUrl":"https:\/\/www.saint-paul-angouleme.fr\/application\/wp-content\/uploads\/2018\/08\/logo-saint-paul-couleurs.jpg","width":1890,"height":709,"caption":"Ensemble scolaire Saint-Paul"},"image":{"@id":"https:\/\/www.saint-paul-angouleme.fr\/application\/#\/schema\/logo\/image\/"},"sameAs":["https:\/\/www.facebook.com\/SaintPaulAngouleme16\/","https:\/\/x.com\/StPaulAngoulem","https:\/\/www.youtube.com\/channel\/UCRLpz1CmPVqc0gn--YyXvjA?view_as=subscriber"]},{"@type":"Person","@id":"https:\/\/www.saint-paul-angouleme.fr\/application\/#\/schema\/person\/ea152930b1a3823659065827b1a5fb9b","name":"SAINT-PAUL","image":{"@type":"ImageObject","inLanguage":"fr-FR","@id":"https:\/\/www.saint-paul-angouleme.fr\/application\/#\/schema\/person\/image\/","url":"https:\/\/secure.gravatar.com\/avatar\/eadb0ffebc02683a61d69038eb2924f0?s=96&r=g","contentUrl":"https:\/\/secure.gravatar.com\/avatar\/eadb0ffebc02683a61d69038eb2924f0?s=96&r=g","caption":"SAINT-PAUL"},"url":"https:\/\/www.saint-paul-angouleme.fr\/application\/author\/myriam\/"}]}},"_links":{"self":[{"href":"https:\/\/www.saint-paul-angouleme.fr\/application\/wp-json\/wp\/v2\/posts\/5551"}],"collection":[{"href":"https:\/\/www.saint-paul-angouleme.fr\/application\/wp-json\/wp\/v2\/posts"}],"about":[{"href":"https:\/\/www.saint-paul-angouleme.fr\/application\/wp-json\/wp\/v2\/types\/post"}],"author":[{"embeddable":true,"href":"https:\/\/www.saint-paul-angouleme.fr\/application\/wp-json\/wp\/v2\/users\/3"}],"replies":[{"embeddable":true,"href":"https:\/\/www.saint-paul-angouleme.fr\/application\/wp-json\/wp\/v2\/comments?post=5551"}],"version-history":[{"count":12,"href":"https:\/\/www.saint-paul-angouleme.fr\/application\/wp-json\/wp\/v2\/posts\/5551\/revisions"}],"predecessor-version":[{"id":5666,"href":"https:\/\/www.saint-paul-angouleme.fr\/application\/wp-json\/wp\/v2\/posts\/5551\/revisions\/5666"}],"wp:featuredmedia":[{"embeddable":true,"href":"https:\/\/www.saint-paul-angouleme.fr\/application\/wp-json\/wp\/v2\/media\/5569"}],"wp:attachment":[{"href":"https:\/\/www.saint-paul-angouleme.fr\/application\/wp-json\/wp\/v2\/media?parent=5551"}],"wp:term":[{"taxonomy":"category","embeddable":true,"href":"https:\/\/www.saint-paul-angouleme.fr\/application\/wp-json\/wp\/v2\/categories?post=5551"},{"taxonomy":"post_tag","embeddable":true,"href":"https:\/\/www.saint-paul-angouleme.fr\/application\/wp-json\/wp\/v2\/tags?post=5551"}],"curies":[{"name":"wp","href":"https:\/\/api.w.org\/{rel}","templated":true}]}}