{"id":5525,"date":"2020-10-19T14:42:18","date_gmt":"2020-10-19T12:42:18","guid":{"rendered":"https:\/\/www.saint-paul-angouleme.fr\/application\/?p=5525"},"modified":"2020-10-19T17:22:13","modified_gmt":"2020-10-19T15:22:13","slug":"ca-roule-pour-lassociation-sportive","status":"publish","type":"post","link":"https:\/\/www.saint-paul-angouleme.fr\/application\/ca-roule-pour-lassociation-sportive\/","title":{"rendered":"\u00c7a roule pour l\u2019Association Sportive Saint-Paul !"},"content":{"rendered":"\n<figure class=\"wp-block-image\"><img loading=\"lazy\" decoding=\"async\" width=\"1024\" height=\"768\" src=\"https:\/\/www.saint-paul-angouleme.fr\/application\/wp-content\/uploads\/2020\/10\/AS-VTT-1024x768.jpg\" alt=\"Sortie VTT c'est parti\" class=\"wp-image-5526\" srcset=\"https:\/\/www.saint-paul-angouleme.fr\/application\/wp-content\/uploads\/2020\/10\/AS-VTT-1024x768.jpg 1024w, https:\/\/www.saint-paul-angouleme.fr\/application\/wp-content\/uploads\/2020\/10\/AS-VTT-300x225.jpg 300w, https:\/\/www.saint-paul-angouleme.fr\/application\/wp-content\/uploads\/2020\/10\/AS-VTT-768x576.jpg 768w\" sizes=\"(max-width: 1024px) 100vw, 1024px\" \/><\/figure>\n\n\n\n<p class=\"justification_texte { text-align: justify;}\">Les activit\u00e9s de l&#8217;Association Sportive ont red\u00e9marr\u00e9 avec la rentr\u00e9e scolaire. Sur la pause m\u00e9ridienne ou le mercredi apr\u00e8s-midi, nos \u00e9l\u00e8ves peuvent s\u2019inscrire pour les diff\u00e9rents sports propos\u00e9s par les enseignants r\u00e9f\u00e9rents.<\/p>\n\n\n\n<p class=\"justification_texte { text-align: justify;}\">Nos 165 licenci\u00e9s peuvent ainsi choisir entre\nmusculation, fitness \/ \u00a9crossfit, step, tennis de table et VTT. L\u2019avantage est\nqu\u2019avec l\u2019inscription de 25,00 \u20ac, chacun(e) peut pratiquer autant d\u2019activit\u00e9s\nqu\u2019il (elle) souhaite.<\/p>\n\n\n\n<h3 class=\"wp-block-heading\">Une sortie VTT ppour commencer<\/h3>\n\n\n\n<p class=\"justification_texte { text-align: justify;}\">Le mercredi 14 octobre 2020 apr\u00e8s-midi une\nsortie VTT est organis\u00e9e. Beaucoup d\u2019\u00e9l\u00e8ves sont pr\u00e9sents et se pr\u00e9parent \u00e0\nprendre la route. Quatre enseignants sont mobilis\u00e9s ainsi qu\u2019une maman d\u2019\u00e9l\u00e8ve.\nTous les niveaux de classe et d\u2019exp\u00e9rience sont repr\u00e9sent\u00e9s. M.PONS nous\nraconte cette sortie dans la vid\u00e9o ci-dessous.<\/p>\n\n\n\n<figure class=\"wp-block-embed-youtube wp-block-embed is-type-video is-provider-youtube wp-embed-aspect-16-9 wp-has-aspect-ratio\"><div class=\"wp-block-embed__wrapper\">\n<div class=\"arve\" data-mode=\"normal\" data-oembed=\"1\" data-provider=\"youtube\" id=\"arve-youtube-v-joi0_xo8y\">\n<div class=\"arve-inner\">\n<div class=\"arve-embed arve-embed--has-aspect-ratio\">\n<span class=\"arve-ar\" style=\"padding-top:56.250000%\"><\/span><iframe credentialless referrerpolicy=\"strict-origin-when-cross-origin\" allow=\"accelerometer &#039;none&#039;;ambient-light-sensor &#039;none&#039;;autoplay &#039;none&#039;;battery &#039;none&#039;;bluetooth &#039;none&#039;;browsing-topics &#039;none&#039;;camera &#039;none&#039;;ch-ua &#039;none&#039;;clipboard-read &#039;none&#039;;clipboard-write;display-capture &#039;none&#039;;document-domain &#039;none&#039;;domain-agent &#039;none&#039;;encrypted-media &#039;none&#039;;execution-while-not-rendered &#039;none&#039;;execution-while-out-of-viewport &#039;none&#039;;gamepad &#039;none&#039;;geolocation &#039;none&#039;;gyroscope &#039;none&#039;;hid &#039;none&#039;;identity-credentials-get &#039;none&#039;;idle-detection &#039;none&#039;;keyboard-map &#039;none&#039;;local-fonts &#039;none&#039;;magnetometer &#039;none&#039;;microphone &#039;none&#039;;midi &#039;none&#039;;navigation-override &#039;none&#039;;otp-credentials &#039;none&#039;;payment &#039;none&#039;;picture-in-picture;publickey-credentials-create &#039;none&#039;;publickey-credentials-get &#039;none&#039;;screen-wake-lock &#039;none&#039;;serial &#039;none&#039;;speaker-selection;sync-xhr &#039;none&#039;;usb &#039;none&#039;;web-share;window-management &#039;none&#039;;xr-spatial-tracking &#039;none&#039;;\" allowfullscreen class=\"arve-iframe fitvidsignore\" data-arve=\"arve-youtube-v-joi0_xo8y\" data-src-no-ap=\"https:\/\/www.youtube-nocookie.com\/embed\/V-Joi0_XO8Y?feature=oembed&amp;iv_load_policy=3&amp;modestbranding=1&amp;rel=0&amp;autohide=1&amp;playsinline=0&amp;autoplay=0\" frameborder=\"0\" height=\"0\" name sandbox=\"allow-scripts allow-same-origin allow-presentation allow-popups allow-popups-to-escape-sandbox\" scrolling=\"no\" src=\"https:\/\/www.youtube-nocookie.com\/embed\/V-Joi0_XO8Y?feature=oembed&#038;iv_load_policy=3&#038;modestbranding=1&#038;rel=0&#038;autohide=1&#038;playsinline=0&#038;autoplay=0\" width=\"0\" title loading=\"lazy\"><\/iframe>\n\n<\/div>\n\n<\/div>\n<script type=\"application\/ld+json\">{\"@context\":\"http:\\\/\\\/schema.org\\\/\",\"@id\":\"https:\\\/\\\/www.saint-paul-angouleme.fr\\\/application\\\/ca-roule-pour-lassociation-sportive\\\/#arve-youtube-v-joi0_xo8y\",\"type\":\"VideoObject\",\"embedURL\":\"https:\\\/\\\/www.youtube-nocookie.com\\\/embed\\\/V-Joi0_XO8Y?feature=oembed&iv_load_policy=3&modestbranding=1&rel=0&autohide=1&playsinline=0&autoplay=0\"}<\/script>\n<\/div>\n\n<\/div><\/figure>\n\n\n\n<h3 class=\"wp-block-heading\">D&#8217;autres ateliers r\u00e9guliers<\/h3>\n\n\n\n<p class=\"justification_texte { text-align: justify;}\">Sur la pause m\u00e9ridienne des \u00e9l\u00e8ves choisissent parmi les sports propos\u00e9s par nos enseignants. Gr\u00e2ce \u00e0 nos \u00e9quipements, ils peuvent ainsi faire du step, du fitness (\u00a9<a rel=\"noreferrer noopener\" aria-label=\"crossfit (s\u2019ouvre dans un nouvel onglet)\" href=\"https:\/\/www.crossfit.com\/\" target=\"_blank\">crossfit<\/a>) c\u2019est-\u00e0-dire de l\u2019entrainement crois\u00e9, du tennis de table ou de la musculation (gr\u00e2ce \u00e0 notre salle \u00e9quip\u00e9e l\u2019an dernier). Ces possibilit\u00e9s sportives s\u00e9duisent bon nombre de nos \u00e9l\u00e8ves. Des s\u00e9ances sp\u00e9ciales sont aussi propos\u00e9es aux enseignants et personnels.<\/p>\n\n\n\n<p>D\u2019autres projets sont en cours&nbsp;: un tournoi de tennis de tables, une sortie cano\u00eb (<a rel=\"noreferrer noopener\" aria-label=\"Saint-Paul s'\u00e9tait qualifi\u00e9 aux championnat de France Kayak (s\u2019ouvre dans un nouvel onglet)\" href=\"https:\/\/www.saint-paul-angouleme.fr\/application\/wp-admin\/post.php?post=4112&amp;action=edit\" target=\"_blank\">Saint-Paul s&#8217;\u00e9tait qualifi\u00e9 aux championnat de France Kayak<\/a> en 2019), une autre sortie VTT. Ainsi, gageons que les bonnes r\u00e9solutions de la rentr\u00e9e seront tenues.<\/p>\n","protected":false},"excerpt":{"rendered":"<p>Les activit\u00e9s de l&#8217;Association Sportive ont red\u00e9marr\u00e9 avec la rentr\u00e9e scolaire. Sur la pause m\u00e9ridienne ou le mercredi apr\u00e8s-midi, nos \u00e9l\u00e8ves peuvent s\u2019inscrire pour les diff\u00e9rents sports propos\u00e9s par les enseignants r\u00e9f\u00e9rents. Nos 165 licenci\u00e9s peuvent ainsi choisir entre musculation, fitness \/ \u00a9crossfit, step, tennis de table et VTT. L\u2019avantage est qu\u2019avec l\u2019inscription de 25,00 &#8230; <a title=\"\u00c7a roule pour l\u2019Association Sportive Saint-Paul !\" class=\"read-more\" href=\"https:\/\/www.saint-paul-angouleme.fr\/application\/ca-roule-pour-lassociation-sportive\/\" aria-label=\"Read more about \u00c7a roule pour l\u2019Association Sportive Saint-Paul !\">Lire la suite<\/a><\/p>\n","protected":false},"author":3,"featured_media":5526,"comment_status":"open","ping_status":"open","sticky":false,"template":"","format":"standard","meta":{"_exactmetrics_skip_tracking":false,"_exactmetrics_sitenote_active":false,"_exactmetrics_sitenote_note":"","_exactmetrics_sitenote_category":0,"footnotes":""},"categories":[523],"tags":[],"class_list":["post-5525","post","type-post","status-publish","format-standard","has-post-thumbnail","hentry","category-regard-sur"],"yoast_head":"<!-- This site is optimized with the Yoast SEO plugin v23.3 - https:\/\/yoast.com\/wordpress\/plugins\/seo\/ -->\n<title>VTT : \u00e7a roule pour l&#039;Association Sportive Saint-Paul !<\/title>\n<meta name=\"description\" content=\"L&#039;Association Sportive de Saint-Paul reprend ses activit\u00e9s. Premier grand rendez-vous : une sortie VTT en direction du plan d&#039;eau de Saint-Yrieix.\" \/>\n<meta name=\"robots\" content=\"index, follow, max-snippet:-1, max-image-preview:large, max-video-preview:-1\" \/>\n<link rel=\"canonical\" href=\"https:\/\/www.saint-paul-angouleme.fr\/application\/ca-roule-pour-lassociation-sportive\/\" \/>\n<meta property=\"og:locale\" content=\"fr_FR\" \/>\n<meta property=\"og:type\" content=\"article\" \/>\n<meta property=\"og:title\" content=\"VTT : \u00e7a roule pour l&#039;Association Sportive Saint-Paul !\" \/>\n<meta property=\"og:description\" content=\"L&#039;Association Sportive de Saint-Paul reprend ses activit\u00e9s. Premier grand rendez-vous : une sortie VTT en direction du plan d&#039;eau de Saint-Yrieix.\" \/>\n<meta property=\"og:url\" content=\"https:\/\/www.saint-paul-angouleme.fr\/application\/ca-roule-pour-lassociation-sportive\/\" \/>\n<meta property=\"og:site_name\" content=\"Actualit\u00e9s\" \/>\n<meta property=\"article:publisher\" content=\"https:\/\/www.facebook.com\/SaintPaulAngouleme16\/\" \/>\n<meta property=\"article:published_time\" content=\"2020-10-19T12:42:18+00:00\" \/>\n<meta property=\"article:modified_time\" content=\"2020-10-19T15:22:13+00:00\" \/>\n<meta property=\"og:image\" content=\"https:\/\/www.saint-paul-angouleme.fr\/application\/wp-content\/uploads\/2020\/10\/AS-VTT-1024x768.jpg\" \/>\n\t<meta property=\"og:image:width\" content=\"1024\" \/>\n\t<meta property=\"og:image:height\" content=\"768\" \/>\n\t<meta property=\"og:image:type\" content=\"image\/jpeg\" \/>\n<meta name=\"author\" content=\"SAINT-PAUL\" \/>\n<meta name=\"twitter:card\" content=\"summary_large_image\" \/>\n<meta name=\"twitter:creator\" content=\"@StPaulAngoulem\" \/>\n<meta name=\"twitter:site\" content=\"@StPaulAngoulem\" \/>\n<meta name=\"twitter:label1\" content=\"\u00c9crit par\" \/>\n\t<meta name=\"twitter:data1\" content=\"SAINT-PAUL\" \/>\n\t<meta name=\"twitter:label2\" content=\"Dur\u00e9e de lecture estim\u00e9e\" \/>\n\t<meta name=\"twitter:data2\" content=\"1 minute\" \/>\n<script type=\"application\/ld+json\" class=\"yoast-schema-graph\">{\"@context\":\"https:\/\/schema.org\",\"@graph\":[{\"@type\":\"Article\",\"@id\":\"https:\/\/www.saint-paul-angouleme.fr\/application\/ca-roule-pour-lassociation-sportive\/#article\",\"isPartOf\":{\"@id\":\"https:\/\/www.saint-paul-angouleme.fr\/application\/ca-roule-pour-lassociation-sportive\/\"},\"author\":{\"name\":\"SAINT-PAUL\",\"@id\":\"https:\/\/www.saint-paul-angouleme.fr\/application\/#\/schema\/person\/ea152930b1a3823659065827b1a5fb9b\"},\"headline\":\"\u00c7a roule pour l\u2019Association Sportive Saint-Paul !\",\"datePublished\":\"2020-10-19T12:42:18+00:00\",\"dateModified\":\"2020-10-19T15:22:13+00:00\",\"mainEntityOfPage\":{\"@id\":\"https:\/\/www.saint-paul-angouleme.fr\/application\/ca-roule-pour-lassociation-sportive\/\"},\"wordCount\":286,\"commentCount\":0,\"publisher\":{\"@id\":\"https:\/\/www.saint-paul-angouleme.fr\/application\/#organization\"},\"image\":{\"@id\":\"https:\/\/www.saint-paul-angouleme.fr\/application\/ca-roule-pour-lassociation-sportive\/#primaryimage\"},\"thumbnailUrl\":\"https:\/\/www.saint-paul-angouleme.fr\/application\/wp-content\/uploads\/2020\/10\/AS-VTT.jpg\",\"articleSection\":[\"Regard sur\"],\"inLanguage\":\"fr-FR\",\"potentialAction\":[{\"@type\":\"CommentAction\",\"name\":\"Comment\",\"target\":[\"https:\/\/www.saint-paul-angouleme.fr\/application\/ca-roule-pour-lassociation-sportive\/#respond\"]}]},{\"@type\":\"WebPage\",\"@id\":\"https:\/\/www.saint-paul-angouleme.fr\/application\/ca-roule-pour-lassociation-sportive\/\",\"url\":\"https:\/\/www.saint-paul-angouleme.fr\/application\/ca-roule-pour-lassociation-sportive\/\",\"name\":\"VTT : \u00e7a roule pour l'Association Sportive Saint-Paul !\",\"isPartOf\":{\"@id\":\"https:\/\/www.saint-paul-angouleme.fr\/application\/#website\"},\"primaryImageOfPage\":{\"@id\":\"https:\/\/www.saint-paul-angouleme.fr\/application\/ca-roule-pour-lassociation-sportive\/#primaryimage\"},\"image\":{\"@id\":\"https:\/\/www.saint-paul-angouleme.fr\/application\/ca-roule-pour-lassociation-sportive\/#primaryimage\"},\"thumbnailUrl\":\"https:\/\/www.saint-paul-angouleme.fr\/application\/wp-content\/uploads\/2020\/10\/AS-VTT.jpg\",\"datePublished\":\"2020-10-19T12:42:18+00:00\",\"dateModified\":\"2020-10-19T15:22:13+00:00\",\"description\":\"L'Association Sportive de Saint-Paul reprend ses activit\u00e9s. Premier grand rendez-vous : une sortie VTT en direction du plan d'eau de Saint-Yrieix.\",\"breadcrumb\":{\"@id\":\"https:\/\/www.saint-paul-angouleme.fr\/application\/ca-roule-pour-lassociation-sportive\/#breadcrumb\"},\"inLanguage\":\"fr-FR\",\"potentialAction\":[{\"@type\":\"ReadAction\",\"target\":[\"https:\/\/www.saint-paul-angouleme.fr\/application\/ca-roule-pour-lassociation-sportive\/\"]}]},{\"@type\":\"ImageObject\",\"inLanguage\":\"fr-FR\",\"@id\":\"https:\/\/www.saint-paul-angouleme.fr\/application\/ca-roule-pour-lassociation-sportive\/#primaryimage\",\"url\":\"https:\/\/www.saint-paul-angouleme.fr\/application\/wp-content\/uploads\/2020\/10\/AS-VTT.jpg\",\"contentUrl\":\"https:\/\/www.saint-paul-angouleme.fr\/application\/wp-content\/uploads\/2020\/10\/AS-VTT.jpg\",\"width\":4000,\"height\":3000,\"caption\":\"Sortie VTT c'est parti\"},{\"@type\":\"BreadcrumbList\",\"@id\":\"https:\/\/www.saint-paul-angouleme.fr\/application\/ca-roule-pour-lassociation-sportive\/#breadcrumb\",\"itemListElement\":[{\"@type\":\"ListItem\",\"position\":1,\"name\":\"Accueil\",\"item\":\"http:\/\/www.saint-paul-angouleme.fr\/application\/\"},{\"@type\":\"ListItem\",\"position\":2,\"name\":\"\u00c7a roule pour l\u2019Association Sportive Saint-Paul !\"}]},{\"@type\":\"WebSite\",\"@id\":\"https:\/\/www.saint-paul-angouleme.fr\/application\/#website\",\"url\":\"https:\/\/www.saint-paul-angouleme.fr\/application\/\",\"name\":\"Actualit\u00e9s\",\"description\":\"Actualit\u00e9s Saint Paul\",\"publisher\":{\"@id\":\"https:\/\/www.saint-paul-angouleme.fr\/application\/#organization\"},\"potentialAction\":[{\"@type\":\"SearchAction\",\"target\":{\"@type\":\"EntryPoint\",\"urlTemplate\":\"https:\/\/www.saint-paul-angouleme.fr\/application\/?s={search_term_string}\"},\"query-input\":\"required name=search_term_string\"}],\"inLanguage\":\"fr-FR\"},{\"@type\":\"Organization\",\"@id\":\"https:\/\/www.saint-paul-angouleme.fr\/application\/#organization\",\"name\":\"Ensemble scolaire Saint-Paul\",\"url\":\"https:\/\/www.saint-paul-angouleme.fr\/application\/\",\"logo\":{\"@type\":\"ImageObject\",\"inLanguage\":\"fr-FR\",\"@id\":\"https:\/\/www.saint-paul-angouleme.fr\/application\/#\/schema\/logo\/image\/\",\"url\":\"https:\/\/www.saint-paul-angouleme.fr\/application\/wp-content\/uploads\/2018\/08\/logo-saint-paul-couleurs.jpg\",\"contentUrl\":\"https:\/\/www.saint-paul-angouleme.fr\/application\/wp-content\/uploads\/2018\/08\/logo-saint-paul-couleurs.jpg\",\"width\":1890,\"height\":709,\"caption\":\"Ensemble scolaire Saint-Paul\"},\"image\":{\"@id\":\"https:\/\/www.saint-paul-angouleme.fr\/application\/#\/schema\/logo\/image\/\"},\"sameAs\":[\"https:\/\/www.facebook.com\/SaintPaulAngouleme16\/\",\"https:\/\/x.com\/StPaulAngoulem\",\"https:\/\/www.youtube.com\/channel\/UCRLpz1CmPVqc0gn--YyXvjA?view_as=subscriber\"]},{\"@type\":\"Person\",\"@id\":\"https:\/\/www.saint-paul-angouleme.fr\/application\/#\/schema\/person\/ea152930b1a3823659065827b1a5fb9b\",\"name\":\"SAINT-PAUL\",\"image\":{\"@type\":\"ImageObject\",\"inLanguage\":\"fr-FR\",\"@id\":\"https:\/\/www.saint-paul-angouleme.fr\/application\/#\/schema\/person\/image\/\",\"url\":\"https:\/\/secure.gravatar.com\/avatar\/eadb0ffebc02683a61d69038eb2924f0?s=96&r=g\",\"contentUrl\":\"https:\/\/secure.gravatar.com\/avatar\/eadb0ffebc02683a61d69038eb2924f0?s=96&r=g\",\"caption\":\"SAINT-PAUL\"},\"url\":\"https:\/\/www.saint-paul-angouleme.fr\/application\/author\/myriam\/\"}]}<\/script>\n<!-- \/ Yoast SEO plugin. -->","yoast_head_json":{"title":"VTT : \u00e7a roule pour l'Association Sportive Saint-Paul !","description":"L'Association Sportive de Saint-Paul reprend ses activit\u00e9s. Premier grand rendez-vous : une sortie VTT en direction du plan d'eau de Saint-Yrieix.","robots":{"index":"index","follow":"follow","max-snippet":"max-snippet:-1","max-image-preview":"max-image-preview:large","max-video-preview":"max-video-preview:-1"},"canonical":"https:\/\/www.saint-paul-angouleme.fr\/application\/ca-roule-pour-lassociation-sportive\/","og_locale":"fr_FR","og_type":"article","og_title":"VTT : \u00e7a roule pour l'Association Sportive Saint-Paul !","og_description":"L'Association Sportive de Saint-Paul reprend ses activit\u00e9s. Premier grand rendez-vous : une sortie VTT en direction du plan d'eau de Saint-Yrieix.","og_url":"https:\/\/www.saint-paul-angouleme.fr\/application\/ca-roule-pour-lassociation-sportive\/","og_site_name":"Actualit\u00e9s","article_publisher":"https:\/\/www.facebook.com\/SaintPaulAngouleme16\/","article_published_time":"2020-10-19T12:42:18+00:00","article_modified_time":"2020-10-19T15:22:13+00:00","og_image":[{"width":1024,"height":768,"url":"https:\/\/www.saint-paul-angouleme.fr\/application\/wp-content\/uploads\/2020\/10\/AS-VTT-1024x768.jpg","type":"image\/jpeg"}],"author":"SAINT-PAUL","twitter_card":"summary_large_image","twitter_creator":"@StPaulAngoulem","twitter_site":"@StPaulAngoulem","twitter_misc":{"\u00c9crit par":"SAINT-PAUL","Dur\u00e9e de lecture estim\u00e9e":"1 minute"},"schema":{"@context":"https:\/\/schema.org","@graph":[{"@type":"Article","@id":"https:\/\/www.saint-paul-angouleme.fr\/application\/ca-roule-pour-lassociation-sportive\/#article","isPartOf":{"@id":"https:\/\/www.saint-paul-angouleme.fr\/application\/ca-roule-pour-lassociation-sportive\/"},"author":{"name":"SAINT-PAUL","@id":"https:\/\/www.saint-paul-angouleme.fr\/application\/#\/schema\/person\/ea152930b1a3823659065827b1a5fb9b"},"headline":"\u00c7a roule pour l\u2019Association Sportive Saint-Paul !","datePublished":"2020-10-19T12:42:18+00:00","dateModified":"2020-10-19T15:22:13+00:00","mainEntityOfPage":{"@id":"https:\/\/www.saint-paul-angouleme.fr\/application\/ca-roule-pour-lassociation-sportive\/"},"wordCount":286,"commentCount":0,"publisher":{"@id":"https:\/\/www.saint-paul-angouleme.fr\/application\/#organization"},"image":{"@id":"https:\/\/www.saint-paul-angouleme.fr\/application\/ca-roule-pour-lassociation-sportive\/#primaryimage"},"thumbnailUrl":"https:\/\/www.saint-paul-angouleme.fr\/application\/wp-content\/uploads\/2020\/10\/AS-VTT.jpg","articleSection":["Regard sur"],"inLanguage":"fr-FR","potentialAction":[{"@type":"CommentAction","name":"Comment","target":["https:\/\/www.saint-paul-angouleme.fr\/application\/ca-roule-pour-lassociation-sportive\/#respond"]}]},{"@type":"WebPage","@id":"https:\/\/www.saint-paul-angouleme.fr\/application\/ca-roule-pour-lassociation-sportive\/","url":"https:\/\/www.saint-paul-angouleme.fr\/application\/ca-roule-pour-lassociation-sportive\/","name":"VTT : \u00e7a roule pour l'Association Sportive Saint-Paul !","isPartOf":{"@id":"https:\/\/www.saint-paul-angouleme.fr\/application\/#website"},"primaryImageOfPage":{"@id":"https:\/\/www.saint-paul-angouleme.fr\/application\/ca-roule-pour-lassociation-sportive\/#primaryimage"},"image":{"@id":"https:\/\/www.saint-paul-angouleme.fr\/application\/ca-roule-pour-lassociation-sportive\/#primaryimage"},"thumbnailUrl":"https:\/\/www.saint-paul-angouleme.fr\/application\/wp-content\/uploads\/2020\/10\/AS-VTT.jpg","datePublished":"2020-10-19T12:42:18+00:00","dateModified":"2020-10-19T15:22:13+00:00","description":"L'Association Sportive de Saint-Paul reprend ses activit\u00e9s. Premier grand rendez-vous : une sortie VTT en direction du plan d'eau de Saint-Yrieix.","breadcrumb":{"@id":"https:\/\/www.saint-paul-angouleme.fr\/application\/ca-roule-pour-lassociation-sportive\/#breadcrumb"},"inLanguage":"fr-FR","potentialAction":[{"@type":"ReadAction","target":["https:\/\/www.saint-paul-angouleme.fr\/application\/ca-roule-pour-lassociation-sportive\/"]}]},{"@type":"ImageObject","inLanguage":"fr-FR","@id":"https:\/\/www.saint-paul-angouleme.fr\/application\/ca-roule-pour-lassociation-sportive\/#primaryimage","url":"https:\/\/www.saint-paul-angouleme.fr\/application\/wp-content\/uploads\/2020\/10\/AS-VTT.jpg","contentUrl":"https:\/\/www.saint-paul-angouleme.fr\/application\/wp-content\/uploads\/2020\/10\/AS-VTT.jpg","width":4000,"height":3000,"caption":"Sortie VTT c'est parti"},{"@type":"BreadcrumbList","@id":"https:\/\/www.saint-paul-angouleme.fr\/application\/ca-roule-pour-lassociation-sportive\/#breadcrumb","itemListElement":[{"@type":"ListItem","position":1,"name":"Accueil","item":"http:\/\/www.saint-paul-angouleme.fr\/application\/"},{"@type":"ListItem","position":2,"name":"\u00c7a roule pour l\u2019Association Sportive Saint-Paul !"}]},{"@type":"WebSite","@id":"https:\/\/www.saint-paul-angouleme.fr\/application\/#website","url":"https:\/\/www.saint-paul-angouleme.fr\/application\/","name":"Actualit\u00e9s","description":"Actualit\u00e9s Saint Paul","publisher":{"@id":"https:\/\/www.saint-paul-angouleme.fr\/application\/#organization"},"potentialAction":[{"@type":"SearchAction","target":{"@type":"EntryPoint","urlTemplate":"https:\/\/www.saint-paul-angouleme.fr\/application\/?s={search_term_string}"},"query-input":"required name=search_term_string"}],"inLanguage":"fr-FR"},{"@type":"Organization","@id":"https:\/\/www.saint-paul-angouleme.fr\/application\/#organization","name":"Ensemble scolaire Saint-Paul","url":"https:\/\/www.saint-paul-angouleme.fr\/application\/","logo":{"@type":"ImageObject","inLanguage":"fr-FR","@id":"https:\/\/www.saint-paul-angouleme.fr\/application\/#\/schema\/logo\/image\/","url":"https:\/\/www.saint-paul-angouleme.fr\/application\/wp-content\/uploads\/2018\/08\/logo-saint-paul-couleurs.jpg","contentUrl":"https:\/\/www.saint-paul-angouleme.fr\/application\/wp-content\/uploads\/2018\/08\/logo-saint-paul-couleurs.jpg","width":1890,"height":709,"caption":"Ensemble scolaire Saint-Paul"},"image":{"@id":"https:\/\/www.saint-paul-angouleme.fr\/application\/#\/schema\/logo\/image\/"},"sameAs":["https:\/\/www.facebook.com\/SaintPaulAngouleme16\/","https:\/\/x.com\/StPaulAngoulem","https:\/\/www.youtube.com\/channel\/UCRLpz1CmPVqc0gn--YyXvjA?view_as=subscriber"]},{"@type":"Person","@id":"https:\/\/www.saint-paul-angouleme.fr\/application\/#\/schema\/person\/ea152930b1a3823659065827b1a5fb9b","name":"SAINT-PAUL","image":{"@type":"ImageObject","inLanguage":"fr-FR","@id":"https:\/\/www.saint-paul-angouleme.fr\/application\/#\/schema\/person\/image\/","url":"https:\/\/secure.gravatar.com\/avatar\/eadb0ffebc02683a61d69038eb2924f0?s=96&r=g","contentUrl":"https:\/\/secure.gravatar.com\/avatar\/eadb0ffebc02683a61d69038eb2924f0?s=96&r=g","caption":"SAINT-PAUL"},"url":"https:\/\/www.saint-paul-angouleme.fr\/application\/author\/myriam\/"}]}},"_links":{"self":[{"href":"https:\/\/www.saint-paul-angouleme.fr\/application\/wp-json\/wp\/v2\/posts\/5525"}],"collection":[{"href":"https:\/\/www.saint-paul-angouleme.fr\/application\/wp-json\/wp\/v2\/posts"}],"about":[{"href":"https:\/\/www.saint-paul-angouleme.fr\/application\/wp-json\/wp\/v2\/types\/post"}],"author":[{"embeddable":true,"href":"https:\/\/www.saint-paul-angouleme.fr\/application\/wp-json\/wp\/v2\/users\/3"}],"replies":[{"embeddable":true,"href":"https:\/\/www.saint-paul-angouleme.fr\/application\/wp-json\/wp\/v2\/comments?post=5525"}],"version-history":[{"count":7,"href":"https:\/\/www.saint-paul-angouleme.fr\/application\/wp-json\/wp\/v2\/posts\/5525\/revisions"}],"predecessor-version":[{"id":5536,"href":"https:\/\/www.saint-paul-angouleme.fr\/application\/wp-json\/wp\/v2\/posts\/5525\/revisions\/5536"}],"wp:featuredmedia":[{"embeddable":true,"href":"https:\/\/www.saint-paul-angouleme.fr\/application\/wp-json\/wp\/v2\/media\/5526"}],"wp:attachment":[{"href":"https:\/\/www.saint-paul-angouleme.fr\/application\/wp-json\/wp\/v2\/media?parent=5525"}],"wp:term":[{"taxonomy":"category","embeddable":true,"href":"https:\/\/www.saint-paul-angouleme.fr\/application\/wp-json\/wp\/v2\/categories?post=5525"},{"taxonomy":"post_tag","embeddable":true,"href":"https:\/\/www.saint-paul-angouleme.fr\/application\/wp-json\/wp\/v2\/tags?post=5525"}],"curies":[{"name":"wp","href":"https:\/\/api.w.org\/{rel}","templated":true}]}}