{"id":5432,"date":"2020-06-11T15:37:51","date_gmt":"2020-06-11T13:37:51","guid":{"rendered":"https:\/\/www.saint-paul-angouleme.fr\/application\/?p=5421"},"modified":"2020-06-11T15:37:51","modified_gmt":"2020-06-11T13:37:51","slug":"i-film-the-metier-who-me-please-coordinator-dessais","status":"publish","type":"post","link":"https:\/\/www.saint-paul-angouleme.fr\/application\/en\/i-film-the-metier-who-me-please-coordinator-dessais\/","title":{"rendered":"&quot;I&#039;m filming the job I like&quot;: test coordinator"},"content":{"rendered":"\n<div class=\"wp-block-image\"><figure class=\"aligncenter\"><img loading=\"lazy\" decoding=\"async\" width=\"1024\" height=\"572\" src=\"https:\/\/www.saint-paul-angouleme.fr\/application\/wp-content\/uploads\/2020\/06\/Capture-1-1024x572.png\" alt=\"At the beginning of the project: research\" class=\"wp-image-5428\" srcset=\"https:\/\/www.saint-paul-angouleme.fr\/application\/wp-content\/uploads\/2020\/06\/Capture-1-1024x572.png 1024w, https:\/\/www.saint-paul-angouleme.fr\/application\/wp-content\/uploads\/2020\/06\/Capture-1-300x168.png 300w, https:\/\/www.saint-paul-angouleme.fr\/application\/wp-content\/uploads\/2020\/06\/Capture-1-768x429.png 768w, https:\/\/www.saint-paul-angouleme.fr\/application\/wp-content\/uploads\/2020\/06\/Capture-1.png 1131w\" sizes=\"(max-width: 1024px) 100vw, 1024px\" \/><\/figure><\/div>\n\n\n\n<h4 class=\"wp-block-heading\"><strong>1. The contest<\/strong><\/h4>\n\n\n\n<p class=\"justification_texte { text-align: justify; }\">Under the high patrona<strong>ge of the Ministry of National Education and Y<\/strong>outh,<strong> the Ministry of Higher Education for Research and Innovation, a<\/strong>nd the<strong> Ministry of Labou<\/strong>r, sponsored by prestigious names, supported by committed economic partners,<strong> I FILME THE MEFE THAT ME ME<\/strong> IS a unique opportunity for students to discover the professional world of ownership of codes. , know-how and know-how specific to different professions, and why not discover their own talents and their way.<\/p>\n\n\n\n<p style=\"text-align:center\" class=\"justification_texte { text-align: justify; }\"><em>&quot;Better orienteering students and leading them to succe<br><\/em>ss&quot; Jean-Michel BLANQUER, Minister of National Education (return 2019)<\/p>\n\n\n\n<p class=\"justification_texte { text-align: justify; }\">The I FILME THE ME ME VESE contest is a un<strong>ique and original exper<\/strong>ience that allows young people to develop their digital skills by actively participating in their orientation journey.<\/p>\n\n\n\n<h4 class=\"wp-block-heading\"><strong>2. Our students&#39; project<\/strong><\/h4>\n\n\n\n<p class=\"justification_texte { text-align: justify; }\">During the personalized accompaniment sessions, november\nIn January, a workshop dedicated to the competition\nnational &quot;I&#39;m filming the job I like&quot; was proposed to the 180\nstudents, four were involved. <\/p>\n\n\n\n<p class=\"justification_texte { text-align: justify; }\">Charley Lautrait student of first technology STL,\nJessica Coiffard, Manon Dupuy and Antoine Vallade, general school students,\nhave worked together, highlighting their interests in order to\ncome up with a common project.<\/p>\n\n\n\n<p class=\"justification_texte { text-align: justify; }\">Jessica: &quot;I <em>think it was very interesting because we were able to\nwork in a new way. Building this project allowed me to present\none aspect of what I want to do later (project management) through the\nvideo, but also to live it. We had to put together this project as a team with\nseveral phases: the script, the filming and then the editing&#8230;<\/em><\/p>\n\n\n\n<p><em>So now we&#39;re hoping for victory!\u00a0\u00bb<\/em><\/p>\n\n\n\n<div class=\"wp-block-image\"><figure class=\"aligncenter\"><img loading=\"lazy\" decoding=\"async\" width=\"1024\" height=\"569\" src=\"https:\/\/www.saint-paul-angouleme.fr\/application\/wp-content\/uploads\/2020\/06\/Capture-2-1024x569.png\" alt=\"The scientific protocol\" class=\"wp-image-5429\" srcset=\"https:\/\/www.saint-paul-angouleme.fr\/application\/wp-content\/uploads\/2020\/06\/Capture-2-1024x569.png 1024w, https:\/\/www.saint-paul-angouleme.fr\/application\/wp-content\/uploads\/2020\/06\/Capture-2-300x167.png 300w, https:\/\/www.saint-paul-angouleme.fr\/application\/wp-content\/uploads\/2020\/06\/Capture-2-768x427.png 768w, https:\/\/www.saint-paul-angouleme.fr\/application\/wp-content\/uploads\/2020\/06\/Capture-2.png 1135w\" sizes=\"(max-width: 1024px) 100vw, 1024px\" \/><\/figure><\/div>\n\n\n\n<p class=\"justification_texte { text-align: justify; }\">A rich and pleasant moment with the students who\nmotivation to repeat this project next year.<\/p>\n\n\n\n<center><iframe loading=\"lazy\" width=\"700\" height=\"500\" src=\"https:\/\/www.parcoursmetiers.tv\/video\/8604-coordinateur-en-essai-clinique?jwsource=cl\" frameborder=\"0\" allow=\"accelerometer; autoplay; encrypted-media; gyroscope; picture-in-picture\" allowfullscreen=\"\"><\/iframe><\/center>\n\n\n\n<p>Aurelle Brailly, SVT teacher in high school.<\/p>\n","protected":false},"excerpt":{"rendered":"<p>1. The contest Under the high patronage of the Ministry of National Education and Youth, the Ministry of Higher Education for Research and Innovation, and the Ministry of Labour, sponsored by prestigious names, supported by committed economic partners, I FILME THE MEFE THAT ME ME IS a unique opportunity for students to discover the professional &#8230; <a title=\"&quot;I&#039;m filming the job I like&quot;: test coordinator\" class=\"read-more\" href=\"https:\/\/www.saint-paul-angouleme.fr\/application\/en\/i-film-the-metier-who-me-please-coordinator-dessais\/\" aria-label=\"Read more about &quot;I&#039;m filming the job I like&quot;: test coordinator\">Lire la suite<\/a><\/p>\n","protected":false},"author":3,"featured_media":0,"comment_status":"open","ping_status":"open","sticky":false,"template":"","format":"standard","meta":{"_exactmetrics_skip_tracking":false,"_exactmetrics_sitenote_active":false,"_exactmetrics_sitenote_note":"","_exactmetrics_sitenote_category":0,"footnotes":""},"categories":[507],"tags":[],"class_list":["post-5432","post","type-post","status-publish","format-standard","hentry","category-pedagogy"],"yoast_head":"<!-- This site is optimized with the Yoast SEO plugin v23.3 - https:\/\/yoast.com\/wordpress\/plugins\/seo\/ -->\n<title>&quot;I&#039;m filming the job I like&quot;: test coordinator - Actualit\u00e9s<\/title>\n<meta name=\"robots\" content=\"index, follow, max-snippet:-1, max-image-preview:large, max-video-preview:-1\" \/>\n<link rel=\"canonical\" href=\"https:\/\/www.saint-paul-angouleme.fr\/application\/en\/i-film-the-metier-who-me-please-coordinator-dessais\/\" \/>\n<meta property=\"og:locale\" content=\"fr_FR\" \/>\n<meta property=\"og:type\" content=\"article\" \/>\n<meta property=\"og:title\" content=\"&quot;I&#039;m filming the job I like&quot;: test coordinator - Actualit\u00e9s\" \/>\n<meta property=\"og:description\" content=\"1. The contest Under the high patronage of the Ministry of National Education and Youth, the Ministry of Higher Education for Research and Innovation, and the Ministry of Labour, sponsored by prestigious names, supported by committed economic partners, I FILME THE MEFE THAT ME ME IS a unique opportunity for students to discover the professional ... Lire la suite\" \/>\n<meta property=\"og:url\" content=\"https:\/\/www.saint-paul-angouleme.fr\/application\/en\/i-film-the-metier-who-me-please-coordinator-dessais\/\" \/>\n<meta property=\"og:site_name\" content=\"Actualit\u00e9s\" \/>\n<meta property=\"article:publisher\" content=\"https:\/\/www.facebook.com\/SaintPaulAngouleme16\/\" \/>\n<meta property=\"article:published_time\" content=\"2020-06-11T13:37:51+00:00\" \/>\n<meta property=\"og:image\" content=\"https:\/\/www.saint-paul-angouleme.fr\/application\/wp-content\/uploads\/2020\/06\/Capture-1-1024x572.png\" \/>\n<meta name=\"author\" content=\"SAINT-PAUL\" \/>\n<meta name=\"twitter:card\" content=\"summary_large_image\" \/>\n<meta name=\"twitter:creator\" content=\"@StPaulAngoulem\" \/>\n<meta name=\"twitter:site\" content=\"@StPaulAngoulem\" \/>\n<meta name=\"twitter:label1\" content=\"\u00c9crit par\" \/>\n\t<meta name=\"twitter:data1\" content=\"SAINT-PAUL\" \/>\n\t<meta name=\"twitter:label2\" content=\"Dur\u00e9e de lecture estim\u00e9e\" \/>\n\t<meta name=\"twitter:data2\" content=\"1 minute\" \/>\n<script type=\"application\/ld+json\" class=\"yoast-schema-graph\">{\"@context\":\"https:\/\/schema.org\",\"@graph\":[{\"@type\":\"Article\",\"@id\":\"https:\/\/www.saint-paul-angouleme.fr\/application\/en\/i-film-the-metier-who-me-please-coordinator-dessais\/#article\",\"isPartOf\":{\"@id\":\"https:\/\/www.saint-paul-angouleme.fr\/application\/en\/i-film-the-metier-who-me-please-coordinator-dessais\/\"},\"author\":{\"name\":\"SAINT-PAUL\",\"@id\":\"https:\/\/www.saint-paul-angouleme.fr\/application\/#\/schema\/person\/ea152930b1a3823659065827b1a5fb9b\"},\"headline\":\"&quot;I&#039;m filming the job I like&quot;: test coordinator\",\"datePublished\":\"2020-06-11T13:37:51+00:00\",\"dateModified\":\"2020-06-11T13:37:51+00:00\",\"mainEntityOfPage\":{\"@id\":\"https:\/\/www.saint-paul-angouleme.fr\/application\/en\/i-film-the-metier-who-me-please-coordinator-dessais\/\"},\"wordCount\":297,\"commentCount\":0,\"publisher\":{\"@id\":\"https:\/\/www.saint-paul-angouleme.fr\/application\/#organization\"},\"image\":{\"@id\":\"https:\/\/www.saint-paul-angouleme.fr\/application\/en\/i-film-the-metier-who-me-please-coordinator-dessais\/#primaryimage\"},\"thumbnailUrl\":\"https:\/\/www.saint-paul-angouleme.fr\/application\/wp-content\/uploads\/2020\/06\/Capture-1-1024x572.png\",\"articleSection\":[\"Pedagogy\"],\"inLanguage\":\"fr-FR\",\"potentialAction\":[{\"@type\":\"CommentAction\",\"name\":\"Comment\",\"target\":[\"https:\/\/www.saint-paul-angouleme.fr\/application\/en\/i-film-the-metier-who-me-please-coordinator-dessais\/#respond\"]}]},{\"@type\":\"WebPage\",\"@id\":\"https:\/\/www.saint-paul-angouleme.fr\/application\/en\/i-film-the-metier-who-me-please-coordinator-dessais\/\",\"url\":\"https:\/\/www.saint-paul-angouleme.fr\/application\/en\/i-film-the-metier-who-me-please-coordinator-dessais\/\",\"name\":\"&quot;I&#039;m filming the job I like&quot;: test coordinator - Actualit\u00e9s\",\"isPartOf\":{\"@id\":\"https:\/\/www.saint-paul-angouleme.fr\/application\/#website\"},\"primaryImageOfPage\":{\"@id\":\"https:\/\/www.saint-paul-angouleme.fr\/application\/en\/i-film-the-metier-who-me-please-coordinator-dessais\/#primaryimage\"},\"image\":{\"@id\":\"https:\/\/www.saint-paul-angouleme.fr\/application\/en\/i-film-the-metier-who-me-please-coordinator-dessais\/#primaryimage\"},\"thumbnailUrl\":\"https:\/\/www.saint-paul-angouleme.fr\/application\/wp-content\/uploads\/2020\/06\/Capture-1-1024x572.png\",\"datePublished\":\"2020-06-11T13:37:51+00:00\",\"dateModified\":\"2020-06-11T13:37:51+00:00\",\"breadcrumb\":{\"@id\":\"https:\/\/www.saint-paul-angouleme.fr\/application\/en\/i-film-the-metier-who-me-please-coordinator-dessais\/#breadcrumb\"},\"inLanguage\":\"fr-FR\",\"potentialAction\":[{\"@type\":\"ReadAction\",\"target\":[\"https:\/\/www.saint-paul-angouleme.fr\/application\/en\/i-film-the-metier-who-me-please-coordinator-dessais\/\"]}]},{\"@type\":\"ImageObject\",\"inLanguage\":\"fr-FR\",\"@id\":\"https:\/\/www.saint-paul-angouleme.fr\/application\/en\/i-film-the-metier-who-me-please-coordinator-dessais\/#primaryimage\",\"url\":\"https:\/\/www.saint-paul-angouleme.fr\/application\/wp-content\/uploads\/2020\/06\/Capture-1.png\",\"contentUrl\":\"https:\/\/www.saint-paul-angouleme.fr\/application\/wp-content\/uploads\/2020\/06\/Capture-1.png\",\"width\":1131,\"height\":632,\"caption\":\"Au d\u00e9but du projet : les recherches\"},{\"@type\":\"BreadcrumbList\",\"@id\":\"https:\/\/www.saint-paul-angouleme.fr\/application\/en\/i-film-the-metier-who-me-please-coordinator-dessais\/#breadcrumb\",\"itemListElement\":[{\"@type\":\"ListItem\",\"position\":1,\"name\":\"Accueil\",\"item\":\"http:\/\/www.saint-paul-angouleme.fr\/application\/\"},{\"@type\":\"ListItem\",\"position\":2,\"name\":\"&quot;I&#039;m filming the job I like&quot;: test coordinator\"}]},{\"@type\":\"WebSite\",\"@id\":\"https:\/\/www.saint-paul-angouleme.fr\/application\/#website\",\"url\":\"https:\/\/www.saint-paul-angouleme.fr\/application\/\",\"name\":\"Actualit\u00e9s\",\"description\":\"Actualit\u00e9s Saint Paul\",\"publisher\":{\"@id\":\"https:\/\/www.saint-paul-angouleme.fr\/application\/#organization\"},\"potentialAction\":[{\"@type\":\"SearchAction\",\"target\":{\"@type\":\"EntryPoint\",\"urlTemplate\":\"https:\/\/www.saint-paul-angouleme.fr\/application\/?s={search_term_string}\"},\"query-input\":\"required name=search_term_string\"}],\"inLanguage\":\"fr-FR\"},{\"@type\":\"Organization\",\"@id\":\"https:\/\/www.saint-paul-angouleme.fr\/application\/#organization\",\"name\":\"Ensemble scolaire Saint-Paul\",\"url\":\"https:\/\/www.saint-paul-angouleme.fr\/application\/\",\"logo\":{\"@type\":\"ImageObject\",\"inLanguage\":\"fr-FR\",\"@id\":\"https:\/\/www.saint-paul-angouleme.fr\/application\/#\/schema\/logo\/image\/\",\"url\":\"https:\/\/www.saint-paul-angouleme.fr\/application\/wp-content\/uploads\/2018\/08\/logo-saint-paul-couleurs.jpg\",\"contentUrl\":\"https:\/\/www.saint-paul-angouleme.fr\/application\/wp-content\/uploads\/2018\/08\/logo-saint-paul-couleurs.jpg\",\"width\":1890,\"height\":709,\"caption\":\"Ensemble scolaire Saint-Paul\"},\"image\":{\"@id\":\"https:\/\/www.saint-paul-angouleme.fr\/application\/#\/schema\/logo\/image\/\"},\"sameAs\":[\"https:\/\/www.facebook.com\/SaintPaulAngouleme16\/\",\"https:\/\/x.com\/StPaulAngoulem\",\"https:\/\/www.youtube.com\/channel\/UCRLpz1CmPVqc0gn--YyXvjA?view_as=subscriber\"]},{\"@type\":\"Person\",\"@id\":\"https:\/\/www.saint-paul-angouleme.fr\/application\/#\/schema\/person\/ea152930b1a3823659065827b1a5fb9b\",\"name\":\"SAINT-PAUL\",\"image\":{\"@type\":\"ImageObject\",\"inLanguage\":\"fr-FR\",\"@id\":\"https:\/\/www.saint-paul-angouleme.fr\/application\/#\/schema\/person\/image\/\",\"url\":\"https:\/\/secure.gravatar.com\/avatar\/eadb0ffebc02683a61d69038eb2924f0?s=96&r=g\",\"contentUrl\":\"https:\/\/secure.gravatar.com\/avatar\/eadb0ffebc02683a61d69038eb2924f0?s=96&r=g\",\"caption\":\"SAINT-PAUL\"},\"url\":\"https:\/\/www.saint-paul-angouleme.fr\/application\/author\/myriam\/\"}]}<\/script>\n<!-- \/ Yoast SEO plugin. -->","yoast_head_json":{"title":"&quot;I&#039;m filming the job I like&quot;: test coordinator - Actualit\u00e9s","robots":{"index":"index","follow":"follow","max-snippet":"max-snippet:-1","max-image-preview":"max-image-preview:large","max-video-preview":"max-video-preview:-1"},"canonical":"https:\/\/www.saint-paul-angouleme.fr\/application\/en\/i-film-the-metier-who-me-please-coordinator-dessais\/","og_locale":"fr_FR","og_type":"article","og_title":"&quot;I&#039;m filming the job I like&quot;: test coordinator - Actualit\u00e9s","og_description":"1. The contest Under the high patronage of the Ministry of National Education and Youth, the Ministry of Higher Education for Research and Innovation, and the Ministry of Labour, sponsored by prestigious names, supported by committed economic partners, I FILME THE MEFE THAT ME ME IS a unique opportunity for students to discover the professional ... Lire la suite","og_url":"https:\/\/www.saint-paul-angouleme.fr\/application\/en\/i-film-the-metier-who-me-please-coordinator-dessais\/","og_site_name":"Actualit\u00e9s","article_publisher":"https:\/\/www.facebook.com\/SaintPaulAngouleme16\/","article_published_time":"2020-06-11T13:37:51+00:00","og_image":[{"url":"https:\/\/www.saint-paul-angouleme.fr\/application\/wp-content\/uploads\/2020\/06\/Capture-1-1024x572.png"}],"author":"SAINT-PAUL","twitter_card":"summary_large_image","twitter_creator":"@StPaulAngoulem","twitter_site":"@StPaulAngoulem","twitter_misc":{"\u00c9crit par":"SAINT-PAUL","Dur\u00e9e de lecture estim\u00e9e":"1 minute"},"schema":{"@context":"https:\/\/schema.org","@graph":[{"@type":"Article","@id":"https:\/\/www.saint-paul-angouleme.fr\/application\/en\/i-film-the-metier-who-me-please-coordinator-dessais\/#article","isPartOf":{"@id":"https:\/\/www.saint-paul-angouleme.fr\/application\/en\/i-film-the-metier-who-me-please-coordinator-dessais\/"},"author":{"name":"SAINT-PAUL","@id":"https:\/\/www.saint-paul-angouleme.fr\/application\/#\/schema\/person\/ea152930b1a3823659065827b1a5fb9b"},"headline":"&quot;I&#039;m filming the job I like&quot;: test coordinator","datePublished":"2020-06-11T13:37:51+00:00","dateModified":"2020-06-11T13:37:51+00:00","mainEntityOfPage":{"@id":"https:\/\/www.saint-paul-angouleme.fr\/application\/en\/i-film-the-metier-who-me-please-coordinator-dessais\/"},"wordCount":297,"commentCount":0,"publisher":{"@id":"https:\/\/www.saint-paul-angouleme.fr\/application\/#organization"},"image":{"@id":"https:\/\/www.saint-paul-angouleme.fr\/application\/en\/i-film-the-metier-who-me-please-coordinator-dessais\/#primaryimage"},"thumbnailUrl":"https:\/\/www.saint-paul-angouleme.fr\/application\/wp-content\/uploads\/2020\/06\/Capture-1-1024x572.png","articleSection":["Pedagogy"],"inLanguage":"fr-FR","potentialAction":[{"@type":"CommentAction","name":"Comment","target":["https:\/\/www.saint-paul-angouleme.fr\/application\/en\/i-film-the-metier-who-me-please-coordinator-dessais\/#respond"]}]},{"@type":"WebPage","@id":"https:\/\/www.saint-paul-angouleme.fr\/application\/en\/i-film-the-metier-who-me-please-coordinator-dessais\/","url":"https:\/\/www.saint-paul-angouleme.fr\/application\/en\/i-film-the-metier-who-me-please-coordinator-dessais\/","name":"&quot;I&#039;m filming the job I like&quot;: test coordinator - Actualit\u00e9s","isPartOf":{"@id":"https:\/\/www.saint-paul-angouleme.fr\/application\/#website"},"primaryImageOfPage":{"@id":"https:\/\/www.saint-paul-angouleme.fr\/application\/en\/i-film-the-metier-who-me-please-coordinator-dessais\/#primaryimage"},"image":{"@id":"https:\/\/www.saint-paul-angouleme.fr\/application\/en\/i-film-the-metier-who-me-please-coordinator-dessais\/#primaryimage"},"thumbnailUrl":"https:\/\/www.saint-paul-angouleme.fr\/application\/wp-content\/uploads\/2020\/06\/Capture-1-1024x572.png","datePublished":"2020-06-11T13:37:51+00:00","dateModified":"2020-06-11T13:37:51+00:00","breadcrumb":{"@id":"https:\/\/www.saint-paul-angouleme.fr\/application\/en\/i-film-the-metier-who-me-please-coordinator-dessais\/#breadcrumb"},"inLanguage":"fr-FR","potentialAction":[{"@type":"ReadAction","target":["https:\/\/www.saint-paul-angouleme.fr\/application\/en\/i-film-the-metier-who-me-please-coordinator-dessais\/"]}]},{"@type":"ImageObject","inLanguage":"fr-FR","@id":"https:\/\/www.saint-paul-angouleme.fr\/application\/en\/i-film-the-metier-who-me-please-coordinator-dessais\/#primaryimage","url":"https:\/\/www.saint-paul-angouleme.fr\/application\/wp-content\/uploads\/2020\/06\/Capture-1.png","contentUrl":"https:\/\/www.saint-paul-angouleme.fr\/application\/wp-content\/uploads\/2020\/06\/Capture-1.png","width":1131,"height":632,"caption":"Au d\u00e9but du projet : les recherches"},{"@type":"BreadcrumbList","@id":"https:\/\/www.saint-paul-angouleme.fr\/application\/en\/i-film-the-metier-who-me-please-coordinator-dessais\/#breadcrumb","itemListElement":[{"@type":"ListItem","position":1,"name":"Accueil","item":"http:\/\/www.saint-paul-angouleme.fr\/application\/"},{"@type":"ListItem","position":2,"name":"&quot;I&#039;m filming the job I like&quot;: test coordinator"}]},{"@type":"WebSite","@id":"https:\/\/www.saint-paul-angouleme.fr\/application\/#website","url":"https:\/\/www.saint-paul-angouleme.fr\/application\/","name":"Actualit\u00e9s","description":"Actualit\u00e9s Saint Paul","publisher":{"@id":"https:\/\/www.saint-paul-angouleme.fr\/application\/#organization"},"potentialAction":[{"@type":"SearchAction","target":{"@type":"EntryPoint","urlTemplate":"https:\/\/www.saint-paul-angouleme.fr\/application\/?s={search_term_string}"},"query-input":"required name=search_term_string"}],"inLanguage":"fr-FR"},{"@type":"Organization","@id":"https:\/\/www.saint-paul-angouleme.fr\/application\/#organization","name":"Ensemble scolaire Saint-Paul","url":"https:\/\/www.saint-paul-angouleme.fr\/application\/","logo":{"@type":"ImageObject","inLanguage":"fr-FR","@id":"https:\/\/www.saint-paul-angouleme.fr\/application\/#\/schema\/logo\/image\/","url":"https:\/\/www.saint-paul-angouleme.fr\/application\/wp-content\/uploads\/2018\/08\/logo-saint-paul-couleurs.jpg","contentUrl":"https:\/\/www.saint-paul-angouleme.fr\/application\/wp-content\/uploads\/2018\/08\/logo-saint-paul-couleurs.jpg","width":1890,"height":709,"caption":"Ensemble scolaire Saint-Paul"},"image":{"@id":"https:\/\/www.saint-paul-angouleme.fr\/application\/#\/schema\/logo\/image\/"},"sameAs":["https:\/\/www.facebook.com\/SaintPaulAngouleme16\/","https:\/\/x.com\/StPaulAngoulem","https:\/\/www.youtube.com\/channel\/UCRLpz1CmPVqc0gn--YyXvjA?view_as=subscriber"]},{"@type":"Person","@id":"https:\/\/www.saint-paul-angouleme.fr\/application\/#\/schema\/person\/ea152930b1a3823659065827b1a5fb9b","name":"SAINT-PAUL","image":{"@type":"ImageObject","inLanguage":"fr-FR","@id":"https:\/\/www.saint-paul-angouleme.fr\/application\/#\/schema\/person\/image\/","url":"https:\/\/secure.gravatar.com\/avatar\/eadb0ffebc02683a61d69038eb2924f0?s=96&r=g","contentUrl":"https:\/\/secure.gravatar.com\/avatar\/eadb0ffebc02683a61d69038eb2924f0?s=96&r=g","caption":"SAINT-PAUL"},"url":"https:\/\/www.saint-paul-angouleme.fr\/application\/author\/myriam\/"}]}},"_links":{"self":[{"href":"https:\/\/www.saint-paul-angouleme.fr\/application\/wp-json\/wp\/v2\/posts\/5432"}],"collection":[{"href":"https:\/\/www.saint-paul-angouleme.fr\/application\/wp-json\/wp\/v2\/posts"}],"about":[{"href":"https:\/\/www.saint-paul-angouleme.fr\/application\/wp-json\/wp\/v2\/types\/post"}],"author":[{"embeddable":true,"href":"https:\/\/www.saint-paul-angouleme.fr\/application\/wp-json\/wp\/v2\/users\/3"}],"replies":[{"embeddable":true,"href":"https:\/\/www.saint-paul-angouleme.fr\/application\/wp-json\/wp\/v2\/comments?post=5432"}],"version-history":[{"count":0,"href":"https:\/\/www.saint-paul-angouleme.fr\/application\/wp-json\/wp\/v2\/posts\/5432\/revisions"}],"wp:attachment":[{"href":"https:\/\/www.saint-paul-angouleme.fr\/application\/wp-json\/wp\/v2\/media?parent=5432"}],"wp:term":[{"taxonomy":"category","embeddable":true,"href":"https:\/\/www.saint-paul-angouleme.fr\/application\/wp-json\/wp\/v2\/categories?post=5432"},{"taxonomy":"post_tag","embeddable":true,"href":"https:\/\/www.saint-paul-angouleme.fr\/application\/wp-json\/wp\/v2\/tags?post=5432"}],"curies":[{"name":"wp","href":"https:\/\/api.w.org\/{rel}","templated":true}]}}