{"id":5359,"date":"2020-05-27T07:59:08","date_gmt":"2020-05-27T05:59:08","guid":{"rendered":"https:\/\/www.saint-paul-angouleme.fr\/application\/?p=5359"},"modified":"2020-05-27T11:44:25","modified_gmt":"2020-05-27T09:44:25","slug":"travail-de-memoire-un-projet-hispano-germanique","status":"publish","type":"post","link":"https:\/\/www.saint-paul-angouleme.fr\/application\/travail-de-memoire-un-projet-hispano-germanique\/","title":{"rendered":"Travail de m\u00e9moire : un projet hispano-germanique"},"content":{"rendered":"\n<figure class=\"wp-block-image\"><img loading=\"lazy\" decoding=\"async\" width=\"1024\" height=\"683\" src=\"https:\/\/www.saint-paul-angouleme.fr\/application\/wp-content\/uploads\/2020\/05\/auschwitz-485689_1920-1024x683.jpg\" alt=\"Camp de concentration Auschwitz.\" class=\"wp-image-5360\" srcset=\"https:\/\/www.saint-paul-angouleme.fr\/application\/wp-content\/uploads\/2020\/05\/auschwitz-485689_1920-1024x683.jpg 1024w, https:\/\/www.saint-paul-angouleme.fr\/application\/wp-content\/uploads\/2020\/05\/auschwitz-485689_1920-300x200.jpg 300w, https:\/\/www.saint-paul-angouleme.fr\/application\/wp-content\/uploads\/2020\/05\/auschwitz-485689_1920-768x512.jpg 768w, https:\/\/www.saint-paul-angouleme.fr\/application\/wp-content\/uploads\/2020\/05\/auschwitz-485689_1920.jpg 1920w\" sizes=\"(max-width: 1024px) 100vw, 1024px\" \/><\/figure>\n\n\n\n<p class=\"justification_texte { text-align: justify; }\">Janvier 2020, quatre mois d\u00e9j\u00e0. Les \u00e9l\u00e8ves des classes de Premi\u00e8re font un travail de m\u00e9moire sur la d\u00e9portation de travailleurs espagnols.<\/p>\n\n\n\n<h3 class=\"wp-block-heading\">1. Le projet<\/h3>\n\n\n\n<p class=\"justification_texte { text-align: justify; }\"><em>&#8220;Imaginez que vous \u00eates un jeune adolescent allemand aujourd\u2019hui&#8221;.<\/em><\/p>\n\n\n\n<p class=\"justification_texte { text-align: justify; }\">Quelques consignes : choisissez une illustration repr\u00e9sentant un objet ou une situation, issus des fouilles arch\u00e9ologiques de diff\u00e9rents camps de concentrations allemands. R\u00e9digez, s\u2019il vous plait, un paragraphe dans lequel vous exprimerez vos r\u00e9actions&nbsp;: ce que vous ressentez, ce que vous imaginez \u00e0 propos du quotidien des prisonniers.<\/p>\n\n\n\n<p class=\"justification_texte { text-align: justify; }\">Votre texte comprendra environ 50-60 mots. Puis vous traduirez votre production en espagnol. Enfin, vous pr\u00e9senterez votre travail hispano-germanique \u00e0 l\u2019oral dans un enregistrement vid\u00e9o.<\/p>\n\n\n\n<div class=\"wp-block-image\"><figure class=\"aligncenter\"><img loading=\"lazy\" decoding=\"async\" width=\"532\" height=\"663\" src=\"https:\/\/www.saint-paul-angouleme.fr\/application\/wp-content\/uploads\/2020\/05\/3_1_7-0542.jpg\" alt=\"Tri de prisonniers \u00e0 Mauthausen\" class=\"wp-image-5362\" srcset=\"https:\/\/www.saint-paul-angouleme.fr\/application\/wp-content\/uploads\/2020\/05\/3_1_7-0542.jpg 532w, https:\/\/www.saint-paul-angouleme.fr\/application\/wp-content\/uploads\/2020\/05\/3_1_7-0542-241x300.jpg 241w\" sizes=\"(max-width: 532px) 100vw, 532px\" \/><\/figure><\/div>\n\n\n\n<h3 class=\"wp-block-heading\">2. Les travaux d&#8217;\u00e9l\u00e8ves<\/h3>\n\n\n\n<p class=\"justification_texte { text-align: justify; }\">Sept \u00e9l\u00e8ves ont donc fait ce travail de m\u00e9moire. Ethel, Iris, Victoire, Alexandre, Antoine, Arnaud et Radu ont d&#8217;abord choisi une illustration sur diff\u00e9rents sites web (celui de <a rel=\"noreferrer noopener\" aria-label=\"Mauthausen (s\u2019ouvre dans un nouvel onglet)\" href=\"https:\/\/www.mauthausen-memorial.org\/en\/History\/The-Mauthausen-Concentration-Camp-19381945\/Groups-of-Prisoners\" target=\"_blank\">Mauthausen<\/a> par exemple). Ensuite ils ont r\u00e9dig\u00e9 leurs textes et laiss\u00e9 parler leurs sentiments. Enfin, derni\u00e8re \u00e9tape : enregistrer la vid\u00e9o.<\/p>\n\n\n\n<p class=\"justification_texte { text-align: justify; }\">Parmi les objets choisis : un \u00e9cusson avec une croix de lorraine, des peignes retrouv\u00e9s dans les &#8220;blocs&#8221;, des couverts, un c\u0153ur en bois et un dessin de Bernard Aldebert (cf. ci-dessus).<\/p>\n\n\n\n<p class=\"justification_texte { text-align: justify; }\">Dans les ann\u00e9es pass\u00e9es, des \u00e9l\u00e8ves du coll\u00e8ge avaient d\u00e9j\u00e0 travaill\u00e9 l&#8217;<a href=\"https:\/\/www.saint-paul-angouleme.fr\/application\/deutsch-video-lallemand-se-raconte-en-video\/\">allemand<\/a> en vid\u00e9o. C&#8217;est maintenant au tour des lyc\u00e9ens. Le r\u00e9sultat final est \u00e0 la fois r\u00e9ussi et tr\u00e8s int\u00e9ressant. C&#8217;est d&#8217;ailleurs ce que nous vous pr\u00e9sentons dans la vid\u00e9o ci-dessous :<\/p>\n\n\n\n<center><iframe loading=\"lazy\" width=\"560\" height=\"315\" src=\"https:\/\/www.youtube.com\/embed\/E0v2oHntKtI\" frameborder=\"0\" allow=\"accelerometer; autoplay; encrypted-media; gyroscope; picture-in-picture\" allowfullscreen><\/iframe><\/center>\n","protected":false},"excerpt":{"rendered":"<p>Janvier 2020, quatre mois d\u00e9j\u00e0. Les \u00e9l\u00e8ves des classes de Premi\u00e8re font un travail de m\u00e9moire sur la d\u00e9portation de travailleurs espagnols. 1. Le projet &#8220;Imaginez que vous \u00eates un jeune adolescent allemand aujourd\u2019hui&#8221;. Quelques consignes : choisissez une illustration repr\u00e9sentant un objet ou une situation, issus des fouilles arch\u00e9ologiques de diff\u00e9rents camps de concentrations &#8230; <a title=\"Travail de m\u00e9moire : un projet hispano-germanique\" class=\"read-more\" href=\"https:\/\/www.saint-paul-angouleme.fr\/application\/travail-de-memoire-un-projet-hispano-germanique\/\" aria-label=\"Read more about Travail de m\u00e9moire : un projet hispano-germanique\">Lire la suite<\/a><\/p>\n","protected":false},"author":3,"featured_media":0,"comment_status":"open","ping_status":"open","sticky":false,"template":"","format":"standard","meta":{"_exactmetrics_skip_tracking":false,"_exactmetrics_sitenote_active":false,"_exactmetrics_sitenote_note":"","_exactmetrics_sitenote_category":0,"footnotes":""},"categories":[13],"tags":[],"class_list":["post-5359","post","type-post","status-publish","format-standard","hentry","category-pedagogie"],"yoast_head":"<!-- This site is optimized with the Yoast SEO plugin v23.3 - https:\/\/yoast.com\/wordpress\/plugins\/seo\/ -->\n<title>Travail de m\u00e9moire : un projet hispano-germanique - Actualit\u00e9s<\/title>\n<meta name=\"description\" content=\"Dans le cadre d&#039;un projet hispano-germanique sept lyc\u00e9ens ont r\u00e9alis\u00e9 une vid\u00e9o. C&#039;est un travail de m\u00e9moire sur la d\u00e9portation des travailleurs espagnols.\" \/>\n<meta name=\"robots\" content=\"index, follow, max-snippet:-1, max-image-preview:large, max-video-preview:-1\" \/>\n<link rel=\"canonical\" href=\"https:\/\/www.saint-paul-angouleme.fr\/application\/travail-de-memoire-un-projet-hispano-germanique\/\" \/>\n<meta property=\"og:locale\" content=\"fr_FR\" \/>\n<meta property=\"og:type\" content=\"article\" \/>\n<meta property=\"og:title\" content=\"Travail de m\u00e9moire : un projet hispano-germanique - Actualit\u00e9s\" \/>\n<meta property=\"og:description\" content=\"Dans le cadre d&#039;un projet hispano-germanique sept lyc\u00e9ens ont r\u00e9alis\u00e9 une vid\u00e9o. C&#039;est un travail de m\u00e9moire sur la d\u00e9portation des travailleurs espagnols.\" \/>\n<meta property=\"og:url\" content=\"https:\/\/www.saint-paul-angouleme.fr\/application\/travail-de-memoire-un-projet-hispano-germanique\/\" \/>\n<meta property=\"og:site_name\" content=\"Actualit\u00e9s\" \/>\n<meta property=\"article:publisher\" content=\"https:\/\/www.facebook.com\/SaintPaulAngouleme16\/\" \/>\n<meta property=\"article:published_time\" content=\"2020-05-27T05:59:08+00:00\" \/>\n<meta property=\"article:modified_time\" content=\"2020-05-27T09:44:25+00:00\" \/>\n<meta property=\"og:image\" content=\"https:\/\/www.saint-paul-angouleme.fr\/application\/wp-content\/uploads\/2020\/05\/auschwitz-485689_1920-1024x683.jpg\" \/>\n<meta name=\"author\" content=\"SAINT-PAUL\" \/>\n<meta name=\"twitter:card\" content=\"summary_large_image\" \/>\n<meta name=\"twitter:creator\" content=\"@StPaulAngoulem\" \/>\n<meta name=\"twitter:site\" content=\"@StPaulAngoulem\" \/>\n<meta name=\"twitter:label1\" content=\"\u00c9crit par\" \/>\n\t<meta name=\"twitter:data1\" content=\"SAINT-PAUL\" \/>\n\t<meta name=\"twitter:label2\" content=\"Dur\u00e9e de lecture estim\u00e9e\" \/>\n\t<meta name=\"twitter:data2\" content=\"1 minute\" \/>\n<script type=\"application\/ld+json\" class=\"yoast-schema-graph\">{\"@context\":\"https:\/\/schema.org\",\"@graph\":[{\"@type\":\"Article\",\"@id\":\"https:\/\/www.saint-paul-angouleme.fr\/application\/travail-de-memoire-un-projet-hispano-germanique\/#article\",\"isPartOf\":{\"@id\":\"https:\/\/www.saint-paul-angouleme.fr\/application\/travail-de-memoire-un-projet-hispano-germanique\/\"},\"author\":{\"name\":\"SAINT-PAUL\",\"@id\":\"https:\/\/www.saint-paul-angouleme.fr\/application\/#\/schema\/person\/ea152930b1a3823659065827b1a5fb9b\"},\"headline\":\"Travail de m\u00e9moire : un projet hispano-germanique\",\"datePublished\":\"2020-05-27T05:59:08+00:00\",\"dateModified\":\"2020-05-27T09:44:25+00:00\",\"mainEntityOfPage\":{\"@id\":\"https:\/\/www.saint-paul-angouleme.fr\/application\/travail-de-memoire-un-projet-hispano-germanique\/\"},\"wordCount\":276,\"commentCount\":0,\"publisher\":{\"@id\":\"https:\/\/www.saint-paul-angouleme.fr\/application\/#organization\"},\"image\":{\"@id\":\"https:\/\/www.saint-paul-angouleme.fr\/application\/travail-de-memoire-un-projet-hispano-germanique\/#primaryimage\"},\"thumbnailUrl\":\"https:\/\/www.saint-paul-angouleme.fr\/application\/wp-content\/uploads\/2020\/05\/auschwitz-485689_1920-1024x683.jpg\",\"articleSection\":[\"P\u00e9dagogie\"],\"inLanguage\":\"fr-FR\",\"potentialAction\":[{\"@type\":\"CommentAction\",\"name\":\"Comment\",\"target\":[\"https:\/\/www.saint-paul-angouleme.fr\/application\/travail-de-memoire-un-projet-hispano-germanique\/#respond\"]}]},{\"@type\":\"WebPage\",\"@id\":\"https:\/\/www.saint-paul-angouleme.fr\/application\/travail-de-memoire-un-projet-hispano-germanique\/\",\"url\":\"https:\/\/www.saint-paul-angouleme.fr\/application\/travail-de-memoire-un-projet-hispano-germanique\/\",\"name\":\"Travail de m\u00e9moire : un projet hispano-germanique - Actualit\u00e9s\",\"isPartOf\":{\"@id\":\"https:\/\/www.saint-paul-angouleme.fr\/application\/#website\"},\"primaryImageOfPage\":{\"@id\":\"https:\/\/www.saint-paul-angouleme.fr\/application\/travail-de-memoire-un-projet-hispano-germanique\/#primaryimage\"},\"image\":{\"@id\":\"https:\/\/www.saint-paul-angouleme.fr\/application\/travail-de-memoire-un-projet-hispano-germanique\/#primaryimage\"},\"thumbnailUrl\":\"https:\/\/www.saint-paul-angouleme.fr\/application\/wp-content\/uploads\/2020\/05\/auschwitz-485689_1920-1024x683.jpg\",\"datePublished\":\"2020-05-27T05:59:08+00:00\",\"dateModified\":\"2020-05-27T09:44:25+00:00\",\"description\":\"Dans le cadre d'un projet hispano-germanique sept lyc\u00e9ens ont r\u00e9alis\u00e9 une vid\u00e9o. C'est un travail de m\u00e9moire sur la d\u00e9portation des travailleurs espagnols.\",\"breadcrumb\":{\"@id\":\"https:\/\/www.saint-paul-angouleme.fr\/application\/travail-de-memoire-un-projet-hispano-germanique\/#breadcrumb\"},\"inLanguage\":\"fr-FR\",\"potentialAction\":[{\"@type\":\"ReadAction\",\"target\":[\"https:\/\/www.saint-paul-angouleme.fr\/application\/travail-de-memoire-un-projet-hispano-germanique\/\"]}]},{\"@type\":\"ImageObject\",\"inLanguage\":\"fr-FR\",\"@id\":\"https:\/\/www.saint-paul-angouleme.fr\/application\/travail-de-memoire-un-projet-hispano-germanique\/#primaryimage\",\"url\":\"https:\/\/www.saint-paul-angouleme.fr\/application\/wp-content\/uploads\/2020\/05\/auschwitz-485689_1920.jpg\",\"contentUrl\":\"https:\/\/www.saint-paul-angouleme.fr\/application\/wp-content\/uploads\/2020\/05\/auschwitz-485689_1920.jpg\",\"width\":1920,\"height\":1280,\"caption\":\"Camp de concentration Auschwitz.\"},{\"@type\":\"BreadcrumbList\",\"@id\":\"https:\/\/www.saint-paul-angouleme.fr\/application\/travail-de-memoire-un-projet-hispano-germanique\/#breadcrumb\",\"itemListElement\":[{\"@type\":\"ListItem\",\"position\":1,\"name\":\"Accueil\",\"item\":\"http:\/\/www.saint-paul-angouleme.fr\/application\/\"},{\"@type\":\"ListItem\",\"position\":2,\"name\":\"Travail de m\u00e9moire : un projet hispano-germanique\"}]},{\"@type\":\"WebSite\",\"@id\":\"https:\/\/www.saint-paul-angouleme.fr\/application\/#website\",\"url\":\"https:\/\/www.saint-paul-angouleme.fr\/application\/\",\"name\":\"Actualit\u00e9s\",\"description\":\"Actualit\u00e9s Saint Paul\",\"publisher\":{\"@id\":\"https:\/\/www.saint-paul-angouleme.fr\/application\/#organization\"},\"potentialAction\":[{\"@type\":\"SearchAction\",\"target\":{\"@type\":\"EntryPoint\",\"urlTemplate\":\"https:\/\/www.saint-paul-angouleme.fr\/application\/?s={search_term_string}\"},\"query-input\":\"required name=search_term_string\"}],\"inLanguage\":\"fr-FR\"},{\"@type\":\"Organization\",\"@id\":\"https:\/\/www.saint-paul-angouleme.fr\/application\/#organization\",\"name\":\"Ensemble scolaire Saint-Paul\",\"url\":\"https:\/\/www.saint-paul-angouleme.fr\/application\/\",\"logo\":{\"@type\":\"ImageObject\",\"inLanguage\":\"fr-FR\",\"@id\":\"https:\/\/www.saint-paul-angouleme.fr\/application\/#\/schema\/logo\/image\/\",\"url\":\"https:\/\/www.saint-paul-angouleme.fr\/application\/wp-content\/uploads\/2018\/08\/logo-saint-paul-couleurs.jpg\",\"contentUrl\":\"https:\/\/www.saint-paul-angouleme.fr\/application\/wp-content\/uploads\/2018\/08\/logo-saint-paul-couleurs.jpg\",\"width\":1890,\"height\":709,\"caption\":\"Ensemble scolaire Saint-Paul\"},\"image\":{\"@id\":\"https:\/\/www.saint-paul-angouleme.fr\/application\/#\/schema\/logo\/image\/\"},\"sameAs\":[\"https:\/\/www.facebook.com\/SaintPaulAngouleme16\/\",\"https:\/\/x.com\/StPaulAngoulem\",\"https:\/\/www.youtube.com\/channel\/UCRLpz1CmPVqc0gn--YyXvjA?view_as=subscriber\"]},{\"@type\":\"Person\",\"@id\":\"https:\/\/www.saint-paul-angouleme.fr\/application\/#\/schema\/person\/ea152930b1a3823659065827b1a5fb9b\",\"name\":\"SAINT-PAUL\",\"image\":{\"@type\":\"ImageObject\",\"inLanguage\":\"fr-FR\",\"@id\":\"https:\/\/www.saint-paul-angouleme.fr\/application\/#\/schema\/person\/image\/\",\"url\":\"https:\/\/secure.gravatar.com\/avatar\/eadb0ffebc02683a61d69038eb2924f0?s=96&r=g\",\"contentUrl\":\"https:\/\/secure.gravatar.com\/avatar\/eadb0ffebc02683a61d69038eb2924f0?s=96&r=g\",\"caption\":\"SAINT-PAUL\"},\"url\":\"https:\/\/www.saint-paul-angouleme.fr\/application\/author\/myriam\/\"}]}<\/script>\n<!-- \/ Yoast SEO plugin. -->","yoast_head_json":{"title":"Travail de m\u00e9moire : un projet hispano-germanique - Actualit\u00e9s","description":"Dans le cadre d'un projet hispano-germanique sept lyc\u00e9ens ont r\u00e9alis\u00e9 une vid\u00e9o. C'est un travail de m\u00e9moire sur la d\u00e9portation des travailleurs espagnols.","robots":{"index":"index","follow":"follow","max-snippet":"max-snippet:-1","max-image-preview":"max-image-preview:large","max-video-preview":"max-video-preview:-1"},"canonical":"https:\/\/www.saint-paul-angouleme.fr\/application\/travail-de-memoire-un-projet-hispano-germanique\/","og_locale":"fr_FR","og_type":"article","og_title":"Travail de m\u00e9moire : un projet hispano-germanique - Actualit\u00e9s","og_description":"Dans le cadre d'un projet hispano-germanique sept lyc\u00e9ens ont r\u00e9alis\u00e9 une vid\u00e9o. C'est un travail de m\u00e9moire sur la d\u00e9portation des travailleurs espagnols.","og_url":"https:\/\/www.saint-paul-angouleme.fr\/application\/travail-de-memoire-un-projet-hispano-germanique\/","og_site_name":"Actualit\u00e9s","article_publisher":"https:\/\/www.facebook.com\/SaintPaulAngouleme16\/","article_published_time":"2020-05-27T05:59:08+00:00","article_modified_time":"2020-05-27T09:44:25+00:00","og_image":[{"url":"https:\/\/www.saint-paul-angouleme.fr\/application\/wp-content\/uploads\/2020\/05\/auschwitz-485689_1920-1024x683.jpg"}],"author":"SAINT-PAUL","twitter_card":"summary_large_image","twitter_creator":"@StPaulAngoulem","twitter_site":"@StPaulAngoulem","twitter_misc":{"\u00c9crit par":"SAINT-PAUL","Dur\u00e9e de lecture estim\u00e9e":"1 minute"},"schema":{"@context":"https:\/\/schema.org","@graph":[{"@type":"Article","@id":"https:\/\/www.saint-paul-angouleme.fr\/application\/travail-de-memoire-un-projet-hispano-germanique\/#article","isPartOf":{"@id":"https:\/\/www.saint-paul-angouleme.fr\/application\/travail-de-memoire-un-projet-hispano-germanique\/"},"author":{"name":"SAINT-PAUL","@id":"https:\/\/www.saint-paul-angouleme.fr\/application\/#\/schema\/person\/ea152930b1a3823659065827b1a5fb9b"},"headline":"Travail de m\u00e9moire : un projet hispano-germanique","datePublished":"2020-05-27T05:59:08+00:00","dateModified":"2020-05-27T09:44:25+00:00","mainEntityOfPage":{"@id":"https:\/\/www.saint-paul-angouleme.fr\/application\/travail-de-memoire-un-projet-hispano-germanique\/"},"wordCount":276,"commentCount":0,"publisher":{"@id":"https:\/\/www.saint-paul-angouleme.fr\/application\/#organization"},"image":{"@id":"https:\/\/www.saint-paul-angouleme.fr\/application\/travail-de-memoire-un-projet-hispano-germanique\/#primaryimage"},"thumbnailUrl":"https:\/\/www.saint-paul-angouleme.fr\/application\/wp-content\/uploads\/2020\/05\/auschwitz-485689_1920-1024x683.jpg","articleSection":["P\u00e9dagogie"],"inLanguage":"fr-FR","potentialAction":[{"@type":"CommentAction","name":"Comment","target":["https:\/\/www.saint-paul-angouleme.fr\/application\/travail-de-memoire-un-projet-hispano-germanique\/#respond"]}]},{"@type":"WebPage","@id":"https:\/\/www.saint-paul-angouleme.fr\/application\/travail-de-memoire-un-projet-hispano-germanique\/","url":"https:\/\/www.saint-paul-angouleme.fr\/application\/travail-de-memoire-un-projet-hispano-germanique\/","name":"Travail de m\u00e9moire : un projet hispano-germanique - Actualit\u00e9s","isPartOf":{"@id":"https:\/\/www.saint-paul-angouleme.fr\/application\/#website"},"primaryImageOfPage":{"@id":"https:\/\/www.saint-paul-angouleme.fr\/application\/travail-de-memoire-un-projet-hispano-germanique\/#primaryimage"},"image":{"@id":"https:\/\/www.saint-paul-angouleme.fr\/application\/travail-de-memoire-un-projet-hispano-germanique\/#primaryimage"},"thumbnailUrl":"https:\/\/www.saint-paul-angouleme.fr\/application\/wp-content\/uploads\/2020\/05\/auschwitz-485689_1920-1024x683.jpg","datePublished":"2020-05-27T05:59:08+00:00","dateModified":"2020-05-27T09:44:25+00:00","description":"Dans le cadre d'un projet hispano-germanique sept lyc\u00e9ens ont r\u00e9alis\u00e9 une vid\u00e9o. C'est un travail de m\u00e9moire sur la d\u00e9portation des travailleurs espagnols.","breadcrumb":{"@id":"https:\/\/www.saint-paul-angouleme.fr\/application\/travail-de-memoire-un-projet-hispano-germanique\/#breadcrumb"},"inLanguage":"fr-FR","potentialAction":[{"@type":"ReadAction","target":["https:\/\/www.saint-paul-angouleme.fr\/application\/travail-de-memoire-un-projet-hispano-germanique\/"]}]},{"@type":"ImageObject","inLanguage":"fr-FR","@id":"https:\/\/www.saint-paul-angouleme.fr\/application\/travail-de-memoire-un-projet-hispano-germanique\/#primaryimage","url":"https:\/\/www.saint-paul-angouleme.fr\/application\/wp-content\/uploads\/2020\/05\/auschwitz-485689_1920.jpg","contentUrl":"https:\/\/www.saint-paul-angouleme.fr\/application\/wp-content\/uploads\/2020\/05\/auschwitz-485689_1920.jpg","width":1920,"height":1280,"caption":"Camp de concentration Auschwitz."},{"@type":"BreadcrumbList","@id":"https:\/\/www.saint-paul-angouleme.fr\/application\/travail-de-memoire-un-projet-hispano-germanique\/#breadcrumb","itemListElement":[{"@type":"ListItem","position":1,"name":"Accueil","item":"http:\/\/www.saint-paul-angouleme.fr\/application\/"},{"@type":"ListItem","position":2,"name":"Travail de m\u00e9moire : un projet hispano-germanique"}]},{"@type":"WebSite","@id":"https:\/\/www.saint-paul-angouleme.fr\/application\/#website","url":"https:\/\/www.saint-paul-angouleme.fr\/application\/","name":"Actualit\u00e9s","description":"Actualit\u00e9s Saint Paul","publisher":{"@id":"https:\/\/www.saint-paul-angouleme.fr\/application\/#organization"},"potentialAction":[{"@type":"SearchAction","target":{"@type":"EntryPoint","urlTemplate":"https:\/\/www.saint-paul-angouleme.fr\/application\/?s={search_term_string}"},"query-input":"required name=search_term_string"}],"inLanguage":"fr-FR"},{"@type":"Organization","@id":"https:\/\/www.saint-paul-angouleme.fr\/application\/#organization","name":"Ensemble scolaire Saint-Paul","url":"https:\/\/www.saint-paul-angouleme.fr\/application\/","logo":{"@type":"ImageObject","inLanguage":"fr-FR","@id":"https:\/\/www.saint-paul-angouleme.fr\/application\/#\/schema\/logo\/image\/","url":"https:\/\/www.saint-paul-angouleme.fr\/application\/wp-content\/uploads\/2018\/08\/logo-saint-paul-couleurs.jpg","contentUrl":"https:\/\/www.saint-paul-angouleme.fr\/application\/wp-content\/uploads\/2018\/08\/logo-saint-paul-couleurs.jpg","width":1890,"height":709,"caption":"Ensemble scolaire Saint-Paul"},"image":{"@id":"https:\/\/www.saint-paul-angouleme.fr\/application\/#\/schema\/logo\/image\/"},"sameAs":["https:\/\/www.facebook.com\/SaintPaulAngouleme16\/","https:\/\/x.com\/StPaulAngoulem","https:\/\/www.youtube.com\/channel\/UCRLpz1CmPVqc0gn--YyXvjA?view_as=subscriber"]},{"@type":"Person","@id":"https:\/\/www.saint-paul-angouleme.fr\/application\/#\/schema\/person\/ea152930b1a3823659065827b1a5fb9b","name":"SAINT-PAUL","image":{"@type":"ImageObject","inLanguage":"fr-FR","@id":"https:\/\/www.saint-paul-angouleme.fr\/application\/#\/schema\/person\/image\/","url":"https:\/\/secure.gravatar.com\/avatar\/eadb0ffebc02683a61d69038eb2924f0?s=96&r=g","contentUrl":"https:\/\/secure.gravatar.com\/avatar\/eadb0ffebc02683a61d69038eb2924f0?s=96&r=g","caption":"SAINT-PAUL"},"url":"https:\/\/www.saint-paul-angouleme.fr\/application\/author\/myriam\/"}]}},"_links":{"self":[{"href":"https:\/\/www.saint-paul-angouleme.fr\/application\/wp-json\/wp\/v2\/posts\/5359"}],"collection":[{"href":"https:\/\/www.saint-paul-angouleme.fr\/application\/wp-json\/wp\/v2\/posts"}],"about":[{"href":"https:\/\/www.saint-paul-angouleme.fr\/application\/wp-json\/wp\/v2\/types\/post"}],"author":[{"embeddable":true,"href":"https:\/\/www.saint-paul-angouleme.fr\/application\/wp-json\/wp\/v2\/users\/3"}],"replies":[{"embeddable":true,"href":"https:\/\/www.saint-paul-angouleme.fr\/application\/wp-json\/wp\/v2\/comments?post=5359"}],"version-history":[{"count":14,"href":"https:\/\/www.saint-paul-angouleme.fr\/application\/wp-json\/wp\/v2\/posts\/5359\/revisions"}],"predecessor-version":[{"id":5396,"href":"https:\/\/www.saint-paul-angouleme.fr\/application\/wp-json\/wp\/v2\/posts\/5359\/revisions\/5396"}],"wp:attachment":[{"href":"https:\/\/www.saint-paul-angouleme.fr\/application\/wp-json\/wp\/v2\/media?parent=5359"}],"wp:term":[{"taxonomy":"category","embeddable":true,"href":"https:\/\/www.saint-paul-angouleme.fr\/application\/wp-json\/wp\/v2\/categories?post=5359"},{"taxonomy":"post_tag","embeddable":true,"href":"https:\/\/www.saint-paul-angouleme.fr\/application\/wp-json\/wp\/v2\/tags?post=5359"}],"curies":[{"name":"wp","href":"https:\/\/api.w.org\/{rel}","templated":true}]}}