{"id":5342,"date":"2020-05-26T15:06:58","date_gmt":"2020-05-26T13:06:58","guid":{"rendered":"https:\/\/www.saint-paul-angouleme.fr\/application\/?p=5342"},"modified":"2020-05-26T15:09:18","modified_gmt":"2020-05-26T13:09:18","slug":"section-scolaire-sportive-de-tennis-la-nouveaute-de-la-rentree","status":"publish","type":"post","link":"https:\/\/www.saint-paul-angouleme.fr\/application\/section-scolaire-sportive-de-tennis-la-nouveaute-de-la-rentree\/","title":{"rendered":"Section Scolaire Sportive de Tennis : du nouveau \u00e0 la rentr\u00e9e."},"content":{"rendered":"\n<figure class=\"wp-block-image\"><img loading=\"lazy\" decoding=\"async\" width=\"1024\" height=\"1024\" src=\"https:\/\/www.saint-paul-angouleme.fr\/application\/wp-content\/uploads\/2020\/05\/tennis-1218082_1920-1024x1024.jpg\" alt=\"Balle de tennis \u00e9lan\" class=\"wp-image-5345\" srcset=\"https:\/\/www.saint-paul-angouleme.fr\/application\/wp-content\/uploads\/2020\/05\/tennis-1218082_1920-1024x1024.jpg 1024w, https:\/\/www.saint-paul-angouleme.fr\/application\/wp-content\/uploads\/2020\/05\/tennis-1218082_1920-150x150.jpg 150w, https:\/\/www.saint-paul-angouleme.fr\/application\/wp-content\/uploads\/2020\/05\/tennis-1218082_1920-300x300.jpg 300w, https:\/\/www.saint-paul-angouleme.fr\/application\/wp-content\/uploads\/2020\/05\/tennis-1218082_1920-768x768.jpg 768w, https:\/\/www.saint-paul-angouleme.fr\/application\/wp-content\/uploads\/2020\/05\/tennis-1218082_1920-144x144.jpg 144w, https:\/\/www.saint-paul-angouleme.fr\/application\/wp-content\/uploads\/2020\/05\/tennis-1218082_1920.jpg 1920w\" sizes=\"(max-width: 1024px) 100vw, 1024px\" \/><\/figure>\n\n\n\n<p class=\"justification_texte { text-align: justify; }\">Rentr\u00e9e 2020 &#8211; 2021, les \u00e9l\u00e8ves de sixi\u00e8me ou de  cinqui\u00e8me d\u00e9couvrent la&#8221; Section Scolaire Sportive Tennis&#8221;. Sur <a rel=\"noreferrer noopener\" aria-label=\"inscription (s\u2019ouvre dans un nouvel onglet)\" href=\"https:\/\/www.saint-paul-angouleme.fr\/pdf\/Dossier-de-candidature-section-sportive-scolaire-tennis.pdf\" target=\"_blank\">inscription<\/a>, ces nouveaux coll\u00e9giens peuvent d\u00e8s lors pratiquer leur sport favori.<\/p>\n\n\n\n<p class=\"justification_texte { text-align: justify; }\">D\u00e9j\u00e0 licenci\u00e9(e) dans un club de tennis, chaque \u00e9l\u00e8ve inscrit b\u00e9n\u00e9ficie d&#8217;un am\u00e9nagement scolaire. Il peut alors  recevoir un enseignement sp\u00e9cifique au <a rel=\"noreferrer noopener\" aria-label=\"TCMA (s\u2019ouvre dans un nouvel onglet)\" href=\"http:\/\/tcma-angouleme.tennisresa.com\/\" target=\"_blank\">TCMA<\/a>.  De ce fait, l&#8217;entrainement a lieu les les mardi et jeudi apr\u00e8s-midi (16h00 \/ 17h30). Les s\u00e9ances sont encadr\u00e9es par M. Eric LAVARAGUE, professeur d&#8217;EPS  \u00e0 Saint-Paul et M. Jean-Paul MORE, professeur dipl\u00f4m\u00e9 d&#8217;Etat au TCMA.<\/p>\n\n\n\n<figure class=\"wp-block-embed-youtube wp-block-embed is-type-video is-provider-youtube wp-embed-aspect-16-9 wp-has-aspect-ratio\"><div class=\"wp-block-embed__wrapper\">\n<div class=\"arve\" data-mode=\"normal\" data-oembed=\"1\" data-provider=\"youtube\" id=\"arve-youtube-s9ftjkrwx8u\">\n<div class=\"arve-inner\">\n<div class=\"arve-embed arve-embed--has-aspect-ratio\">\n<span class=\"arve-ar\" style=\"padding-top:56.250000%\"><\/span><iframe credentialless referrerpolicy=\"strict-origin-when-cross-origin\" allow=\"accelerometer &#039;none&#039;;ambient-light-sensor &#039;none&#039;;autoplay &#039;none&#039;;battery &#039;none&#039;;bluetooth &#039;none&#039;;browsing-topics &#039;none&#039;;camera &#039;none&#039;;ch-ua &#039;none&#039;;clipboard-read &#039;none&#039;;clipboard-write;display-capture &#039;none&#039;;document-domain &#039;none&#039;;domain-agent &#039;none&#039;;encrypted-media &#039;none&#039;;execution-while-not-rendered &#039;none&#039;;execution-while-out-of-viewport &#039;none&#039;;gamepad &#039;none&#039;;geolocation &#039;none&#039;;gyroscope &#039;none&#039;;hid &#039;none&#039;;identity-credentials-get &#039;none&#039;;idle-detection &#039;none&#039;;keyboard-map &#039;none&#039;;local-fonts &#039;none&#039;;magnetometer &#039;none&#039;;microphone &#039;none&#039;;midi &#039;none&#039;;navigation-override &#039;none&#039;;otp-credentials &#039;none&#039;;payment &#039;none&#039;;picture-in-picture;publickey-credentials-create &#039;none&#039;;publickey-credentials-get &#039;none&#039;;screen-wake-lock &#039;none&#039;;serial &#039;none&#039;;speaker-selection;sync-xhr &#039;none&#039;;usb &#039;none&#039;;web-share;window-management &#039;none&#039;;xr-spatial-tracking &#039;none&#039;;\" allowfullscreen class=\"arve-iframe fitvidsignore\" data-arve=\"arve-youtube-s9ftjkrwx8u\" data-src-no-ap=\"https:\/\/www.youtube-nocookie.com\/embed\/S9fTjkrWX8U?feature=oembed&amp;iv_load_policy=3&amp;modestbranding=1&amp;rel=0&amp;autohide=1&amp;playsinline=0&amp;autoplay=0\" frameborder=\"0\" height=\"0\" name sandbox=\"allow-scripts allow-same-origin allow-presentation allow-popups allow-popups-to-escape-sandbox\" scrolling=\"no\" src=\"https:\/\/www.youtube-nocookie.com\/embed\/S9fTjkrWX8U?feature=oembed&#038;iv_load_policy=3&#038;modestbranding=1&#038;rel=0&#038;autohide=1&#038;playsinline=0&#038;autoplay=0\" width=\"0\" title loading=\"lazy\"><\/iframe>\n\n<\/div>\n\n<\/div>\n<script type=\"application\/ld+json\">{\"@context\":\"http:\\\/\\\/schema.org\\\/\",\"@id\":\"https:\\\/\\\/www.saint-paul-angouleme.fr\\\/application\\\/section-scolaire-sportive-de-tennis-la-nouveaute-de-la-rentree\\\/#arve-youtube-s9ftjkrwx8u\",\"type\":\"VideoObject\",\"embedURL\":\"https:\\\/\\\/www.youtube-nocookie.com\\\/embed\\\/S9fTjkrWX8U?feature=oembed&iv_load_policy=3&modestbranding=1&rel=0&autohide=1&playsinline=0&autoplay=0\"}<\/script>\n<\/div>\n\n<\/div><\/figure>\n","protected":false},"excerpt":{"rendered":"<p>Rentr\u00e9e 2020 &#8211; 2021, les \u00e9l\u00e8ves de sixi\u00e8me ou de cinqui\u00e8me d\u00e9couvrent la&#8221; Section Scolaire Sportive Tennis&#8221;. Sur inscription, ces nouveaux coll\u00e9giens peuvent d\u00e8s lors pratiquer leur sport favori. D\u00e9j\u00e0 licenci\u00e9(e) dans un club de tennis, chaque \u00e9l\u00e8ve inscrit b\u00e9n\u00e9ficie d&#8217;un am\u00e9nagement scolaire. Il peut alors recevoir un enseignement sp\u00e9cifique au TCMA. De ce fait, &#8230; <a title=\"Section Scolaire Sportive de Tennis : du nouveau \u00e0 la rentr\u00e9e.\" class=\"read-more\" href=\"https:\/\/www.saint-paul-angouleme.fr\/application\/section-scolaire-sportive-de-tennis-la-nouveaute-de-la-rentree\/\" aria-label=\"Read more about Section Scolaire Sportive de Tennis : du nouveau \u00e0 la rentr\u00e9e.\">Lire la suite<\/a><\/p>\n","protected":false},"author":3,"featured_media":5345,"comment_status":"open","ping_status":"open","sticky":false,"template":"","format":"standard","meta":{"_exactmetrics_skip_tracking":false,"_exactmetrics_sitenote_active":false,"_exactmetrics_sitenote_note":"","_exactmetrics_sitenote_category":0,"footnotes":""},"categories":[13],"tags":[],"class_list":["post-5342","post","type-post","status-publish","format-standard","has-post-thumbnail","hentry","category-pedagogie"],"yoast_head":"<!-- This site is optimized with the Yoast SEO plugin v23.3 - https:\/\/yoast.com\/wordpress\/plugins\/seo\/ -->\n<title>Section Scolaire Sportive de Tennis : du nouveau \u00e0 la rentr\u00e9e. - Actualit\u00e9s<\/title>\n<meta name=\"description\" content=\"Section Scolaire Sportive de Tennis : la nouveaut\u00e9 de la rentr\u00e9e. Nouveaux \u00e9l\u00e8ves de 6\u00e8me ou de 5\u00e8me : \u00eates-vous partants pour le challenge ?\" \/>\n<meta name=\"robots\" content=\"index, follow, max-snippet:-1, max-image-preview:large, max-video-preview:-1\" \/>\n<link rel=\"canonical\" href=\"https:\/\/www.saint-paul-angouleme.fr\/application\/section-scolaire-sportive-de-tennis-la-nouveaute-de-la-rentree\/\" \/>\n<meta property=\"og:locale\" content=\"fr_FR\" \/>\n<meta property=\"og:type\" content=\"article\" \/>\n<meta property=\"og:title\" content=\"Section Scolaire Sportive de Tennis : du nouveau \u00e0 la rentr\u00e9e. - Actualit\u00e9s\" \/>\n<meta property=\"og:description\" content=\"Section Scolaire Sportive de Tennis : la nouveaut\u00e9 de la rentr\u00e9e. Nouveaux \u00e9l\u00e8ves de 6\u00e8me ou de 5\u00e8me : \u00eates-vous partants pour le challenge ?\" \/>\n<meta property=\"og:url\" content=\"https:\/\/www.saint-paul-angouleme.fr\/application\/section-scolaire-sportive-de-tennis-la-nouveaute-de-la-rentree\/\" \/>\n<meta property=\"og:site_name\" content=\"Actualit\u00e9s\" \/>\n<meta property=\"article:publisher\" content=\"https:\/\/www.facebook.com\/SaintPaulAngouleme16\/\" \/>\n<meta property=\"article:published_time\" content=\"2020-05-26T13:06:58+00:00\" \/>\n<meta property=\"article:modified_time\" content=\"2020-05-26T13:09:18+00:00\" \/>\n<meta property=\"og:image\" content=\"https:\/\/www.saint-paul-angouleme.fr\/application\/wp-content\/uploads\/2020\/05\/tennis-1218082_1920.jpg\" \/>\n\t<meta property=\"og:image:width\" content=\"1920\" \/>\n\t<meta property=\"og:image:height\" content=\"1920\" \/>\n\t<meta property=\"og:image:type\" content=\"image\/jpeg\" \/>\n<meta name=\"author\" content=\"SAINT-PAUL\" \/>\n<meta name=\"twitter:card\" content=\"summary_large_image\" \/>\n<meta name=\"twitter:creator\" content=\"@StPaulAngoulem\" \/>\n<meta name=\"twitter:site\" content=\"@StPaulAngoulem\" \/>\n<meta name=\"twitter:label1\" content=\"\u00c9crit par\" \/>\n\t<meta name=\"twitter:data1\" content=\"SAINT-PAUL\" \/>\n\t<meta name=\"twitter:label2\" content=\"Dur\u00e9e de lecture estim\u00e9e\" \/>\n\t<meta name=\"twitter:data2\" content=\"1 minute\" \/>\n<script type=\"application\/ld+json\" class=\"yoast-schema-graph\">{\"@context\":\"https:\/\/schema.org\",\"@graph\":[{\"@type\":\"Article\",\"@id\":\"https:\/\/www.saint-paul-angouleme.fr\/application\/section-scolaire-sportive-de-tennis-la-nouveaute-de-la-rentree\/#article\",\"isPartOf\":{\"@id\":\"https:\/\/www.saint-paul-angouleme.fr\/application\/section-scolaire-sportive-de-tennis-la-nouveaute-de-la-rentree\/\"},\"author\":{\"name\":\"SAINT-PAUL\",\"@id\":\"https:\/\/www.saint-paul-angouleme.fr\/application\/#\/schema\/person\/ea152930b1a3823659065827b1a5fb9b\"},\"headline\":\"Section Scolaire Sportive de Tennis : du nouveau \u00e0 la rentr\u00e9e.\",\"datePublished\":\"2020-05-26T13:06:58+00:00\",\"dateModified\":\"2020-05-26T13:09:18+00:00\",\"mainEntityOfPage\":{\"@id\":\"https:\/\/www.saint-paul-angouleme.fr\/application\/section-scolaire-sportive-de-tennis-la-nouveaute-de-la-rentree\/\"},\"wordCount\":122,\"commentCount\":0,\"publisher\":{\"@id\":\"https:\/\/www.saint-paul-angouleme.fr\/application\/#organization\"},\"image\":{\"@id\":\"https:\/\/www.saint-paul-angouleme.fr\/application\/section-scolaire-sportive-de-tennis-la-nouveaute-de-la-rentree\/#primaryimage\"},\"thumbnailUrl\":\"https:\/\/www.saint-paul-angouleme.fr\/application\/wp-content\/uploads\/2020\/05\/tennis-1218082_1920.jpg\",\"articleSection\":[\"P\u00e9dagogie\"],\"inLanguage\":\"fr-FR\",\"potentialAction\":[{\"@type\":\"CommentAction\",\"name\":\"Comment\",\"target\":[\"https:\/\/www.saint-paul-angouleme.fr\/application\/section-scolaire-sportive-de-tennis-la-nouveaute-de-la-rentree\/#respond\"]}]},{\"@type\":\"WebPage\",\"@id\":\"https:\/\/www.saint-paul-angouleme.fr\/application\/section-scolaire-sportive-de-tennis-la-nouveaute-de-la-rentree\/\",\"url\":\"https:\/\/www.saint-paul-angouleme.fr\/application\/section-scolaire-sportive-de-tennis-la-nouveaute-de-la-rentree\/\",\"name\":\"Section Scolaire Sportive de Tennis : du nouveau \u00e0 la rentr\u00e9e. - Actualit\u00e9s\",\"isPartOf\":{\"@id\":\"https:\/\/www.saint-paul-angouleme.fr\/application\/#website\"},\"primaryImageOfPage\":{\"@id\":\"https:\/\/www.saint-paul-angouleme.fr\/application\/section-scolaire-sportive-de-tennis-la-nouveaute-de-la-rentree\/#primaryimage\"},\"image\":{\"@id\":\"https:\/\/www.saint-paul-angouleme.fr\/application\/section-scolaire-sportive-de-tennis-la-nouveaute-de-la-rentree\/#primaryimage\"},\"thumbnailUrl\":\"https:\/\/www.saint-paul-angouleme.fr\/application\/wp-content\/uploads\/2020\/05\/tennis-1218082_1920.jpg\",\"datePublished\":\"2020-05-26T13:06:58+00:00\",\"dateModified\":\"2020-05-26T13:09:18+00:00\",\"description\":\"Section Scolaire Sportive de Tennis : la nouveaut\u00e9 de la rentr\u00e9e. Nouveaux \u00e9l\u00e8ves de 6\u00e8me ou de 5\u00e8me : \u00eates-vous partants pour le challenge ?\",\"breadcrumb\":{\"@id\":\"https:\/\/www.saint-paul-angouleme.fr\/application\/section-scolaire-sportive-de-tennis-la-nouveaute-de-la-rentree\/#breadcrumb\"},\"inLanguage\":\"fr-FR\",\"potentialAction\":[{\"@type\":\"ReadAction\",\"target\":[\"https:\/\/www.saint-paul-angouleme.fr\/application\/section-scolaire-sportive-de-tennis-la-nouveaute-de-la-rentree\/\"]}]},{\"@type\":\"ImageObject\",\"inLanguage\":\"fr-FR\",\"@id\":\"https:\/\/www.saint-paul-angouleme.fr\/application\/section-scolaire-sportive-de-tennis-la-nouveaute-de-la-rentree\/#primaryimage\",\"url\":\"https:\/\/www.saint-paul-angouleme.fr\/application\/wp-content\/uploads\/2020\/05\/tennis-1218082_1920.jpg\",\"contentUrl\":\"https:\/\/www.saint-paul-angouleme.fr\/application\/wp-content\/uploads\/2020\/05\/tennis-1218082_1920.jpg\",\"width\":1920,\"height\":1920,\"caption\":\"Balle de tennis \u00e9lan\"},{\"@type\":\"BreadcrumbList\",\"@id\":\"https:\/\/www.saint-paul-angouleme.fr\/application\/section-scolaire-sportive-de-tennis-la-nouveaute-de-la-rentree\/#breadcrumb\",\"itemListElement\":[{\"@type\":\"ListItem\",\"position\":1,\"name\":\"Accueil\",\"item\":\"http:\/\/www.saint-paul-angouleme.fr\/application\/\"},{\"@type\":\"ListItem\",\"position\":2,\"name\":\"Section Scolaire Sportive de Tennis : du nouveau \u00e0 la rentr\u00e9e.\"}]},{\"@type\":\"WebSite\",\"@id\":\"https:\/\/www.saint-paul-angouleme.fr\/application\/#website\",\"url\":\"https:\/\/www.saint-paul-angouleme.fr\/application\/\",\"name\":\"Actualit\u00e9s\",\"description\":\"Actualit\u00e9s Saint Paul\",\"publisher\":{\"@id\":\"https:\/\/www.saint-paul-angouleme.fr\/application\/#organization\"},\"potentialAction\":[{\"@type\":\"SearchAction\",\"target\":{\"@type\":\"EntryPoint\",\"urlTemplate\":\"https:\/\/www.saint-paul-angouleme.fr\/application\/?s={search_term_string}\"},\"query-input\":\"required name=search_term_string\"}],\"inLanguage\":\"fr-FR\"},{\"@type\":\"Organization\",\"@id\":\"https:\/\/www.saint-paul-angouleme.fr\/application\/#organization\",\"name\":\"Ensemble scolaire Saint-Paul\",\"url\":\"https:\/\/www.saint-paul-angouleme.fr\/application\/\",\"logo\":{\"@type\":\"ImageObject\",\"inLanguage\":\"fr-FR\",\"@id\":\"https:\/\/www.saint-paul-angouleme.fr\/application\/#\/schema\/logo\/image\/\",\"url\":\"https:\/\/www.saint-paul-angouleme.fr\/application\/wp-content\/uploads\/2018\/08\/logo-saint-paul-couleurs.jpg\",\"contentUrl\":\"https:\/\/www.saint-paul-angouleme.fr\/application\/wp-content\/uploads\/2018\/08\/logo-saint-paul-couleurs.jpg\",\"width\":1890,\"height\":709,\"caption\":\"Ensemble scolaire Saint-Paul\"},\"image\":{\"@id\":\"https:\/\/www.saint-paul-angouleme.fr\/application\/#\/schema\/logo\/image\/\"},\"sameAs\":[\"https:\/\/www.facebook.com\/SaintPaulAngouleme16\/\",\"https:\/\/x.com\/StPaulAngoulem\",\"https:\/\/www.youtube.com\/channel\/UCRLpz1CmPVqc0gn--YyXvjA?view_as=subscriber\"]},{\"@type\":\"Person\",\"@id\":\"https:\/\/www.saint-paul-angouleme.fr\/application\/#\/schema\/person\/ea152930b1a3823659065827b1a5fb9b\",\"name\":\"SAINT-PAUL\",\"image\":{\"@type\":\"ImageObject\",\"inLanguage\":\"fr-FR\",\"@id\":\"https:\/\/www.saint-paul-angouleme.fr\/application\/#\/schema\/person\/image\/\",\"url\":\"https:\/\/secure.gravatar.com\/avatar\/eadb0ffebc02683a61d69038eb2924f0?s=96&r=g\",\"contentUrl\":\"https:\/\/secure.gravatar.com\/avatar\/eadb0ffebc02683a61d69038eb2924f0?s=96&r=g\",\"caption\":\"SAINT-PAUL\"},\"url\":\"https:\/\/www.saint-paul-angouleme.fr\/application\/author\/myriam\/\"}]}<\/script>\n<!-- \/ Yoast SEO plugin. -->","yoast_head_json":{"title":"Section Scolaire Sportive de Tennis : du nouveau \u00e0 la rentr\u00e9e. - Actualit\u00e9s","description":"Section Scolaire Sportive de Tennis : la nouveaut\u00e9 de la rentr\u00e9e. Nouveaux \u00e9l\u00e8ves de 6\u00e8me ou de 5\u00e8me : \u00eates-vous partants pour le challenge ?","robots":{"index":"index","follow":"follow","max-snippet":"max-snippet:-1","max-image-preview":"max-image-preview:large","max-video-preview":"max-video-preview:-1"},"canonical":"https:\/\/www.saint-paul-angouleme.fr\/application\/section-scolaire-sportive-de-tennis-la-nouveaute-de-la-rentree\/","og_locale":"fr_FR","og_type":"article","og_title":"Section Scolaire Sportive de Tennis : du nouveau \u00e0 la rentr\u00e9e. - Actualit\u00e9s","og_description":"Section Scolaire Sportive de Tennis : la nouveaut\u00e9 de la rentr\u00e9e. Nouveaux \u00e9l\u00e8ves de 6\u00e8me ou de 5\u00e8me : \u00eates-vous partants pour le challenge ?","og_url":"https:\/\/www.saint-paul-angouleme.fr\/application\/section-scolaire-sportive-de-tennis-la-nouveaute-de-la-rentree\/","og_site_name":"Actualit\u00e9s","article_publisher":"https:\/\/www.facebook.com\/SaintPaulAngouleme16\/","article_published_time":"2020-05-26T13:06:58+00:00","article_modified_time":"2020-05-26T13:09:18+00:00","og_image":[{"width":1920,"height":1920,"url":"https:\/\/www.saint-paul-angouleme.fr\/application\/wp-content\/uploads\/2020\/05\/tennis-1218082_1920.jpg","type":"image\/jpeg"}],"author":"SAINT-PAUL","twitter_card":"summary_large_image","twitter_creator":"@StPaulAngoulem","twitter_site":"@StPaulAngoulem","twitter_misc":{"\u00c9crit par":"SAINT-PAUL","Dur\u00e9e de lecture estim\u00e9e":"1 minute"},"schema":{"@context":"https:\/\/schema.org","@graph":[{"@type":"Article","@id":"https:\/\/www.saint-paul-angouleme.fr\/application\/section-scolaire-sportive-de-tennis-la-nouveaute-de-la-rentree\/#article","isPartOf":{"@id":"https:\/\/www.saint-paul-angouleme.fr\/application\/section-scolaire-sportive-de-tennis-la-nouveaute-de-la-rentree\/"},"author":{"name":"SAINT-PAUL","@id":"https:\/\/www.saint-paul-angouleme.fr\/application\/#\/schema\/person\/ea152930b1a3823659065827b1a5fb9b"},"headline":"Section Scolaire Sportive de Tennis : du nouveau \u00e0 la rentr\u00e9e.","datePublished":"2020-05-26T13:06:58+00:00","dateModified":"2020-05-26T13:09:18+00:00","mainEntityOfPage":{"@id":"https:\/\/www.saint-paul-angouleme.fr\/application\/section-scolaire-sportive-de-tennis-la-nouveaute-de-la-rentree\/"},"wordCount":122,"commentCount":0,"publisher":{"@id":"https:\/\/www.saint-paul-angouleme.fr\/application\/#organization"},"image":{"@id":"https:\/\/www.saint-paul-angouleme.fr\/application\/section-scolaire-sportive-de-tennis-la-nouveaute-de-la-rentree\/#primaryimage"},"thumbnailUrl":"https:\/\/www.saint-paul-angouleme.fr\/application\/wp-content\/uploads\/2020\/05\/tennis-1218082_1920.jpg","articleSection":["P\u00e9dagogie"],"inLanguage":"fr-FR","potentialAction":[{"@type":"CommentAction","name":"Comment","target":["https:\/\/www.saint-paul-angouleme.fr\/application\/section-scolaire-sportive-de-tennis-la-nouveaute-de-la-rentree\/#respond"]}]},{"@type":"WebPage","@id":"https:\/\/www.saint-paul-angouleme.fr\/application\/section-scolaire-sportive-de-tennis-la-nouveaute-de-la-rentree\/","url":"https:\/\/www.saint-paul-angouleme.fr\/application\/section-scolaire-sportive-de-tennis-la-nouveaute-de-la-rentree\/","name":"Section Scolaire Sportive de Tennis : du nouveau \u00e0 la rentr\u00e9e. - Actualit\u00e9s","isPartOf":{"@id":"https:\/\/www.saint-paul-angouleme.fr\/application\/#website"},"primaryImageOfPage":{"@id":"https:\/\/www.saint-paul-angouleme.fr\/application\/section-scolaire-sportive-de-tennis-la-nouveaute-de-la-rentree\/#primaryimage"},"image":{"@id":"https:\/\/www.saint-paul-angouleme.fr\/application\/section-scolaire-sportive-de-tennis-la-nouveaute-de-la-rentree\/#primaryimage"},"thumbnailUrl":"https:\/\/www.saint-paul-angouleme.fr\/application\/wp-content\/uploads\/2020\/05\/tennis-1218082_1920.jpg","datePublished":"2020-05-26T13:06:58+00:00","dateModified":"2020-05-26T13:09:18+00:00","description":"Section Scolaire Sportive de Tennis : la nouveaut\u00e9 de la rentr\u00e9e. Nouveaux \u00e9l\u00e8ves de 6\u00e8me ou de 5\u00e8me : \u00eates-vous partants pour le challenge ?","breadcrumb":{"@id":"https:\/\/www.saint-paul-angouleme.fr\/application\/section-scolaire-sportive-de-tennis-la-nouveaute-de-la-rentree\/#breadcrumb"},"inLanguage":"fr-FR","potentialAction":[{"@type":"ReadAction","target":["https:\/\/www.saint-paul-angouleme.fr\/application\/section-scolaire-sportive-de-tennis-la-nouveaute-de-la-rentree\/"]}]},{"@type":"ImageObject","inLanguage":"fr-FR","@id":"https:\/\/www.saint-paul-angouleme.fr\/application\/section-scolaire-sportive-de-tennis-la-nouveaute-de-la-rentree\/#primaryimage","url":"https:\/\/www.saint-paul-angouleme.fr\/application\/wp-content\/uploads\/2020\/05\/tennis-1218082_1920.jpg","contentUrl":"https:\/\/www.saint-paul-angouleme.fr\/application\/wp-content\/uploads\/2020\/05\/tennis-1218082_1920.jpg","width":1920,"height":1920,"caption":"Balle de tennis \u00e9lan"},{"@type":"BreadcrumbList","@id":"https:\/\/www.saint-paul-angouleme.fr\/application\/section-scolaire-sportive-de-tennis-la-nouveaute-de-la-rentree\/#breadcrumb","itemListElement":[{"@type":"ListItem","position":1,"name":"Accueil","item":"http:\/\/www.saint-paul-angouleme.fr\/application\/"},{"@type":"ListItem","position":2,"name":"Section Scolaire Sportive de Tennis : du nouveau \u00e0 la rentr\u00e9e."}]},{"@type":"WebSite","@id":"https:\/\/www.saint-paul-angouleme.fr\/application\/#website","url":"https:\/\/www.saint-paul-angouleme.fr\/application\/","name":"Actualit\u00e9s","description":"Actualit\u00e9s Saint Paul","publisher":{"@id":"https:\/\/www.saint-paul-angouleme.fr\/application\/#organization"},"potentialAction":[{"@type":"SearchAction","target":{"@type":"EntryPoint","urlTemplate":"https:\/\/www.saint-paul-angouleme.fr\/application\/?s={search_term_string}"},"query-input":"required name=search_term_string"}],"inLanguage":"fr-FR"},{"@type":"Organization","@id":"https:\/\/www.saint-paul-angouleme.fr\/application\/#organization","name":"Ensemble scolaire Saint-Paul","url":"https:\/\/www.saint-paul-angouleme.fr\/application\/","logo":{"@type":"ImageObject","inLanguage":"fr-FR","@id":"https:\/\/www.saint-paul-angouleme.fr\/application\/#\/schema\/logo\/image\/","url":"https:\/\/www.saint-paul-angouleme.fr\/application\/wp-content\/uploads\/2018\/08\/logo-saint-paul-couleurs.jpg","contentUrl":"https:\/\/www.saint-paul-angouleme.fr\/application\/wp-content\/uploads\/2018\/08\/logo-saint-paul-couleurs.jpg","width":1890,"height":709,"caption":"Ensemble scolaire Saint-Paul"},"image":{"@id":"https:\/\/www.saint-paul-angouleme.fr\/application\/#\/schema\/logo\/image\/"},"sameAs":["https:\/\/www.facebook.com\/SaintPaulAngouleme16\/","https:\/\/x.com\/StPaulAngoulem","https:\/\/www.youtube.com\/channel\/UCRLpz1CmPVqc0gn--YyXvjA?view_as=subscriber"]},{"@type":"Person","@id":"https:\/\/www.saint-paul-angouleme.fr\/application\/#\/schema\/person\/ea152930b1a3823659065827b1a5fb9b","name":"SAINT-PAUL","image":{"@type":"ImageObject","inLanguage":"fr-FR","@id":"https:\/\/www.saint-paul-angouleme.fr\/application\/#\/schema\/person\/image\/","url":"https:\/\/secure.gravatar.com\/avatar\/eadb0ffebc02683a61d69038eb2924f0?s=96&r=g","contentUrl":"https:\/\/secure.gravatar.com\/avatar\/eadb0ffebc02683a61d69038eb2924f0?s=96&r=g","caption":"SAINT-PAUL"},"url":"https:\/\/www.saint-paul-angouleme.fr\/application\/author\/myriam\/"}]}},"_links":{"self":[{"href":"https:\/\/www.saint-paul-angouleme.fr\/application\/wp-json\/wp\/v2\/posts\/5342"}],"collection":[{"href":"https:\/\/www.saint-paul-angouleme.fr\/application\/wp-json\/wp\/v2\/posts"}],"about":[{"href":"https:\/\/www.saint-paul-angouleme.fr\/application\/wp-json\/wp\/v2\/types\/post"}],"author":[{"embeddable":true,"href":"https:\/\/www.saint-paul-angouleme.fr\/application\/wp-json\/wp\/v2\/users\/3"}],"replies":[{"embeddable":true,"href":"https:\/\/www.saint-paul-angouleme.fr\/application\/wp-json\/wp\/v2\/comments?post=5342"}],"version-history":[{"count":7,"href":"https:\/\/www.saint-paul-angouleme.fr\/application\/wp-json\/wp\/v2\/posts\/5342\/revisions"}],"predecessor-version":[{"id":5355,"href":"https:\/\/www.saint-paul-angouleme.fr\/application\/wp-json\/wp\/v2\/posts\/5342\/revisions\/5355"}],"wp:featuredmedia":[{"embeddable":true,"href":"https:\/\/www.saint-paul-angouleme.fr\/application\/wp-json\/wp\/v2\/media\/5345"}],"wp:attachment":[{"href":"https:\/\/www.saint-paul-angouleme.fr\/application\/wp-json\/wp\/v2\/media?parent=5342"}],"wp:term":[{"taxonomy":"category","embeddable":true,"href":"https:\/\/www.saint-paul-angouleme.fr\/application\/wp-json\/wp\/v2\/categories?post=5342"},{"taxonomy":"post_tag","embeddable":true,"href":"https:\/\/www.saint-paul-angouleme.fr\/application\/wp-json\/wp\/v2\/tags?post=5342"}],"curies":[{"name":"wp","href":"https:\/\/api.w.org\/{rel}","templated":true}]}}