{"id":525,"date":"2017-04-07T00:21:29","date_gmt":"2017-04-06T22:21:29","guid":{"rendered":"http:\/\/www.saint-paul-angouleme.fr\/application\/?p=525"},"modified":"2017-04-20T09:58:03","modified_gmt":"2017-04-20T07:58:03","slug":"saint-paul-vous-presente-la-classe-inversee-2017","status":"publish","type":"post","link":"https:\/\/www.saint-paul-angouleme.fr\/application\/saint-paul-vous-presente-la-classe-inversee-2017\/","title":{"rendered":"P\u00e9dagogie invers\u00e9e \u00e0 Saint-Paul"},"content":{"rendered":"<p style=\"text-align: justify;\"><a href=\"http:\/\/www.saint-paul-angouleme.fr\/application\/wp-content\/uploads\/2017\/04\/received_1860176717534551.jpeg\"><img loading=\"lazy\" decoding=\"async\" class=\"aligncenter size-large wp-image-529\" src=\"http:\/\/www.saint-paul-angouleme.fr\/application\/wp-content\/uploads\/2017\/04\/received_1860176717534551-1024x576.jpeg\" alt=\"\" width=\"1024\" height=\"576\" srcset=\"https:\/\/www.saint-paul-angouleme.fr\/application\/wp-content\/uploads\/2017\/04\/received_1860176717534551-1024x576.jpeg 1024w, https:\/\/www.saint-paul-angouleme.fr\/application\/wp-content\/uploads\/2017\/04\/received_1860176717534551-300x169.jpeg 300w, https:\/\/www.saint-paul-angouleme.fr\/application\/wp-content\/uploads\/2017\/04\/received_1860176717534551-768x432.jpeg 768w, https:\/\/www.saint-paul-angouleme.fr\/application\/wp-content\/uploads\/2017\/04\/received_1860176717534551.jpeg 1776w\" sizes=\"(max-width: 1024px) 100vw, 1024px\" \/><\/a><\/p>\n<p style=\"text-align: justify;\"><span style=\"color: #333333; font-family: arial,helvetica,sans-serif; font-size: 20px;\">Depuis la rentr\u00e9e 2016 &#8211; 2017 notre \u00e9tablissement exp\u00e9rimente, \u00e0 l\u2019initiative notamment de deux enseignantes, la \u00ab\u00a0p\u00e9dagogie invers\u00e9e\u00a0\u00bb avec diff\u00e9rents groupes. Qu\u2019est-ce que cela change\u00a0?<\/span><\/p>\n<p style=\"text-align: justify;\"><span style=\"color: #333333; font-family: arial,helvetica,sans-serif; font-size: 20px;\"><a href=\"http:\/\/www.saint-paul-angouleme.fr\/application\/wp-content\/uploads\/2017\/04\/received_1860176814201208.jpeg\"><img loading=\"lazy\" decoding=\"async\" class=\"alignright size-medium wp-image-531\" src=\"http:\/\/www.saint-paul-angouleme.fr\/application\/wp-content\/uploads\/2017\/04\/received_1860176814201208-300x169.jpeg\" alt=\"\" width=\"300\" height=\"169\" srcset=\"https:\/\/www.saint-paul-angouleme.fr\/application\/wp-content\/uploads\/2017\/04\/received_1860176814201208-300x169.jpeg 300w, https:\/\/www.saint-paul-angouleme.fr\/application\/wp-content\/uploads\/2017\/04\/received_1860176814201208-768x432.jpeg 768w, https:\/\/www.saint-paul-angouleme.fr\/application\/wp-content\/uploads\/2017\/04\/received_1860176814201208-1024x576.jpeg 1024w, https:\/\/www.saint-paul-angouleme.fr\/application\/wp-content\/uploads\/2017\/04\/received_1860176814201208.jpeg 1776w\" sizes=\"(max-width: 300px) 100vw, 300px\" \/><\/a><\/span><\/p>\n<p style=\"text-align: justify;\"><span style=\"color: #333333; font-family: arial,helvetica,sans-serif; font-size: 20px;\">Il n&#8217;y a pas de mod\u00e8le\u00a0\u00ab\u00a0standard\u00a0\u00bb.\u00a0De fait, il y a autant d&#8217;exemples que d\u2019enseignants\u00a0: chacun s\u2019approprie outils et m\u00e9thodologie, le cadre n\u2019est pas strict. L\u2019int\u00e9r\u00eat est avant tout p\u00e9dagogique\u00a0: l\u2019\u00e9l\u00e8ve devient le moteur de l\u2019apprentissage. Responsabilis\u00e9s et acteurs, les \u00e9l\u00e8ves sont plus motiv\u00e9s. De plus, leur progression est plus efficace car ils sont davantage en activit\u00e9.<\/span><\/p>\n<p style=\"text-align: justify;\"><span style=\"color: #333333; font-family: arial,helvetica,sans-serif; font-size: 20px;\">Il s\u2019agit bien de p\u00e9dagogie active. L\u2019enseignant donne \u00e0 l\u2019\u00e9l\u00e8ve un \u00ab\u00a0plan de travail\u00a0\u00bb afin qu\u2019il puisse comprendre la d\u00e9marche, valider ses acquis et donc v\u00e9rifier sa progression.<\/span><span style=\"color: #333333; font-family: arial,helvetica,sans-serif; font-size: 20px;\">En d\u00e9but de s\u00e9quence l\u2019enseignant va stimuler la curiosit\u00e9 de l\u2019\u00e9l\u00e8ve gr\u00e2ce \u00e0 diff\u00e9rents supports\u00a0: vid\u00e9os, images, textes\u2026accompagn\u00e9s d\u2019un court questionnaire. <\/span><span style=\"color: #333333; font-family: arial,helvetica,sans-serif; font-size: 20px;\">Les \u00e9l\u00e8ves vont travailler en \u00eelots. La classe invers\u00e9e est bas\u00e9e sur un syst\u00e8me collaboratif et solidaire qui vise l\u2019autonomie de chacun. Ces groupes associent donc \u00e9l\u00e8ves \u00ab\u00a0experts\u00a0\u00bb et \u00e9l\u00e8ves \u00ab\u00a0non experts\u00a0\u00bb\u00a0(ou en difficult\u00e9 sur la mati\u00e8re)\u00a0; l\u2019enseignant circule au milieu des \u00e9l\u00e8ves pour guider et faire avancer la r\u00e9flexion.<\/span><\/p>\n<p style=\"text-align: justify;\"><span style=\"color: #333333; font-family: arial,helvetica,sans-serif; font-size: 20px;\"><a href=\"http:\/\/www.saint-paul-angouleme.fr\/application\/wp-content\/uploads\/2017\/04\/DSC_0158.jpg\"><img loading=\"lazy\" decoding=\"async\" class=\"alignleft size-medium wp-image-528\" src=\"http:\/\/www.saint-paul-angouleme.fr\/application\/wp-content\/uploads\/2017\/04\/DSC_0158-300x169.jpg\" alt=\"\" width=\"300\" height=\"169\" srcset=\"https:\/\/www.saint-paul-angouleme.fr\/application\/wp-content\/uploads\/2017\/04\/DSC_0158-300x169.jpg 300w, https:\/\/www.saint-paul-angouleme.fr\/application\/wp-content\/uploads\/2017\/04\/DSC_0158-768x432.jpg 768w, https:\/\/www.saint-paul-angouleme.fr\/application\/wp-content\/uploads\/2017\/04\/DSC_0158-1024x576.jpg 1024w\" sizes=\"(max-width: 300px) 100vw, 300px\" \/><\/a>Chaque enseignant place ses ressources sur son \u00ab\u00a0Padlet\u00a0\u00bb : cours, images, sons, vid\u00e9os, liens divers\u2026 Il s\u2019agit en fait d\u2019un \u00ab\u00a0mur collaboratif\u00a0\u00bb sur lequel les \u00e9l\u00e8ves peuvent aussi publier leur travail. <\/span><span style=\"color: #333333; font-family: arial,helvetica,sans-serif; font-size: 20px;\">A l\u2019issue de la s\u00e9quence vient le temps de la validation des acquis. A la reprise des QCM relay\u00e9s par des outils d\u2019\u00e9valuation tels que \u00ab\u00a0Plickers\u00a0\u00bb permettent de cibler les points \u00e0 retravailler dans la classe en fonction des r\u00e9ponses des \u00e9l\u00e8ves.<\/span><\/p>\n<p style=\"text-align: justify;\"><span style=\"color: #333333; font-family: arial,helvetica,sans-serif; font-size: 20px;\">\u00a0<\/span><\/p>\n<p style=\"text-align: justify;\"><a href=\"http:\/\/www.saint-paul-angouleme.fr\/application\/wp-content\/uploads\/2017\/04\/DSC_0173.jpg\"><img loading=\"lazy\" decoding=\"async\" class=\"aligncenter wp-image-530 size-large\" src=\"http:\/\/www.saint-paul-angouleme.fr\/application\/wp-content\/uploads\/2017\/04\/DSC_0173-1024x576.jpg\" alt=\"\" width=\"1024\" height=\"576\" srcset=\"https:\/\/www.saint-paul-angouleme.fr\/application\/wp-content\/uploads\/2017\/04\/DSC_0173-1024x576.jpg 1024w, https:\/\/www.saint-paul-angouleme.fr\/application\/wp-content\/uploads\/2017\/04\/DSC_0173-300x169.jpg 300w, https:\/\/www.saint-paul-angouleme.fr\/application\/wp-content\/uploads\/2017\/04\/DSC_0173-768x432.jpg 768w\" sizes=\"(max-width: 1024px) 100vw, 1024px\" \/><\/a><\/p>\n<p><a href=\"http:\/\/www.saint-paul-angouleme.fr\/application\/wp-content\/uploads\/2017\/04\/DSC_0166.jpg\">\u00a0<\/a><\/p>\n<p style=\"text-align: center;\"><a href=\"http:\/\/www.saint-paul-angouleme.fr\/application\/wp-content\/uploads\/2017\/04\/DSC_0166.jpg\"><img loading=\"lazy\" decoding=\"async\" class=\"aligncenter size-large wp-image-535\" src=\"http:\/\/www.saint-paul-angouleme.fr\/application\/wp-content\/uploads\/2017\/04\/DSC_0166-1024x576.jpg\" alt=\"\" width=\"1024\" height=\"576\" srcset=\"https:\/\/www.saint-paul-angouleme.fr\/application\/wp-content\/uploads\/2017\/04\/DSC_0166-1024x576.jpg 1024w, https:\/\/www.saint-paul-angouleme.fr\/application\/wp-content\/uploads\/2017\/04\/DSC_0166-300x169.jpg 300w, https:\/\/www.saint-paul-angouleme.fr\/application\/wp-content\/uploads\/2017\/04\/DSC_0166-768x432.jpg 768w\" sizes=\"(max-width: 1024px) 100vw, 1024px\" \/><\/a><\/p>\n<p>&nbsp;<\/p>\n<p><span style=\"color: #333333; font-family: arial,helvetica,sans-serif; font-size: 20px;\"><strong>Qu\u2019en pensent les \u00e9l\u00e8ves\u00a0?<\/strong><\/span><\/p>\n<blockquote><p><span style=\"color: #333333; font-family: arial,helvetica,sans-serif; font-size: 20px;\">\u00ab\u00a0Je sais pas\u2026 Ca va mais je pr\u00e9f\u00e8re travailler tout seul\u00a0\u00bb.<\/span><\/p>\n<p><span style=\"color: #333333; font-family: arial,helvetica,sans-serif; font-size: 20px;\">\u00ab\u00a0C\u2019est tr\u00e8s bien car on parle beaucoup plus que si on \u00e9tait seul ou \u00e0 deux\u00a0\u00bb.<\/span><\/p>\n<p><span style=\"color: #333333; font-family: arial,helvetica,sans-serif; font-size: 20px;\">\u00ab\u00a0Il faut bien s\u2019entendre avec les personnes\u00a0\u00bb.<\/span><\/p>\n<p><span style=\"color: #333333; font-family: arial,helvetica,sans-serif; font-size: 20px;\">\u00ab\u00a0Ca permet de d\u00e9velopper davantage car tout le monde donne ses connaissances\u00a0\u00bb.<\/span><\/p>\n<p><span style=\"color: #333333; font-family: arial,helvetica,sans-serif; font-size: 20px;\">\u00ab\u00a0C\u2019est mieux car ce n\u2019est pas un cours magistral\u00a0: on s\u2019ennuie moins\u00a0\u00bb.<\/span><\/p>\n<p><span style=\"color: #333333; font-family: arial,helvetica,sans-serif; font-size: 20px;\">\u00ab\u00a0(\u2026) M\u00eame si on est pas bon, on est oblig\u00e9 de parler et on ne se moque pas de nous, on fait une phrase et on progresse quand m\u00eame\u00a0\u00bb.<\/span><\/p><\/blockquote>\n<p style=\"text-align: center;\"><a href=\"http:\/\/www.saint-paul-angouleme.fr\/application\/wp-content\/uploads\/2017\/04\/received_1860176940867862.jpeg\"><img loading=\"lazy\" decoding=\"async\" class=\"aligncenter size-large wp-image-536\" src=\"http:\/\/www.saint-paul-angouleme.fr\/application\/wp-content\/uploads\/2017\/04\/received_1860176940867862-1024x576.jpeg\" alt=\"\" width=\"1024\" height=\"576\" srcset=\"https:\/\/www.saint-paul-angouleme.fr\/application\/wp-content\/uploads\/2017\/04\/received_1860176940867862-1024x576.jpeg 1024w, https:\/\/www.saint-paul-angouleme.fr\/application\/wp-content\/uploads\/2017\/04\/received_1860176940867862-300x169.jpeg 300w, https:\/\/www.saint-paul-angouleme.fr\/application\/wp-content\/uploads\/2017\/04\/received_1860176940867862-768x432.jpeg 768w, https:\/\/www.saint-paul-angouleme.fr\/application\/wp-content\/uploads\/2017\/04\/received_1860176940867862.jpeg 1776w\" sizes=\"(max-width: 1024px) 100vw, 1024px\" \/><\/a><\/p>\n<p>Pour aller plus loin\u00a0:<\/p>\n<p><a href=\"https:\/\/www.youtube.com\/watch?v=akWyL8o1qcE\">https:\/\/www.youtube.com\/watch?v=akWyL8o1qcE<\/a>\u00a0\u00a0\u00a0\u00a0\u00a0\u00a0\u00a0 (tutoriel \u2018PADLET\u2019)<\/p>\n<p><a href=\"http:\/\/www.cndp.fr\/crdp-dijon\/Evaluer-les-eleves-avec-Plickers.html\">http:\/\/www.cndp.fr\/crdp-dijon\/Evaluer-les-eleves-avec-Plickers.html<\/a><\/p>\n<p><a href=\"http:\/\/www.cndp.fr\/crdp-dijon\/-Classe-inversee-1638-.html\">http:\/\/www.cndp.fr\/crdp-dijon\/-Classe-inversee-1638-.html<\/a><\/p>\n<p>&nbsp;<\/p>\n","protected":false},"excerpt":{"rendered":"<p>Depuis la rentr\u00e9e 2016 &#8211; 2017 notre \u00e9tablissement exp\u00e9rimente, \u00e0 l\u2019initiative notamment de deux enseignantes, la \u00ab\u00a0p\u00e9dagogie invers\u00e9e\u00a0\u00bb avec diff\u00e9rents groupes. Qu\u2019est-ce que cela change\u00a0? Il n&#8217;y a pas de mod\u00e8le\u00a0\u00ab\u00a0standard\u00a0\u00bb.\u00a0De fait, il y a autant d&#8217;exemples que d\u2019enseignants\u00a0: chacun s\u2019approprie outils et m\u00e9thodologie, le cadre n\u2019est pas strict. L\u2019int\u00e9r\u00eat est avant tout p\u00e9dagogique\u00a0: l\u2019\u00e9l\u00e8ve &#8230; <a title=\"P\u00e9dagogie invers\u00e9e \u00e0 Saint-Paul\" class=\"read-more\" href=\"https:\/\/www.saint-paul-angouleme.fr\/application\/saint-paul-vous-presente-la-classe-inversee-2017\/\" aria-label=\"Read more about P\u00e9dagogie invers\u00e9e \u00e0 Saint-Paul\">Lire la suite<\/a><\/p>\n","protected":false},"author":3,"featured_media":0,"comment_status":"open","ping_status":"open","sticky":false,"template":"","format":"standard","meta":{"_exactmetrics_skip_tracking":false,"_exactmetrics_sitenote_active":false,"_exactmetrics_sitenote_note":"","_exactmetrics_sitenote_category":0,"footnotes":""},"categories":[2,13],"tags":[],"class_list":["post-525","post","type-post","status-publish","format-standard","hentry","category-look-on","category-pedagogie"],"yoast_head":"<!-- This site is optimized with the Yoast SEO plugin v23.3 - https:\/\/yoast.com\/wordpress\/plugins\/seo\/ -->\n<title>P\u00e9dagogie invers\u00e9e \u00e0 Saint-Paul - Actualit\u00e9s<\/title>\n<meta name=\"robots\" content=\"index, follow, max-snippet:-1, max-image-preview:large, max-video-preview:-1\" \/>\n<link rel=\"canonical\" href=\"https:\/\/www.saint-paul-angouleme.fr\/application\/saint-paul-vous-presente-la-classe-inversee-2017\/\" \/>\n<meta property=\"og:locale\" content=\"fr_FR\" \/>\n<meta property=\"og:type\" content=\"article\" \/>\n<meta property=\"og:title\" content=\"P\u00e9dagogie invers\u00e9e \u00e0 Saint-Paul - Actualit\u00e9s\" \/>\n<meta property=\"og:description\" content=\"Depuis la rentr\u00e9e 2016 &#8211; 2017 notre \u00e9tablissement exp\u00e9rimente, \u00e0 l\u2019initiative notamment de deux enseignantes, la \u00ab\u00a0p\u00e9dagogie invers\u00e9e\u00a0\u00bb avec diff\u00e9rents groupes. Qu\u2019est-ce que cela change\u00a0? Il n&#8217;y a pas de mod\u00e8le\u00a0\u00ab\u00a0standard\u00a0\u00bb.\u00a0De fait, il y a autant d&#8217;exemples que d\u2019enseignants\u00a0: chacun s\u2019approprie outils et m\u00e9thodologie, le cadre n\u2019est pas strict. L\u2019int\u00e9r\u00eat est avant tout p\u00e9dagogique\u00a0: l\u2019\u00e9l\u00e8ve ... Lire la suite\" \/>\n<meta property=\"og:url\" content=\"https:\/\/www.saint-paul-angouleme.fr\/application\/saint-paul-vous-presente-la-classe-inversee-2017\/\" \/>\n<meta property=\"og:site_name\" content=\"Actualit\u00e9s\" \/>\n<meta property=\"article:publisher\" content=\"https:\/\/www.facebook.com\/SaintPaulAngouleme16\/\" \/>\n<meta property=\"article:published_time\" content=\"2017-04-06T22:21:29+00:00\" \/>\n<meta property=\"article:modified_time\" content=\"2017-04-20T07:58:03+00:00\" \/>\n<meta property=\"og:image\" content=\"http:\/\/www.saint-paul-angouleme.fr\/application\/wp-content\/uploads\/2017\/04\/received_1860176717534551-1024x576.jpeg\" \/>\n<meta name=\"author\" content=\"SAINT-PAUL\" \/>\n<meta name=\"twitter:card\" content=\"summary_large_image\" \/>\n<meta name=\"twitter:creator\" content=\"@StPaulAngoulem\" \/>\n<meta name=\"twitter:site\" content=\"@StPaulAngoulem\" \/>\n<meta name=\"twitter:label1\" content=\"\u00c9crit par\" \/>\n\t<meta name=\"twitter:data1\" content=\"SAINT-PAUL\" \/>\n\t<meta name=\"twitter:label2\" content=\"Dur\u00e9e de lecture estim\u00e9e\" \/>\n\t<meta name=\"twitter:data2\" content=\"2 minutes\" \/>\n<script type=\"application\/ld+json\" class=\"yoast-schema-graph\">{\"@context\":\"https:\/\/schema.org\",\"@graph\":[{\"@type\":\"Article\",\"@id\":\"https:\/\/www.saint-paul-angouleme.fr\/application\/saint-paul-vous-presente-la-classe-inversee-2017\/#article\",\"isPartOf\":{\"@id\":\"https:\/\/www.saint-paul-angouleme.fr\/application\/saint-paul-vous-presente-la-classe-inversee-2017\/\"},\"author\":{\"name\":\"SAINT-PAUL\",\"@id\":\"https:\/\/www.saint-paul-angouleme.fr\/application\/#\/schema\/person\/ea152930b1a3823659065827b1a5fb9b\"},\"headline\":\"P\u00e9dagogie invers\u00e9e \u00e0 Saint-Paul\",\"datePublished\":\"2017-04-06T22:21:29+00:00\",\"dateModified\":\"2017-04-20T07:58:03+00:00\",\"mainEntityOfPage\":{\"@id\":\"https:\/\/www.saint-paul-angouleme.fr\/application\/saint-paul-vous-presente-la-classe-inversee-2017\/\"},\"wordCount\":452,\"commentCount\":0,\"publisher\":{\"@id\":\"https:\/\/www.saint-paul-angouleme.fr\/application\/#organization\"},\"image\":{\"@id\":\"https:\/\/www.saint-paul-angouleme.fr\/application\/saint-paul-vous-presente-la-classe-inversee-2017\/#primaryimage\"},\"thumbnailUrl\":\"http:\/\/www.saint-paul-angouleme.fr\/application\/wp-content\/uploads\/2017\/04\/received_1860176717534551-1024x576.jpeg\",\"articleSection\":[\"Look on\",\"P\u00e9dagogie\"],\"inLanguage\":\"fr-FR\",\"potentialAction\":[{\"@type\":\"CommentAction\",\"name\":\"Comment\",\"target\":[\"https:\/\/www.saint-paul-angouleme.fr\/application\/saint-paul-vous-presente-la-classe-inversee-2017\/#respond\"]}]},{\"@type\":\"WebPage\",\"@id\":\"https:\/\/www.saint-paul-angouleme.fr\/application\/saint-paul-vous-presente-la-classe-inversee-2017\/\",\"url\":\"https:\/\/www.saint-paul-angouleme.fr\/application\/saint-paul-vous-presente-la-classe-inversee-2017\/\",\"name\":\"P\u00e9dagogie invers\u00e9e \u00e0 Saint-Paul - Actualit\u00e9s\",\"isPartOf\":{\"@id\":\"https:\/\/www.saint-paul-angouleme.fr\/application\/#website\"},\"primaryImageOfPage\":{\"@id\":\"https:\/\/www.saint-paul-angouleme.fr\/application\/saint-paul-vous-presente-la-classe-inversee-2017\/#primaryimage\"},\"image\":{\"@id\":\"https:\/\/www.saint-paul-angouleme.fr\/application\/saint-paul-vous-presente-la-classe-inversee-2017\/#primaryimage\"},\"thumbnailUrl\":\"http:\/\/www.saint-paul-angouleme.fr\/application\/wp-content\/uploads\/2017\/04\/received_1860176717534551-1024x576.jpeg\",\"datePublished\":\"2017-04-06T22:21:29+00:00\",\"dateModified\":\"2017-04-20T07:58:03+00:00\",\"breadcrumb\":{\"@id\":\"https:\/\/www.saint-paul-angouleme.fr\/application\/saint-paul-vous-presente-la-classe-inversee-2017\/#breadcrumb\"},\"inLanguage\":\"fr-FR\",\"potentialAction\":[{\"@type\":\"ReadAction\",\"target\":[\"https:\/\/www.saint-paul-angouleme.fr\/application\/saint-paul-vous-presente-la-classe-inversee-2017\/\"]}]},{\"@type\":\"ImageObject\",\"inLanguage\":\"fr-FR\",\"@id\":\"https:\/\/www.saint-paul-angouleme.fr\/application\/saint-paul-vous-presente-la-classe-inversee-2017\/#primaryimage\",\"url\":\"http:\/\/www.saint-paul-angouleme.fr\/application\/wp-content\/uploads\/2017\/04\/received_1860176717534551-1024x576.jpeg\",\"contentUrl\":\"http:\/\/www.saint-paul-angouleme.fr\/application\/wp-content\/uploads\/2017\/04\/received_1860176717534551-1024x576.jpeg\"},{\"@type\":\"BreadcrumbList\",\"@id\":\"https:\/\/www.saint-paul-angouleme.fr\/application\/saint-paul-vous-presente-la-classe-inversee-2017\/#breadcrumb\",\"itemListElement\":[{\"@type\":\"ListItem\",\"position\":1,\"name\":\"Accueil\",\"item\":\"http:\/\/www.saint-paul-angouleme.fr\/application\/\"},{\"@type\":\"ListItem\",\"position\":2,\"name\":\"P\u00e9dagogie invers\u00e9e \u00e0 Saint-Paul\"}]},{\"@type\":\"WebSite\",\"@id\":\"https:\/\/www.saint-paul-angouleme.fr\/application\/#website\",\"url\":\"https:\/\/www.saint-paul-angouleme.fr\/application\/\",\"name\":\"Actualit\u00e9s\",\"description\":\"Actualit\u00e9s Saint Paul\",\"publisher\":{\"@id\":\"https:\/\/www.saint-paul-angouleme.fr\/application\/#organization\"},\"potentialAction\":[{\"@type\":\"SearchAction\",\"target\":{\"@type\":\"EntryPoint\",\"urlTemplate\":\"https:\/\/www.saint-paul-angouleme.fr\/application\/?s={search_term_string}\"},\"query-input\":\"required name=search_term_string\"}],\"inLanguage\":\"fr-FR\"},{\"@type\":\"Organization\",\"@id\":\"https:\/\/www.saint-paul-angouleme.fr\/application\/#organization\",\"name\":\"Ensemble scolaire Saint-Paul\",\"url\":\"https:\/\/www.saint-paul-angouleme.fr\/application\/\",\"logo\":{\"@type\":\"ImageObject\",\"inLanguage\":\"fr-FR\",\"@id\":\"https:\/\/www.saint-paul-angouleme.fr\/application\/#\/schema\/logo\/image\/\",\"url\":\"https:\/\/www.saint-paul-angouleme.fr\/application\/wp-content\/uploads\/2018\/08\/logo-saint-paul-couleurs.jpg\",\"contentUrl\":\"https:\/\/www.saint-paul-angouleme.fr\/application\/wp-content\/uploads\/2018\/08\/logo-saint-paul-couleurs.jpg\",\"width\":1890,\"height\":709,\"caption\":\"Ensemble scolaire Saint-Paul\"},\"image\":{\"@id\":\"https:\/\/www.saint-paul-angouleme.fr\/application\/#\/schema\/logo\/image\/\"},\"sameAs\":[\"https:\/\/www.facebook.com\/SaintPaulAngouleme16\/\",\"https:\/\/x.com\/StPaulAngoulem\",\"https:\/\/www.youtube.com\/channel\/UCRLpz1CmPVqc0gn--YyXvjA?view_as=subscriber\"]},{\"@type\":\"Person\",\"@id\":\"https:\/\/www.saint-paul-angouleme.fr\/application\/#\/schema\/person\/ea152930b1a3823659065827b1a5fb9b\",\"name\":\"SAINT-PAUL\",\"image\":{\"@type\":\"ImageObject\",\"inLanguage\":\"fr-FR\",\"@id\":\"https:\/\/www.saint-paul-angouleme.fr\/application\/#\/schema\/person\/image\/\",\"url\":\"https:\/\/secure.gravatar.com\/avatar\/eadb0ffebc02683a61d69038eb2924f0?s=96&r=g\",\"contentUrl\":\"https:\/\/secure.gravatar.com\/avatar\/eadb0ffebc02683a61d69038eb2924f0?s=96&r=g\",\"caption\":\"SAINT-PAUL\"},\"url\":\"https:\/\/www.saint-paul-angouleme.fr\/application\/author\/myriam\/\"}]}<\/script>\n<!-- \/ Yoast SEO plugin. -->","yoast_head_json":{"title":"P\u00e9dagogie invers\u00e9e \u00e0 Saint-Paul - Actualit\u00e9s","robots":{"index":"index","follow":"follow","max-snippet":"max-snippet:-1","max-image-preview":"max-image-preview:large","max-video-preview":"max-video-preview:-1"},"canonical":"https:\/\/www.saint-paul-angouleme.fr\/application\/saint-paul-vous-presente-la-classe-inversee-2017\/","og_locale":"fr_FR","og_type":"article","og_title":"P\u00e9dagogie invers\u00e9e \u00e0 Saint-Paul - Actualit\u00e9s","og_description":"Depuis la rentr\u00e9e 2016 &#8211; 2017 notre \u00e9tablissement exp\u00e9rimente, \u00e0 l\u2019initiative notamment de deux enseignantes, la \u00ab\u00a0p\u00e9dagogie invers\u00e9e\u00a0\u00bb avec diff\u00e9rents groupes. Qu\u2019est-ce que cela change\u00a0? Il n&#8217;y a pas de mod\u00e8le\u00a0\u00ab\u00a0standard\u00a0\u00bb.\u00a0De fait, il y a autant d&#8217;exemples que d\u2019enseignants\u00a0: chacun s\u2019approprie outils et m\u00e9thodologie, le cadre n\u2019est pas strict. L\u2019int\u00e9r\u00eat est avant tout p\u00e9dagogique\u00a0: l\u2019\u00e9l\u00e8ve ... Lire la suite","og_url":"https:\/\/www.saint-paul-angouleme.fr\/application\/saint-paul-vous-presente-la-classe-inversee-2017\/","og_site_name":"Actualit\u00e9s","article_publisher":"https:\/\/www.facebook.com\/SaintPaulAngouleme16\/","article_published_time":"2017-04-06T22:21:29+00:00","article_modified_time":"2017-04-20T07:58:03+00:00","og_image":[{"url":"http:\/\/www.saint-paul-angouleme.fr\/application\/wp-content\/uploads\/2017\/04\/received_1860176717534551-1024x576.jpeg"}],"author":"SAINT-PAUL","twitter_card":"summary_large_image","twitter_creator":"@StPaulAngoulem","twitter_site":"@StPaulAngoulem","twitter_misc":{"\u00c9crit par":"SAINT-PAUL","Dur\u00e9e de lecture estim\u00e9e":"2 minutes"},"schema":{"@context":"https:\/\/schema.org","@graph":[{"@type":"Article","@id":"https:\/\/www.saint-paul-angouleme.fr\/application\/saint-paul-vous-presente-la-classe-inversee-2017\/#article","isPartOf":{"@id":"https:\/\/www.saint-paul-angouleme.fr\/application\/saint-paul-vous-presente-la-classe-inversee-2017\/"},"author":{"name":"SAINT-PAUL","@id":"https:\/\/www.saint-paul-angouleme.fr\/application\/#\/schema\/person\/ea152930b1a3823659065827b1a5fb9b"},"headline":"P\u00e9dagogie invers\u00e9e \u00e0 Saint-Paul","datePublished":"2017-04-06T22:21:29+00:00","dateModified":"2017-04-20T07:58:03+00:00","mainEntityOfPage":{"@id":"https:\/\/www.saint-paul-angouleme.fr\/application\/saint-paul-vous-presente-la-classe-inversee-2017\/"},"wordCount":452,"commentCount":0,"publisher":{"@id":"https:\/\/www.saint-paul-angouleme.fr\/application\/#organization"},"image":{"@id":"https:\/\/www.saint-paul-angouleme.fr\/application\/saint-paul-vous-presente-la-classe-inversee-2017\/#primaryimage"},"thumbnailUrl":"http:\/\/www.saint-paul-angouleme.fr\/application\/wp-content\/uploads\/2017\/04\/received_1860176717534551-1024x576.jpeg","articleSection":["Look on","P\u00e9dagogie"],"inLanguage":"fr-FR","potentialAction":[{"@type":"CommentAction","name":"Comment","target":["https:\/\/www.saint-paul-angouleme.fr\/application\/saint-paul-vous-presente-la-classe-inversee-2017\/#respond"]}]},{"@type":"WebPage","@id":"https:\/\/www.saint-paul-angouleme.fr\/application\/saint-paul-vous-presente-la-classe-inversee-2017\/","url":"https:\/\/www.saint-paul-angouleme.fr\/application\/saint-paul-vous-presente-la-classe-inversee-2017\/","name":"P\u00e9dagogie invers\u00e9e \u00e0 Saint-Paul - Actualit\u00e9s","isPartOf":{"@id":"https:\/\/www.saint-paul-angouleme.fr\/application\/#website"},"primaryImageOfPage":{"@id":"https:\/\/www.saint-paul-angouleme.fr\/application\/saint-paul-vous-presente-la-classe-inversee-2017\/#primaryimage"},"image":{"@id":"https:\/\/www.saint-paul-angouleme.fr\/application\/saint-paul-vous-presente-la-classe-inversee-2017\/#primaryimage"},"thumbnailUrl":"http:\/\/www.saint-paul-angouleme.fr\/application\/wp-content\/uploads\/2017\/04\/received_1860176717534551-1024x576.jpeg","datePublished":"2017-04-06T22:21:29+00:00","dateModified":"2017-04-20T07:58:03+00:00","breadcrumb":{"@id":"https:\/\/www.saint-paul-angouleme.fr\/application\/saint-paul-vous-presente-la-classe-inversee-2017\/#breadcrumb"},"inLanguage":"fr-FR","potentialAction":[{"@type":"ReadAction","target":["https:\/\/www.saint-paul-angouleme.fr\/application\/saint-paul-vous-presente-la-classe-inversee-2017\/"]}]},{"@type":"ImageObject","inLanguage":"fr-FR","@id":"https:\/\/www.saint-paul-angouleme.fr\/application\/saint-paul-vous-presente-la-classe-inversee-2017\/#primaryimage","url":"http:\/\/www.saint-paul-angouleme.fr\/application\/wp-content\/uploads\/2017\/04\/received_1860176717534551-1024x576.jpeg","contentUrl":"http:\/\/www.saint-paul-angouleme.fr\/application\/wp-content\/uploads\/2017\/04\/received_1860176717534551-1024x576.jpeg"},{"@type":"BreadcrumbList","@id":"https:\/\/www.saint-paul-angouleme.fr\/application\/saint-paul-vous-presente-la-classe-inversee-2017\/#breadcrumb","itemListElement":[{"@type":"ListItem","position":1,"name":"Accueil","item":"http:\/\/www.saint-paul-angouleme.fr\/application\/"},{"@type":"ListItem","position":2,"name":"P\u00e9dagogie invers\u00e9e \u00e0 Saint-Paul"}]},{"@type":"WebSite","@id":"https:\/\/www.saint-paul-angouleme.fr\/application\/#website","url":"https:\/\/www.saint-paul-angouleme.fr\/application\/","name":"Actualit\u00e9s","description":"Actualit\u00e9s Saint Paul","publisher":{"@id":"https:\/\/www.saint-paul-angouleme.fr\/application\/#organization"},"potentialAction":[{"@type":"SearchAction","target":{"@type":"EntryPoint","urlTemplate":"https:\/\/www.saint-paul-angouleme.fr\/application\/?s={search_term_string}"},"query-input":"required name=search_term_string"}],"inLanguage":"fr-FR"},{"@type":"Organization","@id":"https:\/\/www.saint-paul-angouleme.fr\/application\/#organization","name":"Ensemble scolaire Saint-Paul","url":"https:\/\/www.saint-paul-angouleme.fr\/application\/","logo":{"@type":"ImageObject","inLanguage":"fr-FR","@id":"https:\/\/www.saint-paul-angouleme.fr\/application\/#\/schema\/logo\/image\/","url":"https:\/\/www.saint-paul-angouleme.fr\/application\/wp-content\/uploads\/2018\/08\/logo-saint-paul-couleurs.jpg","contentUrl":"https:\/\/www.saint-paul-angouleme.fr\/application\/wp-content\/uploads\/2018\/08\/logo-saint-paul-couleurs.jpg","width":1890,"height":709,"caption":"Ensemble scolaire Saint-Paul"},"image":{"@id":"https:\/\/www.saint-paul-angouleme.fr\/application\/#\/schema\/logo\/image\/"},"sameAs":["https:\/\/www.facebook.com\/SaintPaulAngouleme16\/","https:\/\/x.com\/StPaulAngoulem","https:\/\/www.youtube.com\/channel\/UCRLpz1CmPVqc0gn--YyXvjA?view_as=subscriber"]},{"@type":"Person","@id":"https:\/\/www.saint-paul-angouleme.fr\/application\/#\/schema\/person\/ea152930b1a3823659065827b1a5fb9b","name":"SAINT-PAUL","image":{"@type":"ImageObject","inLanguage":"fr-FR","@id":"https:\/\/www.saint-paul-angouleme.fr\/application\/#\/schema\/person\/image\/","url":"https:\/\/secure.gravatar.com\/avatar\/eadb0ffebc02683a61d69038eb2924f0?s=96&r=g","contentUrl":"https:\/\/secure.gravatar.com\/avatar\/eadb0ffebc02683a61d69038eb2924f0?s=96&r=g","caption":"SAINT-PAUL"},"url":"https:\/\/www.saint-paul-angouleme.fr\/application\/author\/myriam\/"}]}},"_links":{"self":[{"href":"https:\/\/www.saint-paul-angouleme.fr\/application\/wp-json\/wp\/v2\/posts\/525"}],"collection":[{"href":"https:\/\/www.saint-paul-angouleme.fr\/application\/wp-json\/wp\/v2\/posts"}],"about":[{"href":"https:\/\/www.saint-paul-angouleme.fr\/application\/wp-json\/wp\/v2\/types\/post"}],"author":[{"embeddable":true,"href":"https:\/\/www.saint-paul-angouleme.fr\/application\/wp-json\/wp\/v2\/users\/3"}],"replies":[{"embeddable":true,"href":"https:\/\/www.saint-paul-angouleme.fr\/application\/wp-json\/wp\/v2\/comments?post=525"}],"version-history":[{"count":10,"href":"https:\/\/www.saint-paul-angouleme.fr\/application\/wp-json\/wp\/v2\/posts\/525\/revisions"}],"predecessor-version":[{"id":541,"href":"https:\/\/www.saint-paul-angouleme.fr\/application\/wp-json\/wp\/v2\/posts\/525\/revisions\/541"}],"wp:attachment":[{"href":"https:\/\/www.saint-paul-angouleme.fr\/application\/wp-json\/wp\/v2\/media?parent=525"}],"wp:term":[{"taxonomy":"category","embeddable":true,"href":"https:\/\/www.saint-paul-angouleme.fr\/application\/wp-json\/wp\/v2\/categories?post=525"},{"taxonomy":"post_tag","embeddable":true,"href":"https:\/\/www.saint-paul-angouleme.fr\/application\/wp-json\/wp\/v2\/tags?post=525"}],"curies":[{"name":"wp","href":"https:\/\/api.w.org\/{rel}","templated":true}]}}