{"id":513,"date":"2017-04-04T17:04:21","date_gmt":"2017-04-04T15:04:21","guid":{"rendered":"http:\/\/www.saint-paul-angouleme.fr\/application\/?p=513"},"modified":"2017-04-12T09:36:09","modified_gmt":"2017-04-12T07:36:09","slug":"mgr-herve-gosselin-rencontre-les-confirmands","status":"publish","type":"post","link":"https:\/\/www.saint-paul-angouleme.fr\/application\/mgr-herve-gosselin-rencontre-les-confirmands\/","title":{"rendered":"Mgr Herv\u00e9 GOSSELIN rencontre les Confirmands"},"content":{"rendered":"<p>&nbsp;<\/p>\n<p style=\"text-align: justify;\"><a href=\"http:\/\/www.saint-paul-angouleme.fr\/application\/wp-content\/uploads\/2017\/04\/DSC_0174.jpg\"><img loading=\"lazy\" decoding=\"async\" class=\"aligncenter size-large wp-image-519\" src=\"http:\/\/www.saint-paul-angouleme.fr\/application\/wp-content\/uploads\/2017\/04\/DSC_0174-1024x576.jpg\" alt=\"\" width=\"1024\" height=\"576\" srcset=\"https:\/\/www.saint-paul-angouleme.fr\/application\/wp-content\/uploads\/2017\/04\/DSC_0174-1024x576.jpg 1024w, https:\/\/www.saint-paul-angouleme.fr\/application\/wp-content\/uploads\/2017\/04\/DSC_0174-300x169.jpg 300w, https:\/\/www.saint-paul-angouleme.fr\/application\/wp-content\/uploads\/2017\/04\/DSC_0174-768x432.jpg 768w\" sizes=\"(max-width: 1024px) 100vw, 1024px\" \/><\/a><\/p>\n<p style=\"text-align: justify;\"><span style=\"color: #333333; font-family: verdana,geneva,sans-serif; font-size: 20px;\">Samedi 1er avril 2017 Mgr Herv\u00e9 GOSSELIN rencontrait les confirmands, jeunes et adultes, qui seront confirm\u00e9s le 7 mai 2017 \u00e0 l&#8217;occasion du Festi&#8217;Jeunes. Ce jour-l\u00e0, ils seront entre 150 et 160 \u00e0 recevoir ce sacrement de la confirmation. <a href=\"http:\/\/www.saint-paul-angouleme.fr\/application\/wp-content\/uploads\/2017\/04\/DSC_0184.jpg\"><img loading=\"lazy\" decoding=\"async\" class=\"alignright size-medium wp-image-518\" src=\"http:\/\/www.saint-paul-angouleme.fr\/application\/wp-content\/uploads\/2017\/04\/DSC_0184-300x169.jpg\" alt=\"\" width=\"300\" height=\"169\" srcset=\"https:\/\/www.saint-paul-angouleme.fr\/application\/wp-content\/uploads\/2017\/04\/DSC_0184-300x169.jpg 300w, https:\/\/www.saint-paul-angouleme.fr\/application\/wp-content\/uploads\/2017\/04\/DSC_0184-768x432.jpg 768w, https:\/\/www.saint-paul-angouleme.fr\/application\/wp-content\/uploads\/2017\/04\/DSC_0184-1024x576.jpg 1024w\" sizes=\"(max-width: 300px) 100vw, 300px\" \/><\/a><\/span><\/p>\n<p style=\"text-align: justify;\"><span style=\"color: #333333; font-family: verdana,geneva,sans-serif; font-size: 20px;\">Parmi eux bien s\u00fbr plusieurs confirmands de notre \u00e9tablissement !<\/span><\/p>\n<p style=\"text-align: justify;\"><span style=\"color: #333333; font-family: verdana,geneva,sans-serif; font-size: 20px;\">Apr\u00e8s une introduction de Mgr GOSSELIN les confirmands ont \u00e9t\u00e9 invit\u00e9 \u00e0 se retrouver\u00a0par petites \u00e9quipes mix\u00e9es (\u00e2ge, situation g\u00e9ographique, etc.) pour \u00e9changer sur leurs parcours, sur la confirmation puis \u00e0 \u00e9crire une conviction et une question. Notre \u00e9v\u00eaque a pu ensuite reprendre ces diff\u00e9rents t\u00e9moignages et r\u00e9pondre aux questions.<\/span><\/p>\n<p style=\"text-align: justify;\"><span style=\"color: #333333; font-family: verdana,geneva,sans-serif; font-size: 20px;\">Rendez-vous le dimanche 7 mai 2017 sur le site de Plaisance \u00e0 Barbezieux !<\/span><\/p>\n<p style=\"text-align: justify;\"><span style=\"color: #de984b; font-family: verdana,geneva,sans-serif; font-size: 20px;\">Extraits des \u00e9changes de notre \u00e9v\u00eaque avec les confirmands :<\/span><\/p>\n<div class=\"arve\" data-mode=\"normal\" data-oembed=\"1\" data-provider=\"youtube\" id=\"arve-youtube-urvwgrkwbc4\">\n<div class=\"arve-inner\">\n<div class=\"arve-embed arve-embed--has-aspect-ratio\">\n<span class=\"arve-ar\" style=\"padding-top:56.250000%\"><\/span><iframe credentialless referrerpolicy=\"strict-origin-when-cross-origin\" allow=\"accelerometer &#039;none&#039;;ambient-light-sensor &#039;none&#039;;autoplay &#039;none&#039;;battery &#039;none&#039;;bluetooth &#039;none&#039;;browsing-topics &#039;none&#039;;camera &#039;none&#039;;ch-ua &#039;none&#039;;clipboard-read &#039;none&#039;;clipboard-write;display-capture &#039;none&#039;;document-domain &#039;none&#039;;domain-agent &#039;none&#039;;encrypted-media &#039;none&#039;;execution-while-not-rendered &#039;none&#039;;execution-while-out-of-viewport &#039;none&#039;;gamepad &#039;none&#039;;geolocation &#039;none&#039;;gyroscope &#039;none&#039;;hid &#039;none&#039;;identity-credentials-get &#039;none&#039;;idle-detection &#039;none&#039;;keyboard-map &#039;none&#039;;local-fonts &#039;none&#039;;magnetometer &#039;none&#039;;microphone &#039;none&#039;;midi &#039;none&#039;;navigation-override &#039;none&#039;;otp-credentials &#039;none&#039;;payment &#039;none&#039;;picture-in-picture;publickey-credentials-create &#039;none&#039;;publickey-credentials-get &#039;none&#039;;screen-wake-lock &#039;none&#039;;serial &#039;none&#039;;speaker-selection;sync-xhr &#039;none&#039;;usb &#039;none&#039;;web-share;window-management &#039;none&#039;;xr-spatial-tracking &#039;none&#039;;\" allowfullscreen class=\"arve-iframe fitvidsignore\" data-arve=\"arve-youtube-urvwgrkwbc4\" data-src-no-ap=\"https:\/\/www.youtube-nocookie.com\/embed\/URvWgrkWbC4?feature=oembed&amp;iv_load_policy=3&amp;modestbranding=1&amp;rel=0&amp;autohide=1&amp;playsinline=0&amp;autoplay=0\" frameborder=\"0\" height=\"0\" name sandbox=\"allow-scripts allow-same-origin allow-presentation allow-popups allow-popups-to-escape-sandbox\" scrolling=\"no\" src=\"https:\/\/www.youtube-nocookie.com\/embed\/URvWgrkWbC4?feature=oembed&#038;iv_load_policy=3&#038;modestbranding=1&#038;rel=0&#038;autohide=1&#038;playsinline=0&#038;autoplay=0\" width=\"0\" title loading=\"lazy\"><\/iframe><\/p>\n<\/div>\n<\/div>\n<p><script type=\"application\/ld+json\">{\"@context\":\"http:\\\/\\\/schema.org\\\/\",\"@id\":\"https:\\\/\\\/www.saint-paul-angouleme.fr\\\/application\\\/mgr-herve-gosselin-rencontre-les-confirmands\\\/#arve-youtube-urvwgrkwbc4\",\"type\":\"VideoObject\",\"embedURL\":\"https:\\\/\\\/www.youtube-nocookie.com\\\/embed\\\/URvWgrkWbC4?feature=oembed&iv_load_policy=3&modestbranding=1&rel=0&autohide=1&playsinline=0&autoplay=0\"}<\/script>\n<\/div>\n<p style=\"text-align: justify;\"><span style=\"color: #333333; font-family: verdana,geneva,sans-serif; font-size: 20px;\">\u00a0<\/span><\/p>\n","protected":false},"excerpt":{"rendered":"<p>&nbsp; Samedi 1er avril 2017 Mgr Herv\u00e9 GOSSELIN rencontrait les confirmands, jeunes et adultes, qui seront confirm\u00e9s le 7 mai 2017 \u00e0 l&#8217;occasion du Festi&#8217;Jeunes. Ce jour-l\u00e0, ils seront entre 150 et 160 \u00e0 recevoir ce sacrement de la confirmation. Parmi eux bien s\u00fbr plusieurs confirmands de notre \u00e9tablissement ! Apr\u00e8s une introduction de Mgr &#8230; <a title=\"Mgr Herv\u00e9 GOSSELIN rencontre les Confirmands\" class=\"read-more\" href=\"https:\/\/www.saint-paul-angouleme.fr\/application\/mgr-herve-gosselin-rencontre-les-confirmands\/\" aria-label=\"Read more about Mgr Herv\u00e9 GOSSELIN rencontre les Confirmands\">Lire la suite<\/a><\/p>\n","protected":false},"author":3,"featured_media":0,"comment_status":"open","ping_status":"open","sticky":false,"template":"","format":"standard","meta":{"_exactmetrics_skip_tracking":false,"_exactmetrics_sitenote_active":false,"_exactmetrics_sitenote_note":"","_exactmetrics_sitenote_category":0,"footnotes":""},"categories":[4,12],"tags":[],"class_list":["post-513","post","type-post","status-publish","format-standard","hentry","category-agenda","category-rendez-vous"],"yoast_head":"<!-- This site is optimized with the Yoast SEO plugin v23.3 - https:\/\/yoast.com\/wordpress\/plugins\/seo\/ -->\n<title>Mgr Herv\u00e9 GOSSELIN rencontre les Confirmands - Actualit\u00e9s<\/title>\n<meta name=\"robots\" content=\"index, follow, max-snippet:-1, max-image-preview:large, max-video-preview:-1\" \/>\n<link rel=\"canonical\" href=\"https:\/\/www.saint-paul-angouleme.fr\/application\/mgr-herve-gosselin-rencontre-les-confirmands\/\" \/>\n<meta property=\"og:locale\" content=\"fr_FR\" \/>\n<meta property=\"og:type\" content=\"article\" \/>\n<meta property=\"og:title\" content=\"Mgr Herv\u00e9 GOSSELIN rencontre les Confirmands - Actualit\u00e9s\" \/>\n<meta property=\"og:description\" content=\"&nbsp; Samedi 1er avril 2017 Mgr Herv\u00e9 GOSSELIN rencontrait les confirmands, jeunes et adultes, qui seront confirm\u00e9s le 7 mai 2017 \u00e0 l&#8217;occasion du Festi&#8217;Jeunes. Ce jour-l\u00e0, ils seront entre 150 et 160 \u00e0 recevoir ce sacrement de la confirmation. Parmi eux bien s\u00fbr plusieurs confirmands de notre \u00e9tablissement ! Apr\u00e8s une introduction de Mgr ... Lire la suite\" \/>\n<meta property=\"og:url\" content=\"https:\/\/www.saint-paul-angouleme.fr\/application\/mgr-herve-gosselin-rencontre-les-confirmands\/\" \/>\n<meta property=\"og:site_name\" content=\"Actualit\u00e9s\" \/>\n<meta property=\"article:publisher\" content=\"https:\/\/www.facebook.com\/SaintPaulAngouleme16\/\" \/>\n<meta property=\"article:published_time\" content=\"2017-04-04T15:04:21+00:00\" \/>\n<meta property=\"article:modified_time\" content=\"2017-04-12T07:36:09+00:00\" \/>\n<meta property=\"og:image\" content=\"http:\/\/www.saint-paul-angouleme.fr\/application\/wp-content\/uploads\/2017\/04\/DSC_0174-1024x576.jpg\" \/>\n<meta name=\"author\" content=\"SAINT-PAUL\" \/>\n<meta name=\"twitter:card\" content=\"summary_large_image\" \/>\n<meta name=\"twitter:creator\" content=\"@StPaulAngoulem\" \/>\n<meta name=\"twitter:site\" content=\"@StPaulAngoulem\" \/>\n<meta name=\"twitter:label1\" content=\"\u00c9crit par\" \/>\n\t<meta name=\"twitter:data1\" content=\"SAINT-PAUL\" \/>\n\t<meta name=\"twitter:label2\" content=\"Dur\u00e9e de lecture estim\u00e9e\" \/>\n\t<meta name=\"twitter:data2\" content=\"1 minute\" \/>\n<script type=\"application\/ld+json\" class=\"yoast-schema-graph\">{\"@context\":\"https:\/\/schema.org\",\"@graph\":[{\"@type\":\"Article\",\"@id\":\"https:\/\/www.saint-paul-angouleme.fr\/application\/mgr-herve-gosselin-rencontre-les-confirmands\/#article\",\"isPartOf\":{\"@id\":\"https:\/\/www.saint-paul-angouleme.fr\/application\/mgr-herve-gosselin-rencontre-les-confirmands\/\"},\"author\":{\"name\":\"SAINT-PAUL\",\"@id\":\"https:\/\/www.saint-paul-angouleme.fr\/application\/#\/schema\/person\/ea152930b1a3823659065827b1a5fb9b\"},\"headline\":\"Mgr Herv\u00e9 GOSSELIN rencontre les Confirmands\",\"datePublished\":\"2017-04-04T15:04:21+00:00\",\"dateModified\":\"2017-04-12T07:36:09+00:00\",\"mainEntityOfPage\":{\"@id\":\"https:\/\/www.saint-paul-angouleme.fr\/application\/mgr-herve-gosselin-rencontre-les-confirmands\/\"},\"wordCount\":134,\"commentCount\":0,\"publisher\":{\"@id\":\"https:\/\/www.saint-paul-angouleme.fr\/application\/#organization\"},\"image\":{\"@id\":\"https:\/\/www.saint-paul-angouleme.fr\/application\/mgr-herve-gosselin-rencontre-les-confirmands\/#primaryimage\"},\"thumbnailUrl\":\"http:\/\/www.saint-paul-angouleme.fr\/application\/wp-content\/uploads\/2017\/04\/DSC_0174-1024x576.jpg\",\"articleSection\":[\"Agenda\",\"Rendez-vous\"],\"inLanguage\":\"fr-FR\",\"potentialAction\":[{\"@type\":\"CommentAction\",\"name\":\"Comment\",\"target\":[\"https:\/\/www.saint-paul-angouleme.fr\/application\/mgr-herve-gosselin-rencontre-les-confirmands\/#respond\"]}]},{\"@type\":\"WebPage\",\"@id\":\"https:\/\/www.saint-paul-angouleme.fr\/application\/mgr-herve-gosselin-rencontre-les-confirmands\/\",\"url\":\"https:\/\/www.saint-paul-angouleme.fr\/application\/mgr-herve-gosselin-rencontre-les-confirmands\/\",\"name\":\"Mgr Herv\u00e9 GOSSELIN rencontre les Confirmands - Actualit\u00e9s\",\"isPartOf\":{\"@id\":\"https:\/\/www.saint-paul-angouleme.fr\/application\/#website\"},\"primaryImageOfPage\":{\"@id\":\"https:\/\/www.saint-paul-angouleme.fr\/application\/mgr-herve-gosselin-rencontre-les-confirmands\/#primaryimage\"},\"image\":{\"@id\":\"https:\/\/www.saint-paul-angouleme.fr\/application\/mgr-herve-gosselin-rencontre-les-confirmands\/#primaryimage\"},\"thumbnailUrl\":\"http:\/\/www.saint-paul-angouleme.fr\/application\/wp-content\/uploads\/2017\/04\/DSC_0174-1024x576.jpg\",\"datePublished\":\"2017-04-04T15:04:21+00:00\",\"dateModified\":\"2017-04-12T07:36:09+00:00\",\"breadcrumb\":{\"@id\":\"https:\/\/www.saint-paul-angouleme.fr\/application\/mgr-herve-gosselin-rencontre-les-confirmands\/#breadcrumb\"},\"inLanguage\":\"fr-FR\",\"potentialAction\":[{\"@type\":\"ReadAction\",\"target\":[\"https:\/\/www.saint-paul-angouleme.fr\/application\/mgr-herve-gosselin-rencontre-les-confirmands\/\"]}]},{\"@type\":\"ImageObject\",\"inLanguage\":\"fr-FR\",\"@id\":\"https:\/\/www.saint-paul-angouleme.fr\/application\/mgr-herve-gosselin-rencontre-les-confirmands\/#primaryimage\",\"url\":\"https:\/\/www.saint-paul-angouleme.fr\/application\/wp-content\/uploads\/2017\/04\/DSC_0174.jpg\",\"contentUrl\":\"https:\/\/www.saint-paul-angouleme.fr\/application\/wp-content\/uploads\/2017\/04\/DSC_0174.jpg\",\"width\":3840,\"height\":2160},{\"@type\":\"BreadcrumbList\",\"@id\":\"https:\/\/www.saint-paul-angouleme.fr\/application\/mgr-herve-gosselin-rencontre-les-confirmands\/#breadcrumb\",\"itemListElement\":[{\"@type\":\"ListItem\",\"position\":1,\"name\":\"Accueil\",\"item\":\"http:\/\/www.saint-paul-angouleme.fr\/application\/\"},{\"@type\":\"ListItem\",\"position\":2,\"name\":\"Mgr Herv\u00e9 GOSSELIN rencontre les Confirmands\"}]},{\"@type\":\"WebSite\",\"@id\":\"https:\/\/www.saint-paul-angouleme.fr\/application\/#website\",\"url\":\"https:\/\/www.saint-paul-angouleme.fr\/application\/\",\"name\":\"Actualit\u00e9s\",\"description\":\"Actualit\u00e9s Saint Paul\",\"publisher\":{\"@id\":\"https:\/\/www.saint-paul-angouleme.fr\/application\/#organization\"},\"potentialAction\":[{\"@type\":\"SearchAction\",\"target\":{\"@type\":\"EntryPoint\",\"urlTemplate\":\"https:\/\/www.saint-paul-angouleme.fr\/application\/?s={search_term_string}\"},\"query-input\":\"required name=search_term_string\"}],\"inLanguage\":\"fr-FR\"},{\"@type\":\"Organization\",\"@id\":\"https:\/\/www.saint-paul-angouleme.fr\/application\/#organization\",\"name\":\"Ensemble scolaire Saint-Paul\",\"url\":\"https:\/\/www.saint-paul-angouleme.fr\/application\/\",\"logo\":{\"@type\":\"ImageObject\",\"inLanguage\":\"fr-FR\",\"@id\":\"https:\/\/www.saint-paul-angouleme.fr\/application\/#\/schema\/logo\/image\/\",\"url\":\"https:\/\/www.saint-paul-angouleme.fr\/application\/wp-content\/uploads\/2018\/08\/logo-saint-paul-couleurs.jpg\",\"contentUrl\":\"https:\/\/www.saint-paul-angouleme.fr\/application\/wp-content\/uploads\/2018\/08\/logo-saint-paul-couleurs.jpg\",\"width\":1890,\"height\":709,\"caption\":\"Ensemble scolaire Saint-Paul\"},\"image\":{\"@id\":\"https:\/\/www.saint-paul-angouleme.fr\/application\/#\/schema\/logo\/image\/\"},\"sameAs\":[\"https:\/\/www.facebook.com\/SaintPaulAngouleme16\/\",\"https:\/\/x.com\/StPaulAngoulem\",\"https:\/\/www.youtube.com\/channel\/UCRLpz1CmPVqc0gn--YyXvjA?view_as=subscriber\"]},{\"@type\":\"Person\",\"@id\":\"https:\/\/www.saint-paul-angouleme.fr\/application\/#\/schema\/person\/ea152930b1a3823659065827b1a5fb9b\",\"name\":\"SAINT-PAUL\",\"image\":{\"@type\":\"ImageObject\",\"inLanguage\":\"fr-FR\",\"@id\":\"https:\/\/www.saint-paul-angouleme.fr\/application\/#\/schema\/person\/image\/\",\"url\":\"https:\/\/secure.gravatar.com\/avatar\/eadb0ffebc02683a61d69038eb2924f0?s=96&r=g\",\"contentUrl\":\"https:\/\/secure.gravatar.com\/avatar\/eadb0ffebc02683a61d69038eb2924f0?s=96&r=g\",\"caption\":\"SAINT-PAUL\"},\"url\":\"https:\/\/www.saint-paul-angouleme.fr\/application\/author\/myriam\/\"}]}<\/script>\n<!-- \/ Yoast SEO plugin. -->","yoast_head_json":{"title":"Mgr Herv\u00e9 GOSSELIN rencontre les Confirmands - Actualit\u00e9s","robots":{"index":"index","follow":"follow","max-snippet":"max-snippet:-1","max-image-preview":"max-image-preview:large","max-video-preview":"max-video-preview:-1"},"canonical":"https:\/\/www.saint-paul-angouleme.fr\/application\/mgr-herve-gosselin-rencontre-les-confirmands\/","og_locale":"fr_FR","og_type":"article","og_title":"Mgr Herv\u00e9 GOSSELIN rencontre les Confirmands - Actualit\u00e9s","og_description":"&nbsp; Samedi 1er avril 2017 Mgr Herv\u00e9 GOSSELIN rencontrait les confirmands, jeunes et adultes, qui seront confirm\u00e9s le 7 mai 2017 \u00e0 l&#8217;occasion du Festi&#8217;Jeunes. Ce jour-l\u00e0, ils seront entre 150 et 160 \u00e0 recevoir ce sacrement de la confirmation. Parmi eux bien s\u00fbr plusieurs confirmands de notre \u00e9tablissement ! Apr\u00e8s une introduction de Mgr ... Lire la suite","og_url":"https:\/\/www.saint-paul-angouleme.fr\/application\/mgr-herve-gosselin-rencontre-les-confirmands\/","og_site_name":"Actualit\u00e9s","article_publisher":"https:\/\/www.facebook.com\/SaintPaulAngouleme16\/","article_published_time":"2017-04-04T15:04:21+00:00","article_modified_time":"2017-04-12T07:36:09+00:00","og_image":[{"url":"http:\/\/www.saint-paul-angouleme.fr\/application\/wp-content\/uploads\/2017\/04\/DSC_0174-1024x576.jpg"}],"author":"SAINT-PAUL","twitter_card":"summary_large_image","twitter_creator":"@StPaulAngoulem","twitter_site":"@StPaulAngoulem","twitter_misc":{"\u00c9crit par":"SAINT-PAUL","Dur\u00e9e de lecture estim\u00e9e":"1 minute"},"schema":{"@context":"https:\/\/schema.org","@graph":[{"@type":"Article","@id":"https:\/\/www.saint-paul-angouleme.fr\/application\/mgr-herve-gosselin-rencontre-les-confirmands\/#article","isPartOf":{"@id":"https:\/\/www.saint-paul-angouleme.fr\/application\/mgr-herve-gosselin-rencontre-les-confirmands\/"},"author":{"name":"SAINT-PAUL","@id":"https:\/\/www.saint-paul-angouleme.fr\/application\/#\/schema\/person\/ea152930b1a3823659065827b1a5fb9b"},"headline":"Mgr Herv\u00e9 GOSSELIN rencontre les Confirmands","datePublished":"2017-04-04T15:04:21+00:00","dateModified":"2017-04-12T07:36:09+00:00","mainEntityOfPage":{"@id":"https:\/\/www.saint-paul-angouleme.fr\/application\/mgr-herve-gosselin-rencontre-les-confirmands\/"},"wordCount":134,"commentCount":0,"publisher":{"@id":"https:\/\/www.saint-paul-angouleme.fr\/application\/#organization"},"image":{"@id":"https:\/\/www.saint-paul-angouleme.fr\/application\/mgr-herve-gosselin-rencontre-les-confirmands\/#primaryimage"},"thumbnailUrl":"http:\/\/www.saint-paul-angouleme.fr\/application\/wp-content\/uploads\/2017\/04\/DSC_0174-1024x576.jpg","articleSection":["Agenda","Rendez-vous"],"inLanguage":"fr-FR","potentialAction":[{"@type":"CommentAction","name":"Comment","target":["https:\/\/www.saint-paul-angouleme.fr\/application\/mgr-herve-gosselin-rencontre-les-confirmands\/#respond"]}]},{"@type":"WebPage","@id":"https:\/\/www.saint-paul-angouleme.fr\/application\/mgr-herve-gosselin-rencontre-les-confirmands\/","url":"https:\/\/www.saint-paul-angouleme.fr\/application\/mgr-herve-gosselin-rencontre-les-confirmands\/","name":"Mgr Herv\u00e9 GOSSELIN rencontre les Confirmands - Actualit\u00e9s","isPartOf":{"@id":"https:\/\/www.saint-paul-angouleme.fr\/application\/#website"},"primaryImageOfPage":{"@id":"https:\/\/www.saint-paul-angouleme.fr\/application\/mgr-herve-gosselin-rencontre-les-confirmands\/#primaryimage"},"image":{"@id":"https:\/\/www.saint-paul-angouleme.fr\/application\/mgr-herve-gosselin-rencontre-les-confirmands\/#primaryimage"},"thumbnailUrl":"http:\/\/www.saint-paul-angouleme.fr\/application\/wp-content\/uploads\/2017\/04\/DSC_0174-1024x576.jpg","datePublished":"2017-04-04T15:04:21+00:00","dateModified":"2017-04-12T07:36:09+00:00","breadcrumb":{"@id":"https:\/\/www.saint-paul-angouleme.fr\/application\/mgr-herve-gosselin-rencontre-les-confirmands\/#breadcrumb"},"inLanguage":"fr-FR","potentialAction":[{"@type":"ReadAction","target":["https:\/\/www.saint-paul-angouleme.fr\/application\/mgr-herve-gosselin-rencontre-les-confirmands\/"]}]},{"@type":"ImageObject","inLanguage":"fr-FR","@id":"https:\/\/www.saint-paul-angouleme.fr\/application\/mgr-herve-gosselin-rencontre-les-confirmands\/#primaryimage","url":"https:\/\/www.saint-paul-angouleme.fr\/application\/wp-content\/uploads\/2017\/04\/DSC_0174.jpg","contentUrl":"https:\/\/www.saint-paul-angouleme.fr\/application\/wp-content\/uploads\/2017\/04\/DSC_0174.jpg","width":3840,"height":2160},{"@type":"BreadcrumbList","@id":"https:\/\/www.saint-paul-angouleme.fr\/application\/mgr-herve-gosselin-rencontre-les-confirmands\/#breadcrumb","itemListElement":[{"@type":"ListItem","position":1,"name":"Accueil","item":"http:\/\/www.saint-paul-angouleme.fr\/application\/"},{"@type":"ListItem","position":2,"name":"Mgr Herv\u00e9 GOSSELIN rencontre les Confirmands"}]},{"@type":"WebSite","@id":"https:\/\/www.saint-paul-angouleme.fr\/application\/#website","url":"https:\/\/www.saint-paul-angouleme.fr\/application\/","name":"Actualit\u00e9s","description":"Actualit\u00e9s Saint Paul","publisher":{"@id":"https:\/\/www.saint-paul-angouleme.fr\/application\/#organization"},"potentialAction":[{"@type":"SearchAction","target":{"@type":"EntryPoint","urlTemplate":"https:\/\/www.saint-paul-angouleme.fr\/application\/?s={search_term_string}"},"query-input":"required name=search_term_string"}],"inLanguage":"fr-FR"},{"@type":"Organization","@id":"https:\/\/www.saint-paul-angouleme.fr\/application\/#organization","name":"Ensemble scolaire Saint-Paul","url":"https:\/\/www.saint-paul-angouleme.fr\/application\/","logo":{"@type":"ImageObject","inLanguage":"fr-FR","@id":"https:\/\/www.saint-paul-angouleme.fr\/application\/#\/schema\/logo\/image\/","url":"https:\/\/www.saint-paul-angouleme.fr\/application\/wp-content\/uploads\/2018\/08\/logo-saint-paul-couleurs.jpg","contentUrl":"https:\/\/www.saint-paul-angouleme.fr\/application\/wp-content\/uploads\/2018\/08\/logo-saint-paul-couleurs.jpg","width":1890,"height":709,"caption":"Ensemble scolaire Saint-Paul"},"image":{"@id":"https:\/\/www.saint-paul-angouleme.fr\/application\/#\/schema\/logo\/image\/"},"sameAs":["https:\/\/www.facebook.com\/SaintPaulAngouleme16\/","https:\/\/x.com\/StPaulAngoulem","https:\/\/www.youtube.com\/channel\/UCRLpz1CmPVqc0gn--YyXvjA?view_as=subscriber"]},{"@type":"Person","@id":"https:\/\/www.saint-paul-angouleme.fr\/application\/#\/schema\/person\/ea152930b1a3823659065827b1a5fb9b","name":"SAINT-PAUL","image":{"@type":"ImageObject","inLanguage":"fr-FR","@id":"https:\/\/www.saint-paul-angouleme.fr\/application\/#\/schema\/person\/image\/","url":"https:\/\/secure.gravatar.com\/avatar\/eadb0ffebc02683a61d69038eb2924f0?s=96&r=g","contentUrl":"https:\/\/secure.gravatar.com\/avatar\/eadb0ffebc02683a61d69038eb2924f0?s=96&r=g","caption":"SAINT-PAUL"},"url":"https:\/\/www.saint-paul-angouleme.fr\/application\/author\/myriam\/"}]}},"_links":{"self":[{"href":"https:\/\/www.saint-paul-angouleme.fr\/application\/wp-json\/wp\/v2\/posts\/513"}],"collection":[{"href":"https:\/\/www.saint-paul-angouleme.fr\/application\/wp-json\/wp\/v2\/posts"}],"about":[{"href":"https:\/\/www.saint-paul-angouleme.fr\/application\/wp-json\/wp\/v2\/types\/post"}],"author":[{"embeddable":true,"href":"https:\/\/www.saint-paul-angouleme.fr\/application\/wp-json\/wp\/v2\/users\/3"}],"replies":[{"embeddable":true,"href":"https:\/\/www.saint-paul-angouleme.fr\/application\/wp-json\/wp\/v2\/comments?post=513"}],"version-history":[{"count":7,"href":"https:\/\/www.saint-paul-angouleme.fr\/application\/wp-json\/wp\/v2\/posts\/513\/revisions"}],"predecessor-version":[{"id":547,"href":"https:\/\/www.saint-paul-angouleme.fr\/application\/wp-json\/wp\/v2\/posts\/513\/revisions\/547"}],"wp:attachment":[{"href":"https:\/\/www.saint-paul-angouleme.fr\/application\/wp-json\/wp\/v2\/media?parent=513"}],"wp:term":[{"taxonomy":"category","embeddable":true,"href":"https:\/\/www.saint-paul-angouleme.fr\/application\/wp-json\/wp\/v2\/categories?post=513"},{"taxonomy":"post_tag","embeddable":true,"href":"https:\/\/www.saint-paul-angouleme.fr\/application\/wp-json\/wp\/v2\/tags?post=513"}],"curies":[{"name":"wp","href":"https:\/\/api.w.org\/{rel}","templated":true}]}}