{"id":5025,"date":"2020-01-03T11:02:15","date_gmt":"2020-01-03T10:02:15","guid":{"rendered":"https:\/\/www.saint-paul-angouleme.fr\/application\/?p=5025"},"modified":"2020-01-31T11:03:08","modified_gmt":"2020-01-31T10:03:08","slug":"decembre-2019-a-saint-paul-petite-relecture","status":"publish","type":"post","link":"https:\/\/www.saint-paul-angouleme.fr\/application\/decembre-2019-a-saint-paul-petite-relecture\/","title":{"rendered":"D\u00e9cembre 2019 \u00e0 Saint-Paul : petite relecture&#8230;"},"content":{"rendered":"\n<figure class=\"wp-block-image\"><img loading=\"lazy\" decoding=\"async\" width=\"1024\" height=\"683\" src=\"https:\/\/www.saint-paul-angouleme.fr\/application\/wp-content\/uploads\/2020\/01\/DSC01036-1024x683.jpg\" alt=\"\u00c9v\u00e9nementiel de No\u00ebl 2019\" class=\"wp-image-5026\" srcset=\"https:\/\/www.saint-paul-angouleme.fr\/application\/wp-content\/uploads\/2020\/01\/DSC01036-1024x683.jpg 1024w, https:\/\/www.saint-paul-angouleme.fr\/application\/wp-content\/uploads\/2020\/01\/DSC01036-300x200.jpg 300w, https:\/\/www.saint-paul-angouleme.fr\/application\/wp-content\/uploads\/2020\/01\/DSC01036-768x512.jpg 768w\" sizes=\"(max-width: 1024px) 100vw, 1024px\" \/><\/figure>\n\n\n\n<p>Le mois de d\u00e9cembre a \u00e9t\u00e9 riche en activit\u00e9s et \u00e9v\u00e9nements divers. En voici un petit aper\u00e7u.<\/p>\n\n\n\n<h3 class=\"wp-block-heading\">1. 30<sup>\u00e8me<\/sup> anniversaire de la chute du mur de Berlin<\/h3>\n\n\n\n<p class=\"justification_texte { text-align: justify; }\">Les \u00e9l\u00e8ves germanistes du Coll\u00e8ge et du Lyc\u00e9e ont cr\u00e9\u00e9 une fresque expos\u00e9e salle St Paul. R\u00e9alis\u00e9e \u00e0 l&#8217;initiative de Mme PEROL et de Mme BOUDRINGHIN  dans le cadre d&#8217;un projet inter-classes, elle vise \u00e0 comm\u00e9morer les 30 ans de la chute du mur de Berlin.<\/p>\n\n\n\n<figure class=\"wp-block-image\"><img loading=\"lazy\" decoding=\"async\" width=\"1024\" height=\"768\" src=\"https:\/\/www.saint-paul-angouleme.fr\/application\/wp-content\/uploads\/2020\/01\/Mur-de-Berlin-1024x768.jpg\" alt=\"fresque de dessins\" class=\"wp-image-5043\" srcset=\"https:\/\/www.saint-paul-angouleme.fr\/application\/wp-content\/uploads\/2020\/01\/Mur-de-Berlin-1024x768.jpg 1024w, https:\/\/www.saint-paul-angouleme.fr\/application\/wp-content\/uploads\/2020\/01\/Mur-de-Berlin-300x225.jpg 300w, https:\/\/www.saint-paul-angouleme.fr\/application\/wp-content\/uploads\/2020\/01\/Mur-de-Berlin-768x576.jpg 768w, https:\/\/www.saint-paul-angouleme.fr\/application\/wp-content\/uploads\/2020\/01\/Mur-de-Berlin.jpg 1600w\" sizes=\"(max-width: 1024px) 100vw, 1024px\" \/><\/figure>\n\n\n\n<h3 class=\"wp-block-heading\">2. Mi-d\u00e9cembre : le concours d&#8217;\u00e9loquence<\/h3>\n\n\n\n<p class=\"justification_texte { text-align: justify; }\">Samedi 14 d\u00e9cembre une dizaine de nos lyc\u00e9ens se pr\u00e9pare \u00e0 l&#8217;oral du Concours d&#8217;\u00e9loquence sur le th\u00e8me : &#8220;Progr\u00e8s et altruisme&#8221;. Quelques lyc\u00e9ens de Barbezieux, inscrits tardivement, nous rejoignent. Le Rotary constitue trois jurys : &#8220;Club Rotary Angoul\u00eame&#8221;, &#8220;Club Rotary Eaux Claires&#8221; et &#8220;Club Rotary Val de Charente&#8221;.<\/p>\n\n\n\n<p class=\"justification_texte { text-align: justify; }\">Dans le Grand salon de l&#8217;h\u00f4tel de ville un buffet de bienvenue accueille les \u00e9l\u00e8ves, leurs familles et tous ceux qui sont venus les encourager. C&#8217;est ensuite le tirage au sort pour l&#8217;ordre de passage et le mot d&#8217;ouverture du concours.<\/p>\n\n\n\n<figure class=\"wp-block-image\"><img loading=\"lazy\" decoding=\"async\" width=\"1024\" height=\"683\" src=\"https:\/\/www.saint-paul-angouleme.fr\/application\/wp-content\/uploads\/2020\/01\/DSC00934-1024x683.jpg\" alt=\"Discours d'ouverture\" class=\"wp-image-5044\" srcset=\"https:\/\/www.saint-paul-angouleme.fr\/application\/wp-content\/uploads\/2020\/01\/DSC00934-1024x683.jpg 1024w, https:\/\/www.saint-paul-angouleme.fr\/application\/wp-content\/uploads\/2020\/01\/DSC00934-300x200.jpg 300w, https:\/\/www.saint-paul-angouleme.fr\/application\/wp-content\/uploads\/2020\/01\/DSC00934-768x512.jpg 768w\" sizes=\"(max-width: 1024px) 100vw, 1024px\" \/><\/figure>\n\n\n\n<p class=\"justification_texte { text-align: justify; }\">Ensuite nos jeunes orateurs regagnent les salles qui leurs sont attribu\u00e9es afin de se pr\u00e9parer avant leur passage. En effet, ce n&#8217;est qu&#8217;apr\u00e8s \u00eatre pass\u00e9 qu&#8217;ils peuvent se m\u00ealer aux auditeurs. Les membres du jury prennent des notes. A l&#8217;issue de l&#8217;expos\u00e9, ils posent des questions pour \u00e9clairer tel ou tel point, v\u00e9rifier l&#8217;argumentaire des propos.<\/p>\n\n\n\n<figure class=\"wp-block-image\"><img loading=\"lazy\" decoding=\"async\" width=\"1024\" height=\"683\" src=\"https:\/\/www.saint-paul-angouleme.fr\/application\/wp-content\/uploads\/2020\/01\/DSC00949-1024x683.jpg\" alt=\"Pauline B.\" class=\"wp-image-5045\" srcset=\"https:\/\/www.saint-paul-angouleme.fr\/application\/wp-content\/uploads\/2020\/01\/DSC00949-1024x683.jpg 1024w, https:\/\/www.saint-paul-angouleme.fr\/application\/wp-content\/uploads\/2020\/01\/DSC00949-300x200.jpg 300w, https:\/\/www.saint-paul-angouleme.fr\/application\/wp-content\/uploads\/2020\/01\/DSC00949-768x512.jpg 768w\" sizes=\"(max-width: 1024px) 100vw, 1024px\" \/><\/figure>\n\n\n\n<p class=\"justification_texte { text-align: justify; }\">Lorsque tous les candidats sont pass\u00e9s, nous nous retrouvons dans le grand salon en attendant la fin des d\u00e9lib\u00e9rations de chaque jury. C&#8217;est alors la proclamation des r\u00e9sultats.Club Rotary Angoul\u00eame :<\/p>\n\n\n\n<p><strong>&#8211; Club Rotary Angoul\u00eame :<\/strong><\/p>\n\n\n\n<p>1. Manon Darthenay 205<\/p>\n\n\n\n<p>2. Pauline Boissi\u00e8re 104<\/p>\n\n\n\n<p>3. Camille Bougnaud TS1<\/p>\n\n\n\n<p><strong>&#8211; Club Rotary Eaux claires <\/strong>:<\/p>\n\n\n\n<p>1. Barbezieux <\/p>\n\n\n\n<p>2. Paul Chr\u00e9tien 104<\/p>\n\n\n\n<p>3. Oc\u00e9ane Dolez 104<\/p>\n\n\n\n<p><strong>&#8211; Club Rotary Val de Charente<\/strong> :<\/p>\n\n\n\n<p>1. Anouk Grand-Stivil TES1<\/p>\n\n\n\n<p>2. Justine Naulet-Roca 202<\/p>\n\n\n\n<p>3. Barbezieux<\/p>\n\n\n\n<figure class=\"wp-block-image\"><img loading=\"lazy\" decoding=\"async\" width=\"1024\" height=\"683\" src=\"https:\/\/www.saint-paul-angouleme.fr\/application\/wp-content\/uploads\/2020\/01\/Eloquence-Paul-C-1024x683.jpg\" alt=\"Paul C.\" class=\"wp-image-5047\" srcset=\"https:\/\/www.saint-paul-angouleme.fr\/application\/wp-content\/uploads\/2020\/01\/Eloquence-Paul-C-1024x683.jpg 1024w, https:\/\/www.saint-paul-angouleme.fr\/application\/wp-content\/uploads\/2020\/01\/Eloquence-Paul-C-300x200.jpg 300w, https:\/\/www.saint-paul-angouleme.fr\/application\/wp-content\/uploads\/2020\/01\/Eloquence-Paul-C-768x512.jpg 768w\" sizes=\"(max-width: 1024px) 100vw, 1024px\" \/><\/figure>\n\n\n\n<p class=\"justification_texte { text-align: justify; }\">Apr\u00e8s la remise des prix aux vainqueurs, <a href=\"https:\/\/fr-fr.facebook.com\/X.Bonnefont\/\">M. Xavier BONNEFONT<\/a>, maire d&#8217;Angoul\u00eame a f\u00e9licit\u00e9 les gagnants et prononc\u00e9 le discours de cl\u00f4ture. <\/p>\n\n\n\n<figure class=\"wp-block-image\"><img loading=\"lazy\" decoding=\"async\" width=\"1024\" height=\"683\" src=\"https:\/\/www.saint-paul-angouleme.fr\/application\/wp-content\/uploads\/2020\/01\/P1380377-1024x683.jpg\" alt=\"Les gagnants avec M. Xavier Bonnefont\" class=\"wp-image-5049\" srcset=\"https:\/\/www.saint-paul-angouleme.fr\/application\/wp-content\/uploads\/2020\/01\/P1380377-1024x683.jpg 1024w, https:\/\/www.saint-paul-angouleme.fr\/application\/wp-content\/uploads\/2020\/01\/P1380377-300x200.jpg 300w, https:\/\/www.saint-paul-angouleme.fr\/application\/wp-content\/uploads\/2020\/01\/P1380377-768x512.jpg 768w\" sizes=\"(max-width: 1024px) 100vw, 1024px\" \/><\/figure>\n\n\n\n<h3 class=\"wp-block-heading\">3. F\u00eater No\u00ebl \u00e0 Saint-Paul<\/h3>\n\n\n\n<p class=\"justification_texte { text-align: justify; }\">Le jeudi 19 d\u00e9cembre 2019 nous avons pu c\u00e9l\u00e9brer No\u00ebl en plusieurs \u00e9tapes. \u00c9v\u00e9nementiel, concours de pulls et c\u00e9l\u00e9bration \u00e0 la chapelle.<\/p>\n\n\n\n<p class=\"justification_texte { text-align: justify; }\">En fin de matin\u00e9e, tous les \u00e9l\u00e8ves et enseignants pr\u00e9sents se rassemblent sur la cour pour le traditionnel &#8220;\u00e9v\u00e9nementiel de No\u00ebl&#8221;.  A chaque ann\u00e9e une nouveaut\u00e9 ; pour 2019 chaque classe a d\u00e9cor\u00e9 deux tee-shirts sur le th\u00e8me &#8220;De jour comme de nuit r\u00e9fl\u00e9chir la lumi\u00e8re&#8221;. Le jour &#8220;J&#8221; ils ont \u00e9t\u00e9 pr\u00e9sent\u00e9s \u00e0 tous. Entre chaque niveau, nos \u00e9l\u00e8ves accompagn\u00e9s de professeurs de langues ont chant\u00e9 des chants de No\u00ebl. Tout cela s&#8217;est d\u00e9roul\u00e9 dans la joie malgr\u00e9 une petite pluie qui n&#8217;a pas dur\u00e9. C&#8217;est impatient et affam\u00e9 que chacun a pu ensuite savourer le repas de No\u00ebl.<\/p>\n\n\n\n<figure class=\"wp-block-image\"><img loading=\"lazy\" decoding=\"async\" width=\"1024\" height=\"683\" src=\"https:\/\/www.saint-paul-angouleme.fr\/application\/wp-content\/uploads\/2020\/01\/DSC01013-1024x683.jpg\" alt=\"&quot;Lessive&quot; de d\u00e9cembre\" class=\"wp-image-5052\" srcset=\"https:\/\/www.saint-paul-angouleme.fr\/application\/wp-content\/uploads\/2020\/01\/DSC01013-1024x683.jpg 1024w, https:\/\/www.saint-paul-angouleme.fr\/application\/wp-content\/uploads\/2020\/01\/DSC01013-300x200.jpg 300w, https:\/\/www.saint-paul-angouleme.fr\/application\/wp-content\/uploads\/2020\/01\/DSC01013-768x512.jpg 768w\" sizes=\"(max-width: 1024px) 100vw, 1024px\" \/><\/figure>\n\n\n\n<p class=\"justification_texte { text-align: justify; }\">En fin d&#8217;apr\u00e8s-midi, nous sommes plus de 150 \u00e0 participer \u00e0 la c\u00e9l\u00e9bration de No\u00ebl pr\u00e9sid\u00e9e par le P\u00e8re Justin. Un beau moment de partage et de pri\u00e8re anim\u00e9 par des \u00e9l\u00e8ves et des enseignants.<\/p>\n\n\n\n<figure class=\"wp-block-image\"><img loading=\"lazy\" decoding=\"async\" width=\"1024\" height=\"768\" src=\"https:\/\/www.saint-paul-angouleme.fr\/application\/wp-content\/uploads\/2020\/01\/IMG_20191219_164011-1024x768.jpg\" alt=\"C\u00e9l\u00e9bration de No\u00ebl, jeudi 19 d\u00e9cembre 2019\" class=\"wp-image-5053\" srcset=\"https:\/\/www.saint-paul-angouleme.fr\/application\/wp-content\/uploads\/2020\/01\/IMG_20191219_164011-1024x768.jpg 1024w, https:\/\/www.saint-paul-angouleme.fr\/application\/wp-content\/uploads\/2020\/01\/IMG_20191219_164011-300x225.jpg 300w, https:\/\/www.saint-paul-angouleme.fr\/application\/wp-content\/uploads\/2020\/01\/IMG_20191219_164011-768x576.jpg 768w\" sizes=\"(max-width: 1024px) 100vw, 1024px\" \/><\/figure>\n\n\n\n<h3 class=\"wp-block-heading\">4. Forum des m\u00e9tiers : un atout pour l&#8217;orientation<\/h3>\n\n\n\n<p class=\"justification_texte { text-align: justify; }\">Ce vendredi 20 d\u00e9cembre 2019 pr\u00e8s de 70 \u00e9tablissements participent au &#8220;Forum des m\u00e9tiers et formations&#8221; de Saint-Paul. Toutes les sp\u00e9cialit\u00e9s sont repr\u00e9sent\u00e9es : \u00e9coles d&#8217;ing\u00e9nieurs, classes pr\u00e9pas, a\u00e9ronautique, industrie, informatique, social, m\u00e9dical, environnement, commerce, marketing, art &amp; graphisme, multim\u00e9dia, architecture, communication &amp; journalisme, d\u00e9fense &amp; s\u00e9curit\u00e9, etc.<\/p>\n\n\n\n<figure class=\"wp-block-image\"><img loading=\"lazy\" decoding=\"async\" width=\"1024\" height=\"683\" src=\"https:\/\/www.saint-paul-angouleme.fr\/application\/wp-content\/uploads\/2020\/01\/DSC01093-1024x683.jpg\" alt=\"Forum m\u00e9tiers 1\" class=\"wp-image-5062\" srcset=\"https:\/\/www.saint-paul-angouleme.fr\/application\/wp-content\/uploads\/2020\/01\/DSC01093-1024x683.jpg 1024w, https:\/\/www.saint-paul-angouleme.fr\/application\/wp-content\/uploads\/2020\/01\/DSC01093-300x200.jpg 300w, https:\/\/www.saint-paul-angouleme.fr\/application\/wp-content\/uploads\/2020\/01\/DSC01093-768x512.jpg 768w\" sizes=\"(max-width: 1024px) 100vw, 1024px\" \/><\/figure>\n\n\n\n<p class=\"justification_texte { text-align: justify; }\">Cette ann\u00e9e, le Forum s&#8217;est notamment install\u00e9 dans nos nouveaux CDR ce qui a permis \u00e0 nos anciens \u00e9l\u00e8ves d&#8217;admirer le travail r\u00e9alis\u00e9. Certains sont m\u00eame un peu envieux de leurs camarades&#8230;  Gr\u00e2ce \u00e0 tous les \u00e9tablissements pr\u00e9sents nos lyc\u00e9ens ont ainsi pu y voir plus clair dans leurs choix de cursus post-bac. Merci \u00e0 chacun d&#8217;avoir fait le d\u00e9placement.<\/p>\n\n\n\n<figure class=\"wp-block-image\"><img loading=\"lazy\" decoding=\"async\" width=\"1024\" height=\"683\" src=\"https:\/\/www.saint-paul-angouleme.fr\/application\/wp-content\/uploads\/2020\/01\/DSC01082-1024x683.jpg\" alt=\"20 d\u00e9cembre : forum des m\u00e9tiers\" class=\"wp-image-5063\" srcset=\"https:\/\/www.saint-paul-angouleme.fr\/application\/wp-content\/uploads\/2020\/01\/DSC01082-1024x683.jpg 1024w, https:\/\/www.saint-paul-angouleme.fr\/application\/wp-content\/uploads\/2020\/01\/DSC01082-300x200.jpg 300w, https:\/\/www.saint-paul-angouleme.fr\/application\/wp-content\/uploads\/2020\/01\/DSC01082-768x512.jpg 768w\" sizes=\"(max-width: 1024px) 100vw, 1024px\" \/><\/figure>\n\n\n\n<h3 class=\"wp-block-heading\">5. Vendredi 20 d\u00e9cembre : remise des dipl\u00f4mes du Baccalaur\u00e9at<\/h3>\n\n\n\n<p>Ce m\u00eame vendredi en fin de journ\u00e9e la troisi\u00e8me \u00e9dition de remise des dipl\u00f4mes permet d&#8217;accueillir nos anciens \u00e9l\u00e8ves et leurs familles. Ils sont tr\u00e8s nombreux \u00e0 r\u00e9pondre \u00e0 l&#8217;appel malgr\u00e9 les gr\u00e8ves. <\/p>\n\n\n\n<figure class=\"wp-block-image\"><img loading=\"lazy\" decoding=\"async\" width=\"1024\" height=\"683\" src=\"https:\/\/www.saint-paul-angouleme.fr\/application\/wp-content\/uploads\/2020\/01\/DSC01106-1024x683.jpg\" alt=\"Beaucoup de monde pour la remise des dipl\u00f4mes de d\u00e9cembre.\" class=\"wp-image-5065\" srcset=\"https:\/\/www.saint-paul-angouleme.fr\/application\/wp-content\/uploads\/2020\/01\/DSC01106-1024x683.jpg 1024w, https:\/\/www.saint-paul-angouleme.fr\/application\/wp-content\/uploads\/2020\/01\/DSC01106-300x200.jpg 300w, https:\/\/www.saint-paul-angouleme.fr\/application\/wp-content\/uploads\/2020\/01\/DSC01106-768x512.jpg 768w\" sizes=\"(max-width: 1024px) 100vw, 1024px\" \/><\/figure>\n\n\n\n<p class=\"justification_texte { text-align: justify; }\">Apr\u00e8s le mot d&#8217;accueil de M. CONSTANTIN la c\u00e9r\u00e9monie bat son plein. Chaque bachelier vient recevoir le c\u00e9l\u00e8bre chapeau de &#8220;graduation&#8221; puis salue ses anciens professeurs et notre chef d&#8217;\u00e9tablissement. C&#8217;est ensuite la photo qui immortalise cet instant avant d&#8217;aller rechercher le pr\u00e9cieux dipl\u00f4me. C&#8217;est ensuite, <a href=\"https:\/\/www.saint-paul-angouleme.fr\/application\/remise-des-diplomes-du-bac-2018-emouvantes-retrouvailles\/\">comme l&#8217;an dernier<\/a>, la photo finale o\u00f9 nos \u00e9tudiants laissent \u00e9clater leur joie en jetant leurs couvre-chefs. A l&#8217;issue de la soir\u00e9e un cocktail d\u00eenatoire est offert avant de se s\u00e9parer.<\/p>\n","protected":false},"excerpt":{"rendered":"<p>Le mois de d\u00e9cembre a \u00e9t\u00e9 riche en activit\u00e9s et \u00e9v\u00e9nements divers. En voici un petit aper\u00e7u. 1. 30\u00e8me anniversaire de la chute du mur de Berlin Les \u00e9l\u00e8ves germanistes du Coll\u00e8ge et du Lyc\u00e9e ont cr\u00e9\u00e9 une fresque expos\u00e9e salle St Paul. R\u00e9alis\u00e9e \u00e0 l&#8217;initiative de Mme PEROL et de Mme BOUDRINGHIN dans le &#8230; <a title=\"D\u00e9cembre 2019 \u00e0 Saint-Paul : petite relecture&#8230;\" class=\"read-more\" href=\"https:\/\/www.saint-paul-angouleme.fr\/application\/decembre-2019-a-saint-paul-petite-relecture\/\" aria-label=\"Read more about D\u00e9cembre 2019 \u00e0 Saint-Paul : petite relecture&#8230;\">Lire la suite<\/a><\/p>\n","protected":false},"author":3,"featured_media":0,"comment_status":"open","ping_status":"open","sticky":false,"template":"","format":"standard","meta":{"_exactmetrics_skip_tracking":false,"_exactmetrics_sitenote_active":false,"_exactmetrics_sitenote_note":"","_exactmetrics_sitenote_category":0,"footnotes":""},"categories":[13],"tags":[],"class_list":["post-5025","post","type-post","status-publish","format-standard","hentry","category-pedagogie"],"yoast_head":"<!-- This site is optimized with the Yoast SEO plugin v23.3 - https:\/\/yoast.com\/wordpress\/plugins\/seo\/ -->\n<title>D\u00e9cembre 2019 \u00e0 Saint-Paul : petite relecture... - Actualit\u00e9s<\/title>\n<meta name=\"description\" content=\"A Saint-Paul, le mois de d\u00e9cembre a \u00e9t\u00e9 riche en activit\u00e9s et \u00e9v\u00e9nements divers. En voici un petit floril\u00e8ge. Venez partager avec nous ces moments.\" \/>\n<meta name=\"robots\" content=\"index, follow, max-snippet:-1, max-image-preview:large, max-video-preview:-1\" \/>\n<link rel=\"canonical\" href=\"https:\/\/www.saint-paul-angouleme.fr\/application\/decembre-2019-a-saint-paul-petite-relecture\/\" \/>\n<meta property=\"og:locale\" content=\"fr_FR\" \/>\n<meta property=\"og:type\" content=\"article\" \/>\n<meta property=\"og:title\" content=\"D\u00e9cembre 2019 \u00e0 Saint-Paul : petite relecture... - Actualit\u00e9s\" \/>\n<meta property=\"og:description\" content=\"A Saint-Paul, le mois de d\u00e9cembre a \u00e9t\u00e9 riche en activit\u00e9s et \u00e9v\u00e9nements divers. En voici un petit floril\u00e8ge. Venez partager avec nous ces moments.\" \/>\n<meta property=\"og:url\" content=\"https:\/\/www.saint-paul-angouleme.fr\/application\/decembre-2019-a-saint-paul-petite-relecture\/\" \/>\n<meta property=\"og:site_name\" content=\"Actualit\u00e9s\" \/>\n<meta property=\"article:publisher\" content=\"https:\/\/www.facebook.com\/SaintPaulAngouleme16\/\" \/>\n<meta property=\"article:published_time\" content=\"2020-01-03T10:02:15+00:00\" \/>\n<meta property=\"article:modified_time\" content=\"2020-01-31T10:03:08+00:00\" \/>\n<meta property=\"og:image\" content=\"https:\/\/www.saint-paul-angouleme.fr\/application\/wp-content\/uploads\/2020\/01\/DSC01036-1024x683.jpg\" \/>\n<meta name=\"author\" content=\"SAINT-PAUL\" \/>\n<meta name=\"twitter:card\" content=\"summary_large_image\" \/>\n<meta name=\"twitter:creator\" content=\"@StPaulAngoulem\" \/>\n<meta name=\"twitter:site\" content=\"@StPaulAngoulem\" \/>\n<meta name=\"twitter:label1\" content=\"\u00c9crit par\" \/>\n\t<meta name=\"twitter:data1\" content=\"SAINT-PAUL\" \/>\n\t<meta name=\"twitter:label2\" content=\"Dur\u00e9e de lecture estim\u00e9e\" \/>\n\t<meta name=\"twitter:data2\" content=\"4 minutes\" \/>\n<script type=\"application\/ld+json\" class=\"yoast-schema-graph\">{\"@context\":\"https:\/\/schema.org\",\"@graph\":[{\"@type\":\"Article\",\"@id\":\"https:\/\/www.saint-paul-angouleme.fr\/application\/decembre-2019-a-saint-paul-petite-relecture\/#article\",\"isPartOf\":{\"@id\":\"https:\/\/www.saint-paul-angouleme.fr\/application\/decembre-2019-a-saint-paul-petite-relecture\/\"},\"author\":{\"name\":\"SAINT-PAUL\",\"@id\":\"https:\/\/www.saint-paul-angouleme.fr\/application\/#\/schema\/person\/ea152930b1a3823659065827b1a5fb9b\"},\"headline\":\"D\u00e9cembre 2019 \u00e0 Saint-Paul : petite relecture&#8230;\",\"datePublished\":\"2020-01-03T10:02:15+00:00\",\"dateModified\":\"2020-01-31T10:03:08+00:00\",\"mainEntityOfPage\":{\"@id\":\"https:\/\/www.saint-paul-angouleme.fr\/application\/decembre-2019-a-saint-paul-petite-relecture\/\"},\"wordCount\":834,\"commentCount\":0,\"publisher\":{\"@id\":\"https:\/\/www.saint-paul-angouleme.fr\/application\/#organization\"},\"image\":{\"@id\":\"https:\/\/www.saint-paul-angouleme.fr\/application\/decembre-2019-a-saint-paul-petite-relecture\/#primaryimage\"},\"thumbnailUrl\":\"https:\/\/www.saint-paul-angouleme.fr\/application\/wp-content\/uploads\/2020\/01\/DSC01036-1024x683.jpg\",\"articleSection\":[\"P\u00e9dagogie\"],\"inLanguage\":\"fr-FR\",\"potentialAction\":[{\"@type\":\"CommentAction\",\"name\":\"Comment\",\"target\":[\"https:\/\/www.saint-paul-angouleme.fr\/application\/decembre-2019-a-saint-paul-petite-relecture\/#respond\"]}]},{\"@type\":\"WebPage\",\"@id\":\"https:\/\/www.saint-paul-angouleme.fr\/application\/decembre-2019-a-saint-paul-petite-relecture\/\",\"url\":\"https:\/\/www.saint-paul-angouleme.fr\/application\/decembre-2019-a-saint-paul-petite-relecture\/\",\"name\":\"D\u00e9cembre 2019 \u00e0 Saint-Paul : petite relecture... - Actualit\u00e9s\",\"isPartOf\":{\"@id\":\"https:\/\/www.saint-paul-angouleme.fr\/application\/#website\"},\"primaryImageOfPage\":{\"@id\":\"https:\/\/www.saint-paul-angouleme.fr\/application\/decembre-2019-a-saint-paul-petite-relecture\/#primaryimage\"},\"image\":{\"@id\":\"https:\/\/www.saint-paul-angouleme.fr\/application\/decembre-2019-a-saint-paul-petite-relecture\/#primaryimage\"},\"thumbnailUrl\":\"https:\/\/www.saint-paul-angouleme.fr\/application\/wp-content\/uploads\/2020\/01\/DSC01036-1024x683.jpg\",\"datePublished\":\"2020-01-03T10:02:15+00:00\",\"dateModified\":\"2020-01-31T10:03:08+00:00\",\"description\":\"A Saint-Paul, le mois de d\u00e9cembre a \u00e9t\u00e9 riche en activit\u00e9s et \u00e9v\u00e9nements divers. En voici un petit floril\u00e8ge. Venez partager avec nous ces moments.\",\"breadcrumb\":{\"@id\":\"https:\/\/www.saint-paul-angouleme.fr\/application\/decembre-2019-a-saint-paul-petite-relecture\/#breadcrumb\"},\"inLanguage\":\"fr-FR\",\"potentialAction\":[{\"@type\":\"ReadAction\",\"target\":[\"https:\/\/www.saint-paul-angouleme.fr\/application\/decembre-2019-a-saint-paul-petite-relecture\/\"]}]},{\"@type\":\"ImageObject\",\"inLanguage\":\"fr-FR\",\"@id\":\"https:\/\/www.saint-paul-angouleme.fr\/application\/decembre-2019-a-saint-paul-petite-relecture\/#primaryimage\",\"url\":\"https:\/\/www.saint-paul-angouleme.fr\/application\/wp-content\/uploads\/2020\/01\/DSC01036.jpg\",\"contentUrl\":\"https:\/\/www.saint-paul-angouleme.fr\/application\/wp-content\/uploads\/2020\/01\/DSC01036.jpg\",\"width\":6000,\"height\":4000,\"caption\":\"\u00c9v\u00e9nementiel de No\u00ebl 2019\"},{\"@type\":\"BreadcrumbList\",\"@id\":\"https:\/\/www.saint-paul-angouleme.fr\/application\/decembre-2019-a-saint-paul-petite-relecture\/#breadcrumb\",\"itemListElement\":[{\"@type\":\"ListItem\",\"position\":1,\"name\":\"Accueil\",\"item\":\"http:\/\/www.saint-paul-angouleme.fr\/application\/\"},{\"@type\":\"ListItem\",\"position\":2,\"name\":\"D\u00e9cembre 2019 \u00e0 Saint-Paul : petite relecture&#8230;\"}]},{\"@type\":\"WebSite\",\"@id\":\"https:\/\/www.saint-paul-angouleme.fr\/application\/#website\",\"url\":\"https:\/\/www.saint-paul-angouleme.fr\/application\/\",\"name\":\"Actualit\u00e9s\",\"description\":\"Actualit\u00e9s Saint Paul\",\"publisher\":{\"@id\":\"https:\/\/www.saint-paul-angouleme.fr\/application\/#organization\"},\"potentialAction\":[{\"@type\":\"SearchAction\",\"target\":{\"@type\":\"EntryPoint\",\"urlTemplate\":\"https:\/\/www.saint-paul-angouleme.fr\/application\/?s={search_term_string}\"},\"query-input\":\"required name=search_term_string\"}],\"inLanguage\":\"fr-FR\"},{\"@type\":\"Organization\",\"@id\":\"https:\/\/www.saint-paul-angouleme.fr\/application\/#organization\",\"name\":\"Ensemble scolaire Saint-Paul\",\"url\":\"https:\/\/www.saint-paul-angouleme.fr\/application\/\",\"logo\":{\"@type\":\"ImageObject\",\"inLanguage\":\"fr-FR\",\"@id\":\"https:\/\/www.saint-paul-angouleme.fr\/application\/#\/schema\/logo\/image\/\",\"url\":\"https:\/\/www.saint-paul-angouleme.fr\/application\/wp-content\/uploads\/2018\/08\/logo-saint-paul-couleurs.jpg\",\"contentUrl\":\"https:\/\/www.saint-paul-angouleme.fr\/application\/wp-content\/uploads\/2018\/08\/logo-saint-paul-couleurs.jpg\",\"width\":1890,\"height\":709,\"caption\":\"Ensemble scolaire Saint-Paul\"},\"image\":{\"@id\":\"https:\/\/www.saint-paul-angouleme.fr\/application\/#\/schema\/logo\/image\/\"},\"sameAs\":[\"https:\/\/www.facebook.com\/SaintPaulAngouleme16\/\",\"https:\/\/x.com\/StPaulAngoulem\",\"https:\/\/www.youtube.com\/channel\/UCRLpz1CmPVqc0gn--YyXvjA?view_as=subscriber\"]},{\"@type\":\"Person\",\"@id\":\"https:\/\/www.saint-paul-angouleme.fr\/application\/#\/schema\/person\/ea152930b1a3823659065827b1a5fb9b\",\"name\":\"SAINT-PAUL\",\"image\":{\"@type\":\"ImageObject\",\"inLanguage\":\"fr-FR\",\"@id\":\"https:\/\/www.saint-paul-angouleme.fr\/application\/#\/schema\/person\/image\/\",\"url\":\"https:\/\/secure.gravatar.com\/avatar\/eadb0ffebc02683a61d69038eb2924f0?s=96&r=g\",\"contentUrl\":\"https:\/\/secure.gravatar.com\/avatar\/eadb0ffebc02683a61d69038eb2924f0?s=96&r=g\",\"caption\":\"SAINT-PAUL\"},\"url\":\"https:\/\/www.saint-paul-angouleme.fr\/application\/author\/myriam\/\"}]}<\/script>\n<!-- \/ Yoast SEO plugin. -->","yoast_head_json":{"title":"D\u00e9cembre 2019 \u00e0 Saint-Paul : petite relecture... - Actualit\u00e9s","description":"A Saint-Paul, le mois de d\u00e9cembre a \u00e9t\u00e9 riche en activit\u00e9s et \u00e9v\u00e9nements divers. En voici un petit floril\u00e8ge. Venez partager avec nous ces moments.","robots":{"index":"index","follow":"follow","max-snippet":"max-snippet:-1","max-image-preview":"max-image-preview:large","max-video-preview":"max-video-preview:-1"},"canonical":"https:\/\/www.saint-paul-angouleme.fr\/application\/decembre-2019-a-saint-paul-petite-relecture\/","og_locale":"fr_FR","og_type":"article","og_title":"D\u00e9cembre 2019 \u00e0 Saint-Paul : petite relecture... - Actualit\u00e9s","og_description":"A Saint-Paul, le mois de d\u00e9cembre a \u00e9t\u00e9 riche en activit\u00e9s et \u00e9v\u00e9nements divers. En voici un petit floril\u00e8ge. Venez partager avec nous ces moments.","og_url":"https:\/\/www.saint-paul-angouleme.fr\/application\/decembre-2019-a-saint-paul-petite-relecture\/","og_site_name":"Actualit\u00e9s","article_publisher":"https:\/\/www.facebook.com\/SaintPaulAngouleme16\/","article_published_time":"2020-01-03T10:02:15+00:00","article_modified_time":"2020-01-31T10:03:08+00:00","og_image":[{"url":"https:\/\/www.saint-paul-angouleme.fr\/application\/wp-content\/uploads\/2020\/01\/DSC01036-1024x683.jpg"}],"author":"SAINT-PAUL","twitter_card":"summary_large_image","twitter_creator":"@StPaulAngoulem","twitter_site":"@StPaulAngoulem","twitter_misc":{"\u00c9crit par":"SAINT-PAUL","Dur\u00e9e de lecture estim\u00e9e":"4 minutes"},"schema":{"@context":"https:\/\/schema.org","@graph":[{"@type":"Article","@id":"https:\/\/www.saint-paul-angouleme.fr\/application\/decembre-2019-a-saint-paul-petite-relecture\/#article","isPartOf":{"@id":"https:\/\/www.saint-paul-angouleme.fr\/application\/decembre-2019-a-saint-paul-petite-relecture\/"},"author":{"name":"SAINT-PAUL","@id":"https:\/\/www.saint-paul-angouleme.fr\/application\/#\/schema\/person\/ea152930b1a3823659065827b1a5fb9b"},"headline":"D\u00e9cembre 2019 \u00e0 Saint-Paul : petite relecture&#8230;","datePublished":"2020-01-03T10:02:15+00:00","dateModified":"2020-01-31T10:03:08+00:00","mainEntityOfPage":{"@id":"https:\/\/www.saint-paul-angouleme.fr\/application\/decembre-2019-a-saint-paul-petite-relecture\/"},"wordCount":834,"commentCount":0,"publisher":{"@id":"https:\/\/www.saint-paul-angouleme.fr\/application\/#organization"},"image":{"@id":"https:\/\/www.saint-paul-angouleme.fr\/application\/decembre-2019-a-saint-paul-petite-relecture\/#primaryimage"},"thumbnailUrl":"https:\/\/www.saint-paul-angouleme.fr\/application\/wp-content\/uploads\/2020\/01\/DSC01036-1024x683.jpg","articleSection":["P\u00e9dagogie"],"inLanguage":"fr-FR","potentialAction":[{"@type":"CommentAction","name":"Comment","target":["https:\/\/www.saint-paul-angouleme.fr\/application\/decembre-2019-a-saint-paul-petite-relecture\/#respond"]}]},{"@type":"WebPage","@id":"https:\/\/www.saint-paul-angouleme.fr\/application\/decembre-2019-a-saint-paul-petite-relecture\/","url":"https:\/\/www.saint-paul-angouleme.fr\/application\/decembre-2019-a-saint-paul-petite-relecture\/","name":"D\u00e9cembre 2019 \u00e0 Saint-Paul : petite relecture... - Actualit\u00e9s","isPartOf":{"@id":"https:\/\/www.saint-paul-angouleme.fr\/application\/#website"},"primaryImageOfPage":{"@id":"https:\/\/www.saint-paul-angouleme.fr\/application\/decembre-2019-a-saint-paul-petite-relecture\/#primaryimage"},"image":{"@id":"https:\/\/www.saint-paul-angouleme.fr\/application\/decembre-2019-a-saint-paul-petite-relecture\/#primaryimage"},"thumbnailUrl":"https:\/\/www.saint-paul-angouleme.fr\/application\/wp-content\/uploads\/2020\/01\/DSC01036-1024x683.jpg","datePublished":"2020-01-03T10:02:15+00:00","dateModified":"2020-01-31T10:03:08+00:00","description":"A Saint-Paul, le mois de d\u00e9cembre a \u00e9t\u00e9 riche en activit\u00e9s et \u00e9v\u00e9nements divers. En voici un petit floril\u00e8ge. Venez partager avec nous ces moments.","breadcrumb":{"@id":"https:\/\/www.saint-paul-angouleme.fr\/application\/decembre-2019-a-saint-paul-petite-relecture\/#breadcrumb"},"inLanguage":"fr-FR","potentialAction":[{"@type":"ReadAction","target":["https:\/\/www.saint-paul-angouleme.fr\/application\/decembre-2019-a-saint-paul-petite-relecture\/"]}]},{"@type":"ImageObject","inLanguage":"fr-FR","@id":"https:\/\/www.saint-paul-angouleme.fr\/application\/decembre-2019-a-saint-paul-petite-relecture\/#primaryimage","url":"https:\/\/www.saint-paul-angouleme.fr\/application\/wp-content\/uploads\/2020\/01\/DSC01036.jpg","contentUrl":"https:\/\/www.saint-paul-angouleme.fr\/application\/wp-content\/uploads\/2020\/01\/DSC01036.jpg","width":6000,"height":4000,"caption":"\u00c9v\u00e9nementiel de No\u00ebl 2019"},{"@type":"BreadcrumbList","@id":"https:\/\/www.saint-paul-angouleme.fr\/application\/decembre-2019-a-saint-paul-petite-relecture\/#breadcrumb","itemListElement":[{"@type":"ListItem","position":1,"name":"Accueil","item":"http:\/\/www.saint-paul-angouleme.fr\/application\/"},{"@type":"ListItem","position":2,"name":"D\u00e9cembre 2019 \u00e0 Saint-Paul : petite relecture&#8230;"}]},{"@type":"WebSite","@id":"https:\/\/www.saint-paul-angouleme.fr\/application\/#website","url":"https:\/\/www.saint-paul-angouleme.fr\/application\/","name":"Actualit\u00e9s","description":"Actualit\u00e9s Saint Paul","publisher":{"@id":"https:\/\/www.saint-paul-angouleme.fr\/application\/#organization"},"potentialAction":[{"@type":"SearchAction","target":{"@type":"EntryPoint","urlTemplate":"https:\/\/www.saint-paul-angouleme.fr\/application\/?s={search_term_string}"},"query-input":"required name=search_term_string"}],"inLanguage":"fr-FR"},{"@type":"Organization","@id":"https:\/\/www.saint-paul-angouleme.fr\/application\/#organization","name":"Ensemble scolaire Saint-Paul","url":"https:\/\/www.saint-paul-angouleme.fr\/application\/","logo":{"@type":"ImageObject","inLanguage":"fr-FR","@id":"https:\/\/www.saint-paul-angouleme.fr\/application\/#\/schema\/logo\/image\/","url":"https:\/\/www.saint-paul-angouleme.fr\/application\/wp-content\/uploads\/2018\/08\/logo-saint-paul-couleurs.jpg","contentUrl":"https:\/\/www.saint-paul-angouleme.fr\/application\/wp-content\/uploads\/2018\/08\/logo-saint-paul-couleurs.jpg","width":1890,"height":709,"caption":"Ensemble scolaire Saint-Paul"},"image":{"@id":"https:\/\/www.saint-paul-angouleme.fr\/application\/#\/schema\/logo\/image\/"},"sameAs":["https:\/\/www.facebook.com\/SaintPaulAngouleme16\/","https:\/\/x.com\/StPaulAngoulem","https:\/\/www.youtube.com\/channel\/UCRLpz1CmPVqc0gn--YyXvjA?view_as=subscriber"]},{"@type":"Person","@id":"https:\/\/www.saint-paul-angouleme.fr\/application\/#\/schema\/person\/ea152930b1a3823659065827b1a5fb9b","name":"SAINT-PAUL","image":{"@type":"ImageObject","inLanguage":"fr-FR","@id":"https:\/\/www.saint-paul-angouleme.fr\/application\/#\/schema\/person\/image\/","url":"https:\/\/secure.gravatar.com\/avatar\/eadb0ffebc02683a61d69038eb2924f0?s=96&r=g","contentUrl":"https:\/\/secure.gravatar.com\/avatar\/eadb0ffebc02683a61d69038eb2924f0?s=96&r=g","caption":"SAINT-PAUL"},"url":"https:\/\/www.saint-paul-angouleme.fr\/application\/author\/myriam\/"}]}},"_links":{"self":[{"href":"https:\/\/www.saint-paul-angouleme.fr\/application\/wp-json\/wp\/v2\/posts\/5025"}],"collection":[{"href":"https:\/\/www.saint-paul-angouleme.fr\/application\/wp-json\/wp\/v2\/posts"}],"about":[{"href":"https:\/\/www.saint-paul-angouleme.fr\/application\/wp-json\/wp\/v2\/types\/post"}],"author":[{"embeddable":true,"href":"https:\/\/www.saint-paul-angouleme.fr\/application\/wp-json\/wp\/v2\/users\/3"}],"replies":[{"embeddable":true,"href":"https:\/\/www.saint-paul-angouleme.fr\/application\/wp-json\/wp\/v2\/comments?post=5025"}],"version-history":[{"count":11,"href":"https:\/\/www.saint-paul-angouleme.fr\/application\/wp-json\/wp\/v2\/posts\/5025\/revisions"}],"predecessor-version":[{"id":5068,"href":"https:\/\/www.saint-paul-angouleme.fr\/application\/wp-json\/wp\/v2\/posts\/5025\/revisions\/5068"}],"wp:attachment":[{"href":"https:\/\/www.saint-paul-angouleme.fr\/application\/wp-json\/wp\/v2\/media?parent=5025"}],"wp:term":[{"taxonomy":"category","embeddable":true,"href":"https:\/\/www.saint-paul-angouleme.fr\/application\/wp-json\/wp\/v2\/categories?post=5025"},{"taxonomy":"post_tag","embeddable":true,"href":"https:\/\/www.saint-paul-angouleme.fr\/application\/wp-json\/wp\/v2\/tags?post=5025"}],"curies":[{"name":"wp","href":"https:\/\/api.w.org\/{rel}","templated":true}]}}