{"id":4619,"date":"2019-12-06T18:21:53","date_gmt":"2019-12-06T17:21:53","guid":{"rendered":"https:\/\/www.saint-paul-angouleme.fr\/application\/?p=4619"},"modified":"2019-12-06T18:33:17","modified_gmt":"2019-12-06T17:33:17","slug":"telethon-2019-1000-chercheurs-dans-les-ecoles","status":"publish","type":"post","link":"https:\/\/www.saint-paul-angouleme.fr\/application\/telethon-2019-1000-chercheurs-dans-les-ecoles\/","title":{"rendered":"T\u00e9l\u00e9thon 2019 : conf\u00e9rence SVT avec un chercheur \u00e0 Saint-Paul"},"content":{"rendered":"\n<figure class=\"wp-block-image\"><img loading=\"lazy\" decoding=\"async\" width=\"1024\" height=\"683\" src=\"https:\/\/www.saint-paul-angouleme.fr\/application\/wp-content\/uploads\/2019\/12\/P1380340-1024x683.jpg\" alt=\"M. Xavier Nissan, chercheur, face \u00e0 nos \u00e9l\u00e8ves.\" class=\"wp-image-4620\" srcset=\"https:\/\/www.saint-paul-angouleme.fr\/application\/wp-content\/uploads\/2019\/12\/P1380340-1024x683.jpg 1024w, https:\/\/www.saint-paul-angouleme.fr\/application\/wp-content\/uploads\/2019\/12\/P1380340-300x200.jpg 300w, https:\/\/www.saint-paul-angouleme.fr\/application\/wp-content\/uploads\/2019\/12\/P1380340-768x512.jpg 768w\" sizes=\"(max-width: 1024px) 100vw, 1024px\" \/><figcaption>M. Xavier NISSAN, chercheur.<\/figcaption><\/figure>\n\n\n\n<h3 class=\"wp-block-heading\">La g\u00e9n\u00e9tique<\/h3>\n\n\n\n<p class=\"justification_texte { text-align: justify; }\">A quelques jours du T\u00e9l\u00e9thon 2019, revenons sur la conf\u00e9rence SVT au cours de laquelle est intervenu <a href=\"https:\/\/twitter.com\/xavier_nissan?lang=fr\">M. Xavier NISSAN<\/a> dans le cadre de l&#8217;op\u00e9ration &#8220;<a href=\"https:\/\/education.telethon.fr\/1000chercheurs\/article\/1000-chercheurs-dans-les-ecoles\">1 000 chercheurs dans les \u00e9coles<\/a>&#8220;. Le directeur de recherche de l&#8217;I-Stem pr\u00e9sente \u00e0 nos \u00e9l\u00e8ves les bases de la g\u00e9n\u00e9tique mais aussi :  maladies g\u00e9n\u00e9tiques, maladies rares, th\u00e9rapie g\u00e9nique, th\u00e9rapie cellulaire, cellules souches&#8230; ainsi que toutes les avanc\u00e9es r\u00e9centes de la biologie mol\u00e9culaire. <\/p>\n\n\n\n<p class=\"justification_texte { text-align: justify; }\">Il y a deux ans, <a href=\"https:\/\/www.saint-paul-angouleme.fr\/application\/un-tpe-au-service-du-telethon\/\">deux \u00e9l\u00e8ves de 1\u00e8re S avaient pr\u00e9sent\u00e9 un TPE<\/a> (Travaux Personnels Encadr\u00e9s) concernant les maladies g\u00e9n\u00e9tiques. Cette ann\u00e9e, comme l&#8217;an dernier, un petit-d\u00e9jeuner a \u00e9t\u00e9 organis\u00e9 au profit du T\u00e9l\u00e9thon.<\/p>\n\n\n\n<figure class=\"wp-block-image\"><img loading=\"lazy\" decoding=\"async\" width=\"1024\" height=\"683\" src=\"https:\/\/www.saint-paul-angouleme.fr\/application\/wp-content\/uploads\/2019\/12\/P1380347-1024x683.jpg\" alt=\"Des \u00e9l\u00e8ves attentifs\" class=\"wp-image-4623\" srcset=\"https:\/\/www.saint-paul-angouleme.fr\/application\/wp-content\/uploads\/2019\/12\/P1380347-1024x683.jpg 1024w, https:\/\/www.saint-paul-angouleme.fr\/application\/wp-content\/uploads\/2019\/12\/P1380347-300x200.jpg 300w, https:\/\/www.saint-paul-angouleme.fr\/application\/wp-content\/uploads\/2019\/12\/P1380347-768x512.jpg 768w\" sizes=\"(max-width: 1024px) 100vw, 1024px\" \/><figcaption>Un auditoire tr\u00e8s attentif<\/figcaption><\/figure>\n\n\n\n<h3 class=\"wp-block-heading\">Le m\u00e9tier de chercheur et le T\u00e9l\u00e9thon<\/h3>\n\n\n\n<p class=\"justification_texte { text-align: justify; }\">Dans un deuxi\u00e8me temps, M. NISSAN parle de son m\u00e9tier de directeur de recherche. Il explique le contenu de son travail (recherches, objectifs&#8230;) : comprendre, interpr\u00e9ter, \u00e9mettre des hypoth\u00e8ses, d\u00e9finir des strat\u00e9gies pour y r\u00e9pondre. En tant que responsable de laboratoire il doit aussi : recruter et encadrer, former et aider, organiser, trouver des financements.  Enfin, il pr\u00e9sente son \u00e9quipe, son quotidien au laboratoire et les diff\u00e9rents m\u00e9tiers de la recherche. Il pr\u00e9cise que, tr\u00e8s souvent, il est amen\u00e9 \u00e0 voyager dans le cadre du T\u00e9l\u00e9thon et du <a href=\"https:\/\/www.institut-biotherapies.fr\/qui-sommes-nous\/genethon-et-la-therapie-genique\/\">G\u00e9n\u00e9thon<\/a> (Institut des Bioth\u00e9rapies).  <\/p>\n\n\n\n<figure class=\"wp-block-image\"><img loading=\"lazy\" decoding=\"async\" width=\"1024\" height=\"683\" src=\"https:\/\/www.saint-paul-angouleme.fr\/application\/wp-content\/uploads\/2019\/12\/P1380350-1024x683.jpg\" alt=\"Le m\u00e9tier de chercheur\" class=\"wp-image-4625\" srcset=\"https:\/\/www.saint-paul-angouleme.fr\/application\/wp-content\/uploads\/2019\/12\/P1380350-1024x683.jpg 1024w, https:\/\/www.saint-paul-angouleme.fr\/application\/wp-content\/uploads\/2019\/12\/P1380350-300x200.jpg 300w, https:\/\/www.saint-paul-angouleme.fr\/application\/wp-content\/uploads\/2019\/12\/P1380350-768x512.jpg 768w\" sizes=\"(max-width: 1024px) 100vw, 1024px\" \/><figcaption>Mon m\u00e9tier<\/figcaption><\/figure>\n\n\n\n<p class=\"justification_texte { text-align: justify; }\">Pour conclure son intervention M. NISSAN propose un quizz aux \u00e9l\u00e8ves qui reprend les th\u00e8mes vus en SVT et abord\u00e9s lors de la conf\u00e9rence :<\/p>\n\n\n\n<figure class=\"wp-block-image\"><img loading=\"lazy\" decoding=\"async\" width=\"1024\" height=\"683\" src=\"https:\/\/www.saint-paul-angouleme.fr\/application\/wp-content\/uploads\/2019\/12\/P1380352-1024x683.jpg\" alt=\"Quizz\" class=\"wp-image-4627\" srcset=\"https:\/\/www.saint-paul-angouleme.fr\/application\/wp-content\/uploads\/2019\/12\/P1380352-1024x683.jpg 1024w, https:\/\/www.saint-paul-angouleme.fr\/application\/wp-content\/uploads\/2019\/12\/P1380352-300x200.jpg 300w, https:\/\/www.saint-paul-angouleme.fr\/application\/wp-content\/uploads\/2019\/12\/P1380352-768x512.jpg 768w\" sizes=\"(max-width: 1024px) 100vw, 1024px\" \/><figcaption>Quizz<\/figcaption><\/figure>\n\n\n\n<figure class=\"wp-block-image\"><img loading=\"lazy\" decoding=\"async\" width=\"1024\" height=\"683\" src=\"https:\/\/www.saint-paul-angouleme.fr\/application\/wp-content\/uploads\/2019\/12\/P1380354-1024x683.jpg\" alt=\"Questionnaire jeu\" class=\"wp-image-4628\" srcset=\"https:\/\/www.saint-paul-angouleme.fr\/application\/wp-content\/uploads\/2019\/12\/P1380354-1024x683.jpg 1024w, https:\/\/www.saint-paul-angouleme.fr\/application\/wp-content\/uploads\/2019\/12\/P1380354-300x200.jpg 300w, https:\/\/www.saint-paul-angouleme.fr\/application\/wp-content\/uploads\/2019\/12\/P1380354-768x512.jpg 768w\" sizes=\"(max-width: 1024px) 100vw, 1024px\" \/><\/figure>\n\n\n\n<figure class=\"wp-block-image\"><img loading=\"lazy\" decoding=\"async\" width=\"1024\" height=\"683\" src=\"https:\/\/www.saint-paul-angouleme.fr\/application\/wp-content\/uploads\/2019\/12\/P1380366-1024x683.jpg\" alt=\"51% pour Saint-Paul\" class=\"wp-image-4629\" srcset=\"https:\/\/www.saint-paul-angouleme.fr\/application\/wp-content\/uploads\/2019\/12\/P1380366-1024x683.jpg 1024w, https:\/\/www.saint-paul-angouleme.fr\/application\/wp-content\/uploads\/2019\/12\/P1380366-300x200.jpg 300w, https:\/\/www.saint-paul-angouleme.fr\/application\/wp-content\/uploads\/2019\/12\/P1380366-768x512.jpg 768w\" sizes=\"(max-width: 1024px) 100vw, 1024px\" \/><figcaption>51 % de bonnes r\u00e9ponses<\/figcaption><\/figure>\n\n\n\n<p><a href=\"https:\/\/education.telethon.fr\/IMG\/pdf\/journal_1000_chercheurs_2019_ok.pdf\">https:\/\/education.telethon.fr\/IMG\/pdf\/journal_1000_chercheurs_2019_ok.pdf<\/a><\/p>\n","protected":false},"excerpt":{"rendered":"<p>La g\u00e9n\u00e9tique A quelques jours du T\u00e9l\u00e9thon 2019, revenons sur la conf\u00e9rence SVT au cours de laquelle est intervenu M. Xavier NISSAN dans le cadre de l&#8217;op\u00e9ration &#8220;1 000 chercheurs dans les \u00e9coles&#8220;. Le directeur de recherche de l&#8217;I-Stem pr\u00e9sente \u00e0 nos \u00e9l\u00e8ves les bases de la g\u00e9n\u00e9tique mais aussi : maladies g\u00e9n\u00e9tiques, maladies rares, &#8230; <a title=\"T\u00e9l\u00e9thon 2019 : conf\u00e9rence SVT avec un chercheur \u00e0 Saint-Paul\" class=\"read-more\" href=\"https:\/\/www.saint-paul-angouleme.fr\/application\/telethon-2019-1000-chercheurs-dans-les-ecoles\/\" aria-label=\"Read more about T\u00e9l\u00e9thon 2019 : conf\u00e9rence SVT avec un chercheur \u00e0 Saint-Paul\">Lire la suite<\/a><\/p>\n","protected":false},"author":3,"featured_media":0,"comment_status":"open","ping_status":"open","sticky":false,"template":"","format":"standard","meta":{"_exactmetrics_skip_tracking":false,"_exactmetrics_sitenote_active":false,"_exactmetrics_sitenote_note":"","_exactmetrics_sitenote_category":0,"footnotes":""},"categories":[13],"tags":[],"class_list":["post-4619","post","type-post","status-publish","format-standard","hentry","category-pedagogie"],"yoast_head":"<!-- This site is optimized with the Yoast SEO plugin v23.3 - https:\/\/yoast.com\/wordpress\/plugins\/seo\/ -->\n<title>T\u00e9l\u00e9thon 2019 : conf\u00e9rence SVT avec un chercheur \u00e0 Saint-Paul<\/title>\n<meta name=\"description\" content=\"Dans le cadre du T\u00e9l\u00e9thon 2019, M. Xavier NISSAN,est intervenu aupr\u00e8s de nos \u00e9l\u00e8ves. Au programme g\u00e9n\u00e9tique et pr\u00e9sentation des m\u00e9tiers de la recherche.\" \/>\n<meta name=\"robots\" content=\"index, follow, max-snippet:-1, max-image-preview:large, max-video-preview:-1\" \/>\n<link rel=\"canonical\" href=\"https:\/\/www.saint-paul-angouleme.fr\/application\/telethon-2019-1000-chercheurs-dans-les-ecoles\/\" \/>\n<meta property=\"og:locale\" content=\"fr_FR\" \/>\n<meta property=\"og:type\" content=\"article\" \/>\n<meta property=\"og:title\" content=\"T\u00e9l\u00e9thon 2019 : conf\u00e9rence SVT avec un chercheur \u00e0 Saint-Paul\" \/>\n<meta property=\"og:description\" content=\"Dans le cadre du T\u00e9l\u00e9thon 2019, M. Xavier NISSAN,est intervenu aupr\u00e8s de nos \u00e9l\u00e8ves. Au programme g\u00e9n\u00e9tique et pr\u00e9sentation des m\u00e9tiers de la recherche.\" \/>\n<meta property=\"og:url\" content=\"https:\/\/www.saint-paul-angouleme.fr\/application\/telethon-2019-1000-chercheurs-dans-les-ecoles\/\" \/>\n<meta property=\"og:site_name\" content=\"Actualit\u00e9s\" \/>\n<meta property=\"article:publisher\" content=\"https:\/\/www.facebook.com\/SaintPaulAngouleme16\/\" \/>\n<meta property=\"article:published_time\" content=\"2019-12-06T17:21:53+00:00\" \/>\n<meta property=\"article:modified_time\" content=\"2019-12-06T17:33:17+00:00\" \/>\n<meta property=\"og:image\" content=\"https:\/\/www.saint-paul-angouleme.fr\/application\/wp-content\/uploads\/2019\/12\/P1380340-1024x683.jpg\" \/>\n<meta name=\"author\" content=\"SAINT-PAUL\" \/>\n<meta name=\"twitter:card\" content=\"summary_large_image\" \/>\n<meta name=\"twitter:creator\" content=\"@StPaulAngoulem\" \/>\n<meta name=\"twitter:site\" content=\"@StPaulAngoulem\" \/>\n<meta name=\"twitter:label1\" content=\"\u00c9crit par\" \/>\n\t<meta name=\"twitter:data1\" content=\"SAINT-PAUL\" \/>\n\t<meta name=\"twitter:label2\" content=\"Dur\u00e9e de lecture estim\u00e9e\" \/>\n\t<meta name=\"twitter:data2\" content=\"1 minute\" \/>\n<script type=\"application\/ld+json\" class=\"yoast-schema-graph\">{\"@context\":\"https:\/\/schema.org\",\"@graph\":[{\"@type\":\"Article\",\"@id\":\"https:\/\/www.saint-paul-angouleme.fr\/application\/telethon-2019-1000-chercheurs-dans-les-ecoles\/#article\",\"isPartOf\":{\"@id\":\"https:\/\/www.saint-paul-angouleme.fr\/application\/telethon-2019-1000-chercheurs-dans-les-ecoles\/\"},\"author\":{\"name\":\"SAINT-PAUL\",\"@id\":\"https:\/\/www.saint-paul-angouleme.fr\/application\/#\/schema\/person\/ea152930b1a3823659065827b1a5fb9b\"},\"headline\":\"T\u00e9l\u00e9thon 2019 : conf\u00e9rence SVT avec un chercheur \u00e0 Saint-Paul\",\"datePublished\":\"2019-12-06T17:21:53+00:00\",\"dateModified\":\"2019-12-06T17:33:17+00:00\",\"mainEntityOfPage\":{\"@id\":\"https:\/\/www.saint-paul-angouleme.fr\/application\/telethon-2019-1000-chercheurs-dans-les-ecoles\/\"},\"wordCount\":312,\"commentCount\":1,\"publisher\":{\"@id\":\"https:\/\/www.saint-paul-angouleme.fr\/application\/#organization\"},\"image\":{\"@id\":\"https:\/\/www.saint-paul-angouleme.fr\/application\/telethon-2019-1000-chercheurs-dans-les-ecoles\/#primaryimage\"},\"thumbnailUrl\":\"https:\/\/www.saint-paul-angouleme.fr\/application\/wp-content\/uploads\/2019\/12\/P1380340-1024x683.jpg\",\"articleSection\":[\"P\u00e9dagogie\"],\"inLanguage\":\"fr-FR\",\"potentialAction\":[{\"@type\":\"CommentAction\",\"name\":\"Comment\",\"target\":[\"https:\/\/www.saint-paul-angouleme.fr\/application\/telethon-2019-1000-chercheurs-dans-les-ecoles\/#respond\"]}]},{\"@type\":\"WebPage\",\"@id\":\"https:\/\/www.saint-paul-angouleme.fr\/application\/telethon-2019-1000-chercheurs-dans-les-ecoles\/\",\"url\":\"https:\/\/www.saint-paul-angouleme.fr\/application\/telethon-2019-1000-chercheurs-dans-les-ecoles\/\",\"name\":\"T\u00e9l\u00e9thon 2019 : conf\u00e9rence SVT avec un chercheur \u00e0 Saint-Paul\",\"isPartOf\":{\"@id\":\"https:\/\/www.saint-paul-angouleme.fr\/application\/#website\"},\"primaryImageOfPage\":{\"@id\":\"https:\/\/www.saint-paul-angouleme.fr\/application\/telethon-2019-1000-chercheurs-dans-les-ecoles\/#primaryimage\"},\"image\":{\"@id\":\"https:\/\/www.saint-paul-angouleme.fr\/application\/telethon-2019-1000-chercheurs-dans-les-ecoles\/#primaryimage\"},\"thumbnailUrl\":\"https:\/\/www.saint-paul-angouleme.fr\/application\/wp-content\/uploads\/2019\/12\/P1380340-1024x683.jpg\",\"datePublished\":\"2019-12-06T17:21:53+00:00\",\"dateModified\":\"2019-12-06T17:33:17+00:00\",\"description\":\"Dans le cadre du T\u00e9l\u00e9thon 2019, M. Xavier NISSAN,est intervenu aupr\u00e8s de nos \u00e9l\u00e8ves. Au programme g\u00e9n\u00e9tique et pr\u00e9sentation des m\u00e9tiers de la recherche.\",\"breadcrumb\":{\"@id\":\"https:\/\/www.saint-paul-angouleme.fr\/application\/telethon-2019-1000-chercheurs-dans-les-ecoles\/#breadcrumb\"},\"inLanguage\":\"fr-FR\",\"potentialAction\":[{\"@type\":\"ReadAction\",\"target\":[\"https:\/\/www.saint-paul-angouleme.fr\/application\/telethon-2019-1000-chercheurs-dans-les-ecoles\/\"]}]},{\"@type\":\"ImageObject\",\"inLanguage\":\"fr-FR\",\"@id\":\"https:\/\/www.saint-paul-angouleme.fr\/application\/telethon-2019-1000-chercheurs-dans-les-ecoles\/#primaryimage\",\"url\":\"https:\/\/www.saint-paul-angouleme.fr\/application\/wp-content\/uploads\/2019\/12\/P1380340.jpg\",\"contentUrl\":\"https:\/\/www.saint-paul-angouleme.fr\/application\/wp-content\/uploads\/2019\/12\/P1380340.jpg\",\"width\":5472,\"height\":3648,\"caption\":\"M. Xavier NISSAN, chercheur.\"},{\"@type\":\"BreadcrumbList\",\"@id\":\"https:\/\/www.saint-paul-angouleme.fr\/application\/telethon-2019-1000-chercheurs-dans-les-ecoles\/#breadcrumb\",\"itemListElement\":[{\"@type\":\"ListItem\",\"position\":1,\"name\":\"Accueil\",\"item\":\"http:\/\/www.saint-paul-angouleme.fr\/application\/\"},{\"@type\":\"ListItem\",\"position\":2,\"name\":\"T\u00e9l\u00e9thon 2019 : conf\u00e9rence SVT avec un chercheur \u00e0 Saint-Paul\"}]},{\"@type\":\"WebSite\",\"@id\":\"https:\/\/www.saint-paul-angouleme.fr\/application\/#website\",\"url\":\"https:\/\/www.saint-paul-angouleme.fr\/application\/\",\"name\":\"Actualit\u00e9s\",\"description\":\"Actualit\u00e9s Saint Paul\",\"publisher\":{\"@id\":\"https:\/\/www.saint-paul-angouleme.fr\/application\/#organization\"},\"potentialAction\":[{\"@type\":\"SearchAction\",\"target\":{\"@type\":\"EntryPoint\",\"urlTemplate\":\"https:\/\/www.saint-paul-angouleme.fr\/application\/?s={search_term_string}\"},\"query-input\":\"required name=search_term_string\"}],\"inLanguage\":\"fr-FR\"},{\"@type\":\"Organization\",\"@id\":\"https:\/\/www.saint-paul-angouleme.fr\/application\/#organization\",\"name\":\"Ensemble scolaire Saint-Paul\",\"url\":\"https:\/\/www.saint-paul-angouleme.fr\/application\/\",\"logo\":{\"@type\":\"ImageObject\",\"inLanguage\":\"fr-FR\",\"@id\":\"https:\/\/www.saint-paul-angouleme.fr\/application\/#\/schema\/logo\/image\/\",\"url\":\"https:\/\/www.saint-paul-angouleme.fr\/application\/wp-content\/uploads\/2018\/08\/logo-saint-paul-couleurs.jpg\",\"contentUrl\":\"https:\/\/www.saint-paul-angouleme.fr\/application\/wp-content\/uploads\/2018\/08\/logo-saint-paul-couleurs.jpg\",\"width\":1890,\"height\":709,\"caption\":\"Ensemble scolaire Saint-Paul\"},\"image\":{\"@id\":\"https:\/\/www.saint-paul-angouleme.fr\/application\/#\/schema\/logo\/image\/\"},\"sameAs\":[\"https:\/\/www.facebook.com\/SaintPaulAngouleme16\/\",\"https:\/\/x.com\/StPaulAngoulem\",\"https:\/\/www.youtube.com\/channel\/UCRLpz1CmPVqc0gn--YyXvjA?view_as=subscriber\"]},{\"@type\":\"Person\",\"@id\":\"https:\/\/www.saint-paul-angouleme.fr\/application\/#\/schema\/person\/ea152930b1a3823659065827b1a5fb9b\",\"name\":\"SAINT-PAUL\",\"image\":{\"@type\":\"ImageObject\",\"inLanguage\":\"fr-FR\",\"@id\":\"https:\/\/www.saint-paul-angouleme.fr\/application\/#\/schema\/person\/image\/\",\"url\":\"https:\/\/secure.gravatar.com\/avatar\/eadb0ffebc02683a61d69038eb2924f0?s=96&r=g\",\"contentUrl\":\"https:\/\/secure.gravatar.com\/avatar\/eadb0ffebc02683a61d69038eb2924f0?s=96&r=g\",\"caption\":\"SAINT-PAUL\"},\"url\":\"https:\/\/www.saint-paul-angouleme.fr\/application\/author\/myriam\/\"}]}<\/script>\n<!-- \/ Yoast SEO plugin. -->","yoast_head_json":{"title":"T\u00e9l\u00e9thon 2019 : conf\u00e9rence SVT avec un chercheur \u00e0 Saint-Paul","description":"Dans le cadre du T\u00e9l\u00e9thon 2019, M. Xavier NISSAN,est intervenu aupr\u00e8s de nos \u00e9l\u00e8ves. Au programme g\u00e9n\u00e9tique et pr\u00e9sentation des m\u00e9tiers de la recherche.","robots":{"index":"index","follow":"follow","max-snippet":"max-snippet:-1","max-image-preview":"max-image-preview:large","max-video-preview":"max-video-preview:-1"},"canonical":"https:\/\/www.saint-paul-angouleme.fr\/application\/telethon-2019-1000-chercheurs-dans-les-ecoles\/","og_locale":"fr_FR","og_type":"article","og_title":"T\u00e9l\u00e9thon 2019 : conf\u00e9rence SVT avec un chercheur \u00e0 Saint-Paul","og_description":"Dans le cadre du T\u00e9l\u00e9thon 2019, M. Xavier NISSAN,est intervenu aupr\u00e8s de nos \u00e9l\u00e8ves. Au programme g\u00e9n\u00e9tique et pr\u00e9sentation des m\u00e9tiers de la recherche.","og_url":"https:\/\/www.saint-paul-angouleme.fr\/application\/telethon-2019-1000-chercheurs-dans-les-ecoles\/","og_site_name":"Actualit\u00e9s","article_publisher":"https:\/\/www.facebook.com\/SaintPaulAngouleme16\/","article_published_time":"2019-12-06T17:21:53+00:00","article_modified_time":"2019-12-06T17:33:17+00:00","og_image":[{"url":"https:\/\/www.saint-paul-angouleme.fr\/application\/wp-content\/uploads\/2019\/12\/P1380340-1024x683.jpg"}],"author":"SAINT-PAUL","twitter_card":"summary_large_image","twitter_creator":"@StPaulAngoulem","twitter_site":"@StPaulAngoulem","twitter_misc":{"\u00c9crit par":"SAINT-PAUL","Dur\u00e9e de lecture estim\u00e9e":"1 minute"},"schema":{"@context":"https:\/\/schema.org","@graph":[{"@type":"Article","@id":"https:\/\/www.saint-paul-angouleme.fr\/application\/telethon-2019-1000-chercheurs-dans-les-ecoles\/#article","isPartOf":{"@id":"https:\/\/www.saint-paul-angouleme.fr\/application\/telethon-2019-1000-chercheurs-dans-les-ecoles\/"},"author":{"name":"SAINT-PAUL","@id":"https:\/\/www.saint-paul-angouleme.fr\/application\/#\/schema\/person\/ea152930b1a3823659065827b1a5fb9b"},"headline":"T\u00e9l\u00e9thon 2019 : conf\u00e9rence SVT avec un chercheur \u00e0 Saint-Paul","datePublished":"2019-12-06T17:21:53+00:00","dateModified":"2019-12-06T17:33:17+00:00","mainEntityOfPage":{"@id":"https:\/\/www.saint-paul-angouleme.fr\/application\/telethon-2019-1000-chercheurs-dans-les-ecoles\/"},"wordCount":312,"commentCount":1,"publisher":{"@id":"https:\/\/www.saint-paul-angouleme.fr\/application\/#organization"},"image":{"@id":"https:\/\/www.saint-paul-angouleme.fr\/application\/telethon-2019-1000-chercheurs-dans-les-ecoles\/#primaryimage"},"thumbnailUrl":"https:\/\/www.saint-paul-angouleme.fr\/application\/wp-content\/uploads\/2019\/12\/P1380340-1024x683.jpg","articleSection":["P\u00e9dagogie"],"inLanguage":"fr-FR","potentialAction":[{"@type":"CommentAction","name":"Comment","target":["https:\/\/www.saint-paul-angouleme.fr\/application\/telethon-2019-1000-chercheurs-dans-les-ecoles\/#respond"]}]},{"@type":"WebPage","@id":"https:\/\/www.saint-paul-angouleme.fr\/application\/telethon-2019-1000-chercheurs-dans-les-ecoles\/","url":"https:\/\/www.saint-paul-angouleme.fr\/application\/telethon-2019-1000-chercheurs-dans-les-ecoles\/","name":"T\u00e9l\u00e9thon 2019 : conf\u00e9rence SVT avec un chercheur \u00e0 Saint-Paul","isPartOf":{"@id":"https:\/\/www.saint-paul-angouleme.fr\/application\/#website"},"primaryImageOfPage":{"@id":"https:\/\/www.saint-paul-angouleme.fr\/application\/telethon-2019-1000-chercheurs-dans-les-ecoles\/#primaryimage"},"image":{"@id":"https:\/\/www.saint-paul-angouleme.fr\/application\/telethon-2019-1000-chercheurs-dans-les-ecoles\/#primaryimage"},"thumbnailUrl":"https:\/\/www.saint-paul-angouleme.fr\/application\/wp-content\/uploads\/2019\/12\/P1380340-1024x683.jpg","datePublished":"2019-12-06T17:21:53+00:00","dateModified":"2019-12-06T17:33:17+00:00","description":"Dans le cadre du T\u00e9l\u00e9thon 2019, M. Xavier NISSAN,est intervenu aupr\u00e8s de nos \u00e9l\u00e8ves. Au programme g\u00e9n\u00e9tique et pr\u00e9sentation des m\u00e9tiers de la recherche.","breadcrumb":{"@id":"https:\/\/www.saint-paul-angouleme.fr\/application\/telethon-2019-1000-chercheurs-dans-les-ecoles\/#breadcrumb"},"inLanguage":"fr-FR","potentialAction":[{"@type":"ReadAction","target":["https:\/\/www.saint-paul-angouleme.fr\/application\/telethon-2019-1000-chercheurs-dans-les-ecoles\/"]}]},{"@type":"ImageObject","inLanguage":"fr-FR","@id":"https:\/\/www.saint-paul-angouleme.fr\/application\/telethon-2019-1000-chercheurs-dans-les-ecoles\/#primaryimage","url":"https:\/\/www.saint-paul-angouleme.fr\/application\/wp-content\/uploads\/2019\/12\/P1380340.jpg","contentUrl":"https:\/\/www.saint-paul-angouleme.fr\/application\/wp-content\/uploads\/2019\/12\/P1380340.jpg","width":5472,"height":3648,"caption":"M. Xavier NISSAN, chercheur."},{"@type":"BreadcrumbList","@id":"https:\/\/www.saint-paul-angouleme.fr\/application\/telethon-2019-1000-chercheurs-dans-les-ecoles\/#breadcrumb","itemListElement":[{"@type":"ListItem","position":1,"name":"Accueil","item":"http:\/\/www.saint-paul-angouleme.fr\/application\/"},{"@type":"ListItem","position":2,"name":"T\u00e9l\u00e9thon 2019 : conf\u00e9rence SVT avec un chercheur \u00e0 Saint-Paul"}]},{"@type":"WebSite","@id":"https:\/\/www.saint-paul-angouleme.fr\/application\/#website","url":"https:\/\/www.saint-paul-angouleme.fr\/application\/","name":"Actualit\u00e9s","description":"Actualit\u00e9s Saint Paul","publisher":{"@id":"https:\/\/www.saint-paul-angouleme.fr\/application\/#organization"},"potentialAction":[{"@type":"SearchAction","target":{"@type":"EntryPoint","urlTemplate":"https:\/\/www.saint-paul-angouleme.fr\/application\/?s={search_term_string}"},"query-input":"required name=search_term_string"}],"inLanguage":"fr-FR"},{"@type":"Organization","@id":"https:\/\/www.saint-paul-angouleme.fr\/application\/#organization","name":"Ensemble scolaire Saint-Paul","url":"https:\/\/www.saint-paul-angouleme.fr\/application\/","logo":{"@type":"ImageObject","inLanguage":"fr-FR","@id":"https:\/\/www.saint-paul-angouleme.fr\/application\/#\/schema\/logo\/image\/","url":"https:\/\/www.saint-paul-angouleme.fr\/application\/wp-content\/uploads\/2018\/08\/logo-saint-paul-couleurs.jpg","contentUrl":"https:\/\/www.saint-paul-angouleme.fr\/application\/wp-content\/uploads\/2018\/08\/logo-saint-paul-couleurs.jpg","width":1890,"height":709,"caption":"Ensemble scolaire Saint-Paul"},"image":{"@id":"https:\/\/www.saint-paul-angouleme.fr\/application\/#\/schema\/logo\/image\/"},"sameAs":["https:\/\/www.facebook.com\/SaintPaulAngouleme16\/","https:\/\/x.com\/StPaulAngoulem","https:\/\/www.youtube.com\/channel\/UCRLpz1CmPVqc0gn--YyXvjA?view_as=subscriber"]},{"@type":"Person","@id":"https:\/\/www.saint-paul-angouleme.fr\/application\/#\/schema\/person\/ea152930b1a3823659065827b1a5fb9b","name":"SAINT-PAUL","image":{"@type":"ImageObject","inLanguage":"fr-FR","@id":"https:\/\/www.saint-paul-angouleme.fr\/application\/#\/schema\/person\/image\/","url":"https:\/\/secure.gravatar.com\/avatar\/eadb0ffebc02683a61d69038eb2924f0?s=96&r=g","contentUrl":"https:\/\/secure.gravatar.com\/avatar\/eadb0ffebc02683a61d69038eb2924f0?s=96&r=g","caption":"SAINT-PAUL"},"url":"https:\/\/www.saint-paul-angouleme.fr\/application\/author\/myriam\/"}]}},"_links":{"self":[{"href":"https:\/\/www.saint-paul-angouleme.fr\/application\/wp-json\/wp\/v2\/posts\/4619"}],"collection":[{"href":"https:\/\/www.saint-paul-angouleme.fr\/application\/wp-json\/wp\/v2\/posts"}],"about":[{"href":"https:\/\/www.saint-paul-angouleme.fr\/application\/wp-json\/wp\/v2\/types\/post"}],"author":[{"embeddable":true,"href":"https:\/\/www.saint-paul-angouleme.fr\/application\/wp-json\/wp\/v2\/users\/3"}],"replies":[{"embeddable":true,"href":"https:\/\/www.saint-paul-angouleme.fr\/application\/wp-json\/wp\/v2\/comments?post=4619"}],"version-history":[{"count":9,"href":"https:\/\/www.saint-paul-angouleme.fr\/application\/wp-json\/wp\/v2\/posts\/4619\/revisions"}],"predecessor-version":[{"id":4639,"href":"https:\/\/www.saint-paul-angouleme.fr\/application\/wp-json\/wp\/v2\/posts\/4619\/revisions\/4639"}],"wp:attachment":[{"href":"https:\/\/www.saint-paul-angouleme.fr\/application\/wp-json\/wp\/v2\/media?parent=4619"}],"wp:term":[{"taxonomy":"category","embeddable":true,"href":"https:\/\/www.saint-paul-angouleme.fr\/application\/wp-json\/wp\/v2\/categories?post=4619"},{"taxonomy":"post_tag","embeddable":true,"href":"https:\/\/www.saint-paul-angouleme.fr\/application\/wp-json\/wp\/v2\/tags?post=4619"}],"curies":[{"name":"wp","href":"https:\/\/api.w.org\/{rel}","templated":true}]}}