{"id":4598,"date":"2019-12-03T12:20:40","date_gmt":"2019-12-03T11:20:40","guid":{"rendered":"https:\/\/www.saint-paul-angouleme.fr\/application\/?p=4598"},"modified":"2019-12-03T12:20:42","modified_gmt":"2019-12-03T11:20:42","slug":"rencontre-avec-bernard-werber","status":"publish","type":"post","link":"https:\/\/www.saint-paul-angouleme.fr\/application\/rencontre-avec-bernard-werber\/","title":{"rendered":"&#8220;Angoul\u00eame se Livre&#8221; 2019 : rencontre avec Bernard WERBER"},"content":{"rendered":"\n<figure class=\"wp-block-image\"><img loading=\"lazy\" decoding=\"async\" width=\"1024\" height=\"768\" src=\"https:\/\/www.saint-paul-angouleme.fr\/application\/wp-content\/uploads\/2019\/12\/Bernard-WERBER-2-1024x768.jpg\" alt=\"Rencontre avec Bernard WERBER\" class=\"wp-image-4599\" srcset=\"https:\/\/www.saint-paul-angouleme.fr\/application\/wp-content\/uploads\/2019\/12\/Bernard-WERBER-2-1024x768.jpg 1024w, https:\/\/www.saint-paul-angouleme.fr\/application\/wp-content\/uploads\/2019\/12\/Bernard-WERBER-2-300x225.jpg 300w, https:\/\/www.saint-paul-angouleme.fr\/application\/wp-content\/uploads\/2019\/12\/Bernard-WERBER-2-768x576.jpg 768w\" sizes=\"(max-width: 1024px) 100vw, 1024px\" \/><\/figure>\n\n\n\n<p class=\"justification_texte { text-align: justify; }\">Dans le cadre du Festival \u00ab&nbsp;Angoul\u00eame se Livre&nbsp;\u00bb, nos \u00e9l\u00e8ves de Terminale L rencontrent de l\u2019\u00e9crivain <a href=\"http:\/\/www.bernardwerber.com\/devousamoi.php\">Bernard WERBER<\/a>.  Celui-ci se livre, lors d\u2019une conf\u00e9rence d\u2019une heure, \u00e0 expliquer son attachement \u00e0 la nature et \u00e0 la litt\u00e9rature. A l&#8217;issue des questions,  \u00ab&nbsp;s\u00e9ance d\u00e9dicace&nbsp;\u00bb tant attendue par nos jeunes.&nbsp; Belle apr\u00e8s-midi \u00e0 l&#8217;Espace Franquin.<\/p>\n\n\n\n<figure class=\"wp-block-image\"><img loading=\"lazy\" decoding=\"async\" width=\"1024\" height=\"576\" src=\"https:\/\/www.saint-paul-angouleme.fr\/application\/wp-content\/uploads\/2019\/12\/77430686_2515841138512474_2850870012569190400_n-1024x576.jpg\" alt=\"Nos \u00e9l\u00e8ves avec M. WERBER\" class=\"wp-image-4603\" srcset=\"https:\/\/www.saint-paul-angouleme.fr\/application\/wp-content\/uploads\/2019\/12\/77430686_2515841138512474_2850870012569190400_n-1024x576.jpg 1024w, https:\/\/www.saint-paul-angouleme.fr\/application\/wp-content\/uploads\/2019\/12\/77430686_2515841138512474_2850870012569190400_n-300x169.jpg 300w, https:\/\/www.saint-paul-angouleme.fr\/application\/wp-content\/uploads\/2019\/12\/77430686_2515841138512474_2850870012569190400_n-768x432.jpg 768w\" sizes=\"(max-width: 1024px) 100vw, 1024px\" \/><\/figure>\n\n\n\n<p>Pour  retrouver les secrets d&#8217;\u00e9criture de Bernard WERBER consultez la vid\u00e9o ci-dessous.<\/p>\n\n\n\n<p><a href=\"https:\/\/information.tv5monde.com\/video\/quand-l-ecrivain-bernard-werber-nous-livre-ses-secrets-d-ecriture\">https:\/\/information.tv5monde.com\/video\/quand-l-ecrivain-bernard-werber-nous-livre-ses-secrets-d-ecriture<\/a><\/p>\n\n\n\n<p>Cela int\u00e9ressera sans aucun doute nos \u00e9l\u00e8ves de l\u2019atelier &#8220;<a href=\"https:\/\/www.saint-paul-angouleme.fr\/application\/abdelkader-djemai-parrain-de-latelier-demain-a-quatre-mains\/\">Demain \u00e0 quatre mains<\/a>&#8221; !<\/p>\n","protected":false},"excerpt":{"rendered":"<p>Dans le cadre du Festival \u00ab&nbsp;Angoul\u00eame se Livre&nbsp;\u00bb, nos \u00e9l\u00e8ves de Terminale L rencontrent de l\u2019\u00e9crivain Bernard WERBER. Celui-ci se livre, lors d\u2019une conf\u00e9rence d\u2019une heure, \u00e0 expliquer son attachement \u00e0 la nature et \u00e0 la litt\u00e9rature. A l&#8217;issue des questions, \u00ab&nbsp;s\u00e9ance d\u00e9dicace&nbsp;\u00bb tant attendue par nos jeunes.&nbsp; Belle apr\u00e8s-midi \u00e0 l&#8217;Espace Franquin. Pour retrouver &#8230; <a title=\"&#8220;Angoul\u00eame se Livre&#8221; 2019 : rencontre avec Bernard WERBER\" class=\"read-more\" href=\"https:\/\/www.saint-paul-angouleme.fr\/application\/rencontre-avec-bernard-werber\/\" aria-label=\"Read more about &#8220;Angoul\u00eame se Livre&#8221; 2019 : rencontre avec Bernard WERBER\">Lire la suite<\/a><\/p>\n","protected":false},"author":3,"featured_media":0,"comment_status":"open","ping_status":"open","sticky":false,"template":"","format":"standard","meta":{"_exactmetrics_skip_tracking":false,"_exactmetrics_sitenote_active":false,"_exactmetrics_sitenote_note":"","_exactmetrics_sitenote_category":0,"footnotes":""},"categories":[13,11],"tags":[],"class_list":["post-4598","post","type-post","status-publish","format-standard","hentry","category-pedagogie","category-pour-aller-plus-loin"],"yoast_head":"<!-- This site is optimized with the Yoast SEO plugin v23.3 - https:\/\/yoast.com\/wordpress\/plugins\/seo\/ -->\n<title>&quot;Angoul\u00eame se Livre&quot; 2019 : rencontre avec Bernard WERBER - Actualit\u00e9s<\/title>\n<meta name=\"description\" content=\"Le vendredi 29 novembre 2019 nos \u00e9l\u00e8ves de TL ont rencontr\u00e9 Bernard WERBER dans le cadre du Festival &quot;Angoul\u00eame se Livre&quot;.\" \/>\n<meta name=\"robots\" content=\"index, follow, max-snippet:-1, max-image-preview:large, max-video-preview:-1\" \/>\n<link rel=\"canonical\" href=\"https:\/\/www.saint-paul-angouleme.fr\/application\/rencontre-avec-bernard-werber\/\" \/>\n<meta property=\"og:locale\" content=\"fr_FR\" \/>\n<meta property=\"og:type\" content=\"article\" \/>\n<meta property=\"og:title\" content=\"&quot;Angoul\u00eame se Livre&quot; 2019 : rencontre avec Bernard WERBER - Actualit\u00e9s\" \/>\n<meta property=\"og:description\" content=\"Le vendredi 29 novembre 2019 nos \u00e9l\u00e8ves de TL ont rencontr\u00e9 Bernard WERBER dans le cadre du Festival &quot;Angoul\u00eame se Livre&quot;.\" \/>\n<meta property=\"og:url\" content=\"https:\/\/www.saint-paul-angouleme.fr\/application\/rencontre-avec-bernard-werber\/\" \/>\n<meta property=\"og:site_name\" content=\"Actualit\u00e9s\" \/>\n<meta property=\"article:publisher\" content=\"https:\/\/www.facebook.com\/SaintPaulAngouleme16\/\" \/>\n<meta property=\"article:published_time\" content=\"2019-12-03T11:20:40+00:00\" \/>\n<meta property=\"article:modified_time\" content=\"2019-12-03T11:20:42+00:00\" \/>\n<meta property=\"og:image\" content=\"https:\/\/www.saint-paul-angouleme.fr\/application\/wp-content\/uploads\/2019\/12\/Bernard-WERBER-2-1024x768.jpg\" \/>\n<meta name=\"author\" content=\"SAINT-PAUL\" \/>\n<meta name=\"twitter:card\" content=\"summary_large_image\" \/>\n<meta name=\"twitter:creator\" content=\"@StPaulAngoulem\" \/>\n<meta name=\"twitter:site\" content=\"@StPaulAngoulem\" \/>\n<meta name=\"twitter:label1\" content=\"\u00c9crit par\" \/>\n\t<meta name=\"twitter:data1\" content=\"SAINT-PAUL\" \/>\n\t<meta name=\"twitter:label2\" content=\"Dur\u00e9e de lecture estim\u00e9e\" \/>\n\t<meta name=\"twitter:data2\" content=\"1 minute\" \/>\n<script type=\"application\/ld+json\" class=\"yoast-schema-graph\">{\"@context\":\"https:\/\/schema.org\",\"@graph\":[{\"@type\":\"Article\",\"@id\":\"https:\/\/www.saint-paul-angouleme.fr\/application\/rencontre-avec-bernard-werber\/#article\",\"isPartOf\":{\"@id\":\"https:\/\/www.saint-paul-angouleme.fr\/application\/rencontre-avec-bernard-werber\/\"},\"author\":{\"name\":\"SAINT-PAUL\",\"@id\":\"https:\/\/www.saint-paul-angouleme.fr\/application\/#\/schema\/person\/ea152930b1a3823659065827b1a5fb9b\"},\"headline\":\"&#8220;Angoul\u00eame se Livre&#8221; 2019 : rencontre avec Bernard WERBER\",\"datePublished\":\"2019-12-03T11:20:40+00:00\",\"dateModified\":\"2019-12-03T11:20:42+00:00\",\"mainEntityOfPage\":{\"@id\":\"https:\/\/www.saint-paul-angouleme.fr\/application\/rencontre-avec-bernard-werber\/\"},\"wordCount\":110,\"commentCount\":0,\"publisher\":{\"@id\":\"https:\/\/www.saint-paul-angouleme.fr\/application\/#organization\"},\"image\":{\"@id\":\"https:\/\/www.saint-paul-angouleme.fr\/application\/rencontre-avec-bernard-werber\/#primaryimage\"},\"thumbnailUrl\":\"https:\/\/www.saint-paul-angouleme.fr\/application\/wp-content\/uploads\/2019\/12\/Bernard-WERBER-2-1024x768.jpg\",\"articleSection\":[\"P\u00e9dagogie\",\"Pour aller plus loin\"],\"inLanguage\":\"fr-FR\",\"potentialAction\":[{\"@type\":\"CommentAction\",\"name\":\"Comment\",\"target\":[\"https:\/\/www.saint-paul-angouleme.fr\/application\/rencontre-avec-bernard-werber\/#respond\"]}]},{\"@type\":\"WebPage\",\"@id\":\"https:\/\/www.saint-paul-angouleme.fr\/application\/rencontre-avec-bernard-werber\/\",\"url\":\"https:\/\/www.saint-paul-angouleme.fr\/application\/rencontre-avec-bernard-werber\/\",\"name\":\"\\\"Angoul\u00eame se Livre\\\" 2019 : rencontre avec Bernard WERBER - Actualit\u00e9s\",\"isPartOf\":{\"@id\":\"https:\/\/www.saint-paul-angouleme.fr\/application\/#website\"},\"primaryImageOfPage\":{\"@id\":\"https:\/\/www.saint-paul-angouleme.fr\/application\/rencontre-avec-bernard-werber\/#primaryimage\"},\"image\":{\"@id\":\"https:\/\/www.saint-paul-angouleme.fr\/application\/rencontre-avec-bernard-werber\/#primaryimage\"},\"thumbnailUrl\":\"https:\/\/www.saint-paul-angouleme.fr\/application\/wp-content\/uploads\/2019\/12\/Bernard-WERBER-2-1024x768.jpg\",\"datePublished\":\"2019-12-03T11:20:40+00:00\",\"dateModified\":\"2019-12-03T11:20:42+00:00\",\"description\":\"Le vendredi 29 novembre 2019 nos \u00e9l\u00e8ves de TL ont rencontr\u00e9 Bernard WERBER dans le cadre du Festival \\\"Angoul\u00eame se Livre\\\".\",\"breadcrumb\":{\"@id\":\"https:\/\/www.saint-paul-angouleme.fr\/application\/rencontre-avec-bernard-werber\/#breadcrumb\"},\"inLanguage\":\"fr-FR\",\"potentialAction\":[{\"@type\":\"ReadAction\",\"target\":[\"https:\/\/www.saint-paul-angouleme.fr\/application\/rencontre-avec-bernard-werber\/\"]}]},{\"@type\":\"ImageObject\",\"inLanguage\":\"fr-FR\",\"@id\":\"https:\/\/www.saint-paul-angouleme.fr\/application\/rencontre-avec-bernard-werber\/#primaryimage\",\"url\":\"https:\/\/www.saint-paul-angouleme.fr\/application\/wp-content\/uploads\/2019\/12\/Bernard-WERBER-2.jpg\",\"contentUrl\":\"https:\/\/www.saint-paul-angouleme.fr\/application\/wp-content\/uploads\/2019\/12\/Bernard-WERBER-2.jpg\",\"width\":4608,\"height\":3456,\"caption\":\"Rencontre avec Bernard WERBER\"},{\"@type\":\"BreadcrumbList\",\"@id\":\"https:\/\/www.saint-paul-angouleme.fr\/application\/rencontre-avec-bernard-werber\/#breadcrumb\",\"itemListElement\":[{\"@type\":\"ListItem\",\"position\":1,\"name\":\"Accueil\",\"item\":\"http:\/\/www.saint-paul-angouleme.fr\/application\/\"},{\"@type\":\"ListItem\",\"position\":2,\"name\":\"&#8220;Angoul\u00eame se Livre&#8221; 2019 : rencontre avec Bernard WERBER\"}]},{\"@type\":\"WebSite\",\"@id\":\"https:\/\/www.saint-paul-angouleme.fr\/application\/#website\",\"url\":\"https:\/\/www.saint-paul-angouleme.fr\/application\/\",\"name\":\"Actualit\u00e9s\",\"description\":\"Actualit\u00e9s Saint Paul\",\"publisher\":{\"@id\":\"https:\/\/www.saint-paul-angouleme.fr\/application\/#organization\"},\"potentialAction\":[{\"@type\":\"SearchAction\",\"target\":{\"@type\":\"EntryPoint\",\"urlTemplate\":\"https:\/\/www.saint-paul-angouleme.fr\/application\/?s={search_term_string}\"},\"query-input\":\"required name=search_term_string\"}],\"inLanguage\":\"fr-FR\"},{\"@type\":\"Organization\",\"@id\":\"https:\/\/www.saint-paul-angouleme.fr\/application\/#organization\",\"name\":\"Ensemble scolaire Saint-Paul\",\"url\":\"https:\/\/www.saint-paul-angouleme.fr\/application\/\",\"logo\":{\"@type\":\"ImageObject\",\"inLanguage\":\"fr-FR\",\"@id\":\"https:\/\/www.saint-paul-angouleme.fr\/application\/#\/schema\/logo\/image\/\",\"url\":\"https:\/\/www.saint-paul-angouleme.fr\/application\/wp-content\/uploads\/2018\/08\/logo-saint-paul-couleurs.jpg\",\"contentUrl\":\"https:\/\/www.saint-paul-angouleme.fr\/application\/wp-content\/uploads\/2018\/08\/logo-saint-paul-couleurs.jpg\",\"width\":1890,\"height\":709,\"caption\":\"Ensemble scolaire Saint-Paul\"},\"image\":{\"@id\":\"https:\/\/www.saint-paul-angouleme.fr\/application\/#\/schema\/logo\/image\/\"},\"sameAs\":[\"https:\/\/www.facebook.com\/SaintPaulAngouleme16\/\",\"https:\/\/x.com\/StPaulAngoulem\",\"https:\/\/www.youtube.com\/channel\/UCRLpz1CmPVqc0gn--YyXvjA?view_as=subscriber\"]},{\"@type\":\"Person\",\"@id\":\"https:\/\/www.saint-paul-angouleme.fr\/application\/#\/schema\/person\/ea152930b1a3823659065827b1a5fb9b\",\"name\":\"SAINT-PAUL\",\"image\":{\"@type\":\"ImageObject\",\"inLanguage\":\"fr-FR\",\"@id\":\"https:\/\/www.saint-paul-angouleme.fr\/application\/#\/schema\/person\/image\/\",\"url\":\"https:\/\/secure.gravatar.com\/avatar\/eadb0ffebc02683a61d69038eb2924f0?s=96&r=g\",\"contentUrl\":\"https:\/\/secure.gravatar.com\/avatar\/eadb0ffebc02683a61d69038eb2924f0?s=96&r=g\",\"caption\":\"SAINT-PAUL\"},\"url\":\"https:\/\/www.saint-paul-angouleme.fr\/application\/author\/myriam\/\"}]}<\/script>\n<!-- \/ Yoast SEO plugin. -->","yoast_head_json":{"title":"\"Angoul\u00eame se Livre\" 2019 : rencontre avec Bernard WERBER - Actualit\u00e9s","description":"Le vendredi 29 novembre 2019 nos \u00e9l\u00e8ves de TL ont rencontr\u00e9 Bernard WERBER dans le cadre du Festival \"Angoul\u00eame se Livre\".","robots":{"index":"index","follow":"follow","max-snippet":"max-snippet:-1","max-image-preview":"max-image-preview:large","max-video-preview":"max-video-preview:-1"},"canonical":"https:\/\/www.saint-paul-angouleme.fr\/application\/rencontre-avec-bernard-werber\/","og_locale":"fr_FR","og_type":"article","og_title":"\"Angoul\u00eame se Livre\" 2019 : rencontre avec Bernard WERBER - Actualit\u00e9s","og_description":"Le vendredi 29 novembre 2019 nos \u00e9l\u00e8ves de TL ont rencontr\u00e9 Bernard WERBER dans le cadre du Festival \"Angoul\u00eame se Livre\".","og_url":"https:\/\/www.saint-paul-angouleme.fr\/application\/rencontre-avec-bernard-werber\/","og_site_name":"Actualit\u00e9s","article_publisher":"https:\/\/www.facebook.com\/SaintPaulAngouleme16\/","article_published_time":"2019-12-03T11:20:40+00:00","article_modified_time":"2019-12-03T11:20:42+00:00","og_image":[{"url":"https:\/\/www.saint-paul-angouleme.fr\/application\/wp-content\/uploads\/2019\/12\/Bernard-WERBER-2-1024x768.jpg"}],"author":"SAINT-PAUL","twitter_card":"summary_large_image","twitter_creator":"@StPaulAngoulem","twitter_site":"@StPaulAngoulem","twitter_misc":{"\u00c9crit par":"SAINT-PAUL","Dur\u00e9e de lecture estim\u00e9e":"1 minute"},"schema":{"@context":"https:\/\/schema.org","@graph":[{"@type":"Article","@id":"https:\/\/www.saint-paul-angouleme.fr\/application\/rencontre-avec-bernard-werber\/#article","isPartOf":{"@id":"https:\/\/www.saint-paul-angouleme.fr\/application\/rencontre-avec-bernard-werber\/"},"author":{"name":"SAINT-PAUL","@id":"https:\/\/www.saint-paul-angouleme.fr\/application\/#\/schema\/person\/ea152930b1a3823659065827b1a5fb9b"},"headline":"&#8220;Angoul\u00eame se Livre&#8221; 2019 : rencontre avec Bernard WERBER","datePublished":"2019-12-03T11:20:40+00:00","dateModified":"2019-12-03T11:20:42+00:00","mainEntityOfPage":{"@id":"https:\/\/www.saint-paul-angouleme.fr\/application\/rencontre-avec-bernard-werber\/"},"wordCount":110,"commentCount":0,"publisher":{"@id":"https:\/\/www.saint-paul-angouleme.fr\/application\/#organization"},"image":{"@id":"https:\/\/www.saint-paul-angouleme.fr\/application\/rencontre-avec-bernard-werber\/#primaryimage"},"thumbnailUrl":"https:\/\/www.saint-paul-angouleme.fr\/application\/wp-content\/uploads\/2019\/12\/Bernard-WERBER-2-1024x768.jpg","articleSection":["P\u00e9dagogie","Pour aller plus loin"],"inLanguage":"fr-FR","potentialAction":[{"@type":"CommentAction","name":"Comment","target":["https:\/\/www.saint-paul-angouleme.fr\/application\/rencontre-avec-bernard-werber\/#respond"]}]},{"@type":"WebPage","@id":"https:\/\/www.saint-paul-angouleme.fr\/application\/rencontre-avec-bernard-werber\/","url":"https:\/\/www.saint-paul-angouleme.fr\/application\/rencontre-avec-bernard-werber\/","name":"\"Angoul\u00eame se Livre\" 2019 : rencontre avec Bernard WERBER - Actualit\u00e9s","isPartOf":{"@id":"https:\/\/www.saint-paul-angouleme.fr\/application\/#website"},"primaryImageOfPage":{"@id":"https:\/\/www.saint-paul-angouleme.fr\/application\/rencontre-avec-bernard-werber\/#primaryimage"},"image":{"@id":"https:\/\/www.saint-paul-angouleme.fr\/application\/rencontre-avec-bernard-werber\/#primaryimage"},"thumbnailUrl":"https:\/\/www.saint-paul-angouleme.fr\/application\/wp-content\/uploads\/2019\/12\/Bernard-WERBER-2-1024x768.jpg","datePublished":"2019-12-03T11:20:40+00:00","dateModified":"2019-12-03T11:20:42+00:00","description":"Le vendredi 29 novembre 2019 nos \u00e9l\u00e8ves de TL ont rencontr\u00e9 Bernard WERBER dans le cadre du Festival \"Angoul\u00eame se Livre\".","breadcrumb":{"@id":"https:\/\/www.saint-paul-angouleme.fr\/application\/rencontre-avec-bernard-werber\/#breadcrumb"},"inLanguage":"fr-FR","potentialAction":[{"@type":"ReadAction","target":["https:\/\/www.saint-paul-angouleme.fr\/application\/rencontre-avec-bernard-werber\/"]}]},{"@type":"ImageObject","inLanguage":"fr-FR","@id":"https:\/\/www.saint-paul-angouleme.fr\/application\/rencontre-avec-bernard-werber\/#primaryimage","url":"https:\/\/www.saint-paul-angouleme.fr\/application\/wp-content\/uploads\/2019\/12\/Bernard-WERBER-2.jpg","contentUrl":"https:\/\/www.saint-paul-angouleme.fr\/application\/wp-content\/uploads\/2019\/12\/Bernard-WERBER-2.jpg","width":4608,"height":3456,"caption":"Rencontre avec Bernard WERBER"},{"@type":"BreadcrumbList","@id":"https:\/\/www.saint-paul-angouleme.fr\/application\/rencontre-avec-bernard-werber\/#breadcrumb","itemListElement":[{"@type":"ListItem","position":1,"name":"Accueil","item":"http:\/\/www.saint-paul-angouleme.fr\/application\/"},{"@type":"ListItem","position":2,"name":"&#8220;Angoul\u00eame se Livre&#8221; 2019 : rencontre avec Bernard WERBER"}]},{"@type":"WebSite","@id":"https:\/\/www.saint-paul-angouleme.fr\/application\/#website","url":"https:\/\/www.saint-paul-angouleme.fr\/application\/","name":"Actualit\u00e9s","description":"Actualit\u00e9s Saint Paul","publisher":{"@id":"https:\/\/www.saint-paul-angouleme.fr\/application\/#organization"},"potentialAction":[{"@type":"SearchAction","target":{"@type":"EntryPoint","urlTemplate":"https:\/\/www.saint-paul-angouleme.fr\/application\/?s={search_term_string}"},"query-input":"required name=search_term_string"}],"inLanguage":"fr-FR"},{"@type":"Organization","@id":"https:\/\/www.saint-paul-angouleme.fr\/application\/#organization","name":"Ensemble scolaire Saint-Paul","url":"https:\/\/www.saint-paul-angouleme.fr\/application\/","logo":{"@type":"ImageObject","inLanguage":"fr-FR","@id":"https:\/\/www.saint-paul-angouleme.fr\/application\/#\/schema\/logo\/image\/","url":"https:\/\/www.saint-paul-angouleme.fr\/application\/wp-content\/uploads\/2018\/08\/logo-saint-paul-couleurs.jpg","contentUrl":"https:\/\/www.saint-paul-angouleme.fr\/application\/wp-content\/uploads\/2018\/08\/logo-saint-paul-couleurs.jpg","width":1890,"height":709,"caption":"Ensemble scolaire Saint-Paul"},"image":{"@id":"https:\/\/www.saint-paul-angouleme.fr\/application\/#\/schema\/logo\/image\/"},"sameAs":["https:\/\/www.facebook.com\/SaintPaulAngouleme16\/","https:\/\/x.com\/StPaulAngoulem","https:\/\/www.youtube.com\/channel\/UCRLpz1CmPVqc0gn--YyXvjA?view_as=subscriber"]},{"@type":"Person","@id":"https:\/\/www.saint-paul-angouleme.fr\/application\/#\/schema\/person\/ea152930b1a3823659065827b1a5fb9b","name":"SAINT-PAUL","image":{"@type":"ImageObject","inLanguage":"fr-FR","@id":"https:\/\/www.saint-paul-angouleme.fr\/application\/#\/schema\/person\/image\/","url":"https:\/\/secure.gravatar.com\/avatar\/eadb0ffebc02683a61d69038eb2924f0?s=96&r=g","contentUrl":"https:\/\/secure.gravatar.com\/avatar\/eadb0ffebc02683a61d69038eb2924f0?s=96&r=g","caption":"SAINT-PAUL"},"url":"https:\/\/www.saint-paul-angouleme.fr\/application\/author\/myriam\/"}]}},"_links":{"self":[{"href":"https:\/\/www.saint-paul-angouleme.fr\/application\/wp-json\/wp\/v2\/posts\/4598"}],"collection":[{"href":"https:\/\/www.saint-paul-angouleme.fr\/application\/wp-json\/wp\/v2\/posts"}],"about":[{"href":"https:\/\/www.saint-paul-angouleme.fr\/application\/wp-json\/wp\/v2\/types\/post"}],"author":[{"embeddable":true,"href":"https:\/\/www.saint-paul-angouleme.fr\/application\/wp-json\/wp\/v2\/users\/3"}],"replies":[{"embeddable":true,"href":"https:\/\/www.saint-paul-angouleme.fr\/application\/wp-json\/wp\/v2\/comments?post=4598"}],"version-history":[{"count":3,"href":"https:\/\/www.saint-paul-angouleme.fr\/application\/wp-json\/wp\/v2\/posts\/4598\/revisions"}],"predecessor-version":[{"id":4604,"href":"https:\/\/www.saint-paul-angouleme.fr\/application\/wp-json\/wp\/v2\/posts\/4598\/revisions\/4604"}],"wp:attachment":[{"href":"https:\/\/www.saint-paul-angouleme.fr\/application\/wp-json\/wp\/v2\/media?parent=4598"}],"wp:term":[{"taxonomy":"category","embeddable":true,"href":"https:\/\/www.saint-paul-angouleme.fr\/application\/wp-json\/wp\/v2\/categories?post=4598"},{"taxonomy":"post_tag","embeddable":true,"href":"https:\/\/www.saint-paul-angouleme.fr\/application\/wp-json\/wp\/v2\/tags?post=4598"}],"curies":[{"name":"wp","href":"https:\/\/api.w.org\/{rel}","templated":true}]}}